{"id":15087,"date":"2015-10-10T09:30:16","date_gmt":"2015-10-10T09:30:16","guid":{"rendered":"http:\/\/monta\u00f1asdelaluna.com\/?p=15087"},"modified":"2021-07-06T08:38:56","modified_gmt":"2021-07-06T08:38:56","slug":"noticia-test-1","status":"publish","type":"post","link":"https:\/\/www.monta\u00f1asdelaluna.es\/?p=15087","title":{"rendered":"Nueva Web Monta\u00f1as de La Luna"},"content":{"rendered":"<p>Recientemente publicada MONTA\u00d1AS DE LA LUNA seguir\u00e1 durante un periodo indefinido publicando y a\u00f1adiendo Relatos y \u00c1lbumes de fotos de actividades realizadas en un pasado, desde el mismo comienzo de la andadura de J. Joaqu\u00edn Terr\u00e9s por recorrerse y subir monta\u00f1as. Muchos de ellos ser\u00e1n extra\u00eddos o rescatados de partes o a\u00f1os anteriores (gran parte desaparecidos) de la p\u00e1gina web del <a href=\"http:\/\/www.centroexcursionistaalmoradi.com\/\" target=\"_blank\" rel=\"noopener\">Centro Excursionista Almorad\u00ed<\/a>; y todos los publicados en <a href=\"http:\/\/joaquinterres.madteam.net\/\" target=\"_blank\" rel=\"noopener\">Un Alicantino por Monta\u00f1as Catalanas<\/a> y <a href=\"http:\/\/terres.madteam.net\/\" target=\"_blank\" rel=\"noopener\">Diarios en La Monta\u00f1a<\/a> pasar\u00e1n a publicarse aqu\u00ed de nuevo, dejando olvidados estos mencionados blogs. Otros ser\u00e1n relatos y fotos nuevas nunca publicados en medios de internet, rescatados de ese pasado y comienzo monta\u00f1ero.<\/p>\n<p>Sin olvidar la actualidad, las actividades y ascensiones realizadas en el a\u00f1o en curso con su relato y \u00e1lbum de fotos.<\/p>\n<div id=\"attachment_21958\" style=\"width: 740px\" class=\"wp-caption aligncenter\"><a class=\"dt-single-image\" href=\"http:\/\/monta\u00f1asdelaluna.com\/wp-content\/uploads\/2015\/07\/10373658_10202891770314070_453481235994075151_n.jpg\" data-dt-img-description=\"\"><img loading=\"lazy\" decoding=\"async\" aria-describedby=\"caption-attachment-21958\" class=\"wp-image-21958 \" src=\"http:\/\/monta\u00f1asdelaluna.com\/wp-content\/uploads\/2015\/07\/10373658_10202891770314070_453481235994075151_n.jpg\" alt=\"10373658_10202891770314070_453481235994075151_n\" width=\"730\" height=\"548\" srcset=\"https:\/\/www.monta\u00f1asdelaluna.es\/wp-content\/uploads\/2015\/07\/10373658_10202891770314070_453481235994075151_n.jpg 960w, https:\/\/www.monta\u00f1asdelaluna.es\/wp-content\/uploads\/2015\/07\/10373658_10202891770314070_453481235994075151_n-300x225.jpg 300w\" sizes=\"auto, (max-width: 730px) 100vw, 730px\" \/><\/a><p id=\"caption-attachment-21958\" class=\"wp-caption-text\">Admirando el macizo del Posets<\/p><\/div>\n","protected":false},"excerpt":{"rendered":"<p>Recientemente publicada MONTA\u00d1AS DE LA LUNA seguir\u00e1 durante un periodo indefinido publicando y a\u00f1adiendo Relatos y \u00c1lbumes de fotos de actividades realizadas en un pasado, desde el mismo comienzo de la andadura de J. Joaqu\u00edn Terr\u00e9s por recorrerse y subir monta\u00f1as. Muchos de ellos ser\u00e1n extra\u00eddos o rescatados de partes o a\u00f1os anteriores (gran parte&hellip;<\/p>\n","protected":false},"author":1,"featured_media":21958,"comment_status":"open","ping_status":"open","sticky":false,"template":"","format":"standard","meta":[],"categories":[58],"tags":[],"class_list":["post-15087","post","type-post","status-publish","format-standard","has-post-thumbnail","hentry","category-noticias","category-58","description-off"],"_links":{"self":[{"href":"https:\/\/www.monta\u00f1asdelaluna.es\/index.php?rest_route=\/wp\/v2\/posts\/15087","targetHints":{"allow":["GET"]}}],"collection":[{"href":"https:\/\/www.monta\u00f1asdelaluna.es\/index.php?rest_route=\/wp\/v2\/posts"}],"about":[{"href":"https:\/\/www.monta\u00f1asdelaluna.es\/index.php?rest_route=\/wp\/v2\/types\/post"}],"author":[{"embeddable":true,"href":"https:\/\/www.monta\u00f1asdelaluna.es\/index.php?rest_route=\/wp\/v2\/users\/1"}],"replies":[{"embeddable":true,"href":"https:\/\/www.monta\u00f1asdelaluna.es\/index.php?rest_route=%2Fwp%2Fv2%2Fcomments&post=15087"}],"version-history":[{"count":8,"href":"https:\/\/www.monta\u00f1asdelaluna.es\/index.php?rest_route=\/wp\/v2\/posts\/15087\/revisions"}],"predecessor-version":[{"id":47329,"href":"https:\/\/www.monta\u00f1asdelaluna.es\/index.php?rest_route=\/wp\/v2\/posts\/15087\/revisions\/47329"}],"wp:featuredmedia":[{"embeddable":true,"href":"https:\/\/www.monta\u00f1asdelaluna.es\/index.php?rest_route=\/wp\/v2\/media\/21958"}],"wp:attachment":[{"href":"https:\/\/www.monta\u00f1asdelaluna.es\/index.php?rest_route=%2Fwp%2Fv2%2Fmedia&parent=15087"}],"wp:term":[{"taxonomy":"category","embeddable":true,"href":"https:\/\/www.monta\u00f1asdelaluna.es\/index.php?rest_route=%2Fwp%2Fv2%2Fcategories&post=15087"},{"taxonomy":"post_tag","embeddable":true,"href":"https:\/\/www.monta\u00f1asdelaluna.es\/index.php?rest_route=%2Fwp%2Fv2%2Ftags&post=15087"}],"curies":[{"name":"wp","href":"https:\/\/api.w.org\/{rel}","templated":true}]}}