{"id":16144,"date":"2003-07-05T16:09:15","date_gmt":"2003-07-05T16:09:15","guid":{"rendered":"http:\/\/monta\u00f1asdelaluna.com\/?p=16144"},"modified":"2021-07-14T10:43:56","modified_gmt":"2021-07-14T10:43:56","slug":"elbrus-realizando-una-idea","status":"publish","type":"post","link":"https:\/\/www.monta\u00f1asdelaluna.es\/?p=16144","title":{"rendered":"Elbrus. Realizando una idea"},"content":{"rendered":"<p>[vc_row][vc_column][vc_column_text]Escrito a mediados del A\u00f1o 2.004:<\/p>\n<p>\u201cHace cinco a\u00f1os pensar en subir el Elbrus era una cosa tan lejana, imposible, especial y tan incre\u00edble que nunca hubiera pensado el resultado de una expedici\u00f3n al Caucaso, a Rusia. El mero hecho de ir a Rusia ya era una aut\u00e9ntica aventura, imag\u00ednate ir al Caucaso y subir la monta\u00f1a m\u00e1s alta de la cordillera y de Europa, el Elbrus.<\/p>\n<p>Despu\u00e9s del Mont Blanc el Elbrus se presentaba como otro Mont Blanc, era otro gran salto. Cambi\u00e1bamos de altitud de los cuatro mil a los cinco mil, de gran cordillera y casi de continente. No fue nada f\u00e1cil organizarlo y el resultado a veces pienso que no compensa el esfuerzo. Me refiero al viaje en s\u00ed. Supongo que en contra m\u00eda hab\u00eda muchas inquietudes, muchas comeduras de cabeza, muchos pensamientos y emociones entrecruzados&#8230;\u201d<\/p>\n<h3 style=\"text-align: center;\"><strong>REALIZANDO UNA IDEA.<\/strong><\/h3>\n<p>Antes de subir el Mont Blanc no se me hab\u00eda pasado por la cabeza el ir al Caucaso para subir el Elbrus. Se que Gonzalo Ruiz dijo que unos amigos del G.A.M. (Grupo Alicantino de Monta\u00f1ismo), Juan y Ra\u00fal entre otros, ese mismo a\u00f1o hab\u00edan realizado una expedici\u00f3n para subir el Elbrus y lo hab\u00edan conquistado con \u00e9xito. Es cierto que yo les dec\u00eda a mis compa\u00f1eros que antes de ir a Sudam\u00e9rica, a los Andes, hab\u00eda que conquistar las m\u00e1s altas cordilleras europeas, los Alpes y el Caucaso. Pero el lugar en donde se encontraba el Caucaso, el pa\u00eds, el idioma diferente, la subida al pico sin complicaciones&#8230; hac\u00eda que mis compa\u00f1eros prefieran dirigirse a los Andes antes que al Caucaso.<\/p>\n<div id=\"attachment_16152\" style=\"width: 645px\" class=\"wp-caption aligncenter\"><a class=\"dt-single-image\" href=\"https:\/\/www.monta\u00f1asdelaluna.es\/wp-content\/uploads\/2015\/08\/Albours.jpg\" data-dt-img-description=\"\"><img loading=\"lazy\" decoding=\"async\" aria-describedby=\"caption-attachment-16152\" class=\"wp-image-16152 size-full\" src=\"https:\/\/www.monta\u00f1asdelaluna.es\/wp-content\/uploads\/2015\/08\/Albours.jpg\" alt=\"Elbrus\" width=\"635\" height=\"455\" srcset=\"https:\/\/www.monta\u00f1asdelaluna.es\/wp-content\/uploads\/2015\/08\/Albours.jpg 635w, https:\/\/www.monta\u00f1asdelaluna.es\/wp-content\/uploads\/2015\/08\/Albours-300x215.jpg 300w\" sizes=\"auto, (max-width: 635px) 100vw, 635px\" \/><\/a><p id=\"caption-attachment-16152\" class=\"wp-caption-text\">Elbrus<\/p><\/div>\n<div id=\"attachment_16154\" style=\"width: 610px\" class=\"wp-caption aligncenter\"><a class=\"dt-single-image\" href=\"https:\/\/www.monta\u00f1asdelaluna.es\/wp-content\/uploads\/2015\/08\/dsc00488.jpg\" data-dt-img-description=\"\"><img loading=\"lazy\" decoding=\"async\" aria-describedby=\"caption-attachment-16154\" class=\"wp-image-16154 size-full\" src=\"https:\/\/www.monta\u00f1asdelaluna.es\/wp-content\/uploads\/2015\/08\/dsc00488.jpg\" alt=\"Elbrus\" width=\"600\" height=\"450\" srcset=\"https:\/\/www.monta\u00f1asdelaluna.es\/wp-content\/uploads\/2015\/08\/dsc00488.jpg 600w, https:\/\/www.monta\u00f1asdelaluna.es\/wp-content\/uploads\/2015\/08\/dsc00488-300x225.jpg 300w\" sizes=\"auto, (max-width: 600px) 100vw, 600px\" \/><\/a><p id=\"caption-attachment-16154\" class=\"wp-caption-text\">Elbrus<\/p><\/div>\n<p>Despu\u00e9s del \u00e9xito del Mont Blanc se me ocurri\u00f3 al poco tiempo el intentar el Elbrus; m\u00e1s altura, m\u00e1s lejos, diferente en muchos aspectos, desde luego era un salto mucho mayor que ir al Mont Blanc. Y empec\u00e9 a darle forma a dicha idea. Lo primero era comunic\u00e1rselo a mis grandes compa\u00f1eros y amigos Jes\u00fas Santana y Enrique Segura. Ambos se quedaron impresionados, sorprendidos&#8230; Jes\u00fas me pon\u00eda una cara como diciendo: \u201c\u00a1J\u00f3, t\u00edo, que bromista eres!\u201d y luego me preguntaba: \u201c\u00bfPero lo dices en serio?\u201d. Quique se re\u00eda con una clara pero no muy grande sonrisa en su boca y pensando: \u201cEste t\u00edo est\u00e1 loco\u201d. Pero poco a poco se fueron haciendo a la idea, crey\u00e9ndoselo y viendo que iba muy en serio. Ya en la boda de Antonio Santana (hermano de Jes\u00fas) en octubre del dos mil dos, todo el mundo sab\u00eda que al verano que viene \u00edbamos a Rusia a subir la monta\u00f1a m\u00e1s alta de Europa, el Elbrus.<\/p>\n<p>Seguramente no me lo hubiera planteado si no hubiera tenido la rese\u00f1a de los componentes del G.A.M., de ellos sacar\u00edamos la informaci\u00f3n de todo el viaje; como organizarlo, como ir por all\u00ed, donde ir&#8230;<\/p>\n<p>A partir de enero ya empezamos a organizarlo, encarg\u00e1ndonos cada uno de una funci\u00f3n para llevar a cabo el viaje, la expedici\u00f3n. Lo primero era entrevistarnos y hablar con Juan y su grupo del G.A.M. que hab\u00edan subido el Elbrus, as\u00ed pues nos reunimos con ellos en su sede en Alicante. Nos ense\u00f1aron fotos, nos dieron consejos, nos indicaron con que empresa hicieron los tr\u00e1mites para entrar a Rusia y tener los permisos para estar all\u00ed y subir al Elbrus. Era incre\u00edble todo lo que nos hac\u00eda falta para tenerlo todo en regla para ir a Rusia: visado, ovir, permiso fronterizo, invitaci\u00f3n desde el pa\u00eds y no s\u00e9 que m\u00e1s. Todo esto nos lo pod\u00eda hacer una empresa que \u00e9stos alicantinos contrataron para que les llevara todo este papeleo, lo billetes de avi\u00f3n, el hotel de Mosc\u00fa, y ya todo lo dem\u00e1s, lo restante lo ir\u00edan improvisando ellos seg\u00fan iban progresando en la expedici\u00f3n. Esta empresa se llamaba Pilgrim Tours, y que por internet podr\u00edamos contactar con ellos. Yo no pod\u00eda conectarme a internet as\u00ed que eso se lo dejamos a Quique.<\/p>\n<div id=\"attachment_16151\" style=\"width: 642px\" class=\"wp-caption aligncenter\"><a class=\"dt-single-image\" href=\"https:\/\/www.monta\u00f1asdelaluna.es\/wp-content\/uploads\/2015\/08\/632px-Caucasus-political_es.svg_.png\" data-dt-img-description=\"\"><img loading=\"lazy\" decoding=\"async\" aria-describedby=\"caption-attachment-16151\" class=\"wp-image-16151 size-full\" src=\"https:\/\/www.monta\u00f1asdelaluna.es\/wp-content\/uploads\/2015\/08\/632px-Caucasus-political_es.svg_.png\" alt=\"Regiones del Caucaso\" width=\"632\" height=\"599\" srcset=\"https:\/\/www.monta\u00f1asdelaluna.es\/wp-content\/uploads\/2015\/08\/632px-Caucasus-political_es.svg_.png 632w, https:\/\/www.monta\u00f1asdelaluna.es\/wp-content\/uploads\/2015\/08\/632px-Caucasus-political_es.svg_-300x284.png 300w\" sizes=\"auto, (max-width: 632px) 100vw, 632px\" \/><\/a><p id=\"caption-attachment-16151\" class=\"wp-caption-text\">Regiones del Caucaso<\/p><\/div>\n<p>Ya que pretend\u00edamos subir una monta\u00f1a de renombre, la cumbre m\u00e1s alta de Europa, una de \u201clas siete cumbres\u201d, la m\u00e1s alta del Caucaso, una cordillera ind\u00f3mita y legendaria que pocos espa\u00f1oles visitaban al a\u00f1o comparado con otras cordilleras del resto del mundo; pensamos buscar patrocinadores para subvencionarnos la expedici\u00f3n, y Jes\u00fas se encarg\u00f3 de realizar un magn\u00edfico proyecto que repartir\u00edamos entre las empresas que cre\u00edamos nos ayudar\u00edan. Pero cual fue nuestra desilusi\u00f3n al comprobar que ninguna empresa de Almorad\u00ed a la que visitamos nos ayud\u00f3; nada, ni una peque\u00f1a cantidad. Alegaban que estaban saturados por patrocinar y ayudar a tantos equipos y deportes que hay en Almorad\u00ed (cosa muy cierta). Pero, de todas formas, pienso que la gente de aqu\u00ed no entiende nuestras empresas, nuestras actividades&#8230; piensan (como tantos otros que no entienden, ni conocen el alpinismo) que vamos a viajar a \u201ctutti plei\u201d, de turismo, a gastarnos el dinero de los dem\u00e1s en un viaje de placer como si nos fu\u00e9ramos al Caribe o a hacer un crucero por el Mediterr\u00e1neo&#8230; nada m\u00e1s lejos de la realidad \u00bfQu\u00e9 tipo de turismo se puede hacer en Pakist\u00e1n (inundado de pobreza, terroristas y de las guerras del Cachemira, que es donde se encuentra el Karakorum) en Rusia (en el Caucaso entre CHechenia y Georgia, y en las mismas condiciones que Pakist\u00e1n y tantos otros&#8230;) Bolivia, Per\u00fa&#8230;? cuando tambi\u00e9n la actividad se lleva a cabo en un lugar inh\u00f3spito, helado, alejado de cualquier comodidad terrenal, que para llegar y permanecer en ellos, no solamente hace falta un excelente estado f\u00edsico, si no tambi\u00e9n mental, muy buen estado mental y que a\u00fan as\u00ed no es sin\u00f3nimo de \u00e9xito. Incluso en la mayor\u00eda de las veces peligroso, vertiginoso, imposible y como \u201cde locos\u201d&#8230; \u00bfen que otros deportes o aficiones te llegas a jugar tanto la vida y es condici\u00f3n imprescindible la suerte como en el alpinismo de altura? No le estoy quitando m\u00e9rito a otros deportes, nada de eso. El Alpinismo es diferente a todos ellos, es m\u00e1s que un deporte, es una pasi\u00f3n, una forma de vivir que verdaderamente no se le da el reconocimiento que se le deber\u00eda de dar; por esto y por otras e incre\u00edblemente numerosas cosas que rodean al monta\u00f1ismo, a la monta\u00f1a: educaci\u00f3n, naturaleza, cultura, amistad, paz, naciones, pueblos, historia, gentes, pasiones&#8230; y otras y muchas cosas que si nos paramos a pensar, a estudiar y a buscar, encontramos que la historia del hombre desde que es hombre ha ido entorno a cordilleras, montes y pliegues orog\u00e9nicos; as\u00ed como a valles, depresiones&#8230; sin que el propio hombre fuera consciente de ello. Bueno, creo que ha quedado claro \u00bfNo? No quiero extenderme en este tema por que podr\u00eda escribir un libro entero sobre ello.<\/p>\n<p>Muy mal por parte de las empresas No colaboradoras. Ojal\u00e1 alg\u00fan d\u00eda entiendan lo que hacemos y el tipo de \u201cpersonas\u201d que somos y alg\u00fan d\u00eda puedan exclamar: \u201c\u00a1Joder! Os vais a subir el Elbrus\/ Aconcagua\/ Mont Blanc\/ Illimani\/ Huascar\u00e1n\/ Mc Kinley\/ Kilimanjaro\/ Kenya\/ Toubkal\/ K 2\/ Karstenz\/ Cervino\/ Everest\/ Makalu\/ Annapurna\/ Dhaulagiri\/ Gasherbrum&#8230; (Y tantos y tantos otros) es incre\u00edble, ojal\u00e1 fuera como vosotros, \u201ch\u00e9roes de las alturas\u201d, y tuviera el valor, la fuerza, el conocimiento y la apacibilidad que ten\u00e9is\u201d. (Es un sue\u00f1o imposible \u00bfNo?).<\/p>\n<div id=\"attachment_16157\" style=\"width: 760px\" class=\"wp-caption aligncenter\"><a class=\"dt-single-image\" href=\"https:\/\/www.monta\u00f1asdelaluna.es\/wp-content\/uploads\/2015\/08\/Kaukasus.b..jpg\" data-dt-img-description=\"\"><img loading=\"lazy\" decoding=\"async\" aria-describedby=\"caption-attachment-16157\" class=\"wp-image-16157 size-full\" src=\"https:\/\/www.monta\u00f1asdelaluna.es\/wp-content\/uploads\/2015\/08\/Kaukasus.b..jpg\" alt=\"Cordillera del Caucaso\" width=\"750\" height=\"580\" srcset=\"https:\/\/www.monta\u00f1asdelaluna.es\/wp-content\/uploads\/2015\/08\/Kaukasus.b..jpg 750w, https:\/\/www.monta\u00f1asdelaluna.es\/wp-content\/uploads\/2015\/08\/Kaukasus.b.-300x232.jpg 300w\" sizes=\"auto, (max-width: 750px) 100vw, 750px\" \/><\/a><p id=\"caption-attachment-16157\" class=\"wp-caption-text\">Cordillera del Caucaso<\/p><\/div>\n<div id=\"attachment_16149\" style=\"width: 766px\" class=\"wp-caption aligncenter\"><a class=\"dt-single-image\" href=\"https:\/\/www.monta\u00f1asdelaluna.es\/wp-content\/uploads\/2015\/08\/NEO_elbrus_big.b.jpg\" data-dt-img-description=\"\"><img loading=\"lazy\" decoding=\"async\" aria-describedby=\"caption-attachment-16149\" class=\"wp-image-16149 size-full\" src=\"https:\/\/www.monta\u00f1asdelaluna.es\/wp-content\/uploads\/2015\/08\/NEO_elbrus_big.b.jpg\" alt=\"El Elbrus en el Caucaso\" width=\"756\" height=\"726\" srcset=\"https:\/\/www.monta\u00f1asdelaluna.es\/wp-content\/uploads\/2015\/08\/NEO_elbrus_big.b.jpg 756w, https:\/\/www.monta\u00f1asdelaluna.es\/wp-content\/uploads\/2015\/08\/NEO_elbrus_big.b-300x288.jpg 300w\" sizes=\"auto, (max-width: 756px) 100vw, 756px\" \/><\/a><p id=\"caption-attachment-16149\" class=\"wp-caption-text\">El Elbrus en el Caucaso<\/p><\/div>\n<p>Todo se iba desarrollando normalmente pero al ver que Quique no ten\u00eda progresos sobre Pilgrim Tours, me decid\u00ed (que de todas formas hab\u00eda que hacerlo) a contactar con una agencia de viajes para contratar los vuelos: Alicante-Mosc\u00fa (charter) y Mosc\u00fa-Mineralnye Vody (Regular) ida y vuelta. Los hoteles en Mosc\u00fa y en Baksan y poco m\u00e1s. Al final me decant\u00e9 por Viajes Ecuador, con Jos\u00e9 Antonio y To\u00f1i que, sin duda, sin su imprescindible y crucial ayuda nunca hubi\u00e9ramos podido realizar esta expedici\u00f3n. Desde estas l\u00edneas, much\u00edsimas gracias.<\/p>\n<p>En Semana Santa de ese a\u00f1o Jes\u00fas And\u00fajar se vino a un viaje que realizamos a los Pirineos a subir el Perdiguero (3.222 mts.) y hacer varias actividades por el Valle de Benasque con el Centro Excursionista Almorad\u00ed. \u00c9ste se entero de lo que est\u00e1bamos preparando y al poco tiempo me pregunt\u00f3 si se pod\u00eda apuntar a la expedici\u00f3n. Algo confundido y sorprendido ya que me hab\u00eda hecho a la idea (y supongo que Quique y Jes\u00fas Santana tambi\u00e9n) de ir solamente tres personas, no me lo pens\u00e9 y en nombre de todos acept\u00e9 el que se viniera con nosotros. Desde entonces toda comunicaci\u00f3n de requisitos (visado, pasaporte, dinero, reservas, preparativos, papeleo&#8230;) lo har\u00edamos a distancia ya que \u00e9l se fue a Inglaterra (ya que trabajaba all\u00ed) y solo volver\u00eda en julio para venirse al viaje. Todos los tr\u00e1mites, preparativos y condiciones del viaje lo llev\u00e1bamos entre To\u00f1i de Viajes Ecuador de Almorad\u00ed y yo.<\/p>\n<p>Cerca de mayo (\u201cnos pillaba el toro\u201d) desistimos de buscar a Pilgrim Tours y despu\u00e9s de reuniones con los alicantinos del G.A.M. intentamos hacerlo por nuestra cuenta junto con Viajes Ecuador (que nunca hab\u00edan preparado un viaje de estas caracter\u00edsticas). Los acontecimientos posteriores fueron fren\u00e9ticos y desesperanzadores ya que To\u00f1i no consegu\u00eda contactar con hoteles de Mosc\u00fa ni de Baksan, era muy dif\u00edcil sobre todo en este \u00faltimo sitio que apenas exist\u00eda\u00a0 para las Agencias de Viajes tur\u00edsticas. To\u00f1i no comprend\u00eda la paz y tranquilidad que yo respiraba cuando quedaba menos de un mes para irnos y faltaban muchas cosas por resolver y ella estaba de los nervios y desesperada al ver que no se resolv\u00eda nada. Eso a ella le infund\u00f3 tranquilidad y sosiego para poder seguir adelante en paz y armon\u00eda (cosa esencial para resolver los problemas y llevar a buen t\u00e9rmino el viaje).<\/p>\n<div id=\"attachment_16156\" style=\"width: 650px\" class=\"wp-caption aligncenter\"><a class=\"dt-single-image\" href=\"https:\/\/www.monta\u00f1asdelaluna.es\/wp-content\/uploads\/2015\/08\/IMGP01791.jpg\" data-dt-img-description=\"\"><img loading=\"lazy\" decoding=\"async\" aria-describedby=\"caption-attachment-16156\" class=\"wp-image-16156 size-full\" src=\"https:\/\/www.monta\u00f1asdelaluna.es\/wp-content\/uploads\/2015\/08\/IMGP01791.jpg\" alt=\"Elbrus\" width=\"640\" height=\"480\" srcset=\"https:\/\/www.monta\u00f1asdelaluna.es\/wp-content\/uploads\/2015\/08\/IMGP01791.jpg 640w, https:\/\/www.monta\u00f1asdelaluna.es\/wp-content\/uploads\/2015\/08\/IMGP01791-300x225.jpg 300w\" sizes=\"auto, (max-width: 640px) 100vw, 640px\" \/><\/a><p id=\"caption-attachment-16156\" class=\"wp-caption-text\">Elbrus<\/p><\/div>\n<p>Dos semanas antes de la salida de avi\u00f3n contratado a Mosc\u00fa, To\u00f1i contact\u00f3 con Arag\u00f3n Aventura que nos proporcionaba lo siguiente: visado, invitaci\u00f3n (tr\u00e1mites, papeleo burocr\u00e1tico para poder entrar en Rusia), estancias, transportes, gu\u00edas, actividades, refugios, v\u00edveres&#8230; (Todo o casi todo). Nosotros prefer\u00edamos ir por nuestra cuenta, sin ayuda de ninguna empresa para realizar la actividad, igual que fueron Juan y Ra\u00fal del G.A.M. un a\u00f1o antes. Tan aventureros y ahorrativos como siempre (al final te gastas una \u201cpasta gansa\u201d en quince d\u00edas y su tu econom\u00eda es modesta o baja es algo que no te puedes permitir todos los a\u00f1os, o simplemente no puedes permit\u00edrtelo, por ello intentamos economizar al m\u00e1ximo, dentro de lo normal en un aventurero y a veces \u201cturista\u201d, los viajes a las monta\u00f1as. Es un deporte\/pasi\u00f3n caro que debemos planear con todos los detalles, hasta el m\u00e1s peque\u00f1o, contando con el m\u00ednimo gasto posible. Aunque eso es algo dif\u00edcil de conseguir ya que comodidad\/lujo es incompatible con barato econ\u00f3mico). Por ello solo les explicamos que quer\u00edamos una parte de lo que nos ofrec\u00edan, el resto ya lo har\u00edamos nosotros.<\/p>\n<p>No era posible. O cog\u00edamos el paquete completo o no nos facilitaban el resto&#8230; quedaban pocos d\u00edas para el vuelo, no nos quedaba otra salida, o si no, no hubi\u00e9ramos partido y realizado la expedici\u00f3n \u00bfQu\u00e9 iba a hacer? No nos quedaba alternativa. Si quer\u00edamos ir a Rusia lo ten\u00edamos que hacer con las condiciones de Arag\u00f3n Aventura, y sin consultarlo a los dem\u00e1s expedicionarios, acept\u00e9. Despu\u00e9s se lo comuniqu\u00e9 al resto de la expedici\u00f3n que aceptaron resignados. Bueno. Al menos el viaje estaba asegurado aunque tuvi\u00e9ramos que gastarnos m\u00e1s dinero de lo pensado. Hasta el \u00faltimo momento Quique se ve\u00eda apurado por el dinero y con el trabajo, no sab\u00eda si le iban a dar las vacaciones para esas fechas. Jes\u00fas Santana no puso reparo en las fechas y con el dinero, bueno, pensando que nos gastar\u00edamos m\u00e1s de lo previsto, la econom\u00eda lo sufre, el bolsillo lo nota y lo lamenta. Jes\u00fas And\u00fajar, casi como era un agregado a la expedici\u00f3n, no se quejaba en ninguno de los tr\u00e1mites, costes&#8230; ya que se lo hac\u00edamos todo desde aqu\u00ed; \u00e9l no ten\u00eda que hacer nada. Todo lo contrario, muy agradecido por el trabajo que realiz\u00e1bamos, que organic\u00e9 y realic\u00e9 en nombre de todos y para todos. Yo, que puedo decir, econ\u00f3micamente me pill\u00f3 de \u201csusto\u201d y hasta m\u00e1s de medio a\u00f1o despu\u00e9s no termin\u00e9 de pagar realmente la expedici\u00f3n.<\/p>\n<p>El material que \u00edbamos a llevar era el t\u00edpico de alta monta\u00f1a. Incluso nos llevamos tornillos, cuerdas y alg\u00fan piolet t\u00e9cnico as\u00ed como cintas, mosquetones y ochos por si hac\u00edamos alguna escalada, traves\u00eda en hielo para entrenarnos o entretenernos. Tambi\u00e9n tiendas de altura, hornillos y todo lo necesario para ser autosuficientes e independientes en la alta monta\u00f1a. Todo esto por si acaso, dec\u00eda yo, por si nos daba un d\u00eda por dejar al gu\u00eda y hacer un recorrido o una monta\u00f1a o una aclimataci\u00f3n glaciar por nuestra cuenta y quisi\u00e9ramos hacer noche por ah\u00ed arriba. En la aventura y grandeza del Caucaso.<\/p>\n<div id=\"attachment_16153\" style=\"width: 765px\" class=\"wp-caption aligncenter\"><a class=\"dt-single-image\" href=\"https:\/\/www.monta\u00f1asdelaluna.es\/wp-content\/uploads\/2015\/08\/Arkhyz.b.jpg\" data-dt-img-description=\"\"><img loading=\"lazy\" decoding=\"async\" aria-describedby=\"caption-attachment-16153\" class=\"wp-image-16153 size-full\" src=\"https:\/\/www.monta\u00f1asdelaluna.es\/wp-content\/uploads\/2015\/08\/Arkhyz.b.jpg\" alt=\"Cordillera del Caucaso\" width=\"755\" height=\"407\" srcset=\"https:\/\/www.monta\u00f1asdelaluna.es\/wp-content\/uploads\/2015\/08\/Arkhyz.b.jpg 755w, https:\/\/www.monta\u00f1asdelaluna.es\/wp-content\/uploads\/2015\/08\/Arkhyz.b-300x162.jpg 300w\" sizes=\"auto, (max-width: 755px) 100vw, 755px\" \/><\/a><p id=\"caption-attachment-16153\" class=\"wp-caption-text\">Cordillera del Caucaso<\/p><\/div>\n<div id=\"attachment_16150\" style=\"width: 910px\" class=\"wp-caption aligncenter\"><a class=\"dt-single-image\" href=\"https:\/\/www.monta\u00f1asdelaluna.es\/wp-content\/uploads\/2015\/08\/03.jpg\" data-dt-img-description=\"Sierra Exif JPEG\"><img loading=\"lazy\" decoding=\"async\" aria-describedby=\"caption-attachment-16150\" class=\"wp-image-16150 size-full\" src=\"https:\/\/www.monta\u00f1asdelaluna.es\/wp-content\/uploads\/2015\/08\/03.jpg\" alt=\"Cordillera del Caucaso\" width=\"900\" height=\"675\" srcset=\"https:\/\/www.monta\u00f1asdelaluna.es\/wp-content\/uploads\/2015\/08\/03.jpg 900w, https:\/\/www.monta\u00f1asdelaluna.es\/wp-content\/uploads\/2015\/08\/03-300x225.jpg 300w\" sizes=\"auto, (max-width: 900px) 100vw, 900px\" \/><\/a><p id=\"caption-attachment-16150\" class=\"wp-caption-text\">Cordillera del Caucaso<\/p><\/div>\n<p>Si algo le define a un monta\u00f1ero es por la libertad que siente en la monta\u00f1a, sin horarios, sin obligaciones, sin desesperaciones&#8230; solo t\u00fa y la monta\u00f1a, y un acuerdo mutuo para el motivo com\u00fan de conquistarla; en el l\u00edmite del mundo normal y civilizado, (a veces) en el l\u00edmite de tus posibilidades y en el l\u00edmite de las posibilidades naturales, capacidad natural de supervivencia de tu cuerpo. Cuando realmente sientes y descubres estas experiencias, es cuando realmente descubres que est\u00e1s vivo y que est\u00e1s en otro mundo, en otro planeta, invadiendo las fronteras del territorio sagrado y prohibido del mayor de los altares que la Naturaleza le rinde al Dios del Universo. Es como traquear en la puerta de la Morada de los Dioses, donde solo eres un \u201chumano\u201d, mortal ante un Universo imperecedero, infinito y perpetuo.<\/p>\n<p>\u00bfQu\u00e9 puedo decir del Elbrus y del Caucaso? Desde luego no es como el Mont Blanc que estaba diez a\u00f1os oyendo hablar de \u00e9l y, como aquel dice, es m\u00e1s cercano y nuestro que esta desconocida e ind\u00f3mita cordillera. Mis compa\u00f1eros del Centro Excursionista Almorad\u00ed no conoc\u00edan nada de ella; lo \u00fanico que sab\u00edamos era por viajes sacados de internet (uno o dos), libros (las siete cumbres, Grandes monta\u00f1as de Europa&#8230;) y por lo que Juan del G.A.M. nos contaba de su viaje del a\u00f1o anterior. Juan, como yo, pens\u00e1bamos que lo suyo, antes de cruzar el \u201ccharco\u201d y dirigirse a los Andes, era conquistar las grandes cordilleras de Europa, despu\u00e9s de Alpes, el Caucaso. Nos familiarizamos con pocos aspectos y orograf\u00eda cauc\u00e1sica, sobre todo los famosos y georgianos Ushb\u00e1 de unos cuatro mil setecientos metros, y con una monta\u00f1a cercana al Elbrus, en el mismo Valle de Baksan que en su cara norte los seracs y glaciares le daban una forma de gigantesca equis (all\u00ed suponemos que \u00e9ste era el Donguzorum, de unos cuatro mil quinientos metros, que ni Juan ni Ra\u00fal se acordaban de su nombre). El resto de los cinco miles y numerosos cuatro miles del Caucaso as\u00ed como su grandeza, magnitud y forma, los desconoc\u00edamos por completo. \u00c9ramos como legendarios exploradores del siglo pasado que ven\u00edamos a descubrir un nuevo mundo que, monta\u00f1eramente hablando, no nos defraud\u00f3 lo m\u00e1s m\u00ednimo. Desde luego sus altas, esbeltas y puntiagudas monta\u00f1as, macizos superpuestos en la distancia con una discontinuidad solamente labrada por largos valles, cargados de extensos glaciares y nieves perpetuas que le dan un aspecto \u201chimalayesco\u201d a esta cordillera. Incluso contempl\u00e1ndola en un descanso en la subida al Elbrus y al compararla con Alpes pens\u00e9 que el Caucaso era m\u00e1s espectacular que esta cordillera, sobre todo por la gran continuidad de todos los macizos (altos y menos altos) que estaban muy cercanos unos de otros, solamente separados por largos pero no demasiado anchos valles. Al contrario, los macizos m\u00e1s altos de Alpes se encuentran muy alejados unos de otros (el del Mont Blanc, Alpes Berneses y Peninos) y separados por, a veces, gigantescos valles o depresiones intermonta\u00f1osas (Valle de Aosta, Valais&#8230;). Aunque desde luego \u201cgrandes pilares\u201d como los Dru, el perfil del Cervino elegante y bello, y la terror\u00edfica y respetable cara norte del Eiger, entre otros, es algo que no tiene el Caucaso&#8230; En definitiva es bella, gigantesca y merece la pena m\u00e1s de una visita a esta legendaria cordillera, frontera de continentes, climas, pueblos y culturas.<\/p>\n<div id=\"attachment_16155\" style=\"width: 1610px\" class=\"wp-caption aligncenter\"><a class=\"dt-single-image\" href=\"https:\/\/www.monta\u00f1asdelaluna.es\/wp-content\/uploads\/2015\/08\/elbruskarach.jpg\" data-dt-img-description=\"OLYMPUS DIGITAL CAMERA\"><img loading=\"lazy\" decoding=\"async\" aria-describedby=\"caption-attachment-16155\" class=\"wp-image-16155 size-full\" src=\"https:\/\/www.monta\u00f1asdelaluna.es\/wp-content\/uploads\/2015\/08\/elbruskarach.jpg\" alt=\"Elbrus\" width=\"1600\" height=\"1200\" srcset=\"https:\/\/www.monta\u00f1asdelaluna.es\/wp-content\/uploads\/2015\/08\/elbruskarach.jpg 1600w, https:\/\/www.monta\u00f1asdelaluna.es\/wp-content\/uploads\/2015\/08\/elbruskarach-300x225.jpg 300w, https:\/\/www.monta\u00f1asdelaluna.es\/wp-content\/uploads\/2015\/08\/elbruskarach-1024x768.jpg 1024w\" sizes=\"auto, (max-width: 1600px) 100vw, 1600px\" \/><\/a><p id=\"caption-attachment-16155\" class=\"wp-caption-text\">Elbrus<\/p><\/div>\n<p>Una vez arreglados todos los tr\u00e1mites burocr\u00e1ticos, permisos, material, contactos&#8230; y cuando nos llegaron pocos d\u00edas antes los visados (casi \u201cpor los pelos\u201d), emprendimos la, hasta ahora, mayor expedici\u00f3n y empresa monta\u00f1era que ninguno de nosotros hab\u00edamos vivido nunca.<\/p>\n<p>Para relataros el viaje he copiado el diario de viaje que Jes\u00fas Santana escribi\u00f3 en el mismo momento de acontecerse. Que me disculpe Jes\u00fas Santana y los lectores si me equivoco en algo o interpreto alguna palabra, frase o an\u00e9cdota mal y distinta al significado que Jes\u00fas le quer\u00eda dar. Mi intenci\u00f3n es copiar literalmente lo escrito y expresar el mismo significado que Jes\u00fas Santana le quiso dar&#8230; <span style=\"color: #000080;\">Su escrito aparecer\u00e1 en azul.<\/span>..[vc_separator][\/vc_column_text][\/vc_column][\/vc_row][vc_row][vc_column][vc_empty_space][\/vc_column][\/vc_row][vc_row][vc_column width=\u00bb1\/4&#8243;][\/vc_column][vc_column width=\u00bb1\/2&#8243;][vc_btn title=\u00bbEl Elbrus en 3D\u00bb color=\u00bbwarning\u00bb align=\u00bbcenter\u00bb button_block=\u00bbtrue\u00bb link=\u00bburl:http%3A%2F%2Fupload.wikimedia.org%2Fwikipedia%2Fcommons%2Fe%2Fe5%2FElbrus_3D_version_1.gif||target:%20_blank\u00bb][\/vc_column][vc_column width=\u00bb1\/4&#8243;][\/vc_column][\/vc_row][vc_row][vc_column][vc_empty_space][\/vc_column][\/vc_row]<\/p>\n","protected":false},"excerpt":{"rendered":"<p>[vc_row][vc_column][vc_column_text]Escrito a mediados del A\u00f1o 2.004: \u201cHace cinco a\u00f1os pensar en subir el Elbrus era una cosa tan lejana, imposible, especial y tan incre\u00edble que nunca hubiera pensado el resultado de una expedici\u00f3n al Caucaso, a Rusia. El mero hecho de ir a Rusia ya era una aut\u00e9ntica aventura, imag\u00ednate ir al Caucaso y subir&hellip;<\/p>\n","protected":false},"author":1,"featured_media":16155,"comment_status":"open","ping_status":"open","sticky":false,"template":"","format":"standard","meta":[],"categories":[36],"tags":[],"class_list":["post-16144","post","type-post","status-publish","format-standard","has-post-thumbnail","hentry","category-caucaso","category-36","description-off"],"_links":{"self":[{"href":"https:\/\/www.monta\u00f1asdelaluna.es\/index.php?rest_route=\/wp\/v2\/posts\/16144","targetHints":{"allow":["GET"]}}],"collection":[{"href":"https:\/\/www.monta\u00f1asdelaluna.es\/index.php?rest_route=\/wp\/v2\/posts"}],"about":[{"href":"https:\/\/www.monta\u00f1asdelaluna.es\/index.php?rest_route=\/wp\/v2\/types\/post"}],"author":[{"embeddable":true,"href":"https:\/\/www.monta\u00f1asdelaluna.es\/index.php?rest_route=\/wp\/v2\/users\/1"}],"replies":[{"embeddable":true,"href":"https:\/\/www.monta\u00f1asdelaluna.es\/index.php?rest_route=%2Fwp%2Fv2%2Fcomments&post=16144"}],"version-history":[{"count":32,"href":"https:\/\/www.monta\u00f1asdelaluna.es\/index.php?rest_route=\/wp\/v2\/posts\/16144\/revisions"}],"predecessor-version":[{"id":49911,"href":"https:\/\/www.monta\u00f1asdelaluna.es\/index.php?rest_route=\/wp\/v2\/posts\/16144\/revisions\/49911"}],"wp:featuredmedia":[{"embeddable":true,"href":"https:\/\/www.monta\u00f1asdelaluna.es\/index.php?rest_route=\/wp\/v2\/media\/16155"}],"wp:attachment":[{"href":"https:\/\/www.monta\u00f1asdelaluna.es\/index.php?rest_route=%2Fwp%2Fv2%2Fmedia&parent=16144"}],"wp:term":[{"taxonomy":"category","embeddable":true,"href":"https:\/\/www.monta\u00f1asdelaluna.es\/index.php?rest_route=%2Fwp%2Fv2%2Fcategories&post=16144"},{"taxonomy":"post_tag","embeddable":true,"href":"https:\/\/www.monta\u00f1asdelaluna.es\/index.php?rest_route=%2Fwp%2Fv2%2Ftags&post=16144"}],"curies":[{"name":"wp","href":"https:\/\/api.w.org\/{rel}","templated":true}]}}