{"id":16297,"date":"2011-02-20T09:03:57","date_gmt":"2011-02-20T09:03:57","guid":{"rendered":"http:\/\/monta\u00f1asdelaluna.com\/?p=16297"},"modified":"2021-08-04T06:26:50","modified_gmt":"2021-08-04T06:26:50","slug":"collsereola-el-pulmon-de-barcelona","status":"publish","type":"post","link":"https:\/\/www.monta\u00f1asdelaluna.es\/?p=16297","title":{"rendered":"Collserola. El pulm\u00f3n de Barcelona"},"content":{"rendered":"<p>[vc_row][vc_column][vc_column_text]Viviendo en Barcelona no encontraba el fin de semana id\u00f3neo para acercarme a su famosa e inhiesta Sierra de Collserola. Famosa por albergar su pico y cumbre m\u00e1s alta llamada como el parque de atracciones, o mejor dicho al rev\u00e9s, el Tibidabo de 512 mts. y por formar frontera entre la propia ciudad y el resto, casi, del mundo. Pensar en una sierra o lugar tan cercano a una ciudad como Barcelona y en la provincia m\u00e1s poblada de Espa\u00f1a, puede dar lugar a que debe de estar saturada de casas, urbanizaciones, antenas, instalaciones, construcciones, \u201cdeshechos de ciudad\u201d&#8230; y cual fue mi sorpresa que, todo lo contrario; ciertamente est\u00e1 acorralada por urbe en todos sus flancos, de antenas gigantescas y construcciones, y de peligrosas actuaciones del hombre, pero, adentr\u00e1ndote en ella descubres una vegetaci\u00f3n, lugares y rincones frondosos, cuidados, encantadores y bellos.<\/p>\n<p>Mirando en internet, esa gran red de informaci\u00f3n y desinformaci\u00f3n, descubr\u00ed una ruta que cierto monta\u00f1ero hizo por el coraz\u00f3n de Collserola y que titul\u00f3 como la zona m\u00e1s frondosa y verde de Collserola. Otra cosa que me sorprendi\u00f3 fue que hab\u00eda hecho la ruta acerc\u00e1ndose y volvi\u00e9ndose con transporte p\u00fablico (metro y tren de cercan\u00edas); y me gust\u00f3 la idea de, aparte de disfrutar de la monta\u00f1a, cuidemos un poquito m\u00e1s la Tierra contaminando menos. Aunque lo que me echaba para atr\u00e1s era por los sitios que pasaba, algunos sin se\u00f1alizar&#8230; no lo ve\u00eda demasiado claro para alguien que nunca hab\u00eda estado en el lugar, pero bueno, la aventura es la aventura.<\/p>\n<p>Tambi\u00e9n me inform\u00e9 en la Biblioteca de la Sagrada Familia, cogiendo un libro de rutas por el Parque Natural de Collserola (del mismo editor que la gu\u00eda del Montseny), y un mapa del lugar, para intentar tener alternativas a la ruta de \u00e9ste amigo cibern\u00e9tico, por si acaso.<\/p>\n<div id=\"attachment_16224\" style=\"width: 761px\" class=\"wp-caption aligncenter\"><a class=\"dt-single-image\" href=\"https:\/\/www.monta\u00f1asdelaluna.es\/wp-content\/uploads\/2015\/08\/Collsrola.-20-02-11-014.jpg\" data-dt-img-description=\"\"><img loading=\"lazy\" decoding=\"async\" aria-describedby=\"caption-attachment-16224\" class=\"wp-image-16224 size-full\" src=\"https:\/\/www.monta\u00f1asdelaluna.es\/wp-content\/uploads\/2015\/08\/Collsrola.-20-02-11-014.jpg\" alt=\"Entrando en Collserola\" width=\"751\" height=\"563\" srcset=\"https:\/\/www.monta\u00f1asdelaluna.es\/wp-content\/uploads\/2015\/08\/Collsrola.-20-02-11-014.jpg 751w, https:\/\/www.monta\u00f1asdelaluna.es\/wp-content\/uploads\/2015\/08\/Collsrola.-20-02-11-014-300x225.jpg 300w\" sizes=\"auto, (max-width: 751px) 100vw, 751px\" \/><\/a><p id=\"caption-attachment-16224\" class=\"wp-caption-text\">Entrando en Collserola<\/p><\/div>\n<div id=\"attachment_16225\" style=\"width: 573px\" class=\"wp-caption aligncenter\"><a class=\"dt-single-image\" href=\"https:\/\/www.monta\u00f1asdelaluna.es\/wp-content\/uploads\/2015\/08\/Collsrola.-20-02-11-017.jpg\" data-dt-img-description=\"\"><img loading=\"lazy\" decoding=\"async\" aria-describedby=\"caption-attachment-16225\" class=\"wp-image-16225 size-full\" src=\"https:\/\/www.monta\u00f1asdelaluna.es\/wp-content\/uploads\/2015\/08\/Collsrola.-20-02-11-017.jpg\" alt=\"Entrando en Collserola\" width=\"563\" height=\"751\" srcset=\"https:\/\/www.monta\u00f1asdelaluna.es\/wp-content\/uploads\/2015\/08\/Collsrola.-20-02-11-017.jpg 563w, https:\/\/www.monta\u00f1asdelaluna.es\/wp-content\/uploads\/2015\/08\/Collsrola.-20-02-11-017-225x300.jpg 225w\" sizes=\"auto, (max-width: 563px) 100vw, 563px\" \/><\/a><p id=\"caption-attachment-16225\" class=\"wp-caption-text\">Entrando en Collserola<\/p><\/div>\n<p>Con lo cual, Anna y yo, salimos el domingo 20 de febrero del presente desde la estaci\u00f3n de metro de La Sagrada Familia, hasta la de Montbau, a los pies de Collserola. Al principio me perd\u00eda m\u00e1s entre las calles y edificios de salida de Barcelona que en las propias laderas de la sierra; saliendo de la parada de metro casi en la misma puerta del hospital de Vall d\u2019Hebr\u00f3n. Pero pronto encontramos el Carrer de l\u2019Harmonia, y dirigi\u00e9ndonos hacia arriba hacia la sierra, entramos enseguida, entre altos y cuidados \u00e1rboles, en el bello y emblem\u00e1tico Parque Natural de Collserola.<\/p>\n<p>La ruta saldr\u00eda del Barrio de Montbau (con su parada de metro) y terminar\u00eda en Cerdanyola del Vall\u00e8s, en su estaci\u00f3n de cercan\u00edas de tren; pasando por Can Cerd\u00e0 y subiendo al Tur\u00f3 del Matall de Margarola o Tur\u00f3 de La Magarola, uno de los puntos m\u00e1s altos de la sierra por estos contornos.<\/p>\n<p>Seguimos por el camino y en direcci\u00f3n a Sant Cebri\u00e0, Font de La LLet&#8230; seg\u00fan el primer cartel indicador. El espacio parec\u00eda cuidado, verde y frondoso, y as\u00ed lo fuimos confirmando a medida que nos intern\u00e1bamos en la misma sierra. La pista pasaba junto a grandes sureres y zonas recreativas advertidas por los gritos de los domingueros. Llegamos a un cruce. Hay que seguir hac\u00eda arriba, por la pista de enfrente, hac\u00eda la Font de La Meca y el Tur\u00f3 de La Valldaura. Enseguida la pista se queda sola ante la verde y frondosa vegetaci\u00f3n del bosque y sotobosque circundante; los domingueros y paseantes se quedan m\u00e1s atr\u00e1s. En poco tiempo el camino desaparece para convertirse en una senda estrechada por el fondo del barranco. De repente nos encontramos con unas mimosas con sus abundantes flores amarillas en todo su esplendor. Muy hermosas y grandes; esta parte de la sierra es h\u00fameda y exuberante. Casi nos raspamos con los matorrales que invaden a media altura la estrecha senda, y de repente comienza a coger m\u00e1s altura cuando nos acercamos a la Font de La Meca. En una casa vieja medio habitada sin ninguna se\u00f1al ni indicador que te diga donde estamos. M\u00e1s bellas mimosas de flores amarillas. Y ya podemos observar, al subir m\u00e1s altura, la cima de Collserola. Ahora la senda se allana blindando \u00e1rboles ca\u00eddos, matorrales y obst\u00e1culos, mucha y abundante vegetaci\u00f3n, hasta llegar a una pista ancha, unas indicaciones y grupos de ciclistas que ruedan por ella.<\/p>\n<p>Estamos en la cima de Collserola. Vemos las indicaciones y decidimos seguir la pista en direcci\u00f3n al Tur\u00f3 de La Magarola, a pesar de haber un cruce de recorridos. Poco m\u00e1s adelante, en otro cartel se\u00f1alizador, viene muy bien indicado la direcci\u00f3n hacia el Tur\u00f3 de La Magarola. La subida es muy f\u00e1cil por una amplia senda de matorral a media altura, y que no coge tanto desnivel. Poco a poco se amplia la vista cuando el matorral nos deja mirar, y comenzamos a ver la impresionante urbe de Barcelona y cercan\u00edas. Ya estamos en la simp\u00e1tica cima del Tur\u00f3 de La Magarola (que en un principio cre\u00eda que era la de Valldaura, por eso el nombre en el video) a 432 mts. de altura. Hay una especie de mirador con una vallita, suelo de madera y un banquito ideal para almorzar admirando la incre\u00edble y magn\u00edfica vista: Barcelona desde Montju\u00efc hasta Badalona. Incre\u00edble. Hacia la derecha y sureste se ve la llamativa cima del Tibidabo, la m\u00e1s alta de la sierra, con el Santuario del Sagrat Cor como si fuera una nave espacial a punto de despegar directa al cielo. Torres de luz y de comunicaciones, pero mucho verdor y bosques excelentemente cuidados. Es una especie de \u201cNaturaleza sometida\u201d pero intentando equilibrar el necesario e imparable progreso, con el cuidado del medio ambiente y la monta\u00f1a. Al otro extremo las monta\u00f1as de las Serraladas de Marina y El Corredor, al otro lado de filas de torres de la luz. Antes una torre de vigilancia de incendios en una alta planicie (pero a menos altura que donde estamos), es el Tur\u00f3 de La Valldaura.<\/p>\n<div id=\"attachment_16234\" style=\"width: 761px\" class=\"wp-caption aligncenter\"><a class=\"dt-single-image\" href=\"https:\/\/www.monta\u00f1asdelaluna.es\/wp-content\/uploads\/2015\/08\/Collsrola.-20-02-11-034.jpg\" data-dt-img-description=\"\"><img loading=\"lazy\" decoding=\"async\" aria-describedby=\"caption-attachment-16234\" class=\"wp-image-16234 size-full\" src=\"https:\/\/www.monta\u00f1asdelaluna.es\/wp-content\/uploads\/2015\/08\/Collsrola.-20-02-11-034.jpg\" alt=\"Subiendo el Tur\u00f3 de La Magarola\" width=\"751\" height=\"563\" srcset=\"https:\/\/www.monta\u00f1asdelaluna.es\/wp-content\/uploads\/2015\/08\/Collsrola.-20-02-11-034.jpg 751w, https:\/\/www.monta\u00f1asdelaluna.es\/wp-content\/uploads\/2015\/08\/Collsrola.-20-02-11-034-300x225.jpg 300w\" sizes=\"auto, (max-width: 751px) 100vw, 751px\" \/><\/a><p id=\"caption-attachment-16234\" class=\"wp-caption-text\">Subiendo el Tur\u00f3 de La Magarola<\/p><\/div>\n<div id=\"attachment_16239\" style=\"width: 761px\" class=\"wp-caption aligncenter\"><a class=\"dt-single-image\" href=\"https:\/\/www.monta\u00f1asdelaluna.es\/wp-content\/uploads\/2015\/08\/Collsrola.-20-02-11-041.jpg\" data-dt-img-description=\"\"><img loading=\"lazy\" decoding=\"async\" aria-describedby=\"caption-attachment-16239\" class=\"wp-image-16239 size-full\" src=\"https:\/\/www.monta\u00f1asdelaluna.es\/wp-content\/uploads\/2015\/08\/Collsrola.-20-02-11-041.jpg\" alt=\"Joaqu\u00edn y Anna en la cima del Tur\u00f3 de La Magarola (432 mts.)\" width=\"751\" height=\"563\" srcset=\"https:\/\/www.monta\u00f1asdelaluna.es\/wp-content\/uploads\/2015\/08\/Collsrola.-20-02-11-041.jpg 751w, https:\/\/www.monta\u00f1asdelaluna.es\/wp-content\/uploads\/2015\/08\/Collsrola.-20-02-11-041-300x225.jpg 300w\" sizes=\"auto, (max-width: 751px) 100vw, 751px\" \/><\/a><p id=\"caption-attachment-16239\" class=\"wp-caption-text\">Joaqu\u00edn y Anna en la cima del Tur\u00f3 de La Magarola (432 mts.)<\/p><\/div>\n<p>Decidimos bajar por el extremo contrar\u00edo al que hemos subido y nos insertamos por una frondosa senda enclavada entre la espesura de la magn\u00edfica y verde vegetaci\u00f3n. Quiero bajar a otra pista y de aqu\u00ed por una senda que nos llevar\u00e1 a Can Cerd\u00e1. La senda es bonita y sigue en ocasiones el G.R.-92. Se hace amena y encantadora la ruta. Ahora ya hemos cruzado al otro lado de la sierra y enfrente tenemos Sant Cugat y Cerdanyola; \u00e9sta \u00faltima ser\u00e1 nuestro objetivo final. Bajamos a la pista y seguimos \u00e9sta hac\u00eda la derecha. Al poco tiempo sale otro camino a la izquierda que para en un cartel se\u00f1alizador indicando las direcciones de Sant Gener, Can Borrel y Can Gener. Me he equivocado. Comienza a caer un poco de agua de un cielo h\u00famedo y encapotado. Anna, siempre desconfiada, pregunta a dos hombres que paseaban absortos por la naturaleza y se hab\u00edan parado en el mismo lugar a contemplarla mientras platicaban. Por suerte era casi el comenzar de este camino equivocado, con lo cual reculamos hasta el anterior cruce, seguimos por la pista anterior hac\u00eda la izquierda y norte, noreste, y al poco tiempo desembocamos en la carretera que va de Cerdanyola a Barcelona por Can Cerd\u00e1. Aqu\u00ed ya se nota la cara norte y de umbr\u00eda de la sierra y del parque natural: los \u00e1rboles, vegetaci\u00f3n y verdor es m\u00e1s intenso, m\u00e1s abundante, frondoso y magn\u00edfico&#8230; parece que estemos en un bosque del cant\u00e1brico. Muy bonito.<\/p>\n<p>Un cartel. A la izquierda a Cerdanyola, a la derecha a Barcelona. Anna dice de volver a Barcelona que no se f\u00eda de m\u00ed en la monta\u00f1a. Pero m\u00e1s que yo mismo en m\u00ed, no conf\u00eda nadie. Seguimos la orilla de la carretera en direcci\u00f3n Barcelona y despu\u00e9s de una curva encontramos la Font d\u2019En Geroni. Bajamos hasta la fuente que ten\u00eda un hilillo rid\u00edculo de agua, pero rodeado de una espesa masa verde de vegetaci\u00f3n h\u00fameda. Seg\u00fan la gu\u00eda de \u201ceste chico\u201d de internet que se recorri\u00f3 la parte m\u00e1s frondosa de Collserola; \u00e9l pas\u00f3 por aqu\u00ed y despu\u00e9s bajo hac\u00eda Can Cerd\u00e0. Pero la zona era intransitable por la vegetaci\u00f3n y no se ve\u00eda senda o camino alguno. Decidimos subir y seguir de nuevo la carretera en la misma direcci\u00f3n. Por suerte el mapa que llevaba me dec\u00eda que pronto encontrar\u00edamos una ruta que bajar\u00eda a Can Cerd\u00e1 y de aqu\u00ed a Cerdanyola. Anna quer\u00eda volverse a Barcelona por la carretera. En la siguiente curva vemos una bajada a la izquierda a un restaurante, el de Can Valldaura. Aqu\u00ed ten\u00eda que haber un camino que bajara a Can Cerd\u00e1. No lo ve\u00eda seguro. Pero s\u00ed uno que bajaba a la Font dels Ca\u00e7adors. Perfecto. Desde la Font dels Ca\u00e7adors bajar\u00edamos a Can Cerd\u00e0. Anna no estaba muy convencida, pero cambi\u00f3 de opini\u00f3n cuando 10 metros m\u00e1s adelante hab\u00eda otro cartel que pon\u00eda: Font dels Ca\u00e7adors y Can Cerd\u00e0. \u00a1Ya hab\u00edamos reencontrado la ruta!<\/p>\n<div id=\"attachment_16267\" style=\"width: 573px\" class=\"wp-caption aligncenter\"><a class=\"dt-single-image\" href=\"https:\/\/www.monta\u00f1asdelaluna.es\/wp-content\/uploads\/2015\/08\/Collsrola.-20-02-11-084.jpg\" data-dt-img-description=\"\"><img loading=\"lazy\" decoding=\"async\" aria-describedby=\"caption-attachment-16267\" class=\"wp-image-16267 size-full\" src=\"https:\/\/www.monta\u00f1asdelaluna.es\/wp-content\/uploads\/2015\/08\/Collsrola.-20-02-11-084.jpg\" alt=\"Joaqu\u00edn en el cruce hac\u00eda la Font dels Ca\u00e7adors\" width=\"563\" height=\"751\" srcset=\"https:\/\/www.monta\u00f1asdelaluna.es\/wp-content\/uploads\/2015\/08\/Collsrola.-20-02-11-084.jpg 563w, https:\/\/www.monta\u00f1asdelaluna.es\/wp-content\/uploads\/2015\/08\/Collsrola.-20-02-11-084-225x300.jpg 225w\" sizes=\"auto, (max-width: 563px) 100vw, 563px\" \/><\/a><p id=\"caption-attachment-16267\" class=\"wp-caption-text\">Joaqu\u00edn en el cruce hac\u00eda la Font dels Ca\u00e7adors<\/p><\/div>\n<div id=\"attachment_16269\" style=\"width: 573px\" class=\"wp-caption aligncenter\"><a class=\"dt-single-image\" href=\"https:\/\/www.monta\u00f1asdelaluna.es\/wp-content\/uploads\/2015\/08\/Collsrola.-20-02-11-087.jpg\" data-dt-img-description=\"\"><img loading=\"lazy\" decoding=\"async\" aria-describedby=\"caption-attachment-16269\" class=\"wp-image-16269 size-full\" src=\"https:\/\/www.monta\u00f1asdelaluna.es\/wp-content\/uploads\/2015\/08\/Collsrola.-20-02-11-087.jpg\" alt=\"Cruce con la Font dels Ca\u00e7adors\" width=\"563\" height=\"751\" srcset=\"https:\/\/www.monta\u00f1asdelaluna.es\/wp-content\/uploads\/2015\/08\/Collsrola.-20-02-11-087.jpg 563w, https:\/\/www.monta\u00f1asdelaluna.es\/wp-content\/uploads\/2015\/08\/Collsrola.-20-02-11-087-225x300.jpg 225w\" sizes=\"auto, (max-width: 563px) 100vw, 563px\" \/><\/a><p id=\"caption-attachment-16269\" class=\"wp-caption-text\">Cruce con la Font dels Ca\u00e7adors<\/p><\/div>\n<p>Es un camino ancho, en el que hubo un tiempo en el que pasaban por \u00e9l autom\u00f3viles. Vegetaci\u00f3n hermosa, solitaria, verde, frondosa&#8230; realmente es la parte m\u00e1s espectacular de Collserola. Las hojas secas cubr\u00edan todo el terreno y en los troncos de los \u00e1rboles abundaba el musgo, las hiedras&#8230; una vieja y arruinada construcci\u00f3n, un muro que recuerda una escena del Se\u00f1or de Los Anillos; hermoso. El camino va bajando, en busca de la profundidad del barranco, mientras recorremos el coraz\u00f3n m\u00e1s verde y sorprendente de Collserola. De repente se convierte en senda y, a la vez, decenas de \u00e1rboles ca\u00eddos la cruzan interponi\u00e9ndose en nuestro recorrido. Anna dice que puede ser que sean \u00e1rboles ca\u00eddos de la gran nevada que hubo el invierno pasado; del peso de la nieve en sus ramas. Lo m\u00e1s curioso es que a casi todos los han serrado, cortado por la mitad, para no obstaculizar el caminar por la senda. Arriba a la derecha y atr\u00e1s veo la vieja gran construcci\u00f3n de Can Valldaura, como si fuera un viejo castillo del Conde Dr\u00e1cula rodeado de un misterio y atracci\u00f3n que a la vez le dan un toque enigm\u00e1tico y terror\u00edfico.<\/p>\n<p>Poca gente recorre la senda. Alg\u00fan ciclista que otro perdido. En un cruce llegamos a otra se\u00f1alizaci\u00f3n&#8230; \u00a1Si no fueran por la bien se\u00f1alizada que est\u00e1n las sierras y parques es Catalu\u00f1a! A la derecha vamos a Font dels Ca\u00e7adors, a la izquierda a Can Cerd\u00e0. Nos acercamos un momento hasta la Font dels Ca\u00e7adors pero sin llegar a verla del todo. Grandes \u00e1rboles inundan el lugar verde y solitario. No estamos mucho rato y decidimos dirigirnos ya sin demora a Can Cerd\u00e0. En poco tiempo la senda se convierte en pista y la primera \u201ctorre\u201d de Can Cerd\u00e0 aparece de entre los \u00e1rboles (Torre Gresa). Pasamos por la parte oeste de la localidad, y sin tiempo a adivinar el perfil del pueblo, nos encontramos con las se\u00f1alizaciones hac\u00eda Can Coll (nuestro pr\u00f3ximo objetivo antes de Cerdanyola) por \u201cun cam\u00ed de passejada\u201d. A la izquierda y arriba del Torrent de Can Cerd\u00e0 aparecen circulando coches aparentemente por la carretera que anteriormente hab\u00edamos cruzado, que ahora baja a Can Cerd\u00e0 y a Cerdanyola. Despu\u00e9s de dejar atr\u00e1s la Torre de Benatges, seguimos por un simp\u00e1tico y agradable camino y pista hac\u00eda Can Coll. Un bonito y llamativo banco en medio del bosque junto al camino, nos invita a descansar y a contemplar en silencio la majestuosidad, exuberancia y encanto del lugar, su bosque, verdor y vida.<\/p>\n<div id=\"attachment_16274\" style=\"width: 761px\" class=\"wp-caption aligncenter\"><a class=\"dt-single-image\" href=\"https:\/\/www.monta\u00f1asdelaluna.es\/wp-content\/uploads\/2015\/08\/Collsrola.-20-02-11-093.jpg\" data-dt-img-description=\"\"><img loading=\"lazy\" decoding=\"async\" aria-describedby=\"caption-attachment-16274\" class=\"wp-image-16274 size-full\" src=\"https:\/\/www.monta\u00f1asdelaluna.es\/wp-content\/uploads\/2015\/08\/Collsrola.-20-02-11-093.jpg\" alt=\"Camino de Can Cerd\u00e0 a Can Coll\" width=\"751\" height=\"563\" srcset=\"https:\/\/www.monta\u00f1asdelaluna.es\/wp-content\/uploads\/2015\/08\/Collsrola.-20-02-11-093.jpg 751w, https:\/\/www.monta\u00f1asdelaluna.es\/wp-content\/uploads\/2015\/08\/Collsrola.-20-02-11-093-300x225.jpg 300w\" sizes=\"auto, (max-width: 751px) 100vw, 751px\" \/><\/a><p id=\"caption-attachment-16274\" class=\"wp-caption-text\">Camino de Can Cerd\u00e0 a Can Coll<\/p><\/div>\n<p>El d\u00eda parece que se va despejando. El sol aparece casi al llegar al ruidoso y muy visitado Can Coll; o mejor dicho, el \u00e1rea recreativa de Can Coll. No sin antes habernos topado con otras se\u00f1alizaciones de rutas y senderos que te llevan a internarte por diferentes lugares de Collserola. La senda se pierde entre el aparcamiento, mesas, gente, ni\u00f1os, voces, ruidos&#8230; \u00a1Adi\u00f3s a la tranquilidad de la monta\u00f1a! Olor a comida, a barbacoa, a cal\u00e7ots&#8230; \u00a1Mmmmmm&#8230;! Vamos de cartel en cartel y pegados ya a la carretera por su lado derecho seg\u00fan bajas. Comienza a hacer calorcito por fin. En el Coll de Masbernat cruzamos la carretera y, siguiendo las indicaciones del Font del Frare, nos internamos en otro camino, en donde vuelve a resucitar el encanto de Collserola con su frondosa vegetaci\u00f3n, soledad y belleza. De aqu\u00ed debemos aparecer ya en Montflorit, la urbanizaci\u00f3n de Cerdanyola m\u00e1s cercana, en las faldas de Collserola. Ahora parece que cogemos la direcci\u00f3n contrar\u00eda a la de Cerdanyola que ya vemos perfectamente entre los \u00e1rboles sus edificios&#8230; ya muy cerca.<\/p>\n<p>La pista pasa por lugares muy bonitos pero parece que se aleje mucho de la direcci\u00f3n adecuada. Cuando ya comienzo a preocuparme encuentro otro cartel se\u00f1alizador en un cruce. Ahora ya cambiamos la direcci\u00f3n para acercarnos a la Font del Frare, Montflorit y Cerdanyola. El camino se convierte en senda; y \u00e9sta en una senda no muy bien se\u00f1alizada. Saltamos troncos de \u00e1rboles ca\u00eddos que obstruyen el paso, y que por esta zona no se han molestado a serrar. Parece que andamos por sitios no demasiado visitados ahora. Perdemos el rumbo y decido seguir una senda que recorre una peque\u00f1a l\u00ednea de electricidad, hac\u00eda la izquierda y contrar\u00eda a la direcci\u00f3n de la sierra. Montflorit se encuentra a la derecha, al otro lado del Torrent dels Toros. Salimos del bosque a un bancal despejado de rojiza arcilla. Bordeando el bancal y hac\u00eda las casas de nuestra derecha llegamos a la calle Passe\u00ecg de Donya Am\u00e8lia, ya en Montflorit, Cerdanyola. No sin antes haber cruzado el lecho seco del Torrent dels Toros.<\/p>\n<div id=\"attachment_16284\" style=\"width: 761px\" class=\"wp-caption aligncenter\"><a class=\"dt-single-image\" href=\"https:\/\/www.monta\u00f1asdelaluna.es\/wp-content\/uploads\/2015\/08\/Collsrola.-20-02-11-108.jpg\" data-dt-img-description=\"\"><img loading=\"lazy\" decoding=\"async\" aria-describedby=\"caption-attachment-16284\" class=\"wp-image-16284 size-full\" src=\"https:\/\/www.monta\u00f1asdelaluna.es\/wp-content\/uploads\/2015\/08\/Collsrola.-20-02-11-108.jpg\" alt=\"Camino de Cerdanyola por Montflorit\" width=\"751\" height=\"563\" srcset=\"https:\/\/www.monta\u00f1asdelaluna.es\/wp-content\/uploads\/2015\/08\/Collsrola.-20-02-11-108.jpg 751w, https:\/\/www.monta\u00f1asdelaluna.es\/wp-content\/uploads\/2015\/08\/Collsrola.-20-02-11-108-300x225.jpg 300w\" sizes=\"auto, (max-width: 751px) 100vw, 751px\" \/><\/a><p id=\"caption-attachment-16284\" class=\"wp-caption-text\">Camino de Cerdanyola por Montflorit<\/p><\/div>\n<div id=\"attachment_16288\" style=\"width: 761px\" class=\"wp-caption aligncenter\"><a class=\"dt-single-image\" href=\"https:\/\/www.monta\u00f1asdelaluna.es\/wp-content\/uploads\/2015\/08\/Collsrola.-20-02-11-115.jpg\" data-dt-img-description=\"\"><img loading=\"lazy\" decoding=\"async\" aria-describedby=\"caption-attachment-16288\" class=\"wp-image-16288 size-full\" src=\"https:\/\/www.monta\u00f1asdelaluna.es\/wp-content\/uploads\/2015\/08\/Collsrola.-20-02-11-115.jpg\" alt=\"Montflorit\" width=\"751\" height=\"563\" srcset=\"https:\/\/www.monta\u00f1asdelaluna.es\/wp-content\/uploads\/2015\/08\/Collsrola.-20-02-11-115.jpg 751w, https:\/\/www.monta\u00f1asdelaluna.es\/wp-content\/uploads\/2015\/08\/Collsrola.-20-02-11-115-300x225.jpg 300w\" sizes=\"auto, (max-width: 751px) 100vw, 751px\" \/><\/a><p id=\"caption-attachment-16288\" class=\"wp-caption-text\">Montflorit<\/p><\/div>\n<p>Ya por fin estamos en Cerdanyola. Solo queda la parte m\u00e1s dura de la excursi\u00f3n: recorrernos el duro y artificial asfaltado y acera de Cerdanyola hasta su estaci\u00f3n de trenes de cercan\u00edas. F\u00e1cilmente por la Avinguda de La Flor de Maig, recto, hasta la redonda donde seguiremos el carrer de Santa Rosa hac\u00eda la derecha, que despu\u00e9s se convierte en la Avinguda de La Primavera. En una grande y cuarta redonda (si contamos todas las que hemos cruzados) torcemos la direcci\u00f3n pero siguiendo por la c\u00e9ntrica Avinguda de La Primavera, en direcci\u00f3n al centro ciudad, hasta llegar a la estaci\u00f3n de trenes que queda a la derecha de la calle y despu\u00e9s de haber cruzado el amplio cauce del R\u00edo Sec.<\/p>\n<p>Ya cansados y artos de disfrutar en este espl\u00e9ndido d\u00eda de monta\u00f1a y exploraciones, volvemos en el tren de cercan\u00edas hasta la estaci\u00f3n de la Sagrera (Barcelona) donde cogeremos de nuevo (y como al principio de la excursi\u00f3n) el metro para dirigirnos a casa. Sentados en los asientos del tren nuestras caras reflejan el esfuerzo de nuestros cuerpos; pero la satisfacci\u00f3n de nuestro esp\u00edritu. Me ha sorprendido Collserola. Me ha gustado su se\u00f1alizado y exuberante Parque Natural. Merece muchas visitas, merece una menci\u00f3n especial.<\/p>\n<div id=\"attachment_16326\" style=\"width: 555px\" class=\"wp-caption aligncenter\"><a class=\"dt-single-image\" href=\"https:\/\/www.monta\u00f1asdelaluna.es\/wp-content\/uploads\/2011\/02\/mapa-collserola-blog.jpg\" data-dt-img-description=\"\"><img loading=\"lazy\" decoding=\"async\" aria-describedby=\"caption-attachment-16326\" class=\"wp-image-16326 size-full\" src=\"https:\/\/www.monta\u00f1asdelaluna.es\/wp-content\/uploads\/2011\/02\/mapa-collserola-blog.jpg\" alt=\"croquis recorrilo Collserola\" width=\"545\" height=\"742\" srcset=\"https:\/\/www.monta\u00f1asdelaluna.es\/wp-content\/uploads\/2011\/02\/mapa-collserola-blog.jpg 545w, https:\/\/www.monta\u00f1asdelaluna.es\/wp-content\/uploads\/2011\/02\/mapa-collserola-blog-220x300.jpg 220w\" sizes=\"auto, (max-width: 545px) 100vw, 545px\" \/><\/a><p id=\"caption-attachment-16326\" class=\"wp-caption-text\">croquis recorrilo Collserola<\/p><\/div>\n<p>[vc_separator][\/vc_column_text][\/vc_column][\/vc_row][vc_row][vc_column][vc_empty_space height=\u00bb60px\u00bb][\/vc_column][\/vc_row][vc_row][vc_column][vc_cta h2=\u00bb\u00c1lbum de fotos\u00bb txt_align=\u00bbcenter\u00bb add_button=\u00bbbottom\u00bb btn_title=\u00bbVer fotos\u00bb btn_color=\u00bbwarning\u00bb btn_align=\u00bbcenter\u00bb btn_link=\u00bburl:https%3A%2F%2Fmonta%C3%B1asdelaluna.es%2F%3Fdt_gallery%3Dprueba|title:Collserola.%20El%20pulm%C3%B3n%20de%20Barcelona|target:_blank\u00bb css=\u00bb.vc_custom_1625814874460{background-color: #8bc4ed !important;}\u00bb]Puedes ver todas las fotos del relato y actividad en forma de presentaci\u00f3n o individuales pinchando aqui \u00a1No te las pierdas![\/vc_cta][vc_empty_space height=\u00bb60px\u00bb][\/vc_column][\/vc_row][vc_row][vc_column width=\u00bb1\/3&#8243;][\/vc_column][vc_column width=\u00bb1\/2&#8243;][vc_raw_html]JTNDaWZyYW1lJTIwc3JjJTNEJTIyaHR0cHMlM0ElMkYlMkZ3d3cubWV0ZW9ibHVlLmNvbSUyRmVzJTJGdGllbXBvJTJGd2lkZ2V0JTJGZGFpbHklMkZiYXJjZWxvbmFfZXNwYSUyNWMzJTI1YjFhXzMxMjg3NjAlM0ZkYXlzJTNENyUyNnRlbXB1bml0JTNEQ0VMU0lVUyUyNndpbmR1bml0JTNES0lMT01FVEVSX1BFUl9IT1VSJTI2cGljdG9pY29uJTNEMSUyNm1heHRlbXBlcmF0dXJlJTNEMSUyNm1pbnRlbXBlcmF0dXJlJTNEMSUyNndpbmRzcGVlZCUzRDElMjZ3aW5kZ3VzdCUzRDElMjZ3aW5kZGlyZWN0aW9uJTNEMSUyNnByZWNpcGl0YXRpb24lM0QxJTI2cHJlY2lwaXRhdGlvbnByb2JhYmlsaXR5JTNEMSUyNnNwb3QlM0QxJTI2cHJlc3N1cmUlM0QxJTI2bGF5b3V0JTNEbGlnaHQlMjIlMjAlMjBmcmFtZWJvcmRlciUzRCUyMjAlMjIlMjBzY3JvbGxpbmclM0QlMjJOTyUyMiUyMGFsbG93dHJhbnNwYXJlbmN5JTNEJTIydHJ1ZSUyMiUyMHN0eWxlJTNEJTIyd2lkdGglM0ElMjAzNzhweCUzQmhlaWdodCUzQSUyMDM4MXB4JTIyJTNFJTNDJTJGaWZyYW1lJTNFJTNDZGl2JTNFJTNDJTIxLS0lMjBETyUyME5PVCUyMFJFTU9WRSUyMFRISVMlMjBMSU5LJTIwLS0lM0UlM0NhJTIwaHJlZiUzRCUyMmh0dHBzJTNBJTJGJTJGd3d3Lm1ldGVvYmx1ZS5jb20lMkZlcyUyRnRpZW1wbyUyRnByb25vc3RpY28lMkZzZW1hbmElMkZiYXJjZWxvbmFfZXNwYSUyNWMzJTI1YjFhXzMxMjg3NjAlMjIlMjB0YXJnZXQlM0QlMjJfYmxhbmslMjIlM0VtZXRlb2JsdWUlM0MlMkZhJTNFJTNDJTJGZGl2JTNF[\/vc_raw_html][\/vc_column][vc_column width=\u00bb1\/5&#8243;][\/vc_column][\/vc_row]<\/p>\n","protected":false},"excerpt":{"rendered":"<p>[vc_row][vc_column][vc_column_text]Viviendo en Barcelona no encontraba el fin de semana id\u00f3neo para acercarme a su famosa e inhiesta Sierra de Collserola. Famosa por albergar su pico y cumbre m\u00e1s alta llamada como el parque de atracciones, o mejor dicho al rev\u00e9s, el Tibidabo de 512 mts. y por formar frontera entre la propia ciudad y el&hellip;<\/p>\n","protected":false},"author":1,"featured_media":16268,"comment_status":"open","ping_status":"open","sticky":false,"template":"","format":"standard","meta":[],"categories":[49],"tags":[],"class_list":["post-16297","post","type-post","status-publish","format-standard","has-post-thumbnail","hentry","category-collserola","category-49","description-off"],"_links":{"self":[{"href":"https:\/\/www.monta\u00f1asdelaluna.es\/index.php?rest_route=\/wp\/v2\/posts\/16297","targetHints":{"allow":["GET"]}}],"collection":[{"href":"https:\/\/www.monta\u00f1asdelaluna.es\/index.php?rest_route=\/wp\/v2\/posts"}],"about":[{"href":"https:\/\/www.monta\u00f1asdelaluna.es\/index.php?rest_route=\/wp\/v2\/types\/post"}],"author":[{"embeddable":true,"href":"https:\/\/www.monta\u00f1asdelaluna.es\/index.php?rest_route=\/wp\/v2\/users\/1"}],"replies":[{"embeddable":true,"href":"https:\/\/www.monta\u00f1asdelaluna.es\/index.php?rest_route=%2Fwp%2Fv2%2Fcomments&post=16297"}],"version-history":[{"count":39,"href":"https:\/\/www.monta\u00f1asdelaluna.es\/index.php?rest_route=\/wp\/v2\/posts\/16297\/revisions"}],"predecessor-version":[{"id":50164,"href":"https:\/\/www.monta\u00f1asdelaluna.es\/index.php?rest_route=\/wp\/v2\/posts\/16297\/revisions\/50164"}],"wp:featuredmedia":[{"embeddable":true,"href":"https:\/\/www.monta\u00f1asdelaluna.es\/index.php?rest_route=\/wp\/v2\/media\/16268"}],"wp:attachment":[{"href":"https:\/\/www.monta\u00f1asdelaluna.es\/index.php?rest_route=%2Fwp%2Fv2%2Fmedia&parent=16297"}],"wp:term":[{"taxonomy":"category","embeddable":true,"href":"https:\/\/www.monta\u00f1asdelaluna.es\/index.php?rest_route=%2Fwp%2Fv2%2Fcategories&post=16297"},{"taxonomy":"post_tag","embeddable":true,"href":"https:\/\/www.monta\u00f1asdelaluna.es\/index.php?rest_route=%2Fwp%2Fv2%2Ftags&post=16297"}],"curies":[{"name":"wp","href":"https:\/\/api.w.org\/{rel}","templated":true}]}}