{"id":16601,"date":"2011-04-30T18:17:29","date_gmt":"2011-04-30T18:17:29","guid":{"rendered":"http:\/\/monta\u00f1asdelaluna.com\/?p=16601"},"modified":"2021-08-04T20:06:40","modified_gmt":"2021-08-04T20:06:40","slug":"sant-llorenc-del-munt-la-mola","status":"publish","type":"post","link":"https:\/\/www.monta\u00f1asdelaluna.es\/?p=16601","title":{"rendered":"Sant LLoren\u00e7 del Munt. La Mola"},"content":{"rendered":"<p>[vc_row][vc_column][vc_column_text]Anna me ped\u00eda una marcha por la monta\u00f1a de unas 3 horas como mucho, e intent\u00e9 buscar, de nuevo, otro lugar cercano a una estaci\u00f3n de tren, y en otro macizo diferente.<\/p>\n<p>Ya hac\u00eda tiempo que tocaba acercarnos al Parque Natural de Sant Lloren\u00e7 del Munt i l\u2019Obac y subir a uno de sus picos y alturas, a la m\u00e1s alta: La Mola. Pero la estaci\u00f3n de tren m\u00e1s cercana a \u00e9ste parque o cerca de alg\u00fan recorrido en ella, era en Vacarises, Sant Vicen\u00e7 de Castellet&#8230; lejos de La Mola y el centro del parque. Con lo cual lo mejor era coger el coche y acercarnos a las proximidades del macizo.<\/p>\n<p>Hab\u00eda visto el recorrido de la <a href=\"http:\/\/www.madteam.net\/rutas\/senderismo\/ronda-pratsbigordana-per-sant-lloren-del-munt-i-se.bigo\" target=\"_blank\" rel=\"noopener\">Ronda Pratsbigordana per Sant Lloren\u00e7 del Munt i l\u2019Obac <\/a>y me hab\u00eda atra\u00eddo la atenci\u00f3n, pero con Anna no har\u00eda tal proeza. Entonces, calculando una ruta entretenida pero no excesivamente larga, decid\u00ed salir de La Barata, donde hay un peque\u00f1o parking (que no me pase como en El Matagalls) y seguir parte de la Ronda, anteriormente mencionada, subir a La Mola bajando por otro camino hasta La Barata&#8230; otra bonita circular.<\/p>\n<div id=\"attachment_16516\" style=\"width: 761px\" class=\"wp-caption aligncenter\"><a class=\"dt-single-image\" href=\"https:\/\/www.monta\u00f1asdelaluna.es\/wp-content\/uploads\/2015\/08\/Sant-Lloren\u00e7-del-Munt.-La-Mola-002.jpg\" data-dt-img-description=\"\"><img loading=\"lazy\" decoding=\"async\" aria-describedby=\"caption-attachment-16516\" class=\"wp-image-16516 size-full\" src=\"https:\/\/www.monta\u00f1asdelaluna.es\/wp-content\/uploads\/2015\/08\/Sant-Lloren\u00e7-del-Munt.-La-Mola-002.jpg\" alt=\"Saliendo de La Barata\" width=\"751\" height=\"563\" srcset=\"https:\/\/www.monta\u00f1asdelaluna.es\/wp-content\/uploads\/2015\/08\/Sant-Lloren\u00e7-del-Munt.-La-Mola-002.jpg 751w, https:\/\/www.monta\u00f1asdelaluna.es\/wp-content\/uploads\/2015\/08\/Sant-Lloren\u00e7-del-Munt.-La-Mola-002-300x225.jpg 300w\" sizes=\"auto, (max-width: 751px) 100vw, 751px\" \/><\/a><p id=\"caption-attachment-16516\" class=\"wp-caption-text\">Saliendo de La Barata<\/p><\/div>\n<div id=\"attachment_16520\" style=\"width: 761px\" class=\"wp-caption aligncenter\"><a class=\"dt-single-image\" href=\"https:\/\/www.monta\u00f1asdelaluna.es\/wp-content\/uploads\/2015\/08\/Sant-Lloren\u00e7-del-Munt.-La-Mola-011.jpg\" data-dt-img-description=\"\"><img loading=\"lazy\" decoding=\"async\" aria-describedby=\"caption-attachment-16520\" class=\"wp-image-16520 size-full\" src=\"https:\/\/www.monta\u00f1asdelaluna.es\/wp-content\/uploads\/2015\/08\/Sant-Lloren\u00e7-del-Munt.-La-Mola-011.jpg\" alt=\"Can Pelags\" width=\"751\" height=\"563\" srcset=\"https:\/\/www.monta\u00f1asdelaluna.es\/wp-content\/uploads\/2015\/08\/Sant-Lloren\u00e7-del-Munt.-La-Mola-011.jpg 751w, https:\/\/www.monta\u00f1asdelaluna.es\/wp-content\/uploads\/2015\/08\/Sant-Lloren\u00e7-del-Munt.-La-Mola-011-300x225.jpg 300w\" sizes=\"auto, (max-width: 751px) 100vw, 751px\" \/><\/a><p id=\"caption-attachment-16520\" class=\"wp-caption-text\">Can Pelags<\/p><\/div>\n<p>Dio la casualidad de que ten\u00eda guardados mapas Alpina de cuando Juanma (inform\u00e1tico y monta\u00f1ero del Centro Excursionista Almorad\u00ed) sac\u00f3 de internet y comparti\u00f3 con sus compa\u00f1eros del club, entonces v\u00ed que estaba el de este macizo \u00a1Estupendo! Pero decid\u00ed no imprimirlo; si no fotografiar la pantalla del ordenador y seguir, chapucera pero efectivamente, la triste imagen en la pantalla de mi c\u00e1mara de fotos&#8230; quer\u00eda ver si era pr\u00e1ctico o demasiado rudimentario para poder ser \u00fatil en la monta\u00f1a.<\/p>\n<p>As\u00ed pues, el pasado s\u00e1bado 30 de abril llegamos a las edificaciones de La Barata en el magn\u00edfico, verde y extenso Parque Natural de Sant Lloren\u00e7 del Munt i l\u2019Obac, para subir a su visitada y original cumbre de La Mola: justo junto a la carretera est\u00e1 la Riera de Les Arenes, la cruzamos para adentrarnos en el frondoso y extenso bosque, en sus verdes prados y bancales, entre sus alegres y simp\u00e1ticas\u00a0 mas\u00edas. A la izquierda un agradable camino (en la que unos corredores han parado para estirar) est\u00e1 se\u00f1alado con pinturas rojas y verdes; lo veo en el mapa de la pantalla de mi c\u00e1mara de fotos, se dirige al mismo sitio al que queremos ir nosotros. Me sorprende el delicioso \u201cesc\u00e1ndalo\u201d de decenas de trinares que nos dan la bienvenida a esta monta\u00f1a; tanto que intento grabarlos con mi c\u00e1mara-mapa.<\/p>\n<p>Siguiendo el camino y las se\u00f1ales, pasamos junto a Can Pelags; un enorme caser\u00f3n con varios edificios y novelescas puertas de entrada. Seguimos el camino junto a sus muros, y justo cuando termina haciendo una curva el camino, aparece una senda a la izquierda que se dirige a la monta\u00f1a. Las se\u00f1ales nos indican que debemos dirigirnos por ella, pero la ruta de la Ronda a\u00fan no se internaba en la monta\u00f1a y se desviaba hac\u00eda Can Garrigosa. Por ello seguimos el camino de herradura, hermoso entre la floresta, hac\u00eda el Sur, sin marcas, ni se\u00f1ales. Lo que no sab\u00edamos es que para bajar utilizar\u00edamos esta senda que ahora evitamos.<\/p>\n<div id=\"attachment_16524\" style=\"width: 761px\" class=\"wp-caption aligncenter\"><a class=\"dt-single-image\" href=\"https:\/\/www.monta\u00f1asdelaluna.es\/wp-content\/uploads\/2015\/08\/Sant-Lloren\u00e7-del-Munt.-La-Mola-020.jpg\" data-dt-img-description=\"\"><img loading=\"lazy\" decoding=\"async\" aria-describedby=\"caption-attachment-16524\" class=\"wp-image-16524 size-full\" src=\"https:\/\/www.monta\u00f1asdelaluna.es\/wp-content\/uploads\/2015\/08\/Sant-Lloren\u00e7-del-Munt.-La-Mola-020.jpg\" alt=\"Can Garrigosa\" width=\"751\" height=\"563\" srcset=\"https:\/\/www.monta\u00f1asdelaluna.es\/wp-content\/uploads\/2015\/08\/Sant-Lloren\u00e7-del-Munt.-La-Mola-020.jpg 751w, https:\/\/www.monta\u00f1asdelaluna.es\/wp-content\/uploads\/2015\/08\/Sant-Lloren\u00e7-del-Munt.-La-Mola-020-300x225.jpg 300w\" sizes=\"auto, (max-width: 751px) 100vw, 751px\" \/><\/a><p id=\"caption-attachment-16524\" class=\"wp-caption-text\">Can Garrigosa<\/p><\/div>\n<div id=\"attachment_16527\" style=\"width: 761px\" class=\"wp-caption aligncenter\"><a class=\"dt-single-image\" href=\"https:\/\/www.monta\u00f1asdelaluna.es\/wp-content\/uploads\/2015\/08\/Sant-Lloren\u00e7-del-Munt.-La-Mola-026.jpg\" data-dt-img-description=\"\"><img loading=\"lazy\" decoding=\"async\" aria-describedby=\"caption-attachment-16527\" class=\"wp-image-16527 size-full\" src=\"https:\/\/www.monta\u00f1asdelaluna.es\/wp-content\/uploads\/2015\/08\/Sant-Lloren\u00e7-del-Munt.-La-Mola-026.jpg\" alt=\"Joaqu\u00edn camino de Can Robert\" width=\"751\" height=\"563\" srcset=\"https:\/\/www.monta\u00f1asdelaluna.es\/wp-content\/uploads\/2015\/08\/Sant-Lloren\u00e7-del-Munt.-La-Mola-026.jpg 751w, https:\/\/www.monta\u00f1asdelaluna.es\/wp-content\/uploads\/2015\/08\/Sant-Lloren\u00e7-del-Munt.-La-Mola-026-300x225.jpg 300w\" sizes=\"auto, (max-width: 751px) 100vw, 751px\" \/><\/a><p id=\"caption-attachment-16527\" class=\"wp-caption-text\">Joaqu\u00edn camino de Can Robert<\/p><\/div>\n<p>Los alrededores de Can Pelags son muy hermosos, con altos y sanos \u00e1rboles, verdes y vivas praderas y laderas boscosas. El camino entre Can Pelags y Can Garrigosa se sigue casi por intuici\u00f3n monta\u00f1era y siguiendo el mapa de la pantalla. Senda, camino, a la izquierda, a la derecha&#8230; A la vera del camino nos sorprenden montones de piedrecillas blancas y heladas; el intenso granizo que cay\u00f3 el d\u00eda anterior. En la espesura del bosque nos topamos con una valla met\u00e1lica que divide el camino en dos. Esto ya es Can Garrigosa. Seguimos por el camino de la derecha, junto a unos altos eucaliptos, y pasamos por la puerta de la mas\u00eda. Ahora cruzamos els Plans de Can Garrigosa, praderas, pastizales habitados por ganado y alg\u00fan que otro burrito. Detr\u00e1s, las formas rocosas, espectaculares y escarpadas, con perfiles angulosos y redondeados, parecidos a las de su hermana la Sierra de Montserrat pero no tan agrestes y grandiosos, de las rocas y paredes cercanas a La Mola; se muestran entre las ramas de \u00e1rboles y del tupido bosque de sus laderas. A la izquierda aparece un camino que baja y cruza un barranco, casualmente nos encontramos con otras marcas y se\u00f1ales: Can Robert, La Mola. Justo a donde nos dirigimos. F\u00e1cilmente solamente tenemos que seguir este camino con las se\u00f1ales para, pronto, llegar a la siguiente mas\u00eda: Can Robert.<\/p>\n<div id=\"attachment_16535\" style=\"width: 761px\" class=\"wp-caption aligncenter\"><a class=\"dt-single-image\" href=\"https:\/\/www.monta\u00f1asdelaluna.es\/wp-content\/uploads\/2015\/08\/Sant-Lloren\u00e7-del-Munt.-La-Mola-046.jpg\" data-dt-img-description=\"\"><img loading=\"lazy\" decoding=\"async\" aria-describedby=\"caption-attachment-16535\" class=\"wp-image-16535 size-full\" src=\"https:\/\/www.monta\u00f1asdelaluna.es\/wp-content\/uploads\/2015\/08\/Sant-Lloren\u00e7-del-Munt.-La-Mola-046.jpg\" alt=\"Subiendo a La Mola bajo las rocas del Bolet\" width=\"751\" height=\"563\" srcset=\"https:\/\/www.monta\u00f1asdelaluna.es\/wp-content\/uploads\/2015\/08\/Sant-Lloren\u00e7-del-Munt.-La-Mola-046.jpg 751w, https:\/\/www.monta\u00f1asdelaluna.es\/wp-content\/uploads\/2015\/08\/Sant-Lloren\u00e7-del-Munt.-La-Mola-046-300x225.jpg 300w\" sizes=\"auto, (max-width: 751px) 100vw, 751px\" \/><\/a><p id=\"caption-attachment-16535\" class=\"wp-caption-text\">Subiendo a La Mola bajo las rocas del Bolet<\/p><\/div>\n<p>Hay un parking de coches y mapas visualizadores de la zona de La Mola y alrededores del macizo y de sus itinerarios, recorridos. Aqu\u00ed nos tropezamos con m\u00e1s gente: visitantes, turistas que vienen a dar un paseo, o senderistas que vienen a gozar, en esta catedral del senderismo barcelon\u00e9s, de las hermosas facciones de estas boscosas e interesantes sierras. Busco las tumbas, que no s\u00e9 si son medievales o prehist\u00f3ricas, pero en el recorrido de Can Robert hacia y encarando la monta\u00f1a, no las encuentro. Paramos a almorzar antes de afrontar el verdadero recorrido por la monta\u00f1a. Gente pasa junto a nosotros, es un lugar bastante visitado.<\/p>\n<p>Seguimos el camino y senda hac\u00eda arriba en busca de La Mola. Bajo la visi\u00f3n de aquella mole rocosa que llaman El Bolet y de la parte sur del verde vallecillo y urbanizaci\u00f3n de Can Prat y el Pl\u00e1 de Sant Lloren\u00e7, los cuales bordean el parque natural como una pit\u00f3n estrangula a sus presas, decidimos seguir por la senda y el itinerario que sigue hac\u00eda la izquierda, hac\u00eda el Morral del Drac sobre la Canal de l\u2019Abella. De esta manera dejaremos de hacer un recorrido circular, que ser\u00eda rodear el macizo de La Mola por la derecha, e intentar subir a La Mola por el recorrido m\u00e1s directo posible y a la vez que sea c\u00f3modo y atractivo.<\/p>\n<div id=\"attachment_16540\" style=\"width: 761px\" class=\"wp-caption aligncenter\"><a class=\"dt-single-image\" href=\"https:\/\/www.monta\u00f1asdelaluna.es\/wp-content\/uploads\/2015\/08\/Sant-Lloren\u00e7-del-Munt.-La-Mola-056.jpg\" data-dt-img-description=\"\"><img loading=\"lazy\" decoding=\"async\" aria-describedby=\"caption-attachment-16540\" class=\"wp-image-16540 size-full\" src=\"https:\/\/www.monta\u00f1asdelaluna.es\/wp-content\/uploads\/2015\/08\/Sant-Lloren\u00e7-del-Munt.-La-Mola-056.jpg\" alt=\"Senda de l'Abella\" width=\"751\" height=\"563\" srcset=\"https:\/\/www.monta\u00f1asdelaluna.es\/wp-content\/uploads\/2015\/08\/Sant-Lloren\u00e7-del-Munt.-La-Mola-056.jpg 751w, https:\/\/www.monta\u00f1asdelaluna.es\/wp-content\/uploads\/2015\/08\/Sant-Lloren\u00e7-del-Munt.-La-Mola-056-300x225.jpg 300w\" sizes=\"auto, (max-width: 751px) 100vw, 751px\" \/><\/a><p id=\"caption-attachment-16540\" class=\"wp-caption-text\">Senda de l&#8217;Abella<\/p><\/div>\n<div id=\"attachment_16549\" style=\"width: 761px\" class=\"wp-caption aligncenter\"><a class=\"dt-single-image\" href=\"https:\/\/www.monta\u00f1asdelaluna.es\/wp-content\/uploads\/2015\/08\/Sant-Lloren\u00e7-del-Munt.-La-Mola-071.jpg\" data-dt-img-description=\"\"><img loading=\"lazy\" decoding=\"async\" aria-describedby=\"caption-attachment-16549\" class=\"wp-image-16549 size-full\" src=\"https:\/\/www.monta\u00f1asdelaluna.es\/wp-content\/uploads\/2015\/08\/Sant-Lloren\u00e7-del-Munt.-La-Mola-071.jpg\" alt=\"Subiendo a La Mola\" width=\"751\" height=\"563\" srcset=\"https:\/\/www.monta\u00f1asdelaluna.es\/wp-content\/uploads\/2015\/08\/Sant-Lloren\u00e7-del-Munt.-La-Mola-071.jpg 751w, https:\/\/www.monta\u00f1asdelaluna.es\/wp-content\/uploads\/2015\/08\/Sant-Lloren\u00e7-del-Munt.-La-Mola-071-300x225.jpg 300w\" sizes=\"auto, (max-width: 751px) 100vw, 751px\" \/><\/a><p id=\"caption-attachment-16549\" class=\"wp-caption-text\">Subiendo a La Mola<\/p><\/div>\n<p>Ya nos hemos internado en la frondosidad y espectacularidad de la monta\u00f1a. La senda me sorprende, no solamente por sus vistas, si no por la exuberancia de la vegetaci\u00f3n, su bosque solapado de Quercus, frondosos y vivos. Acerc\u00e1ndonos al Morral del Drac, enfrente, aparece el Tur\u00f3 d\u2019en Griera, casi puntiagudo y escarpado; y detr\u00e1s la otra verde y bella sierra compa\u00f1era de \u00e9sta, la Sierra de l\u2019Obac, entre medias, la espesura de los bosques salpicada por algunas de las mas\u00edas por las que hab\u00edamos pasado. Muy bello. Detr\u00e1s, entre las brumas de la mala visibilidad del d\u00eda, una estupenda muralla de torres verticales y redondeadas nos sorprende, es Montserrat; es una pena que la mala visibilidad no nos deje disfrutar de esta grandiosa y espectacular sierra, pero intentamos imagin\u00e1rnosla recortando sus perfiles brumosos.<\/p>\n<p>Llegamos al cruce de sendas, recorridos e itinerarios en la parte m\u00e1s alta del Canal de l\u2019Abella; no si antes habernos cruzado con el \u00ednfimo Avenc de la Canal de l\u2019Abella y la antigua construcci\u00f3n, comida por la vegetaci\u00f3n, del Forn de Cal\u00e7; tambi\u00e9n de habernos deleitado con el tama\u00f1o del abundante granizo que a\u00fan quedaba en diferentes rincones de la monta\u00f1a. Despu\u00e9s de una tenue subida por el bien cuidado bosque llegamos a \u00e9ste cruce de caminos. Hac\u00eda la derecha nos dirigimos a La Mola. As\u00ed que sin m\u00e1s dilaciones, cambiamos la direcci\u00f3n de Noreste a Sur para aproximarnos a este singular paraje. Tambi\u00e9n seguimos las indicaciones y se\u00f1ales blancas y verdes&#8230; ya no las dejaremos en todo nuestro periplo por esta monta\u00f1a.<\/p>\n<div id=\"attachment_16553\" style=\"width: 761px\" class=\"wp-caption aligncenter\"><a class=\"dt-single-image\" href=\"https:\/\/www.monta\u00f1asdelaluna.es\/wp-content\/uploads\/2015\/08\/Sant-Lloren\u00e7-del-Munt.-La-Mola-080.jpg\" data-dt-img-description=\"\"><img loading=\"lazy\" decoding=\"async\" aria-describedby=\"caption-attachment-16553\" class=\"wp-image-16553 size-full\" src=\"https:\/\/www.monta\u00f1asdelaluna.es\/wp-content\/uploads\/2015\/08\/Sant-Lloren\u00e7-del-Munt.-La-Mola-080.jpg\" alt=\"Detr\u00e1s la Sierra de l'Obac\" width=\"751\" height=\"563\" srcset=\"https:\/\/www.monta\u00f1asdelaluna.es\/wp-content\/uploads\/2015\/08\/Sant-Lloren\u00e7-del-Munt.-La-Mola-080.jpg 751w, https:\/\/www.monta\u00f1asdelaluna.es\/wp-content\/uploads\/2015\/08\/Sant-Lloren\u00e7-del-Munt.-La-Mola-080-300x225.jpg 300w\" sizes=\"auto, (max-width: 751px) 100vw, 751px\" \/><\/a><p id=\"caption-attachment-16553\" class=\"wp-caption-text\">Detr\u00e1s la Sierra de l&#8217;Obac<\/p><\/div>\n<p>Nos topamos de nuevo con gente; voces que se escuchan en un tono alto en medio de la espesura, para que puedan ser o\u00eddas y advertidas por jabal\u00edes, gnomos y otros duendes del bosque. La subida ahora es algo m\u00e1s interesante: por placas de roca en diagonal, horizontal, conglomerados de f\u00e1cil agarre y redondeadas formas; por bosquecillos y frondosas grietas abiertas entre rocas y paredes&#8230; llegamos as\u00ed a la parte m\u00e1s alta de estos conjuntos de monta\u00f1as: una especie de planicie (no horizontal de todo) despejada de vegetaci\u00f3n, coronada, en su punto m\u00e1s alto, por una inquietante construcci\u00f3n religiosa. Es el antiguo Monasterio de Sant Lloren\u00e7 del Munt, con su campanario, iglesia y recinto. Aqu\u00ed si hay mucha m\u00e1s gente, y dentro del recinto, que ahora es un caro restaurante, mucha m\u00e1s.<\/p>\n<p>Ya estamos en los 1.107 mts. de la c\u00faspide de La Mola. El eje geod\u00e9sico se encuentra junto a la pared de la iglesia. Anna ya se hab\u00eda quejado de que emplear\u00edamos m\u00e1s de 3 horas en esta actividad, pero despu\u00e9s de esas tranquilas 3 horas, ya solo quedar\u00eda la bajada. Inspeccionamos la bella y curiosa construcci\u00f3n religiosa. Entramos en la iglesia y salimos a su patio. Nos asomamos por las ventanas del restaurante y nos engatusamos con los olores a butifarra torrada que de \u00e9l sale. Comemos junto a la puerta principal de la iglesia, y me doy cuenta de que, lo m\u00e1s alto de su campanario, donde una sola campana otea el horizonte, es lo que se ve\u00eda desde la lejan\u00eda de nuestro recorrido. Vale la pena acercarse para admirar la antigua y sencilla arquitectura de estas formidables edificaciones religiosas&#8230; eso si, el lugar ideado para construirlo es \u00fanico: un estupendo mirador y un fabuloso lugar de retiro.[vc_separator][\/vc_column_text][\/vc_column][\/vc_row][vc_row][vc_column][vc_empty_space][\/vc_column][\/vc_row][vc_row][vc_column][vc_video link=\u00bbhttps:\/\/vimeo.com\/23430502#t=0s\u00bb title=\u00bbSant Lloren\u00e7 del Munt. La Mola\u00bb][\/vc_column][\/vc_row][vc_row][vc_column][vc_empty_space][\/vc_column][\/vc_row][vc_row][vc_column][vc_column_text]Para bajar decidimos desandar el camino. Pero para no volver por el mismo sitio y hacer un recorrido circular, adem\u00e1s de as\u00ed poder admirar otros rincones de la bella monta\u00f1a e incluso llegar antes al coche, cuando llegamos al Coll del Morral del Drac seguimos por la cima de la monta\u00f1a, recto, en busca del Coll junto al P\u00ed Tort. Bajando justo desde el fabuloso monasterio, las vistas hac\u00eda el resto de la monta\u00f1a, mirando hac\u00eda el Norte, Noroeste, ahora enfrente mientras bajamos, son espectaculares: al fondo del todo el hermoso sombrero o pir\u00e1mide del Montcau, parecido a uno de esos tejados japoneses en pagoda; abajo las estupendas y espectaculares paredes y vertiginosos perfiles de la monta\u00f1a, Roca Foradada, Tur\u00f3 de Les Nou Cabres, Tur\u00f3 del Bosc&#8230; sorprendentes; \u00e9stas te recuerdan las formaciones de Montserrat; y entre unos y otros, el interminable bosque, vegetaci\u00f3n salvaje, verde y viva. Hermoso.<\/p>\n<p>Circundamos el Tur\u00f3 d\u2019en Griera con la magn\u00edfica vista de lo que dejamos atr\u00e1s: La Mola y su fant\u00e1stico monasterio en su cima. Volvemos a cruzar estupendos bosques de Quercus y pino blanco, me parecen; y de nuevo m\u00e1s transe\u00fantes por estas sendas paralizadas en el tiempo de la naturaleza. Yo calculo los collados, bajadas, subidas por las que nos tenemos que encontrar hasta llegar al adecuado; y al llegar al escogido me paro. No hay indicaci\u00f3n alguna, solo unas t\u00edpicas marcas de se\u00f1alizaci\u00f3n que dicen sigas recto hac\u00eda el Coll d\u2019Estenalles (se supone que nuestro itinerario deber\u00eda estar se\u00f1alizado) pero una senda baja por la direcci\u00f3n correcta. Anna comienza a desconfiar, como de costumbre. Le digo que deber\u00edamos estar en el lugar que llaman del P\u00ed Tort. Ella me dice: \u201c\u00bfEs que no lo ves?\u201d Justo junto a la senda de bajada y al poste de se\u00f1alizaciones, hab\u00eda un gran y \u00fanico pino, alto y con numerosas ramas. \u00a1Este debe de ser el P\u00ed Tort! y decidimos bajar por la senda adyacente, hacia la izquierda y cambiando la direcci\u00f3n de Norte-Noroeste a Suroeste.<\/p>\n<div id=\"attachment_16558\" style=\"width: 761px\" class=\"wp-caption aligncenter\"><a class=\"dt-single-image\" href=\"https:\/\/www.monta\u00f1asdelaluna.es\/wp-content\/uploads\/2015\/08\/Sant-Lloren\u00e7-del-Munt.-La-Mola-091.jpg\" data-dt-img-description=\"\"><img loading=\"lazy\" decoding=\"async\" aria-describedby=\"caption-attachment-16558\" class=\"wp-image-16558 size-full\" src=\"https:\/\/www.monta\u00f1asdelaluna.es\/wp-content\/uploads\/2015\/08\/Sant-Lloren\u00e7-del-Munt.-La-Mola-091.jpg\" alt=\"En la cima de La Mola, el Monasterio de Sant LLoren\u00e7 del Munt\" width=\"751\" height=\"563\" srcset=\"https:\/\/www.monta\u00f1asdelaluna.es\/wp-content\/uploads\/2015\/08\/Sant-Lloren\u00e7-del-Munt.-La-Mola-091.jpg 751w, https:\/\/www.monta\u00f1asdelaluna.es\/wp-content\/uploads\/2015\/08\/Sant-Lloren\u00e7-del-Munt.-La-Mola-091-300x225.jpg 300w\" sizes=\"auto, (max-width: 751px) 100vw, 751px\" \/><\/a><p id=\"caption-attachment-16558\" class=\"wp-caption-text\">En la cima de La Mola, el Monasterio de Sant LLoren\u00e7 del Munt<\/p><\/div>\n<div id=\"attachment_16564\" style=\"width: 761px\" class=\"wp-caption aligncenter\"><a class=\"dt-single-image\" href=\"https:\/\/www.monta\u00f1asdelaluna.es\/wp-content\/uploads\/2015\/08\/Sant-Lloren\u00e7-del-Munt.-La-Mola-099.jpg\" data-dt-img-description=\"\"><img loading=\"lazy\" decoding=\"async\" aria-describedby=\"caption-attachment-16564\" class=\"wp-image-16564 size-full\" src=\"https:\/\/www.monta\u00f1asdelaluna.es\/wp-content\/uploads\/2015\/08\/Sant-Lloren\u00e7-del-Munt.-La-Mola-099.jpg\" alt=\"Joaqu\u00edn en el Monasterio de Sant Lloren\u00e7 del Munt\" width=\"751\" height=\"563\" srcset=\"https:\/\/www.monta\u00f1asdelaluna.es\/wp-content\/uploads\/2015\/08\/Sant-Lloren\u00e7-del-Munt.-La-Mola-099.jpg 751w, https:\/\/www.monta\u00f1asdelaluna.es\/wp-content\/uploads\/2015\/08\/Sant-Lloren\u00e7-del-Munt.-La-Mola-099-300x225.jpg 300w\" sizes=\"auto, (max-width: 751px) 100vw, 751px\" \/><\/a><p id=\"caption-attachment-16564\" class=\"wp-caption-text\">Joaqu\u00edn en el Monasterio de Sant Lloren\u00e7 del Munt<\/p><\/div>\n<p>La bajada fue directa, recta y sin dificultades, aunque a Anna le pareci\u00f3 algo larga, pero seguramente era por todo el tiempo que ya est\u00e1bamos en la monta\u00f1a. Al momento de internarnos por dicha senda, visualizamos las otras marcas verdes y rojas; y Anna se tranquiliz\u00f3 a medias. Por aqu\u00ed si que nadie sub\u00eda ni bajaba. Est\u00e1bamos solos en el silencio y a la vez en el propio ruido de la monta\u00f1a.<\/p>\n<p>Enseguida llegamos a Can Pelags por aquella senda que ve\u00edamos bajaba de la monta\u00f1a cuando pasamos al principio por esta mas\u00eda, justo como pon\u00eda en el mapa y como calcul\u00e9. Desde Can Pelags desandamos el camino sin hacer caso a la pista principal y s\u00ed a las marcas verdes y rojas, y al tiempo llegamos al, ahora, solitario coche aparcado en la orilla de la carretera, junto a La Barata.<\/p>\n<div id=\"attachment_16569\" style=\"width: 761px\" class=\"wp-caption aligncenter\"><a class=\"dt-single-image\" href=\"https:\/\/www.monta\u00f1asdelaluna.es\/wp-content\/uploads\/2015\/08\/Sant-Lloren\u00e7-del-Munt.-La-Mola-119.jpg\" data-dt-img-description=\"\"><img loading=\"lazy\" decoding=\"async\" aria-describedby=\"caption-attachment-16569\" class=\"wp-image-16569 size-full\" src=\"https:\/\/www.monta\u00f1asdelaluna.es\/wp-content\/uploads\/2015\/08\/Sant-Lloren\u00e7-del-Munt.-La-Mola-119.jpg\" alt=\"Bajando de La Mola\" width=\"751\" height=\"563\" srcset=\"https:\/\/www.monta\u00f1asdelaluna.es\/wp-content\/uploads\/2015\/08\/Sant-Lloren\u00e7-del-Munt.-La-Mola-119.jpg 751w, https:\/\/www.monta\u00f1asdelaluna.es\/wp-content\/uploads\/2015\/08\/Sant-Lloren\u00e7-del-Munt.-La-Mola-119-300x225.jpg 300w\" sizes=\"auto, (max-width: 751px) 100vw, 751px\" \/><\/a><p id=\"caption-attachment-16569\" class=\"wp-caption-text\">Bajando de La Mola<\/p><\/div>\n<p>Como me est\u00e1 pasando con muchas monta\u00f1as barcelonesas del litoral y prelitoral, me sorprendi\u00f3 la belleza y espectacularidad del lugar. Cada monta\u00f1a, cada bosque tiene algo \u00fanico y hermoso, y Sant Lloren\u00e7 del Munt i l\u2019Obac tiene muchos y variados pasajes bellos y magn\u00edficos. Volveremos a por el Montcau o a por l\u2019Obac.<\/p>\n<div id=\"attachment_16620\" style=\"width: 764px\" class=\"wp-caption aligncenter\"><a class=\"dt-single-image\" href=\"https:\/\/www.monta\u00f1asdelaluna.es\/wp-content\/uploads\/2011\/03\/Sant-Lloren\u00e7-del-Munt.-La-Mola.jpg\" data-dt-img-description=\"\"><img loading=\"lazy\" decoding=\"async\" aria-describedby=\"caption-attachment-16620\" class=\"wp-image-16620 size-full\" src=\"https:\/\/www.monta\u00f1asdelaluna.es\/wp-content\/uploads\/2011\/03\/Sant-Lloren\u00e7-del-Munt.-La-Mola.jpg\" alt=\"Croquis del recorrido por Sant Lloren\u00e7 del Munt. La Mola\" width=\"754\" height=\"685\" srcset=\"https:\/\/www.monta\u00f1asdelaluna.es\/wp-content\/uploads\/2011\/03\/Sant-Lloren\u00e7-del-Munt.-La-Mola.jpg 754w, https:\/\/www.monta\u00f1asdelaluna.es\/wp-content\/uploads\/2011\/03\/Sant-Lloren\u00e7-del-Munt.-La-Mola-300x273.jpg 300w\" sizes=\"auto, (max-width: 754px) 100vw, 754px\" \/><\/a><p id=\"caption-attachment-16620\" class=\"wp-caption-text\">Croquis del recorrido por Sant Lloren\u00e7 del Munt. La Mola<\/p><\/div>\n<p>[\/vc_column_text][\/vc_column][\/vc_row][vc_row][vc_column][vc_empty_space height=\u00bb60px\u00bb][\/vc_column][\/vc_row][vc_row][vc_column][vc_cta h2=\u00bb\u00c1lbum de fotos\u00bb txt_align=\u00bbcenter\u00bb add_button=\u00bbbottom\u00bb btn_title=\u00bbVer fotos\u00bb btn_color=\u00bbwarning\u00bb btn_align=\u00bbcenter\u00bb btn_link=\u00bburl:https%3A%2F%2Fmonta%C3%B1asdelaluna.es%2F%3Fdt_gallery%3Dsant-llorenc-del-munt|title:Sant%20LLoren%C3%A7%20del%20Munt.%20La%20Mola|target:_blank\u00bb css=\u00bb.vc_custom_1625819178013{background-color: #8bc4ed !important;}\u00bb]Puedes ver todas las fotos del relato y actividad en forma de presentaci\u00f3n o individuales pinchando aqui \u00a1No te las pierdas![\/vc_cta][\/vc_column][\/vc_row][vc_row][vc_column][vc_empty_space height=\u00bb60px\u00bb][\/vc_column][\/vc_row][vc_row][vc_column width=\u00bb1\/3&#8243;][\/vc_column][vc_column width=\u00bb1\/2&#8243;][vc_raw_html]JTNDaWZyYW1lJTIwc3JjJTNEJTIyaHR0cHMlM0ElMkYlMkZ3d3cubWV0ZW9ibHVlLmNvbSUyRmVzJTJGdGllbXBvJTJGd2lkZ2V0JTJGZGFpbHklMkZtYXRhZGVwZXJhX2VzcGElMjVjMyUyNWIxYV8zMTE3MjAwJTNGZGF5cyUzRDclMjZ0ZW1wdW5pdCUzRENFTFNJVVMlMjZ3aW5kdW5pdCUzREtJTE9NRVRFUl9QRVJfSE9VUiUyNnBpY3RvaWNvbiUzRDElMjZtYXh0ZW1wZXJhdHVyZSUzRDElMjZtaW50ZW1wZXJhdHVyZSUzRDElMjZ3aW5kc3BlZWQlM0QxJTI2d2luZGd1c3QlM0QxJTI2d2luZGRpcmVjdGlvbiUzRDElMjZwcmVjaXBpdGF0aW9uJTNEMSUyNnByZWNpcGl0YXRpb25wcm9iYWJpbGl0eSUzRDElMjZzcG90JTNEMSUyNnByZXNzdXJlJTNEMSUyNmxheW91dCUzRGxpZ2h0JTIyJTIwJTIwZnJhbWVib3JkZXIlM0QlMjIwJTIyJTIwc2Nyb2xsaW5nJTNEJTIyTk8lMjIlMjBhbGxvd3RyYW5zcGFyZW5jeSUzRCUyMnRydWUlMjIlMjBzdHlsZSUzRCUyMndpZHRoJTNBJTIwMzc4cHglM0JoZWlnaHQlM0ElMjAzODFweCUyMiUzRSUzQyUyRmlmcmFtZSUzRSUzQ2RpdiUzRSUzQyUyMS0tJTIwRE8lMjBOT1QlMjBSRU1PVkUlMjBUSElTJTIwTElOSyUyMC0tJTNFJTNDYSUyMGhyZWYlM0QlMjJodHRwcyUzQSUyRiUyRnd3dy5tZXRlb2JsdWUuY29tJTJGZXMlMkZ0aWVtcG8lMkZwcm9ub3N0aWNvJTJGc2VtYW5hJTJGbWF0YWRlcGVyYV9lc3BhJTI1YzMlMjViMWFfMzExNzIwMCUyMiUyMHRhcmdldCUzRCUyMl9ibGFuayUyMiUzRW1ldGVvYmx1ZSUzQyUyRmElM0UlM0MlMkZkaXYlM0U=[\/vc_raw_html][\/vc_column][vc_column width=\u00bb1\/5&#8243;][\/vc_column][\/vc_row]<\/p>\n","protected":false},"excerpt":{"rendered":"<p>[vc_row][vc_column][vc_column_text]Anna me ped\u00eda una marcha por la monta\u00f1a de unas 3 horas como mucho, e intent\u00e9 buscar, de nuevo, otro lugar cercano a una estaci\u00f3n de tren, y en otro macizo diferente. Ya hac\u00eda tiempo que tocaba acercarnos al Parque Natural de Sant Lloren\u00e7 del Munt i l\u2019Obac y subir a uno de sus picos&hellip;<\/p>\n","protected":false},"author":1,"featured_media":16560,"comment_status":"open","ping_status":"open","sticky":false,"template":"","format":"standard","meta":[],"categories":[51],"tags":[],"class_list":["post-16601","post","type-post","status-publish","format-standard","has-post-thumbnail","hentry","category-sant-llorenc-del-munt","category-51","description-off"],"_links":{"self":[{"href":"https:\/\/www.monta\u00f1asdelaluna.es\/index.php?rest_route=\/wp\/v2\/posts\/16601","targetHints":{"allow":["GET"]}}],"collection":[{"href":"https:\/\/www.monta\u00f1asdelaluna.es\/index.php?rest_route=\/wp\/v2\/posts"}],"about":[{"href":"https:\/\/www.monta\u00f1asdelaluna.es\/index.php?rest_route=\/wp\/v2\/types\/post"}],"author":[{"embeddable":true,"href":"https:\/\/www.monta\u00f1asdelaluna.es\/index.php?rest_route=\/wp\/v2\/users\/1"}],"replies":[{"embeddable":true,"href":"https:\/\/www.monta\u00f1asdelaluna.es\/index.php?rest_route=%2Fwp%2Fv2%2Fcomments&post=16601"}],"version-history":[{"count":15,"href":"https:\/\/www.monta\u00f1asdelaluna.es\/index.php?rest_route=\/wp\/v2\/posts\/16601\/revisions"}],"predecessor-version":[{"id":50185,"href":"https:\/\/www.monta\u00f1asdelaluna.es\/index.php?rest_route=\/wp\/v2\/posts\/16601\/revisions\/50185"}],"wp:featuredmedia":[{"embeddable":true,"href":"https:\/\/www.monta\u00f1asdelaluna.es\/index.php?rest_route=\/wp\/v2\/media\/16560"}],"wp:attachment":[{"href":"https:\/\/www.monta\u00f1asdelaluna.es\/index.php?rest_route=%2Fwp%2Fv2%2Fmedia&parent=16601"}],"wp:term":[{"taxonomy":"category","embeddable":true,"href":"https:\/\/www.monta\u00f1asdelaluna.es\/index.php?rest_route=%2Fwp%2Fv2%2Fcategories&post=16601"},{"taxonomy":"post_tag","embeddable":true,"href":"https:\/\/www.monta\u00f1asdelaluna.es\/index.php?rest_route=%2Fwp%2Fv2%2Ftags&post=16601"}],"curies":[{"name":"wp","href":"https:\/\/api.w.org\/{rel}","templated":true}]}}