{"id":16741,"date":"2012-08-04T16:44:49","date_gmt":"2012-08-04T16:44:49","guid":{"rendered":"http:\/\/monta\u00f1asdelaluna.com\/?p=16741"},"modified":"2021-07-14T09:37:14","modified_gmt":"2021-07-14T09:37:14","slug":"gran-paradiso-4-y-5-de-agosto-del-2-012","status":"publish","type":"post","link":"https:\/\/www.monta\u00f1asdelaluna.es\/?p=16741","title":{"rendered":"4 y 5 de agosto del 2.012, domingo"},"content":{"rendered":"<p>[vc_row][vc_column][vc_column_text]Una magn\u00edfica manera de reunirnos los amigos monta\u00f1eros, es yendo a la monta\u00f1a juntos. Aprovech\u00e9 las ganas de salir y visitar de nuevo los Alpes despu\u00e9s de 7 a\u00f1os desde la \u00faltima vez, y a la vez traslad\u00e9 mi ilusi\u00f3n e invitaci\u00f3n a mis \u201cviejos\u201d compa\u00f1eros de grandes monta\u00f1as (por muchos a\u00f1os), Quique y Jes\u00fas. Y a la vez celebrar, a parte de nuestra duradera y comprometida amistad monta\u00f1era, a pesar de la distancia y de los entresijos de la vida, aquella primera gran monta\u00f1a que conquistamos hace justamente 10 a\u00f1os en esta misma cordillera: el Mont Blanc.<\/p>\n<p>Quiz\u00e1s por las palabras y conocimientos de Javi (que ya la visit\u00f3) y por el \u201cno muy dif\u00edcil y esforzado\u201d ascenso, elegimos dirigirnos al Gran Paradiso (4.061 mts.), al sur del Valle de Aosta en los Alpes italianos; pero cerca del macizo del Mont Blanc italo-franc\u00e9s. Supon\u00eda que no hab\u00edamos tenido el tiempo suficiente para un entrenamiento serio para una monta\u00f1a excesivamente esforzada. Quiz\u00e1s hubieran m\u00e1s razones, pero ahora no recuerdo.<\/p>\n<p>Al final, convenciendo a mis amigos Paco y Toni, y Quique a su hermano Luis, los 6 emprend\u00edamos el pasado viernes 3 de agosto del 2.012, la aventura hac\u00eda tierras francesas y luego italianas en busca de la conquista de esta emblem\u00e1tica cima italiana. Os dejo mi Diario de Viaje de letras de color <span style=\"color: #0000ff;\">azul<\/span>, que como el Libro de Bit\u00e1cora en una traves\u00eda transoce\u00e1nica, recoge la experiencia escrita in situ&#8230; con comentarios a posteriori en negro.<\/p>\n<div id=\"attachment_16630\" style=\"width: 761px\" class=\"wp-caption aligncenter\"><a class=\"dt-single-image\" href=\"https:\/\/www.monta\u00f1asdelaluna.es\/wp-content\/uploads\/2015\/08\/Alpes-d\u00eda-4.-Coll-du-Petit-Sant-Bernat-001.jpg\" data-dt-img-description=\"\"><img loading=\"lazy\" decoding=\"async\" aria-describedby=\"caption-attachment-16630\" class=\"wp-image-16630 size-full\" src=\"https:\/\/www.monta\u00f1asdelaluna.es\/wp-content\/uploads\/2015\/08\/Alpes-d\u00eda-4.-Coll-du-Petit-Sant-Bernat-001.jpg\" alt=\"Joaqu\u00edn en el Coll du Petit Sant Bernat\" width=\"751\" height=\"563\" srcset=\"https:\/\/www.monta\u00f1asdelaluna.es\/wp-content\/uploads\/2015\/08\/Alpes-d\u00eda-4.-Coll-du-Petit-Sant-Bernat-001.jpg 751w, https:\/\/www.monta\u00f1asdelaluna.es\/wp-content\/uploads\/2015\/08\/Alpes-d\u00eda-4.-Coll-du-Petit-Sant-Bernat-001-300x225.jpg 300w\" sizes=\"auto, (max-width: 751px) 100vw, 751px\" \/><\/a><p id=\"caption-attachment-16630\" class=\"wp-caption-text\">Joaqu\u00edn en el Coll du Petit Sant Bernat<\/p><\/div>\n<div id=\"attachment_16730\" style=\"width: 932px\" class=\"wp-caption aligncenter\"><a class=\"dt-single-image\" href=\"https:\/\/www.monta\u00f1asdelaluna.es\/wp-content\/uploads\/2015\/08\/P8040029.jpg\" data-dt-img-description=\"\"><img loading=\"lazy\" decoding=\"async\" aria-describedby=\"caption-attachment-16730\" class=\"wp-image-16730 size-full\" src=\"https:\/\/www.monta\u00f1asdelaluna.es\/wp-content\/uploads\/2015\/08\/P8040029.jpg\" alt=\"\" width=\"922\" height=\"691\" srcset=\"https:\/\/www.monta\u00f1asdelaluna.es\/wp-content\/uploads\/2015\/08\/P8040029.jpg 922w, https:\/\/www.monta\u00f1asdelaluna.es\/wp-content\/uploads\/2015\/08\/P8040029-300x225.jpg 300w\" sizes=\"auto, (max-width: 922px) 100vw, 922px\" \/><\/a><p id=\"caption-attachment-16730\" class=\"wp-caption-text\">Camping Pont Breuil<\/p><\/div>\n<h3>4 de agosto de 2012, s\u00e1bado<\/h3>\n<p><span style=\"color: #0000ff;\">Orange, Valence, Grenoble. Equivocaci\u00f3n gps de Paco. No\u00a0 entrar al centro de Grenoble. Seguir a CHambery. Antes de CHambery desv\u00edo a Albertville. Despu\u00e9s seguir direcci\u00f3n Aime. Valle Bonito. Carretera sinuosa.<\/span><\/p>\n<p><span style=\"color: #0000ff;\">\u00a0\u00a0\u00a0\u00a0 Cruce P. N. de Rousel. No dejamos carretera. Valle m\u00e1s bonito, hac\u00eda el Coll du Petit Sant Bernart. Atasco en Bourg Saint Maurice.<\/span><\/p>\n<p>Decidimos cruzar la frontera franco-italiana por el conocido puerto del Coll du Petit Sant Bernart, en lugar de atravesar el macizo del Mont Blanc por su t\u00fanel, a pesar de que lo ten\u00edamos cerca, por su coste. Por Albertville hac\u00eda arriba, hac\u00eda Italia, descubrimos un valle y un paisaje extraordinarios y bellos. Con parada obligada en el puerto para admirar los perfiles del agreste macizo del Mont Blanc, que te dejaban ver entre las monta\u00f1as cercanas<\/p>\n<p><span style=\"color: #0000ff;\">Coll du Petit Sant Bernat 2.188 mts. Frontera Franco-Italiana.<\/span><\/p>\n<p><span style=\"color: #0000ff;\">\u00a0\u00a0\u00a0\u00a0 Comida en Courmayeur, en la pizzer\u00eda Au Tunnel, referenciada por Quique.<\/span><\/p>\n<p><span style=\"color: #0000ff;\">\u00a0\u00a0\u00a0\u00a0 Valle de Aosta. Arvier: torre medieval-castillo y torre iglesia desde carretera. Acerc\u00e1ndonos a Gran Paradiso: Valsavarenche-Pont Breuil. Camping. Bonito valle con el fondo de algunos glaciares y a la izquierda picos con neveros, glaciares, puntiagudos: Il Ciarforon (3.640 mts.), Becca do Monciair (3.554 mts.) y I Denti di Broglio (3.419 mts.). Tormenta por la tarde. Poca gente acampada. Humedad, fr\u00edo; compramos mapas. Tiempo inestable. Altitud 1.950 mts.<\/span><\/p>\n<p>Despu\u00e9s de dejar Courmayeur al norte, bajamos hac\u00eda el sur col\u00e1ndonos en el bonito Valle de Valsavarenche. Bonitas poblaciones y subida acusada hasta los casi 2.000 metros del \u00faltimo camping del valle, y m\u00e1s alto (con fama de ser el camping a m\u00e1s altura de los Alpes). Los alrededores del valle con espectaculares con las puntiagudas y hermosas c\u00faspides de las monta\u00f1as nombradas, que quedan a la izquierda del mismo. Al fondo del valle una masa de hielo nos insin\u00faa que estamos cerca de masas heladas y cuaternarias: el Glaciar del Grand \u00c9tret. Impresionante. Montamos las tiendas y me doy cuenta que la tienda que llevo casi no cabemos los 3, y tenemos que instalarnos, muy, muy apretados&#8230; llega a ser agobiante. El tiempo no acompa\u00f1a hoy, ni acompa\u00f1ar\u00e1 ma\u00f1ana, mejor, as\u00ed a la hora de subir al refugio y atacar la cumbre, vendr\u00e1 el bueno.<\/p>\n<div id=\"attachment_16642\" style=\"width: 761px\" class=\"wp-caption aligncenter\"><a class=\"dt-single-image\" href=\"https:\/\/www.monta\u00f1asdelaluna.es\/wp-content\/uploads\/2015\/08\/Alpes-d\u00eda-5.-Circular-por-Nivolet-y-Gran-Collet-014.jpg\" data-dt-img-description=\"\"><img loading=\"lazy\" decoding=\"async\" aria-describedby=\"caption-attachment-16642\" class=\"wp-image-16642 size-full\" src=\"https:\/\/www.monta\u00f1asdelaluna.es\/wp-content\/uploads\/2015\/08\/Alpes-d\u00eda-5.-Circular-por-Nivolet-y-Gran-Collet-014.jpg\" alt=\"Joaqu\u00edn y Jes\u00fas junto al r\u00edo Nivolet\" width=\"751\" height=\"563\" srcset=\"https:\/\/www.monta\u00f1asdelaluna.es\/wp-content\/uploads\/2015\/08\/Alpes-d\u00eda-5.-Circular-por-Nivolet-y-Gran-Collet-014.jpg 751w, https:\/\/www.monta\u00f1asdelaluna.es\/wp-content\/uploads\/2015\/08\/Alpes-d\u00eda-5.-Circular-por-Nivolet-y-Gran-Collet-014-300x225.jpg 300w\" sizes=\"auto, (max-width: 751px) 100vw, 751px\" \/><\/a><p id=\"caption-attachment-16642\" class=\"wp-caption-text\">Joaqu\u00edn y Jes\u00fas junto al r\u00edo Nivolet<\/p><\/div>\n<div id=\"attachment_16650\" style=\"width: 761px\" class=\"wp-caption aligncenter\"><a class=\"dt-single-image\" href=\"https:\/\/www.monta\u00f1asdelaluna.es\/wp-content\/uploads\/2015\/08\/Alpes-d\u00eda-5.-Circular-por-Nivolet-y-Gran-Collet-029.jpg\" data-dt-img-description=\"\"><img loading=\"lazy\" decoding=\"async\" aria-describedby=\"caption-attachment-16650\" class=\"wp-image-16650 size-full\" src=\"https:\/\/www.monta\u00f1asdelaluna.es\/wp-content\/uploads\/2015\/08\/Alpes-d\u00eda-5.-Circular-por-Nivolet-y-Gran-Collet-029.jpg\" alt=\"Crocce dell'Arolley, detr\u00e1s el Gran Paradiso\" width=\"751\" height=\"563\" srcset=\"https:\/\/www.monta\u00f1asdelaluna.es\/wp-content\/uploads\/2015\/08\/Alpes-d\u00eda-5.-Circular-por-Nivolet-y-Gran-Collet-029.jpg 751w, https:\/\/www.monta\u00f1asdelaluna.es\/wp-content\/uploads\/2015\/08\/Alpes-d\u00eda-5.-Circular-por-Nivolet-y-Gran-Collet-029-300x225.jpg 300w\" sizes=\"auto, (max-width: 751px) 100vw, 751px\" \/><\/a><p id=\"caption-attachment-16650\" class=\"wp-caption-text\">Crocce dell&#8217;Arolley, detr\u00e1s el Gran Paradiso<\/p><\/div>\n<h3><\/h3>\n<h3>5 de agosto de 2012, domingo. Ruta trekking circular.<\/h3>\n<p><span style=\"color: #0000ff;\">He dormido regular. Mis compa\u00f1eros se despiertan pronto, antes de las 7. Desayunamos. Poco despu\u00e9s de las 8 ya estamos de camino: hemos elegido ir al Lago Roset, pero llegaremos al Nivolet.<\/span><\/p>\n<p>La idea era hacer una excursi\u00f3n, un recorrido de \u201caclimataci\u00f3n\u201d. Ya que al otro d\u00eda, viendo que el tiempo mejorar\u00eda, ten\u00edamos la idea de subir al refugio. Se abrieron y consultaron varias posibilidades: ir al otro refugio (Chabod) haciendo una circular desde el camping era una, y la otra era recorrernos el valle paralelo a Le Pont hac\u00eda los Lagos de Nivolet; quiz\u00e1s volver por el Gran Collet y puede que acerarnos a alg\u00fan pico de tresmil metros.<\/p>\n<p><span style=\"color: #0000ff;\">Cogemos un valle estrecho cuya senda se\u00f1alizada con una ruta del P. N. (3) sal\u00eda muy bien se\u00f1alizada y cogiendo mucho desnivel, justo por detr\u00e1s de las primeras casas antecesoras del parking. La subida es bonita y la senda muy bien pisada. Enseguida nos desviamos para asomarnos a unas cascadas y rincones del r\u00edo Dora del Nivolet. La senda sube con muchas revueltas vertical y cuidada con piedras, escalones y vallitas a modo de cuerdecillas pasamanos. Llegamos al punto m\u00e1s alto de la vertical subida donde hay una cruz y unas magn\u00edficas vistas al nublado macizo del Gran Paradiso. Croce dell\u2019Arolley (2.313 mts.). Fotos. Ahora la senda se interna m\u00e1s horizontal valle arriba con direcci\u00f3n sur.<\/span><\/p>\n<div id=\"attachment_16725\" style=\"width: 1034px\" class=\"wp-caption aligncenter\"><a class=\"dt-single-image\" href=\"https:\/\/www.monta\u00f1asdelaluna.es\/wp-content\/uploads\/2015\/08\/Gran-Paradiso-1023.jpg\" data-dt-img-description=\"\"><img loading=\"lazy\" decoding=\"async\" aria-describedby=\"caption-attachment-16725\" class=\"wp-image-16725 size-large\" src=\"https:\/\/www.monta\u00f1asdelaluna.es\/wp-content\/uploads\/2015\/08\/Gran-Paradiso-1023-1024x576.jpg\" alt=\"Macizo del Gran Paradiso\" width=\"1024\" height=\"576\" srcset=\"https:\/\/www.monta\u00f1asdelaluna.es\/wp-content\/uploads\/2015\/08\/Gran-Paradiso-1023-1024x576.jpg 1024w, https:\/\/www.monta\u00f1asdelaluna.es\/wp-content\/uploads\/2015\/08\/Gran-Paradiso-1023-300x169.jpg 300w, https:\/\/www.monta\u00f1asdelaluna.es\/wp-content\/uploads\/2015\/08\/Gran-Paradiso-1023.jpg 1267w\" sizes=\"auto, (max-width: 1024px) 100vw, 1024px\" \/><\/a><p id=\"caption-attachment-16725\" class=\"wp-caption-text\">Macizo del Gran Paradiso<\/p><\/div>\n<p><span style=\"color: #0000ff;\">\u00a0\u00a0\u00a0\u00a0 El tiempo no es bueno. Nublado y empiezan a caer gotas. Cartel se\u00f1alizador, seguimos la (3) y dejamos la ruta (9) a la derecha. Todo el valle sigue unas torres de alta tensi\u00f3n. Comienza a llover, nos protegemos de la lluvia y decidimos ir a unas caba\u00f1as abandonadas, despu\u00e9s de cruzar el r\u00edo por un puentecillo a la derecha. <\/span><\/p>\n<p><span style=\"color: #0000ff;\">\u00a0\u00a0\u00a0\u00a0 Tur\u00edn se llama el lugar (2.396 mts.). Esperamos a que afloje la lluvia y hacemos fotos al Gran Paradiso que intenta despejarse. Reanudamos la marcha por el valle llano y horizontal donde el r\u00edo hace curvas. Paramos junto al cruce con la ruta (2A) hac\u00eda el Gran Collet. Estamos en el Piano de Nivolet.<\/span><\/p>\n<p>Desde aqu\u00ed tuvimos la visi\u00f3n por primera vez del Gran Paradiso. Alto y suave a la vez, presentaba m\u00e1s escarpes y vertiginosas paredes as\u00ed como afiladas cuchillas en lo que llamaban la zona o cresta del Piccolo Paradiso a su derecha y norte, que rozaban pero no llegaban a los cuatro mil metros. Impresionante. Rodeado de la desgastaba y maltrecha lengua helada del Glaciar del Gran Paradiso, y del escondido y formidable Glaciar de Laveciau, el primero a la derecha bajando de su suave cumbre, y el segundo a la izquierda por debajo del Piccolo Paradiso y seguido de otras lenguas glaciares que segu\u00edan hac\u00eda el norte bajo las agujas y escarpes nombrados. Las nubes nos ofrec\u00edan un espectacular y formidable paisaje de tenebrosas borrascas y asombrosas ventiscas.<\/p>\n<div id=\"attachment_16662\" style=\"width: 761px\" class=\"wp-caption aligncenter\"><a class=\"dt-single-image\" href=\"https:\/\/www.monta\u00f1asdelaluna.es\/wp-content\/uploads\/2015\/08\/Alpes-d\u00eda-5.-Circular-por-Nivolet-y-Gran-Collet-055.jpg\" data-dt-img-description=\"\"><img loading=\"lazy\" decoding=\"async\" aria-describedby=\"caption-attachment-16662\" class=\"wp-image-16662 size-full\" src=\"https:\/\/www.monta\u00f1asdelaluna.es\/wp-content\/uploads\/2015\/08\/Alpes-d\u00eda-5.-Circular-por-Nivolet-y-Gran-Collet-055.jpg\" alt=\"Piano de Nivolet, detr\u00e1s el Gr\u00edvola\" width=\"751\" height=\"563\" srcset=\"https:\/\/www.monta\u00f1asdelaluna.es\/wp-content\/uploads\/2015\/08\/Alpes-d\u00eda-5.-Circular-por-Nivolet-y-Gran-Collet-055.jpg 751w, https:\/\/www.monta\u00f1asdelaluna.es\/wp-content\/uploads\/2015\/08\/Alpes-d\u00eda-5.-Circular-por-Nivolet-y-Gran-Collet-055-300x225.jpg 300w\" sizes=\"auto, (max-width: 751px) 100vw, 751px\" \/><\/a><p id=\"caption-attachment-16662\" class=\"wp-caption-text\">Piano de Nivolet, detr\u00e1s el Gr\u00edvola<\/p><\/div>\n<div id=\"attachment_16667\" style=\"width: 761px\" class=\"wp-caption aligncenter\"><a class=\"dt-single-image\" href=\"https:\/\/www.monta\u00f1asdelaluna.es\/wp-content\/uploads\/2015\/08\/Alpes-d\u00eda-5.-Circular-por-Nivolet-y-Gran-Collet-070.jpg\" data-dt-img-description=\"\"><img loading=\"lazy\" decoding=\"async\" aria-describedby=\"caption-attachment-16667\" class=\"wp-image-16667 size-full\" src=\"https:\/\/www.monta\u00f1asdelaluna.es\/wp-content\/uploads\/2015\/08\/Alpes-d\u00eda-5.-Circular-por-Nivolet-y-Gran-Collet-070.jpg\" alt=\"Lago de Nivolet\" width=\"751\" height=\"563\" srcset=\"https:\/\/www.monta\u00f1asdelaluna.es\/wp-content\/uploads\/2015\/08\/Alpes-d\u00eda-5.-Circular-por-Nivolet-y-Gran-Collet-070.jpg 751w, https:\/\/www.monta\u00f1asdelaluna.es\/wp-content\/uploads\/2015\/08\/Alpes-d\u00eda-5.-Circular-por-Nivolet-y-Gran-Collet-070-300x225.jpg 300w\" sizes=\"auto, (max-width: 751px) 100vw, 751px\" \/><\/a><p id=\"caption-attachment-16667\" class=\"wp-caption-text\">Lago de Nivolet<\/p><\/div>\n<p><span style=\"color: #0000ff;\">Vemos rebecos y muchas marmotas. Llegamos a una pista asfaltada, lago y refugio. Delante nuestro hemos tenido la bonita vista de la Punta y Glaciar Basei. Comemos en el Lago del Nivolet, ya que al Refugio Savoia llegan los coches, moteros y autob\u00fas de l\u00ednea. M\u00e1s arriba, cerca del Collado del Nivolet est\u00e1 la simp\u00e1tica construcci\u00f3n del Refugio Chivazo.<\/span><\/p>\n<p><span style=\"color: #0000ff;\">\u00a0\u00a0\u00a0\u00a0 Despu\u00e9s de comer en las orillas del bonito lago (2.526 mts.) frente a la Rocce del Nivolet (cresta puntiaguda), volvemos desandando el camino.<\/span><\/p>\n<p>Antes detr\u00e1s y ahora delante nuestro, aparece la espectacular figura del Grivola, cercano a los cuatro mil metros. Un pico y monta\u00f1a espectacular, desafiante, bella y escultural. No podemos quitar la mirada de su picuda cima, de sus verticales vertientes, de sus desafiantes escarpes&#8230; Impresionante.<\/p>\n<p><span style=\"color: #0000ff;\">El tiempo ha estado todo el tiempo con nubes, tapado y fresco. Llegamos de nuevo al cruce con la ruta (2A) hac\u00eda el Gran Collet. Paco dijo de subir alg\u00fan 3.000 pero decidimos que mejor lo har\u00edamos optativo desde el Gran Collet. Quique tiene reticencias por la ruta, ya que el tiempo puede empeorar y caernos la de dios como ayer. Comenzamos una fuerte subida casi en zigzag. Al principio junto a las ruinas de unas casas (antes de llegar al algo, hemos visto otro grupo de casas en ruinas: Nivolet) y Gran Collet es \u00e9ste.<\/span><\/p>\n<div id=\"attachment_16689\" style=\"width: 761px\" class=\"wp-caption aligncenter\"><a class=\"dt-single-image\" href=\"https:\/\/www.monta\u00f1asdelaluna.es\/wp-content\/uploads\/2015\/08\/Alpes-d\u00eda-5.-Circular-por-Nivolet-y-Gran-Collet-109.jpg\" data-dt-img-description=\"\"><img loading=\"lazy\" decoding=\"async\" aria-describedby=\"caption-attachment-16689\" class=\"wp-image-16689 size-full\" src=\"https:\/\/www.monta\u00f1asdelaluna.es\/wp-content\/uploads\/2015\/08\/Alpes-d\u00eda-5.-Circular-por-Nivolet-y-Gran-Collet-109.jpg\" alt=\"Gran Collet\" width=\"751\" height=\"563\" srcset=\"https:\/\/www.monta\u00f1asdelaluna.es\/wp-content\/uploads\/2015\/08\/Alpes-d\u00eda-5.-Circular-por-Nivolet-y-Gran-Collet-109.jpg 751w, https:\/\/www.monta\u00f1asdelaluna.es\/wp-content\/uploads\/2015\/08\/Alpes-d\u00eda-5.-Circular-por-Nivolet-y-Gran-Collet-109-300x225.jpg 300w\" sizes=\"auto, (max-width: 751px) 100vw, 751px\" \/><\/a><p id=\"caption-attachment-16689\" class=\"wp-caption-text\">Gran Collet<\/p><\/div>\n<p><span style=\"color: #0000ff;\">\u00a0\u00a0\u00a0\u00a0 Mientras subimos con buen ritmo vemos como una tormenta se forma, y llegando a las planicies antes del punto m\u00e1s alto, comienza a llover, tronar, relampaguear, con cada vez m\u00e1s intensidad. Paco y yo llegamos primeros al Gran Collet (2.832 mts.) y el viento era muy, muy fuerte, mucha lluvia y sensaci\u00f3n de fr\u00edo muy intensa. Quique se enfada al llegar y decide emprender la bajada al otro lado (ya por el valle de nuestro camping) con mucha rapidez para evitar la tormenta a esta altura. Graniza algo mientras bajamos. No vemos nada, todo tapado, nublado. Pero las vistas hubieran sido incre\u00edbles con todo el macizo del Gran Paradiso enfrente.<\/span><\/p>\n<p>Ya hac\u00eda tiempo que no sent\u00eda el rugido y energ\u00eda de una tormenta. Arriesgarme a resurgir con ella y a gritar como lo hace el trueno. Todos bajamos corriendo siguiendo al fugaz Quique, pero solo unos pocos disfrutamos la experiencia; el miedo, la prudencia y un trueno que suena tan cerca que casi hace que nos duelan los o\u00eddos les hace que olviden la emoci\u00f3n de sentir las fuerzas que nos rodeaban.<\/p>\n<div id=\"attachment_16718\" style=\"width: 970px\" class=\"wp-caption aligncenter\"><a class=\"dt-single-image\" href=\"https:\/\/www.monta\u00f1asdelaluna.es\/wp-content\/uploads\/2015\/08\/582753_4547152605273_230328470_n.jpg\" data-dt-img-description=\"\"><img loading=\"lazy\" decoding=\"async\" aria-describedby=\"caption-attachment-16718\" class=\"wp-image-16718 size-full\" src=\"https:\/\/www.monta\u00f1asdelaluna.es\/wp-content\/uploads\/2015\/08\/582753_4547152605273_230328470_n.jpg\" alt=\"Joaqu\u00edn bajando al Valle de Seyva, detr\u00e1s el Ciaforon a la izquierda\" width=\"960\" height=\"720\" srcset=\"https:\/\/www.monta\u00f1asdelaluna.es\/wp-content\/uploads\/2015\/08\/582753_4547152605273_230328470_n.jpg 960w, https:\/\/www.monta\u00f1asdelaluna.es\/wp-content\/uploads\/2015\/08\/582753_4547152605273_230328470_n-300x225.jpg 300w\" sizes=\"auto, (max-width: 960px) 100vw, 960px\" \/><\/a><p id=\"caption-attachment-16718\" class=\"wp-caption-text\">Joaqu\u00edn bajando al Valle de Seyva, detr\u00e1s el Ciaforon a la izquierda<\/p><\/div>\n<div id=\"attachment_16706\" style=\"width: 761px\" class=\"wp-caption aligncenter\"><a class=\"dt-single-image\" href=\"https:\/\/www.monta\u00f1asdelaluna.es\/wp-content\/uploads\/2015\/08\/Alpes-d\u00eda-5.-Circular-por-Nivolet-y-Gran-Collet-134.jpg\" data-dt-img-description=\"\"><img loading=\"lazy\" decoding=\"async\" aria-describedby=\"caption-attachment-16706\" class=\"wp-image-16706 size-full\" src=\"https:\/\/www.monta\u00f1asdelaluna.es\/wp-content\/uploads\/2015\/08\/Alpes-d\u00eda-5.-Circular-por-Nivolet-y-Gran-Collet-134.jpg\" alt=\"Cruz del Refugio Seyva\" width=\"751\" height=\"563\" srcset=\"https:\/\/www.monta\u00f1asdelaluna.es\/wp-content\/uploads\/2015\/08\/Alpes-d\u00eda-5.-Circular-por-Nivolet-y-Gran-Collet-134.jpg 751w, https:\/\/www.monta\u00f1asdelaluna.es\/wp-content\/uploads\/2015\/08\/Alpes-d\u00eda-5.-Circular-por-Nivolet-y-Gran-Collet-134-300x225.jpg 300w\" sizes=\"auto, (max-width: 751px) 100vw, 751px\" \/><\/a><p id=\"caption-attachment-16706\" class=\"wp-caption-text\">Cruz del Refugio Seyva<\/p><\/div>\n<p><span style=\"color: #0000ff;\">Hay pasos de escalones met\u00e1licos y vemos cabras alpinas refugi\u00e1ndose de la tormenta muy cerca. La bajada es vertiginosa, muy vertical pero bien se\u00f1alizada. Nos calamos hasta los huesos y un trueno lo o\u00edmos muy cerca estruendosamente. Pero igual que viene se va, y m\u00e1s abajo, llegando al peque\u00f1o refugio Seyva nos paramos, sale el arco iris, el sol, para la lluvia y de repente todo el macizo del Gran Paradiso se despeja y se queda sin una nube. Paramos, fotos. Paisaje espectacular. Hay una cruz en memoria de un tal Mauro. Ya con buen tiempo bajamos al fondo del valle. La senda sigue siendo vertiginosa y las laderas muy verticales.<\/span><\/p>\n<p>Como si no hubiera pasado ninguna tormenta, el d\u00eda se aclara espectacular y r\u00e1pidamente y ante nosotros aparece la imagen justo en frente nuestro del ansiado macizo del Gran Paradiso. Nos muestra su cara m\u00e1s sonriente, m\u00e1s amable, m\u00e1s amigable. Observamos donde est\u00e1 ubicado el Refugio de Vittorio Emanuele II, casi estamos a su misma altura; y pensamos en la subida de ma\u00f1ana hasta \u00e9l.<\/p>\n<div id=\"attachment_16862\" style=\"width: 765px\" class=\"wp-caption aligncenter\"><a class=\"dt-single-image\" href=\"https:\/\/www.monta\u00f1asdelaluna.es\/wp-content\/uploads\/2012\/08\/mapa-Grand-Paradiso.blog_.croquis.jpg\" data-dt-img-description=\"\"><img loading=\"lazy\" decoding=\"async\" aria-describedby=\"caption-attachment-16862\" class=\"wp-image-16862 size-full\" src=\"https:\/\/www.monta\u00f1asdelaluna.es\/wp-content\/uploads\/2012\/08\/mapa-Grand-Paradiso.blog_.croquis.jpg\" alt=\"Croquis recorrido Valle de Nivolet\" width=\"755\" height=\"1039\" srcset=\"https:\/\/www.monta\u00f1asdelaluna.es\/wp-content\/uploads\/2012\/08\/mapa-Grand-Paradiso.blog_.croquis.jpg 755w, https:\/\/www.monta\u00f1asdelaluna.es\/wp-content\/uploads\/2012\/08\/mapa-Grand-Paradiso.blog_.croquis-218x300.jpg 218w, https:\/\/www.monta\u00f1asdelaluna.es\/wp-content\/uploads\/2012\/08\/mapa-Grand-Paradiso.blog_.croquis-744x1024.jpg 744w\" sizes=\"auto, (max-width: 755px) 100vw, 755px\" \/><\/a><p id=\"caption-attachment-16862\" class=\"wp-caption-text\">Croquis recorrido Valle de Nivolet<\/p><\/div>\n<p><span style=\"color: #0000ff;\">Llegamos al camping poco antes de las 18 horas, y nos vamos directamente al bar a tomar caf\u00e9s, cerveza y chocolate caliente. Es un lugar con mucha humedad el camping y pasas fr\u00edo si no te abrigas. Despu\u00e9s de la cena de anoche a la intemperie preferimos comernos una pizza (buen precio, 7, 8&#8230; \u20ac) para cenar en el restaurante (12 \u20ac cada uno). Risas, charlas, vino y capuchino.<\/span><\/p>\n<p><span style=\"color: #0000ff;\">\u00a0\u00a0\u00a0\u00a0 Antes una buena ducha y recargo bater\u00edas de m\u00f3vil y c\u00e1mara. Sms a Anna.<\/span>[vc_separator][\/vc_column_text][\/vc_column][\/vc_row][vc_row][vc_column][vc_empty_space height=\u00bb60px\u00bb][\/vc_column][\/vc_row][vc_row][vc_column][vc_cta h2=\u00bb\u00c1lbum de fotos\u00bb txt_align=\u00bbcenter\u00bb add_button=\u00bbbottom\u00bb btn_title=\u00bbVer fotos\u00bb btn_color=\u00bbwarning\u00bb btn_align=\u00bbcenter\u00bb btn_link=\u00bburl:https%3A%2F%2Fmonta%C3%B1asdelaluna.es%2F%3Fdt_gallery%3Dcoll-del-petit-san-bernat-valle-de-nivolet-y-valle-de-valsavarenche|title:Coll%20del%20Petit%20San%20Bernat%2C%20Valle%20de%20Nivolet%20y%20Valle%20de%20Valsavarenche|target:_blank\u00bb css=\u00bb.vc_custom_1625664599894{background-color: #8bc4ed !important;}\u00bb]Puedes ver todas las fotos del relato y actividad en forma de presentaci\u00f3n o individuales pinchando aqui \u00a1No te las pierdas![\/vc_cta][\/vc_column][\/vc_row][vc_row][vc_column][vc_empty_space height=\u00bb60px\u00bb][\/vc_column][\/vc_row][vc_row][vc_column width=\u00bb1\/6&#8243;][\/vc_column][vc_column width=\u00bb1\/3&#8243;][vc_raw_html]JTNDaWZyYW1lJTIwc3JjJTNEJTIyaHR0cHMlM0ElMkYlMkZ3d3cubWV0ZW9ibHVlLmNvbSUyRmVzJTJGdGllbXBvJTJGd2lkZ2V0JTJGZGFpbHklMkZ2YWxzYXZhcmVuY2hlX2l0YWxpYV82NTM0NzY1JTNGZGF5cyUzRDclMjZ0ZW1wdW5pdCUzRENFTFNJVVMlMjZ3aW5kdW5pdCUzREtJTE9NRVRFUl9QRVJfSE9VUiUyNnBpY3RvaWNvbiUzRDElMjZtYXh0ZW1wZXJhdHVyZSUzRDElMjZtaW50ZW1wZXJhdHVyZSUzRDElMjZ3aW5kc3BlZWQlM0QxJTI2d2luZGd1c3QlM0QxJTI2d2luZGRpcmVjdGlvbiUzRDElMjZwcmVjaXBpdGF0aW9uJTNEMSUyNnByZWNpcGl0YXRpb25wcm9iYWJpbGl0eSUzRDElMjZzcG90JTNEMSUyNnByZXNzdXJlJTNEMSUyNmxheW91dCUzRGxpZ2h0JTIyJTIwJTIwZnJhbWVib3JkZXIlM0QlMjIwJTIyJTIwc2Nyb2xsaW5nJTNEJTIyTk8lMjIlMjBhbGxvd3RyYW5zcGFyZW5jeSUzRCUyMnRydWUlMjIlMjBzdHlsZSUzRCUyMndpZHRoJTNBJTIwMzc4cHglM0JoZWlnaHQlM0ElMjAzODFweCUyMiUzRSUzQyUyRmlmcmFtZSUzRSUzQ2RpdiUzRSUzQyUyMS0tJTIwRE8lMjBOT1QlMjBSRU1PVkUlMjBUSElTJTIwTElOSyUyMC0tJTNFJTNDYSUyMGhyZWYlM0QlMjJodHRwcyUzQSUyRiUyRnd3dy5tZXRlb2JsdWUuY29tJTJGZXMlMkZ0aWVtcG8lMkZwcm9ub3N0aWNvJTJGc2VtYW5hJTJGdmFsc2F2YXJlbmNoZV9pdGFsaWFfNjUzNDc2NSUyMiUyMHRhcmdldCUzRCUyMl9ibGFuayUyMiUzRW1ldGVvYmx1ZSUzQyUyRmElM0UlM0MlMkZkaXYlM0U=[\/vc_raw_html][\/vc_column][vc_column width=\u00bb1\/3&#8243;][vc_raw_html]JTNDaWZyYW1lJTIwc3JjJTNEJTIyaHR0cHMlM0ElMkYlMkZ3d3cubWV0ZW9ibHVlLmNvbSUyRmVzJTJGdGllbXBvJTJGd2lkZ2V0JTJGZGFpbHklMkZncmFuLXBhcmFkaXNvX2l0YWxpYV8zMTc1ODg5JTNGZGF5cyUzRDclMjZ0ZW1wdW5pdCUzRENFTFNJVVMlMjZ3aW5kdW5pdCUzREtJTE9NRVRFUl9QRVJfSE9VUiUyNnBpY3RvaWNvbiUzRDElMjZtYXh0ZW1wZXJhdHVyZSUzRDElMjZtaW50ZW1wZXJhdHVyZSUzRDElMjZ3aW5kc3BlZWQlM0QxJTI2d2luZGd1c3QlM0QxJTI2d2luZGRpcmVjdGlvbiUzRDElMjZwcmVjaXBpdGF0aW9uJTNEMSUyNnByZWNpcGl0YXRpb25wcm9iYWJpbGl0eSUzRDElMjZzcG90JTNEMSUyNnByZXNzdXJlJTNEMSUyNmxheW91dCUzRGxpZ2h0JTIyJTIwJTIwZnJhbWVib3JkZXIlM0QlMjIwJTIyJTIwc2Nyb2xsaW5nJTNEJTIyTk8lMjIlMjBhbGxvd3RyYW5zcGFyZW5jeSUzRCUyMnRydWUlMjIlMjBzdHlsZSUzRCUyMndpZHRoJTNBJTIwMzc4cHglM0JoZWlnaHQlM0ElMjAzODFweCUyMiUzRSUzQyUyRmlmcmFtZSUzRSUzQ2RpdiUzRSUzQyUyMS0tJTIwRE8lMjBOT1QlMjBSRU1PVkUlMjBUSElTJTIwTElOSyUyMC0tJTNFJTNDYSUyMGhyZWYlM0QlMjJodHRwcyUzQSUyRiUyRnd3dy5tZXRlb2JsdWUuY29tJTJGZXMlMkZ0aWVtcG8lMkZwcm9ub3N0aWNvJTJGc2VtYW5hJTJGZ3Jhbi1wYXJhZGlzb19pdGFsaWFfMzE3NTg4OSUyMiUyMHRhcmdldCUzRCUyMl9ibGFuayUyMiUzRW1ldGVvYmx1ZSUzQyUyRmElM0UlM0MlMkZkaXYlM0U=[\/vc_raw_html][\/vc_column][vc_column width=\u00bb1\/6&#8243;][\/vc_column][\/vc_row]<\/p>\n","protected":false},"excerpt":{"rendered":"<p>[vc_row][vc_column][vc_column_text]Una magn\u00edfica manera de reunirnos los amigos monta\u00f1eros, es yendo a la monta\u00f1a juntos. Aprovech\u00e9 las ganas de salir y visitar de nuevo los Alpes despu\u00e9s de 7 a\u00f1os desde la \u00faltima vez, y a la vez traslad\u00e9 mi ilusi\u00f3n e invitaci\u00f3n a mis \u201cviejos\u201d compa\u00f1eros de grandes monta\u00f1as (por muchos a\u00f1os), Quique y Jes\u00fas.&hellip;<\/p>\n","protected":false},"author":1,"featured_media":16725,"comment_status":"open","ping_status":"open","sticky":false,"template":"","format":"standard","meta":[],"categories":[39],"tags":[],"class_list":["post-16741","post","type-post","status-publish","format-standard","has-post-thumbnail","hentry","category-gran-paradiso","category-39","description-off"],"_links":{"self":[{"href":"https:\/\/www.monta\u00f1asdelaluna.es\/index.php?rest_route=\/wp\/v2\/posts\/16741","targetHints":{"allow":["GET"]}}],"collection":[{"href":"https:\/\/www.monta\u00f1asdelaluna.es\/index.php?rest_route=\/wp\/v2\/posts"}],"about":[{"href":"https:\/\/www.monta\u00f1asdelaluna.es\/index.php?rest_route=\/wp\/v2\/types\/post"}],"author":[{"embeddable":true,"href":"https:\/\/www.monta\u00f1asdelaluna.es\/index.php?rest_route=\/wp\/v2\/users\/1"}],"replies":[{"embeddable":true,"href":"https:\/\/www.monta\u00f1asdelaluna.es\/index.php?rest_route=%2Fwp%2Fv2%2Fcomments&post=16741"}],"version-history":[{"count":17,"href":"https:\/\/www.monta\u00f1asdelaluna.es\/index.php?rest_route=\/wp\/v2\/posts\/16741\/revisions"}],"predecessor-version":[{"id":49898,"href":"https:\/\/www.monta\u00f1asdelaluna.es\/index.php?rest_route=\/wp\/v2\/posts\/16741\/revisions\/49898"}],"wp:featuredmedia":[{"embeddable":true,"href":"https:\/\/www.monta\u00f1asdelaluna.es\/index.php?rest_route=\/wp\/v2\/media\/16725"}],"wp:attachment":[{"href":"https:\/\/www.monta\u00f1asdelaluna.es\/index.php?rest_route=%2Fwp%2Fv2%2Fmedia&parent=16741"}],"wp:term":[{"taxonomy":"category","embeddable":true,"href":"https:\/\/www.monta\u00f1asdelaluna.es\/index.php?rest_route=%2Fwp%2Fv2%2Fcategories&post=16741"},{"taxonomy":"post_tag","embeddable":true,"href":"https:\/\/www.monta\u00f1asdelaluna.es\/index.php?rest_route=%2Fwp%2Fv2%2Ftags&post=16741"}],"curies":[{"name":"wp","href":"https:\/\/api.w.org\/{rel}","templated":true}]}}