{"id":17383,"date":"2009-10-09T16:36:42","date_gmt":"2009-10-09T16:36:42","guid":{"rendered":"http:\/\/monta\u00f1asdelaluna.com\/?p=17383"},"modified":"2021-08-23T08:37:40","modified_gmt":"2021-08-23T08:37:40","slug":"integral-de-sierra-nevada-1o-dia-refugio-postero-alto-las-calderetas","status":"publish","type":"post","link":"https:\/\/www.monta\u00f1asdelaluna.es\/?p=17383","title":{"rendered":"1\u00ba d\u00eda: Refugio Postero Alto-Las Calderetas"},"content":{"rendered":"<p>[vc_row][vc_column][vc_column_text]Que locura les lleva a la gente a realizar proezas incre\u00edbles, imposibles o, sencillamente, impresionantes&#8230; las ganas de vivir y sentirse vivo. Se acercaba el Puente de La Pilarica, que conjuntamente con la festividad del 9 de octubre en la Comunidad Valenciana se nos ofrec\u00eda la posibilidad de realizar una actividad de 4 d\u00edas. Manuel Garc\u00eda, en septiembre, propone realizar una traves\u00eda por todos los tresmiles de Sierra Nevada, desde el Refugio Postero Alto hasta la localidad de Nig\u00fcelas, en esos cuatro d\u00edas nos recorrer\u00edamos todos los rincones y picos m\u00e1s relevantes de la bella Sierra Nevada. Es la \u201cintegral de integrales\u201d, como mi buen amigo Jes\u00fas Santana me comentaba. Es uno de los mayores retos esforzados, duros e impresionantes que se pueden hacer en la pen\u00ednsula ib\u00e9rica. Es una aventura irrepetible.<\/p>\n<p>Los d\u00edas anteriores a la partida de la actividad, Manuel Garc\u00eda propone organizarnos en parejas, por el tema de la comida, juegos de cocina y hornillos: Adri\u00e1n \u201cBily\u201d y Manuel Garc\u00eda, Mario y Miguel \u00c1ngel Sala, y Tom\u00e1s Mart\u00ednez y yo; \u00e9ramos los 6 aventureros dispuestos a culminar con \u00e9xito dicha actividad. Casi con obsesivo pero eficiente orden, nos reunimos varias veces para deliberar y ultimar las premisas del viaje. Al final decidimos dejar los coches en Jerez de Marquesado y en el Refugio Postero Alto (llevaremos 2 coches) y alquilar un taxi para que nos recoja en Nig\u00fcelas y nos lleve al mismo Jerez. Todo meticulosamente planeado y sincronizado.<\/p>\n<p>\u201c\u00bfPero donde vais? \u00bfEst\u00e1is locos?\u201d nos dice la gente a la que Tom\u00e1s conoce, cuando les contamos lo que vamos a realizar, en el supermercado mientras compramos nuestra comida para los 4 d\u00edas. Nos sentimos audaces y orgullosos de lo que hacemos. Cuando m\u00e1s locos nos dicen que estamos, m\u00e1s contento estoy de ser lo que soy.<\/p>\n<div id=\"attachment_17353\" style=\"width: 662px\" class=\"wp-caption aligncenter\"><a class=\"dt-single-image\" href=\"https:\/\/www.monta\u00f1asdelaluna.es\/wp-content\/uploads\/2015\/08\/01-Amanece-en-Sierra-Nevada.jpg\" data-dt-img-description=\"\"><img loading=\"lazy\" decoding=\"async\" aria-describedby=\"caption-attachment-17353\" class=\"wp-image-17353 size-full\" src=\"https:\/\/www.monta\u00f1asdelaluna.es\/wp-content\/uploads\/2015\/08\/01-Amanece-en-Sierra-Nevada.jpg\" alt=\"Saliendo del Refugio Postero Alto\" width=\"652\" height=\"489\" srcset=\"https:\/\/www.monta\u00f1asdelaluna.es\/wp-content\/uploads\/2015\/08\/01-Amanece-en-Sierra-Nevada.jpg 652w, https:\/\/www.monta\u00f1asdelaluna.es\/wp-content\/uploads\/2015\/08\/01-Amanece-en-Sierra-Nevada-300x225.jpg 300w\" sizes=\"auto, (max-width: 652px) 100vw, 652px\" \/><\/a><p id=\"caption-attachment-17353\" class=\"wp-caption-text\">Saliendo del Refugio Postero Alto<\/p><\/div>\n<h3>1\u00ba D\u00eda: Refugio Postero Alto-Las Calderetas.<\/h3>\n<p>De nuevo en el Refugio Postero Alto. No hay casi nadie. Solamente un grupo de madrile\u00f1os que pretenden hacer la integral como nosotros, pero \u00e9stos sin grandes cargas y con sus campamentos ya preparados encargados a la empresa contratada \u201cnevadensis\u201d. Lo han mejorado. Han puesto calefacci\u00f3n con radiadores, tienen muy limpios los aseos y un ordenador en el mostrador nos dice que Pedro est\u00e1 modernizando el refugio.<\/p>\n<p>Hemos dejado un coche frente al hotel de Jerez del Marquesado y el otro en el parking del refugio. Nos levantamos temprano. Hemos dormido bien y emprendemos, despu\u00e9s de desayunar en el comedor del refugio, el comienzo de una gran actividad. Un viaje soberbio dif\u00edcilmente de olvidar y de superar en estas latitudes&#8230; la Integral de Sierra Nevada. Pisamos terreno muy conocido: Circo del Alhor\u00ed, Pic\u00f3n de Jerez, Piedra de Los Ladrones&#8230; con lo que el comienzo, a pesar de esos 15, 17 e incluso 20 kilos de peso de mochila que llevamos, parece ser una subida m\u00e1s de tantas. Nuestro primer objetivo es subir por la Loma de Enmedio desde el Refugio Postero Alto (1.880 metros) hasta la Piedra de Los Ladrones (2.944 metros). En seguida los m\u00e1s fuertes y destacados del grupo, Miguel \u00c1ngel y Tom\u00e1s, se adelantan dejando una gran distancia entre el resto. No hay descanso apenas hasta la misma Piedra de Los Ladrones. Un trago de agua, un huesito y para arriba. Detr\u00e1s nuestro, el grupo de la empresa, los madrile\u00f1os, nos siguen a una distancia prudente y a un ritmo normal.<\/p>\n<p>Ya en la Piedra de Los Ladrones alcanzamos a nuestras m\u00e1quinas de subir monta\u00f1as, se han unido, o mejor dicho, han alcanzado a otro grupo de 3 monta\u00f1eros que quieren subir a los tres miles m\u00e1s cercanos al Postero Alto. \u00bfEran de Almer\u00eda, de Granada&#8230;? ya no recuerdo de donde eran \u00e9stos despu\u00e9s de toparnos con tanta gente en esta gran traves\u00eda. Juntos subimos hacia la cota de los tres mil metros, al collado entre el Puntal de Juntillas y Cerro Pelao (3.097 metros). Una vez aqu\u00ed dejamos las mochilas para subir sin peso al primer de los 16 tres miles que \u00edbamos a subir en tres d\u00edas, el Cerro Pelao (3.182 metros). Desde aqu\u00ed vemos los siguientes y siguientes&#8230; y siguientes objetivos&#8230; uufff \u00a1Est\u00e1n muy lejos! sin querer pensarlo deduzco que va a ser una actividad dura&#8230; bastante dura. Del Cerro Pelao volvemos al collado a por las mochilas y ya puestas subimos el cercano y casi inapreciable Puntal de Juntillas (3.140 metros). \u00c9ste pico hace una cruz entre las lomas que vienen del Pic\u00f3n de Jerez, del Cerro Pelao y del seguimiento de la sierra hac\u00eda los Cervatillos. Nos despedimos de los tres nuevos amigos, les aconsejamos por donde ir, hac\u00eda que monta\u00f1a dirigirse ahora y por donde bajar. El grupo de madrile\u00f1os nos pisa los talones. Ahora ya cumbreando nos dirigimos a Los Cervatillos; a partir de aqu\u00ed ya ser\u00e1 terreno nuevo para m\u00ed y me dirijo entusiasmado hacia la aventura de lo desconocido.<\/p>\n<div id=\"attachment_17354\" style=\"width: 662px\" class=\"wp-caption aligncenter\"><a class=\"dt-single-image\" href=\"https:\/\/www.monta\u00f1asdelaluna.es\/wp-content\/uploads\/2015\/08\/02-Subiendo-a-la-Piedra-de-Los-Ladrones.jpg\" data-dt-img-description=\"\"><img loading=\"lazy\" decoding=\"async\" aria-describedby=\"caption-attachment-17354\" class=\"wp-image-17354 size-full\" src=\"https:\/\/www.monta\u00f1asdelaluna.es\/wp-content\/uploads\/2015\/08\/02-Subiendo-a-la-Piedra-de-Los-Ladrones.jpg\" alt=\"Manolet y Billy subiendo a la Piedra de Los Ladrones\" width=\"652\" height=\"489\" srcset=\"https:\/\/www.monta\u00f1asdelaluna.es\/wp-content\/uploads\/2015\/08\/02-Subiendo-a-la-Piedra-de-Los-Ladrones.jpg 652w, https:\/\/www.monta\u00f1asdelaluna.es\/wp-content\/uploads\/2015\/08\/02-Subiendo-a-la-Piedra-de-Los-Ladrones-300x225.jpg 300w\" sizes=\"auto, (max-width: 652px) 100vw, 652px\" \/><\/a><p id=\"caption-attachment-17354\" class=\"wp-caption-text\">Manolet y Billy subiendo a la Piedra de Los Ladrones<\/p><\/div>\n<div id=\"attachment_17357\" style=\"width: 662px\" class=\"wp-caption aligncenter\"><a class=\"dt-single-image\" href=\"https:\/\/www.monta\u00f1asdelaluna.es\/wp-content\/uploads\/2015\/08\/05-Cumbre-de-Cerro-Pelao.jpg\" data-dt-img-description=\"\"><img loading=\"lazy\" decoding=\"async\" aria-describedby=\"caption-attachment-17357\" class=\"wp-image-17357 size-full\" src=\"https:\/\/www.monta\u00f1asdelaluna.es\/wp-content\/uploads\/2015\/08\/05-Cumbre-de-Cerro-Pelao.jpg\" alt=\"Cumbre de Cerro Pelao (3.182 mts.)\" width=\"652\" height=\"489\" srcset=\"https:\/\/www.monta\u00f1asdelaluna.es\/wp-content\/uploads\/2015\/08\/05-Cumbre-de-Cerro-Pelao.jpg 652w, https:\/\/www.monta\u00f1asdelaluna.es\/wp-content\/uploads\/2015\/08\/05-Cumbre-de-Cerro-Pelao-300x225.jpg 300w\" sizes=\"auto, (max-width: 652px) 100vw, 652px\" \/><\/a><p id=\"caption-attachment-17357\" class=\"wp-caption-text\">Cumbre de Cerro Pelao (3.182 mts.)<\/p><\/div>\n<p>Dice Manuel que el Cervatillos no se sube, si no que se bordea, y aunque no es una cumbre muy apreciable, tenemos que darle una oportunidad de renombre a estas rocas, por la que la subimos e inmortalizamos con una foto (3.113 metros). El objetivo de este d\u00eda es dormir en las Lagunas de Las Calderetas, despu\u00e9s de bajar el Puntal de Vacares. Por una especie de efecto visual parecen cercanas las monta\u00f1as, pero es un efecto \u00f3ptico err\u00f3neo, como un espejismo, que solo la alta monta\u00f1a sabe distorsionar. El cansancio no era grande, pero para ser el primer d\u00eda entendimos lo que son las horas entre tres mil y tres mil en Sierra Nevada. Como \u00edbamos a estar casi todo el tiempo por las cumbres de la sierra hab\u00eda que llevarse abundante agua, y gracias a los inmejorables d\u00edas que tuvimos el sol nos hizo recordar lo importante que es hidratarse en estos sobreesfuerzos; por ello mis compa\u00f1eros llevaban a mano varios litros de agua, yo llevaba 3 litros y alguno que otro hasta 4\u20195 litros.<br \/>\nMuy cercano y casi inhiesto a Los Cervatillos estaba el Puntal de Los Cuartos (3.152 metros) una bonita cumbre rocosa f\u00e1cil de alcanzar desde Los Cervatillos. Hac\u00eda el norte una abundante bandada de buitres sobrevolaban Piedra Partida y una nueva ruta entre lomas y refugios se dibujaban en nuestras cabezas. Para llegar a lo que no en todos los mapas llaman La Atalaya hay que cruzar el Collado de Los Escarpes: un crester\u00edo desgastado que hace desgastar tu cansado cuerpo y aumentar el peso de la mochila al esquivar, saltar o bordear las rocas escarpadas y mal puestas en la desgajada monta\u00f1a. Siempre Miguel \u00c1ngel y Tom\u00e1s a la cabeza, y el \u201cbinomio\u201d del Aconcagua atr\u00e1s, Mario y yo nos turnamos&#8230; una veces delante y otras detr\u00e1s. Nos reunimos todos por fin en la cumbre de La Atalaya (3.139 metros) donde el hambre nos hizo parar a descansar y a llenar la panza de nueva energ\u00eda: s\u00e1ndwich de jam\u00f3n y queso, alg\u00fan que otro huesito, frutos secos, huevos de codorniz cocidos por Tom\u00e1s&#8230; todo un manjar a tres mil metros. Aunque antes una inyecci\u00f3n de az\u00facar en vena: gominolas, az\u00facar pura y artificial que te reparan y endulzan la sangre casi peligrosamente. Rojas, verdes y amarillas&#8230; no&#8230; no son pastillas. Terminando de comer llegaba el grupo de los madrile\u00f1os, de los que, con bastante ojo, le ped\u00ed a una linda y bella muchacha nos hiciera la foto de cumbre. La sonrisa inundaba los rostros de mis compa\u00f1eros, no s\u00e9 si por el entusiasmo de la actividad en s\u00ed o por la figura de la persona que les ped\u00eda que sonrieran ante la c\u00e1mara.<\/p>\n<div id=\"attachment_17363\" style=\"width: 662px\" class=\"wp-caption aligncenter\"><a class=\"dt-single-image\" href=\"https:\/\/www.monta\u00f1asdelaluna.es\/wp-content\/uploads\/2015\/08\/11-Cumbre-del-Puntal-de-Los-Cuartos.jpg\" data-dt-img-description=\"\"><img loading=\"lazy\" decoding=\"async\" aria-describedby=\"caption-attachment-17363\" class=\"wp-image-17363 size-full\" src=\"https:\/\/www.monta\u00f1asdelaluna.es\/wp-content\/uploads\/2015\/08\/11-Cumbre-del-Puntal-de-Los-Cuartos.jpg\" alt=\"Cumbre del Puntal de Los Cuartos (3.152 mts.)\" width=\"652\" height=\"489\" srcset=\"https:\/\/www.monta\u00f1asdelaluna.es\/wp-content\/uploads\/2015\/08\/11-Cumbre-del-Puntal-de-Los-Cuartos.jpg 652w, https:\/\/www.monta\u00f1asdelaluna.es\/wp-content\/uploads\/2015\/08\/11-Cumbre-del-Puntal-de-Los-Cuartos-300x225.jpg 300w\" sizes=\"auto, (max-width: 652px) 100vw, 652px\" \/><\/a><p id=\"caption-attachment-17363\" class=\"wp-caption-text\">Cumbre del Puntal de Los Cuartos (3.152 mts.)<\/p><\/div>\n<p>Enfrente nuestro estaba el Pico del Cuervo. Hab\u00eda que bajar hasta el Collado de las Buitreras y subir por una empinada ladera al principio que se suavizaba hasta llegar a un enorme hito de cientos de piedras que indica la cumbre de dicho pico. No es una subida especialmente dificultosa pero, ya llev\u00e1bamos mucho recorrido y mucho peso a la espalada, con lo que se qued\u00f3 en una esforzada subida. Deb\u00edamos tomarnos las marchas con calma o el sobreesfuerzo nos destrozar\u00eda. Ya en su cumbre descansaban otros dos almerienses que estaban haciendo otra traves\u00eda por la sierra: desde Piedra Partida hasta Trev\u00e9lez pasando por el Puntal de Vacares y 7 Lagunas; ellos fueron los que nos hicieron las fotos en dicha cumbre (3.145 metros.). Este pico ten\u00eda las mejores vistas de las caras norte de los picos principales que \u00edbamos a subir: Alcazaba, Mulhac\u00e9n, Veleta&#8230; era una imagen espectacular y soberbia. Profundos precipicios empezaban desde sus mismas cumbres y terminaban en las profundidades de los barrancos. Hermoso. Cerca del Pico del cuervo estaba el Moj\u00f3n Alto, pero al final no nos acercamos a \u00e9l, no le dimos la importancia que se merec\u00eda para culminarlo en nuestra traves\u00eda. El siguiente pico era el Puntal de Vacares y hab\u00eda que bajar una larga pendiente, escabrosa y desgajada en rocas escarpadas en ocasiones, hasta la Cuneta de Vacares, donde empezaba la entretenida subida a este inconfundible pico.<\/p>\n<p>Los madrile\u00f1os junto con la empresa han optado por no subir al Pico del Cuervo, y han cogido una senda que lo bordea por su sur despu\u00e9s de haber llegado al terroso y ventoso Collado de Las Buitreras. Pero si quer\u00edan llegar a las Lagunas de Las Calderetas deb\u00edan subir el Puntal de Vacares, era la opci\u00f3n m\u00e1s f\u00e1cil para bajar a su campamento instalado en una de las lagunas. Los alcanzamos en la Cuneta del Vacares, el collado por el que se puede bajar a la redondeada Laguna de Vacares que quedaba all\u00e1 bajo. Todos emprendimos la subida del Puntal de Vacares, primero por su lado sur bordeando unos escarpes al principio, despu\u00e9s pasando al lado norte rodeando un pe\u00f1ote casi como antecumbre del mismo, para subir al colladito entre este pe\u00f1ote y la misma cima, volcar al lado este sobre la Laguna de Vacares hasta otro rocoso collado, y desde aqu\u00ed girar en direcci\u00f3n norte y hac\u00eda arriba hasta la misma rocosa cumbre. Por suerte casi todo est\u00e1 se\u00f1alizado con sendas e hitos, menos la parte en la que hay que rodear el pe\u00f1ote y subir al colladito anteriormente indicado; aqu\u00ed Mario, pensando que la gente segu\u00eda por la ladera norte en direcci\u00f3n al Puntal de Las Calderetas sin pasar a la ladera este, sigui\u00f3 sin subir al colladito. Por suerte me d\u00ed cuenta a tiempo y junto con Manuel y Adri\u00e1n le avisamos y recogimos para subir por la ruta habitual descrita. A Adri\u00e1n le iba doliendo una de sus rodillas y la subida la iba haciendo algo m\u00e1s lenta, pero siempre Manuel, \u201csu binomio\u201d, le acompa\u00f1aba. Por suerte era el \u00faltimo pico del d\u00eda, el s\u00e9ptimo.<\/p>\n<div id=\"attachment_17370\" style=\"width: 662px\" class=\"wp-caption aligncenter\"><a class=\"dt-single-image\" href=\"https:\/\/www.monta\u00f1asdelaluna.es\/wp-content\/uploads\/2015\/08\/18-Cumbre-del-Pico-del-Cuervo.jpg\" data-dt-img-description=\"\"><img loading=\"lazy\" decoding=\"async\" aria-describedby=\"caption-attachment-17370\" class=\"wp-image-17370 size-full\" src=\"https:\/\/www.monta\u00f1asdelaluna.es\/wp-content\/uploads\/2015\/08\/18-Cumbre-del-Pico-del-Cuervo.jpg\" alt=\"Cumbre del Pico del Cuervo (3.145 mts.)\" width=\"652\" height=\"489\" srcset=\"https:\/\/www.monta\u00f1asdelaluna.es\/wp-content\/uploads\/2015\/08\/18-Cumbre-del-Pico-del-Cuervo.jpg 652w, https:\/\/www.monta\u00f1asdelaluna.es\/wp-content\/uploads\/2015\/08\/18-Cumbre-del-Pico-del-Cuervo-300x225.jpg 300w\" sizes=\"auto, (max-width: 652px) 100vw, 652px\" \/><\/a><p id=\"caption-attachment-17370\" class=\"wp-caption-text\">Cumbre del Pico del Cuervo (3.145 mts.)<\/p><\/div>\n<div id=\"attachment_17373\" style=\"width: 662px\" class=\"wp-caption aligncenter\"><a class=\"dt-single-image\" href=\"https:\/\/www.monta\u00f1asdelaluna.es\/wp-content\/uploads\/2015\/08\/21-Puntal-de-Vacares-y-su-laguna-a-la-derecha-el-Alcazaba.jpg\" data-dt-img-description=\"\"><img loading=\"lazy\" decoding=\"async\" aria-describedby=\"caption-attachment-17373\" class=\"wp-image-17373 size-full\" src=\"https:\/\/www.monta\u00f1asdelaluna.es\/wp-content\/uploads\/2015\/08\/21-Puntal-de-Vacares-y-su-laguna-a-la-derecha-el-Alcazaba.jpg\" alt=\"Puntal de Vacares y su laguna\" width=\"652\" height=\"489\" srcset=\"https:\/\/www.monta\u00f1asdelaluna.es\/wp-content\/uploads\/2015\/08\/21-Puntal-de-Vacares-y-su-laguna-a-la-derecha-el-Alcazaba.jpg 652w, https:\/\/www.monta\u00f1asdelaluna.es\/wp-content\/uploads\/2015\/08\/21-Puntal-de-Vacares-y-su-laguna-a-la-derecha-el-Alcazaba-300x225.jpg 300w\" sizes=\"auto, (max-width: 652px) 100vw, 652px\" \/><\/a><p id=\"caption-attachment-17373\" class=\"wp-caption-text\">Puntal de Vacares y su laguna<\/p><\/div>\n<p>Llegamos a la cumbre del famoso Puntal de Vacares (3.143 metros), un nuevo pico para mi. Arriba nos reunimos con los madrile\u00f1os y el gu\u00eda de la empresa que ya pensaban en bajar y recogerse en el campamento montado en la laguna m\u00e1s alta de Las Calderetas. M\u00e1s de uno pens\u00f3 en acompa\u00f1ar en la noche a los madrile\u00f1os, no por dormir bajo techado de lona, si no por compartir la noche con las f\u00e9minas que marchaban. La bajada se hizo muy despacio acompa\u00f1ando a Adri\u00e1n en el tumulto de rocas desordenadas, peligrosas y desmesuradas en la pendiente suroeste del Puntal de Vacares. El dolor en su rodilla le hacia llevar mucha precauci\u00f3n a la hora de poner el pie de una forma u otra en aquel laberinto de piedras.<\/p>\n<p>Sobre las 19\u201930 llegamos a las orillas de una de las Lagunas de Las Calderetas, de donde recoger\u00edamos el agua y pasar\u00edamos la noche. Hab\u00eda sido 11 horas de marcha y 7 picos de m\u00e1s de tres mil metros. Como si tuviera un \u201cjet lag\u201d me quedo aturdido sin saber que hacer al darme el baj\u00f3n de la terminaci\u00f3n de la actividad del d\u00eda, y en un descuido un zorro descarado y muy avispado me roba una bolsa de comida que hab\u00eda sacado de la mochila mientras me lavaba, secaba, cambiaba de ropa y preparaba la cena. \u201cMira, un zorro\u201d observa Mario, y en un momento muerde la bolsa de mi comida e intenta llev\u00e1rsela a donde no podamos pillarle. Por suerte Tom\u00e1s y yo reaccionamos a tiempo y el zorro solt\u00f3 la bolsa esparciendo parte de la comida y solo llev\u00e1ndose otra bolsita en la que ten\u00eda los caf\u00e9s en polvo y el az\u00facar para los desayunos. Manuel cogi\u00f3 un tirachinas de pl\u00e1stico que ten\u00eda preparado para yo que s\u00e9 y empez\u00f3 a apuntar a los focos de luz que alumbr\u00e1bamos en las laderas cercanas en busca de esos ojos brillantes del zorro. Desde entonces ya no apartar\u00eda la vista ni mi presencia de mi mochila. La noche cay\u00f3 enseguida. Despu\u00e9s de cenar una estupenda pasta preparada por mi \u201cbinomio\u201d Tom\u00e1s, el cual se indign\u00f3 por mi torpeza de dejar la comida fuera de la mochila y ser robada por el zorro, ya que la comida era para los dos, se prepar\u00f3 un t\u00e9 para amenizar el ambiente y relajarnos despu\u00e9s del esfuerzo realizado.<\/p>\n<div id=\"attachment_17376\" style=\"width: 662px\" class=\"wp-caption aligncenter\"><a class=\"dt-single-image\" href=\"https:\/\/www.monta\u00f1asdelaluna.es\/wp-content\/uploads\/2015\/08\/24-Abajo-las-Lagunas-de-Las-Calderetas-arriba-el-Alcazaba.jpg\" data-dt-img-description=\"\"><img loading=\"lazy\" decoding=\"async\" aria-describedby=\"caption-attachment-17376\" class=\"wp-image-17376 size-full\" src=\"https:\/\/www.monta\u00f1asdelaluna.es\/wp-content\/uploads\/2015\/08\/24-Abajo-las-Lagunas-de-Las-Calderetas-arriba-el-Alcazaba.jpg\" alt=\"Abajo las Lagunas de Las Calderetas, arriba el Alcazaba\" width=\"652\" height=\"489\" srcset=\"https:\/\/www.monta\u00f1asdelaluna.es\/wp-content\/uploads\/2015\/08\/24-Abajo-las-Lagunas-de-Las-Calderetas-arriba-el-Alcazaba.jpg 652w, https:\/\/www.monta\u00f1asdelaluna.es\/wp-content\/uploads\/2015\/08\/24-Abajo-las-Lagunas-de-Las-Calderetas-arriba-el-Alcazaba-300x225.jpg 300w\" sizes=\"auto, (max-width: 652px) 100vw, 652px\" \/><\/a><p id=\"caption-attachment-17376\" class=\"wp-caption-text\">Abajo las Lagunas de Las Calderetas, arriba el Alcazaba<\/p><\/div>\n<p>Ya acostados al raso bajo ese manto de millones de estrellas en una noche clara, bella y espectacular, el zorro hizo acto de presencia en varias ocasiones. Tuvimos que ide\u00e1rnosla atando las mochilas unas con otras, poni\u00e9ndoles la funda de la mochila, metiendo las botas dentro de las mismas en el lugar del saco, poni\u00e9ndole o rode\u00e1ndolas con pesadas piedras&#8230; todo esto para que el zorro no se llevar\u00e1 ni destrozara nada nuestro. A\u00fan as\u00ed fui despertado en medio de esos sue\u00f1os dulces y placenteros por el ruido del arrastr\u00f3n de mi mochila que se la llevaba el zorro en 3 ocasiones, a pesar de tener la mochila pegada a mi y de haberla atado a mi improvisada almohada con la funda del saco y el plumas. Tanto a m\u00ed como a mis compa\u00f1eros el zorro intent\u00f3 llevarse su bot\u00edn sin conseguirlo. Arriba, en la laguna m\u00e1s alta, el gu\u00eda de los madrile\u00f1os lanzaba petardos asustadizos al zorro como si se tratase de la \u201cnit del alb\u00e1\u201d en Elche. Estruendosos estallidos que resonaban por las paredes del Alcazaba y sus Tajos del Goter\u00f3n.<\/p>\n<div id=\"attachment_36739\" style=\"width: 487px\" class=\"wp-caption aligncenter\"><a class=\"dt-single-image\" href=\"https:\/\/www.monta\u00f1asdelaluna.es\/wp-content\/uploads\/2009\/10\/IntegralSierraNevada1dia.2p.blog_1.jpg\" data-dt-img-description=\"\"><img loading=\"lazy\" decoding=\"async\" aria-describedby=\"caption-attachment-36739\" class=\"wp-image-36739 size-full\" src=\"https:\/\/www.monta\u00f1asdelaluna.es\/wp-content\/uploads\/2009\/10\/IntegralSierraNevada1dia.2p.blog_1.jpg\" alt=\"Croquis del recorrido del 1\u00ba dia de Integral de Sierra Nevada\" width=\"477\" height=\"803\" srcset=\"https:\/\/www.monta\u00f1asdelaluna.es\/wp-content\/uploads\/2009\/10\/IntegralSierraNevada1dia.2p.blog_1.jpg 477w, https:\/\/www.monta\u00f1asdelaluna.es\/wp-content\/uploads\/2009\/10\/IntegralSierraNevada1dia.2p.blog_1-178x300.jpg 178w\" sizes=\"auto, (max-width: 477px) 100vw, 477px\" \/><\/a><p id=\"caption-attachment-36739\" class=\"wp-caption-text\">Croquis del recorrido del 1\u00ba dia de Integral de Sierra Nevada<\/p><\/div>\n<p>Al final, durmiendo por partes bajo una luna menguante muy brillante y trasnochadora en un cielo plagado de estrellas infinitas y hermosas, y con la visi\u00f3n de alguna fugaz perdida en la oscuridad del Universo&#8230; lleg\u00f3 un nuevo d\u00eda gan\u00e1ndole \u00e9sta batalla al zorro astuto.[vc_separator][\/vc_column_text][\/vc_column][\/vc_row][vc_row][vc_column][vc_empty_space height=\u00bb60px\u00bb][\/vc_column][\/vc_row][vc_row][vc_column][vc_cta h2=\u00bb\u00c1lbum de fotos\u00bb txt_align=\u00bbcenter\u00bb add_button=\u00bbbottom\u00bb btn_title=\u00bbVer fotos\u00bb btn_color=\u00bbwarning\u00bb btn_align=\u00bbcenter\u00bb btn_link=\u00bburl:https%3A%2F%2Fmonta%C3%B1asdelaluna.es%2F%3Fdt_gallery%3Ddia-9-postero-alto-las-calderetas-2|title:D%C3%ADa%209%3A%20Postero%20Alto-Las%20Calderetas|target:_blank\u00bb css=\u00bb.vc_custom_1626082965403{background-color: #8bc4ed !important;}\u00bb]Puedes ver todas las fotos del relato y actividad en forma de presentaci\u00f3n o individuales pinchando aqui \u00a1No te las pierdas![\/vc_cta][\/vc_column][\/vc_row][vc_row][vc_column][vc_empty_space height=\u00bb60px\u00bb][\/vc_column][\/vc_row][vc_row][vc_column width=\u00bb1\/6&#8243;][\/vc_column][vc_column width=\u00bb1\/3&#8243;][vc_column_text]Tiempo en el Puntal de Vacares[\/vc_column_text][vc_raw_html]JTNDaWZyYW1lJTIwc3JjJTNEJTIyaHR0cHMlM0ElMkYlMkZ3d3cubWV0ZW9ibHVlLmNvbSUyRmVzJTJGdGllbXBvJTJGd2lkZ2V0JTJGZGFpbHklMkYzNy4wOE4tMy4yODdFJTNGZGF5cyUzRDclMjZ0ZW1wdW5pdCUzRENFTFNJVVMlMjZ3aW5kdW5pdCUzREtJTE9NRVRFUl9QRVJfSE9VUiUyNnBpY3RvaWNvbiUzRDElMjZtYXh0ZW1wZXJhdHVyZSUzRDElMjZtaW50ZW1wZXJhdHVyZSUzRDElMjZ3aW5kc3BlZWQlM0QxJTI2d2luZGd1c3QlM0QxJTI2d2luZGRpcmVjdGlvbiUzRDElMjZwcmVjaXBpdGF0aW9uJTNEMSUyNnByZWNpcGl0YXRpb25wcm9iYWJpbGl0eSUzRDElMjZzcG90JTNEMSUyNnByZXNzdXJlJTNEMSUyNmxheW91dCUzRGxpZ2h0JTIyJTIwJTIwZnJhbWVib3JkZXIlM0QlMjIwJTIyJTIwc2Nyb2xsaW5nJTNEJTIyTk8lMjIlMjBhbGxvd3RyYW5zcGFyZW5jeSUzRCUyMnRydWUlMjIlMjBzdHlsZSUzRCUyMndpZHRoJTNBJTIwMzc4cHglM0JoZWlnaHQlM0ElMjAzODFweCUyMiUzRSUzQyUyRmlmcmFtZSUzRSUzQ2RpdiUzRSUzQyUyMS0tJTIwRE8lMjBOT1QlMjBSRU1PVkUlMjBUSElTJTIwTElOSyUyMC0tJTNFJTNDYSUyMGhyZWYlM0QlMjJodHRwcyUzQSUyRiUyRnd3dy5tZXRlb2JsdWUuY29tJTJGZXMlMkZ0aWVtcG8lMkZwcm9ub3N0aWNvJTJGc2VtYW5hJTJGMzcuMDhOLTMuMjg3RSUyMiUyMHRhcmdldCUzRCUyMl9ibGFuayUyMiUzRW1ldGVvYmx1ZSUzQyUyRmElM0UlM0MlMkZkaXYlM0U=[\/vc_raw_html][\/vc_column][vc_column width=\u00bb1\/3&#8243;][vc_column_text]Tiempo en el Refugio Postero Alto[\/vc_column_text][vc_raw_html]JTNDaWZyYW1lJTIwc3JjJTNEJTIyaHR0cHMlM0ElMkYlMkZ3d3cubWV0ZW9ibHVlLmNvbSUyRmVzJTJGdGllbXBvJTJGd2lkZ2V0JTJGZGFpbHklMkYzNy4xMzdOLTMuMjAyRSUzRmRheXMlM0Q3JTI2dGVtcHVuaXQlM0RDRUxTSVVTJTI2d2luZHVuaXQlM0RLSUxPTUVURVJfUEVSX0hPVVIlMjZwaWN0b2ljb24lM0QxJTI2bWF4dGVtcGVyYXR1cmUlM0QxJTI2bWludGVtcGVyYXR1cmUlM0QxJTI2d2luZHNwZWVkJTNEMSUyNndpbmRndXN0JTNEMSUyNndpbmRkaXJlY3Rpb24lM0QxJTI2cHJlY2lwaXRhdGlvbiUzRDElMjZwcmVjaXBpdGF0aW9ucHJvYmFiaWxpdHklM0QxJTI2c3BvdCUzRDElMjZwcmVzc3VyZSUzRDElMjZsYXlvdXQlM0RsaWdodCUyMiUyMCUyMGZyYW1lYm9yZGVyJTNEJTIyMCUyMiUyMHNjcm9sbGluZyUzRCUyMk5PJTIyJTIwYWxsb3d0cmFuc3BhcmVuY3klM0QlMjJ0cnVlJTIyJTIwc3R5bGUlM0QlMjJ3aWR0aCUzQSUyMDM3OHB4JTNCaGVpZ2h0JTNBJTIwMzgxcHglMjIlM0UlM0MlMkZpZnJhbWUlM0UlM0NkaXYlM0UlM0MlMjEtLSUyMERPJTIwTk9UJTIwUkVNT1ZFJTIwVEhJUyUyMExJTkslMjAtLSUzRSUzQ2ElMjBocmVmJTNEJTIyaHR0cHMlM0ElMkYlMkZ3d3cubWV0ZW9ibHVlLmNvbSUyRmVzJTJGdGllbXBvJTJGcHJvbm9zdGljbyUyRnNlbWFuYSUyRjM3LjEzN04tMy4yMDJFJTIyJTIwdGFyZ2V0JTNEJTIyX2JsYW5rJTIyJTNFbWV0ZW9ibHVlJTNDJTJGYSUzRSUzQyUyRmRpdiUzRQ==[\/vc_raw_html][\/vc_column][vc_column width=\u00bb1\/6&#8243;][\/vc_column][\/vc_row]<\/p>\n","protected":false},"excerpt":{"rendered":"<p>[vc_row][vc_column][vc_column_text]Que locura les lleva a la gente a realizar proezas incre\u00edbles, imposibles o, sencillamente, impresionantes&#8230; las ganas de vivir y sentirse vivo. Se acercaba el Puente de La Pilarica, que conjuntamente con la festividad del 9 de octubre en la Comunidad Valenciana se nos ofrec\u00eda la posibilidad de realizar una actividad de 4 d\u00edas. Manuel&hellip;<\/p>\n","protected":false},"author":1,"featured_media":17360,"comment_status":"open","ping_status":"open","sticky":false,"template":"","format":"standard","meta":[],"categories":[69],"tags":[],"class_list":["post-17383","post","type-post","status-publish","format-standard","has-post-thumbnail","hentry","category-integral-de-sierra-nevada","category-69","description-off"],"_links":{"self":[{"href":"https:\/\/www.monta\u00f1asdelaluna.es\/index.php?rest_route=\/wp\/v2\/posts\/17383","targetHints":{"allow":["GET"]}}],"collection":[{"href":"https:\/\/www.monta\u00f1asdelaluna.es\/index.php?rest_route=\/wp\/v2\/posts"}],"about":[{"href":"https:\/\/www.monta\u00f1asdelaluna.es\/index.php?rest_route=\/wp\/v2\/types\/post"}],"author":[{"embeddable":true,"href":"https:\/\/www.monta\u00f1asdelaluna.es\/index.php?rest_route=\/wp\/v2\/users\/1"}],"replies":[{"embeddable":true,"href":"https:\/\/www.monta\u00f1asdelaluna.es\/index.php?rest_route=%2Fwp%2Fv2%2Fcomments&post=17383"}],"version-history":[{"count":14,"href":"https:\/\/www.monta\u00f1asdelaluna.es\/index.php?rest_route=\/wp\/v2\/posts\/17383\/revisions"}],"predecessor-version":[{"id":50409,"href":"https:\/\/www.monta\u00f1asdelaluna.es\/index.php?rest_route=\/wp\/v2\/posts\/17383\/revisions\/50409"}],"wp:featuredmedia":[{"embeddable":true,"href":"https:\/\/www.monta\u00f1asdelaluna.es\/index.php?rest_route=\/wp\/v2\/media\/17360"}],"wp:attachment":[{"href":"https:\/\/www.monta\u00f1asdelaluna.es\/index.php?rest_route=%2Fwp%2Fv2%2Fmedia&parent=17383"}],"wp:term":[{"taxonomy":"category","embeddable":true,"href":"https:\/\/www.monta\u00f1asdelaluna.es\/index.php?rest_route=%2Fwp%2Fv2%2Fcategories&post=17383"},{"taxonomy":"post_tag","embeddable":true,"href":"https:\/\/www.monta\u00f1asdelaluna.es\/index.php?rest_route=%2Fwp%2Fv2%2Ftags&post=17383"}],"curies":[{"name":"wp","href":"https:\/\/api.w.org\/{rel}","templated":true}]}}