{"id":17474,"date":"2002-07-19T10:49:39","date_gmt":"2002-07-19T10:49:39","guid":{"rendered":"http:\/\/monta\u00f1asdelaluna.com\/?p=17474"},"modified":"2021-07-13T21:58:18","modified_gmt":"2021-07-13T21:58:18","slug":"19-de-julio-del-2-002-viernes","status":"publish","type":"post","link":"https:\/\/www.monta\u00f1asdelaluna.es\/?p=17474","title":{"rendered":"19 de julio del 2.002, viernes"},"content":{"rendered":"<p>[vc_row][vc_column][vc_column_text]Por la tarde, despu\u00e9s de comer, ya ten\u00edamos la furgoneta que hab\u00edamos alquilado en Torrevieja (gracias al hermano de Miguel \u00c1ngel Sala), y despu\u00e9s de cargarla con mis cosas, comida y material com\u00fan del Centro (cascos, arneses, cuerdas, cintas, mosquetones, camping-gas, ochos&#8230; ), gracias a unas cajas de pl\u00e1stico donde todo el material que no fuera en las mochilas y bolsas, se orden\u00f3 y meti\u00f3 en ellas, la verdad es que nos vino muy bien, me dirig\u00ed hac\u00eda el campo de Fernando para recogerlo. Fernando, aparte de su material, carg\u00f3 una esa y sillas de camping, cosa muy \u00fatil y que nos har\u00eda gran falta y har\u00edamos muy buen uso. En un principio yo pensaba que esto ser\u00eda \u201cpeso de m\u00e1s\u201d y no ve\u00eda una utilidad necesaria e imprescindible en el viaje, pero por consejo de Tom\u00e1s Mart\u00ednez y Miguel \u00c1ngel Sala, nos lo llevamos. Desde luego, como en otros viajes, hasta que no est\u00e1s en el lugar no sabes con lo que te vas a encontrar, necesitar o ver. La mesa y las sillas nos vinieron de perlas. Hay que darse cuenta que realmente en la alta monta\u00f1a estuvimos tres d\u00edas, el resto en espera de buen tiempo o ya realizada la actividad, emplazados en el camping; y tanto tiempo era esencial la comodidad y confort, como en un Campamento Base, era nuestro \u201ccampamento base\u201d.<\/p>\n<p>Recogimos a Jes\u00fas Santana en Alicante. La furgoneta se llenaba \u201cpeligrosamente\u201d y amenazaba con no caber nada m\u00e1s. Por \u00faltimo recogemos al \u00faltimo de los \u201cexpedicionarios\u201d, Quique Segura, y fue entonces cuando deb\u00edamos rehacer un rompecabezas con todo el material y la carga que llev\u00e1bamos en el maletero de la furgoneta. Era imposible. No hab\u00eda manera. Estuvimos un tiempo intentando meter toda la carga y que cabiera, pero nada. Hasta que el padre de Quique, que baj\u00f3 a despedirnos, arregl\u00f3 y coloc\u00f3 el \u201crompecabezas\u201d a\u00f1adiendo: \u201cnosotros nos hemos ido cinco en un Renault Cinco con todo el maletero lleno y todo cab\u00eda. Solo hay que saber colocarlo&#8230;\u201d. \u00a1Dios m\u00edo! pobre coche; no me imagino al peque\u00f1o coche cargado hasta los topes. As\u00ed pues al final pudimos salir en busca del Mont Blanc, en busca de la aventura, en busca de nuestro destino.<\/p>\n<div id=\"attachment_44027\" style=\"width: 1034px\" class=\"wp-caption aligncenter\"><a class=\"dt-single-image\" href=\"https:\/\/www.monta\u00f1asdelaluna.es\/wp-content\/uploads\/2002\/07\/quique-bolaga-jesus-y-joaquin-saliendo-de-alicante.jpg\" data-dt-img-description=\"\"><img loading=\"lazy\" decoding=\"async\" aria-describedby=\"caption-attachment-44027\" class=\"wp-image-44027 size-large\" src=\"https:\/\/www.monta\u00f1asdelaluna.es\/wp-content\/uploads\/2002\/07\/quique-bolaga-jesus-y-joaquin-saliendo-de-alicante-1024x682.jpg\" alt=\"Quique, Bolaga, Jes\u00fas y Joaqu\u00edn saliendo de Alicante\" width=\"1024\" height=\"682\" srcset=\"https:\/\/www.monta\u00f1asdelaluna.es\/wp-content\/uploads\/2002\/07\/quique-bolaga-jesus-y-joaquin-saliendo-de-alicante-1024x682.jpg 1024w, https:\/\/www.monta\u00f1asdelaluna.es\/wp-content\/uploads\/2002\/07\/quique-bolaga-jesus-y-joaquin-saliendo-de-alicante-300x200.jpg 300w, https:\/\/www.monta\u00f1asdelaluna.es\/wp-content\/uploads\/2002\/07\/quique-bolaga-jesus-y-joaquin-saliendo-de-alicante.jpg 1836w\" sizes=\"auto, (max-width: 1024px) 100vw, 1024px\" \/><\/a><p id=\"caption-attachment-44027\" class=\"wp-caption-text\">Quique, Bolaga, Jes\u00fas y Joaqu\u00edn saliendo de Alicante<\/p><\/div>\n<p>Aunque los dos pasajeros del asiento de atr\u00e1s no pod\u00edan verse (ni casi moverse) al estar aprisionados por la carga, sal\u00edamos sin problemas por la autov\u00eda en direcci\u00f3n a Francia. En el camino, Fernando aprovech\u00f3 para encender su videoc\u00e1mara y filmar la \u201cexpedici\u00f3n\u201d (una idea muy buena que intentar\u00eda llevar a la siguiente expedici\u00f3n), y empez\u00f3 por la presentaci\u00f3n de los componentes del viaje. Siempre me ha parecido muy buena idea y de una significativa visual importante el hacer una pel\u00edcula en estos grandes viajes.<\/p>\n<p>Ya es de noche. Vamos por las autopistas catalanas. Hemos pasado ya Barcelona y estamos en la provincia de Gerona. Conduce Jes\u00fas. La autopista est\u00e1 en obras y solo se habilita un carril para conducir. Yo voy de copiloto y miro a Jes\u00fas como conduce. Creo coincidir con el resto de mis compa\u00f1eros que Jes\u00fas no conduce seguro, que va inseguro al volante y como va la furgoneta, y por ello la incertidumbre y miedo que tenemos en este tramo; creo que incluso \u00e9l mismo sabe que va inseguro al volante y es inevitable hablarle y decirle aspectos de su conducci\u00f3n. Pero no pasa nada y todo sigue normalmente.<\/p>\n<div id=\"attachment_17475\" style=\"width: 729px\" class=\"wp-caption aligncenter\"><a class=\"dt-single-image\" href=\"https:\/\/www.monta\u00f1asdelaluna.es\/wp-content\/uploads\/2015\/08\/1\u00ba-trayecto.blog_.jpg\" data-dt-img-description=\"\"><img loading=\"lazy\" decoding=\"async\" aria-describedby=\"caption-attachment-17475\" class=\"wp-image-17475 size-full\" src=\"https:\/\/www.monta\u00f1asdelaluna.es\/wp-content\/uploads\/2015\/08\/1\u00ba-trayecto.blog_.jpg\" alt=\"Trayecto de Alicante a La Jonquera\" width=\"719\" height=\"691\" srcset=\"https:\/\/www.monta\u00f1asdelaluna.es\/wp-content\/uploads\/2015\/08\/1\u00ba-trayecto.blog_.jpg 719w, https:\/\/www.monta\u00f1asdelaluna.es\/wp-content\/uploads\/2015\/08\/1\u00ba-trayecto.blog_-300x288.jpg 300w\" sizes=\"auto, (max-width: 719px) 100vw, 719px\" \/><\/a><p id=\"caption-attachment-17475\" class=\"wp-caption-text\">Trayecto de Alicante a La Jonquera<\/p><\/div>\n<p>Llegamos a la frontera entre Espa\u00f1a y Francia, y como locos buscamos un sitio donde poder aparcar y vivaquear, dormir para ma\u00f1ana temprano salir hac\u00eda Alpes. En La Jonquera todo son camiones, de todas las partes de Europa y sobe todo espa\u00f1oles. Aparcamos junto a una pared de una especie de almac\u00e9n, y entre la furgoneta y dicha pared nos tumbamos con nuestros sacos de verano. Se oyen perfectamente las entradas y salidas de los camiones alrededor. El paso de veh\u00edculos por la autopista no muy lejana y el molesto zumbar de los mosquitos junto a nuestros o\u00eddos. A pesar de esto y el calor, dormimos algo so\u00f1ando con la visi\u00f3n de los Alpes que ninguno de nosotros hab\u00eda visto todav\u00eda.[vc_separator][\/vc_column_text][\/vc_column][\/vc_row][vc_row][vc_column][vc_empty_space height=\u00bb60px\u00bb][\/vc_column][\/vc_row][vc_row][vc_column][vc_cta h2=\u00bb\u00c1lbum de fotos\u00bb txt_align=\u00bbcenter\u00bb add_button=\u00bbbottom\u00bb btn_title=\u00bbVer fotos\u00bb btn_color=\u00bbwarning\u00bb btn_align=\u00bbcenter\u00bb btn_link=\u00bburl:https%3A%2F%2Fmonta%C3%B1asdelaluna.es%2F%3Fdt_gallery%3Dmont-blanc-2-002|title:Mont%20Blanc%20(4.810%20mts.)|target:_blank\u00bb css=\u00bb.vc_custom_1625648606550{background-color: #8bc4ed !important;}\u00bb]Puedes ver todas las fotos del relato y actividad en forma de presentaci\u00f3n o individuales pinchando aqui \u00a1No te las pierdas![\/vc_cta][\/vc_column][\/vc_row][vc_row][vc_column][vc_empty_space height=\u00bb60px\u00bb][\/vc_column][\/vc_row][vc_row][vc_column width=\u00bb1\/3&#8243;][\/vc_column][vc_column width=\u00bb1\/2&#8243;][vc_raw_html]JTNDaWZyYW1lJTIwc3JjJTNEJTIyaHR0cHMlM0ElMkYlMkZ3d3cubWV0ZW9ibHVlLmNvbSUyRmVzJTJGdGllbXBvJTJGd2lkZ2V0JTJGZGFpbHklMkZsYS1qb25xdWVyYV9lc3BhJTI1YzMlMjViMWFfMzExOTU1OSUzRmRheXMlM0Q3JTI2dGVtcHVuaXQlM0RDRUxTSVVTJTI2d2luZHVuaXQlM0RLSUxPTUVURVJfUEVSX0hPVVIlMjZwaWN0b2ljb24lM0QxJTI2bWF4dGVtcGVyYXR1cmUlM0QxJTI2bWludGVtcGVyYXR1cmUlM0QxJTI2d2luZHNwZWVkJTNEMSUyNndpbmRndXN0JTNEMSUyNndpbmRkaXJlY3Rpb24lM0QxJTI2cHJlY2lwaXRhdGlvbiUzRDElMjZwcmVjaXBpdGF0aW9ucHJvYmFiaWxpdHklM0QxJTI2c3BvdCUzRDElMjZwcmVzc3VyZSUzRDElMjZsYXlvdXQlM0RsaWdodCUyMiUyMCUyMGZyYW1lYm9yZGVyJTNEJTIyMCUyMiUyMHNjcm9sbGluZyUzRCUyMk5PJTIyJTIwYWxsb3d0cmFuc3BhcmVuY3klM0QlMjJ0cnVlJTIyJTIwc3R5bGUlM0QlMjJ3aWR0aCUzQSUyMDM3OHB4JTNCaGVpZ2h0JTNBJTIwMzgxcHglMjIlM0UlM0MlMkZpZnJhbWUlM0UlM0NkaXYlM0UlM0MlMjEtLSUyMERPJTIwTk9UJTIwUkVNT1ZFJTIwVEhJUyUyMExJTkslMjAtLSUzRSUzQ2ElMjBocmVmJTNEJTIyaHR0cHMlM0ElMkYlMkZ3d3cubWV0ZW9ibHVlLmNvbSUyRmVzJTJGdGllbXBvJTJGcHJvbm9zdGljbyUyRnNlbWFuYSUyRmxhLWpvbnF1ZXJhX2VzcGElMjVjMyUyNWIxYV8zMTE5NTU5JTIyJTIwdGFyZ2V0JTNEJTIyX2JsYW5rJTIyJTNFbWV0ZW9ibHVlJTNDJTJGYSUzRSUzQyUyRmRpdiUzRQ==[\/vc_raw_html][\/vc_column][vc_column width=\u00bb1\/5&#8243;][\/vc_column][\/vc_row]<\/p>\n","protected":false},"excerpt":{"rendered":"<p>[vc_row][vc_column][vc_column_text]Por la tarde, despu\u00e9s de comer, ya ten\u00edamos la furgoneta que hab\u00edamos alquilado en Torrevieja (gracias al hermano de Miguel \u00c1ngel Sala), y despu\u00e9s de cargarla con mis cosas, comida y material com\u00fan del Centro (cascos, arneses, cuerdas, cintas, mosquetones, camping-gas, ochos&#8230; ), gracias a unas cajas de pl\u00e1stico donde todo el material que no&hellip;<\/p>\n","protected":false},"author":1,"featured_media":44027,"comment_status":"open","ping_status":"open","sticky":false,"template":"","format":"standard","meta":[],"categories":[38],"tags":[],"class_list":["post-17474","post","type-post","status-publish","format-standard","has-post-thumbnail","hentry","category-montblanc","category-38","description-off"],"_links":{"self":[{"href":"https:\/\/www.monta\u00f1asdelaluna.es\/index.php?rest_route=\/wp\/v2\/posts\/17474","targetHints":{"allow":["GET"]}}],"collection":[{"href":"https:\/\/www.monta\u00f1asdelaluna.es\/index.php?rest_route=\/wp\/v2\/posts"}],"about":[{"href":"https:\/\/www.monta\u00f1asdelaluna.es\/index.php?rest_route=\/wp\/v2\/types\/post"}],"author":[{"embeddable":true,"href":"https:\/\/www.monta\u00f1asdelaluna.es\/index.php?rest_route=\/wp\/v2\/users\/1"}],"replies":[{"embeddable":true,"href":"https:\/\/www.monta\u00f1asdelaluna.es\/index.php?rest_route=%2Fwp%2Fv2%2Fcomments&post=17474"}],"version-history":[{"count":7,"href":"https:\/\/www.monta\u00f1asdelaluna.es\/index.php?rest_route=\/wp\/v2\/posts\/17474\/revisions"}],"predecessor-version":[{"id":49871,"href":"https:\/\/www.monta\u00f1asdelaluna.es\/index.php?rest_route=\/wp\/v2\/posts\/17474\/revisions\/49871"}],"wp:featuredmedia":[{"embeddable":true,"href":"https:\/\/www.monta\u00f1asdelaluna.es\/index.php?rest_route=\/wp\/v2\/media\/44027"}],"wp:attachment":[{"href":"https:\/\/www.monta\u00f1asdelaluna.es\/index.php?rest_route=%2Fwp%2Fv2%2Fmedia&parent=17474"}],"wp:term":[{"taxonomy":"category","embeddable":true,"href":"https:\/\/www.monta\u00f1asdelaluna.es\/index.php?rest_route=%2Fwp%2Fv2%2Fcategories&post=17474"},{"taxonomy":"post_tag","embeddable":true,"href":"https:\/\/www.monta\u00f1asdelaluna.es\/index.php?rest_route=%2Fwp%2Fv2%2Ftags&post=17474"}],"curies":[{"name":"wp","href":"https:\/\/api.w.org\/{rel}","templated":true}]}}