{"id":17479,"date":"2002-07-20T10:57:29","date_gmt":"2002-07-20T10:57:29","guid":{"rendered":"http:\/\/monta\u00f1asdelaluna.com\/?p=17479"},"modified":"2021-07-06T08:39:44","modified_gmt":"2021-07-06T08:39:44","slug":"20-de-julio-del-2-002-sabado","status":"publish","type":"post","link":"https:\/\/www.monta\u00f1asdelaluna.es\/?p=17479","title":{"rendered":"20 de julio del 2.002, s\u00e1bado"},"content":{"rendered":"<p>[vc_row][vc_column][vc_column_text]Despertamos en La Jonquera con la c\u00e1mara de video de Fernando en la cara. Nos est\u00e1 filmando mientras despertamos. Desde luego la visi\u00f3n tiene que ser espantosa. Hemos pasado calor esta noche, al menos yo, y no he dormido muy bien.<\/p>\n<p>Desayunamos en una especie de restaurante en un primer piso con una terraza desde la que se ve el impresionante aparcamiento de los camiones. Al poco rato montamos en la furgoneta para partir enseguida. Esta vez conducir\u00e1 Fernando, que a veces conduce como si llevara la pala excavadora y hace unos virajes bruscos de los que todos nos damos cuenta. Supongo que cada uno de nosotros tiene su forma de conducir y en un viaje tan largo todos nos damos cuenta de las maneras de cada uno. Seguimos por las amplias autopistas francesas parando pocas veces para no perder mucho tiempo. A Fernando le da por filmar a las cajeras de los peajes. La verdad es que en la pel\u00edcula sale muy gracioso. Hasta ahora no hab\u00eda estado en Francia, salvo cuando recorrimos el Vall\u00e9e d\u2019Ossou para llegar al Vignemale en los Pirineos, y esa parte del macizo. Compramos un mapa de carreteras que custodi\u00e9 yo para que nos gu\u00ede en el camino hac\u00eda CHamonix. Tom\u00e1s y Miguel \u00c1ngel me hicieron un mapa de los pueblos y ciudades por los que ten\u00edamos que pasar: Perpi\u00f1\u00e1n, Narbone, Nimes, Orange, Valence, Grenoble, Annecy y CHamonix. A pesar de lo bien indicado, en las proximidades de Grenoble (antes de llegar) cogemos un camino equivocado (he de reconocer que fue por mi culpa). Esta equivocaci\u00f3n nos costar\u00eda media hora de retraso sobre el horario previsto.<\/p>\n<div id=\"attachment_17481\" style=\"width: 732px\" class=\"wp-caption aligncenter\"><a class=\"dt-single-image\" href=\"http:\/\/monta\u00f1asdelaluna.com\/wp-content\/uploads\/2002\/07\/2\u00ba-trayectoria.blog_.jpg\" data-dt-img-description=\"\"><img loading=\"lazy\" decoding=\"async\" aria-describedby=\"caption-attachment-17481\" class=\"wp-image-17481 size-full\" src=\"http:\/\/monta\u00f1asdelaluna.com\/wp-content\/uploads\/2002\/07\/2\u00ba-trayectoria.blog_.jpg\" alt=\"2\u00ba trayectoria.blog\" width=\"722\" height=\"728\" srcset=\"https:\/\/www.monta\u00f1asdelaluna.es\/wp-content\/uploads\/2002\/07\/2\u00ba-trayectoria.blog_.jpg 722w, https:\/\/www.monta\u00f1asdelaluna.es\/wp-content\/uploads\/2002\/07\/2\u00ba-trayectoria.blog_-150x150.jpg 150w, https:\/\/www.monta\u00f1asdelaluna.es\/wp-content\/uploads\/2002\/07\/2\u00ba-trayectoria.blog_-298x300.jpg 298w\" sizes=\"auto, (max-width: 722px) 100vw, 722px\" \/><\/a><p id=\"caption-attachment-17481\" class=\"wp-caption-text\">Trayecto de La Jonquera a CHamonix<\/p><\/div>\n<p>Acerc\u00e1ndonos a Annecy la cordillera alpina empieza a elevarse cada vez m\u00e1s con paredes, bosques en sus laderas y monta\u00f1as relativamente medias en su altura. Pero al acercarnos a nuestro destino descubrimos con asombro frente a nosotros el espectacular macizo del Mont Blanc, con sus nieves perpetuas, sus grandes glaciares (hasta ahora los \u00fanicos glaciares que hab\u00eda visto eran los pirenaicos que no tienen nada que ver con los alpinos) y el muy alto cono de nieve cubierto en su cima. El d\u00eda es magn\u00edfico, no hay ni una nube, solamente la cima e inmediaciones de la cumbre del Mont Blanc est\u00e1n cubiertos por una \u00fanica nube. Nos quedamos con la boca abierta, la excitaci\u00f3n se impone en todos nosotros. En el c.d. del coche ponemos la marcha de las Valkirias de Wagner que engrandece a\u00fan m\u00e1s el momento. En mi vida hab\u00eda visto una monta\u00f1a tan grande, alta y espectacular con mis propios ojos. El momento es sublime, una alegr\u00eda, regocijo y placer mezclados recorren nuestras venas. Observamos sus crestas y aristas de nieve, la Aiguille du Go\u00fbter, la Aiguille de Bionnassay y nos sobrecogemos, incluso hasta me asusto. Nunca hab\u00eda hecho una ascensi\u00f3n por lugares y parajes como esos. El asombro es generalizado. Fernando coge su videoc\u00e1mara y filma el encuentro por primera vez con el Mont Blanc desde la autopista en la furgoneta. Es emocionante y entusiasta. Vemos la monta\u00f1a en la realidad y pienso \u201c\u00bfpodremos llegar a su cumbre?\u201d S\u00e9 perfectamente que no puedo dudar de m\u00ed ni de nosotros hasta que no estemos metidos de lleno. Las esperanzas de \u00e9xito se empeque\u00f1ecen ante la magnitud de lo que estamos viendo, pero nunca diremos que no a nada antes de intentarlo. La experiencia me dice que la tranquilidad, el sosiego y la \u201ccabeza\u201d ser\u00e1n clave para el \u00e9xito en esta gran monta\u00f1a.<\/p>\n<p>Cruzamos Les Houches ya en el Valle de CHamonix y nos acordamos que es el pueblo desde el que empezar\u00edamos la subida hac\u00eda la Aiguille du Go\u00fbter, y sobre ella la famosa Aiguille du Go\u00fbter (no muy bonita desde aqu\u00ed, m\u00e1s bien fea, pensaba yo) y su vertiginosa subida. Alrededor algo que nunca hab\u00edamos visto y que nos sorprendi\u00f3 enormemente, los glaciares de Taconnaz y de Bossons bajaban del macizo casi hasta el mismo valle; estaban \u201cal alcance de la mano\u201d casi. Nos pareci\u00f3 estar en otro mundo, en otra latitud, en monta\u00f1as en las que nunca hab\u00edamos estado o visto, por que de verlo en fotos o televisi\u00f3n a verlo en la realidad hay un gran salto, una gran diferencia. Segu\u00edamos asombrados, no pod\u00edamos compararlo con Pirineos, no nos cre\u00edamos lo que ve\u00edamos a pesar de estar advertidos por lo que nos hab\u00eda contado Tom\u00e1s. Era un paisaje espectacular.<\/p>\n<div id=\"attachment_44030\" style=\"width: 831px\" class=\"wp-caption aligncenter\"><a class=\"dt-single-image\" href=\"http:\/\/monta\u00f1asdelaluna.com\/wp-content\/uploads\/2002\/07\/joaquin-en-chamomix-arriba-las-agujas-de-chamonix.jpg\" data-dt-img-description=\"\"><img loading=\"lazy\" decoding=\"async\" aria-describedby=\"caption-attachment-44030\" class=\"wp-image-44030 \" src=\"http:\/\/monta\u00f1asdelaluna.com\/wp-content\/uploads\/2002\/07\/joaquin-en-chamomix-arriba-las-agujas-de-chamonix.jpg\" alt=\"Joaqu\u00edn en CHamomix, arriba las Agujas de Chamonix\" width=\"821\" height=\"1314\" srcset=\"https:\/\/www.monta\u00f1asdelaluna.es\/wp-content\/uploads\/2002\/07\/joaquin-en-chamomix-arriba-las-agujas-de-chamonix.jpg 1143w, https:\/\/www.monta\u00f1asdelaluna.es\/wp-content\/uploads\/2002\/07\/joaquin-en-chamomix-arriba-las-agujas-de-chamonix-187x300.jpg 187w, https:\/\/www.monta\u00f1asdelaluna.es\/wp-content\/uploads\/2002\/07\/joaquin-en-chamomix-arriba-las-agujas-de-chamonix-640x1024.jpg 640w\" sizes=\"auto, (max-width: 821px) 100vw, 821px\" \/><\/a><p id=\"caption-attachment-44030\" class=\"wp-caption-text\">Joaqu\u00edn en CHamomix, arriba las Agujas de Chamonix<\/p><\/div>\n<div id=\"attachment_44033\" style=\"width: 830px\" class=\"wp-caption aligncenter\"><a class=\"dt-single-image\" href=\"http:\/\/monta\u00f1asdelaluna.com\/wp-content\/uploads\/2002\/07\/jesus-quique-y-fernando-en-el-camping-en-chamonix.jpg\" data-dt-img-description=\"\"><img loading=\"lazy\" decoding=\"async\" aria-describedby=\"caption-attachment-44033\" class=\"wp-image-44033 \" src=\"http:\/\/monta\u00f1asdelaluna.com\/wp-content\/uploads\/2002\/07\/jesus-quique-y-fernando-en-el-camping-en-chamonix-1024x681.jpg\" alt=\"Jes\u00fas, Quique y Fernando en el camping en CHamonix\" width=\"820\" height=\"545\" srcset=\"https:\/\/www.monta\u00f1asdelaluna.es\/wp-content\/uploads\/2002\/07\/jesus-quique-y-fernando-en-el-camping-en-chamonix-1024x681.jpg 1024w, https:\/\/www.monta\u00f1asdelaluna.es\/wp-content\/uploads\/2002\/07\/jesus-quique-y-fernando-en-el-camping-en-chamonix-300x200.jpg 300w, https:\/\/www.monta\u00f1asdelaluna.es\/wp-content\/uploads\/2002\/07\/jesus-quique-y-fernando-en-el-camping-en-chamonix.jpg 1830w\" sizes=\"auto, (max-width: 820px) 100vw, 820px\" \/><\/a><p id=\"caption-attachment-44033\" class=\"wp-caption-text\">Jes\u00fas, Quique y Fernando en el camping en CHamonix<\/p><\/div>\n<p>Llegamos a CHamonix. Percibimos que es un pueblo muy tur\u00edstico sin salir de la furgoneta. Llegamos al camping que est\u00e1 situado en el lugar exacto en el que nos dijo Tom\u00e1s; no hab\u00eda p\u00e9rdida. Llegamos sobre las dos y media del mediod\u00eda; yo calcul\u00e9 sobre las dos, pero llev\u00e1bamos media hora de retraso por la equivocaci\u00f3n en la autopista, o sea, que mi horario fue infalible, contando el tiempo que me dijeron nuestros antecesores que se tardaba.<\/p>\n<p>El valle es hermoso y ancho, con aspecto de valle glaciar; aunque percibimos que est\u00e1 demasiado humanizado: telef\u00e9ricos, caminos por todas partes, trenes cremallera, chalets y casas ocupan todo el fondo del valle y algunas de sus laderas&#8230; pero a\u00fan as\u00ed es bello y est\u00e1 cuidado. Los bosques de abetos abundan y son bonitos. Nunca hab\u00eda visto bosques de estos \u00e1rboles tan grandes y esbeltos. Hasta Quique se qued\u00f3 asombrado y le hizo algunas fotos a las formas de los abetos; el resultado de las fotos no era muy coherente.<\/p>\n<p>El camping est\u00e1 en un lugar ideal, en medio del bosque de abetos en las faldas del macizo. Montamos las dos tiendas y bajamos y ordenamos la carga. Bajamos una nevera donde hab\u00edamos puesto una sabrosa carne, pero no le pusimos hielo y huele muy mal, a la vez tiene un color verdoso-amarillento. Con pena y resignaci\u00f3n tenemos que tirar la carne. Pienso que es el primer fallo y espero que sea el \u00faltimo en el viaje.<\/p>\n<div id=\"attachment_17490\" style=\"width: 754px\" class=\"wp-caption aligncenter\"><a class=\"dt-single-image\" href=\"http:\/\/monta\u00f1asdelaluna.com\/wp-content\/uploads\/2002\/07\/Mont-blanc-3.jpg\" data-dt-img-description=\"\"><img loading=\"lazy\" decoding=\"async\" aria-describedby=\"caption-attachment-17490\" class=\"wp-image-17490 size-large\" src=\"http:\/\/monta\u00f1asdelaluna.com\/wp-content\/uploads\/2002\/07\/Mont-blanc-3-744x1024.jpg\" alt=\"Mont blanc 3\" width=\"744\" height=\"1024\" srcset=\"https:\/\/www.monta\u00f1asdelaluna.es\/wp-content\/uploads\/2002\/07\/Mont-blanc-3-744x1024.jpg 744w, https:\/\/www.monta\u00f1asdelaluna.es\/wp-content\/uploads\/2002\/07\/Mont-blanc-3-218x300.jpg 218w, https:\/\/www.monta\u00f1asdelaluna.es\/wp-content\/uploads\/2002\/07\/Mont-blanc-3.jpg 1275w\" sizes=\"auto, (max-width: 744px) 100vw, 744px\" \/><\/a><p id=\"caption-attachment-17490\" class=\"wp-caption-text\">CHamonix y el Mont Blanc<\/p><\/div>\n<p>Despu\u00e9s de instalados y montado el \u201ccampamento base\u201d, decidimos ir a CHamonix que queda muy cerca (ya que estamos a las afueras, al otro lado de la carretera de entrada a CHamonix). Vemos el gran telef\u00e9rico que sube a la Aiguille du Midi y nos parece un artilugio vertiginoso. Visitamos el pueblo. Debemos alquilar un casco para Fernando ya que hemos tra\u00eddo tres (dos del Centro y otro que trae Quique de otra asociaci\u00f3n). A partir de entonces (aunque no en esta ocasi\u00f3n) el portavoz del grupo para entendernos con los franceses ser\u00eda yo. Aunque hago una mezcla de franc\u00e9s e ingl\u00e9s, ya que \u201cchapurreo\u201d algo de ingl\u00e9s y solo me s\u00e9 varias palabras en franc\u00e9s que aprend\u00ed en un viaje a B\u00e9lgica. A pesar de que Quique en su trabajo debe hablar en ingl\u00e9s y entenderse con extranjeros, en este viaje interviene muy pocas veces o ninguna. Digamos que mis compa\u00f1eros me ven como el \u201cjefe de la expedici\u00f3n\u201d y responsable de contactos, formalidades y protocolos. Aunque las decisiones sean democr\u00e1ticas entre los cuatro, la m\u00eda se tomar\u00e1 m\u00e1s en cuenta (tampoco quiere decir que se vaya a hacer lo que yo diga). El pueblecito est\u00e1 lleno de turistas, cientos de tiendas que venden cosas relacionadas con el Mont Blanc, los Alpes y quienes los habitan. Recorremos plazas, tiendas, calles, supermercados&#8230; El tiempo es bueno, con algunas nubes; las Agujas de CHamonix se abren impresionantes sobre el valle y sus pueblos. Son torreones de cientos de metros que cortan el cielo con sus puntiagudos picos jalonados de aristas, crestas, espolones a\u00e9reos y vertiginosos. Es un espect\u00e1culo para un monta\u00f1ero, impresionante. Estamos en la cuna del alpinismo. El macizo del Mont Blanc.<\/p>\n<p>Entramos en la Casa de la Monta\u00f1a. Queremos informarnos del tiempo que va a hacer estos d\u00edas. Recoger m\u00e1s informaci\u00f3n de por donde debemos subir, que telef\u00e9rico, que tren cremallera, que senda debemos tomar, desde que pueblo&#8230; Aunque todo eso ya lo sab\u00edamos y ten\u00edamos una idea, quer\u00edamos cerciorarnos. Nos dec\u00edan que las predicciones meteorol\u00f3gicas eran muy exactas, y es as\u00ed, sobre todo para dos-tres d\u00edas vista. En la Casa de la Monta\u00f1a hab\u00eda informaci\u00f3n de todo tipo, aparte de la meteorol\u00f3gica, estado de la nieve, que hacer en caso de emergencia, temperaturas a todas las alturas&#8230; muy completo. Hab\u00eda una peque\u00f1a maqueta-croquis del macizo del Mont Blanc con los telef\u00e9ricos que lo rodeaban y todo muy bien detallado, refugios, sendas, glaciares, neveros&#8230; Fernando film\u00f3 parte de esta maqueta por la zona en la que \u00edbamos a subir. Entonces ya ten\u00edamos claro (creo que antes de salir de Alicante) que la subida la har\u00edamos por la Aiguille du Go\u00fbter.<\/p>\n<div id=\"attachment_44032\" style=\"width: 1170px\" class=\"wp-caption aligncenter\"><a class=\"dt-single-image\" href=\"http:\/\/monta\u00f1asdelaluna.com\/wp-content\/uploads\/2002\/07\/aiguille-du-midi.jpg\" data-dt-img-description=\"\"><img loading=\"lazy\" decoding=\"async\" aria-describedby=\"caption-attachment-44032\" class=\"wp-image-44032 \" src=\"http:\/\/monta\u00f1asdelaluna.com\/wp-content\/uploads\/2002\/07\/aiguille-du-midi.jpg\" alt=\"Aiguille du Midi\" width=\"1160\" height=\"772\" srcset=\"https:\/\/www.monta\u00f1asdelaluna.es\/wp-content\/uploads\/2002\/07\/aiguille-du-midi.jpg 1832w, https:\/\/www.monta\u00f1asdelaluna.es\/wp-content\/uploads\/2002\/07\/aiguille-du-midi-300x200.jpg 300w, https:\/\/www.monta\u00f1asdelaluna.es\/wp-content\/uploads\/2002\/07\/aiguille-du-midi-1024x682.jpg 1024w\" sizes=\"auto, (max-width: 1160px) 100vw, 1160px\" \/><\/a><p id=\"caption-attachment-44032\" class=\"wp-caption-text\">Aiguille du Midi<\/p><\/div>\n<p>Ya de vuelta en el camping, nuestro \u201ccampamento base\u201d hablamos de c\u00f3mo \u00edbamos a hacer las etapas y cuando. Hoy era s\u00e1bado y hac\u00eda relativo buen tiempo. Ma\u00f1ana domingo empeorar\u00eda, llover\u00eda, har\u00eda mal tiempo. El lunes empezar\u00eda a mejorar pero no del todo, aunque no iba a llover, s\u00ed habr\u00eda nubes. El martes har\u00eda un tiempo soleado, muy bueno, sin una nube, ser\u00eda el id\u00f3neo para hacer cumbre. El mi\u00e9rcoles empezar\u00eda a empeorar otra vez sobre todo por la tarde, pero sin lluvia. Esto era lo que ten\u00edamos para los primeros d\u00edas de esta semana. Una vez que sab\u00edamos esto decidimos lo siguiente: Entendiendo que el d\u00eda ideal para hacer cumbre era el martes y quer\u00edamos repartir la subida en tres etapas para subir poco a poco y poder aclimatarnos a la altura, adem\u00e1s de que iremos cargados como burros con las tiendas, material, comida&#8230; para no cansarnos demasiado en el ataque final. El domingo, a\u00fan con mal tiempo cogeremos el telef\u00e9rico de Les Houches, el tren cremallera a Le Nid d\u2019Aigle y empezar\u00edamos a andar hasta el Refugio T\u00eate-Rousse donde haremos noche. La segunda etapa ser\u00eda el lunes con mejor tiempo para coger la cresta de la Aiguille du Go\u00fbter hasta su cima y su refugio, har\u00edamos noche en la plataforma de arriba del mismo. Al d\u00eda siguiente, martes, intentona al Mont Blanc desde la Aiguille du Go\u00fbter, con buen tiempo y fuerzas. Todo parec\u00eda estar planeado y preparado a la perfecci\u00f3n, pero la realidad y la monta\u00f1a nos har\u00e1 ver que la vida es un conjunto de planes, unos detr\u00e1s de otros, que no llegan a salir como se esperaba en un principio.<\/p>\n<p>Cenamos en nuestros c\u00f3modos asientos y en la mesa junto a las tiendas. Charlamos, jugamos al domin\u00f3 (que acertadamente se ha tra\u00eddo Fernando) y nos filmamos relajados y alegres. Parece que la suerte est\u00e1 de nuestra parte y no tardaremos ni media semana de estancia en subir el alto Mont Blanc. Junto a nuestras tiendas hay otra tienda de una parejita francesa que no paran de re\u00edrse cuando entran los dos en la tienda. \u00a1Ha\u00e1&#8230;! \u00a1Que bonita es la naturaleza y poder gozar de ella&#8230;! Descubro horrorizado y sorprendido que el gel que llevaba para ducharme y lavarme se ha desparramado por mi peque\u00f1a mochila de ataque y ha empapado la toallita que tra\u00eda; los tengo que dejar al sol para que se sequen con agradable perfume a limpio. Espero que ma\u00f1ana tengamos suerte y podamos hacer lo que preveemos sin que nada se desparrame.[\/vc_column_text][\/vc_column][\/vc_row][vc_row][vc_column][vc_empty_space height=\u00bb60px\u00bb][\/vc_column][\/vc_row][vc_row][vc_column][vc_cta h2=\u00bb\u00c1lbum de fotos\u00bb txt_align=\u00bbcenter\u00bb add_button=\u00bbbottom\u00bb btn_title=\u00bbVer fotos\u00bb btn_color=\u00bbwarning\u00bb btn_align=\u00bbcenter\u00bb btn_link=\u00bburl:http%3A%2F%2Fmonta%C3%B1asdelaluna.com%2F%3Fdt_gallery%3Dmont-blanc-2-002|title:Mont%20Blanc%20(4.810%20mts.)|target:_blank\u00bb css=\u00bb.vc_custom_1614292341788{background-color: #8bc4ed !important;}\u00bb]Puedes ver todas las fotos del relato y actividad en forma de presentaci\u00f3n o individuales pinchando aqui \u00a1No te las pierdas![\/vc_cta][\/vc_column][\/vc_row][vc_row][vc_column][vc_empty_space height=\u00bb60px\u00bb][\/vc_column][\/vc_row][vc_row][vc_column width=\u00bb1\/3&#8243;][\/vc_column][vc_column width=\u00bb1\/2&#8243;][vc_raw_html]JTNDaWZyYW1lJTIwc3JjJTNEJTIyaHR0cHMlM0ElMkYlMkZ3d3cubWV0ZW9ibHVlLmNvbSUyRmVzJTJGdGllbXBvJTJGd2lkZ2V0JTJGZGFpbHklMkZjaGFtb25peF9mcmFuY2lhXzMwMjczMDElM0ZkYXlzJTNENyUyNnRlbXB1bml0JTNEQ0VMU0lVUyUyNndpbmR1bml0JTNES0lMT01FVEVSX1BFUl9IT1VSJTI2cGljdG9pY29uJTNEMSUyNm1heHRlbXBlcmF0dXJlJTNEMSUyNm1pbnRlbXBlcmF0dXJlJTNEMSUyNndpbmRzcGVlZCUzRDElMjZ3aW5kZ3VzdCUzRDElMjZ3aW5kZGlyZWN0aW9uJTNEMSUyNnByZWNpcGl0YXRpb24lM0QxJTI2cHJlY2lwaXRhdGlvbnByb2JhYmlsaXR5JTNEMSUyNnNwb3QlM0QxJTI2cHJlc3N1cmUlM0QxJTI2bGF5b3V0JTNEbGlnaHQlMjIlMjAlMjBmcmFtZWJvcmRlciUzRCUyMjAlMjIlMjBzY3JvbGxpbmclM0QlMjJOTyUyMiUyMGFsbG93dHJhbnNwYXJlbmN5JTNEJTIydHJ1ZSUyMiUyMHN0eWxlJTNEJTIyd2lkdGglM0ElMjAzNzhweCUzQmhlaWdodCUzQSUyMDM4MXB4JTIyJTNFJTNDJTJGaWZyYW1lJTNFJTNDZGl2JTNFJTNDJTIxLS0lMjBETyUyME5PVCUyMFJFTU9WRSUyMFRISVMlMjBMSU5LJTIwLS0lM0UlM0NhJTIwaHJlZiUzRCUyMmh0dHBzJTNBJTJGJTJGd3d3Lm1ldGVvYmx1ZS5jb20lMkZlcyUyRnRpZW1wbyUyRnByb25vc3RpY28lMkZzZW1hbmElMkZjaGFtb25peF9mcmFuY2lhXzMwMjczMDElMjIlMjB0YXJnZXQlM0QlMjJfYmxhbmslMjIlM0VtZXRlb2JsdWUlM0MlMkZhJTNFJTNDJTJGZGl2JTNF[\/vc_raw_html][\/vc_column][vc_column width=\u00bb1\/5&#8243;][\/vc_column][\/vc_row]<\/p>\n","protected":false},"excerpt":{"rendered":"<p>[vc_row][vc_column][vc_column_text]Despertamos en La Jonquera con la c\u00e1mara de video de Fernando en la cara. Nos est\u00e1 filmando mientras despertamos. Desde luego la visi\u00f3n tiene que ser espantosa. Hemos pasado calor esta noche, al menos yo, y no he dormido muy bien. Desayunamos en una especie de restaurante en un primer piso con una terraza desde&hellip;<\/p>\n","protected":false},"author":1,"featured_media":44032,"comment_status":"open","ping_status":"open","sticky":false,"template":"","format":"standard","meta":[],"categories":[38],"tags":[],"class_list":["post-17479","post","type-post","status-publish","format-standard","has-post-thumbnail","hentry","category-montblanc","category-38","description-off"],"_links":{"self":[{"href":"https:\/\/www.monta\u00f1asdelaluna.es\/index.php?rest_route=\/wp\/v2\/posts\/17479","targetHints":{"allow":["GET"]}}],"collection":[{"href":"https:\/\/www.monta\u00f1asdelaluna.es\/index.php?rest_route=\/wp\/v2\/posts"}],"about":[{"href":"https:\/\/www.monta\u00f1asdelaluna.es\/index.php?rest_route=\/wp\/v2\/types\/post"}],"author":[{"embeddable":true,"href":"https:\/\/www.monta\u00f1asdelaluna.es\/index.php?rest_route=\/wp\/v2\/users\/1"}],"replies":[{"embeddable":true,"href":"https:\/\/www.monta\u00f1asdelaluna.es\/index.php?rest_route=%2Fwp%2Fv2%2Fcomments&post=17479"}],"version-history":[{"count":14,"href":"https:\/\/www.monta\u00f1asdelaluna.es\/index.php?rest_route=\/wp\/v2\/posts\/17479\/revisions"}],"predecessor-version":[{"id":17482,"href":"https:\/\/www.monta\u00f1asdelaluna.es\/index.php?rest_route=\/wp\/v2\/posts\/17479\/revisions\/17482"}],"wp:featuredmedia":[{"embeddable":true,"href":"https:\/\/www.monta\u00f1asdelaluna.es\/index.php?rest_route=\/wp\/v2\/media\/44032"}],"wp:attachment":[{"href":"https:\/\/www.monta\u00f1asdelaluna.es\/index.php?rest_route=%2Fwp%2Fv2%2Fmedia&parent=17479"}],"wp:term":[{"taxonomy":"category","embeddable":true,"href":"https:\/\/www.monta\u00f1asdelaluna.es\/index.php?rest_route=%2Fwp%2Fv2%2Fcategories&post=17479"},{"taxonomy":"post_tag","embeddable":true,"href":"https:\/\/www.monta\u00f1asdelaluna.es\/index.php?rest_route=%2Fwp%2Fv2%2Ftags&post=17479"}],"curies":[{"name":"wp","href":"https:\/\/api.w.org\/{rel}","templated":true}]}}