{"id":17502,"date":"2002-07-22T14:56:41","date_gmt":"2002-07-22T14:56:41","guid":{"rendered":"http:\/\/monta\u00f1asdelaluna.com\/?p=17502"},"modified":"2021-07-13T22:16:27","modified_gmt":"2021-07-13T22:16:27","slug":"22-de-julio-del-2-002-lunes","status":"publish","type":"post","link":"https:\/\/www.monta\u00f1asdelaluna.es\/?p=17502","title":{"rendered":"22 de julio del 2.002, lunes"},"content":{"rendered":"<p>[vc_row][vc_column][vc_column_text]Hoy lunes nos levantamos algo temprano para que nos d\u00e9 tiempo a desmontar, pagar el camping, distribuirnos el material a utilizar (tiendas, cuerdas, pl\u00e1sticos&#8230;). Hoy es el d\u00eda en que emprenderemos la primera etapa hac\u00eda el Refugio T\u00eate-Rousse a unos tres mil ciento cincuenta metros de altitud. El d\u00eda se presenta bueno. Hay nubecillas pero nada amenazadoras que con el transcurso de la tarde desaparecer\u00e1n y atardecer\u00e1 un d\u00eda espl\u00e9ndido. Observo la Aiguille du Go\u00fbter que se perfila en un extremo de la D\u00f4me du Go\u00fbter. Soleada y sin nubes me hace pensar que este primer d\u00eda ser\u00e1 muy bueno llegando a nuestro objetivo (quiz\u00e1s inconscientemente le hablaba a la Aiguille du Go\u00fbter dici\u00e9ndole: \u201chaznos sitio all\u00e1 arriba en tu fr\u00eda y desolada cuna que vamos para all\u00e1\u201d). Desde el camping, esta ma\u00f1ana, ofrece una vista muy bonita entre los abetos del bosque. Veo que mis compa\u00f1eros como yo nos sentimos listos y preparados para la subida de hoy; es m\u00e1s, incluso gracias al d\u00eda tan soleado y claro que nos ofrece, nos sentimos preparados para llegar hasta la misma cima del Mont Blanc. Nuestra vitalidad, \u00e1nimo y fuerza est\u00e1n por las nubes.<\/p>\n<p>Por la carretera y acerc\u00e1ndonos a Les Houches, Fernando filma esta vertiente del macizo con sus cascadas de glaciares que bajan desde las alturas hasta casi nuestros pies. El Bossons y Taconnaz bajan chisporroteando brillo y luz en este d\u00eda tan claro y espl\u00e9ndido. La excitaci\u00f3n es tal que pensamos nos vamos a comer la monta\u00f1a.<\/p>\n<p>Ya en Les Houches cogemos un telef\u00e9rico para subir a Belleveu, a unos mil setecientos metros. El desnivel es de setecientos metros entre Les Houches y Belleveu. En el telecabina va m\u00e1s gente que como nosotros se disponen a coger el tren cremallera para subir a Le Nid d\u2019Aigle, y quiz\u00e1s con el Mont Blanc como destino o simplemente para curiosear y hacer algo de turismo dominguero en aquella zona. Las mochilas pesan \u201cun huevo\u201d, parece imposible que podamos cargarlas. Es la primera vez que monto en un telef\u00e9rico, al menos en la monta\u00f1a, que yo recuerde. El balanceo del mismo me hace cosquillas en el est\u00f3mago. Me recuerda a cuando montaba en la noria. Parece que pesa mucho \u00bfNo se romper\u00e1n los cables? Cada dos por tres miro el trecho ya recorrido, lo que nos queda por recorrer y a los cables que nos sostienen, sobre todo cuando cruzamos una de esas torres que sostienen el cable en el aire y pasa dicho cable por aquellas ruedas. Siempre parece que se vaya a salir hasta que te acostumbras al ruido.<\/p>\n<div id=\"attachment_44047\" style=\"width: 1034px\" class=\"wp-caption aligncenter\"><a class=\"dt-single-image\" href=\"https:\/\/www.monta\u00f1asdelaluna.es\/wp-content\/uploads\/2002\/07\/aiguille-du-gouter-en-el-centro-y-dome-du-gouter-a-la-izquierda-desde-el-camping-de-chamonix.jpg\" data-dt-img-description=\"\"><img loading=\"lazy\" decoding=\"async\" aria-describedby=\"caption-attachment-44047\" class=\"wp-image-44047 size-large\" src=\"https:\/\/www.monta\u00f1asdelaluna.es\/wp-content\/uploads\/2002\/07\/aiguille-du-gouter-en-el-centro-y-dome-du-gouter-a-la-izquierda-desde-el-camping-de-chamonix-1024x681.jpg\" alt=\"Aiguille du Go\u00fbter en el centro y D\u00f4me du Go\u00fbter a la izquierda, desde el Camping de CHamonix\" width=\"1024\" height=\"681\" srcset=\"https:\/\/www.monta\u00f1asdelaluna.es\/wp-content\/uploads\/2002\/07\/aiguille-du-gouter-en-el-centro-y-dome-du-gouter-a-la-izquierda-desde-el-camping-de-chamonix-1024x681.jpg 1024w, https:\/\/www.monta\u00f1asdelaluna.es\/wp-content\/uploads\/2002\/07\/aiguille-du-gouter-en-el-centro-y-dome-du-gouter-a-la-izquierda-desde-el-camping-de-chamonix-300x200.jpg 300w, https:\/\/www.monta\u00f1asdelaluna.es\/wp-content\/uploads\/2002\/07\/aiguille-du-gouter-en-el-centro-y-dome-du-gouter-a-la-izquierda-desde-el-camping-de-chamonix.jpg 1834w\" sizes=\"auto, (max-width: 1024px) 100vw, 1024px\" \/><\/a><p id=\"caption-attachment-44047\" class=\"wp-caption-text\">Aiguille du Go\u00fbter en el centro y D\u00f4me du Go\u00fbter a la izquierda, desde el Camping de CHamonix<\/p><\/div>\n<p>Ya estamos en Belleveu. Hay un restaurante. Todo esto es tur\u00edstico total. Cargamos nuestras pesadas mochilas y bajamos un poco en la otra vertiente hasta la min\u00fascula parada que aqu\u00ed tiene el tren cremallera. Compramos lo billetes en la min\u00fascula taquilla de madera (como la estaci\u00f3n) igual que hicimos con el telef\u00e9rico. \u201cAll\u00e9, retorn\u201d, ida y vuelta, y esperamos a que suba \u201cel expreso del Mont Blanc\u201d. Yo cre\u00eda que enseguida subir\u00eda, que en pocos minutos podr\u00eda estar aqu\u00ed, pero tard\u00f3 de media a una hora, no s\u00e9 con exactitud, pero se nos antoj\u00f3 eterno. Yo pensaba que est\u00e1bamos perdiendo mucho tiempo y que estas esperas nos retrasar\u00edan, as\u00ed que me desesperaba, al igual que mis compa\u00f1eros. Fernando aprovechaba y sacaba la c\u00e1mara para filmarnos puesto de equipo y mochila en la desesperada estaci\u00f3n.<\/p>\n<p>Al tiempo vemos llegar el tren cremallera. La estaci\u00f3n se ha llenado de gente que quiere montar en el tren cremallera y observamos perplejos al pasar dicho tren que va abarrotado de pasajeros; hay mucha gente dentro y mucha m\u00e1s que quiere subir. No sabemos que hacer. Nos dirigimos hac\u00eda una puerta y un encargado del tren no nos permite el paso. Nos dirigimos a otra y entre la gente logramos colocarnos dentro casi a empujones. Al final todos hemos podido entrar y nadie se ha quedado fuera, pero dudo si habr\u00eda cabido alguien m\u00e1s. Estamos junto a las entradas, de pie, sin sentarnos pues ya no hay asientos libres. M\u00e1s gente est\u00e1 de pie como nosotros. El tren se pone en marcha poco a poco con una serie de envestidas. Parece imposible que este peque\u00f1o tren pueda moverse tan cargado como va y con lo que se empina el camino. A veces pasamos junto a precipicios inmensos que nos hacen pensar en la seguridad de este medio de locomoci\u00f3n, hay tanta gente. O\u00edmos voces familiares. Sentados cerca de nosotros hay unos espa\u00f1oles que gritan y vociferan muy animadamente, casi molesto (t\u00edpicos espa\u00f1oles). No se oye a ning\u00fan otro por encima del nivel de esta gente. Nosotros nos miramos diciendo: \u201cmira, espa\u00f1oles\u201d, pero no llegamos a hablar con ellos. Me parecen demasiado descarados.<\/p>\n<p>A un espa\u00f1ol siempre le anima y sorprende encontrarse con otros de su pa\u00eds en los viajes que hace por el extranjero (y m\u00e1s si es de tu misma tierra). Tambi\u00e9n si son monta\u00f1eros nos sorprende a\u00fan m\u00e1s, siempre nos llama la atenci\u00f3n y tendemos a entablar amistad con ellos&#8230; Aunque en ese tren todos eran monta\u00f1eros.<\/p>\n<div id=\"attachment_44048\" style=\"width: 1034px\" class=\"wp-caption aligncenter\"><a class=\"dt-single-image\" href=\"https:\/\/www.monta\u00f1asdelaluna.es\/wp-content\/uploads\/2002\/07\/delante-quique-subiendo-a-tete-rousse.jpg\" data-dt-img-description=\"\"><img loading=\"lazy\" decoding=\"async\" aria-describedby=\"caption-attachment-44048\" class=\"wp-image-44048 size-large\" src=\"https:\/\/www.monta\u00f1asdelaluna.es\/wp-content\/uploads\/2002\/07\/delante-quique-subiendo-a-tete-rousse-1024x682.jpg\" alt=\"Delante Quique subiendo a Tete Rousse\" width=\"1024\" height=\"682\" srcset=\"https:\/\/www.monta\u00f1asdelaluna.es\/wp-content\/uploads\/2002\/07\/delante-quique-subiendo-a-tete-rousse-1024x682.jpg 1024w, https:\/\/www.monta\u00f1asdelaluna.es\/wp-content\/uploads\/2002\/07\/delante-quique-subiendo-a-tete-rousse-300x200.jpg 300w, https:\/\/www.monta\u00f1asdelaluna.es\/wp-content\/uploads\/2002\/07\/delante-quique-subiendo-a-tete-rousse.jpg 1833w\" sizes=\"auto, (max-width: 1024px) 100vw, 1024px\" \/><\/a><p id=\"caption-attachment-44048\" class=\"wp-caption-text\">Delante Quique subiendo a Tete Rousse<\/p><\/div>\n<div id=\"attachment_44049\" style=\"width: 1034px\" class=\"wp-caption aligncenter\"><a class=\"dt-single-image\" href=\"https:\/\/www.monta\u00f1asdelaluna.es\/wp-content\/uploads\/2002\/07\/delante-la-aiguille-du-gouter.jpg\" data-dt-img-description=\"\"><img loading=\"lazy\" decoding=\"async\" aria-describedby=\"caption-attachment-44049\" class=\"wp-image-44049 size-large\" src=\"https:\/\/www.monta\u00f1asdelaluna.es\/wp-content\/uploads\/2002\/07\/delante-la-aiguille-du-gouter-1024x684.jpg\" alt=\"Delante la Aiguille du Go\u00fbter\" width=\"1024\" height=\"684\" srcset=\"https:\/\/www.monta\u00f1asdelaluna.es\/wp-content\/uploads\/2002\/07\/delante-la-aiguille-du-gouter-1024x684.jpg 1024w, https:\/\/www.monta\u00f1asdelaluna.es\/wp-content\/uploads\/2002\/07\/delante-la-aiguille-du-gouter-300x200.jpg 300w, https:\/\/www.monta\u00f1asdelaluna.es\/wp-content\/uploads\/2002\/07\/delante-la-aiguille-du-gouter.jpg 1833w\" sizes=\"auto, (max-width: 1024px) 100vw, 1024px\" \/><\/a><p id=\"caption-attachment-44049\" class=\"wp-caption-text\">Delante la Aiguille du Go\u00fbter<\/p><\/div>\n<p>\u00bfPor que utilizamos el tren cremallera y telef\u00e9rico consider\u00e1ndonos nosotros monta\u00f1eros que utilizamos lo m\u00ednimo posible la locomoci\u00f3n artificial para subir? (Al menos el esp\u00edritu monta\u00f1ero te hace sentirte en una naturaleza donde los \u00fanicos medios artificiales son aquellos que tu mismo puedes cargar o llevar puesto). El problema de subir el Mont Blanc es la meteorolog\u00eda. Quiero decir que normalmente hay como m\u00e1ximo dos d\u00edas de buen tiempo seguido y para subir la monta\u00f1a el d\u00eda debe de ser espl\u00e9ndido; al menos es lo ideal. Por ello subiendo en telef\u00e9rico y tren cremallera nos ahorra casi una jornada de aproximaci\u00f3n y fuerzas. No podemos despilfarrar tiempo ya que esos dos d\u00edas de buen tiempo tienen que salir en semana y media que nosotros tenemos de viaje, y queremos subir el Mont Blanc. Seguramente si volvi\u00e9ramos al macizo y quisi\u00e9ramos subir el Mont Blanc lo har\u00edamos por otro sitio evitando los medios artificiales de locomoci\u00f3n.<\/p>\n<p>Aproxim\u00e1ndonos a la \u00faltima estaci\u00f3n y despu\u00e9s de cruzar algunos t\u00faneles y nubes, vemos abajo en el fondo del valle otro gran glaciar que a\u00fan no hab\u00edamos visto, el Glaciar de Bionnassay. Otro ancho r\u00edo de hielo lleno de grietas y rimayas. Asombroso.<\/p>\n<p>Los bosques han desaparecido m\u00e1s arriba. Estamos a casi dos mil cuatrocientos metros. Las nubes nos rodean. Parece que el tiempo intenta equivocarnos o desconcertarnos, pero nosotros seguimos fieles a las predicciones meteorol\u00f3gicas de la Casa de la Monta\u00f1a. Estamos en Le Nid d\u2019Aigle, el final del trayecto del tren cremallera. Este tren sale de Saint-Gerva\u00eds-Les-Bains y termina aqu\u00ed. De repente una marabunta de gente sale con las mochilas cargadas y parece una inmensa romer\u00eda monta\u00f1era. Hace algo m\u00e1s de fresco. La subida es algo aburrida al principio. Una serpenteante senda sube y sube a trav\u00e9s del llamado Desert de Pierre Ronde. Todo es tierra y piedras. A nuestra izquierda una peque\u00f1a cresta, Les Rognes, a la cual se adhiere nuestra senda, nada peligrosa. Parece una carrera de todos los monta\u00f1eros que suben. Al poco tiempo pierdo de vista a Fernando y Jes\u00fas entre la multitud de monta\u00f1eros. Quique sigue tras m\u00eda. Sigue habiendo nubes pero nada preocupantes. \u00c9stas dan un toque bonito al paisaje que se va divisando, cada vez que subimos, m\u00e1s amplio y monta\u00f1\u00e9s. Estamos fuertes; estamos subiendo a buen ritmo a pesar de la pesada mochila.<\/p>\n<p>Algo m\u00e1s arriba y en un falso llano divisamos la Aiguille du Go\u00fbter. Alta, escarpada. Intentamos adivinar cual es la cresta de subida, pero en vano acertamos cual podr\u00eda ser. Lo sabremos algo m\u00e1s arriba cuando estemos en la base de la aiguille. El tiempo se va despejando. Despu\u00e9s de unas cuantas nubes que nos cubr\u00edan e imped\u00edan la visi\u00f3n fuera del recorrido, por fin podemos ver mejor algunas de las monta\u00f1as que nos rodean.<\/p>\n<div id=\"attachment_44052\" style=\"width: 1034px\" class=\"wp-caption aligncenter\"><a class=\"dt-single-image\" href=\"https:\/\/www.monta\u00f1asdelaluna.es\/wp-content\/uploads\/2002\/07\/refugio-tete-rousse-bajo-la-aiguille-du-bionnassay.jpg\" data-dt-img-description=\"\"><img loading=\"lazy\" decoding=\"async\" aria-describedby=\"caption-attachment-44052\" class=\"wp-image-44052 size-large\" src=\"https:\/\/www.monta\u00f1asdelaluna.es\/wp-content\/uploads\/2002\/07\/refugio-tete-rousse-bajo-la-aiguille-du-bionnassay-1024x681.jpg\" alt=\"Refugio T\u00eate Rousse bajo la Aiguille du Bionnassay\" width=\"1024\" height=\"681\" srcset=\"https:\/\/www.monta\u00f1asdelaluna.es\/wp-content\/uploads\/2002\/07\/refugio-tete-rousse-bajo-la-aiguille-du-bionnassay-1024x681.jpg 1024w, https:\/\/www.monta\u00f1asdelaluna.es\/wp-content\/uploads\/2002\/07\/refugio-tete-rousse-bajo-la-aiguille-du-bionnassay-300x200.jpg 300w, https:\/\/www.monta\u00f1asdelaluna.es\/wp-content\/uploads\/2002\/07\/refugio-tete-rousse-bajo-la-aiguille-du-bionnassay.jpg 1836w\" sizes=\"auto, (max-width: 1024px) 100vw, 1024px\" \/><\/a><p id=\"caption-attachment-44052\" class=\"wp-caption-text\">Refugio T\u00eate Rousse bajo la Aiguille du Bionnassay<\/p><\/div>\n<p>Ahora la senda se empina un poco y pasa por unos lugares m\u00e1s escarpados. Parece que la han excavado en la roca y cruza por unos precipicios no demasiado imponentes ni demasiado peligrosos. A veces y en alg\u00fan tramo corto de la senda nos encontramos con alg\u00fan cable de acero oxidado para ayudar a cruzar estos pasos aireados. No es tan peligroso y nosotros no utilizamos este cable. Fernando para en ocasiones para filmar el paisaje y la subida. Ahora las nubes y unos p\u00e1jaros negros (pertenecientes a los c\u00f3rvidos) quedan por debajo nuestro. A la izquierda vemos la Aiguille du Midi y las Agujas de CHamonix. Detr\u00e1s m\u00e1s alta la bell\u00edsimo e imponente Aiguille Verte (que cautivar\u00e1 mi atenci\u00f3n y obsesi\u00f3n de ahora en adelante). A su vera y algo m\u00e1s bajos Les Drus que vimos desde Montenvers con su impresionante pared ensombrecida que los hace m\u00e1s verticales y espectaculares. Son aut\u00e9nticos pilares de los Alpes.<\/p>\n<p>M\u00e1s arriba la senda sigue por la parte alta de estas verticalidades y por fin vemos otra parte del macizo: a nuestra derecha aparecen unos grandes neveros que bajan desde la misma base de la Aiguille du Go\u00fbter. Al otro lado de estos neveros vemos algunas construcciones, una casa y algunas chozas. Es el Refugio T\u00eate-Rousse. Detr\u00e1s de \u00e9l, impresionante, una empinada pendiente llena de blanca nieve, hielo, seracs, grietas glaciales, precipicios&#8230; es la bonita Aiguille de Bionnassay (como veis, casi todo el macizo del Mont Blanc son agujas, \u201caiguilles\u201d, menos la mayor\u00eda de las cumbres m\u00e1s altas). Tiene algo m\u00e1s de cuatro mil metros y nos muestra como son los Alpes con sus impresionantes seracs que parecen se mantienen en el vac\u00edo y est\u00e1n a punto de caerse. (Claro, nosotros nunca hab\u00edamos visto algo igual en la alta monta\u00f1a que hac\u00edamos. Y todo nos parec\u00eda descomunal, inmenso y extraordinario).<\/p>\n<p>Poco m\u00e1s arriba paramos en una especie de rellano para comer algo y descansar un poco, abrigarnos y equiparnos para el fr\u00edo y la nieve. Es la una del mediod\u00eda aproximadamente. Estamos a la altura del Refugio T\u00eate-Rousse, a unos tres mil doscientos metros (algo menos). Hemos subido ochocientos metros y se supone que esta es la primera etapa pero estamos fuertes, nos queda toda la tarde por delante, ma\u00f1ana ser\u00e1 el d\u00eda \u201cH\u201d para subir el Mont Blanc; delante dos senderos en la nieve: uno para ir a T\u00eate-Rousse y otro para subir a la Aiguille du Go\u00fbter. Mientras Fernando nos filma y a la vez da su opini\u00f3n, empezamos a deliberar sobre lo que hacer. Uno de nosotros ha dicho de seguir adelante y subir al Refugio de la Aiguille du Go\u00fbter (el que llaman Refugio de Go\u00fbter nuestros compa\u00f1eros y paisanos). La cresta se ve aqu\u00ed al lado; la aguja y su cumbre se ven muy cerca (al menos esa era la impresi\u00f3n que daba). Hemos subido en muy buen tiempo, estamos fuertes y no estamos cansados. Quique y Jes\u00fas quieren seguir y subir a la Aiguille du Go\u00fbter. Fernando se abstiene, lo que decidamos bien estar\u00e1. Yo no lo veo muy claro. Parece que est\u00e1 cerca pero me han hablado mucho de la subida a Go\u00fbter, escarpada, vertiginosa, cansada, larga, a veces a\u00e9rea y peligrosa&#8230; Yo tengo miedo de que si subimos hoy, estemos muy cansados ma\u00f1ana para subir al Mont Blanc, pero tambi\u00e9n debo pensar que llevamos un d\u00eda de retraso y esto nos adelantar\u00eda ese d\u00eda de retraso. Aunque ma\u00f1ana no pudi\u00e9ramos subir al Mont Blanc y nos qued\u00e1ramos todo el d\u00eda en la Aiguille du Go\u00fbter, no pasar\u00eda nada, as\u00ed nos aclimatar\u00edamos y solo tendr\u00edamos que esperar el d\u00eda id\u00f3neo para subir, que incluso podr\u00eda ser el mi\u00e9rcoles.<\/p>\n<div id=\"attachment_44050\" style=\"width: 1034px\" class=\"wp-caption aligncenter\"><a class=\"dt-single-image\" href=\"https:\/\/www.monta\u00f1asdelaluna.es\/wp-content\/uploads\/2002\/07\/subiendo-a-la-aiguille-du-gouter-al-fondo-la-aiguille-du-midi.jpg\" data-dt-img-description=\"\"><img loading=\"lazy\" decoding=\"async\" aria-describedby=\"caption-attachment-44050\" class=\"wp-image-44050 size-large\" src=\"https:\/\/www.monta\u00f1asdelaluna.es\/wp-content\/uploads\/2002\/07\/subiendo-a-la-aiguille-du-gouter-al-fondo-la-aiguille-du-midi-1024x682.jpg\" alt=\"Subiendo a la Aiguille du Go\u00fbter, al fondo la Aiguille du Midi\" width=\"1024\" height=\"682\" srcset=\"https:\/\/www.monta\u00f1asdelaluna.es\/wp-content\/uploads\/2002\/07\/subiendo-a-la-aiguille-du-gouter-al-fondo-la-aiguille-du-midi-1024x682.jpg 1024w, https:\/\/www.monta\u00f1asdelaluna.es\/wp-content\/uploads\/2002\/07\/subiendo-a-la-aiguille-du-gouter-al-fondo-la-aiguille-du-midi-300x200.jpg 300w, https:\/\/www.monta\u00f1asdelaluna.es\/wp-content\/uploads\/2002\/07\/subiendo-a-la-aiguille-du-gouter-al-fondo-la-aiguille-du-midi.jpg 1834w\" sizes=\"auto, (max-width: 1024px) 100vw, 1024px\" \/><\/a><p id=\"caption-attachment-44050\" class=\"wp-caption-text\">Subiendo a la Aiguille du Go\u00fbter, al fondo la Aiguille du Midi<\/p><\/div>\n<div id=\"attachment_44053\" style=\"width: 1034px\" class=\"wp-caption aligncenter\"><a class=\"dt-single-image\" href=\"https:\/\/www.monta\u00f1asdelaluna.es\/wp-content\/uploads\/2002\/07\/jesus-encarando-la-cresta-a-gouter-arriba-la-cima-de-la-aiguille-du-gouter.jpg\" data-dt-img-description=\"\"><img loading=\"lazy\" decoding=\"async\" aria-describedby=\"caption-attachment-44053\" class=\"wp-image-44053 size-large\" src=\"https:\/\/www.monta\u00f1asdelaluna.es\/wp-content\/uploads\/2002\/07\/jesus-encarando-la-cresta-a-gouter-arriba-la-cima-de-la-aiguille-du-gouter-1024x682.jpg\" alt=\"Jes\u00fas encarando la cresta a Go\u00fbter, arriba la cima de la Aiguille du Go\u00fbter\" width=\"1024\" height=\"682\" srcset=\"https:\/\/www.monta\u00f1asdelaluna.es\/wp-content\/uploads\/2002\/07\/jesus-encarando-la-cresta-a-gouter-arriba-la-cima-de-la-aiguille-du-gouter-1024x682.jpg 1024w, https:\/\/www.monta\u00f1asdelaluna.es\/wp-content\/uploads\/2002\/07\/jesus-encarando-la-cresta-a-gouter-arriba-la-cima-de-la-aiguille-du-gouter-300x200.jpg 300w, https:\/\/www.monta\u00f1asdelaluna.es\/wp-content\/uploads\/2002\/07\/jesus-encarando-la-cresta-a-gouter-arriba-la-cima-de-la-aiguille-du-gouter.jpg 1836w\" sizes=\"auto, (max-width: 1024px) 100vw, 1024px\" \/><\/a><p id=\"caption-attachment-44053\" class=\"wp-caption-text\">Jes\u00fas encarando la cresta a Go\u00fbter, arriba la cima de la Aiguille du Go\u00fbter<\/p><\/div>\n<p>Yo al principio no lo tengo claro. No s\u00e9. Ni digo que no pero tampoco que si. Quique y Jes\u00fas quieren intentarlo \u00a1Se ve tan cerca y estamos fuertes! Pero ahora m\u00e1s de la mitad de la subida no es andando por empinadas sendas, sino, trepando. Har\u00edamos dos etapas en una, dos d\u00edas en uno&#8230; sigo susceptible a acometer el intento pero \u00a1bueno!, a lo mejor no es tanto como nos han dicho viendo el tiempo y el esfuerzo que hemos empleado desde Le Nid d\u2019Aigle a T\u00eate-Rousse&#8230; \u00a1Que diablos! \u00a1Vamos all\u00e1 y que sea lo que dios quiera! No hemos comido casi nada (al menos yo) y bebido algo de agua. Observamos la romer\u00eda como deja T\u00eate-Rousse y se enfila hac\u00eda Go\u00fbter. Vemos perfectamente la fila de gente que sube por todo el recorrido entre los dos refugios, tan solo tenemos que seguirlos. Nos ponemos los arneses, el casco a mano, las mochilas, las chaquetas y pantalones \u201ct\u00e9cnicos\u201d y empezamos a subir por el sendero en la nieve hac\u00eda Go\u00fbter. Es algo m\u00e1s de la una del mediod\u00eda, o y cuarto o y media, no s\u00e9. Estamos a algo menos de tres mil doscientos metros y hay que subir a algo m\u00e1s de tres mil ochocientos metros. Unos seiscientos cincuenta metros de desnivel de los cuales unos quinientos es una cresta por la que hay que trepar en muchas ocasiones. No hay que pensar m\u00e1s en ello&#8230; \u00a1Vamos para arriba! \u00a1El tiempo es magn\u00edfico&#8230;!<\/p>\n<p>Cuantas veces he o\u00eddo hablar de la \u201ccresta de Go\u00fbter\u201d. Siempre que mis compa\u00f1eros monta\u00f1eros ven\u00edan al Mont Blanc. Una dif\u00edcil escalada que a mi poco a poco se me iba quedando y cada vez m\u00e1s la ve\u00eda como imposible de subir. Precipicios vertiginosos, piedras que caen, trepadas todo el tiempo, ning\u00fan lugar horizontal, el mochil\u00f3n con m\u00e1s de quince kilos a tu espalda y larga. Desde luego uno no sabe como son las cosas hasta que no est\u00e1s all\u00ed. Muchos exageran y otros se equiparan a la realidad. Pero en fin, ah\u00ed estamos nosotros para saber qu\u00e9 era la cresta de Go\u00fbter.<\/p>\n<p>Al final del gran nevero empezamos ya a tocar roca. Pocos metros despu\u00e9s debemos cruzar la zona que nosotros llamamos \u201cla bolera\u201d. \u00a1\u00bfPor qu\u00e9 \u201cla bolera\u201d?! Por que los bolos son las piedras que caen de la aguja y t\u00fa eres parte de los \u201cpalitroques\u201d que deben derribar. En efecto; hay que cruzar un corredor de una cresta a otra y las piedras caen aqu\u00ed a una velocidad temible, y adem\u00e1s caen tambi\u00e9n a veces grandes rocas. Empezamos a encontrarnos los primeros pasos con cables de acero oxidados de esta segunda etapa, que a veces agarramos con m\u00e1s seguridad. En \u201cla bolera\u201d hay otro cable que te sirve para no precipitarte corredor abajo ya que la pendiente es apreciable y si cae agua puede haber hielo. Como en una cola esperando a cruzar \u201cla bolera\u201d vemos como casi uno a uno atraviesan dicha zona los monta\u00f1eros. Es inevitable mirar hac\u00eda arriba por si ves caer alguna piedra para no cruzar, y descubre m\u00e1s arriba encaramado a un precipicio por el que t\u00fa est\u00e1s subiendo, al Refugio de la Aiguille du Go\u00fbter en la cima de la aguja. No parece que est\u00e9 tan lejos. Ves los puntitos de colores de las diferentes chaquetas de los monta\u00f1eros que est\u00e1n en el tramo final, justo debajo del refugio. Pienso: \u201cno es nada. En poco tiempo estaremos arriba\u201d intento darme \u00e1nimos ante lo que se nos avecina. Hemos dejado ya el Refugio T\u00eate-Rousse detr\u00e1s nuestro y algo m\u00e1s abajo. Vamos progresando satisfactoriamente en la subida. Cada vez hay menos nubes y siempre por debajo nuestro; arriba el azul del cielo es de una pureza casi m\u00e1gica.<\/p>\n<p>Por fin nos toca y atravesamos \u201cla bolera\u201d lo m\u00e1s r\u00e1pido que podemos hasta el otro lado. El cable est\u00e1 algo alto y a penas lo utilizamos, yo creo que casi no lo llegu\u00e9 a tocar. Antes y despu\u00e9s hemos visto caer algunas piedras no muy grandes pero si a gran velocidad \u00a1Que ser\u00eda de alguno de nosotros si nada m\u00e1s la mitad de una de esas piedras nos impactara directamente! Ya estamos los cuatro en el otro lado y ya en la cresta directa de subida a Go\u00fbter. Antes de cruzar \u201cla bolera\u201d nos hemos puesto el casco por si alguna piedra nos daba en la cabeza, y subiendo por la cresta tambi\u00e9n lo llevaremos puesto. Aunque yo le he encontrado otra funci\u00f3n al casco que no hab\u00eda pensado hasta ahora, y que la utilizar\u00eda m\u00e1s y me servir\u00eda m\u00e1s que si me fueran a caer piedras&#8230; Es recomendable el casco en la cresta y casi obligatorio ya que la ca\u00edda de piedras del deshielo y de otras cordadas es constante. No es que sea una lluvia de piedras, pero nunca sabes si la \u00fanica piedra que caer\u00e1 ese d\u00eda te puede dar a ti. As\u00ed que es mejor estar prevenido. Una ca\u00edda en mitad de la cresta te puede costar la vida.<\/p>\n<div id=\"attachment_44056\" style=\"width: 1034px\" class=\"wp-caption aligncenter\"><a class=\"dt-single-image\" href=\"https:\/\/www.monta\u00f1asdelaluna.es\/wp-content\/uploads\/2002\/07\/cresta-de-subida-al-refugio-de-gouter-arriba-queda-dicho-refugio.jpg\" data-dt-img-description=\"\"><img loading=\"lazy\" decoding=\"async\" aria-describedby=\"caption-attachment-44056\" class=\"wp-image-44056 size-large\" src=\"https:\/\/www.monta\u00f1asdelaluna.es\/wp-content\/uploads\/2002\/07\/cresta-de-subida-al-refugio-de-gouter-arriba-queda-dicho-refugio-1024x682.jpg\" alt=\"Cresta de subida al Refugio de Go\u00fbter, arriba queda dicho refugio\" width=\"1024\" height=\"682\" srcset=\"https:\/\/www.monta\u00f1asdelaluna.es\/wp-content\/uploads\/2002\/07\/cresta-de-subida-al-refugio-de-gouter-arriba-queda-dicho-refugio-1024x682.jpg 1024w, https:\/\/www.monta\u00f1asdelaluna.es\/wp-content\/uploads\/2002\/07\/cresta-de-subida-al-refugio-de-gouter-arriba-queda-dicho-refugio-300x200.jpg 300w, https:\/\/www.monta\u00f1asdelaluna.es\/wp-content\/uploads\/2002\/07\/cresta-de-subida-al-refugio-de-gouter-arriba-queda-dicho-refugio.jpg 1832w\" sizes=\"auto, (max-width: 1024px) 100vw, 1024px\" \/><\/a><p id=\"caption-attachment-44056\" class=\"wp-caption-text\">Cresta de subida al Refugio de Go\u00fbter, arriba queda dicho refugio<\/p><\/div>\n<p>Ya estamos en la cresta de subida directa a Go\u00fbter. Vamos los cuatro juntos, yo voy el \u00faltimo. Cruzamos una zona de paredes verticales cruzadas por un cable de acero (esta vez no est\u00e1 oxidado) cogido a la pared con grandes \u201cpitones\u201d clavados en la roca viva. Cogidos al arn\u00e9s un par de tiras de cintas se enganchan al cable por si resbalas, quedes cogido al cable; y cuando debas cruzar de un cable a otro o sortear uno de estos \u201cpitones\u201d siempre est\u00e9s enganchado al cable mientras cambias algunas de las cintas. M\u00e1s arriba, en un hueco horizontal, hay tirada una escalera met\u00e1lica inutilizada y medio oxidada. Vemos m\u00e1s cerca el Refugio de La Aiguille du Go\u00fbter, arriba en lo alto, pero la cresta es larga. Seguimos subiendo por el filo de la cresta. Aqu\u00ed ya no hay cables. Hay que trepar poco a poco; por suerte no es dif\u00edcil y si muy entretenida, desde luego no te aburres. Pero el peso de la mochila hace que no encuentres tu centro de gravedad y dificulte el equilibrio. Hay un momento en que me separo un poco del grupo y subo por unos escarpes fuera del filo de la cresta; llega un momento en que me veo en apuros. Los agarres que hay hace que est\u00e9 demasiado vertical y el peso de la mochila me tira hac\u00eda atr\u00e1s. Me paro, no s\u00e9 por donde ir, la pared es m\u00e1s vertical. La mochila parece que duplica su peso. Si no me muevo en seguida caer\u00e9 hac\u00eda atr\u00e1s y puedo da\u00f1arme seriamente. R\u00e1pidamente tengo que moverme y con pasos en el aire sin perder la fuerza del impulso, subo a otro sitio menos vertical y peligroso. El susto ha sido tremendo. Paro para intentar recobrar el aliento y para que mi coraz\u00f3n recobre sus pulsaciones habituales. Mis compa\u00f1eros siguen subiendo. Quique y Fernando (que son m\u00e1s escaladores) van m\u00e1s adelantados, y Jes\u00fas, m\u00e1s retrasado, est\u00e1 m\u00e1s cerca de mi. Pero el susto y el cansancio van haciendo mella en m\u00ed. Ya no podr\u00e9 cogerlos. El paso ir\u00e1 m\u00e1s lento y esforzado para m\u00ed. Sigo subiendo y trepando; cada vez estoy m\u00e1s cansado. Antes, cerca de la escalera de hierro, a Fernando le ha dado un baj\u00f3n de tensi\u00f3n (creemos) pero por lo bien que sube, parece que ya est\u00e1 recobrado. No tengo tiempo de mirar hac\u00eda atr\u00e1s y admirar el paisaje, ni quiero. La cresta est\u00e1 llena de gente. Es incre\u00edble los monta\u00f1eros que suben \u00a1\u00bfCabremos todos arriba?! Sabiendo como se pone el Refugio de La Aiguille du Go\u00fbter nosotros hemos subido dos buenas tiendas de altura (unos verdaderos chalets de la alta monta\u00f1a). El d\u00eda de llegada, no obstante, intentamos en un puesto de informaci\u00f3n tur\u00edstica conseguir el tel\u00e9fono del alto Refugio de Go\u00fbter para reservar plaza. Despu\u00e9s de \u201cparlotear\u201d en ingl\u00e9s con la chica que se encontraba en la caseta casi en la puerta del camping de CHamonix, me dice que no tiene el tel\u00e9fono de all\u00ed y desistimos de encontrarlo decidiendo subir nuestras tiendas; que, aunque llevemos m\u00e1s peso, estaremos seguros de una comodidad casi mayor a la de dormir en un refugio m\u00e1s que abarrotado de gente, y tener que dormir, ya no solo en el suelo, si no bajo una mesa o bajo una estanter\u00eda. Esa semana no cab\u00eda un alfiler en el refugio. As\u00ed tambi\u00e9n podr\u00edamos estar todo el tiempo que quisi\u00e9ramos acampados all\u00e1 arriba.<\/p>\n<p>La subida me cansa cada vez m\u00e1s. No he comido casi nada en todo el d\u00eda y el esfuerzo es considerable. Ya he perdido de vista a Jes\u00fas. Estoy \u201csolo\u201d en esta lucha en la que no me puedo fatigar ni echarme atr\u00e1s. La nieve empieza a aparecer en el mismo recorrido de la cresta; se\u00f1al de que estoy m\u00e1s alto y queda menos. A veces es hielo por las pisadas de la gente que pasa, y el temor a resbalar es mayor y la ca\u00edda ser\u00eda m\u00e1s grave ya que estamos a m\u00e1s altura en el precipicio de la cresta. Arriba el refugio resplandece al darle el sol en sus paredes met\u00e1licas. Da la impresi\u00f3n de que no avance, de que no llegue nunca arriba \u00a1Y parec\u00eda tan cercano y tan poca cosa! Que ingenuo he sido. \u00a1Dios! Estoy verdaderamente cansado y mis brazos cargados por tanto trepar y agarrarme, y la mochila pesa una tonelada. Mis compa\u00f1eros est\u00e1n ya lejos de m\u00ed.<\/p>\n<div id=\"attachment_44057\" style=\"width: 830px\" class=\"wp-caption aligncenter\"><a class=\"dt-single-image\" href=\"https:\/\/www.monta\u00f1asdelaluna.es\/wp-content\/uploads\/2002\/07\/fernando-y-jesus-en-la-cresta-de-subida-al-refugio-de-gouter.jpg\" data-dt-img-description=\"\"><img loading=\"lazy\" decoding=\"async\" aria-describedby=\"caption-attachment-44057\" class=\"wp-image-44057 \" src=\"https:\/\/www.monta\u00f1asdelaluna.es\/wp-content\/uploads\/2002\/07\/fernando-y-jesus-en-la-cresta-de-subida-al-refugio-de-gouter.jpg\" alt=\"Fernando y Jes\u00fas en la cresta de subida al Refugio de Go\u00fbter\" width=\"820\" height=\"1219\" srcset=\"https:\/\/www.monta\u00f1asdelaluna.es\/wp-content\/uploads\/2002\/07\/fernando-y-jesus-en-la-cresta-de-subida-al-refugio-de-gouter.jpg 1229w, https:\/\/www.monta\u00f1asdelaluna.es\/wp-content\/uploads\/2002\/07\/fernando-y-jesus-en-la-cresta-de-subida-al-refugio-de-gouter-202x300.jpg 202w, https:\/\/www.monta\u00f1asdelaluna.es\/wp-content\/uploads\/2002\/07\/fernando-y-jesus-en-la-cresta-de-subida-al-refugio-de-gouter-689x1024.jpg 689w\" sizes=\"auto, (max-width: 820px) 100vw, 820px\" \/><\/a><p id=\"caption-attachment-44057\" class=\"wp-caption-text\">Fernando y Jes\u00fas en la cresta de subida al Refugio de Go\u00fbter<\/p><\/div>\n<div id=\"attachment_44058\" style=\"width: 831px\" class=\"wp-caption aligncenter\"><a class=\"dt-single-image\" href=\"https:\/\/www.monta\u00f1asdelaluna.es\/wp-content\/uploads\/2002\/07\/llegando-al-refugio-de-gouter.jpg\" data-dt-img-description=\"\"><img loading=\"lazy\" decoding=\"async\" aria-describedby=\"caption-attachment-44058\" class=\"wp-image-44058 \" src=\"https:\/\/www.monta\u00f1asdelaluna.es\/wp-content\/uploads\/2002\/07\/llegando-al-refugio-de-gouter.jpg\" alt=\"Llegando al Refugio de Go\u00fbter\" width=\"821\" height=\"1213\" srcset=\"https:\/\/www.monta\u00f1asdelaluna.es\/wp-content\/uploads\/2002\/07\/llegando-al-refugio-de-gouter.jpg 1236w, https:\/\/www.monta\u00f1asdelaluna.es\/wp-content\/uploads\/2002\/07\/llegando-al-refugio-de-gouter-203x300.jpg 203w, https:\/\/www.monta\u00f1asdelaluna.es\/wp-content\/uploads\/2002\/07\/llegando-al-refugio-de-gouter-694x1024.jpg 694w\" sizes=\"auto, (max-width: 821px) 100vw, 821px\" \/><\/a><p id=\"caption-attachment-44058\" class=\"wp-caption-text\">Llegando al Refugio de Go\u00fbter<\/p><\/div>\n<p>Debo pararme a descansar. No puedo m\u00e1s. Si no descanso no llegar\u00e9 nunca arriba. En una repisa algo aireada y nevada junto a la cresta, me paro, apoyo la mochila en la pared y puedo medio sentarme. Los monta\u00f1eros pasan a mi lado y siguen subiendo. Debo recobrar el aliento y recuperar fuerzas. Echo una mirada al paisaje y al vac\u00edo que me rodea, menos a mi espalda que est\u00e1 la pared y la cresta. Intento disfrutar del momento mientras descanso. La Aiguille de Bionnassay queda a la derecha, altiva, impresionante. Ahora veo totalmente la monta\u00f1a como sus glaciares y hielos alimenten el glaciar de su mismo nombre. Abajo, en las profundidades y bajo la Aiguille de Bionnassay el Glaciar de Bionnassay con sus negras y alargadas grietas transversales. Estamos en el \u201cpa\u00eds de los hielos perpetuos\u201d. Es sobrecogedor y soberbio; aunque el fr\u00edo se intensifica y hace que meta mis desnudas manos en el bolsillo de mi chaqueta.<\/p>\n<p>De repente, de entre los monta\u00f1eros que suben dej\u00e1ndome atr\u00e1s, oigo a una pareja, un hombre algo mayor y un chico joven, m\u00e1s incluso que yo, creo. Hablan en un idioma que nunca hab\u00eda o\u00eddo; es europeo pero ni alem\u00e1n, ingl\u00e9s, franc\u00e9s, escandinavo, ruso&#8230; puede que sea del este europeo. Ellos verborreaban parados junto a m\u00ed y de repente el chico joven se acerca a m\u00ed, me salta y en el l\u00edmite de la cornisa empieza a orinar sobre el corredor. El gran vac\u00edo est\u00e1 a pocos mil\u00edmetros de sus pies y el chorro cae a varios metros hac\u00eda abajo. Yo estoy muy asustado, la cornisa es de apenas unas decenas de cent\u00edmetros. Se me han puesto los \u201chuevos por corbata\u201d y casi debo cerrar los ojos o mirar hac\u00eda otro lado para evitar tener el v\u00e9rtigo del joven que adem\u00e1s va sin asegurarse. Al rato termina, vuelve a saltar los pies y sigue subiendo junto a su compa\u00f1ero m\u00e1s mayor, y siguen hablando en su extra\u00f1a y desconocida lengua, y siguen trepando hac\u00eda Go\u00fbter (en la bajada, despu\u00e9s del Refugio T\u00eate-Rousse, volver\u00e9 a ver a este monta\u00f1ero, el mayor de los dos, que baja a mi paso). Mientras me restablezco del susto pienso que debo salir de all\u00ed, pienso, como muchas veces pensamos en la monta\u00f1a: \u201c\u00a1\u00bfQui\u00e9n me habr\u00e1 mandado venir aqu\u00ed?! \u00a1\u00bfQu\u00e9 hago yo aqu\u00ed con lo bien que se est\u00e1 en casa calentito y c\u00f3modo?!\u201d Claro est\u00e1, cuando cumplimos el objetivo, o bajamos de la monta\u00f1a, terminamos la jornada de esfuerzos o estamos en nuestras tiendas acomodados, no pensamos as\u00ed. Nunca nos llegamos a arrepentir realmente de hacer lo que hacemos.<\/p>\n<p>He descansado algo; aunque mis fuerzas no est\u00e1n del todo reestablecidas. Empiezo a subir de nuevo. Poco a poco veo el refugio m\u00e1s cerca. Distingo una barandilla en una especie de balc\u00f3n al vac\u00edo y las paredes que reflejan el sol en su chapada estructura met\u00e1lica. Sigo pisando hielo-nieve, trepando y pasando las cintas y mosquetones de los cables de acero que ahora encuentro. Falta poco.<\/p>\n<div id=\"attachment_44059\" style=\"width: 1034px\" class=\"wp-caption aligncenter\"><a class=\"dt-single-image\" href=\"https:\/\/www.monta\u00f1asdelaluna.es\/wp-content\/uploads\/2002\/07\/joaquin-llegando-al-refugio-de-gouter.jpg\" data-dt-img-description=\"\"><img loading=\"lazy\" decoding=\"async\" aria-describedby=\"caption-attachment-44059\" class=\"wp-image-44059 size-large\" src=\"https:\/\/www.monta\u00f1asdelaluna.es\/wp-content\/uploads\/2002\/07\/joaquin-llegando-al-refugio-de-gouter-1024x683.jpg\" alt=\"Joaqu\u00edn llegando al Refugio de Go\u00fbter\" width=\"1024\" height=\"683\" srcset=\"https:\/\/www.monta\u00f1asdelaluna.es\/wp-content\/uploads\/2002\/07\/joaquin-llegando-al-refugio-de-gouter-1024x683.jpg 1024w, https:\/\/www.monta\u00f1asdelaluna.es\/wp-content\/uploads\/2002\/07\/joaquin-llegando-al-refugio-de-gouter-300x200.jpg 300w, https:\/\/www.monta\u00f1asdelaluna.es\/wp-content\/uploads\/2002\/07\/joaquin-llegando-al-refugio-de-gouter.jpg 1836w\" sizes=\"auto, (max-width: 1024px) 100vw, 1024px\" \/><\/a><p id=\"caption-attachment-44059\" class=\"wp-caption-text\">Joaqu\u00edn llegando al Refugio de Go\u00fbter<\/p><\/div>\n<div id=\"attachment_44061\" style=\"width: 1034px\" class=\"wp-caption aligncenter\"><a class=\"dt-single-image\" href=\"https:\/\/www.monta\u00f1asdelaluna.es\/wp-content\/uploads\/2002\/07\/techo-del-refugio-de-gouter-3-817-mts.jpg\" data-dt-img-description=\"\"><img loading=\"lazy\" decoding=\"async\" aria-describedby=\"caption-attachment-44061\" class=\"wp-image-44061 size-large\" src=\"https:\/\/www.monta\u00f1asdelaluna.es\/wp-content\/uploads\/2002\/07\/techo-del-refugio-de-gouter-3-817-mts-1024x682.jpg\" alt=\"Techo del Refugio de Go\u00fbter, 3.817 mts.\" width=\"1024\" height=\"682\" srcset=\"https:\/\/www.monta\u00f1asdelaluna.es\/wp-content\/uploads\/2002\/07\/techo-del-refugio-de-gouter-3-817-mts-1024x682.jpg 1024w, https:\/\/www.monta\u00f1asdelaluna.es\/wp-content\/uploads\/2002\/07\/techo-del-refugio-de-gouter-3-817-mts-300x200.jpg 300w, https:\/\/www.monta\u00f1asdelaluna.es\/wp-content\/uploads\/2002\/07\/techo-del-refugio-de-gouter-3-817-mts.jpg 1833w\" sizes=\"auto, (max-width: 1024px) 100vw, 1024px\" \/><\/a><p id=\"caption-attachment-44061\" class=\"wp-caption-text\">Techo del Refugio de Go\u00fbter, 3.817 mts.<\/p><\/div>\n<p>Estoy agotado. Ya no tengo fuerzas. Tras de mi viene un grupo pis\u00e1ndome los talones que van a mi paso por que no pueden adelantarme. Yo intento ir todo lo r\u00e1pido que puedo. Justo despu\u00e9s de mi viene una joven monta\u00f1era con una larga cinta de v\u00eda ferratas. Miro de nuevo hac\u00eda arriba y descubro que ya me falta mucho menos, estoy a pocos metros y me animo enseguida. Ya, bajo la barandilla del refugio, veo a Fernando que est\u00e1 filmando mi llegada al refugio. Yo le insulto y le pregunto si me est\u00e1 filmando. Por fin subo la \u00faltima rampa (que est\u00e1 adecuada para llegar bien y c\u00f3modo al refugio) y llego, apoy\u00e1ndome en la aireada barandilla, al Refugio de la Aiguille du Go\u00fbter, a m\u00e1s de tres mil ochocientos metros.<\/p>\n<p>Agotado, aturdido e incre\u00edblemente cansado me re\u00fano con mis compa\u00f1eros en una esquina del refugio. Estoy muy cansado, casi no puedo hablar, respiro hondamente. Fernando me sigue filmando, yo solo tengo aliento para decir: \u201c\u00a1Vaya tela!\u201d y me apoyo en la barandilla mirando el fondo del precipicio y observando a los pocos que quedan ya en la cresta de subida hasta aqu\u00ed. A la vuelta del refugio yo me siento en una peque\u00f1a bancada. Son alrededor de las siete de la tarde. He empleado cerca de seis horas (de cinco y media a seis menos cuarto) en subir aqu\u00ed. Fernando y Quique llevan aqu\u00ed esper\u00e1ndonos ya media hora, Jes\u00fas algo menos. No puedo ni hablar. Saco ropa de abrigo y me la pongo como si estuviera a diez grados bajo cero. Hace viento. Mis tres compa\u00f1eros suben una peque\u00f1a rampa de nieve para llegar a la cumbre de la aguja donde se encuentra la zona de campamentos para coger sitio. Yo no me puedo mover. Me quedo sentado descansando durante mucho tiempo, no s\u00e9, de media hora a una hora aproximadamente. Observo a otros monta\u00f1eros y monta\u00f1eras abrigarse y andar de ac\u00e1 para all\u00e1; yo no puedo ni moverme. Respiro profunda y r\u00e1pidamente, parece que me falte el aire y hasta que no respire normalmente y me recupere del cansancio no subir\u00e9 arriba. La vista desde el refugio es muy amplia aunque no me da tiempo a admirarla y tampoco tengo ganas ni \u00e1nimo. Veo la Aiguille de Bionnassay espl\u00e9ndida como un centinela dominando los valles de abajo (que realmente est\u00e1n muy abajo) y vigil\u00e1ndolo todo. Tiene, desde aqu\u00ed, un perfil espectacular y elegante, pero ahora no estoy en condiciones de observar ni admirar nada. Miro al suelo y al frente donde hay otra parte del refugio, hasta que pueda recobrar el aliento.<\/p>\n<p>El Refugio de la Aiguille du Go\u00fbter est\u00e1 en el mismo precipicio de la aguja, casi en el aire, da la impresi\u00f3n de que un fuerte viento se lo pueda llevar volando o que en cualquier momento pueda precipitarse en el vac\u00edo de repente. La parte central, donde est\u00e1 el comedor y los dormitorios, es de metal (muy buen material para recoger y guardar el calor que el sol proporciona cuando los rayos calientan sus paredes) otra parte (que parecen los aseos) es de madera y est\u00e1 algo separada del principal y hasta m\u00e1s a\u00e9reo incluso que \u00e9sta.<\/p>\n<div id=\"attachment_44064\" style=\"width: 1847px\" class=\"wp-caption aligncenter\"><a class=\"dt-single-image\" href=\"https:\/\/www.monta\u00f1asdelaluna.es\/wp-content\/uploads\/2002\/07\/fernando-jesus-y-quique-acampando-en-la-aiguille-du-gouter-3-863-mts.jpg\" data-dt-img-description=\"\"><img loading=\"lazy\" decoding=\"async\" aria-describedby=\"caption-attachment-44064\" class=\"wp-image-44064 size-full\" src=\"https:\/\/www.monta\u00f1asdelaluna.es\/wp-content\/uploads\/2002\/07\/fernando-jesus-y-quique-acampando-en-la-aiguille-du-gouter-3-863-mts.jpg\" alt=\"Fernando, Jes\u00fas y Quique acampando en la Aiguille du Go\u00fbter, 3.863 mts.\" width=\"1837\" height=\"1220\" srcset=\"https:\/\/www.monta\u00f1asdelaluna.es\/wp-content\/uploads\/2002\/07\/fernando-jesus-y-quique-acampando-en-la-aiguille-du-gouter-3-863-mts.jpg 1837w, https:\/\/www.monta\u00f1asdelaluna.es\/wp-content\/uploads\/2002\/07\/fernando-jesus-y-quique-acampando-en-la-aiguille-du-gouter-3-863-mts-300x199.jpg 300w, https:\/\/www.monta\u00f1asdelaluna.es\/wp-content\/uploads\/2002\/07\/fernando-jesus-y-quique-acampando-en-la-aiguille-du-gouter-3-863-mts-1024x680.jpg 1024w\" sizes=\"auto, (max-width: 1837px) 100vw, 1837px\" \/><\/a><p id=\"caption-attachment-44064\" class=\"wp-caption-text\">Fernando, Jes\u00fas y Quique acampando en la Aiguille du Go\u00fbter, 3.863 mts.<\/p><\/div>\n<p>En la trepada no me call\u00f3 ninguna piedra pero hice buen uso del casco, como he dicho anteriormente. Por culpa del peso de la mochila mi centro de gravedad hac\u00eda que me inclinara para mantener el equilibrio, con lo que mi cabeza chocaba cada \u201cdos por tres\u201d con las rocas que estaban enfrente m\u00eda en la cresta. Parece una tonter\u00eda pero sin el casco algunos de los cabezazos podr\u00edan haber sido serios con graves consecuencias.<\/p>\n<p>Parece que ya me he recuperado algo, y de todas formas quiero subir a donde est\u00e1n mis compa\u00f1eros para que no me echen en falta y por si les tengo que ayudar a montar el campamento, aunque pocas fuerzas me quedan para moverme. Hay pocos metros de subida, y una vez arriba est\u00e1s en el punto culminante de la Aiguille du Go\u00fbter. Justo en su extremo hay un lugar acotado donde aterriza el helic\u00f3ptero que abastece al refugio, que casualmente lo vimos actuar ese u otro d\u00eda, como se acercaba y aterrizaba el helic\u00f3ptero a dicho lugar. Abajo en las cercan\u00edas de T\u00eate-Rousse tambi\u00e9n vimos moverse otro helic\u00f3ptero. Era como una mosquita en medio de una inmensa pared blanca en el escenario de los enormes seracs de la Aiguille de Bionnassay, que nos pareci\u00f3 gigantesco en proporciones con el peque\u00f1o aparato.<\/p>\n<div id=\"attachment_44062\" style=\"width: 1034px\" class=\"wp-caption aligncenter\"><a class=\"dt-single-image\" href=\"https:\/\/www.monta\u00f1asdelaluna.es\/wp-content\/uploads\/2002\/07\/refugio-de-gouter-3-817-mts.jpg\" data-dt-img-description=\"\"><img loading=\"lazy\" decoding=\"async\" aria-describedby=\"caption-attachment-44062\" class=\"wp-image-44062 size-large\" src=\"https:\/\/www.monta\u00f1asdelaluna.es\/wp-content\/uploads\/2002\/07\/refugio-de-gouter-3-817-mts-1024x680.jpg\" alt=\"Refugio de Go\u00fbter, 3.817 mts.\" width=\"1024\" height=\"680\" srcset=\"https:\/\/www.monta\u00f1asdelaluna.es\/wp-content\/uploads\/2002\/07\/refugio-de-gouter-3-817-mts-1024x680.jpg 1024w, https:\/\/www.monta\u00f1asdelaluna.es\/wp-content\/uploads\/2002\/07\/refugio-de-gouter-3-817-mts-300x199.jpg 300w, https:\/\/www.monta\u00f1asdelaluna.es\/wp-content\/uploads\/2002\/07\/refugio-de-gouter-3-817-mts.jpg 1836w\" sizes=\"auto, (max-width: 1024px) 100vw, 1024px\" \/><\/a><p id=\"caption-attachment-44062\" class=\"wp-caption-text\">Refugio de Go\u00fbter, 3.817 mts.<\/p><\/div>\n<div id=\"attachment_44063\" style=\"width: 1034px\" class=\"wp-caption aligncenter\"><a class=\"dt-single-image\" href=\"https:\/\/www.monta\u00f1asdelaluna.es\/wp-content\/uploads\/2002\/07\/campamento-en-la-aiguille-du-gouter-3-863-mts.jpg\" data-dt-img-description=\"\"><img loading=\"lazy\" decoding=\"async\" aria-describedby=\"caption-attachment-44063\" class=\"wp-image-44063 size-large\" src=\"https:\/\/www.monta\u00f1asdelaluna.es\/wp-content\/uploads\/2002\/07\/campamento-en-la-aiguille-du-gouter-3-863-mts-1024x682.jpg\" alt=\"Campamento en la Aiguille du Go\u00fbter, 3.863 mts.\" width=\"1024\" height=\"682\" srcset=\"https:\/\/www.monta\u00f1asdelaluna.es\/wp-content\/uploads\/2002\/07\/campamento-en-la-aiguille-du-gouter-3-863-mts-1024x682.jpg 1024w, https:\/\/www.monta\u00f1asdelaluna.es\/wp-content\/uploads\/2002\/07\/campamento-en-la-aiguille-du-gouter-3-863-mts-300x200.jpg 300w, https:\/\/www.monta\u00f1asdelaluna.es\/wp-content\/uploads\/2002\/07\/campamento-en-la-aiguille-du-gouter-3-863-mts.jpg 1833w\" sizes=\"auto, (max-width: 1024px) 100vw, 1024px\" \/><\/a><p id=\"caption-attachment-44063\" class=\"wp-caption-text\">Campamento en la Aiguille du Go\u00fbter, 3.863 mts.<\/p><\/div>\n<p>Al otro lado, desde la cumbre de la aguja, se abr\u00eda un paisaje incre\u00edble, bell\u00edsimo, era el para\u00edso de hielo, nieve y picos altos, agujas angulosas, formidables torres infinitas en un macizo tan perfecto, enorme y grandioso como el del Mont Blanc. Se ve\u00eda justo en frente la Aiguille du Midi con las Agujas de CHamonix, detr\u00e1s picos y agujas con crestas como sierras puntiagudas, afiladas y cortantes de los que se descuelgan glaciares e inmensas regiones de blanca nieve y hielo gris\u00e1ceo. La Aiguille du CHardonnet, la Verte, Les Droites, Les Courtes, Aiguille de Troilet\u2026 y m\u00e1s lejos lejanas monta\u00f1as y macizos igualmente puntiagudos de inexpugnables paredes y picos blanqueados bajo un cielo azul intenso adornados con alguna nubecilla de algod\u00f3n. Estaba boquiabierto. Nunca hab\u00eda visto paisaje igual. Nunca mis ojos contemplaron tal belleza monta\u00f1era. Era un balc\u00f3n al para\u00edso de las alturas. Una ventana a la inmensidad inconmensurable de la belleza del Universo, de la belleza de la Vida y la Naturaleza. Incre\u00edble. Me hubiera quedado horas contempl\u00e1ndolo. All\u00ed, lejos, la Aiguille Verte segu\u00eda atray\u00e9ndome su esbelta forma, su pico coronado por un glaciar y rodeados por corredores verticales y agujas puntiagudas. Se ve\u00eda bell\u00edsima desde aqu\u00ed.<\/p>\n<p>A pocos pasos de la misma aguja y en un falso llano se emplazaba el campamento de las numerosas tiendas que los monta\u00f1eros montaban y ubicaban antes de las primeras rampas de subida hac\u00eda la D\u00f4me du Go\u00fbter. La nieve, el fr\u00edo, el hielo reinaba all\u00ed arriba. No hab\u00edan rocas, piedras solo blancura cegadora a media tarde, y delante la subida interminable a la grandiosa y amplia vertiente oeste de La D\u00f4me du Go\u00fbter.<\/p>\n<p>Veo a mis compa\u00f1eros que mientras yo descansaba, han allanado una parte de la pendiente junto a la senda de la aguja para plantar las tiendas. Mientras me acerco a ellos Quique me grita y reprocha mi actitud al no haberles ayudado a allanar. Yo igualmente le contesto que estoy \u201checho polvo\u201d y necesitaba descansar, que no me pod\u00eda mover. Al final nos calmamos. Se va haciendo tarde. Sacamos nuestras partes de tienda y empezamos a montarlas en el lecho que mis tres compa\u00f1eros han intentado hacer para ubicar nuestras tiendas en un suelo horizontal y c\u00f3modo, en las que finalmente pudimos establecernos.<\/p>\n<div id=\"attachment_44065\" style=\"width: 1876px\" class=\"wp-caption aligncenter\"><a class=\"dt-single-image\" href=\"https:\/\/www.monta\u00f1asdelaluna.es\/wp-content\/uploads\/2002\/07\/atardecer-desde-la-aiguille-du-gouter-de-izquierda-a-derecha-aiguille-du-tour-aiguille-du-chardonnet-los-drus-aiguille-verte-les-droites-delante-aiguille-du-plan-y-aiguille-du-midi-les-courtes.jpg\" data-dt-img-description=\"\"><img loading=\"lazy\" decoding=\"async\" aria-describedby=\"caption-attachment-44065\" class=\"wp-image-44065 size-full\" src=\"https:\/\/www.monta\u00f1asdelaluna.es\/wp-content\/uploads\/2002\/07\/atardecer-desde-la-aiguille-du-gouter-de-izquierda-a-derecha-aiguille-du-tour-aiguille-du-chardonnet-los-drus-aiguille-verte-les-droites-delante-aiguille-du-plan-y-aiguille-du-midi-les-courtes.jpg\" alt=\"Atardecer desde la Aiguille du Go\u00fbter, de izquierda a derecha: Aiguille du Tour, Aiguille du Chardonnet, Los Drus, Aiguille Verte, Les Droites, delante Aiguille du Plan y Aiguille du Midi, Les Courtes, Aiguille de Triolet; al fondo el Weisshorn y Zinalrothorn\" width=\"1866\" height=\"1275\" srcset=\"https:\/\/www.monta\u00f1asdelaluna.es\/wp-content\/uploads\/2002\/07\/atardecer-desde-la-aiguille-du-gouter-de-izquierda-a-derecha-aiguille-du-tour-aiguille-du-chardonnet-los-drus-aiguille-verte-les-droites-delante-aiguille-du-plan-y-aiguille-du-midi-les-courtes.jpg 1866w, https:\/\/www.monta\u00f1asdelaluna.es\/wp-content\/uploads\/2002\/07\/atardecer-desde-la-aiguille-du-gouter-de-izquierda-a-derecha-aiguille-du-tour-aiguille-du-chardonnet-los-drus-aiguille-verte-les-droites-delante-aiguille-du-plan-y-aiguille-du-midi-les-courtes-300x205.jpg 300w, https:\/\/www.monta\u00f1asdelaluna.es\/wp-content\/uploads\/2002\/07\/atardecer-desde-la-aiguille-du-gouter-de-izquierda-a-derecha-aiguille-du-tour-aiguille-du-chardonnet-los-drus-aiguille-verte-les-droites-delante-aiguille-du-plan-y-aiguille-du-midi-les-courtes-1024x700.jpg 1024w\" sizes=\"auto, (max-width: 1866px) 100vw, 1866px\" \/><\/a><p id=\"caption-attachment-44065\" class=\"wp-caption-text\">Atardecer desde la Aiguille du Go\u00fbter, de izquierda a derecha: Aiguille du Tour, Aiguille du Chardonnet, Los Drus, Aiguille Verte, Les Droites, delante Aiguille du Plan y Aiguille du Midi, Les Courtes, Aiguille de Triolet; al fondo el Weisshorn y Zinalrothorn<\/p><\/div>\n<p>El lugar verdaderamente parece una especie de \u201ccampamento\u201d en el Mont Blanc. Hay tiendas esparcidas por todo el falso llano encima de la nieve que est\u00e1 sobre el hielo. De todos los colores, nacionalidades, formas, marcas&#8230; algunas se han rodeado de una peque\u00f1a murallita de bloques de nieve, como si fueran las paredes de un igl\u00fa derruido. Lo hacen para protegerse del viento ya que la zona baja de la tienda, donde el doble-techo se une al terreno con piquetas y las varillas, el viento puede introducirse por debajo y levantarlo, y hasta incluso arrancarlo de la tienda y volarse, si el viento es realmente fuerte (que no es raro en alta monta\u00f1a). El doble-techo de una tienda es esencial ya que es la que protege a la tienda entera, a\u00edsla del viento, nieve, lluvia y calienta cuando hace sol. Hoy en d\u00eda las tiendas de altura (igl\u00fas y dem\u00e1s tiendas que se suben y se utilizan por su forma, comodidad, peso y caracter\u00edsticas a la alta monta\u00f1a) se fabrican de forma que puedas resistir al m\u00e1ximo las inclemencias meteorol\u00f3gicas, y muchas en su doble-techo llevan un fald\u00f3n en el que al plantarse sobre la nieve se puede cubrir y asegurar con la misma nieve, medio enterrando el fald\u00f3n de forma que el viento ni cualquier otro meteoro puedan colarse bajo \u00e9ste y entrar en la tienda. Nosotros nunca hab\u00edamos probado dichos faldones y no ten\u00edamos demasiada f\u00e9 en su eficacia, pero esa noche y al desmontarlas nos convencer\u00edamos de todo lo contrar\u00edo.<\/p>\n<p>Hemos terminado de montarlas. La \u00c1rtica que ocupamos Fernando y yo ha quedado un poco coja, pero la Ferrino de Quique y Jes\u00fas parece que no ha quedado mal. Nos metemos cada cual en su tienda. Nos cambiamos la ropa sudada y preparamos la de ma\u00f1ana para la subida al Mont Blanc. Fernando tiene hambre, tenemos hornillos y cargas de gas, sopas y dem\u00e1s alimentos pero mi est\u00f3mago se ha cerrado. No me entra nada. Fernando parece que se asombre al ver que no tengo hambre despu\u00e9s del esfuerzo realizado hoy y de no haber comido casi nada en todo el d\u00eda. Le doy unos mordisquitos a un salchich\u00f3n y como algunos frutos secos, pero al poco tiempo no me entra nada m\u00e1s. Yo le digo a Fernando que si el tiene hambre y quiere prepararse algo, que adelante; pero al ver que yo no iba a cenar le \u201ccorto el rollo\u201d y no se preparar\u00eda la cena.<\/p>\n<p>Tenemos sed. No tenemos apenas agua. Podemos calentar y derretir nieve para beber agua y llenar las cantimploras ech\u00e1ndoles pastillas potabilizadoras que tambi\u00e9n llevamos. Pero decidimos bajar al refugio y comprar all\u00ed el agua; seis botellas. Fernando o Quique creo, uno de los dos o los dos, bajaron a por el agua y al entrar al refugio vieron una masa de gente api\u00f1ada en el suelo, por todos los rincones intentando dormir, con un olor nauseabundo y un ambiente fuertemente cargado. Nosotros en nuestras buenas tiendas est\u00e1bamos mucho mejor que la mayor\u00eda de esta gente. Por fin suben el agua que repartimos y que han comprado a precio de oro, algo as\u00ed como de seis a nueve euros la botella de litro y medio. Nos \u201ccagamos\u201d en todos los franceses por aprovecharse de nuestras necesidades. Supongo que si hubieran sido alemanes, ingleses o de cualquier otro pa\u00eds, tambi\u00e9n nos hubi\u00e9ramos puesto y dicho lo mismo sobre ellos.<\/p>\n<p>Est\u00e1 atardeciendo. Yo solo quiero meterme en mi calentito saco y dormir, descansar y ma\u00f1ana dios dir\u00e1. Nuestros vecinos (Quique y Jes\u00fas) se comunican con nosotros a veces sin levantar demasiado la voz, y o\u00edmos perfectamente sus conversaciones en el interior de su tienda al igual que ellos nos oyen a nosotros.<\/p>\n<div id=\"attachment_17505\" style=\"width: 762px\" class=\"wp-caption aligncenter\"><a class=\"dt-single-image\" href=\"https:\/\/www.monta\u00f1asdelaluna.es\/wp-content\/uploads\/2002\/07\/Mont-blanc-3.blog_.croquis.jpg\" data-dt-img-description=\"\"><img loading=\"lazy\" decoding=\"async\" aria-describedby=\"caption-attachment-17505\" class=\"wp-image-17505 size-full\" src=\"https:\/\/www.monta\u00f1asdelaluna.es\/wp-content\/uploads\/2002\/07\/Mont-blanc-3.blog_.croquis.jpg\" alt=\"Croquis del recorrido de subida a la Aiguille du Go\u00fbter. Linea negra: Subida en telef\u00e9rico. Linea roja: Subida en tren cremallera. Linea azul (verde dentro de los r\u00f3tulos): Subida por nuestros propios medios.\" width=\"752\" height=\"1035\" srcset=\"https:\/\/www.monta\u00f1asdelaluna.es\/wp-content\/uploads\/2002\/07\/Mont-blanc-3.blog_.croquis.jpg 752w, https:\/\/www.monta\u00f1asdelaluna.es\/wp-content\/uploads\/2002\/07\/Mont-blanc-3.blog_.croquis-218x300.jpg 218w, https:\/\/www.monta\u00f1asdelaluna.es\/wp-content\/uploads\/2002\/07\/Mont-blanc-3.blog_.croquis-744x1024.jpg 744w\" sizes=\"auto, (max-width: 752px) 100vw, 752px\" \/><\/a><p id=\"caption-attachment-17505\" class=\"wp-caption-text\">Croquis del recorrido de subida a la Aiguille du Go\u00fbter. Linea negra: Subida en telef\u00e9rico. Linea roja: Subida en tren cremallera. Linea azul (verde dentro de los r\u00f3tulos): Subida por nuestros propios medios.<\/p><\/div>\n<p>En un momento abrimos la puerta de la tienda que da hac\u00eda el Valle de CHamonix y hac\u00eda el resto del macizo del Mont Blanc. El paisaje es incre\u00edble, me quedo hipnotizado, entusiasmado, maravillado&#8230; cientos de sensaciones y emociones recorren mi esp\u00edritu. Hace fr\u00edo, el sol ya no calienta ni ilumina lo suficiente. Tambi\u00e9n el viento empieza a hacer acto de presencia pero no demasiado fuerte. Llamo a Fernando que se asoma con su c\u00e1mara de video para filmar algo lo cual nos da la impresi\u00f3n\u00a0 nunca volveremos a ver cosa igual. Los dos alucinamos: Ya no quedan nubes, han desaparecido, y el ocaso ha enrojecido las rocas y piedras de la Aiguille du Midi que tenemos enfrente y otras agujas y monta\u00f1as de alrededor. Otras se ensombrecen al estar al amparo de aquellas m\u00e1s altas, y sus sombras recortan el cielo a\u00fan azul y claro un poco oscurecido, solamente. Se ven perfectamente y claramente los recortes de las crestas y peque\u00f1as agujas entre la Aiguille Verte y Les Courtes. Incre\u00edble. La nieve y los glaciares tienen un tono marfil, y los que est\u00e1n ensombrecidos tienen un tono azulado que hacen que la monta\u00f1a aparezca como ind\u00f3mita y prohibida. Estuvimos mucho tiempo observando este atardecer como si fuera el \u00faltimo que fu\u00e9ramos a ver; y en realidad, sin saberlo, ser\u00eda el \u00faltimo que vi\u00e9ramos desde all\u00ed. Creo que no he visto ning\u00fan atardecer con unas vistas como aquellas en todas las monta\u00f1as que he llegado a ver. Quiz\u00e1s es el lugar, las impresiones que hemos tenido en este viaje desde que llegamos aqu\u00ed, no s\u00e9&#8230; Solamente el mero hecho de poder disfrutar media hora de este espect\u00e1culo merece la pena llegar hasta aqu\u00ed como he llegado. No hay palabras. Debo cerrar la tienda y echarme a dormir. Ma\u00f1ana queremos intentar el Mont Blanc. Yo no me veo con fuerzas ahora, pero despu\u00e9s de descansar y dormir puede que me haya recuperado lo suficiente. No lo s\u00e9. Ah\u00ed fuera queda ese para\u00edso helado de las alturas, con sus tonos de colores y cumbres de leyenda que duermen y esperan el nuevo d\u00eda. Abajo en el valle se encienden las luces de casas y farolas. Se distingue CHamonix que con sus luces ya encendidas qued\u00f3 en sombra hace tiempo. La sombra de las Agujas Rojas a oscurecido el Valle de CHamonix y parece que el macizo para su pasiva actividad para dormir, para descansar y pasar la noche.<\/p>\n<p>A\u00fan no es de noche pero ya me he metido en el saco, calentito; siento lo bultos de la nieve endurecida debajo de m\u00ed. Fernando tambi\u00e9n se acuesta. El viento no para, todo lo contrario, parece que va a m\u00e1s pero intentamos dormir con el susurro y el empuje del viento. No s\u00e9 como me levantar\u00e9 ma\u00f1ana. Cierro los ojos y espero al duende del sue\u00f1o.<\/p>\n<p>En medio de la oscuridad abro los ojos. No puedo quedarme dormido. El viento es muy fuerte ahora y al topar con nuestra tienda la empuja con mucha fuerza. Se oyen los \u201cvientos\u201d moverse y golpear contra el doble-techo, suerte que los m\u00e1s flojos los hemos atado a nuestros piolets y clavados en la nieve. A\u00fan as\u00ed el viento es cada vez m\u00e1s fuerte y no me deja dormir. Noto que a Fernando le ocurre lo mismo que a m\u00ed. Solo puedo mirar hac\u00eda el oscuro techo de la tienda y aguantar los ruidos, empujones y silbidos que el viento provoca en nuestra tienda. Pero el viento poco a poco aumenta su fuerza. Ahora es muy fuerte, ya no es la molestia de los ruidos que provoca el viento y el fuerte batir del doble-techo contra todo lo que le rodea, es que ahora el viento es tan fuerte y estruendoso que llega a doblar la tienda hac\u00eda adentro. Ya no es que la mueva sino que ahora consigue doblar las varillas. Yo observo asombrado el hecho que junto con el ruido y el bamboleo de la tienda me parece estar metido dentro de una especie de coctelera con el suelo fijo. A veces da la impresi\u00f3n de que todo va a salir por los aires, de que el viento arrancar\u00e1 la tienda con nosotros dentro y rodaremos glaciar abajo hac\u00eda CHamonix. A\u00fan no es medianoche y el viento llega a ser mucho m\u00e1s fuerte. Estoy asustado, asombrado tambi\u00e9n por como estaba aguantando la tienda, pero muy asustado. En aquellos momentos me acord\u00e9 de cuando se les raj\u00f3 y rompi\u00f3 alguna varilla de la tienda que Manolet, Fernando Rovira y Francisco Mart\u00ednez intentaron plantar una tarde en este mismo lugar. Tambi\u00e9n pensaba a que a\u00fan a malas, si la tienda desaparec\u00eda, era destrozada por el viento y se hac\u00eda inservible, pod\u00edamos coger nuestras fundas de vivaque y dormir sobre la nieve, ya que nuestros sacos eran muy buenos para dormir a muchos grados bajo cero.<\/p>\n<p>La tienda, a veces, se dobla tanto que saco una mano e intento aguantar la varilla del lado que se dobla para que no se rompa. Estoy asustado y preocupado, el viento no deja de arreciar y sigue empujado y doblando la tienda y las varillas de mi lado. Parece que cada vez se doblen m\u00e1s, es imposible que aguante mucho m\u00e1s y pienso que enseguida ceder\u00e1 y se romper\u00e1. No queda mucho tiempo m\u00e1s. Fernando que est\u00e1 al lado m\u00edo pero pegado a la parte de la tienda que no recibe el empuje del viento y por tanto no se dobla, me susurra: \u201cTerr\u00e9s, estoy cagado\u201d, \u201cy yo tambi\u00e9n\u201d le contesto sinceramente. Me estaba desesperando esta situaci\u00f3n. No paraba de soplar, empujar, doblar, zarandear&#8230; \u00e9ramos un juguete impotente en manos de un beb\u00e9 gigante. Est\u00e1bamos a merced de este huracanado viento que no paraba ni un instante de soplar y soplar. Pasaban los minutos que a mi me parec\u00edan horas, y luego la horas que a mi me parec\u00edan d\u00edas. El viento en vez de aflojar, arreciaba y se fortalec\u00eda. Llegaba un momento que con tal \u00edmpetu soplaba y empujaba el viento la tienda que llegaba a doblarla de tal forma que las paredes y casi el techo empujado, llegaban a inclinarse a pocos cent\u00edmetros de mi cara. Era algo espantoso, estaba asustado de verdad, muy asustado, era imposible que aguantara tanto la tienda. Era algo horrible; yo sacaba las dos manos e intentaba de nuevo aguantar las varillas y la pared de la tienda haciendo realmente fuerza, pero el viento ten\u00eda m\u00e1s fuerza, era algo incre\u00edble. Yo me cansaba al poco rato. Fernando no hac\u00eda nada; se quedaba mirando impasible y terriblemente asustado como parec\u00eda que se ven\u00eda la tienda abajo. As\u00ed pasamos del lunes al martes. Sin poder dormir ni descansar y tan asustados como en una barcaza doblando el Cabo de Hornos en plena tormenta.[\/vc_column_text][\/vc_column][\/vc_row][vc_row][vc_column][vc_empty_space height=\u00bb60px\u00bb][\/vc_column][\/vc_row][vc_row][vc_column][vc_cta h2=\u00bb\u00c1lbum de fotos\u00bb txt_align=\u00bbcenter\u00bb add_button=\u00bbbottom\u00bb btn_title=\u00bbVer fotos\u00bb btn_color=\u00bbwarning\u00bb btn_align=\u00bbcenter\u00bb btn_link=\u00bburl:https%3A%2F%2Fmonta%C3%B1asdelaluna.es%2F%3Fdt_gallery%3Dmont-blanc-2-002|title:Mont%20Blanc%20(4.810%20mts.)|target:_blank\u00bb css=\u00bb.vc_custom_1625648885445{background-color: #8bc4ed !important;}\u00bb]Puedes ver todas las fotos del relato y actividad en forma de presentaci\u00f3n o individuales pinchando aqui \u00a1No te las pierdas![\/vc_cta][\/vc_column][\/vc_row][vc_row][vc_column][vc_empty_space height=\u00bb60px\u00bb][\/vc_column][\/vc_row][vc_row][vc_column width=\u00bb1\/3&#8243;][\/vc_column][vc_column width=\u00bb1\/2&#8243;][vc_raw_html]JTNDaWZyYW1lJTIwc3JjJTNEJTIyaHR0cHMlM0ElMkYlMkZ3d3cubWV0ZW9ibHVlLmNvbSUyRmVzJTJGdGllbXBvJTJGd2lkZ2V0JTJGZGFpbHklMkZkJTI1YzMlMjViNG1lLWR1LWdvJTI1YzMlMjViYnRlcl9mcmFuY2lhXzMwMjEyMTMlM0ZkYXlzJTNENyUyNnRlbXB1bml0JTNEQ0VMU0lVUyUyNndpbmR1bml0JTNES0lMT01FVEVSX1BFUl9IT1VSJTI2cGljdG9pY29uJTNEMSUyNm1heHRlbXBlcmF0dXJlJTNEMSUyNm1pbnRlbXBlcmF0dXJlJTNEMSUyNndpbmRzcGVlZCUzRDElMjZ3aW5kZ3VzdCUzRDElMjZ3aW5kZGlyZWN0aW9uJTNEMSUyNnByZWNpcGl0YXRpb24lM0QxJTI2cHJlY2lwaXRhdGlvbnByb2JhYmlsaXR5JTNEMSUyNnNwb3QlM0QxJTI2cHJlc3N1cmUlM0QxJTI2bGF5b3V0JTNEbGlnaHQlMjIlMjAlMjBmcmFtZWJvcmRlciUzRCUyMjAlMjIlMjBzY3JvbGxpbmclM0QlMjJOTyUyMiUyMGFsbG93dHJhbnNwYXJlbmN5JTNEJTIydHJ1ZSUyMiUyMHN0eWxlJTNEJTIyd2lkdGglM0ElMjAzNzhweCUzQmhlaWdodCUzQSUyMDM4MXB4JTIyJTNFJTNDJTJGaWZyYW1lJTNFJTNDZGl2JTNFJTNDJTIxLS0lMjBETyUyME5PVCUyMFJFTU9WRSUyMFRISVMlMjBMSU5LJTIwLS0lM0UlM0NhJTIwaHJlZiUzRCUyMmh0dHBzJTNBJTJGJTJGd3d3Lm1ldGVvYmx1ZS5jb20lMkZlcyUyRnRpZW1wbyUyRnByb25vc3RpY28lMkZzZW1hbmElMkZkJTI1YzMlMjViNG1lLWR1LWdvJTI1YzMlMjViYnRlcl9mcmFuY2lhXzMwMjEyMTMlMjIlMjB0YXJnZXQlM0QlMjJfYmxhbmslMjIlM0VtZXRlb2JsdWUlM0MlMkZhJTNFJTNDJTJGZGl2JTNF[\/vc_raw_html][\/vc_column][vc_column width=\u00bb1\/5&#8243;][\/vc_column][\/vc_row]<\/p>\n","protected":false},"excerpt":{"rendered":"<p>[vc_row][vc_column][vc_column_text]Hoy lunes nos levantamos algo temprano para que nos d\u00e9 tiempo a desmontar, pagar el camping, distribuirnos el material a utilizar (tiendas, cuerdas, pl\u00e1sticos&#8230;). Hoy es el d\u00eda en que emprenderemos la primera etapa hac\u00eda el Refugio T\u00eate-Rousse a unos tres mil ciento cincuenta metros de altitud. El d\u00eda se presenta bueno. Hay nubecillas pero&hellip;<\/p>\n","protected":false},"author":1,"featured_media":44064,"comment_status":"open","ping_status":"open","sticky":false,"template":"","format":"standard","meta":[],"categories":[38],"tags":[],"class_list":["post-17502","post","type-post","status-publish","format-standard","has-post-thumbnail","hentry","category-montblanc","category-38","description-off"],"_links":{"self":[{"href":"https:\/\/www.monta\u00f1asdelaluna.es\/index.php?rest_route=\/wp\/v2\/posts\/17502","targetHints":{"allow":["GET"]}}],"collection":[{"href":"https:\/\/www.monta\u00f1asdelaluna.es\/index.php?rest_route=\/wp\/v2\/posts"}],"about":[{"href":"https:\/\/www.monta\u00f1asdelaluna.es\/index.php?rest_route=\/wp\/v2\/types\/post"}],"author":[{"embeddable":true,"href":"https:\/\/www.monta\u00f1asdelaluna.es\/index.php?rest_route=\/wp\/v2\/users\/1"}],"replies":[{"embeddable":true,"href":"https:\/\/www.monta\u00f1asdelaluna.es\/index.php?rest_route=%2Fwp%2Fv2%2Fcomments&post=17502"}],"version-history":[{"count":27,"href":"https:\/\/www.monta\u00f1asdelaluna.es\/index.php?rest_route=\/wp\/v2\/posts\/17502\/revisions"}],"predecessor-version":[{"id":49873,"href":"https:\/\/www.monta\u00f1asdelaluna.es\/index.php?rest_route=\/wp\/v2\/posts\/17502\/revisions\/49873"}],"wp:featuredmedia":[{"embeddable":true,"href":"https:\/\/www.monta\u00f1asdelaluna.es\/index.php?rest_route=\/wp\/v2\/media\/44064"}],"wp:attachment":[{"href":"https:\/\/www.monta\u00f1asdelaluna.es\/index.php?rest_route=%2Fwp%2Fv2%2Fmedia&parent=17502"}],"wp:term":[{"taxonomy":"category","embeddable":true,"href":"https:\/\/www.monta\u00f1asdelaluna.es\/index.php?rest_route=%2Fwp%2Fv2%2Fcategories&post=17502"},{"taxonomy":"post_tag","embeddable":true,"href":"https:\/\/www.monta\u00f1asdelaluna.es\/index.php?rest_route=%2Fwp%2Fv2%2Ftags&post=17502"}],"curies":[{"name":"wp","href":"https:\/\/api.w.org\/{rel}","templated":true}]}}