{"id":17519,"date":"2002-07-23T15:32:41","date_gmt":"2002-07-23T15:32:41","guid":{"rendered":"http:\/\/monta\u00f1asdelaluna.com\/?p=17519"},"modified":"2021-07-13T22:27:35","modified_gmt":"2021-07-13T22:27:35","slug":"23-de-julio-del-2-002-martes","status":"publish","type":"post","link":"https:\/\/www.monta\u00f1asdelaluna.es\/?p=17519","title":{"rendered":"23 de julio del 2.002, martes"},"content":{"rendered":"<p>[vc_row][vc_column][vc_column_text]Ya era madrugada y el viento no paraba en su fuerza, en su empuje. Dentro de lo malo lleg\u00f3 un momento en que la fuerza no fue a m\u00e1s pero tampoco a menos. Despu\u00e9s de muchos minutos mis manos y brazos estaban \u201chelados\u201d al tenerlos fuera del saco, y decid\u00ed dejar la tienda y \u201cque sea lo que dios quiera\u201d. Cansado y fr\u00edo me cierro el saco casi al m\u00e1ximo y dejo hacer al viento. La tienda sigue dobl\u00e1ndose hasta que llega a tocarme la nariz a\u00fan estando acostado completamente en el suelo. Ya no sacaba las manos pero segu\u00eda tremendamente asustado. A pesar del tiempo que el viento arreciaba la tienda parec\u00eda aguantar; a mi me parec\u00eda un milagro, pero el misterio se resolver\u00eda cuando desmont\u00e1ramos las tiendas y la raz\u00f3n de ese aguante la conoci\u00e9ramos.<\/p>\n<p>El viento afloj\u00f3 un poco, pero muy poco, y me di cuenta que tambi\u00e9n llegaba un ruido de nieve endurecida en peque\u00f1as part\u00edculas que chocaba contra nuestra tienda a un modo acompasado. Yo me extra\u00f1aba \u00a1\u00bfQu\u00e9 pod\u00eda ser?! Luego reconoc\u00ed, despu\u00e9s de unos minutos oy\u00e9ndolo, ya que ven\u00eda acompa\u00f1ado de un ruido como de pisadas en la nieve que desprenden algo, que era exactamente eso, pisadas de las diferentes cordadas de monta\u00f1eros que ven\u00edan del Refugio de la Aiguille du Go\u00fbter y se dirig\u00edan al Mont Blanc. Ser\u00edan alrededor de la una, dos de la ma\u00f1ana. Me tranquilic\u00e9 un poco al comprobar que todo marchaba como si nada. Pens\u00e9 si esto no ser\u00eda normal aqu\u00ed arriba en esta aireada aguja, est\u00e1bamos a merced de los vientos de tres puntos cardinales. Pero uno no est\u00e1 acostumbrado a estas experiencias tan extraordinarias en la monta\u00f1a; claro, nunca hab\u00edamos estado en monta\u00f1as como \u00e9stas. Oyendo a la gente marchar pensaba que nosotros deb\u00edamos de haber salido a esa hora, ya que en alta monta\u00f1a se sale muy de madrugada para encontrar la nieve en buenas condiciones (endurecida por el fr\u00edo de la noche) y as\u00ed es menos probable que si hay que cruzar por puentes de nieve sobre grandes grietas, \u00e9stos se hundan a nuestro paso. Tambi\u00e9n es cierto que durante la jornada el mal tiempo viene a partir del mediod\u00eda y as\u00ed se aprovecha la madrugada y la ma\u00f1ana de buen tiempo. Pero \u00a1\u00bfQui\u00e9n de nosotros ten\u00eda fuerzas, ganas o voluntad para salir y empezar a andar?! Ninguno. No hab\u00edamos descansado ni dormido nada absolutamente y as\u00ed pues decidimos seguir acostados (ya que era casi imposible dormir) y descansar algo e intentarlo m\u00e1s tarde, sobre las siete de la ma\u00f1ana. Esto lo estuvimos hablando y decidiendo con los habitantes de la otra tienda, y nos pusimos las alarmas a las siete de la ma\u00f1ana.<\/p>\n<p>Lleg\u00f3 un momento en que, extra\u00f1amente, nos acostumbramos al sonido y el bramar del viento. Est\u00e1bamos m\u00e1s relajados pero sin conseguir dormir del todo. Mirando hac\u00eda la pared de la tienda que el viento empujaba me daba cuenta de algo. Ya que no pod\u00eda dormir, vigilaba acostado esa parte de la tienda por si una r\u00e1faga de viento muy fuerte desprendiera el doble-techo. Entonces observ\u00e9 una l\u00ednea casi a ras de suelo que por momentos iba elev\u00e1ndose poco a poco y una tenue luz atravesaba al otro lado de esta l\u00ednea. Al principio no sab\u00eda que pod\u00eda ser aquello \u00bfAlg\u00fan efecto del viento? No lo sab\u00eda. Al tiempo de observarla pod\u00eda ver como una especie de visillo se moviera, como si esa l\u00ednea se moviera contra la tienda a la vez que las envestidas del viento&#8230; Al momento comprend\u00ed y cre\u00ed que era el doble-techo que se habr\u00eda desprendido del suelo helado por aquella parte de la tienda por el fuerte viento, y que poco a poco por la insistencia del fuerte viento iba desprendiendo el doble-techo de la tienda. Me qued\u00e9 paralizado y horrorizado al pensar que verdaderamente se nos iba el doble-techo, que se estaba desprendiendo de la tienda.<\/p>\n<p>En un acto reflejo a\u00fan pensando en mi cansancio, en el fuerte viento, en el fr\u00edo terrible y en que unas horas m\u00e1s tarde nos deb\u00edamos levantar par iniciar la ascensi\u00f3n al Mont Blanc, avis\u00e9 a Fernando que intentaba dormir: \u201cel doble-techo se est\u00e1 volando\u201d. Le digo tranquila pero decididamente. \u201cVoy a salir para cogerlo y ver como est\u00e1 la tienda\u201d. Fernando asinti\u00f3 y yo me vest\u00ed con el \u201ctraje\u201d de alta monta\u00f1a. Por la gravedad del asunto fue como si me entrara un valor extra\u00f1o y no me diera pereza salir.<\/p>\n<div id=\"attachment_44066\" style=\"width: 1034px\" class=\"wp-caption aligncenter\"><a class=\"dt-single-image\" href=\"https:\/\/www.monta\u00f1asdelaluna.es\/wp-content\/uploads\/2002\/07\/aiguille-du-gouter-3-863-mts-salida-hacia-la-dome-du-gouter.jpg\" data-dt-img-description=\"\"><img loading=\"lazy\" decoding=\"async\" aria-describedby=\"caption-attachment-44066\" class=\"wp-image-44066 size-large\" src=\"https:\/\/www.monta\u00f1asdelaluna.es\/wp-content\/uploads\/2002\/07\/aiguille-du-gouter-3-863-mts-salida-hacia-la-dome-du-gouter-1024x681.jpg\" alt=\"Aiguille du Go\u00fbter, 3.863 mts., salida hac\u00eda la D\u00f4me du Go\u00fbter\" width=\"1024\" height=\"681\" srcset=\"https:\/\/www.monta\u00f1asdelaluna.es\/wp-content\/uploads\/2002\/07\/aiguille-du-gouter-3-863-mts-salida-hacia-la-dome-du-gouter-1024x681.jpg 1024w, https:\/\/www.monta\u00f1asdelaluna.es\/wp-content\/uploads\/2002\/07\/aiguille-du-gouter-3-863-mts-salida-hacia-la-dome-du-gouter-300x200.jpg 300w, https:\/\/www.monta\u00f1asdelaluna.es\/wp-content\/uploads\/2002\/07\/aiguille-du-gouter-3-863-mts-salida-hacia-la-dome-du-gouter.jpg 1834w\" sizes=\"auto, (max-width: 1024px) 100vw, 1024px\" \/><\/a><p id=\"caption-attachment-44066\" class=\"wp-caption-text\">Aiguille du Go\u00fbter, 3.863 mts., salida hac\u00eda la D\u00f4me du Go\u00fbter<\/p><\/div>\n<p>Una vez fuera cerr\u00e9 las dos cremalleras de la tienda y me encontraba en mitad de la noche bajo una incre\u00edble b\u00f3veda de estrellas y un fort\u00edsimo viento que llegar\u00eda a sacar mi alma y arrebatar mis pensamientos, adem\u00e1s era incre\u00edblemente g\u00e9lido, pero debajo de mi \u201carmadura\u201d de omnitech de mi chaqueta Columbia y del Thermolite y Textrem de mi peto Solo Climb no pasaba ni chispa de fr\u00edo, viento o humedad. Pude observar a una luna que daba la impresi\u00f3n de que brillaba m\u00e1s de lo normal y su reflejo en la blanca nieve hac\u00eda que todo se viera perfectamente. Me acerqu\u00e9 hac\u00eda la ca\u00edda del glaciar en direcci\u00f3n contraria a la cresta de la aguja y mirando hac\u00eda las peque\u00f1\u00edsimas y abundantes luces de CHamonix all\u00e1 abajo en el valle. Me alej\u00e9 un poco de las tiendas para poder orinar. Aquella parte era el \u201cretrete\u201d del campamento.<\/p>\n<p>Despu\u00e9s me acerqu\u00e9 a las tiendas para comprobar la m\u00eda. Junto a la nuestra hab\u00eda otra especie de tienda. Una tienda como si se le hubiera roto las varillas y solo fuera un trozo de lona de pl\u00e1stico sobre el fr\u00edo suelo de nieve. Solo una curvada y corta varilla daba la impresi\u00f3n de que resist\u00eda de pie. Aquel doble-techo no paraba de bailar al son de las embestidas del viento. Pensaba que si hab\u00eda alguien dentro lo deber\u00eda de estar pasando mal, verdaderamente mal. Dos grandes mochilas presionaban contra el suelo el l\u00edmite del doble-techo que no ten\u00eda varillas para que no se volara, pero a\u00fan as\u00ed entre las dos mochilas, el espacio que se abr\u00eda de doble-techo, revoloteaba espasm\u00f3dicamente. De repente, como si uno de los inquilinos de la maltrecha tienda me oyera andar por ah\u00ed fuera, saca medio cuerpo y un brazo e intenta mover una de las mochilas. Me ve y me grita: \u201cThe bag, the bag&#8230;\u201d o algo as\u00ed. Yo comprendo y le ayudo a mover la mochila para colocarla muy acertadamente para que el viento deje de mover el doble-techo. Este monta\u00f1ero me dio las gracias y una vez se intern\u00f3 en su tienda coloqu\u00e9 mejor la mochila que qued\u00f3 tan bien colocada que ya no se mov\u00eda el fald\u00f3n del doble-techo. Un pensamiento me recorri\u00f3 la mente: \u201cyo me preocupaba por lo que ten\u00eda y al lado estaban mucho peor que nosotros\u201d. Me tranquiliz\u00f3 al ver que a\u00fan estando peor segu\u00edan resistiendo como si nada, y al ver el resto del campamento tranquilo y en pi\u00e9 pens\u00e9 que todo estaba bien y aquello era algo normal. Mi desesperaci\u00f3n se apacigu\u00f3 y mi sosegada tranquilidad volvi\u00f3 a m\u00ed. Observ\u00e9 nuestra tienda: era incre\u00edble, estaba perfectamente montada, no ten\u00eda ning\u00fan viento suelto, ni el doble-techo se hab\u00eda volado e incluso la forma de la tienda se manten\u00eda derecha. Pude ver la l\u00ednea, la sombra que ve\u00eda desde dentro de la tienda. Mir\u00e9 hac\u00eda el lado contrario y vi la luna algo baja sobre las monta\u00f1as lejanas ensombrecidas por un azul oscuro y brillante reflejo de la magn\u00edfica luna que hab\u00eda aquella noche, y comprend\u00ed que aquella l\u00ednea de sombra estaba producida por la sombra de la cresta de la aguja que se elevaba seg\u00fan iba bajando la luna. \u00a1Vaya susto! Todo estaba muy bien. Hac\u00eda una noche espl\u00e9ndida. La luna iluminaba las rampas de subida a la D\u00f4me du Go\u00fbter y todas las monta\u00f1as nevadas de alrededor. Segu\u00edamos estando en el \u201cpara\u00edso helado\u201d. Las piquetas como los piolets que aguantaban la tienda segu\u00edan en su sitio, y el fald\u00f3n del doble techo no se hab\u00eda movido ni unos mil\u00edmetros. Todo estaba perfectamente bien. Volv\u00ed a entrar a la tienda. Le inform\u00e9 a Fernando de c\u00f3mo marchaba todo y me met\u00ed r\u00e1pidamente en mi calentito saco, mucho m\u00e1s tranquilo, para intentar dormir de una vez aquella noche.<\/p>\n<p>Al poco tiempo observ\u00e9 una claridad mientras dormitaba sin conseguir un sue\u00f1o perfecto. \u201cParece que empieza a amanecer\u201d, pens\u00e9, y mientras, el viento dejaba de ser tan fuerte pero no llegaba a calmarse para nada.<\/p>\n<div id=\"attachment_44067\" style=\"width: 1841px\" class=\"wp-caption aligncenter\"><a class=\"dt-single-image\" href=\"https:\/\/www.monta\u00f1asdelaluna.es\/wp-content\/uploads\/2002\/07\/el-mont-blanc-desde-la-dome-du-gouter-4-304-mts-en-el-centro-el-refugio-vallot.jpg\" data-dt-img-description=\"\"><img loading=\"lazy\" decoding=\"async\" aria-describedby=\"caption-attachment-44067\" class=\"wp-image-44067 size-full\" src=\"https:\/\/www.monta\u00f1asdelaluna.es\/wp-content\/uploads\/2002\/07\/el-mont-blanc-desde-la-dome-du-gouter-4-304-mts-en-el-centro-el-refugio-vallot.jpg\" alt=\"El Mont Blanc desde la D\u00f4me du Go\u00fbter, 4.304 mts., en el centro el Refugio Vallot\" width=\"1831\" height=\"1218\" srcset=\"https:\/\/www.monta\u00f1asdelaluna.es\/wp-content\/uploads\/2002\/07\/el-mont-blanc-desde-la-dome-du-gouter-4-304-mts-en-el-centro-el-refugio-vallot.jpg 1831w, https:\/\/www.monta\u00f1asdelaluna.es\/wp-content\/uploads\/2002\/07\/el-mont-blanc-desde-la-dome-du-gouter-4-304-mts-en-el-centro-el-refugio-vallot-300x200.jpg 300w, https:\/\/www.monta\u00f1asdelaluna.es\/wp-content\/uploads\/2002\/07\/el-mont-blanc-desde-la-dome-du-gouter-4-304-mts-en-el-centro-el-refugio-vallot-1024x681.jpg 1024w\" sizes=\"auto, (max-width: 1831px) 100vw, 1831px\" \/><\/a><p id=\"caption-attachment-44067\" class=\"wp-caption-text\">El Mont Blanc desde la D\u00f4me du Go\u00fbter, 4.304 mts., en el centro el Refugio Vallot<\/p><\/div>\n<p>Cuando por fin mi castigada mente pudo dormirse y descansar fue cuando son\u00f3 la alarma de los despertadores. Eran las siete de la ma\u00f1ana. En la otra tienda, la de Jes\u00fas y Quique, tambi\u00e9n son\u00f3 el despertador y al poco rato se sinti\u00f3 algo de movimiento en la misma. Fernando gru\u00f1\u00f3: \u201c\u00a1Ahora que por fin hab\u00eda cogido el sue\u00f1o y me estaba quedando dormido, suena el despertador!\u201d. Es verdad, no hab\u00edamos dormido nada de nada aquella noche. Ni si quiera descansar como dios manda. Yo no sab\u00eda que pensar ni que hacer. \u00a1\u00bfC\u00f3mo iba a subir la monta\u00f1a con la paliza que me di ayer y sin haber descansado nada?! Creo que en aquellos momentos no quer\u00eda pensar en el sufrimiento que me podr\u00eda ocasionar el intentar el Mont Blanc aquel d\u00eda. Solo quer\u00eda pensar en subirlo o en intentar subirlo. Realmente mi mente no estaba ensombrecida por el esfuerzo del d\u00eda anterior ni por la mal\u00edsima noche que hab\u00edamos pasado. Tampoco es que estuviera s\u00faper animado y euf\u00f3rico pero pens\u00e9 en subir el Mont Blanc (o al menos intentarlo) como el que se levanta para ir a trabajar. Se estaba muy calentito en el saco y sab\u00eda que a partir de ahora seguro que podr\u00eda dormir, pero deb\u00eda levantarme y hacer lo que hab\u00eda venido a hacer. Casi por obligaci\u00f3n.<\/p>\n<p>Desde la otra tienda Quique preguntaba si quer\u00edamos subir, si ten\u00edamos ganas de subir hoy arriba. Yo le dije que s\u00ed. Que se prepararan y desayunaran r\u00e1pido que se hac\u00eda tarde. De nuevo ten\u00eda el est\u00f3mago cerrado y no ten\u00eda hambre, pero sab\u00eda que ten\u00eda que comer algo. Pero no me entraba nada y no s\u00e9 si llegu\u00e9 a darle un bocado a algo. Fernando, de nuevo, se sorprend\u00eda: \u201c\u00a1\u00bfNo tienes hambre?!\u201d. Y creo que por mi culpa (al no preparar un buen desayuno) Fernando no comi\u00f3 lo suficiente, aunque algo m\u00e1s que yo seguro.<\/p>\n<p>Alrededor de las siete y media nos pusimos en marcha. Alguien coment\u00f3 algo de que si realmente nos ve\u00edamos en la posibilidad de llegar arriba. Yo contest\u00e9 que no me preocupaba. Que echar\u00eda a andar hasta donde pudiera. Era triste pero real el pensar que despu\u00e9s de tantos planes, preparativos, entrenamientos, ilusiones&#8230; no pudi\u00e9ramos llegar a hacer cumbre en este d\u00eda que era el id\u00f3neo. Pero en fin, resignaci\u00f3n; en la monta\u00f1a esto ocurre muy a menudo. Creo que entre nosotros hab\u00eda un esp\u00edritu o un temor ya asumido de fracaso, pero a\u00fan as\u00ed, segu\u00edamos adelante. Hasta donde nuestras fuerzas nos llevasen. Jes\u00fas dijo algo muy animado que reafirmaba el \u201c\u00e9xito\u201d del viaje: \u201cYo ya me siento complacido con haber llegado hasta aqu\u00ed\u201d. Quique afirm\u00f3 tambi\u00e9n lo mismo. La verdad es que el haber llegado a la Aiguille du Go\u00fbter ya era una aventura de la manera en como hab\u00edan transcurrido las jornadas. Al final yo tambi\u00e9n me sent\u00eda contento por haber llegado hasta all\u00ed y&#8230; \u00a1Que demonios! A\u00fan quedaban muchos d\u00edas y viajes, y aventuras, y no ser\u00eda la \u00faltima vez que pisar\u00edamos los Alpes.<\/p>\n<p>Por fin emprendemos la subida los cuatro. El d\u00eda era espl\u00e9ndido. Incre\u00edblemente soleado sin una nube y con un cielo azul maravilloso y unas vistas incre\u00edbles. Desde luego, mejor d\u00eda no pod\u00edamos elegir. Eso s\u00ed, el fr\u00edo era bastante notable en aquel lugar. Por la noche y la ma\u00f1ana la nieve estaba totalmente congelada y muy dura. No s\u00e9 a cuantos grados bajo cero podr\u00edamos haber llegado, pero de siete a diez calcul\u00e1bamos, y con la fuerza del viento la sensaci\u00f3n de fr\u00edo podr\u00eda rondar de quince a veinte bajo cero o menos.<\/p>\n<div id=\"attachment_44069\" style=\"width: 1034px\" class=\"wp-caption aligncenter\"><a class=\"dt-single-image\" href=\"https:\/\/www.monta\u00f1asdelaluna.es\/wp-content\/uploads\/2002\/07\/joaquin-en-las-cercanias-del-refugio-vallot-4-362-mts-abajo-izquierda-el-valle-de-chamonix-y-detras-la-agujas-rojas.jpg\" data-dt-img-description=\"\"><img loading=\"lazy\" decoding=\"async\" aria-describedby=\"caption-attachment-44069\" class=\"wp-image-44069 size-large\" src=\"https:\/\/www.monta\u00f1asdelaluna.es\/wp-content\/uploads\/2002\/07\/joaquin-en-las-cercanias-del-refugio-vallot-4-362-mts-abajo-izquierda-el-valle-de-chamonix-y-detras-la-agujas-rojas-1024x706.jpg\" alt=\"Joaqu\u00edn en las cercan\u00edas del Refugio Vallot, 4.362 mts., abajo izquierda el Valle de Chamonix y detr\u00e1s la Agujas Rojas\" width=\"1024\" height=\"706\" srcset=\"https:\/\/www.monta\u00f1asdelaluna.es\/wp-content\/uploads\/2002\/07\/joaquin-en-las-cercanias-del-refugio-vallot-4-362-mts-abajo-izquierda-el-valle-de-chamonix-y-detras-la-agujas-rojas-1024x706.jpg 1024w, https:\/\/www.monta\u00f1asdelaluna.es\/wp-content\/uploads\/2002\/07\/joaquin-en-las-cercanias-del-refugio-vallot-4-362-mts-abajo-izquierda-el-valle-de-chamonix-y-detras-la-agujas-rojas-300x207.jpg 300w, https:\/\/www.monta\u00f1asdelaluna.es\/wp-content\/uploads\/2002\/07\/joaquin-en-las-cercanias-del-refugio-vallot-4-362-mts-abajo-izquierda-el-valle-de-chamonix-y-detras-la-agujas-rojas.jpg 1774w\" sizes=\"auto, (max-width: 1024px) 100vw, 1024px\" \/><\/a><p id=\"caption-attachment-44069\" class=\"wp-caption-text\">Joaqu\u00edn en las cercan\u00edas del Refugio Vallot, 4.362 mts., abajo izquierda el Valle de Chamonix y detr\u00e1s la Agujas Rojas<\/p><\/div>\n<p>Despu\u00e9s de sortear algunos pliegues de la cresta y alejarnos de la punta de la Aiguille du Go\u00fbter, empezaban las interminables palas de subida a la D\u00f4me du Go\u00fbter. Miguel \u00c1ngel Sala ya me hab\u00eda hablado de esta subida: \u201cPaciencia, mucha paciencia, es largo y no hay que desesperarse. Con un buen ritmo sin cansarse, llegas arriba\u201d. Bueno, la paciencia y la tranquilidad era mi especialidad, as\u00ed que, adelante. Empezamos a coger las primeras rampas y yo miraba hac\u00eda arriba. Se ve\u00eda a mitad de subida algunos puntos negros o de colores que eran monta\u00f1eros que sub\u00edan (o ya que bajaban) y yo pensaba tranquilamente, sin alarmarme: \u201cser\u00e1 larga y pesada\u201d. Pero seguimos adelante y un paso m\u00e1s ser\u00eda un paso menos para acercarnos al Mont Blanc.<\/p>\n<p>No est\u00e1bamos ni en la mitad de la subida a la D\u00f4me cuando el cansancio empez\u00f3 a hacer acto de presencia. A Fernando le dio un mareo, una especie de bajada de tensi\u00f3n y deb\u00edamos parar hasta que \u00e9l se recuperase. Quiz\u00e1s en ese momento en la mente de Fernando se le acumulaban pensamientos que le imped\u00edan seguir adelante. Aunque su cuerpo estaba fuerte, su organismo no resist\u00eda tal paliza y su mente tampoco estaba tranquila. Puede ser (como es mala costumbre) que empez\u00e1ramos con un ritmo demasiado fuerte. As\u00ed que decidimos ir m\u00e1s lentos. Jes\u00fas y Quique ir\u00edan primeros, y algo m\u00e1s detr\u00e1s Fernando y detr\u00e1s yo para subir al paso de Fernando.<\/p>\n<p>\u00c9l estaba muy desanimado. Empez\u00f3 a parar demasiadas veces (cosa que yo, internamente, agradec\u00eda) y a decirme que no pod\u00eda m\u00e1s, que se ten\u00eda que bajar, que no se ve\u00eda capacitado para estar all\u00ed. Yo casi no le hac\u00eda caso para que as\u00ed siguiera hac\u00eda arriba y tambi\u00e9n le dec\u00eda que est\u00e1bamos ya muy cerca, que poco a poco y a un buen paso se llegar\u00eda y que no se preocupara que iba con nosotros. Al cabo de un tiempo me puse yo delante y el iba al \u201crebufo\u201d m\u00edo para que se cansara menos. Pero no paraba de lamentarse y de quejarse. Al final comprend\u00ed que era in\u00fatil luchar contra ello; a Fernando se le hab\u00edan metido esas malas ideas en la cabeza y su cuerpo tampoco funcionaba bien. \u00a1Que verdad! es aquel \u201cdicho romano\u201d: \u201cMens sana in corpore sano\u201d. Si tu mente anda revuelta o aturdida por malos y perjudiciales pensamientos, tu cuerpo lo nota funcionando a un porcentaje mucho menor o no funcionando como deber\u00eda de funcionar. Al final tuve que decirle a Fernando: \u201cMira, vamos a llegar a la cumbre de la D\u00f4me du Go\u00fbter y una vez all\u00ed, seg\u00fan como est\u00e9s decides bajarte o seguir hac\u00eda arriba \u00bfvale?\u201d. Ya no quedaba mucho y Fernando accedi\u00f3.<\/p>\n<p>Despu\u00e9s de infinitas rampas e interminables zigzags pudimos coger la pala final que nos llevar\u00eda a la redondeada y apacible cumbre de la D\u00f4me du Go\u00fbter. Segu\u00eda haciendo viento, pero ya no tanto. Por fin ya arriba, descansamos para decidir, ver como est\u00e1bamos, ver lo que nos quedaba y para que Fernando aclarara sus intenciones. Desde all\u00ed arriba ve\u00edamos la cresta de cuatro miles que desde la Aiguille du Midi llega al Mont Blanc: el Mont Blanc du Tacul y el Mont Maudit. Est\u00e1bamos a unos cuatro mil trescientos metros y las vistas eran magn\u00edficas. Delante nuestro, como un gigante dormido atacado por multitud de hormigas que suben y bajan por su falda, el Mont Blanc. Con una peque\u00f1a caseta bajo de \u00e9l: el Refugio Vallot. Era impresionante y me pareci\u00f3 mucho m\u00e1s alto y lejano de lo que yo esperaba encontrarme desde aqu\u00ed. Nunca hab\u00eda estado a tanta altura aqu\u00ed en la D\u00f4me du Go\u00fbter y llev\u00e1bamos algo menos de la mitad de subida al Mont Blanc desde la Aiguille du Go\u00fbter, aproximadamente, pero a\u00fan nos quedaban los tramos m\u00e1s empinados y la temible cresta final. El d\u00eda era magn\u00edfico. Est\u00e1bamos maravillados por el d\u00eda tan bueno y claro que hac\u00eda.<\/p>\n<div id=\"attachment_44068\" style=\"width: 1034px\" class=\"wp-caption aligncenter\"><a class=\"dt-single-image\" href=\"https:\/\/www.monta\u00f1asdelaluna.es\/wp-content\/uploads\/2002\/07\/delante-jesus-junto-al-refugio-vallot-4-362-mts-detras-el-mont-maudit.jpg\" data-dt-img-description=\"\"><img loading=\"lazy\" decoding=\"async\" aria-describedby=\"caption-attachment-44068\" class=\"wp-image-44068 size-large\" src=\"https:\/\/www.monta\u00f1asdelaluna.es\/wp-content\/uploads\/2002\/07\/delante-jesus-junto-al-refugio-vallot-4-362-mts-detras-el-mont-maudit-1024x681.jpg\" alt=\"Delante Jes\u00fas junto al Refugio Vallot, 4.362 mts., detr\u00e1s el Mont Maudit\" width=\"1024\" height=\"681\" srcset=\"https:\/\/www.monta\u00f1asdelaluna.es\/wp-content\/uploads\/2002\/07\/delante-jesus-junto-al-refugio-vallot-4-362-mts-detras-el-mont-maudit-1024x681.jpg 1024w, https:\/\/www.monta\u00f1asdelaluna.es\/wp-content\/uploads\/2002\/07\/delante-jesus-junto-al-refugio-vallot-4-362-mts-detras-el-mont-maudit-300x200.jpg 300w, https:\/\/www.monta\u00f1asdelaluna.es\/wp-content\/uploads\/2002\/07\/delante-jesus-junto-al-refugio-vallot-4-362-mts-detras-el-mont-maudit.jpg 1836w\" sizes=\"auto, (max-width: 1024px) 100vw, 1024px\" \/><\/a><p id=\"caption-attachment-44068\" class=\"wp-caption-text\">Delante Jes\u00fas junto al Refugio Vallot, 4.362 mts., detr\u00e1s el Mont Maudit<\/p><\/div>\n<div id=\"attachment_44071\" style=\"width: 830px\" class=\"wp-caption aligncenter\"><a class=\"dt-single-image\" href=\"https:\/\/www.monta\u00f1asdelaluna.es\/wp-content\/uploads\/2002\/07\/joaquin-subiendo-al-mont-blanc.jpg\" data-dt-img-description=\"\"><img loading=\"lazy\" decoding=\"async\" aria-describedby=\"caption-attachment-44071\" class=\"wp-image-44071 \" src=\"https:\/\/www.monta\u00f1asdelaluna.es\/wp-content\/uploads\/2002\/07\/joaquin-subiendo-al-mont-blanc.jpg\" alt=\"Joaqu\u00edn subiendo al Mont Blanc\" width=\"820\" height=\"1212\" srcset=\"https:\/\/www.monta\u00f1asdelaluna.es\/wp-content\/uploads\/2002\/07\/joaquin-subiendo-al-mont-blanc.jpg 1236w, https:\/\/www.monta\u00f1asdelaluna.es\/wp-content\/uploads\/2002\/07\/joaquin-subiendo-al-mont-blanc-203x300.jpg 203w, https:\/\/www.monta\u00f1asdelaluna.es\/wp-content\/uploads\/2002\/07\/joaquin-subiendo-al-mont-blanc-693x1024.jpg 693w\" sizes=\"auto, (max-width: 820px) 100vw, 820px\" \/><\/a><p id=\"caption-attachment-44071\" class=\"wp-caption-text\">Joaqu\u00edn subiendo al Mont Blanc<\/p><\/div>\n<p>Tuve que sentarme junto al sendero excavado en la endurecida nieve por el continuo pisar y pasar de los monta\u00f1eros camino del Mont Blanc o bajando de \u00e9l. La subida hab\u00eda sido dura y mi respiraci\u00f3n era profunda y seguida como si me faltara aire o quisiera recuperar todo el aire, el oxigeno quemado y gastado durante la larga y fatigosa subida aqu\u00ed arriba. Fernando cogi\u00f3 la c\u00e1mara y film\u00f3 un momento; sobre todo la imponente masa de hielo, nieve y rocas del Mont Blanc. Pero hab\u00eda que hablar, ten\u00edamos que ver lo que Fernando quer\u00eda o pod\u00eda hacer y hab\u00eda decidido. Entre sollozos y maldiciones Fernando nos dec\u00eda que no pod\u00eda seguir adelante. Algo le imped\u00eda seguir. Pod\u00eda ser el cansancio y la fatiga junto con el gran desgaste que llevaba \u00e9l, como nosotros. Pod\u00eda ser el miedo a que le ocurriera algo all\u00e1 arriba y no pudi\u00e9ramos rescatarle despu\u00e9s de ver los mareos y bajones de tensi\u00f3n que le dieron al subir aqu\u00ed o a la Aiguille du Go\u00fbter. No s\u00e9. Fueron muchas cosas las que le pasaron por la cabeza y pienso que si realmente su mente estaba intranquila, hizo lo mejor que pod\u00eda hacer.<\/p>\n<p>La despedida fue amarga y deprimente. Ninguno de los tres (aunque ninguno lo dijera) quer\u00edamos bajarnos con \u00e9l acompa\u00f1\u00e1ndolo para que no estuviera solo. Aunque sabemos que en estos casos lo mejor es acompa\u00f1ar a la persona para animarle, ayudarle y que sepa que puede contar contigo. Pero los tres quer\u00edamos subir el Mont Blanc o al menos seguir adelante e intentarlo, era ahora o nunca (nos parec\u00eda pensar). Fernando lo comprendi\u00f3 y entendi\u00f3, y no quiso que ninguno de nosotros le acompa\u00f1\u00e1ramos y que sigui\u00e9ramos adelante. Entre sollozos y algunas l\u00e1grimas vimos como se alejaba Fernando por el mismo sitio que hab\u00eda subido. Entre nosotros nos daba l\u00e1stima que teniendo todas las condiciones favorables para subir hoy, \u00e9l no pudiera subir. Daba pena la amarga resoluci\u00f3n. Quiz\u00e1s en un rinconcito de nuestro interior nos dec\u00eda que, o sub\u00edamos todos o ninguno; pero hab\u00eda que ser realistas, no preocuparnos y seguir adelante. Ya habr\u00e1 muchos d\u00edas por delante para que Fernando pudiera volver y subir por fin el Mont Blanc, como le han ocurrido a tantos otros. Lo siento Fernando, subiremos el Mont Blanc por ti, estar\u00e1s con nosotros all\u00e1 arriba.<\/p>\n<p>Ya ha pasado algo de tiempo. Quique nos sugiere o m\u00e1s bien nos manda seguir ya que se hace tarde. Yo creo que a\u00fan no me he recuperado del cansancio, m\u00e1s bien me daba la impresi\u00f3n de que mi cansancio era tal que no me recuperar\u00eda en todo el d\u00eda de hoy; pero bueno, ahora es una descansada y tenue cuesta abajo hasta llegar al pie del promontorio donde se encuentra el Refugio Vallot, antes tambi\u00e9n de un corto y espacioso llano; el cual vendr\u00e1 muy bien para descansar el cargado paso que llevan los m\u00fasculos de mis piernas de tanto tiempo subir hac\u00eda arriba.<\/p>\n<p>Ya empiezo a subir las empinadas y zigzagueantes rampas hac\u00eda el Refugio Vallot. Siguen avenido monta\u00f1eros que pasan, suben, bajan junto a m\u00ed. Me paro muy a menudo por el cansancio. Cada vez se empina m\u00e1s y yo paro m\u00e1s veces para recobrar el aliento. Por fin llego al citado refugio, a lo m\u00e1s alto de la loma en la que est\u00e1 ubicado. Jes\u00fas y Quique me esperan. Van mas aventajados que yo, parecen menos cansados y sufridos que yo. No nos da tiempo a inspeccionar el refugio ni la caba\u00f1a que hay un poco m\u00e1s abajo y que es un mirador hac\u00eda el resto del macizo. El refugio es todo de metal y no muy grande pero no llegamos a descubrir donde se encuentra la puerta para entrar. Al fondo se ve el magn\u00edfico Mont Maudit con su cumbre terminada en un peque\u00f1o pin\u00e1culo de afilada punta. Los extensos glaciares siguen abri\u00e9ndose ante nuestros ojos con sus rimayas, grietas y abundante y ondulante nieve. Estamos en otro mundo, otra dimensi\u00f3n, otra \u201caltura\u201d a la conocida&#8230; El fr\u00edo ya no es tan intenso como a primera hora de esta ma\u00f1ana y el viento parece calmarse. El sol se levanta esplendoroso. \u00a1Que d\u00eda tan magn\u00edfico! No me da tiempo a descansar del todo. No me he sentado. Me he quedado de pie y al poco de llegar Quique impera seguir adelante. \u00a1Nunca podr\u00e9 descansar como es debido hoy!<\/p>\n<div id=\"attachment_44070\" style=\"width: 1034px\" class=\"wp-caption aligncenter\"><a class=\"dt-single-image\" href=\"https:\/\/www.monta\u00f1asdelaluna.es\/wp-content\/uploads\/2002\/07\/subiendo-al-mont-blanc-a-la-izquierda-su-cima.jpg\" data-dt-img-description=\"\"><img loading=\"lazy\" decoding=\"async\" aria-describedby=\"caption-attachment-44070\" class=\"wp-image-44070 size-large\" src=\"https:\/\/www.monta\u00f1asdelaluna.es\/wp-content\/uploads\/2002\/07\/subiendo-al-mont-blanc-a-la-izquierda-su-cima-1024x679.jpg\" alt=\"Subiendo al Mont Blanc, a la izquierda su cima\" width=\"1024\" height=\"679\" srcset=\"https:\/\/www.monta\u00f1asdelaluna.es\/wp-content\/uploads\/2002\/07\/subiendo-al-mont-blanc-a-la-izquierda-su-cima-1024x679.jpg 1024w, https:\/\/www.monta\u00f1asdelaluna.es\/wp-content\/uploads\/2002\/07\/subiendo-al-mont-blanc-a-la-izquierda-su-cima-300x199.jpg 300w, https:\/\/www.monta\u00f1asdelaluna.es\/wp-content\/uploads\/2002\/07\/subiendo-al-mont-blanc-a-la-izquierda-su-cima.jpg 1836w\" sizes=\"auto, (max-width: 1024px) 100vw, 1024px\" \/><\/a><p id=\"caption-attachment-44070\" class=\"wp-caption-text\">Subiendo al Mont Blanc, a la izquierda su cima<\/p><\/div>\n<p>La parte que toca ahora empieza con un falso llano, luego una suave pendiente que se va inclinando hasta convertirse en una de las rampas m\u00e1s inclinadas de la subida al Mont Blanc (si es que no es la m\u00e1s empinada), terminada en una peque\u00f1a loma bien diferenciada. Dejo que Jes\u00fas y Quique se adelanten. Yo intento descansar un poco m\u00e1s y luego sigo tras ellos a una distancia evidente. Aqu\u00ed el esfuerzo, aunque ayudado por el suave incremento de la pendiente, es mayor. Las rampas de ca\u00edda son m\u00e1s vertiginosas. All\u00e1 abajo nada m\u00e1s hay grietas y hielo, y en esta parte un resbal\u00f3n podr\u00eda ocasionar una ca\u00edda, casi imparable de algunos cientos de metros (si es que antes no te ha tragado una gigantesca grieta, o te has golpeado contra alg\u00fan peque\u00f1o \u201cpenitente\u201d de hielo, con el borde de una grieta&#8230;), la verticalidad es bastante considerable, adem\u00e1s la nieve est\u00e1 muy endurecida, solo hay una fina capa de nieve granulada que no te parar\u00eda en absoluto, todo lo dem\u00e1s es hielo; eso s\u00ed, un hielo al que se clavan perfectamente los crampones, aunque no tanto la punta del piolet que aqu\u00ed me sirve de bast\u00f3n. Empiezo a tener calor, bastante calor. Me quito el gorro de thinsulate y me bajo la cremallera de la chaqueta hasta el cierre de la mochila, y debajo tambi\u00e9n me abro el forro polar y bajo algo su cremallera para que salga el calor. Quiz\u00e1s m\u00e1s adelante deb\u00eda de haberme quitado el forro polar pero no quer\u00eda ni me lo quit\u00e9. Podr\u00eda ser que el viento m\u00e1s arriba arreciara y el fr\u00edo fuera m\u00e1s intenso. Tambi\u00e9n, y en caso de accidente, llev\u00e1bamos puesto un arn\u00e9s con un mosquet\u00f3n de seguridad y un ocho correspondiente por si (como le hab\u00edan dicho a Tom\u00e1s all\u00ed mismo) en caso de accidente la subida al helic\u00f3ptero de rescate ser\u00eda m\u00e1s f\u00e1cil y en esos casos toda ayuda, por peque\u00f1a que sea, es imprescindible e insuficiente a la vez. Tambi\u00e9n llev\u00e1bamos un cordino de 6 o 7 mil\u00edmetros por si nos encord\u00e1bamos en la cresta final y poder subir en ensamble. No es que sea muy seguro y no evitar\u00eda una ca\u00edda pero la probabilidad de parar o salvarse o incluso de prevenir dicha ca\u00edda, son mayores. Para terminar dentro de la mochila llev\u00e1bamos tambi\u00e9n la funda de vivaque. Por si en caso de accidente o de que tengamos que pasar la noche all\u00ed, nos sirva (al menos algo) de manta para guardar el calor y no helarnos o sufrir una hipotermia. Yo ya conoc\u00eda las funciones de la funda de vivaque, no te da calor pero te a\u00edsla del fr\u00edo y la humedad del exterior, y evita que pierdas algo de calor. Har\u00eda dos semanas tan solo que Jes\u00fas Santana y yo tuvimos que vivaquear con los medios que ten\u00edamos por hacerse de noche, no llegar al Refugio de Est\u00f3s y no conocer el camino de vuelta bajando del Perdiguero (3.222 mts., Pirineos) por otro camino diferente al de subida. Estar\u00edamos alrededor de mil cuatrocientos metros y esa noche baj\u00f3 la temperatura cerca o debajo de cero grados. Yo por suerte ten\u00eda mi funda de vivaque donde me met\u00ed, pero Jes\u00fas tuvo que meter las piernas en mi mochila (que era m\u00e1s grande que la suya) despu\u00e9s de haberla vaciado para poder pasar la noche \u201cmedio bien\u201d. \u00a1Nunca se me olvidar\u00e1 aquella experiencia, aquel viaje que hicimos los dos solos!<\/p>\n<p>Por fin llego a la loma de arriba. Esta vez mi paso lo he cambiado dando pasos muchos m\u00e1s cortos, sin apenas esfuerzo o movimiento y muy pocas o casi ninguna parada, de forma que llego arriba m\u00e1s descansado y menos sufrido, menos cansado que en las rampas empinadas anteriores. Aqu\u00ed arriba, en un falso llano, me esperan Quique y Jes\u00fas. Quique al advertir mi llegada se apresura a hacerme una magn\u00edfica foto con el Valle de CHamonix y las Agujas Rojas como fondo. Nos sentamos a descansar. Noto que Jes\u00fas tambi\u00e9n est\u00e1 muy cansado, casi tanto como yo (pero no tanto). Nos quitamos las mochilas y nos sentamos-tumbamos encima de ellas. De repente experimento al quedarme quieto, relajado y casi tumbado un sue\u00f1o y unas ganas de dormir casi sobrenaturales. Nunca hab\u00eda sentido este sue\u00f1o incurable e incre\u00edblemente persistente. Era cerrar los ojos y sumirme en un sue\u00f1o placentero, hipnotizante, embriagador y casi irreprochable. En cualquier postura, en cualquier lugar, en cualquier circunstancia, era como una enfermedad. Luego ya aqu\u00ed, tiempo m\u00e1s tarde, mis compa\u00f1eros del Centro me informaron sobre el \u201csue\u00f1o de altura\u201d, y era ese sue\u00f1o causado por la inadaptaci\u00f3n de tu cansado cuerpo a la altura ayudado por la mala y nada descansada noche anterior. Jes\u00fas, como yo, se quedaba dormido nada m\u00e1s cerrar los ojos. Estaba en mi misma situaci\u00f3n. Sin embargo Quique se encontraba s\u00faper fuerte; all\u00ed de pie mirando como nos envolv\u00eda y dominaba el \u201csue\u00f1o de altura\u201d decidi\u00f3 seguir el solo hac\u00eda arriba ya que se encontraba muy bien, no quer\u00eda perder su ritmo ni enfriarse. As\u00ed pues sali\u00f3 solo dici\u00e9ndole que Jes\u00fas y yo saldr\u00edamos algo m\u00e1s tarde, despu\u00e9s de descansar un poco.<\/p>\n<p>Era incre\u00edble. No pod\u00eda cerrar los ojos. Se me cerraban solos y una vez cerrados me dorm\u00eda como si un hipnotizador chasqueara los dedos cayendo desplomado. Pero al cabo de un corto tiempo pens\u00e9 que si terminaba durmi\u00e9ndome nunca llegar\u00eda a subir hoy el Mont Blanc, ya que parec\u00eda que el sue\u00f1o era muy, muy intenso y me quedar\u00eda mucho tiempo dormido. As\u00ed pues le dije a Jes\u00fas que yac\u00eda junto a m\u00ed con los ojos cerrados: \u201cJes\u00fas, vamos arriba que si nos quedamos aqu\u00ed nos quedaremos dormidos\u201d, y Jes\u00fas, a\u00fan con los ojos cerrados y tumbados me dijo que de acuerdo; y haciendo otro esfuerzo para espabilarnos del todo nos levantamos y arreglamos nuestro equipo. Estamos muy cansados y no tenemos el paso ni los movimientos firmes y decisivos, por ello le propongo a Jes\u00fas de encordarnos por si acaso, para ir m\u00e1s seguros (aunque despu\u00e9s pensando detenidamente, si uno de los dos hubiera ca\u00eddo, el otro no hubiera tenido la fuerza suficiente para pararle. Por suerte no ocurri\u00f3 nada para despejar la duda&#8230;). Jes\u00fas accedi\u00f3, le pareci\u00f3 buena idea. Entonces yo ir\u00eda delante y tres o cuatro metros tras de mi Jes\u00fas, unidos por un cordino. Realmente no ten\u00edamos mucha idea de at\u00e1rnosla y pasarnos la cuerda sobrante alrededor del cuerpo. Viendo las fotos, si hubiera ca\u00eddo Jes\u00fas, probablemente podr\u00eda haberme terminado ahorcado en el tir\u00f3n de la cuerda&#8230; Por suerte no ocurri\u00f3 nada. Tambi\u00e9n es un poco exagerado y realmente podr\u00eda haberme desenredado y no hubiera ocurrido nada.<\/p>\n<div id=\"attachment_44072\" style=\"width: 830px\" class=\"wp-caption aligncenter\"><a class=\"dt-single-image\" href=\"https:\/\/www.monta\u00f1asdelaluna.es\/wp-content\/uploads\/2002\/07\/joaquin-en-la-subidita-a-la-cresta-cimera-del-mont-blanc.jpg\" data-dt-img-description=\"\"><img loading=\"lazy\" decoding=\"async\" aria-describedby=\"caption-attachment-44072\" class=\"wp-image-44072 \" src=\"https:\/\/www.monta\u00f1asdelaluna.es\/wp-content\/uploads\/2002\/07\/joaquin-en-la-subidita-a-la-cresta-cimera-del-mont-blanc.jpg\" alt=\"Joaqu\u00edn en la subidita a la cresta cimera del Mont Blanc\" width=\"820\" height=\"1213\" srcset=\"https:\/\/www.monta\u00f1asdelaluna.es\/wp-content\/uploads\/2002\/07\/joaquin-en-la-subidita-a-la-cresta-cimera-del-mont-blanc.jpg 1235w, https:\/\/www.monta\u00f1asdelaluna.es\/wp-content\/uploads\/2002\/07\/joaquin-en-la-subidita-a-la-cresta-cimera-del-mont-blanc-203x300.jpg 203w, https:\/\/www.monta\u00f1asdelaluna.es\/wp-content\/uploads\/2002\/07\/joaquin-en-la-subidita-a-la-cresta-cimera-del-mont-blanc-692x1024.jpg 692w\" sizes=\"auto, (max-width: 820px) 100vw, 820px\" \/><\/a><p id=\"caption-attachment-44072\" class=\"wp-caption-text\">Joaqu\u00edn en la subidita a la cresta cimera del Mont Blanc<\/p><\/div>\n<div id=\"attachment_44074\" style=\"width: 832px\" class=\"wp-caption aligncenter\"><a class=\"dt-single-image\" href=\"https:\/\/www.monta\u00f1asdelaluna.es\/wp-content\/uploads\/2002\/07\/la-vertiginosa-cresta-cimera-del-mont-blanc.jpg\" data-dt-img-description=\"\"><img loading=\"lazy\" decoding=\"async\" aria-describedby=\"caption-attachment-44074\" class=\"wp-image-44074 \" src=\"https:\/\/www.monta\u00f1asdelaluna.es\/wp-content\/uploads\/2002\/07\/la-vertiginosa-cresta-cimera-del-mont-blanc.jpg\" alt=\"La vertiginosa cresta cimera del Mont Blanc\" width=\"822\" height=\"1207\" srcset=\"https:\/\/www.monta\u00f1asdelaluna.es\/wp-content\/uploads\/2002\/07\/la-vertiginosa-cresta-cimera-del-mont-blanc.jpg 1243w, https:\/\/www.monta\u00f1asdelaluna.es\/wp-content\/uploads\/2002\/07\/la-vertiginosa-cresta-cimera-del-mont-blanc-204x300.jpg 204w, https:\/\/www.monta\u00f1asdelaluna.es\/wp-content\/uploads\/2002\/07\/la-vertiginosa-cresta-cimera-del-mont-blanc-697x1024.jpg 697w\" sizes=\"auto, (max-width: 822px) 100vw, 822px\" \/><\/a><p id=\"caption-attachment-44074\" class=\"wp-caption-text\">La vertiginosa cresta cimera del Mont Blanc<\/p><\/div>\n<p>Vemos lo que queda hasta la cumbre. Nos hacemos fotos. No parece muy dif\u00edcil ni empinado, con un paso lento, corto pero seguro llegar\u00edamos y avanzar\u00edamos pacientemente. La nieve empezaba a ablandarse en algunas zonas, en otras segu\u00eda dura como el mismo hielo. Un peque\u00f1o aeroplano sin motor, o como se llame, rondaba la cumbre y las cercan\u00edas al sur del Mont Blanc como un \u00e1guila acechando a su presa. Empezamos la marcha cruzando una peque\u00f1a y nada peligrosa cresta con un peque\u00f1o paso algo aireado pero nada peligroso ni asustadizo para un experimentado monta\u00f1ero, que terminaba en una rampa no demasiado empinada y constante. Pasamos junto a un monta\u00f1ero tumbado en la misma senda, mirando hac\u00eda adelante, como si mirara al que pasara, como si me mirara. Quiz\u00e1s pensando que me estaba mirando y observando me par\u00e9 para esperar a que se apartara un poco y nos dejara pasar. Pero al ver que no se mov\u00eda cre\u00ed que ten\u00eda el \u201csue\u00f1o de altura\u201d y tras sus gafas de sol ten\u00eda sus ojos cerrados sumido en un placentero y profundo sue\u00f1o. Pasamos junto a \u00e9l, casi pis\u00e1ndolo ya que deb\u00edamos reservar las m\u00e1ximas fuerzas con la \u201cley del m\u00ednimo esfuerzo\u201d para poder alcanzar nuestro objetivo, y ni se inmut\u00f3. Es m\u00e1s, le estuve observando mientras pasaba junto a \u00e9l y no movi\u00f3 un dedo. Verdaderamente al pobre monta\u00f1ero lo hab\u00eda capturado el \u201csue\u00f1o de altura\u201d. La subida encordados no se le hace muy f\u00e1cil ni c\u00f3moda a Jes\u00fas, ya que cuando \u00e9l est\u00e1 bien y descansado, yo me paro y debe parar tras de m\u00ed, y cuando yo estoy bien, descansado y decido seguir, Jes\u00fas est\u00e1 parado descansando y le tiro de la cuerda al tensarla y distanciarnos haci\u00e9ndole, casi obligatoriamente, seguir hacia arriba sin descansar.<\/p>\n<p>Por fin llegamos a lo alto de otra loma, es un falso llano muy cerca de la cumbre y su cresta final. Podemos respirar el aire de la cima desde aqu\u00ed. Solo queda una peque\u00f1a rampa de subida que nos lleva a la temible cresta final cimera que se encuentra rondando los cuatro mil ochocientos metros (si es que no los tiene, o los supera ya). Nuestra alegr\u00eda es tremenda. Vemos que vamos a conseguir llegar a la cima del Mont Blanc y cumplir con nuestro objetivo despu\u00e9s de todos los esfuerzos, calamidades, sufrimientos y experiencias pasadas y vividas para conseguir llegar a donde est\u00e1bamos. Era algo incre\u00edble. \u00cdbamos a cumplir, a hacer realidad nuestro sue\u00f1o hasta ahora casi inalcanzable. Solo unos cuantos pasos nos separaban de nuestra victoria frente a nuestros medios, la monta\u00f1a, las condiciones, todo&#8230; Toda nuestra angustia, sufrimiento y desolaci\u00f3n iban a desaparecer en la cumbre del Mont Blanc, y un gran orgullo, satisfacci\u00f3n, alegr\u00eda&#8230; y muchas cosas y sentimientos as\u00ed como emociones que puede experimentar un monta\u00f1ero apasionado al coronar, hasta ahora, la monta\u00f1a m\u00e1s alta que hab\u00eda intentado subir y que \u00e9sta fuera el m\u00edtico y legendario Mont Blanc. Era algo extraordinario, dif\u00edcil de describir.<\/p>\n<div id=\"attachment_44075\" style=\"width: 1034px\" class=\"wp-caption aligncenter\"><a class=\"dt-single-image\" href=\"https:\/\/www.monta\u00f1asdelaluna.es\/wp-content\/uploads\/2002\/07\/joaquin-y-jesus-en-la-vertiginosa-cresta-cimera-del-mont-blanc-4-800-mts.jpg\" data-dt-img-description=\"\"><img loading=\"lazy\" decoding=\"async\" aria-describedby=\"caption-attachment-44075\" class=\"wp-image-44075 size-large\" src=\"https:\/\/www.monta\u00f1asdelaluna.es\/wp-content\/uploads\/2002\/07\/joaquin-y-jesus-en-la-vertiginosa-cresta-cimera-del-mont-blanc-4-800-mts-1024x683.jpg\" alt=\"Joaqu\u00edn y Jes\u00fas en la vertiginosa cresta cimera del Mont Blanc, 4.800 mts.\" width=\"1024\" height=\"683\" srcset=\"https:\/\/www.monta\u00f1asdelaluna.es\/wp-content\/uploads\/2002\/07\/joaquin-y-jesus-en-la-vertiginosa-cresta-cimera-del-mont-blanc-4-800-mts-1024x683.jpg 1024w, https:\/\/www.monta\u00f1asdelaluna.es\/wp-content\/uploads\/2002\/07\/joaquin-y-jesus-en-la-vertiginosa-cresta-cimera-del-mont-blanc-4-800-mts-300x200.jpg 300w, https:\/\/www.monta\u00f1asdelaluna.es\/wp-content\/uploads\/2002\/07\/joaquin-y-jesus-en-la-vertiginosa-cresta-cimera-del-mont-blanc-4-800-mts.jpg 1836w\" sizes=\"auto, (max-width: 1024px) 100vw, 1024px\" \/><\/a><p id=\"caption-attachment-44075\" class=\"wp-caption-text\">Joaqu\u00edn y Jes\u00fas en la vertiginosa cresta cimera del Mont Blanc, 4.800 mts.<\/p><\/div>\n<p>Descansamos un poco ya felices de haber llegado a este punto. Monta\u00f1eros que sub\u00edan, bajaban y se paraban por efecto del esfuerzo y la altura, segu\u00edan rode\u00e1ndonos. Una foto final antes de la cumbre y enfilar\u00edamos la \u00faltima rampa y cresta hasta el punto culminante del Mont Blanc. Despacio, cansados y con un paso que intent\u00e1bamos fuera seguro, sub\u00edamos dicha \u00faltima pendiente. Solo eran unos treinta metros, pero paramos, por lo menos, m\u00e1s de tres o cuatro veces para recuperar el aliento y la respiraci\u00f3n. Unas nubes finas, delgadas de viento empezaban a aparecer y envolver justo la cima del pico cuando llegamos al final de la peque\u00f1a pala y empezamos a enfilar la vertiginosa, a\u00e9rea y alta cresta final del Mont Blanc.<\/p>\n<p>Dos de las dificultades m\u00e1s t\u00e9cnicas para subir el Mont Blanc desde Go\u00fbter, eran la subida al Refugio de la Aiguille du Go\u00fbter por la escarpada vertiente sur de la aguja, y la cresta final cimera. Siempre que o\u00eda hablar de ella me imaginaba una delgada l\u00ednea de nieve tan fina y encrespada que en ocasiones hab\u00eda que cruzarla con un \u201cpaso de caballo\u201d (como si mont\u00e1ramos a caballo, la cresta es el caballo y las piernas se encuentran cada una en una vertiente, y se cruza dando saltitos, medio arrastr\u00e1ndose, ayudado por las manos y equilibrando con los pies y piernas). Realmente hab\u00eda tramos vertiginosos; con unas inclinaciones de sesenta o setenta grados a cada lado que bajaban cientos de metros por las dos vertientes; adem\u00e1s por estar en la cima, el viento podr\u00eda desequilibrarte y tirarte. La \u201csenda\u201d en la cima apenas ser\u00eda un pasillo por el que solo puede pasar una persona (de frente, pero andando normalmente) sin necesidad de \u201cpaso de caballo\u201d. Pero si te encuentras con uno de frente, uno de los dos debe pararse y encaramarse al precipicio en el l\u00edmite de la cresta y dejar que pase el otro por que ni de lado podr\u00edan cruzarse dos personas en las zonas m\u00e1s estrechas de la cresta. La holgura de la misma podr\u00eda tener medio metro aproximadamente de ancho como media, con zonas m\u00e1s anchas y m\u00e1s estrechas. Eso s\u00ed, el v\u00e9rtigo de mirar pendiente abajo podr\u00eda asustar, atemorizar y marear a aquel que no estuviera concentrado en seguir y mirando al frente.<\/p>\n<p>Despu\u00e9s de bastantes metros por la cresta vemos al final mucha gente parada y no vemos nada m\u00e1s detr\u00e1s, nada m\u00e1s alto. Es la cumbre. Jes\u00fas y yo seguimos encordados y andando igual que cuando empezamos la cordada, pero ya en la cresta, al ser m\u00e1s horizontal y animados al ver la cumbre, no paramos hasta llegar a ella. Yo miro a todos lados llegando a la cumbre, quiero mirarlo todo, admirarlo todo. Quique est\u00e1 en ella y con su c\u00e1mara nos hace fotos de llegada a la cumbre con los dos encordados. El coraz\u00f3n se me va a salir del pecho, aparte de por el esfuerzo que hemos realizado, por la gran emoci\u00f3n de que al final, a pesar de todos los inconvenientes, ha podido m\u00e1s la fuerza de voluntad, el \u00e1nimo de llegar, el \u00edmpetu expresado&#8230; estamos en la cumbre del Mont Blanc a cuatro mil ochocientos diez metros. Es la mayor altura en la que ninguno de los tres hemos estado nunca, hasta ahora. Nos abrazamos sonrientes, contentos; lo hemos logrado. Somos unas \u201cm\u00e1quinas\u201d. Estamos en el pico m\u00e1s alto de los Alpes, el Mont Blanc. Dejamos las mochilas; clavamos los piolets, nos desencordamos. Hacemos fotos, aunque algunas de ellas saldr\u00e1n medio salpicadas por las nubes de viento que vuelven a aparecer en la cumbre y que nos saltan roz\u00e1ndonos a una velocidad de v\u00e9rtigo. Son las dos de la tarde (las catorce horas) aproximadamente y nos tenemos que abrigar por que hace realmente fr\u00edo, bastante fr\u00edo. Quique lleva aqu\u00ed desde la una y media (trece treinta). \u00a1El muy \u201ccabr\u00f3n\u201d! Est\u00e1 realmente fuerte y se ha entrenado mucho menos que nosotros, que yo, y sin embargo me ha costado tres o cuatro veces m\u00e1s que a \u00e9l subir a la cumbre. A nuestros pies admiramos el incre\u00edble paisaje y vistas que se divisan. Ninguna monta\u00f1a m\u00e1s alta que \u00e9sta hay a tres mil kil\u00f3metros a la redonda. El resto del macizo hac\u00eda el norte: Mont Maudit, Mont Blanc du Tacul, Aiguille du Midi, Aiguille Verte sobre Les Drus, Les Droites&#8230; Admiramos los Grandes Jorasses y el Dent du G\u00e9ant. Magn\u00edficos espolones y picos m\u00edticos llenos de historias, luchas y leyendas en los Alpes. Incre\u00edble. Hac\u00eda el sureste al fondo, el Gran Paradisso (aunque no lo llego a distinguir y diferenciar de las monta\u00f1as de alrededor). M\u00e1s lejos los Alpes Peninos entre Suiza e Italia. Al fondo una inmensidad de monta\u00f1as salpicadas de glaciares y nieve, por Francia, Italia y Suiza. Es la magn\u00edfica cordillera alpina. Todo lo vemos m\u00e1s bajo y peque\u00f1o desde aqu\u00ed arriba. Nos da la impresi\u00f3n de ser los \u201cdue\u00f1os del mundo\u201d. Tenemos el \u201cMundo a nuestros pies\u201d. Es incre\u00edble lo que nos alcanza la vista, si no fuera por estas l\u00edneas de nubes de viento.<\/p>\n<div id=\"attachment_44076\" style=\"width: 1034px\" class=\"wp-caption aligncenter\"><a class=\"dt-single-image\" href=\"https:\/\/www.monta\u00f1asdelaluna.es\/wp-content\/uploads\/2002\/07\/quique-jesus-y-joaquin-en-la-cima-del-mont-blanc-4-810-mts.jpg\" data-dt-img-description=\"\"><img loading=\"lazy\" decoding=\"async\" aria-describedby=\"caption-attachment-44076\" class=\"wp-image-44076 size-large\" src=\"https:\/\/www.monta\u00f1asdelaluna.es\/wp-content\/uploads\/2002\/07\/quique-jesus-y-joaquin-en-la-cima-del-mont-blanc-4-810-mts-1024x679.jpg\" alt=\"Quique, Jes\u00fas y Joaqu\u00edn en la cima del Mont Blanc, 4.810 mts.\" width=\"1024\" height=\"679\" srcset=\"https:\/\/www.monta\u00f1asdelaluna.es\/wp-content\/uploads\/2002\/07\/quique-jesus-y-joaquin-en-la-cima-del-mont-blanc-4-810-mts-1024x679.jpg 1024w, https:\/\/www.monta\u00f1asdelaluna.es\/wp-content\/uploads\/2002\/07\/quique-jesus-y-joaquin-en-la-cima-del-mont-blanc-4-810-mts-300x199.jpg 300w, https:\/\/www.monta\u00f1asdelaluna.es\/wp-content\/uploads\/2002\/07\/quique-jesus-y-joaquin-en-la-cima-del-mont-blanc-4-810-mts.jpg 1831w\" sizes=\"auto, (max-width: 1024px) 100vw, 1024px\" \/><\/a><p id=\"caption-attachment-44076\" class=\"wp-caption-text\">Quique, Jes\u00fas y Joaqu\u00edn en la cima del Mont Blanc, 4.810 mts.<\/p><\/div>\n<p>Una vez m\u00e1s y aunque a\u00fan no lo hab\u00eda escrito, me maldecir\u00e9 por olvidarme traer mis gafas de vista que tanto ech\u00e9 de menos en el atardecer desde la Aiguille du Go\u00fbter y aqu\u00ed arriba. Aunque tengo pocas dioptr\u00edas en mis ojos, el poder ver mejor este espl\u00e9ndido paisaje hubiera sido un regalo de valor incalculable para mis ojos.<\/p>\n<p>Una prolongaci\u00f3n de la cumbre del Mont Blanc hac\u00eda la vertiente italiana deriva en el Mont Blanc de Courmayeur, solo unos setenta metros m\u00e1s bajo que su hermano mayor el Mont Blanc. Se observa toda la superficie glaciar que desde el Mont Blanc termina en la Aiguille du Midi y que alimentaran con sus hielos y nieves numerosos glaciares que bajan del Mont Maudit, el Mont Blanc du Tacul, el Mont Blanc y de numerosos picos y agujas derivando en glaciares y lugares ind\u00f3mitos de hielo, legendarios como el Valle Blanco, el Glaciar du G\u00e9ant (Glaciar del Gigante), Le Mer du Glace (Mar de Hielo, uno de los glaciares m\u00e1s importantes de los Alpes) y otros m\u00e1s como Le Grand Plateau, Glaciar de Bossons, Taconnaz, Brenva en la parte italiana&#8230;<\/p>\n<p>Nos sentamos para descansar y disfrutar del \u00e9xito de haber llegado a la cumbre m\u00e1s alta de los Alpes. Nos hacemos fotos. Veo a los monta\u00f1eros que se acercan por la parte del Mont Maudit. La cima no es muy extensa pero suave hac\u00eda la parte norte mirando al Mont Maudit, y algo m\u00e1s escarpada hac\u00eda el sur y oeste. Saco la camiseta de F.F. para hacernos una foto (la idea era que F.F. nos patrocinara la pr\u00f3xima expedici\u00f3n y viera que hemos llevado su nombre a lo alto del Mont Blanc y del Djebel Toubkal en Marruecos, punto culminante del Atlas, en el que ya hab\u00eda estado en el dos mil uno) Aunque al final para nada; \u00a1L\u00e1stima de \u201cpeso\u201d en la mochila y gasto de carrete!<\/p>\n<p>Ya estamos tiempo en la cumbre y Quique, como siempre, dijo de bajarse ya. Que hac\u00eda fr\u00edo y se hac\u00eda tarde. Claro, \u00e9l estaba media hora m\u00e1s que nosotros en la cumbre. Despu\u00e9s de haber descansado y disfrutado algo de la cumbre del Mont Blanc, decidimos bajar por donde hab\u00edamos subido. Ahora como est\u00e1bamos m\u00e1s descansados que subiendo, nuestros reflejos, fuerza y seguridad hab\u00edan aumentado, pero decidimos encordarnos de nuevo.<\/p>\n<div id=\"attachment_44078\" style=\"width: 1034px\" class=\"wp-caption aligncenter\"><a class=\"dt-single-image\" href=\"https:\/\/www.monta\u00f1asdelaluna.es\/wp-content\/uploads\/2002\/07\/joaquin-quique-y-jesus-en-la-cima-del-mont-blanc-4-810-mts.jpg\" data-dt-img-description=\"\"><img loading=\"lazy\" decoding=\"async\" aria-describedby=\"caption-attachment-44078\" class=\"wp-image-44078 size-large\" src=\"https:\/\/www.monta\u00f1asdelaluna.es\/wp-content\/uploads\/2002\/07\/joaquin-quique-y-jesus-en-la-cima-del-mont-blanc-4-810-mts-1024x682.jpg\" alt=\"Joaqu\u00edn, Quique y Jes\u00fas en la cima del Mont Blanc, 4.810 mts.\" width=\"1024\" height=\"682\" srcset=\"https:\/\/www.monta\u00f1asdelaluna.es\/wp-content\/uploads\/2002\/07\/joaquin-quique-y-jesus-en-la-cima-del-mont-blanc-4-810-mts-1024x682.jpg 1024w, https:\/\/www.monta\u00f1asdelaluna.es\/wp-content\/uploads\/2002\/07\/joaquin-quique-y-jesus-en-la-cima-del-mont-blanc-4-810-mts-300x200.jpg 300w, https:\/\/www.monta\u00f1asdelaluna.es\/wp-content\/uploads\/2002\/07\/joaquin-quique-y-jesus-en-la-cima-del-mont-blanc-4-810-mts.jpg 1834w\" sizes=\"auto, (max-width: 1024px) 100vw, 1024px\" \/><\/a><p id=\"caption-attachment-44078\" class=\"wp-caption-text\">Joaqu\u00edn, Quique y Jes\u00fas en la cima del Mont Blanc, 4.810 mts.<\/p><\/div>\n<div id=\"attachment_44080\" style=\"width: 1034px\" class=\"wp-caption aligncenter\"><a class=\"dt-single-image\" href=\"https:\/\/www.monta\u00f1asdelaluna.es\/wp-content\/uploads\/2002\/07\/delante-jesus-y-quique-en-la-cima-del-mont-blanc-4-810-mts.jpg\" data-dt-img-description=\"\"><img loading=\"lazy\" decoding=\"async\" aria-describedby=\"caption-attachment-44080\" class=\"wp-image-44080 size-large\" src=\"https:\/\/www.monta\u00f1asdelaluna.es\/wp-content\/uploads\/2002\/07\/delante-jesus-y-quique-en-la-cima-del-mont-blanc-4-810-mts-1024x682.jpg\" alt=\"Delante Jes\u00fas y Quique en la cima del Mont Blanc, 4.810 mts.\" width=\"1024\" height=\"682\" srcset=\"https:\/\/www.monta\u00f1asdelaluna.es\/wp-content\/uploads\/2002\/07\/delante-jesus-y-quique-en-la-cima-del-mont-blanc-4-810-mts-1024x682.jpg 1024w, https:\/\/www.monta\u00f1asdelaluna.es\/wp-content\/uploads\/2002\/07\/delante-jesus-y-quique-en-la-cima-del-mont-blanc-4-810-mts-300x200.jpg 300w, https:\/\/www.monta\u00f1asdelaluna.es\/wp-content\/uploads\/2002\/07\/delante-jesus-y-quique-en-la-cima-del-mont-blanc-4-810-mts.jpg 1834w\" sizes=\"auto, (max-width: 1024px) 100vw, 1024px\" \/><\/a><p id=\"caption-attachment-44080\" class=\"wp-caption-text\">Delante Jes\u00fas y Quique en la cima del Mont Blanc, 4.810 mts.<\/p><\/div>\n<p>La bajada fue r\u00e1pida, normal, aunque yo intentaba disfrutar al m\u00e1ximo de cada paso que daba e iba abandonando uno de mis mayores retos monta\u00f1eros. En esos momentos y en los d\u00edas precedentes no lo pens\u00e9, pero \u00a1\u00bfQu\u00e9 iba a hacer ahora? \u00bfQu\u00e9 otra cumbre m\u00e1s alta pod\u00edamos subir?! (Viendo el \u00e9xito del Mont Blanc). Las respuestas me vinieron r\u00e1pidas ayudadas por comentarios de colegas monta\u00f1eros sobre otros amigos suyos que ese mismo a\u00f1o hab\u00edan realizado una expedici\u00f3n a una lugar y a una monta\u00f1a que a mi siempre me hab\u00eda llamado la atenci\u00f3n, con lo cual fue f\u00e1cil informarse y preparar nuestra expedici\u00f3n para el dos mil tres. Aunque veo que de broma o en serio, cuando ya est\u00e1bamos en el camping de CHamonix hicimos un comentario al respecto. Creo que fue Quique quien me sigui\u00f3 en el comentario. Fue algo as\u00ed: \u201cBueno. Ya hemos subido el Mont Blanc, cumbre m\u00e1s alta de Alpes. Ahora para subir otra monta\u00f1a m\u00e1s alta deberemos salir fuera de Alpes y casi del continente\u201d. Dije yo. \u201c\u00bfQu\u00e9 monta\u00f1a m\u00e1s alta que el Mont Blanc podr\u00edamos subir?\u201d Pregunt\u00f3 Quique. \u201cEl Elbrus mide m\u00e1s de cinco mil seiscientos metros y es la monta\u00f1a m\u00e1s alta de Caucaso y de Europa&#8230;\u201d.<\/p>\n<p>De momento deb\u00edamos bajar hasta el campamento y luego ya ver\u00edamos. De bajada las vistas (ahora que pod\u00edamos levantar y ampliar la visi\u00f3n al ir bajando) eran impresionantes, sobre todo por los lugares por los que hab\u00edamos pasado: hongos y lomas de hielo rodeados por paredes y precipicios glaciares, grietas&#8230; parecen grandes bloques de un rompecabezas gigante colocados de forma desordenada y casi ca\u00f3tica pero que se mantienen y figuran un paisaje totalmente glaciar.<\/p>\n<p>Aunque estemos bajando, el cansancio ya hab\u00eda hecho mella en nosotros y la flojedad de nuestras piernas y rodillas era latente. M\u00e1s abajo volvimos a pararnos en el hongo donde hab\u00edamos hecho una de las paradas anteriores de subida, m\u00e1s arriba del Refugio Vallot. Ahora hac\u00eda algo m\u00e1s de calor y me tuve que quitar la chaqueta y dejarme el forro polar al descubierto. Tambi\u00e9n es verdad que iba s\u00faper abrigado con el forro polar de trescientos y la chaqueta. De nuevo a Jes\u00fas y a mi nos entraba el \u201csue\u00f1o de altura\u201d nada m\u00e1s tumbarnos, e incluso a Quique esta vez sinti\u00f3 algo de sue\u00f1o y se tuvo que levantar y ponerse de pie. Yo me tuve que sentar e incorporarme para no coger de nuevo el hipnotizador y placentero \u201csue\u00f1o de altura\u201d. Jes\u00fas se qued\u00f3 tumbado sobre su mochila y dejo que, por un momento, el sue\u00f1o le invadiera y dominara.<\/p>\n<div id=\"attachment_44081\" style=\"width: 2877px\" class=\"wp-caption aligncenter\"><a class=\"dt-single-image\" href=\"https:\/\/www.monta\u00f1asdelaluna.es\/wp-content\/uploads\/2002\/07\/de-izquierda-a-derecha-abajo-la-aiguille-du-midi-mont-maudit-y-mont-blanc-du-tacul-detras-aiguille-du-tour-aiguille-verte-les-droites-les-courtes-aiguille-de-triolet-aiguille-de-talefre-dent.jpg\" data-dt-img-description=\"\"><img loading=\"lazy\" decoding=\"async\" aria-describedby=\"caption-attachment-44081\" class=\"wp-image-44081 size-full\" src=\"https:\/\/www.monta\u00f1asdelaluna.es\/wp-content\/uploads\/2002\/07\/de-izquierda-a-derecha-abajo-la-aiguille-du-midi-mont-maudit-y-mont-blanc-du-tacul-detras-aiguille-du-tour-aiguille-verte-les-droites-les-courtes-aiguille-de-triolet-aiguille-de-talefre-dent.jpg\" alt=\"De izquierda a derecha: abajo la Aiguille du Midi, Mont Maudit y Mont Blanc du Tacul, detr\u00e1s Aiguille du Tour, Aiguille Verte, Les Droites, Les Courtes, Aiguille de Triolet, Aiguille de Tal\u00e8fre, Dent du Gegant y Grandes Jorasses\" width=\"2867\" height=\"1000\" srcset=\"https:\/\/www.monta\u00f1asdelaluna.es\/wp-content\/uploads\/2002\/07\/de-izquierda-a-derecha-abajo-la-aiguille-du-midi-mont-maudit-y-mont-blanc-du-tacul-detras-aiguille-du-tour-aiguille-verte-les-droites-les-courtes-aiguille-de-triolet-aiguille-de-talefre-dent.jpg 2867w, https:\/\/www.monta\u00f1asdelaluna.es\/wp-content\/uploads\/2002\/07\/de-izquierda-a-derecha-abajo-la-aiguille-du-midi-mont-maudit-y-mont-blanc-du-tacul-detras-aiguille-du-tour-aiguille-verte-les-droites-les-courtes-aiguille-de-triolet-aiguille-de-talefre-dent-300x105.jpg 300w, https:\/\/www.monta\u00f1asdelaluna.es\/wp-content\/uploads\/2002\/07\/de-izquierda-a-derecha-abajo-la-aiguille-du-midi-mont-maudit-y-mont-blanc-du-tacul-detras-aiguille-du-tour-aiguille-verte-les-droites-les-courtes-aiguille-de-triolet-aiguille-de-talefre-dent-1024x357.jpg 1024w\" sizes=\"auto, (max-width: 2867px) 100vw, 2867px\" \/><\/a><p id=\"caption-attachment-44081\" class=\"wp-caption-text\">De izquierda a derecha: abajo la Aiguille du Midi, Mont Maudit y Mont Blanc du Tacul, detr\u00e1s Aiguille du Tour, Aiguille Verte, Les Droites, Les Courtes, Aiguille de Triolet, Aiguille de Tal\u00e8fre, Dent du Gegant y Grandes Jorasses<\/p><\/div>\n<div id=\"attachment_44083\" style=\"width: 1034px\" class=\"wp-caption aligncenter\"><a class=\"dt-single-image\" href=\"https:\/\/www.monta\u00f1asdelaluna.es\/wp-content\/uploads\/2002\/07\/mont-blanc-de-courmayeur.jpg\" data-dt-img-description=\"\"><img loading=\"lazy\" decoding=\"async\" aria-describedby=\"caption-attachment-44083\" class=\"wp-image-44083 size-large\" src=\"https:\/\/www.monta\u00f1asdelaluna.es\/wp-content\/uploads\/2002\/07\/mont-blanc-de-courmayeur-1024x682.jpg\" alt=\"Mont Blanc de Courmayeur\" width=\"1024\" height=\"682\" srcset=\"https:\/\/www.monta\u00f1asdelaluna.es\/wp-content\/uploads\/2002\/07\/mont-blanc-de-courmayeur-1024x682.jpg 1024w, https:\/\/www.monta\u00f1asdelaluna.es\/wp-content\/uploads\/2002\/07\/mont-blanc-de-courmayeur-300x200.jpg 300w, https:\/\/www.monta\u00f1asdelaluna.es\/wp-content\/uploads\/2002\/07\/mont-blanc-de-courmayeur.jpg 1832w\" sizes=\"auto, (max-width: 1024px) 100vw, 1024px\" \/><\/a><p id=\"caption-attachment-44083\" class=\"wp-caption-text\">Mont Blanc de Courmayeur<\/p><\/div>\n<p>Era incre\u00edble. Te parabas a descansar en la parte del camino que te pararas y siempre ve\u00edas gente que sub\u00eda, que bajaba. Era una inmensa \u201cromer\u00eda\u201d internacional la subida al Mont Blanc. Es una monta\u00f1a en la que nunca te encuentras solo.<\/p>\n<p>Debemos bajar. A partir de este momento guardamos la cuerda. Nos desencordamos ya que los tramos parecen m\u00e1s f\u00e1ciles (menos la primera rampa de bajada) y la cuerda ya m\u00e1s que ayudar, estorba. All\u00e1 abajo se ve\u00eda el Refugio Vallot por el que deb\u00edamos pasar. Antes de llegar nos topamos con unos espa\u00f1oles que estaban subiendo ahora. \u00a1Que locos! Era ya muy tarde para subir al Mont Blanc y se les ve\u00eda, a algunos de ellos, muy cansados. No s\u00e9 si llegar\u00edan arriba. Quique y Jes\u00fas que bajaban algo m\u00e1s adelantados que yo, ya que me entreten\u00eda haciendo fotos y disfrutando de paisaje, fueron los que hablaron con ellos, supongo que sobre la subida a la cumbre.<\/p>\n<p>Ya cerca del Refugio Vallot era un recorrido suave. En el refugio no paramos y seguimos hac\u00eda la D\u00f4me du Go\u00fbter. M\u00e1s abajo del collado entre la D\u00f4me du Go\u00fbter y la loma donde se encuentra el Refugio Vallot, mirando hac\u00eda el norte y el Valle de CHamonix, hab\u00edan un par de tiendas casi escondidas entre las laderas del glaciar. Pens\u00e1bamos que ah\u00ed si que deb\u00edan de haber pasado bastante fr\u00edo por estar a m\u00e1s altura, pero estaban al abrigo del fuerte viento que nos azot\u00f3 a nosotros la noche anterior.<\/p>\n<div id=\"attachment_44086\" style=\"width: 1034px\" class=\"wp-caption aligncenter\"><a class=\"dt-single-image\" href=\"https:\/\/www.monta\u00f1asdelaluna.es\/wp-content\/uploads\/2002\/07\/bajando-del-mont-blanc-el-refugio-vallot-en-el-centro-y-arriba-la-dome-du-gouter.jpg\" data-dt-img-description=\"\"><img loading=\"lazy\" decoding=\"async\" aria-describedby=\"caption-attachment-44086\" class=\"wp-image-44086 size-large\" src=\"https:\/\/www.monta\u00f1asdelaluna.es\/wp-content\/uploads\/2002\/07\/bajando-del-mont-blanc-el-refugio-vallot-en-el-centro-y-arriba-la-dome-du-gouter-1024x681.jpg\" alt=\"Bajando del Mont Blanc, el Refugio Vallot en el centro y arriba la D\u00f4me du Go\u00fbter\" width=\"1024\" height=\"681\" srcset=\"https:\/\/www.monta\u00f1asdelaluna.es\/wp-content\/uploads\/2002\/07\/bajando-del-mont-blanc-el-refugio-vallot-en-el-centro-y-arriba-la-dome-du-gouter-1024x681.jpg 1024w, https:\/\/www.monta\u00f1asdelaluna.es\/wp-content\/uploads\/2002\/07\/bajando-del-mont-blanc-el-refugio-vallot-en-el-centro-y-arriba-la-dome-du-gouter-300x199.jpg 300w, https:\/\/www.monta\u00f1asdelaluna.es\/wp-content\/uploads\/2002\/07\/bajando-del-mont-blanc-el-refugio-vallot-en-el-centro-y-arriba-la-dome-du-gouter.jpg 1837w\" sizes=\"auto, (max-width: 1024px) 100vw, 1024px\" \/><\/a><p id=\"caption-attachment-44086\" class=\"wp-caption-text\">Bajando del Mont Blanc, el Refugio Vallot en el centro y arriba la D\u00f4me du Go\u00fbter<\/p><\/div>\n<p>En la D\u00f4me du Go\u00fbter vimos la Aiguille du Go\u00fbter all\u00e1 abajo, muy lejos. Coronada por enormes hongos de hielo redondeados y blancos de nieve. Con la vertiente norte terminada en quebradizas rimayas, grietas y precipicios de hielo. La bajada a la Aiguille du Go\u00fbter se hac\u00eda eterna, igual que cuando sub\u00edamos. La nieve estaba en este tramo m\u00e1s blanda y te hac\u00eda zuecos en las botas con los crampones puestos. No llev\u00e1bamos \u201canti-bo\u201d, que a partir de este viaje nos lo comprar\u00edamos. M\u00e1s abajo el Valle de L\u2019Arve, detr\u00e1s de la Aiguille du Go\u00fbter; la civilizaci\u00f3n, casas, carreteras&#8230; nada que ver con lo que hab\u00eda aqu\u00ed arriba. La bajada hubiera sido un tanto larga, aburrida muy mon\u00f3tona si no fuera por la magn\u00edfica vista de la Aiguille de Bionnassay que quedaba a nuestra izquierda. Esbelta, bella, con un fondo de peque\u00f1as monta\u00f1as, valles y verdes prados. Con sus seracs en su ladera norte y sus peque\u00f1os glaciares colgantes en unas laderas verticales blancas de nieve, manchadas por alg\u00fan que otro escarpe de rocas. Su ladera sur m\u00e1s empinada, escarpada con menos nieve y ning\u00fan glaciar, contrastaba bellamente con su cara norte. Su cumbre, como el cordal que la un\u00eda a la D\u00f4me du Go\u00fbter, una afilada cresta de nieve y hielo con vertiginosas pendientes. En el otro lado su cresta bajaba altura para convertirse en puntiagudas agujas y espolones de paredes y vertientes vertiginosas. Realmente una visi\u00f3n tan bella que podr\u00eda estar horas describi\u00e9ndola. De hecho no malgastar\u00eda ninguna foto cuando se la hiciera a esta aguja. La Aiguille de Bionnassay.<\/p>\n<p>M\u00e1s abajo, cerca del campamento y de la Aiguille du Go\u00fbter, la nieve molestaba incre\u00edblemente al hacer zueco en la bota y cada pocos pasos deb\u00edamos quit\u00e1rnosla con un golpe de piolet o de la bota del pie contrario. Ya que, la acumulaci\u00f3n de nieve en la suela hace que \u00e9sta se adhiera menos al camino y los crampones sean menos eficaces, de modo que te resbalabas con frecuencia. Hac\u00eda m\u00e1s calor cuanto m\u00e1s baj\u00e1bamos, normal, y ya ten\u00eda las piernas cargadas, mareadas, debilitadas&#8230; de tanto y tanto andar sin apenas descansar ese d\u00eda; pero al final recortamos la crestecilla de la Aiguille du Go\u00fbter y llegamos al campamento. Ten\u00eda ganas de descansar de verdad, agotado profundamente pero satisfecho, muy satisfecho por haber logrado conquistar el Mont Blanc cuando las expectativas no eran nada halag\u00fce\u00f1as. El descanso era muy merecido. La alegr\u00eda de haber llegado bien, haber subido, cuando todo parec\u00eda que se pon\u00eda en contra; era incre\u00edble. Quiz\u00e1s mi agotamiento y cansancio evitaba que expresara, exteriorizara mi \u00e9xito, mi regocijo pero, al fin, hab\u00edamos estado en la cumbre del Mont Blanc.<\/p>\n<div id=\"attachment_44088\" style=\"width: 1034px\" class=\"wp-caption aligncenter\"><a class=\"dt-single-image\" href=\"https:\/\/www.monta\u00f1asdelaluna.es\/wp-content\/uploads\/2002\/07\/joaquin-y-jesus-descansando-en-la-bajada-del-mont-blanc.jpg\" data-dt-img-description=\"\"><img loading=\"lazy\" decoding=\"async\" aria-describedby=\"caption-attachment-44088\" class=\"wp-image-44088 size-large\" src=\"https:\/\/www.monta\u00f1asdelaluna.es\/wp-content\/uploads\/2002\/07\/joaquin-y-jesus-descansando-en-la-bajada-del-mont-blanc-1024x683.jpg\" alt=\"Joaqu\u00edn y Jes\u00fas descansando en la bajada del Mont Blanc\" width=\"1024\" height=\"683\" srcset=\"https:\/\/www.monta\u00f1asdelaluna.es\/wp-content\/uploads\/2002\/07\/joaquin-y-jesus-descansando-en-la-bajada-del-mont-blanc-1024x683.jpg 1024w, https:\/\/www.monta\u00f1asdelaluna.es\/wp-content\/uploads\/2002\/07\/joaquin-y-jesus-descansando-en-la-bajada-del-mont-blanc-300x200.jpg 300w, https:\/\/www.monta\u00f1asdelaluna.es\/wp-content\/uploads\/2002\/07\/joaquin-y-jesus-descansando-en-la-bajada-del-mont-blanc.jpg 1834w\" sizes=\"auto, (max-width: 1024px) 100vw, 1024px\" \/><\/a><p id=\"caption-attachment-44088\" class=\"wp-caption-text\">Joaqu\u00edn y Jes\u00fas descansando en la bajada del Mont Blanc<\/p><\/div>\n<div id=\"attachment_44089\" style=\"width: 1034px\" class=\"wp-caption aligncenter\"><a class=\"dt-single-image\" href=\"https:\/\/www.monta\u00f1asdelaluna.es\/wp-content\/uploads\/2002\/07\/bajando-al-refugio-vallot.jpg\" data-dt-img-description=\"\"><img loading=\"lazy\" decoding=\"async\" aria-describedby=\"caption-attachment-44089\" class=\"wp-image-44089 size-large\" src=\"https:\/\/www.monta\u00f1asdelaluna.es\/wp-content\/uploads\/2002\/07\/bajando-al-refugio-vallot-1024x681.jpg\" alt=\"Bajando al Refugio Vallot\" width=\"1024\" height=\"681\" srcset=\"https:\/\/www.monta\u00f1asdelaluna.es\/wp-content\/uploads\/2002\/07\/bajando-al-refugio-vallot-1024x681.jpg 1024w, https:\/\/www.monta\u00f1asdelaluna.es\/wp-content\/uploads\/2002\/07\/bajando-al-refugio-vallot-300x200.jpg 300w, https:\/\/www.monta\u00f1asdelaluna.es\/wp-content\/uploads\/2002\/07\/bajando-al-refugio-vallot.jpg 1836w\" sizes=\"auto, (max-width: 1024px) 100vw, 1024px\" \/><\/a><p id=\"caption-attachment-44089\" class=\"wp-caption-text\">Bajando al Refugio Vallot<\/p><\/div>\n<p>Ya junto a nuestras tiendas esper\u00e1bamos que Fernando saliera y se acercara a recibirnos, pero no lo ve\u00edamos por all\u00ed. Por el contrario, nuestros vecinos que pasaron tan mala noche ya no estaban all\u00ed, y otras tiendas y monta\u00f1eros ocupaban su lugar. Subiendo, en una especie de vivaque hecho en forma de muro circular de bloques de nieve, hab\u00eda unos orientales (no sabemos si chinos, japoneses&#8230;) que sin tienda, solo con sus sacos y fundas, hab\u00edan pasado la noche. \u00c9stos ahora tampoco estaban.<\/p>\n<p>Pensando que Fernando est\u00e1 dentro de la tienda descansando, dejo la mochila y la abro. Cual fue mi sorpresa que ni estaba Fernando, ni su mochila, ni su saco, ni nada suyo. Antes pens\u00e1bamos que habr\u00eda ido a dar una vuelta o al refugio, pero no, Fernando hab\u00eda abandonado el campamento y se hab\u00eda bajado al fondo del valle. Tal era su inestabilidad psicol\u00f3gica y emocional que no pod\u00eda ni aguantar el estar all\u00ed arriba en la Aiguille du Go\u00fbter. Al principio no sab\u00eda que pensar. Me dej\u00f3 desconcertado al no encontrarlo all\u00ed. Pensaba que ten\u00eda que estar muy enfadado por lo que ocurri\u00f3 o que quer\u00eda olvidarlo todo y al no soportar estar all\u00ed, se baj\u00f3 corriendo. No s\u00e9. Al poco tiempo y encendiendo mi tel\u00e9fono m\u00f3vil Fernando me mand\u00f3 dos mensajes dando explicaciones y que estaba bien. Al final dejamos de preocuparnos y de sorprendernos por lo acontecido y seguimos desequip\u00e1ndonos. Quiz\u00e1s pens\u00e9 que al otro d\u00eda deb\u00eda llevar la tienda entera yo solo para abajo, y me indign\u00e9 algo con el comportamiento de Fernando. Pero poco despu\u00e9s se me disip\u00f3 la indignaci\u00f3n al pensar que deb\u00eda de estar muy mal y muy \u201checho polvo\u201d para decidir dejarlo todo y bajarse corriendo; me dio algo de l\u00e1stima.<\/p>\n<div id=\"attachment_44091\" style=\"width: 1880px\" class=\"wp-caption aligncenter\"><a class=\"dt-single-image\" href=\"https:\/\/www.monta\u00f1asdelaluna.es\/wp-content\/uploads\/2002\/07\/quique-bajando-a-la-aiguille-du-gouter-delante-la-aiguille-du-bionnassay.jpg\" data-dt-img-description=\"\"><img loading=\"lazy\" decoding=\"async\" aria-describedby=\"caption-attachment-44091\" class=\"wp-image-44091 size-full\" src=\"https:\/\/www.monta\u00f1asdelaluna.es\/wp-content\/uploads\/2002\/07\/quique-bajando-a-la-aiguille-du-gouter-delante-la-aiguille-du-bionnassay.jpg\" alt=\"Quique bajando a la Aiguille du Go\u00fbter, delante la Aiguille du Bionnassay\" width=\"1870\" height=\"1255\" srcset=\"https:\/\/www.monta\u00f1asdelaluna.es\/wp-content\/uploads\/2002\/07\/quique-bajando-a-la-aiguille-du-gouter-delante-la-aiguille-du-bionnassay.jpg 1870w, https:\/\/www.monta\u00f1asdelaluna.es\/wp-content\/uploads\/2002\/07\/quique-bajando-a-la-aiguille-du-gouter-delante-la-aiguille-du-bionnassay-300x201.jpg 300w, https:\/\/www.monta\u00f1asdelaluna.es\/wp-content\/uploads\/2002\/07\/quique-bajando-a-la-aiguille-du-gouter-delante-la-aiguille-du-bionnassay-1024x687.jpg 1024w\" sizes=\"auto, (max-width: 1870px) 100vw, 1870px\" \/><\/a><p id=\"caption-attachment-44091\" class=\"wp-caption-text\">Quique bajando a la Aiguille du Go\u00fbter, delante la Aiguille du Bionnassay<\/p><\/div>\n<p>Eran alrededor de las cinco de la tarde (las diecisiete horas) cuando llegamos al campamento. Hab\u00edan nubes altas que nublaban un poco al sol y daba la impresi\u00f3n de atardecer y ensombrecer lo que quedaba de d\u00eda, que junto al cansancio daban unas ganas de acostarse enormes. Hab\u00eda muy pocas nubes por el oeste. Acompa\u00f1\u00e9 a Quique al refugio para comprar agua y peguntar por la meteorolog\u00eda de ma\u00f1ana. Uno de los guardas apenas sab\u00eda espa\u00f1ol y casi deb\u00edamos entendernos en un \u201cespaninglish\u201d muy dudoso. Me pareci\u00f3 m\u00e1s que nunca que a los espa\u00f1oles all\u00ed nos tomaban como gente que no merec\u00edamos tratarnos como igual que cualquier monta\u00f1ero o persona all\u00ed arriba y en el resto de los Alpes. No nos ten\u00edan tanta consideraci\u00f3n como a cualquier otro monta\u00f1ero residente en Europa. Quiz\u00e1s para ellos los monta\u00f1eros espa\u00f1oles en los Alpes no merec\u00edamos la atenci\u00f3n y aprecio del resto de europeos, sobre todo de los residentes en los Alpes y cercan\u00edas. Nos pareci\u00f3 que para ellos \u00e9ramos monta\u00f1eros \u201ctercermundistas\u201d. Monta\u00f1eros de segunda clase. Desde luego no por causa de nuestro simp\u00e1tico, agradable y amable guarda de la Aiguille du Go\u00fbter con el que hablamos, que era la excepci\u00f3n que cumpl\u00eda la regla. Era de forma general en los pa\u00edses alpinos. Quiz\u00e1s tambi\u00e9n es por que ellos son as\u00ed. No tienen la suerte de haber nacido en una tierra tan completa e inigualable, alegre, c\u00e1lida y soleada como Espa\u00f1a y ser tan abiertos, extrovertidos y cordiales como nosotros. \u201cPobrecillos\u201d.<\/p>\n<p>Vi como era el refugio por dentro y me dio la impresi\u00f3n de \u201ccuchitril\u201d abarrotado de gente (aunque aqu\u00ed, a esta altura y en este lugar es un lujo), tambi\u00e9n es verdad que no me fij\u00e9 mucho. Estuvimos poco tiempo. Cogimos el agua y la informaci\u00f3n y subimos a nuestras tiendas. \u00a1Vaya p\u00faa! Lo que cuesta aqu\u00ed el agua. \u00a1Como si fuera whiskey!<\/p>\n<div id=\"attachment_44092\" style=\"width: 1034px\" class=\"wp-caption aligncenter\"><a class=\"dt-single-image\" href=\"https:\/\/www.monta\u00f1asdelaluna.es\/wp-content\/uploads\/2002\/07\/bajando-de-la-dome-du-gouter-a-la-aiguille-du-gouter.jpg\" data-dt-img-description=\"\"><img loading=\"lazy\" decoding=\"async\" aria-describedby=\"caption-attachment-44092\" class=\"wp-image-44092 size-large\" src=\"https:\/\/www.monta\u00f1asdelaluna.es\/wp-content\/uploads\/2002\/07\/bajando-de-la-dome-du-gouter-a-la-aiguille-du-gouter-1024x682.jpg\" alt=\"Bajando de la D\u00f4me du Go\u00fbter a la Aiguille du Go\u00fbter\" width=\"1024\" height=\"682\" srcset=\"https:\/\/www.monta\u00f1asdelaluna.es\/wp-content\/uploads\/2002\/07\/bajando-de-la-dome-du-gouter-a-la-aiguille-du-gouter-1024x682.jpg 1024w, https:\/\/www.monta\u00f1asdelaluna.es\/wp-content\/uploads\/2002\/07\/bajando-de-la-dome-du-gouter-a-la-aiguille-du-gouter-300x200.jpg 300w, https:\/\/www.monta\u00f1asdelaluna.es\/wp-content\/uploads\/2002\/07\/bajando-de-la-dome-du-gouter-a-la-aiguille-du-gouter.jpg 1832w\" sizes=\"auto, (max-width: 1024px) 100vw, 1024px\" \/><\/a><p id=\"caption-attachment-44092\" class=\"wp-caption-text\">Bajando de la D\u00f4me du Go\u00fbter a la Aiguille du Go\u00fbter<\/p><\/div>\n<div id=\"attachment_44093\" style=\"width: 1034px\" class=\"wp-caption aligncenter\"><a class=\"dt-single-image\" href=\"https:\/\/www.monta\u00f1asdelaluna.es\/wp-content\/uploads\/2002\/07\/llegando-al-campamento-en-la-aiguille-du-gouter-3-863-mts-a-su-izquierda-queda-su-refugio.jpg\" data-dt-img-description=\"\"><img loading=\"lazy\" decoding=\"async\" aria-describedby=\"caption-attachment-44093\" class=\"wp-image-44093 size-large\" src=\"https:\/\/www.monta\u00f1asdelaluna.es\/wp-content\/uploads\/2002\/07\/llegando-al-campamento-en-la-aiguille-du-gouter-3-863-mts-a-su-izquierda-queda-su-refugio-1024x683.jpg\" alt=\"Llegando al campamento en la Aiguille du Go\u00fbter, 3.863 mts., a su izquierda queda su refugio\" width=\"1024\" height=\"683\" srcset=\"https:\/\/www.monta\u00f1asdelaluna.es\/wp-content\/uploads\/2002\/07\/llegando-al-campamento-en-la-aiguille-du-gouter-3-863-mts-a-su-izquierda-queda-su-refugio-1024x683.jpg 1024w, https:\/\/www.monta\u00f1asdelaluna.es\/wp-content\/uploads\/2002\/07\/llegando-al-campamento-en-la-aiguille-du-gouter-3-863-mts-a-su-izquierda-queda-su-refugio-300x200.jpg 300w, https:\/\/www.monta\u00f1asdelaluna.es\/wp-content\/uploads\/2002\/07\/llegando-al-campamento-en-la-aiguille-du-gouter-3-863-mts-a-su-izquierda-queda-su-refugio.jpg 1834w\" sizes=\"auto, (max-width: 1024px) 100vw, 1024px\" \/><\/a><p id=\"caption-attachment-44093\" class=\"wp-caption-text\">Llegando al campamento en la Aiguille du Go\u00fbter, 3.863 mts., a su izquierda queda su refugio<\/p><\/div>\n<p>Admir\u00e9 al paisaje casi por \u00faltima vez. All\u00e1 estaba en primer plano la Aiguille du Midi con un pijama de rayas por el intervalo de sol y nubes en el reflejo de sus barrancos, glaciares, agujas, nieve y \u201ctorreones\u201d de puntiaguda forma. Hice algunas fotos. No salieron tan bonitas como las del atardecer del d\u00eda anterior. Me met\u00ed en mi solitaria tienda. El viento no era ni la mitad de fuerte que el de la noche anterior, aunque ya daba lo mismo, el sue\u00f1o y el cansancio eran tal que me daba lo mismo que hubiera un hurac\u00e1n para dormirme como un verdadero tronco.<\/p>\n<p>Mis dos compa\u00f1eros ya se hab\u00edan metido en su tienda y se propon\u00edan cenar prepar\u00e1ndose una sopa. Me dijeron que si quer\u00eda tomar algo con ellos y que deber\u00eda tomar algo, pero yo no pod\u00eda ni masticar. Creo que com\u00ed algo, muy poco, y en seguida me met\u00ed en mi calentito, c\u00f3modo y esponjado saco. Ahora ten\u00eda toda la tienda para m\u00ed. Rec\u00e9 para que no ocurriera lo mismo que la noche pasada y pudiera dormir mejor. Una vez dentro del saco, todo fue apaciblemente r\u00e1pido. Cerr\u00e9 los ojos cuando a\u00fan hab\u00eda luz en el exterior y ni si quiera estaba atardeciendo. Mi cansancio y sue\u00f1o eran tal que no ten\u00eda ganas de hablar, solo de dormir, callar y no moverme. Creo que fue cuesti\u00f3n, no de minutos, si no de segundos. En seguida ca\u00ed en un sue\u00f1o profundo, apacible y duradero.<\/p>\n<div id=\"attachment_17522\" style=\"width: 762px\" class=\"wp-caption aligncenter\"><a class=\"dt-single-image\" href=\"https:\/\/www.monta\u00f1asdelaluna.es\/wp-content\/uploads\/2002\/07\/Mont-Blanc-001.blog_.croquis.jpg\" data-dt-img-description=\"\"><img loading=\"lazy\" decoding=\"async\" aria-describedby=\"caption-attachment-17522\" class=\"wp-image-17522 size-full\" src=\"https:\/\/www.monta\u00f1asdelaluna.es\/wp-content\/uploads\/2002\/07\/Mont-Blanc-001.blog_.croquis.jpg\" alt=\"Croquis de la ascensi\u00f3n al Mont Blanc\" width=\"752\" height=\"739\" srcset=\"https:\/\/www.monta\u00f1asdelaluna.es\/wp-content\/uploads\/2002\/07\/Mont-Blanc-001.blog_.croquis.jpg 752w, https:\/\/www.monta\u00f1asdelaluna.es\/wp-content\/uploads\/2002\/07\/Mont-Blanc-001.blog_.croquis-300x295.jpg 300w\" sizes=\"auto, (max-width: 752px) 100vw, 752px\" \/><\/a><p id=\"caption-attachment-17522\" class=\"wp-caption-text\">Croquis de la ascensi\u00f3n al Mont Blanc<\/p><\/div>\n<p>[\/vc_column_text][\/vc_column][\/vc_row][vc_row][vc_column][vc_empty_space height=\u00bb60px\u00bb][\/vc_column][\/vc_row][vc_row][vc_column][vc_cta h2=\u00bb\u00c1lbum de fotos\u00bb txt_align=\u00bbcenter\u00bb add_button=\u00bbbottom\u00bb btn_title=\u00bbVer fotos\u00bb btn_color=\u00bbwarning\u00bb btn_align=\u00bbcenter\u00bb btn_link=\u00bburl:https%3A%2F%2Fmonta%C3%B1asdelaluna.es%2F%3Fdt_gallery%3Dmont-blanc-2-002|title:Mont%20Blanc%20(4.810%20mts.)|target:_blank\u00bb css=\u00bb.vc_custom_1625648998219{background-color: #8bc4ed !important;}\u00bb]Puedes ver todas las fotos del relato y actividad en forma de presentaci\u00f3n o individuales pinchando aqui \u00a1No te las pierdas![\/vc_cta][\/vc_column][\/vc_row][vc_row][vc_column][vc_empty_space height=\u00bb60px\u00bb][\/vc_column][\/vc_row][vc_row][vc_column width=\u00bb1\/3&#8243;][\/vc_column][vc_column width=\u00bb1\/2&#8243;][vc_raw_html]JTNDaWZyYW1lJTIwc3JjJTNEJTIyaHR0cHMlM0ElMkYlMkZ3d3cubWV0ZW9ibHVlLmNvbSUyRmVzJTJGdGllbXBvJTJGd2lkZ2V0JTJGZGFpbHklMkZtb250LWJsYW5jX2ZyYW5jaWFfMzE4MTk4NiUzRmRheXMlM0Q3JTI2dGVtcHVuaXQlM0RDRUxTSVVTJTI2d2luZHVuaXQlM0RLSUxPTUVURVJfUEVSX0hPVVIlMjZwaWN0b2ljb24lM0QxJTI2bWF4dGVtcGVyYXR1cmUlM0QxJTI2bWludGVtcGVyYXR1cmUlM0QxJTI2d2luZHNwZWVkJTNEMSUyNndpbmRndXN0JTNEMSUyNndpbmRkaXJlY3Rpb24lM0QxJTI2cHJlY2lwaXRhdGlvbiUzRDElMjZwcmVjaXBpdGF0aW9ucHJvYmFiaWxpdHklM0QxJTI2c3BvdCUzRDElMjZwcmVzc3VyZSUzRDElMjZsYXlvdXQlM0RsaWdodCUyMiUyMCUyMGZyYW1lYm9yZGVyJTNEJTIyMCUyMiUyMHNjcm9sbGluZyUzRCUyMk5PJTIyJTIwYWxsb3d0cmFuc3BhcmVuY3klM0QlMjJ0cnVlJTIyJTIwc3R5bGUlM0QlMjJ3aWR0aCUzQSUyMDM3OHB4JTNCaGVpZ2h0JTNBJTIwMzgxcHglMjIlM0UlM0MlMkZpZnJhbWUlM0UlM0NkaXYlM0UlM0MlMjEtLSUyMERPJTIwTk9UJTIwUkVNT1ZFJTIwVEhJUyUyMExJTkslMjAtLSUzRSUzQ2ElMjBocmVmJTNEJTIyaHR0cHMlM0ElMkYlMkZ3d3cubWV0ZW9ibHVlLmNvbSUyRmVzJTJGdGllbXBvJTJGcHJvbm9zdGljbyUyRnNlbWFuYSUyRm1vbnQtYmxhbmNfZnJhbmNpYV8zMTgxOTg2JTIyJTIwdGFyZ2V0JTNEJTIyX2JsYW5rJTIyJTNFbWV0ZW9ibHVlJTNDJTJGYSUzRSUzQyUyRmRpdiUzRQ==[\/vc_raw_html][\/vc_column][vc_column width=\u00bb1\/5&#8243;][\/vc_column][\/vc_row]<\/p>\n","protected":false},"excerpt":{"rendered":"<p>[vc_row][vc_column][vc_column_text]Ya era madrugada y el viento no paraba en su fuerza, en su empuje. Dentro de lo malo lleg\u00f3 un momento en que la fuerza no fue a m\u00e1s pero tampoco a menos. Despu\u00e9s de muchos minutos mis manos y brazos estaban \u201chelados\u201d al tenerlos fuera del saco, y decid\u00ed dejar la tienda y \u201cque&hellip;<\/p>\n","protected":false},"author":1,"featured_media":44091,"comment_status":"open","ping_status":"open","sticky":false,"template":"","format":"standard","meta":[],"categories":[38],"tags":[],"class_list":["post-17519","post","type-post","status-publish","format-standard","has-post-thumbnail","hentry","category-montblanc","category-38","description-off"],"_links":{"self":[{"href":"https:\/\/www.monta\u00f1asdelaluna.es\/index.php?rest_route=\/wp\/v2\/posts\/17519","targetHints":{"allow":["GET"]}}],"collection":[{"href":"https:\/\/www.monta\u00f1asdelaluna.es\/index.php?rest_route=\/wp\/v2\/posts"}],"about":[{"href":"https:\/\/www.monta\u00f1asdelaluna.es\/index.php?rest_route=\/wp\/v2\/types\/post"}],"author":[{"embeddable":true,"href":"https:\/\/www.monta\u00f1asdelaluna.es\/index.php?rest_route=\/wp\/v2\/users\/1"}],"replies":[{"embeddable":true,"href":"https:\/\/www.monta\u00f1asdelaluna.es\/index.php?rest_route=%2Fwp%2Fv2%2Fcomments&post=17519"}],"version-history":[{"count":17,"href":"https:\/\/www.monta\u00f1asdelaluna.es\/index.php?rest_route=\/wp\/v2\/posts\/17519\/revisions"}],"predecessor-version":[{"id":49875,"href":"https:\/\/www.monta\u00f1asdelaluna.es\/index.php?rest_route=\/wp\/v2\/posts\/17519\/revisions\/49875"}],"wp:featuredmedia":[{"embeddable":true,"href":"https:\/\/www.monta\u00f1asdelaluna.es\/index.php?rest_route=\/wp\/v2\/media\/44091"}],"wp:attachment":[{"href":"https:\/\/www.monta\u00f1asdelaluna.es\/index.php?rest_route=%2Fwp%2Fv2%2Fmedia&parent=17519"}],"wp:term":[{"taxonomy":"category","embeddable":true,"href":"https:\/\/www.monta\u00f1asdelaluna.es\/index.php?rest_route=%2Fwp%2Fv2%2Fcategories&post=17519"},{"taxonomy":"post_tag","embeddable":true,"href":"https:\/\/www.monta\u00f1asdelaluna.es\/index.php?rest_route=%2Fwp%2Fv2%2Ftags&post=17519"}],"curies":[{"name":"wp","href":"https:\/\/api.w.org\/{rel}","templated":true}]}}