{"id":17546,"date":"2002-07-25T16:44:47","date_gmt":"2002-07-25T16:44:47","guid":{"rendered":"http:\/\/monta\u00f1asdelaluna.com\/?p=17546"},"modified":"2021-07-13T22:39:01","modified_gmt":"2021-07-13T22:39:01","slug":"mont-blanc-resto-del-viaje","status":"publish","type":"post","link":"https:\/\/www.monta\u00f1asdelaluna.es\/?p=17546","title":{"rendered":"Mont Blanc. Resto del viaje"},"content":{"rendered":"<p>[vc_row][vc_column][vc_column_text]Al otro d\u00eda mal tiempo. No llov\u00eda a\u00fan pero el cielo estaba totalmente encapotado. No se ve\u00eda nada del macizo del Mont Blanc a m\u00e1s de tres mil, tres mil quinientos metros. Era d\u00eda para hacer algunas visitas por CHamonix y el valle, hacer las compras para reabastecernos y descansar.<\/p>\n<p>As\u00ed pues decidimos visitar alg\u00fan telef\u00e9rico y ver el valle desde las alturas (aunque con mal tiempo poco \u00edbamos a ver). Subir a la Aiguille du Midi es tonter\u00eda ya que el telef\u00e9rico es engullido por las espesas nubes antes de llegar a la cima de la aguja. As\u00ed que despu\u00e9s de visitar algo m\u00e1s CHamonix y casi a \u00faltima hora del d\u00eda (en Espa\u00f1a ser\u00eda principio de la tarde, ya que aqu\u00ed cierran a las cinco de la tarde casi todas las instalaciones) decidimos visitar y subir a Le Brevent en el macizo de las agujas Rojas a unos dos mil quinientos metros justo encima del mismo CHamonix. La idea de subir aqu\u00ed es que ser\u00eda un magn\u00edfico mirador sobre el macizo del Mont Blanc aunque por culpa del mal tiempo y las nubes no ver\u00edamos mucho.<\/p>\n<div id=\"attachment_17549\" style=\"width: 759px\" class=\"wp-caption aligncenter\"><a class=\"dt-single-image\" href=\"https:\/\/www.monta\u00f1asdelaluna.es\/wp-content\/uploads\/2002\/07\/Mont-blanc-3.blog_.croquis1.jpg\" data-dt-img-description=\"\"><img loading=\"lazy\" decoding=\"async\" aria-describedby=\"caption-attachment-17549\" class=\"wp-image-17549 size-full\" src=\"https:\/\/www.monta\u00f1asdelaluna.es\/wp-content\/uploads\/2002\/07\/Mont-blanc-3.blog_.croquis1.jpg\" alt=\"Croquis de la visita a Le Brevent. L\u00ednea negra: telef\u00e9rico.\" width=\"749\" height=\"1008\" srcset=\"https:\/\/www.monta\u00f1asdelaluna.es\/wp-content\/uploads\/2002\/07\/Mont-blanc-3.blog_.croquis1.jpg 749w, https:\/\/www.monta\u00f1asdelaluna.es\/wp-content\/uploads\/2002\/07\/Mont-blanc-3.blog_.croquis1-223x300.jpg 223w\" sizes=\"auto, (max-width: 749px) 100vw, 749px\" \/><\/a><p id=\"caption-attachment-17549\" class=\"wp-caption-text\">Croquis de la visita a Le Brevent. L\u00ednea negra: telef\u00e9rico.<\/p><\/div>\n<p>Al principio cogimos un telecabina (solo cab\u00edan cuatro personas sentados) desde el mismo CHamonix a Planpraz, a unos dos mil metros. Nadie sub\u00eda ni nadie bajaba casi. \u00c9ramos los \u00fanicos \u201ctontos\u201d que sub\u00edan aqu\u00ed arriba con el d\u00eda tan malo como estaba. Pero no nos importaba, Fernando se trajo la video c\u00e1mara y seguimos la fiesta y celebraci\u00f3n sana con regocijo y alegr\u00eda de lo conseguido. Era hora de divertirse y disfrutar, y las risas y las bromas eran las notas predominantes en la subida por esta telecabina que parec\u00eda un instrumento peque\u00f1o y fr\u00e1gil comparado con el usado en Les Houches. Arriba en Planpraz deb\u00edamos coger un gran telef\u00e9rico que salvar\u00eda unos desniveles y precipicios tremendos que dejar\u00edan helado a m\u00e1s de una persona que sufriera v\u00e9rtigo o miedo a las alturas. Desde luego las probabilidades de salvarse en caso de ca\u00edda desde este telef\u00e9rico son pr\u00e1cticamente nulas. El golpe ser\u00eda bastante fuerte.<\/p>\n<p>El telef\u00e9rico que va de Planpraz a Le Brevent lo componen dos gigantescas cabinas, una a cada lado de las estaciones que se cruzan en mitad del recorrido y se mueven a la vez y a la misma velocidad. Hac\u00eda algo de fresco ya aqu\u00ed arriba. Nadie sub\u00eda con nosotros al telef\u00e9rico. Est\u00e1bamos solos en aquella inmensa cabina y las bromas y risas segu\u00edan desbord\u00e1ndonos de buen humor a pesar del mal tiempo.<\/p>\n<div id=\"attachment_44113\" style=\"width: 832px\" class=\"wp-caption aligncenter\"><a class=\"dt-single-image\" href=\"https:\/\/www.monta\u00f1asdelaluna.es\/wp-content\/uploads\/2002\/07\/joaquin-y-jesus-en-zermatt.jpg\" data-dt-img-description=\"\"><img loading=\"lazy\" decoding=\"async\" aria-describedby=\"caption-attachment-44113\" class=\"wp-image-44113 \" src=\"https:\/\/www.monta\u00f1asdelaluna.es\/wp-content\/uploads\/2002\/07\/joaquin-y-jesus-en-zermatt.jpg\" alt=\"Joaqu\u00edn y Jes\u00fas en Zermatt\" width=\"822\" height=\"1224\" srcset=\"https:\/\/www.monta\u00f1asdelaluna.es\/wp-content\/uploads\/2002\/07\/joaquin-y-jesus-en-zermatt.jpg 1230w, https:\/\/www.monta\u00f1asdelaluna.es\/wp-content\/uploads\/2002\/07\/joaquin-y-jesus-en-zermatt-202x300.jpg 202w, https:\/\/www.monta\u00f1asdelaluna.es\/wp-content\/uploads\/2002\/07\/joaquin-y-jesus-en-zermatt-688x1024.jpg 688w\" sizes=\"auto, (max-width: 822px) 100vw, 822px\" \/><\/a><p id=\"caption-attachment-44113\" class=\"wp-caption-text\">Joaqu\u00edn y Jes\u00fas en Zermatt<\/p><\/div>\n<p>A los diez o quince minutos de esperar el telef\u00e9rico, se pone en marcha sobre un desconsolador vac\u00edo hac\u00eda Le Brevent. Caen algunas gotas, no llega a llover desmesuradamente pero el mal tiempo es la nota dominante en la atm\u00f3sfera. El telef\u00e9rico se mueve a una velocidad constante. El bosque ya despareci\u00f3 a esta altura y a medida que nos acercamos al pico y la estaci\u00f3n de Le Brevent observamos los prados de la alta monta\u00f1a, el serpenteante camino recorrido por unas mountain bike que coger\u00e1n unas velocidades tremendas por el fuerte desnivel (mucha altura alcanzada en muy pocos kil\u00f3metros) que hay hasta CHamonix. Hay dos kil\u00f3metros solamente en l\u00ednea recta desde el pico Le Brevent a CHamonix y una diferencia de mil quinientos metros de desnivel, esto crea unas pendientes vertiginosas y muy pronunciadas. Cerca de la estaci\u00f3n el vac\u00edo es apreciable y vertiginoso, y observamos con detenimiento las paredes y agujas que forma la vertiente este que mira al Valle de CHamonix, sobre todo Fernando que es el miembro m\u00e1s escalador del grupo que entusiasmado descubre algunas \u201cchapas\u201d en estas lisas y atrayentes paredes lo cual dan prueba de que por aqu\u00ed suele escalar la gente. Ya arriba, la plataforma que detiene la cabina del telef\u00e9rico est\u00e1 casi suspendida en el aire. Hay un restaurante con una magn\u00edfica terraza totalmente vac\u00edo, con unas impresionantes vistas al macizo del Mont Blanc. Aunque solo se ve m\u00e1s abajo de la mitad por estar totalmente cubierto por las nubes, podemos apreciar las ca\u00eddas de sus magn\u00edficos glaciares: Bossons, Taconnaz, y de vez en cuando la Aiguille du Midi aparece y desaparece bailando entre las grises nubes. Nosotros seguimos con las bromas y los juegos. Estamos como drogados por la euforia de haber tenido \u00e9xito, por la alegr\u00eda y adrenalina que a\u00fan parece fluye por nuestras venas.<\/p>\n<p>Vemos un par de escaladores que efectivamente ven\u00edan de las paredes antes vistas: con sus cuerdas, arneses, cintas&#8230; Fernando confirma que esta aguja tiene toda la pinta de ser una escuela o entrenamiento para la escalada. Subimos a lo m\u00e1s alto, hace fr\u00edo, el viento del oeste sopla fuerte y fr\u00edo al otro lado. Podemos ver el resto del paraje con unos lagos m\u00e1s abajo, prados, bosques y valles hac\u00eda el oeste. Bonito. Pero no tan bonito despu\u00e9s de ver tan de cerca las agujas, picos, glaciares y vertientes del Macizo del Mont Blanc.<\/p>\n<p>Deb\u00edamos bajar, no estuvimos mucho tiempo y el \u00faltimo telef\u00e9rico sal\u00eda pronto. La encargada del restaurante tambi\u00e9n cerr\u00f3 y baj\u00f3 con nosotros que hicimos el mismo recorrido hac\u00eda atr\u00e1s: de Le Brevent a Planpraz, y de aqu\u00ed a CHamonix.<\/p>\n<p>Volvimos al camping, a nuestro \u201ccampamento base\u201d para preparar la cena. Esa noche, fregando los cacharros de la cena en los grifos del camping, nos encontramos con un grupo de murcianos reci\u00e9n llegados que nos estuvieron comentando sus recorridos por el Mont Blanc: en unos tres d\u00edas hab\u00edan salido de CHamonix, pasando por La Mer de Glace, el Valle Blanco (Vall\u00e9e Blanche) y llegando al Refugio des Cosmiques bajo la Aiguille du Midi para desde aqu\u00ed intentar subir al Mont Blanc, pero el mal tiempo les hizo desistir y tuvieron que bajarse. El recorrido era muy bonito y atrajo la atenci\u00f3n de Jes\u00fas sobre todo, pensando o planeando que la pr\u00f3xima vez que vengamos sea para subir por ese recorrido sin telef\u00e9rico ni tren cremallera. Yo estaba atrapado y encabezonado con la Aiguille Verte, la cual me fascin\u00f3 tanto que a\u00fan tengo ganas de subirla, y volver\u00e9 a los Alpes para intentar su subida. Ten\u00edamos claro que volver\u00edamos a Alpes para subir otras grandes monta\u00f1as y a recorrer sus hermosos valles. El \u00e9xito y la alegr\u00eda del buen termino del viaje y de haber conseguido nuestro objetivo sin ni si quiera apostar por ello, hizo que tom\u00e1ramos a los Alpes como un lugar excepcional y nos sent\u00edamos muy c\u00f3modos aqu\u00ed, y sin duda quer\u00edamos volver.<\/p>\n<div id=\"attachment_44112\" style=\"width: 1034px\" class=\"wp-caption aligncenter\"><a class=\"dt-single-image\" href=\"https:\/\/www.monta\u00f1asdelaluna.es\/wp-content\/uploads\/2002\/07\/MontBlanc-86-001.jpg\" data-dt-img-description=\"\"><img loading=\"lazy\" decoding=\"async\" aria-describedby=\"caption-attachment-44112\" class=\"wp-image-44112 size-large\" src=\"https:\/\/www.monta\u00f1asdelaluna.es\/wp-content\/uploads\/2002\/07\/MontBlanc-86-001-1024x682.jpg\" alt=\"Zermatt\" width=\"1024\" height=\"682\" srcset=\"https:\/\/www.monta\u00f1asdelaluna.es\/wp-content\/uploads\/2002\/07\/MontBlanc-86-001-1024x682.jpg 1024w, https:\/\/www.monta\u00f1asdelaluna.es\/wp-content\/uploads\/2002\/07\/MontBlanc-86-001-300x200.jpg 300w, https:\/\/www.monta\u00f1asdelaluna.es\/wp-content\/uploads\/2002\/07\/MontBlanc-86-001.jpg 1836w\" sizes=\"auto, (max-width: 1024px) 100vw, 1024px\" \/><\/a><p id=\"caption-attachment-44112\" class=\"wp-caption-text\">Zermatt<\/p><\/div>\n<p>Al d\u00eda siguiente decidimos ir a la otra \u201ccapital\u201d de los Alpes, a Zermatt en Suiza; en el mismo centro de los Alpes Peninos. Quer\u00edamos ver el monte Cervino, el Matterhorn. Este bello y m\u00edtico monte, tan famoso y legendario como el mismo Mont Blanc, pero, m\u00e1s bello. Sus perfiles tan encrespados y reales le dan la forma de una pir\u00e1mide perfecta, majestuosa, grandiosa. Casi id\u00edlica tanto en sus formas como en su subida para un escalador que quiera subir una gran monta\u00f1a por crestas, paredones y precipicios, tan bellos como peligrosos y vertiginosos. Es la monta\u00f1a perfecta para cualquier alpinista y cualquier monta\u00f1ero. Puede que sea la monta\u00f1a m\u00e1s bonita del mundo (aunque la belleza en las monta\u00f1as es algo tan relativo como personal) pero seguramente sea la m\u00e1s cautivadora de Europa (o de las que m\u00e1s).<\/p>\n<p>Saliendo de CHamonix hac\u00eda el norte, hac\u00eda la frontera con Suiza que a los pocos kil\u00f3metros atravesamos. Vallorcine y luego Trient ya en Suiza; Martigny, y ya desde aqu\u00ed coger la autopista que recorre toda la gran regi\u00f3n del Valais hasta meternos en un peque\u00f1o valle hac\u00eda el sur.<\/p>\n<p>Algunos kil\u00f3metros antes de llegar a Zermatt, paramos en el pueblo anterior de T\u00e4sch donde hay un enorme aparcamiento. El hecho es que Zermatt es una de las ciudades menos contaminadas de Europa, o al menos eso es lo que intentan, y por ello no hay coches de gasolina o gasoil; todos son el\u00e9ctricos o coches a caballos.<\/p>\n<p>El recorrido de unos diecisiete o veinte kil\u00f3metros entre T\u00e4sch y Zermatt se hace en tren. Para sacar los billetes intent\u00e9 pagar con euros; se me olvid\u00f3 que ya no est\u00e1bamos en Francia y aqu\u00ed se utiliza el franco suizo. As\u00ed que cambi\u00e9 el dinero y saqu\u00e9 los cuatro billetes. All\u00ed en la estaci\u00f3n, en el puesto de informaci\u00f3n y taquilla hab\u00eda unas pantallas de unas c\u00e1maras situadas en lo alto del valle, en Gornergrat, donde ofrec\u00eda unas panor\u00e1micas de todas las monta\u00f1as y macizos cercanos, ya que giraba cogi\u00e9ndolo todo. El tiempo no era muy bueno, era mejor que ayer pero las nubes abundaban y tapaban el Cervino, Liskamm, Monte Rosa y todos los de alrededor; pero a veces se adivinaban sus perfiles y te imaginabas sus formidables formas. Era otro magn\u00edfico paisaje alpino con sus glaciares, crestas, espolones y escarpadas vertientes. Aunque, por las nubes, no se apreciaban totalmente las vistas, ten\u00edamos suficientes para volar con la imaginaci\u00f3n e ir planeando excursiones, traves\u00edas y ascensiones. So\u00f1\u00e1bamos de nuevo con otra gran aventura.<\/p>\n<div id=\"attachment_44119\" style=\"width: 1847px\" class=\"wp-caption aligncenter\"><a class=\"dt-pswp-item\" href=\"https:\/\/www.monta\u00f1asdelaluna.es\/wp-content\/uploads\/2002\/07\/el-cervino-matterhorn-desde-zermatt.jpg\" data-dt-img-description=\"\" data-large_image_width=\"1837\" data-large_image_height=\"1227\"><img loading=\"lazy\" decoding=\"async\" aria-describedby=\"caption-attachment-44119\" class=\"wp-image-44119 size-large\" src=\"https:\/\/www.monta\u00f1asdelaluna.es\/wp-content\/uploads\/2002\/07\/el-cervino-matterhorn-desde-zermatt-1024x684.jpg\" alt=\"El Cervino desde Zermatt\" width=\"1024\" height=\"684\" srcset=\"https:\/\/www.monta\u00f1asdelaluna.es\/wp-content\/uploads\/2002\/07\/el-cervino-matterhorn-desde-zermatt-1024x684.jpg 1024w, https:\/\/www.monta\u00f1asdelaluna.es\/wp-content\/uploads\/2002\/07\/el-cervino-matterhorn-desde-zermatt-300x200.jpg 300w, https:\/\/www.monta\u00f1asdelaluna.es\/wp-content\/uploads\/2002\/07\/el-cervino-matterhorn-desde-zermatt.jpg 1837w\" sizes=\"auto, (max-width: 1024px) 100vw, 1024px\" \/><\/a><p id=\"caption-attachment-44119\" class=\"wp-caption-text\">El Cervino desde Zermatt<\/p><\/div>\n<p>El tren para en Zermatt, no va mucha gente pero ning\u00fan vag\u00f3n est\u00e1 vac\u00edo. La plaza junto a la estaci\u00f3n est\u00e1 rodeada de edificios de madera que en sus balcones hay un sinf\u00edn de macetas de flores de colores, rojas y amarillas muy llamativas. Muy bonito y alegre. Nos damos cuenta que Zermatt es muy tur\u00edstico, casi tanto o m\u00e1s que CHamonix. Innumerables carros de caballos, de carruajes con el nombre de los hoteles a los que pertenecen, llevan o esperan a sus clientes para dejarlos en su destino, los numerosos hoteles que existen en Zermatt. Todos con un dibujo, emblema o caracter\u00edstica com\u00fan: la figura del Cervino, Matterhorn, desde aqu\u00ed. Es la monta\u00f1a de Zermatt, de suiza, de los Alpes. Todo aqu\u00ed gira en torno a ella. Todo aqu\u00ed lleva el Cervino como escudo, como s\u00edmbolo.<\/p>\n<p>Tambi\u00e9n hay coches, pero el\u00e9ctricos, m\u00e1s peque\u00f1os que los convencionales. Junto a la estaci\u00f3n de tren est\u00e1 la estaci\u00f3n del tren cremallera que sube a Gornergrat (lugar de donde salen las expediciones al Monte Rosa, Liskamm, C\u00e1stor, Pollux y a los grandes glaciares que los rodean). Es una estaci\u00f3n muy moderna; me quedo perplejo ante tanta tecnolog\u00eda y modernismo aqu\u00ed, en un lugar perdido en los Alpes. Miro los billetes de subida a Gornergrat y son bastante caros. Quique es el primero que no quiere subir. Ya nos hemos gastado mucho, el billete es caro y adem\u00e1s el tiempo es malo y no veremos ninguna de las grandes\u00a0 monta\u00f1as que lo rodean. Me desilusiono y al final no subimos. Por el contrario damos una vuelta por Zermatt.<\/p>\n<p>Las casas viejas y t\u00edpicas son de madera muy acogedoras y sencillas. Algunas muy viejas sirven como monumentos del pasado ganadero y agricultor del pueblo. Pero en cada casa, cada edificio hay una barandilla, un corredor exterior, un balc\u00f3n con macetas de flores de colores muy vivos, rojo sobre todo. Es un pueblo muy bonito que a pesar de los a\u00f1os de continuo turismo ha sabido conservar su esp\u00edritu alpino solitario, sencillo, acogedor y hermoso.<\/p>\n<p>Llegamos al otro extremo del pueblo (Zermatt no es muy grande) y unos funiculares o telecabinas suben hac\u00eda la base del Cervino. Pero esta monta\u00f1a no se deja ver hoy. El cielo aunque no est\u00e1 encapotado del todo si que llega a cubrir, con sus grises y blancas nubes, la mitad de la magn\u00edfica mole del Cervino, del Matterhorn. Despu\u00e9s de estar unos minutos all\u00ed en la parada junto a las taquillas del telecabina, decidimos no subir por las mimas razones que antes. Yo casi me indigno \u00a1\u00bfA que hemos venido aqu\u00ed?! \u00a1\u00bfA no ver nada?! Pero es in\u00fatil protestar o enfadarse, adem\u00e1s en lo referente a que el Cervino est\u00e1 cubierto, tienen raz\u00f3n.<\/p>\n<div id=\"attachment_44121\" style=\"width: 1034px\" class=\"wp-caption aligncenter\"><a class=\"dt-single-image\" href=\"https:\/\/www.monta\u00f1asdelaluna.es\/wp-content\/uploads\/2002\/07\/MontBlanc-95-001.jpg\" data-dt-img-description=\"\"><img loading=\"lazy\" decoding=\"async\" aria-describedby=\"caption-attachment-44121\" class=\"wp-image-44121 size-large\" src=\"https:\/\/www.monta\u00f1asdelaluna.es\/wp-content\/uploads\/2002\/07\/MontBlanc-95-001-1024x684.jpg\" alt=\"Zermatt\" width=\"1024\" height=\"684\" srcset=\"https:\/\/www.monta\u00f1asdelaluna.es\/wp-content\/uploads\/2002\/07\/MontBlanc-95-001-1024x684.jpg 1024w, https:\/\/www.monta\u00f1asdelaluna.es\/wp-content\/uploads\/2002\/07\/MontBlanc-95-001-300x200.jpg 300w, https:\/\/www.monta\u00f1asdelaluna.es\/wp-content\/uploads\/2002\/07\/MontBlanc-95-001.jpg 1832w\" sizes=\"auto, (max-width: 1024px) 100vw, 1024px\" \/><\/a><p id=\"caption-attachment-44121\" class=\"wp-caption-text\">Zermatt<\/p><\/div>\n<p>Seg\u00fan los pron\u00f3sticos del tiempo, el d\u00eda que bajamos del Mont Blanc, el mi\u00e9rcoles, iba a empeorar paulatinamente, el jueves, el d\u00eda que subimos a Le Brevent, iba a estar malo, que fue ayer; y hoy el tiempo iba a estar mejorando poco a poco de modo que para ma\u00f1ana s\u00e1bado y los tres siguientes el sol iba a reinar en todos los Alpes sin una nube; esto \u00faltimo no lo sab\u00edamos. Es muy raro encontrarse con tres d\u00edas de buen tiempo, de muy buen tiempo seguidos en Alpes, y ese fin de semana iba a ocurrir. Por consiguiente, se supone que hoy deb\u00eda de ir mejorando el d\u00eda y poco a poco lo \u00edbamos comprobando.<\/p>\n<p>Volvimos al centro del pueblo por una calle junto al r\u00edo y nos metimos por un t\u00fanel algo largo y cil\u00edndrico que ser\u00eda la entrada a alg\u00fan hotel o balneario. Realmente no llegamos a adivinar que era aquello. Al mediod\u00eda el sol ya picaba cuando sal\u00eda de entre las nubes, y cuando se ocultaba notabas un fresco que te llegaba a los huesos. Decidimos parar en un parque junto a la iglesia y al cementerio que estaban, casualmente, restaurando y arreglando. Fernando sac\u00f3 la videoc\u00e1mara para filmar algo tan sorprendente como el viejo cementerio de Zermatt: las l\u00e1pidas en vez de cruces ten\u00edan piolets, cuerdas enrolladas, la imagen del Cervino&#8230; y nombres de gentes, monta\u00f1eros que hab\u00edan perdido la vida escalando el Cervino o que simplemente quer\u00edan que les enterraran all\u00ed, junto a la monta\u00f1a de sus sue\u00f1os. Era algo sobrecogedor que te dejaba boquiabierto, perplejo y sumamente sorprendido.<\/p>\n<p>Por detr\u00e1s del campanario de la iglesia se iba descubriendo poco a poco el Cervino. Las nubes iban y ven\u00edan alrededor de \u00e9l, por su cima, por su falda. Era lo primera vez que lo ve\u00edamos \u201ccara a cara\u201d y nos pareci\u00f3 una monta\u00f1a mucho m\u00e1s espectacular de lo que ya sab\u00edamos de ella, hab\u00edamos visto y conocido. Era majestuosamente infranqueable, alta, poderosa, dominante de Zermatt y del valle, y bella, muy bella. Los turistas cercanos a nosotros esperaban\u00a0 y miraban sentados en un banco de este parque a que la monta\u00f1a se despejase del todo y pudieran admirar el destino y sue\u00f1o de muchos hombres amantes de la monta\u00f1a y la libertad. Realmente nos quedamos maravillados ante la aparici\u00f3n, en parte, de esta monta\u00f1a. Era como un \u201cSe\u00f1or\u201d que domina todo aquello que tiene a sus pies y no se le escapa nada ante la atenta vig\u00eda de su imponente mole. Algo incre\u00edble.<\/p>\n<p>Por uno de los callejones de este t\u00edpico y tur\u00edstico pueblo, hab\u00eda una tienda en la que vend\u00edan cuadros y fotos pintadas con el \u00fanico tema del Cervino. Estos cuadros ocupaban buena parte de las paredes de madera de la tienda y de la calle, y ning\u00fan cuadro era igual a otro a\u00fan teniendo siempre el Cervino como tema. Algo sorprendente.<\/p>\n<div id=\"attachment_44124\" style=\"width: 1034px\" class=\"wp-caption aligncenter\"><a class=\"dt-single-image\" href=\"https:\/\/www.monta\u00f1asdelaluna.es\/wp-content\/uploads\/2002\/07\/joaquin-jesus-quique-y-fernando-en-zermatt.jpg\" data-dt-img-description=\"\"><img loading=\"lazy\" decoding=\"async\" aria-describedby=\"caption-attachment-44124\" class=\"wp-image-44124 size-large\" src=\"https:\/\/www.monta\u00f1asdelaluna.es\/wp-content\/uploads\/2002\/07\/joaquin-jesus-quique-y-fernando-en-zermatt-1024x688.jpg\" alt=\"Joaqu\u00edn, Jes\u00fas, Quique y Fernando en Zermatt\" width=\"1024\" height=\"688\" srcset=\"https:\/\/www.monta\u00f1asdelaluna.es\/wp-content\/uploads\/2002\/07\/joaquin-jesus-quique-y-fernando-en-zermatt-1024x688.jpg 1024w, https:\/\/www.monta\u00f1asdelaluna.es\/wp-content\/uploads\/2002\/07\/joaquin-jesus-quique-y-fernando-en-zermatt-300x202.jpg 300w, https:\/\/www.monta\u00f1asdelaluna.es\/wp-content\/uploads\/2002\/07\/joaquin-jesus-quique-y-fernando-en-zermatt.jpg 1831w\" sizes=\"auto, (max-width: 1024px) 100vw, 1024px\" \/><\/a><p id=\"caption-attachment-44124\" class=\"wp-caption-text\">Joaqu\u00edn, Jes\u00fas, Quique y Fernando en Zermatt<\/p><\/div>\n<p>A medida que ca\u00eda la tarde, el tiempo se iba despejando cada vez m\u00e1s, como hab\u00edan anunciado y acertado los partes meteorol\u00f3gicos de la Casa de La Monta\u00f1a en CHamonix. El cielo se ve\u00eda ya muy azul y despejado y solo las nubes rondaban las altas cumbres, pocas y dispersas en el limpio y brillante cielo. Desde una cafeter\u00eda cerca de las afueras de Zermatt, en una residencial polideportiva, terminamos de observar (cada vez m\u00e1s despejado) nuestra magn\u00edfica monta\u00f1a a la que hab\u00edamos venido a ver, el Cervino. Pero ella no nos dio el placer de mostrarse completamente despejada ante nuestros ojos.<\/p>\n<p>Ya con el \u00faltimo tren a T\u00e4sch, volvimos para coger nuestro coche y volver a CHamonix antes de oscurecer totalmente. Con la idea de volver a este lugar maravilloso para un alpinista y monta\u00f1ero. Despu\u00e9s de pasar Martigny y cerca de la frontera con Francia pero a\u00fan en Suiza, paramos en Trient para fotografiar el atardecer del macizo del Mont Blanc en su parte norte entorno al Pointe d\u2019Orny. Los Alpes son encantadores.<\/p>\n<p>Al otro d\u00eda, s\u00e1bado veintisiete, deb\u00edamos desmontar y recoger el campamento ya que partir\u00edamos hac\u00eda Espa\u00f1a; Quique, preocupado por su trabajo, quer\u00eda estar all\u00ed el domingo por la tarde para empezar a trabajar el lunes. El d\u00eda era inmejorable, incre\u00edble: un sol, una visibilidad, un magn\u00edfico cielo azul, una temperatura&#8230; nunca hab\u00edamos tenido un d\u00eda as\u00ed el tiempo que llev\u00e1bamos en los Alpes (y era el d\u00eda que deb\u00edamos marcharnos). Era algo privilegiado el tener un d\u00eda como \u00e9ste en Alpes, que no todo el mundo puede disfrutar y son muy raros en todo el verano (y nos enteramos que los dos d\u00edas siguientes ser\u00edan id\u00e9nticos a \u00e9ste). Por desgracia deb\u00edamos volver a nuestra calurosa, \u00e1rida y acogedora tierra. Quiz\u00e1s, pensaba yo, que si hubi\u00e9ramos estado hasta el martes o mi\u00e9rcoles nos habr\u00eda dado tiempo a hacer algo y disfrutar por el macizo del Monte Rosa desde Zermatt. Bueno, \u201chay m\u00e1s d\u00edas que melones\u201d y seguramente volveremos a aquella parte de los Alpes a intentar algunas de sus bell\u00edsimas monta\u00f1as como el Monte Rosa o Liskamm. Pero puede ser que nunca o casi nunca llegaremos a tener unos d\u00edas como aquellos. Quien sabe.<\/p>\n<div id=\"attachment_44125\" style=\"width: 1034px\" class=\"wp-caption aligncenter\"><a class=\"dt-single-image\" href=\"https:\/\/www.monta\u00f1asdelaluna.es\/wp-content\/uploads\/2002\/07\/trient-con-la-parte-norte-del-macizo-del-mont-blanc-al-fondo.jpg\" data-dt-img-description=\"\"><img loading=\"lazy\" decoding=\"async\" aria-describedby=\"caption-attachment-44125\" class=\"wp-image-44125 size-large\" src=\"https:\/\/www.monta\u00f1asdelaluna.es\/wp-content\/uploads\/2002\/07\/trient-con-la-parte-norte-del-macizo-del-mont-blanc-al-fondo-1024x682.jpg\" alt=\"Trient con la parte norte del macizo del Mont Blanc al fondo\" width=\"1024\" height=\"682\" srcset=\"https:\/\/www.monta\u00f1asdelaluna.es\/wp-content\/uploads\/2002\/07\/trient-con-la-parte-norte-del-macizo-del-mont-blanc-al-fondo-1024x682.jpg 1024w, https:\/\/www.monta\u00f1asdelaluna.es\/wp-content\/uploads\/2002\/07\/trient-con-la-parte-norte-del-macizo-del-mont-blanc-al-fondo-300x200.jpg 300w, https:\/\/www.monta\u00f1asdelaluna.es\/wp-content\/uploads\/2002\/07\/trient-con-la-parte-norte-del-macizo-del-mont-blanc-al-fondo.jpg 1834w\" sizes=\"auto, (max-width: 1024px) 100vw, 1024px\" \/><\/a><p id=\"caption-attachment-44125\" class=\"wp-caption-text\">Trient con la parte norte del macizo del Mont Blanc al fondo<\/p><\/div>\n<p>Antes de irnos y despu\u00e9s de recogerlo todo y ordenarlo bien en el maletero del coche (ahora ya se pod\u00edan ver los dos pasajeros de atr\u00e1s del coche, aunque segu\u00eda muy cargado y abarrotado el maletero) decidimos hacer una \u00faltima visita a CHamonix para comprarnos postes, postales y souveniers. De paso nos despedir\u00edamos del pueblo hasta la vista. Como he dicho el d\u00eda era incre\u00edble; cruzando el R\u00edo Arve que recorre todo CHamonix, desde un puente t\u00edpico de madera, pudimos contemplar el estupendo paisaje hac\u00eda el macizo del Mont Blanc. Se ve\u00eda tan claro y hac\u00eda un d\u00eda tan bueno que parec\u00eda que estuviera al alcance de cualquiera. Como si hoy la monta\u00f1a dijese: \u201cbueno, hoy que suba todo el que quiera, que le dejo subir\u201d. La Aiguille du Go\u00fbter, la D\u00f4me du Go\u00fbter, el Mont Blanc, las vertientes del Mont Maudit y Mont Blanc du Tacul, y debajo de todo, la inmensa y escalonada lengua del Glaciar de Bossons que baja casi hasta el pie del valle. Parec\u00eda que el Mont Blanc se desped\u00eda de nosotros mostr\u00e1ndonos una imagen id\u00edlica y \u00fanica que pocos privilegiados pod\u00edan admirar cada verano. Por dentro, un sentimiento de uni\u00f3n, de complicidad entre la monta\u00f1a y nosotros renac\u00eda. Era algo \u00fanico y maravilloso que muy, muy pocas veces ocurre con cosas o personas. Sent\u00edamos al Mont Blanc como nuestro hermano; un gran amigo al que hab\u00edamos irrumpido en su morada y nos hab\u00eda acogido e invitado a subirlo, a recorrerlo; y su esp\u00edritu nos hab\u00eda acompa\u00f1ado en cada paso, en cada movimiento y situaci\u00f3n. Una experiencia \u00fanica e irrepetible.<\/p>\n<div id=\"attachment_44126\" style=\"width: 1034px\" class=\"wp-caption aligncenter\"><a class=\"dt-single-image\" href=\"https:\/\/www.monta\u00f1asdelaluna.es\/wp-content\/uploads\/2002\/07\/fernando-quique-y-jesus-partidas-de-domino-en-las-noches-del-camping-de-chamonix.jpg\" data-dt-img-description=\"\"><img loading=\"lazy\" decoding=\"async\" aria-describedby=\"caption-attachment-44126\" class=\"wp-image-44126 size-large\" src=\"https:\/\/www.monta\u00f1asdelaluna.es\/wp-content\/uploads\/2002\/07\/fernando-quique-y-jesus-partidas-de-domino-en-las-noches-del-camping-de-chamonix-1024x682.jpg\" alt=\"Fernando, Quique y Jes\u00fas; partidas de domin\u00f3 en las noches del Camping de CHamonix\" width=\"1024\" height=\"682\" srcset=\"https:\/\/www.monta\u00f1asdelaluna.es\/wp-content\/uploads\/2002\/07\/fernando-quique-y-jesus-partidas-de-domino-en-las-noches-del-camping-de-chamonix-1024x682.jpg 1024w, https:\/\/www.monta\u00f1asdelaluna.es\/wp-content\/uploads\/2002\/07\/fernando-quique-y-jesus-partidas-de-domino-en-las-noches-del-camping-de-chamonix-300x200.jpg 300w, https:\/\/www.monta\u00f1asdelaluna.es\/wp-content\/uploads\/2002\/07\/fernando-quique-y-jesus-partidas-de-domino-en-las-noches-del-camping-de-chamonix.jpg 1833w\" sizes=\"auto, (max-width: 1024px) 100vw, 1024px\" \/><\/a><p id=\"caption-attachment-44126\" class=\"wp-caption-text\">Fernando, Quique y Jes\u00fas; partidas de domin\u00f3 en las noches del Camping de CHamonix<\/p><\/div>\n<p>A m\u00ed siempre me quedar\u00e1 el recuerdo de este viaje. Este gran salto que dimos al ir a Alpes y fue la iniciaci\u00f3n a otros saltos y viajes; pero no solo eso: el compa\u00f1erismo entre nosotros fue algo que dif\u00edcilmente volver\u00e9 a vivir como en este viaje.<\/p>\n<p>[\/vc_column_text][\/vc_column][\/vc_row][vc_row][vc_column][vc_empty_space height=\u00bb60px\u00bb][\/vc_column][\/vc_row][vc_row][vc_column][vc_cta h2=\u00bb\u00c1lbum de fotos\u00bb txt_align=\u00bbcenter\u00bb add_button=\u00bbbottom\u00bb btn_title=\u00bbVer fotos\u00bb btn_color=\u00bbwarning\u00bb btn_align=\u00bbcenter\u00bb btn_link=\u00bburl:https%3A%2F%2Fmonta%C3%B1asdelaluna.es%2F%3Fdt_gallery%3Dmont-blanc-2-002|title:Mont%20Blanc%20(4.810%20mts.)|target:_blank\u00bb css=\u00bb.vc_custom_1625649169295{background-color: #8bc4ed !important;}\u00bb]<span style=\"color: #000000;\">Puedes ver todas las fotos del relato y actividad Mont Blanc 4.810 mts., accediendo a Galerias o pinchando aqu\u00ed \u00a1No te las pierdas!<\/span>[\/vc_cta][\/vc_column][\/vc_row][vc_row][vc_column][vc_empty_space height=\u00bb60px\u00bb][\/vc_column][\/vc_row][vc_row][vc_column width=\u00bb1\/6&#8243;][\/vc_column][vc_column width=\u00bb1\/3&#8243;][vc_raw_html]JTNDaWZyYW1lJTIwc3JjJTNEJTIyaHR0cHMlM0ElMkYlMkZ3d3cubWV0ZW9ibHVlLmNvbSUyRmVzJTJGdGllbXBvJTJGd2lkZ2V0JTJGZGFpbHklMkZjaGFtb25peF9mcmFuY2lhXzMwMjczMDElM0ZkYXlzJTNENyUyNnRlbXB1bml0JTNEQ0VMU0lVUyUyNndpbmR1bml0JTNES0lMT01FVEVSX1BFUl9IT1VSJTI2cGljdG9pY29uJTNEMSUyNm1heHRlbXBlcmF0dXJlJTNEMSUyNm1pbnRlbXBlcmF0dXJlJTNEMSUyNndpbmRzcGVlZCUzRDElMjZ3aW5kZ3VzdCUzRDElMjZ3aW5kZGlyZWN0aW9uJTNEMSUyNnByZWNpcGl0YXRpb24lM0QxJTI2cHJlY2lwaXRhdGlvbnByb2JhYmlsaXR5JTNEMSUyNnNwb3QlM0QxJTI2cHJlc3N1cmUlM0QxJTI2bGF5b3V0JTNEbGlnaHQlMjIlMjAlMjBmcmFtZWJvcmRlciUzRCUyMjAlMjIlMjBzY3JvbGxpbmclM0QlMjJOTyUyMiUyMGFsbG93dHJhbnNwYXJlbmN5JTNEJTIydHJ1ZSUyMiUyMHN0eWxlJTNEJTIyd2lkdGglM0ElMjAzNzhweCUzQmhlaWdodCUzQSUyMDM4MXB4JTIyJTNFJTNDJTJGaWZyYW1lJTNFJTNDZGl2JTNFJTNDJTIxLS0lMjBETyUyME5PVCUyMFJFTU9WRSUyMFRISVMlMjBMSU5LJTIwLS0lM0UlM0NhJTIwaHJlZiUzRCUyMmh0dHBzJTNBJTJGJTJGd3d3Lm1ldGVvYmx1ZS5jb20lMkZlcyUyRnRpZW1wbyUyRnByb25vc3RpY28lMkZzZW1hbmElMkZjaGFtb25peF9mcmFuY2lhXzMwMjczMDElMjIlMjB0YXJnZXQlM0QlMjJfYmxhbmslMjIlM0VtZXRlb2JsdWUlM0MlMkZhJTNFJTNDJTJGZGl2JTNF[\/vc_raw_html][\/vc_column][vc_column width=\u00bb1\/3&#8243;][vc_raw_html]JTNDaWZyYW1lJTIwc3JjJTNEJTIyaHR0cHMlM0ElMkYlMkZ3d3cubWV0ZW9ibHVlLmNvbSUyRmVzJTJGdGllbXBvJTJGd2lkZ2V0JTJGZGFpbHklMkZ6ZXJtYXR0X3N1aXphXzI2NTc5MjglM0ZkYXlzJTNENyUyNnRlbXB1bml0JTNEQ0VMU0lVUyUyNndpbmR1bml0JTNES0lMT01FVEVSX1BFUl9IT1VSJTI2cGljdG9pY29uJTNEMSUyNm1heHRlbXBlcmF0dXJlJTNEMSUyNm1pbnRlbXBlcmF0dXJlJTNEMSUyNndpbmRzcGVlZCUzRDElMjZ3aW5kZ3VzdCUzRDElMjZ3aW5kZGlyZWN0aW9uJTNEMSUyNnByZWNpcGl0YXRpb24lM0QxJTI2cHJlY2lwaXRhdGlvbnByb2JhYmlsaXR5JTNEMSUyNnNwb3QlM0QxJTI2cHJlc3N1cmUlM0QxJTI2bGF5b3V0JTNEbGlnaHQlMjIlMjAlMjBmcmFtZWJvcmRlciUzRCUyMjAlMjIlMjBzY3JvbGxpbmclM0QlMjJOTyUyMiUyMGFsbG93dHJhbnNwYXJlbmN5JTNEJTIydHJ1ZSUyMiUyMHN0eWxlJTNEJTIyd2lkdGglM0ElMjAzNzhweCUzQmhlaWdodCUzQSUyMDM4MXB4JTIyJTNFJTNDJTJGaWZyYW1lJTNFJTNDZGl2JTNFJTNDJTIxLS0lMjBETyUyME5PVCUyMFJFTU9WRSUyMFRISVMlMjBMSU5LJTIwLS0lM0UlM0NhJTIwaHJlZiUzRCUyMmh0dHBzJTNBJTJGJTJGd3d3Lm1ldGVvYmx1ZS5jb20lMkZlcyUyRnRpZW1wbyUyRnByb25vc3RpY28lMkZzZW1hbmElMkZ6ZXJtYXR0X3N1aXphXzI2NTc5MjglMjIlMjB0YXJnZXQlM0QlMjJfYmxhbmslMjIlM0VtZXRlb2JsdWUlM0MlMkZhJTNFJTNDJTJGZGl2JTNF[\/vc_raw_html][\/vc_column][vc_column width=\u00bb1\/6&#8243;][\/vc_column][\/vc_row]<\/p>\n","protected":false},"excerpt":{"rendered":"<p>[vc_row][vc_column][vc_column_text]Al otro d\u00eda mal tiempo. No llov\u00eda a\u00fan pero el cielo estaba totalmente encapotado. No se ve\u00eda nada del macizo del Mont Blanc a m\u00e1s de tres mil, tres mil quinientos metros. Era d\u00eda para hacer algunas visitas por CHamonix y el valle, hacer las compras para reabastecernos y descansar. As\u00ed pues decidimos visitar alg\u00fan&hellip;<\/p>\n","protected":false},"author":1,"featured_media":44119,"comment_status":"open","ping_status":"open","sticky":false,"template":"","format":"standard","meta":[],"categories":[38],"tags":[],"class_list":["post-17546","post","type-post","status-publish","format-standard","has-post-thumbnail","hentry","category-montblanc","category-38","description-off"],"_links":{"self":[{"href":"https:\/\/www.monta\u00f1asdelaluna.es\/index.php?rest_route=\/wp\/v2\/posts\/17546","targetHints":{"allow":["GET"]}}],"collection":[{"href":"https:\/\/www.monta\u00f1asdelaluna.es\/index.php?rest_route=\/wp\/v2\/posts"}],"about":[{"href":"https:\/\/www.monta\u00f1asdelaluna.es\/index.php?rest_route=\/wp\/v2\/types\/post"}],"author":[{"embeddable":true,"href":"https:\/\/www.monta\u00f1asdelaluna.es\/index.php?rest_route=\/wp\/v2\/users\/1"}],"replies":[{"embeddable":true,"href":"https:\/\/www.monta\u00f1asdelaluna.es\/index.php?rest_route=%2Fwp%2Fv2%2Fcomments&post=17546"}],"version-history":[{"count":37,"href":"https:\/\/www.monta\u00f1asdelaluna.es\/index.php?rest_route=\/wp\/v2\/posts\/17546\/revisions"}],"predecessor-version":[{"id":49877,"href":"https:\/\/www.monta\u00f1asdelaluna.es\/index.php?rest_route=\/wp\/v2\/posts\/17546\/revisions\/49877"}],"wp:featuredmedia":[{"embeddable":true,"href":"https:\/\/www.monta\u00f1asdelaluna.es\/index.php?rest_route=\/wp\/v2\/media\/44119"}],"wp:attachment":[{"href":"https:\/\/www.monta\u00f1asdelaluna.es\/index.php?rest_route=%2Fwp%2Fv2%2Fmedia&parent=17546"}],"wp:term":[{"taxonomy":"category","embeddable":true,"href":"https:\/\/www.monta\u00f1asdelaluna.es\/index.php?rest_route=%2Fwp%2Fv2%2Fcategories&post=17546"},{"taxonomy":"post_tag","embeddable":true,"href":"https:\/\/www.monta\u00f1asdelaluna.es\/index.php?rest_route=%2Fwp%2Fv2%2Ftags&post=17546"}],"curies":[{"name":"wp","href":"https:\/\/api.w.org\/{rel}","templated":true}]}}