{"id":17684,"date":"2003-07-14T16:59:17","date_gmt":"2003-07-14T16:59:17","guid":{"rendered":"http:\/\/monta\u00f1asdelaluna.com\/?p=17684"},"modified":"2021-07-14T11:27:21","modified_gmt":"2021-07-14T11:27:21","slug":"14-de-julio-de-2-003-lunes-ascension-al-elbrus","status":"publish","type":"post","link":"https:\/\/www.monta\u00f1asdelaluna.es\/?p=17684","title":{"rendered":"14 de julio de 2.003, lunes. Ascensi\u00f3n al Elbrus"},"content":{"rendered":"<p>[vc_row][vc_column][vc_column_text]<span style=\"color: #0000ff;\">Lunes. Ascensi\u00f3n al Elbrus.\u00a0\u00a0\u00a0\u00a0 \u00a0<\/span><br \/>\n<span style=\"color: #0000ff;\">\u00a0\u00a0\u00a0\u00a0 El d\u00eda empieza a la 1 h. con el ritual de vestirse de monta\u00f1ero. Botas de pl\u00e1stico, polainas, mayas, pantal\u00f3n t\u00e9cnico. Hoy somos nosotros los que hacemos ruido pero no demasiado. Desayunamos dulces, t\u00e9 caliente, tostadas. Hay que coger fuerzas. Nos ponemos los crampones y salimos a las 2h.<\/span> Nadia, con su habitual sonrisa y simpat\u00eda nos desea buena suerte (en ruso) y nos da una peque\u00f1a bolsa con alimentos energ\u00e9ticos para el camino, que yo creo que no llegu\u00e9 a probar en toda la ma\u00f1ana. Si no fuera por la alegr\u00eda y grand\u00edsima simpat\u00eda de Nadia, la estancia en el Caucaso hubiera sido diferente&#8230; tanto es as\u00ed que, de broma, quer\u00edamos tra\u00e9rnosla a Espa\u00f1a con nosotros.<\/p>\n<p><span style=\"color: #0000ff;\">Ser\u00e1n 8 horas de subida y 3\u201930 de bajada agotadora bajo el sol y con buenas rachas de viento en algunos sitios como el collado. Hay luna llena por eso casi todos los frontales van apagados.<\/span><\/p>\n<p>Nos hacemos las fotos de salida y empezamos a subir como hace dos d\u00edas hacia las Pastukhov Rocks. Con nosotros tambi\u00e9n viene Ola, la amiga de nuestro gu\u00eda Oleg. Hemos llenado antes de salir nuestras cantimploras y les hemos echado Isostar para darnos energ\u00eda. Para obtener el agua, Nadia derrite nieve en una olla y en una tetera. Yo nunca hab\u00eda comido tanto en un viaje como este, pero el desgaste que llev\u00e1bamos era para alimentarnos muy bien todos los d\u00edas.<\/p>\n<div id=\"attachment_44526\" style=\"width: 1034px\" class=\"wp-caption aligncenter\"><a class=\"dt-single-image\" href=\"https:\/\/www.monta\u00f1asdelaluna.es\/wp-content\/uploads\/2003\/07\/quique-y-jesus-andujar-desayunando-y-llenando-cantimploras-para-el-ataque-a-la-cima.jpg\" data-dt-img-description=\"\"><img loading=\"lazy\" decoding=\"async\" aria-describedby=\"caption-attachment-44526\" class=\"wp-image-44526 size-large\" src=\"https:\/\/www.monta\u00f1asdelaluna.es\/wp-content\/uploads\/2003\/07\/quique-y-jesus-andujar-desayunando-y-llenando-cantimploras-para-el-ataque-a-la-cima-1024x679.jpg\" alt=\"Quique y Jes\u00fas And\u00fajar desayunando y llenando cantimploras para el ataque a la cima\" width=\"1024\" height=\"679\" srcset=\"https:\/\/www.monta\u00f1asdelaluna.es\/wp-content\/uploads\/2003\/07\/quique-y-jesus-andujar-desayunando-y-llenando-cantimploras-para-el-ataque-a-la-cima-1024x679.jpg 1024w, https:\/\/www.monta\u00f1asdelaluna.es\/wp-content\/uploads\/2003\/07\/quique-y-jesus-andujar-desayunando-y-llenando-cantimploras-para-el-ataque-a-la-cima-300x199.jpg 300w, https:\/\/www.monta\u00f1asdelaluna.es\/wp-content\/uploads\/2003\/07\/quique-y-jesus-andujar-desayunando-y-llenando-cantimploras-para-el-ataque-a-la-cima.jpg 1836w\" sizes=\"auto, (max-width: 1024px) 100vw, 1024px\" \/><\/a><p id=\"caption-attachment-44526\" class=\"wp-caption-text\">Quique y Jes\u00fas And\u00fajar desayunando y llenando cantimploras para el ataque a la cima<\/p><\/div>\n<div id=\"attachment_44528\" style=\"width: 837px\" class=\"wp-caption aligncenter\"><a class=\"dt-single-image\" href=\"https:\/\/www.monta\u00f1asdelaluna.es\/wp-content\/uploads\/2003\/07\/quique-y-joaquin-saliendo-hacia-la-cima-del-elbrus-con-la-luna-llena-detras.jpg\" data-dt-img-description=\"\"><img loading=\"lazy\" decoding=\"async\" aria-describedby=\"caption-attachment-44528\" class=\"wp-image-44528 size-large\" src=\"https:\/\/www.monta\u00f1asdelaluna.es\/wp-content\/uploads\/2003\/07\/quique-y-joaquin-saliendo-hacia-la-cima-del-elbrus-con-la-luna-llena-detras-827x1024.jpg\" alt=\"Quique y Joaqu\u00edn saliendo hacia la cima del Elbrus con la luna llena detr\u00e1s\" width=\"827\" height=\"1024\" srcset=\"https:\/\/www.monta\u00f1asdelaluna.es\/wp-content\/uploads\/2003\/07\/quique-y-joaquin-saliendo-hacia-la-cima-del-elbrus-con-la-luna-llena-detras-827x1024.jpg 827w, https:\/\/www.monta\u00f1asdelaluna.es\/wp-content\/uploads\/2003\/07\/quique-y-joaquin-saliendo-hacia-la-cima-del-elbrus-con-la-luna-llena-detras-242x300.jpg 242w, https:\/\/www.monta\u00f1asdelaluna.es\/wp-content\/uploads\/2003\/07\/quique-y-joaquin-saliendo-hacia-la-cima-del-elbrus-con-la-luna-llena-detras.jpg 1040w\" sizes=\"auto, (max-width: 827px) 100vw, 827px\" \/><\/a><p id=\"caption-attachment-44528\" class=\"wp-caption-text\">Quique y Joaqu\u00edn saliendo hacia la cima del Elbrus con la luna llena detr\u00e1s<\/p><\/div>\n<div id=\"attachment_44527\" style=\"width: 1034px\" class=\"wp-caption aligncenter\"><a class=\"dt-single-image\" href=\"https:\/\/www.monta\u00f1asdelaluna.es\/wp-content\/uploads\/2003\/07\/de-izquierda-a-derecha-jesus-andujar-joaquin-y-quique-en-la-puerta-del-refugio-dizel-hut-para-comenzar-el-ataque-a-la-cima-del-elbrus.jpg\" data-dt-img-description=\"\"><img loading=\"lazy\" decoding=\"async\" aria-describedby=\"caption-attachment-44527\" class=\"wp-image-44527 size-large\" src=\"https:\/\/www.monta\u00f1asdelaluna.es\/wp-content\/uploads\/2003\/07\/de-izquierda-a-derecha-jesus-andujar-joaquin-y-quique-en-la-puerta-del-refugio-dizel-hut-para-comenzar-el-ataque-a-la-cima-del-elbrus-1024x781.jpg\" alt=\"De izquierda a derecha: Jes\u00fas And\u00fajar, Joaqu\u00edn y Quique en la puerta del Refugio Dizel Hut para comenzar el ataque a la cima del Elbrus\" width=\"1024\" height=\"781\" srcset=\"https:\/\/www.monta\u00f1asdelaluna.es\/wp-content\/uploads\/2003\/07\/de-izquierda-a-derecha-jesus-andujar-joaquin-y-quique-en-la-puerta-del-refugio-dizel-hut-para-comenzar-el-ataque-a-la-cima-del-elbrus-1024x781.jpg 1024w, https:\/\/www.monta\u00f1asdelaluna.es\/wp-content\/uploads\/2003\/07\/de-izquierda-a-derecha-jesus-andujar-joaquin-y-quique-en-la-puerta-del-refugio-dizel-hut-para-comenzar-el-ataque-a-la-cima-del-elbrus-300x229.jpg 300w, https:\/\/www.monta\u00f1asdelaluna.es\/wp-content\/uploads\/2003\/07\/de-izquierda-a-derecha-jesus-andujar-joaquin-y-quique-en-la-puerta-del-refugio-dizel-hut-para-comenzar-el-ataque-a-la-cima-del-elbrus.jpg 1520w\" sizes=\"auto, (max-width: 1024px) 100vw, 1024px\" \/><\/a><p id=\"caption-attachment-44527\" class=\"wp-caption-text\">De izquierda a derecha: Jes\u00fas And\u00fajar, Joaqu\u00edn y Quique en la puerta del Refugio Dizel Hut para comenzar el ataque a la cima del Elbrus<\/p><\/div>\n<p>Subiendo hac\u00eda las Pastukhov Rocks es noche cerrada pero hay una luna llena inmensa que nos ilumina el camino y todo el Elbrus con su fantasmag\u00f3rica y p\u00e1lida luz. Vemos muchos grupos de monta\u00f1eros que, como nosotros, van en fila india en silencio con un paso no r\u00e1pido pero tampoco lento y constante. De repente un sonido lejano como de un motor de explosi\u00f3n se empieza a o\u00edr detr\u00e1s nuestro. Es uno de esos tractores-orugas que sube de Dizel Hut (o Barrels, quien sabe) con gente para acercarles lo m\u00e1ximo posible a Pastukhov Rocks y acortarles el camino de subida. Por lo general, aquellos que utilizan este medio son turistas o \u201cdomingueros\u201d que juegan a ser monta\u00f1eros, y al poco tiempo de empezar a andar se dan la vuelta. Los ojos luminosos de este aparato de locomoci\u00f3n se clavan en la suave y a veces empinada pendiente del glaciar, y su ruido y olor a humo de coche perturban el silencio y la concentraci\u00f3n de la magn\u00edfica subida que llev\u00e1bamos de momento. Es incluso indignante el que los rusos dejen que estos aparatos suban a tan alta altura contratados por gente para su recreo violando as\u00ed el equilibrio y respeto que debemos tenerle a la monta\u00f1a. Pero a partir de cierta altura solo quedan los aut\u00e9nticos monta\u00f1eros, los que de verdad se merecen la cumbre del Elbrus. La monta\u00f1a har\u00e1 una selecci\u00f3n y solo los m\u00e1s preparados y concienciados llegaran a pisar la culminaci\u00f3n del Elbrus, a cinco mil seiscientos cuarenta y dos metros (o y siete, seg\u00fan los mapas).<br \/>\nAunque como ya he dicho no tiene la subida al Elbrus ninguna dificultad t\u00e9cnica ni dif\u00edcil ni peligrosa; si tiene un fuerte desnivel de unos mil quinientos metros desde Dizel Hut hasta la cumbre que lo convierten en una larga marcha en la que la resistencia, persistencia y paciencia son unos factores predominantes para culminar con \u00e9xito la subida. Conozco pocas o ninguna alta monta\u00f1a de m\u00e1s de cuatro mil metros que se ataque con un desnivel semejante y a m\u00e1s de cinco mil metros. Por lo tanto las dificultades del Elbrus son otras que no dejan de ser grandes obst\u00e1culos como las que tiene cualquier gran monta\u00f1a. El incre\u00edble fr\u00edo, fuerte viento y empinadas rampas de hielo vivo tambi\u00e9n influyen en esas dificultades naturales de esta alta monta\u00f1a.<\/p>\n<p><span style=\"color: #0000ff;\">El tiempo es bueno como indican las nubes bajas en los valles. El primer descanso llega en las Pastukhov Rocks, hasta ahora bien pero entre ellas y los 5.000 empiezo a notar la altitud y es preciso ir m\u00e1s despacio al ritmo que marca Vlad (el otro gu\u00eda) slowly, slowly&#8230; pero tambi\u00e9n se entusiasma y me cuesta seguirle camino del collado. Amanece.<\/span><\/p>\n<div id=\"attachment_44530\" style=\"width: 1847px\" class=\"wp-caption aligncenter\"><a class=\"dt-single-image\" href=\"https:\/\/www.monta\u00f1asdelaluna.es\/wp-content\/uploads\/2003\/07\/la-sombra-del-elbrus-junto-a-la-luna-llena.jpg\" data-dt-img-description=\"\"><img loading=\"lazy\" decoding=\"async\" aria-describedby=\"caption-attachment-44530\" class=\"wp-image-44530 size-full\" src=\"https:\/\/www.monta\u00f1asdelaluna.es\/wp-content\/uploads\/2003\/07\/la-sombra-del-elbrus-junto-a-la-luna-llena.jpg\" alt=\"La sombra del Elbrus junto a la luna llena\" width=\"1837\" height=\"1221\" srcset=\"https:\/\/www.monta\u00f1asdelaluna.es\/wp-content\/uploads\/2003\/07\/la-sombra-del-elbrus-junto-a-la-luna-llena.jpg 1837w, https:\/\/www.monta\u00f1asdelaluna.es\/wp-content\/uploads\/2003\/07\/la-sombra-del-elbrus-junto-a-la-luna-llena-300x199.jpg 300w, https:\/\/www.monta\u00f1asdelaluna.es\/wp-content\/uploads\/2003\/07\/la-sombra-del-elbrus-junto-a-la-luna-llena-1024x681.jpg 1024w\" sizes=\"auto, (max-width: 1837px) 100vw, 1837px\" \/><\/a><p id=\"caption-attachment-44530\" class=\"wp-caption-text\">La sombra del Elbrus junto a la luna llena<\/p><\/div>\n<p>En las Pastukhov Rocks descansamos algo y nos abrigamos m\u00e1s; estamos a m\u00e1s altura (cerca de los cuatro mil setecientos metros) hace m\u00e1s fr\u00edo, mucho m\u00e1s fr\u00edo y se nota. Yo ya estoy listo y espero a los dem\u00e1s. Mientras estoy parado siento que me hielo de fr\u00edo y le pido a Jes\u00fas And\u00fajar que se d\u00e9 prisa ya que est\u00e1 tardando en prepararse y yo me estaba congelando por momentos. Al ponerme los guantes de Gore-tex encima de los Grifone me equivoco y saco el guante de la mano izquierda para pon\u00e9rmelo en la mano derecha. Me lo pongo en la mano izquierda y mientras, se me va helando la mano derecha. Por fin me pongo el guante derecho pero la mano ya est\u00e1 muy fr\u00eda y el dolor que me ocasiona el fr\u00edo no se me quitar\u00e1 hasta unas horas m\u00e1s tarde, a pesar del sol y el buen tiempo.<\/p>\n<p>Salimos ya por fin de las Pastukhov Rocks hac\u00eda arriba. Dentro de poco estaremos a una altura que hasta ahora nunca hab\u00edamos estado. Oleg, el gu\u00eda, va delante m\u00eda con paso lento pero incansable, con pasos cortos y en zigzag. La marcha parece lenta pero al cabo de un rato me doy cuanta que es la id\u00f3nea para subir sin malgastar energ\u00edas.<\/p>\n<p>El terreno se va empinando bastante m\u00e1s. Ahora estamos pisando hielo sin nieve. El fuerte e incesante viento derrite la nieve en esta parte de la ladera del Elbrus, y nuestros crampones se clavan con facilidad, por suerte, a pesar del hielo vivo y la pendiente empinada.<\/p>\n<div id=\"attachment_44531\" style=\"width: 1850px\" class=\"wp-caption aligncenter\"><a class=\"dt-single-image\" href=\"https:\/\/www.monta\u00f1asdelaluna.es\/wp-content\/uploads\/2003\/07\/amanece-dejando-las-pastukhov-rocks-detras-el-sol-ya-toca-la-cima-del-donguzorum-los-ushba-a-la-izquierda.jpg\" data-dt-img-description=\"\"><img loading=\"lazy\" decoding=\"async\" aria-describedby=\"caption-attachment-44531\" class=\"wp-image-44531 size-full\" src=\"https:\/\/www.monta\u00f1asdelaluna.es\/wp-content\/uploads\/2003\/07\/amanece-dejando-las-pastukhov-rocks-detras-el-sol-ya-toca-la-cima-del-donguzorum-los-ushba-a-la-izquierda.jpg\" alt=\"Amanece dejando las Pastukhov Rocks detr\u00e1s. El sol ya toca la cima del Donguzorum; los Ushba a la izquierda\" width=\"1840\" height=\"1220\" srcset=\"https:\/\/www.monta\u00f1asdelaluna.es\/wp-content\/uploads\/2003\/07\/amanece-dejando-las-pastukhov-rocks-detras-el-sol-ya-toca-la-cima-del-donguzorum-los-ushba-a-la-izquierda.jpg 1840w, https:\/\/www.monta\u00f1asdelaluna.es\/wp-content\/uploads\/2003\/07\/amanece-dejando-las-pastukhov-rocks-detras-el-sol-ya-toca-la-cima-del-donguzorum-los-ushba-a-la-izquierda-300x199.jpg 300w, https:\/\/www.monta\u00f1asdelaluna.es\/wp-content\/uploads\/2003\/07\/amanece-dejando-las-pastukhov-rocks-detras-el-sol-ya-toca-la-cima-del-donguzorum-los-ushba-a-la-izquierda-1024x679.jpg 1024w\" sizes=\"auto, (max-width: 1840px) 100vw, 1840px\" \/><\/a><p id=\"caption-attachment-44531\" class=\"wp-caption-text\">Amanece dejando las Pastukhov Rocks detr\u00e1s. El sol ya toca la cima del Donguzorum; los Ushba a la izquierda<\/p><\/div>\n<p>Al poco rato de marcha despu\u00e9s de abandonar las Pastukhov Rocks empieza a aclararse la noche. Una claridad empieza a asomarse por el este. Est\u00e1 amaneciendo. Poco a poco la luz lo llena todo, a\u00fan no sale el sol pero las sombras y la oscuridad en el Caucaso dejan paso a la luz, a los colores, al nacimiento de un nuevo y espl\u00e9ndido d\u00eda, y el paisaje, la cordillera aparece ante nosotros majestuosa, infinita en el horizonte, enorme y grandiosa, y bella, muy bella. Detr\u00e1s m\u00edo veo todo lo que hemos dejado atr\u00e1s: Pastukhov Rocks, Dizel Hut e incluso Barrels al final de la helada, amplia y enorme ladera sur del Elbrus. Tambi\u00e9n una fila numerosa de monta\u00f1eros van detr\u00e1s m\u00eda, al igual que delante. Es una aut\u00e9ntica romer\u00eda monta\u00f1era, me record\u00f3 al Mont Blanc: muchos monta\u00f1eros de muy diferentes nacionalidades (aunque en Alpes hab\u00edan muchos m\u00e1s espa\u00f1oles).<\/p>\n<p>Conforme aumenta la claridad el paisaje se volv\u00eda grandioso: ahora el Donguzorum y Los Ushb\u00e1 se ve\u00edan bajo nosotros y no enfrente. La amplitud de la vista era incre\u00edble, se nota que el Elbrus es la monta\u00f1a m\u00e1s alta de toda la cordillera y de todo lo que la vista alcanzaba.<\/p>\n<p>Estamos bajo la cima este y ahora debemos girar hac\u00eda el oeste buscando el colado entre las dos cimas. El sol empieza a pintar con sus primeros rayos las cumbres de Los Ushb\u00e1 y el Donguzorum de un rojizo brillante. El paisaje es impresionante. No puedo imaginarme algo m\u00e1s bello que lo que estoy viendo en estos momentos. Hago fotos. Las nubes se han ido de los valles y solo una neblina lejana en el horizonte del amanecer aparece como una cortina dorada. Maravilloso. Quiero aprovechar y recrearme la vista ahora por que esto no lo volver\u00e9 a ver m\u00e1s. Estamos tan altos que creo ver el fondo del Valle de Baksan. Es un paisaje impresionante y encantador; el d\u00eda es magn\u00edfico. Pero no puedo pararme mucho tiempo.<\/p>\n<p>Cuando giramos a la izquierda descubro algo extra\u00f1o que no consigo saber que es. Al poco tiempo lo descubro y me impresiono: es la sombra del Elbrus, enorme, magn\u00edfica y majestuosa con su t\u00edpica forma c\u00f3nica de volc\u00e1n, piramidal, que cae sobre el Caucaso y parte del horizonte como una alfombra gigantesca colgada desde un punto del cielo. \u00a1Nunca hab\u00eda visto algo as\u00ed! No me lo cre\u00eda. Aunque no era una visi\u00f3n tan bella como el amanecer en el Baksan y Donguzorum, era soberbio e imponente y te dabas cuenta de las dimensiones del pico al que \u00edbamos a subir. Junto a la cumbre, en la sombra del Elbrus plasmada en el horizonte, en el infinito, la luna, esta vez rojiza aparece a menos altura que dicha sombra, d\u00e1ndole un aspecto a la visi\u00f3n incre\u00edble. Daba la impresi\u00f3n que hasta la luna estaba \u201cbajo el dominio del Se\u00f1or del Elbrus\u201d. Una visi\u00f3n que no se ve ni en los documentales. Incre\u00edble, espectacular&#8230;<\/p>\n<div id=\"attachment_44533\" style=\"width: 1034px\" class=\"wp-caption aligncenter\"><a class=\"dt-single-image\" href=\"https:\/\/www.monta\u00f1asdelaluna.es\/wp-content\/uploads\/2003\/07\/subiendo-al-elbrus-amanece-en-el-caucaso-con-los-ushba-en-el-centro-derecha.jpg\" data-dt-img-description=\"\"><img loading=\"lazy\" decoding=\"async\" aria-describedby=\"caption-attachment-44533\" class=\"wp-image-44533 size-large\" src=\"https:\/\/www.monta\u00f1asdelaluna.es\/wp-content\/uploads\/2003\/07\/subiendo-al-elbrus-amanece-en-el-caucaso-con-los-ushba-en-el-centro-derecha-1024x681.jpg\" alt=\"Subiendo al Elbrus, amanece en el Caucaso con los Ushba en el centro derecha\" width=\"1024\" height=\"681\" srcset=\"https:\/\/www.monta\u00f1asdelaluna.es\/wp-content\/uploads\/2003\/07\/subiendo-al-elbrus-amanece-en-el-caucaso-con-los-ushba-en-el-centro-derecha-1024x681.jpg 1024w, https:\/\/www.monta\u00f1asdelaluna.es\/wp-content\/uploads\/2003\/07\/subiendo-al-elbrus-amanece-en-el-caucaso-con-los-ushba-en-el-centro-derecha-300x200.jpg 300w, https:\/\/www.monta\u00f1asdelaluna.es\/wp-content\/uploads\/2003\/07\/subiendo-al-elbrus-amanece-en-el-caucaso-con-los-ushba-en-el-centro-derecha.jpg 1839w\" sizes=\"auto, (max-width: 1024px) 100vw, 1024px\" \/><\/a><p id=\"caption-attachment-44533\" class=\"wp-caption-text\">Subiendo al Elbrus, amanece en el Caucaso con los Ushba en el centro derecha<\/p><\/div>\n<p>Ha salido ya el sol, y detr\u00e1s de Los Ushb\u00e1 y m\u00e1s a la izquierda (sureste) descubro unas monta\u00f1as enormes y vertiginosas, bell\u00edsimas y lejanas. No consigo descubrir el nombre de \u00e9stas pero miden de cinco mil a cinco mil cien metros&#8230; \u00a1El Caucaso es bell\u00edsimo y espectacular! Las nieves blancas y perpetuas y as\u00ed como los glaciares a los que alimentan abundan por toda la cordillera, mires donde mires&#8230; Perdido entre tanta grandeza y casi invisible, el Glaciar de Koguters bajo los hermanos Koguters, parece desde aqu\u00ed una peque\u00f1a lengua helada insignificante ante tanta grandiosidad a su alrededor.<\/p>\n<p>Debemos seguir caminando, no podemos parar, el tiempo apremia y estamos limitados por un horario ya establecido. Establecido por Elena, claro. Vamos siguiendo unas ca\u00f1as clavadas en el hielo que nos sirven de gu\u00eda para no salirnos del camino ya que en el hielo vivo no hay huellas ni rastro de que haya pasado nadie; salvo, y si te fijas bien, por los min\u00fasculos agujeritos que se forman al clavar parte de los crampones.<\/p>\n<p>La gente sigue subiendo tras m\u00eda y sobre todo delante m\u00eda. Por un momento aparto la vista del suelo helado y al alzar la cabeza para ver lo que queda de camino, me da un mareo que me hace volver la vista al suelo concentr\u00e1ndome en la subida. Son los efectos de la altura. Nunca hab\u00eda experimentado estos s\u00edntomas por la altura. Me asusto un poco. Pienso que el mareo es tan fuerte que puedo llegar a desmayarme, pero sigo adelante como \u201cun t\u00edo macho\u201d (pero evitando levantar la cabeza) y de aqu\u00ed al collado no me llega a pasar nada.<\/p>\n<p><span style=\"color: #0000ff;\">Al llegar a la base de la cima este la bordeamos con menos pendiente pero larguito. Doy caza a mi grupo y paramos en el collado a descansar al sol, pero es tan desagradable el viento que tirito y me pongo el forro bajo la chaqueta sin que se me quite la sensaci\u00f3n de fr\u00edo.<\/span><\/p>\n<div id=\"attachment_44534\" style=\"width: 1034px\" class=\"wp-caption aligncenter\"><a class=\"dt-single-image\" href=\"https:\/\/www.monta\u00f1asdelaluna.es\/wp-content\/uploads\/2003\/07\/descanso-en-el-collado-entre-las-dos-cimas-del-elbrus-5-350-mts.jpg\" data-dt-img-description=\"\"><img loading=\"lazy\" decoding=\"async\" aria-describedby=\"caption-attachment-44534\" class=\"wp-image-44534 size-large\" src=\"https:\/\/www.monta\u00f1asdelaluna.es\/wp-content\/uploads\/2003\/07\/descanso-en-el-collado-entre-las-dos-cimas-del-elbrus-5-350-mts-1024x697.jpg\" alt=\"Descanso en el collado entre las dos cimas del Elbrus, 5.350 mts.\" width=\"1024\" height=\"697\" srcset=\"https:\/\/www.monta\u00f1asdelaluna.es\/wp-content\/uploads\/2003\/07\/descanso-en-el-collado-entre-las-dos-cimas-del-elbrus-5-350-mts-1024x697.jpg 1024w, https:\/\/www.monta\u00f1asdelaluna.es\/wp-content\/uploads\/2003\/07\/descanso-en-el-collado-entre-las-dos-cimas-del-elbrus-5-350-mts-300x204.jpg 300w, https:\/\/www.monta\u00f1asdelaluna.es\/wp-content\/uploads\/2003\/07\/descanso-en-el-collado-entre-las-dos-cimas-del-elbrus-5-350-mts.jpg 1789w\" sizes=\"auto, (max-width: 1024px) 100vw, 1024px\" \/><\/a><p id=\"caption-attachment-44534\" class=\"wp-caption-text\">Descanso en el collado entre las dos cimas del Elbrus, 5.350 mts.<\/p><\/div>\n<div id=\"attachment_44565\" style=\"width: 1034px\" class=\"wp-caption aligncenter\"><a class=\"dt-single-image\" href=\"https:\/\/www.monta\u00f1asdelaluna.es\/wp-content\/uploads\/2003\/07\/descanso-en-el-collado-entre-las-dos-cimas-del-elbrus-5-350-mts-de-izquierda-a-derecha-jesus-andujar-joaquin-jesus-santana-y-quique.jpg\" data-dt-img-description=\"\"><img loading=\"lazy\" decoding=\"async\" aria-describedby=\"caption-attachment-44565\" class=\"wp-image-44565 size-large\" src=\"https:\/\/www.monta\u00f1asdelaluna.es\/wp-content\/uploads\/2003\/07\/descanso-en-el-collado-entre-las-dos-cimas-del-elbrus-5-350-mts-de-izquierda-a-derecha-jesus-andujar-joaquin-jesus-santana-y-quique-1024x592.jpg\" alt=\"Descanso en el collado entre las dos cimas del Elbrus, 5.350 mts., de izquierda a derecha: Jes\u00fas And\u00fajar, Joaqu\u00edn, Jes\u00fas Santana y Quique\" width=\"1024\" height=\"592\" srcset=\"https:\/\/www.monta\u00f1asdelaluna.es\/wp-content\/uploads\/2003\/07\/descanso-en-el-collado-entre-las-dos-cimas-del-elbrus-5-350-mts-de-izquierda-a-derecha-jesus-andujar-joaquin-jesus-santana-y-quique-1024x592.jpg 1024w, https:\/\/www.monta\u00f1asdelaluna.es\/wp-content\/uploads\/2003\/07\/descanso-en-el-collado-entre-las-dos-cimas-del-elbrus-5-350-mts-de-izquierda-a-derecha-jesus-andujar-joaquin-jesus-santana-y-quique-300x173.jpg 300w, https:\/\/www.monta\u00f1asdelaluna.es\/wp-content\/uploads\/2003\/07\/descanso-en-el-collado-entre-las-dos-cimas-del-elbrus-5-350-mts-de-izquierda-a-derecha-jesus-andujar-joaquin-jesus-santana-y-quique.jpg 1600w\" sizes=\"auto, (max-width: 1024px) 100vw, 1024px\" \/><\/a><p id=\"caption-attachment-44565\" class=\"wp-caption-text\">Descanso en el collado entre las dos cimas del Elbrus, 5.350 mts., de izquierda a derecha: Jes\u00fas And\u00fajar, Joaqu\u00edn, Jes\u00fas Santana y Quique<\/p><\/div>\n<p>D\u00e1ndole la vuelta a la base de la cima este y meti\u00e9ndonos entre las dos cimas, abrigados por las dos laderas de las dos cimas, llegamos al collado. El collado se encuentra a unos cinco mil trescientos setenta metros aproximadamente. El sol est\u00e1 bien alto ya, y el viento sopla con mucha fuerza y el fr\u00edo es muy intenso. Los catalanes (que sub\u00edan el mismo d\u00eda) nos dijeron despu\u00e9s que la temperatura amaneciendo y a unos cinco mil metros era de quince grados bajo cero a ras del suelo.<\/p>\n<p>Estamos cansados, realmente muy cansados, al menos yo. Solo tengo fuerzas para hacer una foto y a partir de ahora mi cansancio ser\u00eda tal que no tendr\u00eda ganas de hacer ni una foto m\u00e1s. Ni si quiera en la cumbre.<\/p>\n<p>Ahora solo nos quedan unos trescientos metros de desnivel pero en una muy empinada y a veces helada pala hac\u00eda la cima oeste. No noto la altura ahora pero estoy realmente muy, muy cansado. Me hace pensar el si merece la pena sufrir tanto y pasarlo tan mal en ese momento para subir una gran monta\u00f1a. No s\u00e9&#8230; Aunque ahora casi no me acuerdo de aquel sufrimiento, y s\u00ed del hecho de haber subido la monta\u00f1a m\u00e1s alta de Europa, del Caucaso, al Elbrus y haber estado a m\u00e1s de cinco mil seiscientos metros. Creo que no me arrepiento&#8230; No, decididamente no me arrepiento lo m\u00e1s m\u00ednimo de haber subido al Elbrus y de ir al Caucaso y a Rusia. \u00a1Eso s\u00ed!, creo que no volver\u00eda a Rusia&#8230; al menos de momento&#8230;<\/p>\n<div id=\"attachment_44536\" style=\"width: 1815px\" class=\"wp-caption aligncenter\"><a class=\"dt-single-image\" href=\"https:\/\/www.monta\u00f1asdelaluna.es\/wp-content\/uploads\/2003\/07\/subiendo-a-la-cima-del-elbrus-abajo-a-la-izquierda-queda-el-collado-entre-las-dos-cumbres.jpg\" data-dt-img-description=\"\"><img loading=\"lazy\" decoding=\"async\" aria-describedby=\"caption-attachment-44536\" class=\"wp-image-44536 size-full\" src=\"https:\/\/www.monta\u00f1asdelaluna.es\/wp-content\/uploads\/2003\/07\/subiendo-a-la-cima-del-elbrus-abajo-a-la-izquierda-queda-el-collado-entre-las-dos-cumbres.jpg\" alt=\"Subiendo a la cima del Elbrus, abajo a la izquierda queda el collado entre las dos cumbres\" width=\"1805\" height=\"1268\" srcset=\"https:\/\/www.monta\u00f1asdelaluna.es\/wp-content\/uploads\/2003\/07\/subiendo-a-la-cima-del-elbrus-abajo-a-la-izquierda-queda-el-collado-entre-las-dos-cumbres.jpg 1805w, https:\/\/www.monta\u00f1asdelaluna.es\/wp-content\/uploads\/2003\/07\/subiendo-a-la-cima-del-elbrus-abajo-a-la-izquierda-queda-el-collado-entre-las-dos-cumbres-300x211.jpg 300w, https:\/\/www.monta\u00f1asdelaluna.es\/wp-content\/uploads\/2003\/07\/subiendo-a-la-cima-del-elbrus-abajo-a-la-izquierda-queda-el-collado-entre-las-dos-cumbres-1024x719.jpg 1024w\" sizes=\"auto, (max-width: 1805px) 100vw, 1805px\" \/><\/a><p id=\"caption-attachment-44536\" class=\"wp-caption-text\">Subiendo a la cima del Elbrus, abajo a la izquierda queda el collado entre las dos cumbres<\/p><\/div>\n<p><span style=\"color: #0000ff;\">Ha sido duro llegar aqu\u00ed y nos ponemos otra vez en marcha. Subimos despacio y con bastante sufrimiento la pala de la cima oeste. Resulta penoso avanzar a esta altura por los llanos y cuestas que llegan a la cima que ya se vislumbra con su kalasmikhov met\u00e1lico indicando la cumbre. Doy ocho pasos y paro con la boca abierta como un pez fuera del agua.<\/span><\/p>\n<p>La subida de la \u00faltima pala es realmente penosa. Me paro muy a menudo, respiro muy r\u00e1pido y muy profundamente&#8230; da la impresi\u00f3n de que en vez de a cinco mil quinientos metros, est\u00e9 a ocho mil. Jes\u00fas Santana va m\u00e1s detr\u00e1s de nosotros, en la mayor parte de la subida ha ido retrasado, parece que le cuesta m\u00e1s que a nosotros. Por ello, Oleg, nuestro gu\u00eda, decidi\u00f3 esperarle para que fuera \u00e9l el primero en llegar a la cima. Antes de llegar a la planicie de la cumbre oeste observo a un monta\u00f1ero algo adelantado que lleva una buena c\u00e1mara de fotos y no para de apuntarnos a nosotros y, presumiblemente, de hacernos fotos&#8230; Aunque no puedo pensar si quiera por el terrible esfuerzo y cansancio que llevo encima, me pregunto quien es ese tipo que parece que nos hace fotos al grupo y a cada uno de nosotros \u00bfUn Paparazzi? Unos d\u00edas m\u00e1s tarde, en Terskol, obtendr\u00eda la respuesta.<\/p>\n<p>Por fin llegamos a lo que parece el final de la empinada pala. El cansancio es tremendo, extremo, tengo mucha sed. Miro hac\u00eda la derecha, hac\u00eda el norte y descubro un paisaje llano, muy poco monta\u00f1oso, o nada monta\u00f1oso. Es el final del Caucaso y el empezar de la extensa Estepa Rusa.<\/p>\n<div id=\"attachment_44537\" style=\"width: 832px\" class=\"wp-caption aligncenter\"><a class=\"dt-single-image\" href=\"https:\/\/www.monta\u00f1asdelaluna.es\/wp-content\/uploads\/2003\/07\/subiendo-a-la-cima-del-elbrus-delante-quique-detras-joaquin-y-asomandose-jesus-santana.jpg\" data-dt-img-description=\"\"><img loading=\"lazy\" decoding=\"async\" aria-describedby=\"caption-attachment-44537\" class=\"wp-image-44537 \" src=\"https:\/\/www.monta\u00f1asdelaluna.es\/wp-content\/uploads\/2003\/07\/subiendo-a-la-cima-del-elbrus-delante-quique-detras-joaquin-y-asomandose-jesus-santana.jpg\" alt=\"Subiendo a la cima del Elbrus, delante Quique, detr\u00e1s Joaqu\u00edn y asom\u00e1ndose Jes\u00fas Santana\" width=\"822\" height=\"1289\" srcset=\"https:\/\/www.monta\u00f1asdelaluna.es\/wp-content\/uploads\/2003\/07\/subiendo-a-la-cima-del-elbrus-delante-quique-detras-joaquin-y-asomandose-jesus-santana.jpg 1030w, https:\/\/www.monta\u00f1asdelaluna.es\/wp-content\/uploads\/2003\/07\/subiendo-a-la-cima-del-elbrus-delante-quique-detras-joaquin-y-asomandose-jesus-santana-191x300.jpg 191w, https:\/\/www.monta\u00f1asdelaluna.es\/wp-content\/uploads\/2003\/07\/subiendo-a-la-cima-del-elbrus-delante-quique-detras-joaquin-y-asomandose-jesus-santana-653x1024.jpg 653w\" sizes=\"auto, (max-width: 822px) 100vw, 822px\" \/><\/a><p id=\"caption-attachment-44537\" class=\"wp-caption-text\">Subiendo a la cima del Elbrus, delante Quique, detr\u00e1s Joaqu\u00edn y asom\u00e1ndose Jes\u00fas Santana<\/p><\/div>\n<div id=\"attachment_44539\" style=\"width: 1034px\" class=\"wp-caption aligncenter\"><a class=\"dt-single-image\" href=\"https:\/\/www.monta\u00f1asdelaluna.es\/wp-content\/uploads\/2003\/07\/vemos-la-otra-vertiente-del-elbrus-con-la-estepa-rusa-bajo-las-nubes.jpg\" data-dt-img-description=\"\"><img loading=\"lazy\" decoding=\"async\" aria-describedby=\"caption-attachment-44539\" class=\"wp-image-44539 size-large\" src=\"https:\/\/www.monta\u00f1asdelaluna.es\/wp-content\/uploads\/2003\/07\/vemos-la-otra-vertiente-del-elbrus-con-la-estepa-rusa-bajo-las-nubes-1024x724.jpg\" alt=\"Vemos la otra vertiente del Elbrus con la estepa rusa bajo las nubes\" width=\"1024\" height=\"724\" srcset=\"https:\/\/www.monta\u00f1asdelaluna.es\/wp-content\/uploads\/2003\/07\/vemos-la-otra-vertiente-del-elbrus-con-la-estepa-rusa-bajo-las-nubes-1024x724.jpg 1024w, https:\/\/www.monta\u00f1asdelaluna.es\/wp-content\/uploads\/2003\/07\/vemos-la-otra-vertiente-del-elbrus-con-la-estepa-rusa-bajo-las-nubes-300x212.jpg 300w, https:\/\/www.monta\u00f1asdelaluna.es\/wp-content\/uploads\/2003\/07\/vemos-la-otra-vertiente-del-elbrus-con-la-estepa-rusa-bajo-las-nubes.jpg 1808w\" sizes=\"auto, (max-width: 1024px) 100vw, 1024px\" \/><\/a><p id=\"caption-attachment-44539\" class=\"wp-caption-text\">Vemos la otra vertiente del Elbrus con la estepa rusa bajo las nubes<\/p><\/div>\n<p>La cima hace una especie de semicirco amplio (como medio cr\u00e1ter de volc\u00e1n, que es lo que era). Y en uno de los extremos de dicho semicirco una punta algo m\u00e1s alta que el resto de las dem\u00e1s lomas y culminaciones. Un pil\u00f3n y un Kalasmikhov hecho de chapa met\u00e1lica nos indican la terminaci\u00f3n de la mayor altitud del Caucaso y de Europa. La parte m\u00e1s alta del Elbrus. Llaneamos por onduladas lomas sencillas y suaves que llegan a hacerse infranqueables y dificultosas por el terrible cansancio que llevo encima. Paro muy a menudo a pesar de estar llaneando pero la visi\u00f3n de la cima me da \u00e1nimos para seguir (pero no me quita el fuerte cansancio). Me da la impresi\u00f3n de que cada vez est\u00e1 m\u00e1s lejos en vez de acercarme a ella. Es indescriptible el cansancio y sufrimiento que estoy padeciendo en estos \u00faltimos momentos, metros, cent\u00edmetros&#8230; antes de llegar al dichoso y absurdo kalasmikhov.<\/p>\n<p>Por fin llegamos a la c\u00faspide del Elbrus. Hace un viento y un fr\u00edo de \u201cla leche\u201d. Intento recrearme, disfrutar del incre\u00edble momento, admirar el paisaje&#8230; pero el terrible cansancio impide el que pueda disfrutar y alegrarme del momento. Es penoso y terriblemente indiferente el momento para m\u00ed por las condiciones en las que me encontraba, pero intentaba asimilarlo y entenderlo, y disfrutar como siempre he disfrutado y sentido aquellas emociones tan fuertes y tan especiales cada vez que llegaba a la cumbre despu\u00e9s de un gran esfuerzo. Aunque, eso s\u00ed, ninguna monta\u00f1a me hab\u00eda costado tanto como \u00e9sta en este d\u00eda. Al fin y al cabo estoy orgulloso del \u00e9xito conseguido, de la proeza realizada&#8230; estoy contento conmigo mismo y eso es lo que realmente importa.<\/p>\n<p>Nos hacemos fotos en la cumbre con Ola y con Oleg creyendo que era con nuestras c\u00e1maras. No tengo fuerzas ni ganas ni \u00e1nimos para sacar mi c\u00e1mara para hacer fotos. Quique me pide que le ayude para sacar el carrete de diapos e insertar otro nuevo, y bajamos un poco en la cuesta cimera y nos sentamos para que no nos d\u00e9 el fort\u00edsimo viento. Pero yo no puedo ayudarle; estoy demasiado cansado para pensar o reaccionar. Quique se enfada conmigo y cambia el carrete \u00e9l solo. Sube al pil\u00f3n y yo me quedo en el mismo lugar sin moverme, sin mostrar ning\u00fan tipo de emoci\u00f3n, estoy como perplejo y muy, muy cansado. Por ello no salgo en las diapos de la cumbre, auque solo estoy a diez metros de ellos. No puedo ni quiero levantarme, solo descansar y descansar, aunque, contrariamente al Mont Blanc, no tengo sue\u00f1o, solo quiero recuperar el aliento.<\/p>\n<div id=\"attachment_44540\" style=\"width: 1034px\" class=\"wp-caption aligncenter\"><a class=\"dt-single-image\" href=\"https:\/\/www.monta\u00f1asdelaluna.es\/wp-content\/uploads\/2003\/07\/llegando-a-la-cima-del-elbrus-5-647-mts.jpg\" data-dt-img-description=\"\"><img loading=\"lazy\" decoding=\"async\" aria-describedby=\"caption-attachment-44540\" class=\"wp-image-44540 size-large\" src=\"https:\/\/www.monta\u00f1asdelaluna.es\/wp-content\/uploads\/2003\/07\/llegando-a-la-cima-del-elbrus-5-647-mts-1024x647.jpg\" alt=\"Llegando a la cima del Elbrus, 5.647 mts.\" width=\"1024\" height=\"647\" srcset=\"https:\/\/www.monta\u00f1asdelaluna.es\/wp-content\/uploads\/2003\/07\/llegando-a-la-cima-del-elbrus-5-647-mts-1024x647.jpg 1024w, https:\/\/www.monta\u00f1asdelaluna.es\/wp-content\/uploads\/2003\/07\/llegando-a-la-cima-del-elbrus-5-647-mts-300x190.jpg 300w, https:\/\/www.monta\u00f1asdelaluna.es\/wp-content\/uploads\/2003\/07\/llegando-a-la-cima-del-elbrus-5-647-mts.jpg 1625w\" sizes=\"auto, (max-width: 1024px) 100vw, 1024px\" \/><\/a><p id=\"caption-attachment-44540\" class=\"wp-caption-text\">Llegando a la cima del Elbrus, 5.647 mts.<\/p><\/div>\n<p>Al poco tiempo Oleg nos dice que debemos bajarnos ya, a las dos del mediod\u00eda debemos estar en Dizel Hut. Quique se me acerca ya que yo no me he movido de mi fr\u00edo asiento. Me dice si me he enfadado, ya mas calmado, pero no estoy enfadado solo cansado, muy cansado. El agua de la cantimplora est\u00e1 congelada desde casi la salida de las Pastukhov Rocks, creo yo. Pero, totalmente congelada. Comet\u00ed el imperdonable error de dejar la cantimplora, como de costumbre, cogida en un lateral en el exterior de la mochila.<\/p>\n<p>No me ha dado tiempo a descansar ni a disfrutar de la cumbre pero me levanto y desandamos el camino hac\u00eda la terrible pala de la ladera del Elbrus oeste, hacia el collado entre las dos cimas. No me gusta ir obligado bajo un horario sin haber disfrutado y realizado c\u00f3moda y libremente lo que hab\u00edamos venido a hacer, el objetivo de todo este viaje y expedici\u00f3n. Me dio la impresi\u00f3n de no haberle dado la importancia que requer\u00eda y el disfrute y regocijo que se merec\u00eda. No estaba nada contento con esta forma de hacer monta\u00f1a, ni lo estoy, ni lo estar\u00e9. Una de las cosas esenciales en la monta\u00f1a es la libertad. Si vamos bajo presi\u00f3n, restricciones, prisas, obligaciones o tensiones con respecto al propio ejercicio de la pr\u00e1ctica en s\u00ed (subida, cumbre y bajada) perdemos parte o se incompleta el verdadero esp\u00edritu de la monta\u00f1a y del monta\u00f1ero.<\/p>\n<p><span style=\"color: #0000ff;\">Nos dejamos caer exhaustos en la nieve despu\u00e9s de 8 horas de ascensi\u00f3n y a 5.642 m. en el punto m\u00e1s alto de Europa.<\/span><br \/>\n<span style=\"color: #0000ff;\">\u00a0<\/span><br \/>\n<span style=\"color: #0000ff;\">\u00a0\u00a0\u00a0\u00a0 Hacemos fotos con celeridad y en malas condiciones por el fuerte viento. El precipicio se desploma en la cara Norte y se vislumbra la des\u00e9rtica estepa rusa hac\u00eda el norte. Enfrente est\u00e1 la pedregosa cima este. Busco una piedra de recuerdo y comenzamos la bajada al collado por una ladera helada expuesta al viento del que hay que protegerse para que no impacten los granos de nieve en la cara.<\/span><\/p>\n<div id=\"attachment_44542\" style=\"width: 1034px\" class=\"wp-caption aligncenter\"><a class=\"dt-single-image\" href=\"https:\/\/www.monta\u00f1asdelaluna.es\/wp-content\/uploads\/2003\/07\/cima-del-elbrus-5-647-mts-a-la-izquierda-la-otra-cima.jpg\" data-dt-img-description=\"\"><img loading=\"lazy\" decoding=\"async\" aria-describedby=\"caption-attachment-44542\" class=\"wp-image-44542 size-large\" src=\"https:\/\/www.monta\u00f1asdelaluna.es\/wp-content\/uploads\/2003\/07\/cima-del-elbrus-5-647-mts-a-la-izquierda-la-otra-cima-1024x684.jpg\" alt=\"Cima del Elbrus, 5.647 mts., a la izquierda la otra cima\" width=\"1024\" height=\"684\" srcset=\"https:\/\/www.monta\u00f1asdelaluna.es\/wp-content\/uploads\/2003\/07\/cima-del-elbrus-5-647-mts-a-la-izquierda-la-otra-cima-1024x684.jpg 1024w, https:\/\/www.monta\u00f1asdelaluna.es\/wp-content\/uploads\/2003\/07\/cima-del-elbrus-5-647-mts-a-la-izquierda-la-otra-cima-300x200.jpg 300w, https:\/\/www.monta\u00f1asdelaluna.es\/wp-content\/uploads\/2003\/07\/cima-del-elbrus-5-647-mts-a-la-izquierda-la-otra-cima.jpg 1558w\" sizes=\"auto, (max-width: 1024px) 100vw, 1024px\" \/><\/a><p id=\"caption-attachment-44542\" class=\"wp-caption-text\">Cima del Elbrus, 5.647 mts., a la izquierda la otra cima<\/p><\/div>\n<p>Antes de coger dicha pala hasta el collado paramos y nos tumbamos en la, ahora, blanda nieve con la visi\u00f3n justo enfrente de la c\u00f3nica y perfecta forma de volc\u00e1n de la cima este, de solo cuatro metros m\u00e1s baja que la oeste. Recuerdo que Juan del G.A.M. la subi\u00f3 tambi\u00e9n una vez bajada la cima oeste, pero para nosotros ser\u00e1 imposible. Tendremos que conformarnos con \u201ctocarle un pecho a la Se\u00f1ora Elbrus\u201d. El viento, el fr\u00edo y las levantadas de nieve del suelo como ventisca, siguen azotando esta bajada.<\/p>\n<p><span style=\"color: #0000ff;\"> Con cuidado salvamos este descenso y no estamos demasiado tiempo en el collado ya que hace viento. Vlad nos insta a bajar r\u00e1pido y Oleg nos explica que a las 14 h. debemos cargar el \u201csnow cabe\u201d; conseguimos que se cargue a las 15 h. para poder comer tranquilos.<\/span><\/p>\n<div id=\"attachment_44541\" style=\"width: 1034px\" class=\"wp-caption aligncenter\"><a class=\"dt-single-image\" href=\"https:\/\/www.monta\u00f1asdelaluna.es\/wp-content\/uploads\/2003\/07\/de-izquierda-a-derecha-quique-jesus-andujar-jesus-santana-en-la-cima-del-elbrus-5-647-mts.jpg\" data-dt-img-description=\"\"><img loading=\"lazy\" decoding=\"async\" aria-describedby=\"caption-attachment-44541\" class=\"wp-image-44541 size-large\" src=\"https:\/\/www.monta\u00f1asdelaluna.es\/wp-content\/uploads\/2003\/07\/de-izquierda-a-derecha-quique-jesus-andujar-jesus-santana-en-la-cima-del-elbrus-5-647-mts-1024x691.jpg\" alt=\"De izquierda a derecha: Quique, Jes\u00fas And\u00fajar, Jes\u00fas Santana en la cima del Elbrus, 5.647 mts.\" width=\"1024\" height=\"691\" srcset=\"https:\/\/www.monta\u00f1asdelaluna.es\/wp-content\/uploads\/2003\/07\/de-izquierda-a-derecha-quique-jesus-andujar-jesus-santana-en-la-cima-del-elbrus-5-647-mts-1024x691.jpg 1024w, https:\/\/www.monta\u00f1asdelaluna.es\/wp-content\/uploads\/2003\/07\/de-izquierda-a-derecha-quique-jesus-andujar-jesus-santana-en-la-cima-del-elbrus-5-647-mts-300x203.jpg 300w, https:\/\/www.monta\u00f1asdelaluna.es\/wp-content\/uploads\/2003\/07\/de-izquierda-a-derecha-quique-jesus-andujar-jesus-santana-en-la-cima-del-elbrus-5-647-mts.jpg 1546w\" sizes=\"auto, (max-width: 1024px) 100vw, 1024px\" \/><\/a><p id=\"caption-attachment-44541\" class=\"wp-caption-text\">De izquierda a derecha: Quique, Jes\u00fas And\u00fajar, Jes\u00fas Santana en la cima del Elbrus, 5.647 mts.<\/p><\/div>\n<p>Vlad es otro gu\u00eda agregado para la ascensi\u00f3n el cual ni nos lo han presentado (al menos a m\u00ed) ni tengo contacto con \u00e9l. Solo que despu\u00e9s del collado, bajando y antes de darle la vuelta a la base de la cima este para enfilar la bajada recta hasta las Pastukhov Rocks, paro para intentar \u201csaborear algo de hielo de mi cantimplora\u201d (que segu\u00eda teniendo agua \u201chipercongelada\u201d); aprovechando, paramos para descansar y quitarnos las mochilas. Vlad insiste en seguir hac\u00eda abajo y a nosotros ya nos estaba \u201ccargando\u201d el pesado del tipo \u00e9ste. En un descuido mi cantimplora cae y se desliza glaciar abajo como en un tobog\u00e1n gigante (ya que a penas hay nieve superficial, todo es hielo vivo). Cre\u00eda que se meter\u00eda en alguna \u201cgrietecilla\u201d oculta, pero no, al cabo de unos cuantos metros se para justo en el centro de la cuenca que baja del collado. Yo no iba a bajar a recuperarla, es m\u00e1s, sin poder beber agua me importaba \u201cun comino\u201d la cantimplora ahora, as\u00ed que la dej\u00e9 all\u00ed. Pero Vlad que estaba junto a nosotros se decide ir a buscarla sin que nadie se lo pidiera. Nos sorprendemos algo; yo le hubiera dicho que no fuera, pero los rusos son unas \u201ccabezas cuadradas\u201d. Para mi, pensaba cruelmente: \u201ca ver si tenemos suerte y se cuela en una grieta el pesado \u00e9ste\u201d. Pero al cabo de un tiempo vuelve con mi cantimplora en la mano. \u201cSpasiva\u201d. Le digo a Vlad y seguimos nuestro camino desandando lo subido. El d\u00eda es extraordinario. No aparece ni una sola nube y el sol nos quema la poca piel que llevamos sin tapar (mi nariz, por ejemplo). Pero parece que no caliente, que solo sea una esfera luminosa y de adorno. Realmente estoy muy contento del d\u00eda, no pod\u00edamos haber escogido un d\u00eda tan bueno, con luna llena por la noche, ni una sola nube, ni mala visibilidad. Al fin y al cabo hemos tenido mucha suerte. Es incre\u00edble, asombroso y espl\u00e9ndido. Al fondo me parece ver atado a los dos cuernos de Los Ushb\u00e1 a Prometeo, como dice la mitolog\u00eda griega, fue condenado en el Caucaso a que un ave gigantesca (presumiblemente un buitre) le comiera el h\u00edgado todos los d\u00edas y que todas las noches le volviera a crecer, as\u00ed hasta el fin de los d\u00edas. Estamos inmersos en la historia, en la mitolog\u00eda, en la belleza; somos parte de un mundo que ronda la frontera de lo real y lo mitol\u00f3gico, de lo posible y lo imposible, del sufrimiento y el placer&#8230; Es algo incre\u00edble e indescriptible poder participar de estos sentimientos y emociones. Muy pocas cosas en el mundo te pueden hacer sentir as\u00ed. Tan vivo, tan fuerte (a pesar de la debilidad y lo fr\u00e1gil que eres en el lugar) y tan enormemente lleno de todo. Tu esp\u00edritu se confunde y se hermana con el esp\u00edritu del Elbrus, con el Caucaso, con la belleza y lo grandioso.<\/p>\n<p><span style=\"color: #0000ff;\">El descenso es r\u00e1pido y estresante, y en 3 h. y 30 min. descendemos 8 horas de ascensi\u00f3n tonel castigo que supone para las rodillas, los dedos de los pies, la hidrataci\u00f3n, etc&#8230;<\/span><\/p>\n<p>Como unos zombis y casi cada uno por su lado llegamos a las Pastukhov Rocks. A partir de aqu\u00ed empieza a notarse la subida de la temperatura, la p\u00e9rdida de la fuerza del viento. Algunos se tiran al suelo helado de culo y se deslizan como en el citado tobog\u00e1n gigante. A partir de aqu\u00ed hay menos inclinaci\u00f3n y peligro, y con paso lento, torpe y aburrido llegamos a Dizel Hut; yo soy el \u00faltimo en llegar, como siempre.<\/p>\n<p>Nadia, con su simpat\u00eda y alegr\u00eda (a veces fuera de lo normal y tan contagiosa), nos da un abrazo y nos da la enhorabuena y felicita por haber conseguido llegar a la cumbre del Elbrus. Mi cansancio y aborrecimiento despu\u00e9s de tantas horas andando, impiden que se muestre en m\u00ed ni una pizca de alegr\u00eda, pero Nadia hace brotar una leve sonrisa en mi rostro \u00a1Es aut\u00e9ntica!<\/p>\n<div id=\"attachment_44545\" style=\"width: 1034px\" class=\"wp-caption aligncenter\"><a class=\"dt-single-image\" href=\"https:\/\/www.monta\u00f1asdelaluna.es\/wp-content\/uploads\/2003\/07\/descanso-bajo-la-cima-en-el-descenso-de-izquierda-a-derecha-jesus-santana-joaquin-quique-y-jesus-andujar-detras-la-fila-de-montaneros-que-aun-suben-a-su-cima.jpg\" data-dt-img-description=\"\"><img loading=\"lazy\" decoding=\"async\" aria-describedby=\"caption-attachment-44545\" class=\"wp-image-44545 size-large\" src=\"https:\/\/www.monta\u00f1asdelaluna.es\/wp-content\/uploads\/2003\/07\/descanso-bajo-la-cima-en-el-descenso-de-izquierda-a-derecha-jesus-santana-joaquin-quique-y-jesus-andujar-detras-la-fila-de-montaneros-que-aun-suben-a-su-cima-1024x665.jpg\" alt=\"Descanso bajo la cima, en el descenso. De izquierda a derecha: Jes\u00fas Santana, Joaqu\u00edn, Quique y Jes\u00fas And\u00fajar. Detr\u00e1s la fila de monta\u00f1eros que a\u00fan suben a su cima\" width=\"1024\" height=\"665\" srcset=\"https:\/\/www.monta\u00f1asdelaluna.es\/wp-content\/uploads\/2003\/07\/descanso-bajo-la-cima-en-el-descenso-de-izquierda-a-derecha-jesus-santana-joaquin-quique-y-jesus-andujar-detras-la-fila-de-montaneros-que-aun-suben-a-su-cima-1024x665.jpg 1024w, https:\/\/www.monta\u00f1asdelaluna.es\/wp-content\/uploads\/2003\/07\/descanso-bajo-la-cima-en-el-descenso-de-izquierda-a-derecha-jesus-santana-joaquin-quique-y-jesus-andujar-detras-la-fila-de-montaneros-que-aun-suben-a-su-cima-300x195.jpg 300w, https:\/\/www.monta\u00f1asdelaluna.es\/wp-content\/uploads\/2003\/07\/descanso-bajo-la-cima-en-el-descenso-de-izquierda-a-derecha-jesus-santana-joaquin-quique-y-jesus-andujar-detras-la-fila-de-montaneros-que-aun-suben-a-su-cima.jpg 1624w\" sizes=\"auto, (max-width: 1024px) 100vw, 1024px\" \/><\/a><p id=\"caption-attachment-44545\" class=\"wp-caption-text\">Descanso bajo la cima, en el descenso. De izquierda a derecha: Jes\u00fas Santana, Joaqu\u00edn, Quique y Jes\u00fas And\u00fajar. Detr\u00e1s la fila de monta\u00f1eros que a\u00fan suben a su cima<\/p><\/div>\n<div id=\"attachment_44544\" style=\"width: 1034px\" class=\"wp-caption aligncenter\"><a class=\"dt-single-image\" href=\"https:\/\/www.monta\u00f1asdelaluna.es\/wp-content\/uploads\/2003\/07\/descanso-bajo-la-cima-en-el-descenso-a-la-izquierda-la-otra-cima-del-elbrus-y-al-fondo-los-ushba.jpg\" data-dt-img-description=\"\"><img loading=\"lazy\" decoding=\"async\" aria-describedby=\"caption-attachment-44544\" class=\"wp-image-44544 size-large\" src=\"https:\/\/www.monta\u00f1asdelaluna.es\/wp-content\/uploads\/2003\/07\/descanso-bajo-la-cima-en-el-descenso-a-la-izquierda-la-otra-cima-del-elbrus-y-al-fondo-los-ushba-1024x628.jpg\" alt=\"Descanso bajo la cima, en el descenso. A la izquierda la otra cima del Elbrus y al fondo los Ushba\" width=\"1024\" height=\"628\" srcset=\"https:\/\/www.monta\u00f1asdelaluna.es\/wp-content\/uploads\/2003\/07\/descanso-bajo-la-cima-en-el-descenso-a-la-izquierda-la-otra-cima-del-elbrus-y-al-fondo-los-ushba-1024x628.jpg 1024w, https:\/\/www.monta\u00f1asdelaluna.es\/wp-content\/uploads\/2003\/07\/descanso-bajo-la-cima-en-el-descenso-a-la-izquierda-la-otra-cima-del-elbrus-y-al-fondo-los-ushba-300x184.jpg 300w, https:\/\/www.monta\u00f1asdelaluna.es\/wp-content\/uploads\/2003\/07\/descanso-bajo-la-cima-en-el-descenso-a-la-izquierda-la-otra-cima-del-elbrus-y-al-fondo-los-ushba.jpg 1623w\" sizes=\"auto, (max-width: 1024px) 100vw, 1024px\" \/><\/a><p id=\"caption-attachment-44544\" class=\"wp-caption-text\">Descanso bajo la cima, en el descenso. A la izquierda la otra cima del Elbrus y al fondo los Ushba<\/p><\/div>\n<p><span style=\"color: #0000ff;\">Al llegar comemos y \u00a1Sorpresa! nuestras cosas est\u00e1n arrinconadas y nuestras camas ocupadas por m\u00e1s guiris. Recogemos como podemos sin ni si quiera poder tumbarnos un rato a descansar ni quitarnos las botas de pl\u00e1stico.<\/span> Casi incre\u00edblemente no hab\u00edamos perdido nada a pesar del l\u00edo montado en las camas. Yo espero descansando en la puerta de Dizel Hut viendo el trasiego de la gente y monta\u00f1eros que se mueven de aqu\u00ed a all\u00e1. Sigo intentando descansar aunque ya estoy mejor, he podido tomar alg\u00fan l\u00edquido y comer algo. Espero a que mis compa\u00f1eros bajen las cosas (sobre todo Jes\u00fas And\u00fajar) y montarlas en la oruga, \u201csnow cabe\u201d. Pero nosotros bajaremos \u201ca pata\u201d hasta Barrels.<\/p>\n<p><span style=\"color: #0000ff;\">Bajamos a Barrels en 30 minutos. Llegamos a las 15:30, ponemos a secar las cosas. Cagamos. Echamos la siesta en el barril n\u00ba 4. Luego tomamos el sol en el patio de hormig\u00f3n en las esterillas. Hay 11 curiosos barriles que dan nombre a este refugio situado a 3.800 m. al final del telesilla. Adem\u00e1s hay 3 o 4 barracones, comedor&#8230; los barriles tienen 5 camas, luz el\u00e9ctrica, una mesa, un armario etc&#8230; estar\u00edan bastante bien si no fueran tan viejos y los colchones tan duros. La cena es a las 20 h. y el tiempo transcurre lentamente.<\/span><\/p>\n<p><span style=\"color: #0000ff;\">El cuerpo est\u00e1 cansado y se nota el esfuerzo que hemos hecho. La conclusi\u00f3n es que hay que aclimatarse mejor en la monta\u00f1a que vas a hacer y no en el valle que no tiene la altitud. Durante el a\u00f1o hay que entrenar bastante m\u00e1s. \u00bfCompensa pasarlo tan mal?, \u00bfAunque la cima conquistada sea imponente? Un s\u00edntoma de c\u00f3mo hab\u00edamos llegado es que no hab\u00eda ganas ni de sacar fotos o de contemplar la panor\u00e1mica, aunque ya la hab\u00edamos visto desde Dizel Hut.<\/span><\/p>\n<div id=\"attachment_44553\" style=\"width: 1034px\" class=\"wp-caption aligncenter\"><a class=\"dt-single-image\" href=\"https:\/\/www.monta\u00f1asdelaluna.es\/wp-content\/uploads\/2003\/07\/barrels-3-800-mts-con-el-elbrus-cubierto.jpg\" data-dt-img-description=\"\"><img loading=\"lazy\" decoding=\"async\" aria-describedby=\"caption-attachment-44553\" class=\"wp-image-44553 size-large\" src=\"https:\/\/www.monta\u00f1asdelaluna.es\/wp-content\/uploads\/2003\/07\/barrels-3-800-mts-con-el-elbrus-cubierto-1024x681.jpg\" alt=\"Barrels, 3.800 mts., con el Elbrus cubierto\" width=\"1024\" height=\"681\" srcset=\"https:\/\/www.monta\u00f1asdelaluna.es\/wp-content\/uploads\/2003\/07\/barrels-3-800-mts-con-el-elbrus-cubierto-1024x681.jpg 1024w, https:\/\/www.monta\u00f1asdelaluna.es\/wp-content\/uploads\/2003\/07\/barrels-3-800-mts-con-el-elbrus-cubierto-300x200.jpg 300w, https:\/\/www.monta\u00f1asdelaluna.es\/wp-content\/uploads\/2003\/07\/barrels-3-800-mts-con-el-elbrus-cubierto.jpg 1838w\" sizes=\"auto, (max-width: 1024px) 100vw, 1024px\" \/><\/a><p id=\"caption-attachment-44553\" class=\"wp-caption-text\">Barrels, 3.800 mts., con el Elbrus cubierto<\/p><\/div>\n<div id=\"attachment_44555\" style=\"width: 1034px\" class=\"wp-caption aligncenter\"><a class=\"dt-single-image\" href=\"https:\/\/www.monta\u00f1asdelaluna.es\/wp-content\/uploads\/2003\/07\/quique-y-jesus-hablando-con-companeros-catalanes-en-barrels-3-800-mts.jpg\" data-dt-img-description=\"\"><img loading=\"lazy\" decoding=\"async\" aria-describedby=\"caption-attachment-44555\" class=\"wp-image-44555 size-large\" src=\"https:\/\/www.monta\u00f1asdelaluna.es\/wp-content\/uploads\/2003\/07\/quique-y-jesus-hablando-con-companeros-catalanes-en-barrels-3-800-mts-1024x681.jpg\" alt=\"Quique y Jes\u00fas hablando con compa\u00f1eros catalanes en Barrels, 3.800 mts.\" width=\"1024\" height=\"681\" srcset=\"https:\/\/www.monta\u00f1asdelaluna.es\/wp-content\/uploads\/2003\/07\/quique-y-jesus-hablando-con-companeros-catalanes-en-barrels-3-800-mts-1024x681.jpg 1024w, https:\/\/www.monta\u00f1asdelaluna.es\/wp-content\/uploads\/2003\/07\/quique-y-jesus-hablando-con-companeros-catalanes-en-barrels-3-800-mts-300x200.jpg 300w, https:\/\/www.monta\u00f1asdelaluna.es\/wp-content\/uploads\/2003\/07\/quique-y-jesus-hablando-con-companeros-catalanes-en-barrels-3-800-mts.jpg 1839w\" sizes=\"auto, (max-width: 1024px) 100vw, 1024px\" \/><\/a><p id=\"caption-attachment-44555\" class=\"wp-caption-text\">Quique y Jes\u00fas hablando con compa\u00f1eros catalanes en Barrels, 3.800 mts.<\/p><\/div>\n<p>\u201cReconocemos nuestro nuevo campamento\u201d. En un extremo hay un mirador excepcional sobre el Valle de Azau, Baksan, que al atardecer nos ofrece una espl\u00e9ndida vista con el Donguzorum a la derecha y los formidables Ushb\u00e1 a la izquierda, y de nuevo un perfecto \u201cmar de nubes\u201d se ha formado en el valle, algo m\u00e1s bajo de la altura de Terskol Peak del que se vislumbra perfectamente su observatorio, ya que el \u201chongo\u201d de la c\u00fapula del mismo refleja a\u00fan la luz del sol. Me parece estar m\u00e1s cerca de estas espl\u00e9ndidas y bellas monta\u00f1as que aparecen ahora ante nosotros como hermanos de una misma madre, el Caucaso. Con sus formidables formas, perfiles que desaf\u00edan la gravedad, la horizontabilidad e incluso al mismo cielo ara\u00f1\u00e1ndolo con sus puntiagudos picos, agujas y crestas. Es un momento solemne y bello que se extinguir\u00e1 en ese d\u00eda al igual que el sol se iba escondiendo por el oeste. Me quedaba poco tiempo para estar en altura y quer\u00eda aprovechar cada instante y cada peque\u00f1a cosa&#8230; \u00bfCu\u00e1ndo volver\u00e9 a estar en una monta\u00f1a como \u00e9sta?, \u00bfA cuatro mil metros?&#8230; No lo s\u00e9. La incertidumbre que ten\u00eda entonces era enfermiza y desesperante&#8230; No eran buenas sensaciones y no se las recomiendo a nadie.<\/p>\n<div id=\"attachment_17698\" style=\"width: 1285px\" class=\"wp-caption aligncenter\"><a class=\"dt-single-image\" href=\"https:\/\/www.monta\u00f1asdelaluna.es\/wp-content\/uploads\/2003\/07\/Elbrus-001.mapa_.croquis.jpg\" data-dt-img-description=\"\"><img loading=\"lazy\" decoding=\"async\" aria-describedby=\"caption-attachment-17698\" class=\"wp-image-17698 size-full\" src=\"https:\/\/www.monta\u00f1asdelaluna.es\/wp-content\/uploads\/2003\/07\/Elbrus-001.mapa_.croquis.jpg\" alt=\"Croquis de la ascensi\u00f3n y bajada del Elbrus\" width=\"1275\" height=\"1755\" srcset=\"https:\/\/www.monta\u00f1asdelaluna.es\/wp-content\/uploads\/2003\/07\/Elbrus-001.mapa_.croquis.jpg 1275w, https:\/\/www.monta\u00f1asdelaluna.es\/wp-content\/uploads\/2003\/07\/Elbrus-001.mapa_.croquis-218x300.jpg 218w, https:\/\/www.monta\u00f1asdelaluna.es\/wp-content\/uploads\/2003\/07\/Elbrus-001.mapa_.croquis-744x1024.jpg 744w\" sizes=\"auto, (max-width: 1275px) 100vw, 1275px\" \/><\/a><p id=\"caption-attachment-17698\" class=\"wp-caption-text\">Croquis de la ascensi\u00f3n y bajada del Elbrus<\/p><\/div>\n<p>Hablamos con Toni y Pau que tambi\u00e9n han bajado hasta Barrels y se quedaron esta noche con su gu\u00eda en uno de los \u201cbarriles\u201d como nosotros. Entablamos conversaci\u00f3n y amistad con ellos, y nos intercambiamos direcciones.<br \/>\nNuestro \u201cbarril\u201d parece un mercado: ropa tendida y esparcida por todas partes para poder deshacer las mochilas y poder ordenarlas bien. Pero al final el orden est\u00e1 establecido dentro del caos que aparenta nuestro \u201cbarril\u201d.<\/p>\n<p><span style=\"color: #0000ff;\">La cena es a las 20:30 en el barrac\u00f3n comedor con los gu\u00edas, la cocinera, el \u201csnow board\u201d y otros personajes de Barrels.<\/span><\/p>\n<p><span style=\"color: #0000ff;\">\u00a0\u00a0\u00a0\u00a0 Tras el atardecer y la amable charla, al barril N\u00ba 4 (casa prefabricada en forma de cilindro) a dormir.<\/span><\/p>\n<div id=\"attachment_44549\" style=\"width: 3010px\" class=\"wp-caption aligncenter\"><a class=\"dt-single-image\" href=\"https:\/\/www.monta\u00f1asdelaluna.es\/wp-content\/uploads\/2003\/07\/precioso-atardecer-desde-barrels-con-mar-de-nubes-en-el-valle-de-baksan-el-donguzorum-a-la-derecha-los-koguters-en-el-centro-los-ushba-en-el-centro-izquierda-y-abajo-la-cupula-del-observatorio-de-t.jpg\" data-dt-img-description=\"\"><img loading=\"lazy\" decoding=\"async\" aria-describedby=\"caption-attachment-44549\" class=\"wp-image-44549 size-full\" src=\"https:\/\/www.monta\u00f1asdelaluna.es\/wp-content\/uploads\/2003\/07\/precioso-atardecer-desde-barrels-con-mar-de-nubes-en-el-valle-de-baksan-el-donguzorum-a-la-derecha-los-koguters-en-el-centro-los-ushba-en-el-centro-izquierda-y-abajo-la-cupula-del-observatorio-de-t.jpg\" alt=\"Precioso atardecer desde Barrels con mar de nubes en el Valle de Baksan, el Donguzorum a la derecha, los Koguters en el centro, los Ushba en el centro izquierda y abajo la c\u00fapula del observatorio de Terskol Peak\" width=\"3000\" height=\"1040\" srcset=\"https:\/\/www.monta\u00f1asdelaluna.es\/wp-content\/uploads\/2003\/07\/precioso-atardecer-desde-barrels-con-mar-de-nubes-en-el-valle-de-baksan-el-donguzorum-a-la-derecha-los-koguters-en-el-centro-los-ushba-en-el-centro-izquierda-y-abajo-la-cupula-del-observatorio-de-t.jpg 3000w, https:\/\/www.monta\u00f1asdelaluna.es\/wp-content\/uploads\/2003\/07\/precioso-atardecer-desde-barrels-con-mar-de-nubes-en-el-valle-de-baksan-el-donguzorum-a-la-derecha-los-koguters-en-el-centro-los-ushba-en-el-centro-izquierda-y-abajo-la-cupula-del-observatorio-de-t-300x104.jpg 300w, https:\/\/www.monta\u00f1asdelaluna.es\/wp-content\/uploads\/2003\/07\/precioso-atardecer-desde-barrels-con-mar-de-nubes-en-el-valle-de-baksan-el-donguzorum-a-la-derecha-los-koguters-en-el-centro-los-ushba-en-el-centro-izquierda-y-abajo-la-cupula-del-observatorio-de-t-1024x355.jpg 1024w\" sizes=\"auto, (max-width: 3000px) 100vw, 3000px\" \/><\/a><p id=\"caption-attachment-44549\" class=\"wp-caption-text\">Precioso atardecer desde Barrels con mar de nubes en el Valle de Baksan, el Donguzorum a la derecha, los Koguters en el centro, los Ushba en el centro izquierda y abajo la c\u00fapula del observatorio de Terskol Peak<\/p><\/div>\n<p>Desde luego, una de las cosas que echar\u00e9 en falta cuando baje a Terskol ser\u00e1n los buen\u00edsimos y abundantes desayunos, comidas y cenas que nos preparaba Nadia, con toda su simpat\u00eda y amabilidad. No me canso de repetir lo simp\u00e1tica, amable y risue\u00f1a que era nuestra magn\u00edfica cocinera. Con m\u00e1s m\u00e9rito a\u00fan por que no ten\u00eda los medios ni condimentos para hacer grandes comidas, pero con lo poco (y abundante) y sencillo que ten\u00eda, lo que cocinaba y preparaba era todo un lujo y un manjar all\u00e1 arriba.<\/p>\n<p>[\/vc_column_text][\/vc_column][\/vc_row][vc_row][vc_column][vc_empty_space height=\u00bb60px\u00bb][\/vc_column][\/vc_row][vc_row][vc_column][vc_cta h2=\u00bb\u00c1lbum de fotos\u00bb txt_align=\u00bbcenter\u00bb add_button=\u00bbbottom\u00bb btn_title=\u00bbVer fotos\u00bb btn_color=\u00bbwarning\u00bb btn_align=\u00bbcenter\u00bb btn_link=\u00bburl:https%3A%2F%2Fmonta%C3%B1asdelaluna.es%2F%3Fdt_gallery%3Dascension-al-elbrus-2|title:14%20de%20julio%20de%202.003%2C%20lunes.%20Ascensi%C3%B3n%20al%20Elbrus|target:_blank\u00bb css=\u00bb.vc_custom_1625672038349{background-color: #8bc4ed !important;}\u00bb]Puedes ver todas las fotos del relato y actividad en forma de presentaci\u00f3n o individuales pinchando aqui \u00a1No te las pierdas![\/vc_cta][\/vc_column][\/vc_row][vc_row][vc_column][vc_empty_space height=\u00bb60px\u00bb][\/vc_column][\/vc_row][vc_row][vc_column width=\u00bb1\/3&#8243;][\/vc_column][vc_column width=\u00bb1\/2&#8243;][vc_raw_html]JTNDaWZyYW1lJTIwc3JjJTNEJTIyaHR0cHMlM0ElMkYlMkZ3d3cubWV0ZW9ibHVlLmNvbSUyRmVzJTJGdGllbXBvJTJGd2lkZ2V0JTJGZGFpbHklMkZtb3VudC1lbGJydXNfcnVzaWFfNTYzNTMyJTNGZGF5cyUzRDclMjZ0ZW1wdW5pdCUzRENFTFNJVVMlMjZ3aW5kdW5pdCUzREtJTE9NRVRFUl9QRVJfSE9VUiUyNnBpY3RvaWNvbiUzRDElMjZtYXh0ZW1wZXJhdHVyZSUzRDElMjZtaW50ZW1wZXJhdHVyZSUzRDElMjZ3aW5kc3BlZWQlM0QxJTI2d2luZGd1c3QlM0QxJTI2d2luZGRpcmVjdGlvbiUzRDElMjZwcmVjaXBpdGF0aW9uJTNEMSUyNnByZWNpcGl0YXRpb25wcm9iYWJpbGl0eSUzRDElMjZzcG90JTNEMSUyNnByZXNzdXJlJTNEMSUyNmxheW91dCUzRGxpZ2h0JTIyJTIwJTIwZnJhbWVib3JkZXIlM0QlMjIwJTIyJTIwc2Nyb2xsaW5nJTNEJTIyTk8lMjIlMjBhbGxvd3RyYW5zcGFyZW5jeSUzRCUyMnRydWUlMjIlMjBzdHlsZSUzRCUyMndpZHRoJTNBJTIwMzc4cHglM0JoZWlnaHQlM0ElMjAzODFweCUyMiUzRSUzQyUyRmlmcmFtZSUzRSUzQ2RpdiUzRSUzQyUyMS0tJTIwRE8lMjBOT1QlMjBSRU1PVkUlMjBUSElTJTIwTElOSyUyMC0tJTNFJTNDYSUyMGhyZWYlM0QlMjJodHRwcyUzQSUyRiUyRnd3dy5tZXRlb2JsdWUuY29tJTJGZXMlMkZ0aWVtcG8lMkZwcm9ub3N0aWNvJTJGc2VtYW5hJTJGbW91bnQtZWxicnVzX3J1c2lhXzU2MzUzMiUyMiUyMHRhcmdldCUzRCUyMl9ibGFuayUyMiUzRW1ldGVvYmx1ZSUzQyUyRmElM0UlM0MlMkZkaXYlM0U=[\/vc_raw_html][\/vc_column][vc_column width=\u00bb1\/5&#8243;][\/vc_column][\/vc_row]<\/p>\n","protected":false},"excerpt":{"rendered":"<p>[vc_row][vc_column][vc_column_text]Lunes. Ascensi\u00f3n al Elbrus.\u00a0\u00a0\u00a0\u00a0 \u00a0 \u00a0\u00a0\u00a0\u00a0 El d\u00eda empieza a la 1 h. con el ritual de vestirse de monta\u00f1ero. Botas de pl\u00e1stico, polainas, mayas, pantal\u00f3n t\u00e9cnico. Hoy somos nosotros los que hacemos ruido pero no demasiado. Desayunamos dulces, t\u00e9 caliente, tostadas. Hay que coger fuerzas. Nos ponemos los crampones y salimos a las 2h.&hellip;<\/p>\n","protected":false},"author":1,"featured_media":44530,"comment_status":"open","ping_status":"open","sticky":false,"template":"","format":"standard","meta":[],"categories":[36],"tags":[],"class_list":["post-17684","post","type-post","status-publish","format-standard","has-post-thumbnail","hentry","category-caucaso","category-36","description-off"],"_links":{"self":[{"href":"https:\/\/www.monta\u00f1asdelaluna.es\/index.php?rest_route=\/wp\/v2\/posts\/17684","targetHints":{"allow":["GET"]}}],"collection":[{"href":"https:\/\/www.monta\u00f1asdelaluna.es\/index.php?rest_route=\/wp\/v2\/posts"}],"about":[{"href":"https:\/\/www.monta\u00f1asdelaluna.es\/index.php?rest_route=\/wp\/v2\/types\/post"}],"author":[{"embeddable":true,"href":"https:\/\/www.monta\u00f1asdelaluna.es\/index.php?rest_route=\/wp\/v2\/users\/1"}],"replies":[{"embeddable":true,"href":"https:\/\/www.monta\u00f1asdelaluna.es\/index.php?rest_route=%2Fwp%2Fv2%2Fcomments&post=17684"}],"version-history":[{"count":39,"href":"https:\/\/www.monta\u00f1asdelaluna.es\/index.php?rest_route=\/wp\/v2\/posts\/17684\/revisions"}],"predecessor-version":[{"id":17692,"href":"https:\/\/www.monta\u00f1asdelaluna.es\/index.php?rest_route=\/wp\/v2\/posts\/17684\/revisions\/17692"}],"wp:featuredmedia":[{"embeddable":true,"href":"https:\/\/www.monta\u00f1asdelaluna.es\/index.php?rest_route=\/wp\/v2\/media\/44530"}],"wp:attachment":[{"href":"https:\/\/www.monta\u00f1asdelaluna.es\/index.php?rest_route=%2Fwp%2Fv2%2Fmedia&parent=17684"}],"wp:term":[{"taxonomy":"category","embeddable":true,"href":"https:\/\/www.monta\u00f1asdelaluna.es\/index.php?rest_route=%2Fwp%2Fv2%2Fcategories&post=17684"},{"taxonomy":"post_tag","embeddable":true,"href":"https:\/\/www.monta\u00f1asdelaluna.es\/index.php?rest_route=%2Fwp%2Fv2%2Ftags&post=17684"}],"curies":[{"name":"wp","href":"https:\/\/api.w.org\/{rel}","templated":true}]}}