{"id":17728,"date":"2003-07-15T18:27:13","date_gmt":"2003-07-15T18:27:13","guid":{"rendered":"http:\/\/monta\u00f1asdelaluna.com\/?p=17728"},"modified":"2021-07-14T11:30:02","modified_gmt":"2021-07-14T11:30:02","slug":"15-de-julio-de-2-003-martes-bajada-de-barrels","status":"publish","type":"post","link":"https:\/\/www.monta\u00f1asdelaluna.es\/?p=17728","title":{"rendered":"15 de julio de 2.003, martes. Bajada de Barrels"},"content":{"rendered":"<p>[vc_row][vc_column][vc_column_text]<span style=\"color: #0000ff;\">Bajada de Barrels.<\/span><br \/>\n<span style=\"color: #0000ff;\">\u00a0\u00a0\u00a0\u00a0 Amanece en Barrels y seguimos durmiendo hasta las 8:30. Nos hacemos las mochilas y nos presentamos a las 9 h. en el barrac\u00f3n comedor. Pero hemos de esperar a que Nadia preparase el desayuno. La espera vale la pena: espaguetis con huevo y queso, tarta de chocolate casera, yogurt, caf\u00e9, galletas&#8230;<\/span> Todo muy abundante y bueno. Con nosotros se juntaba m\u00e1s gente de all\u00ed para desayunar, al igual que anoche. Nos da la impresi\u00f3n de estar alimentando e invitando, a parte de a los gu\u00edas, a personas que guardan, dirigen, o simplemente est\u00e1n en Barrels. Muy curioso un chaval que hac\u00eda snow board all\u00ed y que una vez lo vimos aparecer por Dizel Hut con un amigo con aspecto nada ruso, con la cara muy quemada por el doble sol que refleja la abundante nieve y que, por lo que se ve, esta gente o no saben lo que son las cremas solares o no se molestan en comprarlas o sencillamente no les alcanza para comprarlas&#8230; No s\u00e9. Este chico (del cual no me acuerdo su nombre) sab\u00eda hablar algo de espa\u00f1ol y pudimos hablar algo entre nosotros. Nos lleg\u00f3 a preguntar si en Espa\u00f1a hab\u00eda estaciones de esqu\u00ed en verano abiertas, cosa que me sorprendi\u00f3, pero al responderle que no, que hac\u00eda demasiado calor creo que lleg\u00f3 a sorprenderse algo \u00e9l tambi\u00e9n. Cosa normal ya que est\u00e1bamos en una gran estaci\u00f3n de esqu\u00ed que gracias al enorme glaciar del Elbrus y sus abundantes llanuras y laderas suaves heladas ofrece unas condiciones ideales para conservar al nieve; tambi\u00e9n a una elevada altitud ya que Barrels estaba a tres mil ochocientos metros, pero los remontes (no los telef\u00e9ricos ni telesillas) sub\u00edan algo m\u00e1s alto. Sobre todo hab\u00edan chavales haciendo snow board, y no muchos, y poca o ninguna gente esquiando. Toda la gente, o la mayor\u00eda, que sub\u00edan aqu\u00ed arriba eran turistas rusos que lo visitaban y lo bajaban o monta\u00f1eros extranjeros con prop\u00f3sito de subir al Elbrus, como nosotros.<\/p>\n<p><span style=\"color: #0000ff;\">Luego esperamos en el patio al sol la hora de cargar las mochilas en el telesilla. Esperamos y esperamos observando a la gente preparar sus mochilas o regresar de la cumbre.<\/span><\/p>\n<div id=\"attachment_44552\" style=\"width: 1844px\" class=\"wp-caption aligncenter\"><a class=\"dt-single-image\" href=\"https:\/\/www.monta\u00f1asdelaluna.es\/wp-content\/uploads\/2003\/07\/de-izquierda-a-derecha-jesus-andujar-jesus-santana-nadia-oleg-joaquin-quique-y-ola-en-barrels-3-800-mts-detras-queda-el-elbrus-cubierto.jpg\" data-dt-img-description=\"\"><img loading=\"lazy\" decoding=\"async\" aria-describedby=\"caption-attachment-44552\" class=\"wp-image-44552 size-full\" src=\"https:\/\/www.monta\u00f1asdelaluna.es\/wp-content\/uploads\/2003\/07\/de-izquierda-a-derecha-jesus-andujar-jesus-santana-nadia-oleg-joaquin-quique-y-ola-en-barrels-3-800-mts-detras-queda-el-elbrus-cubierto.jpg\" alt=\"De izquierda a derecha: Jes\u00fas And\u00fajar, Jes\u00fas Santana, Nadia, Oleg, Joaqu\u00edn, Quique y Ola en Barrels, 3.800 mts., detr\u00e1s queda el Elbrus cubierto\" width=\"1834\" height=\"1221\" srcset=\"https:\/\/www.monta\u00f1asdelaluna.es\/wp-content\/uploads\/2003\/07\/de-izquierda-a-derecha-jesus-andujar-jesus-santana-nadia-oleg-joaquin-quique-y-ola-en-barrels-3-800-mts-detras-queda-el-elbrus-cubierto.jpg 1834w, https:\/\/www.monta\u00f1asdelaluna.es\/wp-content\/uploads\/2003\/07\/de-izquierda-a-derecha-jesus-andujar-jesus-santana-nadia-oleg-joaquin-quique-y-ola-en-barrels-3-800-mts-detras-queda-el-elbrus-cubierto-300x200.jpg 300w, https:\/\/www.monta\u00f1asdelaluna.es\/wp-content\/uploads\/2003\/07\/de-izquierda-a-derecha-jesus-andujar-jesus-santana-nadia-oleg-joaquin-quique-y-ola-en-barrels-3-800-mts-detras-queda-el-elbrus-cubierto-1024x682.jpg 1024w\" sizes=\"auto, (max-width: 1834px) 100vw, 1834px\" \/><\/a><p id=\"caption-attachment-44552\" class=\"wp-caption-text\">De izquierda a derecha: Jes\u00fas And\u00fajar, Jes\u00fas Santana, Nadia, Oleg, Joaqu\u00edn, Quique y Ola en Barrels, 3.800 mts., detr\u00e1s queda el Elbrus cubierto<\/p><\/div>\n<p>Aprovechamos para seguir hablando con Toni y Pau. Hacer fotos de los alrededores. Al Elbrus y a su gigantesca cortina de hielo y nieve que baja del mismo y lo cubre todo. Hoy, a pesar del buen d\u00eda que ha amanecido, vemos que las cumbres del Elbrus est\u00e1n tapadas por una \u00fanica nube que apenas deja ver la cima este. Oleg nos dice que ahora all\u00e1 arriba hace mal tiempo, mucho fr\u00edo y mucho viento. Mucho peor que cuando subimos, a pesar de que la nubecilla no parec\u00eda mucha cosa desde aqu\u00ed.<\/p>\n<p>Al fin y al cabo tuvimos mucha suerte al subir al Elbrus el lunes que hizo un d\u00eda inmejorable y luna llena, ya que hoy y el domingo hizo mal d\u00eda para subirlo con \u00e9xito, buenas condiciones y visibilidad; aparte de que hoy lo hubi\u00e9ramos tenido que subir desde Barrels.<\/p>\n<p>Hoy quer\u00eda despedirme del Elbrus ech\u00e1ndole una \u00faltima mirada, una \u00faltima foto y un \u00faltimo pensamiento. Hab\u00edamos conseguido llegar a su cumbre, o mejor dicho, \u00e9l nos dej\u00f3 llegar a su c\u00faspide. Ahora ve\u00eda amable y amigable al Elbrus. Su sumisi\u00f3n ante nuestros pies nos daba a entender que de ahora en adelante nuestras almas ser\u00edan hermanas. No hab\u00edamos conquistado una monta\u00f1a, nos hab\u00eda permitido recorrer sus faldas y laderas hasta su punto culminante, hasta lo m\u00e1s sagrado, perseguido y sublime que tiene&#8230; su altar, su morada, su mayor tesoro.<\/p>\n<div id=\"attachment_44554\" style=\"width: 1034px\" class=\"wp-caption aligncenter\"><a class=\"dt-single-image\" href=\"https:\/\/www.monta\u00f1asdelaluna.es\/wp-content\/uploads\/2003\/07\/se-va-despejando-la-cima-mas-baja-del-elbrus-co-las-pastukhov-rocks-bajo-ella.jpg\" data-dt-img-description=\"\"><img loading=\"lazy\" decoding=\"async\" aria-describedby=\"caption-attachment-44554\" class=\"wp-image-44554 size-large\" src=\"https:\/\/www.monta\u00f1asdelaluna.es\/wp-content\/uploads\/2003\/07\/se-va-despejando-la-cima-mas-baja-del-elbrus-co-las-pastukhov-rocks-bajo-ella-1024x680.jpg\" alt=\"Se va despejando la cima m\u00e1s baja del Elbrus, co las Pastukhov Rocks bajo ella\" width=\"1024\" height=\"680\" srcset=\"https:\/\/www.monta\u00f1asdelaluna.es\/wp-content\/uploads\/2003\/07\/se-va-despejando-la-cima-mas-baja-del-elbrus-co-las-pastukhov-rocks-bajo-ella-1024x680.jpg 1024w, https:\/\/www.monta\u00f1asdelaluna.es\/wp-content\/uploads\/2003\/07\/se-va-despejando-la-cima-mas-baja-del-elbrus-co-las-pastukhov-rocks-bajo-ella-300x199.jpg 300w, https:\/\/www.monta\u00f1asdelaluna.es\/wp-content\/uploads\/2003\/07\/se-va-despejando-la-cima-mas-baja-del-elbrus-co-las-pastukhov-rocks-bajo-ella.jpg 1838w\" sizes=\"auto, (max-width: 1024px) 100vw, 1024px\" \/><\/a><p id=\"caption-attachment-44554\" class=\"wp-caption-text\">Se va despejando la cima m\u00e1s baja del Elbrus, co las Pastukhov Rocks bajo ella<\/p><\/div>\n<p>\u00a1Adi\u00f3s Elbrus&#8230; hasta al vista!, \u00a1Ha sido un placer conocerte! No s\u00e9 si volver\u00e9 alg\u00fan d\u00eda&#8230; creo que no.<\/p>\n<p><span style=\"color: #0000ff;\">Por fin despu\u00e9s de m\u00e1s esperas y de ver llegar mucha gente en el telesilla, cargamos las mochilas y bajamos con impresionantes vistas del glaciar, y luego al telef\u00e9rico, apretados como sardinas. \u00a0<\/span><\/p>\n<p>Mientras bajamos por el telesilla ten\u00edamos una bella visi\u00f3n del Donguzorum Peque\u00f1o con su puntiagudo pico y crestas rodeado de hielos y nieve. Las bandas rocosas se hac\u00edan m\u00e1s grandes y menos abundante la nieve aunque el glaciar segu\u00eda cayendo a ambos lados de la gran morrena en la que se encontraban los enormes pilares que sujetan el telesilla.<\/p>\n<p>En el telef\u00e9rico empieza a sonarme insistentemente y sorpresivamente el m\u00f3vil. Siempre que te llamaban sal\u00eda un n\u00famero muy largo de Rusia, nunca el internacional desde donde te llaman, as\u00ed que no sabes quien te pod\u00eda llamar. Al cabo de un peque\u00f1o rato de buscarlo y de abrir cremalleras en la mochila lo cojo. Era Maite Suarez. No puede hablar muy alto por que est\u00e1 en la academia en la que imparte clases de franc\u00e9s y apenas la oigo. Me dice que el domingo se muri\u00f3 repentinamente su t\u00edo y que ayer lo enterraron; tambi\u00e9n que se volv\u00eda a Francia para que vieran los m\u00e9dicos su dolorida espalda ya que no se fiaba de las soluciones y diagn\u00f3sticos de los m\u00e9dicos de Espa\u00f1a. Hac\u00eda que me preocupara y me sintiera culpable de lo que le estaba ocurriendo mientras yo estaba aqu\u00ed en Rusia \u00a1\u00bfQu\u00e9 culpa ten\u00eda yo?! \u00a1\u00bfQu\u00e9 pod\u00eda hacer yo?!&#8230; Fue casualidad de que ocurriera todo esto mientras yo estaba en el Caucaso pero su desequilibrado razonamiento resolvi\u00f3 en que, sin tenerla, yo ten\u00eda una culpa sinraz\u00f3n por no haber estado all\u00ed a su lado en los momentos en que me necesitaba&#8230; Un extra\u00f1o duende nos maldijo la relaci\u00f3n y por parte de ella no se iba a poner soluci\u00f3n&#8230; yo deb\u00eda de cambiar mi forma de ser y muchas m\u00e1s cosas&#8230; algo irracional y desequilibrado. Aunque ahora no voy a seguir contando esta absurda relaci\u00f3n; fue el preludio de \u201cuna muerte anunciada\u201d. La culpa realmente s\u00ed era m\u00eda, pero por tomarme tan a pecho y tener tanto en cuenta las \u201ctonter\u00edas\u201d, \u201cni\u00f1er\u00edas\u201d, \u201cmalos rollos\u201d as\u00ed como desprecios y dem\u00e1s incoherencias de una ni\u00f1a mimada, superficial y materialista. El amor es ciego pero yo estaba ciego, sordo y mudo&#8230; \u00a1en fin! Tambi\u00e9n hubieron momentos buenos&#8230; algunos pocos&#8230;\u00a0 \u00a1Adi\u00f3s!, tambi\u00e9n a ti, mi Princesa del Languedoc; este Caballero de Arag\u00f3n vuelve a su tierra.<\/p>\n<div id=\"attachment_44556\" style=\"width: 1034px\" class=\"wp-caption aligncenter\"><a class=\"dt-single-image\" href=\"https:\/\/www.monta\u00f1asdelaluna.es\/wp-content\/uploads\/2003\/07\/bajando-en-el-telesilla-el-donguzorum-pequeno-a-la-izquierda.jpg\" data-dt-img-description=\"\"><img loading=\"lazy\" decoding=\"async\" aria-describedby=\"caption-attachment-44556\" class=\"wp-image-44556 size-large\" src=\"https:\/\/www.monta\u00f1asdelaluna.es\/wp-content\/uploads\/2003\/07\/bajando-en-el-telesilla-el-donguzorum-pequeno-a-la-izquierda-1024x681.jpg\" alt=\"Bajando en el telesilla, el Donguzorum Peque\u00f1o a la izquierda\" width=\"1024\" height=\"681\" srcset=\"https:\/\/www.monta\u00f1asdelaluna.es\/wp-content\/uploads\/2003\/07\/bajando-en-el-telesilla-el-donguzorum-pequeno-a-la-izquierda-1024x681.jpg 1024w, https:\/\/www.monta\u00f1asdelaluna.es\/wp-content\/uploads\/2003\/07\/bajando-en-el-telesilla-el-donguzorum-pequeno-a-la-izquierda-300x199.jpg 300w, https:\/\/www.monta\u00f1asdelaluna.es\/wp-content\/uploads\/2003\/07\/bajando-en-el-telesilla-el-donguzorum-pequeno-a-la-izquierda.jpg 1840w\" sizes=\"auto, (max-width: 1024px) 100vw, 1024px\" \/><\/a><p id=\"caption-attachment-44556\" class=\"wp-caption-text\">Bajando en el telesilla, el Donguzorum Peque\u00f1o a la izquierda<\/p><\/div>\n<p><span style=\"color: #0000ff;\">Una cerveza en una cafeter\u00eda de la estaci\u00f3n del telef\u00e9rico. Volver al Hotel Wolfram a cagar y cambiarnos. Dejar la ropa a secar y bajar andando a CHeget a comer ensalada y chuletas. En un hotel de CHeget compramos camisetas del Elbruz.<\/span> El primer d\u00eda vimos a Oleg con esta camiseta y nos gust\u00f3, pero era de la \u201ccompetencia\u201d, de una empresa tambi\u00e9n de gu\u00edas diferente a la de Helen (Elena); por ello hasta los \u00faltimos d\u00edas Oleg no quer\u00eda que las compr\u00e1ramos por si las ve\u00eda Helen y nos dijo que no nos la pusi\u00e9ramos aqu\u00ed por si ella las ve\u00eda. \u00a1Claro! Era como si Oleg nos hubiera llevado a la competencia de la empresa con la que estaba contratado ahora. L\u00f3gico. <span style=\"color: #0000ff;\">Vemos el mercadillo y volvemos al hotel. All\u00ed cenamos y hablamos con Helen y Oleg para cambiar los billetes para ir a Mosc\u00fa el 17 en lugar del 19. Todo son problemas e inconvenientes. Discutimos como siempre. Llamamos a Espa\u00f1a a preguntar. Charlamos con los catalanes y con un chino monta\u00f1ero. Con los portugueses que no han tenido ning\u00fan problema con Pilgrim Tours por cambiar el billete, damos una vuelta por el pub y nos vamos a acostar anulando el trekking de ma\u00f1ana para hacer gestiones de vuelo.<\/span><\/p>\n<div id=\"attachment_44572\" style=\"width: 832px\" class=\"wp-caption aligncenter\"><a class=\"dt-single-image\" href=\"https:\/\/www.monta\u00f1asdelaluna.es\/wp-content\/uploads\/2003\/07\/jesus-y-joaquin-en-el-hotel-wolfram-senalando-nuestra-habitacion.jpg\" data-dt-img-description=\"\"><img loading=\"lazy\" decoding=\"async\" aria-describedby=\"caption-attachment-44572\" class=\"wp-image-44572 \" src=\"https:\/\/www.monta\u00f1asdelaluna.es\/wp-content\/uploads\/2003\/07\/jesus-y-joaquin-en-el-hotel-wolfram-senalando-nuestra-habitacion.jpg\" alt=\"Jes\u00fas y Joaqu\u00edn en el Hotel Wolfram se\u00f1alando nuestra habitaci\u00f3n\" width=\"822\" height=\"1250\" srcset=\"https:\/\/www.monta\u00f1asdelaluna.es\/wp-content\/uploads\/2003\/07\/jesus-y-joaquin-en-el-hotel-wolfram-senalando-nuestra-habitacion.jpg 1044w, https:\/\/www.monta\u00f1asdelaluna.es\/wp-content\/uploads\/2003\/07\/jesus-y-joaquin-en-el-hotel-wolfram-senalando-nuestra-habitacion-197x300.jpg 197w, https:\/\/www.monta\u00f1asdelaluna.es\/wp-content\/uploads\/2003\/07\/jesus-y-joaquin-en-el-hotel-wolfram-senalando-nuestra-habitacion-673x1024.jpg 673w\" sizes=\"auto, (max-width: 822px) 100vw, 822px\" \/><\/a><p id=\"caption-attachment-44572\" class=\"wp-caption-text\">Jes\u00fas y Joaqu\u00edn en el Hotel Wolfram se\u00f1alando nuestra habitaci\u00f3n<\/p><\/div>\n<div id=\"attachment_44418\" style=\"width: 831px\" class=\"wp-caption aligncenter\"><a class=\"dt-single-image\" href=\"https:\/\/www.monta\u00f1asdelaluna.es\/wp-content\/uploads\/2003\/07\/hotel-wolfram-en-terskol.jpg\" data-dt-img-description=\"\"><img loading=\"lazy\" decoding=\"async\" aria-describedby=\"caption-attachment-44418\" class=\"wp-image-44418 \" src=\"https:\/\/www.monta\u00f1asdelaluna.es\/wp-content\/uploads\/2003\/07\/hotel-wolfram-en-terskol.jpg\" alt=\"Hotel Wolfram en Terskol\" width=\"821\" height=\"785\" srcset=\"https:\/\/www.monta\u00f1asdelaluna.es\/wp-content\/uploads\/2003\/07\/hotel-wolfram-en-terskol.jpg 1092w, https:\/\/www.monta\u00f1asdelaluna.es\/wp-content\/uploads\/2003\/07\/hotel-wolfram-en-terskol-300x287.jpg 300w, https:\/\/www.monta\u00f1asdelaluna.es\/wp-content\/uploads\/2003\/07\/hotel-wolfram-en-terskol-1024x979.jpg 1024w\" sizes=\"auto, (max-width: 821px) 100vw, 821px\" \/><\/a><p id=\"caption-attachment-44418\" class=\"wp-caption-text\">Hotel Wolfram en Terskol<\/p><\/div>\n<p>Hab\u00edamos decidido, por insistencia de Jes\u00fas And\u00fajar, ya que hab\u00edamos conseguido subir al Elbrus que era nuestro objetivo en el viaje, el volver antes a Mosc\u00fa para que nos diera tiempo a visitar la gran ciudad imperial rusa. Por eso hablamos con Helen y Oleg para cambiar los billetes y reservar hotel. Helen nos dec\u00eda que era imposible, que ten\u00edamos actividades que hacer aqu\u00ed en el Caucaso y no ten\u00edamos por que regresar antes a Mosc\u00fa. Alegaba que era imposible desde all\u00ed cambiar los billetes de avi\u00f3n y no hab\u00eda hoteles con habitaciones libres para reservar dos noches en Mosc\u00fa. Nos supo a mentiras, a enga\u00f1os y nosotros mismos consultando con otros monta\u00f1eros como los portugueses y los catalanes, supimos que s\u00ed se pod\u00eda cambiar los billetes de avi\u00f3n yendo veinticuatro horas antes de dicho vuelo al aeropuerto de Mineralnye Vodi a cambiarlos; incluso al mismo Oleg se le escap\u00f3 dicha posibilidad para cambiar el vuelo pero lo negaba delante de Helen.<\/p>\n<div id=\"attachment_36710\" style=\"width: 1285px\" class=\"wp-caption aligncenter\"><a class=\"dt-single-image\" href=\"https:\/\/www.monta\u00f1asdelaluna.es\/wp-content\/uploads\/2003\/07\/Elbrus2.mapa_.croquis.jpg\" data-dt-img-description=\"\"><img loading=\"lazy\" decoding=\"async\" aria-describedby=\"caption-attachment-36710\" class=\"wp-image-36710 size-full\" src=\"https:\/\/www.monta\u00f1asdelaluna.es\/wp-content\/uploads\/2003\/07\/Elbrus2.mapa_.croquis.jpg\" alt=\"Croquis de bajada de Barrels a Terskol. Linea negra: telesilla y telecabina\" width=\"1275\" height=\"1755\" srcset=\"https:\/\/www.monta\u00f1asdelaluna.es\/wp-content\/uploads\/2003\/07\/Elbrus2.mapa_.croquis.jpg 1275w, https:\/\/www.monta\u00f1asdelaluna.es\/wp-content\/uploads\/2003\/07\/Elbrus2.mapa_.croquis-218x300.jpg 218w, https:\/\/www.monta\u00f1asdelaluna.es\/wp-content\/uploads\/2003\/07\/Elbrus2.mapa_.croquis-744x1024.jpg 744w\" sizes=\"auto, (max-width: 1275px) 100vw, 1275px\" \/><\/a><p id=\"caption-attachment-36710\" class=\"wp-caption-text\">Croquis de bajada de Barrels a Terskol. Linea negra: telesilla y telecabina<\/p><\/div>\n<p>Estaba claro que si quer\u00edamos ir antes a Mosc\u00fa deb\u00edamos buscar los medios por nuestra cuenta. \u00a1Que verg\u00fcenza ajena! sent\u00eda de Helen y Oleg. \u00a1\u00bfC\u00f3mo pod\u00edan comportarse y ser de esa manera?! De modo que aplazamos el trekking de ma\u00f1ana y nos ocupar\u00edamos de dichas gestiones.[\/vc_column_text][\/vc_column][\/vc_row][vc_row][vc_column][vc_empty_space height=\u00bb60px\u00bb][\/vc_column][\/vc_row][vc_row][vc_column][vc_cta h2=\u00bb\u00c1lbum de fotos\u00bb txt_align=\u00bbcenter\u00bb add_button=\u00bbbottom\u00bb btn_title=\u00bbVer fotos\u00bb btn_color=\u00bbwarning\u00bb btn_align=\u00bbcenter\u00bb btn_link=\u00bburl:https%3A%2F%2Fmonta%C3%B1asdelaluna.es%2F%3Fdt_gallery%3Dascension-al-elbrus-2|title:Ascensi%C3%B3n%20al%20Elbrus%20(5.642%20mts.)|target:_blank\u00bb css=\u00bb.vc_custom_1625672198391{background-color: #8bc4ed !important;}\u00bb]Puedes ver todas las fotos del relato y actividad en forma de presentaci\u00f3n o individuales pinchando aqui \u00a1No te las pierdas![\/vc_cta][\/vc_column][\/vc_row][vc_row][vc_column][vc_empty_space height=\u00bb60px\u00bb][\/vc_column][\/vc_row][vc_row][vc_column width=\u00bb1\/3&#8243;][\/vc_column][vc_column width=\u00bb1\/2&#8243;][vc_raw_html]JTNDaWZyYW1lJTIwc3JjJTNEJTIyaHR0cHMlM0ElMkYlMkZ3d3cubWV0ZW9ibHVlLmNvbSUyRmVzJTJGdGllbXBvJTJGd2lkZ2V0JTJGZGFpbHklMkZ0ZXJza29sX3J1c2lhXzQ4MzI2OSUzRmRheXMlM0Q3JTI2dGVtcHVuaXQlM0RDRUxTSVVTJTI2d2luZHVuaXQlM0RLSUxPTUVURVJfUEVSX0hPVVIlMjZwaWN0b2ljb24lM0QxJTI2bWF4dGVtcGVyYXR1cmUlM0QxJTI2bWludGVtcGVyYXR1cmUlM0QxJTI2d2luZHNwZWVkJTNEMSUyNndpbmRndXN0JTNEMSUyNndpbmRkaXJlY3Rpb24lM0QxJTI2cHJlY2lwaXRhdGlvbiUzRDElMjZwcmVjaXBpdGF0aW9ucHJvYmFiaWxpdHklM0QxJTI2c3BvdCUzRDElMjZwcmVzc3VyZSUzRDElMjZsYXlvdXQlM0RsaWdodCUyMiUyMCUyMGZyYW1lYm9yZGVyJTNEJTIyMCUyMiUyMHNjcm9sbGluZyUzRCUyMk5PJTIyJTIwYWxsb3d0cmFuc3BhcmVuY3klM0QlMjJ0cnVlJTIyJTIwc3R5bGUlM0QlMjJ3aWR0aCUzQSUyMDM3OHB4JTNCaGVpZ2h0JTNBJTIwMzgxcHglMjIlM0UlM0MlMkZpZnJhbWUlM0UlM0NkaXYlM0UlM0MlMjEtLSUyMERPJTIwTk9UJTIwUkVNT1ZFJTIwVEhJUyUyMExJTkslMjAtLSUzRSUzQ2ElMjBocmVmJTNEJTIyaHR0cHMlM0ElMkYlMkZ3d3cubWV0ZW9ibHVlLmNvbSUyRmVzJTJGdGllbXBvJTJGcHJvbm9zdGljbyUyRnNlbWFuYSUyRnRlcnNrb2xfcnVzaWFfNDgzMjY5JTIyJTIwdGFyZ2V0JTNEJTIyX2JsYW5rJTIyJTNFbWV0ZW9ibHVlJTNDJTJGYSUzRSUzQyUyRmRpdiUzRQ==[\/vc_raw_html][\/vc_column][vc_column width=\u00bb1\/5&#8243;][\/vc_column][\/vc_row]<\/p>\n","protected":false},"excerpt":{"rendered":"<p>[vc_row][vc_column][vc_column_text]Bajada de Barrels. \u00a0\u00a0\u00a0\u00a0 Amanece en Barrels y seguimos durmiendo hasta las 8:30. Nos hacemos las mochilas y nos presentamos a las 9 h. en el barrac\u00f3n comedor. Pero hemos de esperar a que Nadia preparase el desayuno. La espera vale la pena: espaguetis con huevo y queso, tarta de chocolate casera, yogurt, caf\u00e9, galletas&#8230;&hellip;<\/p>\n","protected":false},"author":1,"featured_media":44556,"comment_status":"open","ping_status":"open","sticky":false,"template":"","format":"standard","meta":[],"categories":[36],"tags":[],"class_list":["post-17728","post","type-post","status-publish","format-standard","has-post-thumbnail","hentry","category-caucaso","category-36","description-off"],"_links":{"self":[{"href":"https:\/\/www.monta\u00f1asdelaluna.es\/index.php?rest_route=\/wp\/v2\/posts\/17728","targetHints":{"allow":["GET"]}}],"collection":[{"href":"https:\/\/www.monta\u00f1asdelaluna.es\/index.php?rest_route=\/wp\/v2\/posts"}],"about":[{"href":"https:\/\/www.monta\u00f1asdelaluna.es\/index.php?rest_route=\/wp\/v2\/types\/post"}],"author":[{"embeddable":true,"href":"https:\/\/www.monta\u00f1asdelaluna.es\/index.php?rest_route=\/wp\/v2\/users\/1"}],"replies":[{"embeddable":true,"href":"https:\/\/www.monta\u00f1asdelaluna.es\/index.php?rest_route=%2Fwp%2Fv2%2Fcomments&post=17728"}],"version-history":[{"count":15,"href":"https:\/\/www.monta\u00f1asdelaluna.es\/index.php?rest_route=\/wp\/v2\/posts\/17728\/revisions"}],"predecessor-version":[{"id":36709,"href":"https:\/\/www.monta\u00f1asdelaluna.es\/index.php?rest_route=\/wp\/v2\/posts\/17728\/revisions\/36709"}],"wp:featuredmedia":[{"embeddable":true,"href":"https:\/\/www.monta\u00f1asdelaluna.es\/index.php?rest_route=\/wp\/v2\/media\/44556"}],"wp:attachment":[{"href":"https:\/\/www.monta\u00f1asdelaluna.es\/index.php?rest_route=%2Fwp%2Fv2%2Fmedia&parent=17728"}],"wp:term":[{"taxonomy":"category","embeddable":true,"href":"https:\/\/www.monta\u00f1asdelaluna.es\/index.php?rest_route=%2Fwp%2Fv2%2Fcategories&post=17728"},{"taxonomy":"post_tag","embeddable":true,"href":"https:\/\/www.monta\u00f1asdelaluna.es\/index.php?rest_route=%2Fwp%2Fv2%2Ftags&post=17728"}],"curies":[{"name":"wp","href":"https:\/\/api.w.org\/{rel}","templated":true}]}}