{"id":17937,"date":"2014-09-27T16:04:55","date_gmt":"2014-09-27T16:04:55","guid":{"rendered":"http:\/\/monta\u00f1asdelaluna.com\/?p=17937"},"modified":"2021-07-15T20:31:57","modified_gmt":"2021-07-15T20:31:57","slug":"punta-alta-bajada-por-cavallers","status":"publish","type":"post","link":"https:\/\/www.monta\u00f1asdelaluna.es\/?p=17937","title":{"rendered":"Punta Alta. Bajada por Cavallers"},"content":{"rendered":"<p>[vc_row][vc_column][vc_column_text]No pudimos disfrutar hace pocos d\u00edas antes de los rincones, cimas y vistas entre G\u00f3riz y Serradets, entre Monte Perdido y Gavarni\u00e9, pero al fin de semana siguiente, 27 y 28 de septiembre, aprovechamos para quitarnos la espinita de subir un tres mil acerc\u00e1ndonos al conocido Valle de Boi para atacar al Punta Alta, tambi\u00e9n conocido como Punta Alta de Comalesbienes, de 3.019 mts. de altura, dentro del Parque Nacional de Aig\u00fcestortes y Estany Sant Maurici.<\/p>\n<p>Ya visit\u00e9 y sub\u00ed este pico en la Semana Santa del 2.001 con los compa\u00f1eros del Centro Excursionista Almorad\u00ed (<a href=\"https:\/\/www.monta\u00f1asdelaluna.es\/?p=17286\" target=\"_blank\" rel=\"noopener\">Punta Alta y Valle de Boi. La tierra de los cien mil lagos<\/a>), y los recuerdos del lugar, monta\u00f1as y experiencia son excepcionales. Un joven J. Joaqu\u00edn Terr\u00e9s volv\u00eda a la alta monta\u00f1a en una nueva etapa con ilusi\u00f3n y expectaci\u00f3n. Al menos el d\u00eda que sub\u00ed por primera vez, entre a\u00fan nieves y hielos invernales, tuve mejor tiempo y vistas que en este verano oscuro, fresco y lluvioso.<\/p>\n<p>5 somos los atrevidos que hemos reservado sitio en el Refugio Ventosa y Calvell para pasar la noche del 27 y de esta manera subir al pico por la cara norte y casi m\u00e1s asequible o al menos, menos rompedora. La idea era bajar el enorme desnivel que hay hasta la Presa del Embalse de Cavallers, en pocos kil\u00f3metros, unos 1.300 mts. de desnivel. Pero el tiempo no acompa\u00f1a; tenemos dudas antes de salir hac\u00eda el Pirineo; el mal tiempo y la probabilidad de lluvia echan para atr\u00e1s algunos participantes. Pero yo tengo ganas de subir y de ir s\u00ed o s\u00ed. Con lo que mi decisi\u00f3n est\u00e1 tomada.<\/p>\n<div id=\"attachment_17839\" style=\"width: 770px\" class=\"wp-caption aligncenter\"><a class=\"dt-single-image\" href=\"https:\/\/www.monta\u00f1asdelaluna.es\/wp-content\/uploads\/2015\/08\/PuntaAlta-003.jpg\" data-dt-img-description=\"\"><img loading=\"lazy\" decoding=\"async\" aria-describedby=\"caption-attachment-17839\" class=\"wp-image-17839 size-full\" src=\"https:\/\/www.monta\u00f1asdelaluna.es\/wp-content\/uploads\/2015\/08\/PuntaAlta-003.jpg\" alt=\"Embalse de Cavallers\" width=\"760\" height=\"570\" srcset=\"https:\/\/www.monta\u00f1asdelaluna.es\/wp-content\/uploads\/2015\/08\/PuntaAlta-003.jpg 760w, https:\/\/www.monta\u00f1asdelaluna.es\/wp-content\/uploads\/2015\/08\/PuntaAlta-003-300x225.jpg 300w\" sizes=\"auto, (max-width: 760px) 100vw, 760px\" \/><\/a><p id=\"caption-attachment-17839\" class=\"wp-caption-text\">Embalse de Cavallers<\/p><\/div>\n<p>Dejamos el coche en el parking de la Presa de Cavallers. Me asombro al descubrir el pasillo que recorre el interior de la presa y que sale al exterior entre contrafuerte y contrafuerte, como si fuera un balc\u00f3n terror\u00edficamente encaramado al alto y vertiginoso torre\u00f3n de un castillo. Seguiremos el camino ya realizado tantas otras veces para subir al Refugio Ventosa i Calvell o al Besiberri Norte, el mismo camino que hicimos en <a href=\"https:\/\/www.monta\u00f1asdelaluna.es\/?p=17286\" target=\"_blank\" rel=\"noopener\">Punta Alta y Valle de Boi. La tierra de los cien mil lagos<\/a> y que tan largo me pareci\u00f3 en su momento. Subimos hasta la parte alta de la presa. Rodeamos el embalse por el lado derecho hasta su punta, y seguimos el recorrido se\u00f1alado con erguidos palos de punta amarilla (que marca la se\u00f1alizaci\u00f3n de un recorrido) que deja a la espalda el Embalse de Cavallers y a la izquierda la vertiginosa subida al Besiberri Norte. Nosotros seguiremos por la explanada de\u00a0 Riumalo hasta comenzar a superar las rocas lisas y casi verticales, por un zigzagueo de la ruta en la misma roca, que tenemos enfrente, norte-noreste (algo a la derecha) de las Llastres de La Morta.<\/p>\n<p>El tiempo de este s\u00e1bado no es demasiado malo; a pesar de las nubes que rodean e invaden muchas de las alturas como la Punta Harl\u00e9, el sol impera entre ellas con m\u00e1s luz que sombras. Nos encontramos escaladores que aprovechan las buenas temperaturas para agarrarse a las lisas paredes; incluso alguno extranjero que no sabe ni hablar ingl\u00e9s a los cuales pregunto, pensando que ven\u00edan de las extraordinarias Agujas de Travessani. Cruzando los puentes y pasarelas del Riuet del Estany Negre, en el comienzo de la explanada del Pletiu de Riumalo, descubrimos, mirando a la izquierda y oeste, la impresionante, alta y lejana figura, casi irreconocible desde aqu\u00ed si no la conoces, del encrespado y recortado Besiberri Norte. Hermosa imagen entre nubes de altura que lo envuelven y abordan como si se tratase de una visi\u00f3n espectral, fantasmag\u00f3rica y extraordinaria. Como un reflejo, un espejismo incre\u00edble, espectacular, que parece desaparecer\u00e1 en cualquier momento. Impresionante.<\/p>\n<div id=\"attachment_17846\" style=\"width: 770px\" class=\"wp-caption aligncenter\"><a class=\"dt-single-image\" href=\"https:\/\/www.monta\u00f1asdelaluna.es\/wp-content\/uploads\/2015\/08\/PuntaAlta-021.jpg\" data-dt-img-description=\"\"><img loading=\"lazy\" decoding=\"async\" aria-describedby=\"caption-attachment-17846\" class=\"wp-image-17846 size-full\" src=\"https:\/\/www.monta\u00f1asdelaluna.es\/wp-content\/uploads\/2015\/08\/PuntaAlta-021.jpg\" alt=\"Pletiu de Riumalo\" width=\"760\" height=\"570\" srcset=\"https:\/\/www.monta\u00f1asdelaluna.es\/wp-content\/uploads\/2015\/08\/PuntaAlta-021.jpg 760w, https:\/\/www.monta\u00f1asdelaluna.es\/wp-content\/uploads\/2015\/08\/PuntaAlta-021-300x225.jpg 300w\" sizes=\"auto, (max-width: 760px) 100vw, 760px\" \/><\/a><p id=\"caption-attachment-17846\" class=\"wp-caption-text\">Pletiu de Riumalo<\/p><\/div>\n<div id=\"attachment_17847\" style=\"width: 770px\" class=\"wp-caption aligncenter\"><a class=\"dt-single-image\" href=\"https:\/\/www.monta\u00f1asdelaluna.es\/wp-content\/uploads\/2015\/08\/PuntaAlta-022.jpg\" data-dt-img-description=\"\"><img loading=\"lazy\" decoding=\"async\" aria-describedby=\"caption-attachment-17847\" class=\"wp-image-17847 size-full\" src=\"https:\/\/www.monta\u00f1asdelaluna.es\/wp-content\/uploads\/2015\/08\/PuntaAlta-022.jpg\" alt=\"Arriba el Besiberri Norte\" width=\"760\" height=\"570\" srcset=\"https:\/\/www.monta\u00f1asdelaluna.es\/wp-content\/uploads\/2015\/08\/PuntaAlta-022.jpg 760w, https:\/\/www.monta\u00f1asdelaluna.es\/wp-content\/uploads\/2015\/08\/PuntaAlta-022-300x225.jpg 300w\" sizes=\"auto, (max-width: 760px) 100vw, 760px\" \/><\/a><p id=\"caption-attachment-17847\" class=\"wp-caption-text\">Arriba el Besiberri Norte<\/p><\/div>\n<p>La gente lleva buen ritmo; Gisela y su padre Jordi encabezan la marcha sin casi descansos. Enseguida pasamos el laber\u00edntico paso arriba de Llastres de La Morta que nos acercar\u00e1 al refugio, con las vistas incre\u00edbles de las Agujas de Travessani algo nubladas, algo ocultas bajo la blanca nube, pero que deja ver las picudas y esbeltas agujas m\u00e1s bajas y las m\u00e1s abruptas. Magn\u00edficas. Hay que estar atento en esta parte del recorrido, ya que la senda hace zigzags escondidos entre las enormes rocas. Por suerte tenemos los palos que nos ayudan a seguir (si no los perdemos de vista) hasta las cercan\u00edas del refugio.<\/p>\n<p>Y enseguida vemos el encaramado Refugio Ventosa i Calvell. El refugio con nombre de empresario forestal de los a\u00f1os 50. Curiosa la historia de Ventosa i Calvell, la ENHER y la fundaci\u00f3n del Parque Nacional de Aig\u00fcestortes i Estany Sant Maurici\u2026 La primera vista del refugio cuando llegas por la senda desde Cavallers es impresionante: detr\u00e1s de \u00e9l aparecen a lo lejos las crestas de Contraix, impresionante, gigantesco paisaje alpino. Y debajo del mismo refugio, en el fondo del barranco: el Estany Negre, enorme, magn\u00edfico y hermoso a la vez. Ya estamos en el refugio. Es mi segunda vez que estoy en \u00e9l. Ya hace m\u00e1s de 13 a\u00f1os y los cambios y mejoras son latentes.<\/p>\n<div id=\"attachment_17857\" style=\"width: 770px\" class=\"wp-caption aligncenter\"><a class=\"dt-single-image\" href=\"https:\/\/www.monta\u00f1asdelaluna.es\/wp-content\/uploads\/2015\/08\/PuntaAlta-039.jpg\" data-dt-img-description=\"\"><img loading=\"lazy\" decoding=\"async\" aria-describedby=\"caption-attachment-17857\" class=\"wp-image-17857 size-full\" src=\"https:\/\/www.monta\u00f1asdelaluna.es\/wp-content\/uploads\/2015\/08\/PuntaAlta-039.jpg\" alt=\"Las Agujas de Travessani\" width=\"760\" height=\"570\" srcset=\"https:\/\/www.monta\u00f1asdelaluna.es\/wp-content\/uploads\/2015\/08\/PuntaAlta-039.jpg 760w, https:\/\/www.monta\u00f1asdelaluna.es\/wp-content\/uploads\/2015\/08\/PuntaAlta-039-300x225.jpg 300w\" sizes=\"auto, (max-width: 760px) 100vw, 760px\" \/><\/a><p id=\"caption-attachment-17857\" class=\"wp-caption-text\">Las Agujas de Travessani<\/p><\/div>\n<div id=\"attachment_17860\" style=\"width: 770px\" class=\"wp-caption aligncenter\"><a class=\"dt-single-image\" href=\"https:\/\/www.monta\u00f1asdelaluna.es\/wp-content\/uploads\/2015\/08\/PuntaAlta-044.jpg\" data-dt-img-description=\"\"><img loading=\"lazy\" decoding=\"async\" aria-describedby=\"caption-attachment-17860\" class=\"wp-image-17860 size-full\" src=\"https:\/\/www.monta\u00f1asdelaluna.es\/wp-content\/uploads\/2015\/08\/PuntaAlta-044.jpg\" alt=\"Llegando al Refugio Ventosa i Calvell\" width=\"760\" height=\"570\" srcset=\"https:\/\/www.monta\u00f1asdelaluna.es\/wp-content\/uploads\/2015\/08\/PuntaAlta-044.jpg 760w, https:\/\/www.monta\u00f1asdelaluna.es\/wp-content\/uploads\/2015\/08\/PuntaAlta-044-300x225.jpg 300w\" sizes=\"auto, (max-width: 760px) 100vw, 760px\" \/><\/a><p id=\"caption-attachment-17860\" class=\"wp-caption-text\">Llegando al Refugio Ventosa i Calvell<\/p><\/div>\n<p>Recuerdos de aquella primera aventura con la subida invernal al Punta Alta. Recuerdos de los momentos vividos junto al refugio y su entorno. Ahora es m\u00e1s grande, m\u00e1s acogedor, m\u00e1s cuco\u2026 aunque sigue teniendo pocas plazas, con un \u00fanico dormitorio arriba bajo la pir\u00e1mide del tejado. Noche de parch\u00eds, de oca, jugando y entreteni\u00e9ndonos despu\u00e9s de la formidable, buena y abundante cena.<\/p>\n<p>Noche pl\u00e1cida y tranquila, y antes de amanecer ya nos levantamos para el desayuno. Pero no hemos contratado desayuno, a pesar de que es el mejor y m\u00e1s completo de los desayunos que ponen en los refugios de alta monta\u00f1a del Pirineo, seg\u00fan me dice Francesc. Ya comienza a aclararse el cielo; ayer las cimas de los Besiberris estaban ocultos bajo las nubes, ahora la nube oscura y amenazadora se ha quedado m\u00e1s arriba, m\u00e1s extensa y amplia que cubre todo el cielo\u2026 espero que las predicciones no se cumplan y podamos subir al Punta Alta secos. Antes de partir, las fotos del lugar; no puedo evitar hacerme una foto parecida a la que me hice hace 13 a\u00f1os (<a href=\"https:\/\/www.monta\u00f1asdelaluna.es\/?p=17286\" target=\"_blank\" rel=\"noopener\">Punta Alta y Valle de Boi. La tierra de los cien mil lagos<\/a>), con el fondo del impresionante, encrespado y excepcional macizo de los Besiberris donde salen todos, desde el Besiberri Norte al Comaloforno. Incre\u00edbles, magn\u00edficos\u2026 Las nubes vuelven a envolver al Besiberri Norte como si supieran que eligen al m\u00e1s abrupto, desafiante y osado de todos.<\/p>\n<p>El camino o senda sale de la parte contrar\u00eda a la que llegamos al refugio el d\u00eda anterior. Es f\u00e1cil: solo hay que volver a seguir las marcas y postes de maderas con la pintura amarilla. \u00c9sta baja poco a poco en direcci\u00f3n a la punta o comienzo del Estany de Colieto, y ya desde aqu\u00ed seguimos por casi el fondo del valle pero sin pisar de nuevo, o cruzarnos de nuevo el r\u00edo que lo surca. Pasarelas de madera y casi laber\u00ednticos zigzags a la hora de cruzar esta parte del recorrido. Siempre sorteando grandes rocas, o salt\u00e1ndolas, o pisando los pedregales de las orillas. La direcci\u00f3n que tomamos es sureste. Es la misma que el recorrido de Carros de Foc entre Ventosa i Calvell y Estany Llong, subiendo el Coll de Contraix. Ning\u00fan monta\u00f1ero que pas\u00f3 la noche en el refugio nos acompa\u00f1a o ha salido en busca del Punta Alta; supongo que la extra\u00f1a predicci\u00f3n sobre la desacertada pregunta de si \u201cllover\u00e1 ma\u00f1ana y a partir de que hora\u201d a los guardas del refugio, desalent\u00f3 a m\u00e1s de uno para alcanzar la cima de un tres mil esta ma\u00f1ana.<\/p>\n<div id=\"attachment_17879\" style=\"width: 770px\" class=\"wp-caption aligncenter\"><a class=\"dt-single-image\" href=\"https:\/\/www.monta\u00f1asdelaluna.es\/wp-content\/uploads\/2015\/08\/PuntaAlta-077.jpg\" data-dt-img-description=\"\"><img loading=\"lazy\" decoding=\"async\" aria-describedby=\"caption-attachment-17879\" class=\"wp-image-17879 size-full\" src=\"https:\/\/www.monta\u00f1asdelaluna.es\/wp-content\/uploads\/2015\/08\/PuntaAlta-077.jpg\" alt=\"Estany de Colieto, al fondo Los Besiberris\" width=\"760\" height=\"428\" srcset=\"https:\/\/www.monta\u00f1asdelaluna.es\/wp-content\/uploads\/2015\/08\/PuntaAlta-077.jpg 760w, https:\/\/www.monta\u00f1asdelaluna.es\/wp-content\/uploads\/2015\/08\/PuntaAlta-077-300x169.jpg 300w\" sizes=\"auto, (max-width: 760px) 100vw, 760px\" \/><\/a><p id=\"caption-attachment-17879\" class=\"wp-caption-text\">Estany de Colieto, al fondo Los Besiberris<\/p><\/div>\n<p>Y casi siempre all\u00e1 arriba y enfrente nuestro, cerrando el valle, el escarpado Coll de Contraix con La Creu de Colomers y el Pic del Estany de Contraix a su izquierda, y el mismo Pic de Contraix a su derecha. Magn\u00edfico muro de roca gran\u00edtica escarpada y casi infranqueable. Dejando unas suaves lomas del fondo del valle a la derecha (o subiendo por ellas) llegamos hasta las orillas de otro laguito de alta monta\u00f1a\u2026 \u00a1De este me acuerdo! El Estany Gran de Colieto. En <a href=\"https:\/\/www.monta\u00f1asdelaluna.es\/?p=17286\" target=\"_blank\" rel=\"noopener\">Punta Alta y Valle de Boi. La tierra de los cien mil lagos<\/a> lo cruzamos sobre la nieve por su orilla derecha, pero la senda y recorrido esta vez nos hace darle la vuelta por la orilla contraria, por la izquierda. Recuerdos y fotos que intentan emular a aquellas que hice desde las orillas del laguito hac\u00eda las monta\u00f1as que, poco a poco, se escond\u00edan detr\u00e1s y al fondo, desde donde ven\u00edamos, entre los perfiles m\u00e1s cerrados del valle: Pa de Sucre, Tumeneia, Punta Harl\u00e9. Impresionante.<\/p>\n<p>Al otro lado del laguito deber\u00eda estar el desv\u00edo hac\u00eda la cima del Punta Alta; dejando de seguir la senda marcada de Carros de Foc hac\u00eda el Coll de Contraix y desvi\u00e1ndonos hac\u00eda la derecha y sur en busca de los perfiles rocosos de dicho pico. Las nubes siguen inundando todo el cielo. Una sola nube gris y amenazadora lo cubre todo en las alturas, incluso comienzan a cubrir y a envolver tambi\u00e9n algunas de las m\u00e1s altas cimas que vemos. Son nubes que vienen del sur con aire seco, me digo, no son demasiado activas (espero). Y s\u00ed, de momento no precipita.<\/p>\n<div id=\"attachment_17884\" style=\"width: 770px\" class=\"wp-caption aligncenter\"><a class=\"dt-single-image\" href=\"https:\/\/www.monta\u00f1asdelaluna.es\/wp-content\/uploads\/2015\/08\/PuntaAlta-087.jpg\" data-dt-img-description=\"\"><img loading=\"lazy\" decoding=\"async\" aria-describedby=\"caption-attachment-17884\" class=\"wp-image-17884 size-full\" src=\"https:\/\/www.monta\u00f1asdelaluna.es\/wp-content\/uploads\/2015\/08\/PuntaAlta-087.jpg\" alt=\"Al otro lado del Estany Gran de Colieto\" width=\"760\" height=\"570\" srcset=\"https:\/\/www.monta\u00f1asdelaluna.es\/wp-content\/uploads\/2015\/08\/PuntaAlta-087.jpg 760w, https:\/\/www.monta\u00f1asdelaluna.es\/wp-content\/uploads\/2015\/08\/PuntaAlta-087-300x225.jpg 300w\" sizes=\"auto, (max-width: 760px) 100vw, 760px\" \/><\/a><p id=\"caption-attachment-17884\" class=\"wp-caption-text\">Al otro lado del Estany Gran de Colieto<\/p><\/div>\n<div id=\"attachment_17885\" style=\"width: 770px\" class=\"wp-caption aligncenter\"><a class=\"dt-single-image\" href=\"https:\/\/www.monta\u00f1asdelaluna.es\/wp-content\/uploads\/2015\/08\/PuntaAlta-089.jpg\" data-dt-img-description=\"\"><img loading=\"lazy\" decoding=\"async\" aria-describedby=\"caption-attachment-17885\" class=\"wp-image-17885 size-full\" src=\"https:\/\/www.monta\u00f1asdelaluna.es\/wp-content\/uploads\/2015\/08\/PuntaAlta-089.jpg\" alt=\"Estany Gran de Colieto y Pa de Sucre al fondo\" width=\"760\" height=\"570\" srcset=\"https:\/\/www.monta\u00f1asdelaluna.es\/wp-content\/uploads\/2015\/08\/PuntaAlta-089.jpg 760w, https:\/\/www.monta\u00f1asdelaluna.es\/wp-content\/uploads\/2015\/08\/PuntaAlta-089-300x225.jpg 300w\" sizes=\"auto, (max-width: 760px) 100vw, 760px\" \/><\/a><p id=\"caption-attachment-17885\" class=\"wp-caption-text\">Estany Gran de Colieto y Pa de Sucre al fondo<\/p><\/div>\n<p>Justamente encontramos un poste con un cartelito al principio del laguito, algo m\u00e1s a la derecha, y m\u00e1s cerca de la vertiente rocosa de la ladera del valle contraria a la que camin\u00e1bamos. \u201cPunta Alta de Comalesbienes\u201d y una flecha. Y a partir de aqu\u00ed siguiendo los numerosos hitos y rastros de sendas comenzaremos sin p\u00e9rdida la subida al Punta Alta. El comienzo es empinado: coge la misma ladera casi sobre el cartelito y entre pedregales, canchales y fuertes laderas coge altura r\u00e1pido con el t\u00edpico zigzagueo de este tipo de subidas. Despu\u00e9s el recorrido se allana un poco (que no el terreno), gira y nos lleva hac\u00eda la izquierda y sur en busca de otro laguito de alta monta\u00f1a: el Estany de Mamuto o de La Roca. Arriba, en direcci\u00f3n a las laderas del Punta Alta ya veo y reconozco los fuertes murallones previos con su forma original y reconocible, ya fotografiados y observados hace 13 a\u00f1os. De nuevo los fotograf\u00edo.<\/p>\n<p>Descansito junto a las orillas del estany. No hace fr\u00edo; pero si te paras el sudor que se enfr\u00eda r\u00e1pidamente hace que sientas una helor espantosa si no te abrigas o te cambias. Picamos algo, bebemos agua, y parece que las nubes quieren espantarnos al comprobar que comienzan a caer gotitas del cielo. De momento no hacemos caso por que caen y paran sin hacer demasiado \u201cruido\u201d. Seguimos bordeando el laguito por su orilla m\u00e1s encrespada y alta para as\u00ed meternos en un cerrado vallecillo que acaba en la parte m\u00e1s alta de \u00e9ste. Esta parte comienza a ser empinada tambi\u00e9n, y la senda coge el fondo del mismo vallecillo que se va cerrando poco a poco mientras sube, para ir cogiendo altura.<\/p>\n<p>Me quedo cerrando esta vez el grupo, y llegados a un punto la lluvia hace acto de presencia con un carisma m\u00e1s serio esta vez. Nos paramos para ponernos los chubasqueros y chaquetas. Dudas sobre seguir o no. Yo quiero seguir, Gisela, la hija de Jordi, tambi\u00e9n, Francesc debe bajar con su compa\u00f1era, y al final Jordi, Gisela y yo decididos, seguimos monta\u00f1a arriba. Francesc y su compa\u00f1era se dan la vuelta y bajan al refugio. Aunque es verdad que si llueve mucho tendremos que bajarnos nosotros tambi\u00e9n sin hacer cumbre\u2026 pero hay que tener f\u00e9 y hacer caso a mis pobres conocimientos de meteorolog\u00eda. Por suerte esta lluvia no fue a m\u00e1s, y enseguida par\u00f3 y dejo de caer. Ya no nos volver\u00eda a caer hasta el final de la actividad.<\/p>\n<div id=\"attachment_17897\" style=\"width: 770px\" class=\"wp-caption aligncenter\"><a class=\"dt-single-image\" href=\"https:\/\/www.monta\u00f1asdelaluna.es\/wp-content\/uploads\/2015\/08\/PuntaAlta-105.jpg\" data-dt-img-description=\"\"><img loading=\"lazy\" decoding=\"async\" aria-describedby=\"caption-attachment-17897\" class=\"wp-image-17897 size-full\" src=\"https:\/\/www.monta\u00f1asdelaluna.es\/wp-content\/uploads\/2015\/08\/PuntaAlta-105.jpg\" alt=\"Estany del Mamut o de La Roca\" width=\"760\" height=\"570\" srcset=\"https:\/\/www.monta\u00f1asdelaluna.es\/wp-content\/uploads\/2015\/08\/PuntaAlta-105.jpg 760w, https:\/\/www.monta\u00f1asdelaluna.es\/wp-content\/uploads\/2015\/08\/PuntaAlta-105-300x225.jpg 300w\" sizes=\"auto, (max-width: 760px) 100vw, 760px\" \/><\/a><p id=\"caption-attachment-17897\" class=\"wp-caption-text\">Estany del Mamut o de La Roca<\/p><\/div>\n<div id=\"attachment_17899\" style=\"width: 770px\" class=\"wp-caption aligncenter\"><a class=\"dt-single-image\" href=\"https:\/\/www.monta\u00f1asdelaluna.es\/wp-content\/uploads\/2015\/08\/PuntaAlta-107.jpg\" data-dt-img-description=\"\"><img loading=\"lazy\" decoding=\"async\" aria-describedby=\"caption-attachment-17899\" class=\"wp-image-17899 size-full\" src=\"https:\/\/www.monta\u00f1asdelaluna.es\/wp-content\/uploads\/2015\/08\/PuntaAlta-107.jpg\" alt=\"Abajo queda el Estany del Mamut o de La Roca\" width=\"760\" height=\"570\" srcset=\"https:\/\/www.monta\u00f1asdelaluna.es\/wp-content\/uploads\/2015\/08\/PuntaAlta-107.jpg 760w, https:\/\/www.monta\u00f1asdelaluna.es\/wp-content\/uploads\/2015\/08\/PuntaAlta-107-300x225.jpg 300w\" sizes=\"auto, (max-width: 760px) 100vw, 760px\" \/><\/a><p id=\"caption-attachment-17899\" class=\"wp-caption-text\">Abajo queda el Estany del Mamut o de La Roca<\/p><\/div>\n<p>Los tres intr\u00e9pidos subimos ahora meti\u00e9ndonos por otro vallecillo de piedras y piedras, enmarcado por crestas cortantes y verticales, y paredes lisas y escarpadas con ese color ferroso de la roca. Es la que llaman La Raconada, con el Cap Brau a la derecha y el mismo Punta Alta y su antecima este (que no llega a los tres mil metros) a la izquierda. El tiempo sigue siendo amenazador; parece que en cualquier momento quiera descargar un buen chaparr\u00f3n. Mirando hac\u00eda las alturas a la izquierda, las cimas del Punta Alta aparecen invisibles cubiertas por las nubes blancas y grises. No recuerdo esta parte, ya que la nieve cubr\u00eda todas estas piedras, pedruscos y rocas que llenan el lugar. Ya estamos a m\u00e1s de 2.700 metros y siguiendo los numerosos hitos sin p\u00e9rdida casi por el fondo del vallecillo, giramos hac\u00eda la izquierda por una ladera, que sigue con piedras y rocas pero menos escarpada o entretenida, que se acerca a los espolones y perfiles escarpados de las paredes, de los contrafuertes noreste del Punta Alta. Jordi y Gisela van delante, yo les sigo. El paisaje en esta parte y como casi en todas las grandes alturas del Pirineo, es desolador: cientos de miles de rocas y piedras de color ferroso desgajadas de la monta\u00f1a e invadiendo todas las laderas y vertientes.<\/p>\n<p>Ahora entre los espolones y contrafuertes del Punta Alta, los hitos nos llevan, desplaz\u00e1ndonos un poco hac\u00eda la derecha, por el interior de una vertical canal pedregosa y cada vez m\u00e1s empinada hasta internarnos en la nube cimera, en la niebla que nos invade y no nos deja ver m\u00e1s all\u00e1 de unas decenas de metros. Me adelanto. Subo entre en medio de la canal y la crestecilla del espol\u00f3n. Llego a la parte m\u00e1s alta y me doy cuenta de que no es la cima\u2026 es la cumbre de la antecima oeste del Punta Alta que roza los tres mil metros. Jordi y Gisela me alcanzan \u00a1Parece que no hay salida! \u00bfQu\u00e9 hacemos? \u00bfNos damos la vuelta? Entre la niebla observo la cercana pir\u00e1mide de la culminaci\u00f3n del Punta Alta. Fantasmag\u00f3ricamente, asombrosamente aparec\u00eda hac\u00eda el oeste tan cerca como aparentemente imposible de llegar.<\/p>\n<div id=\"attachment_17909\" style=\"width: 770px\" class=\"wp-caption aligncenter\"><a class=\"dt-single-image\" href=\"https:\/\/www.monta\u00f1asdelaluna.es\/wp-content\/uploads\/2015\/08\/PuntaAlta-123.jpg\" data-dt-img-description=\"\"><img loading=\"lazy\" decoding=\"async\" aria-describedby=\"caption-attachment-17909\" class=\"wp-image-17909 size-full\" src=\"https:\/\/www.monta\u00f1asdelaluna.es\/wp-content\/uploads\/2015\/08\/PuntaAlta-123.jpg\" alt=\"Gisela y Jordi llegando a la cima del Punta Alta\" width=\"760\" height=\"570\" srcset=\"https:\/\/www.monta\u00f1asdelaluna.es\/wp-content\/uploads\/2015\/08\/PuntaAlta-123.jpg 760w, https:\/\/www.monta\u00f1asdelaluna.es\/wp-content\/uploads\/2015\/08\/PuntaAlta-123-300x225.jpg 300w\" sizes=\"auto, (max-width: 760px) 100vw, 760px\" \/><\/a><p id=\"caption-attachment-17909\" class=\"wp-caption-text\">Gisela y Jordi llegando a la cima del Punta Alta<\/p><\/div>\n<div id=\"attachment_17910\" style=\"width: 770px\" class=\"wp-caption aligncenter\"><a class=\"dt-single-image\" href=\"https:\/\/www.monta\u00f1asdelaluna.es\/wp-content\/uploads\/2015\/08\/PuntaAlta-124.jpg\" data-dt-img-description=\"\"><img loading=\"lazy\" decoding=\"async\" aria-describedby=\"caption-attachment-17910\" class=\"wp-image-17910 size-full\" src=\"https:\/\/www.monta\u00f1asdelaluna.es\/wp-content\/uploads\/2015\/08\/PuntaAlta-124.jpg\" alt=\"Llegando a la cima del Punta Alta\" width=\"760\" height=\"570\" srcset=\"https:\/\/www.monta\u00f1asdelaluna.es\/wp-content\/uploads\/2015\/08\/PuntaAlta-124.jpg 760w, https:\/\/www.monta\u00f1asdelaluna.es\/wp-content\/uploads\/2015\/08\/PuntaAlta-124-300x225.jpg 300w\" sizes=\"auto, (max-width: 760px) 100vw, 760px\" \/><\/a><p id=\"caption-attachment-17910\" class=\"wp-caption-text\">Llegando a la cima del Punta Alta<\/p><\/div>\n<p>Gisela ve que los hitos se desv\u00edan por los perfiles agrestes del espol\u00f3n de la derecha, y los seguimos. Bajamos entonces a un colladito; el que separa la antecima oeste de la cima principal. Y de aqu\u00ed, cambiando a la vertiente sureste siguiendo los hitos, en 5 minutos llegamos a la solitaria, fr\u00eda y pedregosa cima del Punta Alta (3.019 mts.). No hemos encontrado a nadie en la subida, desde que nos separamos de Francesc y su compa\u00f1era, y aqu\u00ed arriba no hay nadie, excepto nosotros tres.<\/p>\n<p>Nos abrigamos, sacamos algo de comida y bebemos agua. La lluvia no llega, no volver\u00e1 a caer\u2026 de momento. La visi\u00f3n es terriblemente nula, y es una desgracia ya que el Punta Alta es un magn\u00edfico mirador como comprob\u00e9 la vez que lo sub\u00ed hace 13 a\u00f1os; a\u00fan recuerdo las vistas hac\u00eda el Macizo de los Besiberris, y detr\u00e1s el nevado y alto Macizo de los Montes Malditos con el Aneto en cabeza. Impresionante. Me hubiera gustado fotografiar estas vistas de nuevo con una c\u00e1mara mejor que la de hace 13 a\u00f1os para poder disfrutar mejor del admirable paisaje\u2026 pero no es as\u00ed. Estas nubes nunca se ir\u00e1n.<\/p>\n<div id=\"attachment_17912\" style=\"width: 770px\" class=\"wp-caption aligncenter\"><a class=\"dt-single-image\" href=\"https:\/\/www.monta\u00f1asdelaluna.es\/wp-content\/uploads\/2015\/08\/PuntaAlta-127.jpg\" data-dt-img-description=\"\"><img loading=\"lazy\" decoding=\"async\" aria-describedby=\"caption-attachment-17912\" class=\"wp-image-17912 size-full\" src=\"https:\/\/www.monta\u00f1asdelaluna.es\/wp-content\/uploads\/2015\/08\/PuntaAlta-127.jpg\" alt=\"Joaqu\u00edn, Jordi y Gisela en la cima del Punta Alta (3.014 mts.)\" width=\"760\" height=\"570\" srcset=\"https:\/\/www.monta\u00f1asdelaluna.es\/wp-content\/uploads\/2015\/08\/PuntaAlta-127.jpg 760w, https:\/\/www.monta\u00f1asdelaluna.es\/wp-content\/uploads\/2015\/08\/PuntaAlta-127-300x225.jpg 300w\" sizes=\"auto, (max-width: 760px) 100vw, 760px\" \/><\/a><p id=\"caption-attachment-17912\" class=\"wp-caption-text\">Joaqu\u00edn, Jordi y Gisela en la cima del Punta Alta (3.014 mts.)<\/p><\/div>\n<div id=\"attachment_17918\" style=\"width: 770px\" class=\"wp-caption aligncenter\"><a class=\"dt-single-image\" href=\"https:\/\/www.monta\u00f1asdelaluna.es\/wp-content\/uploads\/2015\/08\/PuntaAlta-139.jpg\" data-dt-img-description=\"\"><img loading=\"lazy\" decoding=\"async\" aria-describedby=\"caption-attachment-17918\" class=\"wp-image-17918 size-full\" src=\"https:\/\/www.monta\u00f1asdelaluna.es\/wp-content\/uploads\/2015\/08\/PuntaAlta-139.jpg\" alt=\"Estanys de Comalesbienes\" width=\"760\" height=\"570\" srcset=\"https:\/\/www.monta\u00f1asdelaluna.es\/wp-content\/uploads\/2015\/08\/PuntaAlta-139.jpg 760w, https:\/\/www.monta\u00f1asdelaluna.es\/wp-content\/uploads\/2015\/08\/PuntaAlta-139-300x225.jpg 300w\" sizes=\"auto, (max-width: 760px) 100vw, 760px\" \/><\/a><p id=\"caption-attachment-17918\" class=\"wp-caption-text\">Estanys de Comalesbienes<\/p><\/div>\n<p>Fotos de cima y enseguida debemos buscar la bajada hac\u00eda la Presa del Embalse de Cavallers. Busco la bajada ya que a partir de aqu\u00ed es terreno desconocido para m\u00ed. Intento seguir la crestecilla cimera hac\u00eda el lado contrario por el que hemos aparecido, y hac\u00eda el Pic de Comalesbienes. Pero no, enseguida asom\u00e1ndonos desde la misma cima hac\u00eda el sur-suroeste, descubro los hitos y bajada del pico en la direcci\u00f3n deseada. Al principio es una bajada algo escarpada entre las paredes y rocas de la monta\u00f1a a la derecha y el vac\u00edo a la izquierda. Nos acercamos a la parte algo baja del colladito que hay entre el Punta Alta y el Pic de Comalesbienes. La niebla no desaparece y la bajada se hace inmersa en ella, y sin m\u00e1s gente en la monta\u00f1a salvo nosotros, parecemos aventureros en una tierra desconocida y lejana.<\/p>\n<p>Bajo el colladito entre las altas cimas, se sigue los restos de la senda y recorrido entre hitos que van bajando un poco acerc\u00e1ndose a las paredes y vertientes que aparecen a nuestra derecha. Seguimos hac\u00eda el sur y abajo, y al poco tiempo dejamos la niebla arriba y poco a poco aparece el fondo del valle al sur del Punta Alta; y de repente aparecen unos enormes y fant\u00e1sticos lagos de alta monta\u00f1a all\u00e1 abajo: son los Estanys de Comalesbienes. Formidables. Es la primera vez que los veo despu\u00e9s de o\u00edr hablar de ellos y de verlos en el mapa como un extraordinario paisaje ocupado por el agua encajonados en una profunda y original fosa de un valle. Hermoso.<\/p>\n<p>La bajada la hacemos intentando seguir los hitos con la visi\u00f3n, cada vez m\u00e1s n\u00edtida al quedarse la niebla en la altura, de los espectaculares ibones. A veces perdemos los hitos y al cabo de poco rato de observar la morfolog\u00eda del terreno, los encontramos un poco m\u00e1s a la izquierda. Acerc\u00e1ndonos a los ibones vemos que hay gente parada y descansando junto a los rastros de la senda. Suben ahora al Punta Alta y son un grupo numeroso, parece que la monta\u00f1a vuelve a la vida y a la actividad.<\/p>\n<div id=\"attachment_17926\" style=\"width: 770px\" class=\"wp-caption aligncenter\"><a class=\"dt-single-image\" href=\"https:\/\/www.monta\u00f1asdelaluna.es\/wp-content\/uploads\/2015\/08\/PuntaAlta-154.jpg\" data-dt-img-description=\"\"><img loading=\"lazy\" decoding=\"async\" aria-describedby=\"caption-attachment-17926\" class=\"wp-image-17926 size-full\" src=\"https:\/\/www.monta\u00f1asdelaluna.es\/wp-content\/uploads\/2015\/08\/PuntaAlta-154.jpg\" alt=\"Abajo el Valle de Bo\u00ed\" width=\"760\" height=\"570\" srcset=\"https:\/\/www.monta\u00f1asdelaluna.es\/wp-content\/uploads\/2015\/08\/PuntaAlta-154.jpg 760w, https:\/\/www.monta\u00f1asdelaluna.es\/wp-content\/uploads\/2015\/08\/PuntaAlta-154-300x225.jpg 300w\" sizes=\"auto, (max-width: 760px) 100vw, 760px\" \/><\/a><p id=\"caption-attachment-17926\" class=\"wp-caption-text\">Abajo el Valle de Bo\u00ed<\/p><\/div>\n<p>Los rastros de la senda y recorrido entre los hitos, a veces perdidos entre las gigantescas rocas, no llegan a las orillas del Estany de Comalesbienes, llega un momento que giramos hac\u00eda la derecha y suroeste para parar entre una peque\u00f1a \u201ccharca\u201d y el mismo estany. Nos paramos aqu\u00ed a comer algo, es alrededor del mediod\u00eda, entre la 1 y las 2 del mediod\u00eda. Hemos realizado la parte m\u00e1s intr\u00ednseca, interesante y complicada de la actividad, con la exitosa cima del Punta Alta. Gisela y Jordi bajan m\u00e1s poco a poco que yo, a pesar de que me entretengo, como siempre, en hacer fotos hac\u00eda aqu\u00ed y all\u00e1; por ello despu\u00e9s de unos minutos de comida, salen antes que yo siguiendo el camino, sendas e hitos que bajar\u00e1n toda la fuerte pendiente hac\u00eda la presa de Cavallers casi paralelos al Barranc de Comalesbienes.<\/p>\n<p>El d\u00eda sigue cerrado; parece que no se aclarar\u00e1 en lo que queda de jornada. Mirando ahora hac\u00eda el oeste, las vistas son impresionantes desde las alturas casi al mismo nivel de estos lagos de alta monta\u00f1a, un mirador a unos 2.652 metros. (Punto se\u00f1alado en el mapa Alpina): destaca una picuda monta\u00f1a hac\u00eda el suroeste siguiendo el fondo del Valle de Boi que ahora tengo enfrente; es l\u2019A\u00fct, de poco m\u00e1s de 2.500 metros. Mientras \u00e9ste permanece despejado, las nubes siguen cubriendo y escondiendo las monta\u00f1as de m\u00e1s altura. Magn\u00edfica vista. Las vistas las tengo al dejar el rinc\u00f3n junto a la tranquila \u201ccharca\u201d donde hab\u00edamos comido y subir la peque\u00f1a loma cercana, donde los hitos me llevan hasta su parte m\u00e1s alta\u2026 pocos metros m\u00e1s. Y ya desde aqu\u00ed tengo las vistas hac\u00eda el resto del Pirineo y al Valle de Boi abajo.<\/p>\n<p>Gisela y Jordi me llevan ventaja; ya nos lo veo en la distancia mientras bajan, as\u00ed que despu\u00e9s de admirar las vistas antes nombradas y los Ibones de Comalesbienes escondidos detr\u00e1s m\u00edo, me dispongo a bajar todo el fuerte desnivel que existe entre donde estoy y el fondo del Valle de Boi justo casi en la misma presa de Cavallers. De momento hay pocas piedras, rocas, pero poco a poco a medida que bajamos y el recorrido deja la roca viva y se interna en las laderas a mas baja altura, los grandes bloques, las grandes rocas y piedras aparecen como verdaderas invasiones en la monta\u00f1a. Hay que ir saltando casi de roca en roca, de piedra en piedra, sin senda, siguiendo hitos por aqu\u00ed, por all\u00e1, pero siempre hac\u00eda abajo y sin salirnos del vallecillo, es f\u00e1cil y sin p\u00e9rdida. Jordi y Gisela bajan por en medio del barranco, yo por una ladera, pero m\u00e1s abajo los pillo, adelanto y les hago de \u201cgu\u00eda\u201d en la bajada mientras busco los mejores hitos, la mejor y m\u00e1s c\u00f3moda bajada (si es posible) hac\u00eda el fondo, all\u00e1 abajo, del Valle de Boi.<\/p>\n<div id=\"attachment_17928\" style=\"width: 770px\" class=\"wp-caption aligncenter\"><a class=\"dt-single-image\" href=\"https:\/\/www.monta\u00f1asdelaluna.es\/wp-content\/uploads\/2015\/08\/PuntaAlta-157.jpg\" data-dt-img-description=\"\"><img loading=\"lazy\" decoding=\"async\" aria-describedby=\"caption-attachment-17928\" class=\"wp-image-17928 size-full\" src=\"https:\/\/www.monta\u00f1asdelaluna.es\/wp-content\/uploads\/2015\/08\/PuntaAlta-157.jpg\" alt=\"Jordi y Gisela bajando a Cavallers\" width=\"760\" height=\"570\" srcset=\"https:\/\/www.monta\u00f1asdelaluna.es\/wp-content\/uploads\/2015\/08\/PuntaAlta-157.jpg 760w, https:\/\/www.monta\u00f1asdelaluna.es\/wp-content\/uploads\/2015\/08\/PuntaAlta-157-300x225.jpg 300w\" sizes=\"auto, (max-width: 760px) 100vw, 760px\" \/><\/a><p id=\"caption-attachment-17928\" class=\"wp-caption-text\">Jordi y Gisela bajando a Cavallers<\/p><\/div>\n<div id=\"attachment_17930\" style=\"width: 770px\" class=\"wp-caption aligncenter\"><a class=\"dt-single-image\" href=\"https:\/\/www.monta\u00f1asdelaluna.es\/wp-content\/uploads\/2015\/08\/PuntaAlta-165.jpg\" data-dt-img-description=\"\"><img loading=\"lazy\" decoding=\"async\" aria-describedby=\"caption-attachment-17930\" class=\"wp-image-17930 size-full\" src=\"https:\/\/www.monta\u00f1asdelaluna.es\/wp-content\/uploads\/2015\/08\/PuntaAlta-165.jpg\" alt=\"Jordi y Gisela en el paso para cruzar a otro barranco\" width=\"760\" height=\"570\" srcset=\"https:\/\/www.monta\u00f1asdelaluna.es\/wp-content\/uploads\/2015\/08\/PuntaAlta-165.jpg 760w, https:\/\/www.monta\u00f1asdelaluna.es\/wp-content\/uploads\/2015\/08\/PuntaAlta-165-300x225.jpg 300w\" sizes=\"auto, (max-width: 760px) 100vw, 760px\" \/><\/a><p id=\"caption-attachment-17930\" class=\"wp-caption-text\">Jordi y Gisela en el paso para cruzar a otro barranco<\/p><\/div>\n<p>Despu\u00e9s de una interminable bajada entre rocas y bloques, llegamos hasta los primeros \u00e1rboles del bosque de altura. Parece que nunca pasar\u00edamos este molesto laberinto de bloques y rocas sueltas\u2026 menos mal que al \u201csiete pasos\u201d le es f\u00e1cil saltar y bajar entre ellas. Pero la bajada por el bosque (primero bosque y rocas, y luego sin rocas) tambi\u00e9n es algo vertiginosa; en lugar de horizontalizarse, el terreno se inclina m\u00e1s. Pero la bajada es progresiva esperando a mis compa\u00f1eros de aventura cada vez que me adelantaba. Llegamos a un paso extra\u00f1o hac\u00eda la derecha del vallecillo, entre escarpes y perfiles verticales, que nos lleva de la ladera por la que baj\u00e1bamos hac\u00eda las paredes de otro escondido barranco entre sus paredes. Seguimos los postes con sus marcas y pintura amarilla, y el paso se hace sin complicaci\u00f3n alguna. Desde aqu\u00ed la bajada sigue siendo muy vertical a inclinada, pero al tiempo de un descenso interminable, llegamos hasta un camino cerca del fondo del valle.<\/p>\n<p>Al pi\u00e9 del camino me paro aliviado de haber podido bajar y dejar atr\u00e1s este \u201crompe piernas interminable\u201d de esta bajada del Punta Alta. Justo poco antes comienzan a caer unas gotas, pocos minutos despu\u00e9s aparece la lluvia. Parece, al fin y al cabo, que el tiempo nos ha respetado y justo a la llegada del camino que nos ha de llevar en poco tiempo hasta la presa de Cavallers comienza a llover. Espero encapuchado en mi chubasquero a que lleguen Jordi y su hija Gisela, para ellos la bajada ha sido m\u00e1s dura y larga, pero al final ya estamos en el f\u00e1cil camino sigui\u00e9ndolo hac\u00eda la izquierda (antes he mirado el mapa por si las dudas) y en pocos zigzags llegamos al asfalto y al parking donde nos esperan Francesc y su amiga. Las vistas desde el camino hac\u00eda la presa, valle y lugar son impresionantes, un final de actividad \u00fanico y estupendo.<\/p>\n<div id=\"attachment_17935\" style=\"width: 770px\" class=\"wp-caption aligncenter\"><a class=\"dt-single-image\" href=\"https:\/\/www.monta\u00f1asdelaluna.es\/wp-content\/uploads\/2015\/08\/PuntaAlta-173.jpg\" data-dt-img-description=\"\"><img loading=\"lazy\" decoding=\"async\" aria-describedby=\"caption-attachment-17935\" class=\"wp-image-17935 size-full\" src=\"https:\/\/www.monta\u00f1asdelaluna.es\/wp-content\/uploads\/2015\/08\/PuntaAlta-173.jpg\" alt=\"Llegando a la presa del Embalse de Cavallers\" width=\"760\" height=\"570\" srcset=\"https:\/\/www.monta\u00f1asdelaluna.es\/wp-content\/uploads\/2015\/08\/PuntaAlta-173.jpg 760w, https:\/\/www.monta\u00f1asdelaluna.es\/wp-content\/uploads\/2015\/08\/PuntaAlta-173-300x225.jpg 300w\" sizes=\"auto, (max-width: 760px) 100vw, 760px\" \/><\/a><p id=\"caption-attachment-17935\" class=\"wp-caption-text\">Llegando a la presa del Embalse de Cavallers<\/p><\/div>\n<p>Acabamos la actividad con la ilusi\u00f3n y agradecimiento de haber podido llegar a la cima del Punta Alta, de recorrer los \u00fanicos y hermosos lugares y alta monta\u00f1a del Parque Nacional de Aig\u00fcestortes. A la vez ha sido bonito recordar la primera subida hace 13 a\u00f1os con los viejos compa\u00f1eros del Centro Excursionista Almorad\u00ed a esta singular monta\u00f1a, y de nuevo admirar las vistas desde el Ventosa i Calvell. Mi enhorabuena a Jordi y Gisela que han sabido tener la paciencia y la fe que nos hicieron tener el \u00e9xito deseado en la actividad. Fant\u00e1stico.<\/p>\n<div id=\"attachment_17963\" style=\"width: 761px\" class=\"wp-caption aligncenter\"><a class=\"dt-single-image\" href=\"https:\/\/www.monta\u00f1asdelaluna.es\/wp-content\/uploads\/2014\/09\/puntaalta.croquis.jpg\" data-dt-img-description=\"\"><img loading=\"lazy\" decoding=\"async\" aria-describedby=\"caption-attachment-17963\" class=\"wp-image-17963 size-full\" src=\"https:\/\/www.monta\u00f1asdelaluna.es\/wp-content\/uploads\/2014\/09\/puntaalta.croquis.jpg\" alt=\"Croquis recorrido y ascensi\u00f3n al Punta Alta\" width=\"751\" height=\"894\" srcset=\"https:\/\/www.monta\u00f1asdelaluna.es\/wp-content\/uploads\/2014\/09\/puntaalta.croquis.jpg 751w, https:\/\/www.monta\u00f1asdelaluna.es\/wp-content\/uploads\/2014\/09\/puntaalta.croquis-252x300.jpg 252w\" sizes=\"auto, (max-width: 751px) 100vw, 751px\" \/><\/a><p id=\"caption-attachment-17963\" class=\"wp-caption-text\">Croquis recorrido y ascensi\u00f3n al Punta Alta<\/p><\/div>\n<p>[vc_separator][\/vc_column_text][\/vc_column][\/vc_row][vc_row][vc_column][vc_empty_space height=\u00bb60px\u00bb][\/vc_column][\/vc_row][vc_row][vc_column][vc_cta h2=\u00bb\u00c1lbum de fotos\u00bb txt_align=\u00bbcenter\u00bb add_button=\u00bbbottom\u00bb btn_title=\u00bbVer fotos\u00bb btn_color=\u00bbwarning\u00bb btn_align=\u00bbcenter\u00bb btn_link=\u00bburl:https%3A%2F%2Fmonta%C3%B1asdelaluna.es%2F%3Fdt_gallery%3Dpunta-alta-bajada-por-cavallers-2|title:Punta%20Alta.%20Bajada%20por%20Cavallers|target:_blank\u00bb css=\u00bb.vc_custom_1625697730976{background-color: #8bc4ed !important;}\u00bb]Puedes ver todas las fotos del relato y actividad en forma de presentaci\u00f3n o individuales pinchando aqui \u00a1No te las pierdas![\/vc_cta][\/vc_column][\/vc_row][vc_row][vc_column][vc_empty_space height=\u00bb60px\u00bb][\/vc_column][\/vc_row][vc_row][vc_column width=\u00bb1\/6&#8243;][\/vc_column][vc_column width=\u00bb1\/3&#8243;][vc_column_text]Tiempo en el Punta Alta (3.014 mts.)[\/vc_column_text][vc_raw_html]JTNDaWZyYW1lJTIwc3JjJTNEJTIyaHR0cHMlM0ElMkYlMkZ3d3cubWV0ZW9ibHVlLmNvbSUyRmVzJTJGdGllbXBvJTJGd2lkZ2V0JTJGZGFpbHklMkY0Mi41ODZOMC44ODZFJTNGZGF5cyUzRDclMjZ0ZW1wdW5pdCUzRENFTFNJVVMlMjZ3aW5kdW5pdCUzREtJTE9NRVRFUl9QRVJfSE9VUiUyNnBpY3RvaWNvbiUzRDElMjZtYXh0ZW1wZXJhdHVyZSUzRDElMjZtaW50ZW1wZXJhdHVyZSUzRDElMjZ3aW5kc3BlZWQlM0QxJTI2d2luZGd1c3QlM0QxJTI2d2luZGRpcmVjdGlvbiUzRDElMjZwcmVjaXBpdGF0aW9uJTNEMSUyNnByZWNpcGl0YXRpb25wcm9iYWJpbGl0eSUzRDElMjZzcG90JTNEMSUyNnByZXNzdXJlJTNEMSUyNmxheW91dCUzRGxpZ2h0JTIyJTIwJTIwZnJhbWVib3JkZXIlM0QlMjIwJTIyJTIwc2Nyb2xsaW5nJTNEJTIyTk8lMjIlMjBhbGxvd3RyYW5zcGFyZW5jeSUzRCUyMnRydWUlMjIlMjBzdHlsZSUzRCUyMndpZHRoJTNBJTIwMzc4cHglM0JoZWlnaHQlM0ElMjAzODFweCUyMiUzRSUzQyUyRmlmcmFtZSUzRSUzQ2RpdiUzRSUzQyUyMS0tJTIwRE8lMjBOT1QlMjBSRU1PVkUlMjBUSElTJTIwTElOSyUyMC0tJTNFJTNDYSUyMGhyZWYlM0QlMjJodHRwcyUzQSUyRiUyRnd3dy5tZXRlb2JsdWUuY29tJTJGZXMlMkZ0aWVtcG8lMkZwcm9ub3N0aWNvJTJGc2VtYW5hJTJGNDIuNTg2TjAuODg2RSUyMiUyMHRhcmdldCUzRCUyMl9ibGFuayUyMiUzRW1ldGVvYmx1ZSUzQyUyRmElM0UlM0MlMkZkaXYlM0U=[\/vc_raw_html][\/vc_column][vc_column width=\u00bb1\/3&#8243;][vc_empty_space][vc_raw_html]JTNDaWZyYW1lJTIwc3JjJTNEJTIyaHR0cHMlM0ElMkYlMkZ3d3cubWV0ZW9ibHVlLmNvbSUyRmVzJTJGdGllbXBvJTJGd2lkZ2V0JTJGZGFpbHklMkZibyUyNWMzJTI1YWRfZXNwYSUyNWMzJTI1YjFhXzMxMjc4OTglM0ZkYXlzJTNENyUyNnRlbXB1bml0JTNEQ0VMU0lVUyUyNndpbmR1bml0JTNES0lMT01FVEVSX1BFUl9IT1VSJTI2cGljdG9pY29uJTNEMSUyNm1heHRlbXBlcmF0dXJlJTNEMSUyNm1pbnRlbXBlcmF0dXJlJTNEMSUyNndpbmRzcGVlZCUzRDElMjZ3aW5kZ3VzdCUzRDElMjZ3aW5kZGlyZWN0aW9uJTNEMSUyNnByZWNpcGl0YXRpb24lM0QxJTI2cHJlY2lwaXRhdGlvbnByb2JhYmlsaXR5JTNEMSUyNnNwb3QlM0QxJTI2cHJlc3N1cmUlM0QxJTI2bGF5b3V0JTNEbGlnaHQlMjIlMjAlMjBmcmFtZWJvcmRlciUzRCUyMjAlMjIlMjBzY3JvbGxpbmclM0QlMjJOTyUyMiUyMGFsbG93dHJhbnNwYXJlbmN5JTNEJTIydHJ1ZSUyMiUyMHN0eWxlJTNEJTIyd2lkdGglM0ElMjAzNzhweCUzQmhlaWdodCUzQSUyMDM4MXB4JTIyJTNFJTNDJTJGaWZyYW1lJTNFJTNDZGl2JTNFJTNDJTIxLS0lMjBETyUyME5PVCUyMFJFTU9WRSUyMFRISVMlMjBMSU5LJTIwLS0lM0UlM0NhJTIwaHJlZiUzRCUyMmh0dHBzJTNBJTJGJTJGd3d3Lm1ldGVvYmx1ZS5jb20lMkZlcyUyRnRpZW1wbyUyRnByb25vc3RpY28lMkZzZW1hbmElMkZibyUyNWMzJTI1YWRfZXNwYSUyNWMzJTI1YjFhXzMxMjc4OTglMjIlMjB0YXJnZXQlM0QlMjJfYmxhbmslMjIlM0VtZXRlb2JsdWUlM0MlMkZhJTNFJTNDJTJGZGl2JTNF[\/vc_raw_html][\/vc_column][vc_column width=\u00bb1\/6&#8243;][\/vc_column][\/vc_row]<\/p>\n","protected":false},"excerpt":{"rendered":"<p>[vc_row][vc_column][vc_column_text]No pudimos disfrutar hace pocos d\u00edas antes de los rincones, cimas y vistas entre G\u00f3riz y Serradets, entre Monte Perdido y Gavarni\u00e9, pero al fin de semana siguiente, 27 y 28 de septiembre, aprovechamos para quitarnos la espinita de subir un tres mil acerc\u00e1ndonos al conocido Valle de Boi para atacar al Punta Alta, tambi\u00e9n&hellip;<\/p>\n","protected":false},"author":1,"featured_media":17874,"comment_status":"open","ping_status":"open","sticky":false,"template":"","format":"standard","meta":[],"categories":[128],"tags":[],"class_list":["post-17937","post","type-post","status-publish","format-standard","has-post-thumbnail","hentry","category-alto-pirineo-catalan","category-128","description-off"],"_links":{"self":[{"href":"https:\/\/www.monta\u00f1asdelaluna.es\/index.php?rest_route=\/wp\/v2\/posts\/17937","targetHints":{"allow":["GET"]}}],"collection":[{"href":"https:\/\/www.monta\u00f1asdelaluna.es\/index.php?rest_route=\/wp\/v2\/posts"}],"about":[{"href":"https:\/\/www.monta\u00f1asdelaluna.es\/index.php?rest_route=\/wp\/v2\/types\/post"}],"author":[{"embeddable":true,"href":"https:\/\/www.monta\u00f1asdelaluna.es\/index.php?rest_route=\/wp\/v2\/users\/1"}],"replies":[{"embeddable":true,"href":"https:\/\/www.monta\u00f1asdelaluna.es\/index.php?rest_route=%2Fwp%2Fv2%2Fcomments&post=17937"}],"version-history":[{"count":18,"href":"https:\/\/www.monta\u00f1asdelaluna.es\/index.php?rest_route=\/wp\/v2\/posts\/17937\/revisions"}],"predecessor-version":[{"id":50036,"href":"https:\/\/www.monta\u00f1asdelaluna.es\/index.php?rest_route=\/wp\/v2\/posts\/17937\/revisions\/50036"}],"wp:featuredmedia":[{"embeddable":true,"href":"https:\/\/www.monta\u00f1asdelaluna.es\/index.php?rest_route=\/wp\/v2\/media\/17874"}],"wp:attachment":[{"href":"https:\/\/www.monta\u00f1asdelaluna.es\/index.php?rest_route=%2Fwp%2Fv2%2Fmedia&parent=17937"}],"wp:term":[{"taxonomy":"category","embeddable":true,"href":"https:\/\/www.monta\u00f1asdelaluna.es\/index.php?rest_route=%2Fwp%2Fv2%2Fcategories&post=17937"},{"taxonomy":"post_tag","embeddable":true,"href":"https:\/\/www.monta\u00f1asdelaluna.es\/index.php?rest_route=%2Fwp%2Fv2%2Ftags&post=17937"}],"curies":[{"name":"wp","href":"https:\/\/api.w.org\/{rel}","templated":true}]}}