{"id":17975,"date":"2000-10-11T10:07:42","date_gmt":"2000-10-11T10:07:42","guid":{"rendered":"http:\/\/monta\u00f1asdelaluna.com\/?p=17975"},"modified":"2021-07-31T08:03:38","modified_gmt":"2021-07-31T08:03:38","slug":"paseando-por-vallibierna","status":"publish","type":"post","link":"https:\/\/www.monta\u00f1asdelaluna.es\/?p=17975","title":{"rendered":"Paseando por Vallibierna"},"content":{"rendered":"<p>[vc_row][vc_column][vc_column_text]&#8230;Seis a\u00f1os m\u00e1s tarde volv\u00ed a La Renclusa. Esta vez mis nuevos compa\u00f1eros de monta\u00f1a fueron Jes\u00fas Santana, Enrique Segura y Antonio Santana. Hac\u00eda poco que quer\u00edan iniciarse en la alta monta\u00f1a y hac\u00eda medio a\u00f1o que hab\u00eda conocido a Antonio por el trabajo. Se enter\u00f3 de mi afici\u00f3n y pasi\u00f3n que tambi\u00e9n \u00e9l compart\u00eda y enseguida congeniamos.<\/p>\n<p>Recuerdo perfectamente el momento cuando le dije que despu\u00e9s de tantos a\u00f1os subiendo monta\u00f1as por Alicante a\u00fan no hab\u00eda subido Sierra Aitana, La Serrella ni Bernia. Monta\u00f1as tan emblem\u00e1ticas en nuestra provincia como Sierra Espu\u00f1a o Revolcadores en Murcia o Sierra Nevada o La Sagra en Granada. Recuerdo su cara de sorpresa.<\/p>\n<p>En el verano del a\u00f1o dos mil nos reunimos en su casa de Alicante junto con su hermano Jes\u00fas y su amigo Enrique, \u201cQuique\u201d, que me los present\u00f3 y conoc\u00ed en esa reuni\u00f3n. Desde entonces con Jes\u00fas y Quique tuve una afinidad y complicidad muy fuerte y reciproca entre nosotros, m\u00e1s intensa que la que pod\u00eda tener con cualquier compa\u00f1ero de monta\u00f1as, que ya de por s\u00ed era buena y grande gracias a la \u201cmagia\u201d de la monta\u00f1a. Esta complicidad y afinidad se hizo latente en los siguientes viajes, por otra parte necesaria y aliviadora. El viaje al Mont Blanc o al Elbrus hubiera sido diferente si no lo hubiera compartido con ellos.<\/p>\n<p>Vimos mapas, planeamos horarios, rutas, material a llevar, comida\u2026 y hablamos de viajes, monta\u00f1as y experiencias. Descubr\u00ed que ellos aprender\u00edan algunas cosas de m\u00ed, pero yo tambi\u00e9n aprender\u00eda de ellos.<\/p>\n<p>Ir\u00edamos en el puente de la Pilarica (octubre) de ese a\u00f1o, y acerc\u00e1ndose la fecha yo ve\u00eda el parte meteorol\u00f3gico todos los d\u00edas y deduje que nos har\u00eda mal tiempo para subir un tres mil y que bajar\u00edan las temperaturas. Entonces hable con mis compa\u00f1eros haci\u00e9ndoles saber que har\u00eda mal tiempo y que las posibilidades de subir al Aneto ser\u00edan muy pocas; pero ellos ten\u00edan una gran ilusi\u00f3n por ir y subir el pico m\u00e1s alto de los Pirineos. Ya hab\u00edan hecho algo aquel verano Quique y Jes\u00fas, el Monte Perdido y el Vignemale, y creo que alg\u00fan otro verano tambi\u00e9n anduvieron por el Pirineo. Pero no \u00edbamos en verano, e \u00edbamos a subir el Aneto, el m\u00e1s alto de los tresmiles de los Pirineos, y las condiciones cambian, no eran las mismas. Yo les suger\u00ed que si quer\u00edan hacer alg\u00fan tresmil de acercarnos a Sierra Nevada que har\u00eda buen tiempo. Pero obstinados en ir a Pirineos y con la ilusi\u00f3n y ganas de hacer al Aneto pensaban que tendr\u00edamos \u00e9xito; pero para subir una monta\u00f1a hace falta algo m\u00e1s que ganas e ilusi\u00f3n. As\u00ed pues partimos de Almorad\u00ed y Alicante en direcci\u00f3n al Valle de Benasque, a los Pirineos.<\/p>\n<div id=\"attachment_42313\" style=\"width: 1034px\" class=\"wp-caption aligncenter\"><a class=\"dt-single-image\" href=\"https:\/\/www.monta\u00f1asdelaluna.es\/wp-content\/uploads\/2020\/03\/antonio-jesus-joaquin-y-quique-en-el-refugio-de-la-renclusa.jpg\" data-dt-img-description=\"\"><img loading=\"lazy\" decoding=\"async\" aria-describedby=\"caption-attachment-42313\" class=\"wp-image-42313 size-large\" src=\"https:\/\/www.monta\u00f1asdelaluna.es\/wp-content\/uploads\/2020\/03\/antonio-jesus-joaquin-y-quique-en-el-refugio-de-la-renclusa-1024x681.jpg\" alt=\"Antonio, Jes\u00fas, Joaqu\u00edn y Quique en el Refugio de La Renclusa\" width=\"1024\" height=\"681\" srcset=\"https:\/\/www.monta\u00f1asdelaluna.es\/wp-content\/uploads\/2020\/03\/antonio-jesus-joaquin-y-quique-en-el-refugio-de-la-renclusa-1024x681.jpg 1024w, https:\/\/www.monta\u00f1asdelaluna.es\/wp-content\/uploads\/2020\/03\/antonio-jesus-joaquin-y-quique-en-el-refugio-de-la-renclusa-300x200.jpg 300w, https:\/\/www.monta\u00f1asdelaluna.es\/wp-content\/uploads\/2020\/03\/antonio-jesus-joaquin-y-quique-en-el-refugio-de-la-renclusa.jpg 1802w\" sizes=\"auto, (max-width: 1024px) 100vw, 1024px\" \/><\/a><p id=\"caption-attachment-42313\" class=\"wp-caption-text\">Antonio, Jes\u00fas, Joaqu\u00edn y Quique en el Refugio de La Renclusa<\/p><\/div>\n<p>Antes de llegar a Benasque deb\u00edamos cruzar el Congosto del Ventamillo. Un ca\u00f1\u00f3n surcado y erosionado por el R\u00edo Esera que bajaba del Valle de Benasque. La carretera excavada en la cortada pendiente; paredes a ambos lados de un r\u00edo de aguas bravas y turbulentas; asom\u00e1ndonos a precipicios con vertiginoso desaf\u00edo. Y en una de sus muchas, estrechas y cerradas curvas nos vimos empotrados entre un autob\u00fas que bajaba y los cortantes resaltes de piedras y rocas de la mal excavada pared del congosto; a pocos cent\u00edmetros de dicha pared y del autob\u00fas. A paso lento pero seguro nuestro intr\u00e9pido y diestro conductor, Quique, sal\u00eda airoso del apuro que casi nos deja se\u00f1alados en la historia del lugar\u2026 \u00a1\u00a1\u00a1Uff!!! Desde entonces en cualquier situaci\u00f3n parecida nos acordamos y nombramos el famoso Congosto del Ventamillo.<\/p>\n<p>Dejamos el coche en Plan d\u2019Est\u00e1n (como siempre) y subimos la media hora (ahora sin equivocarnos) que separa La Renclusa del coche por un f\u00e1cil y se\u00f1alado sendero. Las nubes y el mal tiempo se ce\u00f1\u00edan a la atm\u00f3sfera del alto Valle de Benasque, desde las cercan\u00edas de Benasque y hac\u00eda el sur, valle abajo, el sol y alguna nubecilla predominaba.<\/p>\n<p>Al llegar al refugio vi que lo hab\u00edan modificado, arreglado, ampliado (o al menos estaban en ello). Se ve que sus alrededor de ciento veinte plazas se hab\u00edan quedado peque\u00f1as despu\u00e9s de tantos a\u00f1os y por el crecimiento de la afici\u00f3n a la monta\u00f1a. Ahora ten\u00eda un aspecto m\u00e1s acogedor y c\u00f3modo, y no de f\u00e1bricas de armas de las guerras carlistas. Pero a\u00fan no estaba terminado, as\u00ed que nos metieron a todos a un peque\u00f1o cuarto que no cab\u00eda ni un alfiler, \u00a1pero ni uno!; agobiante y asfixiante apenas se pod\u00eda dormir c\u00f3modo all\u00ed; e incluso claustrof\u00f3bico si te tocaba en la cama de arriba de una litera, en la que te topabas con el techo de la habitaci\u00f3n al m\u00ednimo movimiento de levantarte. Aunque inteligentemente construido el refugio, o m\u00e1s bien la parte ampliada, seg\u00fan las mismas directrices de arquitectura del edificio antiguo y principal, al menos en lo que se refiere a los muros exteriores, ventanas y tejados.<\/p>\n<p>El cazo. \u00cdbamos a cenar en el renovado comedor del refugio (que distaba mucho del anterior) y nos \u00edbamos a preparar unas sopas o pur\u00e9 de patatas. Ya hab\u00edamos quedado en que yo me llevar\u00eda un cazo para cocinar y as\u00ed lo hice. Pero ellos no sab\u00edan el tama\u00f1o de mi cazo ni yo se lo dije. Era unipersonal, peque\u00f1o, peque\u00f1ito. Cuando Quique me dijo saca tu cazo y yo se lo doy para que cocine\u2026 \u201c\u00a1\u00bfPero esto es un cazo?! \u00a1Si aqu\u00ed no cabe nada! \u00a1Tendremos que llenarlo por lo menos tres veces para hacer sopa para todos! \u00a1Vaya mierda\u2026!&#8230; etc., etc. Yo la verdad es que no me lo tom\u00e9 a mal. Era lo que hab\u00eda y as\u00ed se lo hice entender. Realmente el cachondeo y las risas de la an\u00e9cdota siguieron despu\u00e9s. Antonio y Jes\u00fas ya conoc\u00edan los \u201cvenazos\u201d de las minis furias de Quique y yo las empec\u00e9 a descubrir en ese momento. Era su personalidad y desde luego he conocido algunas as\u00ed en la monta\u00f1a, cosa que no me pill\u00f3 de sorpresa.<\/p>\n<p>La noche fue fatal. Subido en lo alto de la litera con un calor agobiante por el desprendido y respirado de toda la numerosa gente que nos encontr\u00e1bamos casi amontonados en este dormitorio, a pesar de que fuera podr\u00eda rondar los cero grados cent\u00edgrados o acercarse perfectamente.<\/p>\n<div id=\"attachment_42317\" style=\"width: 831px\" class=\"wp-caption aligncenter\"><a class=\"dt-single-image\" href=\"https:\/\/www.monta\u00f1asdelaluna.es\/wp-content\/uploads\/2020\/03\/parada-en-en-valle-de-benasque.jpg\" data-dt-img-description=\"\"><img loading=\"lazy\" decoding=\"async\" aria-describedby=\"caption-attachment-42317\" class=\"wp-image-42317 \" src=\"https:\/\/www.monta\u00f1asdelaluna.es\/wp-content\/uploads\/2020\/03\/parada-en-en-valle-de-benasque.jpg\" alt=\"Parada en en Valle de Benasque\" width=\"821\" height=\"1214\" srcset=\"https:\/\/www.monta\u00f1asdelaluna.es\/wp-content\/uploads\/2020\/03\/parada-en-en-valle-de-benasque.jpg 1202w, https:\/\/www.monta\u00f1asdelaluna.es\/wp-content\/uploads\/2020\/03\/parada-en-en-valle-de-benasque-203x300.jpg 203w, https:\/\/www.monta\u00f1asdelaluna.es\/wp-content\/uploads\/2020\/03\/parada-en-en-valle-de-benasque-692x1024.jpg 692w\" sizes=\"auto, (max-width: 821px) 100vw, 821px\" \/><\/a><p id=\"caption-attachment-42317\" class=\"wp-caption-text\">Parada en en Valle de Benasque<\/p><\/div>\n<p>Al d\u00eda siguiente emprendimos la subida hacia el Portill\u00f3n Inferior con otros numerosos monta\u00f1eros que ya se hab\u00edan adelantado hacia tiempo o sal\u00edan con nosotros. El tiempo no era bueno, estaba peor que ayer; hac\u00eda m\u00e1s fr\u00edo y no parec\u00eda que fuera a mejorar, todo lo contrar\u00edo, daba la impresi\u00f3n que estaba encapot\u00e1ndose cada vez m\u00e1s. Una ligera nevada hab\u00eda ca\u00eddo ya, pero en ese instante no nevaba aunque la fr\u00eda temperatura s\u00ed lo permit\u00eda.<\/p>\n<p>Justo al llegar a las proximidades del Portill\u00f3n Inferior, donde encontramos un par de tiendas igl\u00fas de algunos aventureros (pens\u00e1bamos entonces, distinto a como lo pensamos ahora); el tiempo se encrudec\u00eda; las nieblas y las nubes nos envolv\u00edan fr\u00edas y reduc\u00edan considerablemente nuestra visibilidad. Empezaba a nevar. La sensaci\u00f3n de fr\u00edo era mayor que al comenzar la subida. S\u00ed, est\u00e1bamos m\u00e1s altos pero tambi\u00e9n hab\u00edamos hecho suficiente ejercicio para quemar energ\u00edas y generar calor en la subida. La gente se paraba. No sab\u00edan hac\u00eda donde deb\u00edan ir. No ve\u00edan las se\u00f1ales, el camino, la ruta a seguir. El tiempo empeoraba y poco a poco todos o la inmensa mayor\u00eda de todos los monta\u00f1eros que sub\u00edan desde el refugio empezaron a descender.<\/p>\n<p>La temperatura era realmente baja. Quique repet\u00eda sin parar que estar\u00edamos a bastantes grados bajo cero. La nieve ca\u00eda algo m\u00e1s copiosa y fr\u00eda. Un monta\u00f1ero catal\u00e1n mir\u00f3 su term\u00f3metro y le coment\u00f3 a Quique apaciblemente que se\u00f1alaba diecis\u00e9is grados bajo cero. Nosotros nos sorprendimos y no nos lo cre\u00edamos, era realmente una temperatura demasiado baja para el fr\u00edo que sent\u00edamos. Pero el catal\u00e1n indignado nos repet\u00eda que era lo que marcaba su term\u00f3metro y no lo volvi\u00f3 a repetir. Supongo que ser\u00eda verdad pero a\u00fan as\u00ed nos pareci\u00f3 imposible, no por que no se pudiera llegar a tal temperatura si no por que no sent\u00edamos el fr\u00edo tan intenso de diecis\u00e9is grados bajo cero. Creo que ese term\u00f3metro andaba mal\u2026 no s\u00e9, nunca lo descubrimos.<\/p>\n<p>Llegamos al refugio. Hablando con otro monta\u00f1ero catal\u00e1n descubrimos que la mayor\u00eda o todos los que este puente se encontraban en el refugio, no hab\u00edan hecho el Aneto (salvo yo, claro), y pens\u00e9 que aquellos monta\u00f1eros que conoc\u00edan la monta\u00f1a y el tiempo que iba a hacer, ni se hubieran molestado en acercarse a Benasque (que fue la sugerencia que les hice a mis nuevos compa\u00f1eros de monta\u00f1a).<\/p>\n<p>La nieve segu\u00eda cayendo al igual que la temperatura en las puertas de La Renclusa. Algunas fotos del refugio, los alrededores y la nieve. Al cabo de un tiempo Quique record\u00f3 que no ten\u00eda cadenas en el coche para las ruedas y se emparanoy\u00f3 en bajar r\u00e1pidamente antes de que la nieve no dejara salir al coche de Plan d\u2019Est\u00e1n. Yo intentaba calmarle y bajarle los nervios para quedarnos esa noche en el refugio y disfrutar auque sea del lugar, pero al final Quique tuvo raz\u00f3n y nos preparamos para bajar del refugio al coche y a Benasque.<\/p>\n<div id=\"attachment_42324\" style=\"width: 1034px\" class=\"wp-caption aligncenter\"><a class=\"dt-single-image\" href=\"https:\/\/www.monta\u00f1asdelaluna.es\/wp-content\/uploads\/2020\/03\/jesus-antonio-joaquin-y-quique-en-un-alto-en-el-camino-en-un-rincon-de-vallibierna.jpg\" data-dt-img-description=\"\"><img loading=\"lazy\" decoding=\"async\" aria-describedby=\"caption-attachment-42324\" class=\"wp-image-42324 size-large\" src=\"https:\/\/www.monta\u00f1asdelaluna.es\/wp-content\/uploads\/2020\/03\/jesus-antonio-joaquin-y-quique-en-un-alto-en-el-camino-en-un-rincon-de-vallibierna-1024x813.jpg\" alt=\"Jes\u00fas, Antonio, Joaqu\u00edn y Quique, en un alto en el camino, en un rinc\u00f3n de Vallibierna\" width=\"1024\" height=\"813\" srcset=\"https:\/\/www.monta\u00f1asdelaluna.es\/wp-content\/uploads\/2020\/03\/jesus-antonio-joaquin-y-quique-en-un-alto-en-el-camino-en-un-rincon-de-vallibierna-1024x813.jpg 1024w, https:\/\/www.monta\u00f1asdelaluna.es\/wp-content\/uploads\/2020\/03\/jesus-antonio-joaquin-y-quique-en-un-alto-en-el-camino-en-un-rincon-de-vallibierna-300x238.jpg 300w, https:\/\/www.monta\u00f1asdelaluna.es\/wp-content\/uploads\/2020\/03\/jesus-antonio-joaquin-y-quique-en-un-alto-en-el-camino-en-un-rincon-de-vallibierna.jpg 1672w\" sizes=\"auto, (max-width: 1024px) 100vw, 1024px\" \/><\/a><p id=\"caption-attachment-42324\" class=\"wp-caption-text\">Jes\u00fas, Antonio, Joaqu\u00edn y Quique, en un alto en el camino, en un rinc\u00f3n de Vallibierna<\/p><\/div>\n<p>Justo en la puerta y a punto de bajarnos, alguien que sube se queda mir\u00e1ndome y me dice: \u201cYo te conozco a ti\u201d. Era Cruz Lorenzo de Algorfa que ven\u00eda acompa\u00f1ado de Gabriel L\u00f3pez, Ra\u00fal y otra gente. \u00a1Que casualidad!, nosotros nos baj\u00e1bamos y ellos se quedaban all\u00ed con el Aneto como objetivo. Es muy agradable encontrarse gente, monta\u00f1eros conocidos en monta\u00f1as y lugares remotos; te da mucha alegr\u00eda y sorpresa.<\/p>\n<p>Ya en Plan d\u2019Estan la nieve sigue cayendo. Todo se blanquea y purifica al llenarse de nieve. Antes de que la nieve bloquee la carretera a los coches que no llevan cadenas, salimos en direcci\u00f3n a Benasque; no sin parar para hacer las t\u00edpicas fotos de paisaje nevado. M\u00e1s abajo en Plan de Senarte ya no nieva, ni llueve y el tiempo mejora. El temporal solo est\u00e1 en las laderas norte del macizo.<\/p>\n<p>Como no pod\u00edamos hacer un recorrido de alta monta\u00f1a decidimos ir al Valle de Vallibierna del que me hablaron muy bien de su belleza, rincones, monta\u00f1as y vegetaci\u00f3n. Este valle se encuentra justo al sur de todas las altas cumbres desde el Monte Maldito hasta el Margalida o hasta el Pico Russel, con orientaci\u00f3n este-oeste y cerr\u00e1ndolo en su cabecera el Pico de Vallibierna y la Tuca de Las Culebras al sureste. Desde Plan de Senarte se coge una senda algo empinada que evita las curvas y zig zags de la pista forestal que la recorre.<\/p>\n<p>Nos adentramos en Vallibierna con una algo exuberante y bien cuidada vegetaci\u00f3n, y ya la pista que seguimos ahora se allana sin empinarse como al principio. A nuestra derecha hay un enorme precipicio o ca\u00f1\u00f3n surcado por el r\u00edo de Vallibierna. M\u00e1s adelante el valle cambia su forma\u00a0 en V fluvial a U glaciar y sus laderas se suavizan d\u00e1ndole un aspecto m\u00e1s acogedor a\u00fan plagado de bosques sobre todo en su ladera sur del valle que es la de umbr\u00eda. Al fondo, por fin, vemos una monta\u00f1a alta y nevada que le da un toque alpino al valle, es el Pico de Vallibierna junto con su hermano peque\u00f1o la Tuca de Las Culebras separados por una cresta que llaman Paso de Caballo, nombre caracter\u00edstico y com\u00fan a la forma habitual de como se cruza esta cresta. Las nubes y el mal tiempo siguen cubriendo los picos al norte y m\u00e1s altos de los Montes Malditos o Maladeta las pocas veces que las laderas del valle nos dejan observar. Realmente el valle no nos defrauda, es bonito, boscoso y tiene rincones que bien merecen ser recorridos bajo la sombra del \u201cMonarca del Pirineo\u201d.<\/p>\n<div id=\"attachment_42322\" style=\"width: 1034px\" class=\"wp-caption aligncenter\"><a class=\"dt-single-image\" href=\"https:\/\/www.monta\u00f1asdelaluna.es\/wp-content\/uploads\/2020\/03\/jesus-antonio-y-joaquin-en-el-valle-de-vallibierna-al-fondo-el-macizo-del-posets.jpg\" data-dt-img-description=\"\"><img loading=\"lazy\" decoding=\"async\" aria-describedby=\"caption-attachment-42322\" class=\"wp-image-42322 size-large\" src=\"https:\/\/www.monta\u00f1asdelaluna.es\/wp-content\/uploads\/2020\/03\/jesus-antonio-y-joaquin-en-el-valle-de-vallibierna-al-fondo-el-macizo-del-posets-1024x697.jpg\" alt=\"Jes\u00fas, Antonio y Joaqu\u00edn en el Valle de Vallibierna, al fondo el macizo del Posets\" width=\"1024\" height=\"697\" srcset=\"https:\/\/www.monta\u00f1asdelaluna.es\/wp-content\/uploads\/2020\/03\/jesus-antonio-y-joaquin-en-el-valle-de-vallibierna-al-fondo-el-macizo-del-posets-1024x697.jpg 1024w, https:\/\/www.monta\u00f1asdelaluna.es\/wp-content\/uploads\/2020\/03\/jesus-antonio-y-joaquin-en-el-valle-de-vallibierna-al-fondo-el-macizo-del-posets-300x204.jpg 300w, https:\/\/www.monta\u00f1asdelaluna.es\/wp-content\/uploads\/2020\/03\/jesus-antonio-y-joaquin-en-el-valle-de-vallibierna-al-fondo-el-macizo-del-posets.jpg 1765w\" sizes=\"auto, (max-width: 1024px) 100vw, 1024px\" \/><\/a><p id=\"caption-attachment-42322\" class=\"wp-caption-text\">Jes\u00fas, Antonio y Joaqu\u00edn en el Valle de Vallibierna, al fondo el macizo del Posets<\/p><\/div>\n<p>En el centro del valle nos encontramos con una peque\u00f1a y algo sucia caba\u00f1a: el Refugio de Coronas. M\u00e1s arriba la vegetaci\u00f3n arb\u00f3rea va desapareciendo. Cruzamos peque\u00f1as lagunas que miran hacia la nublada cara sur del Aneto y Tempestades. Las vistas son amplias y grandiosas, sobre todo si miramos valle abajo, todo el recorrido hecho pincelado por las primeras nieves del oto\u00f1o. Al fondo el macizo del Posets coronado por una amplia nube que cubre sus m\u00e1s altas cimas y le da un toque encantador como grandioso a la vista. Seguimos, y m\u00e1s arriba llegamos al primero y encajados lagos de Vallibierna: profundo y amplio, algo alargado se nos muestra como un gran espejo que refleja el cielo gris, la monta\u00f1a blanca de nieve y las rocas gran\u00edticas de un marr\u00f3n gris\u00e1ceo. Ya no hay vegetaci\u00f3n y la nieve es m\u00e1s abundante, al igual que el fr\u00edo es m\u00e1s intenso. A pesar de que no hemos podido hacer ning\u00fan pico estos recorridos por valles y lugares de los bajos y medios Pirineos tambi\u00e9n son gratificantes y hermosos. No deber\u00edamos de descartarlos a pesar del mal tiempo ya que as\u00ed tambi\u00e9n disfrutamos de todos los niveles y escondites del Pirineo.<\/p>\n<p>Volvemos por el mismo camino desand\u00e1ndolo hasta donde lo hab\u00edamos empezado dejando atr\u00e1s lo m\u00e1s alto de Vallibierna con sus picos y las laderas sur de los Montes Malditos. Realmente no hemos podido apreciar la alta monta\u00f1a pirenaica esta vez, pero el recorrido por Vallibierna nos ha llenado y descubierto otra parte de los Pirineos desconocida hasta entonces para nosotros. Vale la pena adentrarse en estos lugares bellos y rec\u00f3nditos de estos entra\u00f1ables Pirineos.<\/p>\n<div id=\"attachment_17973\" style=\"width: 761px\" class=\"wp-caption aligncenter\"><a class=\"dt-single-image\" href=\"https:\/\/www.monta\u00f1asdelaluna.es\/wp-content\/uploads\/2015\/08\/mapa-de-ruta.jpg\" data-dt-img-description=\"\"><img loading=\"lazy\" decoding=\"async\" aria-describedby=\"caption-attachment-17973\" class=\"wp-image-17973 size-full\" src=\"https:\/\/www.monta\u00f1asdelaluna.es\/wp-content\/uploads\/2015\/08\/mapa-de-ruta.jpg\" alt=\"Croquis del recorrido por Vallibierna\" width=\"751\" height=\"409\" srcset=\"https:\/\/www.monta\u00f1asdelaluna.es\/wp-content\/uploads\/2015\/08\/mapa-de-ruta.jpg 751w, https:\/\/www.monta\u00f1asdelaluna.es\/wp-content\/uploads\/2015\/08\/mapa-de-ruta-300x163.jpg 300w\" sizes=\"auto, (max-width: 751px) 100vw, 751px\" \/><\/a><p id=\"caption-attachment-17973\" class=\"wp-caption-text\">Croquis del recorrido por Vallibierna<\/p><\/div>\n<p>[vc_separator][\/vc_column_text][\/vc_column][\/vc_row][vc_row][vc_column][vc_empty_space height=\u00bb60px\u00bb][vc_cta h2=\u00bb\u00c1lbum de fotos\u00bb txt_align=\u00bbcenter\u00bb add_button=\u00bbbottom\u00bb btn_title=\u00bbVer fotos\u00bb btn_color=\u00bbwarning\u00bb btn_align=\u00bbcenter\u00bb btn_link=\u00bburl:https%3A%2F%2Fmonta%C3%B1asdelaluna.es%2F%3Fdt_gallery%3Dpaseando-por-vallibierna-2|title:Paseando%20por%20Vallibierna|target:_blank\u00bb css=\u00bb.vc_custom_1625740148551{background-color: #8bc4ed !important;}\u00bb]Puedes ver todas las fotos del relato y actividad en forma de presentaci\u00f3n o individuales pinchando aqui \u00a1No te las pierdas![\/vc_cta][vc_empty_space height=\u00bb60px\u00bb][\/vc_column][\/vc_row][vc_row][vc_column width=\u00bb1\/6&#8243;][\/vc_column][vc_column width=\u00bb1\/3&#8243;][vc_column_text]Tiempo en Ibones de Vallibierna[\/vc_column_text][vc_raw_html]JTNDaWZyYW1lJTIwc3JjJTNEJTIyaHR0cHMlM0ElMkYlMkZ3d3cubWV0ZW9ibHVlLmNvbSUyRmVzJTJGdGllbXBvJTJGd2lkZ2V0JTJGZGFpbHklMkY0Mi42MDVOMC42NTZFJTNGZGF5cyUzRDclMjZ0ZW1wdW5pdCUzRENFTFNJVVMlMjZ3aW5kdW5pdCUzREtJTE9NRVRFUl9QRVJfSE9VUiUyNnBpY3RvaWNvbiUzRDElMjZtYXh0ZW1wZXJhdHVyZSUzRDElMjZtaW50ZW1wZXJhdHVyZSUzRDElMjZ3aW5kc3BlZWQlM0QxJTI2d2luZGd1c3QlM0QxJTI2d2luZGRpcmVjdGlvbiUzRDElMjZwcmVjaXBpdGF0aW9uJTNEMSUyNnByZWNpcGl0YXRpb25wcm9iYWJpbGl0eSUzRDElMjZzcG90JTNEMSUyNnByZXNzdXJlJTNEMSUyNmxheW91dCUzRGxpZ2h0JTIyJTIwJTIwZnJhbWVib3JkZXIlM0QlMjIwJTIyJTIwc2Nyb2xsaW5nJTNEJTIyTk8lMjIlMjBhbGxvd3RyYW5zcGFyZW5jeSUzRCUyMnRydWUlMjIlMjBzdHlsZSUzRCUyMndpZHRoJTNBJTIwMzc4cHglM0JoZWlnaHQlM0ElMjAzODFweCUyMiUzRSUzQyUyRmlmcmFtZSUzRSUzQ2RpdiUzRSUzQyUyMS0tJTIwRE8lMjBOT1QlMjBSRU1PVkUlMjBUSElTJTIwTElOSyUyMC0tJTNFJTNDYSUyMGhyZWYlM0QlMjJodHRwcyUzQSUyRiUyRnd3dy5tZXRlb2JsdWUuY29tJTJGZXMlMkZ0aWVtcG8lMkZwcm9ub3N0aWNvJTJGc2VtYW5hJTJGNDIuNjA1TjAuNjU2RSUyMiUyMHRhcmdldCUzRCUyMl9ibGFuayUyMiUzRW1ldGVvYmx1ZSUzQyUyRmElM0UlM0MlMkZkaXYlM0U=[\/vc_raw_html][\/vc_column][vc_column width=\u00bb1\/3&#8243;][vc_empty_space][vc_raw_html]JTNDaWZyYW1lJTIwc3JjJTNEJTIyaHR0cHMlM0ElMkYlMkZ3d3cubWV0ZW9ibHVlLmNvbSUyRmVzJTJGdGllbXBvJTJGd2lkZ2V0JTJGZGFpbHklMkZiZW5hc3F1ZV9lc3BhJTI1YzMlMjViMWFfMzEyODI5NiUzRmRheXMlM0Q3JTI2dGVtcHVuaXQlM0RDRUxTSVVTJTI2d2luZHVuaXQlM0RLSUxPTUVURVJfUEVSX0hPVVIlMjZwaWN0b2ljb24lM0QxJTI2bWF4dGVtcGVyYXR1cmUlM0QxJTI2bWludGVtcGVyYXR1cmUlM0QxJTI2d2luZHNwZWVkJTNEMSUyNndpbmRndXN0JTNEMSUyNndpbmRkaXJlY3Rpb24lM0QxJTI2cHJlY2lwaXRhdGlvbiUzRDElMjZwcmVjaXBpdGF0aW9ucHJvYmFiaWxpdHklM0QxJTI2c3BvdCUzRDElMjZwcmVzc3VyZSUzRDElMjZsYXlvdXQlM0RsaWdodCUyMiUyMCUyMGZyYW1lYm9yZGVyJTNEJTIyMCUyMiUyMHNjcm9sbGluZyUzRCUyMk5PJTIyJTIwYWxsb3d0cmFuc3BhcmVuY3klM0QlMjJ0cnVlJTIyJTIwc3R5bGUlM0QlMjJ3aWR0aCUzQSUyMDM3OHB4JTNCaGVpZ2h0JTNBJTIwMzgxcHglMjIlM0UlM0MlMkZpZnJhbWUlM0UlM0NkaXYlM0UlM0MlMjEtLSUyMERPJTIwTk9UJTIwUkVNT1ZFJTIwVEhJUyUyMExJTkslMjAtLSUzRSUzQ2ElMjBocmVmJTNEJTIyaHR0cHMlM0ElMkYlMkZ3d3cubWV0ZW9ibHVlLmNvbSUyRmVzJTJGdGllbXBvJTJGcHJvbm9zdGljbyUyRnNlbWFuYSUyRmJlbmFzcXVlX2VzcGElMjVjMyUyNWIxYV8zMTI4Mjk2JTIyJTIwdGFyZ2V0JTNEJTIyX2JsYW5rJTIyJTNFbWV0ZW9ibHVlJTNDJTJGYSUzRSUzQyUyRmRpdiUzRQ==[\/vc_raw_html][\/vc_column][vc_column width=\u00bb1\/6&#8243;][\/vc_column][\/vc_row]<\/p>\n","protected":false},"excerpt":{"rendered":"<p>[vc_row][vc_column][vc_column_text]&#8230;Seis a\u00f1os m\u00e1s tarde volv\u00ed a La Renclusa. Esta vez mis nuevos compa\u00f1eros de monta\u00f1a fueron Jes\u00fas Santana, Enrique Segura y Antonio Santana. Hac\u00eda poco que quer\u00edan iniciarse en la alta monta\u00f1a y hac\u00eda medio a\u00f1o que hab\u00eda conocido a Antonio por el trabajo. Se enter\u00f3 de mi afici\u00f3n y pasi\u00f3n que tambi\u00e9n \u00e9l compart\u00eda&hellip;<\/p>\n","protected":false},"author":1,"featured_media":42322,"comment_status":"open","ping_status":"open","sticky":false,"template":"","format":"standard","meta":[],"categories":[125],"tags":[],"class_list":["post-17975","post","type-post","status-publish","format-standard","has-post-thumbnail","hentry","category-valle-del-esera","category-125","description-off"],"_links":{"self":[{"href":"https:\/\/www.monta\u00f1asdelaluna.es\/index.php?rest_route=\/wp\/v2\/posts\/17975","targetHints":{"allow":["GET"]}}],"collection":[{"href":"https:\/\/www.monta\u00f1asdelaluna.es\/index.php?rest_route=\/wp\/v2\/posts"}],"about":[{"href":"https:\/\/www.monta\u00f1asdelaluna.es\/index.php?rest_route=\/wp\/v2\/types\/post"}],"author":[{"embeddable":true,"href":"https:\/\/www.monta\u00f1asdelaluna.es\/index.php?rest_route=\/wp\/v2\/users\/1"}],"replies":[{"embeddable":true,"href":"https:\/\/www.monta\u00f1asdelaluna.es\/index.php?rest_route=%2Fwp%2Fv2%2Fcomments&post=17975"}],"version-history":[{"count":11,"href":"https:\/\/www.monta\u00f1asdelaluna.es\/index.php?rest_route=\/wp\/v2\/posts\/17975\/revisions"}],"predecessor-version":[{"id":50080,"href":"https:\/\/www.monta\u00f1asdelaluna.es\/index.php?rest_route=\/wp\/v2\/posts\/17975\/revisions\/50080"}],"wp:featuredmedia":[{"embeddable":true,"href":"https:\/\/www.monta\u00f1asdelaluna.es\/index.php?rest_route=\/wp\/v2\/media\/42322"}],"wp:attachment":[{"href":"https:\/\/www.monta\u00f1asdelaluna.es\/index.php?rest_route=%2Fwp%2Fv2%2Fmedia&parent=17975"}],"wp:term":[{"taxonomy":"category","embeddable":true,"href":"https:\/\/www.monta\u00f1asdelaluna.es\/index.php?rest_route=%2Fwp%2Fv2%2Fcategories&post=17975"},{"taxonomy":"post_tag","embeddable":true,"href":"https:\/\/www.monta\u00f1asdelaluna.es\/index.php?rest_route=%2Fwp%2Fv2%2Ftags&post=17975"}],"curies":[{"name":"wp","href":"https:\/\/api.w.org\/{rel}","templated":true}]}}