{"id":18021,"date":"2014-07-01T10:41:52","date_gmt":"2014-07-01T10:41:52","guid":{"rendered":"http:\/\/monta\u00f1asdelaluna.com\/?p=18021"},"modified":"2021-08-03T06:34:58","modified_gmt":"2021-08-03T06:34:58","slug":"etapa-1o-1-de-julio-del-2-014-martes-tavascan-graus","status":"publish","type":"post","link":"https:\/\/www.monta\u00f1asdelaluna.es\/?p=18021","title":{"rendered":"1 de julio del 2.014, martes. 1\u00ba Etapa: Tavasc\u00e1n-Graus"},"content":{"rendered":"<p>[vc_row][vc_column][vc_column_text]Llego sobre las 13\u201930 a Tavasc\u00e1n desde Barcelona. Esto es el Valle de Card\u00f3s. El d\u00eda est\u00e1 nublado y amenaza lluvia y tormenta. Me queda subir a Graus, a su refugio. Tengo que equiparme y subir antes de que empiece a llover, y ya como arriba. Solo son 1\u201930 horas seg\u00fan tengo entendido por un c\u00f3modo camino.<\/p>\n<p>Salgo sobre las 14 horas de Tavasc\u00e1n. Cojo un camino que sigue un G.R. hac\u00eda el Coll o Port de Tavasc\u00e1n que pasa por Graus. A la salida del pueblo dejo a mi izquierda un hermoso puente rom\u00e1nico y no puedo esquivar la tentaci\u00f3n de hacerme una foto.<\/p>\n<p>La salida se hace por una senda, a veces estrecha, a veces casi a\u00e9rea que sigue paralela al r\u00edo y valle arriba. El r\u00edo queda a la izquierda. Llegados a un punto el recorrido te da a elegir entre seguir por el camino\/carretera o la misma senda\/G.R. Yo opto por seguir la senda. Pasa por rincones bonitos de vegetaci\u00f3n y agua, cruzo el r\u00edo y ahora subo por su otro margen.<\/p>\n<p>Hasta el momento todo es una senda y no un camino como me hab\u00edan dicho. Pero la sena es muy bonita, y siempre con las vistas el r\u00edo m\u00e1s profundas y cercanas en su recorrido. La senda pasa ahora por una parte m\u00e1s roqueda y vertical, con algo de ca\u00edda; por ello han puesto un cable. Al otro lado otro puente (que cruza la carretera) y un giro del G.R. En muchos de los carteles te dice a los diferentes sitios a donde ir, pero Graus no aparece mucho. Me dejo guiar por el G.R.<\/p>\n<div id=\"attachment_17985\" style=\"width: 770px\" class=\"wp-caption aligncenter\"><a class=\"dt-single-image\" href=\"https:\/\/www.monta\u00f1asdelaluna.es\/wp-content\/uploads\/2015\/08\/PortaDelCel-018.jpg\" data-dt-img-description=\"\"><img loading=\"lazy\" decoding=\"async\" aria-describedby=\"caption-attachment-17985\" class=\"wp-image-17985 size-full\" src=\"https:\/\/www.monta\u00f1asdelaluna.es\/wp-content\/uploads\/2015\/08\/PortaDelCel-018.jpg\" alt=\"Joaqu\u00edn en el puente de Tavasc\u00e1n.\" width=\"760\" height=\"570\" srcset=\"https:\/\/www.monta\u00f1asdelaluna.es\/wp-content\/uploads\/2015\/08\/PortaDelCel-018.jpg 760w, https:\/\/www.monta\u00f1asdelaluna.es\/wp-content\/uploads\/2015\/08\/PortaDelCel-018-300x225.jpg 300w\" sizes=\"auto, (max-width: 760px) 100vw, 760px\" \/><\/a><p id=\"caption-attachment-17985\" class=\"wp-caption-text\">Joaqu\u00edn en el puente de Tavasc\u00e1n.<\/p><\/div>\n<p>Cruzo el puente y despu\u00e9s sigo girando a la izquierda y valle arriba por, ahora si, una especie de camino. Antes he pasado por algunas bordas (casas de pastores) y ahora seguir\u00e9 pasando por otras tantas. Como parecen encajar las piedras sin verse la argamasa para hacer estas antiguas casas. Algunas est\u00e1n en ruinas, abandonadas; otras las han adecuado o restaurado.<\/p>\n<p>Ahora ya estoy alejado del r\u00edo, pero al tiempo veo unas casas al otro lado, y como que acaba la carreterilla. Una rulot plantada en un prado me dice que es el Camping de Graus. De hecho parece que lo paso dej\u00e1ndolo a mi izquierda y casi espalda, hasta que llego a un cruce marcado: a la izquierda cruzo el r\u00edo y llego a Graus, a la derecha cojo la senda hac\u00eda Certasc\u00e1n.<\/p>\n<div id=\"attachment_17991\" style=\"width: 580px\" class=\"wp-caption aligncenter\"><a class=\"dt-single-image\" href=\"https:\/\/www.monta\u00f1asdelaluna.es\/wp-content\/uploads\/2015\/08\/PortaDelCel-027.jpg\" data-dt-img-description=\"\"><img loading=\"lazy\" decoding=\"async\" aria-describedby=\"caption-attachment-17991\" class=\"wp-image-17991 size-full\" src=\"https:\/\/www.monta\u00f1asdelaluna.es\/wp-content\/uploads\/2015\/08\/PortaDelCel-027.jpg\" alt=\"Camino hac\u00eda Graus\" width=\"570\" height=\"760\" srcset=\"https:\/\/www.monta\u00f1asdelaluna.es\/wp-content\/uploads\/2015\/08\/PortaDelCel-027.jpg 570w, https:\/\/www.monta\u00f1asdelaluna.es\/wp-content\/uploads\/2015\/08\/PortaDelCel-027-225x300.jpg 225w\" sizes=\"auto, (max-width: 570px) 100vw, 570px\" \/><\/a><p id=\"caption-attachment-17991\" class=\"wp-caption-text\">Camino hac\u00eda Graus<\/p><\/div>\n<div id=\"attachment_17998\" style=\"width: 580px\" class=\"wp-caption aligncenter\"><a class=\"dt-single-image\" href=\"https:\/\/www.monta\u00f1asdelaluna.es\/wp-content\/uploads\/2015\/08\/PortaDelCel-036.jpg\" data-dt-img-description=\"\"><img loading=\"lazy\" decoding=\"async\" aria-describedby=\"caption-attachment-17998\" class=\"wp-image-17998 size-full\" src=\"https:\/\/www.monta\u00f1asdelaluna.es\/wp-content\/uploads\/2015\/08\/PortaDelCel-036.jpg\" alt=\"Camino de Graus\" width=\"570\" height=\"760\" srcset=\"https:\/\/www.monta\u00f1asdelaluna.es\/wp-content\/uploads\/2015\/08\/PortaDelCel-036.jpg 570w, https:\/\/www.monta\u00f1asdelaluna.es\/wp-content\/uploads\/2015\/08\/PortaDelCel-036-225x300.jpg 225w\" sizes=\"auto, (max-width: 570px) 100vw, 570px\" \/><\/a><p id=\"caption-attachment-17998\" class=\"wp-caption-text\">Camino de Graus<\/p><\/div>\n<p>Ya estoy en Graus: el camping y refugio son encantadores y a primera vista muy c\u00f3modos y nuevos. Ficho en recepci\u00f3n (que est\u00e1 en el restaurante), me dan el mapa, la camiseta, el cart\u00f3n o pasaporte para sellar a medida que pase por refugios o picos\u2026 y me voy a la caba\u00f1ita que pone Refugi. Hay muy poca gente: 2 parejas y yo = 5 personas. Una pareja est\u00e1 en una habitaci\u00f3n y yo me he instalado en otra habitaci\u00f3n, una para mi solo. La otra pareja llega m\u00e1s tarde. El refugio est\u00e1 muy bien con literas normales y una buhardilla donde, con colchones y cuando est\u00e1 lleno, puedes dormir en el suelo de madera.<\/p>\n<p>Estoy en la puerta del mismo ahora. Hace viento y fr\u00edo, o mejor dicho fresco. No llueve, pero est\u00e1 nublado. Se supone que hoy ser\u00eda el peor d\u00eda meteorol\u00f3gicamente hablando. Ma\u00f1ana esperar\u00e9 las tormentas.<\/p>\n<p>Estoy un poco acojonado y emocionado a la vez. Nunca hab\u00eda hecho una cosa como esta, una traves\u00eda por los Pirineos, de alta monta\u00f1a y en solitario. La emoci\u00f3n ya la ten\u00eda una vez idee realizarla, pero el acojono, el miedo me ha venido aqu\u00ed, ahora que de verdad me veo solo, a\u00fan no he subido a la alta monta\u00f1a y me quedan 4 d\u00edas de aventura por delante.<\/p>\n<div id=\"attachment_18002\" style=\"width: 770px\" class=\"wp-caption aligncenter\"><a class=\"dt-single-image\" href=\"https:\/\/www.monta\u00f1asdelaluna.es\/wp-content\/uploads\/2015\/08\/PortaDelCel-042.jpg\" data-dt-img-description=\"\"><img loading=\"lazy\" decoding=\"async\" aria-describedby=\"caption-attachment-18002\" class=\"wp-image-18002 size-full\" src=\"https:\/\/www.monta\u00f1asdelaluna.es\/wp-content\/uploads\/2015\/08\/PortaDelCel-042.jpg\" alt=\"Pont de La Bolle\" width=\"760\" height=\"570\" srcset=\"https:\/\/www.monta\u00f1asdelaluna.es\/wp-content\/uploads\/2015\/08\/PortaDelCel-042.jpg 760w, https:\/\/www.monta\u00f1asdelaluna.es\/wp-content\/uploads\/2015\/08\/PortaDelCel-042-300x225.jpg 300w\" sizes=\"auto, (max-width: 760px) 100vw, 760px\" \/><\/a><p id=\"caption-attachment-18002\" class=\"wp-caption-text\">Pont de La Bolle<\/p><\/div>\n<div id=\"attachment_18005\" style=\"width: 770px\" class=\"wp-caption aligncenter\"><a class=\"dt-single-image\" href=\"https:\/\/www.monta\u00f1asdelaluna.es\/wp-content\/uploads\/2015\/08\/PortaDelCel-046.jpg\" data-dt-img-description=\"\"><img loading=\"lazy\" decoding=\"async\" aria-describedby=\"caption-attachment-18005\" class=\"wp-image-18005 size-full\" src=\"https:\/\/www.monta\u00f1asdelaluna.es\/wp-content\/uploads\/2015\/08\/PortaDelCel-046.jpg\" alt=\"Camino de Graus\" width=\"760\" height=\"570\" srcset=\"https:\/\/www.monta\u00f1asdelaluna.es\/wp-content\/uploads\/2015\/08\/PortaDelCel-046.jpg 760w, https:\/\/www.monta\u00f1asdelaluna.es\/wp-content\/uploads\/2015\/08\/PortaDelCel-046-300x225.jpg 300w\" sizes=\"auto, (max-width: 760px) 100vw, 760px\" \/><\/a><p id=\"caption-attachment-18005\" class=\"wp-caption-text\">Camino de Graus<\/p><\/div>\n<p>Tiempo de relax. Echado en la litera. Mirando el mapa: es un subibaja infernal, el \u00faltimo d\u00eda es s\u00faper largo. Ma\u00f1ana tengo un desnivel de unos 1.500 mts. si subo al Pic de Certasc\u00e1n. El subibaja en el Pirineo franc\u00e9s cuando cruce la frontera, ser\u00e1 casi una \u201cprueba de H\u00e9rcules\u201d, no por el esfuerzo y dificultad, si no por la orientaci\u00f3n si se meten esas nubes espesas y dejan invisible el paisaje, recorrido y monta\u00f1a.<\/p>\n<p>Merodeo por los alrededores. Las tormentas y lluvias torrenciales no llegan a\u00fan. Paseo por el R\u00edo de Tavasc\u00e1n para ver si veo a alguno de sus habitantes. Me acerco a la presa cercana. Merodeo por el camping, duermo la siesta, ojeo folletos informativos\u2026 ya hablo con Anna por Whasapp gracias al Wifi del camping. No hay cobertura Movistar. Escribo. Ya no s\u00e9 que m\u00e1s hacer hasta la hora de la cena.<\/p>\n<p>Sentados a la cena del comedor para cenar, oigo que, como m\u00ednimo 1 o 2 parejas har\u00e1n la traves\u00eda de la Porta del Cel. Ir\u00e9 delante de ellos y si me pasa algo, ellos me encontrar\u00e1n para socorrerme, je, je\u2026 De momento cada pareja y yo vamos a lo nuestro\u2026 esperaremos las noches de alta monta\u00f1a para ver si sale la conversaci\u00f3n \u00a1Voy a probar la trucha de r\u00edo! Ya hace mucho desde la \u00faltima vez, como d\u00e9cadas\u2026<\/p>\n<div id=\"attachment_18015\" style=\"width: 770px\" class=\"wp-caption aligncenter\"><a class=\"dt-single-image\" href=\"https:\/\/www.monta\u00f1asdelaluna.es\/wp-content\/uploads\/2015\/08\/PortaDelCel-059.jpg\" data-dt-img-description=\"\"><img loading=\"lazy\" decoding=\"async\" aria-describedby=\"caption-attachment-18015\" class=\"wp-image-18015 size-full\" src=\"https:\/\/www.monta\u00f1asdelaluna.es\/wp-content\/uploads\/2015\/08\/PortaDelCel-059.jpg\" alt=\"Camping de Graus\" width=\"760\" height=\"570\" srcset=\"https:\/\/www.monta\u00f1asdelaluna.es\/wp-content\/uploads\/2015\/08\/PortaDelCel-059.jpg 760w, https:\/\/www.monta\u00f1asdelaluna.es\/wp-content\/uploads\/2015\/08\/PortaDelCel-059-300x225.jpg 300w\" sizes=\"auto, (max-width: 760px) 100vw, 760px\" \/><\/a><p id=\"caption-attachment-18015\" class=\"wp-caption-text\">Camping de Graus<\/p><\/div>\n<div id=\"attachment_18019\" style=\"width: 770px\" class=\"wp-caption aligncenter\"><a class=\"dt-single-image\" href=\"https:\/\/www.monta\u00f1asdelaluna.es\/wp-content\/uploads\/2015\/08\/PortaDelCel-072.jpg\" data-dt-img-description=\"\"><img loading=\"lazy\" decoding=\"async\" aria-describedby=\"caption-attachment-18019\" class=\"wp-image-18019 size-full\" src=\"https:\/\/www.monta\u00f1asdelaluna.es\/wp-content\/uploads\/2015\/08\/PortaDelCel-072.jpg\" alt=\"Graus\" width=\"760\" height=\"570\" srcset=\"https:\/\/www.monta\u00f1asdelaluna.es\/wp-content\/uploads\/2015\/08\/PortaDelCel-072.jpg 760w, https:\/\/www.monta\u00f1asdelaluna.es\/wp-content\/uploads\/2015\/08\/PortaDelCel-072-300x225.jpg 300w\" sizes=\"auto, (max-width: 760px) 100vw, 760px\" \/><\/a><p id=\"caption-attachment-18019\" class=\"wp-caption-text\">Graus<\/p><\/div>\n<p>Me estoy acordando ahora de aquel \u201cloco solitario\u201d que jugaba con Jes\u00fas Santana al ajedrez en el refugio de Est\u00f3s en julio del 2.002 \u00bfPensar\u00e1n estas parejas que me he vuelto otro \u201cloco solitario\u201d?<\/p>\n<p>Despu\u00e9s de cenar me ense\u00f1an y dan el GPS. Daniel, del camping, me explica. 100 \u20ac de fianza. Despu\u00e9s estoy bastante tiempo hablando con la que parece la due\u00f1a y madre de Daniel, sobre el tipo de gente que viene y sus casos, gente imprudente, sobre los libros y posters del recorrido y la Pica\u2026 muy simp\u00e1tica y amable, y a la vez firme y segura, la mujer. Se hace tarde. Ma\u00f1ana pongo el despertador a las 7, y a las 7\u201930 el desayuno. A dormir en el solitario cuarto.<\/p>\n<div id=\"attachment_18046\" style=\"width: 938px\" class=\"wp-caption aligncenter\"><a class=\"dt-single-image\" href=\"https:\/\/www.monta\u00f1asdelaluna.es\/wp-content\/uploads\/2014\/07\/graus.jpg\" data-dt-img-description=\"\"><img loading=\"lazy\" decoding=\"async\" aria-describedby=\"caption-attachment-18046\" class=\"wp-image-18046 size-full\" src=\"https:\/\/www.monta\u00f1asdelaluna.es\/wp-content\/uploads\/2014\/07\/graus.jpg\" alt=\"Croquis del recorrido Tavasc\u00e1n-Graus\" width=\"928\" height=\"1284\" srcset=\"https:\/\/www.monta\u00f1asdelaluna.es\/wp-content\/uploads\/2014\/07\/graus.jpg 928w, https:\/\/www.monta\u00f1asdelaluna.es\/wp-content\/uploads\/2014\/07\/graus-217x300.jpg 217w, https:\/\/www.monta\u00f1asdelaluna.es\/wp-content\/uploads\/2014\/07\/graus-740x1024.jpg 740w\" sizes=\"auto, (max-width: 928px) 100vw, 928px\" \/><\/a><p id=\"caption-attachment-18046\" class=\"wp-caption-text\">Croquis del recorrido Tavasc\u00e1n-Graus<\/p><\/div>\n<p>[vc_separator][\/vc_column_text][\/vc_column][\/vc_row][vc_row][vc_column][vc_empty_space height=\u00bb60px\u00bb][\/vc_column][\/vc_row][vc_row][vc_column][vc_cta h2=\u00bb\u00c1lbum de fotos\u00bb txt_align=\u00bbcenter\u00bb add_button=\u00bbbottom\u00bb btn_title=\u00bbVer fotos\u00bb btn_color=\u00bbwarning\u00bb btn_align=\u00bbcenter\u00bb btn_link=\u00bburl:https%3A%2F%2Fmonta%C3%B1asdelaluna.es%2F%3Fdt_gallery%3Dtavascan-graus-2|title:Porta%20del%20Cel.%201%C2%BA%20Etapa%3A%20Tavasc%C3%A1n-Graus|target:_blank\u00bb css=\u00bb.vc_custom_1625785731356{background-color: #8bc4ed !important;}\u00bb]Puedes ver todas las fotos del relato y actividad en forma de presentaci\u00f3n o individuales pinchando aqui \u00a1No te las pierdas![\/vc_cta][\/vc_column][\/vc_row][vc_row][vc_column][vc_empty_space height=\u00bb60px\u00bb][\/vc_column][\/vc_row][vc_row][vc_column width=\u00bb1\/3&#8243;][\/vc_column][vc_column width=\u00bb1\/2&#8243;][vc_raw_html]JTNDaWZyYW1lJTIwc3JjJTNEJTIyaHR0cHMlM0ElMkYlMkZ3d3cubWV0ZW9ibHVlLmNvbSUyRmVzJTJGdGllbXBvJTJGd2lkZ2V0JTJGZGFpbHklMkZ0YXZhc2MlMjVjMyUyNWExbl9lc3BhJTI1YzMlMjViMWFfNzc5ODY3NCUzRmRheXMlM0Q3JTI2dGVtcHVuaXQlM0RDRUxTSVVTJTI2d2luZHVuaXQlM0RLSUxPTUVURVJfUEVSX0hPVVIlMjZwaWN0b2ljb24lM0QxJTI2bWF4dGVtcGVyYXR1cmUlM0QxJTI2bWludGVtcGVyYXR1cmUlM0QxJTI2d2luZHNwZWVkJTNEMSUyNndpbmRndXN0JTNEMSUyNndpbmRkaXJlY3Rpb24lM0QxJTI2cHJlY2lwaXRhdGlvbiUzRDElMjZwcmVjaXBpdGF0aW9ucHJvYmFiaWxpdHklM0QxJTI2c3BvdCUzRDElMjZwcmVzc3VyZSUzRDElMjZsYXlvdXQlM0RsaWdodCUyMiUyMCUyMGZyYW1lYm9yZGVyJTNEJTIyMCUyMiUyMHNjcm9sbGluZyUzRCUyMk5PJTIyJTIwYWxsb3d0cmFuc3BhcmVuY3klM0QlMjJ0cnVlJTIyJTIwc3R5bGUlM0QlMjJ3aWR0aCUzQSUyMDM3OHB4JTNCaGVpZ2h0JTNBJTIwMzgxcHglMjIlM0UlM0MlMkZpZnJhbWUlM0UlM0NkaXYlM0UlM0MlMjEtLSUyMERPJTIwTk9UJTIwUkVNT1ZFJTIwVEhJUyUyMExJTkslMjAtLSUzRSUzQ2ElMjBocmVmJTNEJTIyaHR0cHMlM0ElMkYlMkZ3d3cubWV0ZW9ibHVlLmNvbSUyRmVzJTJGdGllbXBvJTJGcHJvbm9zdGljbyUyRnNlbWFuYSUyRnRhdmFzYyUyNWMzJTI1YTFuX2VzcGElMjVjMyUyNWIxYV83Nzk4Njc0JTIyJTIwdGFyZ2V0JTNEJTIyX2JsYW5rJTIyJTNFbWV0ZW9ibHVlJTNDJTJGYSUzRSUzQyUyRmRpdiUzRQ==[\/vc_raw_html][\/vc_column][vc_column width=\u00bb1\/5&#8243;][\/vc_column][\/vc_row]<\/p>\n","protected":false},"excerpt":{"rendered":"<p>[vc_row][vc_column][vc_column_text]Llego sobre las 13\u201930 a Tavasc\u00e1n desde Barcelona. Esto es el Valle de Card\u00f3s. El d\u00eda est\u00e1 nublado y amenaza lluvia y tormenta. Me queda subir a Graus, a su refugio. Tengo que equiparme y subir antes de que empiece a llover, y ya como arriba. Solo son 1\u201930 horas seg\u00fan tengo entendido por un&hellip;<\/p>\n","protected":false},"author":1,"featured_media":18019,"comment_status":"open","ping_status":"open","sticky":false,"template":"","format":"standard","meta":[],"categories":[71],"tags":[],"class_list":["post-18021","post","type-post","status-publish","format-standard","has-post-thumbnail","hentry","category-porta-del-cel","category-71","description-off"],"_links":{"self":[{"href":"https:\/\/www.monta\u00f1asdelaluna.es\/index.php?rest_route=\/wp\/v2\/posts\/18021","targetHints":{"allow":["GET"]}}],"collection":[{"href":"https:\/\/www.monta\u00f1asdelaluna.es\/index.php?rest_route=\/wp\/v2\/posts"}],"about":[{"href":"https:\/\/www.monta\u00f1asdelaluna.es\/index.php?rest_route=\/wp\/v2\/types\/post"}],"author":[{"embeddable":true,"href":"https:\/\/www.monta\u00f1asdelaluna.es\/index.php?rest_route=\/wp\/v2\/users\/1"}],"replies":[{"embeddable":true,"href":"https:\/\/www.monta\u00f1asdelaluna.es\/index.php?rest_route=%2Fwp%2Fv2%2Fcomments&post=18021"}],"version-history":[{"count":23,"href":"https:\/\/www.monta\u00f1asdelaluna.es\/index.php?rest_route=\/wp\/v2\/posts\/18021\/revisions"}],"predecessor-version":[{"id":50148,"href":"https:\/\/www.monta\u00f1asdelaluna.es\/index.php?rest_route=\/wp\/v2\/posts\/18021\/revisions\/50148"}],"wp:featuredmedia":[{"embeddable":true,"href":"https:\/\/www.monta\u00f1asdelaluna.es\/index.php?rest_route=\/wp\/v2\/media\/18019"}],"wp:attachment":[{"href":"https:\/\/www.monta\u00f1asdelaluna.es\/index.php?rest_route=%2Fwp%2Fv2%2Fmedia&parent=18021"}],"wp:term":[{"taxonomy":"category","embeddable":true,"href":"https:\/\/www.monta\u00f1asdelaluna.es\/index.php?rest_route=%2Fwp%2Fv2%2Fcategories&post=18021"},{"taxonomy":"post_tag","embeddable":true,"href":"https:\/\/www.monta\u00f1asdelaluna.es\/index.php?rest_route=%2Fwp%2Fv2%2Ftags&post=18021"}],"curies":[{"name":"wp","href":"https:\/\/api.w.org\/{rel}","templated":true}]}}