{"id":18188,"date":"2011-07-17T17:16:18","date_gmt":"2011-07-17T17:16:18","guid":{"rendered":"http:\/\/monta\u00f1asdelaluna.com\/?p=18188"},"modified":"2021-08-04T06:31:08","modified_gmt":"2021-08-04T06:31:08","slug":"collserola-subida-al-tibidabo","status":"publish","type":"post","link":"https:\/\/www.monta\u00f1asdelaluna.es\/?p=18188","title":{"rendered":"Collserola. Subida al Tibidabo"},"content":{"rendered":"<p>[vc_row][vc_column][vc_column_text]No tiene perd\u00f3n que un monta\u00f1ero se venga a vivir a Barcelona y no suba a lo m\u00e1s alto de Collserola, a su pico m\u00e1s alto: El Tibidabo.<\/p>\n<p>Ya hab\u00edamos hecho una bonita marcha <a href=\"https:\/\/www.monta\u00f1asdelaluna.es\/?p=16297\" target=\"_blank\" rel=\"noopener\">atravesando Collserola<\/a> desde la estaci\u00f3n de metro de Montbau hasta la estaci\u00f3n de tren de Cerdanyola del Vall\u00e8s; y en lo alto del Tur\u00f3 de La Magarola, quedaba el reconocido Templo Expiatorio del Sagrado Coraz\u00f3n a nuestra izquierda, hac\u00eda el sur, siguiendo el cordal de la sierra; imagen que quedo impresa en mis pupilas cual nuevo reto u objetivo en un nuevo territorio no pisado por mis botas pero tan reconocido y esperado como en un inquietante sue\u00f1o que se repite y se repite en la pantalla del televisor.<\/p>\n<p>Pero no quer\u00eda que fuera tan largo como la anterior marcha, y que solo nos ocupara una ma\u00f1ana; a la vez intent\u00e9 enganchar otra ruta de ese libro de recorridos del Patrimoni Arquitect\u00f2nic de la Xarxa de Parcs Naturals de La Diputaci\u00f3 de Barcelona; a la vez intentar atravesar la sierra, o sea, empezar por una cara y aparecer por la otra despu\u00e9s de coronar su cordal m\u00e1s alto que separa las vertientes; y a la vez utilizar los medios de transportes p\u00fablico tan bien acondicionados de Barcelona y cercan\u00edas&#8230; pero sin pasar de la \u201cZona 1\u201d: &#8230;\u00a1\u00bfQu\u00e9 ruta saldr\u00eda?!<\/p>\n<div id=\"attachment_18132\" style=\"width: 761px\" class=\"wp-caption aligncenter\"><a class=\"dt-single-image\" href=\"https:\/\/www.monta\u00f1asdelaluna.es\/wp-content\/uploads\/2015\/08\/Collserola.-Subida-al-Tibidabo.-17-07-11-002.jpg\" data-dt-img-description=\"\"><img loading=\"lazy\" decoding=\"async\" aria-describedby=\"caption-attachment-18132\" class=\"wp-image-18132 size-full\" src=\"https:\/\/www.monta\u00f1asdelaluna.es\/wp-content\/uploads\/2015\/08\/Collserola.-Subida-al-Tibidabo.-17-07-11-002.jpg\" alt=\"Sant Gen\u00eds dels Agudels\" width=\"751\" height=\"563\" srcset=\"https:\/\/www.monta\u00f1asdelaluna.es\/wp-content\/uploads\/2015\/08\/Collserola.-Subida-al-Tibidabo.-17-07-11-002.jpg 751w, https:\/\/www.monta\u00f1asdelaluna.es\/wp-content\/uploads\/2015\/08\/Collserola.-Subida-al-Tibidabo.-17-07-11-002-300x225.jpg 300w\" sizes=\"auto, (max-width: 751px) 100vw, 751px\" \/><\/a><p id=\"caption-attachment-18132\" class=\"wp-caption-text\">Sant Gen\u00eds dels Agudels<\/p><\/div>\n<div id=\"attachment_18140\" style=\"width: 761px\" class=\"wp-caption aligncenter\"><a class=\"dt-single-image\" href=\"https:\/\/www.monta\u00f1asdelaluna.es\/wp-content\/uploads\/2015\/08\/Collserola.-Subida-al-Tibidabo.-17-07-11-018.jpg\" data-dt-img-description=\"\"><img loading=\"lazy\" decoding=\"async\" aria-describedby=\"caption-attachment-18140\" class=\"wp-image-18140 size-full\" src=\"https:\/\/www.monta\u00f1asdelaluna.es\/wp-content\/uploads\/2015\/08\/Collserola.-Subida-al-Tibidabo.-17-07-11-018.jpg\" alt=\"Cam\u00ed de Les Aig\u00fces\" width=\"751\" height=\"563\" srcset=\"https:\/\/www.monta\u00f1asdelaluna.es\/wp-content\/uploads\/2015\/08\/Collserola.-Subida-al-Tibidabo.-17-07-11-018.jpg 751w, https:\/\/www.monta\u00f1asdelaluna.es\/wp-content\/uploads\/2015\/08\/Collserola.-Subida-al-Tibidabo.-17-07-11-018-300x225.jpg 300w\" sizes=\"auto, (max-width: 751px) 100vw, 751px\" \/><\/a><p id=\"caption-attachment-18140\" class=\"wp-caption-text\">Cam\u00ed de Les Aig\u00fces<\/p><\/div>\n<p>Pues el pasado domingo 17 de julio, y aprovechando las \u00f3ptimas condiciones meteorol\u00f3gicas del momento (nublado y bajas temperaturas para la \u00e9poca) cogimos el metro de la l\u00ednea 5 o azul para bajar en Vall d\u2019Hebr\u00f3n, la estaci\u00f3n de metro con nombre de hospital y de valle b\u00edblico. La idea era subir al Tibidabo y bajar a la \u00faltima estaci\u00f3n del cercan\u00edas de la Generalitat en direcci\u00f3n a Sant Cugat, dentro de la Zona 1, Baixador de Vallvidrera. Por la salida hac\u00eda la residencia m\u00e9dica y cogiendo la Avenida del Jord\u00e1n, sin p\u00e9rdida, hac\u00eda arriba como en direcci\u00f3n a la monta\u00f1a, llegamos al poco tiempo a las puertas de la Iglesia de Sant Gen\u00eds dels Agudells. Muy reconocible, antes de llegar, por la silueta de su campanario. El lugar, con su cementerio y patio de entrada, parece un peque\u00f1o rinc\u00f3n de un pueblecito que se ha colado en la ciudad. Siguiendo la ruta elegida del recorrido del Patrimoni Arquitect\u00f2nic, el siguiente lugar a visitar es Sant Cebr\u00eca d\u2019Horta, pero me equivoco de camino y en lugar de coger la calle de Nazaret paralela a la sierra (que se supone es parte del camino de Sant Gen\u00eds) subimos por la calle de Saldes y despu\u00e9s por la de Sag\u00e0s, empinadas, de nuevo en direcci\u00f3n a la sierra&#8230; \u00a1la cabra tira al monte! Termina la calle de Sag\u00e0s en un sendero que rodea una especie de muralla o valla recto y por la izquierda, y subiendo te deja en las orillas de la carretera de Sant Cugat o de l\u2019Arrabassada.<\/p>\n<p>Miro en la peque\u00f1a pantalla de mi c\u00e1mara de fotos el mapa de Alpina fotografiado por si las moscas (de la pantalla del ordenador), y descubro que para retomar el recorrido debemos seguir la carretera hasta un camino, despu\u00e9s de una curva muy cerrada, hac\u00eda la derecha y hac\u00eda la parte m\u00e1s alta de la sierra; por el Passeig de Les Aig\u00fces y del Centre d\u2019acolliment d\u2019animals de companyia. Mientras, las vistas de la ciudad desde el paseo por la carretera son preciosas: all\u00e1 en la lejan\u00eda, a orillas del mar las torres del Puerto Ol\u00edmpico y el Hotel Wella, y mientras nos recorremos con la mirada l\u2019Eixampla hasta abordar las faldas de Collserola&#8230; Barcelona. A nuestra espalda dejamos El Tibidabo, nos alejamos algo de su vista en direcci\u00f3n a las alturas de Collserola por el Tur\u00f3 de Sant Cebr\u00eca y de Santa Maria. La pista llega a un reconocido cruce de recorridos, ya visitado en la anterior nombrada ruta por Collserola. Pero ahora cogemos la direcci\u00f3n contrar\u00eda a entonces; vamos en direcci\u00f3n a la cima del Tur\u00f3 de Sant Cebr\u00eca (435 mts.)<\/p>\n<div id=\"attachment_18144\" style=\"width: 761px\" class=\"wp-caption aligncenter\"><a class=\"dt-single-image\" href=\"https:\/\/www.monta\u00f1asdelaluna.es\/wp-content\/uploads\/2015\/08\/Collserola.-Subida-al-Tibidabo.-17-07-11-029.jpg\" data-dt-img-description=\"\"><img loading=\"lazy\" decoding=\"async\" aria-describedby=\"caption-attachment-18144\" class=\"wp-image-18144 size-full\" src=\"https:\/\/www.monta\u00f1asdelaluna.es\/wp-content\/uploads\/2015\/08\/Collserola.-Subida-al-Tibidabo.-17-07-11-029.jpg\" alt=\"Indicaciones en Collserola\" width=\"751\" height=\"563\" srcset=\"https:\/\/www.monta\u00f1asdelaluna.es\/wp-content\/uploads\/2015\/08\/Collserola.-Subida-al-Tibidabo.-17-07-11-029.jpg 751w, https:\/\/www.monta\u00f1asdelaluna.es\/wp-content\/uploads\/2015\/08\/Collserola.-Subida-al-Tibidabo.-17-07-11-029-300x225.jpg 300w\" sizes=\"auto, (max-width: 751px) 100vw, 751px\" \/><\/a><p id=\"caption-attachment-18144\" class=\"wp-caption-text\">Indicaciones en Collserola<\/p><\/div>\n<div id=\"attachment_18145\" style=\"width: 761px\" class=\"wp-caption aligncenter\"><a class=\"dt-single-image\" href=\"https:\/\/www.monta\u00f1asdelaluna.es\/wp-content\/uploads\/2015\/08\/Collserola.-Subida-al-Tibidabo.-17-07-11-030.jpg\" data-dt-img-description=\"\"><img loading=\"lazy\" decoding=\"async\" aria-describedby=\"caption-attachment-18145\" class=\"wp-image-18145 size-full\" src=\"https:\/\/www.monta\u00f1asdelaluna.es\/wp-content\/uploads\/2015\/08\/Collserola.-Subida-al-Tibidabo.-17-07-11-030.jpg\" alt=\"El Tibidabo desde el Tur\u00f3 de Santa Mar\u00eda\" width=\"751\" height=\"563\" srcset=\"https:\/\/www.monta\u00f1asdelaluna.es\/wp-content\/uploads\/2015\/08\/Collserola.-Subida-al-Tibidabo.-17-07-11-030.jpg 751w, https:\/\/www.monta\u00f1asdelaluna.es\/wp-content\/uploads\/2015\/08\/Collserola.-Subida-al-Tibidabo.-17-07-11-030-300x225.jpg 300w\" sizes=\"auto, (max-width: 751px) 100vw, 751px\" \/><\/a><p id=\"caption-attachment-18145\" class=\"wp-caption-text\">El Tibidabo desde el Tur\u00f3 de Santa Mar\u00eda<\/p><\/div>\n<p>En la boscosa cumbre del Tur\u00f3 de Sant Cebr\u00eca no encuentro s\u00edmbolo alguno de su ap\u00e9ndice cimero; pero decidimos pararnos a descansar y a tomar un bocado entre el camino, que ya comenzaba a bajar en busca del collado hac\u00eda el Tur\u00f3 de La Magarola, y la vegetaci\u00f3n exuberante; sobre unas piedras puestas como diciendo \u201ces lo \u00fanico que hay\u201d. Seguimos por la cima de la sierra y pasamos, sin darnos cuenta, por la cumbre del Tur\u00f3 de Santa Maria (443 mts.) que justo en ella hay una torre de l\u00ednea de alta tensi\u00f3n, y justo a 5 metros antes, un cruce en el que hay que seguir a la derecha y hac\u00eda abajo en busca de la Carretera de La Rabassada y Vista Rica. A nuestra espalda dejamos el recorrido por la Serra dels Agudells y al Tur\u00f3 de La Font Groga. Ya veo m\u00e1s cercano El Tibidabo con todo su conjunto de construcciones, presididas por ese Templo del Sagrado Coraz\u00f3n, ahora ya vamos por encima de la cumbre de Collserola hac\u00eda su encuentro.<\/p>\n<p>La senda termina en la carretera y la zona que llaman de Vista Rica. Es el Coll de l\u2019Erola, lugar que d\u00e1 nombre a la sierra en conjunto (Collserola). Un numeroso grupo de ciclistas hay junto a la fuente de Vista Rica, y de nuevo construcciones de casas antiguas y casi se\u00f1oriales la cierran por un lado, junto con la carretera, y el tupido bosque por el otro, hac\u00eda el lado frondoso de Sant Cugat. Aqu\u00ed por fin vemos se\u00f1ales del famoso G.R.-92 que decidimos seguir en direcci\u00f3n al Tibidabo y casi paralelo a la carretera. En esta parte grandiosos \u00e1rboles te cierran la senda y te dejan boquiabierto ante sus altas y bellas siluetas. Precioso. La senda desemboca en la carretera. La cruzamos y volvemos a cruzar despu\u00e9s del cruce hac\u00eda El Tibidabo a la izquierda; y enseguida el G.R. se interna en la monta\u00f1a y su bosque, subiendo por la espesura y viveza del mismo. Un cartel nos indica que vamos en direcci\u00f3n a la Font de La Salamandra y al Coll de La Vinyassa \u00a1vamos bien!<\/p>\n<div id=\"attachment_18153\" style=\"width: 761px\" class=\"wp-caption aligncenter\"><a class=\"dt-single-image\" href=\"https:\/\/www.monta\u00f1asdelaluna.es\/wp-content\/uploads\/2015\/08\/Collserola.-Subida-al-Tibidabo.-17-07-11-043.jpg\" data-dt-img-description=\"\"><img loading=\"lazy\" decoding=\"async\" aria-describedby=\"caption-attachment-18153\" class=\"wp-image-18153 size-full\" src=\"https:\/\/www.monta\u00f1asdelaluna.es\/wp-content\/uploads\/2015\/08\/Collserola.-Subida-al-Tibidabo.-17-07-11-043.jpg\" alt=\"Camino del Coll de La Vinyassa\" width=\"751\" height=\"563\" srcset=\"https:\/\/www.monta\u00f1asdelaluna.es\/wp-content\/uploads\/2015\/08\/Collserola.-Subida-al-Tibidabo.-17-07-11-043.jpg 751w, https:\/\/www.monta\u00f1asdelaluna.es\/wp-content\/uploads\/2015\/08\/Collserola.-Subida-al-Tibidabo.-17-07-11-043-300x225.jpg 300w\" sizes=\"auto, (max-width: 751px) 100vw, 751px\" \/><\/a><p id=\"caption-attachment-18153\" class=\"wp-caption-text\">Camino del Coll de La Vinyassa<\/p><\/div>\n<p>La senda del G.R. pasa por zonas muy bellas y frondosas de Collserola, bordeando el macizo del Tibidabo. Rincones muy bellos y verdes de magn\u00edficos y vivos \u00e1rboles, como en la Font de La Salamandra. La senda desemboca en otro cruce con una pista justo en el Coll de La Vinyassa. Tambi\u00e9n otro grupo de ciclistas se han parado en el mismo sitio, y uno de ellos nos dice que si queremos subir al Tibidabo, la senda (sin se\u00f1alar) de nuestra izquierda nos lleva en poco tiempo al lugar&#8230; \u00a1Era la que quer\u00eda coger yo! Empinada y algo desgajada, la senda nos deja efectivamente en las puertas de entrada del parque de atracciones. Ahora solo hay que seguir la empedrada carretera y paseo hacia la derecha hasta el ya muy cercano y visible Templo Expiatorio del Sagrado Coraz\u00f3n, con sus reconocidas formas arquitect\u00f3nicas tan originales y excepcionales como si se tratase de un g\u00f3tico moderno y cercano.<\/p>\n<p>\u00a1A\u00fan no hab\u00eda visitado el lugar desde que vivo en Barcelona! y pasamos un tiempo haciendo fotos y asom\u00e1ndonos desde las barandillas hac\u00eda las vistas de la ciudad. Rodeando el templo que se encuentra justo en la parte m\u00e1s alta de la monta\u00f1a (515 mts.) llegamos a su puerta principal y a la del parque de atracciones. El avi\u00f3n, al tiovivo, abajo la monta\u00f1a rusa&#8230; y domin\u00e1ndolo todo ese templo medio g\u00f3tico, misterioso con ese Cristo como el de R\u00edo de Janeiro, caracter\u00edstico de los \u201csagrados corazones\u201d. A nuestra derecha y siguiendo la cumbre de la sierra, ya de bajada hac\u00eda el suroeste, la impresionante antena de telecomunicaciones de Collserola. Otro \u201cmonumento\u201d a la avanzada tecnolog\u00eda del ser humano. Recortada entre las nubes parece un gigantesco arp\u00f3n clavado en la gigantesca ballena de Collserola. No llega a ser grotesco del todo, con su \u201cdiferente\u201d belleza, pero tampoco me convence como para apremiarla.<\/p>\n<div id=\"attachment_18156\" style=\"width: 573px\" class=\"wp-caption aligncenter\"><a class=\"dt-single-image\" href=\"https:\/\/www.monta\u00f1asdelaluna.es\/wp-content\/uploads\/2015\/08\/Collserola.-Subida-al-Tibidabo.-17-07-11-049.jpg\" data-dt-img-description=\"\"><img loading=\"lazy\" decoding=\"async\" aria-describedby=\"caption-attachment-18156\" class=\"wp-image-18156 size-full\" src=\"https:\/\/www.monta\u00f1asdelaluna.es\/wp-content\/uploads\/2015\/08\/Collserola.-Subida-al-Tibidabo.-17-07-11-049.jpg\" alt=\"Font de La Salamadra\" width=\"563\" height=\"751\" srcset=\"https:\/\/www.monta\u00f1asdelaluna.es\/wp-content\/uploads\/2015\/08\/Collserola.-Subida-al-Tibidabo.-17-07-11-049.jpg 563w, https:\/\/www.monta\u00f1asdelaluna.es\/wp-content\/uploads\/2015\/08\/Collserola.-Subida-al-Tibidabo.-17-07-11-049-225x300.jpg 225w\" sizes=\"auto, (max-width: 563px) 100vw, 563px\" \/><\/a><p id=\"caption-attachment-18156\" class=\"wp-caption-text\">Font de La Salamadra<\/p><\/div>\n<div id=\"attachment_18162\" style=\"width: 761px\" class=\"wp-caption aligncenter\"><a class=\"dt-single-image\" href=\"https:\/\/www.monta\u00f1asdelaluna.es\/wp-content\/uploads\/2015\/08\/Collserola.-Subida-al-Tibidabo.-17-07-11-057.jpg\" data-dt-img-description=\"\"><img loading=\"lazy\" decoding=\"async\" aria-describedby=\"caption-attachment-18162\" class=\"wp-image-18162 size-full\" src=\"https:\/\/www.monta\u00f1asdelaluna.es\/wp-content\/uploads\/2015\/08\/Collserola.-Subida-al-Tibidabo.-17-07-11-057.jpg\" alt=\"Tibidabo (518 mts.) Templo Expiatorio\" width=\"751\" height=\"563\" srcset=\"https:\/\/www.monta\u00f1asdelaluna.es\/wp-content\/uploads\/2015\/08\/Collserola.-Subida-al-Tibidabo.-17-07-11-057.jpg 751w, https:\/\/www.monta\u00f1asdelaluna.es\/wp-content\/uploads\/2015\/08\/Collserola.-Subida-al-Tibidabo.-17-07-11-057-300x225.jpg 300w\" sizes=\"auto, (max-width: 751px) 100vw, 751px\" \/><\/a><p id=\"caption-attachment-18162\" class=\"wp-caption-text\">Tibidabo (518 mts.) Templo Expiatorio<\/p><\/div>\n<p>Hay que bajar que las nubes amenazan tormenta y fr\u00edo en esta ma\u00f1ana de julio; aparte ya llevamos retraso en la realizaci\u00f3n de la ruta. Busco los caminos que, seg\u00fan el mapa, bordean El Tibidabo y nos devuelven al Coll de La Vinyassa. Los primeros se meten entre las casas de las orillas de la carretera (ya de bajada del lugar y mirando hac\u00eda el aparcamiento y la torre\/antena de telecomunicaciones) prohibido a coches que no sean vecinos&#8230; seguramente era la primera de ellas con las que nos encontramos, o la segunda, pero las dejamos atr\u00e1s y, antes de toparnos con una cerrada curva de la carretera de bajada a Barcelona y pasado ya el aparcamiento para coches, y casi en la base de la cercana torre de telecomunicaciones&#8230; un camino sale a la derecha en direcci\u00f3n al lugar escogido. Al final este camino derivar\u00e1 en los anteriores que estaban en medio de la urbanizaci\u00f3n haci\u00e9ndonos subir lo poco bajado. Hac\u00eda Can Tano o Can Totxo son ahora nuestras direcciones. La pista se despeja de casas, dejando atr\u00e1s nuestro paso por sus estrechas y pocas calles. Arriba y a nuestra espalda se queda la cima del Tibidabo con todas sus construcciones diversas.<\/p>\n<p>Enseguida llegamos al Coll de La Vinyassa. Reconocemos la senda que sale por la derecha y la que tambi\u00e9n sube al Tibidabo; nosotros seguiremos la pista recto siguiendo, ahora, el G.R.-92 que ya no dejaremos hasta llegar a la estaci\u00f3n de tren de Baixador de Vallvidrera \u00a1Claro est\u00e1! El G.R. en direcci\u00f3n contraria a la Font de La Salamandra, por la misma pista. Al cort\u00edsimo tiempo, despu\u00e9s de pasar por una fuente (como las de las calles de Barcelona) y un banco para sentarse, otro cartel nos indica que el G.R.-92 deja la pista para internarse, a la izquierda, por una senda ladera abajo por el boscoso valle. Seguimos por dicha senda.<\/p>\n<div id=\"attachment_18177\" style=\"width: 761px\" class=\"wp-caption aligncenter\"><a class=\"dt-single-image\" href=\"https:\/\/www.monta\u00f1asdelaluna.es\/wp-content\/uploads\/2015\/08\/Collserola.-Subida-al-Tibidabo.-17-07-11-104.jpg\" data-dt-img-description=\"\"><img loading=\"lazy\" decoding=\"async\" aria-describedby=\"caption-attachment-18177\" class=\"wp-image-18177 size-full\" src=\"https:\/\/www.monta\u00f1asdelaluna.es\/wp-content\/uploads\/2015\/08\/Collserola.-Subida-al-Tibidabo.-17-07-11-104.jpg\" alt=\"Bajando a Baixador de Valvidrera\" width=\"751\" height=\"563\" srcset=\"https:\/\/www.monta\u00f1asdelaluna.es\/wp-content\/uploads\/2015\/08\/Collserola.-Subida-al-Tibidabo.-17-07-11-104.jpg 751w, https:\/\/www.monta\u00f1asdelaluna.es\/wp-content\/uploads\/2015\/08\/Collserola.-Subida-al-Tibidabo.-17-07-11-104-300x225.jpg 300w\" sizes=\"auto, (max-width: 751px) 100vw, 751px\" \/><\/a><p id=\"caption-attachment-18177\" class=\"wp-caption-text\">Bajando a Baixador de Valvidrera<\/p><\/div>\n<p>Arriba las nubes amenazan con descargar un fuerte aguacero; inundan la torre de telecomunicaciones y el Templo del Sagrado Coraz\u00f3n y, ahora si, ahora no, cubren o despejan ambas construcciones d\u00e1ndoles un toque magn\u00edfico y altivo. A partir de aqu\u00ed seguiremos las indicaciones del propio G.R. en direcci\u00f3n al Centre d\u2019Informaci\u00f3 del Parc de Collserola en cada cartel que nos encontremos. La senda aqu\u00ed se interna por otra bella parte de Collserola; con su verde bosque de encinas, con\u00edferas, sotobosque, laderas despejadas de humanizaci\u00f3n e invadidas por la vida de la monta\u00f1a. Cruzamos el lecho de una riera y al poco tiempo llegamos a la Font del Canet, con un lindo chorrito de agua clara y fresca y otro banquito para disfrutar del entorno descansado y relajado.<\/p>\n<p>A partir de la Font del Canet la senda se hace pista y sigue bajando entre grandes encinas y sureres hac\u00eda el fondo del vallecillo, magn\u00edfico. No nos topamos con casi nadie: un corredor, dos ciclistas escandalosos y la magia del bosque de Collserola. Nos acercamos a las laderas de la torre de telecomunicaciones, y vemos como baja una pista directamente de su cima. Si hubi\u00e9ramos cogido esta pista hubi\u00e9ramos acortado mucho camino, sin pasar por el Coll de La Vinyassa, pero nos hubi\u00e9ramos perdido una bella senda y estos rincones hermosos de Collserola.<\/p>\n<div id=\"attachment_18175\" style=\"width: 761px\" class=\"wp-caption aligncenter\"><a class=\"dt-single-image\" href=\"https:\/\/www.monta\u00f1asdelaluna.es\/wp-content\/uploads\/2015\/08\/Collserola.-Subida-al-Tibidabo.-17-07-11-102.jpg\" data-dt-img-description=\"\"><img loading=\"lazy\" decoding=\"async\" aria-describedby=\"caption-attachment-18175\" class=\"wp-image-18175 size-full\" src=\"https:\/\/www.monta\u00f1asdelaluna.es\/wp-content\/uploads\/2015\/08\/Collserola.-Subida-al-Tibidabo.-17-07-11-102.jpg\" alt=\"Font del Canet\" width=\"751\" height=\"563\" srcset=\"https:\/\/www.monta\u00f1asdelaluna.es\/wp-content\/uploads\/2015\/08\/Collserola.-Subida-al-Tibidabo.-17-07-11-102.jpg 751w, https:\/\/www.monta\u00f1asdelaluna.es\/wp-content\/uploads\/2015\/08\/Collserola.-Subida-al-Tibidabo.-17-07-11-102-300x225.jpg 300w\" sizes=\"auto, (max-width: 751px) 100vw, 751px\" \/><\/a><p id=\"caption-attachment-18175\" class=\"wp-caption-text\">Font del Canet<\/p><\/div>\n<div id=\"attachment_18183\" style=\"width: 761px\" class=\"wp-caption aligncenter\"><a class=\"dt-single-image\" href=\"https:\/\/www.monta\u00f1asdelaluna.es\/wp-content\/uploads\/2015\/08\/Collserola.-Subida-al-Tibidabo.-17-07-11-117.jpg\" data-dt-img-description=\"\"><img loading=\"lazy\" decoding=\"async\" aria-describedby=\"caption-attachment-18183\" class=\"wp-image-18183 size-full\" src=\"https:\/\/www.monta\u00f1asdelaluna.es\/wp-content\/uploads\/2015\/08\/Collserola.-Subida-al-Tibidabo.-17-07-11-117.jpg\" alt=\"Baixador de Valvidrera, bajando a la estaci\u00f3n de tren\" width=\"751\" height=\"563\" srcset=\"https:\/\/www.monta\u00f1asdelaluna.es\/wp-content\/uploads\/2015\/08\/Collserola.-Subida-al-Tibidabo.-17-07-11-117.jpg 751w, https:\/\/www.monta\u00f1asdelaluna.es\/wp-content\/uploads\/2015\/08\/Collserola.-Subida-al-Tibidabo.-17-07-11-117-300x225.jpg 300w\" sizes=\"auto, (max-width: 751px) 100vw, 751px\" \/><\/a><p id=\"caption-attachment-18183\" class=\"wp-caption-text\">Baixador de Valvidrera, bajando a la estaci\u00f3n de tren<\/p><\/div>\n<p>M\u00e1s cruces, m\u00e1s pistas y no dejamos para nada las indicaciones del G.R. Anna ya empieza a enfadarse, han empezado las carreras de motos y volvemos a tardar m\u00e1s de la cuenta, pero&#8230; \u00a1Hab\u00eda que visitar El Tibidabo! Encima el cielo comienza a tronar, cada vez con m\u00e1s fuerza, y un chaparr\u00f3n nos mojar\u00e1 poco antes de llegar de nuevo a la urbanizaci\u00f3n de Baixador de Vallvidrera. Ya m\u00e1s arriba queda El Tibidabo con su antena, construcciones y su hermoso tapiz verde de la ladera que mira a Sant Cugat. Hermoso.<\/p>\n<p>La pista se cementa. El cartel ya indica el s\u00edmbolo de los \u201cferrocatas\u201d de la Generalitat, o sea, las indicaciones hac\u00eda la estaci\u00f3n de tren; ya estamos dentro de la urbanizaci\u00f3n. Empapados, por suerte la lluvia para pero nos ha calado hasta los huesos, llegamos hasta un recodo de la calle delante de una bonita y antigua casa grande con un t\u00edtulo o nombre que ahora no recuerdo y tampoco he fotografiado, las se\u00f1ales para bajar a la estaci\u00f3n de tren se desv\u00edan de las del G.R.-92. A la derecha del muro de la casa hay un caminillo empedrado con farolillas y banquitos entre los bosquecillos y pinadas del lugar. Muy cuca la \u201cpasarela\u201d. \u00c9sta te lleva, en poco tiempo, hasta la mism\u00edsima Estaci\u00f3n de Baixador de Vallvidrera; acabando aqu\u00ed nuestra segunda aventura por la bella Sierra de Collserola.<\/p>\n<div id=\"attachment_18191\" style=\"width: 765px\" class=\"wp-caption aligncenter\"><a class=\"dt-single-image\" href=\"https:\/\/www.monta\u00f1asdelaluna.es\/wp-content\/uploads\/2011\/07\/mapa-croquis-Collserola-Tibidabo.-blog.alpina.jpg\" data-dt-img-description=\"\"><img loading=\"lazy\" decoding=\"async\" aria-describedby=\"caption-attachment-18191\" class=\"wp-image-18191 size-full\" src=\"https:\/\/www.monta\u00f1asdelaluna.es\/wp-content\/uploads\/2011\/07\/mapa-croquis-Collserola-Tibidabo.-blog.alpina.jpg\" alt=\"Croquis recorrido por Collserola y Tibidabo\" width=\"755\" height=\"497\" srcset=\"https:\/\/www.monta\u00f1asdelaluna.es\/wp-content\/uploads\/2011\/07\/mapa-croquis-Collserola-Tibidabo.-blog.alpina.jpg 755w, https:\/\/www.monta\u00f1asdelaluna.es\/wp-content\/uploads\/2011\/07\/mapa-croquis-Collserola-Tibidabo.-blog.alpina-300x197.jpg 300w\" sizes=\"auto, (max-width: 755px) 100vw, 755px\" \/><\/a><p id=\"caption-attachment-18191\" class=\"wp-caption-text\">Croquis recorrido por Collserola y Tibidabo<\/p><\/div>\n<p>Seguramente para subir y bajar al Tibidabo hay caminos m\u00e1s cortos o m\u00e1s directos, pero es interesante y aventurero el inventarte rutas y aprovechar los recorridos para visitar alrededores, rincones y frondosidades. Un recorrido muy bonito, aunque se puede quitar el paseo por la orilla de la carretera al subir desde Sant Gen\u00eds del Agudells, en lugar de coger la calle Sag\u00e1s, seguir la de Nazaret hacia el norte-noreste, derecha. Felices excursiones.[vc_separator][\/vc_column_text][\/vc_column][\/vc_row][vc_row][vc_column][vc_empty_space height=\u00bb60px\u00bb][\/vc_column][\/vc_row][vc_row][vc_column][vc_cta h2=\u00bb\u00c1lbum de fotos\u00bb txt_align=\u00bbcenter\u00bb add_button=\u00bbbottom\u00bb btn_title=\u00bbVer fotos\u00bb btn_color=\u00bbwarning\u00bb btn_align=\u00bbcenter\u00bb btn_link=\u00bburl:https%3A%2F%2Fmonta%C3%B1asdelaluna.es%2F%3Fdt_gallery%3Dcollserola-subida-al-tibidabo-2|title:Collserola.%20Subida%20al%20Tibidabo|target:_blank\u00bb css=\u00bb.vc_custom_1625814966032{background-color: #8bc4ed !important;}\u00bb]Puedes ver todas las fotos del relato y actividad en forma de presentaci\u00f3n o individuales pinchando aqui \u00a1No te las pierdas![\/vc_cta][\/vc_column][\/vc_row][vc_row][vc_column][vc_empty_space height=\u00bb60px\u00bb][\/vc_column][\/vc_row][vc_row][vc_column width=\u00bb1\/3&#8243;][\/vc_column][vc_column width=\u00bb1\/2&#8243;][vc_raw_html]JTNDaWZyYW1lJTIwc3JjJTNEJTIyaHR0cHMlM0ElMkYlMkZ3d3cubWV0ZW9ibHVlLmNvbSUyRmVzJTJGdGllbXBvJTJGd2lkZ2V0JTJGZGFpbHklMkZ0aWJpZGFib19lc3BhJTI1YzMlMjViMWFfMzEwODEwNyUzRmRheXMlM0Q3JTI2dGVtcHVuaXQlM0RDRUxTSVVTJTI2d2luZHVuaXQlM0RLSUxPTUVURVJfUEVSX0hPVVIlMjZwaWN0b2ljb24lM0QxJTI2bWF4dGVtcGVyYXR1cmUlM0QxJTI2bWludGVtcGVyYXR1cmUlM0QxJTI2d2luZHNwZWVkJTNEMSUyNndpbmRndXN0JTNEMSUyNndpbmRkaXJlY3Rpb24lM0QxJTI2cHJlY2lwaXRhdGlvbiUzRDElMjZwcmVjaXBpdGF0aW9ucHJvYmFiaWxpdHklM0QxJTI2c3BvdCUzRDElMjZwcmVzc3VyZSUzRDElMjZsYXlvdXQlM0RsaWdodCUyMiUyMCUyMGZyYW1lYm9yZGVyJTNEJTIyMCUyMiUyMHNjcm9sbGluZyUzRCUyMk5PJTIyJTIwYWxsb3d0cmFuc3BhcmVuY3klM0QlMjJ0cnVlJTIyJTIwc3R5bGUlM0QlMjJ3aWR0aCUzQSUyMDM3OHB4JTNCaGVpZ2h0JTNBJTIwMzgxcHglMjIlM0UlM0MlMkZpZnJhbWUlM0UlM0NkaXYlM0UlM0MlMjEtLSUyMERPJTIwTk9UJTIwUkVNT1ZFJTIwVEhJUyUyMExJTkslMjAtLSUzRSUzQ2ElMjBocmVmJTNEJTIyaHR0cHMlM0ElMkYlMkZ3d3cubWV0ZW9ibHVlLmNvbSUyRmVzJTJGdGllbXBvJTJGcHJvbm9zdGljbyUyRnNlbWFuYSUyRnRpYmlkYWJvX2VzcGElMjVjMyUyNWIxYV8zMTA4MTA3JTIyJTIwdGFyZ2V0JTNEJTIyX2JsYW5rJTIyJTNFbWV0ZW9ibHVlJTNDJTJGYSUzRSUzQyUyRmRpdiUzRQ==[\/vc_raw_html][\/vc_column][vc_column width=\u00bb1\/5&#8243;][\/vc_column][\/vc_row]<\/p>\n","protected":false},"excerpt":{"rendered":"<p>[vc_row][vc_column][vc_column_text]No tiene perd\u00f3n que un monta\u00f1ero se venga a vivir a Barcelona y no suba a lo m\u00e1s alto de Collserola, a su pico m\u00e1s alto: El Tibidabo. Ya hab\u00edamos hecho una bonita marcha atravesando Collserola desde la estaci\u00f3n de metro de Montbau hasta la estaci\u00f3n de tren de Cerdanyola del Vall\u00e8s; y en lo&hellip;<\/p>\n","protected":false},"author":1,"featured_media":18177,"comment_status":"open","ping_status":"open","sticky":false,"template":"","format":"standard","meta":[],"categories":[49],"tags":[],"class_list":["post-18188","post","type-post","status-publish","format-standard","has-post-thumbnail","hentry","category-collserola","category-49","description-off"],"_links":{"self":[{"href":"https:\/\/www.monta\u00f1asdelaluna.es\/index.php?rest_route=\/wp\/v2\/posts\/18188","targetHints":{"allow":["GET"]}}],"collection":[{"href":"https:\/\/www.monta\u00f1asdelaluna.es\/index.php?rest_route=\/wp\/v2\/posts"}],"about":[{"href":"https:\/\/www.monta\u00f1asdelaluna.es\/index.php?rest_route=\/wp\/v2\/types\/post"}],"author":[{"embeddable":true,"href":"https:\/\/www.monta\u00f1asdelaluna.es\/index.php?rest_route=\/wp\/v2\/users\/1"}],"replies":[{"embeddable":true,"href":"https:\/\/www.monta\u00f1asdelaluna.es\/index.php?rest_route=%2Fwp%2Fv2%2Fcomments&post=18188"}],"version-history":[{"count":18,"href":"https:\/\/www.monta\u00f1asdelaluna.es\/index.php?rest_route=\/wp\/v2\/posts\/18188\/revisions"}],"predecessor-version":[{"id":50165,"href":"https:\/\/www.monta\u00f1asdelaluna.es\/index.php?rest_route=\/wp\/v2\/posts\/18188\/revisions\/50165"}],"wp:featuredmedia":[{"embeddable":true,"href":"https:\/\/www.monta\u00f1asdelaluna.es\/index.php?rest_route=\/wp\/v2\/media\/18177"}],"wp:attachment":[{"href":"https:\/\/www.monta\u00f1asdelaluna.es\/index.php?rest_route=%2Fwp%2Fv2%2Fmedia&parent=18188"}],"wp:term":[{"taxonomy":"category","embeddable":true,"href":"https:\/\/www.monta\u00f1asdelaluna.es\/index.php?rest_route=%2Fwp%2Fv2%2Fcategories&post=18188"},{"taxonomy":"post_tag","embeddable":true,"href":"https:\/\/www.monta\u00f1asdelaluna.es\/index.php?rest_route=%2Fwp%2Fv2%2Ftags&post=18188"}],"curies":[{"name":"wp","href":"https:\/\/api.w.org\/{rel}","templated":true}]}}