{"id":18202,"date":"2011-04-21T17:56:14","date_gmt":"2011-04-21T17:56:14","guid":{"rendered":"http:\/\/monta\u00f1asdelaluna.com\/?p=18202"},"modified":"2021-08-05T15:50:45","modified_gmt":"2021-08-05T15:50:45","slug":"serralada-de-marina-una-extrana-circular","status":"publish","type":"post","link":"https:\/\/www.monta\u00f1asdelaluna.es\/?p=18202","title":{"rendered":"Serralada de Marina. Una extra\u00f1a circular"},"content":{"rendered":"<p>[vc_row][vc_column][vc_column_text]Siguiendo mi habitual recorrido por las monta\u00f1as y parques naturales de Barcelona y Catalu\u00f1a en general, quer\u00eda acercarme al pr\u00f3ximo Parque Natural de la Serralada de Marina. Entre otras cosas me atra\u00eda el hecho de poder acercarme a estos recorridos, parques y rutas por medio del transporte p\u00fablico, en este caso del tren, como ya hicimos en el recorrido de Collserola, y que tan buen resultado dio. Y por ello (y por que es mejor para el bolsillo tambi\u00e9n) comenc\u00e9 a idear un recorrido que saldr\u00eda desde la Estaci\u00f3n de tren de Montcada i Reixac.<\/p>\n<p>Mi amigo Jes\u00fas Santana de Alicante me dej\u00f3 el libro \u201cRutes de Patrimoni arquitect\u00f2nic. Xarxa de Parcs Naturals de la Diputaci\u00f3 de Barcelona\u201d en el cual se recogen simp\u00e1ticas y amenas rutas por los diferentes parques naturales de la provincia de Barcelona. En este libro hay 2 rutas recomendadas dentro de \u00e9ste parque. Aparte, saqu\u00e9 de la Biblioteca de la Sagrada Familia el habitual libro de \u201cGu\u00edes dels Parcs\u201d, el n\u00famero 6, de Parcs de la Serralada Litoral i Serralada de Marina\u201d. \u00c9ste \u00faltimo me servir\u00e1 tambi\u00e9n para hacer m\u00e1s rutas en el contiguo parque de la Serralada Litoral.<\/p>\n<p>Ya ten\u00eda toda la documentaci\u00f3n. Despu\u00e9s de ver las diferentes rutas e intentar enlazar, coordinar las m\u00e1s interesantes, intent\u00e9 realizar la siguiente idea del recorrido: Salir de Montcada i Reixac, Vall de Tort, Sant Pere de Reixac, Poblado ib\u00e9rico de Les Maleses, La Coscollada, bajar al G.R.-92 por todo el cordal de la Muntanya de l\u2019Amig\u00f3 hasta las cercan\u00edas de La Conrrer\u00eda, Tur\u00f3 d\u2019en Galcer\u00e1n, vuelta por el G.R.-92 hasta Montcada i Reixac pasando por el Monasterio de Sant Jeroni de la Murtra y Puig Castellar&#8230; parec\u00eda un recorrido interesante, completo y bastante esforzado.<\/p>\n<div id=\"attachment_18504\" style=\"width: 761px\" class=\"wp-caption aligncenter\"><a class=\"dt-single-image\" href=\"https:\/\/www.monta\u00f1asdelaluna.es\/wp-content\/uploads\/2015\/08\/Serralada-de-Marina.-Montcada-i-Reixac-008.jpg\" data-dt-img-description=\"\"><img loading=\"lazy\" decoding=\"async\" aria-describedby=\"caption-attachment-18504\" class=\"wp-image-18504 size-full\" src=\"https:\/\/www.monta\u00f1asdelaluna.es\/wp-content\/uploads\/2015\/08\/Serralada-de-Marina.-Montcada-i-Reixac-008.jpg\" alt=\"Valle de Tort o Vall-Llosera\" width=\"751\" height=\"563\" srcset=\"https:\/\/www.monta\u00f1asdelaluna.es\/wp-content\/uploads\/2015\/08\/Serralada-de-Marina.-Montcada-i-Reixac-008.jpg 751w, https:\/\/www.monta\u00f1asdelaluna.es\/wp-content\/uploads\/2015\/08\/Serralada-de-Marina.-Montcada-i-Reixac-008-300x225.jpg 300w\" sizes=\"auto, (max-width: 751px) 100vw, 751px\" \/><\/a><p id=\"caption-attachment-18504\" class=\"wp-caption-text\">Valle de Tort o Vall-Llosera<\/p><\/div>\n<p>Por ello el pasado jueves 21 de abril salimos desde la Estaci\u00f3n de cercan\u00edas de El Clot-Arag\u00f3 Anna y yo, en busca de la, no muy lejana, estaci\u00f3n de Montcada i Reixac en direcci\u00f3n a Granollers. Aunque no sea la primera impresi\u00f3n del recorrido, una de las im\u00e1genes que te llevas de esta monta\u00f1a, de este parque, es lo devastado que est\u00e1 por los incendios forestales. Muchos \u00e1rboles solitarios en terreno lleno de matorral, distanciados y con las secuelas de las negras cenizas en su gran tronco; por suerte tambi\u00e9n hay lugares muy bonitos y salvajes de floresta y bosque, como lugares de la vall de toro, la vall de Reixac, Bosc de la Font de Les Monges&#8230; Los rastros de estos incendios se daban sobre todo en la parte m\u00e1s al sur, cercana y dentro del t\u00e9rmino de Santa Coloma de Gramanet, que visitamos al final del recorrido.<\/p>\n<p>Despu\u00e9s del puente que cruza el \u201cnegro\u201d y famoso R\u00edo Besos, nos dirigimos hac\u00eda el norte y enseguida cruzamos la carretera para adentrarnos en la vall de la Font de Tort, hac\u00eda el restaurante del mismo nombre y su \u00e1rea recreativa. Entramos en el Parque Natural de la Serralada de Marina. Esta peque\u00f1a vall de Tort es boscosa y bonita; atr\u00e1s las hermosas pinadas hacen sitio a las vistas, cada vez m\u00e1s lejanas, de Montcada i Reixac. El camino es muy f\u00e1cil. Solo hay que seguir la pista en el centro y fondo del valle. Despu\u00e9s de que nos quede el restaurante a la derecha, llegamos a la Font de Tort, un hermoso lugar con mesas y escondidos rincones, protagonizada por el murito de la propia fuente y esos altos \u00e1rboles t\u00edpicos de bosques de rivera. M\u00e1s arriba la pista desaparece, una fea puerta met\u00e1lica nos dice que el camino p\u00fablico termina aqu\u00ed, y un desbrozado camino de herradura que se transforma en senda, aparece justo a nuestra izquierda con intenciones de coger la pendiente del valle hac\u00eda la izquierda y arriba. Ahora siguiendo unas se\u00f1alizaciones, con el \u00fanico indicativo de una flecha y un cuadrado naranja, vamos subiendo por unas laderas casi limpias de \u00e1rboles pero ricas en matorrales y plantas con numerosas y hermosas flores en todo su esplendor, como la lila flor de La Jara. A nuestra derecha, al otro lado de la riera, quedan varios grupos de casas: Can Biel\u00f3, Can Menut, Can G\u00fcel, Can Piquer&#8230; Arriba, en la suave c\u00faspide de una boscosa loma, una gigantesca antena y una solitario senyera; es el Tur\u00f3 de la Moi\u00e0.<\/p>\n<div id=\"attachment_18507\" style=\"width: 573px\" class=\"wp-caption aligncenter\"><a class=\"dt-single-image\" href=\"https:\/\/www.monta\u00f1asdelaluna.es\/wp-content\/uploads\/2015\/08\/Serralada-de-Marina.-Montcada-i-Reixac-011.jpg\" data-dt-img-description=\"\"><img loading=\"lazy\" decoding=\"async\" aria-describedby=\"caption-attachment-18507\" class=\"wp-image-18507 size-full\" src=\"https:\/\/www.monta\u00f1asdelaluna.es\/wp-content\/uploads\/2015\/08\/Serralada-de-Marina.-Montcada-i-Reixac-011.jpg\" alt=\"Font de Tort\" width=\"563\" height=\"751\" srcset=\"https:\/\/www.monta\u00f1asdelaluna.es\/wp-content\/uploads\/2015\/08\/Serralada-de-Marina.-Montcada-i-Reixac-011.jpg 563w, https:\/\/www.monta\u00f1asdelaluna.es\/wp-content\/uploads\/2015\/08\/Serralada-de-Marina.-Montcada-i-Reixac-011-225x300.jpg 225w\" sizes=\"auto, (max-width: 563px) 100vw, 563px\" \/><\/a><p id=\"caption-attachment-18507\" class=\"wp-caption-text\">Font de Tort<\/p><\/div>\n<div id=\"attachment_18510\" style=\"width: 761px\" class=\"wp-caption aligncenter\"><a class=\"dt-single-image\" href=\"https:\/\/www.monta\u00f1asdelaluna.es\/wp-content\/uploads\/2015\/08\/Serralada-de-Marina.-Montcada-i-Reixac-028.jpg\" data-dt-img-description=\"\"><img loading=\"lazy\" decoding=\"async\" aria-describedby=\"caption-attachment-18510\" class=\"wp-image-18510 size-full\" src=\"https:\/\/www.monta\u00f1asdelaluna.es\/wp-content\/uploads\/2015\/08\/Serralada-de-Marina.-Montcada-i-Reixac-028.jpg\" alt=\"Joaqu\u00edn y Tur\u00f3 de Moi\u00e0\" width=\"751\" height=\"563\" srcset=\"https:\/\/www.monta\u00f1asdelaluna.es\/wp-content\/uploads\/2015\/08\/Serralada-de-Marina.-Montcada-i-Reixac-028.jpg 751w, https:\/\/www.monta\u00f1asdelaluna.es\/wp-content\/uploads\/2015\/08\/Serralada-de-Marina.-Montcada-i-Reixac-028-300x225.jpg 300w\" sizes=\"auto, (max-width: 751px) 100vw, 751px\" \/><\/a><p id=\"caption-attachment-18510\" class=\"wp-caption-text\">Joaqu\u00edn y Tur\u00f3 de Moi\u00e0<\/p><\/div>\n<p>Llegamos, siguiendo las se\u00f1ales naranjas, hasta una ancha pista en el llamado Coll de Moi\u00e0. Hay que averiguar por donde hay que seguir para dirigirnos a Sant Pere de Reixac; sigo hacia la derecha, no es; sigo por un maltrecho camino enfrente, tampoco es. La direcci\u00f3n, se\u00f1alizaci\u00f3n o el por donde seguir no est\u00e1 nada claro o es inexistente. Al final hay que seguir la pista principal hac\u00eda la izquierda y como rodeando el Tur\u00f3 de la Moi\u00e0 por el lado contrar\u00edo al que lo hemos encontrado; la pista d\u00e1 la sensaci\u00f3n de que baja al pueblo, pero no es as\u00ed, en seguida cambia su direcci\u00f3n a norte y en seguida vemos en la pr\u00f3xima lejan\u00eda como sobresale de entre el bosque la torre de la iglesia de Sant Pere de Reixac \u00a1Vamos por buen camino!<\/p>\n<p>A la derecha una pista baja a la carretera, nosotros seguimos recto en direcci\u00f3n a la iglesia. A la derecha, entre la foresta escondido, el edificio de Can Franc, y enseguida la pista gira hac\u00eda el este terminando en Sant Pere de Reixac y pasando junto al inhiesto Ca n\u2019Ullastrel, bonita casa de paredes blancas con un mirador en la planta baja con antiguas y grandes ventanas acristaladas. Muchas de estas casas de antes, recuerdan la arquitectura victoriana, tan rimbombante como elegante.<\/p>\n<div id=\"attachment_18513\" style=\"width: 761px\" class=\"wp-caption aligncenter\"><a class=\"dt-single-image\" href=\"https:\/\/www.monta\u00f1asdelaluna.es\/wp-content\/uploads\/2015\/08\/Serralada-de-Marina.-Montcada-i-Reixac-035.jpg\" data-dt-img-description=\"\"><img loading=\"lazy\" decoding=\"async\" aria-describedby=\"caption-attachment-18513\" class=\"wp-image-18513 size-full\" src=\"https:\/\/www.monta\u00f1asdelaluna.es\/wp-content\/uploads\/2015\/08\/Serralada-de-Marina.-Montcada-i-Reixac-035.jpg\" alt=\"Sant Pere de Reixac\" width=\"751\" height=\"563\" srcset=\"https:\/\/www.monta\u00f1asdelaluna.es\/wp-content\/uploads\/2015\/08\/Serralada-de-Marina.-Montcada-i-Reixac-035.jpg 751w, https:\/\/www.monta\u00f1asdelaluna.es\/wp-content\/uploads\/2015\/08\/Serralada-de-Marina.-Montcada-i-Reixac-035-300x225.jpg 300w\" sizes=\"auto, (max-width: 751px) 100vw, 751px\" \/><\/a><p id=\"caption-attachment-18513\" class=\"wp-caption-text\">Sant Pere de Reixac<\/p><\/div>\n<p>\u201cSant Pere de Reixac es una de les esgl\u00e9sies m\u00e9s conegudes del sector valles\u00e1&#8230; un espai des d\u2019on es pot gaudir de magn\u00edfiques vistes&#8230; d\u2019origen rom\u00e0nic per\u00f2 amb modificacions posteriors&#8230;\u201d Voy leyendo la ruta del Patrimoni arquitect\u00f3nic. Lo m\u00e1s significativo es la torre o campanario, de base cuadrada pero culminaci\u00f3n octogonal. Bonita.<\/p>\n<p>Poco antes de pasar por Ca n\u2019Ullastrel, un camino sigue monta\u00f1a adentro por la vall del Torrent de Reixac. Unas indicaciones nos dicen que por aqu\u00ed iremos a les Maleses si seguimos los postes con indicaciones amarillas. Antes hemos visto y estudiado un mapa con las rutas se\u00f1alizadas que rodean Sant Pere de Reixac&#8230; todo muy f\u00e1cil y sin p\u00e9rdida. As\u00ed que desandamos unos metros hasta la entrada de este camino que nos adentrar\u00e1 en el bello valle. Por un camino ancho pasamos bajo la sombra de robles, pinos blancos, encinas&#8230; altos, frondosos, hermosos y numerosos, seguimos hasta la Font dels Ca\u00e7adors. Es una de las partes m\u00e1s bellas y verdes del parque. Al final no llegamos a la Font dels Ca\u00e7adors al encontrar el cruce se\u00f1alizado que coge la senda que sube al poblado ib\u00e9rico de Les Maleses. Nos hemos entretenido haciendo fotos y videos por el camino, la verdad es que la espesura y vida del lugar da opci\u00f3n a recrearte y encandilarte con el lugar.<\/p>\n<div id=\"attachment_18520\" style=\"width: 761px\" class=\"wp-caption aligncenter\"><a class=\"dt-single-image\" href=\"https:\/\/www.monta\u00f1asdelaluna.es\/wp-content\/uploads\/2015\/08\/Serralada-de-Marina.-Montcada-i-Reixac-054.jpg\" data-dt-img-description=\"\"><img loading=\"lazy\" decoding=\"async\" aria-describedby=\"caption-attachment-18520\" class=\"wp-image-18520 size-full\" src=\"https:\/\/www.monta\u00f1asdelaluna.es\/wp-content\/uploads\/2015\/08\/Serralada-de-Marina.-Montcada-i-Reixac-054.jpg\" alt=\"Vall de Reixac\" width=\"751\" height=\"563\" srcset=\"https:\/\/www.monta\u00f1asdelaluna.es\/wp-content\/uploads\/2015\/08\/Serralada-de-Marina.-Montcada-i-Reixac-054.jpg 751w, https:\/\/www.monta\u00f1asdelaluna.es\/wp-content\/uploads\/2015\/08\/Serralada-de-Marina.-Montcada-i-Reixac-054-300x225.jpg 300w\" sizes=\"auto, (max-width: 751px) 100vw, 751px\" \/><\/a><p id=\"caption-attachment-18520\" class=\"wp-caption-text\">Vall de Reixac<\/p><\/div>\n<p>Ahora la senda sube sin p\u00e9rdida hac\u00eda el punto m\u00e1s alto que vemos: la cima del P\u00ed Candeler. Pero antes zigzaguea un poco entre la espesura del lugar, los matorrales, la pendiente y la tierra escavada por el numeroso pisar de los visitantes. Nos encontramos con m\u00e1s gente, no mucha al ser un d\u00eda laborable, \u00e9stos bajan de la cima. La senda llega a la cumbre de las lomas a la derecha y al otro lado observamos una gigantesca cantera, pero parece que est\u00e1 cerrada. Ya solo tenemos que seguir la loma cimera hac\u00eda el norte, arriba e izquierda para adentrarnos entre el matorral alto y exuberante en al cima del P\u00ed Candeler (463 mts.); pero no sabes que has llegado hasta que no ves un cruce de sendas en la parte m\u00e1s alta de la loma. Seguimos la senda en la misma direcci\u00f3n y en pocos metros llegamos a las ruinas del poblado ib\u00e9rico de Les Maleses: \u201c&#8230;amb una extensi\u00f3 de 1.000 m2, aquest jaciment mostra les diferents restes d\u2019un poblat iber de les m\u00e9s antigues del segle III ac.\u201d Otra vez la gu\u00eda del Patrimoni arquitect\u00f2nic. Las vistas ya son m\u00e1s amplias, aunque con mala visibilidad por una especie de neblina hace que no te quedes con los detalles de la misma.<\/p>\n<p>Regresamos al anterior cruce de sendas en la cumbre del P\u00ed Candeler y seguimos (ahora al volver de Les Maleses) a la izquierda, hac\u00eda el este. La idea es pasar por el inhiesto pico de La Coscollada que ya queda cumbreando por la monta\u00f1a. Bajamos a otra senda, y seguimos a la izquierda, al este. Bajamos a una pista y seguimos hac\u00eda la derecha, sur, pero enseguida una senda a la izquierda nos vuelve a coger la subida a La Coscollada flanqueada por una enorme torre el\u00e9ctrica. Todo este l\u00edo de cruces en pocos metros recorridos. Atr\u00e1s queda la frondosa y verde loma del Pi Candeler. A partir de ahora los matorrales y \u00e1rboles estar\u00e1n m\u00e1s espaciados, siguiendo la cumbre de la Muntanya de l\u2019Amig\u00f3. En la cima de La Coscollada (464 mts.) hay una torre de vigilancia de incendios. Fotos atestiguadoras y seguimos la ruta. La idea es seguir toda la cima de la Muntanya de l\u2019Amig\u00f3 hasta toparnos con el G.R.-92.<\/p>\n<div id=\"attachment_18527\" style=\"width: 761px\" class=\"wp-caption aligncenter\"><a class=\"dt-single-image\" href=\"https:\/\/www.monta\u00f1asdelaluna.es\/wp-content\/uploads\/2015\/08\/Serralada-de-Marina.-Montcada-i-Reixac-073.jpg\" data-dt-img-description=\"\"><img loading=\"lazy\" decoding=\"async\" aria-describedby=\"caption-attachment-18527\" class=\"wp-image-18527 size-full\" src=\"https:\/\/www.monta\u00f1asdelaluna.es\/wp-content\/uploads\/2015\/08\/Serralada-de-Marina.-Montcada-i-Reixac-073.jpg\" alt=\"Detr\u00e1s queda la loma del P\u00ed Candeler, a la derecha Les Maleses\" width=\"751\" height=\"563\" srcset=\"https:\/\/www.monta\u00f1asdelaluna.es\/wp-content\/uploads\/2015\/08\/Serralada-de-Marina.-Montcada-i-Reixac-073.jpg 751w, https:\/\/www.monta\u00f1asdelaluna.es\/wp-content\/uploads\/2015\/08\/Serralada-de-Marina.-Montcada-i-Reixac-073-300x225.jpg 300w\" sizes=\"auto, (max-width: 751px) 100vw, 751px\" \/><\/a><p id=\"caption-attachment-18527\" class=\"wp-caption-text\">Detr\u00e1s queda la loma del P\u00ed Candeler, a la derecha Les Maleses<\/p><\/div>\n<div id=\"attachment_18529\" style=\"width: 573px\" class=\"wp-caption aligncenter\"><a class=\"dt-single-image\" href=\"https:\/\/www.monta\u00f1asdelaluna.es\/wp-content\/uploads\/2015\/08\/Serralada-de-Marina.-Montcada-i-Reixac-076.jpg\" data-dt-img-description=\"\"><img loading=\"lazy\" decoding=\"async\" aria-describedby=\"caption-attachment-18529\" class=\"wp-image-18529 size-full\" src=\"https:\/\/www.monta\u00f1asdelaluna.es\/wp-content\/uploads\/2015\/08\/Serralada-de-Marina.-Montcada-i-Reixac-076.jpg\" alt=\"Torre de vigilancia de incendios de La Coscollada (466 mts.)\" width=\"563\" height=\"751\" srcset=\"https:\/\/www.monta\u00f1asdelaluna.es\/wp-content\/uploads\/2015\/08\/Serralada-de-Marina.-Montcada-i-Reixac-076.jpg 563w, https:\/\/www.monta\u00f1asdelaluna.es\/wp-content\/uploads\/2015\/08\/Serralada-de-Marina.-Montcada-i-Reixac-076-225x300.jpg 225w\" sizes=\"auto, (max-width: 563px) 100vw, 563px\" \/><\/a><p id=\"caption-attachment-18529\" class=\"wp-caption-text\">Torre de vigilancia de incendios de La Coscollada (466 mts.)<\/p><\/div>\n<p>Las vistas son amplias. Ya vemos la costa, Barcelona y Badalona, pero difuminadas por la neblina del d\u00eda&#8230; \u00a1Tienen que ser muy bellas! Abajo, a nuestra derecha, vemos una gran construcci\u00f3n, es el Hospital Universitari Germans Trias i Pujol, m\u00e1s conocido como de Can Ruti. Seguimos por un camino cimero que va bajando poco a poco y que despu\u00e9s, en el Coll de Fra Rafel, dejaremos para seguir una senda a la derecha, por el lado, casi cimero, pero sur de la loma. Despu\u00e9s, antes de cruzar el Tur\u00f3 de Fra Rafel, pasaremos al lado norte, frondoso y boscoso de la monta\u00f1a, siguiendo unas nuevas se\u00f1alizaciones de pinturas azul claro. \u00c9stas nos internan por un bello y exuberante bosque, el de la Font de Les Monges. Antes, mirando a la izquierda y norte, se ve\u00eda imponente la monta\u00f1a del Tur\u00f3 de\u2019n Galcer\u00e1n, a la que yo pretend\u00eda llegar, y que es la c\u00faspide m\u00e1s alta del parque. Bajo ella y bajo nosotros, casas, urbanizaciones, rodeadas de un bosque humanizado pero cuidado.<\/p>\n<p>La senda termina en otra m\u00e1s amplia con marcas rojas y blancas, es el G.R.-92. Se va haciendo la hora de comer y decido seguir el G.R. hac\u00eda el norte y encontrar un sitio para sentarnos y descansar. Llegamos al albergue-seminario de La Conrrer\u00eda, estoy algo despistado, no s\u00e9 que hacer&#8230; Anna se enfada, me dice que le he enga\u00f1ado, que de una ruta de 3 horas, se nos har\u00e1n 6 o 7 caminando por la monta\u00f1a&#8230; realmente es un circuito largo y de recorrido extenso, y si ya nos vamos parando deleit\u00e1ndonos con los diferentes sitios que visitar&#8230; pues se va haciendo m\u00e1s tarde.<\/p>\n<div id=\"attachment_18531\" style=\"width: 761px\" class=\"wp-caption aligncenter\"><a class=\"dt-single-image\" href=\"https:\/\/www.monta\u00f1asdelaluna.es\/wp-content\/uploads\/2015\/08\/Serralada-de-Marina.-Montcada-i-Reixac-083.jpg\" data-dt-img-description=\"\"><img loading=\"lazy\" decoding=\"async\" aria-describedby=\"caption-attachment-18531\" class=\"wp-image-18531 size-full\" src=\"https:\/\/www.monta\u00f1asdelaluna.es\/wp-content\/uploads\/2015\/08\/Serralada-de-Marina.-Montcada-i-Reixac-083.jpg\" alt=\"Por la Muntanya de l'Amig\u00f3\" width=\"751\" height=\"563\" srcset=\"https:\/\/www.monta\u00f1asdelaluna.es\/wp-content\/uploads\/2015\/08\/Serralada-de-Marina.-Montcada-i-Reixac-083.jpg 751w, https:\/\/www.monta\u00f1asdelaluna.es\/wp-content\/uploads\/2015\/08\/Serralada-de-Marina.-Montcada-i-Reixac-083-300x225.jpg 300w\" sizes=\"auto, (max-width: 751px) 100vw, 751px\" \/><\/a><p id=\"caption-attachment-18531\" class=\"wp-caption-text\">Por la Muntanya de l&#8217;Amig\u00f3<\/p><\/div>\n<div id=\"attachment_18533\" style=\"width: 761px\" class=\"wp-caption aligncenter\"><a class=\"dt-single-image\" href=\"https:\/\/www.monta\u00f1asdelaluna.es\/wp-content\/uploads\/2015\/08\/Serralada-de-Marina.-Montcada-i-Reixac-087.jpg\" data-dt-img-description=\"\"><img loading=\"lazy\" decoding=\"async\" aria-describedby=\"caption-attachment-18533\" class=\"wp-image-18533 size-full\" src=\"https:\/\/www.monta\u00f1asdelaluna.es\/wp-content\/uploads\/2015\/08\/Serralada-de-Marina.-Montcada-i-Reixac-087.jpg\" alt=\"Bosques de la Font de Les Monges\" width=\"751\" height=\"563\" srcset=\"https:\/\/www.monta\u00f1asdelaluna.es\/wp-content\/uploads\/2015\/08\/Serralada-de-Marina.-Montcada-i-Reixac-087.jpg 751w, https:\/\/www.monta\u00f1asdelaluna.es\/wp-content\/uploads\/2015\/08\/Serralada-de-Marina.-Montcada-i-Reixac-087-300x225.jpg 300w\" sizes=\"auto, (max-width: 751px) 100vw, 751px\" \/><\/a><p id=\"caption-attachment-18533\" class=\"wp-caption-text\">Bosques de la Font de Les Monges<\/p><\/div>\n<p>Sin parar ni consultar, Anna se vuelve y desanda lo recorrido por el G.R.-92. As\u00ed que al final, abdico a mis intenciones y decido hacer caso a Anna y volvernos al punto de inicio. Ahora seguimos el G.R. en direcci\u00f3n a Montcada i Reixac, hac\u00eda el Hospital de Can Ruti, hac\u00eda Sant Jeroni de La Murtra y hac\u00eda el Puig Castellar. A la derecha y abajo, mirando en direcci\u00f3n al mar, un edificio diferente, grande, monumental: la Cartuja de Montalegre; queda justo bajo La Conrrer\u00eda. Comemos antes de bajar al hospital. Siempre siguiendo las marcas de G.R. pasamos junto al hospital y despu\u00e9s desembocamos, despu\u00e9s de pasar por en medio del grupo de casas entre Can Parrot y Can Barbeta, en la carretera de Montcada a Badalona; justo en el cartel de salida de Badalona. La cruzamos y el G.R. nos dirige a Cal Dimoni&#8230; \u00a1Y vino el l\u00edo! aqu\u00ed llegamos a un extra\u00f1o cruce de caminos y pierdo las se\u00f1ales de G.R., que segu\u00edan por otro camino junto a Can Trons, a final decido seguir un camino que sube monta\u00f1a arriba, recta, recta, y en direcci\u00f3n noroeste, a la derecha. Hay unas marcas de un color pero no es el G.R., ahora no hay marcha atr\u00e1s, y seguimos subiendo alej\u00e1ndonos de la direcci\u00f3n correcta del G.R. Realmente pasamos junto a Cal Dimoni que nos quedaba a nuestra derecha, pero nosotros seguimos recto hac\u00eda arriba; por el que llaman Carrer de la Carrerada.[vc_separator][\/vc_column_text][\/vc_column][\/vc_row][vc_row][vc_column][vc_empty_space][\/vc_column][\/vc_row][vc_row][vc_column][vc_video link=\u00bbhttps:\/\/vimeo.com\/22842005#t=0s\u00bb title=\u00bbSerralada de Marina. Una extra\u00f1a circular\u00bb][\/vc_column][\/vc_row][vc_row][vc_column][vc_empty_space][\/vc_column][\/vc_row][vc_row][vc_column][vc_column_text]Antes de terminar en una pista asfaltada, otro camino, el Cam\u00ed de Can Mas, se le une a la izquierda. Ya en la pista asfaltada veo un poste se\u00f1alizador hac\u00eda el Monasterio de Sant Jeroni de La Murtra&#8230; es la direcci\u00f3n por el Cam\u00ed de Can Mas. Me doy cuenta del error y pienso que ya no podremos pasar ni ver el Monasterio de Sant Jeroni de La Murtra, por que la direcci\u00f3n que llevaremos ser\u00e1 contrar\u00eda a la del monasterio, si queremos ir directos a Montcada. No me suena la carretera pero supongo que es la que va a la parte m\u00e1s alta de una urbanizaci\u00f3n que hay en medio del parque por estos lares: Vallesana. Seguimos la orilla de la pista asfaltada hac\u00eda la izquierda y hac\u00eda las casas de la urbanizaci\u00f3n. Llegamos a ella entrando por el Cam\u00ed Vell a Montcada. A la izquierda tenemos las vistas a Barcelona, Badalona y todas las ciudades perif\u00e9ricas a \u00e9stas, con mejor visualizaci\u00f3n ya que vislumbramos los edificios y torres m\u00e1s altas e importantes: Torre Agba, Chimeneas de la central el\u00e9ctrica, edificios de la ciudad ol\u00edmpica&#8230; Espectacular. A la derecha las casas de la urbanizaci\u00f3n. No bajamos por la urbanizaci\u00f3n, la vamos recorriendo por su parte m\u00e1s alta en direcci\u00f3n a un cerro con una extra\u00f1a construcci\u00f3n, casa en su c\u00faspide: la Ermita de Sant Onofre. \u00a1Vamos bien!&#8230; enseguida rodeamos el cerro siguiendo la calle a m\u00e1s altura, sin bajar a la urbanizaci\u00f3n, hacia el sur, suroeste, y al final de la \u00faltima casa nos encontramos un camino con una cadena que no deja pasar a veh\u00edculos no autorizados. Por fin, al coger esta camino hac\u00eda arriba, a los pocos metros, llegamos al Coll de Les Ermites y a las se\u00f1ales del G.R.-92 perdido&#8230; \u00a1Perfecto!&#8230; \u00a1\u00a1UUfffff!!<\/p>\n<div id=\"attachment_18541\" style=\"width: 761px\" class=\"wp-caption aligncenter\"><a class=\"dt-single-image\" href=\"https:\/\/www.monta\u00f1asdelaluna.es\/wp-content\/uploads\/2015\/08\/Serralada-de-Marina.-Montcada-i-Reixac-102.jpg\" data-dt-img-description=\"\"><img loading=\"lazy\" decoding=\"async\" aria-describedby=\"caption-attachment-18541\" class=\"wp-image-18541 size-full\" src=\"https:\/\/www.monta\u00f1asdelaluna.es\/wp-content\/uploads\/2015\/08\/Serralada-de-Marina.-Montcada-i-Reixac-102.jpg\" alt=\"Atr\u00e1s dejamos el hospital de Can Ruti\" width=\"751\" height=\"563\" srcset=\"https:\/\/www.monta\u00f1asdelaluna.es\/wp-content\/uploads\/2015\/08\/Serralada-de-Marina.-Montcada-i-Reixac-102.jpg 751w, https:\/\/www.monta\u00f1asdelaluna.es\/wp-content\/uploads\/2015\/08\/Serralada-de-Marina.-Montcada-i-Reixac-102-300x225.jpg 300w\" sizes=\"auto, (max-width: 751px) 100vw, 751px\" \/><\/a><p id=\"caption-attachment-18541\" class=\"wp-caption-text\">Atr\u00e1s dejamos el hospital de Can Ruti<\/p><\/div>\n<div id=\"attachment_18550\" style=\"width: 761px\" class=\"wp-caption aligncenter\"><a class=\"dt-single-image\" href=\"https:\/\/www.monta\u00f1asdelaluna.es\/wp-content\/uploads\/2015\/08\/Serralada-de-Marina.-Montcada-i-Reixac-124.jpg\" data-dt-img-description=\"\"><img loading=\"lazy\" decoding=\"async\" aria-describedby=\"caption-attachment-18550\" class=\"wp-image-18550 size-full\" src=\"https:\/\/www.monta\u00f1asdelaluna.es\/wp-content\/uploads\/2015\/08\/Serralada-de-Marina.-Montcada-i-Reixac-124.jpg\" alt=\"Anna bajando a Montcada i Reixac\" width=\"751\" height=\"563\" srcset=\"https:\/\/www.monta\u00f1asdelaluna.es\/wp-content\/uploads\/2015\/08\/Serralada-de-Marina.-Montcada-i-Reixac-124.jpg 751w, https:\/\/www.monta\u00f1asdelaluna.es\/wp-content\/uploads\/2015\/08\/Serralada-de-Marina.-Montcada-i-Reixac-124-300x225.jpg 300w\" sizes=\"auto, (max-width: 751px) 100vw, 751px\" \/><\/a><p id=\"caption-attachment-18550\" class=\"wp-caption-text\">Anna bajando a Montcada i Reixac<\/p><\/div>\n<p>Recuperamos las se\u00f1ales del G.R. aqu\u00ed mismo, justo delante, a la derecha y oeste, el Puig Castellar, donde se encuentra el otro importante poblado ib\u00e9rico. Hay una se\u00f1alizaci\u00f3n hac\u00eda un Dolmen Natural; mientras descansa Anna en el se\u00f1alado cruce de recorridos, caminos y sendas, decido bajar a ver el Dolmen de la Cova d\u2019en Gen\u00eds. Tampoco subimos al Puig Castellar. Le permito a Anna pasar por un camino a nuestra derecha que circunda, sin subir el Puig Castellar, por el lado norte y de umbr\u00eda del mismo, as\u00ed no hago la marcha m\u00e1s esforzada de lo que ya est\u00e1 siendo. Al otro lado del cerro volvemos a toparnos con otra pista y una torre el\u00e9ctrica, retornamos a las se\u00f1ales del G.R., ya que \u00e9ste sube al Puig Castellar y luego baja en direcci\u00f3n a Montcada i Reixac. El G.R. pasa junto a dicha torre ya bajando directamente y convertido en senda. Montcada ya est\u00e1 muy cerca, la vemos all\u00e1 abajo y ya est\u00e1 a tiro de piedra.<\/p>\n<p>La bajada es un rompepiernas despu\u00e9s del esfuerzo que llevamos ya; es muy directa y con pendiente acusada. Cruza una gran extensi\u00f3n de terreno claramente deforestada por alg\u00fan gran incendio. Hay matorral bajo y grandes pinos separados entre ellos en medio de laderas, descarnadas, casi desnudas, que intentan recuperarse e intentan que la vida vuelva a la sierra como estaba ancestralmente. Mientras, las inertes y numerosas torres y redes el\u00e9ctricas inundan estas laderas como sustituyendo macabramente, a aquellos bosques vivos y antiguos. Junto a uno de estas torres, el G.R. bien se\u00f1alizado, cambia de direcci\u00f3n de suroeste a norte, por un sendero hacia la derecha, y ya bajando considerablemente hasta toparse con el Torrent del Poio y un camino que sigue la direcci\u00f3n de dicha riera. Seguimos por el camino hacia la izquierda, siempre siguiendo las se\u00f1ales del G.R., en un giro casi de 270\u00ba. El camino termina junto a la Torre dels Frares, en la carretera BV-5001, que cruzamos nada m\u00e1s salir de Montcada i Reixac en direcci\u00f3n al parque.<\/p>\n<div id=\"attachment_18557\" style=\"width: 761px\" class=\"wp-caption aligncenter\"><a class=\"dt-single-image\" href=\"https:\/\/www.monta\u00f1asdelaluna.es\/wp-content\/uploads\/2015\/08\/Serralada-de-Marina.-Montcada-i-Reixac-137.jpg\" data-dt-img-description=\"\"><img loading=\"lazy\" decoding=\"async\" aria-describedby=\"caption-attachment-18557\" class=\"wp-image-18557 size-full\" src=\"https:\/\/www.monta\u00f1asdelaluna.es\/wp-content\/uploads\/2015\/08\/Serralada-de-Marina.-Montcada-i-Reixac-137.jpg\" alt=\"Torre dels Frares\" width=\"751\" height=\"563\" srcset=\"https:\/\/www.monta\u00f1asdelaluna.es\/wp-content\/uploads\/2015\/08\/Serralada-de-Marina.-Montcada-i-Reixac-137.jpg 751w, https:\/\/www.monta\u00f1asdelaluna.es\/wp-content\/uploads\/2015\/08\/Serralada-de-Marina.-Montcada-i-Reixac-137-300x225.jpg 300w\" sizes=\"auto, (max-width: 751px) 100vw, 751px\" \/><\/a><p id=\"caption-attachment-18557\" class=\"wp-caption-text\">Torre dels Frares<\/p><\/div>\n<div id=\"attachment_18559\" style=\"width: 761px\" class=\"wp-caption aligncenter\"><a class=\"dt-single-image\" href=\"https:\/\/www.monta\u00f1asdelaluna.es\/wp-content\/uploads\/2015\/08\/Serralada-de-Marina.-Montcada-i-Reixac-141.jpg\" data-dt-img-description=\"\"><img loading=\"lazy\" decoding=\"async\" aria-describedby=\"caption-attachment-18559\" class=\"wp-image-18559 size-full\" src=\"https:\/\/www.monta\u00f1asdelaluna.es\/wp-content\/uploads\/2015\/08\/Serralada-de-Marina.-Montcada-i-Reixac-141.jpg\" alt=\"Llegando a las orillas del R\u00edo Besos\" width=\"751\" height=\"563\" srcset=\"https:\/\/www.monta\u00f1asdelaluna.es\/wp-content\/uploads\/2015\/08\/Serralada-de-Marina.-Montcada-i-Reixac-141.jpg 751w, https:\/\/www.monta\u00f1asdelaluna.es\/wp-content\/uploads\/2015\/08\/Serralada-de-Marina.-Montcada-i-Reixac-141-300x225.jpg 300w\" sizes=\"auto, (max-width: 751px) 100vw, 751px\" \/><\/a><p id=\"caption-attachment-18559\" class=\"wp-caption-text\">Llegando a las orillas del R\u00edo Besos<\/p><\/div>\n<p>Solamente \u00a0\u00a0 \u00a0queda seguir el G.R., por las orillas del R\u00edo Besos, hacia el puente que va del pueblo a la sierra, hac\u00eda la derecha y norte&#8230; \u00a1No hay p\u00e9rdida! Ya en el puente, entrar en la poblaci\u00f3n y buscar la cercana estaci\u00f3n de tren. A orillas del ancho R\u00edo Besos hay gente que pasea, va en bicicleta o se entrena corriendo. Volvemos a la civilizaci\u00f3n con la triste visi\u00f3n de un \u00e1rbol solitario enmarcado por la enorme f\u00e1brica cementera, detr\u00e1s, al otro lado del cauce, y por las negras y nauseabundas aguas del r\u00edo que bajan malolientes con fuerza y espuma.<\/p>\n<p>Terminamos la ruta con la sensaci\u00f3n de no haberla completado como quisiera, pero tambi\u00e9n con la sensaci\u00f3n de querer hacer m\u00e1s de lo que toca. Volver\u00e9 a estas desoladas, habitadas, contrastadas y encantadoras monta\u00f1as. Me queda el altivo Tur\u00f3 de\u2019n Galcer\u00e1n&#8230; ya idear\u00e9 alguna ruta algo m\u00e1s sencilla para visitar su cumbre.<\/p>\n<div id=\"attachment_18627\" style=\"width: 763px\" class=\"wp-caption aligncenter\"><a class=\"dt-single-image\" href=\"https:\/\/www.monta\u00f1asdelaluna.es\/wp-content\/uploads\/2015\/08\/Serralada-de-Marina.blog_.jpg\" data-dt-img-description=\"\"><img loading=\"lazy\" decoding=\"async\" aria-describedby=\"caption-attachment-18627\" class=\"wp-image-18627 size-full\" src=\"https:\/\/www.monta\u00f1asdelaluna.es\/wp-content\/uploads\/2015\/08\/Serralada-de-Marina.blog_.jpg\" alt=\"Croquis recorrido Serralada de Marina\" width=\"753\" height=\"618\" srcset=\"https:\/\/www.monta\u00f1asdelaluna.es\/wp-content\/uploads\/2015\/08\/Serralada-de-Marina.blog_.jpg 753w, https:\/\/www.monta\u00f1asdelaluna.es\/wp-content\/uploads\/2015\/08\/Serralada-de-Marina.blog_-300x246.jpg 300w\" sizes=\"auto, (max-width: 753px) 100vw, 753px\" \/><\/a><p id=\"caption-attachment-18627\" class=\"wp-caption-text\">Croquis recorrido Serralada de Marina<\/p><\/div>\n<p>[\/vc_column_text][\/vc_column][\/vc_row][vc_row][vc_column][vc_empty_space height=\u00bb60px\u00bb][\/vc_column][\/vc_row][vc_row][vc_column][vc_cta h2=\u00bb\u00c1lbum de fotos\u00bb txt_align=\u00bbcenter\u00bb add_button=\u00bbbottom\u00bb btn_title=\u00bbVer fotos\u00bb btn_color=\u00bbwarning\u00bb btn_align=\u00bbcenter\u00bb btn_link=\u00bburl:https%3A%2F%2Fmonta%C3%B1asdelaluna.es%2F%3Fdt_gallery%3Dserralada-de-marina-una-extrana-circular-2|title:Serralada%20de%20Marina.%20Una%20extra%C3%B1a%20circular|target:_blank\u00bb css=\u00bb.vc_custom_1625848209462{background-color: #8bc4ed !important;}\u00bb]Puedes ver todas las fotos del relato y actividad en forma de presentaci\u00f3n o individuales pinchando aqui \u00a1No te las pierdas![\/vc_cta][\/vc_column][\/vc_row][vc_row][vc_column][vc_empty_space height=\u00bb60px\u00bb][\/vc_column][\/vc_row][vc_row][vc_column width=\u00bb1\/6&#8243;][\/vc_column][vc_column width=\u00bb1\/3&#8243;][vc_empty_space height=\u00bb25px\u00bb][vc_raw_html]JTNDaWZyYW1lJTIwc3JjJTNEJTIyaHR0cHMlM0ElMkYlMkZ3d3cubWV0ZW9ibHVlLmNvbSUyRmVzJTJGdGllbXBvJTJGd2lkZ2V0JTJGZGFpbHklMkZtb25jYWRhLWktcmVpeGFjX2VzcGElMjVjMyUyNWIxYV8zMTE2NTI3JTNGZGF5cyUzRDclMjZ0ZW1wdW5pdCUzRENFTFNJVVMlMjZ3aW5kdW5pdCUzREtJTE9NRVRFUl9QRVJfSE9VUiUyNnBpY3RvaWNvbiUzRDElMjZtYXh0ZW1wZXJhdHVyZSUzRDElMjZtaW50ZW1wZXJhdHVyZSUzRDElMjZ3aW5kc3BlZWQlM0QxJTI2d2luZGd1c3QlM0QxJTI2d2luZGRpcmVjdGlvbiUzRDElMjZwcmVjaXBpdGF0aW9uJTNEMSUyNnByZWNpcGl0YXRpb25wcm9iYWJpbGl0eSUzRDElMjZzcG90JTNEMSUyNnByZXNzdXJlJTNEMSUyNmxheW91dCUzRGxpZ2h0JTIyJTIwJTIwZnJhbWVib3JkZXIlM0QlMjIwJTIyJTIwc2Nyb2xsaW5nJTNEJTIyTk8lMjIlMjBhbGxvd3RyYW5zcGFyZW5jeSUzRCUyMnRydWUlMjIlMjBzdHlsZSUzRCUyMndpZHRoJTNBJTIwMzc4cHglM0JoZWlnaHQlM0ElMjAzODFweCUyMiUzRSUzQyUyRmlmcmFtZSUzRSUzQ2RpdiUzRSUzQyUyMS0tJTIwRE8lMjBOT1QlMjBSRU1PVkUlMjBUSElTJTIwTElOSyUyMC0tJTNFJTNDYSUyMGhyZWYlM0QlMjJodHRwcyUzQSUyRiUyRnd3dy5tZXRlb2JsdWUuY29tJTJGZXMlMkZ0aWVtcG8lMkZwcm9ub3N0aWNvJTJGc2VtYW5hJTJGbW9uY2FkYS1pLXJlaXhhY19lc3BhJTI1YzMlMjViMWFfMzExNjUyNyUyMiUyMHRhcmdldCUzRCUyMl9ibGFuayUyMiUzRW1ldGVvYmx1ZSUzQyUyRmElM0UlM0MlMkZkaXYlM0U=[\/vc_raw_html][\/vc_column][vc_column width=\u00bb1\/3&#8243;][vc_column_text]Tiempo en La Coscollada[\/vc_column_text][vc_raw_html]JTNDaWZyYW1lJTIwc3JjJTNEJTIyaHR0cHMlM0ElMkYlMkZ3d3cubWV0ZW9ibHVlLmNvbSUyRmVzJTJGdGllbXBvJTJGd2lkZ2V0JTJGZGFpbHklMkY0MS40OTJOMi4yMjlFJTNGZGF5cyUzRDclMjZ0ZW1wdW5pdCUzRENFTFNJVVMlMjZ3aW5kdW5pdCUzREtJTE9NRVRFUl9QRVJfSE9VUiUyNnBpY3RvaWNvbiUzRDElMjZtYXh0ZW1wZXJhdHVyZSUzRDElMjZtaW50ZW1wZXJhdHVyZSUzRDElMjZ3aW5kc3BlZWQlM0QxJTI2d2luZGd1c3QlM0QxJTI2d2luZGRpcmVjdGlvbiUzRDElMjZwcmVjaXBpdGF0aW9uJTNEMSUyNnByZWNpcGl0YXRpb25wcm9iYWJpbGl0eSUzRDElMjZzcG90JTNEMSUyNnByZXNzdXJlJTNEMSUyNmxheW91dCUzRGxpZ2h0JTIyJTIwJTIwZnJhbWVib3JkZXIlM0QlMjIwJTIyJTIwc2Nyb2xsaW5nJTNEJTIyTk8lMjIlMjBhbGxvd3RyYW5zcGFyZW5jeSUzRCUyMnRydWUlMjIlMjBzdHlsZSUzRCUyMndpZHRoJTNBJTIwMzc4cHglM0JoZWlnaHQlM0ElMjAzODFweCUyMiUzRSUzQyUyRmlmcmFtZSUzRSUzQ2RpdiUzRSUzQyUyMS0tJTIwRE8lMjBOT1QlMjBSRU1PVkUlMjBUSElTJTIwTElOSyUyMC0tJTNFJTNDYSUyMGhyZWYlM0QlMjJodHRwcyUzQSUyRiUyRnd3dy5tZXRlb2JsdWUuY29tJTJGZXMlMkZ0aWVtcG8lMkZwcm9ub3N0aWNvJTJGc2VtYW5hJTJGNDEuNDkyTjIuMjI5RSUyMiUyMHRhcmdldCUzRCUyMl9ibGFuayUyMiUzRW1ldGVvYmx1ZSUzQyUyRmElM0UlM0MlMkZkaXYlM0U=[\/vc_raw_html][\/vc_column][vc_column width=\u00bb1\/6&#8243;][\/vc_column][\/vc_row]<\/p>\n","protected":false},"excerpt":{"rendered":"<p>[vc_row][vc_column][vc_column_text]Siguiendo mi habitual recorrido por las monta\u00f1as y parques naturales de Barcelona y Catalu\u00f1a en general, quer\u00eda acercarme al pr\u00f3ximo Parque Natural de la Serralada de Marina. Entre otras cosas me atra\u00eda el hecho de poder acercarme a estos recorridos, parques y rutas por medio del transporte p\u00fablico, en este caso del tren, como ya&hellip;<\/p>\n","protected":false},"author":1,"featured_media":18520,"comment_status":"open","ping_status":"open","sticky":false,"template":"","format":"standard","meta":[],"categories":[72],"tags":[],"class_list":["post-18202","post","type-post","status-publish","format-standard","has-post-thumbnail","hentry","category-serralada-de-marina-y-litoral","category-72","description-off"],"_links":{"self":[{"href":"https:\/\/www.monta\u00f1asdelaluna.es\/index.php?rest_route=\/wp\/v2\/posts\/18202","targetHints":{"allow":["GET"]}}],"collection":[{"href":"https:\/\/www.monta\u00f1asdelaluna.es\/index.php?rest_route=\/wp\/v2\/posts"}],"about":[{"href":"https:\/\/www.monta\u00f1asdelaluna.es\/index.php?rest_route=\/wp\/v2\/types\/post"}],"author":[{"embeddable":true,"href":"https:\/\/www.monta\u00f1asdelaluna.es\/index.php?rest_route=\/wp\/v2\/users\/1"}],"replies":[{"embeddable":true,"href":"https:\/\/www.monta\u00f1asdelaluna.es\/index.php?rest_route=%2Fwp%2Fv2%2Fcomments&post=18202"}],"version-history":[{"count":25,"href":"https:\/\/www.monta\u00f1asdelaluna.es\/index.php?rest_route=\/wp\/v2\/posts\/18202\/revisions"}],"predecessor-version":[{"id":50198,"href":"https:\/\/www.monta\u00f1asdelaluna.es\/index.php?rest_route=\/wp\/v2\/posts\/18202\/revisions\/50198"}],"wp:featuredmedia":[{"embeddable":true,"href":"https:\/\/www.monta\u00f1asdelaluna.es\/index.php?rest_route=\/wp\/v2\/media\/18520"}],"wp:attachment":[{"href":"https:\/\/www.monta\u00f1asdelaluna.es\/index.php?rest_route=%2Fwp%2Fv2%2Fmedia&parent=18202"}],"wp:term":[{"taxonomy":"category","embeddable":true,"href":"https:\/\/www.monta\u00f1asdelaluna.es\/index.php?rest_route=%2Fwp%2Fv2%2Fcategories&post=18202"},{"taxonomy":"post_tag","embeddable":true,"href":"https:\/\/www.monta\u00f1asdelaluna.es\/index.php?rest_route=%2Fwp%2Fv2%2Ftags&post=18202"}],"curies":[{"name":"wp","href":"https:\/\/api.w.org\/{rel}","templated":true}]}}