{"id":18738,"date":"2012-04-21T16:07:48","date_gmt":"2012-04-21T16:07:48","guid":{"rendered":"http:\/\/monta\u00f1asdelaluna.com\/?p=18738"},"modified":"2021-08-17T14:17:40","modified_gmt":"2021-08-17T14:17:40","slug":"ruta-de-las-4-ermitas-de-farners","status":"publish","type":"post","link":"https:\/\/www.monta\u00f1asdelaluna.es\/?p=18738","title":{"rendered":"Ruta de las 4 Ermitas de Farners"},"content":{"rendered":"<p>[vc_row][vc_column][vc_column_text]David volvi\u00f3 a organizar la ruta de las 10 Ermitas de Santa Coloma de Farners, despu\u00e9s de la actividad fallida y anulada por la abundante lluvia en noviembre del a\u00f1o pasado, en la que solo llegamos hasta el <a href=\"https:\/\/www.monta\u00f1asdelaluna.es\/?p=16865\" target=\"_blank\" rel=\"noopener\">Castell de Farners<\/a>. Ahora, volv\u00edamos con el desaf\u00edo y con un Bar\u00e7a-Madrid por la tarde el mismo d\u00eda, para ese s\u00e1bado 21 de abril.<\/p>\n<p>Volvemos a reunirnos numerosos amigos Cuspidianos; nosotros casi hasta \u00faltima hora no sab\u00edamos si \u00edbamos a ir. Y nos volvemos a reunir en el escampado junto al puente que cruza la Riera de Santa Coloma junto al Parque de Sant Salvador. Y desde aqu\u00ed comenzamos a dar los mismos pasos, por las mismas sendas y caminos, que los que realizamos en la ruta del <a href=\"https:\/\/www.monta\u00f1asdelaluna.es\/?p=16865\" target=\"_blank\" rel=\"noopener\">Castell de Farners<\/a>; solo que ahora no la lluvia y s\u00ed el buen tiempo, era la nota predominante en este rinc\u00f3n de La Selva gironina.<\/p>\n<p>Comemos algo en la Ermita de la Mare de D\u00e8u de Farners, casi junto al Castillo de Farners. De nuevo hay una chiquillada sobresaliente con monitores que juegan y les ense\u00f1an a disfrutar de la monta\u00f1a y a llevar una mochila de traves\u00eda. Por el camino nos hemos encontrado a grupitos de ni\u00f1os caminando con su mochila de traves\u00eda, como para pasar una noche, y con un distintivo que los hac\u00eda reconocible y diferenciado de otros grupos: una camiseta rosa, pa\u00f1uelo verde&#8230;<\/p>\n<div id=\"attachment_18680\" style=\"width: 989px\" class=\"wp-caption aligncenter\"><a class=\"dt-single-image\" href=\"https:\/\/www.monta\u00f1asdelaluna.es\/wp-content\/uploads\/2015\/08\/Santa-Coloma-de-Farners.-Ruta-de-las-4-Ermitas.-21-04-12-016.jpg\" data-dt-img-description=\"\"><img loading=\"lazy\" decoding=\"async\" aria-describedby=\"caption-attachment-18680\" class=\"wp-image-18680 size-full\" src=\"https:\/\/www.monta\u00f1asdelaluna.es\/wp-content\/uploads\/2015\/08\/Santa-Coloma-de-Farners.-Ruta-de-las-4-Ermitas.-21-04-12-016.jpg\" alt=\"Ermita de la Mare de D\u00e8u de Farners\" width=\"979\" height=\"734\" srcset=\"https:\/\/www.monta\u00f1asdelaluna.es\/wp-content\/uploads\/2015\/08\/Santa-Coloma-de-Farners.-Ruta-de-las-4-Ermitas.-21-04-12-016.jpg 979w, https:\/\/www.monta\u00f1asdelaluna.es\/wp-content\/uploads\/2015\/08\/Santa-Coloma-de-Farners.-Ruta-de-las-4-Ermitas.-21-04-12-016-300x225.jpg 300w\" sizes=\"auto, (max-width: 979px) 100vw, 979px\" \/><\/a><p id=\"caption-attachment-18680\" class=\"wp-caption-text\">Ermita de la Mare de D\u00e8u de Farners<\/p><\/div>\n<div id=\"attachment_18681\" style=\"width: 989px\" class=\"wp-caption aligncenter\"><a class=\"dt-single-image\" href=\"https:\/\/www.monta\u00f1asdelaluna.es\/wp-content\/uploads\/2015\/08\/Santa-Coloma-de-Farners.-Ruta-de-las-4-Ermitas.-21-04-12-017.jpg\" data-dt-img-description=\"\"><img loading=\"lazy\" decoding=\"async\" aria-describedby=\"caption-attachment-18681\" class=\"wp-image-18681 size-full\" src=\"https:\/\/www.monta\u00f1asdelaluna.es\/wp-content\/uploads\/2015\/08\/Santa-Coloma-de-Farners.-Ruta-de-las-4-Ermitas.-21-04-12-017.jpg\" alt=\"Castell de Farners\" width=\"979\" height=\"734\" srcset=\"https:\/\/www.monta\u00f1asdelaluna.es\/wp-content\/uploads\/2015\/08\/Santa-Coloma-de-Farners.-Ruta-de-las-4-Ermitas.-21-04-12-017.jpg 979w, https:\/\/www.monta\u00f1asdelaluna.es\/wp-content\/uploads\/2015\/08\/Santa-Coloma-de-Farners.-Ruta-de-las-4-Ermitas.-21-04-12-017-300x225.jpg 300w\" sizes=\"auto, (max-width: 979px) 100vw, 979px\" \/><\/a><p id=\"caption-attachment-18681\" class=\"wp-caption-text\">Castell de Farners<\/p><\/div>\n<p>En esta, la primera de las ermitas, esperamos m\u00e1s de la cuenta ya que se han despistado algunos participantes al irse por otro camino, pero en cuesti\u00f3n de minutos, David, los encuentra y los trae. Leyendo la informaci\u00f3n de la ruta nos asustamos al ver la distancia y tiempo para recorrernos esas 10 ermitas; pero David nos alivia con la aclaraci\u00f3n de que hoy solo haremos 4 de esas 10 ermitas, con lo cual el recorrido es m\u00e1s corto. Aunque realmente no eran ermitas todo lo que ver\u00edamos, si no, conjuntos, construcciones religiosas: templos, ermitas, monasterios u hospeder\u00edas religiosas&#8230; la actividad, como en su primer intento, promet\u00eda.<br \/>\nSalimos de la Ermita y Castillo de Farners hac\u00eda el lado contrar\u00edo de por donde salimos, en busca de la pista principal. Una vez en el cruce con ella, el gran cartel nos anuncia el seguimiento de la ruta: la siguiente ermita ser\u00e1 la de Santa Vict\u00f2ria de Sauleda; con lo que, en vez de girar hac\u00eda la izquierda y abajo, como si volvi\u00e9ramos a Santa Coloma, giramos hac\u00eda la derecha y arriba. Como el gu\u00eda es David no me entero muy bien del recorrido: que caminos cogemos y dejamos, que sendas cogemos y dejamos, si hac\u00eda la derecha, la izquierda&#8230; fui un poco perdido, y despu\u00e9s, en casa, intent\u00e9 plasmar la ruta en un mapa con la ayuda de internet y la grabaci\u00f3n en gps de la misma de Kike. As\u00ed que pocas explicaciones dar\u00e9 de c\u00f3mo llegar de un sitio a otro&#8230; m\u00e1s que eso dar\u00e9 descripciones que podr\u00e1n ser utilizadas como pistas de los lugares recorridos.<\/p>\n<div id=\"attachment_18689\" style=\"width: 989px\" class=\"wp-caption aligncenter\"><a class=\"dt-single-image\" href=\"https:\/\/www.monta\u00f1asdelaluna.es\/wp-content\/uploads\/2015\/08\/Santa-Coloma-de-Farners.-Ruta-de-las-4-Ermitas.-21-04-12-029.jpg\" data-dt-img-description=\"\"><img loading=\"lazy\" decoding=\"async\" aria-describedby=\"caption-attachment-18689\" class=\"wp-image-18689 size-full\" src=\"https:\/\/www.monta\u00f1asdelaluna.es\/wp-content\/uploads\/2015\/08\/Santa-Coloma-de-Farners.-Ruta-de-las-4-Ermitas.-21-04-12-029.jpg\" alt=\"Ermita de Santa Vict\u00f2ria de Sauleda\" width=\"979\" height=\"734\" srcset=\"https:\/\/www.monta\u00f1asdelaluna.es\/wp-content\/uploads\/2015\/08\/Santa-Coloma-de-Farners.-Ruta-de-las-4-Ermitas.-21-04-12-029.jpg 979w, https:\/\/www.monta\u00f1asdelaluna.es\/wp-content\/uploads\/2015\/08\/Santa-Coloma-de-Farners.-Ruta-de-las-4-Ermitas.-21-04-12-029-300x225.jpg 300w\" sizes=\"auto, (max-width: 979px) 100vw, 979px\" \/><\/a><p id=\"caption-attachment-18689\" class=\"wp-caption-text\">Ermita de Santa Vict\u00f2ria de Sauleda<\/p><\/div>\n<p>Al poco tiempo de \u201cvirar\u201d nos encontramos, subiendo poco a poco por la pista, con una casa con la fachada de color azul y el letrero de \u201cLa Casilla\u201d. Por lo visto no segu\u00edamos la ruta o direcci\u00f3n habitual de la de las 10 Ermitas, y en la gran mayor\u00eda de los trayectos nos ten\u00edamos que fijar en marcas blancas dibujadas o incrustadas en la roca o \u00e1rboles. As\u00ed pues, dejamos la pista principal, m\u00e1s arriba de La Casilla, para dirigirnos en direcci\u00f3n a Can Planes Vell, por una salida a la derecha de la misma. Por aqu\u00ed los bosques ya empiezan a ser de \u00e1rboles y viveza impresionante. Rodeamos Can Planes Vell, con sus construcciones medio arruinadas y a la vez medio escondidas por la exuberante foresta, y seguimos el mismo camino que la rodea hac\u00eda el oeste y noroeste.<\/p>\n<p>Ahora, por este perdido rinc\u00f3n de bosques a caballo entre Santa Coloma de Farners y Sant Hilari Sacalm, los \u00e1rboles son pinos altos y espl\u00e9ndidos, y los caminos se convierten en laberintos hasta llegar a una zona de campo abierto, de verdes bancales libres de bosque, y a un lado de dicho camino, all\u00e1 al fondo, en mitad del mismo, la peque\u00f1a pero cuca construcci\u00f3n de Santa Vict\u00f2ria de Sauleda; como parada en el tiempo.<\/p>\n<div id=\"attachment_18692\" style=\"width: 989px\" class=\"wp-caption aligncenter\"><a class=\"dt-single-image\" href=\"https:\/\/www.monta\u00f1asdelaluna.es\/wp-content\/uploads\/2015\/08\/Santa-Coloma-de-Farners.-Ruta-de-las-4-Ermitas.-21-04-12-035.jpg\" data-dt-img-description=\"\"><img loading=\"lazy\" decoding=\"async\" aria-describedby=\"caption-attachment-18692\" class=\"wp-image-18692 size-full\" src=\"https:\/\/www.monta\u00f1asdelaluna.es\/wp-content\/uploads\/2015\/08\/Santa-Coloma-de-Farners.-Ruta-de-las-4-Ermitas.-21-04-12-035.jpg\" alt=\"Bosques de la zona\" width=\"979\" height=\"734\" srcset=\"https:\/\/www.monta\u00f1asdelaluna.es\/wp-content\/uploads\/2015\/08\/Santa-Coloma-de-Farners.-Ruta-de-las-4-Ermitas.-21-04-12-035.jpg 979w, https:\/\/www.monta\u00f1asdelaluna.es\/wp-content\/uploads\/2015\/08\/Santa-Coloma-de-Farners.-Ruta-de-las-4-Ermitas.-21-04-12-035-300x225.jpg 300w\" sizes=\"auto, (max-width: 979px) 100vw, 979px\" \/><\/a><p id=\"caption-attachment-18692\" class=\"wp-caption-text\">Bosques de la zona<\/p><\/div>\n<div id=\"attachment_18694\" style=\"width: 744px\" class=\"wp-caption aligncenter\"><a class=\"dt-single-image\" href=\"https:\/\/www.monta\u00f1asdelaluna.es\/wp-content\/uploads\/2015\/08\/Santa-Coloma-de-Farners.-Ruta-de-las-4-Ermitas.-21-04-12-040.jpg\" data-dt-img-description=\"\"><img loading=\"lazy\" decoding=\"async\" aria-describedby=\"caption-attachment-18694\" class=\"wp-image-18694 size-full\" src=\"https:\/\/www.monta\u00f1asdelaluna.es\/wp-content\/uploads\/2015\/08\/Santa-Coloma-de-Farners.-Ruta-de-las-4-Ermitas.-21-04-12-040.jpg\" alt=\"Camino de Sant Pere Cercada\" width=\"734\" height=\"979\" srcset=\"https:\/\/www.monta\u00f1asdelaluna.es\/wp-content\/uploads\/2015\/08\/Santa-Coloma-de-Farners.-Ruta-de-las-4-Ermitas.-21-04-12-040.jpg 734w, https:\/\/www.monta\u00f1asdelaluna.es\/wp-content\/uploads\/2015\/08\/Santa-Coloma-de-Farners.-Ruta-de-las-4-Ermitas.-21-04-12-040-225x300.jpg 225w\" sizes=\"auto, (max-width: 734px) 100vw, 734px\" \/><\/a><p id=\"caption-attachment-18694\" class=\"wp-caption-text\">Camino de Sant Pere Cercada<\/p><\/div>\n<p>Tiempo para descansar y tomar este sol insistente y pegajoso, m\u00e1s propio de la playa que del monte, en los verdes prados y en la fresca hierva en la puerta de la ermita. La pr\u00f3xima vez ya habr\u00e1 que ponerse de corto. Las vistas del paisaje con sus bosques y suaves laderas pobladas de vida, me impresiona. Bonita y sencilla la ermita de Santa Vict\u00f2ria de Sauleda; pero parece estar en medio de la nada, sin casas ni n\u00facleos urbanos cerca de ella&#8230; o al menos eso pensamos. Muy com\u00fan en las cientos de ermitas desperdigadas por el espacio catal\u00e1n. Enigm\u00e1ticas ubicaciones para lugares tan apartados o solitarios, pero que hacen sobresalga la identidad del lugar sobre el resto: de algo innombrable o sin nombre a un peculiar y simp\u00e1tico apartado en el mundo.<\/p>\n<p>De aqu\u00ed y siguiendo el mismo camino, nos dirigimos hac\u00eda el suroeste en busca de la pista principal: aquella que dejamos para ir a Can Planes Vell y que cogimos al salir de la Ermita de Farners, la misma que sale de Santa Coloma de Farners. Antes hemos visto los carteles de la Ruta de las 10 Ermitas, pero que ahora no seguimos. Muy cerca quedan las casas de Bellve\u00ec Vell o Sauleda, pero no pasaremos por ellas, para desembocar en la pisa anteriormente citada. Al llegar a ella la seguimos hac\u00eda la derecha, hac\u00eda el sur, suroeste; y en poco tiempo, en un cruce del camino, giramos hac\u00eda la izquierda y abajo. En el cruce hay un cartelito de madera muy simp\u00e1tico: pone Can Formiga. Las marcas blancas tambi\u00e9n nos se\u00f1alan su giro, y debemos de llamar a la cabeza del pelot\u00f3n que han seguido recto por la pista sin ver la se\u00f1alizaci\u00f3n.<\/p>\n<div id=\"attachment_18696\" style=\"width: 989px\" class=\"wp-caption aligncenter\"><a class=\"dt-single-image\" href=\"https:\/\/www.monta\u00f1asdelaluna.es\/wp-content\/uploads\/2015\/08\/Santa-Coloma-de-Farners.-Ruta-de-las-4-Ermitas.-21-04-12-043.jpg\" data-dt-img-description=\"\"><img loading=\"lazy\" decoding=\"async\" aria-describedby=\"caption-attachment-18696\" class=\"wp-image-18696 size-full\" src=\"https:\/\/www.monta\u00f1asdelaluna.es\/wp-content\/uploads\/2015\/08\/Santa-Coloma-de-Farners.-Ruta-de-las-4-Ermitas.-21-04-12-043.jpg\" alt=\"Entre los \u00e1rboles Sant Pere Cercada\" width=\"979\" height=\"734\" srcset=\"https:\/\/www.monta\u00f1asdelaluna.es\/wp-content\/uploads\/2015\/08\/Santa-Coloma-de-Farners.-Ruta-de-las-4-Ermitas.-21-04-12-043.jpg 979w, https:\/\/www.monta\u00f1asdelaluna.es\/wp-content\/uploads\/2015\/08\/Santa-Coloma-de-Farners.-Ruta-de-las-4-Ermitas.-21-04-12-043-300x225.jpg 300w\" sizes=\"auto, (max-width: 979px) 100vw, 979px\" \/><\/a><p id=\"caption-attachment-18696\" class=\"wp-caption-text\">Entre los \u00e1rboles Sant Pere Cercada<\/p><\/div>\n<p>Dejamos Can Formiga a la derecha (sin pasar por sus construcciones) y seguimos el camino que, por la derecha, baja recto entre hermosos y altivos pinares. Un trozo de la marcha que se hizo muy amena y distinguida por esos enormes \u00e1rboles. Y sin p\u00e9rdida llegamos al final del camino, abajo, donde, entre los troncos de los \u00e1rboles, se distinguen otras construcciones: es Sant Pere Cercada, nuestro tercer objetivo.<\/p>\n<p>Un arco entre las formidables casas te invita a cruzar hac\u00eda el solar donde se encuentra el templo. Leemos la informaci\u00f3n que habla de su historia y utilidad. Nos habla de que fue o es un peque\u00f1o monasterio perdido entre \u201cLa Selva\u201d de estos bosques. El lugar es curioso, maco, entra\u00f1able, encantador. Parece tener una magia recogida en el emplazamiento de su templo, y en la peculiaridad de sus construcciones; incluso una peque\u00f1a fuente, cuando atraviesas el arco, te muestra la simpat\u00eda del lugar, y pocos pasos m\u00e1s, la puerta del templo, de la iglesia, de la ermita. Es de recios muros y sencilla construcci\u00f3n pero, como ocurr\u00eda en la de Sauleda, cerrada a calicanto.<\/p>\n<p>Junto al templo y sobre el sobrenatural verdor de la hierba, nos sentamos a comer. Despu\u00e9s, charlas, risas y algunos se tumban bajo el calorcillo del mediod\u00eda. Las nubes han aparecido en un cielo azul para darle un toque coqueto y simp\u00e1tico al raso. Y, formando un c\u00edrculo, forjamos o entablamos amistades.<\/p>\n<div id=\"attachment_18697\" style=\"width: 989px\" class=\"wp-caption aligncenter\"><a class=\"dt-single-image\" href=\"https:\/\/www.monta\u00f1asdelaluna.es\/wp-content\/uploads\/2015\/08\/Santa-Coloma-de-Farners.-Ruta-de-las-4-Ermitas.-21-04-12-044.jpg\" data-dt-img-description=\"\"><img loading=\"lazy\" decoding=\"async\" aria-describedby=\"caption-attachment-18697\" class=\"wp-image-18697 size-full\" src=\"https:\/\/www.monta\u00f1asdelaluna.es\/wp-content\/uploads\/2015\/08\/Santa-Coloma-de-Farners.-Ruta-de-las-4-Ermitas.-21-04-12-044.jpg\" alt=\"Sant Pere Cercada\" width=\"979\" height=\"734\" srcset=\"https:\/\/www.monta\u00f1asdelaluna.es\/wp-content\/uploads\/2015\/08\/Santa-Coloma-de-Farners.-Ruta-de-las-4-Ermitas.-21-04-12-044.jpg 979w, https:\/\/www.monta\u00f1asdelaluna.es\/wp-content\/uploads\/2015\/08\/Santa-Coloma-de-Farners.-Ruta-de-las-4-Ermitas.-21-04-12-044-300x225.jpg 300w\" sizes=\"auto, (max-width: 979px) 100vw, 979px\" \/><\/a><p id=\"caption-attachment-18697\" class=\"wp-caption-text\">Sant Pere Cercada<\/p><\/div>\n<div id=\"attachment_18702\" style=\"width: 989px\" class=\"wp-caption aligncenter\"><a class=\"dt-single-image\" href=\"https:\/\/www.monta\u00f1asdelaluna.es\/wp-content\/uploads\/2015\/08\/Santa-Coloma-de-Farners.-Ruta-de-las-4-Ermitas.-21-04-12-052.jpg\" data-dt-img-description=\"\"><img loading=\"lazy\" decoding=\"async\" aria-describedby=\"caption-attachment-18702\" class=\"wp-image-18702 size-full\" src=\"https:\/\/www.monta\u00f1asdelaluna.es\/wp-content\/uploads\/2015\/08\/Santa-Coloma-de-Farners.-Ruta-de-las-4-Ermitas.-21-04-12-052.jpg\" alt=\"Comiendo junto a la Ermita de Sant Pere Cercada\" width=\"979\" height=\"734\" srcset=\"https:\/\/www.monta\u00f1asdelaluna.es\/wp-content\/uploads\/2015\/08\/Santa-Coloma-de-Farners.-Ruta-de-las-4-Ermitas.-21-04-12-052.jpg 979w, https:\/\/www.monta\u00f1asdelaluna.es\/wp-content\/uploads\/2015\/08\/Santa-Coloma-de-Farners.-Ruta-de-las-4-Ermitas.-21-04-12-052-300x225.jpg 300w\" sizes=\"auto, (max-width: 979px) 100vw, 979px\" \/><\/a><p id=\"caption-attachment-18702\" class=\"wp-caption-text\">Comiendo junto a la Ermita de Sant Pere Cercada<\/p><\/div>\n<p>Debemos seguir, continuar; a\u00fan queda la cuarta ermita, templo por el que pasar antes de volver a Santa Coloma. Y a la izquierda de la puerta principal del templo y casi rodeando sus antiguos muros, bajamos por una senda, justo detr\u00e1s de dicha construcci\u00f3n. Un amarillo cartel nos indica el camino, y que debemos seguir las marcas blancas. Ahora la ruta dar\u00e1 vueltas y revueltas por los caminos, en las cercan\u00edas de la Font de l\u2019Avellaneda (casi bajo Sant Pere Cercada), entre el Sot de La Pedrosa, y el Torrent de Can Badia, ambos con su curso de agua, que atravesaremos; entre las laderas visibles a un paisaje de vallecillos y bosques abundantes y suaves, y entre los caminos y sus rincones hasta que cojamos la ladera sur de El Far. Hemos bajado altura hasta los fondos de los cursos de agua, y hemos pasado por las proximidades de Can Badia, pero sin verla, y ahora volvemos a subir, a coger altura por la ladera de El Far, dejando atr\u00e1s esos bosques de rivera y rincones de rumores de agua, verdor y vida.<\/p>\n<p>Se nota que es ladera sur, m\u00e1s seca y calurosa. Seguimos cogiendo altura bordeando El Far, y par\u00e1ndonos cuando los compa\u00f1eros quieren visitar una fuente que los que vamos en cabeza no hemos visto. El gu\u00eda se hab\u00eda quedado m\u00e1s atr\u00e1s, con el grupo m\u00e1s lento. Charlas sobre la monta\u00f1a, sobre material de aventura y sobre las actividades venideras: la alta monta\u00f1a y todo lo que la rodea, es un tema imprescindible ante la curiosidad de sus iniciados.<\/p>\n<div id=\"attachment_18706\" style=\"width: 989px\" class=\"wp-caption aligncenter\"><a class=\"dt-single-image\" href=\"https:\/\/www.monta\u00f1asdelaluna.es\/wp-content\/uploads\/2015\/08\/Santa-Coloma-de-Farners.-Ruta-de-las-4-Ermitas.-21-04-12-065.jpg\" data-dt-img-description=\"\"><img loading=\"lazy\" decoding=\"async\" aria-describedby=\"caption-attachment-18706\" class=\"wp-image-18706 size-full\" src=\"https:\/\/www.monta\u00f1asdelaluna.es\/wp-content\/uploads\/2015\/08\/Santa-Coloma-de-Farners.-Ruta-de-las-4-Ermitas.-21-04-12-065.jpg\" alt=\"Bosques del lugar\" width=\"979\" height=\"734\" srcset=\"https:\/\/www.monta\u00f1asdelaluna.es\/wp-content\/uploads\/2015\/08\/Santa-Coloma-de-Farners.-Ruta-de-las-4-Ermitas.-21-04-12-065.jpg 979w, https:\/\/www.monta\u00f1asdelaluna.es\/wp-content\/uploads\/2015\/08\/Santa-Coloma-de-Farners.-Ruta-de-las-4-Ermitas.-21-04-12-065-300x225.jpg 300w\" sizes=\"auto, (max-width: 979px) 100vw, 979px\" \/><\/a><p id=\"caption-attachment-18706\" class=\"wp-caption-text\">Bosques del lugar<\/p><\/div>\n<p>El camino, a medida que coge altura, cambia de direcci\u00f3n de sureste a noreste. Anna est\u00e1 cansada ya, no le gusta subir despu\u00e9s de comer. De repente a la revuelta de la pista, vemos sobre un pe\u00f1asco boscoso, el campanario y construcci\u00f3n de la cuarta ermita. La visi\u00f3n es incre\u00edble. Es la ubicaci\u00f3n ideal para un castillo, pero en este caso es un templo el que ocupa la c\u00faspide del pe\u00f1\u00f3n, y en lugar de la vig\u00eda torre de homenaje, es el campanario el que otea la grandiosidad del paisaje. Seguimos, pues, el caminillo convertido en senda a medida que sube, se empina y desgasta; hasta llegar al colladito que une El Far con l\u2019Argimon. El siguiente y \u00faltimo templo a visitar en esta ruta de las 4 ermitas, es La Mare de D\u00e8u d\u2019Argimon.<\/p>\n<p>Unas flechas y nombres de lugares escritos simp\u00e1ticamente en el tronco de un surer, nos indica, desde dicho colladito, la direcci\u00f3n hac\u00eda l\u2019Argimon. Y ahora por una estrecha y enmara\u00f1ada senda, llegamos hasta las escalinatas del curioso y solemne templo de La Mare de D\u00e8u d\u2019Argimon. Es un lugar encantador que te ofrece unas vistas privilegiadas hac\u00eda el sur, sureste y este, entre las frontera de Girona y Barcelona, y el valle de La Tordera. Otra escalinata te sube hasta el terrado de las casas, habilitado de una barandilla de forja haciendo, indudablemente, de mirador principal d\u2019Argimon. Otra escalinata recta y solemne de piedra te lleva hasta la puerta de reja del templo y del conjunto arquitect\u00f3nico. Unos ni\u00f1os con unos perros juegan a la pelota en el interior del recinto, al otro lado de la reja; y desde el terrado, ves hac\u00eda abajo el patio interior cerrado de las construcciones, del templo. Curioso. Da la impresi\u00f3n de que los ni\u00f1os est\u00e9n como encerrados en una prisi\u00f3n del arte rom\u00e1nico, o que est\u00e9n tras las rejas para que, extra\u00f1os como nosotros, no se les acerquen y peligren&#8230; como reflejando los acontecimientos en un marco medieval. Extraordinario.<\/p>\n<div id=\"attachment_18716\" style=\"width: 744px\" class=\"wp-caption aligncenter\"><a class=\"dt-single-image\" href=\"https:\/\/www.monta\u00f1asdelaluna.es\/wp-content\/uploads\/2015\/08\/Santa-Coloma-de-Farners.-Ruta-de-las-4-Ermitas.-21-04-12-090.jpg\" data-dt-img-description=\"\"><img loading=\"lazy\" decoding=\"async\" aria-describedby=\"caption-attachment-18716\" class=\"wp-image-18716 size-full\" src=\"https:\/\/www.monta\u00f1asdelaluna.es\/wp-content\/uploads\/2015\/08\/Santa-Coloma-de-Farners.-Ruta-de-las-4-Ermitas.-21-04-12-090.jpg\" alt=\"Mare de D\u00e8u d'Argimon\" width=\"734\" height=\"979\" srcset=\"https:\/\/www.monta\u00f1asdelaluna.es\/wp-content\/uploads\/2015\/08\/Santa-Coloma-de-Farners.-Ruta-de-las-4-Ermitas.-21-04-12-090.jpg 734w, https:\/\/www.monta\u00f1asdelaluna.es\/wp-content\/uploads\/2015\/08\/Santa-Coloma-de-Farners.-Ruta-de-las-4-Ermitas.-21-04-12-090-225x300.jpg 225w\" sizes=\"auto, (max-width: 734px) 100vw, 734px\" \/><\/a><p id=\"caption-attachment-18716\" class=\"wp-caption-text\">Mare de D\u00e8u d&#8217;Argimon<\/p><\/div>\n<div id=\"attachment_18718\" style=\"width: 989px\" class=\"wp-caption aligncenter\"><a class=\"dt-single-image\" href=\"https:\/\/www.monta\u00f1asdelaluna.es\/wp-content\/uploads\/2015\/08\/Santa-Coloma-de-Farners.-Ruta-de-las-4-Ermitas.-21-04-12-098.jpg\" data-dt-img-description=\"\"><img loading=\"lazy\" decoding=\"async\" aria-describedby=\"caption-attachment-18718\" class=\"wp-image-18718 size-full\" src=\"https:\/\/www.monta\u00f1asdelaluna.es\/wp-content\/uploads\/2015\/08\/Santa-Coloma-de-Farners.-Ruta-de-las-4-Ermitas.-21-04-12-098.jpg\" alt=\"Descanso en la Ermita de La Mare de D\u00e8u d'Argimon\" width=\"979\" height=\"734\" srcset=\"https:\/\/www.monta\u00f1asdelaluna.es\/wp-content\/uploads\/2015\/08\/Santa-Coloma-de-Farners.-Ruta-de-las-4-Ermitas.-21-04-12-098.jpg 979w, https:\/\/www.monta\u00f1asdelaluna.es\/wp-content\/uploads\/2015\/08\/Santa-Coloma-de-Farners.-Ruta-de-las-4-Ermitas.-21-04-12-098-300x225.jpg 300w\" sizes=\"auto, (max-width: 979px) 100vw, 979px\" \/><\/a><p id=\"caption-attachment-18718\" class=\"wp-caption-text\">Descanso en la Ermita de La Mare de D\u00e8u d&#8217;Argimon<\/p><\/div>\n<p>Los compa\u00f1eros no se lo piensan y se tumban, de cuerpo entero, sobre la rojiza piedra del terrado-mirador que mira hac\u00eda el sur. Un breve cerrar de ojos y el sue\u00f1o y la calma invade tu cuerpo en este lugar apartado de la tierra y m\u00e1s cerca del cielo. Curioseamos por el lugar. No paramos de hacer fotos y de intentar reconocer lugares en lontananza: se ve justo en frente un trozo de costa y ciudades muy pr\u00f3ximas: Lloret de Mar y Blanes pensamos podr\u00edan ser; a su izquierda y norte las monta\u00f1as de Les Gavarres, sobre Cass\u00e0 de La Selva, y m\u00e1s arriba casi medio escondida, la propia Girona. A la derecha del mar y sur, las monta\u00f1as del Montnegre, y m\u00e1s al sur los bosques de, aunque parece que lejanas, laderas del Montseny, con su formidable y espectacular Les Agudes omnipresente y se\u00f1orial dominando su feudo de verdor y frondosidad. Hermoso.<\/p>\n<p>Aunque no he puesto la altura de los dem\u00e1s lugares, debo poner la de l\u2019Argimon, ya que su perfil montero es m\u00e1s apreciable que la de las otras ermitas y templos (quitando la altura del Castillo de Farners\u00a0 que esta vez no sub\u00ed). 465 mts. de modesta altura pero de considerable figura.<\/p>\n<div id=\"attachment_18723\" style=\"width: 989px\" class=\"wp-caption aligncenter\"><a class=\"dt-single-image\" href=\"https:\/\/www.monta\u00f1asdelaluna.es\/wp-content\/uploads\/2015\/08\/Santa-Coloma-de-Farners.-Ruta-de-las-4-Ermitas.-21-04-12-110.jpg\" data-dt-img-description=\"\"><img loading=\"lazy\" decoding=\"async\" aria-describedby=\"caption-attachment-18723\" class=\"wp-image-18723 size-full\" src=\"https:\/\/www.monta\u00f1asdelaluna.es\/wp-content\/uploads\/2015\/08\/Santa-Coloma-de-Farners.-Ruta-de-las-4-Ermitas.-21-04-12-110.jpg\" alt=\"En la pista de bajada a Santa Coloma de Farners, al fondo dejamos la Ermita de La Mare de D\u00e8u d'Argimon\" width=\"979\" height=\"734\" srcset=\"https:\/\/www.monta\u00f1asdelaluna.es\/wp-content\/uploads\/2015\/08\/Santa-Coloma-de-Farners.-Ruta-de-las-4-Ermitas.-21-04-12-110.jpg 979w, https:\/\/www.monta\u00f1asdelaluna.es\/wp-content\/uploads\/2015\/08\/Santa-Coloma-de-Farners.-Ruta-de-las-4-Ermitas.-21-04-12-110-300x225.jpg 300w\" sizes=\"auto, (max-width: 979px) 100vw, 979px\" \/><\/a><p id=\"caption-attachment-18723\" class=\"wp-caption-text\">En la pista de bajada a Santa Coloma de Farners, al fondo dejamos la Ermita de La Mare de D\u00e8u d&#8217;Argimon<\/p><\/div>\n<p>Debemos volver ya a Santa Coloma. Hemos cumplido el prop\u00f3sito y objetivo de la actividad de recorrernos las 4 ermitas. Hay dos posibilidades: una se\u00f1alada te baja directamente de l\u2019Argimon por su ladera este hac\u00eda la nombrada localidad, pero nosotros volveremos al colladito entre esta monta\u00f1a y El Far, para seguir, por en medio del Bosc del Far entre los caminos hac\u00eda la pista principal que, por tercera vez, volver\u00edamos a ella. En el colladito podemos subir a El Far, ya que veo una senda que coge en direcci\u00f3n a la cima, aunque nosotros seguiremos hac\u00eda el norte, noroeste por la senda y luego camino en busca de la susodicha pista. De nuevo vueltas y revueltas, de nuevo debemos de coger altura y el seco camino en ocasiones se empina bajo nuestros cansados pies. Es dif\u00edcil identificar de nuevo el laberinto de caminos a seguir y de cruces a cruzar, pero siempre siguiendo las marcas blancas que te llevaban sin p\u00e9rdida hasta la pista. Hemos pasado por debajo y lado sureste del Tur\u00f3 d\u2019en Canaleta, y algo m\u00e1s abajo del Tur\u00f3 de Sant Pere y Can Gorgals Vells, sin verlos. Pero hemos descubierto la Roca Abellera y otras peculiaridades que el magma y el granito han formado por estos lares hace millones de a\u00f1os; y es la que le da una forma original. Atr\u00e1s quedaba el templo recio e imponente en la cima de l\u2019Argimon. Nos alej\u00e1bamos y lo dej\u00e1bamos a nuestra espalda, pero las c\u00e1maras de vez en cuando se volv\u00edan y la fotografiaban con su modesta sobriedad y peculiar belleza.<\/p>\n<p>Ya casi en la pista echamos la vista atr\u00e1s y vemos perfectamente los perfiles de El Far y l\u2019Argimon en su ladera este, boscosos, bellos, solemnes, sobre un mar de suaves laderas y verdes bosques. Esperamos a aquellos que ya no les queda tanta fuerza, y nos paramos los intr\u00e9pidos corremontes. Con todo el grupo reunido, y sin perdernos en los cruces con las marcas blancas, llegamos a la pista algo cerca de aquel primer cruce en el que giramos a la derecha para dirigirnos a Can Planes Vell; dicho cruce nos lo encontrar\u00edamos m\u00e1s adelante. Seguimos hac\u00eda la derecha y este. La pista comienza a bajar y de nuevo pasamos por La Casilla, con el color azul de su fachada. Pero esta vez en direcci\u00f3n contraria. A\u00fan perdido en mis orientaciones y ubicaciones, entiendo la vuelta que hemos dado&#8230; ahora solo cabe seguir la pista hac\u00eda abajo y sin cambiar de camino, para llegar a Santa Coloma de Farners.<\/p>\n<div id=\"attachment_18728\" style=\"width: 989px\" class=\"wp-caption aligncenter\"><a class=\"dt-single-image\" href=\"https:\/\/www.monta\u00f1asdelaluna.es\/wp-content\/uploads\/2015\/08\/Santa-Coloma-de-Farners.-Ruta-de-las-4-Ermitas.-21-04-12-120.jpg\" data-dt-img-description=\"\"><img loading=\"lazy\" decoding=\"async\" aria-describedby=\"caption-attachment-18728\" class=\"wp-image-18728 size-full\" src=\"https:\/\/www.monta\u00f1asdelaluna.es\/wp-content\/uploads\/2015\/08\/Santa-Coloma-de-Farners.-Ruta-de-las-4-Ermitas.-21-04-12-120.jpg\" alt=\"Bajando a Santa Coloma de Farners\" width=\"979\" height=\"734\" srcset=\"https:\/\/www.monta\u00f1asdelaluna.es\/wp-content\/uploads\/2015\/08\/Santa-Coloma-de-Farners.-Ruta-de-las-4-Ermitas.-21-04-12-120.jpg 979w, https:\/\/www.monta\u00f1asdelaluna.es\/wp-content\/uploads\/2015\/08\/Santa-Coloma-de-Farners.-Ruta-de-las-4-Ermitas.-21-04-12-120-300x225.jpg 300w\" sizes=\"auto, (max-width: 979px) 100vw, 979px\" \/><\/a><p id=\"caption-attachment-18728\" class=\"wp-caption-text\">Bajando a Santa Coloma de Farners<\/p><\/div>\n<div id=\"attachment_18732\" style=\"width: 744px\" class=\"wp-caption aligncenter\"><a class=\"dt-single-image\" href=\"https:\/\/www.monta\u00f1asdelaluna.es\/wp-content\/uploads\/2015\/08\/Santa-Coloma-de-Farners.-Ruta-de-las-4-Ermitas.-21-04-12-126.jpg\" data-dt-img-description=\"\"><img loading=\"lazy\" decoding=\"async\" aria-describedby=\"caption-attachment-18732\" class=\"wp-image-18732 size-full\" src=\"https:\/\/www.monta\u00f1asdelaluna.es\/wp-content\/uploads\/2015\/08\/Santa-Coloma-de-Farners.-Ruta-de-las-4-Ermitas.-21-04-12-126.jpg\" alt=\"Parque de Sant Salvador en Santa Coloma de Farners\" width=\"734\" height=\"979\" srcset=\"https:\/\/www.monta\u00f1asdelaluna.es\/wp-content\/uploads\/2015\/08\/Santa-Coloma-de-Farners.-Ruta-de-las-4-Ermitas.-21-04-12-126.jpg 734w, https:\/\/www.monta\u00f1asdelaluna.es\/wp-content\/uploads\/2015\/08\/Santa-Coloma-de-Farners.-Ruta-de-las-4-Ermitas.-21-04-12-126-225x300.jpg 225w\" sizes=\"auto, (max-width: 734px) 100vw, 734px\" \/><\/a><p id=\"caption-attachment-18732\" class=\"wp-caption-text\">Parque de Sant Salvador en Santa Coloma de Farners<\/p><\/div>\n<p>Dejamos atr\u00e1s el cruce hac\u00eda el Castillo y Ermita de Farners; ahora volvemos a la ruta que seguimos en el Castell de Farners para volver al coche&#8230; pero sin la incesante lluvia. En las curvas y recodos de la pista vemos puntos rojos, marcas rojas, son atajos, sendas que te ayudan a que la pista no sea tan aburrida y cansada, y sea m\u00e1s r\u00e1pido y entretenido bajar. A la derecha y abajo ya vemos el pueblo, y en poco tiempo llegamos al espectacular Parque de Sant Salvador con sus gigantescos y alt\u00edsimos \u00e1rboles de bosque de rivera.<\/p>\n<p>Hemos hecho m\u00e1s de 24 kil\u00f3metros de recorrido, seg\u00fan el gps de Kike, pero ha merecido la pena descubrir estos hermosos y escondidos lugares. Quiz\u00e1s una de las cosas que m\u00e1s me ha sorprendido es la enorme masa forestal, medio desconocida, casi sin nombre o como olvidada que aparenta esta zona; no digo que salvaje por que est\u00e1 muy marcada con caminos y a la vez seguro que explotada. Pero ten\u00eda unas condiciones especiales y a la vez temerosas como aquellas que te proporciona lo desconocido y grande&#8230; supongo que tuvo que ser el no controlar el recorrido o el no conocerlo especialmente&#8230; De todas formas son unos lugares encantadores que esconden peque\u00f1os (o grandes) monumentos del rom\u00e1nico.<\/p>\n<div id=\"attachment_18741\" style=\"width: 767px\" class=\"wp-caption aligncenter\"><a class=\"dt-single-image\" href=\"https:\/\/www.monta\u00f1asdelaluna.es\/wp-content\/uploads\/2015\/08\/santa-coloma.1.croquis.jpg\" data-dt-img-description=\"\"><img loading=\"lazy\" decoding=\"async\" aria-describedby=\"caption-attachment-18741\" class=\"wp-image-18741 size-full\" src=\"https:\/\/www.monta\u00f1asdelaluna.es\/wp-content\/uploads\/2015\/08\/santa-coloma.1.croquis.jpg\" alt=\"Croquis del recorrido por las Ermitas de Farners\" width=\"757\" height=\"538\" srcset=\"https:\/\/www.monta\u00f1asdelaluna.es\/wp-content\/uploads\/2015\/08\/santa-coloma.1.croquis.jpg 757w, https:\/\/www.monta\u00f1asdelaluna.es\/wp-content\/uploads\/2015\/08\/santa-coloma.1.croquis-300x213.jpg 300w\" sizes=\"auto, (max-width: 757px) 100vw, 757px\" \/><\/a><p id=\"caption-attachment-18741\" class=\"wp-caption-text\">Croquis del recorrido por las Ermitas de Farners<\/p><\/div>\n<p>[vc_separator][\/vc_column_text][\/vc_column][\/vc_row][vc_row][vc_column][vc_empty_space height=\u00bb60px\u00bb][\/vc_column][\/vc_row][vc_row][vc_column][vc_cta h2=\u00bb\u00c1lbum de fotos\u00bb txt_align=\u00bbcenter\u00bb add_button=\u00bbbottom\u00bb btn_title=\u00bbVer fotos\u00bb btn_color=\u00bbwarning\u00bb btn_align=\u00bbcenter\u00bb btn_link=\u00bburl:https%3A%2F%2Fmonta%C3%B1asdelaluna.es%2F%3Fdt_gallery%3Dprueba-2|title:Ruta%20de%20las%204%20Ermitas%20de%20Farners|target:_blank\u00bb css=\u00bb.vc_custom_1625991068426{background-color: #8bc4ed !important;}\u00bb]Puedes ver todas las fotos del relato y actividad en forma de presentaci\u00f3n o individuales pinchando aqui \u00a1No te las pierdas![\/vc_cta][\/vc_column][\/vc_row][vc_row][vc_column][vc_empty_space height=\u00bb60px\u00bb][\/vc_column][\/vc_row][vc_row][vc_column width=\u00bb1\/3&#8243;][\/vc_column][vc_column width=\u00bb1\/2&#8243;][vc_raw_html]JTNDaWZyYW1lJTIwc3JjJTNEJTIyaHR0cHMlM0ElMkYlMkZ3d3cubWV0ZW9ibHVlLmNvbSUyRmVzJTJGdGllbXBvJTJGd2lkZ2V0JTJGZGFpbHklMkZzYW50YS1jb2xvbWEtZGUtZmFybiUyNWMzJTI1YTlzX2VzcGElMjVjMyUyNWIxYV8zMTA5OTgyJTNGZGF5cyUzRDclMjZ0ZW1wdW5pdCUzRENFTFNJVVMlMjZ3aW5kdW5pdCUzREtJTE9NRVRFUl9QRVJfSE9VUiUyNnBpY3RvaWNvbiUzRDElMjZtYXh0ZW1wZXJhdHVyZSUzRDElMjZtaW50ZW1wZXJhdHVyZSUzRDElMjZ3aW5kc3BlZWQlM0QxJTI2d2luZGd1c3QlM0QxJTI2d2luZGRpcmVjdGlvbiUzRDElMjZwcmVjaXBpdGF0aW9uJTNEMSUyNnByZWNpcGl0YXRpb25wcm9iYWJpbGl0eSUzRDElMjZzcG90JTNEMSUyNnByZXNzdXJlJTNEMSUyNmxheW91dCUzRGxpZ2h0JTIyJTIwJTIwZnJhbWVib3JkZXIlM0QlMjIwJTIyJTIwc2Nyb2xsaW5nJTNEJTIyTk8lMjIlMjBhbGxvd3RyYW5zcGFyZW5jeSUzRCUyMnRydWUlMjIlMjBzdHlsZSUzRCUyMndpZHRoJTNBJTIwMzc4cHglM0JoZWlnaHQlM0ElMjAzODFweCUyMiUzRSUzQyUyRmlmcmFtZSUzRSUzQ2RpdiUzRSUzQyUyMS0tJTIwRE8lMjBOT1QlMjBSRU1PVkUlMjBUSElTJTIwTElOSyUyMC0tJTNFJTNDYSUyMGhyZWYlM0QlMjJodHRwcyUzQSUyRiUyRnd3dy5tZXRlb2JsdWUuY29tJTJGZXMlMkZ0aWVtcG8lMkZwcm9ub3N0aWNvJTJGc2VtYW5hJTJGc2FudGEtY29sb21hLWRlLWZhcm4lMjVjMyUyNWE5c19lc3BhJTI1YzMlMjViMWFfMzEwOTk4MiUyMiUyMHRhcmdldCUzRCUyMl9ibGFuayUyMiUzRW1ldGVvYmx1ZSUzQyUyRmElM0UlM0MlMkZkaXYlM0U=[\/vc_raw_html][\/vc_column][vc_column width=\u00bb1\/5&#8243;][\/vc_column][\/vc_row]<\/p>\n","protected":false},"excerpt":{"rendered":"<p>[vc_row][vc_column][vc_column_text]David volvi\u00f3 a organizar la ruta de las 10 Ermitas de Santa Coloma de Farners, despu\u00e9s de la actividad fallida y anulada por la abundante lluvia en noviembre del a\u00f1o pasado, en la que solo llegamos hasta el Castell de Farners. Ahora, volv\u00edamos con el desaf\u00edo y con un Bar\u00e7a-Madrid por la tarde el mismo&hellip;<\/p>\n","protected":false},"author":1,"featured_media":18728,"comment_status":"open","ping_status":"open","sticky":false,"template":"","format":"standard","meta":[],"categories":[120],"tags":[],"class_list":["post-18738","post","type-post","status-publish","format-standard","has-post-thumbnail","hentry","category-collsacabra-i-guilleries","category-120","description-off"],"_links":{"self":[{"href":"https:\/\/www.monta\u00f1asdelaluna.es\/index.php?rest_route=\/wp\/v2\/posts\/18738","targetHints":{"allow":["GET"]}}],"collection":[{"href":"https:\/\/www.monta\u00f1asdelaluna.es\/index.php?rest_route=\/wp\/v2\/posts"}],"about":[{"href":"https:\/\/www.monta\u00f1asdelaluna.es\/index.php?rest_route=\/wp\/v2\/types\/post"}],"author":[{"embeddable":true,"href":"https:\/\/www.monta\u00f1asdelaluna.es\/index.php?rest_route=\/wp\/v2\/users\/1"}],"replies":[{"embeddable":true,"href":"https:\/\/www.monta\u00f1asdelaluna.es\/index.php?rest_route=%2Fwp%2Fv2%2Fcomments&post=18738"}],"version-history":[{"count":16,"href":"https:\/\/www.monta\u00f1asdelaluna.es\/index.php?rest_route=\/wp\/v2\/posts\/18738\/revisions"}],"predecessor-version":[{"id":50295,"href":"https:\/\/www.monta\u00f1asdelaluna.es\/index.php?rest_route=\/wp\/v2\/posts\/18738\/revisions\/50295"}],"wp:featuredmedia":[{"embeddable":true,"href":"https:\/\/www.monta\u00f1asdelaluna.es\/index.php?rest_route=\/wp\/v2\/media\/18728"}],"wp:attachment":[{"href":"https:\/\/www.monta\u00f1asdelaluna.es\/index.php?rest_route=%2Fwp%2Fv2%2Fmedia&parent=18738"}],"wp:term":[{"taxonomy":"category","embeddable":true,"href":"https:\/\/www.monta\u00f1asdelaluna.es\/index.php?rest_route=%2Fwp%2Fv2%2Fcategories&post=18738"},{"taxonomy":"post_tag","embeddable":true,"href":"https:\/\/www.monta\u00f1asdelaluna.es\/index.php?rest_route=%2Fwp%2Fv2%2Ftags&post=18738"}],"curies":[{"name":"wp","href":"https:\/\/api.w.org\/{rel}","templated":true}]}}