{"id":19440,"date":"2012-06-17T15:26:45","date_gmt":"2012-06-17T15:26:45","guid":{"rendered":"http:\/\/monta\u00f1asdelaluna.com\/?p=19440"},"modified":"2021-07-15T20:44:03","modified_gmt":"2021-07-15T20:44:03","slug":"besiberri-norte","status":"publish","type":"post","link":"https:\/\/www.monta\u00f1asdelaluna.es\/?p=19440","title":{"rendered":"Besiberri Norte"},"content":{"rendered":"<p>[vc_row][vc_column][vc_column_text]Si hab\u00eda alguna, de tantas, monta\u00f1as o picos en el Pirineo que m\u00e1s asombro, desaf\u00edo, respeto, superaci\u00f3n&#8230; me transmit\u00eda, esa era el Besiberri Norte. Desde hace mucho tiempo, desde que admir\u00e9 y v\u00ed por primera vez su escarpado y soberbio perfil piramidal en mi libro \u201cLos Tresmiles del Pirineo\u201d de Juan Buyse all\u00e1 por el a\u00f1o 1.993 cuando lo compr\u00e9, me fascin\u00f3 y v\u00ed como nac\u00eda un sue\u00f1o lejano pero no imposible, el escalar, nunca mejor dicho, esta espectacular monta\u00f1a.<\/p>\n<p>A\u00f1os despu\u00e9s, en el puente del Pilar del 2.006, subir\u00edamos el Besiberri Sur desde Conangles, y tuve mi primer contacto con el macizo y sus peculiaridades (perfiles, desniveles, crestas&#8230;). All\u00e1, al final de una encrespada cresta quedaba la puntiaguda cumbre del Besiberri Norte con la tremenda visi\u00f3n de toda su pared este. M\u00e1s tarde, en la semana santa del a\u00f1o siguiente, vimos su alpino perfil con la pared de la cara norte y su, m\u00e1s a\u00fan, puntiaguda cima desde el Pl\u00e1 de Beret en el Valle de Ar\u00e1n. Extraordinario. Y es cinco a\u00f1os m\u00e1s tarde cuando se abr\u00edan todas las posibilidades y por fin vi la oportunidad de abordarla y conquistarla.<\/p>\n<div id=\"attachment_19360\" style=\"width: 761px\" class=\"wp-caption aligncenter\"><a class=\"dt-single-image\" href=\"https:\/\/www.monta\u00f1asdelaluna.es\/wp-content\/uploads\/2015\/08\/Vall-de-Boi.-Junio-12-006.jpg\" data-dt-img-description=\"\"><img loading=\"lazy\" decoding=\"async\" aria-describedby=\"caption-attachment-19360\" class=\"wp-image-19360 size-full\" src=\"https:\/\/www.monta\u00f1asdelaluna.es\/wp-content\/uploads\/2015\/08\/Vall-de-Boi.-Junio-12-006.jpg\" alt=\"Vall de Boi\" width=\"751\" height=\"563\" srcset=\"https:\/\/www.monta\u00f1asdelaluna.es\/wp-content\/uploads\/2015\/08\/Vall-de-Boi.-Junio-12-006.jpg 751w, https:\/\/www.monta\u00f1asdelaluna.es\/wp-content\/uploads\/2015\/08\/Vall-de-Boi.-Junio-12-006-300x225.jpg 300w\" sizes=\"auto, (max-width: 751px) 100vw, 751px\" \/><\/a><p id=\"caption-attachment-19360\" class=\"wp-caption-text\">Vall de Boi<\/p><\/div>\n<div id=\"attachment_19364\" style=\"width: 761px\" class=\"wp-caption aligncenter\"><a class=\"dt-single-image\" href=\"https:\/\/www.monta\u00f1asdelaluna.es\/wp-content\/uploads\/2015\/08\/Vall-de-Boi.-Junio-12-016.jpg\" data-dt-img-description=\"\"><img loading=\"lazy\" decoding=\"async\" aria-describedby=\"caption-attachment-19364\" class=\"wp-image-19364 size-full\" src=\"https:\/\/www.monta\u00f1asdelaluna.es\/wp-content\/uploads\/2015\/08\/Vall-de-Boi.-Junio-12-016.jpg\" alt=\"Embalse de Cavallers\" width=\"751\" height=\"563\" srcset=\"https:\/\/www.monta\u00f1asdelaluna.es\/wp-content\/uploads\/2015\/08\/Vall-de-Boi.-Junio-12-016.jpg 751w, https:\/\/www.monta\u00f1asdelaluna.es\/wp-content\/uploads\/2015\/08\/Vall-de-Boi.-Junio-12-016-300x225.jpg 300w\" sizes=\"auto, (max-width: 751px) 100vw, 751px\" \/><\/a><p id=\"caption-attachment-19364\" class=\"wp-caption-text\">Embalse de Cavallers<\/p><\/div>\n<p>Pas\u00e1bamos unos d\u00edas en Barruera, en el Valle de Bo\u00ed, y aprovechamos el domingo 17 de junio para \u201cllevarnos ben d\u2019hora, ben d\u2019hora\u201d (levantarnos temprano) para atacar al Besiberri Norte desde la presa de Cavallers. 2 monta\u00f1eros me acompa\u00f1ar\u00edan en tal haza\u00f1a: Pep de Matar\u00f3, con el cual ya hab\u00eda hecho otras actividades en el Pirineo como la salida al Pic de Peguera, y Francesc, nuevo y desconocido para m\u00ed, pero con muy buenas referencias de Pep&#8230; muy bien demostradas en la actividad sin duda.<\/p>\n<p>El sol ya toca las altas cumbres que rodean el Embalse de Cavallers con destellos anaranjados como si se estuviera espabilando el d\u00eda, pero a\u00fan no se pronuncia en sus laderas y mucho menos en sus aguas. Hemos dejado el coche en el \u00faltimo parking permisivo y m\u00e1s cercano al paso sobre la presa. Hay otros monta\u00f1eros que tambi\u00e9n se han levantado temprano para coger nuestro mismo camino; y es que el camino que rodea el Embalse de Cavallers junto a su orilla derecha, seg\u00fan te topas con \u00e9l de frente, es muy concurrido y visitado ya que es una de las principales v\u00edas de comunicaci\u00f3n con los picos m\u00e1s altos del P. N. de Aig\u00fcestortes y Lago San Mauricio, con los refugios del parque en su banda norte (Ventosa i Calvell, sobretodo, Restanca, Colomers&#8230;), hac\u00eda las paredes de escalada a las Agujas de Travessani&#8230; en f\u00edn, muy transitado por turistas de paisajes, monta\u00f1eros, escaladores&#8230; Atr\u00e1s, el Valle de Bo\u00ed, nos ofrece una bonita vista desde el mirador incomparable de la presa, una visi\u00f3n que me suena y rememora aquel viaje del 2.001 en el que subimos el Punta Alta de Comalesbienes desde Ventosa i Calvell. Paisaje buc\u00f3lico, simp\u00e1tico, de laderas verdes, suaves y boscosas, y cimas marrones abruptas y rocosas. Bello valle.<\/p>\n<div id=\"attachment_19366\" style=\"width: 761px\" class=\"wp-caption aligncenter\"><a class=\"dt-single-image\" href=\"https:\/\/www.monta\u00f1asdelaluna.es\/wp-content\/uploads\/2015\/08\/Vall-de-Boi.-Junio-12-020.jpg\" data-dt-img-description=\"\"><img loading=\"lazy\" decoding=\"async\" aria-describedby=\"caption-attachment-19366\" class=\"wp-image-19366 size-full\" src=\"https:\/\/www.monta\u00f1asdelaluna.es\/wp-content\/uploads\/2015\/08\/Vall-de-Boi.-Junio-12-020.jpg\" alt=\"Cola del Embalse de Cavallers\" width=\"751\" height=\"563\" srcset=\"https:\/\/www.monta\u00f1asdelaluna.es\/wp-content\/uploads\/2015\/08\/Vall-de-Boi.-Junio-12-020.jpg 751w, https:\/\/www.monta\u00f1asdelaluna.es\/wp-content\/uploads\/2015\/08\/Vall-de-Boi.-Junio-12-020-300x225.jpg 300w\" sizes=\"auto, (max-width: 751px) 100vw, 751px\" \/><\/a><p id=\"caption-attachment-19366\" class=\"wp-caption-text\">Cola del Embalse de Cavallers<\/p><\/div>\n<p>El recorrido por la orilla del Embalse de Cavallers es el primer tramo de nuestra actividad, ascensi\u00f3n. No demasiado r\u00e1pidos ya que me entretengo en fotografiar y filmar para dejar un estupendo testimonio de esta desafiante empresa. All\u00e1 al fondo vemos alg\u00fan nevero bajo las paredes de una puntiaguda aguja; yo cre\u00eda que ya era parte del Besiberri Norte, pero no: es la extraordinaria Punta Harl\u00e9 de 2.883 mts., cresta y continuidad de los Besiberris hac\u00eda Tumeneia. En esta parte del valle los desniveles con respecto a las monta\u00f1as que lo agobian y gobiernan a cada ladera, son impresionantes, ya que a la derecha, en la ladera que nos encontramos, tenemos, como cima m\u00e1s alta el Punta Alta de Comalesbienes de 3.019 mts., y al otro lado, muy cerca, las cumbres del Besiberri Sur (3.024 mts.) y Comaloformo (3.028 mts.). Entre las cumbres de estas dos laderas del valle hay menos de 4 Km. de distancia, y abajo, justo en medio, el Embalse de Cavallers con su presa, no llega a 1.800 mts., con lo que imaginaos el fuerte desnivel vertical de las laderas en esta parte del valle: impresionante.<\/p>\n<p>Este recorrido ya me sonaba, recordando aquel viaje de hace 11 a\u00f1os. El d\u00eda ha despertado magn\u00edfico, a pesar del dulce juego de luces y sombras del amanecer, m\u00e1s acentuado si cabe en la monta\u00f1a, el buen tiempo reinar\u00e1 durante toda la jornada. Entre fotos y reflejos a las aguas temblorosas del embalse, y a las altas cotas de perfiles escarpados y paredes lisas del Comaloformo, llegamos al otro lado del embalse, donde la ca\u00edda alegre y sonora en cascadas del Riuet de Estany Negre, nos da la bienvenida. Despu\u00e9s de circundar grandes rocas y plataformas gran\u00edticas, llegamos a un llano encabezado por un cartel se\u00f1alizador y unos puentes de madera sobre los r\u00edos turbulentos: es el Pletiu de Riumalo.<\/p>\n<div id=\"attachment_19368\" style=\"width: 761px\" class=\"wp-caption aligncenter\"><a class=\"dt-single-image\" href=\"https:\/\/www.monta\u00f1asdelaluna.es\/wp-content\/uploads\/2015\/08\/Vall-de-Boi.-Junio-12-027.jpg\" data-dt-img-description=\"\"><img loading=\"lazy\" decoding=\"async\" aria-describedby=\"caption-attachment-19368\" class=\"wp-image-19368 size-full\" src=\"https:\/\/www.monta\u00f1asdelaluna.es\/wp-content\/uploads\/2015\/08\/Vall-de-Boi.-Junio-12-027.jpg\" alt=\"Arriba el Besiberri Norte\" width=\"751\" height=\"563\" srcset=\"https:\/\/www.monta\u00f1asdelaluna.es\/wp-content\/uploads\/2015\/08\/Vall-de-Boi.-Junio-12-027.jpg 751w, https:\/\/www.monta\u00f1asdelaluna.es\/wp-content\/uploads\/2015\/08\/Vall-de-Boi.-Junio-12-027-300x225.jpg 300w\" sizes=\"auto, (max-width: 751px) 100vw, 751px\" \/><\/a><p id=\"caption-attachment-19368\" class=\"wp-caption-text\">Arriba el Besiberri Norte<\/p><\/div>\n<div id=\"attachment_19370\" style=\"width: 761px\" class=\"wp-caption aligncenter\"><a class=\"dt-single-image\" href=\"https:\/\/www.monta\u00f1asdelaluna.es\/wp-content\/uploads\/2015\/08\/Vall-de-Boi.-Junio-12-031.jpg\" data-dt-img-description=\"\"><img loading=\"lazy\" decoding=\"async\" aria-describedby=\"caption-attachment-19370\" class=\"wp-image-19370 size-full\" src=\"https:\/\/www.monta\u00f1asdelaluna.es\/wp-content\/uploads\/2015\/08\/Vall-de-Boi.-Junio-12-031.jpg\" alt=\"Francesc en el Pletiu de Riumalo\" width=\"751\" height=\"563\" srcset=\"https:\/\/www.monta\u00f1asdelaluna.es\/wp-content\/uploads\/2015\/08\/Vall-de-Boi.-Junio-12-031.jpg 751w, https:\/\/www.monta\u00f1asdelaluna.es\/wp-content\/uploads\/2015\/08\/Vall-de-Boi.-Junio-12-031-300x225.jpg 300w\" sizes=\"auto, (max-width: 751px) 100vw, 751px\" \/><\/a><p id=\"caption-attachment-19370\" class=\"wp-caption-text\">Francesc en el Pletiu de Riumalo<\/p><\/div>\n<p>Aqu\u00ed descansamos algo y nos preparamos para seguir dicho cartel se\u00f1alizador, en direcci\u00f3n al Besiberri Norte. Giramos hac\u00eda la izquierda, cruzando los 2 puentes para internarnos en un estrecho, vertical (sobradamente vertical en algunas zonas), abrupto en ocasiones y directo vallecillo hac\u00eda el tri\u00e1ngulo de roca, que se ve\u00eda soleado y sobre un vertical nevero all\u00e1 arriba en un hueco entre sus vertientes, como \u201cprincesa que se asoma por ventana de castillo\u201d&#8230; peque\u00f1o y alejado, pero asombroso y llamativo: el Besiberri Norte. A partir de aqu\u00ed viene lo serio, en lo que se refiere al esfuerzo; una vertical subida por el Barranc de Riumalo y despu\u00e9s Malavesina en direcci\u00f3n a la Brecha de Peyta.<\/p>\n<p>Ahora la senda o camino a seguir cruza torrentes de agua fr\u00eda en el que es imposible no mojarte, desgastadas pendientes y empinadas laderas, siempre junto al ruidoso y gozoso torrente de agua que baja muy fotog\u00e9nico en ocasiones. Aqu\u00ed ya empieza a endurecerse la actividad y comenzamos a coger altura a pasos agigantados; detr\u00e1s nuestro siempre la firme y vigilante figura del Punta Alta de Comalesbienes, parte protagonista de un paisaje alpino e imponente que siempre nos acompa\u00f1ar\u00e1 en la subida.<\/p>\n<p>M\u00e1s arriba, en una \u201cfalsa pradera\u201d de laderas verdes pero con su verticalidad intacta, el torrente se divide en otros dos: nosotros seguiremos el de la derecha, donde la senda no nos enga\u00f1a si la seguimos; a la izquierda se queda el Bony de l\u2019Orri (2.368 mts.), torre\u00f3n vigilante en esta subida. Enseguida la verticalidad se agudiza a partir de\u00a0 la \u201cfalsa pradera\u201d. Cruzamos el torrente y seguimos por su lado izquierdo (seg\u00fan subimos) entre piedras, laderas rocosas&#8230; y seguimos ganado altura. Un peque\u00f1o descanso, hay que comer algo, esta subida comprende mucho desgaste f\u00edsico. Miramos hac\u00eda el valle: su fondo queda muy abajo, verdaderamente es una subida tremenda la de esta aproximaci\u00f3n. Entre las sombras de las oscuras monta\u00f1as, empieza a reflejarse un trozo del espejo del Estany Negre, y a apuntarse las Agujas de Travessani&#8230; el paisaje desde all\u00e1 arriba ser\u00e1 glorioso y extraordinario.<\/p>\n<div id=\"attachment_19375\" style=\"width: 573px\" class=\"wp-caption aligncenter\"><a class=\"dt-single-image\" href=\"https:\/\/www.monta\u00f1asdelaluna.es\/wp-content\/uploads\/2015\/08\/Vall-de-Boi.-Junio-12-044.jpg\" data-dt-img-description=\"\"><img loading=\"lazy\" decoding=\"async\" aria-describedby=\"caption-attachment-19375\" class=\"wp-image-19375 size-full\" src=\"https:\/\/www.monta\u00f1asdelaluna.es\/wp-content\/uploads\/2015\/08\/Vall-de-Boi.-Junio-12-044.jpg\" alt=\"Joaqu\u00edn y Francesc subiendo por el Barranc de Malavesina\" width=\"563\" height=\"751\" srcset=\"https:\/\/www.monta\u00f1asdelaluna.es\/wp-content\/uploads\/2015\/08\/Vall-de-Boi.-Junio-12-044.jpg 563w, https:\/\/www.monta\u00f1asdelaluna.es\/wp-content\/uploads\/2015\/08\/Vall-de-Boi.-Junio-12-044-225x300.jpg 225w\" sizes=\"auto, (max-width: 563px) 100vw, 563px\" \/><\/a><p id=\"caption-attachment-19375\" class=\"wp-caption-text\">Joaqu\u00edn y Francesc subiendo por el Barranc de Malavesina<\/p><\/div>\n<div id=\"attachment_19385\" style=\"width: 761px\" class=\"wp-caption aligncenter\"><a class=\"dt-single-image\" href=\"https:\/\/www.monta\u00f1asdelaluna.es\/wp-content\/uploads\/2015\/08\/Vall-de-Boi.-Junio-12-063.jpg\" data-dt-img-description=\"\"><img loading=\"lazy\" decoding=\"async\" aria-describedby=\"caption-attachment-19385\" class=\"wp-image-19385 size-full\" src=\"https:\/\/www.monta\u00f1asdelaluna.es\/wp-content\/uploads\/2015\/08\/Vall-de-Boi.-Junio-12-063.jpg\" alt=\"Estany de Malavesina y Punta Alta de Comalesbienes\" width=\"751\" height=\"563\" srcset=\"https:\/\/www.monta\u00f1asdelaluna.es\/wp-content\/uploads\/2015\/08\/Vall-de-Boi.-Junio-12-063.jpg 751w, https:\/\/www.monta\u00f1asdelaluna.es\/wp-content\/uploads\/2015\/08\/Vall-de-Boi.-Junio-12-063-300x225.jpg 300w\" sizes=\"auto, (max-width: 751px) 100vw, 751px\" \/><\/a><p id=\"caption-attachment-19385\" class=\"wp-caption-text\">Estany de Malavesina y Punta Alta de Comalesbienes<\/p><\/div>\n<p>El barranco suaviza su verticalidad y aparecen numerosos neveros entre los huecos m\u00e1s horizontales del mismo. Acerc\u00e1ndonos nos topamos, por el lado izquierdo y equivocado, con el Estanyet de Malavesina: un circular y peque\u00f1o ib\u00f3n afincado a 2.500 mts. de altura. Bonito lugar. Aqu\u00ed la nieve, que desde abajo no se ve, es m\u00e1s abundante. Paramos a hacer fotos. All\u00e1 arriba intuimos el camino a seguir por una escarpada ladera, casi arriba-derecha del laguito, hac\u00eda la Brecha de Peyta, que parece la vemos all\u00e1 arriba entre moles y paredes rocosas, rectangulares, en la misma cresta Besiberri-Tumeneia. Seguimos casi directos en esta direcci\u00f3n. Resaltes y abrupta ladera de tierra sin nieve, piedras sueltas y escaso pasto nos deja en un balc\u00f3n m\u00e1s horizontal, completamente nevado y que ya toca las paredes de estas escarpadas moles. All\u00e1 abajo ha quedado la pl\u00e1cida lagunilla; con su cascadita de aguas que bajan de la espectacular cresta de los Besiberris. Aqu\u00ed el paisaje se agranda, y el macizo comienza a dejarnos ver sus preciosas y temerosas caras: agujas, gendarmes, paredes verticales, brechas, crestas puntiagudas&#8230; espectacular&#8230; y la punta m\u00e1s alta y sobresaliente apoyada en un vertical nevero, a la derecha, el Besiberri Norte. Asombroso.<\/p>\n<p>En la nieve de estos extensos neveros hay huellas, Francesc y Pep deciden seguirlas. Pero al rato unas se desv\u00edan, directamente en direcci\u00f3n al objetivo, y las otras parecen siguen hac\u00eda arriba y noroeste en busca de la cercana Brecha de Peyta. Giramos hac\u00eda la izquierda y cambiamos la direcci\u00f3n hac\u00eda el oeste, hac\u00eda el coloso de roca del Besiberri Norte, cada vez m\u00e1s cercano y cada vez m\u00e1s impresionante. Pep intenta recordar por donde anduvo en su \u00faltima visita a esta monta\u00f1a. Seguimos los neveros pero poco a poco nos vamos subiendo a la crestecilla, blindando las paredes de las moles rocosas que rodean la Brecha de Peyta, hac\u00eda nuestra cumbre. El paisaje se va convirtiendo en alpino y espectacular, con esas agujas, escarpes y moles rocosas que rodean al pico. Ya estamos muy altos; muy cerca de la cresta ya estamos a m\u00e1s de 2.800 metros.<\/p>\n<div id=\"attachment_19387\" style=\"width: 761px\" class=\"wp-caption aligncenter\"><a class=\"dt-single-image\" href=\"https:\/\/www.monta\u00f1asdelaluna.es\/wp-content\/uploads\/2015\/08\/Vall-de-Boi.-Junio-12-069.jpg\" data-dt-img-description=\"\"><img loading=\"lazy\" decoding=\"async\" aria-describedby=\"caption-attachment-19387\" class=\"wp-image-19387 size-full\" src=\"https:\/\/www.monta\u00f1asdelaluna.es\/wp-content\/uploads\/2015\/08\/Vall-de-Boi.-Junio-12-069.jpg\" alt=\"Llegando a la base del Besiberri Norte\" width=\"751\" height=\"563\" srcset=\"https:\/\/www.monta\u00f1asdelaluna.es\/wp-content\/uploads\/2015\/08\/Vall-de-Boi.-Junio-12-069.jpg 751w, https:\/\/www.monta\u00f1asdelaluna.es\/wp-content\/uploads\/2015\/08\/Vall-de-Boi.-Junio-12-069-300x225.jpg 300w\" sizes=\"auto, (max-width: 751px) 100vw, 751px\" \/><\/a><p id=\"caption-attachment-19387\" class=\"wp-caption-text\">Llegando a la base del Besiberri Norte<\/p><\/div>\n<div id=\"attachment_19389\" style=\"width: 761px\" class=\"wp-caption aligncenter\"><a class=\"dt-single-image\" href=\"https:\/\/www.monta\u00f1asdelaluna.es\/wp-content\/uploads\/2015\/08\/Vall-de-Boi.-Junio-12-072.jpg\" data-dt-img-description=\"\"><img loading=\"lazy\" decoding=\"async\" aria-describedby=\"caption-attachment-19389\" class=\"wp-image-19389 size-full\" src=\"https:\/\/www.monta\u00f1asdelaluna.es\/wp-content\/uploads\/2015\/08\/Vall-de-Boi.-Junio-12-072.jpg\" alt=\"Besiberri Norte\" width=\"751\" height=\"563\" srcset=\"https:\/\/www.monta\u00f1asdelaluna.es\/wp-content\/uploads\/2015\/08\/Vall-de-Boi.-Junio-12-072.jpg 751w, https:\/\/www.monta\u00f1asdelaluna.es\/wp-content\/uploads\/2015\/08\/Vall-de-Boi.-Junio-12-072-300x225.jpg 300w\" sizes=\"auto, (max-width: 751px) 100vw, 751px\" \/><\/a><p id=\"caption-attachment-19389\" class=\"wp-caption-text\">Besiberri Norte<\/p><\/div>\n<p>Atr\u00e1s nuestro aparece una pareja de j\u00f3venes y fuertes \u201cchavales\u201d equipados regularmente pero con una decisi\u00f3n y bravura encomiables. Van a hacer la cresta de los Besiberris. Nos adelantan y aprovechamos para seguir sus huellas, ya que nuestro gu\u00eda no parece tan seguro cuando nos acercamos a la escarpada y desafiante pared del Besiberri Norte.<\/p>\n<p>Montamos en la f\u00e1cil cresta entre el Besiberri Norte y el cordal que va a Tumeneia, antes de llegar a los resaltes de las paredes del Besiberri Norte. Nos asomamos lo que podemos al lado norte&#8230; espectacular y emocionante: monta\u00f1as y altitudes del Valle de Ar\u00e1n, grandes lagos azules sobre clara y gris roca gran\u00edtica; pero a\u00fan queda subida, a\u00fan queda la parte m\u00e1s emocionante, peligrosa, excitante y desafiante de la ascensi\u00f3n: la subida por la pared hasta la cima. Nevero, roca, m\u00e1s nevero&#8230; y al final del pronunciado nevero que queda justo bajo la pared este del pico, comienza una subida ya por la vertical y firme roca gran\u00edtica. Hay que llegar hasta donde se encuentra la pareja antes mencionada, que a la vez, se les ha unido, pero no en su grupo y si en la subida, otro monta\u00f1ero franc\u00e9s de edad m\u00e1s avanzada pero de un intr\u00e9pido valor y una agilidad incre\u00edbles. Es un peque\u00f1o colladito en un falso llano en las cercan\u00edas y direcci\u00f3n del resto de la cresta hac\u00eda los dem\u00e1s Besiberris, o sea, deb\u00edamos cruzar toda la base de la pared del Besiberri Norte de noreste a suroeste para llegar al punto de subida.<\/p>\n<div id=\"attachment_19393\" style=\"width: 970px\" class=\"wp-caption aligncenter\"><a class=\"dt-single-image\" href=\"https:\/\/www.monta\u00f1asdelaluna.es\/wp-content\/uploads\/2015\/08\/Vall-de-Boi.-Junio-12-079A.jpg\" data-dt-img-description=\"\"><img loading=\"lazy\" decoding=\"async\" aria-describedby=\"caption-attachment-19393\" class=\"wp-image-19393 size-full\" src=\"https:\/\/www.monta\u00f1asdelaluna.es\/wp-content\/uploads\/2015\/08\/Vall-de-Boi.-Junio-12-079A.jpg\" alt=\"Joaqu\u00edn escalando el Besiberri Norte\" width=\"960\" height=\"720\" srcset=\"https:\/\/www.monta\u00f1asdelaluna.es\/wp-content\/uploads\/2015\/08\/Vall-de-Boi.-Junio-12-079A.jpg 960w, https:\/\/www.monta\u00f1asdelaluna.es\/wp-content\/uploads\/2015\/08\/Vall-de-Boi.-Junio-12-079A-300x225.jpg 300w\" sizes=\"auto, (max-width: 960px) 100vw, 960px\" \/><\/a><p id=\"caption-attachment-19393\" class=\"wp-caption-text\">Joaqu\u00edn escalando el Besiberri Norte<\/p><\/div>\n<p>El nevero est\u00e1 muy inclinado, y bajo \u00e9l m\u00e1s paredes rocosas y verticales que destrozar\u00edan tu cuerpo si cayera. Llego el \u00faltimo, los dem\u00e1s monta\u00f1eros ya han subido por la pared y han desaparecido de nuestra vista. A la izquierda, seg\u00fan admiramos el resto de la espectacular cresta hac\u00eda los Besiberris, est\u00e1 la Brecha Jaume Oliveras, como si fuera\u00a0 un gigantesco bocado entre gigantescas agujas de oscuras y puntiagudas paredes. Asombroso.<\/p>\n<p>Nos equipamos: me pongo el casco, arn\u00e9s, mosquetones&#8230; la cuerda decidimos no sacarla, somos ya \u201cexpertos\u201d para subir por una pared de II\u00ba+\/III\u00ba. Mis compa\u00f1eros comienzan a inspeccionar y adentrarse en la pared. Ven hitos colocados casi en el aire en medio de la misma, e intentamos seguirlos. Yo dejo que Francesc y Pep comiencen a trepar por las primeras rocas verticales, mientras los filmo, despu\u00e9s los sigo y comienzo a preguntarme mientras nos adentramos en la laber\u00edntica y aireada pared este-sur del Besiberri: \u201cdespu\u00e9s \u00bfC\u00f3mo bajaremos de aqu\u00ed?\u201d pregunta que creo me hago siempre que subo a un lugar que, a primera vista, parece imposible su acceso, su bajada.<\/p>\n<div id=\"attachment_19394\" style=\"width: 970px\" class=\"wp-caption aligncenter\"><a class=\"dt-single-image\" href=\"https:\/\/www.monta\u00f1asdelaluna.es\/wp-content\/uploads\/2015\/08\/Vall-de-Boi.-Junio-12-079B.jpg\" data-dt-img-description=\"\"><img loading=\"lazy\" decoding=\"async\" aria-describedby=\"caption-attachment-19394\" class=\"wp-image-19394 size-full\" src=\"https:\/\/www.monta\u00f1asdelaluna.es\/wp-content\/uploads\/2015\/08\/Vall-de-Boi.-Junio-12-079B.jpg\" alt=\"Joaqu\u00edn escalando el Besiberri Norte\" width=\"960\" height=\"720\" srcset=\"https:\/\/www.monta\u00f1asdelaluna.es\/wp-content\/uploads\/2015\/08\/Vall-de-Boi.-Junio-12-079B.jpg 960w, https:\/\/www.monta\u00f1asdelaluna.es\/wp-content\/uploads\/2015\/08\/Vall-de-Boi.-Junio-12-079B-300x225.jpg 300w\" sizes=\"auto, (max-width: 960px) 100vw, 960px\" \/><\/a><p id=\"caption-attachment-19394\" class=\"wp-caption-text\">Joaqu\u00edn escalando el Besiberri Norte<\/p><\/div>\n<div id=\"attachment_19397\" style=\"width: 761px\" class=\"wp-caption aligncenter\"><a class=\"dt-single-image\" href=\"https:\/\/www.monta\u00f1asdelaluna.es\/wp-content\/uploads\/2015\/08\/Vall-de-Boi.-Junio-12-081.jpg\" data-dt-img-description=\"\"><img loading=\"lazy\" decoding=\"async\" aria-describedby=\"caption-attachment-19397\" class=\"wp-image-19397 size-full\" src=\"https:\/\/www.monta\u00f1asdelaluna.es\/wp-content\/uploads\/2015\/08\/Vall-de-Boi.-Junio-12-081.jpg\" alt=\"Cima del Besiberri Norte (3.014 mts.)\" width=\"751\" height=\"563\" srcset=\"https:\/\/www.monta\u00f1asdelaluna.es\/wp-content\/uploads\/2015\/08\/Vall-de-Boi.-Junio-12-081.jpg 751w, https:\/\/www.monta\u00f1asdelaluna.es\/wp-content\/uploads\/2015\/08\/Vall-de-Boi.-Junio-12-081-300x225.jpg 300w\" sizes=\"auto, (max-width: 751px) 100vw, 751px\" \/><\/a><p id=\"caption-attachment-19397\" class=\"wp-caption-text\">Cima del Besiberri Norte (3.014 mts.)<\/p><\/div>\n<p>Llega un punto en que no sabemos por donde ir. La pared nos cierra el camino, los pasos son muy expuestos, aunque de presas f\u00e1ciles y agarres excelentes. Pep se piensa el bajar, casi que nos dice que no quiere seguir. Pero entre Francesc y yo (m\u00e1s Francesc que yo) lo convencemos para seguir adelante. Parece no ser el camino por el que subi\u00f3 Pep su primera vez, no lo recuerda, por ello el miedo, el desconocimiento de meternos en un sitio que pudiera no tener salida. Pero Francesc encuentra hitos por la parte izquierda de la pared seg\u00fan subimos; alg\u00fan paso aireado pero f\u00e1cil para monta\u00f1eros sin miedo a las alturas. Convencemos a Pep y pronto llegamos a la cima de la cresta que viene de los Besiberris, es como si hubi\u00e9ramos rodeado el pico, y nos deslizamos por su cara oeste. Los pasos aqu\u00ed so c\u00f3modos y f\u00e1ciles, aunque la ca\u00edda es mortal. Ya veremos a la bajada. Vemos a la pareja de amigos y nos cruzamos con ellos. Ellos ya van de vuelta de la cumbre. No he podido hacer muchas fotos en la pared, pero ya imaginar\u00e9is el por qu\u00e9. Trepamos por f\u00e1ciles chimeneas con vac\u00edos inconmensurables para llegar a la cumbre, despu\u00e9s de girar nuestra direcci\u00f3n hac\u00eda el norte por la vertiente de la pared oeste. Antes hemos trepado por pasos de III\u00ba m\u00ednimo, pero m\u00e1s que por su t\u00e9cnica, por su exposici\u00f3n al vac\u00edo. Y por fin, despu\u00e9s de trepadas entretenidas, nada dif\u00edciles pero expuestas en ocasiones y muy aireadas en otras, llegamos a la rocosa y curiosa cumbre del Besiberri Norte, a 3.009 mts. de altura seg\u00fan los nuevos mapas de Alpina.<\/p>\n<p>Incre\u00edbles vistas, excelente lugar, privilegiado ap\u00e9ndice del Pirineo, no solamente por su ubicaci\u00f3n a caballo entre los Montes Malditos y los macizos de Aig\u00fcestortes, si no por la verdadera aventura que es el conseguir llegar a lo m\u00e1s alto de tan encrespado, vertical y formidable pico: el Besiberri Norte. Alegr\u00eda y felicitaciones. El tiempo sigue excelente y nos merecemos, sin prisas, una prologada estancia en la cima. Fotos, videos&#8230; El franc\u00e9s sigue en la cumbre; habla con alguien en su idioma por tel\u00e9fono. Le pedimos nos haga la foto de grupo en la cumbre. Nosotros nos acomodamos y disfrutamos contentos de esta incre\u00edble cima. Las vistas y paisaje imponentes: hac\u00eda el oeste el magn\u00edfico, espectacular y bello macizo de los Montes Malditos, con el Russell, Tempestades, Tuc de Mulleres, Aneto&#8230; entre neveros y delicados glaciares en primera fila. Hermoso. Abajo el Valle de Besiberri con su formidable perfil en U y sus lagunas. Hac\u00eda el norte los lagos que quedan ya en el Valle de Aran: los enormes Estany de Mar y el Tort de Rius, magn\u00edficos, rodeados de peque\u00f1os y limpios neveros. Hac\u00eda el oeste las formidables monta\u00f1as del P. N. de Aig\u00fcestortes y Lago San Mauricio, destacando la imperiosa Punta Alta de Comalesbienes, siempre visible y vigilante en la subida y despu\u00e9s en la bajada, y otros como el Contraix o las llamativas Agujas de Travessani, impresionantes&#8230; un espejo encajado entre paredes de roca, entre las monta\u00f1as nombradas, es el Estany Negre, reflejando el limpio y luminoso cielo&#8230; extraordinario.<\/p>\n<div id=\"attachment_19398\" style=\"width: 970px\" class=\"wp-caption aligncenter\"><a class=\"dt-single-image\" href=\"https:\/\/www.monta\u00f1asdelaluna.es\/wp-content\/uploads\/2015\/08\/Vall-de-Boi.-Junio-12-082A.jpg\" data-dt-img-description=\"\"><img loading=\"lazy\" decoding=\"async\" aria-describedby=\"caption-attachment-19398\" class=\"wp-image-19398 size-full\" src=\"https:\/\/www.monta\u00f1asdelaluna.es\/wp-content\/uploads\/2015\/08\/Vall-de-Boi.-Junio-12-082A.jpg\" alt=\"Joaqu\u00edn en la cima del Besiberri Norte (3.014 mts.)\" width=\"960\" height=\"816\" srcset=\"https:\/\/www.monta\u00f1asdelaluna.es\/wp-content\/uploads\/2015\/08\/Vall-de-Boi.-Junio-12-082A.jpg 960w, https:\/\/www.monta\u00f1asdelaluna.es\/wp-content\/uploads\/2015\/08\/Vall-de-Boi.-Junio-12-082A-300x255.jpg 300w\" sizes=\"auto, (max-width: 960px) 100vw, 960px\" \/><\/a><p id=\"caption-attachment-19398\" class=\"wp-caption-text\">Joaqu\u00edn en la cima del Besiberri Norte (3.014 mts.)<\/p><\/div>\n<p>No puedo olvidarme de la cresta que sigue del Besiberri hac\u00eda Tumeneia: la Punta Harl\u00e9, Pa de Sucre, el mismo Tumeneia&#8230; con perfiles muy alpinos y temerarios, puntiagudos e inescrutables, tan cercanos y hermosos&#8230; Como tampoco puedo dejar de lado el resto del macizo que se abre hac\u00eda el sur siguiendo la desafiante cresta de los Besiberris: entre algunos neveros paredes grises, destacaban la c\u00fapula del Besiberri Sur y el murall\u00f3n del Comaloformo, extraordinarios.<\/p>\n<p>Estamos suficiente tiempo para disfrutar, por una vez, con relajada sonrisa, de la estancia prolongada en una cumbre de m\u00e1s de 3.000 metros. Francesc casi se hecha una siesta. Pep descubre unos hitos que llegan directamente a la cumbre desde la misma pared este, \u201c\u00a1per aqu\u00ed es per on vam pujar!\u201d. Y efectivamente otro camino de trepada se\u00f1alado llega directamente a la c\u00faspide del pico, muy diferente de aquel por el que hemos llegado a la misma. As\u00ed descubrimos que hab\u00edan dos trepadas: una al otro lado de la base de la monta\u00f1a, que voltea a la cara oeste, y \u00e9sta que baja, casi directa, hasta el centro del famoso nevero bajo la pared; para llegar a la primera subida hay que cruzar todo el nevero, y en la segunda subida se queda a mitad de nevero.<\/p>\n<div id=\"attachment_19400\" style=\"width: 761px\" class=\"wp-caption aligncenter\"><a class=\"dt-single-image\" href=\"https:\/\/www.monta\u00f1asdelaluna.es\/wp-content\/uploads\/2015\/08\/Vall-de-Boi.-Junio-12-086.jpg\" data-dt-img-description=\"\"><img loading=\"lazy\" decoding=\"async\" aria-describedby=\"caption-attachment-19400\" class=\"wp-image-19400 size-full\" src=\"https:\/\/www.monta\u00f1asdelaluna.es\/wp-content\/uploads\/2015\/08\/Vall-de-Boi.-Junio-12-086.jpg\" alt=\"Valle de Besiberri y Montes Malditos arriba\" width=\"751\" height=\"563\" srcset=\"https:\/\/www.monta\u00f1asdelaluna.es\/wp-content\/uploads\/2015\/08\/Vall-de-Boi.-Junio-12-086.jpg 751w, https:\/\/www.monta\u00f1asdelaluna.es\/wp-content\/uploads\/2015\/08\/Vall-de-Boi.-Junio-12-086-300x225.jpg 300w\" sizes=\"auto, (max-width: 751px) 100vw, 751px\" \/><\/a><p id=\"caption-attachment-19400\" class=\"wp-caption-text\">Valle de Besiberri y Montes Malditos arriba<\/p><\/div>\n<p>Una vez descubierto \u201cel secreto de la monta\u00f1a\u201d, nos volvemos a equipar para comenzar la delicada bajada, esta vez por la nueva ruta descubierta. Ya llev\u00e1bamos casi una hora en la cumbre y, a pesar del buen tiempo y buen estar en la misma, deb\u00edamos bajar, era casi mediod\u00eda.[vc_separator][\/vc_column_text][\/vc_column][\/vc_row][vc_row][vc_column][vc_empty_space][\/vc_column][\/vc_row][vc_row][vc_column][vc_video link=\u00bbhttps:\/\/vimeo.com\/45338609#t=0s\u00bb title=\u00bbBesiberri Norte\u00bb][\/vc_column][\/vc_row][vc_row][vc_column][vc_column_text]La bajada comenzaba casi con m\u00e1s facilidades que la subida: sendos pasillos en la roca menos expuestos y m\u00e1s horizontales te ayudaban a bajar m\u00e1s c\u00f3modamente (o a subir si fuera el caso). Solo algunas verticales, peque\u00f1as y cortas chimeneas, con muy buenos agarres, hac\u00edan que te giraras de espalda al cielo y destreparas. En la mayor parte de esta bajada ten\u00edamos la visi\u00f3n de Tumeneia (Punta Harl\u00e9, Pa de Sucre&#8230;) y las excelentes vistas de la zona. Francesc iba primero, Pep en medio y yo el \u00faltimo. Verdaderamente si no hubiera sido por la destreza, habilidad y empuje de Francesc, no hubi\u00e9ramos podido realizar tal haza\u00f1a. Gracias por tu ayuda y apoyo Francesc. Nos paramos en una paretilla algo vertical y suficientemente expuesta (II\u00ba+ o III\u00ba): Francesc ya a ha bajado, Pep est\u00e1 en medio y no est\u00e1 predispuesto a bajar por la dificultad de la misma, por muchos consejos y ayuda que reciba de Francesc desde abajo. Al cabo de un tiempo descubro algo m\u00e1s arriba unas argollas y una reuni\u00f3n puesta para realizar un rapel. Se lo comento a Pep y sin demorarse supera la paretilla hasta un punto c\u00f3modo, saca la cuerda de su mochila, me la lanza y la cuelgo desde el gran mosquet\u00f3n clavado en medio de una lisa placa de roca. Preparo la cuerda y Pep es el primero que comienza la bajada del rapel. Yo burlonamente le digo \u201cbaja tu primero por que as\u00ed sabr\u00e9 si aguanta o no la reuni\u00f3n\u201d. El rapel no es muy largo, 15 o 20 metros como mucho, y Pep lo realiza sin problemas hasta un punto f\u00e1cil en la pared. Despu\u00e9s me toca a m\u00ed y de nuevo bajo sin dificultades, verdaderamente la pared no era especialmente dif\u00edcil pero entretenida y expuesta, hacemos bien en bajar en rapel. Desde abajo o mejor dicho, desde otro rinc\u00f3n de la pared, Francesc nos vigila y espera. Intento recoger la cuerda para guardarla y \u00e9sta se queda atascada, aprisionada entre piedras y grietas de la paretilla. Intento sacarla pero mis tirones son in\u00fatiles. Decido subir algo por la red y seguir dando fuertes tirones hasta que al cabo de unos interminables minutos, la cuerda se suelta, la recojo toda y la meto en mi mochila.<\/p>\n<div id=\"attachment_19404\" style=\"width: 761px\" class=\"wp-caption aligncenter\"><a class=\"dt-single-image\" href=\"https:\/\/www.monta\u00f1asdelaluna.es\/wp-content\/uploads\/2015\/08\/Vall-de-Boi.-Junio-12-092.jpg\" data-dt-img-description=\"\"><img loading=\"lazy\" decoding=\"async\" aria-describedby=\"caption-attachment-19404\" class=\"wp-image-19404 size-full\" src=\"https:\/\/www.monta\u00f1asdelaluna.es\/wp-content\/uploads\/2015\/08\/Vall-de-Boi.-Junio-12-092.jpg\" alt=\"Estany de Mar y alto Valle de Ar\u00e1n\" width=\"751\" height=\"563\" srcset=\"https:\/\/www.monta\u00f1asdelaluna.es\/wp-content\/uploads\/2015\/08\/Vall-de-Boi.-Junio-12-092.jpg 751w, https:\/\/www.monta\u00f1asdelaluna.es\/wp-content\/uploads\/2015\/08\/Vall-de-Boi.-Junio-12-092-300x225.jpg 300w\" sizes=\"auto, (max-width: 751px) 100vw, 751px\" \/><\/a><p id=\"caption-attachment-19404\" class=\"wp-caption-text\">Estany de Mar y alto Valle de Ar\u00e1n<\/p><\/div>\n<div id=\"attachment_19406\" style=\"width: 761px\" class=\"wp-caption aligncenter\"><a class=\"dt-single-image\" href=\"https:\/\/www.monta\u00f1asdelaluna.es\/wp-content\/uploads\/2015\/08\/Vall-de-Boi.-Junio-12-095.jpg\" data-dt-img-description=\"\"><img loading=\"lazy\" decoding=\"async\" aria-describedby=\"caption-attachment-19406\" class=\"wp-image-19406 size-full\" src=\"https:\/\/www.monta\u00f1asdelaluna.es\/wp-content\/uploads\/2015\/08\/Vall-de-Boi.-Junio-12-095.jpg\" alt=\"Destrepando el Besiberri Norte\" width=\"751\" height=\"563\" srcset=\"https:\/\/www.monta\u00f1asdelaluna.es\/wp-content\/uploads\/2015\/08\/Vall-de-Boi.-Junio-12-095.jpg 751w, https:\/\/www.monta\u00f1asdelaluna.es\/wp-content\/uploads\/2015\/08\/Vall-de-Boi.-Junio-12-095-300x225.jpg 300w\" sizes=\"auto, (max-width: 751px) 100vw, 751px\" \/><\/a><p id=\"caption-attachment-19406\" class=\"wp-caption-text\">Destrepando el Besiberri Norte<\/p><\/div>\n<p>Seguimos la bajada, destrepada del Besiberri Norte: Francesc nos gu\u00eda por encima de una f\u00e1cil crestecilla algo aireada. Pep se adelanta y al cabo de poco tiempo termina la parte m\u00e1s dif\u00edcil de la destrepada. Seguido baja Francesc y despu\u00e9s yo. En otra parte algo dif\u00edcil y expuesta del destrepe veo otra reuni\u00f3n, mosquetones y cintas para pasar la cuerda y hacer otro rapel, pero Francesc lo ignora y prefiere bajar destrepando. Llegamos al \u00faltimo franqueo del destrepe: una chimenea estrecha y con pocos agarres en medio de la misma; parece f\u00e1cil de bajar a primera vista pero nos quedamos algo atrapados y atascados Francesc y luego yo al intentar superarla. Durante unos minutos sin saber como bajar sin agarres fiables&#8230; y ha sido eso \u201cfalta de confianza\u201d en esos \u201cresbaladizos\u201d agarres. Al final bajamos bien. Pep hab\u00eda bajado por otro lado, por el camino habitual, y no le hab\u00eda hecho falta destrepar por este paso, por ello ya estaba abajo de nosotros&#8230; de eso me enter\u00e9 cuando ya estaba bajo la chimenea con el paso ya superado.<\/p>\n<p>Bajamos al famoso nevero bajo la pared del Besiberri. Antes lo cruzamos de una punta a otra y ahora bajaremos por \u00e9l en su mitad hasta encontrar la huella y seguirla hac\u00eda la izquierda, hac\u00eda abajo. Nos desequipamos, nos quitamos casco y arn\u00e9s, y seguimos la bajada desandando nuestras huellas de subida. Detr\u00e1s queda la imponente mal formada pir\u00e1mide de la pared este del Besiberri Norte. Haza\u00f1a conseguida, reto superado, desaf\u00edo ganado. La satisfacci\u00f3n es m\u00e1s grande de lo normal que cuando conquistas una cumbre de esta altura, ya que la dificultad, m\u00e9rito y persecuci\u00f3n es tambi\u00e9n mayor. Muy contentos y alegres nos ponemos los crampones, por seguridad por la formidable pendiente del nevero, para dejar la pared del Besiberri e ir bajando camino del Estanyet de Malavesina.<\/p>\n<div id=\"attachment_19417\" style=\"width: 573px\" class=\"wp-caption aligncenter\"><a class=\"dt-single-image\" href=\"https:\/\/www.monta\u00f1asdelaluna.es\/wp-content\/uploads\/2015\/08\/Vall-de-Boi.-Junio-12-109.jpg\" data-dt-img-description=\"\"><img loading=\"lazy\" decoding=\"async\" aria-describedby=\"caption-attachment-19417\" class=\"wp-image-19417 size-full\" src=\"https:\/\/www.monta\u00f1asdelaluna.es\/wp-content\/uploads\/2015\/08\/Vall-de-Boi.-Junio-12-109.jpg\" alt=\"Pep y Francesc en la base del Besiberri Norte\" width=\"563\" height=\"751\" srcset=\"https:\/\/www.monta\u00f1asdelaluna.es\/wp-content\/uploads\/2015\/08\/Vall-de-Boi.-Junio-12-109.jpg 563w, https:\/\/www.monta\u00f1asdelaluna.es\/wp-content\/uploads\/2015\/08\/Vall-de-Boi.-Junio-12-109-225x300.jpg 225w\" sizes=\"auto, (max-width: 563px) 100vw, 563px\" \/><\/a><p id=\"caption-attachment-19417\" class=\"wp-caption-text\">Pep y Francesc en la base del Besiberri Norte<\/p><\/div>\n<div id=\"attachment_19421\" style=\"width: 761px\" class=\"wp-caption aligncenter\"><a class=\"dt-single-image\" href=\"https:\/\/www.monta\u00f1asdelaluna.es\/wp-content\/uploads\/2015\/08\/Vall-de-Boi.-Junio-12-116.jpg\" data-dt-img-description=\"\"><img loading=\"lazy\" decoding=\"async\" aria-describedby=\"caption-attachment-19421\" class=\"wp-image-19421 size-full\" src=\"https:\/\/www.monta\u00f1asdelaluna.es\/wp-content\/uploads\/2015\/08\/Vall-de-Boi.-Junio-12-116.jpg\" alt=\"Bajando al Estany de Malavesina\" width=\"751\" height=\"563\" srcset=\"https:\/\/www.monta\u00f1asdelaluna.es\/wp-content\/uploads\/2015\/08\/Vall-de-Boi.-Junio-12-116.jpg 751w, https:\/\/www.monta\u00f1asdelaluna.es\/wp-content\/uploads\/2015\/08\/Vall-de-Boi.-Junio-12-116-300x225.jpg 300w\" sizes=\"auto, (max-width: 751px) 100vw, 751px\" \/><\/a><p id=\"caption-attachment-19421\" class=\"wp-caption-text\">Bajando al Estany de Malavesina<\/p><\/div>\n<p>Justamente desandamos el camino, poni\u00e9ndonos, quit\u00e1ndonos, volvi\u00e9ndonos a poner y a quitar los crampones. Yo voy m\u00e1s despacio y con m\u00e1s precauci\u00f3n de lo normal, ya que mis crampones semiautom\u00e1ticos Salewa no se ajustan como deber\u00edan o gustar\u00eda a mis Boreal; normal, est\u00e1n ajustados para las Asolo. Pero de todas formas aguantan como pueden y llegamos al Estanyet de Malavesina, despu\u00e9s de una bajada vertical con mucho desnivel (&#8230;y lo que nos queda). Enfrente, con mejor luz, de nuevo la visi\u00f3n poderosa del Punta Alta de Comalesbienes, al otro lado del valle pero tan cerca&#8230; mientras se comienzan a ocultar las otras monta\u00f1as del P. N. a medida que bajamos altura, solo aguantando el cristalino y reflejado Estany Negre con su riuet sobresaliente que baja del mismo en direcci\u00f3n a Cavallers, por su color brillante, espumoso de sus aguas r\u00e1pidas y tumultuosas, y las radiantes, llamativas y puntiagudas Agujas y pico de Travessani. Hermoso paisaje pirenaico.<\/p>\n<p>Tiempo para fotos y videos. Desde el Estanyet de Malavesina la bajada es pronunciada, r\u00e1pida y lenta (las rodillas la sufren mucho) y muy directa. Seguimos desandando el camino siguiendo hitos, sendas, siempre junto o muy cerca del Barranc de Malavesina, m\u00e1s abajo llamado de Riumalo. Con el agradable y ensordecedor rumor de aguas bravas, aguas fr\u00edas y saludables del Pirineo, agua vital y en\u00e9rgica que crea caminos y dificulta pasos, vamos bajando por la vertical ladera rocosa, pedregosa. Detr\u00e1s nuestro dejamos a los Besiberris, sus paredes, crestas, escarpes, agujas desafiantes&#8230; como si ya no nos importara su imagen real y magn\u00edfica una vez conquistado. Injustamente desagradecidos lo dejamos a nuestra espalda como si fu\u00e9ramos superiores a sus dificultades, superiores a su fuerza y esp\u00edritu&#8230; pero no quitar\u00e1 mi admiraci\u00f3n a la empresa realizada mientras lo escribo. Tambi\u00e9n all\u00e1 arriba la puntiaguda Punta Harl\u00e9 y el vertical y a la vez redondeado Pa de Sucre, los dejamos con el recuerdo de una imagen fant\u00e1stica, alpina de formidables y abruptos perfiles. Hermosos rostros de la monta\u00f1a pirenaica.<\/p>\n<div id=\"attachment_19427\" style=\"width: 761px\" class=\"wp-caption aligncenter\"><a class=\"dt-single-image\" href=\"https:\/\/www.monta\u00f1asdelaluna.es\/wp-content\/uploads\/2015\/08\/Vall-de-Boi.-Junio-12-132.jpg\" data-dt-img-description=\"\"><img loading=\"lazy\" decoding=\"async\" aria-describedby=\"caption-attachment-19427\" class=\"wp-image-19427 size-full\" src=\"https:\/\/www.monta\u00f1asdelaluna.es\/wp-content\/uploads\/2015\/08\/Vall-de-Boi.-Junio-12-132.jpg\" alt=\"Arriba el Punta Alta de Comalesbienes\" width=\"751\" height=\"563\" srcset=\"https:\/\/www.monta\u00f1asdelaluna.es\/wp-content\/uploads\/2015\/08\/Vall-de-Boi.-Junio-12-132.jpg 751w, https:\/\/www.monta\u00f1asdelaluna.es\/wp-content\/uploads\/2015\/08\/Vall-de-Boi.-Junio-12-132-300x225.jpg 300w\" sizes=\"auto, (max-width: 751px) 100vw, 751px\" \/><\/a><p id=\"caption-attachment-19427\" class=\"wp-caption-text\">Arriba el Punta Alta de Comalesbienes<\/p><\/div>\n<p>Pep lleva un ritmo suave de bajada a causa de la tensi\u00f3n en las rodillas. Francesc baja sin detenerse, solamente vuelve la cabeza para esperarnos y ver por donde andamos; y yo paro aqu\u00ed y all\u00e1 esperando momentos, lugares, luces para que, como un Paparazzi de la monta\u00f1a, fotograf\u00eda y filme el transcurrir de esta alucinante aventura. As\u00ed, poco a poco, llegamos de nuevo al Pletiu de Riumalo cerca de la cola del Embalse de Cavallers. Paramos, descansamos y miramos hac\u00eda arriba observando el cuadro del Besiberri Norte que dejamos con sus trepadas y expuestos y desafiantes pasos. Hablamos, conversamos y se nos nota la alegr\u00eda del \u00e9xito, del ambiente alpino, en la altura de la monta\u00f1a. Pero no es temprano y Francesc y Pep deben volver a su casa en Barcelona y Matar\u00f3, as\u00ed que\u00a0 bajado que es gerundio.<\/p>\n<p>Circundamos el Embalse de Cavallers que de nuevo me traer\u00e1 recuerdos de aquel recorrido interminable al bajar de Ventosa i Calvell aquella Semana Santa del 2.001. Pero a pesar de que sigue siendo una larga senda, se hace m\u00e1s ameno con buen tiempo, sol y la alegr\u00eda del objetivo conseguido. Ahora sus estupendas aguas no est\u00e1n oscuras por las sombras del amanecer, si no de las nubes que aparecen sin m\u00e1s consecuencias esa tarde en el valle. Pero de todas formas es un \u201cpeque\u00f1o mar interior\u201d en el Pirineo, que, a pesar de su artificialidad, forma un paisaje embelesador, simp\u00e1tico, tranquilizador. Cerca ya de la presa, un reba\u00f1o de vacas con sus pastores, pasan en fila, de una en una, por la estrecha senda (para ellas), y se paran y nos observan cuando nos paramos para que pase tan curiosa expedici\u00f3n.<\/p>\n<div id=\"attachment_19431\" style=\"width: 761px\" class=\"wp-caption aligncenter\"><a class=\"dt-single-image\" href=\"https:\/\/www.monta\u00f1asdelaluna.es\/wp-content\/uploads\/2015\/08\/Vall-de-Boi.-Junio-12-145.jpg\" data-dt-img-description=\"\"><img loading=\"lazy\" decoding=\"async\" aria-describedby=\"caption-attachment-19431\" class=\"wp-image-19431 size-full\" src=\"https:\/\/www.monta\u00f1asdelaluna.es\/wp-content\/uploads\/2015\/08\/Vall-de-Boi.-Junio-12-145.jpg\" alt=\"Embalse de Cavallers\" width=\"751\" height=\"563\" srcset=\"https:\/\/www.monta\u00f1asdelaluna.es\/wp-content\/uploads\/2015\/08\/Vall-de-Boi.-Junio-12-145.jpg 751w, https:\/\/www.monta\u00f1asdelaluna.es\/wp-content\/uploads\/2015\/08\/Vall-de-Boi.-Junio-12-145-300x225.jpg 300w\" sizes=\"auto, (max-width: 751px) 100vw, 751px\" \/><\/a><p id=\"caption-attachment-19431\" class=\"wp-caption-text\">Embalse de Cavallers<\/p><\/div>\n<div id=\"attachment_19432\" style=\"width: 761px\" class=\"wp-caption aligncenter\"><a class=\"dt-single-image\" href=\"https:\/\/www.monta\u00f1asdelaluna.es\/wp-content\/uploads\/2015\/08\/Vall-de-Boi.-Junio-12-146.jpg\" data-dt-img-description=\"\"><img loading=\"lazy\" decoding=\"async\" aria-describedby=\"caption-attachment-19432\" class=\"wp-image-19432 size-full\" src=\"https:\/\/www.monta\u00f1asdelaluna.es\/wp-content\/uploads\/2015\/08\/Vall-de-Boi.-Junio-12-146.jpg\" alt=\"Francesc y Pep en el Embalse de Cavallers\" width=\"751\" height=\"563\" srcset=\"https:\/\/www.monta\u00f1asdelaluna.es\/wp-content\/uploads\/2015\/08\/Vall-de-Boi.-Junio-12-146.jpg 751w, https:\/\/www.monta\u00f1asdelaluna.es\/wp-content\/uploads\/2015\/08\/Vall-de-Boi.-Junio-12-146-300x225.jpg 300w\" sizes=\"auto, (max-width: 751px) 100vw, 751px\" \/><\/a><p id=\"caption-attachment-19432\" class=\"wp-caption-text\">Francesc y Pep en el Embalse de Cavallers<\/p><\/div>\n<p>Y por fin llegamos al parking donde dejamos el coche, bajo la vetusta presa de Cavallers. Son casi las 6 de la tarde; la actividad ha durado 11\u201930 horas, bien y tranquilamente llevadas. Cogemos el coche y nos dirigimos a la casa en Barruera, donde celebraremos la ascensi\u00f3n ase\u00e1ndonos e hidrat\u00e1ndonos con fresca cerveza y caliente caf\u00e9. Enhorabuena a mis compa\u00f1eros. Ha sido una actividad imponente y \u00fanica en el Pirineo; pero no he perdido el respeto al Besiberri Norte, ni hay que perderlo, si no que ha aumentado mi admiraci\u00f3n y simpat\u00eda por tan encantadoras monta\u00f1as, tan hermosos escarpes y tan magn\u00edfica y esforzada actividad. Geniales Pirineos.<\/p>\n<div id=\"attachment_19566\" style=\"width: 779px\" class=\"wp-caption aligncenter\"><a class=\"dt-single-image\" href=\"https:\/\/www.monta\u00f1asdelaluna.es\/wp-content\/uploads\/2012\/06\/Besiberri-Norte.croquis.jpg\" data-dt-img-description=\"\"><img loading=\"lazy\" decoding=\"async\" aria-describedby=\"caption-attachment-19566\" class=\"wp-image-19566 size-full\" src=\"https:\/\/www.monta\u00f1asdelaluna.es\/wp-content\/uploads\/2012\/06\/Besiberri-Norte.croquis.jpg\" alt=\"Croquis de la ascensi\u00f3n al Besiberri Norte desde Cavallers\" width=\"769\" height=\"804\" srcset=\"https:\/\/www.monta\u00f1asdelaluna.es\/wp-content\/uploads\/2012\/06\/Besiberri-Norte.croquis.jpg 769w, https:\/\/www.monta\u00f1asdelaluna.es\/wp-content\/uploads\/2012\/06\/Besiberri-Norte.croquis-287x300.jpg 287w\" sizes=\"auto, (max-width: 769px) 100vw, 769px\" \/><\/a><p id=\"caption-attachment-19566\" class=\"wp-caption-text\">Croquis de la ascensi\u00f3n al Besiberri Norte desde Cavallers<\/p><\/div>\n<p>[\/vc_column_text][\/vc_column][\/vc_row][vc_row][vc_column][vc_empty_space height=\u00bb60px\u00bb][\/vc_column][\/vc_row][vc_row][vc_column][vc_cta h2=\u00bb\u00c1lbum de fotos\u00bb txt_align=\u00bbcenter\u00bb add_button=\u00bbbottom\u00bb btn_title=\u00bbVer fotos\u00bb btn_color=\u00bbwarning\u00bb btn_align=\u00bbcenter\u00bb btn_link=\u00bburl:https%3A%2F%2Fmonta%C3%B1asdelaluna.es%2F%3Fdt_gallery%3Dbesiberri-norte-2|title:Besiberri%20Norte|target:_blank\u00bb css=\u00bb.vc_custom_1625697149191{background-color: #8bc4ed !important;}\u00bb]Puedes ver todas las fotos del relato y actividad en forma de presentaci\u00f3n o individuales pinchando aqui \u00a1No te las pierdas![\/vc_cta][\/vc_column][\/vc_row][vc_row][vc_column][vc_empty_space height=\u00bb60px\u00bb][\/vc_column][\/vc_row][vc_row][vc_column width=\u00bb1\/3&#8243;][\/vc_column][vc_column width=\u00bb1\/2&#8243;][vc_raw_html]JTNDaWZyYW1lJTIwc3JjJTNEJTIyaHR0cHMlM0ElMkYlMkZ3d3cubWV0ZW9ibHVlLmNvbSUyRmVzJTJGdGllbXBvJTJGd2lkZ2V0JTJGZGFpbHklMkZwaWMtYmVzaWJlcnJpLXN1ZF9lc3BhJTI1YzMlMjViMWFfNjYxODU4MCUzRmRheXMlM0Q3JTI2dGVtcHVuaXQlM0RDRUxTSVVTJTI2d2luZHVuaXQlM0RLSUxPTUVURVJfUEVSX0hPVVIlMjZwaWN0b2ljb24lM0QxJTI2bWF4dGVtcGVyYXR1cmUlM0QxJTI2bWludGVtcGVyYXR1cmUlM0QxJTI2d2luZHNwZWVkJTNEMSUyNndpbmRndXN0JTNEMSUyNndpbmRkaXJlY3Rpb24lM0QxJTI2cHJlY2lwaXRhdGlvbiUzRDElMjZwcmVjaXBpdGF0aW9ucHJvYmFiaWxpdHklM0QxJTI2c3BvdCUzRDElMjZwcmVzc3VyZSUzRDElMjZsYXlvdXQlM0RsaWdodCUyMiUyMCUyMGZyYW1lYm9yZGVyJTNEJTIyMCUyMiUyMHNjcm9sbGluZyUzRCUyMk5PJTIyJTIwYWxsb3d0cmFuc3BhcmVuY3klM0QlMjJ0cnVlJTIyJTIwc3R5bGUlM0QlMjJ3aWR0aCUzQSUyMDM3OHB4JTNCaGVpZ2h0JTNBJTIwMzgxcHglMjIlM0UlM0MlMkZpZnJhbWUlM0UlM0NkaXYlM0UlM0MlMjEtLSUyMERPJTIwTk9UJTIwUkVNT1ZFJTIwVEhJUyUyMExJTkslMjAtLSUzRSUzQ2ElMjBocmVmJTNEJTIyaHR0cHMlM0ElMkYlMkZ3d3cubWV0ZW9ibHVlLmNvbSUyRmVzJTJGdGllbXBvJTJGcHJvbm9zdGljbyUyRnNlbWFuYSUyRnBpYy1iZXNpYmVycmktc3VkX2VzcGElMjVjMyUyNWIxYV82NjE4NTgwJTIyJTIwdGFyZ2V0JTNEJTIyX2JsYW5rJTIyJTNFbWV0ZW9ibHVlJTNDJTJGYSUzRSUzQyUyRmRpdiUzRQ==[\/vc_raw_html][\/vc_column][vc_column width=\u00bb1\/5&#8243;][\/vc_column][\/vc_row]<\/p>\n","protected":false},"excerpt":{"rendered":"<p>[vc_row][vc_column][vc_column_text]Si hab\u00eda alguna, de tantas, monta\u00f1as o picos en el Pirineo que m\u00e1s asombro, desaf\u00edo, respeto, superaci\u00f3n&#8230; me transmit\u00eda, esa era el Besiberri Norte. Desde hace mucho tiempo, desde que admir\u00e9 y v\u00ed por primera vez su escarpado y soberbio perfil piramidal en mi libro \u201cLos Tresmiles del Pirineo\u201d de Juan Buyse all\u00e1 por el&hellip;<\/p>\n","protected":false},"author":1,"featured_media":19393,"comment_status":"open","ping_status":"open","sticky":false,"template":"","format":"standard","meta":[],"categories":[128],"tags":[],"class_list":["post-19440","post","type-post","status-publish","format-standard","has-post-thumbnail","hentry","category-alto-pirineo-catalan","category-128","description-off"],"_links":{"self":[{"href":"https:\/\/www.monta\u00f1asdelaluna.es\/index.php?rest_route=\/wp\/v2\/posts\/19440","targetHints":{"allow":["GET"]}}],"collection":[{"href":"https:\/\/www.monta\u00f1asdelaluna.es\/index.php?rest_route=\/wp\/v2\/posts"}],"about":[{"href":"https:\/\/www.monta\u00f1asdelaluna.es\/index.php?rest_route=\/wp\/v2\/types\/post"}],"author":[{"embeddable":true,"href":"https:\/\/www.monta\u00f1asdelaluna.es\/index.php?rest_route=\/wp\/v2\/users\/1"}],"replies":[{"embeddable":true,"href":"https:\/\/www.monta\u00f1asdelaluna.es\/index.php?rest_route=%2Fwp%2Fv2%2Fcomments&post=19440"}],"version-history":[{"count":10,"href":"https:\/\/www.monta\u00f1asdelaluna.es\/index.php?rest_route=\/wp\/v2\/posts\/19440\/revisions"}],"predecessor-version":[{"id":19565,"href":"https:\/\/www.monta\u00f1asdelaluna.es\/index.php?rest_route=\/wp\/v2\/posts\/19440\/revisions\/19565"}],"wp:featuredmedia":[{"embeddable":true,"href":"https:\/\/www.monta\u00f1asdelaluna.es\/index.php?rest_route=\/wp\/v2\/media\/19393"}],"wp:attachment":[{"href":"https:\/\/www.monta\u00f1asdelaluna.es\/index.php?rest_route=%2Fwp%2Fv2%2Fmedia&parent=19440"}],"wp:term":[{"taxonomy":"category","embeddable":true,"href":"https:\/\/www.monta\u00f1asdelaluna.es\/index.php?rest_route=%2Fwp%2Fv2%2Fcategories&post=19440"},{"taxonomy":"post_tag","embeddable":true,"href":"https:\/\/www.monta\u00f1asdelaluna.es\/index.php?rest_route=%2Fwp%2Fv2%2Ftags&post=19440"}],"curies":[{"name":"wp","href":"https:\/\/api.w.org\/{rel}","templated":true}]}}