{"id":19570,"date":"2012-09-07T19:03:36","date_gmt":"2012-09-07T19:03:36","guid":{"rendered":"http:\/\/monta\u00f1asdelaluna.com\/?p=19570"},"modified":"2021-07-31T10:56:58","modified_gmt":"2021-07-31T10:56:58","slug":"russell","status":"publish","type":"post","link":"https:\/\/www.monta\u00f1asdelaluna.es\/?p=19570","title":{"rendered":"Russell"},"content":{"rendered":"<p>[vc_row][vc_column][vc_column_text]Podr\u00eda ser el nombre de alg\u00fan personaje famoso (y de hecho lo fue en su d\u00eda), y este personaje famoso fue el que dio su nombre a uno de los picos m\u00e1s orientales de los Montes Malditos, del macizo de La Maladeta\u2026 podr\u00eda ser el comienzo de un bonito cuento, de una extraordinaria historia.<\/p>\n<p>En octubre del 2.006 nos acercamos hasta \u00e9l desde el Embalse de Llauset. El desconocimiento de la subida hasta el mismo por la Brecha de Soler i Coll nos hizo perdernos en su momento y no llegar a la cima del Russell. Por ello este pasado fin de semana 7, 8 y 9 de septiembre de 2.012 me volv\u00ed a acercar con mis amigos Cuspidianos acompa\u00f1ados de Vicente y Nuria de Formentera del Segura (pueblo a 5 Km. de mi Almorad\u00ed natal). La idea era ir con las tiendas y acampar en los hermosos Ibones de Vallibierna que quedaban a mitad de camino en la subida y aproximaci\u00f3n al Russell; y as\u00ed hacer m\u00e1s interesante y aventurera la actividad\u2026 adem\u00e1s el largo trayecto de la misma actividad, aunque sin peso se puede hacer f\u00e1cilmente en un d\u00eda, y la reciente iniciaci\u00f3n de algunos de los participantes, bien merec\u00eda el hacerla con la tranquilidad, reposo y contemplaci\u00f3n que nos da esos 2 d\u00edas\u2026 al menos eso parece o eso cre\u00eda.<\/p>\n<div id=\"attachment_19442\" style=\"width: 761px\" class=\"wp-caption aligncenter\"><a class=\"dt-single-image\" href=\"https:\/\/www.monta\u00f1asdelaluna.es\/wp-content\/uploads\/2015\/08\/Pirineos.-Russel-desde-Vallibierna.-8-9-09-12-002.jpg\" data-dt-img-description=\"\"><img loading=\"lazy\" decoding=\"async\" aria-describedby=\"caption-attachment-19442\" class=\"wp-image-19442 size-full\" src=\"https:\/\/www.monta\u00f1asdelaluna.es\/wp-content\/uploads\/2015\/08\/Pirineos.-Russel-desde-Vallibierna.-8-9-09-12-002.jpg\" alt=\"Parking Estany de Llauset\" width=\"751\" height=\"563\" srcset=\"https:\/\/www.monta\u00f1asdelaluna.es\/wp-content\/uploads\/2015\/08\/Pirineos.-Russel-desde-Vallibierna.-8-9-09-12-002.jpg 751w, https:\/\/www.monta\u00f1asdelaluna.es\/wp-content\/uploads\/2015\/08\/Pirineos.-Russel-desde-Vallibierna.-8-9-09-12-002-300x225.jpg 300w\" sizes=\"auto, (max-width: 751px) 100vw, 751px\" \/><\/a><p id=\"caption-attachment-19442\" class=\"wp-caption-text\">Parking Estany de Llauset<\/p><\/div>\n<div id=\"attachment_19448\" style=\"width: 761px\" class=\"wp-caption aligncenter\"><a class=\"dt-single-image\" href=\"https:\/\/www.monta\u00f1asdelaluna.es\/wp-content\/uploads\/2015\/08\/Pirineos.-Russel-desde-Vallibierna.-8-9-09-12-013.jpg\" data-dt-img-description=\"\"><img loading=\"lazy\" decoding=\"async\" aria-describedby=\"caption-attachment-19448\" class=\"wp-image-19448 size-full\" src=\"https:\/\/www.monta\u00f1asdelaluna.es\/wp-content\/uploads\/2015\/08\/Pirineos.-Russel-desde-Vallibierna.-8-9-09-12-013.jpg\" alt=\"Delante Txell y Nuria dejando atr\u00e1s el Estany de Llauset\" width=\"751\" height=\"563\" srcset=\"https:\/\/www.monta\u00f1asdelaluna.es\/wp-content\/uploads\/2015\/08\/Pirineos.-Russel-desde-Vallibierna.-8-9-09-12-013.jpg 751w, https:\/\/www.monta\u00f1asdelaluna.es\/wp-content\/uploads\/2015\/08\/Pirineos.-Russel-desde-Vallibierna.-8-9-09-12-013-300x225.jpg 300w\" sizes=\"auto, (max-width: 751px) 100vw, 751px\" \/><\/a><p id=\"caption-attachment-19448\" class=\"wp-caption-text\">Delante Txell y Nuria dejando atr\u00e1s el Estany de Llauset<\/p><\/div>\n<p>Kike me sugiere ir el viernes por la noche y pasar la noche en Conangles. La pasamos en Conangles por que Vicente y Nuria estaban instalados en su refugio. Vivaque en el extraordinario hayedo de Conangles, cerca del mismo refugio, aunque Txell y Kike montan la tienda a pesar de la magn\u00edfica noche. Como siempre me impresiona la belleza del lugar, como tambi\u00e9n me impresiona la suciedad y basura que en algunas laderas se esconden entre sus hojas secas del suelo.<\/p>\n<p>Al d\u00eda siguiente, despu\u00e9s de reunirnos con Vicente y Nuria, en el mismo Refugio de Conangles, partimos en direcci\u00f3n al Embalse de Llauset, pasando por el pueblecito de Aneto (\u00bfel nombre se lo debe el pico al pueblo o el pueblo al pico?). Conangles est\u00e1 en la boca sur del t\u00fanel de Viella, en tierras de la comarca del Valle de Ar\u00e1n, Pirineo Catal\u00e1n, y Aneto y las monta\u00f1as y valles que nos recorreremos est\u00e1n en el Pirineo oscense\u2026 como ya sabremos el macizo de los Montes Malditos se encuentran en general entre el Valle de Benasque y en el que nos encontramos ahora, llamado en algunos tramos, de Barrab\u00e9s. Con todos sus tres miles dentro del Pirineo oscense, menos el Tuc de Mulleres que queda en la misma frontera.<\/p>\n<p>Despu\u00e9s de una sinuosa y larga carreterilla mal asfaltada, llegamos al parking del Embalse de Llauset, despu\u00e9s de cruzar ese t\u00fanel con aspecto de b\u00fanker de la 2\u00ba Guerra Mundial. Casualmente llegan a la vez Pep, Francesc y Olga, y ya los 8 salimos en busca de esos valles y monta\u00f1as de los Montes Malditos. A pesar de que estamos en el G.R.-11 no son paisajes muy visitados, y mucho menos por domingueros y curiosos\u2026 Mejor.<\/p>\n<div id=\"attachment_19450\" style=\"width: 761px\" class=\"wp-caption aligncenter\"><a class=\"dt-single-image\" href=\"https:\/\/www.monta\u00f1asdelaluna.es\/wp-content\/uploads\/2015\/08\/Pirineos.-Russel-desde-Vallibierna.-8-9-09-12-018.jpg\" data-dt-img-description=\"\"><img loading=\"lazy\" decoding=\"async\" aria-describedby=\"caption-attachment-19450\" class=\"wp-image-19450 size-full\" src=\"https:\/\/www.monta\u00f1asdelaluna.es\/wp-content\/uploads\/2015\/08\/Pirineos.-Russel-desde-Vallibierna.-8-9-09-12-018.jpg\" alt=\"Abajo queda el Estany de Llauset\" width=\"751\" height=\"563\" srcset=\"https:\/\/www.monta\u00f1asdelaluna.es\/wp-content\/uploads\/2015\/08\/Pirineos.-Russel-desde-Vallibierna.-8-9-09-12-018.jpg 751w, https:\/\/www.monta\u00f1asdelaluna.es\/wp-content\/uploads\/2015\/08\/Pirineos.-Russel-desde-Vallibierna.-8-9-09-12-018-300x225.jpg 300w\" sizes=\"auto, (max-width: 751px) 100vw, 751px\" \/><\/a><p id=\"caption-attachment-19450\" class=\"wp-caption-text\">Abajo queda el Estany de Llauset<\/p><\/div>\n<p>Ya cargados casi como burros salimos por la f\u00e1cil senda que sigue la orilla del embalse en direcci\u00f3n a un alto y gran pico que se ve justo al oeste, el Pico de Vallibierna. Espl\u00e9ndido y magn\u00edfico desde aqu\u00ed. El embalse (antiguo estany apresado) no tiene tanta agua, parece que est\u00e9 a la mitad de su capacidad; aunque de todas formas el paisaje y los lugares son de suaves laderas y bellos perfiles, m\u00e1s el Pico de Vallibierna que le da un toque agreste, alpino, hermoso.<\/p>\n<p>El d\u00eda de momento es bueno. La hierba est\u00e1 agostada, no ha llovido mucho este verano, y las monta\u00f1as aparecen con un semblante triste, marr\u00f3n-amarillento. Al otro lado del embalse la marcad\u00edsima senda comienza a subir en su primera ascensi\u00f3n importante. Un cartel nos explica los distintos caminos para acercarnos y asediar al Pico de Vallibierna, y para llegar al Collado de Vallibierna, que es el rumbo que escogemos.<\/p>\n<div id=\"attachment_19452\" style=\"width: 761px\" class=\"wp-caption aligncenter\"><a class=\"dt-single-image\" href=\"https:\/\/www.monta\u00f1asdelaluna.es\/wp-content\/uploads\/2015\/08\/Pirineos.-Russel-desde-Vallibierna.-8-9-09-12-021.jpg\" data-dt-img-description=\"\"><img loading=\"lazy\" decoding=\"async\" aria-describedby=\"caption-attachment-19452\" class=\"wp-image-19452 size-full\" src=\"https:\/\/www.monta\u00f1asdelaluna.es\/wp-content\/uploads\/2015\/08\/Pirineos.-Russel-desde-Vallibierna.-8-9-09-12-021.jpg\" alt=\"Estany de Botorn\u00e0s\" width=\"751\" height=\"563\" srcset=\"https:\/\/www.monta\u00f1asdelaluna.es\/wp-content\/uploads\/2015\/08\/Pirineos.-Russel-desde-Vallibierna.-8-9-09-12-021.jpg 751w, https:\/\/www.monta\u00f1asdelaluna.es\/wp-content\/uploads\/2015\/08\/Pirineos.-Russel-desde-Vallibierna.-8-9-09-12-021-300x225.jpg 300w\" sizes=\"auto, (max-width: 751px) 100vw, 751px\" \/><\/a><p id=\"caption-attachment-19452\" class=\"wp-caption-text\">Estany de Botorn\u00e0s<\/p><\/div>\n<div id=\"attachment_19454\" style=\"width: 761px\" class=\"wp-caption aligncenter\"><a class=\"dt-single-image\" href=\"https:\/\/www.monta\u00f1asdelaluna.es\/wp-content\/uploads\/2015\/08\/Pirineos.-Russel-desde-Vallibierna.-8-9-09-12-030.jpg\" data-dt-img-description=\"\"><img loading=\"lazy\" decoding=\"async\" aria-describedby=\"caption-attachment-19454\" class=\"wp-image-19454 size-full\" src=\"https:\/\/www.monta\u00f1asdelaluna.es\/wp-content\/uploads\/2015\/08\/Pirineos.-Russel-desde-Vallibierna.-8-9-09-12-030.jpg\" alt=\"Estany de Botorn\u00e0s bajo los espolones del Vallibierna\" width=\"751\" height=\"563\" srcset=\"https:\/\/www.monta\u00f1asdelaluna.es\/wp-content\/uploads\/2015\/08\/Pirineos.-Russel-desde-Vallibierna.-8-9-09-12-030.jpg 751w, https:\/\/www.monta\u00f1asdelaluna.es\/wp-content\/uploads\/2015\/08\/Pirineos.-Russel-desde-Vallibierna.-8-9-09-12-030-300x225.jpg 300w\" sizes=\"auto, (max-width: 751px) 100vw, 751px\" \/><\/a><p id=\"caption-attachment-19454\" class=\"wp-caption-text\">Estany de Botorn\u00e0s bajo los espolones del Vallibierna<\/p><\/div>\n<p>Atr\u00e1s dejamos el embalse, all\u00e1 abajo con su tranquila y serena agua. Hermosa estampa. Aqu\u00ed arriba descubrimos un simp\u00e1tico refugio cerrado, el de Botorn\u00e1s (nombre del lago cercano) y un \u201cgigantesco\u201d hito. Ahora cambiamos la direcci\u00f3n hac\u00eda el norte y pasamos junto al escondido Estany de Botorn\u00e1s. Es curioso: es una regi\u00f3n de lagos y valles que, seg\u00fan la orientaci\u00f3n de los mismos, tienen nombre catal\u00e1n o castellano. Estany o Ib\u00f3n es el nombre al que denominan los lagos de alta monta\u00f1a de origen glaciar exclusivos de los Pirineos: Estany en catal\u00e1n e Ib\u00f3n en castellano.<\/p>\n<p>Seguimos la fresca y entretenida senda bordeando el magn\u00edfico Estany de Botorn\u00e1s que nos queda a la izquierda en la subida, en direcci\u00f3n norte. Arriba de \u00e9l, las encrespadas y desafiantes inmediaciones del Pico de Vallibierna; que parece que lo vayamos rodeando en busca de un descuido y poder conquistarlo. Entre las aguas del r\u00edo de Cap de Llauset paramos a descansar un poco y dar alg\u00fan bocado. Las charlas y risas se suman a este espl\u00e9ndido d\u00eda. Arriba vemos paredes desgajadas y afiladas en las cimas de las monta\u00f1as, entre ellas el pico Cap de LLauset (2.854 mts.), al final de los valles\u2026 preludio de las monta\u00f1as y lugares que hemos de subir.<\/p>\n<div id=\"attachment_19461\" style=\"width: 761px\" class=\"wp-caption aligncenter\"><a class=\"dt-single-image\" href=\"https:\/\/www.monta\u00f1asdelaluna.es\/wp-content\/uploads\/2015\/08\/Pirineos.-Russel-desde-Vallibierna.-8-9-09-12-043.jpg\" data-dt-img-description=\"\"><img loading=\"lazy\" decoding=\"async\" aria-describedby=\"caption-attachment-19461\" class=\"wp-image-19461 size-full\" src=\"https:\/\/www.monta\u00f1asdelaluna.es\/wp-content\/uploads\/2015\/08\/Pirineos.-Russel-desde-Vallibierna.-8-9-09-12-043.jpg\" alt=\"Atr\u00e1s queda el Pic de la Solana de Llauset\" width=\"751\" height=\"563\" srcset=\"https:\/\/www.monta\u00f1asdelaluna.es\/wp-content\/uploads\/2015\/08\/Pirineos.-Russel-desde-Vallibierna.-8-9-09-12-043.jpg 751w, https:\/\/www.monta\u00f1asdelaluna.es\/wp-content\/uploads\/2015\/08\/Pirineos.-Russel-desde-Vallibierna.-8-9-09-12-043-300x225.jpg 300w\" sizes=\"auto, (max-width: 751px) 100vw, 751px\" \/><\/a><p id=\"caption-attachment-19461\" class=\"wp-caption-text\">Atr\u00e1s queda el Pic de la Solana de Llauset<\/p><\/div>\n<p>Despu\u00e9s del descanso, seguimos valle arriba, y enseguida otro cartel se\u00f1alizador. Aqu\u00ed viene una incertidumbre sin sentido: seg\u00fan marcaba mi antiguo mapa implementado en la rese\u00f1a del Evento en Internet, la subida al Collado de Vallibierna est\u00e1 m\u00e1s valle arriba; pero es de hace 10 a\u00f1os y desde hace tiempo que cambiaron la subida, el G.R., y para subir al Collado de Vallibierna, se sube acerc\u00e1ndose al los Estanyets de Coma Arnau (Estany Xelat o CHelat como pon\u00eda en el mismo cartel indicador). Aqu\u00ed la subida ya se pone interesante y volvemos a coger altura, sin parar de subir, con peque\u00f1as zonas horizontales, hasta el mismo Collado de Vallibierna. Antes pasamos por una \u201cbalsita\u201d que ser\u00e1 la que nos cambie la direcci\u00f3n hac\u00eda, y casi directamente, el Collado de Vallibierna. Antes, en la misma subida, tiempo para admirar el hermoso y espectacular paisaje, protagonizado por el Estany del Cap de Llauset y el picudo y c\u00f3nico (perfecto cono) Pic de La Solana de Llauset. Muy atrayente visi\u00f3n que dejaremos a la espalda y volveremos a descubrir cada vez que paremos a descansar en la roqueda subida al Collado de Vallibierna.<\/p>\n<p>Nos topamos con el t\u00edpico caos de rocas gran\u00edticas de la alta monta\u00f1a para llegar al alto Collado de Vallibierna (2.732 mts.), y una vez arriba una parada para la contemplaci\u00f3n sobre lo subido. Antes nos hemos topado con otro cartelito (esto parece los Alpes), y ahora s\u00ed leemos \u201cIbones de Vallibierna\u201d. El grupo va llegando. Fotos. Ahora tambi\u00e9n estamos en la frontera entre los nombres catalanes y los castellanos. Abajo, encajonados entre la roca y las escarpadas laderas de los valles, los encantadores Ibones de Vallibierna. Ah\u00ed, en sus orillas, pasaremos esta noche. Observando las monta\u00f1as de alrededor, ya podemos ver algunos de los picos de los Montes Malditos que bajan desde el mismo cordal este del Aneto: el Russell, m\u00e1s cercano, altivo y magn\u00edfico, y el propio Aneto, m\u00e1s alejado pero totalmente reconocible y significante. Incre\u00edble.<\/p>\n<div id=\"attachment_19460\" style=\"width: 761px\" class=\"wp-caption aligncenter\"><a class=\"dt-single-image\" href=\"https:\/\/www.monta\u00f1asdelaluna.es\/wp-content\/uploads\/2015\/08\/Pirineos.-Russel-desde-Vallibierna.-8-9-09-12-041.jpg\" data-dt-img-description=\"\"><img loading=\"lazy\" decoding=\"async\" aria-describedby=\"caption-attachment-19460\" class=\"wp-image-19460 size-full\" src=\"https:\/\/www.monta\u00f1asdelaluna.es\/wp-content\/uploads\/2015\/08\/Pirineos.-Russel-desde-Vallibierna.-8-9-09-12-041.jpg\" alt=\"Subiendo al Collado de Vallibierna\" width=\"751\" height=\"563\" srcset=\"https:\/\/www.monta\u00f1asdelaluna.es\/wp-content\/uploads\/2015\/08\/Pirineos.-Russel-desde-Vallibierna.-8-9-09-12-041.jpg 751w, https:\/\/www.monta\u00f1asdelaluna.es\/wp-content\/uploads\/2015\/08\/Pirineos.-Russel-desde-Vallibierna.-8-9-09-12-041-300x225.jpg 300w\" sizes=\"auto, (max-width: 751px) 100vw, 751px\" \/><\/a><p id=\"caption-attachment-19460\" class=\"wp-caption-text\">Subiendo al Collado de Vallibierna<\/p><\/div>\n<div id=\"attachment_19463\" style=\"width: 761px\" class=\"wp-caption aligncenter\"><a class=\"dt-single-image\" href=\"https:\/\/www.monta\u00f1asdelaluna.es\/wp-content\/uploads\/2015\/08\/Pirineos.-Russel-desde-Vallibierna.-8-9-09-12-047.jpg\" data-dt-img-description=\"\"><img loading=\"lazy\" decoding=\"async\" aria-describedby=\"caption-attachment-19463\" class=\"wp-image-19463 size-full\" src=\"https:\/\/www.monta\u00f1asdelaluna.es\/wp-content\/uploads\/2015\/08\/Pirineos.-Russel-desde-Vallibierna.-8-9-09-12-047.jpg\" alt=\"Txell y abajo queda el Estany de Cap de Llauset\" width=\"751\" height=\"563\" srcset=\"https:\/\/www.monta\u00f1asdelaluna.es\/wp-content\/uploads\/2015\/08\/Pirineos.-Russel-desde-Vallibierna.-8-9-09-12-047.jpg 751w, https:\/\/www.monta\u00f1asdelaluna.es\/wp-content\/uploads\/2015\/08\/Pirineos.-Russel-desde-Vallibierna.-8-9-09-12-047-300x225.jpg 300w\" sizes=\"auto, (max-width: 751px) 100vw, 751px\" \/><\/a><p id=\"caption-attachment-19463\" class=\"wp-caption-text\">Txell y abajo queda el Estany de Cap de Llauset<\/p><\/div>\n<p>Las nubes ya comienzan a ser importantes. Esta tarde-noche se preve\u00edan tormentas. Despu\u00e9s de descansar y charlar, comenzamos la bajada a los ibones. Entre enormes rocas y pedregales entre la roca viva gran\u00edtica de la monta\u00f1a, bajamos siguiendo las marcas rojiblancas del G.R., nunca las hemos dejado de seguir en todo el camino. Y despu\u00e9s de poco tiempo llegamos a las orillas del primer ib\u00f3n. El lugar es hermoso y roquedo a la vez, solo la planicie y verdor de las orillas oeste del ib\u00f3n, nos dan una idea del lugar id\u00edlico donde montar las tiendas. Vemos bajar monta\u00f1eros por la ladera de la izquierda, se oyen voces en el aire. Bajan del Vallibierna.<\/p>\n<p>Llegamos a las orillas del ib\u00f3n, de aguas pl\u00e1cidas, tranquilas y muy transparentes, y plantamos las tiendas. El lugar es verde y tranquilo, abierto a los vientos y a los paisajes. No hay agua muy cerca, debemos ir hasta otro lado del ib\u00f3n donde un riachuelo discurre entre las rocas de sus orillas, pero es el mejor lugar para poner nuestras 3 tiendas. Despu\u00e9s comemos y descansamos a la espera de la tarde.<\/p>\n<div id=\"attachment_19467\" style=\"width: 761px\" class=\"wp-caption aligncenter\"><a class=\"dt-single-image\" href=\"https:\/\/www.monta\u00f1asdelaluna.es\/wp-content\/uploads\/2015\/08\/Pirineos.-Russel-desde-Vallibierna.-8-9-09-12-062.jpg\" data-dt-img-description=\"\"><img loading=\"lazy\" decoding=\"async\" aria-describedby=\"caption-attachment-19467\" class=\"wp-image-19467 size-full\" src=\"https:\/\/www.monta\u00f1asdelaluna.es\/wp-content\/uploads\/2015\/08\/Pirineos.-Russel-desde-Vallibierna.-8-9-09-12-062.jpg\" alt=\"Abajo los Ibones de Vallibierna y al fondo el Posets\" width=\"751\" height=\"563\" srcset=\"https:\/\/www.monta\u00f1asdelaluna.es\/wp-content\/uploads\/2015\/08\/Pirineos.-Russel-desde-Vallibierna.-8-9-09-12-062.jpg 751w, https:\/\/www.monta\u00f1asdelaluna.es\/wp-content\/uploads\/2015\/08\/Pirineos.-Russel-desde-Vallibierna.-8-9-09-12-062-300x225.jpg 300w\" sizes=\"auto, (max-width: 751px) 100vw, 751px\" \/><\/a><p id=\"caption-attachment-19467\" class=\"wp-caption-text\">Abajo los Ibones de Vallibierna y al fondo el Posets<\/p><\/div>\n<p>Paseamos y nos recorremos los alrededores del ib\u00f3n. Una pareja inglesa, supuestamente que siguen el sendero del G.R., han acampado al otro lado de nuestra orilla. Las nubes cubren ya todo el cielo, y la tormenta no se hace esperar. Mientras llueve y se va haciendo tarde, debemos cenar cada uno en su tienda. \u00a1\u00bfY el vino?! Txell ha subido la botella que quer\u00eda abrir en Conangles. Despu\u00e9s de la lluvia, casi noche cerrada, me acerco a su tienda\u2026 solo me han dejado un \u201ccul\u00edn\u201d.<\/p>\n<p>Al otro d\u00eda el despertador suena a las 6 de la ma\u00f1ana. Remolones tardamos en levantarnos, desayunar y salir hac\u00eda la Brecha de Soler i Coll. Hay que comenzar pronto ya que debemos tener tiempo para bajar al coche lo antes posible. Las sombras dejan paso a la luz del nuevo d\u00eda, y ya se vislumbran sus rayos del nuevo sol en la cima del Vallibierna que queda justo detr\u00e1s nuestro mientras subimos a la Brecha de Soler i Coll. La Brecha de Soler i Coll no es m\u00e1s que un empinado colladito que une el alto valle que viene de los Ibones de Coronas, con la base del Russell y esta parte norte del Valle de Vallibierna, justo arriba del Ib\u00f3n m\u00e1s al oeste y grande de los de Vallibierna\u2026 o sea, ten\u00edamos la brecha siempre a la vista y en una de las laderas que salen del mismo lago.<\/p>\n<div id=\"attachment_19469\" style=\"width: 761px\" class=\"wp-caption aligncenter\"><a class=\"dt-single-image\" href=\"https:\/\/www.monta\u00f1asdelaluna.es\/wp-content\/uploads\/2015\/08\/Pirineos.-Russel-desde-Vallibierna.-8-9-09-12-069.jpg\" data-dt-img-description=\"\"><img loading=\"lazy\" decoding=\"async\" aria-describedby=\"caption-attachment-19469\" class=\"wp-image-19469 size-full\" src=\"https:\/\/www.monta\u00f1asdelaluna.es\/wp-content\/uploads\/2015\/08\/Pirineos.-Russel-desde-Vallibierna.-8-9-09-12-069.jpg\" alt=\"Bajando del Collado de Vallibierna a los Ibones de Vallibierna\" width=\"751\" height=\"563\" srcset=\"https:\/\/www.monta\u00f1asdelaluna.es\/wp-content\/uploads\/2015\/08\/Pirineos.-Russel-desde-Vallibierna.-8-9-09-12-069.jpg 751w, https:\/\/www.monta\u00f1asdelaluna.es\/wp-content\/uploads\/2015\/08\/Pirineos.-Russel-desde-Vallibierna.-8-9-09-12-069-300x225.jpg 300w\" sizes=\"auto, (max-width: 751px) 100vw, 751px\" \/><\/a><p id=\"caption-attachment-19469\" class=\"wp-caption-text\">Bajando del Collado de Vallibierna a los Ibones de Vallibierna<\/p><\/div>\n<div id=\"attachment_19475\" style=\"width: 761px\" class=\"wp-caption aligncenter\"><a class=\"dt-single-image\" href=\"https:\/\/www.monta\u00f1asdelaluna.es\/wp-content\/uploads\/2015\/08\/Pirineos.-Russel-desde-Vallibierna.-8-9-09-12-081.jpg\" data-dt-img-description=\"\"><img loading=\"lazy\" decoding=\"async\" aria-describedby=\"caption-attachment-19475\" class=\"wp-image-19475 size-full\" src=\"https:\/\/www.monta\u00f1asdelaluna.es\/wp-content\/uploads\/2015\/08\/Pirineos.-Russel-desde-Vallibierna.-8-9-09-12-081.jpg\" alt=\"Olga y Txell bajando a los Ibones de Vallibierna\" width=\"751\" height=\"563\" srcset=\"https:\/\/www.monta\u00f1asdelaluna.es\/wp-content\/uploads\/2015\/08\/Pirineos.-Russel-desde-Vallibierna.-8-9-09-12-081.jpg 751w, https:\/\/www.monta\u00f1asdelaluna.es\/wp-content\/uploads\/2015\/08\/Pirineos.-Russel-desde-Vallibierna.-8-9-09-12-081-300x225.jpg 300w\" sizes=\"auto, (max-width: 751px) 100vw, 751px\" \/><\/a><p id=\"caption-attachment-19475\" class=\"wp-caption-text\">Olga y Txell bajando a los Ibones de Vallibierna<\/p><\/div>\n<p>La empinada ladera nos deja en la nombrada brecha, y aqu\u00ed podemos admirar esos gigantes que son los tres miles del Pirineo: de derecha a izquierda, el Russell, Margalida, Tempestades y Aneto. Haciendo un murall\u00f3n de roca desgajada, negra y gris, y de crestas picudas y agrestes. Hermosas. Pero debemos de capotear el incre\u00edble campo de rocas enormes ca\u00eddas de los gigantes, y vuelven a recrear esa zona ca\u00f3tica, desamparada y desesperada que nos hizo desistir hace 6 a\u00f1os. Abajo los ibones de Coronas, lejanos y bajos, unas peque\u00f1as islas de mar entre desafiantes pendientes de roca descarnada y casi vertical.<\/p>\n<p>Vemos que sube m\u00e1s gente por la v\u00eda normal (m\u00e1s f\u00e1cil), que viene del Refugio de Coronas y pasa por los Ibones de Coronas. Los diferentes colorines en la gris\u00e1cea roca los delata.<\/p>\n<p>Estamos a 2.663 mts. y ahora, sin saber con certeza el camino, giramos hac\u00eda la derecha, bajando algo de altura y siguiendo hitos perdidos e indireccionables. Al final Kike decide no seguirnos, demasiado entretenido y fastidiado el recorrido para su sobre esforzado cuerpo. En la lejan\u00eda, desde la cima de la Brecha de Soler i Coll, nos hace fotos mientras avanzamos por un mar de rocoso lecho y olas de pe\u00f1ascos desprendidos.<\/p>\n<div id=\"attachment_19481\" style=\"width: 970px\" class=\"wp-caption aligncenter\"><a class=\"dt-single-image\" href=\"https:\/\/www.monta\u00f1asdelaluna.es\/wp-content\/uploads\/2015\/08\/Pirineos.-Russel-desde-Vallibierna.-8-9-09-12-100A.jpg\" data-dt-img-description=\"\"><img loading=\"lazy\" decoding=\"async\" aria-describedby=\"caption-attachment-19481\" class=\"wp-image-19481 size-full\" src=\"https:\/\/www.monta\u00f1asdelaluna.es\/wp-content\/uploads\/2015\/08\/Pirineos.-Russel-desde-Vallibierna.-8-9-09-12-100A.jpg\" alt=\"Ib\u00f3n de Vallibierna\" width=\"960\" height=\"720\" srcset=\"https:\/\/www.monta\u00f1asdelaluna.es\/wp-content\/uploads\/2015\/08\/Pirineos.-Russel-desde-Vallibierna.-8-9-09-12-100A.jpg 960w, https:\/\/www.monta\u00f1asdelaluna.es\/wp-content\/uploads\/2015\/08\/Pirineos.-Russel-desde-Vallibierna.-8-9-09-12-100A-300x225.jpg 300w\" sizes=\"auto, (max-width: 960px) 100vw, 960px\" \/><\/a><p id=\"caption-attachment-19481\" class=\"wp-caption-text\">Ib\u00f3n de Vallibierna<\/p><\/div>\n<div id=\"attachment_19483\" style=\"width: 970px\" class=\"wp-caption aligncenter\"><a class=\"dt-single-image\" href=\"https:\/\/www.monta\u00f1asdelaluna.es\/wp-content\/uploads\/2015\/08\/Pirineos.-Russel-desde-Vallibierna.-8-9-09-12-105A.jpg\" data-dt-img-description=\"\"><img loading=\"lazy\" decoding=\"async\" aria-describedby=\"caption-attachment-19483\" class=\"wp-image-19483 size-full\" src=\"https:\/\/www.monta\u00f1asdelaluna.es\/wp-content\/uploads\/2015\/08\/Pirineos.-Russel-desde-Vallibierna.-8-9-09-12-105A.jpg\" alt=\"Joaqu\u00edn y el campamento junto al Ib\u00f3n de Vallibierna\" width=\"960\" height=\"720\" srcset=\"https:\/\/www.monta\u00f1asdelaluna.es\/wp-content\/uploads\/2015\/08\/Pirineos.-Russel-desde-Vallibierna.-8-9-09-12-105A.jpg 960w, https:\/\/www.monta\u00f1asdelaluna.es\/wp-content\/uploads\/2015\/08\/Pirineos.-Russel-desde-Vallibierna.-8-9-09-12-105A-300x225.jpg 300w\" sizes=\"auto, (max-width: 960px) 100vw, 960px\" \/><\/a><p id=\"caption-attachment-19483\" class=\"wp-caption-text\">Joaqu\u00edn y el campamento junto al Ib\u00f3n de Vallibierna<\/p><\/div>\n<p>Describir el recorrido por este ca\u00f3tico lugar es dif\u00edcil, pero al final tenemos que llegar a un punto entre el Margalida y el Russell. Una brecha transversal en medio de la pared formando una canal o pasillo diagonal, nos llevan, girando hac\u00eda la derecha, hasta la cima del Russell. Antes peque\u00f1os (o grandes, seg\u00fan que ojo lo vea) pasos de trepadas (pienso no llega a III\u00ba) debemos de superar. Entretenidos pero no demasiados expuestos, peque\u00f1os saltos sin complicaci\u00f3n con las no despreciables ca\u00eddas hac\u00eda la derecha y sur. Vicente y Nuria se lo piensan dos veces y entre Francesc y yo les ayudamos a superar estos pasos t\u00edpicos de la alta monta\u00f1a pirenaica\u2026 \u00a1Es lo que tiene la alta monta\u00f1a!<\/p>\n<p>Despu\u00e9s de salir de esta destrozada y pedregosa diagonal, salimos a una amplia casi planicie, tambi\u00e9n muy rocosa llena de las comunes rocas gran\u00edticas desgajadas y sueltas de la monta\u00f1a. Y ah\u00ed arriba la cima del Russell nos sorprende por su sencillez casi desapercibida entre las rocas en ligera pendiente. Pero te das cuenta de que est\u00e1s en lo m\u00e1s alto cuando te asomas hac\u00eda el noroeste y ves los temidos precipicios y las incre\u00edbles vistas hac\u00eda los valles al norte en los Pirineos \u00a1Espl\u00e9ndido! Estamos a 3.207 mts. pero ante la indecisi\u00f3n de visitar la cumbre sureste, se nos olvida celebrar la cima.<\/p>\n<div id=\"attachment_19485\" style=\"width: 761px\" class=\"wp-caption aligncenter\"><a class=\"dt-single-image\" href=\"https:\/\/www.monta\u00f1asdelaluna.es\/wp-content\/uploads\/2015\/08\/Pirineos.-Russel-desde-Vallibierna.-8-9-09-12-116.jpg\" data-dt-img-description=\"\"><img loading=\"lazy\" decoding=\"async\" aria-describedby=\"caption-attachment-19485\" class=\"wp-image-19485 size-full\" src=\"https:\/\/www.monta\u00f1asdelaluna.es\/wp-content\/uploads\/2015\/08\/Pirineos.-Russel-desde-Vallibierna.-8-9-09-12-116.jpg\" alt=\"Delante Francesc y Pep dejando los Ibones de Vallibierna abajo\" width=\"751\" height=\"563\" srcset=\"https:\/\/www.monta\u00f1asdelaluna.es\/wp-content\/uploads\/2015\/08\/Pirineos.-Russel-desde-Vallibierna.-8-9-09-12-116.jpg 751w, https:\/\/www.monta\u00f1asdelaluna.es\/wp-content\/uploads\/2015\/08\/Pirineos.-Russel-desde-Vallibierna.-8-9-09-12-116-300x225.jpg 300w\" sizes=\"auto, (max-width: 751px) 100vw, 751px\" \/><\/a><p id=\"caption-attachment-19485\" class=\"wp-caption-text\">Delante Francesc y Pep dejando los Ibones de Vallibierna abajo<\/p><\/div>\n<p>Para llegar a la cima Sureste del Russell no hace falta ir por la arista de la cima. Una encastada senda se enfila entre los precipicios y las paredes desgajadas, muy cerca de la cresta cimera, por el sur, hasta la pr\u00f3xima e impresionante (desde la cima central) cima del Russell Sureste de 3.205 mts. Vicente no se atreve; puede que le asustara los pasos, que dan al principio, de las compa\u00f1eras. Pero yo veo el camino m\u00e1s f\u00e1cil si me acerco a los precipicios al sur del pico central.[vc_separator][\/vc_column_text][\/vc_column][\/vc_row][vc_row][vc_column][vc_empty_space][\/vc_column][\/vc_row][vc_row][vc_column][vc_video link=\u00bbhttps:\/\/vimeo.com\/50007388#t=0s\u00bb title=\u00bbRussell\u00bb][\/vc_column][\/vc_row][vc_row][vc_column][vc_empty_space][\/vc_column][\/vc_row][vc_row][vc_column][vc_column_text]Las vistas son incre\u00edbles y el d\u00eda, no lo he dicho en toda la subida, espl\u00e9ndido. A las nubes les cuesta salir en el d\u00eda de hoy. Hac\u00eda el oeste, con todo el paisaje libre de obst\u00e1culos, vemos los macizos de los Besiberris y las monta\u00f1as de Aig\u00fcestortes y del sur del Valle de Aran\u2026 bonito. Abajo los impresionantes lagos del Estany de Cap de La Vall y el Negre. M\u00e1s al norte los originales y conocidos Tuc de Mulleres y Salenques, y entre ambos las Forcanadas casi escondidas \u00a1Precioso! Al sur los preciosos Ibones de Vallibierna metidos al final de su bello valle, el solitario Pico de Vallibierna hermanado con la Tuca de Las Culebras por una \u00fanica y vertiginosa cresta \u00a1Extraordinario! Al final del Valle de Vallibierna, veo al fondo, suroeste y oeste los macizos del Cotiella y el magn\u00edfico y reconocible Posets\u2026 pero siguiendo la l\u00ednea recta de las cimas de los dos Russell, la cresta sigue hac\u00eda los rocosos Margalida, Tempestades y al final, tapando el resto del paisaje, el majestuoso e imperioso Aneto con sus perfiles agrestes que dejan a los dem\u00e1s picos como m\u00e1s peque\u00f1os o menos importantes; toda la atenci\u00f3n se la lleva el Monarca de los Pirineos. Incre\u00edbles paisajes.<\/p>\n<div id=\"attachment_19495\" style=\"width: 761px\" class=\"wp-caption aligncenter\"><a class=\"dt-single-image\" href=\"https:\/\/www.monta\u00f1asdelaluna.es\/wp-content\/uploads\/2015\/08\/Pirineos.-Russel-desde-Vallibierna.-8-9-09-12-136.jpg\" data-dt-img-description=\"\"><img loading=\"lazy\" decoding=\"async\" aria-describedby=\"caption-attachment-19495\" class=\"wp-image-19495 size-full\" src=\"https:\/\/www.monta\u00f1asdelaluna.es\/wp-content\/uploads\/2015\/08\/Pirineos.-Russel-desde-Vallibierna.-8-9-09-12-136.jpg\" alt=\"Subiendo al Russell bajo su Aguja Suroeste\" width=\"751\" height=\"563\" srcset=\"https:\/\/www.monta\u00f1asdelaluna.es\/wp-content\/uploads\/2015\/08\/Pirineos.-Russel-desde-Vallibierna.-8-9-09-12-136.jpg 751w, https:\/\/www.monta\u00f1asdelaluna.es\/wp-content\/uploads\/2015\/08\/Pirineos.-Russel-desde-Vallibierna.-8-9-09-12-136-300x225.jpg 300w\" sizes=\"auto, (max-width: 751px) 100vw, 751px\" \/><\/a><p id=\"caption-attachment-19495\" class=\"wp-caption-text\">Subiendo al Russell bajo su Aguja Suroeste<\/p><\/div>\n<div id=\"attachment_19496\" style=\"width: 761px\" class=\"wp-caption aligncenter\"><a class=\"dt-single-image\" href=\"https:\/\/www.monta\u00f1asdelaluna.es\/wp-content\/uploads\/2015\/08\/Pirineos.-Russel-desde-Vallibierna.-8-9-09-12-137.jpg\" data-dt-img-description=\"\"><img loading=\"lazy\" decoding=\"async\" aria-describedby=\"caption-attachment-19496\" class=\"wp-image-19496 size-full\" src=\"https:\/\/www.monta\u00f1asdelaluna.es\/wp-content\/uploads\/2015\/08\/Pirineos.-Russel-desde-Vallibierna.-8-9-09-12-137.jpg\" alt=\"Atr\u00e1s el Pico de Vallibierna\" width=\"751\" height=\"563\" srcset=\"https:\/\/www.monta\u00f1asdelaluna.es\/wp-content\/uploads\/2015\/08\/Pirineos.-Russel-desde-Vallibierna.-8-9-09-12-137.jpg 751w, https:\/\/www.monta\u00f1asdelaluna.es\/wp-content\/uploads\/2015\/08\/Pirineos.-Russel-desde-Vallibierna.-8-9-09-12-137-300x225.jpg 300w\" sizes=\"auto, (max-width: 751px) 100vw, 751px\" \/><\/a><p id=\"caption-attachment-19496\" class=\"wp-caption-text\">Atr\u00e1s el Pico de Vallibierna<\/p><\/div>\n<p>El tiempo nos sigue respetando, y el d\u00eda es templado, soleado y muy bueno. Conversamos sobre la decisi\u00f3n de subir al Tempestades o no. Se est\u00e1 haciendo tarde. Debemos bajar y ya en la encrucijada de caminos entre el Russell y el Tempestades, ya decidimos que hacer. Volvemos desandando el camino al Russell central, donde nos espera Vicente. Pero Francesc quiere seguir la cima para pararse en un gran hito donde cree es la Punta de La Brecha; pero este pico est\u00e1 justamente al otro lado de la misma brecha, fuera de nuestro alcance.<\/p>\n<p>Antes, y en la cima del Russell Sureste, han aparecido un grupo de escaladores que ven\u00edan por la f\u00e1cil (seg\u00fan ellos) cresta oeste del mismo. \u00c9stos han seguido la entretenida y a\u00e9rea cresta sin mirar los caminos f\u00e1ciles. Fascinante.<\/p>\n<p>Hacemos la bajada por la diagonal y el destrepe se hace m\u00e1s f\u00e1cil que a la subida. Fotos y m\u00e1s fotos a la subida y a la bajada. Bajamos por donde subimos. Al acabar el pasillo entre las rocas de las paredes, paramos y decidimos no seguir hac\u00eda el Tempestades, son las 12 de la ma\u00f1ana, demasiado tarde. Tenemos que bajar a las tiendas, desmontar y cargarlas hasta el Embalse de Llauset\u2026 y yo quer\u00eda estar a media tarde en Barcelona \u00a1Que iluso!<\/p>\n<div id=\"attachment_19498\" style=\"width: 573px\" class=\"wp-caption aligncenter\"><a class=\"dt-single-image\" href=\"https:\/\/www.monta\u00f1asdelaluna.es\/wp-content\/uploads\/2015\/08\/Pirineos.-Russel-desde-Vallibierna.-8-9-09-12-147.jpg\" data-dt-img-description=\"\"><img loading=\"lazy\" decoding=\"async\" aria-describedby=\"caption-attachment-19498\" class=\"wp-image-19498 size-full\" src=\"https:\/\/www.monta\u00f1asdelaluna.es\/wp-content\/uploads\/2015\/08\/Pirineos.-Russel-desde-Vallibierna.-8-9-09-12-147.jpg\" alt=\"Canal\u00f3n de subida al Russell\" width=\"563\" height=\"751\" srcset=\"https:\/\/www.monta\u00f1asdelaluna.es\/wp-content\/uploads\/2015\/08\/Pirineos.-Russel-desde-Vallibierna.-8-9-09-12-147.jpg 563w, https:\/\/www.monta\u00f1asdelaluna.es\/wp-content\/uploads\/2015\/08\/Pirineos.-Russel-desde-Vallibierna.-8-9-09-12-147-225x300.jpg 225w\" sizes=\"auto, (max-width: 563px) 100vw, 563px\" \/><\/a><p id=\"caption-attachment-19498\" class=\"wp-caption-text\">Canal\u00f3n de subida al Russell<\/p><\/div>\n<div id=\"attachment_19500\" style=\"width: 970px\" class=\"wp-caption aligncenter\"><a class=\"dt-single-image\" href=\"https:\/\/www.monta\u00f1asdelaluna.es\/wp-content\/uploads\/2015\/08\/Pirineos.-Russel-desde-Vallibierna.-8-9-09-12-150A.jpg\" data-dt-img-description=\"\"><img loading=\"lazy\" decoding=\"async\" aria-describedby=\"caption-attachment-19500\" class=\"wp-image-19500 size-full\" src=\"https:\/\/www.monta\u00f1asdelaluna.es\/wp-content\/uploads\/2015\/08\/Pirineos.-Russel-desde-Vallibierna.-8-9-09-12-150A.jpg\" alt=\"Vicente, Nuria y Joaqu\u00edn trepando en la subida al Russell\" width=\"960\" height=\"720\" srcset=\"https:\/\/www.monta\u00f1asdelaluna.es\/wp-content\/uploads\/2015\/08\/Pirineos.-Russel-desde-Vallibierna.-8-9-09-12-150A.jpg 960w, https:\/\/www.monta\u00f1asdelaluna.es\/wp-content\/uploads\/2015\/08\/Pirineos.-Russel-desde-Vallibierna.-8-9-09-12-150A-300x225.jpg 300w\" sizes=\"auto, (max-width: 960px) 100vw, 960px\" \/><\/a><p id=\"caption-attachment-19500\" class=\"wp-caption-text\">Vicente, Nuria y Joaqu\u00edn trepando en la subida al Russell<\/p><\/div>\n<p>Volvemos al ca\u00f3tico campo de rocas enormes ca\u00eddas de los gigantes en direcci\u00f3n a la Brecha de Soler i Coll. Pero esta vez elegimos otro \u201ccamino\u201d: seguimos los hitos que est\u00e1n m\u00e1s cerca de la pared escabrosa, desmantelada y punzante del Russell y su aguja suroeste. Yo opinaba que casi era mejor era seguir la v\u00eda normal hac\u00eda los Ibones de Coronas, y luego subir hasta la misma brecha, sin tener que pasar por este cansino, estresante y desanimado campo de enormes rocas. Pero la idea de bajar y luego subir no convenc\u00eda a Francesc ni a Pep. Por suerte la bajada y traves\u00eda por esta parte del campo de rocas, fue m\u00e1s r\u00e1pida y amena, y enseguida llegamos, por la cima del cordal, hasta la Brecha de Soler i Coll. Frente a nosotros, la magn\u00edfica vista de ese gigantesco y llamativo promontorio del Pico de Vallibierna. Y unos neveros viejos bajo las paredes del Russell daban un toque de vida a estos inertes granitos.<\/p>\n<p>La bajada hasta las tiendas tambi\u00e9n fue r\u00e1pida y directa, sobre todo por lo empinado de la pendiente. Kike nos espera. Desmontamos. El tiempo incre\u00edblemente, a pesar de las predicciones meteorol\u00f3gicas, nos sigue respetando, parece que las nubes quieren crecer pero algo se lo impide\u2026 nuestro deseo de llegar secos al coche y de poder desmontar las tiendas secas de las tormentas de anoche.<\/p>\n<div id=\"attachment_19503\" style=\"width: 970px\" class=\"wp-caption aligncenter\"><a class=\"dt-single-image\" href=\"https:\/\/www.monta\u00f1asdelaluna.es\/wp-content\/uploads\/2015\/08\/Pirineos.-Russel-desde-Vallibierna.-8-9-09-12-152A.jpg\" data-dt-img-description=\"\"><img loading=\"lazy\" decoding=\"async\" aria-describedby=\"caption-attachment-19503\" class=\"wp-image-19503 size-full\" src=\"https:\/\/www.monta\u00f1asdelaluna.es\/wp-content\/uploads\/2015\/08\/Pirineos.-Russel-desde-Vallibierna.-8-9-09-12-152A.jpg\" alt=\"Olga, Vicente, Txell, Joaqu\u00edn, Nuria y Pep en la cima del Russell (3.205 mts.)\" width=\"960\" height=\"720\" srcset=\"https:\/\/www.monta\u00f1asdelaluna.es\/wp-content\/uploads\/2015\/08\/Pirineos.-Russel-desde-Vallibierna.-8-9-09-12-152A.jpg 960w, https:\/\/www.monta\u00f1asdelaluna.es\/wp-content\/uploads\/2015\/08\/Pirineos.-Russel-desde-Vallibierna.-8-9-09-12-152A-300x225.jpg 300w\" sizes=\"auto, (max-width: 960px) 100vw, 960px\" \/><\/a><p id=\"caption-attachment-19503\" class=\"wp-caption-text\">Olga, Vicente, Txell, Joaqu\u00edn, Nuria y Pep en la cima del Russell (3.205 mts.)<\/p><\/div>\n<div id=\"attachment_19513\" style=\"width: 761px\" class=\"wp-caption aligncenter\"><a class=\"dt-single-image\" href=\"https:\/\/www.monta\u00f1asdelaluna.es\/wp-content\/uploads\/2015\/08\/Pirineos.-Russel-desde-Vallibierna.-8-9-09-12-171.jpg\" data-dt-img-description=\"\"><img loading=\"lazy\" decoding=\"async\" aria-describedby=\"caption-attachment-19513\" class=\"wp-image-19513 size-full\" src=\"https:\/\/www.monta\u00f1asdelaluna.es\/wp-content\/uploads\/2015\/08\/Pirineos.-Russel-desde-Vallibierna.-8-9-09-12-171.jpg\" alt=\"Olga, Joaqu\u00edn, Pep, Francesc, Nuria y Txell en la cima del Russell Sureste\" width=\"751\" height=\"563\" srcset=\"https:\/\/www.monta\u00f1asdelaluna.es\/wp-content\/uploads\/2015\/08\/Pirineos.-Russel-desde-Vallibierna.-8-9-09-12-171.jpg 751w, https:\/\/www.monta\u00f1asdelaluna.es\/wp-content\/uploads\/2015\/08\/Pirineos.-Russel-desde-Vallibierna.-8-9-09-12-171-300x225.jpg 300w\" sizes=\"auto, (max-width: 751px) 100vw, 751px\" \/><\/a><p id=\"caption-attachment-19513\" class=\"wp-caption-text\">Olga, Joaqu\u00edn, Pep, Francesc, Nuria y Txell en la cima del Russell Sureste<\/p><\/div>\n<p>No da tiempo a comer. Pregunto el por qu\u00e9; y mi pregunta deja de tener sentido cuando veo la hora que se ha hecho\u2026 cerca de las 3 de la tarde. Reemprendemos la marcha hac\u00eda el Embalse de Llauset. La primera subida hasta el Collado de Vallibierna se hace una tortura para la mayor\u00eda despu\u00e9s de la actividad que ya llev\u00e1bamos encima. Yo la intent\u00e9 hacer de un tir\u00f3n para quitarme el esfuerzo lo antes posible.<\/p>\n<p>Bajando hac\u00eda el embalse parece que las nubes por fin se han confabulado ya: comienza a tronar y al poco tiempo a caer algo de fino granizo. Pero las nubes no lo inundan todo, y se ir\u00e1n turnando para darnos luz o mojarnos con su lluvia. Nos ponemos los chubasqueros, cortavientos, cubre mochilas\u2026 y ya no nos los quitamos a pesar de las pausas. Hemos dejado los hermosos alrededores de los Ibones de Vallibierna y volvemos a ver los impresionantes paisajes de los valles y lagos con nombre catal\u00e1n: Cap de Llauset, estany y pic.<\/p>\n<div id=\"attachment_19504\" style=\"width: 970px\" class=\"wp-caption aligncenter\"><a class=\"dt-single-image\" href=\"https:\/\/www.monta\u00f1asdelaluna.es\/wp-content\/uploads\/2015\/08\/Pirineos.-Russel-desde-Vallibierna.-8-9-09-12-152B.jpg\" data-dt-img-description=\"\"><img loading=\"lazy\" decoding=\"async\" aria-describedby=\"caption-attachment-19504\" class=\"wp-image-19504 size-full\" src=\"https:\/\/www.monta\u00f1asdelaluna.es\/wp-content\/uploads\/2015\/08\/Pirineos.-Russel-desde-Vallibierna.-8-9-09-12-152B.jpg\" alt=\"Russell Sureste\" width=\"960\" height=\"720\" srcset=\"https:\/\/www.monta\u00f1asdelaluna.es\/wp-content\/uploads\/2015\/08\/Pirineos.-Russel-desde-Vallibierna.-8-9-09-12-152B.jpg 960w, https:\/\/www.monta\u00f1asdelaluna.es\/wp-content\/uploads\/2015\/08\/Pirineos.-Russel-desde-Vallibierna.-8-9-09-12-152B-300x225.jpg 300w\" sizes=\"auto, (max-width: 960px) 100vw, 960px\" \/><\/a><p id=\"caption-attachment-19504\" class=\"wp-caption-text\">Russell Sureste<\/p><\/div>\n<p>Una tienda hay plantada junto al r\u00edo de Cap de Llauset. No somos los \u00fanicos locos por estos contornos. Pasando junto al Estany de Botorn\u00e1s, volvi\u00e9ndonos a maravillar por sus magn\u00edficas vistas reflejadas en sus aguas de los escarpes del Pico de Vallibierna, vemos a un maduro monta\u00f1ero mirando al infinito lago con una ca\u00f1a de pescar guardada en su antigua mochila\u2026 sigo pensando que no somos los \u00fanicos locos por estos contornos\u2026 pero que locura m\u00e1s sana.<\/p>\n<p>Este monta\u00f1ero, junto con dos chicas menos equipadas y acostumbradas a andar por estos terrenos, nos pillan llegando las cercan\u00edas del pl\u00e1cido Embalse de Llauset. A la vez que tambi\u00e9n nos pilla un fuerte aguacero que cae de una gris tormenta proveniente del bruno, oscuro, con aspecto misterioso ahora, Pico de Vallibierna \u00a1Espectaculares im\u00e1genes!<\/p>\n<div id=\"attachment_19519\" style=\"width: 671px\" class=\"wp-caption aligncenter\"><a class=\"dt-single-image\" href=\"https:\/\/www.monta\u00f1asdelaluna.es\/wp-content\/uploads\/2015\/08\/Pirineos.-Russel-desde-Vallibierna.-8-9-09-12-182.b.jpg\" data-dt-img-description=\"\"><img loading=\"lazy\" decoding=\"async\" aria-describedby=\"caption-attachment-19519\" class=\"wp-image-19519 size-full\" src=\"https:\/\/www.monta\u00f1asdelaluna.es\/wp-content\/uploads\/2015\/08\/Pirineos.-Russel-desde-Vallibierna.-8-9-09-12-182.b.jpg\" alt=\"Intr\u00e9pidos en la cresta entre los dos Russells\" width=\"661\" height=\"562\" srcset=\"https:\/\/www.monta\u00f1asdelaluna.es\/wp-content\/uploads\/2015\/08\/Pirineos.-Russel-desde-Vallibierna.-8-9-09-12-182.b.jpg 661w, https:\/\/www.monta\u00f1asdelaluna.es\/wp-content\/uploads\/2015\/08\/Pirineos.-Russel-desde-Vallibierna.-8-9-09-12-182.b-300x255.jpg 300w\" sizes=\"auto, (max-width: 661px) 100vw, 661px\" \/><\/a><p id=\"caption-attachment-19519\" class=\"wp-caption-text\">Intr\u00e9pidos en la cresta entre los dos Russells<\/p><\/div>\n<div id=\"attachment_19548\" style=\"width: 761px\" class=\"wp-caption aligncenter\"><a class=\"dt-single-image\" href=\"https:\/\/www.monta\u00f1asdelaluna.es\/wp-content\/uploads\/2015\/08\/Pirineos.-Russel-desde-Vallibierna.-8-9-09-12-255.jpg\" data-dt-img-description=\"\"><img loading=\"lazy\" decoding=\"async\" aria-describedby=\"caption-attachment-19548\" class=\"wp-image-19548 size-full\" src=\"https:\/\/www.monta\u00f1asdelaluna.es\/wp-content\/uploads\/2015\/08\/Pirineos.-Russel-desde-Vallibierna.-8-9-09-12-255.jpg\" alt=\"Bajando del Collado de Vallibierna\" width=\"751\" height=\"563\" srcset=\"https:\/\/www.monta\u00f1asdelaluna.es\/wp-content\/uploads\/2015\/08\/Pirineos.-Russel-desde-Vallibierna.-8-9-09-12-255.jpg 751w, https:\/\/www.monta\u00f1asdelaluna.es\/wp-content\/uploads\/2015\/08\/Pirineos.-Russel-desde-Vallibierna.-8-9-09-12-255-300x225.jpg 300w\" sizes=\"auto, (max-width: 751px) 100vw, 751px\" \/><\/a><p id=\"caption-attachment-19548\" class=\"wp-caption-text\">Bajando del Collado de Vallibierna<\/p><\/div>\n<p>Llueve a c\u00e1ntaros. Nos separamos, y llegamos a los coches cada a uno a un tiempo. Gracias al t\u00fanel podemos coger los coches y aparcarlos dentro, pegados a las paredes; para que as\u00ed, al res\u00e9 de la fuerte lluvia, podamos cambiarnos de ropa y ordenar el maletero.<\/p>\n<p>Terminamos llegando a los coches a las 6 de la tarde. Al final la lluvia nos ha cogido y ha hecho acto de presencia, y en todo el Pirineo las luces fantasmag\u00f3ricas de los rel\u00e1mpagos entre esas masas nubosas invisibles en la oscuridad, nos asombran con su cortina de vapor encendido. Impresionante. Acabamos aqu\u00ed una gran actividad, con el \u00e9xito del objetivo conseguido con m\u00e1s esfuerzo y tiempo planeado, pero con una experiencia magn\u00edfica y espectacular, como siempre en los fascinantes Pirineos.<\/p>\n<div id=\"attachment_19726\" style=\"width: 767px\" class=\"wp-caption aligncenter\"><a class=\"dt-single-image\" href=\"https:\/\/www.monta\u00f1asdelaluna.es\/wp-content\/uploads\/2012\/09\/mapa-russell.croquis.jpg\" data-dt-img-description=\"\"><img loading=\"lazy\" decoding=\"async\" aria-describedby=\"caption-attachment-19726\" class=\"wp-image-19726 size-full\" src=\"https:\/\/www.monta\u00f1asdelaluna.es\/wp-content\/uploads\/2012\/09\/mapa-russell.croquis.jpg\" alt=\"Croquis ascensi\u00f3n al Russell desde Llauset y Vallibierna. Punto Rojo: lugar de acampada\" width=\"757\" height=\"1224\" srcset=\"https:\/\/www.monta\u00f1asdelaluna.es\/wp-content\/uploads\/2012\/09\/mapa-russell.croquis.jpg 757w, https:\/\/www.monta\u00f1asdelaluna.es\/wp-content\/uploads\/2012\/09\/mapa-russell.croquis-186x300.jpg 186w, https:\/\/www.monta\u00f1asdelaluna.es\/wp-content\/uploads\/2012\/09\/mapa-russell.croquis-633x1024.jpg 633w\" sizes=\"auto, (max-width: 757px) 100vw, 757px\" \/><\/a><p id=\"caption-attachment-19726\" class=\"wp-caption-text\">Croquis ascensi\u00f3n al Russell desde Llauset y Vallibierna. Punto Rojo: lugar de acampada<\/p><\/div>\n<p>[\/vc_column_text][\/vc_column][\/vc_row][vc_row][vc_column][vc_empty_space height=\u00bb60px\u00bb][\/vc_column][\/vc_row][vc_row][vc_column][vc_cta h2=\u00bb\u00c1lbum de fotos\u00bb txt_align=\u00bbcenter\u00bb add_button=\u00bbbottom\u00bb btn_title=\u00bbVer fotos\u00bb btn_color=\u00bbwarning\u00bb btn_align=\u00bbcenter\u00bb btn_link=\u00bburl:https%3A%2F%2Fmonta%C3%B1asdelaluna.es%2F%3Fdt_gallery%3Drussell-2|title:Russell|target:_blank\u00bb css=\u00bb.vc_custom_1625742164137{background-color: #8bc4ed !important;}\u00bb]Puedes ver todas las fotos del relato y actividad en forma de presentaci\u00f3n o individuales pinchando aqui \u00a1No te las pierdas![\/vc_cta][\/vc_column][\/vc_row][vc_row][vc_column][vc_empty_space height=\u00bb60px\u00bb][\/vc_column][\/vc_row][vc_row][vc_column width=\u00bb1\/3&#8243;][\/vc_column][vc_column width=\u00bb1\/2&#8243;][vc_raw_html]JTNDaWZyYW1lJTIwc3JjJTNEJTIyaHR0cHMlM0ElMkYlMkZ3d3cubWV0ZW9ibHVlLmNvbSUyRmVzJTJGdGllbXBvJTJGd2lkZ2V0JTJGZGFpbHklMkZwaWNvLXJ1c2VsX2VzcGElMjVjMyUyNWIxYV8zMTExMjE1JTNGZGF5cyUzRDclMjZ0ZW1wdW5pdCUzRENFTFNJVVMlMjZ3aW5kdW5pdCUzREtJTE9NRVRFUl9QRVJfSE9VUiUyNnBpY3RvaWNvbiUzRDElMjZtYXh0ZW1wZXJhdHVyZSUzRDElMjZtaW50ZW1wZXJhdHVyZSUzRDElMjZ3aW5kc3BlZWQlM0QxJTI2d2luZGd1c3QlM0QxJTI2d2luZGRpcmVjdGlvbiUzRDElMjZwcmVjaXBpdGF0aW9uJTNEMSUyNnByZWNpcGl0YXRpb25wcm9iYWJpbGl0eSUzRDElMjZzcG90JTNEMSUyNnByZXNzdXJlJTNEMSUyNmxheW91dCUzRGxpZ2h0JTIyJTIwJTIwZnJhbWVib3JkZXIlM0QlMjIwJTIyJTIwc2Nyb2xsaW5nJTNEJTIyTk8lMjIlMjBhbGxvd3RyYW5zcGFyZW5jeSUzRCUyMnRydWUlMjIlMjBzdHlsZSUzRCUyMndpZHRoJTNBJTIwMzc4cHglM0JoZWlnaHQlM0ElMjAzODFweCUyMiUzRSUzQyUyRmlmcmFtZSUzRSUzQ2RpdiUzRSUzQyUyMS0tJTIwRE8lMjBOT1QlMjBSRU1PVkUlMjBUSElTJTIwTElOSyUyMC0tJTNFJTNDYSUyMGhyZWYlM0QlMjJodHRwcyUzQSUyRiUyRnd3dy5tZXRlb2JsdWUuY29tJTJGZXMlMkZ0aWVtcG8lMkZwcm9ub3N0aWNvJTJGc2VtYW5hJTJGcGljby1ydXNlbF9lc3BhJTI1YzMlMjViMWFfMzExMTIxNSUyMiUyMHRhcmdldCUzRCUyMl9ibGFuayUyMiUzRW1ldGVvYmx1ZSUzQyUyRmElM0UlM0MlMkZkaXYlM0U=[\/vc_raw_html][\/vc_column][vc_column width=\u00bb1\/5&#8243;][\/vc_column][\/vc_row]<\/p>\n","protected":false},"excerpt":{"rendered":"<p>[vc_row][vc_column][vc_column_text]Podr\u00eda ser el nombre de alg\u00fan personaje famoso (y de hecho lo fue en su d\u00eda), y este personaje famoso fue el que dio su nombre a uno de los picos m\u00e1s orientales de los Montes Malditos, del macizo de La Maladeta\u2026 podr\u00eda ser el comienzo de un bonito cuento, de una extraordinaria historia. En&hellip;<\/p>\n","protected":false},"author":1,"featured_media":19467,"comment_status":"open","ping_status":"open","sticky":false,"template":"","format":"standard","meta":[],"categories":[125],"tags":[],"class_list":["post-19570","post","type-post","status-publish","format-standard","has-post-thumbnail","hentry","category-valle-del-esera","category-125","description-off"],"_links":{"self":[{"href":"https:\/\/www.monta\u00f1asdelaluna.es\/index.php?rest_route=\/wp\/v2\/posts\/19570","targetHints":{"allow":["GET"]}}],"collection":[{"href":"https:\/\/www.monta\u00f1asdelaluna.es\/index.php?rest_route=\/wp\/v2\/posts"}],"about":[{"href":"https:\/\/www.monta\u00f1asdelaluna.es\/index.php?rest_route=\/wp\/v2\/types\/post"}],"author":[{"embeddable":true,"href":"https:\/\/www.monta\u00f1asdelaluna.es\/index.php?rest_route=\/wp\/v2\/users\/1"}],"replies":[{"embeddable":true,"href":"https:\/\/www.monta\u00f1asdelaluna.es\/index.php?rest_route=%2Fwp%2Fv2%2Fcomments&post=19570"}],"version-history":[{"count":12,"href":"https:\/\/www.monta\u00f1asdelaluna.es\/index.php?rest_route=\/wp\/v2\/posts\/19570\/revisions"}],"predecessor-version":[{"id":50089,"href":"https:\/\/www.monta\u00f1asdelaluna.es\/index.php?rest_route=\/wp\/v2\/posts\/19570\/revisions\/50089"}],"wp:featuredmedia":[{"embeddable":true,"href":"https:\/\/www.monta\u00f1asdelaluna.es\/index.php?rest_route=\/wp\/v2\/media\/19467"}],"wp:attachment":[{"href":"https:\/\/www.monta\u00f1asdelaluna.es\/index.php?rest_route=%2Fwp%2Fv2%2Fmedia&parent=19570"}],"wp:term":[{"taxonomy":"category","embeddable":true,"href":"https:\/\/www.monta\u00f1asdelaluna.es\/index.php?rest_route=%2Fwp%2Fv2%2Fcategories&post=19570"},{"taxonomy":"post_tag","embeddable":true,"href":"https:\/\/www.monta\u00f1asdelaluna.es\/index.php?rest_route=%2Fwp%2Fv2%2Ftags&post=19570"}],"curies":[{"name":"wp","href":"https:\/\/api.w.org\/{rel}","templated":true}]}}