{"id":19674,"date":"2014-07-02T16:01:45","date_gmt":"2014-07-02T16:01:45","guid":{"rendered":"http:\/\/monta\u00f1asdelaluna.com\/?p=19674"},"modified":"2021-08-03T06:41:03","modified_gmt":"2021-08-03T06:41:03","slug":"2-de-julio-del-2-014-miercoles-2o-etapa-graus-certascan","status":"publish","type":"post","link":"https:\/\/www.monta\u00f1asdelaluna.es\/?p=19674","title":{"rendered":"2 de julio del 2.014, mi\u00e9rcoles. 2\u00ba Etapa: Graus-Certasc\u00e1n"},"content":{"rendered":"<p>[vc_row][vc_column][vc_column_text]Amanece algo nublado. Una de las parejas se han despertado antes de que sonara mi despertador; \u00e9stos ya salen. Arreglo la mochila y desayuno con la otra pareja en el restaurante del camping. Hablamos de las dificultades de esta traves\u00eda, m\u00e1s dura que Carres de Foc.<\/p>\n<p>Salgo ya preparado y a destiempo de las 2 parejas, y algo tarde, casi a las 8\u201930 horas. Vuelvo al cruce con los carteles despu\u00e9s de pasar el puente del R\u00edo Tavasc\u00e1n y subo por una bonita y f\u00e1cil senda, dejando la presa y el Embalse de Graus a mi izquierda.<\/p>\n<p>Comienza a llover y le pongo la funda a la mochila y yo el cortavientos. Por suerte no dura mucho. La senda que va subiendo poco a poco pasa por unos estupendos bosques de hayas y otras frondosas, y de abetos despu\u00e9s, y mezclados. Muy bonitos y cuidados.<\/p>\n<p>Voy mirando el GPS para ver como funciona, \u201cestoy a menos de 12 metros del camino\u201d, supongo que as\u00ed se ir\u00e1 bien, je, je.<\/p>\n<div id=\"attachment_19576\" style=\"width: 580px\" class=\"wp-caption aligncenter\"><a class=\"dt-single-image\" href=\"https:\/\/www.monta\u00f1asdelaluna.es\/wp-content\/uploads\/2015\/08\/PortaDelCel-078.jpg\" data-dt-img-description=\"\"><img loading=\"lazy\" decoding=\"async\" aria-describedby=\"caption-attachment-19576\" class=\"wp-image-19576 size-full\" src=\"https:\/\/www.monta\u00f1asdelaluna.es\/wp-content\/uploads\/2015\/08\/PortaDelCel-078.jpg\" alt=\"Camino de Graus a Noarre\" width=\"570\" height=\"760\" srcset=\"https:\/\/www.monta\u00f1asdelaluna.es\/wp-content\/uploads\/2015\/08\/PortaDelCel-078.jpg 570w, https:\/\/www.monta\u00f1asdelaluna.es\/wp-content\/uploads\/2015\/08\/PortaDelCel-078-225x300.jpg 225w\" sizes=\"auto, (max-width: 570px) 100vw, 570px\" \/><\/a><p id=\"caption-attachment-19576\" class=\"wp-caption-text\">Camino de Graus a Noarre<\/p><\/div>\n<div id=\"attachment_19586\" style=\"width: 770px\" class=\"wp-caption aligncenter\"><a class=\"dt-single-image\" href=\"https:\/\/www.monta\u00f1asdelaluna.es\/wp-content\/uploads\/2015\/08\/PortaDelCel-093.jpg\" data-dt-img-description=\"\"><img loading=\"lazy\" decoding=\"async\" aria-describedby=\"caption-attachment-19586\" class=\"wp-image-19586 size-full\" src=\"https:\/\/www.monta\u00f1asdelaluna.es\/wp-content\/uploads\/2015\/08\/PortaDelCel-093.jpg\" alt=\"Joaqu\u00edn en Noarre\" width=\"760\" height=\"570\" srcset=\"https:\/\/www.monta\u00f1asdelaluna.es\/wp-content\/uploads\/2015\/08\/PortaDelCel-093.jpg 760w, https:\/\/www.monta\u00f1asdelaluna.es\/wp-content\/uploads\/2015\/08\/PortaDelCel-093-300x225.jpg 300w\" sizes=\"auto, (max-width: 760px) 100vw, 760px\" \/><\/a><p id=\"caption-attachment-19586\" class=\"wp-caption-text\">Joaqu\u00edn en Noarre<\/p><\/div>\n<p>Llega un momento en que la senda gira hac\u00eda la derecha meti\u00e9ndose en un valle del que no ten\u00eda visi\u00f3n cuando comenc\u00e9. Enfrente, entre los \u00e1rboles, ve\u00eda uno que podr\u00eda ser por el que ten\u00eda que subir; pero no, \u00e9ste era el que sube al Port de Tavasc\u00e1n. Ante las dudas ni miro el mapa ni el GPS, debo de ir bien, est\u00e1 marcado como G.R.<\/p>\n<p>Llega un momento en que la senda se pega a un r\u00edo, es el R\u00edo de Noarre. Y ahora pasa por otros rincones muy bonitos, verdes y boscosos junto al siempre rugir de las aguas de alta monta\u00f1a. Hermoso. Llego a un cruce y a un puente. A la izquierda por el puente que cruza el r\u00edo llego en pocos pasos hasta un grupo de casas en medio de prados algo en cuesta o aterrazados: es Noarre. Entonces si voy por el buen camino.<\/p>\n<div id=\"attachment_19587\" style=\"width: 770px\" class=\"wp-caption aligncenter\"><a class=\"dt-single-image\" href=\"https:\/\/www.monta\u00f1asdelaluna.es\/wp-content\/uploads\/2015\/08\/PortaDelCel-096.jpg\" data-dt-img-description=\"\"><img loading=\"lazy\" decoding=\"async\" aria-describedby=\"caption-attachment-19587\" class=\"wp-image-19587 size-full\" src=\"https:\/\/www.monta\u00f1asdelaluna.es\/wp-content\/uploads\/2015\/08\/PortaDelCel-096.jpg\" alt=\"Selva de Noarre\" width=\"760\" height=\"570\" srcset=\"https:\/\/www.monta\u00f1asdelaluna.es\/wp-content\/uploads\/2015\/08\/PortaDelCel-096.jpg 760w, https:\/\/www.monta\u00f1asdelaluna.es\/wp-content\/uploads\/2015\/08\/PortaDelCel-096-300x225.jpg 300w\" sizes=\"auto, (max-width: 760px) 100vw, 760px\" \/><\/a><p id=\"caption-attachment-19587\" class=\"wp-caption-text\">Selva de Noarre<\/p><\/div>\n<p>En medio de la aldea otro poste indicador con sus carteles: hay que seguir en direcci\u00f3n al Refugio de Certasc\u00e1n o Coll de Certasc\u00e1n. Al principio parece que no hay camino, pero se distingue una sendilla medio cubierta por la hierba. Al poco tiempo una marca de G.R. me indica que es el camino correcto y sin p\u00e9rdida.<\/p>\n<p>Atr\u00e1s dejo la hermosa y espl\u00e9ndida Selva de Noarre. Con los diferentes tipos de bosque seg\u00fan su altura (frondosas, avetadas, con\u00edferas con el pino negro\u2026) tupida y extraordinaria imagen.<\/p>\n<p>La senda recorre todo este valle hac\u00eda arriba pero con una latente inclinaci\u00f3n, m\u00e1s empinada que antes de llegar a Noarre.<\/p>\n<p>Ya ha cambiado la vegetaci\u00f3n a esta altura. El predominante es el robusto y viejo pino negro que aguanta m\u00e1s al fri\u00f3 y la altura. El valle acaba en una especia de circo con su fuerte pendiente e inclinaci\u00f3n sin llegar a ser una pared, pero a\u00fan as\u00ed rodeada de exuberante bosque. A partir de aqu\u00ed la senda comienza un zigzag tremendo y empinado, bastante empinado. Cascadas y riachuelos caen desde las alturas y forman id\u00edlicos rincones. Hay mucha agua, me dec\u00eda la se\u00f1ora de Graus.<\/p>\n<div id=\"attachment_19589\" style=\"width: 770px\" class=\"wp-caption aligncenter\"><a class=\"dt-single-image\" href=\"https:\/\/www.monta\u00f1asdelaluna.es\/wp-content\/uploads\/2015\/08\/PortaDelCel-102.jpg\" data-dt-img-description=\"\"><img loading=\"lazy\" decoding=\"async\" aria-describedby=\"caption-attachment-19589\" class=\"wp-image-19589 size-full\" src=\"https:\/\/www.monta\u00f1asdelaluna.es\/wp-content\/uploads\/2015\/08\/PortaDelCel-102.jpg\" alt=\"Cascadas en la subida a la Pleta de Guelossos\" width=\"760\" height=\"570\" srcset=\"https:\/\/www.monta\u00f1asdelaluna.es\/wp-content\/uploads\/2015\/08\/PortaDelCel-102.jpg 760w, https:\/\/www.monta\u00f1asdelaluna.es\/wp-content\/uploads\/2015\/08\/PortaDelCel-102-300x225.jpg 300w\" sizes=\"auto, (max-width: 760px) 100vw, 760px\" \/><\/a><p id=\"caption-attachment-19589\" class=\"wp-caption-text\">Cascadas en la subida a la Pleta de Guelossos<\/p><\/div>\n<div id=\"attachment_19595\" style=\"width: 770px\" class=\"wp-caption aligncenter\"><a class=\"dt-single-image\" href=\"https:\/\/www.monta\u00f1asdelaluna.es\/wp-content\/uploads\/2015\/08\/PortaDelCel-118.jpg\" data-dt-img-description=\"\"><img loading=\"lazy\" decoding=\"async\" aria-describedby=\"caption-attachment-19595\" class=\"wp-image-19595 size-full\" src=\"https:\/\/www.monta\u00f1asdelaluna.es\/wp-content\/uploads\/2015\/08\/PortaDelCel-118.jpg\" alt=\"Joaqu\u00edn junto a los caballos\" width=\"760\" height=\"570\" srcset=\"https:\/\/www.monta\u00f1asdelaluna.es\/wp-content\/uploads\/2015\/08\/PortaDelCel-118.jpg 760w, https:\/\/www.monta\u00f1asdelaluna.es\/wp-content\/uploads\/2015\/08\/PortaDelCel-118-300x225.jpg 300w\" sizes=\"auto, (max-width: 760px) 100vw, 760px\" \/><\/a><p id=\"caption-attachment-19595\" class=\"wp-caption-text\">Joaqu\u00edn junto a los caballos<\/p><\/div>\n<p>Cruzo el R\u00edo de Flamisella por un paso moj\u00e1ndome las botas, el agua salta por encima de las piedras, entre cascada arriba y cascada abajo. Y pronto llego a la parte m\u00e1s alta de esta especie de circo aboscado. Las vistas al Valle de Noarre son extraordinarias.<\/p>\n<p>Arriba, junto a una loma rocosa que limita un llano al otro lado lleno de hierba y riachuelos y donde est\u00e1 el cartel indicador me recibe un grupo de caballos que no tienen miedo de acercarse a m\u00ed y casi hurgar en la mochila sin quit\u00e1rmela. Menos mal que a\u00fan llevo el cubremochilas y el caballo se limita a darle golpecitos con el morro y a ense\u00f1arme los dientes.<\/p>\n<p>Deban mal tiempo para hoy, pero, a parte de la anterior corta lluvia, el cielo aparece con nubes, claros, sol, m\u00e1s sombras que sol \u00a1Mejor! As\u00ed me quemar\u00e9 menos. Pero las nubes le dar\u00e1n su punto al paisaje, casi mitol\u00f3gico.<\/p>\n<div id=\"attachment_19604\" style=\"width: 770px\" class=\"wp-caption aligncenter\"><a class=\"dt-single-image\" href=\"https:\/\/www.monta\u00f1asdelaluna.es\/wp-content\/uploads\/2015\/08\/PortaDelCel-133.jpg\" data-dt-img-description=\"\"><img loading=\"lazy\" decoding=\"async\" aria-describedby=\"caption-attachment-19604\" class=\"wp-image-19604 size-full\" src=\"https:\/\/www.monta\u00f1asdelaluna.es\/wp-content\/uploads\/2015\/08\/PortaDelCel-133.jpg\" alt=\"Pleta de Guelossos\" width=\"760\" height=\"570\" srcset=\"https:\/\/www.monta\u00f1asdelaluna.es\/wp-content\/uploads\/2015\/08\/PortaDelCel-133.jpg 760w, https:\/\/www.monta\u00f1asdelaluna.es\/wp-content\/uploads\/2015\/08\/PortaDelCel-133-300x225.jpg 300w\" sizes=\"auto, (max-width: 760px) 100vw, 760px\" \/><\/a><p id=\"caption-attachment-19604\" class=\"wp-caption-text\">Pleta de Guelossos<\/p><\/div>\n<p>Dejo los caballos y bajo al llano siguiendo las indicaciones. Este lugar me recuerda un poco a Aig\u00fcestortes, riachuelos haciendo curvas en el verde pasto. Me acerco a una cascadilla y antes de cruzarla ya veo una indicaci\u00f3n de giro y un cartelito: Certasc\u00e1n. Y el recorrido o senda comienza a subir con zigzags por la ladera rocosa y pedregosa de la izquierda. No ser\u00e1 el mismo desnivel del zigzag anterior, ser\u00e1 menos tiempo, pero casi igual o m\u00e1s empinado. Dejo a mi espalda el verde y llano rinc\u00f3n de La Pleta de Guelossos.<\/p>\n<p>Esta senda me deriva hasta las orillas de un laguillo o m\u00e1s bien una charca, grande (Pleta Vella), pero justo en el que \u00e9ste se precipita como un r\u00edo valle abajo. Hay que cruzarlo. Pero no hay piedras. Veo a otro solitario monta\u00f1ero que viene del Coll de Certasc\u00e1n, y tampoco sabe por donde cruzarlo. Al final \u00e9ste se moja las botas pero yo me descalzo y cruzo la mitad del r\u00edo moj\u00e1ndome los pies \u00a1Que terriblemente fr\u00eda est\u00e1 el agua!<\/p>\n<p>Paro a descansar un poco, pero no tengo hambre. Hago fotos. Ya llevo unas cuantas del camino recorrido. Y prosigo el recorrido. Un picudo pico me llama la atenci\u00f3n al otro lado del valle: creo que es el Pic de Saboll\u00e9s en la Serra dels Canals.<\/p>\n<div id=\"attachment_19606\" style=\"width: 770px\" class=\"wp-caption aligncenter\"><a class=\"dt-single-image\" href=\"https:\/\/www.monta\u00f1asdelaluna.es\/wp-content\/uploads\/2015\/08\/PortaDelCel-142.jpg\" data-dt-img-description=\"\"><img loading=\"lazy\" decoding=\"async\" aria-describedby=\"caption-attachment-19606\" class=\"wp-image-19606 size-full\" src=\"https:\/\/www.monta\u00f1asdelaluna.es\/wp-content\/uploads\/2015\/08\/PortaDelCel-142.jpg\" alt=\"Joaqu\u00edn en la Pleta Vella\" width=\"760\" height=\"570\" srcset=\"https:\/\/www.monta\u00f1asdelaluna.es\/wp-content\/uploads\/2015\/08\/PortaDelCel-142.jpg 760w, https:\/\/www.monta\u00f1asdelaluna.es\/wp-content\/uploads\/2015\/08\/PortaDelCel-142-300x225.jpg 300w\" sizes=\"auto, (max-width: 760px) 100vw, 760px\" \/><\/a><p id=\"caption-attachment-19606\" class=\"wp-caption-text\">Joaqu\u00edn en la Pleta Vella<\/p><\/div>\n<div id=\"attachment_19608\" style=\"width: 770px\" class=\"wp-caption aligncenter\"><a class=\"dt-single-image\" href=\"https:\/\/www.monta\u00f1asdelaluna.es\/wp-content\/uploads\/2015\/08\/PortaDelCel-146.jpg\" data-dt-img-description=\"\"><img loading=\"lazy\" decoding=\"async\" aria-describedby=\"caption-attachment-19608\" class=\"wp-image-19608 size-full\" src=\"https:\/\/www.monta\u00f1asdelaluna.es\/wp-content\/uploads\/2015\/08\/PortaDelCel-146.jpg\" alt=\"Pic de Saboll\u00e9s en la Serra dels Canals.\" width=\"760\" height=\"570\" srcset=\"https:\/\/www.monta\u00f1asdelaluna.es\/wp-content\/uploads\/2015\/08\/PortaDelCel-146.jpg 760w, https:\/\/www.monta\u00f1asdelaluna.es\/wp-content\/uploads\/2015\/08\/PortaDelCel-146-300x225.jpg 300w\" sizes=\"auto, (max-width: 760px) 100vw, 760px\" \/><\/a><p id=\"caption-attachment-19608\" class=\"wp-caption-text\">Pic de Saboll\u00e9s en la Serra dels Canals.<\/p><\/div>\n<p>Ahora por un recorrido sin vegetaci\u00f3n arb\u00f3rea, de hecho ya estoy cerca de los 2.350 mts., llego al semi helado Estany Blaus. Veo el primero y m\u00e1s bajo, el segundo y m\u00e1s peque\u00f1o no lo ver\u00e9 al no pasar la ruta por \u00e9l. La senda ha ido cogiendo altura esta vez pero m\u00e1s suavemente. Nada de zigzag vertical como antes. Desde aqu\u00ed ya puedo fotografiar el Pic de Certasc\u00e1n, con suaves y altas lomas que le dan un aspecto de pagoda al pico. La nieve ha comenzado a aparecer, y andar por ella no es tan c\u00f3modo, no te hundes pero con inclinaci\u00f3n resbala.<\/p>\n<div id=\"attachment_34205\" style=\"width: 871px\" class=\"wp-caption aligncenter\"><a class=\"dt-single-image\" href=\"https:\/\/www.monta\u00f1asdelaluna.es\/wp-content\/uploads\/2014\/07\/certascan.1.jpg\" data-dt-img-description=\"\"><img loading=\"lazy\" decoding=\"async\" aria-describedby=\"caption-attachment-34205\" class=\"wp-image-34205 size-full\" src=\"https:\/\/www.monta\u00f1asdelaluna.es\/wp-content\/uploads\/2014\/07\/certascan.1.jpg\" alt=\"Croquis del recorrido Graus-Estanys Blaus\" width=\"861\" height=\"1615\" srcset=\"https:\/\/www.monta\u00f1asdelaluna.es\/wp-content\/uploads\/2014\/07\/certascan.1.jpg 861w, https:\/\/www.monta\u00f1asdelaluna.es\/wp-content\/uploads\/2014\/07\/certascan.1-160x300.jpg 160w, https:\/\/www.monta\u00f1asdelaluna.es\/wp-content\/uploads\/2014\/07\/certascan.1-546x1024.jpg 546w\" sizes=\"auto, (max-width: 861px) 100vw, 861px\" \/><\/a><p id=\"caption-attachment-34205\" class=\"wp-caption-text\">Croquis del recorrido Graus-Estanys Blaus<\/p><\/div>\n<p>El sol no aparece mucho y no me pongo las gafas de sol de momento. Pero s\u00ed me echo cremita. Ahora solo queda la subida al Coll de Certasc\u00e1n, pero \u00bfme atrever\u00e1 a subir despu\u00e9s al pico? En la etapa de hoy el desnivel es importante. Al menos el tiempo acompa\u00f1a, no llega a cerrarse del todo.<\/p>\n<p>La subida al Coll de Certasc\u00e1n es casi r\u00e1pida, a pesar del cansancio, y se hace por una canal ancha toda nevada. Arriba de \u00e9sta hay otra menos inclinada pero nos deja en el mismo collado. Cuando llegue arriba parar\u00e9 a comer.<\/p>\n<p>Llego al collado y me dispongo a abrigarme y a pararme para comer a 2.585 metros. Hace viento y fr\u00edo. En todos los collados hace viento. Antes de comer veo como la primera pareja est\u00e1 subiendo al pico. Parece f\u00e1cil. Despu\u00e9s de comer la mitad del picnic de Graus, me decido a subirla tambi\u00e9n.<\/p>\n<div id=\"attachment_19613\" style=\"width: 770px\" class=\"wp-caption aligncenter\"><a class=\"dt-single-image\" href=\"https:\/\/www.monta\u00f1asdelaluna.es\/wp-content\/uploads\/2015\/08\/PortaDelCel-155.jpg\" data-dt-img-description=\"\"><img loading=\"lazy\" decoding=\"async\" aria-describedby=\"caption-attachment-19613\" class=\"wp-image-19613 size-full\" src=\"https:\/\/www.monta\u00f1asdelaluna.es\/wp-content\/uploads\/2015\/08\/PortaDelCel-155.jpg\" alt=\"Joaqu\u00edn en los Estanys Blaus\" width=\"760\" height=\"570\" srcset=\"https:\/\/www.monta\u00f1asdelaluna.es\/wp-content\/uploads\/2015\/08\/PortaDelCel-155.jpg 760w, https:\/\/www.monta\u00f1asdelaluna.es\/wp-content\/uploads\/2015\/08\/PortaDelCel-155-300x225.jpg 300w\" sizes=\"auto, (max-width: 760px) 100vw, 760px\" \/><\/a><p id=\"caption-attachment-19613\" class=\"wp-caption-text\">Joaqu\u00edn en los Estanys Blaus<\/p><\/div>\n<div id=\"attachment_19626\" style=\"width: 770px\" class=\"wp-caption aligncenter\"><a class=\"dt-single-image\" href=\"https:\/\/www.monta\u00f1asdelaluna.es\/wp-content\/uploads\/2015\/08\/PortaDelCel-182.jpg\" data-dt-img-description=\"\"><img loading=\"lazy\" decoding=\"async\" aria-describedby=\"caption-attachment-19626\" class=\"wp-image-19626 size-full\" src=\"https:\/\/www.monta\u00f1asdelaluna.es\/wp-content\/uploads\/2015\/08\/PortaDelCel-182.jpg\" alt=\"Joaqu\u00edn y abajo el Estany de Certasc\u00e1n\" width=\"760\" height=\"570\" srcset=\"https:\/\/www.monta\u00f1asdelaluna.es\/wp-content\/uploads\/2015\/08\/PortaDelCel-182.jpg 760w, https:\/\/www.monta\u00f1asdelaluna.es\/wp-content\/uploads\/2015\/08\/PortaDelCel-182-300x225.jpg 300w\" sizes=\"auto, (max-width: 760px) 100vw, 760px\" \/><\/a><p id=\"caption-attachment-19626\" class=\"wp-caption-text\">Joaqu\u00edn y abajo el Estany de Certasc\u00e1n<\/p><\/div>\n<p>La subida est\u00e1 marcada por hitos y alguna pintada. Cruza algunos pedregales hacia la cima girando hac\u00eda la izquierda. Enseguida subo a la cresta y compruebo que a\u00fan queda un trozo cimbreando hasta el pico. La cresta es f\u00e1cil y la subida al Pic de Certasc\u00e1n tambi\u00e9n. Impresiona su cara oeste, una pared casi desplomada.<\/p>\n<p>Y al poco tiempo llego a la cima. 2.853 mts. Fotos. Clickeo el \u201cpasaporte de la Porta del Cel\u201d. Fotos. El Estany de Certasc\u00e1n se ve enorme e impresionante. Veo el refugio en una punta. Est\u00e1 lejos desde aqu\u00ed pero ya queda poco. Mientras sub\u00eda me cruzo con la primera pareja que no cruza palabra conmigo, y a la bajada me cruzo con la segunda pareja a la que les doy \u00e1nimos y hablo. Son vascos estos \u00faltimos.<\/p>\n<p>Vuelvo al Coll de Certasc\u00e1n y recojo la mochila que no me la he subido al pico. He llegado al collado a las 13\u201900 horas y a la vuelta son casi las 15\u201900 horas. Recojo y bajo r\u00e1pido (lo m\u00e1s r\u00e1pido que te deja una nieve empinada y resbaladiza). Por este lado hay m\u00e1s nieve. Las vistas son espectaculares, con el alto macizo de la Pica d\u2019Estats al fondo derecha. Oigo truenos. Se acerca una tormenta. Bajo r\u00e1pido pero me paro para hacer las fotos debidas.<\/p>\n<div id=\"attachment_19629\" style=\"width: 891px\" class=\"wp-caption aligncenter\"><a class=\"dt-single-image\" href=\"https:\/\/www.monta\u00f1asdelaluna.es\/wp-content\/uploads\/2015\/08\/PortaDelCel-184A.jpg\" data-dt-img-description=\"\"><img loading=\"lazy\" decoding=\"async\" aria-describedby=\"caption-attachment-19629\" class=\"wp-image-19629 size-full\" src=\"https:\/\/www.monta\u00f1asdelaluna.es\/wp-content\/uploads\/2015\/08\/PortaDelCel-184A.jpg\" alt=\"Abajo el Estany de Certasc\u00e1n y al fondo el macizo de la Pica d'Estats\" width=\"881\" height=\"661\" srcset=\"https:\/\/www.monta\u00f1asdelaluna.es\/wp-content\/uploads\/2015\/08\/PortaDelCel-184A.jpg 881w, https:\/\/www.monta\u00f1asdelaluna.es\/wp-content\/uploads\/2015\/08\/PortaDelCel-184A-300x225.jpg 300w\" sizes=\"auto, (max-width: 881px) 100vw, 881px\" \/><\/a><p id=\"caption-attachment-19629\" class=\"wp-caption-text\">Abajo el Estany de Certasc\u00e1n y al fondo el macizo de la Pica d&#8217;Estats<\/p><\/div>\n<p>Me estoy acercando al ib\u00f3n o lago de monta\u00f1a m\u00e1s grande del Pirineo: el Estany de Certasc\u00e1n. Justo casi en su orilla pero sin tocarla y siempre pisando mucha nieve, giro a la derecha en busca del refugio, el cual a esta altura no se ve, queda tras una roca la final del lago. Los truenos son numerosos, el cielo muy negro hac\u00eda el sur, y los torreones de los cumulonimbos bien formados y altos. Los comparo con la grandeza de la monta\u00f1a, es como si fuera 20 veces la Pica (+ o -). La senda est\u00e1 a una altura del lago y enseguida llego al Refugio de Certasc\u00e1n, 2.240 mts.<\/p>\n<div id=\"attachment_34206\" style=\"width: 931px\" class=\"wp-caption aligncenter\"><a class=\"dt-single-image\" href=\"https:\/\/www.monta\u00f1asdelaluna.es\/wp-content\/uploads\/2014\/07\/certascan.2.jpg\" data-dt-img-description=\"\"><img loading=\"lazy\" decoding=\"async\" aria-describedby=\"caption-attachment-34206\" class=\"wp-image-34206 size-full\" src=\"https:\/\/www.monta\u00f1asdelaluna.es\/wp-content\/uploads\/2014\/07\/certascan.2.jpg\" alt=\"Croquis del recorrido Estanys Blaus-Refugio de Certasc\u00e1n\" width=\"921\" height=\"1057\" srcset=\"https:\/\/www.monta\u00f1asdelaluna.es\/wp-content\/uploads\/2014\/07\/certascan.2.jpg 921w, https:\/\/www.monta\u00f1asdelaluna.es\/wp-content\/uploads\/2014\/07\/certascan.2-261x300.jpg 261w, https:\/\/www.monta\u00f1asdelaluna.es\/wp-content\/uploads\/2014\/07\/certascan.2-892x1024.jpg 892w\" sizes=\"auto, (max-width: 921px) 100vw, 921px\" \/><\/a><p id=\"caption-attachment-34206\" class=\"wp-caption-text\">Croquis del recorrido Estanys Blaus-Refugio de Certasc\u00e1n<\/p><\/div>\n<p>Justo a los pocos minutos de entrar al mismo comenzaba a llover y granizar. Son las 15\u201945 horas. He hecho poco m\u00e1s de 7 horas de recorrido con fotos, paradas, comer\u2026 La gente del refugio es muy agradable y simp\u00e1tica. Alejandro (Jan) Gamarra es un m\u00e1quina. Nos trata y atiende muy bien; creo que lleva desde principios de los 80 como guarda. Nos ense\u00f1a la nueva ruta que han ideado Muntanyes de Llibertat, nos ense\u00f1a fotos de este pasado invierno en la tele que solamente pone cosa de un dvd.<\/p>\n<div id=\"attachment_19627\" style=\"width: 770px\" class=\"wp-caption aligncenter\"><a class=\"dt-single-image\" href=\"https:\/\/www.monta\u00f1asdelaluna.es\/wp-content\/uploads\/2015\/08\/PortaDelCel-183.jpg\" data-dt-img-description=\"\"><img loading=\"lazy\" decoding=\"async\" aria-describedby=\"caption-attachment-19627\" class=\"wp-image-19627 size-full\" src=\"https:\/\/www.monta\u00f1asdelaluna.es\/wp-content\/uploads\/2015\/08\/PortaDelCel-183.jpg\" alt=\"Pic de Certasc\u00e1n\" width=\"760\" height=\"570\" srcset=\"https:\/\/www.monta\u00f1asdelaluna.es\/wp-content\/uploads\/2015\/08\/PortaDelCel-183.jpg 760w, https:\/\/www.monta\u00f1asdelaluna.es\/wp-content\/uploads\/2015\/08\/PortaDelCel-183-300x225.jpg 300w\" sizes=\"auto, (max-width: 760px) 100vw, 760px\" \/><\/a><p id=\"caption-attachment-19627\" class=\"wp-caption-text\">Pic de Certasc\u00e1n<\/p><\/div>\n<div id=\"attachment_19657\" style=\"width: 770px\" class=\"wp-caption aligncenter\"><a class=\"dt-single-image\" href=\"https:\/\/www.monta\u00f1asdelaluna.es\/wp-content\/uploads\/2015\/08\/PortaDelCel-230.jpg\" data-dt-img-description=\"\"><img loading=\"lazy\" decoding=\"async\" aria-describedby=\"caption-attachment-19657\" class=\"wp-image-19657 size-full\" src=\"https:\/\/www.monta\u00f1asdelaluna.es\/wp-content\/uploads\/2015\/08\/PortaDelCel-230.jpg\" alt=\"Refugio de Certasc\u00e1n\" width=\"760\" height=\"570\" srcset=\"https:\/\/www.monta\u00f1asdelaluna.es\/wp-content\/uploads\/2015\/08\/PortaDelCel-230.jpg 760w, https:\/\/www.monta\u00f1asdelaluna.es\/wp-content\/uploads\/2015\/08\/PortaDelCel-230-300x225.jpg 300w\" sizes=\"auto, (max-width: 760px) 100vw, 760px\" \/><\/a><p id=\"caption-attachment-19657\" class=\"wp-caption-text\">Refugio de Certasc\u00e1n<\/p><\/div>\n<p>En todo el refugio somos nosotros 5, las 2 parejas y yo que estamos haciendo la Porta del Cel, y han llegado otros 4 franceses de mediana edad haciendo otra ruta desde Francia.<\/p>\n<p>Cenamos juntos los 5 en una mesa y ya entablamos conversaciones, risas entre los 5: rutas por los Pirineos, Alpes, otros tours, an\u00e9cdotas, experiencias\u2026 Son buena gente, \u201csomos\u201d buena gente \u00a1L\u00e1stima! Tengo dolor de cabeza por el esfuerzo y algo de malestar que me ha entrado y no puedo estar al 100% con ellos. Al final ha llamado Anna al refu para ver como estaba, y todo bien. El refugio est\u00e1 muy bien, no es muy grande pero para nosotros nos sobra. Le hago fotos, a los alrededores e intento estirar los m\u00fasculos fastidiados por la fuerte actividad de hoy. A dormir. Ma\u00f1ana el desayuno es a las 06\u201930 horas y a salir para Pinet (Francia)\u2026 Antes de dormir, Jan nos invit\u00f3 a los 5 a un chupito de Pachar\u00e1n y estuvimos hablando de los problemas del refugio. Es un hombre enrollado.<\/p>\n<div id=\"attachment_34207\" style=\"width: 1795px\" class=\"wp-caption aligncenter\"><a class=\"dt-single-image\" href=\"https:\/\/www.monta\u00f1asdelaluna.es\/wp-content\/uploads\/2014\/07\/certascan.jpg\" data-dt-img-description=\"\"><img loading=\"lazy\" decoding=\"async\" aria-describedby=\"caption-attachment-34207\" class=\"wp-image-34207 size-full\" src=\"https:\/\/www.monta\u00f1asdelaluna.es\/wp-content\/uploads\/2014\/07\/certascan.jpg\" alt=\"Croquis del recorrido completo de la 2\u00ba etapa de la Porta del Cel\" width=\"1785\" height=\"1617\" srcset=\"https:\/\/www.monta\u00f1asdelaluna.es\/wp-content\/uploads\/2014\/07\/certascan.jpg 1785w, https:\/\/www.monta\u00f1asdelaluna.es\/wp-content\/uploads\/2014\/07\/certascan-300x272.jpg 300w, https:\/\/www.monta\u00f1asdelaluna.es\/wp-content\/uploads\/2014\/07\/certascan-1024x928.jpg 1024w\" sizes=\"auto, (max-width: 1785px) 100vw, 1785px\" \/><\/a><p id=\"caption-attachment-34207\" class=\"wp-caption-text\">Croquis del recorrido completo de la 2\u00ba etapa de la Porta del Cel<\/p><\/div>\n<p>[vc_separator][\/vc_column_text][\/vc_column][\/vc_row][vc_row][vc_column][vc_empty_space height=\u00bb60px\u00bb][\/vc_column][\/vc_row][vc_row][vc_column][vc_cta h2=\u00bb\u00c1lbum de fotos\u00bb txt_align=\u00bbcenter\u00bb add_button=\u00bbbottom\u00bb btn_title=\u00bbVer fotos\u00bb btn_color=\u00bbwarning\u00bb btn_align=\u00bbcenter\u00bb btn_link=\u00bburl:https%3A%2F%2Fmonta%C3%B1asdelaluna.es%2F%3Fdt_gallery%3D2o-etapa-graus-certascan-2|title:Porta%20del%20Cel.%202%C2%BA%20Etapa%3A%20Graus-Certasc%C3%A1n|target:_blank\u00bb css=\u00bb.vc_custom_1625785821356{background-color: #8bc4ed !important;}\u00bb]Puedes ver todas las fotos del relato y actividad en forma de presentaci\u00f3n o individuales pinchando aqui \u00a1No te las pierdas![\/vc_cta][\/vc_column][\/vc_row][vc_row][vc_column][vc_empty_space height=\u00bb60px\u00bb][\/vc_column][\/vc_row][vc_row][vc_column width=\u00bb1\/6&#8243;][\/vc_column][vc_column width=\u00bb1\/3&#8243;][vc_empty_space height=\u00bb25px\u00bb][vc_raw_html]JTNDaWZyYW1lJTIwc3JjJTNEJTIyaHR0cHMlM0ElMkYlMkZ3d3cubWV0ZW9ibHVlLmNvbSUyRmVzJTJGdGllbXBvJTJGd2lkZ2V0JTJGZGFpbHklMkZ0YXZhc2MlMjVjMyUyNWExbl9lc3BhJTI1YzMlMjViMWFfNzc5ODY3NCUzRmRheXMlM0Q3JTI2dGVtcHVuaXQlM0RDRUxTSVVTJTI2d2luZHVuaXQlM0RLSUxPTUVURVJfUEVSX0hPVVIlMjZwaWN0b2ljb24lM0QxJTI2bWF4dGVtcGVyYXR1cmUlM0QxJTI2bWludGVtcGVyYXR1cmUlM0QxJTI2d2luZHNwZWVkJTNEMSUyNndpbmRndXN0JTNEMSUyNndpbmRkaXJlY3Rpb24lM0QxJTI2cHJlY2lwaXRhdGlvbiUzRDElMjZwcmVjaXBpdGF0aW9ucHJvYmFiaWxpdHklM0QxJTI2c3BvdCUzRDElMjZwcmVzc3VyZSUzRDElMjZsYXlvdXQlM0RsaWdodCUyMiUyMCUyMGZyYW1lYm9yZGVyJTNEJTIyMCUyMiUyMHNjcm9sbGluZyUzRCUyMk5PJTIyJTIwYWxsb3d0cmFuc3BhcmVuY3klM0QlMjJ0cnVlJTIyJTIwc3R5bGUlM0QlMjJ3aWR0aCUzQSUyMDM3OHB4JTNCaGVpZ2h0JTNBJTIwMzgxcHglMjIlM0UlM0MlMkZpZnJhbWUlM0UlM0NkaXYlM0UlM0MlMjEtLSUyMERPJTIwTk9UJTIwUkVNT1ZFJTIwVEhJUyUyMExJTkslMjAtLSUzRSUzQ2ElMjBocmVmJTNEJTIyaHR0cHMlM0ElMkYlMkZ3d3cubWV0ZW9ibHVlLmNvbSUyRmVzJTJGdGllbXBvJTJGcHJvbm9zdGljbyUyRnNlbWFuYSUyRnRhdmFzYyUyNWMzJTI1YTFuX2VzcGElMjVjMyUyNWIxYV83Nzk4Njc0JTIyJTIwdGFyZ2V0JTNEJTIyX2JsYW5rJTIyJTNFbWV0ZW9ibHVlJTNDJTJGYSUzRSUzQyUyRmRpdiUzRQ==[\/vc_raw_html][\/vc_column][vc_column width=\u00bb1\/3&#8243;][vc_column_text]Tiempo en Pic de Certasc\u00e1n[\/vc_column_text][vc_raw_html]JTNDaWZyYW1lJTIwc3JjJTNEJTIyaHR0cHMlM0ElMkYlMkZ3d3cubWV0ZW9ibHVlLmNvbSUyRmVzJTJGdGllbXBvJTJGd2lkZ2V0JTJGZGFpbHklMkY0Mi43MTJOMS4yNzhFJTNGZGF5cyUzRDclMjZ0ZW1wdW5pdCUzRENFTFNJVVMlMjZ3aW5kdW5pdCUzREtJTE9NRVRFUl9QRVJfSE9VUiUyNnBpY3RvaWNvbiUzRDElMjZtYXh0ZW1wZXJhdHVyZSUzRDElMjZtaW50ZW1wZXJhdHVyZSUzRDElMjZ3aW5kc3BlZWQlM0QxJTI2d2luZGd1c3QlM0QxJTI2d2luZGRpcmVjdGlvbiUzRDElMjZwcmVjaXBpdGF0aW9uJTNEMSUyNnByZWNpcGl0YXRpb25wcm9iYWJpbGl0eSUzRDElMjZzcG90JTNEMSUyNnByZXNzdXJlJTNEMSUyNmxheW91dCUzRGxpZ2h0JTIyJTIwJTIwZnJhbWVib3JkZXIlM0QlMjIwJTIyJTIwc2Nyb2xsaW5nJTNEJTIyTk8lMjIlMjBhbGxvd3RyYW5zcGFyZW5jeSUzRCUyMnRydWUlMjIlMjBzdHlsZSUzRCUyMndpZHRoJTNBJTIwMzc4cHglM0JoZWlnaHQlM0ElMjAzODFweCUyMiUzRSUzQyUyRmlmcmFtZSUzRSUzQ2RpdiUzRSUzQyUyMS0tJTIwRE8lMjBOT1QlMjBSRU1PVkUlMjBUSElTJTIwTElOSyUyMC0tJTNFJTNDYSUyMGhyZWYlM0QlMjJodHRwcyUzQSUyRiUyRnd3dy5tZXRlb2JsdWUuY29tJTJGZXMlMkZ0aWVtcG8lMkZwcm9ub3N0aWNvJTJGc2VtYW5hJTJGNDIuNzEyTjEuMjc4RSUyMiUyMHRhcmdldCUzRCUyMl9ibGFuayUyMiUzRW1ldGVvYmx1ZSUzQyUyRmElM0UlM0MlMkZkaXYlM0U=[\/vc_raw_html][\/vc_column][vc_column width=\u00bb1\/6&#8243;][\/vc_column][\/vc_row]<\/p>\n","protected":false},"excerpt":{"rendered":"<p>[vc_row][vc_column][vc_column_text]Amanece algo nublado. Una de las parejas se han despertado antes de que sonara mi despertador; \u00e9stos ya salen. Arreglo la mochila y desayuno con la otra pareja en el restaurante del camping. Hablamos de las dificultades de esta traves\u00eda, m\u00e1s dura que Carres de Foc. Salgo ya preparado y a destiempo de las 2&hellip;<\/p>\n","protected":false},"author":1,"featured_media":19629,"comment_status":"open","ping_status":"open","sticky":false,"template":"","format":"standard","meta":[],"categories":[71],"tags":[],"class_list":["post-19674","post","type-post","status-publish","format-standard","has-post-thumbnail","hentry","category-porta-del-cel","category-71","description-off"],"_links":{"self":[{"href":"https:\/\/www.monta\u00f1asdelaluna.es\/index.php?rest_route=\/wp\/v2\/posts\/19674","targetHints":{"allow":["GET"]}}],"collection":[{"href":"https:\/\/www.monta\u00f1asdelaluna.es\/index.php?rest_route=\/wp\/v2\/posts"}],"about":[{"href":"https:\/\/www.monta\u00f1asdelaluna.es\/index.php?rest_route=\/wp\/v2\/types\/post"}],"author":[{"embeddable":true,"href":"https:\/\/www.monta\u00f1asdelaluna.es\/index.php?rest_route=\/wp\/v2\/users\/1"}],"replies":[{"embeddable":true,"href":"https:\/\/www.monta\u00f1asdelaluna.es\/index.php?rest_route=%2Fwp%2Fv2%2Fcomments&post=19674"}],"version-history":[{"count":15,"href":"https:\/\/www.monta\u00f1asdelaluna.es\/index.php?rest_route=\/wp\/v2\/posts\/19674\/revisions"}],"predecessor-version":[{"id":50150,"href":"https:\/\/www.monta\u00f1asdelaluna.es\/index.php?rest_route=\/wp\/v2\/posts\/19674\/revisions\/50150"}],"wp:featuredmedia":[{"embeddable":true,"href":"https:\/\/www.monta\u00f1asdelaluna.es\/index.php?rest_route=\/wp\/v2\/media\/19629"}],"wp:attachment":[{"href":"https:\/\/www.monta\u00f1asdelaluna.es\/index.php?rest_route=%2Fwp%2Fv2%2Fmedia&parent=19674"}],"wp:term":[{"taxonomy":"category","embeddable":true,"href":"https:\/\/www.monta\u00f1asdelaluna.es\/index.php?rest_route=%2Fwp%2Fv2%2Fcategories&post=19674"},{"taxonomy":"post_tag","embeddable":true,"href":"https:\/\/www.monta\u00f1asdelaluna.es\/index.php?rest_route=%2Fwp%2Fv2%2Ftags&post=19674"}],"curies":[{"name":"wp","href":"https:\/\/api.w.org\/{rel}","templated":true}]}}