{"id":19739,"date":"2011-09-04T23:10:19","date_gmt":"2011-09-04T23:10:19","guid":{"rendered":"http:\/\/monta\u00f1asdelaluna.com\/?p=19739"},"modified":"2021-08-04T06:35:40","modified_gmt":"2021-08-04T06:35:40","slug":"collserola-ruta-de-las-ermitas","status":"publish","type":"post","link":"https:\/\/www.monta\u00f1asdelaluna.es\/?p=19739","title":{"rendered":"Collserola. Ruta de Las Ermitas"},"content":{"rendered":"<p>[vc_row][vc_column][vc_column_text]Quer\u00eda comenzar la temporada haciendo una bonita y a la vez interesante ruta por la sierra m\u00e1s cercana a casa: Collserola. A la vez quer\u00eda intentar la marcha de \u201cLa ruta de las ermitas\u201d del libro de \u201cRutes del Patrimoni arquitect\u00f2nic\u201d de la Red de Parques Naturales de la Provincia de Barcelona; ya que en la \u00faltima que hicimos en Collserola (<a href=\"https:\/\/www.monta\u00f1asdelaluna.es\/?p=18188\" target=\"_blank\" rel=\"noopener\">Collserola. Subida al Tibidabo<\/a>), su inicio, segu\u00eda \u00e9sta por las inmediaciones de Vall d\u2019Hebr\u00f3n y la Iglesia de Sant Gen\u00eds dels Agudells, como la primera de las ermitas o templos. Pero esta vez nos saltar\u00edamos Sant Gen\u00eds dels Agudells para ir directamente hac\u00eda la segunda ermita, la de Sant Cebri\u00e1 d\u2019Horta, y seguir todo el recorrido hasta Sant Cugat del Vall\u00e8s por la Vall de Gausac.<\/p>\n<p>Recientemente me un\u00ed al grupo del portal monta\u00f1ero C\u00faspidis y decid\u00ed poner la actividad en la misma por si alguien se apuntaba. Despu\u00e9s de varias conversaciones por la red, Yolanda junto con su hija Marina y su amiga Sandra se apuntaron compartiendo la marcha Anna y yo con ellas. Espero sea el principio de una nueva etapa en estas excursiones y pueda compartirlas, recorr\u00e9rmelas con mucha m\u00e1s gente que se anime a acompa\u00f1arnos.<\/p>\n<div id=\"attachment_19677\" style=\"width: 573px\" class=\"wp-caption aligncenter\"><a class=\"dt-single-image\" href=\"https:\/\/www.monta\u00f1asdelaluna.es\/wp-content\/uploads\/2015\/08\/Collserola.-De-Barcelona-a-Sant-Cugat.-04-09-11-004.jpg\" data-dt-img-description=\"\"><img loading=\"lazy\" decoding=\"async\" aria-describedby=\"caption-attachment-19677\" class=\"wp-image-19677 size-full\" src=\"https:\/\/www.monta\u00f1asdelaluna.es\/wp-content\/uploads\/2015\/08\/Collserola.-De-Barcelona-a-Sant-Cugat.-04-09-11-004.jpg\" alt=\"Camino de Sant Cebri\u00e1 d'Horta\" width=\"563\" height=\"751\" srcset=\"https:\/\/www.monta\u00f1asdelaluna.es\/wp-content\/uploads\/2015\/08\/Collserola.-De-Barcelona-a-Sant-Cugat.-04-09-11-004.jpg 563w, https:\/\/www.monta\u00f1asdelaluna.es\/wp-content\/uploads\/2015\/08\/Collserola.-De-Barcelona-a-Sant-Cugat.-04-09-11-004-225x300.jpg 225w\" sizes=\"auto, (max-width: 563px) 100vw, 563px\" \/><\/a><p id=\"caption-attachment-19677\" class=\"wp-caption-text\">Camino de Sant Cebri\u00e1 d&#8217;Horta<\/p><\/div>\n<div id=\"attachment_19678\" style=\"width: 573px\" class=\"wp-caption aligncenter\"><a class=\"dt-single-image\" href=\"https:\/\/www.monta\u00f1asdelaluna.es\/wp-content\/uploads\/2015\/08\/Collserola.-De-Barcelona-a-Sant-Cugat.-04-09-11-005.jpg\" data-dt-img-description=\"\"><img loading=\"lazy\" decoding=\"async\" aria-describedby=\"caption-attachment-19678\" class=\"wp-image-19678 size-full\" src=\"https:\/\/www.monta\u00f1asdelaluna.es\/wp-content\/uploads\/2015\/08\/Collserola.-De-Barcelona-a-Sant-Cugat.-04-09-11-005.jpg\" alt=\"Camino de Sant Cebri\u00e1 d'Horta\" width=\"563\" height=\"751\" srcset=\"https:\/\/www.monta\u00f1asdelaluna.es\/wp-content\/uploads\/2015\/08\/Collserola.-De-Barcelona-a-Sant-Cugat.-04-09-11-005.jpg 563w, https:\/\/www.monta\u00f1asdelaluna.es\/wp-content\/uploads\/2015\/08\/Collserola.-De-Barcelona-a-Sant-Cugat.-04-09-11-005-225x300.jpg 225w\" sizes=\"auto, (max-width: 563px) 100vw, 563px\" \/><\/a><p id=\"caption-attachment-19678\" class=\"wp-caption-text\">Camino de Sant Cebri\u00e1 d&#8217;Horta<\/p><\/div>\n<p>As\u00ed pues, el pasado domingo 4 de septiembre quedamos en la salida de la estaci\u00f3n de metro de Montbau a las 09:00 horas para comenzar esta bonita excursi\u00f3n. Seguimos (ahora mucho m\u00e1s directos) el recorrido de mi primera excursi\u00f3n por Collserola: <a href=\"https:\/\/www.monta\u00f1asdelaluna.es\/?p=16297\" target=\"_blank\" rel=\"noopener\">Collserola. El pulm\u00f3n de Barcelona<\/a>. Pero esta vez nos desviaremos 20 metros para, en un cruce indicativo, subir al pr\u00f3ximo templo de Sant Cebri\u00e1 d\u2019Horta. Una persona mayor nos grita el \u201csalto y se\u00f1a\u201d y \u201c\u00bfha donde vamos?\u201d, \u201cbuscamos la ermita de Sant Cebri\u00e1\u201d; y justo arrinconada al final del camino y entre unas construcciones rurales, quedaba la escondida y peque\u00f1a Ermita de Sant Cebri\u00e1 d\u2019Horta: \u201cconstru\u00efda al segle XII, per\u00f2 amb importants transformacions al llarg dels segles XIX i XX\u201d nos dice la gu\u00eda de Patrimoni Arquitect\u00f2nic. No pude apreciar su peque\u00f1a silueta ni sus diferentes formas. Un pastor alem\u00e1n nos franqueaba el camino. No parec\u00eda disgustado con nuestra invasi\u00f3n de su territorio, pero a\u00fan as\u00ed no nos acercamos demasiado e hice las fotos del lugar desde una distancia prudente.<\/p>\n<p>Volvemos al inhiesto cruce se\u00f1alizado y sigo la ruta intern\u00e1ndonos por una pista, que despu\u00e9s se convierte en una angosta y frondosa senda, hac\u00eda la Font de La Meca y el Tur\u00f3 de Valldaura. Seguimos los pasos del anterior mencionado recorrido pasando junto a las ruinas de una antigua construcci\u00f3n met\u00e1lica de una antigua e inutilizada mina, despu\u00e9s comienza a empinarse la exuberante senda dejando el fondo del valle, pasando junto a casas medio en ruinas y medio perdidas entre la maleza, y una de ellas junto a la seca Font de La Meca, despu\u00e9s en horizontal y por las frondosas pendientes y esquivando los troncos de aquellos \u00e1rboles ca\u00eddos que hacen disloques el cuerpo como un contorsionista, salimos a la pista del Cam\u00ed de Les Aig\u00fces, muy cerca de otro cruce de pistas se\u00f1alizado. Seguimos las se\u00f1alizaciones hac\u00eda el Tur\u00f3 de La Magarola y en muy poco tiempo, entre la pista y una amplia senda cimera, llegamos a dicho pico. Antes hemos o\u00eddo los numerosos ladridos de los perros que est\u00e1n en el Centre d\u2019Acogiment d\u2019Animals de Company\u00eda, que quedaba justo sobre nuestro recorrido y a orillas del Cam\u00ed de Les Aig\u00fces, subiendo la vista hac\u00eda la construcci\u00f3n de la misma. Hace mes y medio pasamos junto al establecimiento en la excursi\u00f3n Collserola. Subida al Tibidabo.<\/p>\n<div id=\"attachment_19684\" style=\"width: 760px\" class=\"wp-caption aligncenter\"><a class=\"dt-single-image\" href=\"https:\/\/www.monta\u00f1asdelaluna.es\/wp-content\/uploads\/2015\/08\/Collserola.-De-Barcelona-a-Sant-Cugat.-04-09-11-019A.jpg\" data-dt-img-description=\"\"><img loading=\"lazy\" decoding=\"async\" aria-describedby=\"caption-attachment-19684\" class=\"wp-image-19684 size-full\" src=\"https:\/\/www.monta\u00f1asdelaluna.es\/wp-content\/uploads\/2015\/08\/Collserola.-De-Barcelona-a-Sant-Cugat.-04-09-11-019A.jpg\" alt=\"Barcelona desde el Tur\u00f3 de La Magarola\" width=\"750\" height=\"239\" srcset=\"https:\/\/www.monta\u00f1asdelaluna.es\/wp-content\/uploads\/2015\/08\/Collserola.-De-Barcelona-a-Sant-Cugat.-04-09-11-019A.jpg 750w, https:\/\/www.monta\u00f1asdelaluna.es\/wp-content\/uploads\/2015\/08\/Collserola.-De-Barcelona-a-Sant-Cugat.-04-09-11-019A-300x96.jpg 300w\" sizes=\"auto, (max-width: 750px) 100vw, 750px\" \/><\/a><p id=\"caption-attachment-19684\" class=\"wp-caption-text\">Barcelona desde el Tur\u00f3 de La Magarola<\/p><\/div>\n<p>Poco a poco llegamos a la cima del Tur\u00f3 de La Magarola (432 mts.). La subida ha sido muy amena, aunque el sol nos ha acompa\u00f1ado en toda la subida, contrariamente a lo que nos dec\u00edan las predicciones meteorol\u00f3gicas. Arriba nos encontramos con un grupo de ornit\u00f3logos que con sus catalejos y superprism\u00e1ticos otean el horizonte en busca de esas aves migratorias o no que rondan los cielos de Collserola. Nos dan una hoja de informaci\u00f3n con las numerosas aves con las que nos podemos encontrar&#8230; es estupendo ver que alguien cuida \u201cla salud del cielo\u201d. Nos hacemos la foto de cumbre, salimos todos menos la t\u00edmida Marina, con las bonitas vistas, en un d\u00eda con una visibilidad inmejorable, hac\u00eda Barcelona y el claro mar.<\/p>\n<div id=\"attachment_19683\" style=\"width: 761px\" class=\"wp-caption aligncenter\"><a class=\"dt-single-image\" href=\"https:\/\/www.monta\u00f1asdelaluna.es\/wp-content\/uploads\/2015\/08\/Collserola.-De-Barcelona-a-Sant-Cugat.-04-09-11-017.jpg\" data-dt-img-description=\"\"><img loading=\"lazy\" decoding=\"async\" aria-describedby=\"caption-attachment-19683\" class=\"wp-image-19683 size-full\" src=\"https:\/\/www.monta\u00f1asdelaluna.es\/wp-content\/uploads\/2015\/08\/Collserola.-De-Barcelona-a-Sant-Cugat.-04-09-11-017.jpg\" alt=\"Cima del Tur\u00f3 de La Magarola (431 mts.)\" width=\"751\" height=\"563\" srcset=\"https:\/\/www.monta\u00f1asdelaluna.es\/wp-content\/uploads\/2015\/08\/Collserola.-De-Barcelona-a-Sant-Cugat.-04-09-11-017.jpg 751w, https:\/\/www.monta\u00f1asdelaluna.es\/wp-content\/uploads\/2015\/08\/Collserola.-De-Barcelona-a-Sant-Cugat.-04-09-11-017-300x225.jpg 300w\" sizes=\"auto, (max-width: 751px) 100vw, 751px\" \/><\/a><p id=\"caption-attachment-19683\" class=\"wp-caption-text\">Cima del Tur\u00f3 de La Magarola (431 mts.)<\/p><\/div>\n<div id=\"attachment_19691\" style=\"width: 761px\" class=\"wp-caption aligncenter\"><a class=\"dt-single-image\" href=\"https:\/\/www.monta\u00f1asdelaluna.es\/wp-content\/uploads\/2015\/08\/Collserola.-De-Barcelona-a-Sant-Cugat.-04-09-11-034.jpg\" data-dt-img-description=\"\"><img loading=\"lazy\" decoding=\"async\" aria-describedby=\"caption-attachment-19691\" class=\"wp-image-19691 size-full\" src=\"https:\/\/www.monta\u00f1asdelaluna.es\/wp-content\/uploads\/2015\/08\/Collserola.-De-Barcelona-a-Sant-Cugat.-04-09-11-034.jpg\" alt=\"Sant Medir\" width=\"751\" height=\"563\" srcset=\"https:\/\/www.monta\u00f1asdelaluna.es\/wp-content\/uploads\/2015\/08\/Collserola.-De-Barcelona-a-Sant-Cugat.-04-09-11-034.jpg 751w, https:\/\/www.monta\u00f1asdelaluna.es\/wp-content\/uploads\/2015\/08\/Collserola.-De-Barcelona-a-Sant-Cugat.-04-09-11-034-300x225.jpg 300w\" sizes=\"auto, (max-width: 751px) 100vw, 751px\" \/><\/a><p id=\"caption-attachment-19691\" class=\"wp-caption-text\">Sant Medir<\/p><\/div>\n<p>Salv\u00e1ndonos del calor y luz del sol buscamos un sitio en sombra para comernos el almuerzo. Por ello permanecemos poco rato en la cumbre del Tur\u00f3 de La Magarola y seguimos la senda, al otro lado por donde hemos llegado, pero en lugar de seguir la senda del G.R.-92 hac\u00eda el Tur\u00f3 de La Valldaura, seguimos la senda de la izquierda, sin marca de G.R. hac\u00eda la pista y el Tur\u00f3 de Sant M\u00e9dir&#8230; o sea, a\u00fan seguimos el mismo recorrido ya hecho en la excursi\u00f3n hac\u00eda Cerdanyola&#8230; pero hasta llegar a la siguiente pista con la que nos cruzamos. A la orilla de la misma y con vistas al verde bosque que rodea al Tibidabo por este lado, paramos a almorzar.<\/p>\n<p>Bajamos a la pista la cual se cruza con otras: a la derecha vamos a la carretera Cerdanyola-Barcelona, hac\u00eda la izquierda y casi hac\u00eda atr\u00e1s, nos lleva a Coll de l\u2019Erola, ahora decidimos seguir por terreno desconocido y seguir recto como si sigui\u00e9ramos las se\u00f1ales de otro G.R., esta vez el 6, como si fu\u00e9ramos en direcci\u00f3n a Sant Medir o Can Borrel. La recta pista dura poco. Antes de una curva pronunciada a la izquierda, se para ante un poste indicativo sin carteles (la \u00faltima vez que pasamos equivocados por aqu\u00ed, si hab\u00edan carteles): a la derecha una cadena, una pista y las indicaciones del G.R.-6. Nosotros seguimos una senda sin se\u00f1alizar a la izquierda del poste, que baja vertiginosa hac\u00eda el fondo del valle. S\u00e9 que es la senda y ruta id\u00f3nea despu\u00e9s de haberla vista en mi mapa alpina fotografiada y expuesta en la pantalla de mi c\u00e1mara de fotos.<\/p>\n<p>Ya estamos en la Vall de Gausac en busca de la siguiente ermita, la de Sant Medir. Por en medio del bosque y perdiendo r\u00e1pidamente altura, bajamos alegremente entre saltos y risas, m\u00edas y de Marina, hasta un claro y llano del bosque en donde hay unas mesas y unos bancos. Me acerco al lugar y veo el bonito y puntiagudo tejado de la casa junto a la Ermita de Sant Medir&#8230; ya hemos llegado a la siguiente ermita.<\/p>\n<div id=\"attachment_19692\" style=\"width: 573px\" class=\"wp-caption aligncenter\"><a class=\"dt-single-image\" href=\"https:\/\/www.monta\u00f1asdelaluna.es\/wp-content\/uploads\/2015\/08\/Collserola.-De-Barcelona-a-Sant-Cugat.-04-09-11-035.jpg\" data-dt-img-description=\"\"><img loading=\"lazy\" decoding=\"async\" aria-describedby=\"caption-attachment-19692\" class=\"wp-image-19692 size-full\" src=\"https:\/\/www.monta\u00f1asdelaluna.es\/wp-content\/uploads\/2015\/08\/Collserola.-De-Barcelona-a-Sant-Cugat.-04-09-11-035.jpg\" alt=\"Sant Medir\" width=\"563\" height=\"751\" srcset=\"https:\/\/www.monta\u00f1asdelaluna.es\/wp-content\/uploads\/2015\/08\/Collserola.-De-Barcelona-a-Sant-Cugat.-04-09-11-035.jpg 563w, https:\/\/www.monta\u00f1asdelaluna.es\/wp-content\/uploads\/2015\/08\/Collserola.-De-Barcelona-a-Sant-Cugat.-04-09-11-035-225x300.jpg 225w\" sizes=\"auto, (max-width: 563px) 100vw, 563px\" \/><\/a><p id=\"caption-attachment-19692\" class=\"wp-caption-text\">Sant Medir<\/p><\/div>\n<div id=\"attachment_19698\" style=\"width: 761px\" class=\"wp-caption aligncenter\"><a class=\"dt-single-image\" href=\"https:\/\/www.monta\u00f1asdelaluna.es\/wp-content\/uploads\/2015\/08\/Collserola.-De-Barcelona-a-Sant-Cugat.-04-09-11-045.jpg\" data-dt-img-description=\"\"><img loading=\"lazy\" decoding=\"async\" aria-describedby=\"caption-attachment-19698\" class=\"wp-image-19698 size-full\" src=\"https:\/\/www.monta\u00f1asdelaluna.es\/wp-content\/uploads\/2015\/08\/Collserola.-De-Barcelona-a-Sant-Cugat.-04-09-11-045.jpg\" alt=\"Camino de Can Borrel\" width=\"751\" height=\"563\" srcset=\"https:\/\/www.monta\u00f1asdelaluna.es\/wp-content\/uploads\/2015\/08\/Collserola.-De-Barcelona-a-Sant-Cugat.-04-09-11-045.jpg 751w, https:\/\/www.monta\u00f1asdelaluna.es\/wp-content\/uploads\/2015\/08\/Collserola.-De-Barcelona-a-Sant-Cugat.-04-09-11-045-300x225.jpg 300w\" sizes=\"auto, (max-width: 751px) 100vw, 751px\" \/><\/a><p id=\"caption-attachment-19698\" class=\"wp-caption-text\">Camino de Can Borrel<\/p><\/div>\n<p>Antes de verlas, el bullicio y griter\u00edo, anteceden a la numerosa gente que, de turismo, paseo, o con la bici, visitan la Ermita de Sant Medir, la Font de Can Gener y el bello entorno. Llama m\u00e1s la atenci\u00f3n la casa con ese tejado colorido y puntiagudo, t\u00edpico de \u00e9poca, que el propio templo, a pesar de su pareja de campanas colgadas sobre la puerta principal que la hacen muy original. \u201c\u00c8s una de las esgl\u00e8sies mes conegudes de Collserola&#8230; Est\u00e0 documentada des de el segle X&#8230;\u201d nos dice el olvidado libro (en casa) de las Rutes del Patrimoni Arquitect\u00f2nic.<\/p>\n<p>Seguimos ahora f\u00e1cil por la pista, muy transitada, que queda al fondo de la Vall de Gausac en direcci\u00f3n Sant Cugat y a la siguiente ermita, la del Sant Adjutori. Hay muchos ciclistas que suben y bajan por la pista y en m\u00e1s de una ocasi\u00f3n debemos apartarnos para no ser atropellados por ellos. La riqueza natural del valle sigue siendo una nota predominante en Collserola. De vez en cuando tambi\u00e9n cruzamos la Riera de Sant Medir que lleva un poco de agua y le d\u00e1 un toque selv\u00e1tico al lugar. Entre charlas y el discurrir del tiempo llegamos a un cruce se\u00f1alado, a la derecha se va a la Ermita de Sant Adjuntori y a un Forn Ib\u00e8ric.<\/p>\n<div id=\"attachment_19705\" style=\"width: 761px\" class=\"wp-caption aligncenter\"><a class=\"dt-single-image\" href=\"https:\/\/www.monta\u00f1asdelaluna.es\/wp-content\/uploads\/2015\/08\/Collserola.-De-Barcelona-a-Sant-Cugat.-04-09-11-055.jpg\" data-dt-img-description=\"\"><img loading=\"lazy\" decoding=\"async\" aria-describedby=\"caption-attachment-19705\" class=\"wp-image-19705 size-full\" src=\"https:\/\/www.monta\u00f1asdelaluna.es\/wp-content\/uploads\/2015\/08\/Collserola.-De-Barcelona-a-Sant-Cugat.-04-09-11-055.jpg\" alt=\"Ermita de Sant Adjutori\" width=\"751\" height=\"563\" srcset=\"https:\/\/www.monta\u00f1asdelaluna.es\/wp-content\/uploads\/2015\/08\/Collserola.-De-Barcelona-a-Sant-Cugat.-04-09-11-055.jpg 751w, https:\/\/www.monta\u00f1asdelaluna.es\/wp-content\/uploads\/2015\/08\/Collserola.-De-Barcelona-a-Sant-Cugat.-04-09-11-055-300x225.jpg 300w\" sizes=\"auto, (max-width: 751px) 100vw, 751px\" \/><\/a><p id=\"caption-attachment-19705\" class=\"wp-caption-text\">Ermita de Sant Adjutori<\/p><\/div>\n<p>Casi como escondida del bullicio de la pista principal pero muy cerca de ella, se encuentra la cil\u00edndrica y curiosa construcci\u00f3n de Sant Adjutori. Le doy la vuelta para observar toda su planta y paredes cil\u00edndricas y despu\u00e9s me acerco al cercano y poco atractivo Forn Ib\u00e8ric. Maltrecho y descuidado este horno de los \u00edberos se encuentra tapado y resguardado por un pl\u00e1stico quedando sus restos invisibles a nuestros ojos. Pero lo interesante y curioso era el templo de Sant Adjutori, que como dice la gu\u00eda de Rutes del Patrimoni Arquitect\u00f2nic: \u201cEs una de las escasses esgl\u00e8sias de planta rodona de tot Catalunya, en un estil d\u2019inspiraci\u00f3 bizantina molt poc com\u00fa al nostre pa\u00eds&#8230;\u201d Y dentro de su propia sencillez, una belleza \u00fanica.<\/p>\n<p>Muy cerca queda Can Borrel y su restaurante, siguiendo la misma pista principal en la misma direcci\u00f3n, valle abajo hac\u00eda Sant Cugat. Nos encontramos un cruce: a la derecha vamos a Cerdanyola, a la izquierda al Tibidabo y al Pant\u00e1 de Can Borrel (que queda en otro vallecillo) y recto hac\u00eda Sant Cugat. La monta\u00f1a en esta parte parece haber desaparecido con sus pendientes y ahora recorremos terrenos horizontales mon\u00f3tonos pero boscosos con algunos bancales de explotaci\u00f3n agr\u00edcola. La cercan\u00eda con Sant Cugat hace que aparezcan m\u00e1s gente y visitantes por la ancha pista.<\/p>\n<div id=\"attachment_19710\" style=\"width: 761px\" class=\"wp-caption aligncenter\"><a class=\"dt-single-image\" href=\"https:\/\/www.monta\u00f1asdelaluna.es\/wp-content\/uploads\/2015\/08\/Collserola.-De-Barcelona-a-Sant-Cugat.-04-09-11-062.jpg\" data-dt-img-description=\"\"><img loading=\"lazy\" decoding=\"async\" aria-describedby=\"caption-attachment-19710\" class=\"wp-image-19710 size-full\" src=\"https:\/\/www.monta\u00f1asdelaluna.es\/wp-content\/uploads\/2015\/08\/Collserola.-De-Barcelona-a-Sant-Cugat.-04-09-11-062.jpg\" alt=\"Atr\u00e1s queda Can Borrel\" width=\"751\" height=\"563\" srcset=\"https:\/\/www.monta\u00f1asdelaluna.es\/wp-content\/uploads\/2015\/08\/Collserola.-De-Barcelona-a-Sant-Cugat.-04-09-11-062.jpg 751w, https:\/\/www.monta\u00f1asdelaluna.es\/wp-content\/uploads\/2015\/08\/Collserola.-De-Barcelona-a-Sant-Cugat.-04-09-11-062-300x225.jpg 300w\" sizes=\"auto, (max-width: 751px) 100vw, 751px\" \/><\/a><p id=\"caption-attachment-19710\" class=\"wp-caption-text\">Atr\u00e1s queda Can Borrel<\/p><\/div>\n<div id=\"attachment_19716\" style=\"width: 761px\" class=\"wp-caption aligncenter\"><a class=\"dt-single-image\" href=\"https:\/\/www.monta\u00f1asdelaluna.es\/wp-content\/uploads\/2015\/08\/Collserola.-De-Barcelona-a-Sant-Cugat.-04-09-11-071.jpg\" data-dt-img-description=\"\"><img loading=\"lazy\" decoding=\"async\" aria-describedby=\"caption-attachment-19716\" class=\"wp-image-19716 size-full\" src=\"https:\/\/www.monta\u00f1asdelaluna.es\/wp-content\/uploads\/2015\/08\/Collserola.-De-Barcelona-a-Sant-Cugat.-04-09-11-071.jpg\" alt=\"P\u00ed d'en Xandri y detr\u00e1s Sant Cugat\" width=\"751\" height=\"563\" srcset=\"https:\/\/www.monta\u00f1asdelaluna.es\/wp-content\/uploads\/2015\/08\/Collserola.-De-Barcelona-a-Sant-Cugat.-04-09-11-071.jpg 751w, https:\/\/www.monta\u00f1asdelaluna.es\/wp-content\/uploads\/2015\/08\/Collserola.-De-Barcelona-a-Sant-Cugat.-04-09-11-071-300x225.jpg 300w\" sizes=\"auto, (max-width: 751px) 100vw, 751px\" \/><\/a><p id=\"caption-attachment-19716\" class=\"wp-caption-text\">P\u00ed d&#8217;en Xandri y detr\u00e1s Sant Cugat<\/p><\/div>\n<p>Bajando por la pista vamos al encuentro del \u201c\u00faltimo monumento\u201d que esta vez no ser\u00e1 artificial si no natural: el P\u00ed d\u2019en Xandri. Al fondo comenzamos a vislumbrar las construcciones de una ciudad, presididas por una alta torre de aspecto viejo y medieval: es Sant Cugat del Vall\u00e8s y su Monasterio. Al poco rato un enorme pino apuntalado con otros enormes maderos, nos llama la atenci\u00f3n. Hemos llegado al P\u00ed d\u2019en Xandri. Es enorme este \u00e1rbol. Sandra y Yolanda nos cuentan que intentaron talarlo para construir un campo de golf, y que, evidentemente, los vecinos de Sant Cugat se opusieron defendi\u00e9ndolo. Bajo, en su tronco, se aprecia la herida de ese intento de tala; por ello est\u00e1 apuntalado e intentan salvarlo. \u201cUn arbre que fa 23 metres d\u2019al\u00e7ada i t\u00e9 mes de 230 anys d\u2019edat&#8230;\u201d nos dice la gu\u00eda de Rutes del Patrimoni Arquitect\u00f2nic. Es un ejemplar magn\u00edfico y asombroso.<\/p>\n<p>De aqu\u00ed a Sant Cugat ya no queda nada. Siguiendo la misma pista desemboca en el casco urbano en una redonda de la Avinguda Pl\u00e1 del Vinyet. A la izquierda hemos dejado la edificaci\u00f3n medieval de la Torre Negra que no hemos visto, ni nos hemos dado cuenta de su cercan\u00eda; ya que el camino \u00e9ste es el llamado Cam\u00ed de La Torre Negra. Seguimos la avenida sin desviarnos, hacia el oeste y suroeste, despu\u00e9s se convierte en Avinguda Rambla Ribatallada y desde aqu\u00ed por la calle \u00c1ngel Guimar\u00e1, que sale a la derecha despu\u00e9s de unas isletas, llegamos a la Estaci\u00f3n de Tren del centro. Antes habremos visto indicaciones de direcciones hac\u00eda el Monasterio de Sant Cugat; si no lo hab\u00e9is visto es aconsejable su visita por la historia, arquitectura y lo que representa&#8230; es un edificio medio castillo, medio templo religioso. Interesante y fascinante. Nosotros nos fuimos directamente a la estaci\u00f3n para coger el tren y que Anna no se perdiera las carreras de motos.<\/p>\n<div id=\"attachment_19717\" style=\"width: 761px\" class=\"wp-caption aligncenter\"><a class=\"dt-single-image\" href=\"https:\/\/www.monta\u00f1asdelaluna.es\/wp-content\/uploads\/2015\/08\/Collserola.-De-Barcelona-a-Sant-Cugat.-04-09-11-072.jpg\" data-dt-img-description=\"\"><img loading=\"lazy\" decoding=\"async\" aria-describedby=\"caption-attachment-19717\" class=\"wp-image-19717 size-full\" src=\"https:\/\/www.monta\u00f1asdelaluna.es\/wp-content\/uploads\/2015\/08\/Collserola.-De-Barcelona-a-Sant-Cugat.-04-09-11-072.jpg\" alt=\"P\u00ed d'en Xandri\" width=\"751\" height=\"563\" srcset=\"https:\/\/www.monta\u00f1asdelaluna.es\/wp-content\/uploads\/2015\/08\/Collserola.-De-Barcelona-a-Sant-Cugat.-04-09-11-072.jpg 751w, https:\/\/www.monta\u00f1asdelaluna.es\/wp-content\/uploads\/2015\/08\/Collserola.-De-Barcelona-a-Sant-Cugat.-04-09-11-072-300x225.jpg 300w\" sizes=\"auto, (max-width: 751px) 100vw, 751px\" \/><\/a><p id=\"caption-attachment-19717\" class=\"wp-caption-text\">P\u00ed d&#8217;en Xandri<\/p><\/div>\n<p>Pensando que la marcha ser\u00eda igual de larga o m\u00e1s que la de Barcelona a Cerdanyola, ha resultado ser m\u00e1s corta y amena; en menos tiempo del previsto hemos llegado a nuestros destino.<\/p>\n<p>Como cualquiera de los recorridos por Collserola, ha sido precioso, curioso y lleno de historias. Espero que este sea el comienzo para que en las siguientes salidas, se venga m\u00e1s gente con nosotros. Un saludo a las participantes y nos vemos en las siguientes.<\/p>\n<div id=\"attachment_19825\" style=\"width: 750px\" class=\"wp-caption aligncenter\"><a class=\"dt-single-image\" href=\"https:\/\/www.monta\u00f1asdelaluna.es\/wp-content\/uploads\/2011\/09\/De-Barcelona-a-Sant-Cugat.blog_.croquis.jpg\" data-dt-img-description=\"\"><img loading=\"lazy\" decoding=\"async\" aria-describedby=\"caption-attachment-19825\" class=\"wp-image-19825 size-full\" src=\"https:\/\/www.monta\u00f1asdelaluna.es\/wp-content\/uploads\/2011\/09\/De-Barcelona-a-Sant-Cugat.blog_.croquis.jpg\" alt=\"Croquis del recorrido de Barcelona a Sant Cugat por la Ruta de Las Ermitas\" width=\"740\" height=\"723\" srcset=\"https:\/\/www.monta\u00f1asdelaluna.es\/wp-content\/uploads\/2011\/09\/De-Barcelona-a-Sant-Cugat.blog_.croquis.jpg 740w, https:\/\/www.monta\u00f1asdelaluna.es\/wp-content\/uploads\/2011\/09\/De-Barcelona-a-Sant-Cugat.blog_.croquis-300x293.jpg 300w\" sizes=\"auto, (max-width: 740px) 100vw, 740px\" \/><\/a><p id=\"caption-attachment-19825\" class=\"wp-caption-text\">Croquis del recorrido de Barcelona a Sant Cugat por la Ruta de Las Ermitas<\/p><\/div>\n<p>[vc_separator][\/vc_column_text][\/vc_column][\/vc_row][vc_row][vc_column][vc_empty_space height=\u00bb60px\u00bb][\/vc_column][\/vc_row][vc_row][vc_column][vc_cta h2=\u00bb\u00c1lbum de fotos\u00bb txt_align=\u00bbcenter\u00bb add_button=\u00bbbottom\u00bb btn_title=\u00bbVer fotos\u00bb btn_color=\u00bbwarning\u00bb btn_align=\u00bbcenter\u00bb btn_link=\u00bburl:https%3A%2F%2Fmonta%C3%B1asdelaluna.es%2F%3Fdt_gallery%3Dprueba-5|title:Collserola.%20Ruta%20de%20Las%20Ermitas|target:_blank\u00bb css=\u00bb.vc_custom_1625815110503{background-color: #8bc4ed !important;}\u00bb]Puedes ver todas las fotos del relato y actividad en forma de presentaci\u00f3n o individuales pinchando aqui \u00a1No te las pierdas![\/vc_cta][\/vc_column][\/vc_row][vc_row][vc_column][vc_empty_space height=\u00bb60px\u00bb][\/vc_column][\/vc_row][vc_row][vc_column width=\u00bb1\/6&#8243;][\/vc_column][vc_column width=\u00bb1\/3&#8243;][vc_raw_html]JTNDaWZyYW1lJTIwc3JjJTNEJTIyaHR0cHMlM0ElMkYlMkZ3d3cubWV0ZW9ibHVlLmNvbSUyRmVzJTJGdGllbXBvJTJGd2lkZ2V0JTJGZGFpbHklMkZiYXJjZWxvbmFfZXNwYSUyNWMzJTI1YjFhXzMxMjg3NjAlM0ZkYXlzJTNENyUyNnRlbXB1bml0JTNEQ0VMU0lVUyUyNndpbmR1bml0JTNES0lMT01FVEVSX1BFUl9IT1VSJTI2cGljdG9pY29uJTNEMSUyNm1heHRlbXBlcmF0dXJlJTNEMSUyNm1pbnRlbXBlcmF0dXJlJTNEMSUyNndpbmRzcGVlZCUzRDElMjZ3aW5kZ3VzdCUzRDElMjZ3aW5kZGlyZWN0aW9uJTNEMSUyNnByZWNpcGl0YXRpb24lM0QxJTI2cHJlY2lwaXRhdGlvbnByb2JhYmlsaXR5JTNEMSUyNnNwb3QlM0QxJTI2cHJlc3N1cmUlM0QxJTI2bGF5b3V0JTNEbGlnaHQlMjIlMjAlMjBmcmFtZWJvcmRlciUzRCUyMjAlMjIlMjBzY3JvbGxpbmclM0QlMjJOTyUyMiUyMGFsbG93dHJhbnNwYXJlbmN5JTNEJTIydHJ1ZSUyMiUyMHN0eWxlJTNEJTIyd2lkdGglM0ElMjAzNzhweCUzQmhlaWdodCUzQSUyMDM4MXB4JTIyJTNFJTNDJTJGaWZyYW1lJTNFJTNDZGl2JTNFJTNDJTIxLS0lMjBETyUyME5PVCUyMFJFTU9WRSUyMFRISVMlMjBMSU5LJTIwLS0lM0UlM0NhJTIwaHJlZiUzRCUyMmh0dHBzJTNBJTJGJTJGd3d3Lm1ldGVvYmx1ZS5jb20lMkZlcyUyRnRpZW1wbyUyRnByb25vc3RpY28lMkZzZW1hbmElMkZiYXJjZWxvbmFfZXNwYSUyNWMzJTI1YjFhXzMxMjg3NjAlMjIlMjB0YXJnZXQlM0QlMjJfYmxhbmslMjIlM0VtZXRlb2JsdWUlM0MlMkZhJTNFJTNDJTJGZGl2JTNF[\/vc_raw_html][\/vc_column][vc_column width=\u00bb1\/3&#8243;][vc_raw_html]JTNDaWZyYW1lJTIwc3JjJTNEJTIyaHR0cHMlM0ElMkYlMkZ3d3cubWV0ZW9ibHVlLmNvbSUyRmVzJTJGdGllbXBvJTJGd2lkZ2V0JTJGZGFpbHklMkZzYW50LWN1Z2F0X2VzcGElMjVjMyUyNWIxYV8zMTEwNzE4JTNGZGF5cyUzRDclMjZ0ZW1wdW5pdCUzRENFTFNJVVMlMjZ3aW5kdW5pdCUzREtJTE9NRVRFUl9QRVJfSE9VUiUyNnBpY3RvaWNvbiUzRDElMjZtYXh0ZW1wZXJhdHVyZSUzRDElMjZtaW50ZW1wZXJhdHVyZSUzRDElMjZ3aW5kc3BlZWQlM0QxJTI2d2luZGd1c3QlM0QxJTI2d2luZGRpcmVjdGlvbiUzRDElMjZwcmVjaXBpdGF0aW9uJTNEMSUyNnByZWNpcGl0YXRpb25wcm9iYWJpbGl0eSUzRDElMjZzcG90JTNEMSUyNnByZXNzdXJlJTNEMSUyNmxheW91dCUzRGxpZ2h0JTIyJTIwJTIwZnJhbWVib3JkZXIlM0QlMjIwJTIyJTIwc2Nyb2xsaW5nJTNEJTIyTk8lMjIlMjBhbGxvd3RyYW5zcGFyZW5jeSUzRCUyMnRydWUlMjIlMjBzdHlsZSUzRCUyMndpZHRoJTNBJTIwMzc4cHglM0JoZWlnaHQlM0ElMjAzODFweCUyMiUzRSUzQyUyRmlmcmFtZSUzRSUzQ2RpdiUzRSUzQyUyMS0tJTIwRE8lMjBOT1QlMjBSRU1PVkUlMjBUSElTJTIwTElOSyUyMC0tJTNFJTNDYSUyMGhyZWYlM0QlMjJodHRwcyUzQSUyRiUyRnd3dy5tZXRlb2JsdWUuY29tJTJGZXMlMkZ0aWVtcG8lMkZwcm9ub3N0aWNvJTJGc2VtYW5hJTJGc2FudC1jdWdhdF9lc3BhJTI1YzMlMjViMWFfMzExMDcxOCUyMiUyMHRhcmdldCUzRCUyMl9ibGFuayUyMiUzRW1ldGVvYmx1ZSUzQyUyRmElM0UlM0MlMkZkaXYlM0U=[\/vc_raw_html][\/vc_column][vc_column width=\u00bb1\/6&#8243;][\/vc_column][\/vc_row]<\/p>\n","protected":false},"excerpt":{"rendered":"<p>[vc_row][vc_column][vc_column_text]Quer\u00eda comenzar la temporada haciendo una bonita y a la vez interesante ruta por la sierra m\u00e1s cercana a casa: Collserola. A la vez quer\u00eda intentar la marcha de \u201cLa ruta de las ermitas\u201d del libro de \u201cRutes del Patrimoni arquitect\u00f2nic\u201d de la Red de Parques Naturales de la Provincia de Barcelona; ya que en&hellip;<\/p>\n","protected":false},"author":1,"featured_media":19691,"comment_status":"open","ping_status":"open","sticky":false,"template":"","format":"standard","meta":[],"categories":[49],"tags":[],"class_list":["post-19739","post","type-post","status-publish","format-standard","has-post-thumbnail","hentry","category-collserola","category-49","description-off"],"_links":{"self":[{"href":"https:\/\/www.monta\u00f1asdelaluna.es\/index.php?rest_route=\/wp\/v2\/posts\/19739","targetHints":{"allow":["GET"]}}],"collection":[{"href":"https:\/\/www.monta\u00f1asdelaluna.es\/index.php?rest_route=\/wp\/v2\/posts"}],"about":[{"href":"https:\/\/www.monta\u00f1asdelaluna.es\/index.php?rest_route=\/wp\/v2\/types\/post"}],"author":[{"embeddable":true,"href":"https:\/\/www.monta\u00f1asdelaluna.es\/index.php?rest_route=\/wp\/v2\/users\/1"}],"replies":[{"embeddable":true,"href":"https:\/\/www.monta\u00f1asdelaluna.es\/index.php?rest_route=%2Fwp%2Fv2%2Fcomments&post=19739"}],"version-history":[{"count":26,"href":"https:\/\/www.monta\u00f1asdelaluna.es\/index.php?rest_route=\/wp\/v2\/posts\/19739\/revisions"}],"predecessor-version":[{"id":50167,"href":"https:\/\/www.monta\u00f1asdelaluna.es\/index.php?rest_route=\/wp\/v2\/posts\/19739\/revisions\/50167"}],"wp:featuredmedia":[{"embeddable":true,"href":"https:\/\/www.monta\u00f1asdelaluna.es\/index.php?rest_route=\/wp\/v2\/media\/19691"}],"wp:attachment":[{"href":"https:\/\/www.monta\u00f1asdelaluna.es\/index.php?rest_route=%2Fwp%2Fv2%2Fmedia&parent=19739"}],"wp:term":[{"taxonomy":"category","embeddable":true,"href":"https:\/\/www.monta\u00f1asdelaluna.es\/index.php?rest_route=%2Fwp%2Fv2%2Fcategories&post=19739"},{"taxonomy":"post_tag","embeddable":true,"href":"https:\/\/www.monta\u00f1asdelaluna.es\/index.php?rest_route=%2Fwp%2Fv2%2Ftags&post=19739"}],"curies":[{"name":"wp","href":"https:\/\/api.w.org\/{rel}","templated":true}]}}