{"id":19856,"date":"2012-07-14T15:55:19","date_gmt":"2012-07-14T15:55:19","guid":{"rendered":"http:\/\/monta\u00f1asdelaluna.com\/?p=19856"},"modified":"2021-08-04T20:25:28","modified_gmt":"2021-08-04T20:25:28","slug":"marcha-nocturna-a-la-mola","status":"publish","type":"post","link":"https:\/\/www.monta\u00f1asdelaluna.es\/?p=19856","title":{"rendered":"Marcha nocturna a La Mola"},"content":{"rendered":"<p>[vc_row][vc_column][vc_column_text]Nuestra amiga Raquel, avisados por Kike y Xenia, organizaba una sencilla, f\u00e1cil y emocionante excursi\u00f3n por el macizo del Montcau-La Mola, y despu\u00e9s de la desaparecida C\u00faspidis, nos pareci\u00f3 una buena excusa para reencontrarnos. Como es verano lo mejor, para no sufrir el calor estival, era realizarla al atardecer y por la noche, y as\u00ed disfrutar con la fresca.<\/p>\n<p>As\u00ed pues el pasado 14 de julio quedamos cerca de las 8 de la tarde en el Coll d\u2019Estenalles, en el parking del parque natural a 873 mts. de altura. Salimos en direcci\u00f3n al Montcau mientras el sol a\u00fan no se hab\u00eda puesto a\u00fan. La ruta era seguir todo el camino, senda, que desde el Montcau enlaza con La Mola por todo lo alto del macizo. As\u00ed pues comenzamos cogiendo el camino asfaltado que queda detr\u00e1s del edificio del Coll d\u2019Estenalles y que pasa por las faldas del Montcau en direcci\u00f3n al Coll d\u2019Eres.<\/p>\n<div id=\"attachment_19833\" style=\"width: 761px\" class=\"wp-caption aligncenter\"><a class=\"dt-single-image\" href=\"https:\/\/www.monta\u00f1asdelaluna.es\/wp-content\/uploads\/2015\/08\/Lo-Mola-nocturna.-14-07-12-004.jpg\" data-dt-img-description=\"\"><img loading=\"lazy\" decoding=\"async\" aria-describedby=\"caption-attachment-19833\" class=\"wp-image-19833 size-full\" src=\"https:\/\/www.monta\u00f1asdelaluna.es\/wp-content\/uploads\/2015\/08\/Lo-Mola-nocturna.-14-07-12-004.jpg\" alt=\"Saliendo del Coll d'Estenalles, delante el Montcau\" width=\"751\" height=\"563\" srcset=\"https:\/\/www.monta\u00f1asdelaluna.es\/wp-content\/uploads\/2015\/08\/Lo-Mola-nocturna.-14-07-12-004.jpg 751w, https:\/\/www.monta\u00f1asdelaluna.es\/wp-content\/uploads\/2015\/08\/Lo-Mola-nocturna.-14-07-12-004-300x225.jpg 300w\" sizes=\"auto, (max-width: 751px) 100vw, 751px\" \/><\/a><p id=\"caption-attachment-19833\" class=\"wp-caption-text\">Saliendo del Coll d&#8217;Estenalles, delante el Montcau<\/p><\/div>\n<p>No hac\u00eda nada de calor, es m\u00e1s, el viento fresco y h\u00famedo hizo que los participantes se pusieran prendas de manga larga. Las vistas del atardecer eran extraordinarias: La Mata, detr\u00e1s Montserrat, Castellsapera en la Sierra de l\u2019Obac&#8230; bajo un rojo sol vivo. Pero la oscuridad se hac\u00eda esperar, y esos \u00faltimos rayos de sol le dieron un aspecto grandioso, hermoso, c\u00e1lido e incluso con un aire de misterio a las roquedas faldas conglomeradas de ese \u201csombrero chino\u201d que tiene de forma el Montcau. Hermoso. Tranquilidad, silencio y el flojo viento fresco, pero no estamos solos, otra gente aprovecha estas horas m\u00e1gicas para contemplar las maravillas de la naturaleza: sentados, caminando, disfrutando&#8230;<\/p>\n<p>La marcha es sencilla: del Coll d\u2019Estenalles pasamos al Coll d\u2019Eres y de aqu\u00ed, recto con sus subidas y bajadas, a La Mola. Est\u00e1 todo muy indicado, sin p\u00e9rdida, a pesar de la oscuridad del atardecer y de la posterior noche. Pasado el Coll d\u2019Eres, dejamos ahora al Montcau detr\u00e1s nuestro. Poco despu\u00e9s, entre la oscuridad pr\u00f3xima de la noche y del estupendo bosque cerrado, pasamos junto al Roure del Palau, y nos fijamos que est\u00e1n arreglando su suelo.<\/p>\n<div id=\"attachment_19840\" style=\"width: 761px\" class=\"wp-caption aligncenter\"><a class=\"dt-single-image\" href=\"https:\/\/www.monta\u00f1asdelaluna.es\/wp-content\/uploads\/2015\/08\/Lo-Mola-nocturna.-14-07-12-013.jpg\" data-dt-img-description=\"\"><img loading=\"lazy\" decoding=\"async\" aria-describedby=\"caption-attachment-19840\" class=\"wp-image-19840 size-full\" src=\"https:\/\/www.monta\u00f1asdelaluna.es\/wp-content\/uploads\/2015\/08\/Lo-Mola-nocturna.-14-07-12-013.jpg\" alt=\"Arriba el Montcau\" width=\"751\" height=\"563\" srcset=\"https:\/\/www.monta\u00f1asdelaluna.es\/wp-content\/uploads\/2015\/08\/Lo-Mola-nocturna.-14-07-12-013.jpg 751w, https:\/\/www.monta\u00f1asdelaluna.es\/wp-content\/uploads\/2015\/08\/Lo-Mola-nocturna.-14-07-12-013-300x225.jpg 300w\" sizes=\"auto, (max-width: 751px) 100vw, 751px\" \/><\/a><p id=\"caption-attachment-19840\" class=\"wp-caption-text\">Arriba el Montcau<\/p><\/div>\n<div id=\"attachment_19842\" style=\"width: 761px\" class=\"wp-caption aligncenter\"><a class=\"dt-single-image\" href=\"https:\/\/www.monta\u00f1asdelaluna.es\/wp-content\/uploads\/2015\/08\/Lo-Mola-nocturna.-14-07-12-015.jpg\" data-dt-img-description=\"\"><img loading=\"lazy\" decoding=\"async\" aria-describedby=\"caption-attachment-19842\" class=\"wp-image-19842 size-full\" src=\"https:\/\/www.monta\u00f1asdelaluna.es\/wp-content\/uploads\/2015\/08\/Lo-Mola-nocturna.-14-07-12-015.jpg\" alt=\"Coll d'Eres\" width=\"751\" height=\"563\" srcset=\"https:\/\/www.monta\u00f1asdelaluna.es\/wp-content\/uploads\/2015\/08\/Lo-Mola-nocturna.-14-07-12-015.jpg 751w, https:\/\/www.monta\u00f1asdelaluna.es\/wp-content\/uploads\/2015\/08\/Lo-Mola-nocturna.-14-07-12-015-300x225.jpg 300w\" sizes=\"auto, (max-width: 751px) 100vw, 751px\" \/><\/a><p id=\"caption-attachment-19842\" class=\"wp-caption-text\">Coll d&#8217;Eres<\/p><\/div>\n<p>Charlas, risas y amables conversaciones, \u201cintentos\u201d de fotos de libro, mientras la oscuridad del bosque cerrado y de la inminente noche me chafan algunas instant\u00e1neas. Un grupo de j\u00f3venes (m\u00e1s j\u00f3venes) se cruzan con nosotros en mitad de la ya oscura senda. Han salido como nosotros de Coll d\u2019Estenalles y dicen que van a pasar la noche a Els \u00d2bits. Hemos encendido los frontales en mitad del oscuro bosque, aunque a la salida del mismo los apagamos para acostumbrarnos a lo que queda de luz del d\u00eda. Pasamos por Les Pinasses y busco, junto con Kike, la senda de salida en nuestro recorrido de este febrero pasado por el <a href=\"https:\/\/www.monta\u00f1asdelaluna.es\/?p=18422\" target=\"_blank\" rel=\"noopener\">Montcau<\/a>.<\/p>\n<p>M\u00e1s adelante la senda baja altura y enseguida se interna en otro frondoso bosque de viejos Quercus. Reconozco el lugar a pesar de la profunda oscuridad y descubro el Pi Tort, donde la senda bajaba en direcci\u00f3n a La Barata en la primera ascensi\u00f3n a <a href=\"https:\/\/www.monta\u00f1asdelaluna.es\/?p=16601\" target=\"_blank\" rel=\"noopener\">La Mola.<\/a><\/p>\n<p>Ya es casi noche cerrada y llegamos hasta las laderas del Tur\u00f3 d\u2019en Griera. Antes, algunas fotos con asustadizas protagonistas que se ven sorprendidas por un rayo de luz en medio de la oscuridad. Y antes de las tinieblas, ya hemos vislumbrado entre una espectral oscuridad azul, la construcci\u00f3n del monasterio arriba en la cima de La Mola&#8230; \u00a1\u00a1All\u00e1 debemos de llegar!! Pero la noche ya nos ha cogido de pleno, y en El Morral del Drac y comienzo de subida a La Mola, su oscuridad llena todos los rincones, rocas, laderas, bosques&#8230;<\/p>\n<div id=\"attachment_19843\" style=\"width: 761px\" class=\"wp-caption aligncenter\"><a class=\"dt-single-image\" href=\"https:\/\/www.monta\u00f1asdelaluna.es\/wp-content\/uploads\/2015\/08\/Lo-Mola-nocturna.-14-07-12-021.jpg\" data-dt-img-description=\"\"><img loading=\"lazy\" decoding=\"async\" aria-describedby=\"caption-attachment-19843\" class=\"wp-image-19843 size-full\" src=\"https:\/\/www.monta\u00f1asdelaluna.es\/wp-content\/uploads\/2015\/08\/Lo-Mola-nocturna.-14-07-12-021.jpg\" alt=\"El sol se pone entre la vegetaci\u00f3n\" width=\"751\" height=\"563\" srcset=\"https:\/\/www.monta\u00f1asdelaluna.es\/wp-content\/uploads\/2015\/08\/Lo-Mola-nocturna.-14-07-12-021.jpg 751w, https:\/\/www.monta\u00f1asdelaluna.es\/wp-content\/uploads\/2015\/08\/Lo-Mola-nocturna.-14-07-12-021-300x225.jpg 300w\" sizes=\"auto, (max-width: 751px) 100vw, 751px\" \/><\/a><p id=\"caption-attachment-19843\" class=\"wp-caption-text\">El sol se pone entre la vegetaci\u00f3n<\/p><\/div>\n<div id=\"attachment_19848\" style=\"width: 761px\" class=\"wp-caption aligncenter\"><a class=\"dt-single-image\" href=\"https:\/\/www.monta\u00f1asdelaluna.es\/wp-content\/uploads\/2015\/08\/Lo-Mola-nocturna.-14-07-12-035.jpg\" data-dt-img-description=\"\"><img loading=\"lazy\" decoding=\"async\" aria-describedby=\"caption-attachment-19848\" class=\"wp-image-19848 size-full\" src=\"https:\/\/www.monta\u00f1asdelaluna.es\/wp-content\/uploads\/2015\/08\/Lo-Mola-nocturna.-14-07-12-035.jpg\" alt=\"Atardecer desde La Mola\" width=\"751\" height=\"563\" srcset=\"https:\/\/www.monta\u00f1asdelaluna.es\/wp-content\/uploads\/2015\/08\/Lo-Mola-nocturna.-14-07-12-035.jpg 751w, https:\/\/www.monta\u00f1asdelaluna.es\/wp-content\/uploads\/2015\/08\/Lo-Mola-nocturna.-14-07-12-035-300x225.jpg 300w\" sizes=\"auto, (max-width: 751px) 100vw, 751px\" \/><\/a><p id=\"caption-attachment-19848\" class=\"wp-caption-text\">Atardecer desde La Mola<\/p><\/div>\n<p>Aqu\u00ed no debemos separarnos demasiado, ya que las vertientes son enga\u00f1osas, la oscuridad total y los resbalones posibles; por ello vamos esperando y reagrup\u00e1ndonos en cada distanciamiento que cogemos. Han arreglado el escabroso paso que se estrechaba entre cortadas rocas; pero no ha gustado a los participantes ya que se oyen cr\u00edticas como \u201c\u00a1otra escalera!\u201d, \u201cle quitan todo el encanto a la monta\u00f1a&#8230;\u201d<\/p>\n<p>Pronto salimos a la descubierta ladera previa a la cima de La Mola. All\u00e1 arriba, enfrente nuestro, aparece la construcci\u00f3n del monasterio en una imagen fantasmag\u00f3rica, espectral, con el color naranja fosforito del cielo rodeado de negror, y en el centro la oscura figura del tejado, torre y paredes del Monasterio de Sant Lloren\u00e7 del Munt. Atr\u00e1s nuestro queda a\u00fan parte del ocaso; parece como si la luz del d\u00eda no quisiera desaparecer, como una especie de verano austral con ese sol de medianoche. Pero las luces de los pueblos y ciudades hace tiempo que ya est\u00e1n encendidas, sumidas en esa oscuridad que les proporciona el fondo del valle bajo las monta\u00f1as&#8230; y ya por fin, en plena oscuridad, llegamos a la puerta del antiguo monasterio&#8230; a la cima de La Mola (1.107 mts.).<\/p>\n<div id=\"attachment_19845\" style=\"width: 761px\" class=\"wp-caption aligncenter\"><a class=\"dt-single-image\" href=\"https:\/\/www.monta\u00f1asdelaluna.es\/wp-content\/uploads\/2015\/08\/Lo-Mola-nocturna.-14-07-12-024.jpg\" data-dt-img-description=\"\"><img loading=\"lazy\" decoding=\"async\" aria-describedby=\"caption-attachment-19845\" class=\"wp-image-19845 size-full\" src=\"https:\/\/www.monta\u00f1asdelaluna.es\/wp-content\/uploads\/2015\/08\/Lo-Mola-nocturna.-14-07-12-024.jpg\" alt=\"Atardeciendo detr\u00e1s del Montcau\" width=\"751\" height=\"563\" srcset=\"https:\/\/www.monta\u00f1asdelaluna.es\/wp-content\/uploads\/2015\/08\/Lo-Mola-nocturna.-14-07-12-024.jpg 751w, https:\/\/www.monta\u00f1asdelaluna.es\/wp-content\/uploads\/2015\/08\/Lo-Mola-nocturna.-14-07-12-024-300x225.jpg 300w\" sizes=\"auto, (max-width: 751px) 100vw, 751px\" \/><\/a><p id=\"caption-attachment-19845\" class=\"wp-caption-text\">Atardeciendo detr\u00e1s del Montcau<\/p><\/div>\n<p>Sopla un viento fr\u00edo y aparecen nieblas entrelazadas con la oscuridad. Curiosamente, verdaderamente curioso, hay mucha gente en el lugar, alrededores del monasterio, en el restaurante cenando de men\u00fa, en La Mola; e incluso un perdido grupo de mujeres algo mayores que nosotros, quer\u00edan venirse con nuestro grupo por si se perd\u00edan en la oscuridad de la niebla nocturna al bajar. Cenamos en el pasillo entre la iglesia y el restaurante; bajo o sobre antiguas tumbas de otra edad. Encendemos los frontales y cada uno saca la cena que ha preparado&#8230; bocadillos y aperitivos sobre todo. Despu\u00e9s entraremos al restaurante a tomar caf\u00e9 e infusiones. Fuera, la noche ya es cerrada, dentro nos re\u00edmos y posamos para la foto de grupo. Antes Kike y yo hemos dado una vuelta alrededor del templo para buscar un sitio al res\u00e9s del fr\u00edo y molesto viento, pero solo junto al v\u00e9rtice geod\u00e9sico se calmaba la temperatura, pero ya estaba ocupado el sitio por otro grupo y la oscuridad. Curiosamente observamos como montan, una familia con ni\u00f1os, una tienda de campa\u00f1a junto a la fachada de la puerta de la iglesia&#8230; \u00a1la ilusi\u00f3n de la primera noche en el monte!<\/p>\n<p>Despu\u00e9s del caf\u00e9 y de estar un buen rato parados, decidimos volver al coche desandando el camino. Hace un fr\u00edo algo inusual en estas fechas en la pradera que baja de La Mola al Morral del Drac, y el viento y la niebla hace que se intensifique la sensaci\u00f3n de fr\u00edo y nos asombremos con un peor sentido de la orientaci\u00f3n. Pero el susto dura poco.<\/p>\n<div id=\"attachment_19849\" style=\"width: 761px\" class=\"wp-caption aligncenter\"><a class=\"dt-single-image\" href=\"https:\/\/www.monta\u00f1asdelaluna.es\/wp-content\/uploads\/2015\/08\/Lo-Mola-nocturna.-14-07-12-046.jpg\" data-dt-img-description=\"\"><img loading=\"lazy\" decoding=\"async\" aria-describedby=\"caption-attachment-19849\" class=\"wp-image-19849 size-full\" src=\"https:\/\/www.monta\u00f1asdelaluna.es\/wp-content\/uploads\/2015\/08\/Lo-Mola-nocturna.-14-07-12-046.jpg\" alt=\"Llegando a La Mola\" width=\"751\" height=\"563\" srcset=\"https:\/\/www.monta\u00f1asdelaluna.es\/wp-content\/uploads\/2015\/08\/Lo-Mola-nocturna.-14-07-12-046.jpg 751w, https:\/\/www.monta\u00f1asdelaluna.es\/wp-content\/uploads\/2015\/08\/Lo-Mola-nocturna.-14-07-12-046-300x225.jpg 300w\" sizes=\"auto, (max-width: 751px) 100vw, 751px\" \/><\/a><p id=\"caption-attachment-19849\" class=\"wp-caption-text\">Llegando a La Mola<\/p><\/div>\n<p>Como llevados por una fuerza invisible desandamos r\u00e1pidamente el camino hac\u00eda el Coll d\u2019Estenalles, donde tenemos el coche. Ser\u00e1 por que al no tener una visi\u00f3n entretenida del paisaje y solo veamos hasta donde alcanza la tenue luz del frontal, andemos m\u00e1s aprisa, sin demorarnos en la contemplaci\u00f3n. Por el camino adelantamos a otro numeroso grupo que realiza la misma gesta que nosotros: ya o\u00edamos sus sonoras voces muchos metros antes, y sus luminosos frontales desde la distante oscuridad. Van con paso m\u00e1s lento, m\u00e1s desconfiado en la noche. Ser\u00edan \u201cpresa f\u00e1cil\u201d para los habitantes nocturnos del bosque, jejejeje.<\/p>\n<p>Ahora las fotos ya no salen como quiero. No est\u00e1 preparada mi c\u00e1mara para el movimiento por la noche. Pero es sencillamente alucinante andar con el frontal apagado, intentando sentir la forma del camino, el perfil del bosque y sus \u00e1rboles, las tinieblas de los rincones&#8230; o\u00edr los ruidos entre los matorrales \u00bfel viento?, y distinguir, sentir que son pisadas, pisadas de alg\u00fan animal grande que sale por la noche ya que de d\u00eda se oculta de la amenaza del hombre&#8230; lo oigo en dos ocasiones, la \u00faltima bajo las faldas del Montcau; alerto al grupo de la presencia de dicho animal por las pisadas tan audibles, movimiento de matorrales y sonidos direccionales como si siguieran los pasos de dicho animal. Nos paramos y sin verlo, todos en el grupo escuchamos como huye entre los matojos y ramas despu\u00e9s de que sus pisadas hayan tocado el deshecho asfalto de la pista&#8230; \u00a1\u00a1Emocionante!! Pero tambi\u00e9n me sirve la oscuridad de la noche para gastar bromas a las chicas, ocult\u00e1ndome tras los oscuros muros de piedra de Coll d\u2019Eres, y \u201csali\u00e9ndoles\u201d en mitad de la oscuridad: \u00a1\u00a1Huuuuu!! Evitando la luz del frontal de Anna, y culminando en el salto por el susto de Raquel y Xenia, oyendo el fuerte palpitar de sus corazones en ese momento.<\/p>\n<div id=\"attachment_19850\" style=\"width: 761px\" class=\"wp-caption aligncenter\"><a class=\"dt-single-image\" href=\"https:\/\/www.monta\u00f1asdelaluna.es\/wp-content\/uploads\/2015\/08\/Lo-Mola-nocturna.-14-07-12-053.jpg\" data-dt-img-description=\"\"><img loading=\"lazy\" decoding=\"async\" aria-describedby=\"caption-attachment-19850\" class=\"wp-image-19850 size-full\" src=\"https:\/\/www.monta\u00f1asdelaluna.es\/wp-content\/uploads\/2015\/08\/Lo-Mola-nocturna.-14-07-12-053.jpg\" alt=\"Restaurante de La Mola\" width=\"751\" height=\"563\" srcset=\"https:\/\/www.monta\u00f1asdelaluna.es\/wp-content\/uploads\/2015\/08\/Lo-Mola-nocturna.-14-07-12-053.jpg 751w, https:\/\/www.monta\u00f1asdelaluna.es\/wp-content\/uploads\/2015\/08\/Lo-Mola-nocturna.-14-07-12-053-300x225.jpg 300w\" sizes=\"auto, (max-width: 751px) 100vw, 751px\" \/><\/a><p id=\"caption-attachment-19850\" class=\"wp-caption-text\">Restaurante de La Mola<\/p><\/div>\n<div id=\"attachment_19851\" style=\"width: 761px\" class=\"wp-caption aligncenter\"><a class=\"dt-single-image\" href=\"https:\/\/www.monta\u00f1asdelaluna.es\/wp-content\/uploads\/2015\/08\/Lo-Mola-nocturna.-14-07-12-055.jpg\" data-dt-img-description=\"\"><img loading=\"lazy\" decoding=\"async\" aria-describedby=\"caption-attachment-19851\" class=\"wp-image-19851 size-full\" src=\"https:\/\/www.monta\u00f1asdelaluna.es\/wp-content\/uploads\/2015\/08\/Lo-Mola-nocturna.-14-07-12-055.jpg\" alt=\"Xenia y Raquel entre un juego de luces\" width=\"751\" height=\"563\" srcset=\"https:\/\/www.monta\u00f1asdelaluna.es\/wp-content\/uploads\/2015\/08\/Lo-Mola-nocturna.-14-07-12-055.jpg 751w, https:\/\/www.monta\u00f1asdelaluna.es\/wp-content\/uploads\/2015\/08\/Lo-Mola-nocturna.-14-07-12-055-300x225.jpg 300w\" sizes=\"auto, (max-width: 751px) 100vw, 751px\" \/><\/a><p id=\"caption-attachment-19851\" class=\"wp-caption-text\">Xenia y Raquel entre un juego de luces<\/p><\/div>\n<p>Se ha hecho verdaderamente tarde. La actividad ha durando m\u00e1s de lo que cre\u00eda. No hemos subido al Montcau, pero se puede dar la opci\u00f3n al pasar junto a su falda. Es m\u00e1s de la una de la ma\u00f1ana cuando llegamos a los coches en el Coll d\u2019Estenalles. La aventura ha ido genial: nuevos compa\u00f1eros y reencuentro de viejos participantes cuspidianos. Con la magia de la noche sobre la monta\u00f1a, donde dejamos de ser espectadores de la naturaleza para convertirnos en protagonistas de la misma&#8230; repetiremos. Gracias Croa.<\/p>\n<div id=\"attachment_19857\" style=\"width: 602px\" class=\"wp-caption aligncenter\"><a class=\"dt-single-image\" href=\"https:\/\/www.monta\u00f1asdelaluna.es\/wp-content\/uploads\/2015\/08\/nocturna-a-La-Mola.blog_.jpg\" data-dt-img-description=\"\"><img loading=\"lazy\" decoding=\"async\" aria-describedby=\"caption-attachment-19857\" class=\"wp-image-19857 size-full\" src=\"https:\/\/www.monta\u00f1asdelaluna.es\/wp-content\/uploads\/2015\/08\/nocturna-a-La-Mola.blog_.jpg\" alt=\"Croquis del recorrido del Montcau a La Mola\" width=\"592\" height=\"1012\" srcset=\"https:\/\/www.monta\u00f1asdelaluna.es\/wp-content\/uploads\/2015\/08\/nocturna-a-La-Mola.blog_.jpg 592w, https:\/\/www.monta\u00f1asdelaluna.es\/wp-content\/uploads\/2015\/08\/nocturna-a-La-Mola.blog_-175x300.jpg 175w\" sizes=\"auto, (max-width: 592px) 100vw, 592px\" \/><\/a><p id=\"caption-attachment-19857\" class=\"wp-caption-text\">Croquis del recorrido del Montcau a La Mola<\/p><\/div>\n<p>[vc_separator][\/vc_column_text][\/vc_column][\/vc_row][vc_row][vc_column][vc_empty_space height=\u00bb60px\u00bb][\/vc_column][\/vc_row][vc_row][vc_column][vc_cta h2=\u00bb\u00c1lbum de fotos\u00bb txt_align=\u00bbcenter\u00bb add_button=\u00bbbottom\u00bb btn_title=\u00bbVer fotos\u00bb btn_color=\u00bbwarning\u00bb btn_align=\u00bbcenter\u00bb btn_link=\u00bburl:https%3A%2F%2Fmonta%C3%B1asdelaluna.es%2F%3Fdt_gallery%3Dmarcha-nocturna-a-la-mola-2|title:Marcha%20nocturna%20a%20La%20Mola|target:_blank\u00bb css=\u00bb.vc_custom_1625819492689{background-color: #8bc4ed !important;}\u00bb]Puedes ver todas las fotos del relato y actividad en forma de presentaci\u00f3n o individuales pinchando aqui \u00a1No te las pierdas![\/vc_cta][\/vc_column][\/vc_row][vc_row][vc_column][vc_empty_space height=\u00bb60px\u00bb][\/vc_column][\/vc_row][vc_row][vc_column width=\u00bb1\/3&#8243;][\/vc_column][vc_column width=\u00bb1\/2&#8243;][vc_raw_html]JTNDaWZyYW1lJTIwc3JjJTNEJTIyaHR0cHMlM0ElMkYlMkZ3d3cubWV0ZW9ibHVlLmNvbSUyRmVzJTJGdGllbXBvJTJGd2lkZ2V0JTJGZGFpbHklMkZtYXRhZGVwZXJhX2VzcGElMjVjMyUyNWIxYV8zMTE3MjAwJTNGZGF5cyUzRDclMjZ0ZW1wdW5pdCUzRENFTFNJVVMlMjZ3aW5kdW5pdCUzREtJTE9NRVRFUl9QRVJfSE9VUiUyNnBpY3RvaWNvbiUzRDElMjZtYXh0ZW1wZXJhdHVyZSUzRDElMjZtaW50ZW1wZXJhdHVyZSUzRDElMjZ3aW5kc3BlZWQlM0QxJTI2d2luZGd1c3QlM0QxJTI2d2luZGRpcmVjdGlvbiUzRDElMjZwcmVjaXBpdGF0aW9uJTNEMSUyNnByZWNpcGl0YXRpb25wcm9iYWJpbGl0eSUzRDElMjZzcG90JTNEMSUyNnByZXNzdXJlJTNEMSUyNmxheW91dCUzRGxpZ2h0JTIyJTIwJTIwZnJhbWVib3JkZXIlM0QlMjIwJTIyJTIwc2Nyb2xsaW5nJTNEJTIyTk8lMjIlMjBhbGxvd3RyYW5zcGFyZW5jeSUzRCUyMnRydWUlMjIlMjBzdHlsZSUzRCUyMndpZHRoJTNBJTIwMzc4cHglM0JoZWlnaHQlM0ElMjAzODFweCUyMiUzRSUzQyUyRmlmcmFtZSUzRSUzQ2RpdiUzRSUzQyUyMS0tJTIwRE8lMjBOT1QlMjBSRU1PVkUlMjBUSElTJTIwTElOSyUyMC0tJTNFJTNDYSUyMGhyZWYlM0QlMjJodHRwcyUzQSUyRiUyRnd3dy5tZXRlb2JsdWUuY29tJTJGZXMlMkZ0aWVtcG8lMkZwcm9ub3N0aWNvJTJGc2VtYW5hJTJGbWF0YWRlcGVyYV9lc3BhJTI1YzMlMjViMWFfMzExNzIwMCUyMiUyMHRhcmdldCUzRCUyMl9ibGFuayUyMiUzRW1ldGVvYmx1ZSUzQyUyRmElM0UlM0MlMkZkaXYlM0U=[\/vc_raw_html][\/vc_column][vc_column width=\u00bb1\/5&#8243;][\/vc_column][\/vc_row]<\/p>\n","protected":false},"excerpt":{"rendered":"<p>[vc_row][vc_column][vc_column_text]Nuestra amiga Raquel, avisados por Kike y Xenia, organizaba una sencilla, f\u00e1cil y emocionante excursi\u00f3n por el macizo del Montcau-La Mola, y despu\u00e9s de la desaparecida C\u00faspidis, nos pareci\u00f3 una buena excusa para reencontrarnos. Como es verano lo mejor, para no sufrir el calor estival, era realizarla al atardecer y por la noche, y as\u00ed&hellip;<\/p>\n","protected":false},"author":1,"featured_media":19845,"comment_status":"open","ping_status":"open","sticky":false,"template":"","format":"standard","meta":[],"categories":[51],"tags":[],"class_list":["post-19856","post","type-post","status-publish","format-standard","has-post-thumbnail","hentry","category-sant-llorenc-del-munt","category-51","description-off"],"_links":{"self":[{"href":"https:\/\/www.monta\u00f1asdelaluna.es\/index.php?rest_route=\/wp\/v2\/posts\/19856","targetHints":{"allow":["GET"]}}],"collection":[{"href":"https:\/\/www.monta\u00f1asdelaluna.es\/index.php?rest_route=\/wp\/v2\/posts"}],"about":[{"href":"https:\/\/www.monta\u00f1asdelaluna.es\/index.php?rest_route=\/wp\/v2\/types\/post"}],"author":[{"embeddable":true,"href":"https:\/\/www.monta\u00f1asdelaluna.es\/index.php?rest_route=\/wp\/v2\/users\/1"}],"replies":[{"embeddable":true,"href":"https:\/\/www.monta\u00f1asdelaluna.es\/index.php?rest_route=%2Fwp%2Fv2%2Fcomments&post=19856"}],"version-history":[{"count":10,"href":"https:\/\/www.monta\u00f1asdelaluna.es\/index.php?rest_route=\/wp\/v2\/posts\/19856\/revisions"}],"predecessor-version":[{"id":20008,"href":"https:\/\/www.monta\u00f1asdelaluna.es\/index.php?rest_route=\/wp\/v2\/posts\/19856\/revisions\/20008"}],"wp:featuredmedia":[{"embeddable":true,"href":"https:\/\/www.monta\u00f1asdelaluna.es\/index.php?rest_route=\/wp\/v2\/media\/19845"}],"wp:attachment":[{"href":"https:\/\/www.monta\u00f1asdelaluna.es\/index.php?rest_route=%2Fwp%2Fv2%2Fmedia&parent=19856"}],"wp:term":[{"taxonomy":"category","embeddable":true,"href":"https:\/\/www.monta\u00f1asdelaluna.es\/index.php?rest_route=%2Fwp%2Fv2%2Fcategories&post=19856"},{"taxonomy":"post_tag","embeddable":true,"href":"https:\/\/www.monta\u00f1asdelaluna.es\/index.php?rest_route=%2Fwp%2Fv2%2Ftags&post=19856"}],"curies":[{"name":"wp","href":"https:\/\/api.w.org\/{rel}","templated":true}]}}