{"id":19932,"date":"2013-12-21T17:08:49","date_gmt":"2013-12-21T17:08:49","guid":{"rendered":"http:\/\/monta\u00f1asdelaluna.com\/?p=19932"},"modified":"2021-08-05T20:12:23","modified_gmt":"2021-08-05T20:12:23","slug":"serralada-de-marina-por-la-font-de-lamigo","status":"publish","type":"post","link":"https:\/\/www.monta\u00f1asdelaluna.es\/?p=19932","title":{"rendered":"Serralada de Marina por la Font de l&#8217;Amig\u00f2"},"content":{"rendered":"<p>[vc_row][vc_column][vc_column_text]Os presento una corta ruta que se pude hacer en menos de 4 horas. Ideal para una ma\u00f1ana pudiendo regresar a comer a casa. El recorrido es muy cercano a la urbe de Barcelona saliendo por sus radiales norte, de forma que se puede utilizar como medio de transporte, aparte del coche, el tren de cercan\u00edas y los autobuses de transporte p\u00fablico. Despu\u00e9s de tanto tiempo sin recorrernos la Serralada de Marina, volvemos para visitar uno de sus rincones naturales m\u00e1s emblem\u00e1ticos: la Font y su Torrent, de l\u2019Amig\u00f2.<\/p>\n<p>La idea es salir desde la estaci\u00f3n de tren de Montcada i Reixac, despu\u00e9s de venir en el tren de cercan\u00edas de la l\u00ednea R2 (nosotros desde Barcelona) y acabar en las paradas de autobuses del Hospital de Can Ruti (Universitari de Trias i Pujol) para escoger el autob\u00fas de vuelta id\u00f3neo: B24 para volver al centro de Barcelona, el B12 para volver a Montcada i Reixac\u2026 Seguiremos el mismo recorrido escrito en el relato: <a href=\"https:\/\/www.monta\u00f1asdelaluna.es\/?p=18202\" target=\"_blank\" rel=\"noopener\">Serralada de Marina. Una extra\u00f1a circular<\/a>, hasta llegar a la parte m\u00e1s alta del recorrido: La Coscollada, y de aqu\u00ed bajaremos en direcci\u00f3n al nombrado hospital por el vallecillo que forma el extraordinario rinc\u00f3n de la Font de l\u2019Amig\u00f2.<\/p>\n<div id=\"attachment_19862\" style=\"width: 761px\" class=\"wp-caption aligncenter\"><a class=\"dt-single-image\" href=\"https:\/\/www.monta\u00f1asdelaluna.es\/wp-content\/uploads\/2015\/08\/Marina-006.jpg\" data-dt-img-description=\"\"><img loading=\"lazy\" decoding=\"async\" aria-describedby=\"caption-attachment-19862\" class=\"wp-image-19862 size-full\" src=\"https:\/\/www.monta\u00f1asdelaluna.es\/wp-content\/uploads\/2015\/08\/Marina-006.jpg\" alt=\"Vall-llosera\" width=\"751\" height=\"563\" srcset=\"https:\/\/www.monta\u00f1asdelaluna.es\/wp-content\/uploads\/2015\/08\/Marina-006.jpg 751w, https:\/\/www.monta\u00f1asdelaluna.es\/wp-content\/uploads\/2015\/08\/Marina-006-300x225.jpg 300w\" sizes=\"auto, (max-width: 751px) 100vw, 751px\" \/><\/a><p id=\"caption-attachment-19862\" class=\"wp-caption-text\">Vall-llosera<\/p><\/div>\n<p>De esta manera el pasado s\u00e1bado 21 de diciembre salimos 7 compa\u00f1eros pasadas las 09:20 horas desde la estaci\u00f3n de tren de Montcada hac\u00eda la Serralada Litoral. Volvemos a pasar por la Vall-Llosera recorrida por el Torrent de Can G\u00fcell y presidida por la Font d\u2019en Tort. La vegetaci\u00f3n aqu\u00ed sigue frondosa y verde en algunos rincones, con excelentes ejemplares de pinos pi\u00f1oneros y alguna grandiosa encina en las orillas del poblado torrente. Subimos hasta el Coll de Moi\u00e0 y de nuevo la incertidumbre: no me he le\u00eddo el relato del recorrido anteriormente nombrado y ahora dudo entre cual es el camino a seguir. Despu\u00e9s de equivocarnos durante unos minutos (creo que igual que en aquellos entonces) siguiendo el camino que sigue a la derecha y en direcci\u00f3n a la sierra, volvemos para meternos por el camino que sigue, seg\u00fan sales de la senda que sube del vallecillo, enfrente a la izquierda y que da la sensaci\u00f3n que baja hac\u00eda las poblaciones del gran valle del Vall\u00e8s Occidental. Pero no; no baja. Sigue a lo largo de la sierra sin perder altura en direcci\u00f3n al norte y hac\u00eda un peque\u00f1o templo que se vislumbra entre la vegetaci\u00f3n: la iglesia de Sant Pere de Reixac.<\/p>\n<p>Como hice entonces, volvemos a visitar el templo (Sant Pere de Reixac) para admirar sus piedras y sus vistas. Me asombro al mirar hac\u00eda el manto boscoso de la sierra: el verde oscuro se mezcla casi a partes iguales con el naranja oscuro de las mismas encinas o sureras que cambian su hoja (caduca) de las que siguen con ellas todo el a\u00f1o (perenne), con la consecuencia de un bonito y excepcional bosque bicolor\u2026 como un vestido flamenco de color verde y lunares naranjas.<\/p>\n<div id=\"attachment_19866\" style=\"width: 761px\" class=\"wp-caption aligncenter\"><a class=\"dt-single-image\" href=\"https:\/\/www.monta\u00f1asdelaluna.es\/wp-content\/uploads\/2015\/08\/Marina-014.jpg\" data-dt-img-description=\"\"><img loading=\"lazy\" decoding=\"async\" aria-describedby=\"caption-attachment-19866\" class=\"wp-image-19866 size-full\" src=\"https:\/\/www.monta\u00f1asdelaluna.es\/wp-content\/uploads\/2015\/08\/Marina-014.jpg\" alt=\"Montserrat a lo lejos\" width=\"751\" height=\"563\" srcset=\"https:\/\/www.monta\u00f1asdelaluna.es\/wp-content\/uploads\/2015\/08\/Marina-014.jpg 751w, https:\/\/www.monta\u00f1asdelaluna.es\/wp-content\/uploads\/2015\/08\/Marina-014-300x225.jpg 300w\" sizes=\"auto, (max-width: 751px) 100vw, 751px\" \/><\/a><p id=\"caption-attachment-19866\" class=\"wp-caption-text\">Montserrat a lo lejos<\/p><\/div>\n<div id=\"attachment_19867\" style=\"width: 761px\" class=\"wp-caption aligncenter\"><a class=\"dt-single-image\" href=\"https:\/\/www.monta\u00f1asdelaluna.es\/wp-content\/uploads\/2015\/08\/Marina-016.jpg\" data-dt-img-description=\"\"><img loading=\"lazy\" decoding=\"async\" aria-describedby=\"caption-attachment-19867\" class=\"wp-image-19867 size-full\" src=\"https:\/\/www.monta\u00f1asdelaluna.es\/wp-content\/uploads\/2015\/08\/Marina-016.jpg\" alt=\"Sant Pere de Reixac\" width=\"751\" height=\"563\" srcset=\"https:\/\/www.monta\u00f1asdelaluna.es\/wp-content\/uploads\/2015\/08\/Marina-016.jpg 751w, https:\/\/www.monta\u00f1asdelaluna.es\/wp-content\/uploads\/2015\/08\/Marina-016-300x225.jpg 300w\" sizes=\"auto, (max-width: 751px) 100vw, 751px\" \/><\/a><p id=\"caption-attachment-19867\" class=\"wp-caption-text\">Sant Pere de Reixac<\/p><\/div>\n<p>Del templo seguiremos el valle de la Riera de Reixac hac\u00eda el este e interior de la sierra, en busca del Pi Candeler y el yacimiento de Les Maleses. La exuberante e incre\u00edble vegetaci\u00f3n del valle, del lugar, ha cambiado de color: la recordaba muy verde y ahora tiene unos contrastes de ese mismo verde vivo y oscuro, con el amarillo, naranja o marr\u00f3n de las hojas muertas o a punto de morirse. En algunos rincones se abre una l\u00ednea como l\u00edmite de los colores, quedando el verde intenso, vivo y oscuro por la parte de abajo (enredaderas, matorrales bajos\u2026), y por arriba esos colores pastel naranjas, amarillos, marrones (hojas de los robles y sureras)\u2026 la imagen es fabulosa y asombrosa. Una visi\u00f3n realmente chocante y hermosa. Me ha sorprendido este nuevo aspecto de la sierra.<\/p>\n<p>Subimos por la senda que sale a nuestra derecha monte arriba despu\u00e9s de un peque\u00f1o poste indicativo con un cuadrado amarillo. Habremos dejado atr\u00e1s otra senda con una indicaci\u00f3n que no hemos hecho caso: una flecha verde en el tronco de un alto roble. Subimos hasta el colladito entre el Cavall Bernat y el Pi Candeler, donde almorzamos con vistas a la impresionante urbe de Barcelona y sus poblaciones adyacentes hacia el norte, y la abandonada cantera bajo nuestros pies.<\/p>\n<div id=\"attachment_19881\" style=\"width: 761px\" class=\"wp-caption aligncenter\"><a class=\"dt-single-image\" href=\"https:\/\/www.monta\u00f1asdelaluna.es\/wp-content\/uploads\/2015\/08\/Marina-040.jpg\" data-dt-img-description=\"\"><img loading=\"lazy\" decoding=\"async\" aria-describedby=\"caption-attachment-19881\" class=\"wp-image-19881 size-full\" src=\"https:\/\/www.monta\u00f1asdelaluna.es\/wp-content\/uploads\/2015\/08\/Marina-040.jpg\" alt=\"Vall de Reixac\" width=\"751\" height=\"563\" srcset=\"https:\/\/www.monta\u00f1asdelaluna.es\/wp-content\/uploads\/2015\/08\/Marina-040.jpg 751w, https:\/\/www.monta\u00f1asdelaluna.es\/wp-content\/uploads\/2015\/08\/Marina-040-300x225.jpg 300w\" sizes=\"auto, (max-width: 751px) 100vw, 751px\" \/><\/a><p id=\"caption-attachment-19881\" class=\"wp-caption-text\">Vall de Reixac<\/p><\/div>\n<p>Subimos por la, a veces empinada, ladera cimera hac\u00eda la cima del Pi Candeler. Arriba sigue habiendo una vegetaci\u00f3n que agobia a la senda, de una especie de alto matorral. Los compa\u00f1eros han seguido la senda cimera hasta el yacimiento arqueol\u00f3gico de Les Maleses; Anna se ha quedado en la cima de Les Corones (464 mts.) en la misma senda en medio de la misma entre el Pi Candeler (463 mts.) y Les Maleses y a muy poca distancia de ambos (no se distinguen mientras te recorres la senda). Volvemos al Pi Candeler donde aparece el cruce de sendas y la misma que nos baja, a la derecha (si vienes de abajo) y hac\u00eda el este, al Coll de Lli\u00e7\u00e0. Tambi\u00e9n por entre una vegetaci\u00f3n abundante e incre\u00edble.<\/p>\n<p>Justo en el Coll de Lli\u00e7\u00e0 giramos por una senda a la izquierda y en direcci\u00f3n oeste y arriba por la loma de la sierra, hasta su cima; pasando bajo los cables de unas enormes torres de alta tensi\u00f3n (toda la sierra esta llena de ellas). De esta manera llegamos a la cima de La Coscollada (464 mts.) donde su alta torre de vigilancia vigila oteando el horizonte.<\/p>\n<div id=\"attachment_19889\" style=\"width: 761px\" class=\"wp-caption aligncenter\"><a class=\"dt-single-image\" href=\"https:\/\/www.monta\u00f1asdelaluna.es\/wp-content\/uploads\/2015\/08\/Marina-051.jpg\" data-dt-img-description=\"\"><img loading=\"lazy\" decoding=\"async\" aria-describedby=\"caption-attachment-19889\" class=\"wp-image-19889 size-full\" src=\"https:\/\/www.monta\u00f1asdelaluna.es\/wp-content\/uploads\/2015\/08\/Marina-051.jpg\" alt=\"Vall de Reixac\" width=\"751\" height=\"563\" srcset=\"https:\/\/www.monta\u00f1asdelaluna.es\/wp-content\/uploads\/2015\/08\/Marina-051.jpg 751w, https:\/\/www.monta\u00f1asdelaluna.es\/wp-content\/uploads\/2015\/08\/Marina-051-300x225.jpg 300w\" sizes=\"auto, (max-width: 751px) 100vw, 751px\" \/><\/a><p id=\"caption-attachment-19889\" class=\"wp-caption-text\">Vall de Reixac<\/p><\/div>\n<div id=\"attachment_19899\" style=\"width: 761px\" class=\"wp-caption aligncenter\"><a class=\"dt-single-image\" href=\"https:\/\/www.monta\u00f1asdelaluna.es\/wp-content\/uploads\/2015\/08\/Marina-078.jpg\" data-dt-img-description=\"\"><img loading=\"lazy\" decoding=\"async\" aria-describedby=\"caption-attachment-19899\" class=\"wp-image-19899 size-full\" src=\"https:\/\/www.monta\u00f1asdelaluna.es\/wp-content\/uploads\/2015\/08\/Marina-078.jpg\" alt=\"La Coscollada (466 mts.)\" width=\"751\" height=\"563\" srcset=\"https:\/\/www.monta\u00f1asdelaluna.es\/wp-content\/uploads\/2015\/08\/Marina-078.jpg 751w, https:\/\/www.monta\u00f1asdelaluna.es\/wp-content\/uploads\/2015\/08\/Marina-078-300x225.jpg 300w\" sizes=\"auto, (max-width: 751px) 100vw, 751px\" \/><\/a><p id=\"caption-attachment-19899\" class=\"wp-caption-text\">La Coscollada (466 mts.)<\/p><\/div>\n<p>Hasta ahora nos hemos recorrido la ruta del relato <a href=\"https:\/\/www.monta\u00f1asdelaluna.es\/?p=18202\" target=\"_blank\" rel=\"noopener\">Serralada de Marina. Una extra\u00f1a circular.<\/a> Fotos de cima, del grupo, de las vistas\u2026 el d\u00eda es magn\u00edfico y fr\u00edo (al menos a primera hora de la ma\u00f1ana), las nubes altas entelan el cielo e iluminan de mala manera las deslumbradas y casi quemadas fotos. Tenemos el Hospital de Can Ruti all\u00e1 abajo hac\u00eda el sureste, vemos los edificios que sobresalen al final de las lomas de la sierra y antes de la urbe, que quedan algo m\u00e1s atr\u00e1s, de Badalona. Las vistas hac\u00eda la ciudad de Barcelona es impresionante; La Coscollada es un magn\u00edfico mirador.<\/p>\n<p>Tenemos que bajar. Anna me da prisas ya que hemos quedado para comer, y antes de las 13 horas debemos estar en la parada de autobuses del hospital. Ya que el B12 que sale en direcci\u00f3n al centro de Montcada i Reixac sale a esa hora seg\u00fan la web; y hasta una hora despu\u00e9s no habr\u00e1 otro que salga en esta direcci\u00f3n. Pili me indica de seguir la pista cimera desde La Coscollada en direcci\u00f3n este como si fu\u00e9ramos hac\u00eda el mar. Mi idea en un principio era volver al Coll de Lli\u00e7\u00e0 por la pista y de aqu\u00ed coger una senda o camino de herradura hac\u00eda el Coll de La Malesa, dicho collado est\u00e1 justo encima de la Font de l\u2019Amig\u00f2, nuestro siguiente objetivo. Pero hago caso a Pili y decidimos seguir la pista cimera desde La Coscollada hac\u00eda el este-noreste para, al poco tiempo del recorrido, girar en el siguiente cruce de pistas hac\u00eda la derecha y suroeste, en busca de este \u00faltimo collado. Decididamente, reconozco que este camino, esta ruta, baja m\u00e1s directamente al Coll de La Malesa y por ello a la Font de l\u2019Amig\u00f2.<\/p>\n<div id=\"attachment_19903\" style=\"width: 761px\" class=\"wp-caption aligncenter\"><a class=\"dt-single-image\" href=\"https:\/\/www.monta\u00f1asdelaluna.es\/wp-content\/uploads\/2015\/08\/Marina-086.jpg\" data-dt-img-description=\"\"><img loading=\"lazy\" decoding=\"async\" aria-describedby=\"caption-attachment-19903\" class=\"wp-image-19903 size-full\" src=\"https:\/\/www.monta\u00f1asdelaluna.es\/wp-content\/uploads\/2015\/08\/Marina-086.jpg\" alt=\"La Coscollada (466 mts.)\" width=\"751\" height=\"563\" srcset=\"https:\/\/www.monta\u00f1asdelaluna.es\/wp-content\/uploads\/2015\/08\/Marina-086.jpg 751w, https:\/\/www.monta\u00f1asdelaluna.es\/wp-content\/uploads\/2015\/08\/Marina-086-300x225.jpg 300w\" sizes=\"auto, (max-width: 751px) 100vw, 751px\" \/><\/a><p id=\"caption-attachment-19903\" class=\"wp-caption-text\">La Coscollada (466 mts.)<\/p><\/div>\n<div id=\"attachment_19917\" style=\"width: 761px\" class=\"wp-caption aligncenter\"><a class=\"dt-single-image\" href=\"https:\/\/www.monta\u00f1asdelaluna.es\/wp-content\/uploads\/2015\/08\/Marina-111.jpg\" data-dt-img-description=\"\"><img loading=\"lazy\" decoding=\"async\" aria-describedby=\"caption-attachment-19917\" class=\"wp-image-19917 size-full\" src=\"https:\/\/www.monta\u00f1asdelaluna.es\/wp-content\/uploads\/2015\/08\/Marina-111.jpg\" alt=\"Valle del Torrent de la Font de l'Amig\u00f2\" width=\"751\" height=\"563\" srcset=\"https:\/\/www.monta\u00f1asdelaluna.es\/wp-content\/uploads\/2015\/08\/Marina-111.jpg 751w, https:\/\/www.monta\u00f1asdelaluna.es\/wp-content\/uploads\/2015\/08\/Marina-111-300x225.jpg 300w\" sizes=\"auto, (max-width: 751px) 100vw, 751px\" \/><\/a><p id=\"caption-attachment-19917\" class=\"wp-caption-text\">Valle del Torrent de la Font de l&#8217;Amig\u00f2<\/p><\/div>\n<p>La pista baja f\u00e1cilmente y con cierta inclinaci\u00f3n. Llegando al mismo Coll de La Malesa, la pista se suaviza y aparecen unos pinos pi\u00f1oneros. Entre estos pinos y a la izquierda, al otro lado, un poste con un cartel se\u00f1alizador: \u201cFont de l\u2019Amig\u00f2\u201d. Bajamos entonces por una f\u00e1cil senda pero con apreciable inclinaci\u00f3n hasta un rinc\u00f3n en un giro de la senda, acondicionado con bancos y muritos de piedra, y con un chorrito de agua que sale por un tubito en medio de este murito. Risas y fotos; los compa\u00f1eros nos esperan sentados junto a la fuente. Pilar me cuenta las marchas nocturnas que hacen desde Badalona hasta el lugar, por todo el vallecillo del Torrent de la Font de l\u2019Amig\u00f2, en las que cientos de salamandras salen de sus escondrijos nocturnos y se hacen visibles ante la luz de las linternas.<\/p>\n<p>Andamos por sendas y lugares por las que no hab\u00edamos andado en el anterior recorrido. Solo debemos de seguir la senda que baja justo desde la Font de l\u2019Amig\u00f2, valle abajo, en direcci\u00f3n sureste, hac\u00eda los edificios del Hospital de Can Ruti. No hay p\u00e9rdida. Pero el recorrido ser\u00e1 fabuloso y espectacular: de primero la senda al salir y en la misma fuente est\u00e1 flanqueada por unos altos \u00e1rboles de rivera, \u00e1lamos podr\u00edan ser. M\u00e1s abajo la vegetaci\u00f3n se hace abundante y espectacular, con ejemplares fabulosos y hermosos. Parece mentira que una sierra que ha sufrido tantos incendios y est\u00e1 tan pelada en muchos indretos aireados y descubiertos, tiene rincones tan hermosos, frondosos, exuberantes y vivos como este; y como el valle de Reixac. Espectacular. La vegetaci\u00f3n invade el lugar, y en la senda pisamos las hojas secas de estos hermosos Quercus. Verde y viva. Hermoso. M\u00e1s abajo la senda deja de bajar y se allana cuando aparece un ca\u00f1ar de varas amarillas t\u00edpico de humedales.<\/p>\n<div id=\"attachment_19920\" style=\"width: 761px\" class=\"wp-caption aligncenter\"><a class=\"dt-single-image\" href=\"https:\/\/www.monta\u00f1asdelaluna.es\/wp-content\/uploads\/2015\/08\/Marina-114.jpg\" data-dt-img-description=\"\"><img loading=\"lazy\" decoding=\"async\" aria-describedby=\"caption-attachment-19920\" class=\"wp-image-19920 size-full\" src=\"https:\/\/www.monta\u00f1asdelaluna.es\/wp-content\/uploads\/2015\/08\/Marina-114.jpg\" alt=\"Valle del Torrent de la Font de l'Amig\u00f2\" width=\"751\" height=\"563\" srcset=\"https:\/\/www.monta\u00f1asdelaluna.es\/wp-content\/uploads\/2015\/08\/Marina-114.jpg 751w, https:\/\/www.monta\u00f1asdelaluna.es\/wp-content\/uploads\/2015\/08\/Marina-114-300x225.jpg 300w\" sizes=\"auto, (max-width: 751px) 100vw, 751px\" \/><\/a><p id=\"caption-attachment-19920\" class=\"wp-caption-text\">Valle del Torrent de la Font de l&#8217;Amig\u00f2<\/p><\/div>\n<p>Despu\u00e9s del ca\u00f1ar y con la visi\u00f3n de los edificios del hospital casi encima nuestro, salimos por un corto camino a la izquierda hasta la redonda donde est\u00e1n las paradas del autob\u00fas p\u00fablico. Vemos las se\u00f1ales del G.R.-92, que pasa junto al hospital cuando se dirige de La Conrrer\u00eda a Sant Jeroni de La Murtra. Los autobuses han sido puntuales y a nosotros al final nos han sobrado casi 15 minutos para llegar a las 13 horas al lugar acordado. Salimos 4 personas con el B12 hac\u00eda Montcada, Raquel coge el que se dirige a Vall d\u2019Hebr\u00f3n, Xavi el B24\u2026<\/p>\n<p>La excursi\u00f3n ha sido interesante. No se piensa en encontrar estos mini para\u00edsos tan cerca de las urbes barceloninas: Riera de Reixac, Torrent de la Font de l\u2019Amig\u00f2\u2026 islas de frondosidad y vida. Hermosas.<\/p>\n<div id=\"attachment_19935\" style=\"width: 605px\" class=\"wp-caption aligncenter\"><a class=\"dt-single-image\" href=\"https:\/\/www.monta\u00f1asdelaluna.es\/wp-content\/uploads\/2013\/12\/Serralada-de-Marina.mapa_.croquis.jpg\" data-dt-img-description=\"\"><img loading=\"lazy\" decoding=\"async\" aria-describedby=\"caption-attachment-19935\" class=\"wp-image-19935 size-full\" src=\"https:\/\/www.monta\u00f1asdelaluna.es\/wp-content\/uploads\/2013\/12\/Serralada-de-Marina.mapa_.croquis.jpg\" alt=\"Croquis del recorrido por la Font de l'Amig\u00f2\" width=\"595\" height=\"467\" srcset=\"https:\/\/www.monta\u00f1asdelaluna.es\/wp-content\/uploads\/2013\/12\/Serralada-de-Marina.mapa_.croquis.jpg 595w, https:\/\/www.monta\u00f1asdelaluna.es\/wp-content\/uploads\/2013\/12\/Serralada-de-Marina.mapa_.croquis-300x235.jpg 300w\" sizes=\"auto, (max-width: 595px) 100vw, 595px\" \/><\/a><p id=\"caption-attachment-19935\" class=\"wp-caption-text\">Croquis del recorrido por la Font de l&#8217;Amig\u00f2<\/p><\/div>\n<p>[vc_separator][\/vc_column_text][\/vc_column][\/vc_row][vc_row][vc_column][vc_empty_space height=\u00bb60px\u00bb][\/vc_column][\/vc_row][vc_row][vc_column][vc_cta h2=\u00bb\u00c1lbum de fotos\u00bb txt_align=\u00bbcenter\u00bb add_button=\u00bbbottom\u00bb btn_title=\u00bbVer fotos\u00bb btn_color=\u00bbwarning\u00bb btn_align=\u00bbcenter\u00bb btn_link=\u00bburl:https%3A%2F%2Fmonta%C3%B1asdelaluna.es%2F%3Fdt_gallery%3Dserralada-de-marina-por-la-font-de-lamigo|title:Serralada%20de%20Marina%20por%20la%20Font%20de%20l%E2%80%99Amig%C3%B2|target:_blank\u00bb css=\u00bb.vc_custom_1625848750166{background-color: #8bc4ed !important;}\u00bb]Puedes ver todas las fotos del relato y actividad en forma de presentaci\u00f3n o individuales pinchando aqui \u00a1No te las pierdas![\/vc_cta][\/vc_column][\/vc_row][vc_row][vc_column][vc_empty_space height=\u00bb60px\u00bb][\/vc_column][\/vc_row][vc_row][vc_column width=\u00bb1\/3&#8243;][\/vc_column][vc_column width=\u00bb1\/2&#8243;][vc_column_text]Tiempo en La Coscollada[\/vc_column_text][vc_raw_html]JTNDaWZyYW1lJTIwc3JjJTNEJTIyaHR0cHMlM0ElMkYlMkZ3d3cubWV0ZW9ibHVlLmNvbSUyRmVzJTJGdGllbXBvJTJGd2lkZ2V0JTJGZGFpbHklMkY0MS40OTJOMi4yMjlFJTNGZGF5cyUzRDclMjZ0ZW1wdW5pdCUzRENFTFNJVVMlMjZ3aW5kdW5pdCUzREtJTE9NRVRFUl9QRVJfSE9VUiUyNnBpY3RvaWNvbiUzRDElMjZtYXh0ZW1wZXJhdHVyZSUzRDElMjZtaW50ZW1wZXJhdHVyZSUzRDElMjZ3aW5kc3BlZWQlM0QxJTI2d2luZGd1c3QlM0QxJTI2d2luZGRpcmVjdGlvbiUzRDElMjZwcmVjaXBpdGF0aW9uJTNEMSUyNnByZWNpcGl0YXRpb25wcm9iYWJpbGl0eSUzRDElMjZzcG90JTNEMSUyNnByZXNzdXJlJTNEMSUyNmxheW91dCUzRGxpZ2h0JTIyJTIwJTIwZnJhbWVib3JkZXIlM0QlMjIwJTIyJTIwc2Nyb2xsaW5nJTNEJTIyTk8lMjIlMjBhbGxvd3RyYW5zcGFyZW5jeSUzRCUyMnRydWUlMjIlMjBzdHlsZSUzRCUyMndpZHRoJTNBJTIwMzc4cHglM0JoZWlnaHQlM0ElMjAzODFweCUyMiUzRSUzQyUyRmlmcmFtZSUzRSUzQ2RpdiUzRSUzQyUyMS0tJTIwRE8lMjBOT1QlMjBSRU1PVkUlMjBUSElTJTIwTElOSyUyMC0tJTNFJTNDYSUyMGhyZWYlM0QlMjJodHRwcyUzQSUyRiUyRnd3dy5tZXRlb2JsdWUuY29tJTJGZXMlMkZ0aWVtcG8lMkZwcm9ub3N0aWNvJTJGc2VtYW5hJTJGNDEuNDkyTjIuMjI5RSUyMiUyMHRhcmdldCUzRCUyMl9ibGFuayUyMiUzRW1ldGVvYmx1ZSUzQyUyRmElM0UlM0MlMkZkaXYlM0U=[\/vc_raw_html][\/vc_column][vc_column width=\u00bb1\/5&#8243;][\/vc_column][\/vc_row]<\/p>\n","protected":false},"excerpt":{"rendered":"<p>[vc_row][vc_column][vc_column_text]Os presento una corta ruta que se pude hacer en menos de 4 horas. Ideal para una ma\u00f1ana pudiendo regresar a comer a casa. El recorrido es muy cercano a la urbe de Barcelona saliendo por sus radiales norte, de forma que se puede utilizar como medio de transporte, aparte del coche, el tren de&hellip;<\/p>\n","protected":false},"author":1,"featured_media":19880,"comment_status":"open","ping_status":"open","sticky":false,"template":"","format":"standard","meta":[],"categories":[72],"tags":[],"class_list":["post-19932","post","type-post","status-publish","format-standard","has-post-thumbnail","hentry","category-serralada-de-marina-y-litoral","category-72","description-off"],"_links":{"self":[{"href":"https:\/\/www.monta\u00f1asdelaluna.es\/index.php?rest_route=\/wp\/v2\/posts\/19932","targetHints":{"allow":["GET"]}}],"collection":[{"href":"https:\/\/www.monta\u00f1asdelaluna.es\/index.php?rest_route=\/wp\/v2\/posts"}],"about":[{"href":"https:\/\/www.monta\u00f1asdelaluna.es\/index.php?rest_route=\/wp\/v2\/types\/post"}],"author":[{"embeddable":true,"href":"https:\/\/www.monta\u00f1asdelaluna.es\/index.php?rest_route=\/wp\/v2\/users\/1"}],"replies":[{"embeddable":true,"href":"https:\/\/www.monta\u00f1asdelaluna.es\/index.php?rest_route=%2Fwp%2Fv2%2Fcomments&post=19932"}],"version-history":[{"count":12,"href":"https:\/\/www.monta\u00f1asdelaluna.es\/index.php?rest_route=\/wp\/v2\/posts\/19932\/revisions"}],"predecessor-version":[{"id":50205,"href":"https:\/\/www.monta\u00f1asdelaluna.es\/index.php?rest_route=\/wp\/v2\/posts\/19932\/revisions\/50205"}],"wp:featuredmedia":[{"embeddable":true,"href":"https:\/\/www.monta\u00f1asdelaluna.es\/index.php?rest_route=\/wp\/v2\/media\/19880"}],"wp:attachment":[{"href":"https:\/\/www.monta\u00f1asdelaluna.es\/index.php?rest_route=%2Fwp%2Fv2%2Fmedia&parent=19932"}],"wp:term":[{"taxonomy":"category","embeddable":true,"href":"https:\/\/www.monta\u00f1asdelaluna.es\/index.php?rest_route=%2Fwp%2Fv2%2Fcategories&post=19932"},{"taxonomy":"post_tag","embeddable":true,"href":"https:\/\/www.monta\u00f1asdelaluna.es\/index.php?rest_route=%2Fwp%2Fv2%2Ftags&post=19932"}],"curies":[{"name":"wp","href":"https:\/\/api.w.org\/{rel}","templated":true}]}}