{"id":20911,"date":"2012-05-05T06:41:52","date_gmt":"2012-05-05T06:41:52","guid":{"rendered":"http:\/\/monta\u00f1asdelaluna.com\/?p=20911"},"modified":"2021-07-15T19:40:32","modified_gmt":"2021-07-15T19:40:32","slug":"asedio-al-pic-de-peguera-2-984-mts","status":"publish","type":"post","link":"https:\/\/www.monta\u00f1asdelaluna.es\/?p=20911","title":{"rendered":"Asedio al Pic de Peguera (2.984 mts.)"},"content":{"rendered":"<p>[vc_row][vc_column][vc_column_text]Desde que conozco el Parque Nacional de Aig\u00fcestortes y Lago San Mauricio que me ha atra\u00eddo la idea de subir a, entonces, su pico m\u00e1s alto: el Pic de Peguera. Actualmente, con los Besiberris dentro del ampliado parque, han dejado atr\u00e1s a aquellas monta\u00f1as que rozaban los tres mil metros, pero sin llegar, para tener la hegemon\u00eda en el paso a los tres mil metros. No obstante, el Pic de Peguera, segu\u00eda siendo hito representativo en las altitudes dentro del parque, y vieja referencia entre algunos de sus hermosos valles.<\/p>\n<p>Aunque el resultado de la actividad no fue precisamente la ideada en un principio, por dos factores o condicionantes impepinables: el mal tiempo y la mala nieve; el resultado, teniendo en cuenta estos dos factores, fue que menos que notorio.<\/p>\n<p>El pasado 5 de mayo sal\u00edamos del parking de Prat de Pierr\u00f3, en la frontera del nombrado parque, viniendo desde Espot, Toni, Pep, Olga, Paco y yo en busca del Refugio de Josep Maria Blanc, en las alturas del Valle de Peguera. En un principio iba a ser una traves\u00eda saliendo en direcci\u00f3n a Sant Maurici, Valle de Monestero, Pic de Peguera y vuelta al lugar de partida por el Valle de Peguera, pero como he nombrado anteriormente, el tiempo no estaba estable del todo y se hac\u00eda la necesidad de dormir bajo techo; con lo que modificamos la ruta para dirigirnos a la parte del refugio de invierno del J. M. Blanc&#8230; como si hici\u00e9ramos la ruta al rev\u00e9s.<\/p>\n<div id=\"attachment_20821\" style=\"width: 761px\" class=\"wp-caption aligncenter\"><a class=\"dt-single-image\" href=\"https:\/\/www.monta\u00f1asdelaluna.es\/wp-content\/uploads\/2015\/08\/Pic-de-Peguera.-5-6-05-12-013.jpg\" data-dt-img-description=\"\"><img loading=\"lazy\" decoding=\"async\" aria-describedby=\"caption-attachment-20821\" class=\"wp-image-20821 size-full\" src=\"https:\/\/www.monta\u00f1asdelaluna.es\/wp-content\/uploads\/2015\/08\/Pic-de-Peguera.-5-6-05-12-013.jpg\" alt=\"Cartel se\u00f1alizador en la entrada al Valle del Peguera\" width=\"751\" height=\"563\" srcset=\"https:\/\/www.monta\u00f1asdelaluna.es\/wp-content\/uploads\/2015\/08\/Pic-de-Peguera.-5-6-05-12-013.jpg 751w, https:\/\/www.monta\u00f1asdelaluna.es\/wp-content\/uploads\/2015\/08\/Pic-de-Peguera.-5-6-05-12-013-300x225.jpg 300w\" sizes=\"auto, (max-width: 751px) 100vw, 751px\" \/><\/a><p id=\"caption-attachment-20821\" class=\"wp-caption-text\">Cartel se\u00f1alizador en la entrada al Valle del Peguera<\/p><\/div>\n<p>El camino sale a la izquierda de la pista que sube a San Maurici justo en la misma valla. Sin p\u00e9rdida vamos cogiendo altura cruzando un bosque sano de pinos y algunas frondosas con frondosos l\u00edquenes colgando de sus troncos, s\u00edntoma inequ\u00edvoco de buena salud. Subimos sin parar y a buen ritmo; y al tiempo nos cruzamos con un camino escabroso que baja a la izquierda con marcas de recorrido de mountain bikes. \u00c9ste se dirige a Espot. Al poco tiempo nos topamos con algunas casas y una rectangular balsa: los bordeamos por la derecha y por detr\u00e1s, donde justo en el otro extremo de la balsa, en un cruce de caminos, un cartelito informativo nos dice que vamos por buen camino y que hay que seguir por el m\u00e1s empinado de todos. A partir de aqu\u00ed la cosa se empieza a empinar. Hay peque\u00f1os neveros, y a pesar de que pisamos nieve en ocasiones, no tiene la abundancia esperada.<\/p>\n<p>Nos encontramos con simp\u00e1ticas construcciones a la orilla del camino, en revueltas y tranquilos espacios, caba\u00f1as de insospechada propiedad. M\u00e1s arriba, sin perder el camino, llegamos a otra curva que hace la forma de collado con extraordinarias vistas al espl\u00e9ndido Valle de Peguera. La imagen nos sorprende y nos encanta: al fondo, entre las nubes que parecen quieren despejarse, la Pala de Leixa y la Pala de Sudorn nos ofrecen sus verticales y vertiginosas vertientes norte colmadas por el blanco meteoro. Hermoso. Observamos que ya entramos en el Valle de Peguera, con su original forma de valle glacial, bonito, boscoso y encantador.<\/p>\n<div id=\"attachment_20820\" style=\"width: 761px\" class=\"wp-caption aligncenter\"><a class=\"dt-single-image\" href=\"https:\/\/www.monta\u00f1asdelaluna.es\/wp-content\/uploads\/2015\/08\/Pic-de-Peguera.-5-6-05-12-012.jpg\" data-dt-img-description=\"\"><img loading=\"lazy\" decoding=\"async\" aria-describedby=\"caption-attachment-20820\" class=\"wp-image-20820 size-full\" src=\"https:\/\/www.monta\u00f1asdelaluna.es\/wp-content\/uploads\/2015\/08\/Pic-de-Peguera.-5-6-05-12-012.jpg\" alt=\"Delante Olga y Pep en un t\u00fanel en el camino\" width=\"751\" height=\"563\" srcset=\"https:\/\/www.monta\u00f1asdelaluna.es\/wp-content\/uploads\/2015\/08\/Pic-de-Peguera.-5-6-05-12-012.jpg 751w, https:\/\/www.monta\u00f1asdelaluna.es\/wp-content\/uploads\/2015\/08\/Pic-de-Peguera.-5-6-05-12-012-300x225.jpg 300w\" sizes=\"auto, (max-width: 751px) 100vw, 751px\" \/><\/a><p id=\"caption-attachment-20820\" class=\"wp-caption-text\">Delante Olga y Pep en un t\u00fanel en el camino<\/p><\/div>\n<div id=\"attachment_20826\" style=\"width: 761px\" class=\"wp-caption aligncenter\"><a class=\"dt-single-image\" href=\"https:\/\/www.monta\u00f1asdelaluna.es\/wp-content\/uploads\/2015\/08\/Pic-de-Peguera.-5-6-05-12-019.jpg\" data-dt-img-description=\"\"><img loading=\"lazy\" decoding=\"async\" aria-describedby=\"caption-attachment-20826\" class=\"wp-image-20826 size-full\" src=\"https:\/\/www.monta\u00f1asdelaluna.es\/wp-content\/uploads\/2015\/08\/Pic-de-Peguera.-5-6-05-12-019.jpg\" alt=\"Comienza la nieve en el camino hac\u00eda el refugio\" width=\"751\" height=\"563\" srcset=\"https:\/\/www.monta\u00f1asdelaluna.es\/wp-content\/uploads\/2015\/08\/Pic-de-Peguera.-5-6-05-12-019.jpg 751w, https:\/\/www.monta\u00f1asdelaluna.es\/wp-content\/uploads\/2015\/08\/Pic-de-Peguera.-5-6-05-12-019-300x225.jpg 300w\" sizes=\"auto, (max-width: 751px) 100vw, 751px\" \/><\/a><p id=\"caption-attachment-20826\" class=\"wp-caption-text\">Comienza la nieve en el camino hac\u00eda el refugio<\/p><\/div>\n<p>Ahora el camino pierde altura con dos curvas. Dudamos por si nos hemos equivocado, pero enseguida coge la horizontalidad y la direcci\u00f3n al coraz\u00f3n del valle. Cruzamos un t\u00fanel en medio de la monta\u00f1a, evitando verticales escarpes, y es que bajo el suelo del horizontal camino, parece sigue una acequia o canal que viene del Estany de Lladres. Al tiempo llegamos a las cercan\u00edas del nombrado lago, bajo la Pala de Leixa, y pr\u00f3ximo a la presa que encierran las aguas, y a las casas de la hidroel\u00e9ctrica que la vigilan. Justo antes, a la izquierda otro camino baja con la marca del G.R.-11, la variante 2, que viene del refugio J. M. Blanc y baja a Espot en el fondo del Valle del Escrita que queda abajo y a nuestra espalda. Tiempo para hacer fotos y maravillarnos con el lugar a orillas del Estany de Lladres, preludio de lo que nos encontraremos m\u00e1s arriba.<\/p>\n<p>El camino medio empedrado y medio deshecho sigue por la derecha del valle y del lago. Va cogiendo altura poco a poco y las vistas se van abriendo a nuestro paso. El tiempo nos quiere respetar, parece querer abrirse, y los gigantes del valle se destapan de su capa de niebla. Precioso. M\u00e1s arriba el valle se abre, vemos m\u00e1s parte de la cordillera a nuestra espalda, nevada y grandiosa. Algunas curvas en la pista recargolean s\u00edntoma de que subimos bastante altura en poca distancia. El peso de las mochilas es cada vez mayor, o el cansancio es cada vez m\u00e1s severo; pero seguimos adelante. Hemos visto esta parte del camino en el mapa&#8230; despu\u00e9s de las curvas, todo allanado hasta el refugio. El camino est\u00e1 empedrado artificialmente como queriendo evitar que se desintegre por el fuerte desnivel que lo eleva; pero regueros de agua por aqu\u00ed y por all\u00e1 lo surcan roy\u00e9ndolo y desast\u00e1ndolo&#8230; muy dif\u00edcilmente subir\u00eda un veh\u00edculo por aqu\u00ed.<\/p>\n<div id=\"attachment_20827\" style=\"width: 761px\" class=\"wp-caption aligncenter\"><a class=\"dt-single-image\" href=\"https:\/\/www.monta\u00f1asdelaluna.es\/wp-content\/uploads\/2015\/08\/Pic-de-Peguera.-5-6-05-12-022.jpg\" data-dt-img-description=\"\"><img loading=\"lazy\" decoding=\"async\" aria-describedby=\"caption-attachment-20827\" class=\"wp-image-20827 size-full\" src=\"https:\/\/www.monta\u00f1asdelaluna.es\/wp-content\/uploads\/2015\/08\/Pic-de-Peguera.-5-6-05-12-022.jpg\" alt=\"Delante Toni camino del Refugio Josep Maria Blanc\" width=\"751\" height=\"563\" srcset=\"https:\/\/www.monta\u00f1asdelaluna.es\/wp-content\/uploads\/2015\/08\/Pic-de-Peguera.-5-6-05-12-022.jpg 751w, https:\/\/www.monta\u00f1asdelaluna.es\/wp-content\/uploads\/2015\/08\/Pic-de-Peguera.-5-6-05-12-022-300x225.jpg 300w\" sizes=\"auto, (max-width: 751px) 100vw, 751px\" \/><\/a><p id=\"caption-attachment-20827\" class=\"wp-caption-text\">Delante Toni camino del Refugio Josep Maria Blanc<\/p><\/div>\n<div id=\"attachment_20829\" style=\"width: 761px\" class=\"wp-caption aligncenter\"><a class=\"dt-single-image\" href=\"https:\/\/www.monta\u00f1asdelaluna.es\/wp-content\/uploads\/2015\/08\/Pic-de-Peguera.-5-6-05-12-025.jpg\" data-dt-img-description=\"\"><img loading=\"lazy\" decoding=\"async\" aria-describedby=\"caption-attachment-20829\" class=\"wp-image-20829 size-full\" src=\"https:\/\/www.monta\u00f1asdelaluna.es\/wp-content\/uploads\/2015\/08\/Pic-de-Peguera.-5-6-05-12-025.jpg\" alt=\"Estany de Tort con los Sabur\u00f3 a la derecha y Cresta dels Estanyets a la izquierda\" width=\"751\" height=\"563\" srcset=\"https:\/\/www.monta\u00f1asdelaluna.es\/wp-content\/uploads\/2015\/08\/Pic-de-Peguera.-5-6-05-12-025.jpg 751w, https:\/\/www.monta\u00f1asdelaluna.es\/wp-content\/uploads\/2015\/08\/Pic-de-Peguera.-5-6-05-12-025-300x225.jpg 300w\" sizes=\"auto, (max-width: 751px) 100vw, 751px\" \/><\/a><p id=\"caption-attachment-20829\" class=\"wp-caption-text\">Estany de Tort con los Sabur\u00f3 a la derecha y Cresta dels Estanyets a la izquierda<\/p><\/div>\n<p>Y al final de las curvas, la horizontabilidad del camino, aparece abundante y profunda nieve y un jeep de los de antes parado en medio del mismo nevado. Despu\u00e9s de pasar un peque\u00f1o colladito seguimos horizontal por abundante nieve y con las vistas del hermoso valle que ahora se abre como si hubi\u00e9ramos saltado una morrena. Estamos a m\u00e1s de 2.300 metros de altura ya. Los compa\u00f1eros se ponen las raquetas por la visi\u00f3n de la blanca y espesa nieve; yo soy el \u00fanico que no lleva. Poco m\u00e1s adelante y casi pegados a una peque\u00f1a presa del Estany Tort de Peguera, nos paraliza la fant\u00e1stica visi\u00f3n de esas inmensas y espectaculares elevaciones: destacan los Sabur\u00f3, el Tuc y el Inferior, como moles impenetrables gigantes y bellas, a la derecha; cuando a la izquierda una cuerda de crestas, escarpada, puntiaguda y recortada tambi\u00e9n nos impresiona y llama la atenci\u00f3n: la Cresta de Estanyets seguida de la de Mainera. Hermosas. Todos plagados de nieve, escarpados y sobrecogedores. Pero abajo, al otro lado del Estany Tort de Peguera completamente blanco e invisible de helada agua, el Refugio J. M. Blanc se erige como un chalet, como un privilegiado hotel en medio de anta maravilla; casi en una especie de pen\u00ednsula, trozo de tierra rodeado de agua (ahora agua helada, nevada) por todos lados, menos por una estrecha entrada. Encantador.<\/p>\n<div id=\"attachment_20831\" style=\"width: 761px\" class=\"wp-caption aligncenter\"><a class=\"dt-single-image\" href=\"https:\/\/www.monta\u00f1asdelaluna.es\/wp-content\/uploads\/2015\/08\/Pic-de-Peguera.-5-6-05-12-030.b.jpg\" data-dt-img-description=\"\"><img loading=\"lazy\" decoding=\"async\" aria-describedby=\"caption-attachment-20831\" class=\"wp-image-20831 size-full\" src=\"https:\/\/www.monta\u00f1asdelaluna.es\/wp-content\/uploads\/2015\/08\/Pic-de-Peguera.-5-6-05-12-030.b.jpg\" alt=\"Refugio Josep Maria Blanc y arriba los Sabur\u00f3\" width=\"751\" height=\"563\" srcset=\"https:\/\/www.monta\u00f1asdelaluna.es\/wp-content\/uploads\/2015\/08\/Pic-de-Peguera.-5-6-05-12-030.b.jpg 751w, https:\/\/www.monta\u00f1asdelaluna.es\/wp-content\/uploads\/2015\/08\/Pic-de-Peguera.-5-6-05-12-030.b-300x225.jpg 300w\" sizes=\"auto, (max-width: 751px) 100vw, 751px\" \/><\/a><p id=\"caption-attachment-20831\" class=\"wp-caption-text\">Refugio Josep Maria Blanc y arriba los Sabur\u00f3<\/p><\/div>\n<p>No nos cansamos de hacer fotos y ser testigos en el d\u00eda de esta bella y eterna imagen. Con el refugio tan cerca, los cansancios y el peso de la mochila, no se desvanecen pero son m\u00e1s llevaderos. Debemos proseguir y llegar al refugio, al cual llegamos enseguida. El paisaje es espectacular. Nos damos cuenta de que est\u00e1 abierto cuando pens\u00e1bamos que solo la parte de invierno estar\u00eda abierta. Al final nos enteramos que un grupo de Sant Cugat contact\u00f3 con los guardas para que lo abrieran ese fin de semana; y el mismo domingo por la ma\u00f1ana se bajaban y lo cerraban de nuevo.<\/p>\n<p>Por ello no nos deja usar el refugio de invierno, debemos acomodarnos en el guardado y pagar la noche. El refugio es encantador y est\u00e1 muy bien, y como no somos muchos, se nos queda grande. Comemos. Despu\u00e9s buscamos cobertura para poder llamar a casa y decir que hemos llegado bien; solo fuera del refugio y sobre una gran roca enfrente de \u00e9l hay algo de cobertura de Mv. Seguidamente y estimulados por el cansancio de la subida y de no haber dormido mucho por el madrug\u00f3n, algunos subimos a las literas para hacer una buena siesta, y casi enlazar la tarde con la noche. Paco, al final, une la tarde del s\u00e1bado con la ma\u00f1ana del domingo y siesta y noche la hace de un tir\u00f3n&#8230; por ello, y sin darnos cuenta el resto del equipo, no se enterar\u00e1 de algunas de las decisiones tomadas en la cena.<\/p>\n<div id=\"attachment_20834\" style=\"width: 761px\" class=\"wp-caption aligncenter\"><a class=\"dt-single-image\" href=\"https:\/\/www.monta\u00f1asdelaluna.es\/wp-content\/uploads\/2015\/08\/Pic-de-Peguera.-5-6-05-12-038.jpg\" data-dt-img-description=\"\"><img loading=\"lazy\" decoding=\"async\" aria-describedby=\"caption-attachment-20834\" class=\"wp-image-20834 size-full\" src=\"https:\/\/www.monta\u00f1asdelaluna.es\/wp-content\/uploads\/2015\/08\/Pic-de-Peguera.-5-6-05-12-038.jpg\" alt=\"Refugio Josep Mar\u00eda Blanc\" width=\"751\" height=\"563\" srcset=\"https:\/\/www.monta\u00f1asdelaluna.es\/wp-content\/uploads\/2015\/08\/Pic-de-Peguera.-5-6-05-12-038.jpg 751w, https:\/\/www.monta\u00f1asdelaluna.es\/wp-content\/uploads\/2015\/08\/Pic-de-Peguera.-5-6-05-12-038-300x225.jpg 300w\" sizes=\"auto, (max-width: 751px) 100vw, 751px\" \/><\/a><p id=\"caption-attachment-20834\" class=\"wp-caption-text\">Refugio Josep Mar\u00eda Blanc<\/p><\/div>\n<div id=\"attachment_20838\" style=\"width: 761px\" class=\"wp-caption aligncenter\"><a class=\"dt-single-image\" href=\"https:\/\/www.monta\u00f1asdelaluna.es\/wp-content\/uploads\/2015\/08\/Pic-de-Peguera.-5-6-05-12-045.jpg\" data-dt-img-description=\"\"><img loading=\"lazy\" decoding=\"async\" aria-describedby=\"caption-attachment-20838\" class=\"wp-image-20838 size-full\" src=\"https:\/\/www.monta\u00f1asdelaluna.es\/wp-content\/uploads\/2015\/08\/Pic-de-Peguera.-5-6-05-12-045.jpg\" alt=\"Pep, Olga y Toni en el interior del Refugio Josep Mar\u00eda Blanc\" width=\"751\" height=\"563\" srcset=\"https:\/\/www.monta\u00f1asdelaluna.es\/wp-content\/uploads\/2015\/08\/Pic-de-Peguera.-5-6-05-12-045.jpg 751w, https:\/\/www.monta\u00f1asdelaluna.es\/wp-content\/uploads\/2015\/08\/Pic-de-Peguera.-5-6-05-12-045-300x225.jpg 300w\" sizes=\"auto, (max-width: 751px) 100vw, 751px\" \/><\/a><p id=\"caption-attachment-20838\" class=\"wp-caption-text\">Pep, Olga y Toni en el interior del Refugio Josep Mar\u00eda Blanc<\/p><\/div>\n<p>En un principio, la idea era hacer una traves\u00eda circular; hemos empezado por el Valle de Peguera con lo cual deb\u00edamos bajar por el Valle de Monestero, del Escrita. Pero viendo que por este lado es m\u00e1s largo, el estado de la nieve y del tiempo, lo m\u00e1s sensato ser\u00eda: subir con el m\u00ednimo de peso, dejando el resto en el refugio a buen recaudo, hacer cumbre y bajar por el mismo sitio, recoger lo dejado en el refugio y bajar por donde hemos subido. Por la tarde-noche se ha cerrado, empieza a nevar no muy fuerte, estamos a 2.315 mts., y parece que ello ayuda a tomar esta decisi\u00f3n. Cenamos, nos hacemos fotos, charlamos&#8230; y enseguida a la cama. Para coger buena nieve debemos salir a las 6 de la ma\u00f1ana m\u00ednimo, as\u00ed que pondremos el despertador a las 5.<\/p>\n<div id=\"attachment_20924\" style=\"width: 641px\" class=\"wp-caption aligncenter\"><a class=\"dt-single-image\" href=\"https:\/\/www.monta\u00f1asdelaluna.es\/wp-content\/uploads\/2012\/05\/mapa-Pic-de-Peguera.1.croquis.jpg\" data-dt-img-description=\"\"><img loading=\"lazy\" decoding=\"async\" aria-describedby=\"caption-attachment-20924\" class=\"wp-image-20924 size-full\" src=\"https:\/\/www.monta\u00f1asdelaluna.es\/wp-content\/uploads\/2012\/05\/mapa-Pic-de-Peguera.1.croquis.jpg\" alt=\"Croquis del recorrido Prat de Pierr\u00f3-Refugio Josep Maria Blanc\" width=\"631\" height=\"1166\" srcset=\"https:\/\/www.monta\u00f1asdelaluna.es\/wp-content\/uploads\/2012\/05\/mapa-Pic-de-Peguera.1.croquis.jpg 631w, https:\/\/www.monta\u00f1asdelaluna.es\/wp-content\/uploads\/2012\/05\/mapa-Pic-de-Peguera.1.croquis-162x300.jpg 162w, https:\/\/www.monta\u00f1asdelaluna.es\/wp-content\/uploads\/2012\/05\/mapa-Pic-de-Peguera.1.croquis-554x1024.jpg 554w\" sizes=\"auto, (max-width: 631px) 100vw, 631px\" \/><\/a><p id=\"caption-attachment-20924\" class=\"wp-caption-text\">Croquis del recorrido Prat de Pierr\u00f3-Refugio Josep Maria Blanc<\/p><\/div>\n<p>Nos despertamos. Empieza a amanecer. Ya llevamos una hora de retraso sobre el horario querido. Pero el d\u00eda es espl\u00e9ndido, magn\u00edfico, ni una sola nube, salvo aquellas nieblas en el valle que\u00a0 a lo largo de la ma\u00f1ana ir\u00e1n elev\u00e1ndose e intentaran engullirnos. Perfecto. Desayunamos, dejamos las cosas que no queremos subir en el refugio de invierno: Toni cuenta la historia de que una vez en Coronas les robaron el saco de dormir que estaba metido en la tienda cerrada; as\u00ed que \u00e9l decide subirse el saco en la mochila, y yo, por \u201chisteria colectiva\u201d hago lo mismo. Los rayos de sol comienzan a acariciar las puntiagudas cumbres de las monta\u00f1as cercanas, y la maravillosa imagen del nacimiento de un nuevo d\u00eda invade nuestras pupilas.<\/p>\n<div id=\"attachment_20843\" style=\"width: 761px\" class=\"wp-caption aligncenter\"><a class=\"dt-single-image\" href=\"https:\/\/www.monta\u00f1asdelaluna.es\/wp-content\/uploads\/2015\/08\/Pic-de-Peguera.-5-6-05-12-052.jpg\" data-dt-img-description=\"\"><img loading=\"lazy\" decoding=\"async\" aria-describedby=\"caption-attachment-20843\" class=\"wp-image-20843 size-full\" src=\"https:\/\/www.monta\u00f1asdelaluna.es\/wp-content\/uploads\/2015\/08\/Pic-de-Peguera.-5-6-05-12-052.jpg\" alt=\"Saliendo del Refugio Josep Maria Blanc, delante Paco\" width=\"751\" height=\"563\" srcset=\"https:\/\/www.monta\u00f1asdelaluna.es\/wp-content\/uploads\/2015\/08\/Pic-de-Peguera.-5-6-05-12-052.jpg 751w, https:\/\/www.monta\u00f1asdelaluna.es\/wp-content\/uploads\/2015\/08\/Pic-de-Peguera.-5-6-05-12-052-300x225.jpg 300w\" sizes=\"auto, (max-width: 751px) 100vw, 751px\" \/><\/a><p id=\"caption-attachment-20843\" class=\"wp-caption-text\">Saliendo del Refugio Josep Maria Blanc, delante Paco<\/p><\/div>\n<div id=\"attachment_20847\" style=\"width: 761px\" class=\"wp-caption aligncenter\"><a class=\"dt-single-image\" href=\"https:\/\/www.monta\u00f1asdelaluna.es\/wp-content\/uploads\/2015\/08\/Pic-de-Peguera.-5-6-05-12-058.jpg\" data-dt-img-description=\"\"><img loading=\"lazy\" decoding=\"async\" aria-describedby=\"caption-attachment-20847\" class=\"wp-image-20847 size-full\" src=\"https:\/\/www.monta\u00f1asdelaluna.es\/wp-content\/uploads\/2015\/08\/Pic-de-Peguera.-5-6-05-12-058.jpg\" alt=\"Olga, Pep, Joaqu\u00edn y Paco en el Estany Negre\" width=\"751\" height=\"563\" srcset=\"https:\/\/www.monta\u00f1asdelaluna.es\/wp-content\/uploads\/2015\/08\/Pic-de-Peguera.-5-6-05-12-058.jpg 751w, https:\/\/www.monta\u00f1asdelaluna.es\/wp-content\/uploads\/2015\/08\/Pic-de-Peguera.-5-6-05-12-058-300x225.jpg 300w\" sizes=\"auto, (max-width: 751px) 100vw, 751px\" \/><\/a><p id=\"caption-attachment-20847\" class=\"wp-caption-text\">Olga, Pep, Joaqu\u00edn y Paco en el Estany Negre<\/p><\/div>\n<p>Salimos del refugio y retomamos la senda nevada, y en el pr\u00f3ximo cartelito, seguimos en direcci\u00f3n al Estany Negre. Y efectivamente en cuesti\u00f3n de pocos minutos llegamos a las orillas del redondeado y fabuloso Estany Negre: todo nevado y enorme, sobre \u00e9l desfilan algunas de las cumbres m\u00e1s altas, bellas y escarpadas del valle: el Pic Muntany\u00f3 y sus Crestas de l\u2019Avi\u00f3 rode\u00e1ndolo, la Cresta dels Estanyets, las de Mainera. Nos hacemos una foto recuerdo, mientras el sol ya ilumina los escarpes y paredes cimeros de estas hermosas moles. Seguimos hac\u00eda la derecha casi por las orillas del Estany Negre y pasamos por otra de sus presas, la principal, en la que caminamos por encima en busca del oeste. Subimos una fuertecilla pendiente para girar y colocarnos, entre pendientes de suaves solitarias lomas, sin huellas y con mucha nieve. Mis compa\u00f1eros van abriendo huellas con las raquetas, no se hunden demasiado, yo voy detr\u00e1s intentando no hundirme con mis Asolo Expedition (que este ser\u00e1 su \u00faltima aventura), pero no ha helado lo suficiente y en ocasiones me cuelo en agujeros con nieve hasta la rodilla, y pocas hasta la cintura&#8230; lo peor ser\u00e1 a la bajada, ahora, m\u00e1s o menos, se puede aguantar.<\/p>\n<div id=\"attachment_20846\" style=\"width: 761px\" class=\"wp-caption aligncenter\"><a class=\"dt-single-image\" href=\"https:\/\/www.monta\u00f1asdelaluna.es\/wp-content\/uploads\/2015\/08\/Pic-de-Peguera.-5-6-05-12-057.jpg\" data-dt-img-description=\"\"><img loading=\"lazy\" decoding=\"async\" aria-describedby=\"caption-attachment-20846\" class=\"wp-image-20846 size-full\" src=\"https:\/\/www.monta\u00f1asdelaluna.es\/wp-content\/uploads\/2015\/08\/Pic-de-Peguera.-5-6-05-12-057.jpg\" alt=\"Estany Negre bajo el Pic Muntany\u00f3, Crestas de l'Avi\u00f3, Crestas dels Estanyets y Crestas de Mainera\" width=\"751\" height=\"563\" srcset=\"https:\/\/www.monta\u00f1asdelaluna.es\/wp-content\/uploads\/2015\/08\/Pic-de-Peguera.-5-6-05-12-057.jpg 751w, https:\/\/www.monta\u00f1asdelaluna.es\/wp-content\/uploads\/2015\/08\/Pic-de-Peguera.-5-6-05-12-057-300x225.jpg 300w\" sizes=\"auto, (max-width: 751px) 100vw, 751px\" \/><\/a><p id=\"caption-attachment-20846\" class=\"wp-caption-text\">Estany Negre bajo el Pic Muntany\u00f3, Crestas de l&#8217;Avi\u00f3, Crestas dels Estanyets y Crestas de Mainera<\/p><\/div>\n<p>El d\u00eda sigue espl\u00e9ndido, salvo por la amenazadora e inofensiva niebla que intenta subir por el fondo del valle, pero el cielo s de un azul especial. Encontramos otro cartelito medio enterrado por la abundante nieve, delante de otro lago de alta monta\u00f1a: Estany de La Llastra. Todo es blancura, no hace demasiado fr\u00edo, pero el suficiente para no quitarnos las chaquetas en las primeras horas del d\u00eda. Tambi\u00e9n nos vamos acercando a las escarpadas moles de los Sabur\u00f3, sobretodo del Inferior, que, con su perfil caracter\u00edstico nos atrae y nos confundi\u00f3 con el mismo Pic de Peguera. Bordeamos el Estany de La Llastra por la derecha y hac\u00eda el oeste vamos buscando el paso hac\u00eda el circo que forman los Sabur\u00f3, Pic de Peguera y el Pic de Monestero, por la parte m\u00e1s baja de dicho vallecillo, junto a su riera.<\/p>\n<p>Mientras pasa el tiempo subiendo y caminando, el sol va calentando la mala nieve; mis compa\u00f1eros se alejan y van progresando, yo voy cans\u00e1ndome cada vez m\u00e1s y sigo haciendo una huella nueva, hundiendo la bota hasta m\u00e1s arriba del tobillo. Por fin la niebla logra cogernos por unos fugaces y borrosos instantes, le ha dado su toque m\u00e1gico a la aventura, y al rato nos paramos en un llano a orillas del Estany Gran de Peguera, bajo los escarpes del Pic de Monestero a la derecha. Detr\u00e1s, y siguiendo mis huellas, van acerc\u00e1ndose los 11 de Sant Cugat, que nos cogen y adelantan mientras nosotros nos deleitamos con el espect\u00e1culo del excelente d\u00eda, de la blancura del paisaje y de las vistas a las escarpadas monta\u00f1as al otro lado del valle. Delante nuestro ya tenemos muy pr\u00f3ximo la Collada de Monestero y el Pic de Peguera frente a frente. A orillas del Estany Gran de Peguera estamos a 2.580 metros; debemos llegar al collado a 2.715, y subir al Pic de Peguera de 2.982 metros de altitud. No es una monta\u00f1a peculiarmente bella desde este lado, los perfiles de los Sabur\u00f3 la pueden superar, pero es la cima m\u00e1s alta de todo el este del parque.<\/p>\n<div id=\"attachment_20850\" style=\"width: 761px\" class=\"wp-caption aligncenter\"><a class=\"dt-single-image\" href=\"https:\/\/www.monta\u00f1asdelaluna.es\/wp-content\/uploads\/2015\/08\/Pic-de-Peguera.-5-6-05-12-064.jpg\" data-dt-img-description=\"\"><img loading=\"lazy\" decoding=\"async\" aria-describedby=\"caption-attachment-20850\" class=\"wp-image-20850 size-full\" src=\"https:\/\/www.monta\u00f1asdelaluna.es\/wp-content\/uploads\/2015\/08\/Pic-de-Peguera.-5-6-05-12-064.jpg\" alt=\"Camino del Collado de Monestero\" width=\"751\" height=\"563\" srcset=\"https:\/\/www.monta\u00f1asdelaluna.es\/wp-content\/uploads\/2015\/08\/Pic-de-Peguera.-5-6-05-12-064.jpg 751w, https:\/\/www.monta\u00f1asdelaluna.es\/wp-content\/uploads\/2015\/08\/Pic-de-Peguera.-5-6-05-12-064-300x225.jpg 300w\" sizes=\"auto, (max-width: 751px) 100vw, 751px\" \/><\/a><p id=\"caption-attachment-20850\" class=\"wp-caption-text\">Camino del Collado de Monestero<\/p><\/div>\n<div id=\"attachment_20851\" style=\"width: 761px\" class=\"wp-caption aligncenter\"><a class=\"dt-single-image\" href=\"https:\/\/www.monta\u00f1asdelaluna.es\/wp-content\/uploads\/2015\/08\/Pic-de-Peguera.-5-6-05-12-066.jpg\" data-dt-img-description=\"\"><img loading=\"lazy\" decoding=\"async\" aria-describedby=\"caption-attachment-20851\" class=\"wp-image-20851 size-full\" src=\"https:\/\/www.monta\u00f1asdelaluna.es\/wp-content\/uploads\/2015\/08\/Pic-de-Peguera.-5-6-05-12-066.jpg\" alt=\"Delante el Sabur\u00f3 Inferior\" width=\"751\" height=\"563\" srcset=\"https:\/\/www.monta\u00f1asdelaluna.es\/wp-content\/uploads\/2015\/08\/Pic-de-Peguera.-5-6-05-12-066.jpg 751w, https:\/\/www.monta\u00f1asdelaluna.es\/wp-content\/uploads\/2015\/08\/Pic-de-Peguera.-5-6-05-12-066-300x225.jpg 300w\" sizes=\"auto, (max-width: 751px) 100vw, 751px\" \/><\/a><p id=\"caption-attachment-20851\" class=\"wp-caption-text\">Delante el Sabur\u00f3 Inferior<\/p><\/div>\n<p>La subida es directa desde el estany y, siguiendo esta vez nosotros, las huellas de los de Sant Cugat, llegamos a la Collada de Monestero. R\u00e1pidamente el grupo de Sant Cugat comienza a subir hac\u00eda la derecha y noreste la falda rocosa del Pic de Monestero. Nosotros deliberamos. Al final decidimos dejar algunas mochilas en la collada e intentar el Pic de Peguera, no parecemos muy seguros, pero mi firme afirmaci\u00f3n de intentarlo les anima. Paco se queda en el collado: las vistas son sublimes, el d\u00eda es excelente (por el momento), y vemos al otro lado el Valle de Monestero, sinuoso cerca de Sant Maurici y ancho aqu\u00ed, cerca de Peguera-Monestero. Compruebo con desilusi\u00f3n que no hay tanta nieve como esperaba, y pienso que al final la traves\u00eda se podr\u00eda haber efectuado con menos problemas de los pensados. \u201c\u00bfLuego bajaremos por aqu\u00ed?\u201d pregunta Paco. Se nos hab\u00eda olvidado decirle que al final no har\u00edamos la traves\u00eda, que volver\u00edamos al refugio, y que hab\u00edamos dejado parte de la carga en el refugio de invierno&#8230; \u00e9l llevaba la mochila completa.[vc_separator][\/vc_column_text][\/vc_column][\/vc_row][vc_row][vc_column][vc_empty_space][\/vc_column][\/vc_row][vc_row][vc_column][vc_video link=\u00bbhttps:\/\/vimeo.com\/42040584#t=0s\u00bb title=\u00bbPic de Peguera\u00bb][\/vc_column][\/vc_row][vc_row][vc_column][vc_empty_space][\/vc_column][\/vc_row][vc_row][vc_column][vc_column_text]Comenzamos, pues, la subida suave acerc\u00e1ndonos a la cresta, a la izquierda y suroeste, del Pic de Peguera. Al principio es suave con mucha nieve, nieve mala, \u201ctoba\u201d. Y a medida que cogemos altura la inclinaci\u00f3n se acent\u00faa. Me pongo en cabeza relevando a Pep y al ratillo comienzo a sortear las primeras rocas que queda justo debajo de la cresta cimera, a\u00e9rea y vertical. La nieve es muy mala y la pendiente importante; el piolet no te parar\u00eda en una eventual ca\u00edda, aunque si la propia y blanda nieve, con el peligro de hacer un tobog\u00e1n con la probabilidad de no pararte m\u00e1s que al golpearte en las rocas de abajo, o cayendo por el precipicio este abajo de esta rampa que surc\u00e1bamos. Por ello mis compa\u00f1eros se fueron retirando uno a uno; hasta que ya Pep que me segu\u00eda decidi\u00f3 darse la vuelta, y yo con \u00e9l. Nos quedamos a menos de 100 metros de la cima.<\/p>\n<div id=\"attachment_20853\" style=\"width: 761px\" class=\"wp-caption aligncenter\"><a class=\"dt-single-image\" href=\"https:\/\/www.monta\u00f1asdelaluna.es\/wp-content\/uploads\/2015\/08\/Pic-de-Peguera.-5-6-05-12-069.jpg\" data-dt-img-description=\"\"><img loading=\"lazy\" decoding=\"async\" aria-describedby=\"caption-attachment-20853\" class=\"wp-image-20853 size-full\" src=\"https:\/\/www.monta\u00f1asdelaluna.es\/wp-content\/uploads\/2015\/08\/Pic-de-Peguera.-5-6-05-12-069.jpg\" alt=\"Cerca del Estany de Lastra arriba los Sabur\u00f3\" width=\"751\" height=\"563\" srcset=\"https:\/\/www.monta\u00f1asdelaluna.es\/wp-content\/uploads\/2015\/08\/Pic-de-Peguera.-5-6-05-12-069.jpg 751w, https:\/\/www.monta\u00f1asdelaluna.es\/wp-content\/uploads\/2015\/08\/Pic-de-Peguera.-5-6-05-12-069-300x225.jpg 300w\" sizes=\"auto, (max-width: 751px) 100vw, 751px\" \/><\/a><p id=\"caption-attachment-20853\" class=\"wp-caption-text\">Cerca del Estany de Lastra arriba los Sabur\u00f3<\/p><\/div>\n<p>Aprovechamos la bajada para admirar el incre\u00edble y majestuoso paisaje: todo el alto Valle de Peguera blanco y reluciente, con sus picudas monta\u00f1as rode\u00e1ndolo, y esos Sabur\u00f3 llamativos, seguimiento de la inexpugnable y vertiginosa cresta sur del Peguera; los cuales, uno de ellos, el mismo Tuc de Sabur\u00f3, su perfil desde este lado me recordaba a la cara norte del Mulhac\u00e9n, por su forma piramidal, cortada en su cumbre. Asom\u00e1ndonos al otro lado de la cresta, el Valle de Monestero y todos los escarpados picos del parque nacional. Ahora que hab\u00edan aparecido esas nubes anunciadas, se combinaban la blancura del cielo con la de la nieve, y los oscuros escarpes de la roca gran\u00edtica de estos pe\u00f1ascos y picos. Al fondo, hac\u00eda el norte-noroeste, una monta\u00f1a sobresal\u00eda sobre las dem\u00e1s, tanto por su altura como por su magnificencia, creo que el Punta Alta de Comalesbienes, que ya sobrepasa los tres mil metros. Cerca de nosotros, el perfil del Pic de Monestero nos ofrece unas formas bellas y escarpadas, triangulares y rocosas, pero atractivas y majestuosas. Hermoso, encantador. No puedo ver a Els Encantats, esos picos tan originales como bellos y escarpados; est\u00e1n tapados por la t\u00edpica nube, pero las vistas son excepcionales, sublimes.<\/p>\n<p>Regresamos tranquilamente a la Collada de Monestero, casi al mismo tiempo que regresan los de Sant Cugat del Pic de Monestero. El tiempo comienza a nublarse, pero nada serio; no llegar\u00e1n las prometidas tormentas de la tarde a esta parte del Pirineo: parec\u00eda como si una gran ventana al cielo azul rodeada de amenazantes y blancas nubes, se haya instalado sobre nosotros.<\/p>\n<div id=\"attachment_20873\" style=\"width: 761px\" class=\"wp-caption aligncenter\"><a class=\"dt-single-image\" href=\"https:\/\/www.monta\u00f1asdelaluna.es\/wp-content\/uploads\/2015\/08\/Pic-de-Peguera.-5-6-05-12-096.jpg\" data-dt-img-description=\"\"><img loading=\"lazy\" decoding=\"async\" aria-describedby=\"caption-attachment-20873\" class=\"wp-image-20873 size-full\" src=\"https:\/\/www.monta\u00f1asdelaluna.es\/wp-content\/uploads\/2015\/08\/Pic-de-Peguera.-5-6-05-12-096.jpg\" alt=\"Paco llegando al Collado de Monestero\" width=\"751\" height=\"563\" srcset=\"https:\/\/www.monta\u00f1asdelaluna.es\/wp-content\/uploads\/2015\/08\/Pic-de-Peguera.-5-6-05-12-096.jpg 751w, https:\/\/www.monta\u00f1asdelaluna.es\/wp-content\/uploads\/2015\/08\/Pic-de-Peguera.-5-6-05-12-096-300x225.jpg 300w\" sizes=\"auto, (max-width: 751px) 100vw, 751px\" \/><\/a><p id=\"caption-attachment-20873\" class=\"wp-caption-text\">Paco llegando al Collado de Monestero<\/p><\/div>\n<div id=\"attachment_20880\" style=\"width: 761px\" class=\"wp-caption aligncenter\"><a class=\"dt-single-image\" href=\"https:\/\/www.monta\u00f1asdelaluna.es\/wp-content\/uploads\/2015\/08\/Pic-de-Peguera.-5-6-05-12-111.jpg\" data-dt-img-description=\"\"><img loading=\"lazy\" decoding=\"async\" aria-describedby=\"caption-attachment-20880\" class=\"wp-image-20880 size-full\" src=\"https:\/\/www.monta\u00f1asdelaluna.es\/wp-content\/uploads\/2015\/08\/Pic-de-Peguera.-5-6-05-12-111.jpg\" alt=\"Pico de Monestero\" width=\"751\" height=\"563\" srcset=\"https:\/\/www.monta\u00f1asdelaluna.es\/wp-content\/uploads\/2015\/08\/Pic-de-Peguera.-5-6-05-12-111.jpg 751w, https:\/\/www.monta\u00f1asdelaluna.es\/wp-content\/uploads\/2015\/08\/Pic-de-Peguera.-5-6-05-12-111-300x225.jpg 300w\" sizes=\"auto, (max-width: 751px) 100vw, 751px\" \/><\/a><p id=\"caption-attachment-20880\" class=\"wp-caption-text\">Pico de Monestero<\/p><\/div>\n<p>Desandamos el camino. Ahora, entre el sol, el calor y la deshecha nieve derretida y ablandada, la bajada se hace para mi casi agobiante y tormentosa. Me harto de colarme y de hundir mis desvencijadas botas en la abundante nieve. Dejo que me adelanten los de Sant Cugat e intento seguir sus huellas, pero es igual, me hundo a\u00fan m\u00e1s donde ellos ya se hundieron. Volvemos, siguiendo nuestras huellas, al Estany Negre: aqu\u00ed el sol y las nubes juegan en una bonita imagen de luces y sombras. De nuevo en el Refugio J. M. Blanc paramos para comer algo (no nos dar\u00e1 tiempo de bajar a Espot a comer), descansar y beber agua&#8230; \u00bfagua? me dicen que se hab\u00eda roto la goma, tuber\u00eda, conducto del agua del refugio, y en el refugio guardado no hab\u00eda grifo ni lugar donde recoger dicha agua. Despu\u00e9s de pensar y repensar, decido, muy seguro de m\u00ed, bajar a la adyacente orilla del estany para hacer un agujero en el hielo y beber de su agua \u00a1Para que buscar agua de riachuelos si estamos rodeados por un lago de agua dulce! Con cuidado de no colarme en sus aguas heladas, ya que la nieve lo cubre todo y casi no hay diferencia entre agua y tierra. Toni me ayuda, y paco se une al equipo, con tal fortuna que se cuela un pi\u00e9 en el estany rompiendo la fina pero dura capa de hielo. Gracias a su \u201chuella\u201d pod\u00edamos llenar las cantimploras y beber la fr\u00eda, congelada pero ansiada y necesitada agua.<\/p>\n<div id=\"attachment_20901\" style=\"width: 761px\" class=\"wp-caption aligncenter\"><a class=\"dt-single-image\" href=\"https:\/\/www.monta\u00f1asdelaluna.es\/wp-content\/uploads\/2015\/08\/Pic-de-Peguera.-5-6-05-12-147.jpg\" data-dt-img-description=\"\"><img loading=\"lazy\" decoding=\"async\" aria-describedby=\"caption-attachment-20901\" class=\"wp-image-20901 size-full\" src=\"https:\/\/www.monta\u00f1asdelaluna.es\/wp-content\/uploads\/2015\/08\/Pic-de-Peguera.-5-6-05-12-147.jpg\" alt=\"Estany Negre bajo el Pic Muntany\u00f3, Crestas de l'Avi\u00f3 y Crestas de Estanyets\" width=\"751\" height=\"563\" srcset=\"https:\/\/www.monta\u00f1asdelaluna.es\/wp-content\/uploads\/2015\/08\/Pic-de-Peguera.-5-6-05-12-147.jpg 751w, https:\/\/www.monta\u00f1asdelaluna.es\/wp-content\/uploads\/2015\/08\/Pic-de-Peguera.-5-6-05-12-147-300x225.jpg 300w\" sizes=\"auto, (max-width: 751px) 100vw, 751px\" \/><\/a><p id=\"caption-attachment-20901\" class=\"wp-caption-text\">Estany Negre bajo el Pic Muntany\u00f3, Crestas de l&#8217;Avi\u00f3 y Crestas de Estanyets<\/p><\/div>\n<p>Una vez cargados, descansados y bebidos, nos disponemos a seguir desandando el camino hasta los coches dejados en el Prat de Pierr\u00f3. Pasando por las orillas del Estany de Lladres, despidi\u00e9ndonos de las picudas y blancas monta\u00f1as que lo circundan, y bajando por la misma pista, camino con las vistas del fondo del Valle del Escrita y sus bosques de sanos \u00e1rboles musgosos y liquenosos. Ya En Espot, la cerveza del deshidrato, celebraci\u00f3n y compa\u00f1erismo que siempre hay que tomar al terminar una gran actividad como \u00e9sta.<\/p>\n<p>Hermosos, encantadores y soberbios lugares nuevos para m\u00ed, pero muy antiguos para el Mundo. No nos cansaremos de visitarlos, recorrerlos y aventurarnos.<\/p>\n<div id=\"attachment_20923\" style=\"width: 764px\" class=\"wp-caption aligncenter\"><a class=\"dt-single-image\" href=\"https:\/\/www.monta\u00f1asdelaluna.es\/wp-content\/uploads\/2012\/05\/mapa-Pic-de-Peguera.2.croquis.jpg\" data-dt-img-description=\"\"><img loading=\"lazy\" decoding=\"async\" aria-describedby=\"caption-attachment-20923\" class=\"wp-image-20923 size-full\" src=\"https:\/\/www.monta\u00f1asdelaluna.es\/wp-content\/uploads\/2012\/05\/mapa-Pic-de-Peguera.2.croquis.jpg\" alt=\"Croquis del recorrido Refugio Josep Maria Blanc-Pic de Peguera\" width=\"754\" height=\"398\" srcset=\"https:\/\/www.monta\u00f1asdelaluna.es\/wp-content\/uploads\/2012\/05\/mapa-Pic-de-Peguera.2.croquis.jpg 754w, https:\/\/www.monta\u00f1asdelaluna.es\/wp-content\/uploads\/2012\/05\/mapa-Pic-de-Peguera.2.croquis-300x158.jpg 300w\" sizes=\"auto, (max-width: 754px) 100vw, 754px\" \/><\/a><p id=\"caption-attachment-20923\" class=\"wp-caption-text\">Croquis del recorrido Refugio Josep Maria Blanc-Pic de Peguera<\/p><\/div>\n<p>[\/vc_column_text][\/vc_column][\/vc_row][vc_row][vc_column][vc_empty_space height=\u00bb60px\u00bb][\/vc_column][\/vc_row][vc_row][vc_column][vc_cta h2=\u00bb\u00c1lbum de fotos\u00bb txt_align=\u00bbcenter\u00bb add_button=\u00bbbottom\u00bb btn_title=\u00bbVer fotos\u00bb btn_color=\u00bbwarning\u00bb btn_align=\u00bbcenter\u00bb btn_link=\u00bburl:https%3A%2F%2Fmonta%C3%B1asdelaluna.es%2F%3Fdt_gallery%3Dasedio-al-pic-de-peguera-2|title:Asedio%20al%20Pic%20de%20Peguera|target:_blank\u00bb css=\u00bb.vc_custom_1625696983171{background-color: #8bc4ed !important;}\u00bb]Puedes ver todas las fotos del relato y actividad en forma de presentaci\u00f3n o individuales pinchando aqui \u00a1No te las pierdas![\/vc_cta][\/vc_column][\/vc_row][vc_row][vc_column][vc_empty_space height=\u00bb60px\u00bb][\/vc_column][\/vc_row][vc_row][vc_column width=\u00bb1\/6&#8243;][\/vc_column][vc_column width=\u00bb1\/3&#8243;][vc_column_text]<\/p>\n<p>Tiempo en Refugio Josep Mar\u00eda Blanc<\/p>\n<p>[\/vc_column_text][vc_raw_html]<\/p>\n<p>JTNDaWZyYW1lJTIwc3JjJTNEJTIyaHR0cHMlM0ElMkYlMkZ3d3cubWV0ZW9ibHVlLmNvbSUyRmVzJTJGdGllbXBvJTJGd2lkZ2V0JTJGZGFpbHklMkY0Mi41NDZOMS4wNDRFJTNGZGF5cyUzRDclMjZ0ZW1wdW5pdCUzRENFTFNJVVMlMjZ3aW5kdW5pdCUzREtJTE9NRVRFUl9QRVJfSE9VUiUyNnBpY3RvaWNvbiUzRDElMjZtYXh0ZW1wZXJhdHVyZSUzRDElMjZtaW50ZW1wZXJhdHVyZSUzRDElMjZ3aW5kc3BlZWQlM0QxJTI2d2luZGd1c3QlM0QxJTI2d2luZGRpcmVjdGlvbiUzRDElMjZwcmVjaXBpdGF0aW9uJTNEMSUyNnByZWNpcGl0YXRpb25wcm9iYWJpbGl0eSUzRDElMjZzcG90JTNEMSUyNnByZXNzdXJlJTNEMSUyNmxheW91dCUzRGxpZ2h0JTIyJTIwJTIwZnJhbWVib3JkZXIlM0QlMjIwJTIyJTIwc2Nyb2xsaW5nJTNEJTIyTk8lMjIlMjBhbGxvd3RyYW5zcGFyZW5jeSUzRCUyMnRydWUlMjIlMjBzdHlsZSUzRCUyMndpZHRoJTNBJTIwMzc4cHglM0JoZWlnaHQlM0ElMjAzODFweCUyMiUzRSUzQyUyRmlmcmFtZSUzRSUzQ2RpdiUzRSUzQyUyMS0tJTIwRE8lMjBOT1QlMjBSRU1PVkUlMjBUSElTJTIwTElOSyUyMC0tJTNFJTNDYSUyMGhyZWYlM0QlMjJodHRwcyUzQSUyRiUyRnd3dy5tZXRlb2JsdWUuY29tJTJGZXMlMkZ0aWVtcG8lMkZwcm9ub3N0aWNvJTJGc2VtYW5hJTJGNDIuNTQ2TjEuMDQ0RSUyMiUyMHRhcmdldCUzRCUyMl9ibGFuayUyMiUzRW1ldGVvYmx1ZSUzQyUyRmElM0UlM0MlMkZkaXYlM0U=<\/p>\n<p>[\/vc_raw_html][\/vc_column][vc_column width=\u00bb1\/3&#8243;][vc_column_text]<\/p>\n<p>Tiempo en Pic de Peguera<\/p>\n<p>[\/vc_column_text][vc_raw_html]<\/p>\n<p>JTNDaWZyYW1lJTIwc3JjJTNEJTIyaHR0cHMlM0ElMkYlMkZ3d3cubWV0ZW9ibHVlLmNvbSUyRmVzJTJGdGllbXBvJTJGd2lkZ2V0JTJGZGFpbHklMkY0Mi41MzlOMS4wMTNFJTNGZGF5cyUzRDclMjZ0ZW1wdW5pdCUzRENFTFNJVVMlMjZ3aW5kdW5pdCUzREtJTE9NRVRFUl9QRVJfSE9VUiUyNnBpY3RvaWNvbiUzRDElMjZtYXh0ZW1wZXJhdHVyZSUzRDElMjZtaW50ZW1wZXJhdHVyZSUzRDElMjZ3aW5kc3BlZWQlM0QxJTI2d2luZGd1c3QlM0QxJTI2d2luZGRpcmVjdGlvbiUzRDElMjZwcmVjaXBpdGF0aW9uJTNEMSUyNnByZWNpcGl0YXRpb25wcm9iYWJpbGl0eSUzRDElMjZzcG90JTNEMSUyNnByZXNzdXJlJTNEMSUyNmxheW91dCUzRGxpZ2h0JTIyJTIwJTIwZnJhbWVib3JkZXIlM0QlMjIwJTIyJTIwc2Nyb2xsaW5nJTNEJTIyTk8lMjIlMjBhbGxvd3RyYW5zcGFyZW5jeSUzRCUyMnRydWUlMjIlMjBzdHlsZSUzRCUyMndpZHRoJTNBJTIwMzc4cHglM0JoZWlnaHQlM0ElMjAzODFweCUyMiUzRSUzQyUyRmlmcmFtZSUzRSUzQ2RpdiUzRSUzQyUyMS0tJTIwRE8lMjBOT1QlMjBSRU1PVkUlMjBUSElTJTIwTElOSyUyMC0tJTNFJTNDYSUyMGhyZWYlM0QlMjJodHRwcyUzQSUyRiUyRnd3dy5tZXRlb2JsdWUuY29tJTJGZXMlMkZ0aWVtcG8lMkZwcm9ub3N0aWNvJTJGc2VtYW5hJTJGNDIuNTM5TjEuMDEzRSUyMiUyMHRhcmdldCUzRCUyMl9ibGFuayUyMiUzRW1ldGVvYmx1ZSUzQyUyRmElM0UlM0MlMkZkaXYlM0U=<\/p>\n<p>[\/vc_raw_html][\/vc_column][vc_column width=\u00bb1\/6&#8243;][\/vc_column][\/vc_row]<\/p>\n","protected":false},"excerpt":{"rendered":"<p>[vc_row][vc_column][vc_column_text]Desde que conozco el Parque Nacional de Aig\u00fcestortes y Lago San Mauricio que me ha atra\u00eddo la idea de subir a, entonces, su pico m\u00e1s alto: el Pic de Peguera. Actualmente, con los Besiberris dentro del ampliado parque, han dejado atr\u00e1s a aquellas monta\u00f1as que rozaban los tres mil metros, pero sin llegar, para tener&hellip;<\/p>\n","protected":false},"author":1,"featured_media":20852,"comment_status":"open","ping_status":"open","sticky":false,"template":"","format":"standard","meta":[],"categories":[128],"tags":[],"class_list":["post-20911","post","type-post","status-publish","format-standard","has-post-thumbnail","hentry","category-alto-pirineo-catalan","category-128","description-off"],"_links":{"self":[{"href":"https:\/\/www.monta\u00f1asdelaluna.es\/index.php?rest_route=\/wp\/v2\/posts\/20911","targetHints":{"allow":["GET"]}}],"collection":[{"href":"https:\/\/www.monta\u00f1asdelaluna.es\/index.php?rest_route=\/wp\/v2\/posts"}],"about":[{"href":"https:\/\/www.monta\u00f1asdelaluna.es\/index.php?rest_route=\/wp\/v2\/types\/post"}],"author":[{"embeddable":true,"href":"https:\/\/www.monta\u00f1asdelaluna.es\/index.php?rest_route=\/wp\/v2\/users\/1"}],"replies":[{"embeddable":true,"href":"https:\/\/www.monta\u00f1asdelaluna.es\/index.php?rest_route=%2Fwp%2Fv2%2Fcomments&post=20911"}],"version-history":[{"count":12,"href":"https:\/\/www.monta\u00f1asdelaluna.es\/index.php?rest_route=\/wp\/v2\/posts\/20911\/revisions"}],"predecessor-version":[{"id":50035,"href":"https:\/\/www.monta\u00f1asdelaluna.es\/index.php?rest_route=\/wp\/v2\/posts\/20911\/revisions\/50035"}],"wp:featuredmedia":[{"embeddable":true,"href":"https:\/\/www.monta\u00f1asdelaluna.es\/index.php?rest_route=\/wp\/v2\/media\/20852"}],"wp:attachment":[{"href":"https:\/\/www.monta\u00f1asdelaluna.es\/index.php?rest_route=%2Fwp%2Fv2%2Fmedia&parent=20911"}],"wp:term":[{"taxonomy":"category","embeddable":true,"href":"https:\/\/www.monta\u00f1asdelaluna.es\/index.php?rest_route=%2Fwp%2Fv2%2Fcategories&post=20911"},{"taxonomy":"post_tag","embeddable":true,"href":"https:\/\/www.monta\u00f1asdelaluna.es\/index.php?rest_route=%2Fwp%2Fv2%2Ftags&post=20911"}],"curies":[{"name":"wp","href":"https:\/\/api.w.org\/{rel}","templated":true}]}}