{"id":21252,"date":"2014-07-03T16:00:48","date_gmt":"2014-07-03T16:00:48","guid":{"rendered":"http:\/\/monta\u00f1asdelaluna.com\/?p=21252"},"modified":"2021-08-03T06:45:58","modified_gmt":"2021-08-03T06:45:58","slug":"3-de-julio-del-2-014-jueves-3o-etapa-certascan-pinet","status":"publish","type":"post","link":"https:\/\/www.monta\u00f1asdelaluna.es\/?p=21252","title":{"rendered":"3 de julio del 2.014, jueves. 3\u00ba Etapa: Certasc\u00e1n-Pinet"},"content":{"rendered":"<p>[vc_row][vc_column][vc_column_text]El d\u00eda amanece incre\u00edble, sin una nube. Un d\u00eda muy claro y bonito. Bajo el primero a desayunar y a las 06\u201930 desayunamos. Casi puntualmente pasados 8 minutos de las 07\u201930 salimos en busca del Refugio de Pinet.<\/p>\n<p>Esta etapa ser\u00e1 tambi\u00e9n durilla y a la vez curiosa y emocionante. No bajamos mucha altura ni subimos mucha: salimos de 2.240 mts. y tenemos que llegar a la misma altura en el Refugio de Pinet, cruzamos a Francia, pasamos por bonitos y variados ibones, paisajes de valles y monta\u00f1as extraordinarios\u2026 pero promete ser un subibaja infernal.<\/p>\n<div id=\"attachment_21154\" style=\"width: 770px\" class=\"wp-caption aligncenter\"><a class=\"dt-single-image\" href=\"https:\/\/www.monta\u00f1asdelaluna.es\/wp-content\/uploads\/2015\/09\/PortaDelCel-246.jpg\" data-dt-img-description=\"\"><img loading=\"lazy\" decoding=\"async\" aria-describedby=\"caption-attachment-21154\" class=\"wp-image-21154 size-full\" src=\"https:\/\/www.monta\u00f1asdelaluna.es\/wp-content\/uploads\/2015\/09\/PortaDelCel-246.jpg\" alt=\"Vistas desde el Refugio de Certasc\u00e1n\" width=\"760\" height=\"428\" srcset=\"https:\/\/www.monta\u00f1asdelaluna.es\/wp-content\/uploads\/2015\/09\/PortaDelCel-246.jpg 760w, https:\/\/www.monta\u00f1asdelaluna.es\/wp-content\/uploads\/2015\/09\/PortaDelCel-246-300x169.jpg 300w\" sizes=\"auto, (max-width: 760px) 100vw, 760px\" \/><\/a><p id=\"caption-attachment-21154\" class=\"wp-caption-text\">Vistas desde el Refugio de Certasc\u00e1n<\/p><\/div>\n<p>Salimos del Refugio de Certasc\u00e1n con las incre\u00edbles y despejadas vistas de la monta\u00f1a m\u00e1s alta de Catalu\u00f1a: La Pica d\u2019Estats. Ni una nube. Por el lado contrario al que llegamos y a la izquierda comenzamos a bajar. Bordeamos un peque\u00f1o ib\u00f3n y seguimos bajando como buscando una especie de pista m\u00e1s abajo. Cruzamos arroyos y cascadas. Enfrente el profundo Valle de Lladorre a\u00fan a oscuras.<\/p>\n<p>De repente a la izquierda sale una senda empinada que luego har\u00e1 zigzag y nos subir\u00e1 al Coll de Lurri (2.217 mts.). Ha cogido a la pareja de Jordi (Catal\u00e1n) y Adriana (Ecuatoriana), y a partir de entonces compartiremos e camino, unas veces delante ellos y otras yo. Hago fotos. Bajando del Coll de Lurri nos encontramos con el hermoso y grande Estany de Romedo de Dalt con una islita y todo. Muy bonito. En su fondo hay otro lago que a duras penas se llega a percibir y detr\u00e1s los nevados picos De Colatx en la frontera.<\/p>\n<p>Bordeamos la orilla sur del lago y en su salida seguimos riachuelo abajo. M\u00e1s cascadas, m\u00e1s rincones de agua y verdor, hasta que llegamos al Estany de Romedo de Baix.<\/p>\n<div id=\"attachment_21156\" style=\"width: 770px\" class=\"wp-caption aligncenter\"><a class=\"dt-single-image\" href=\"https:\/\/www.monta\u00f1asdelaluna.es\/wp-content\/uploads\/2015\/09\/PortaDelCel-250.jpg\" data-dt-img-description=\"\"><img loading=\"lazy\" decoding=\"async\" aria-describedby=\"caption-attachment-21156\" class=\"wp-image-21156 size-full\" src=\"https:\/\/www.monta\u00f1asdelaluna.es\/wp-content\/uploads\/2015\/09\/PortaDelCel-250.jpg\" alt=\"Refugio de Certasc\u00e1n\" width=\"760\" height=\"570\" srcset=\"https:\/\/www.monta\u00f1asdelaluna.es\/wp-content\/uploads\/2015\/09\/PortaDelCel-250.jpg 760w, https:\/\/www.monta\u00f1asdelaluna.es\/wp-content\/uploads\/2015\/09\/PortaDelCel-250-300x225.jpg 300w\" sizes=\"auto, (max-width: 760px) 100vw, 760px\" \/><\/a><p id=\"caption-attachment-21156\" class=\"wp-caption-text\">Refugio de Certasc\u00e1n<\/p><\/div>\n<div id=\"attachment_21158\" style=\"width: 770px\" class=\"wp-caption aligncenter\"><a class=\"dt-single-image\" href=\"https:\/\/www.monta\u00f1asdelaluna.es\/wp-content\/uploads\/2015\/09\/PortaDelCel-254.jpg\" data-dt-img-description=\"\"><img loading=\"lazy\" decoding=\"async\" aria-describedby=\"caption-attachment-21158\" class=\"wp-image-21158 size-full\" src=\"https:\/\/www.monta\u00f1asdelaluna.es\/wp-content\/uploads\/2015\/09\/PortaDelCel-254.jpg\" alt=\"Lagunitas bajo el Refugio de Certasc\u00e1n\" width=\"760\" height=\"570\" srcset=\"https:\/\/www.monta\u00f1asdelaluna.es\/wp-content\/uploads\/2015\/09\/PortaDelCel-254.jpg 760w, https:\/\/www.monta\u00f1asdelaluna.es\/wp-content\/uploads\/2015\/09\/PortaDelCel-254-300x225.jpg 300w\" sizes=\"auto, (max-width: 760px) 100vw, 760px\" \/><\/a><p id=\"caption-attachment-21158\" class=\"wp-caption-text\">Lagunitas bajo el Refugio de Certasc\u00e1n<\/p><\/div>\n<p>Estamos en su orilla oeste no sin antes subir y bajar por unos pasos equipados con un cable por si la trepada (f\u00e1cil) se le complica al monta\u00f1ero. Una pista llega hasta el lago, hasta una represa que tiene el lago cayendo al valle. Cruzamos por encima de dicha presa buscando despu\u00e9s la orilla oeste del mismo lago. Lo rodeamos ya que salimos de un valle y ahora subiremos por otro girando en direcci\u00f3n norte. Este \u00faltimo lago ya no era tan bonito como el anterior: las obras del hombre y la presa lo afean. Pero subiendo por el otro valle se hace m\u00e1s salvaje y bonito.<\/p>\n<p>Al final del lago debemos cruzar el r\u00edo y casi saltamos de una orilla a otra por una parte m\u00e1s rocosa, pero la subida va por la orilla oeste del mismo. El tiempo comienza a cambiar. Nubes negras con extra\u00f1as formas onduladas por el viento aparecen por arriba de La Pica. A poca distancia seguimos Adriana, Jordi y yo valle arriba en busca de otro laguito el cual no sale su nombre en el mapa, igual no tiene. Y a partir de que nos acercamos a \u00e9ste, el recorrido cambia y gira la senda a la vez que comienza a subir por la ladera del valle hac\u00eda el sureste en busca del Port de l\u2019Artiga (ya en la frontera francesa).<\/p>\n<div id=\"attachment_21168\" style=\"width: 770px\" class=\"wp-caption aligncenter\"><a class=\"dt-single-image\" href=\"https:\/\/www.monta\u00f1asdelaluna.es\/wp-content\/uploads\/2015\/09\/PortaDelCel-272.jpg\" data-dt-img-description=\"\"><img loading=\"lazy\" decoding=\"async\" aria-describedby=\"caption-attachment-21168\" class=\"wp-image-21168 size-full\" src=\"https:\/\/www.monta\u00f1asdelaluna.es\/wp-content\/uploads\/2015\/09\/PortaDelCel-272.jpg\" alt=\"Joaqu\u00edn y detr\u00e1s el Estany Romedo de Dalt\" width=\"760\" height=\"570\" srcset=\"https:\/\/www.monta\u00f1asdelaluna.es\/wp-content\/uploads\/2015\/09\/PortaDelCel-272.jpg 760w, https:\/\/www.monta\u00f1asdelaluna.es\/wp-content\/uploads\/2015\/09\/PortaDelCel-272-300x225.jpg 300w\" sizes=\"auto, (max-width: 760px) 100vw, 760px\" \/><\/a><p id=\"caption-attachment-21168\" class=\"wp-caption-text\">Joaqu\u00edn y detr\u00e1s el Estany Romedo de Dalt<\/p><\/div>\n<p>La subida al principio es paulatina. Se cruza un gran nevero y en lugar de bordearlo me d\u00e1 por abrir huella. Esto me retrasa y desgasta. Pero el nevero y la subida sigue vertical por la senda y medio en zigzag. La pareja se ha quedado a descansar al pi\u00e9 de la ascensi\u00f3n pero enseguida veo como siguen detr\u00e1s m\u00eda a cierta distancia. M\u00e1s arriba la vegetaci\u00f3n va desapareciendo y el roquedo se hace m\u00e1s abundante. Cruzo otro nevero m\u00e1s horizontal y enseguida veo un gran hito en medio de una cresta roqueda: a la derecha y sur un pico algo sobresaliente, la Punta del Port y una cresta temible y picuda.<\/p>\n<p>Son las 11\u201900 horas cuando llego al Port de l\u2019Artiga (2.477 mts.). Hace viento. En todos los collados hace viento siempre. Las vistas son espectaculares. Hago fotos a diestro y siniestro. En el lado franc\u00e9s, en las profundidades de sus valles aparece la temida niebla baja, pegada a las laderas y fondos, espesa, fantasmag\u00f3rica que ofrece un espectacular paisaje.<\/p>\n<div id=\"attachment_21174\" style=\"width: 770px\" class=\"wp-caption aligncenter\"><a class=\"dt-single-image\" href=\"https:\/\/www.monta\u00f1asdelaluna.es\/wp-content\/uploads\/2015\/09\/PortaDelCel-283.jpg\" data-dt-img-description=\"\"><img loading=\"lazy\" decoding=\"async\" aria-describedby=\"caption-attachment-21174\" class=\"wp-image-21174 size-full\" src=\"https:\/\/www.monta\u00f1asdelaluna.es\/wp-content\/uploads\/2015\/09\/PortaDelCel-283.jpg\" alt=\"Estany Romedo de Dalt\" width=\"760\" height=\"570\" srcset=\"https:\/\/www.monta\u00f1asdelaluna.es\/wp-content\/uploads\/2015\/09\/PortaDelCel-283.jpg 760w, https:\/\/www.monta\u00f1asdelaluna.es\/wp-content\/uploads\/2015\/09\/PortaDelCel-283-300x225.jpg 300w\" sizes=\"auto, (max-width: 760px) 100vw, 760px\" \/><\/a><p id=\"caption-attachment-21174\" class=\"wp-caption-text\">Estany Romedo de Dalt<\/p><\/div>\n<div id=\"attachment_21187\" style=\"width: 770px\" class=\"wp-caption aligncenter\"><a class=\"dt-single-image\" href=\"https:\/\/www.monta\u00f1asdelaluna.es\/wp-content\/uploads\/2015\/09\/PortaDelCel-302.jpg\" data-dt-img-description=\"\"><img loading=\"lazy\" decoding=\"async\" aria-describedby=\"caption-attachment-21187\" class=\"wp-image-21187 size-full\" src=\"https:\/\/www.monta\u00f1asdelaluna.es\/wp-content\/uploads\/2015\/09\/PortaDelCel-302.jpg\" alt=\"Jordi arriba del paso con cuerda rodeando el Estany Romedo de Baix\" width=\"760\" height=\"570\" srcset=\"https:\/\/www.monta\u00f1asdelaluna.es\/wp-content\/uploads\/2015\/09\/PortaDelCel-302.jpg 760w, https:\/\/www.monta\u00f1asdelaluna.es\/wp-content\/uploads\/2015\/09\/PortaDelCel-302-300x225.jpg 300w\" sizes=\"auto, (max-width: 760px) 100vw, 760px\" \/><\/a><p id=\"caption-attachment-21187\" class=\"wp-caption-text\">Jordi arriba del paso con cuerda rodeando el Estany Romedo de Baix<\/p><\/div>\n<p>Despu\u00e9s de las fotos me cobijo bajo la roca en la parte francesa del puerto, viendo la pendiente nevada de bajada. Aprovecho para comer algo. Llevo buen ritmo. Aparece Jordi y Adriana que me saludan y siguen hac\u00eda abajo. Jordi exclama: \u201cque negro se est\u00e1 poniendo y viene de Espa\u00f1a\u201d frase que ser\u00e1 el augurio de lo que sucedi\u00f3 las horas siguientes. Justo casi a mitad aparecen casi seguidos a la anterior pareja Ra\u00fal y Marta (vascos). Toman algo conmigo y enseguida para abajo. El tiempo est\u00e1 poni\u00e9ndose muy preocupante por momentos.<\/p>\n<div id=\"attachment_21306\" style=\"width: 1311px\" class=\"wp-caption aligncenter\"><a class=\"dt-single-image\" href=\"https:\/\/www.monta\u00f1asdelaluna.es\/wp-content\/uploads\/2014\/07\/pinet.1.croquis.jpg\" data-dt-img-description=\"\"><img loading=\"lazy\" decoding=\"async\" aria-describedby=\"caption-attachment-21306\" class=\"wp-image-21306 size-full\" src=\"https:\/\/www.monta\u00f1asdelaluna.es\/wp-content\/uploads\/2014\/07\/pinet.1.croquis.jpg\" alt=\"Croquis del recorrido Refugio de Certasc\u00e1n-Port de l'Artiga\" width=\"1301\" height=\"1485\" srcset=\"https:\/\/www.monta\u00f1asdelaluna.es\/wp-content\/uploads\/2014\/07\/pinet.1.croquis.jpg 1301w, https:\/\/www.monta\u00f1asdelaluna.es\/wp-content\/uploads\/2014\/07\/pinet.1.croquis-263x300.jpg 263w, https:\/\/www.monta\u00f1asdelaluna.es\/wp-content\/uploads\/2014\/07\/pinet.1.croquis-897x1024.jpg 897w\" sizes=\"auto, (max-width: 1301px) 100vw, 1301px\" \/><\/a><p id=\"caption-attachment-21306\" class=\"wp-caption-text\">Croquis del recorrido Refugio de Certasc\u00e1n-Port de l&#8217;Artiga<\/p><\/div>\n<p>Despu\u00e9s de que comenzaran a bajar los vascos, les sigo yo a cierta distancia. Cruzo varios neveros seguidos hac\u00eda el fondo del valle que hace que me retrase mucho por el resbalar de la nieve dura con una capita de nieve primavera. Hay que bajar hasta los 2.150 mts. para despu\u00e9s volver a subir a los 2.447 mts. del Pointe de Rec\u00f2s. Se pone a llover enseguida pero casi a c\u00e1ntaros. La bajada con lluvia y roca se hace casi peligrosa con resbalones y ca\u00eddas, y en casi todo el recorrido casi solo pisar\u00e9 por agua aunque sea en las rocas de tanto que llov\u00eda, y de tanta agua que hab\u00eda \u00a1Tremendo!<\/p>\n<div id=\"attachment_21213\" style=\"width: 770px\" class=\"wp-caption aligncenter\"><a class=\"dt-single-image\" href=\"https:\/\/www.monta\u00f1asdelaluna.es\/wp-content\/uploads\/2015\/09\/PortaDelCel-344.jpg\" data-dt-img-description=\"\"><img loading=\"lazy\" decoding=\"async\" aria-describedby=\"caption-attachment-21213\" class=\"wp-image-21213 size-full\" src=\"https:\/\/www.monta\u00f1asdelaluna.es\/wp-content\/uploads\/2015\/09\/PortaDelCel-344.jpg\" alt=\"Pic de Certasc\u00e1n\" width=\"760\" height=\"570\" srcset=\"https:\/\/www.monta\u00f1asdelaluna.es\/wp-content\/uploads\/2015\/09\/PortaDelCel-344.jpg 760w, https:\/\/www.monta\u00f1asdelaluna.es\/wp-content\/uploads\/2015\/09\/PortaDelCel-344-300x225.jpg 300w\" sizes=\"auto, (max-width: 760px) 100vw, 760px\" \/><\/a><p id=\"caption-attachment-21213\" class=\"wp-caption-text\">Pic de Certasc\u00e1n<\/p><\/div>\n<p>Abajo llego a una especie de explanada muy verde con algunos riachuelos y sigo hac\u00eda abajo la senda muy bien marcada, pero \u00a1Tan abajo era el cruce! Miro el GPS \u00a1Me he vuelto a pasar! Vuelvo a subir desandando el camino hasta una roca e hito que pone \u201cPinet\u201d \u00a1\u00bfC\u00f3mo no lo he visto?! Y lloviendo. Sigo entonces las marcas y sendillas hac\u00eda la derecha (si bajas del puerto)\u00a0 y arriba.<\/p>\n<p>Al principio entre la lluvia y que no miraba el mapa perd\u00eda la senda, el recorrido. Miraba el GPS y me dirig\u00eda hac\u00eda donde se marcaba el recorrido, y encontraba la sendilla. Subida con pendiente pronunciada hasta llegar a las puertas de un ib\u00f3n como escondido, medio helado y bonito: Estany de Montestaure. Encajonado en un profundo circo rodeado de picos de m\u00e1s de 2.600 mts.<\/p>\n<div id=\"attachment_21215\" style=\"width: 770px\" class=\"wp-caption aligncenter\"><a class=\"dt-single-image\" href=\"https:\/\/www.monta\u00f1asdelaluna.es\/wp-content\/uploads\/2015\/09\/PortaDelCel-348.jpg\" data-dt-img-description=\"\"><img loading=\"lazy\" decoding=\"async\" aria-describedby=\"caption-attachment-21215\" class=\"wp-image-21215 size-full\" src=\"https:\/\/www.monta\u00f1asdelaluna.es\/wp-content\/uploads\/2015\/09\/PortaDelCel-348.jpg\" alt=\"Joaqu\u00edn en el Port de l'Artiga (2.478 mts.)\" width=\"760\" height=\"570\" srcset=\"https:\/\/www.monta\u00f1asdelaluna.es\/wp-content\/uploads\/2015\/09\/PortaDelCel-348.jpg 760w, https:\/\/www.monta\u00f1asdelaluna.es\/wp-content\/uploads\/2015\/09\/PortaDelCel-348-300x225.jpg 300w\" sizes=\"auto, (max-width: 760px) 100vw, 760px\" \/><\/a><p id=\"caption-attachment-21215\" class=\"wp-caption-text\">Joaqu\u00edn en el Port de l&#8217;Artiga (2.478 mts.)<\/p><\/div>\n<div id=\"attachment_21229\" style=\"width: 770px\" class=\"wp-caption aligncenter\"><a class=\"dt-single-image\" href=\"https:\/\/www.monta\u00f1asdelaluna.es\/wp-content\/uploads\/2015\/09\/PortaDelCel-368.jpg\" data-dt-img-description=\"\"><img loading=\"lazy\" decoding=\"async\" aria-describedby=\"caption-attachment-21229\" class=\"wp-image-21229 size-full\" src=\"https:\/\/www.monta\u00f1asdelaluna.es\/wp-content\/uploads\/2015\/09\/PortaDelCel-368.jpg\" alt=\"Camino del Refugio de Pinet\" width=\"760\" height=\"570\" srcset=\"https:\/\/www.monta\u00f1asdelaluna.es\/wp-content\/uploads\/2015\/09\/PortaDelCel-368.jpg 760w, https:\/\/www.monta\u00f1asdelaluna.es\/wp-content\/uploads\/2015\/09\/PortaDelCel-368-300x225.jpg 300w\" sizes=\"auto, (max-width: 760px) 100vw, 760px\" \/><\/a><p id=\"caption-attachment-21229\" class=\"wp-caption-text\">Camino del Refugio de Pinet<\/p><\/div>\n<p>Sigo la senda. Sube ahora por una especie de espol\u00f3n pedregoso y vertical, fuerte pendiente, zigzagueo hasta que la senda se horizontaliza para girar a la izquierda en busca de un collado y el Pointe de Rec\u00f2s. Casi no hago fotos. El agua estropear\u00e1 la c\u00e1mara, por que segu\u00eda lloviendo.<\/p>\n<p>Desde aqu\u00ed (2.447 mts.) la bajada es trepidante, vertical y en zigzag, pero enseguida se horizontaliza un poco para llegar al herboso collado cerca de Picou de l\u2019Estela. Las vistas, lejanas por nulas, tapadas por la lluvia y las nubes. No como en el Port de l\u2019Artiga donde eran impresionantes y limpias. Desde este punto ya se ve a lo lejos el Refugio de Pinet bajo las sombr\u00edas laderas del macizo de la Pica d\u2019Estats \u00a1Ya queda menos! (pensaba). Pero la bajada desde aqu\u00ed me l\u00eda. Llueve a c\u00e1ntaros, miro el GPS, vuelvo a perder la senda de bajada, cruzo un nevero y opto por lanzarme haciendo de freno los bastones, miro el GPS\u2026 Un verdadero l\u00edo y desacierto (sin contar los resbalones y ca\u00eddas) para encontrar la senda que me lleva a Pinet. Y siempre pisando agua. Ya estaba, a pesar del cubremochilas, todo mojado y mis botas hac\u00edan por dentro \u201cchop, chop\u201d, y por fuera \u201cchop, chop\u201d\u2026 muy incomodo.<\/p>\n<div id=\"attachment_21230\" style=\"width: 770px\" class=\"wp-caption aligncenter\"><a class=\"dt-single-image\" href=\"https:\/\/www.monta\u00f1asdelaluna.es\/wp-content\/uploads\/2015\/09\/PortaDelCel-370.jpg\" data-dt-img-description=\"\"><img loading=\"lazy\" decoding=\"async\" aria-describedby=\"caption-attachment-21230\" class=\"wp-image-21230 size-full\" src=\"https:\/\/www.monta\u00f1asdelaluna.es\/wp-content\/uploads\/2015\/09\/PortaDelCel-370.jpg\" alt=\"Joaqu\u00edn camino del Refugio de Pinet\" width=\"760\" height=\"570\" srcset=\"https:\/\/www.monta\u00f1asdelaluna.es\/wp-content\/uploads\/2015\/09\/PortaDelCel-370.jpg 760w, https:\/\/www.monta\u00f1asdelaluna.es\/wp-content\/uploads\/2015\/09\/PortaDelCel-370-300x225.jpg 300w\" sizes=\"auto, (max-width: 760px) 100vw, 760px\" \/><\/a><p id=\"caption-attachment-21230\" class=\"wp-caption-text\">Joaqu\u00edn camino del Refugio de Pinet<\/p><\/div>\n<p>Por fin la senda que hab\u00eda bajado hasta los 2.050 mts., deb\u00eda subir hasta los 2.240 mts. del refugio pasando por una especie de collado algo m\u00e1s alto que el refugio. La visi\u00f3n del Refugio de Pinet desde la distancia es sorprendente, all\u00e1 como colgado en medio de altas y largas laderas que suben a las inh\u00f3spitas y grandiosas monta\u00f1as de La Pica.<\/p>\n<p>Llego a las proximidades del refugio. Siguiendo la ladera hac\u00eda arriba como si quisiera adentrarme en el macizo de La Pica. Llega un momento en que el refugio queda a mi altura a la izquierda pero no se puede acceder directamente. Un enorme y cortado barranco me corta el paso. Hay que subir m\u00e1s arriba (Seg\u00fan el GPS) y cruzar una especie de colladito, bajando seguidamente a una enorme y ancha canal llena de nieve, la cual m\u00e1s abajo es el mismo barranco cortado: es la Valleta de Barz.<\/p>\n<p>Parece que ya quiere dejar de llover \u00a1Por fin! Ya puedo hacer fotos a las espectaculares im\u00e1genes y paisajes del valle franc\u00e9s. Con sus t\u00edpicas nubecillas en el fondo que se forman y deshacen como un curioso baile en el aire.<\/p>\n<div id=\"attachment_21232\" style=\"width: 770px\" class=\"wp-caption aligncenter\"><a class=\"dt-single-image\" href=\"https:\/\/www.monta\u00f1asdelaluna.es\/wp-content\/uploads\/2015\/09\/PortaDelCel-372.jpg\" data-dt-img-description=\"\"><img loading=\"lazy\" decoding=\"async\" aria-describedby=\"caption-attachment-21232\" class=\"wp-image-21232 size-full\" src=\"https:\/\/www.monta\u00f1asdelaluna.es\/wp-content\/uploads\/2015\/09\/PortaDelCel-372.jpg\" alt=\"Refugio de Pinet\" width=\"760\" height=\"570\" srcset=\"https:\/\/www.monta\u00f1asdelaluna.es\/wp-content\/uploads\/2015\/09\/PortaDelCel-372.jpg 760w, https:\/\/www.monta\u00f1asdelaluna.es\/wp-content\/uploads\/2015\/09\/PortaDelCel-372-300x225.jpg 300w\" sizes=\"auto, (max-width: 760px) 100vw, 760px\" \/><\/a><p id=\"caption-attachment-21232\" class=\"wp-caption-text\">Refugio de Pinet<\/p><\/div>\n<div id=\"attachment_21238\" style=\"width: 770px\" class=\"wp-caption aligncenter\"><a class=\"dt-single-image\" href=\"https:\/\/www.monta\u00f1asdelaluna.es\/wp-content\/uploads\/2015\/09\/PortaDelCel-382.jpg\" data-dt-img-description=\"\"><img loading=\"lazy\" decoding=\"async\" aria-describedby=\"caption-attachment-21238\" class=\"wp-image-21238 size-full\" src=\"https:\/\/www.monta\u00f1asdelaluna.es\/wp-content\/uploads\/2015\/09\/PortaDelCel-382.jpg\" alt=\"Refugio de Pinet\" width=\"760\" height=\"570\" srcset=\"https:\/\/www.monta\u00f1asdelaluna.es\/wp-content\/uploads\/2015\/09\/PortaDelCel-382.jpg 760w, https:\/\/www.monta\u00f1asdelaluna.es\/wp-content\/uploads\/2015\/09\/PortaDelCel-382-300x225.jpg 300w\" sizes=\"auto, (max-width: 760px) 100vw, 760px\" \/><\/a><p id=\"caption-attachment-21238\" class=\"wp-caption-text\">Refugio de Pinet<\/p><\/div>\n<p>Esta vez no me lo pienso y me calzo los crampones para cruzar el nevero dentro de la canal. Debo pasar al otro lado y las laderas son algo inclinadas. Las huellas siguen el nevero y acaban en una especie de grieta en la pared rocosa que limita la canal. Me acerco y compruebo que hay un cable y clavos para ayudarte a subir por la vertical grieta. Hay buenos agarres, pero estoy cansado y la roca muy mojada y prefiero \u201chacer trampa\u201d y ayudarme de estos medios artificiales.<\/p>\n<p>El recorrido hace entonces un giro rodeando el refugio para entrar en \u00e9l desde arriba. Curioso. Una vez subes la grieta solo tienes que seguir la senda y bajar hasta las puertas del mismo Refugio de Pinet. El cual tiene delante de \u00e9l un laguito con su nombre.<\/p>\n<p>Son las 17\u201900 horas cuando cruzo la puerta del refugio. Las otras 2 parejas ya llegaron hace tiempo. El edificio tiene una forma curiosa y reconocible en la distancia como una especie de pir\u00e1mide abollada con un balc\u00f3n como si fuera un matac\u00e1n.<\/p>\n<div id=\"attachment_21237\" style=\"width: 770px\" class=\"wp-caption aligncenter\"><a class=\"dt-single-image\" href=\"https:\/\/www.monta\u00f1asdelaluna.es\/wp-content\/uploads\/2015\/09\/PortaDelCel-380.jpg\" data-dt-img-description=\"\"><img loading=\"lazy\" decoding=\"async\" aria-describedby=\"caption-attachment-21237\" class=\"wp-image-21237 size-full\" src=\"https:\/\/www.monta\u00f1asdelaluna.es\/wp-content\/uploads\/2015\/09\/PortaDelCel-380.jpg\" alt=\"Refugio y Etang de Pinet\" width=\"760\" height=\"570\" srcset=\"https:\/\/www.monta\u00f1asdelaluna.es\/wp-content\/uploads\/2015\/09\/PortaDelCel-380.jpg 760w, https:\/\/www.monta\u00f1asdelaluna.es\/wp-content\/uploads\/2015\/09\/PortaDelCel-380-300x225.jpg 300w\" sizes=\"auto, (max-width: 760px) 100vw, 760px\" \/><\/a><p id=\"caption-attachment-21237\" class=\"wp-caption-text\">Refugio y Etang de Pinet<\/p><\/div>\n<p>Estoy m\u00e1s cansado de mojarme que de andar. Ra\u00fal y Marta han tenido que sacar todo en la mochila y ponerlo a secar en la terraza, estufas (que iban a veces) y otra estufa de le\u00f1a en la que solo pod\u00edamos quemar cart\u00f3n y papel.<\/p>\n<p>El refugio lo rige un tipo con aspecto curioso y casi gracioso de pelo medio largo blanco y tirantes. Que junto con otros dos muchachos nos ofrecen por la noche un conciertillo de guitarra y piano. Rock y Pop del bueno. Somos los \u00fanicos en el refugio. Otro grupo que sub\u00eda de 3 espa\u00f1oles no han llegado.<br \/>\nPor la tarde se despeja bastante y salgo a hacer fotos al espectacular paisaje. Ma\u00f1ana dicen que seguir\u00e1 el mal tiempo. Y ma\u00f1ana es la etapa que pasa por la cima de la Pica d\u2019Estats. Entonces la etapa de ma\u00f1ana puede ser m\u00e1s durilla, aunque la de hoy, con diluvio incluido, ha sido espectacular, esforzada y casi interminable. L\u00e1stima no haber visto las monta\u00f1as francesas pirenaicas en el recorrido ya que eran asombrosas y alpinas. Son las 22\u201900 horas, con la ropa a\u00fan mojada, nos vamos a dormir, ma\u00f1ana queremos salir a\u00fan m\u00e1s temprano.<\/p>\n<div id=\"attachment_21305\" style=\"width: 1228px\" class=\"wp-caption aligncenter\"><a class=\"dt-single-image\" href=\"https:\/\/www.monta\u00f1asdelaluna.es\/wp-content\/uploads\/2014\/07\/pinet.2.croquis.jpg\" data-dt-img-description=\"\"><img loading=\"lazy\" decoding=\"async\" aria-describedby=\"caption-attachment-21305\" class=\"wp-image-21305 size-full\" src=\"https:\/\/www.monta\u00f1asdelaluna.es\/wp-content\/uploads\/2014\/07\/pinet.2.croquis.jpg\" alt=\"Croquis del recorrido Port de l'Artiga-Refugio de Pinet\" width=\"1218\" height=\"1485\" srcset=\"https:\/\/www.monta\u00f1asdelaluna.es\/wp-content\/uploads\/2014\/07\/pinet.2.croquis.jpg 1218w, https:\/\/www.monta\u00f1asdelaluna.es\/wp-content\/uploads\/2014\/07\/pinet.2.croquis-246x300.jpg 246w, https:\/\/www.monta\u00f1asdelaluna.es\/wp-content\/uploads\/2014\/07\/pinet.2.croquis-840x1024.jpg 840w\" sizes=\"auto, (max-width: 1218px) 100vw, 1218px\" \/><\/a><p id=\"caption-attachment-21305\" class=\"wp-caption-text\">Croquis del recorrido Port de l&#8217;Artiga-Refugio de Pinet<\/p><\/div>\n<p>[vc_separator][\/vc_column_text][\/vc_column][\/vc_row][vc_row][vc_column][vc_empty_space height=\u00bb60px\u00bb][\/vc_column][\/vc_row][vc_row][vc_column][vc_cta h2=\u00bb\u00c1lbum de fotos\u00bb txt_align=\u00bbcenter\u00bb add_button=\u00bbbottom\u00bb btn_title=\u00bbVer fotos\u00bb btn_color=\u00bbwarning\u00bb btn_align=\u00bbcenter\u00bb btn_link=\u00bburl:https%3A%2F%2Fmonta%C3%B1asdelaluna.es%2F%3Fdt_gallery%3Dporta-del-cel-3o-etapa-certascan-pinet-2|title:Porta%20del%20Cel.%203%C2%BA%20Etapa%3A%20Certasc%C3%A1n-Pinet|target:_blank\u00bb css=\u00bb.vc_custom_1625785966472{background-color: #8bc4ed !important;}\u00bb]Puedes ver todas las fotos del relato y actividad en forma de presentaci\u00f3n o individuales pinchando aqui \u00a1No te las pierdas![\/vc_cta][\/vc_column][\/vc_row][vc_row][vc_column][vc_empty_space height=\u00bb60px\u00bb][\/vc_column][\/vc_row][vc_row][vc_column width=\u00bb1\/6&#8243;][\/vc_column][vc_column width=\u00bb1\/3&#8243;][vc_column_text]<\/p>\n<p>Tiempo en Refugio de Certasc\u00e1n<\/p>\n<p>[\/vc_column_text][vc_raw_html]<\/p>\n<p>JTNDaWZyYW1lJTIwc3JjJTNEJTIyaHR0cHMlM0ElMkYlMkZ3d3cubWV0ZW9ibHVlLmNvbSUyRmVzJTJGdGllbXBvJTJGd2lkZ2V0JTJGZGFpbHklMkY0Mi43MDROMS4zMDdFJTNGZGF5cyUzRDclMjZ0ZW1wdW5pdCUzRENFTFNJVVMlMjZ3aW5kdW5pdCUzREtJTE9NRVRFUl9QRVJfSE9VUiUyNnBpY3RvaWNvbiUzRDElMjZtYXh0ZW1wZXJhdHVyZSUzRDElMjZtaW50ZW1wZXJhdHVyZSUzRDElMjZ3aW5kc3BlZWQlM0QxJTI2d2luZGd1c3QlM0QxJTI2d2luZGRpcmVjdGlvbiUzRDElMjZwcmVjaXBpdGF0aW9uJTNEMSUyNnByZWNpcGl0YXRpb25wcm9iYWJpbGl0eSUzRDElMjZzcG90JTNEMSUyNnByZXNzdXJlJTNEMSUyNmxheW91dCUzRGxpZ2h0JTIyJTIwJTIwZnJhbWVib3JkZXIlM0QlMjIwJTIyJTIwc2Nyb2xsaW5nJTNEJTIyTk8lMjIlMjBhbGxvd3RyYW5zcGFyZW5jeSUzRCUyMnRydWUlMjIlMjBzdHlsZSUzRCUyMndpZHRoJTNBJTIwMzc4cHglM0JoZWlnaHQlM0ElMjAzODFweCUyMiUzRSUzQyUyRmlmcmFtZSUzRSUzQ2RpdiUzRSUzQyUyMS0tJTIwRE8lMjBOT1QlMjBSRU1PVkUlMjBUSElTJTIwTElOSyUyMC0tJTNFJTNDYSUyMGhyZWYlM0QlMjJodHRwcyUzQSUyRiUyRnd3dy5tZXRlb2JsdWUuY29tJTJGZXMlMkZ0aWVtcG8lMkZwcm9ub3N0aWNvJTJGc2VtYW5hJTJGNDIuNzA0TjEuMzA3RSUyMiUyMHRhcmdldCUzRCUyMl9ibGFuayUyMiUzRW1ldGVvYmx1ZSUzQyUyRmElM0UlM0MlMkZkaXYlM0U=<\/p>\n<p>[\/vc_raw_html][\/vc_column][vc_column width=\u00bb1\/3&#8243;][vc_column_text]<\/p>\n<p>Tiempo en Refugio de Pinet<\/p>\n<p>[\/vc_column_text][vc_raw_html]<\/p>\n<p>JTNDaWZyYW1lJTIwc3JjJTNEJTIyaHR0cHMlM0ElMkYlMkZ3d3cubWV0ZW9ibHVlLmNvbSUyRmVzJTJGdGllbXBvJTJGd2lkZ2V0JTJGZGFpbHklMkY0Mi42OTFOMS4zOTdFJTNGZGF5cyUzRDclMjZ0ZW1wdW5pdCUzRENFTFNJVVMlMjZ3aW5kdW5pdCUzREtJTE9NRVRFUl9QRVJfSE9VUiUyNnBpY3RvaWNvbiUzRDElMjZtYXh0ZW1wZXJhdHVyZSUzRDElMjZtaW50ZW1wZXJhdHVyZSUzRDElMjZ3aW5kc3BlZWQlM0QxJTI2d2luZGd1c3QlM0QxJTI2d2luZGRpcmVjdGlvbiUzRDElMjZwcmVjaXBpdGF0aW9uJTNEMSUyNnByZWNpcGl0YXRpb25wcm9iYWJpbGl0eSUzRDElMjZzcG90JTNEMSUyNnByZXNzdXJlJTNEMSUyNmxheW91dCUzRGxpZ2h0JTIyJTIwJTIwZnJhbWVib3JkZXIlM0QlMjIwJTIyJTIwc2Nyb2xsaW5nJTNEJTIyTk8lMjIlMjBhbGxvd3RyYW5zcGFyZW5jeSUzRCUyMnRydWUlMjIlMjBzdHlsZSUzRCUyMndpZHRoJTNBJTIwMzc4cHglM0JoZWlnaHQlM0ElMjAzODFweCUyMiUzRSUzQyUyRmlmcmFtZSUzRSUzQ2RpdiUzRSUzQyUyMS0tJTIwRE8lMjBOT1QlMjBSRU1PVkUlMjBUSElTJTIwTElOSyUyMC0tJTNFJTNDYSUyMGhyZWYlM0QlMjJodHRwcyUzQSUyRiUyRnd3dy5tZXRlb2JsdWUuY29tJTJGZXMlMkZ0aWVtcG8lMkZwcm9ub3N0aWNvJTJGc2VtYW5hJTJGNDIuNjkxTjEuMzk3RSUyMiUyMHRhcmdldCUzRCUyMl9ibGFuayUyMiUzRW1ldGVvYmx1ZSUzQyUyRmElM0UlM0MlMkZkaXYlM0U=<\/p>\n<p>[\/vc_raw_html][\/vc_column][vc_column width=\u00bb1\/6&#8243;][\/vc_column][\/vc_row]<\/p>\n","protected":false},"excerpt":{"rendered":"<p>[vc_row][vc_column][vc_column_text]El d\u00eda amanece incre\u00edble, sin una nube. Un d\u00eda muy claro y bonito. Bajo el primero a desayunar y a las 06\u201930 desayunamos. Casi puntualmente pasados 8 minutos de las 07\u201930 salimos en busca del Refugio de Pinet. Esta etapa ser\u00e1 tambi\u00e9n durilla y a la vez curiosa y emocionante. No bajamos mucha altura ni&hellip;<\/p>\n","protected":false},"author":1,"featured_media":21175,"comment_status":"open","ping_status":"open","sticky":false,"template":"","format":"standard","meta":[],"categories":[71],"tags":[],"class_list":["post-21252","post","type-post","status-publish","format-standard","has-post-thumbnail","hentry","category-porta-del-cel","category-71","description-off"],"_links":{"self":[{"href":"https:\/\/www.monta\u00f1asdelaluna.es\/index.php?rest_route=\/wp\/v2\/posts\/21252","targetHints":{"allow":["GET"]}}],"collection":[{"href":"https:\/\/www.monta\u00f1asdelaluna.es\/index.php?rest_route=\/wp\/v2\/posts"}],"about":[{"href":"https:\/\/www.monta\u00f1asdelaluna.es\/index.php?rest_route=\/wp\/v2\/types\/post"}],"author":[{"embeddable":true,"href":"https:\/\/www.monta\u00f1asdelaluna.es\/index.php?rest_route=\/wp\/v2\/users\/1"}],"replies":[{"embeddable":true,"href":"https:\/\/www.monta\u00f1asdelaluna.es\/index.php?rest_route=%2Fwp%2Fv2%2Fcomments&post=21252"}],"version-history":[{"count":17,"href":"https:\/\/www.monta\u00f1asdelaluna.es\/index.php?rest_route=\/wp\/v2\/posts\/21252\/revisions"}],"predecessor-version":[{"id":50152,"href":"https:\/\/www.monta\u00f1asdelaluna.es\/index.php?rest_route=\/wp\/v2\/posts\/21252\/revisions\/50152"}],"wp:featuredmedia":[{"embeddable":true,"href":"https:\/\/www.monta\u00f1asdelaluna.es\/index.php?rest_route=\/wp\/v2\/media\/21175"}],"wp:attachment":[{"href":"https:\/\/www.monta\u00f1asdelaluna.es\/index.php?rest_route=%2Fwp%2Fv2%2Fmedia&parent=21252"}],"wp:term":[{"taxonomy":"category","embeddable":true,"href":"https:\/\/www.monta\u00f1asdelaluna.es\/index.php?rest_route=%2Fwp%2Fv2%2Fcategories&post=21252"},{"taxonomy":"post_tag","embeddable":true,"href":"https:\/\/www.monta\u00f1asdelaluna.es\/index.php?rest_route=%2Fwp%2Fv2%2Ftags&post=21252"}],"curies":[{"name":"wp","href":"https:\/\/api.w.org\/{rel}","templated":true}]}}