{"id":21318,"date":"2012-02-18T18:14:23","date_gmt":"2012-02-18T18:14:23","guid":{"rendered":"http:\/\/monta\u00f1asdelaluna.com\/?p=21318"},"modified":"2021-08-04T06:39:57","modified_gmt":"2021-08-04T06:39:57","slug":"de-montbau-a-baixador-de-vallvidrera-subiendo-al-tibidabo","status":"publish","type":"post","link":"https:\/\/www.monta\u00f1asdelaluna.es\/?p=21318","title":{"rendered":"De Montbau a Baixador de Vallvidrera subiendo al Tibidabo"},"content":{"rendered":"<p>[vc_row][vc_column][vc_column_text]&#8230;Otra por Collserola. La tenemos tan cerca de casa y es tan especial&#8230; Este fin de semana unos amigos de mi lejana tierra, la Vega Baja (sur de Alicante), Vicente Molina y Nuria, ven\u00edan a Barcelona y no pod\u00eda menos que prepararles una excursi\u00f3n por la bella Sierra de Collserola, entre otras actividades. Aprovechando tambi\u00e9n invit\u00e9 a los amigos de C\u00faspidis; que ya no s\u00e9 salir al monte sin ellos.<\/p>\n<p>Iba a ser una marcha f\u00e1cil, tranquila pero representativa por el hecho, tambi\u00e9n, de acercarnos al Tibidabo, el cual no estaba prevista su visita en un principio pero que al final prevaleci\u00f3 la decisi\u00f3n de la mayor\u00eda y dedicamos un corto tiempo a la misma. As\u00ed pues el pasado s\u00e1bado 18 de febrero, con un fr\u00edo viento matinero de buena ma\u00f1ana, nos junt\u00e1bamos unas 15 personas en la salida de metro de Montbau (hac\u00eda las residencias hospitalarias) y, los \u201cgironins\u201d que se acercaban en coche, por los aparcamientos de la Carrer de l\u2019Harmon\u00eca, sal\u00edamos por dicha calle arriba en busca de Collserola con el primer objetivo de subir al Tur\u00f3 de La Magarola (429 mts.), y su precioso mirador, pasando por la Font de La Meca y su escondido sendero. El mismo comienzo de ruta que se hace en <a href=\"https:\/\/www.monta\u00f1asdelaluna.es\/?p=16297\" target=\"_blank\" rel=\"noopener\">Collserola. El pulm\u00f3n de Barcelona.<\/a><\/p>\n<div id=\"attachment_21260\" style=\"width: 761px\" class=\"wp-caption aligncenter\"><a class=\"dt-single-image\" href=\"https:\/\/www.monta\u00f1asdelaluna.es\/wp-content\/uploads\/2015\/09\/006.jpg\" data-dt-img-description=\"\"><img loading=\"lazy\" decoding=\"async\" aria-describedby=\"caption-attachment-21260\" class=\"wp-image-21260 size-full\" src=\"https:\/\/www.monta\u00f1asdelaluna.es\/wp-content\/uploads\/2015\/09\/006.jpg\" alt=\"Camino de La Font de La Meca\" width=\"751\" height=\"563\" srcset=\"https:\/\/www.monta\u00f1asdelaluna.es\/wp-content\/uploads\/2015\/09\/006.jpg 751w, https:\/\/www.monta\u00f1asdelaluna.es\/wp-content\/uploads\/2015\/09\/006-300x225.jpg 300w\" sizes=\"auto, (max-width: 751px) 100vw, 751px\" \/><\/a><p id=\"caption-attachment-21260\" class=\"wp-caption-text\">Camino de La Font de La Meca<\/p><\/div>\n<p>Por algunos lados de la sierra la tierra seca de no haber llovido desde hace mucho tiempo en la cara sureste de la sierra, contrastaba con el susurro del agua cercana a las fuentes que cruzamos, como la de La Meca; pero de todas formas la exhuberancia de la vegetaci\u00f3n sigue omnipresente y, a la vez, han limpiado la senda de hierbas que imped\u00edan el paso y el pisar la tierra removida. Desde el Tur\u00f3 de La Magarola (429 mts.) la neblina nos impidi\u00f3 admirar las magn\u00edficas vistas de Barcelona y las urbes inhiestas. Pero al otro lado La Mola, Montserrat y Sant Cugat son la respuesta a las preguntas sobre que est\u00e1bamos viendo. De todas formas no miremos mucho y nos dediquemos al almuerzo con m\u00e1s devoci\u00f3n.<\/p>\n<p>Ya desde aqu\u00ed, la idea era seguir todo el trayecto que aparece en <a href=\"https:\/\/www.monta\u00f1asdelaluna.es\/?p=18188\" target=\"_blank\" rel=\"noopener\">Collserola. Subida al Tibidabo,<\/a> cuando se sube al Tur\u00f3 de Sant Cebri\u00e0 desde el \u00faltimo y cercano collado, y por todo la cima de la sierra, hasta el destino final, la estaci\u00f3n de ferrocatas de Baixador de Vallvidrera. Pero Eduard nos sugiere que, en lugar de retroceder hasta la subida al nombrado Tur\u00f3 de Sant Cebri\u00e0 y Tur\u00f3 de Santa Maria, sigamos la pista de la cara oeste por el que discurren las indicaciones el G.R.-92 hasta el mismo Coll de l\u2019Erola y Vista Rica donde volver\u00edamos a coger las indicaciones de <a href=\"https:\/\/www.monta\u00f1asdelaluna.es\/?p=18188\" target=\"_blank\" rel=\"noopener\">Collserola. Subida al Tibidabo<\/a>. No me importaba salirme del recorrido planeado si con ello, entre otras cosas preferentes, voy a conocer otra parte de Collserola desconocida para mi; pero no me agradaba la idea de ir por una pista que se llenaba de ciclistas con un tr\u00e1fico casi de hora punta, de domingueros y que la cual daba m\u00e1s vueltas que por la senda cimera.<\/p>\n<div id=\"attachment_21273\" style=\"width: 573px\" class=\"wp-caption aligncenter\"><a class=\"dt-single-image\" href=\"https:\/\/www.monta\u00f1asdelaluna.es\/wp-content\/uploads\/2015\/09\/020.jpg\" data-dt-img-description=\"\"><img loading=\"lazy\" decoding=\"async\" aria-describedby=\"caption-attachment-21273\" class=\"wp-image-21273 size-full\" src=\"https:\/\/www.monta\u00f1asdelaluna.es\/wp-content\/uploads\/2015\/09\/020.jpg\" alt=\"Coll de l'Erola\" width=\"563\" height=\"751\" srcset=\"https:\/\/www.monta\u00f1asdelaluna.es\/wp-content\/uploads\/2015\/09\/020.jpg 563w, https:\/\/www.monta\u00f1asdelaluna.es\/wp-content\/uploads\/2015\/09\/020-225x300.jpg 225w\" sizes=\"auto, (max-width: 563px) 100vw, 563px\" \/><\/a><p id=\"caption-attachment-21273\" class=\"wp-caption-text\">Coll de l&#8217;Erola<\/p><\/div>\n<div id=\"attachment_21283\" style=\"width: 761px\" class=\"wp-caption aligncenter\"><a class=\"dt-single-image\" href=\"https:\/\/www.monta\u00f1asdelaluna.es\/wp-content\/uploads\/2015\/09\/030.jpg\" data-dt-img-description=\"\"><img loading=\"lazy\" decoding=\"async\" aria-describedby=\"caption-attachment-21283\" class=\"wp-image-21283 size-full\" src=\"https:\/\/www.monta\u00f1asdelaluna.es\/wp-content\/uploads\/2015\/09\/030.jpg\" alt=\"Subiendo al Tibidabo\" width=\"751\" height=\"563\" srcset=\"https:\/\/www.monta\u00f1asdelaluna.es\/wp-content\/uploads\/2015\/09\/030.jpg 751w, https:\/\/www.monta\u00f1asdelaluna.es\/wp-content\/uploads\/2015\/09\/030-300x225.jpg 300w\" sizes=\"auto, (max-width: 751px) 100vw, 751px\" \/><\/a><p id=\"caption-attachment-21283\" class=\"wp-caption-text\">Subiendo al Tibidabo<\/p><\/div>\n<p>Ya en Vista Rica seguimos de nuevo la ruta que es la misma que sigue el G.R.-92. De nuevo nos sorprende el bello bosque cercano a la Font de La Salamandra y que es nota predominante desde que hemos cruzado la carretera. Han limpiado tambi\u00e9n el entorno de la Font de La Salamandra y ya no me parece tan salvaje y viva como la \u00faltima vez que la pase&#8230; seguramente tambi\u00e9n por lo secos que est\u00e1n siendo estos meses de invierno.<\/p>\n<p>Llegamos al Coll de La Vinassa y pregunto, despu\u00e9s de las sugerencias que me hace Kike y Eduard, quien quiere subir al Tibidabo. La respuesta es mayoritaria y comenzamos la subida por la senda a la izquierda, al Tibidabo; siguiendo los pasos, de nuevo de <a href=\"https:\/\/www.monta\u00f1asdelaluna.es\/?p=18188\" target=\"_blank\" rel=\"noopener\">Collserola. Subida al Tibidabo<\/a>. Fotos de grupo pedidas a un japon\u00e9s en las escaleras del \u201cTemplo expiatorio\u201d, mirador a Barcelona y visita a los ba\u00f1os. La marcha es tranquila, con tiempo para la charla, las risas y visitar y pararnos en cada rinc\u00f3n del recorrido. El d\u00eda ha resultado bueno, con sol auque con algo de molesta neblina que te impide admirar con dedicaci\u00f3n el paisaje; por ello aprovechamos cada minuto en esta espl\u00e9ndida sierra.<\/p>\n<div id=\"attachment_21285\" style=\"width: 761px\" class=\"wp-caption aligncenter\"><a class=\"dt-single-image\" href=\"https:\/\/www.monta\u00f1asdelaluna.es\/wp-content\/uploads\/2015\/09\/032.jpg\" data-dt-img-description=\"\"><img loading=\"lazy\" decoding=\"async\" aria-describedby=\"caption-attachment-21285\" class=\"wp-image-21285 size-full\" src=\"https:\/\/www.monta\u00f1asdelaluna.es\/wp-content\/uploads\/2015\/09\/032.jpg\" alt=\"Subiendo al Tibidabo\" width=\"751\" height=\"563\" srcset=\"https:\/\/www.monta\u00f1asdelaluna.es\/wp-content\/uploads\/2015\/09\/032.jpg 751w, https:\/\/www.monta\u00f1asdelaluna.es\/wp-content\/uploads\/2015\/09\/032-300x225.jpg 300w\" sizes=\"auto, (max-width: 751px) 100vw, 751px\" \/><\/a><p id=\"caption-attachment-21285\" class=\"wp-caption-text\">Subiendo al Tibidabo<\/p><\/div>\n<p>Eduard me dec\u00eda que pod\u00edamos acortar la bajada: en lugar de coger el camino de vuelta al Coll de La Vinassa, y seguir, m\u00e1s adelante, las marcas del G.R.-92 en direcci\u00f3n a Baixador de Vallvidrera (como hice en <a href=\"https:\/\/www.monta\u00f1asdelaluna.es\/?p=18188\" target=\"_blank\" rel=\"noopener\">Collserola. Subida al Tibidabo<\/a>), desde las mismas casas que est\u00e1n algo m\u00e1s abajo del Tibidabo ya sale una senda que baja a la Font del Cannet, y sale desde la misma curva del Cam\u00ed de Sant Cugat, justo abajo del cruce con el Cam\u00ed de Cal Totxo. Tampoco quer\u00eda repetir la vuelta \u201ctonta\u201d que dimos en <a href=\"https:\/\/www.monta\u00f1asdelaluna.es\/?p=18188\" target=\"_blank\" rel=\"noopener\">Collserola. Subida al Tibidabo<\/a>: pasando el aparcamiento, cogiendo el Cam\u00ed de Sant Cugat, seguir por el Cam\u00ed de Cal Totxo&#8230; Adem\u00e1s que para m\u00e1s tranquilidad, esta nueva senda est\u00e1 se\u00f1alada en el mapa de Alpina. As\u00ed pues, despu\u00e9s de pasar por los arcos que nos despiden del Tibidabo, y bajar dos tramos de escaleras, encontramos a la derecha una calle se\u00f1alizada como \u201csin salida\u201d y de cuyo nombre no me acuerdo, en la que los pilares met\u00e1licos del singular \u201cfunicular por ra\u00edles\u201d de paseo del parque de atracciones, quedan a su derecha. Nos internamos en dicha calle pensando que \u00edbamos por el camino correcto. Admiramos las construcciones modernistas, de \u00e9poca, de esos edificios de 2\u00ba residencia de la Barcelona de principios o mediados del siglo pasado, con toques de \u201ccasita de chocolate\u201d de los Hermanos Grima. Preciosas. Algunas serv\u00edan como residencia para la 3\u00ba edad&#8230; negocio muy extendido aqu\u00ed arriba en el Tibidabo.<\/p>\n<p>Llegamos al final del mismo y una construcci\u00f3n original de un edificio amarillo de varias viviendas con escaleras arcadas sobre el vac\u00edo&#8230; que a mi me pareci\u00f3 encantadora aunque algo tosca comparada con las dem\u00e1s casas, nos imped\u00eda el paso. La sendilla o m\u00e1s bien pasillo pasaba por detr\u00e1s del edificio y lo rodeaba para bajar por otro pasillo con escaleras, al otro lado del mismo, al Cam\u00ed Cal Totxo, el cual era el correcto para seguir nuestra ruta. Al salir a la calle vimos justo en el arco de salida \u201ccamino particular\u201d. Realizamos una fugaz, encantadora y clandestina visita por este peque\u00f1o rinc\u00f3n de esta urbanizaci\u00f3n centenaria. Teniendo la misma sensaci\u00f3n que aquel que se mete por callejones y escondites del casco viejo de alguna ciudad antigua y medieval.<\/p>\n<div id=\"attachment_21290\" style=\"width: 573px\" class=\"wp-caption aligncenter\"><a class=\"dt-single-image\" href=\"https:\/\/www.monta\u00f1asdelaluna.es\/wp-content\/uploads\/2015\/09\/037.jpg\" data-dt-img-description=\"\"><img loading=\"lazy\" decoding=\"async\" aria-describedby=\"caption-attachment-21290\" class=\"wp-image-21290 size-full\" src=\"https:\/\/www.monta\u00f1asdelaluna.es\/wp-content\/uploads\/2015\/09\/037.jpg\" alt=\"Templo en el Tibidabo (512 mts.)\" width=\"563\" height=\"751\" srcset=\"https:\/\/www.monta\u00f1asdelaluna.es\/wp-content\/uploads\/2015\/09\/037.jpg 563w, https:\/\/www.monta\u00f1asdelaluna.es\/wp-content\/uploads\/2015\/09\/037-225x300.jpg 225w\" sizes=\"auto, (max-width: 563px) 100vw, 563px\" \/><\/a><p id=\"caption-attachment-21290\" class=\"wp-caption-text\">Templo en el Tibidabo (512 mts.)<\/p><\/div>\n<div id=\"attachment_21291\" style=\"width: 761px\" class=\"wp-caption aligncenter\"><a class=\"dt-single-image\" href=\"https:\/\/www.monta\u00f1asdelaluna.es\/wp-content\/uploads\/2015\/09\/038.jpg\" data-dt-img-description=\"\"><img loading=\"lazy\" decoding=\"async\" aria-describedby=\"caption-attachment-21291\" class=\"wp-image-21291 size-full\" src=\"https:\/\/www.monta\u00f1asdelaluna.es\/wp-content\/uploads\/2015\/09\/038.jpg\" alt=\"Casas del Tibidabo\" width=\"751\" height=\"563\" srcset=\"https:\/\/www.monta\u00f1asdelaluna.es\/wp-content\/uploads\/2015\/09\/038.jpg 751w, https:\/\/www.monta\u00f1asdelaluna.es\/wp-content\/uploads\/2015\/09\/038-300x225.jpg 300w\" sizes=\"auto, (max-width: 751px) 100vw, 751px\" \/><\/a><p id=\"caption-attachment-21291\" class=\"wp-caption-text\">Casas del Tibidabo<\/p><\/div>\n<p>Seguimos la calle del Cam\u00ed de Cal Totxo a la derecha, hasta que justo en la curva, bajamos a la izquierda por el Cam\u00ed de Sant Cugat pocos metros hasta la siguiente curva. Aqu\u00ed, a la derecha y entre el estupendo bosque y las cercan\u00edas del muro de una de las casas, nos encontramos la senda (que nombraba Eduard anteriormente) que sin perdida nos ir\u00e1 bajando por en medio, de nuevo, de la exuberante y celosa vegetaci\u00f3n de Collserola, hasta la Font del Cannet. Otro rinc\u00f3n breve de la viva Collserola, otros \u00e1rboles, otros matorrales, pero la misma magia y el mismo verdor. Una ventana al bosque salpicado de pocas casitas: esto es Collserola en las inmediaciones de Vallvidrera, Les Planes&#8230; convivencia entre el hombre y la naturaleza. Eduard en cabeza nos gu\u00eda y la senda cruza una riera de fango h\u00famedo sin agua, y al poco se convierte en camino de herradura que, despu\u00e9s de una curva casi de 180\u00ba, nos deja en la reconocida Font del Cannet.<\/p>\n<p>Desde aqu\u00ed ya es terreno conocido por m\u00ed. Ahora s\u00ed seguimos el recorrido de <a href=\"https:\/\/www.monta\u00f1asdelaluna.es\/?p=18188\" target=\"_blank\" rel=\"noopener\">Collserola. Subida al Tibidabo<\/a> desde la Font del Cannet hasta la misma estaci\u00f3n de \u201cferrocatas\u201d de Baixador de Vallvidrera. Sin p\u00e9rdida seguimos el G.R.-92 hasta las casas pr\u00f3ximas a la estaci\u00f3n, sin desviarnos en ninguna otra pista o senda que nos sale al paso. La humeante chimenea de una casita en medio de la foresta contrasta con el enorme mamotreto de la antena de comunicaciones que queda all\u00e1 arriba&#8230; tradici\u00f3n y tecnolog\u00eda. El Centro de Informaci\u00f3n del parque y el edificio de Vil\u2022la Joana (Quinta Juana pone en su fachada) nos dice que ya hemos terminado la ruta. El reloj de \u00e9ste \u00faltimo y peculiar edificio nos dice que hemos llegado antes de las 13:00 horas, con lo que el recorrido en s\u00ed ha sido mucho m\u00e1s corto de lo previsto, a pesar de la marcha tranquila, las paradas y visitas. Por ello decidimos celebrarlo en un bar cercano, al otro lado de la estaci\u00f3n, con unas cervezas y aperitivos hasta que diera la hora de despedirnos y volver.<\/p>\n<div id=\"attachment_21297\" style=\"width: 761px\" class=\"wp-caption aligncenter\"><a class=\"dt-single-image\" href=\"https:\/\/www.monta\u00f1asdelaluna.es\/wp-content\/uploads\/2015\/09\/044.jpg\" data-dt-img-description=\"\"><img loading=\"lazy\" decoding=\"async\" aria-describedby=\"caption-attachment-21297\" class=\"wp-image-21297 size-full\" src=\"https:\/\/www.monta\u00f1asdelaluna.es\/wp-content\/uploads\/2015\/09\/044.jpg\" alt=\"Bajando a Baixador de Vallvidrera\" width=\"751\" height=\"563\" srcset=\"https:\/\/www.monta\u00f1asdelaluna.es\/wp-content\/uploads\/2015\/09\/044.jpg 751w, https:\/\/www.monta\u00f1asdelaluna.es\/wp-content\/uploads\/2015\/09\/044-300x225.jpg 300w\" sizes=\"auto, (max-width: 751px) 100vw, 751px\" \/><\/a><p id=\"caption-attachment-21297\" class=\"wp-caption-text\">Bajando a Baixador de Vallvidrera<\/p><\/div>\n<p>Y as\u00ed culminamos otra excursi\u00f3n especial por Collserola; con amigos nuevos de C\u00faspidis y viejos amigos de mi tierra que vienen de visita. Espectacularidad y amistad, dulce mezcla.<\/p>\n<div id=\"attachment_21321\" style=\"width: 765px\" class=\"wp-caption aligncenter\"><a class=\"dt-single-image\" href=\"https:\/\/www.monta\u00f1asdelaluna.es\/wp-content\/uploads\/2012\/02\/mapa-collserola.ruta_.croquis.jpg\" data-dt-img-description=\"\"><img loading=\"lazy\" decoding=\"async\" aria-describedby=\"caption-attachment-21321\" class=\"wp-image-21321 size-full\" src=\"https:\/\/www.monta\u00f1asdelaluna.es\/wp-content\/uploads\/2012\/02\/mapa-collserola.ruta_.croquis.jpg\" alt=\"Croquis del recorrido de Montbau a Baixador de Vallvidrera pasando por el Tibidabo\" width=\"755\" height=\"600\" srcset=\"https:\/\/www.monta\u00f1asdelaluna.es\/wp-content\/uploads\/2012\/02\/mapa-collserola.ruta_.croquis.jpg 755w, https:\/\/www.monta\u00f1asdelaluna.es\/wp-content\/uploads\/2012\/02\/mapa-collserola.ruta_.croquis-300x238.jpg 300w\" sizes=\"auto, (max-width: 755px) 100vw, 755px\" \/><\/a><p id=\"caption-attachment-21321\" class=\"wp-caption-text\">Croquis del recorrido de Montbau a Baixador de Vallvidrera pasando por el Tibidabo<\/p><\/div>\n<p>[vc_separator][\/vc_column_text][\/vc_column][\/vc_row][vc_row][vc_column][vc_empty_space height=\u00bb60px\u00bb][\/vc_column][\/vc_row][vc_row][vc_column][vc_cta h2=\u00bb\u00c1lbum de fotos\u00bb txt_align=\u00bbcenter\u00bb add_button=\u00bbbottom\u00bb btn_title=\u00bbVer fotos\u00bb btn_color=\u00bbwarning\u00bb btn_align=\u00bbcenter\u00bb btn_link=\u00bburl:https%3A%2F%2Fmonta%C3%B1asdelaluna.es%2F%3Fdt_gallery%3Dde-montbau-a-baixador-de-vallvidrera-subiendo-al-tibidabo-2|title:De%20Montbau%20a%20Baixador%20de%20Vallvidrera%20subiendo%20al%20Tibidabo|target:_blank\u00bb css=\u00bb.vc_custom_1625815328869{background-color: #8bc4ed !important;}\u00bb]Puedes ver todas las fotos del relato y actividad en forma de presentaci\u00f3n o individuales pinchando aqui \u00a1No te las pierdas![\/vc_cta][\/vc_column][\/vc_row][vc_row][vc_column][vc_empty_space height=\u00bb60px\u00bb][\/vc_column][\/vc_row][vc_row][vc_column width=\u00bb1\/6&#8243;][\/vc_column][vc_column width=\u00bb1\/3&#8243;][vc_raw_html]<\/p>\n<p>JTNDaWZyYW1lJTIwc3JjJTNEJTIyaHR0cHMlM0ElMkYlMkZ3d3cubWV0ZW9ibHVlLmNvbSUyRmVzJTJGdGllbXBvJTJGd2lkZ2V0JTJGZGFpbHklMkZiYXJjZWxvbmFfZXNwYSUyNWMzJTI1YjFhXzMxMjg3NjAlM0ZkYXlzJTNENyUyNnRlbXB1bml0JTNEQ0VMU0lVUyUyNndpbmR1bml0JTNES0lMT01FVEVSX1BFUl9IT1VSJTI2cGljdG9pY29uJTNEMSUyNm1heHRlbXBlcmF0dXJlJTNEMSUyNm1pbnRlbXBlcmF0dXJlJTNEMSUyNndpbmRzcGVlZCUzRDElMjZ3aW5kZ3VzdCUzRDElMjZ3aW5kZGlyZWN0aW9uJTNEMSUyNnByZWNpcGl0YXRpb24lM0QxJTI2cHJlY2lwaXRhdGlvbnByb2JhYmlsaXR5JTNEMSUyNnNwb3QlM0QxJTI2cHJlc3N1cmUlM0QxJTI2bGF5b3V0JTNEbGlnaHQlMjIlMjAlMjBmcmFtZWJvcmRlciUzRCUyMjAlMjIlMjBzY3JvbGxpbmclM0QlMjJOTyUyMiUyMGFsbG93dHJhbnNwYXJlbmN5JTNEJTIydHJ1ZSUyMiUyMHN0eWxlJTNEJTIyd2lkdGglM0ElMjAzNzhweCUzQmhlaWdodCUzQSUyMDM4MXB4JTIyJTNFJTNDJTJGaWZyYW1lJTNFJTNDZGl2JTNFJTNDJTIxLS0lMjBETyUyME5PVCUyMFJFTU9WRSUyMFRISVMlMjBMSU5LJTIwLS0lM0UlM0NhJTIwaHJlZiUzRCUyMmh0dHBzJTNBJTJGJTJGd3d3Lm1ldGVvYmx1ZS5jb20lMkZlcyUyRnRpZW1wbyUyRnByb25vc3RpY28lMkZzZW1hbmElMkZiYXJjZWxvbmFfZXNwYSUyNWMzJTI1YjFhXzMxMjg3NjAlMjIlMjB0YXJnZXQlM0QlMjJfYmxhbmslMjIlM0VtZXRlb2JsdWUlM0MlMkZhJTNFJTNDJTJGZGl2JTNF<\/p>\n<p>[\/vc_raw_html][\/vc_column][vc_column width=\u00bb1\/3&#8243;][vc_raw_html]<\/p>\n<p>JTNDaWZyYW1lJTIwc3JjJTNEJTIyaHR0cHMlM0ElMkYlMkZ3d3cubWV0ZW9ibHVlLmNvbSUyRmVzJTJGdGllbXBvJTJGd2lkZ2V0JTJGZGFpbHklMkZ0aWJpZGFib19lc3BhJTI1YzMlMjViMWFfMzEwODEwNyUzRmRheXMlM0Q3JTI2dGVtcHVuaXQlM0RDRUxTSVVTJTI2d2luZHVuaXQlM0RLSUxPTUVURVJfUEVSX0hPVVIlMjZwaWN0b2ljb24lM0QxJTI2bWF4dGVtcGVyYXR1cmUlM0QxJTI2bWludGVtcGVyYXR1cmUlM0QxJTI2d2luZHNwZWVkJTNEMSUyNndpbmRndXN0JTNEMSUyNndpbmRkaXJlY3Rpb24lM0QxJTI2cHJlY2lwaXRhdGlvbiUzRDElMjZwcmVjaXBpdGF0aW9ucHJvYmFiaWxpdHklM0QxJTI2c3BvdCUzRDElMjZwcmVzc3VyZSUzRDElMjZsYXlvdXQlM0RsaWdodCUyMiUyMCUyMGZyYW1lYm9yZGVyJTNEJTIyMCUyMiUyMHNjcm9sbGluZyUzRCUyMk5PJTIyJTIwYWxsb3d0cmFuc3BhcmVuY3klM0QlMjJ0cnVlJTIyJTIwc3R5bGUlM0QlMjJ3aWR0aCUzQSUyMDM3OHB4JTNCaGVpZ2h0JTNBJTIwMzgxcHglMjIlM0UlM0MlMkZpZnJhbWUlM0UlM0NkaXYlM0UlM0MlMjEtLSUyMERPJTIwTk9UJTIwUkVNT1ZFJTIwVEhJUyUyMExJTkslMjAtLSUzRSUzQ2ElMjBocmVmJTNEJTIyaHR0cHMlM0ElMkYlMkZ3d3cubWV0ZW9ibHVlLmNvbSUyRmVzJTJGdGllbXBvJTJGcHJvbm9zdGljbyUyRnNlbWFuYSUyRnRpYmlkYWJvX2VzcGElMjVjMyUyNWIxYV8zMTA4MTA3JTIyJTIwdGFyZ2V0JTNEJTIyX2JsYW5rJTIyJTNFbWV0ZW9ibHVlJTNDJTJGYSUzRSUzQyUyRmRpdiUzRQ==<\/p>\n<p>[\/vc_raw_html][\/vc_column][vc_column width=\u00bb1\/6&#8243;][\/vc_column][\/vc_row]<\/p>\n","protected":false},"excerpt":{"rendered":"<p>[vc_row][vc_column][vc_column_text]&#8230;Otra por Collserola. La tenemos tan cerca de casa y es tan especial&#8230; Este fin de semana unos amigos de mi lejana tierra, la Vega Baja (sur de Alicante), Vicente Molina y Nuria, ven\u00edan a Barcelona y no pod\u00eda menos que prepararles una excursi\u00f3n por la bella Sierra de Collserola, entre otras actividades. Aprovechando tambi\u00e9n&hellip;<\/p>\n","protected":false},"author":1,"featured_media":21283,"comment_status":"open","ping_status":"open","sticky":false,"template":"","format":"standard","meta":[],"categories":[49],"tags":[],"class_list":["post-21318","post","type-post","status-publish","format-standard","has-post-thumbnail","hentry","category-collserola","category-49","description-off"],"_links":{"self":[{"href":"https:\/\/www.monta\u00f1asdelaluna.es\/index.php?rest_route=\/wp\/v2\/posts\/21318","targetHints":{"allow":["GET"]}}],"collection":[{"href":"https:\/\/www.monta\u00f1asdelaluna.es\/index.php?rest_route=\/wp\/v2\/posts"}],"about":[{"href":"https:\/\/www.monta\u00f1asdelaluna.es\/index.php?rest_route=\/wp\/v2\/types\/post"}],"author":[{"embeddable":true,"href":"https:\/\/www.monta\u00f1asdelaluna.es\/index.php?rest_route=\/wp\/v2\/users\/1"}],"replies":[{"embeddable":true,"href":"https:\/\/www.monta\u00f1asdelaluna.es\/index.php?rest_route=%2Fwp%2Fv2%2Fcomments&post=21318"}],"version-history":[{"count":10,"href":"https:\/\/www.monta\u00f1asdelaluna.es\/index.php?rest_route=\/wp\/v2\/posts\/21318\/revisions"}],"predecessor-version":[{"id":50169,"href":"https:\/\/www.monta\u00f1asdelaluna.es\/index.php?rest_route=\/wp\/v2\/posts\/21318\/revisions\/50169"}],"wp:featuredmedia":[{"embeddable":true,"href":"https:\/\/www.monta\u00f1asdelaluna.es\/index.php?rest_route=\/wp\/v2\/media\/21283"}],"wp:attachment":[{"href":"https:\/\/www.monta\u00f1asdelaluna.es\/index.php?rest_route=%2Fwp%2Fv2%2Fmedia&parent=21318"}],"wp:term":[{"taxonomy":"category","embeddable":true,"href":"https:\/\/www.monta\u00f1asdelaluna.es\/index.php?rest_route=%2Fwp%2Fv2%2Fcategories&post=21318"},{"taxonomy":"post_tag","embeddable":true,"href":"https:\/\/www.monta\u00f1asdelaluna.es\/index.php?rest_route=%2Fwp%2Fv2%2Ftags&post=21318"}],"curies":[{"name":"wp","href":"https:\/\/api.w.org\/{rel}","templated":true}]}}