{"id":21640,"date":"2013-06-01T18:39:56","date_gmt":"2013-06-01T18:39:56","guid":{"rendered":"http:\/\/monta\u00f1asdelaluna.com\/?p=21640"},"modified":"2021-08-04T20:47:53","modified_gmt":"2021-08-04T20:47:53","slug":"montcau-emprius-castell-de-pere-marquet-de-les-roques","status":"publish","type":"post","link":"https:\/\/www.monta\u00f1asdelaluna.es\/?p=21640","title":{"rendered":"Montcau, Emprius, Castell de Pere, Marquet de Les Roques"},"content":{"rendered":"<p>[vc_row][vc_column][vc_column_text]La idea era hacer un recorrido que pasara por algunos lugares emblem\u00e1ticos del Parque Natural de Sant LLoren\u00e7 del Munt i l\u2019Obac, rese\u00f1ados en la gu\u00eda de Rutes de Patrimoni Arquitect\u00f2nic de la Xarxa de Parcs Naturals de la Diputaci\u00f3 de Barcelona: el Castell de Pere y la casona del Marquet de Les Roques\u2026 y a la vez intentar subir el Montcau, como pico m\u00e1s alto del lugar.<\/p>\n<p>En un principio, y viendo el mapa de Alpina, pensaba que la mejor ruta posible sal\u00eda del Coll de La Casilla. Aunque queda lejos, por su ubicaci\u00f3n y altura, la ve\u00eda como la mejor opci\u00f3n para un recorrido circular. Desde Sant LLoren\u00e7 Savall, que ser\u00eda la poblaci\u00f3n m\u00e1s pr\u00f3xima y desde donde salen todas las rutas hasta estas construcciones, quedaba demasiado lejos como para tambi\u00e9n subir el Montcau.<\/p>\n<p>Pero Dani, que se conoce mejor el terreno, me dec\u00eda que era mejor salir desde el conocido Coll d\u2019Estenalles por su altura y ubicaci\u00f3n. Lo \u00fanico que yo ve\u00eda es que, en un recorrido circular saliendo de dicho collado, finalizar\u00edamos con una pronunciada subida para llegar de nuevo al punto de partida, desde el Marquet de Les Roques\u2026 pero viendo el resto de opciones, elegimos \u00e9sta \u00faltima haciendo caso al aborigen de la comarca.<\/p>\n<div id=\"attachment_21474\" style=\"width: 761px\" class=\"wp-caption aligncenter\"><a class=\"dt-single-image\" href=\"https:\/\/www.monta\u00f1asdelaluna.es\/wp-content\/uploads\/2015\/09\/Montcau13-017.b.jpg\" data-dt-img-description=\"\"><img loading=\"lazy\" decoding=\"async\" aria-describedby=\"caption-attachment-21474\" class=\"wp-image-21474 size-full\" src=\"https:\/\/www.monta\u00f1asdelaluna.es\/wp-content\/uploads\/2015\/09\/Montcau13-017.b.jpg\" alt=\"La Falconera\" width=\"751\" height=\"563\" srcset=\"https:\/\/www.monta\u00f1asdelaluna.es\/wp-content\/uploads\/2015\/09\/Montcau13-017.b.jpg 751w, https:\/\/www.monta\u00f1asdelaluna.es\/wp-content\/uploads\/2015\/09\/Montcau13-017.b-300x225.jpg 300w\" sizes=\"auto, (max-width: 751px) 100vw, 751px\" \/><\/a><p id=\"caption-attachment-21474\" class=\"wp-caption-text\">La Falconera<\/p><\/div>\n<p>As\u00ed pues el pasado s\u00e1bado 1 de junio salimos unas 7 personas en busca de las vertiginosas vertientes norte del Montcau: Desde Coll d\u2019Estenalles (con muchos coches aparcados ya de parte ma\u00f1ana) seguimos el borde de la carretera en direcci\u00f3n a Mura, hac\u00eda el norte; y en una gran revuelta de la carretera, muy pr\u00f3xima al collado, en que la misma hace un giro de casi m\u00e1s de 180\u00ba, cogemos una senda algo oculta que sale desde el exterior de la misma, hac\u00eda el norte, en busca de las laderas oeste del Montcau y las inmediaciones de la enorme mole de Els Cortins.<\/p>\n<p>En un principio la senda no est\u00e1 muy marcada, a pesar de que en el mapa de Alpina viene como un recorrido recomendado del parque. Nos damos cuenta, despu\u00e9s de cruzar por alguna ladera descarnada y rocosa algo inclinada, que la verdadera senda queda algo m\u00e1s abajo y a nuestra derecha. Cruzamos las arboledas y 5 metros m\u00e1s abajo cogemos la ancha y buena senda hac\u00eda la izquierda y norte, que nos llevar\u00e1 sin p\u00e9rdida a realizar el recorrido previsto.<\/p>\n<div id=\"attachment_21472\" style=\"width: 761px\" class=\"wp-caption aligncenter\"><a class=\"dt-single-image\" href=\"https:\/\/www.monta\u00f1asdelaluna.es\/wp-content\/uploads\/2015\/09\/Montcau13-014.jpg\" data-dt-img-description=\"\"><img loading=\"lazy\" decoding=\"async\" aria-describedby=\"caption-attachment-21472\" class=\"wp-image-21472 size-full\" src=\"https:\/\/www.monta\u00f1asdelaluna.es\/wp-content\/uploads\/2015\/09\/Montcau13-014.jpg\" alt=\"Bordeando Els Cortins\" width=\"751\" height=\"563\" srcset=\"https:\/\/www.monta\u00f1asdelaluna.es\/wp-content\/uploads\/2015\/09\/Montcau13-014.jpg 751w, https:\/\/www.monta\u00f1asdelaluna.es\/wp-content\/uploads\/2015\/09\/Montcau13-014-300x225.jpg 300w\" sizes=\"auto, (max-width: 751px) 100vw, 751px\" \/><\/a><p id=\"caption-attachment-21472\" class=\"wp-caption-text\">Bordeando Els Cortins<\/p><\/div>\n<div id=\"attachment_21479\" style=\"width: 761px\" class=\"wp-caption aligncenter\"><a class=\"dt-single-image\" href=\"https:\/\/www.monta\u00f1asdelaluna.es\/wp-content\/uploads\/2015\/09\/Montcau13-024.jpg\" data-dt-img-description=\"\"><img loading=\"lazy\" decoding=\"async\" aria-describedby=\"caption-attachment-21479\" class=\"wp-image-21479 size-full\" src=\"https:\/\/www.monta\u00f1asdelaluna.es\/wp-content\/uploads\/2015\/09\/Montcau13-024.jpg\" alt=\"Hac\u00eda el collado entre el Montcau y Els Cortins\" width=\"751\" height=\"563\" srcset=\"https:\/\/www.monta\u00f1asdelaluna.es\/wp-content\/uploads\/2015\/09\/Montcau13-024.jpg 751w, https:\/\/www.monta\u00f1asdelaluna.es\/wp-content\/uploads\/2015\/09\/Montcau13-024-300x225.jpg 300w\" sizes=\"auto, (max-width: 751px) 100vw, 751px\" \/><\/a><p id=\"caption-attachment-21479\" class=\"wp-caption-text\">Hac\u00eda el collado entre el Montcau y Els Cortins<\/p><\/div>\n<p>Es d\u00eda parece que ser\u00e1 muy bueno, soleado y puede que hasta caluroso en las horas centrales del mismo. A la izquierda queda una llamativa roca, parecida a las de Montserrat, es La Falconera, al otro lado de la carretera. Y al fondo las monta\u00f1as del Pirineo medio invisibles bajo numerosas nubes. La senda sigue entre el bosque de encinas y quercus, sale de \u00e9l y atraviesa laderas rocosas de conglomerados\u2026 cruzamos un barranco con sorprendentemente algo de agua, es el Canal Sec. Las lluvias de esta fr\u00eda primavera han calado en la vida de estas monta\u00f1as. Seguimos la senda, entre laderas descarnadas y rocosas y con vegetaci\u00f3n, hac\u00eda las inmediaciones de Els Cortins, una enorme roca al oeste del Montcau. Las laderas comienzan a ser m\u00e1s inclinadas mientras las atravesamos en diagonal, y descarnadas. Hacen unas especies de terracitas bajo las paredes de Els Cortins. Un poste se\u00f1alizador nos indican que entramos en una zona donde la senda es delicada, pero no por la peligrosidad, si no por el desgaste de la misma incrustada en la ladera de conglomerado que se deshace con sus piedras romas.<\/p>\n<p>Le vamos dando la vuelta a la mole de Els Cortins por su oeste, noroeste y norte. Al cabo de un momento vemos enfrente otra roca vertical y casi picuda al final de la vertical loma de la mole del Montcau. Junto a ella un colladito que la separa del mismo Montcau: son las Roques de La Coca. Ahora debemos girar y como intern\u00e1ndonos de nuevo en el macizo para llegar a otro colladito que une la mole del Montcau con la de Els Cortins, como si volvi\u00e9ramos para adentro de la monta\u00f1a. Atravesamos un espacio internados en un vallecillo cerrado por las verticales y onduladas paredes del Montcau y Els Cortins que cada vez se van cerrando m\u00e1s. Pasamos por en medio de una gran \u201cbalma\u201d o nicho formado en la vertical Els Cortins para llegar a dicho colladito. Impresionante.<\/p>\n<div id=\"attachment_21482\" style=\"width: 761px\" class=\"wp-caption aligncenter\"><a class=\"dt-single-image\" href=\"https:\/\/www.monta\u00f1asdelaluna.es\/wp-content\/uploads\/2015\/09\/Montcau13-028.jpg\" data-dt-img-description=\"\"><img loading=\"lazy\" decoding=\"async\" aria-describedby=\"caption-attachment-21482\" class=\"wp-image-21482 size-full\" src=\"https:\/\/www.monta\u00f1asdelaluna.es\/wp-content\/uploads\/2015\/09\/Montcau13-028.jpg\" alt=\"Hac\u00eda el collado entre el Montcau y Els Cortins, por una balma de Els Cortins\" width=\"751\" height=\"563\" srcset=\"https:\/\/www.monta\u00f1asdelaluna.es\/wp-content\/uploads\/2015\/09\/Montcau13-028.jpg 751w, https:\/\/www.monta\u00f1asdelaluna.es\/wp-content\/uploads\/2015\/09\/Montcau13-028-300x225.jpg 300w\" sizes=\"auto, (max-width: 751px) 100vw, 751px\" \/><\/a><p id=\"caption-attachment-21482\" class=\"wp-caption-text\">Hac\u00eda el collado entre el Montcau y Els Cortins, por una balma de Els Cortins<\/p><\/div>\n<p>Las paredes, rocas y superficies tienen formas originales y peculiares; la roca conglomerada hace que sea de esta manera. A veces parecen bocas y labios cerrados gigantes desprovistos de cara. Fant\u00e1stico. Llegamos al colladito. Debemos seguir recto pero girando a la izquierda como queriendo salir de la monta\u00f1a de nuevo, pero esta vez por la rocosa ladera de enfrente (ahora ya bajo la mole del Montcau) y sin perder altura. La senda que llev\u00e1bamos, que hab\u00eda girando hac\u00eda el sur para encontrar este colladito, sigue hac\u00eda su sur en busca del camino que sube al Montcau desde el Coll d\u2019Estenalles. Pero nosotros giramos hac\u00eda el noreste de nuevo en busca de las vertiginosas paredes norte del Montcau y de las Roques de La Coca.<\/p>\n<p>La senda pasa ahora por un vertiginoso lugar: arriba y debajo de la misma, paredes verticales romas y casi lisas si no fuera por los bultitos de las piedras que forman el conglomerado. Atr\u00e1s dejamos la mole de Els Cortins, la cual apreciamos mejor desde la distancia mientras nos acercamos al colladito junto a las Roques de La Coca. Ya llegamos al curioso colladito y un nuevo paisaje se nos abre ante nuestras curiosa mirada: vemos toda la loma, cordal de la Carena dels Emprius, por la que tenemos que pasar. Est\u00e1 rodeada por cortadas paredes en sus laderas, cosa que le dan un aspecto casi inexpugnable. A la derecha de la misma, unas rocas en forma de muelas o gigantes dados algo separados del resto de la cima dels Emprius por otro colladito: son las Agulles de Finestrelles. Precioso.<\/p>\n<div id=\"attachment_21484\" style=\"width: 761px\" class=\"wp-caption aligncenter\"><a class=\"dt-single-image\" href=\"https:\/\/www.monta\u00f1asdelaluna.es\/wp-content\/uploads\/2015\/09\/Montcau13-031.jpg\" data-dt-img-description=\"\"><img loading=\"lazy\" decoding=\"async\" aria-describedby=\"caption-attachment-21484\" class=\"wp-image-21484 size-full\" src=\"https:\/\/www.monta\u00f1asdelaluna.es\/wp-content\/uploads\/2015\/09\/Montcau13-031.jpg\" alt=\"Delante Pilu, atr\u00e1s queda Els Cortins\" width=\"751\" height=\"563\" srcset=\"https:\/\/www.monta\u00f1asdelaluna.es\/wp-content\/uploads\/2015\/09\/Montcau13-031.jpg 751w, https:\/\/www.monta\u00f1asdelaluna.es\/wp-content\/uploads\/2015\/09\/Montcau13-031-300x225.jpg 300w\" sizes=\"auto, (max-width: 751px) 100vw, 751px\" \/><\/a><p id=\"caption-attachment-21484\" class=\"wp-caption-text\">Delante Pilu, atr\u00e1s queda Els Cortins<\/p><\/div>\n<div id=\"attachment_21486\" style=\"width: 761px\" class=\"wp-caption aligncenter\"><a class=\"dt-single-image\" href=\"https:\/\/www.monta\u00f1asdelaluna.es\/wp-content\/uploads\/2015\/09\/Montcau13-033.jpg\" data-dt-img-description=\"\"><img loading=\"lazy\" decoding=\"async\" aria-describedby=\"caption-attachment-21486\" class=\"wp-image-21486 size-full\" src=\"https:\/\/www.monta\u00f1asdelaluna.es\/wp-content\/uploads\/2015\/09\/Montcau13-033.jpg\" alt=\"Camino de Les Roques de La Coca\" width=\"751\" height=\"563\" srcset=\"https:\/\/www.monta\u00f1asdelaluna.es\/wp-content\/uploads\/2015\/09\/Montcau13-033.jpg 751w, https:\/\/www.monta\u00f1asdelaluna.es\/wp-content\/uploads\/2015\/09\/Montcau13-033-300x225.jpg 300w\" sizes=\"auto, (max-width: 751px) 100vw, 751px\" \/><\/a><p id=\"caption-attachment-21486\" class=\"wp-caption-text\">Camino de Les Roques de La Coca<\/p><\/div>\n<p>Una parada para deslumbrarnos, filmar y fotografiar junto a las Roques de La Coca. A nuestra derecha y sur se queda la enorme mole del Montcau por su lado norte vertical e inconquistable; con pasillos de abultada vegetaci\u00f3n entre pared y pared, y peque\u00f1os o grandecillos huecos, nichos, salpicados por dichas paredes. Hermoso. Debemos seguir: cogemos la senda que sigue al otro lado del colladito y sin perder altura, rodeando las paredes de la mole del Montcau. Atr\u00e1s va quedando las Roques de La Coca, sobre laderas rocosas y sana vegetaci\u00f3n. Delante al fondo, la visi\u00f3n de otras llamativas rocas: las Agulles de Finestrelles al final de la Carena dels Emprius.<\/p>\n<p>Alg\u00fan paso de poner las manos y el culo, siguiendo el\u00a0 entretenido sendero entre las laderas rocosas en ocasiones, inclinadas. El recorrido hace un giro y nos encaminamos hac\u00eda el Collet del Llor, en direcci\u00f3n sureste. Al otro lado de un barranco, despu\u00e9s de cruzarlo, vemos un hito casi invisible, que nos avisa de un cruce de senderos y el nuevo que baja hac\u00eda el nombrado collado. Dicho collado une la mole del Montcau con la Carena dels Emprius. Despu\u00e9s de dejar a nuestra espalda un enorme y magn\u00edfico nicho o \u201cbalma\u201d en la enorme mole y vertical cara noreste del Montcau, bajamos con la referencia del Cavall Bernat de la Vall: una empinada y larguirucha roca que sobresale entre la exuberante vegetaci\u00f3n, como una aguja de punta roma, algo m\u00e1s abajo de la senda por la que venimos, y que debemos dejar a nuestra izquierda mientras bajamos por el medio marcado recorrido que nos lleva al Collet de Llor. Antes de internarnos en la frondosa vegetaci\u00f3n, tenemos la espectacular visi\u00f3n de las Agulles de Finestrelles. Pasaremos muy cerca de ellas cuando comencemos a cabalgar por el lomo de la Carena dels Emprius.<\/p>\n<div id=\"attachment_21488\" style=\"width: 761px\" class=\"wp-caption aligncenter\"><a class=\"dt-single-image\" href=\"https:\/\/www.monta\u00f1asdelaluna.es\/wp-content\/uploads\/2015\/09\/Montcau13-036.jpg\" data-dt-img-description=\"\"><img loading=\"lazy\" decoding=\"async\" aria-describedby=\"caption-attachment-21488\" class=\"wp-image-21488 size-full\" src=\"https:\/\/www.monta\u00f1asdelaluna.es\/wp-content\/uploads\/2015\/09\/Montcau13-036.jpg\" alt=\"Collado entre Montcau y las Roques de La Coca\" width=\"751\" height=\"563\" srcset=\"https:\/\/www.monta\u00f1asdelaluna.es\/wp-content\/uploads\/2015\/09\/Montcau13-036.jpg 751w, https:\/\/www.monta\u00f1asdelaluna.es\/wp-content\/uploads\/2015\/09\/Montcau13-036-300x225.jpg 300w\" sizes=\"auto, (max-width: 751px) 100vw, 751px\" \/><\/a><p id=\"caption-attachment-21488\" class=\"wp-caption-text\">Collado entre Montcau y las Roques de La Coca<\/p><\/div>\n<p>Entre la exuberancia del bosque, encontramos \u00e1rboles marcados con pintura roja: ese es el camino. Otra senda viene desde la izquierda y se une a la que llevamos. Al poco tiempo salimos a un claro rocoso entre el bosque. Ya estamos en el Collet de Llor. Derivamos con la senda del G.R.-5 que viene del Marquet de Les Roques y sube al Coll d\u2019Eres. Cogemos el mismo G.R. en direcci\u00f3n este, dando la espalda al Montcau y con la vista sobre las vertientes de las Agulles de Finestrelles, con paredes verticales y escarpadas.<\/p>\n<p>A los pocos pasos caminando por el G.R. Dani nos desv\u00eda la direcci\u00f3n para coger una senda que sube y se acerca a la Carena dels Emprius, y sale a la izquierda del G.R. \u00c9sta sube por una ladera rocosa descarnada de vegetaci\u00f3n, pero m\u00e1s arriba se interna entre espesa vegetaci\u00f3n. Las vistas, mientras subimos hasta el collado que hay entre las Agulles de Finestrelles y el resto de la cima de la Carena dels Emprius, son impresionantes: detr\u00e1s nuestro la mole del Montcau, que siempre nos observar\u00e1 en cada punto del recorrido. Combinaci\u00f3n de laderas peladas, conglomeradas y verticales en ocasiones, con pasillos e islas de vegetaci\u00f3n frondosa, verde y sana, nos d\u00e1 una visi\u00f3n excepcional, bella. A la derecha una magn\u00edfica torre natural, casi sacado de Monument Valley pero con hermosa y frondosa vegetaci\u00f3n alrededor: es la Roca Mur. No dejaremos de sorprendernos con su visi\u00f3n a lo largo del recorrido en nuestra marcha. Excepcional.<\/p>\n<div id=\"attachment_21491\" style=\"width: 761px\" class=\"wp-caption aligncenter\"><a class=\"dt-single-image\" href=\"https:\/\/www.monta\u00f1asdelaluna.es\/wp-content\/uploads\/2015\/09\/Montcau13-042.b.jpg\" data-dt-img-description=\"\"><img loading=\"lazy\" decoding=\"async\" aria-describedby=\"caption-attachment-21491\" class=\"wp-image-21491 size-full\" src=\"https:\/\/www.monta\u00f1asdelaluna.es\/wp-content\/uploads\/2015\/09\/Montcau13-042.b.jpg\" alt=\"Roques de La Coca\" width=\"751\" height=\"563\" srcset=\"https:\/\/www.monta\u00f1asdelaluna.es\/wp-content\/uploads\/2015\/09\/Montcau13-042.b.jpg 751w, https:\/\/www.monta\u00f1asdelaluna.es\/wp-content\/uploads\/2015\/09\/Montcau13-042.b-300x225.jpg 300w\" sizes=\"auto, (max-width: 751px) 100vw, 751px\" \/><\/a><p id=\"caption-attachment-21491\" class=\"wp-caption-text\">Roques de La Coca<\/p><\/div>\n<div id=\"attachment_21494\" style=\"width: 573px\" class=\"wp-caption aligncenter\"><a class=\"dt-single-image\" href=\"https:\/\/www.monta\u00f1asdelaluna.es\/wp-content\/uploads\/2015\/09\/Montcau13-047.jpg\" data-dt-img-description=\"\"><img loading=\"lazy\" decoding=\"async\" aria-describedby=\"caption-attachment-21494\" class=\"wp-image-21494 size-full\" src=\"https:\/\/www.monta\u00f1asdelaluna.es\/wp-content\/uploads\/2015\/09\/Montcau13-047.jpg\" alt=\"Bajando por el conglomerado\" width=\"563\" height=\"751\" srcset=\"https:\/\/www.monta\u00f1asdelaluna.es\/wp-content\/uploads\/2015\/09\/Montcau13-047.jpg 563w, https:\/\/www.monta\u00f1asdelaluna.es\/wp-content\/uploads\/2015\/09\/Montcau13-047-225x300.jpg 225w\" sizes=\"auto, (max-width: 563px) 100vw, 563px\" \/><\/a><p id=\"caption-attachment-21494\" class=\"wp-caption-text\">Bajando por el conglomerado<\/p><\/div>\n<p>Llegamos al colladito entre hermosos pinos y vegetaci\u00f3n. Ya hace alg\u00fan tiempo que las bocas tienen hambre y aprovechamos la sombra y simpat\u00eda del lugar para parar a almorzar. Seg\u00fan hemos subido, a nuestra derecha han quedado las paredes de las Agulles de Finestrelles. No nos d\u00e1 la tentaci\u00f3n de subirlas ya que nos queda mucho recorrido que realizar a\u00fan.<\/p>\n<p>Reemprendemos la marcha. Seguimos una escondida senda hacia la izquierda y norte para subirnos entre la vegetaci\u00f3n y algunos pasos algo m\u00e1s verticales entre las rocas, a la cima de la Carena dels Emprius. Las vistas son magn\u00edficas hac\u00eda el Montcau y sus abruptas y bellas vertientes; a nuestra espalda las cercanas Agulles de Finestrelles se presentan como una meseta de cima plana y paredes verticales sin posibilidad de abordarla. Espectacular. Ahora y mientras caminamos por la, tambi\u00e9n plana, cima de la Carena dels Emprius, encontramos mirando hacia la derecha y este los lugares y zonas del recorrido que pisaremos: al fondo y centro el monolito donde se encuentra el Castell de Pere, m\u00e1s al noreste e izquierda la Roca Sereny y entre ellos y nosotros los valles Pregona, Romeu y Brossa (nombre de sus torrentes), todos castigados y arrasados por el embravecido incendio del a\u00f1o 2.003. Nos presentan ahora un paisaje con la vegetaci\u00f3n arb\u00f3rea casi nula, y un aspecto y terreno algo m\u00e1s \u00e1rido a causa de la bravura del incendio, que acab\u00f3 con todo. No obstante un paisaje m\u00e1s, en un bello conjunto monta\u00f1oso, con su originalidad y particularidad \u00fanica.<\/p>\n<div id=\"attachment_21504\" style=\"width: 761px\" class=\"wp-caption aligncenter\"><a class=\"dt-single-image\" href=\"https:\/\/www.monta\u00f1asdelaluna.es\/wp-content\/uploads\/2015\/09\/Montcau13-062.jpg\" data-dt-img-description=\"\"><img loading=\"lazy\" decoding=\"async\" aria-describedby=\"caption-attachment-21504\" class=\"wp-image-21504 size-full\" src=\"https:\/\/www.monta\u00f1asdelaluna.es\/wp-content\/uploads\/2015\/09\/Montcau13-062.jpg\" alt=\"A la derecha las paredes del Montcau\" width=\"751\" height=\"563\" srcset=\"https:\/\/www.monta\u00f1asdelaluna.es\/wp-content\/uploads\/2015\/09\/Montcau13-062.jpg 751w, https:\/\/www.monta\u00f1asdelaluna.es\/wp-content\/uploads\/2015\/09\/Montcau13-062-300x225.jpg 300w\" sizes=\"auto, (max-width: 751px) 100vw, 751px\" \/><\/a><p id=\"caption-attachment-21504\" class=\"wp-caption-text\">A la derecha las paredes del Montcau<\/p><\/div>\n<div id=\"attachment_21506\" style=\"width: 761px\" class=\"wp-caption aligncenter\"><a class=\"dt-single-image\" href=\"https:\/\/www.monta\u00f1asdelaluna.es\/wp-content\/uploads\/2015\/09\/Montcau13-065.jpg\" data-dt-img-description=\"\"><img loading=\"lazy\" decoding=\"async\" aria-describedby=\"caption-attachment-21506\" class=\"wp-image-21506 size-full\" src=\"https:\/\/www.monta\u00f1asdelaluna.es\/wp-content\/uploads\/2015\/09\/Montcau13-065.jpg\" alt=\"Llegando al Collet del LLor\" width=\"751\" height=\"563\" srcset=\"https:\/\/www.monta\u00f1asdelaluna.es\/wp-content\/uploads\/2015\/09\/Montcau13-065.jpg 751w, https:\/\/www.monta\u00f1asdelaluna.es\/wp-content\/uploads\/2015\/09\/Montcau13-065-300x225.jpg 300w\" sizes=\"auto, (max-width: 751px) 100vw, 751px\" \/><\/a><p id=\"caption-attachment-21506\" class=\"wp-caption-text\">Llegando al Collet del LLor<\/p><\/div>\n<p>Seguimos caminando por la cima de la Carena dels Emprius hac\u00eda el norte. Las nubes siguen tapando el Pirineo y sus tierras cercanas, pero el sol va ganando terreno aqu\u00ed. Sin darnos cuenta hemos dejado atr\u00e1s la parte m\u00e1s alta de la plana y suave loma cimera: el Queixal Corcat (837 mts.); y vemos como cae la pared de la roca hac\u00eda el este, por la loma este de la Carena dels Emprius. Verdaderamente forma un \u201cqueixal\u201d, una muela; entre \u201cmonta\u00f1as de muelas\u201d. Atr\u00e1s a la derecha y oeste se va alejando la mole del Montcau y sus diferentes perfiles. Bellas monta\u00f1as con curiosas rocas y formaciones. Seguimos caminando. Campos de hierba alta y vida inherente. M\u00e1s adelante nos internamos entre alta vegetaci\u00f3n en la parte m\u00e1s al norte de la Carena dels Emprius, la senda no tiene p\u00e9rdida. Antes de que la loma comience a bajar altura debemos fijarnos en alguna senda o recorrido sin marcar exageradamente. Mirando hacia la derecha y este vemos como el cordal sigue por este lado hac\u00eda la Roca Sereny, y m\u00e1s all\u00e1 el Castell de Pere. Pero antes debemos pasar y bajar a Coll Pregona.<\/p>\n<p>La senda baja entre troncos muertos heridos por el fuego y entre nueva y alta vegetaci\u00f3n que intenta volver a darle vida a la monta\u00f1a. Saltamos alg\u00fan tronco muerto y ca\u00eddo en mitad de la senda rocosa; y despu\u00e9s bajamos por una invadida senda hasta que deja de bajar y se allana en lo que se llama Coll Pregona. Dejamos atr\u00e1s la Carena dels Emprius y nos encaminamos a las inmediaciones de la Roca Sereny.<\/p>\n<p>Una pareja que viene detr\u00e1s nuestro nos alcanza. Preguntan por una cueva, un lugar, que pensamos la han dejado m\u00e1s atr\u00e1s, en las inmediaciones de Els Emprius. La vegetaci\u00f3n intenta rehacerse, veo curioso y sorprendido bajo un sol implacable, brotes de robles, nuevos nacidos con la intenci\u00f3n de reconquistar la vida perdida en la monta\u00f1a.<\/p>\n<div id=\"attachment_21523\" style=\"width: 761px\" class=\"wp-caption aligncenter\"><a class=\"dt-single-image\" href=\"https:\/\/www.monta\u00f1asdelaluna.es\/wp-content\/uploads\/2015\/09\/Montcau13-091.jpg\" data-dt-img-description=\"\"><img loading=\"lazy\" decoding=\"async\" aria-describedby=\"caption-attachment-21523\" class=\"wp-image-21523 size-full\" src=\"https:\/\/www.monta\u00f1asdelaluna.es\/wp-content\/uploads\/2015\/09\/Montcau13-091.jpg\" alt=\"Atr\u00e1s queda el Montcau\" width=\"751\" height=\"563\" srcset=\"https:\/\/www.monta\u00f1asdelaluna.es\/wp-content\/uploads\/2015\/09\/Montcau13-091.jpg 751w, https:\/\/www.monta\u00f1asdelaluna.es\/wp-content\/uploads\/2015\/09\/Montcau13-091-300x225.jpg 300w\" sizes=\"auto, (max-width: 751px) 100vw, 751px\" \/><\/a><p id=\"caption-attachment-21523\" class=\"wp-caption-text\">Atr\u00e1s queda el Montcau<\/p><\/div>\n<p>Despu\u00e9s del Coll Pregona pasamos a l\u2019Era Ventosa, siguiendo la senda sin perder altura y en direcci\u00f3n a la picuda y piramidal Roca Sereny. Un especie de prado, despejado entre la vegetaci\u00f3n que intenta rehacerse, algunos pinos que comienzan a crecer y un verde majestuoso que inunda la monta\u00f1a. Atr\u00e1s dejamos los arbustos que renacen y los esqueletos de los \u00e1rboles calcinados hace a\u00f1os. Desde l\u2019Era Ventosa hay un camino que sigue hac\u00eda la parte norte de la Roca Sereny que es la que ten\u00eda planeado seguir, pero una senda no demasiado marcada, sigue por su soleada cara sur, bajo sus paredes, y me decido por seguir la senda. Enfrente de donde sale la senda que llev\u00e1bamos, sale otra por en medio de la hierba que sigue ligeramente a la derecha en busca de la loma sur de la misma monta\u00f1a. En parte seguimos por una senda rocosa que sigue caprichosa entre los arbustos de la picuda Roca Sereny, que por cierto tiene una planta e imagen hermosa y abrupta desde aqu\u00ed.<\/p>\n<p>Atr\u00e1s dejamos con mejor visi\u00f3n toda la hermosa Carena dels Emprius, sobresaliendo el Montcau, y m\u00e1s al sur las escarpadas Agulles de Finestrelles y Roca Mur; e incluso al fondo del macizo, la lejana y alta La Mola. Extraordinario. Llegamos ya a la parte m\u00e1s llana de la loma sur de la Roca Sereny, y cu\u00e1l es nuestra sorpresa que nos encontramos con un yacimiento megal\u00edtico: curiosamente el gran fuego del 2.003 calcin\u00f3 la vegetaci\u00f3n e hizo \u201cbrotar\u201d las piedras, tumbas megal\u00edticas. \u00a1Que cosas! Escrudi\u00f1amos el lugar pero enseguida nos ponemos en marcha en busca del viejo camino que se dirige al Castell de Pera desde la Roca Sereny. Giramos y cogemos direcci\u00f3n noreste por otra especie de senda, muy desgastada y maltrecha\u2026 seguramente un camino de cabras. Buscamos otro camino en un collado entre la Roca Sereny y el alto que llaman Serra del Castell de Pera, y seguimos por dicha senda que llega a desaparecer entre los matorrales y los terrenos pedregosos. A nuestra derecha y abajo veo rastros de lo que fue un camino. Monte a trav\u00e9s, esquivando matorrales y escalones terrosos, bajamos por una loma m\u00e1s f\u00e1cil hasta dicho camino invadido por la hierba y con se\u00f1ales de no haberse usado en mucho tiempo. Al resto del grupo le cuesta algo m\u00e1s bajar y atravesar el salvaje monte\u2026 no est\u00e1n hechos tan cabras como yo.<\/p>\n<div id=\"attachment_21532\" style=\"width: 761px\" class=\"wp-caption aligncenter\"><a class=\"dt-single-image\" href=\"https:\/\/www.monta\u00f1asdelaluna.es\/wp-content\/uploads\/2015\/09\/Montcau13-118.jpg\" data-dt-img-description=\"\"><img loading=\"lazy\" decoding=\"async\" aria-describedby=\"caption-attachment-21532\" class=\"wp-image-21532 size-full\" src=\"https:\/\/www.monta\u00f1asdelaluna.es\/wp-content\/uploads\/2015\/09\/Montcau13-118.jpg\" alt=\"Anna llegando a Coll Pregona, delante la Roca Sereny\" width=\"751\" height=\"563\" srcset=\"https:\/\/www.monta\u00f1asdelaluna.es\/wp-content\/uploads\/2015\/09\/Montcau13-118.jpg 751w, https:\/\/www.monta\u00f1asdelaluna.es\/wp-content\/uploads\/2015\/09\/Montcau13-118-300x225.jpg 300w\" sizes=\"auto, (max-width: 751px) 100vw, 751px\" \/><\/a><p id=\"caption-attachment-21532\" class=\"wp-caption-text\">Anna llegando a Coll Pregona, delante la Roca Sereny<\/p><\/div>\n<div id=\"attachment_21533\" style=\"width: 761px\" class=\"wp-caption aligncenter\"><a class=\"dt-single-image\" href=\"https:\/\/www.monta\u00f1asdelaluna.es\/wp-content\/uploads\/2015\/09\/Montcau13-119.jpg\" data-dt-img-description=\"\"><img loading=\"lazy\" decoding=\"async\" aria-describedby=\"caption-attachment-21533\" class=\"wp-image-21533 size-full\" src=\"https:\/\/www.monta\u00f1asdelaluna.es\/wp-content\/uploads\/2015\/09\/Montcau13-119.jpg\" alt=\"Delante David Luis y Dani, y atr\u00e1s queda la Carena dels Emprius asom\u00e1ndose el Montcau\" width=\"751\" height=\"563\" srcset=\"https:\/\/www.monta\u00f1asdelaluna.es\/wp-content\/uploads\/2015\/09\/Montcau13-119.jpg 751w, https:\/\/www.monta\u00f1asdelaluna.es\/wp-content\/uploads\/2015\/09\/Montcau13-119-300x225.jpg 300w\" sizes=\"auto, (max-width: 751px) 100vw, 751px\" \/><\/a><p id=\"caption-attachment-21533\" class=\"wp-caption-text\">Delante David Luis y Dani, y atr\u00e1s queda la Carena dels Emprius asom\u00e1ndose el Montcau<\/p><\/div>\n<p>Seguimos el caminillo deshecho hac\u00eda el norte e izquierda en busca del colladito. En poco tiempo llegamos al camino hecho y derecho, y a un poste se\u00f1alizador para dirigirse al Castell de Pere. La Roca Sereny la hemos dejado a nuestra izquierda y casi espalda, la hemos rodeado por su sur para llegar a la loma que nos llevar\u00e1 al Castell de Pere. Abajo y sur admiramos el verde y descarnado valle del Torrent del Romeu, con el fondo de la Carena dels Emprius, Montcau, Agulles de Finestrelles, Roca Mur y La Mola. Magn\u00edfico. Un enorme caser\u00f3n: Agramunt.<\/p>\n<p>En lugar de seguir el camino, me arriesgo a atajar por la loma cimera hac\u00eda el este. Una senda maltrecha que vuelve a desaparecer entre pinos, matorrales y escarpadas laderas terrosas. Hace que el caminar se relentice y sea torpe; pero enseguida a la izquierda aparece un marcado y amplio sendero, el original que seguiremos hac\u00eda el Castell de Pere. Dicho castillo lo encontramos en la cima de un promontorio rocoso, al final de una loma. El recorrido sigue en direcci\u00f3n sureste por toda la loma cimera, con el objetivo marcado en ese punto elevado y medio puntiagudo. Subimos sin saberlo, la Serra del Castell de Pera y bajamos al Coll de La Costa, girando y subiendo a la vez hac\u00eda el sur. La senda no tiene p\u00e9rdida y est\u00e1 muy bien marcada. Nos encontramos con otro poste se\u00f1alizador, de nuevo \u201cCastell de Pera\u201d. Las vistas, a pesar de lo descarnado de la monta\u00f1a por las se\u00f1ales inequ\u00edvocas de aquel pavoroso incendio, son verdes y bonitas, llegan a recordarme las monta\u00f1as mediterr\u00e1neas semi\u00e1ridas de Alicante, desprovistas de vegetaci\u00f3n arb\u00f3rea. De hecho, nos encontramos con gran cantidad de Jara y Romero, planta t\u00edpica mediterr\u00e1nea de lugares soleados, c\u00e1lidos y \u00e1ridos. De nuevo las vistas, a medida que vamos girando y buscando el Castell de Pera: aparte de las monta\u00f1as antes nombradas y que ahora van cambiado su perfil a medida que caminamos; los valles y sus casonas que los habitan: Agramunt, El Romeu. Predilectos lugares donde \u201cplantar\u201d una mas\u00eda donde vivir. Extraordinario.<\/p>\n<div id=\"attachment_21545\" style=\"width: 761px\" class=\"wp-caption aligncenter\"><a class=\"dt-single-image\" href=\"https:\/\/www.monta\u00f1asdelaluna.es\/wp-content\/uploads\/2015\/09\/Montcau13-137.jpg\" data-dt-img-description=\"\"><img loading=\"lazy\" decoding=\"async\" aria-describedby=\"caption-attachment-21545\" class=\"wp-image-21545 size-full\" src=\"https:\/\/www.monta\u00f1asdelaluna.es\/wp-content\/uploads\/2015\/09\/Montcau13-137.jpg\" alt=\"Abajo Agramunt bajo la Carena dels Emprius y el Montcau\" width=\"751\" height=\"563\" srcset=\"https:\/\/www.monta\u00f1asdelaluna.es\/wp-content\/uploads\/2015\/09\/Montcau13-137.jpg 751w, https:\/\/www.monta\u00f1asdelaluna.es\/wp-content\/uploads\/2015\/09\/Montcau13-137-300x225.jpg 300w\" sizes=\"auto, (max-width: 751px) 100vw, 751px\" \/><\/a><p id=\"caption-attachment-21545\" class=\"wp-caption-text\">Abajo Agramunt bajo la Carena dels Emprius y el Montcau<\/p><\/div>\n<p>Por fin llegamos a lo alto de la loma y a las ruinas del Castell de Pera. Un corredor de monta\u00f1a que nos hab\u00eda adelantado por la senda, se hab\u00eda subido a lo alto del promontorio. Es por eso que cuando llego y despu\u00e9s de admirar las pocas ruinas y el cartel informador de c\u00f3mo era el castillo, trepo por la corta pared, donde buenas presas te ayudan f\u00e1cilmente por el vertical roquedo, hasta llegar a lo m\u00e1s alto del lugar (736 mts.).<\/p>\n<p>Hago subir al resto de los compa\u00f1eros para hacernos la foto de grupo y de cima. \u201cLa fortalesa data del S. X i es pot distingir l\u2019antiga forma, aix\u00ed com el mur de ponent amb dues filades d\u2019espitlleres\u201d nos dice el libro de Rutes del Patrimoni Arquitect\u00f2nic, Xarxa de Parcs Naturals de la Diputaci\u00f3 de Barcelona. \u201cEl Castell constitu\u00efa el basti\u00f3 mes septentrional del Comtat de Barcelona\u2026\u201d\u00a0 El promontorio rocoso hace de magn\u00edfico mirador. Las vistas hac\u00eda el macizo Emprius-Montcau-La Mola es excepcional. Y el d\u00eda acompa\u00f1a mucho con el calorcillo y el solecillo, con solamente pocas nubes altas que no llegan a ensombrecer la marcha.<\/p>\n<div id=\"attachment_21546\" style=\"width: 761px\" class=\"wp-caption aligncenter\"><a class=\"dt-single-image\" href=\"https:\/\/www.monta\u00f1asdelaluna.es\/wp-content\/uploads\/2015\/09\/Montcau13-138.jpg\" data-dt-img-description=\"\"><img loading=\"lazy\" decoding=\"async\" aria-describedby=\"caption-attachment-21546\" class=\"wp-image-21546 size-full\" src=\"https:\/\/www.monta\u00f1asdelaluna.es\/wp-content\/uploads\/2015\/09\/Montcau13-138.jpg\" alt=\"Llegando al Castell de Pere\" width=\"751\" height=\"563\" srcset=\"https:\/\/www.monta\u00f1asdelaluna.es\/wp-content\/uploads\/2015\/09\/Montcau13-138.jpg 751w, https:\/\/www.monta\u00f1asdelaluna.es\/wp-content\/uploads\/2015\/09\/Montcau13-138-300x225.jpg 300w\" sizes=\"auto, (max-width: 751px) 100vw, 751px\" \/><\/a><p id=\"caption-attachment-21546\" class=\"wp-caption-text\">Llegando al Castell de Pere<\/p><\/div>\n<div id=\"attachment_21550\" style=\"width: 573px\" class=\"wp-caption aligncenter\"><a class=\"dt-single-image\" href=\"https:\/\/www.monta\u00f1asdelaluna.es\/wp-content\/uploads\/2015\/09\/Montcau13-146.jpg\" data-dt-img-description=\"\"><img loading=\"lazy\" decoding=\"async\" aria-describedby=\"caption-attachment-21550\" class=\"wp-image-21550 size-full\" src=\"https:\/\/www.monta\u00f1asdelaluna.es\/wp-content\/uploads\/2015\/09\/Montcau13-146.jpg\" alt=\"Castell de Pere\" width=\"563\" height=\"751\" srcset=\"https:\/\/www.monta\u00f1asdelaluna.es\/wp-content\/uploads\/2015\/09\/Montcau13-146.jpg 563w, https:\/\/www.monta\u00f1asdelaluna.es\/wp-content\/uploads\/2015\/09\/Montcau13-146-225x300.jpg 225w\" sizes=\"auto, (max-width: 563px) 100vw, 563px\" \/><\/a><p id=\"caption-attachment-21550\" class=\"wp-caption-text\">Castell de Pere<\/p><\/div>\n<p>Pero debemos bajar para seguir la excursi\u00f3n. Tenemos que bajar al Coll del Castell o Coll d\u2019Agramunt, que queda al este del Castell de Pere. Una senda entre la pared del monolito que hace de cumbre y el cartel-mapa del castillo, baja, bordeando la mole, hac\u00eda dicho collado. Seg\u00fan bajas de la enorme roca, te la encuentras a la derecha, y \u00e9sta te lleva hasta el cruce con un camino en el mismo collado. Estamos en la parte m\u00e1s alejada, en l\u00ednea recta, del lugar\u00a0 donde hemos dejado el coche, en el Coll d\u2019Estenalles, en la parte m\u00e1s al este del recorrido. Un cartel con varias direcciones; muy bien indicado. Hay varios caminos: podemos seguir la pista hac\u00eda el oeste intern\u00e1ndonos en el valle del Torrent del Romeu, o girar enseguida por otro camino menos marcado que sigue hac\u00eda el suroeste y desembocar en la misma pista del Torrent de Pregona, o (que es la que finalmente seguimos) seguir una senda hacia el sur y por la parte m\u00e1s alta de la loma de la Carena de La Muntada, despu\u00e9s de descubrir un poste indicador que pon\u00eda: \u201cLa Muntada SL-C 56\u201d. Atr\u00e1s dej\u00e1bamos la magn\u00edfica visi\u00f3n de la enorme roca que corona el Castell de Pere, que tiene la apariencia de un casco de gladiador romano.<\/p>\n<p>Seguimos en direcci\u00f3n totalmente sur por la parte m\u00e1s alta de la Carena de La Muntada. La vegetaci\u00f3n de matorral le\u00f1oso de un clima mediterr\u00e1neo semi\u00e1rido es abundante, t\u00edpica despu\u00e9s de un incendio. Al poco tiempo comenzamos a observar a nuestra derecha y bajo las moles, bosques y pendientes del Montcau, una extra\u00f1a y rojiza construcci\u00f3n: es el Marquet de Les Roques. Excepcional vista bajo las cuadradas Agulles de Finestrelles y las formas romas de las paredes del Montcau. Esta parte del recorrido me hace recordar algunas de las monta\u00f1as de mi tierra Alicante: laderas regidas por el implacable calor del sol, semidesnudas, con la \u00fanica sombra para aquellos que se arrastran a ras de suelo, y con un terreno en ocasiones \u00e1rido, de polvo y piedras sueltas\u2026 \u00a1Que recuerdos!<\/p>\n<div id=\"attachment_21552\" style=\"width: 761px\" class=\"wp-caption aligncenter\"><a class=\"dt-single-image\" href=\"https:\/\/www.monta\u00f1asdelaluna.es\/wp-content\/uploads\/2015\/09\/Montcau13-153.jpg\" data-dt-img-description=\"\"><img loading=\"lazy\" decoding=\"async\" aria-describedby=\"caption-attachment-21552\" class=\"wp-image-21552 size-full\" src=\"https:\/\/www.monta\u00f1asdelaluna.es\/wp-content\/uploads\/2015\/09\/Montcau13-153.jpg\" alt=\"Cima del Castell de Pere\" width=\"751\" height=\"563\" srcset=\"https:\/\/www.monta\u00f1asdelaluna.es\/wp-content\/uploads\/2015\/09\/Montcau13-153.jpg 751w, https:\/\/www.monta\u00f1asdelaluna.es\/wp-content\/uploads\/2015\/09\/Montcau13-153-300x225.jpg 300w\" sizes=\"auto, (max-width: 751px) 100vw, 751px\" \/><\/a><p id=\"caption-attachment-21552\" class=\"wp-caption-text\">Cima del Castell de Pere<\/p><\/div>\n<p>Un \u00faltimo vistazo a la magn\u00edfica imagen del Marquet de Les Roques con ese v\u00edvido color arcilla, y ese tetris de tejados cada mirando para una agua\u2026 bajo abruptas y bellas construcciones y pilares de la naturaleza que son las monta\u00f1as que lo rodea\u2026 Impresionante\u2026 Y enseguida la senda deja la loma cimera de la Carena de La Muntada (que entre otras cosas, llegaba ya a su fin) y baja girando un poco hac\u00eda la izquierda en busca de una construcci\u00f3n cerca del camino que recorre el fondo del valle, al que ahora bajamos: la Vall d\u2019Horta. Es La Muntada.<\/p>\n<p>Un bello roble nos saluda justo cuando la senda topa con la casa. \u00c1lex se resbala y cae al doblar el hermoso roble: se le ha salido el hombro de su sitio, pero enseguida se lo coloca de nuevo. \u00a1Vaya susto! Ahora bajamos a un lugar al cual se puede llegar en coche desde Sant Lloren\u00e7 Savall que queda muy cerca\u2026 lo digo por si alguno no pudiera seguir, como escape\u2026 Entre hermosos quercus en la salida de la mas\u00eda de La Muntada, doblamos y giramos hac\u00eda la derecha, el oeste-noroeste, en busca del fondo del valle, en busca de las se\u00f1alizaciones del G.R.-5, que de nuevo cogeremos, y que nos llevaran hasta el Marquet de Les Roques.[vc_separator][\/vc_column_text][\/vc_column][\/vc_row][vc_row][vc_column][vc_empty_space][\/vc_column][\/vc_row][vc_row][vc_column][vc_video link=\u00bbhttps:\/\/vimeo.com\/67838428#t=0s\u00bb title=\u00bbMontcau, Emprius, Castell de Pere, Marquet de Les Roques\u00bb][\/vc_column][\/vc_row][vc_row][vc_column][vc_empty_space][\/vc_column][\/vc_row][vc_row][vc_column][vc_column_text]Ahora el camino que seguimos y que nos lleva en direcci\u00f3n, de nuevo, a la monta\u00f1a, para en un puente sobre una riera sobrada de agua: el Torrent de la Font del Llor, que a partir de aqu\u00ed y aguas abajo ya llaman de La Vall d\u2019Horta. Hac\u00eda la derecha la pista se encamina hacia el interior de los valles de Can Brossa, El Romeu y Agramunt. Valles que hemos rodeado desde las alturas de nuestro recorrido. Junto al mismo puente por fin las agraciadas y aclaratorias se\u00f1ales y postes se\u00f1alizadores del G.R.-5. Sin p\u00e9rdida alguna seguimos las se\u00f1ales del G.R. hac\u00eda el Marquet de Les Roques (direcci\u00f3n Coll d\u2019Estenalles), hac\u00eda la monta\u00f1a, entre rincones muy hermosos de viva vegetaci\u00f3n junto al amplio y lleno de bonitos rincones, el Torrent de La Font del Llor, entre prados y \u00e1rboles de rivera\u2026Precioso. Antes hemos saltado la desembocadura del Torrent de Pregona, que tambi\u00e9n lleva agua clara y corredora.<\/p>\n<div id=\"attachment_21576\" style=\"width: 761px\" class=\"wp-caption aligncenter\"><a class=\"dt-single-image\" href=\"https:\/\/www.monta\u00f1asdelaluna.es\/wp-content\/uploads\/2015\/09\/Montcau13-193.jpg\" data-dt-img-description=\"\"><img loading=\"lazy\" decoding=\"async\" aria-describedby=\"caption-attachment-21576\" class=\"wp-image-21576 size-full\" src=\"https:\/\/www.monta\u00f1asdelaluna.es\/wp-content\/uploads\/2015\/09\/Montcau13-193.jpg\" alt=\"Marquet de Les Roques\" width=\"751\" height=\"563\" srcset=\"https:\/\/www.monta\u00f1asdelaluna.es\/wp-content\/uploads\/2015\/09\/Montcau13-193.jpg 751w, https:\/\/www.monta\u00f1asdelaluna.es\/wp-content\/uploads\/2015\/09\/Montcau13-193-300x225.jpg 300w\" sizes=\"auto, (max-width: 751px) 100vw, 751px\" \/><\/a><p id=\"caption-attachment-21576\" class=\"wp-caption-text\">Marquet de Les Roques<\/p><\/div>\n<p>De entre la vegetaci\u00f3n aparece la original construcci\u00f3n del Marquet de Les Roques. A medida que nos acercamos a ella la vamos admirando y fotografiando, con todos sus perfiles y bellezas. El camino pasa justo por debajo de la misma, y cruza al otro lado donde tiene la puerta de entrada al patio. Es bonita y original. Es como un bello intento de casa de hadas que salen en los imaginativos y fant\u00e1sticos cuentos: tejados a varias aguas, ladrillo rojo oscuro arcilloso a cara vista, balcones con planta redonda, palomar o mirador alto y esbelto\u2026 \u201cespectacular casa neorom\u00e0ntica, obra de l\u2019arquitecte Juli Batllevell (deixeble de Dom\u00e8nech i Montaner i ajudant de Gaud\u00ed en diversos edificis)\u2026 aixecat a partir de 1.895 sobre les bases d\u2019una mas\u00eda del segle XIII\u2026 avui es patrimoni de la Diputaci\u00f3 de Barcelona, es punt d\u2019informaci\u00f3 del parc\u2026\u201d nos dice el libro de Rutes del Patrimoni Arquitect\u00f2nic, Xarxa de Parcs Naturals de la Diputaci\u00f3 de Barcelona.<\/p>\n<p>La puerta-verja est\u00e1 cerrada, y nos paramos bajo la sombra de las encinas a la vera del camino para comer. Hace tiempo que mis compa\u00f1eros ya me preguntaban d\u00f3nde \u00edbamos a comer. \u00a1Que buena siesta despu\u00e9s de la comida nos hubi\u00e9ramos echado! Pero despu\u00e9s de risas e hinchar la pancha, debemos seguir que a\u00fan queda la parte menos c\u00f3moda del recorrido: subir al Coll d\u2019Eres y al Montcau.<\/p>\n<div id=\"attachment_21582\" style=\"width: 573px\" class=\"wp-caption aligncenter\"><a class=\"dt-single-image\" href=\"https:\/\/www.monta\u00f1asdelaluna.es\/wp-content\/uploads\/2015\/09\/Montcau13-205.jpg\" data-dt-img-description=\"\"><img loading=\"lazy\" decoding=\"async\" aria-describedby=\"caption-attachment-21582\" class=\"wp-image-21582 size-full\" src=\"https:\/\/www.monta\u00f1asdelaluna.es\/wp-content\/uploads\/2015\/09\/Montcau13-205.jpg\" alt=\"Subiendo a la Font de Llor\" width=\"563\" height=\"751\" srcset=\"https:\/\/www.monta\u00f1asdelaluna.es\/wp-content\/uploads\/2015\/09\/Montcau13-205.jpg 563w, https:\/\/www.monta\u00f1asdelaluna.es\/wp-content\/uploads\/2015\/09\/Montcau13-205-225x300.jpg 225w\" sizes=\"auto, (max-width: 563px) 100vw, 563px\" \/><\/a><p id=\"caption-attachment-21582\" class=\"wp-caption-text\">Subiendo a la Font de Llor<\/p><\/div>\n<div id=\"attachment_21585\" style=\"width: 761px\" class=\"wp-caption aligncenter\"><a class=\"dt-single-image\" href=\"https:\/\/www.monta\u00f1asdelaluna.es\/wp-content\/uploads\/2015\/09\/Montcau13-213.jpg\" data-dt-img-description=\"\"><img loading=\"lazy\" decoding=\"async\" aria-describedby=\"caption-attachment-21585\" class=\"wp-image-21585 size-full\" src=\"https:\/\/www.monta\u00f1asdelaluna.es\/wp-content\/uploads\/2015\/09\/Montcau13-213.jpg\" alt=\"Font de Llor\" width=\"751\" height=\"563\" srcset=\"https:\/\/www.monta\u00f1asdelaluna.es\/wp-content\/uploads\/2015\/09\/Montcau13-213.jpg 751w, https:\/\/www.monta\u00f1asdelaluna.es\/wp-content\/uploads\/2015\/09\/Montcau13-213-300x225.jpg 300w\" sizes=\"auto, (max-width: 751px) 100vw, 751px\" \/><\/a><p id=\"caption-attachment-21585\" class=\"wp-caption-text\">Font de Llor<\/p><\/div>\n<p>Seguimos las se\u00f1alizaciones del G.R.-5 hac\u00eda el oeste, suroeste, en direcci\u00f3n a la monta\u00f1a y al valle boscoso bajo las vertientes del Montcau. Atr\u00e1s dejamos la casona del Marquet de Les Roques y sus m\u00e1gicas formas. Delante el macizo del Montcau y todo su desnivel que salvar hasta el Coll d\u2019Eres. El camino gira cruzando el Torrent de la Font del Llor hac\u00eda la izquierda por un puente, cuando a la derecha y junto a una caseta, sube una ancha senda y las se\u00f1ales del G.R. nos indicaban que sigui\u00e9ramos por ah\u00ed. La vegetaci\u00f3n es exuberante y frondosa en la subida por la ancha senda, magn\u00edfico. Y poco a poco la marcha va dejando las planicies del fondo del valle para comenzar a subir poco a poco por la marcada senda. El lugar comienza a ser hermoso por la sana vegetaci\u00f3n. Seguramente el pavoroso incendio de hace 10 a\u00f1os no lleg\u00f3 a pasar m\u00e1s all\u00e1 del Marquet de Les Roques.<\/p>\n<p>Poco m\u00e1s arriba nos encontramos con el cruce de sendas que nos lleva a la fuente que d\u00e1 nombre al torrente que baja por el Marquet de Les Roques hac\u00eda Sant LLoren\u00e7 Savall. A la izquierda y cruzando el arroyo con dulce y ruidosa agua, unas escalerillas de piedra bajo un t\u00fanel de frondosa vegetaci\u00f3n, nos lleva hasta la peque\u00f1a explanada y chorrito de agua de la Font del Llor. Los alrededores del lugar son sumamente frondosos y selv\u00e1ticos y el sonido de\u00a0 la ca\u00edda del agua le hac\u00eda ser un sitio id\u00edlico para la contemplaci\u00f3n. Recargamos agua. Volvemos a la senda marcada con el G.R. y seguimos el camino de subida al Coll d\u2019Eres, pero antes pasar\u00edamos por el Collet del Llor, por el que ya hab\u00edamos pasado esta ma\u00f1ana.<\/p>\n<div id=\"attachment_21596\" style=\"width: 761px\" class=\"wp-caption aligncenter\"><a class=\"dt-single-image\" href=\"https:\/\/www.monta\u00f1asdelaluna.es\/wp-content\/uploads\/2015\/09\/Montcau13-235.jpg\" data-dt-img-description=\"\"><img loading=\"lazy\" decoding=\"async\" aria-describedby=\"caption-attachment-21596\" class=\"wp-image-21596 size-full\" src=\"https:\/\/www.monta\u00f1asdelaluna.es\/wp-content\/uploads\/2015\/09\/Montcau13-235.jpg\" alt=\"Anna en el Collet de Llor\" width=\"751\" height=\"563\" srcset=\"https:\/\/www.monta\u00f1asdelaluna.es\/wp-content\/uploads\/2015\/09\/Montcau13-235.jpg 751w, https:\/\/www.monta\u00f1asdelaluna.es\/wp-content\/uploads\/2015\/09\/Montcau13-235-300x225.jpg 300w\" sizes=\"auto, (max-width: 751px) 100vw, 751px\" \/><\/a><p id=\"caption-attachment-21596\" class=\"wp-caption-text\">Anna en el Collet de Llor<\/p><\/div>\n<div id=\"attachment_21597\" style=\"width: 761px\" class=\"wp-caption aligncenter\"><a class=\"dt-single-image\" href=\"https:\/\/www.monta\u00f1asdelaluna.es\/wp-content\/uploads\/2015\/09\/Montcau13-237.jpg\" data-dt-img-description=\"\"><img loading=\"lazy\" decoding=\"async\" aria-describedby=\"caption-attachment-21597\" class=\"wp-image-21597 size-full\" src=\"https:\/\/www.monta\u00f1asdelaluna.es\/wp-content\/uploads\/2015\/09\/Montcau13-237.jpg\" alt=\"Collet de Llor\" width=\"751\" height=\"563\" srcset=\"https:\/\/www.monta\u00f1asdelaluna.es\/wp-content\/uploads\/2015\/09\/Montcau13-237.jpg 751w, https:\/\/www.monta\u00f1asdelaluna.es\/wp-content\/uploads\/2015\/09\/Montcau13-237-300x225.jpg 300w\" sizes=\"auto, (max-width: 751px) 100vw, 751px\" \/><\/a><p id=\"caption-attachment-21597\" class=\"wp-caption-text\">Collet de Llor<\/p><\/div>\n<p>La senda est\u00e1 muy marcada y f\u00e1cil de seguir, pero en continua subida. Pasa por lugares frondosos de vegetaci\u00f3n, bellos, y cuando la misma se despeja, nos ofrece unas vistas espectaculares de todo este circo de bosque, paredes y escarpes: arriba se observa la forma del Coll d\u2019Eres al final de un frondoso valle selv\u00e1tico de exuberante vegetaci\u00f3n, eso s\u00ed, vertical; detr\u00e1s nuestro o mirando hacia el sureste, por el valle abierto, la Roca Mur nos ofrece otra espectacular imagen, ese pin\u00e1culo casi sacado del famoso parque Monument Valley de Arizona, como ya he nombrado antes, pero en lugar de desierto y paredes lisas y verticales, paredes romas conglomeradas y bosques frondosos en sus laderas\u2026 hermoso. Pero las laderas del Montcau no se quedan cortas: hermosas paredes abruptas y conglomeradas, con pasillos de bosques, como ya pudimos recorrer al comienzo de la excursi\u00f3n.<\/p>\n<p>Por fin, despu\u00e9s de coger altura notable por la marcada senda, llegamos a la abierta semiplanicie del Collet del Llor. De nuevo se quedan a nuestra espalda las escarpadas y cuadradas paredes y formas de las Agulles de Finestrelles, seguida de la Carena dels Emprius. Delante, m\u00e1s vertientes espectaculares del Montcau y el marcado valle de frondoso bosque que desde la Font del Llor sube directo al Coll d\u2019Eres. Realmente mi idea era subir directamente al Coll d\u2019Eres justamente por una senda que sal\u00eda a la izquierda en la Font de Llor y sub\u00eda por este valle hasta el mismo Coll d\u2019Eres, dejando de lado el Collet de Llor. Subiendo directamente por lo que llaman la Canal del Llor. Pero por la pesadez del camino que a\u00fan quedaba, decid\u00ed seguir por el G.R. ya que, aunque la subida es m\u00e1s larga, era menos empinada y m\u00e1s c\u00f3moda, menos vertical.<\/p>\n<div id=\"attachment_21600\" style=\"width: 761px\" class=\"wp-caption aligncenter\"><a class=\"dt-single-image\" href=\"https:\/\/www.monta\u00f1asdelaluna.es\/wp-content\/uploads\/2015\/09\/Montcau13-243.jpg\" data-dt-img-description=\"\"><img loading=\"lazy\" decoding=\"async\" aria-describedby=\"caption-attachment-21600\" class=\"wp-image-21600 size-full\" src=\"https:\/\/www.monta\u00f1asdelaluna.es\/wp-content\/uploads\/2015\/09\/Montcau13-243.jpg\" alt=\"Subiendo al Coll d'Eres\" width=\"751\" height=\"563\" srcset=\"https:\/\/www.monta\u00f1asdelaluna.es\/wp-content\/uploads\/2015\/09\/Montcau13-243.jpg 751w, https:\/\/www.monta\u00f1asdelaluna.es\/wp-content\/uploads\/2015\/09\/Montcau13-243-300x225.jpg 300w\" sizes=\"auto, (max-width: 751px) 100vw, 751px\" \/><\/a><p id=\"caption-attachment-21600\" class=\"wp-caption-text\">Subiendo al Coll d&#8217;Eres<\/p><\/div>\n<p>Seguimos la marcada senda del G.R. y desde el Collet del Llor giramos hac\u00eda esa parte m\u00e1s baja del macizo hac\u00eda el suroeste-sur, en busca de la Canal del Llor y el Coll d\u2019Eres. Si hubi\u00e9ramos cogido aquella senda que sal\u00eda desde la Font del Llor, nos hubi\u00e9ramos ahorrado esta vuelta. Ahora la senda es m\u00e1s suave, menos inclinada, pero a\u00fan debemos salvar un visible desnivel. Nos metemos por lugares cada vez m\u00e1s frondosos y de ejemplares m\u00e1s antiguos, m\u00e1s viejos, m\u00e1s asombrosos en un bosque de encinas, sureres y robles. De nuevo, una mirada atr\u00e1s, all\u00ed dejamos las Agulles de Finestrelles, roca sobre roca, paredes y formas como de mand\u00edbula gigante mellada. Tambi\u00e9n, mirando hac\u00eda el fondo del valle, queda all\u00e1 abajo la magn\u00edfica casa rojizarcillosa entre los verdes de la naturaleza que la rodea, la casona del Marquet de Les Roques.<\/p>\n<p>Poco antes de llegar al Coll d\u2019Eres, la senda nos lleva por un espectacular lugar de frondosos bosques y magn\u00edficos ejemplares. Hago fotos a cada ejemplar como si fuera la estrella y modelo de mis escenarios, mientras voy esperando a Anna que se retrasa algo, y vamos llegando al famoso Coll d\u2019Eres\u2026 m\u00e1gicos lugares. Despu\u00e9s de rodear un magn\u00edfico ejemplar de roble, la senda nos deja en la transitada planicie del Coll d\u2019Eres, con sus espectaculares robles rodeando y habitando el lugar.<\/p>\n<div id=\"attachment_21607\" style=\"width: 573px\" class=\"wp-caption aligncenter\"><a class=\"dt-single-image\" href=\"https:\/\/www.monta\u00f1asdelaluna.es\/wp-content\/uploads\/2015\/09\/Montcau13-257.jpg\" data-dt-img-description=\"\"><img loading=\"lazy\" decoding=\"async\" aria-describedby=\"caption-attachment-21607\" class=\"wp-image-21607 size-full\" src=\"https:\/\/www.monta\u00f1asdelaluna.es\/wp-content\/uploads\/2015\/09\/Montcau13-257.jpg\" alt=\"Llegando al Coll d'Eres\" width=\"563\" height=\"751\" srcset=\"https:\/\/www.monta\u00f1asdelaluna.es\/wp-content\/uploads\/2015\/09\/Montcau13-257.jpg 563w, https:\/\/www.monta\u00f1asdelaluna.es\/wp-content\/uploads\/2015\/09\/Montcau13-257-225x300.jpg 225w\" sizes=\"auto, (max-width: 563px) 100vw, 563px\" \/><\/a><p id=\"caption-attachment-21607\" class=\"wp-caption-text\">Llegando al Coll d&#8217;Eres<\/p><\/div>\n<div id=\"attachment_21610\" style=\"width: 761px\" class=\"wp-caption aligncenter\"><a class=\"dt-single-image\" href=\"https:\/\/www.monta\u00f1asdelaluna.es\/wp-content\/uploads\/2015\/09\/Montcau13-260.jpg\" data-dt-img-description=\"\"><img loading=\"lazy\" decoding=\"async\" aria-describedby=\"caption-attachment-21610\" class=\"wp-image-21610 size-full\" src=\"https:\/\/www.monta\u00f1asdelaluna.es\/wp-content\/uploads\/2015\/09\/Montcau13-260.jpg\" alt=\"Llegando al Coll d'Eres\" width=\"751\" height=\"563\" srcset=\"https:\/\/www.monta\u00f1asdelaluna.es\/wp-content\/uploads\/2015\/09\/Montcau13-260.jpg 751w, https:\/\/www.monta\u00f1asdelaluna.es\/wp-content\/uploads\/2015\/09\/Montcau13-260-300x225.jpg 300w\" sizes=\"auto, (max-width: 751px) 100vw, 751px\" \/><\/a><p id=\"caption-attachment-21610\" class=\"wp-caption-text\">Llegando al Coll d&#8217;Eres<\/p><\/div>\n<p>El grupo se ha parado a esperarnos. Anna y yo vamos algo m\u00e1s retrasados, es algo paliza para Anna esta subida final de actividad despu\u00e9s de estar toda la ma\u00f1ana y mediod\u00eda con sol y calor, de marcha. Descansamos y hablamos. \u00bfQu\u00e9 toca ahora? Pues subir a otra de las \u201cestrellas\u201d y objetivos de la marcha: el Montcau. El punto m\u00e1s alto de los alrededores y recorridos en la excursi\u00f3n. Aconsejo a Anna, que sigue cansada, que en lugar de subir al Montcau que siga la pista, que despu\u00e9s se asfalta, hasta directamente el Coll d\u2019Estenalles que es donde tenemos el coche y comenz\u00f3 esta curiosa marcha. Esta pista sigue justo al otro lado y enfrente desde donde hemos salido al Coll d\u2019Eres, y bordea con numerosas curvas que sortean las laderas de la mole del Montcau por su vertiente sur. Aqu\u00ed ya nos encontramos a gente: excursionistas, turistas, caminantes\u2026 que desde el camino de La Mola, pasan por el Coll d\u2019Eres en direcci\u00f3n al Coll d\u2019Estenalles. Ya nos sentimos un poco m\u00e1s abrigados o agobiados por el \u201ctumulto\u201d o la civilizaci\u00f3n.<\/p>\n<p>Mientras Anna coge el camino f\u00e1cil, llano y sin p\u00e9rdida hac\u00eda el Coll d\u2019Estenalles, nosotros emprendemos la subida final hac\u00eda la c\u00f3nica y conglomerada cima del Montcau. Salimos hac\u00eda el norte y derecha, desde el punto que salimos al Coll d\u2019Eres, para coger la subida normal al Montcau. Pero no hay p\u00e9rdida, los postes se\u00f1alizadores no nos enga\u00f1an. Al principio son unas f\u00e1ciles escaleras de piedra construidas para facilitar a los turistas m\u00e1s que a los\u00a0 monta\u00f1eros, la subida a la monta\u00f1a. Despu\u00e9s cogemos la loma cimera y caminando hacia el norte por unas laderas despejadas, pedregosas y terrosas. Pocos matorrales nos encontramos entre los suelos rocosos de conglomerados. El paisaje se ampl\u00eda mientras vamos cogiendo altura y las vistas son impresionantes: detr\u00e1s nuestro, al otro lado del genial y formidable bosque, est\u00e1 La Mola, y desde la lejan\u00eda, el min\u00fasculo monasterio en su cima; mirando hacia el oeste e izquierda las hermosas vertientes del Coll d\u2019Estenalles, La Mata con sus verdores de diferentes tonos, y la Sierra de l\u2019Obac, y detr\u00e1s de ellos, Montserrat con su sorprendente y muy reconocible perfil.<\/p>\n<div id=\"attachment_21611\" style=\"width: 761px\" class=\"wp-caption aligncenter\"><a class=\"dt-single-image\" href=\"https:\/\/www.monta\u00f1asdelaluna.es\/wp-content\/uploads\/2015\/09\/Montcau13-261.jpg\" data-dt-img-description=\"\"><img loading=\"lazy\" decoding=\"async\" aria-describedby=\"caption-attachment-21611\" class=\"wp-image-21611 size-full\" src=\"https:\/\/www.monta\u00f1asdelaluna.es\/wp-content\/uploads\/2015\/09\/Montcau13-261.jpg\" alt=\"Coll d'Eres\" width=\"751\" height=\"563\" srcset=\"https:\/\/www.monta\u00f1asdelaluna.es\/wp-content\/uploads\/2015\/09\/Montcau13-261.jpg 751w, https:\/\/www.monta\u00f1asdelaluna.es\/wp-content\/uploads\/2015\/09\/Montcau13-261-300x225.jpg 300w\" sizes=\"auto, (max-width: 751px) 100vw, 751px\" \/><\/a><p id=\"caption-attachment-21611\" class=\"wp-caption-text\">Coll d&#8217;Eres<\/p><\/div>\n<p>En la subida al Montcau observamos que han cercado con cuerdas la senda o camino que sube a su cima para proteger el terreno externo al mismo, no debemos salirnos de entre los cordeles, ya que el terreno conglomerado pedregoso es delicado y fr\u00e1gil al paso de cientos de curiosos. El Montcau es una monta\u00f1a c\u00f3nica con forma de pagoda casi perfecta. En ocasiones vertical, muy rocosa y excepcional. Despu\u00e9s de una subida algo m\u00e1s vertical y rocosa en la que m\u00e1s de uno debe apoyar las manos, llegamos a la curiosa cima del Montcau (1.056 mts.). Detr\u00e1s nuestro quedaba el magn\u00edfico manto de diferentes tonalidades verdosas muy vivas, enorme y magn\u00edfico, hasta un punto alejado al otro lado del mismo con una peque\u00f1a construcci\u00f3n en su cima: La Mola.<\/p>\n<p>Ya estamos todos en la cima. Fotos a las vistas. Fotos de grupo\u2026 la marcha est\u00e1 siendo muy completa, el d\u00eda perfecto y las vistas extraordinarias. Entre Montserrat al oeste y el Montseny al este, las vistas son magn\u00edficas. Una extra\u00f1a silla con avispas o abejas alrededor, es objeto de nuestra curiosidad. Un especial asiento de madera y vigilancia con un peque\u00f1o techo y todo, \u201c\u00a1No te acerques! hay abejas\u201d.<\/p>\n<div id=\"attachment_21621\" style=\"width: 761px\" class=\"wp-caption aligncenter\"><a class=\"dt-single-image\" href=\"https:\/\/www.monta\u00f1asdelaluna.es\/wp-content\/uploads\/2015\/09\/Montcau13-277.jpg\" data-dt-img-description=\"\"><img loading=\"lazy\" decoding=\"async\" aria-describedby=\"caption-attachment-21621\" class=\"wp-image-21621 size-full\" src=\"https:\/\/www.monta\u00f1asdelaluna.es\/wp-content\/uploads\/2015\/09\/Montcau13-277.jpg\" alt=\"Subiendo al Montcau\" width=\"751\" height=\"563\" srcset=\"https:\/\/www.monta\u00f1asdelaluna.es\/wp-content\/uploads\/2015\/09\/Montcau13-277.jpg 751w, https:\/\/www.monta\u00f1asdelaluna.es\/wp-content\/uploads\/2015\/09\/Montcau13-277-300x225.jpg 300w\" sizes=\"auto, (max-width: 751px) 100vw, 751px\" \/><\/a><p id=\"caption-attachment-21621\" class=\"wp-caption-text\">Subiendo al Montcau<\/p><\/div>\n<div id=\"attachment_21622\" style=\"width: 761px\" class=\"wp-caption aligncenter\"><a class=\"dt-single-image\" href=\"https:\/\/www.monta\u00f1asdelaluna.es\/wp-content\/uploads\/2015\/09\/Montcau13-280.jpg\" data-dt-img-description=\"\"><img loading=\"lazy\" decoding=\"async\" aria-describedby=\"caption-attachment-21622\" class=\"wp-image-21622 size-full\" src=\"https:\/\/www.monta\u00f1asdelaluna.es\/wp-content\/uploads\/2015\/09\/Montcau13-280.jpg\" alt=\"Subiendo al Montcau\" width=\"751\" height=\"563\" srcset=\"https:\/\/www.monta\u00f1asdelaluna.es\/wp-content\/uploads\/2015\/09\/Montcau13-280.jpg 751w, https:\/\/www.monta\u00f1asdelaluna.es\/wp-content\/uploads\/2015\/09\/Montcau13-280-300x225.jpg 300w\" sizes=\"auto, (max-width: 751px) 100vw, 751px\" \/><\/a><p id=\"caption-attachment-21622\" class=\"wp-caption-text\">Subiendo al Montcau<\/p><\/div>\n<p>Debemos bajar. Anna casi que ya habr\u00e1 llegado al pl\u00e1cido y concurrido Coll d\u2019Estenalles. Esta vez no desandaremos el camino: bajaremos la ladera cimera y rocosa casi vertical y pedregosa hasta la base de la misma. Aqu\u00ed en lugar de seguir la loma por la que hab\u00edamos subido desde el Coll d\u2019Eres, en direcci\u00f3n sur, giraremos hac\u00eda el oeste y seguidamente suroeste, por la loma de arriba del Rac\u00f3 de la Cova del Bisbe. Loma que une directamente la cima del Montcau con el Coll d\u2019Estenalles. Mientras bajamos volvemos la vista hacia la derecha y norte y nos volvemos a sorprender con la mole de Els Cortins, y detr\u00e1s La Falconera m\u00e1s abajo\u2026 primeras monta\u00f1as admiradas esta ma\u00f1ana al comienzo de la ruta. Al acercarnos al Coll d\u2019Estella, lugar donde se une nuestro camino con el que viene del Coll d\u2019Eres, miramos hacia atr\u00e1s y nos sorprendemos con la magn\u00edfica y perfecta forma de pagoda del Montcau; con su punta casi esbelta pero roma\u2026 como uno de esos sombreros orientales de amplia ala. Hermoso.<\/p>\n<div id=\"attachment_21624\" style=\"width: 761px\" class=\"wp-caption aligncenter\"><a class=\"dt-single-image\" href=\"https:\/\/www.monta\u00f1asdelaluna.es\/wp-content\/uploads\/2015\/09\/Montcau13-284.jpg\" data-dt-img-description=\"\"><img loading=\"lazy\" decoding=\"async\" aria-describedby=\"caption-attachment-21624\" class=\"wp-image-21624 size-full\" src=\"https:\/\/www.monta\u00f1asdelaluna.es\/wp-content\/uploads\/2015\/09\/Montcau13-284.jpg\" alt=\"Cima del Montcau (1.056 mts.)\" width=\"751\" height=\"563\" srcset=\"https:\/\/www.monta\u00f1asdelaluna.es\/wp-content\/uploads\/2015\/09\/Montcau13-284.jpg 751w, https:\/\/www.monta\u00f1asdelaluna.es\/wp-content\/uploads\/2015\/09\/Montcau13-284-300x225.jpg 300w\" sizes=\"auto, (max-width: 751px) 100vw, 751px\" \/><\/a><p id=\"caption-attachment-21624\" class=\"wp-caption-text\">Cima del Montcau (1.056 mts.)<\/p><\/div>\n<p>Finalmente por el asfaltado camino que viene del Coll d\u2019Eres llegamos hasta el puesto y casa de informaci\u00f3n del parque en el Coll d\u2019Estenalles, donde tenemos los coches aparcados. Son las 6 de la tarde; hemos estado unas 9 horas con paradas y todo. Pero la marcha ha sido sensacional, muy completa y magn\u00edfica: historia, arquitectura, monta\u00f1a y agua, de todo en un recorrido peculiar y asombroso. Una ruta excepcional. Conglomerados, robles, paredes, nichos y muelas\u2026 todo un conjunto extra\u00f1o de palabras que dan a la actividad y lugares un aspecto m\u00e1gico, extraordinario y hermoso.<\/p>\n<div id=\"attachment_21643\" style=\"width: 884px\" class=\"wp-caption aligncenter\"><a class=\"dt-single-image\" href=\"https:\/\/www.monta\u00f1asdelaluna.es\/wp-content\/uploads\/2013\/06\/mapa.montcau.croquis.jpg\" data-dt-img-description=\"\"><img loading=\"lazy\" decoding=\"async\" aria-describedby=\"caption-attachment-21643\" class=\"wp-image-21643 size-full\" src=\"https:\/\/www.monta\u00f1asdelaluna.es\/wp-content\/uploads\/2013\/06\/mapa.montcau.croquis.jpg\" alt=\"Croquis del recorrido por el Montcau, Emprius, Castell de Pere y Marquet de Les Roques. Punto Rojo: yacimiento megal\u00edtico.\" width=\"874\" height=\"914\" srcset=\"https:\/\/www.monta\u00f1asdelaluna.es\/wp-content\/uploads\/2013\/06\/mapa.montcau.croquis.jpg 874w, https:\/\/www.monta\u00f1asdelaluna.es\/wp-content\/uploads\/2013\/06\/mapa.montcau.croquis-287x300.jpg 287w\" sizes=\"auto, (max-width: 874px) 100vw, 874px\" \/><\/a><p id=\"caption-attachment-21643\" class=\"wp-caption-text\">Croquis del recorrido por el Montcau, Emprius, Castell de Pere y Marquet de Les Roques. Punto Rojo: yacimiento megal\u00edtico.<\/p><\/div>\n<p>[\/vc_column_text][\/vc_column][\/vc_row][vc_row][vc_column][vc_empty_space height=\u00bb60px\u00bb][\/vc_column][\/vc_row][vc_row][vc_column][vc_cta h2=\u00bb\u00c1lbum de fotos\u00bb txt_align=\u00bbcenter\u00bb add_button=\u00bbbottom\u00bb btn_title=\u00bbVer fotos\u00bb btn_color=\u00bbwarning\u00bb btn_align=\u00bbcenter\u00bb btn_link=\u00bburl:https%3A%2F%2Fmonta%C3%B1asdelaluna.es%2F%3Fdt_gallery%3Dmontcau-emprius-castell-de-pere-marquet-de-les-roques-1o-parte-2|title:Montcau%2C%20Emprius%2C%20Castell%20de%20Pere%2C%20Marquet%20de%20Les%20Roques.%201%C2%BA%20parte|target:_blank\u00bb css=\u00bb.vc_custom_1625819636278{background-color: #8bc4ed !important;}\u00bb]Puedes ver una 1\u00ba parte de las fotos del relato y actividad en forma de presentaci\u00f3n o individuales pinchando aqui \u00a1No te las pierdas![\/vc_cta][\/vc_column][\/vc_row][vc_row][vc_column][vc_empty_space][\/vc_column][\/vc_row][vc_row][vc_column][vc_cta h2=\u00bb\u00c1lbum de fotos\u00bb txt_align=\u00bbcenter\u00bb add_button=\u00bbbottom\u00bb btn_title=\u00bbVer fotos\u00bb btn_color=\u00bbwarning\u00bb btn_align=\u00bbcenter\u00bb btn_link=\u00bburl:https%3A%2F%2Fmonta%C3%B1asdelaluna.es%2F%3Fdt_gallery%3Dmontcau-emprius-castell-de-pere-marquet-de-les-roques-2o-parte-2|title:Montcau%2C%20Emprius%2C%20Castell%20de%20Pere%2C%20Marquet%20de%20Les%20Roques.%202%C2%BA%20parte|target:_blank\u00bb css=\u00bb.vc_custom_1625819651543{background-color: #8bc4ed !important;}\u00bb]Puedes ver una 2\u00ba parte de las fotos del relato y actividad en forma de presentaci\u00f3n o individuales pinchando aqui \u00a1No te las pierdas![\/vc_cta][\/vc_column][\/vc_row][vc_row][vc_column][vc_empty_space height=\u00bb60px\u00bb][\/vc_column][\/vc_row][vc_row][vc_column width=\u00bb1\/3&#8243;][\/vc_column][vc_column width=\u00bb1\/2&#8243;][vc_column_text]<\/p>\n<p>Tiempo en el Montcau<\/p>\n<p>[\/vc_column_text][vc_raw_html]<\/p>\n<p>JTNDaWZyYW1lJTIwc3JjJTNEJTIyaHR0cHMlM0ElMkYlMkZ3d3cubWV0ZW9ibHVlLmNvbSUyRmVzJTJGdGllbXBvJTJGd2lkZ2V0JTJGZGFpbHklMkY0MS42NzVOMi4wMDVFJTNGZGF5cyUzRDclMjZ0ZW1wdW5pdCUzRENFTFNJVVMlMjZ3aW5kdW5pdCUzREtJTE9NRVRFUl9QRVJfSE9VUiUyNnBpY3RvaWNvbiUzRDElMjZtYXh0ZW1wZXJhdHVyZSUzRDElMjZtaW50ZW1wZXJhdHVyZSUzRDElMjZ3aW5kc3BlZWQlM0QxJTI2d2luZGd1c3QlM0QxJTI2d2luZGRpcmVjdGlvbiUzRDElMjZwcmVjaXBpdGF0aW9uJTNEMSUyNnByZWNpcGl0YXRpb25wcm9iYWJpbGl0eSUzRDElMjZzcG90JTNEMSUyNnByZXNzdXJlJTNEMSUyNmxheW91dCUzRGxpZ2h0JTIyJTIwJTIwZnJhbWVib3JkZXIlM0QlMjIwJTIyJTIwc2Nyb2xsaW5nJTNEJTIyTk8lMjIlMjBhbGxvd3RyYW5zcGFyZW5jeSUzRCUyMnRydWUlMjIlMjBzdHlsZSUzRCUyMndpZHRoJTNBJTIwMzc4cHglM0JoZWlnaHQlM0ElMjAzODFweCUyMiUzRSUzQyUyRmlmcmFtZSUzRSUzQ2RpdiUzRSUzQyUyMS0tJTIwRE8lMjBOT1QlMjBSRU1PVkUlMjBUSElTJTIwTElOSyUyMC0tJTNFJTNDYSUyMGhyZWYlM0QlMjJodHRwcyUzQSUyRiUyRnd3dy5tZXRlb2JsdWUuY29tJTJGZXMlMkZ0aWVtcG8lMkZwcm9ub3N0aWNvJTJGc2VtYW5hJTJGNDEuNjc1TjIuMDA1RSUyMiUyMHRhcmdldCUzRCUyMl9ibGFuayUyMiUzRW1ldGVvYmx1ZSUzQyUyRmElM0UlM0MlMkZkaXYlM0U=<\/p>\n<p>[\/vc_raw_html][\/vc_column][vc_column width=\u00bb1\/5&#8243;][\/vc_column][\/vc_row]<\/p>\n","protected":false},"excerpt":{"rendered":"<p>[vc_row][vc_column][vc_column_text]La idea era hacer un recorrido que pasara por algunos lugares emblem\u00e1ticos del Parque Natural de Sant LLoren\u00e7 del Munt i l\u2019Obac, rese\u00f1ados en la gu\u00eda de Rutes de Patrimoni Arquitect\u00f2nic de la Xarxa de Parcs Naturals de la Diputaci\u00f3 de Barcelona: el Castell de Pere y la casona del Marquet de Les Roques\u2026 y&hellip;<\/p>\n","protected":false},"author":1,"featured_media":21482,"comment_status":"open","ping_status":"open","sticky":false,"template":"","format":"standard","meta":[],"categories":[51],"tags":[],"class_list":["post-21640","post","type-post","status-publish","format-standard","has-post-thumbnail","hentry","category-sant-llorenc-del-munt","category-51","description-off"],"_links":{"self":[{"href":"https:\/\/www.monta\u00f1asdelaluna.es\/index.php?rest_route=\/wp\/v2\/posts\/21640","targetHints":{"allow":["GET"]}}],"collection":[{"href":"https:\/\/www.monta\u00f1asdelaluna.es\/index.php?rest_route=\/wp\/v2\/posts"}],"about":[{"href":"https:\/\/www.monta\u00f1asdelaluna.es\/index.php?rest_route=\/wp\/v2\/types\/post"}],"author":[{"embeddable":true,"href":"https:\/\/www.monta\u00f1asdelaluna.es\/index.php?rest_route=\/wp\/v2\/users\/1"}],"replies":[{"embeddable":true,"href":"https:\/\/www.monta\u00f1asdelaluna.es\/index.php?rest_route=%2Fwp%2Fv2%2Fcomments&post=21640"}],"version-history":[{"count":16,"href":"https:\/\/www.monta\u00f1asdelaluna.es\/index.php?rest_route=\/wp\/v2\/posts\/21640\/revisions"}],"predecessor-version":[{"id":50189,"href":"https:\/\/www.monta\u00f1asdelaluna.es\/index.php?rest_route=\/wp\/v2\/posts\/21640\/revisions\/50189"}],"wp:featuredmedia":[{"embeddable":true,"href":"https:\/\/www.monta\u00f1asdelaluna.es\/index.php?rest_route=\/wp\/v2\/media\/21482"}],"wp:attachment":[{"href":"https:\/\/www.monta\u00f1asdelaluna.es\/index.php?rest_route=%2Fwp%2Fv2%2Fmedia&parent=21640"}],"wp:term":[{"taxonomy":"category","embeddable":true,"href":"https:\/\/www.monta\u00f1asdelaluna.es\/index.php?rest_route=%2Fwp%2Fv2%2Fcategories&post=21640"},{"taxonomy":"post_tag","embeddable":true,"href":"https:\/\/www.monta\u00f1asdelaluna.es\/index.php?rest_route=%2Fwp%2Fv2%2Ftags&post=21640"}],"curies":[{"name":"wp","href":"https:\/\/api.w.org\/{rel}","templated":true}]}}