{"id":21815,"date":"2015-07-02T07:33:29","date_gmt":"2015-07-02T07:33:29","guid":{"rendered":"http:\/\/monta\u00f1asdelaluna.com\/?p=21815"},"modified":"2021-08-03T07:08:15","modified_gmt":"2021-08-03T07:08:15","slug":"2-y-3-de-julio-1o-etapa-bujaruelo-oulettes","status":"publish","type":"post","link":"https:\/\/www.monta\u00f1asdelaluna.es\/?p=21815","title":{"rendered":"2 y 3 de julio. 1\u00ba Etapa: Bujaruelo-Oulettes"},"content":{"rendered":"<p>[vc_row][vc_column][vc_column_text]<\/p>\n<h4><strong>&#8211; D\u00eda 2 de julio, jueves. Bujaruelo.<\/strong><\/h4>\n<p>Como dice Mario llegamos a mesa puesta sobre las 20:30 de la tarde al Refugio de Bujaruelo. Txell ya hace 20 minutos que nos espera. El Refugio est\u00e1 muy bien: la habitaci\u00f3n es para 4 con 2 literas y 1 ba\u00f1o. Solo dormimos Mario y yo, Txell se queda en su furgoneta nueva que se ha comprado.<\/p>\n<p>Hemos tenido un \u201cbriffing\u201d con un chico de Sant Cugat que nos ha explicado algo sobre la ruta. Al principio no sab\u00eda que la har\u00edamos al rev\u00e9s, en lugar de coger direcci\u00f3n Serradets, iremos direcci\u00f3n a Oulettes, a Francia, rodeando el Macizo del Vignemale. La idea de hacerlo as\u00ed es porque en G\u00f3riz no hab\u00eda sitio para los 3, menos los d\u00edas 6 o 7 de julio que s\u00ed pod\u00edamos encontrar sitio.<\/p>\n<p>Esther es la chica con la que he contactado en la web de la Alta Ruta y es la que nos ha reservado los refugios y todo. Ha tenido que llamar varias veces a G\u00f3riz hasta encontrar sitio\u2026 lo \u00fanico es que pasaremos por Serradets pero no dormiremos en \u00e9l.<\/p>\n<p>Hablamos ya de noche los 3 de temas de monta\u00f1a: desavenencias de los grupos de Facebook, la gente no tiene compa\u00f1erismo ni la complicidad de un grupo de monta\u00f1a.<\/p>\n<div id=\"attachment_21848\" style=\"width: 770px\" class=\"wp-caption aligncenter\"><a class=\"dt-single-image\" href=\"https:\/\/www.monta\u00f1asdelaluna.es\/wp-content\/uploads\/2015\/10\/AltaRutaPerdidos-006.jpg\" data-dt-img-description=\"\"><img loading=\"lazy\" decoding=\"async\" aria-describedby=\"caption-attachment-21848\" class=\"wp-image-21848 size-full\" src=\"https:\/\/www.monta\u00f1asdelaluna.es\/wp-content\/uploads\/2015\/10\/AltaRutaPerdidos-006.jpg\" alt=\"Puente rom\u00e1nico en San Nicol\u00e1s de Bujaruelo\" width=\"760\" height=\"570\" srcset=\"https:\/\/www.monta\u00f1asdelaluna.es\/wp-content\/uploads\/2015\/10\/AltaRutaPerdidos-006.jpg 760w, https:\/\/www.monta\u00f1asdelaluna.es\/wp-content\/uploads\/2015\/10\/AltaRutaPerdidos-006-300x225.jpg 300w\" sizes=\"auto, (max-width: 760px) 100vw, 760px\" \/><\/a><p id=\"caption-attachment-21848\" class=\"wp-caption-text\">Puente rom\u00e1nico en San Nicol\u00e1s de Bujaruelo<\/p><\/div>\n<p>En la cena, nada m\u00e1s sentarme Mario exclama: \u201cYo a ti te conozco\u201d. Casualidades que nos sientan en la misma mesa con un grupo donde\u00a0 1 de ellos, con acento aragon\u00e9s, hab\u00eda estado en el Aconcagua los mismos d\u00edas que estuvo Mario y el grupo del CEA. Conversaciones amistosas de expediciones, de monta\u00f1a andinas que hemos subido o visitado. Esto se anima y alegra\u2026 Recuerdos de los Andes.<\/p>\n<p>Ma\u00f1ana tenemos una etapa de 6 horas. No muy larga. De Bujaruelo a Oulettes por todo el Valle del Ara y cruzando a Francia, al Valle de Gaube por el Puerto de Los Mulos (2.591 mts.). Bujaruelo est\u00e1 a 1.338 mts. Y Oulettes a 2.151 mts. El buen tiempo persiste. La ola de calor tambi\u00e9n, pero aqu\u00ed escribiendo en la oscuridad de la puerta del Refugio de Bujaruelo refresca. Sano fr\u00edo. La luna llena se resiste a salir por detr\u00e1s del Mondarruego.<\/p>\n<h4><strong>\u00a0&#8211; D\u00eda 3 de julio, viernes. Bujaruelo-Oulettes.<\/strong><\/h4>\n<p>Hemos pasado calor Mario y yo esta noche durmiendo en el refugio. No s\u00e9 como lo habr\u00e1 pasado Txell en su furgoneta. Nos despertamos antes de las 7 de la ma\u00f1ana. Hemos dormido bien. Desayunamos y nos preparamos las mochilas. Mario sigue diciendo que su mochila pesa mucho.<\/p>\n<p>Txell no aparece. Me acerco a eso de las 07:30 a su furgoneta y la despierto. Despu\u00e9s de fotos, despedidas con el grupo y hombre del Aconcagua, salimos sobre las 08:10 de Bujaruelo cruzando su original puente rom\u00e1nico. Aunque la ruta nos dice que sigamos por la pista (nos han facilitado un mapa con toda la ruta se\u00f1alada en el \u201cbriffing\u201d de ayer), prefiero hacer este tramo de senda paralelo al R\u00edo Ara para poco despu\u00e9s coger la pista despu\u00e9s de que cruce Puente Oncins.<\/p>\n<p>El Valle del Ara es hermoso y largo, combinando entre prados, gargantas y precipicios, bosques frondosos de pinos, otra vez prados\u2026 a la vez serpentea maravillosamente sin saber que te vas a encontrar detr\u00e1s de cada curva, ni que monta\u00f1as est\u00e1s viendo que la rodean. Mientras el Rio Ara baja con agua abundante, generoso. A veces manso como nada m\u00e1s salir de Bujaruelo (1.338 mts.) pero en su mayor\u00eda tumultuoso y rugiente, estruendoso.<\/p>\n<div id=\"attachment_21851\" style=\"width: 770px\" class=\"wp-caption aligncenter\"><a class=\"dt-single-image\" href=\"https:\/\/www.monta\u00f1asdelaluna.es\/wp-content\/uploads\/2015\/10\/AltaRutaPerdidos-010.jpg\" data-dt-img-description=\"\"><img loading=\"lazy\" decoding=\"async\" aria-describedby=\"caption-attachment-21851\" class=\"wp-image-21851 size-full\" src=\"https:\/\/www.monta\u00f1asdelaluna.es\/wp-content\/uploads\/2015\/10\/AltaRutaPerdidos-010.jpg\" alt=\"Mario, Txell y Joaqu\u00edn preaprados para la 1\u00ba etapa en la puerta del refugio\" width=\"760\" height=\"570\" srcset=\"https:\/\/www.monta\u00f1asdelaluna.es\/wp-content\/uploads\/2015\/10\/AltaRutaPerdidos-010.jpg 760w, https:\/\/www.monta\u00f1asdelaluna.es\/wp-content\/uploads\/2015\/10\/AltaRutaPerdidos-010-300x225.jpg 300w\" sizes=\"auto, (max-width: 760px) 100vw, 760px\" \/><\/a><p id=\"caption-attachment-21851\" class=\"wp-caption-text\">Mario, Txell y Joaqu\u00edn preaprados para la 1\u00ba etapa en la puerta del refugio<\/p><\/div>\n<div id=\"attachment_21857\" style=\"width: 770px\" class=\"wp-caption aligncenter\"><a class=\"dt-single-image\" href=\"https:\/\/www.monta\u00f1asdelaluna.es\/wp-content\/uploads\/2015\/10\/AltaRutaPerdidos-023.jpg\" data-dt-img-description=\"\"><img loading=\"lazy\" decoding=\"async\" aria-describedby=\"caption-attachment-21857\" class=\"wp-image-21857 size-full\" src=\"https:\/\/www.monta\u00f1asdelaluna.es\/wp-content\/uploads\/2015\/10\/AltaRutaPerdidos-023.jpg\" alt=\"Valle del Ara, entrada al Valle de Otal entre el bosque\" width=\"760\" height=\"428\" srcset=\"https:\/\/www.monta\u00f1asdelaluna.es\/wp-content\/uploads\/2015\/10\/AltaRutaPerdidos-023.jpg 760w, https:\/\/www.monta\u00f1asdelaluna.es\/wp-content\/uploads\/2015\/10\/AltaRutaPerdidos-023-300x169.jpg 300w\" sizes=\"auto, (max-width: 760px) 100vw, 760px\" \/><\/a><p id=\"caption-attachment-21857\" class=\"wp-caption-text\">Valle del Ara, entrada al Valle de Otal entre el bosque<\/p><\/div>\n<p>Despu\u00e9s de que la senda acabara en la pista, decidimos seguir otra senda que sale al otro lado y hacer caso omiso a la pista que se eleva por encima nuestro. A pesar de los hitos, es una senda perdedora, que se mete por frondosidades y abruptos terrenos. Despu\u00e9s de una importante subida entre piedras y rocas, acabamos de nuevo en la pista. Justo a nuestra izquierda, al otro lado del valle se abre una oquedad con mucha vegetaci\u00f3n: es el comienzo del Valle de Otal.<\/p>\n<p>Seguimos la pista sin problemas, meti\u00e9ndonos en un espectacular ca\u00f1\u00f3n que forma el r\u00edo Ara, y al cabo de un tiempo llegamos al Refugio de Ordiso o del Vado y aqu\u00ed se acaba la pista, y de repente mirando al norte donde a la vez es la direcci\u00f3n que sigue el valle y recorrido, vemos el alto e impresionante macizo del Vignemale, con algunos neveros que se resisten a desaparecer a pesar del calor. Adivino el Pic deu Milieu delante a la derecha tapando al Montferrat, y al Pico Central y Cerbillona a la izquierda. Entre estos \u00faltimos descubro la formidable grieta con neveros en medio de la pared all\u00e1 arriba, que forma el Corredor de La Moskowa. Hablamos de la monta\u00f1a y su aspecto. Nos hacemos fotos. Ya comienza a ser impresionante el recorrido.<\/p>\n<p>Seguimos la senda y el valle se abre a la vez que nos acercamos a las faldas del Vignemale, y a la vez que gira a la izquierda y noreste. Hermoso paisaje.<\/p>\n<div id=\"attachment_21868\" style=\"width: 770px\" class=\"wp-caption aligncenter\"><a class=\"dt-single-image\" href=\"https:\/\/www.monta\u00f1asdelaluna.es\/wp-content\/uploads\/2015\/10\/AltaRutaPerdidos-044.jpg\" data-dt-img-description=\"\"><img loading=\"lazy\" decoding=\"async\" aria-describedby=\"caption-attachment-21868\" class=\"wp-image-21868 size-full\" src=\"https:\/\/www.monta\u00f1asdelaluna.es\/wp-content\/uploads\/2015\/10\/AltaRutaPerdidos-044.jpg\" alt=\"Mario y Txell en el Refugio de Ordiso, mirando hacia el Vignemale\" width=\"760\" height=\"570\" srcset=\"https:\/\/www.monta\u00f1asdelaluna.es\/wp-content\/uploads\/2015\/10\/AltaRutaPerdidos-044.jpg 760w, https:\/\/www.monta\u00f1asdelaluna.es\/wp-content\/uploads\/2015\/10\/AltaRutaPerdidos-044-300x225.jpg 300w\" sizes=\"auto, (max-width: 760px) 100vw, 760px\" \/><\/a><p id=\"caption-attachment-21868\" class=\"wp-caption-text\">Mario y Txell en el Refugio de Ordiso, mirando hacia el Vignemale<\/p><\/div>\n<div id=\"attachment_21871\" style=\"width: 770px\" class=\"wp-caption aligncenter\"><a class=\"dt-single-image\" href=\"https:\/\/www.monta\u00f1asdelaluna.es\/wp-content\/uploads\/2015\/10\/AltaRutaPerdidos-050.jpg\" data-dt-img-description=\"\"><img loading=\"lazy\" decoding=\"async\" aria-describedby=\"caption-attachment-21871\" class=\"wp-image-21871 size-full\" src=\"https:\/\/www.monta\u00f1asdelaluna.es\/wp-content\/uploads\/2015\/10\/AltaRutaPerdidos-050.jpg\" alt=\"Valle del Ara arriba hacia las faldas del Vignemale\" width=\"760\" height=\"570\" srcset=\"https:\/\/www.monta\u00f1asdelaluna.es\/wp-content\/uploads\/2015\/10\/AltaRutaPerdidos-050.jpg 760w, https:\/\/www.monta\u00f1asdelaluna.es\/wp-content\/uploads\/2015\/10\/AltaRutaPerdidos-050-300x225.jpg 300w\" sizes=\"auto, (max-width: 760px) 100vw, 760px\" \/><\/a><p id=\"caption-attachment-21871\" class=\"wp-caption-text\">Valle del Ara arriba hacia las faldas del Vignemale<\/p><\/div>\n<p>La vegetaci\u00f3n arb\u00f3rea desaparece poco a poco y el perfil del Vignemale cambia a medida que seguimos la senda. Por suerte la senda no es esforzada y va cogiendo altitud lentamente.<\/p>\n<p>Pasamos por otra caba\u00f1a donde paramos a descansar y almorzar algunos. Hace minutos que Mario ya me ha dicho que tiene hambre. Es el Refugio de Labaza y el lugar se utiliza como base para subir al Vignemale por el Corredor de La Moskowa.<\/p>\n<p>Aqu\u00ed comienza a soplar el viento. Abajo hac\u00eda m\u00e1s calor. El viento har\u00e1 que no nos asemos de calor. Pero por ello el d\u00eda es muy bueno, soleado, solo unas pocas nubes altas delgadas casi imperceptibles, entelan el cielo.<\/p>\n<p>Seguimos camino, casi llana la senda y el ancho valle de alta monta\u00f1a comienza a girar de nuevo hacia el norte. El G.R.-11 y un grupo de personas se deb\u00edan hac\u00eda al izquierda en busca de un collado que les lleve a Panticosa. Nosotros seguimos recto valle arriba y aqu\u00ed ya comienza a empinarse y a coger altura escalonadamente. Cogemos una senda a la derecha casi desdibujada; otra senda sigue el valle m\u00e1s abajo y tambi\u00e9n sigue la direcci\u00f3n del valle arriba.<\/p>\n<div id=\"attachment_21879\" style=\"width: 770px\" class=\"wp-caption aligncenter\"><a class=\"dt-single-image\" href=\"https:\/\/www.monta\u00f1asdelaluna.es\/wp-content\/uploads\/2015\/10\/AltaRutaPerdidos-065.jpg\" data-dt-img-description=\"\"><img loading=\"lazy\" decoding=\"async\" aria-describedby=\"caption-attachment-21879\" class=\"wp-image-21879 size-full\" src=\"https:\/\/www.monta\u00f1asdelaluna.es\/wp-content\/uploads\/2015\/10\/AltaRutaPerdidos-065.jpg\" alt=\"Refugio de Labaza\" width=\"760\" height=\"570\" srcset=\"https:\/\/www.monta\u00f1asdelaluna.es\/wp-content\/uploads\/2015\/10\/AltaRutaPerdidos-065.jpg 760w, https:\/\/www.monta\u00f1asdelaluna.es\/wp-content\/uploads\/2015\/10\/AltaRutaPerdidos-065-300x225.jpg 300w\" sizes=\"auto, (max-width: 760px) 100vw, 760px\" \/><\/a><p id=\"caption-attachment-21879\" class=\"wp-caption-text\">Refugio de Labaza<\/p><\/div>\n<div id=\"attachment_21887\" style=\"width: 770px\" class=\"wp-caption aligncenter\"><a class=\"dt-single-image\" href=\"https:\/\/www.monta\u00f1asdelaluna.es\/wp-content\/uploads\/2015\/10\/AltaRutaPerdidos-080.jpg\" data-dt-img-description=\"\"><img loading=\"lazy\" decoding=\"async\" aria-describedby=\"caption-attachment-21887\" class=\"wp-image-21887 size-full\" src=\"https:\/\/www.monta\u00f1asdelaluna.es\/wp-content\/uploads\/2015\/10\/AltaRutaPerdidos-080.jpg\" alt=\"Mario y Txell y al fondo el final y circo del Valle del Ara\" width=\"760\" height=\"570\" srcset=\"https:\/\/www.monta\u00f1asdelaluna.es\/wp-content\/uploads\/2015\/10\/AltaRutaPerdidos-080.jpg 760w, https:\/\/www.monta\u00f1asdelaluna.es\/wp-content\/uploads\/2015\/10\/AltaRutaPerdidos-080-300x225.jpg 300w\" sizes=\"auto, (max-width: 760px) 100vw, 760px\" \/><\/a><p id=\"caption-attachment-21887\" class=\"wp-caption-text\">Mario y Txell y al fondo el final y circo del Valle del Ara<\/p><\/div>\n<p>Buscamos el final de este valle, o su nacimiento, el Circo del Ara, donde se encuentra el Puerto de Los Mulos (2.591 mts.) por el que debemos bajar al Valle de Gaube ya en el Pirineo franc\u00e9s.<\/p>\n<p>Ya lo vemos. Y la subida final desde la base del circo es fulminante de unos 200 mts. De subida empinada y muy empinada a tramos sin descanso. Paramos a comer para coger fuerzas, son cerca de las 13:30 horas. El recorrido por el Valle del Ara ha sido largo pero animado.<\/p>\n<p>Salimos en busca del Puerto de Los Mulos sobre las 13:45 horas y llegamos a \u00e9l a las 14:30. La senda est\u00e1 bien marcada. Hemos cruzado alg\u00fan nevero que me ha cegado los ojos.\u00a0 Intentamos adivinar los picos del Vignemale que vemos ahora: \u00bfPic du Clot de La Hount? \u00bfPique Longue? Cascadas, neveros y riachuelos bajan de ellos.<\/p>\n<p>El Circo del Ara es bonito. Vemos dos sendas m\u00e1s que atraviesan sus alturas y sus extensos canchales: la alta ruta pirenaica (HRP). Sigue haciendo mucho viento en el collado. Imposible la foto. Bajando por el otro extremo, un alem\u00e1n de avanzada edad y material o equipo dudoso nos hace una foto sublime hac\u00eda el Valle de Gaube. El puerto es frontera entre Espa\u00f1a y Francia, y ahora bajamos por tierras francesas. Ya no dejaremos de pisar tierras francesas hasta que crucemos Tucarroya (pasado ma\u00f1ana), aunque cuando pasemos por Serradets tambi\u00e9n ser\u00e1 por Francia.<\/p>\n<div id=\"attachment_21894\" style=\"width: 770px\" class=\"wp-caption aligncenter\"><a class=\"dt-single-image\" href=\"https:\/\/www.monta\u00f1asdelaluna.es\/wp-content\/uploads\/2015\/10\/AltaRutaPerdidos-091.jpg\" data-dt-img-description=\"\"><img loading=\"lazy\" decoding=\"async\" aria-describedby=\"caption-attachment-21894\" class=\"wp-image-21894 size-full\" src=\"https:\/\/www.monta\u00f1asdelaluna.es\/wp-content\/uploads\/2015\/10\/AltaRutaPerdidos-091.jpg\" alt=\"Mario y Txell subiendo al Puerto de Los Mulos\" width=\"760\" height=\"570\" srcset=\"https:\/\/www.monta\u00f1asdelaluna.es\/wp-content\/uploads\/2015\/10\/AltaRutaPerdidos-091.jpg 760w, https:\/\/www.monta\u00f1asdelaluna.es\/wp-content\/uploads\/2015\/10\/AltaRutaPerdidos-091-300x225.jpg 300w\" sizes=\"auto, (max-width: 760px) 100vw, 760px\" \/><\/a><p id=\"caption-attachment-21894\" class=\"wp-caption-text\">Mario y Txell subiendo al Puerto de Los Mulos<\/p><\/div>\n<div id=\"attachment_21896\" style=\"width: 770px\" class=\"wp-caption aligncenter\"><a class=\"dt-single-image\" href=\"https:\/\/www.monta\u00f1asdelaluna.es\/wp-content\/uploads\/2015\/10\/AltaRutaPerdidos-094.jpg\" data-dt-img-description=\"\"><img loading=\"lazy\" decoding=\"async\" aria-describedby=\"caption-attachment-21896\" class=\"wp-image-21896 size-full\" src=\"https:\/\/www.monta\u00f1asdelaluna.es\/wp-content\/uploads\/2015\/10\/AltaRutaPerdidos-094.jpg\" alt=\"Joaqu\u00edn, Txell y Mario en el Puerto de Los Mulos\" width=\"760\" height=\"570\" srcset=\"https:\/\/www.monta\u00f1asdelaluna.es\/wp-content\/uploads\/2015\/10\/AltaRutaPerdidos-094.jpg 760w, https:\/\/www.monta\u00f1asdelaluna.es\/wp-content\/uploads\/2015\/10\/AltaRutaPerdidos-094-300x225.jpg 300w\" sizes=\"auto, (max-width: 760px) 100vw, 760px\" \/><\/a><p id=\"caption-attachment-21896\" class=\"wp-caption-text\">Joaqu\u00edn, Txell y Mario en el Puerto de Los Mulos<\/p><\/div>\n<p>La bajada del Puerto de Los Mulos es casi vertiginosa, vertical y muy r\u00e1pida. Cruzamos algunos neveros y abajo ya vemos la ancha planicie del comienzo del Valle de Gaube. Y \u00a1Ho sorpresa! A la vez que bajamos, poco a poco se descubrir\u00e1 la cara norte, bell\u00edsima, espectacular, desafiante, inigualable del Vignemale. Fotos y m\u00e1s fotos.<\/p>\n<p>Antes de llegar a la planicie del fondo del valle ya vemos a la izquierda y norte nuestro destino: el Refugio de Oulettes de Gaube (2.154 mts.). Somos unos privilegiaos por el buen tiempo que tenemos (a pesar de la ola de calor) tenemos delante nuestro la cara norte del Vignemale incre\u00edblemente despejado. La imagen es \u00fanica y formidable, soberbia y espectacular: La Pique Longue, Pit\u00f3n Carr\u00e9, Punta CHausenque, Petit Vignemale, Glaciar del Petit Vignemale, Glaciar des Oulettes, el Couloir de Gaube\u2026 y unas paredes de m\u00e1s de 800 mts. verticales y un desnivel de m\u00e1s de 1.000 metros desde el valle bajo la monta\u00f1a y las cimas\u2026 Hay que verlo para entender y comprender la espectacularidad de este paisaje de alta monta\u00f1a. Una de las vistas m\u00e1s impresionantes y fotografiadas.<\/p>\n<div id=\"attachment_21907\" style=\"width: 770px\" class=\"wp-caption aligncenter\"><a class=\"dt-single-image\" href=\"https:\/\/www.monta\u00f1asdelaluna.es\/wp-content\/uploads\/2015\/10\/AltaRutaPerdidos-110.jpg\" data-dt-img-description=\"\"><img loading=\"lazy\" decoding=\"async\" aria-describedby=\"caption-attachment-21907\" class=\"wp-image-21907 size-full\" src=\"https:\/\/www.monta\u00f1asdelaluna.es\/wp-content\/uploads\/2015\/10\/AltaRutaPerdidos-110.jpg\" alt=\"Txell, Mario y Joaqu\u00edn con la cara norte del Vignemale detr\u00e1s\" width=\"760\" height=\"570\" srcset=\"https:\/\/www.monta\u00f1asdelaluna.es\/wp-content\/uploads\/2015\/10\/AltaRutaPerdidos-110.jpg 760w, https:\/\/www.monta\u00f1asdelaluna.es\/wp-content\/uploads\/2015\/10\/AltaRutaPerdidos-110-300x225.jpg 300w\" sizes=\"auto, (max-width: 760px) 100vw, 760px\" \/><\/a><p id=\"caption-attachment-21907\" class=\"wp-caption-text\">Txell, Mario y Joaqu\u00edn con la cara norte del Vignemale detr\u00e1s<\/p><\/div>\n<p>Ya estamos en el singular Refugio de Oulettes. Antes y ahora nos hemos parado a hacer fotos al macizo, a las paredes del Vignemale. Son las 15:30, han sido aproximadamente 7\u201930 horas n excesivamente duras, para lo que nos espera. El refugio no est\u00e1 mal, pero curiosamente los lavabos est\u00e1n fuera de los aseos: hay lavabos en las paredes de los pasillos, duchas y v\u00e1teres. La guarda o chica que nos atiende es muy simp\u00e1tica, sellamos nuestros \u201cpasaportes\u201d (Mario se ha dejado el suyo en el coche), tomamos cerveza y dejamos secar ropa y botas. Hasta la hora de la cena (19:00 horas) escribo estas l\u00edneas y me aso. Hablamos de la etapa de ma\u00f1ana y las siguientes.<\/p>\n<p>El refugio se llena de gente: vascos, espa\u00f1oles, franceses\u2026 Me ha sorprendido la cena, muy buena y abundante: sopa de tomate, arroz, bajocas, pato asado y de postre una especie de manzana verde triturada con az\u00facar y un barquillo. Salgo contento de la cena. Tambi\u00e9n me sorprenden los v\u00e1teres \u00a1N son agujeros en el suelo como en Pinet!<\/p>\n<div id=\"attachment_21913\" style=\"width: 770px\" class=\"wp-caption aligncenter\"><a class=\"dt-single-image\" href=\"https:\/\/www.monta\u00f1asdelaluna.es\/wp-content\/uploads\/2015\/10\/AltaRutaPerdidos-121.jpg\" data-dt-img-description=\"\"><img loading=\"lazy\" decoding=\"async\" aria-describedby=\"caption-attachment-21913\" class=\"wp-image-21913 size-full\" src=\"https:\/\/www.monta\u00f1asdelaluna.es\/wp-content\/uploads\/2015\/10\/AltaRutaPerdidos-121.jpg\" alt=\"Refugio de Oulettes de Gaube\" width=\"760\" height=\"570\" srcset=\"https:\/\/www.monta\u00f1asdelaluna.es\/wp-content\/uploads\/2015\/10\/AltaRutaPerdidos-121.jpg 760w, https:\/\/www.monta\u00f1asdelaluna.es\/wp-content\/uploads\/2015\/10\/AltaRutaPerdidos-121-300x225.jpg 300w\" sizes=\"auto, (max-width: 760px) 100vw, 760px\" \/><\/a><p id=\"caption-attachment-21913\" class=\"wp-caption-text\">Refugio de Oulettes de Gaube<\/p><\/div>\n<div id=\"attachment_21916\" style=\"width: 770px\" class=\"wp-caption aligncenter\"><a class=\"dt-single-image\" href=\"https:\/\/www.monta\u00f1asdelaluna.es\/wp-content\/uploads\/2015\/10\/AltaRutaPerdidos-129.jpg\" data-dt-img-description=\"\"><img loading=\"lazy\" decoding=\"async\" aria-describedby=\"caption-attachment-21916\" class=\"wp-image-21916 size-full\" src=\"https:\/\/www.monta\u00f1asdelaluna.es\/wp-content\/uploads\/2015\/10\/AltaRutaPerdidos-129.jpg\" alt=\"El Vignemale desde el Refugio de Oulettes de Gaube\" width=\"760\" height=\"570\" srcset=\"https:\/\/www.monta\u00f1asdelaluna.es\/wp-content\/uploads\/2015\/10\/AltaRutaPerdidos-129.jpg 760w, https:\/\/www.monta\u00f1asdelaluna.es\/wp-content\/uploads\/2015\/10\/AltaRutaPerdidos-129-300x225.jpg 300w\" sizes=\"auto, (max-width: 760px) 100vw, 760px\" \/><\/a><p id=\"caption-attachment-21916\" class=\"wp-caption-text\">El Vignemale desde el Refugio de Oulettes de Gaube<\/p><\/div>\n<p>Despu\u00e9s de cenar salimos a la puerta del refugio. El atardecer comenzar\u00e1 a cambiar de colores la espectacular imagen del Vignemale. Observamos que a\u00fan queda gente en la monta\u00f1a: 3 monta\u00f1eros han bajado rapelando los 800 metros de pared de la Pique Longue y ahora descienden maltrechamente por el Glaciar de Oulettes\u2026 parece que uno de ellos tiene dificultades y es ayudado por un compa\u00f1ero\u2026 el espect\u00e1culo est\u00e1 servido.<\/p>\n<div id=\"attachment_21951\" style=\"width: 1120px\" class=\"wp-caption aligncenter\"><a class=\"dt-single-image\" href=\"https:\/\/www.monta\u00f1asdelaluna.es\/wp-content\/uploads\/2015\/10\/1\u00baetapa.croquis.web_.jpg\" data-dt-img-description=\"\"><img loading=\"lazy\" decoding=\"async\" aria-describedby=\"caption-attachment-21951\" class=\"wp-image-21951 size-full\" src=\"https:\/\/www.monta\u00f1asdelaluna.es\/wp-content\/uploads\/2015\/10\/1\u00baetapa.croquis.web_.jpg\" alt=\"Croquis del recorrido 1\u00ba Etapa Alta Ruta de Los Perdidos\" width=\"1110\" height=\"1728\" srcset=\"https:\/\/www.monta\u00f1asdelaluna.es\/wp-content\/uploads\/2015\/10\/1\u00baetapa.croquis.web_.jpg 1110w, https:\/\/www.monta\u00f1asdelaluna.es\/wp-content\/uploads\/2015\/10\/1\u00baetapa.croquis.web_-193x300.jpg 193w, https:\/\/www.monta\u00f1asdelaluna.es\/wp-content\/uploads\/2015\/10\/1\u00baetapa.croquis.web_-658x1024.jpg 658w\" sizes=\"auto, (max-width: 1110px) 100vw, 1110px\" \/><\/a><p id=\"caption-attachment-21951\" class=\"wp-caption-text\">Croquis del recorrido 1\u00ba Etapa Alta Ruta de Los Perdidos<\/p><\/div>\n<p>[vc_separator][vc_empty_space][\/vc_column_text][vc_empty_space height=\u00bb60px\u00bb][\/vc_column][\/vc_row][vc_row][vc_column][vc_cta h2=\u00bb\u00c1lbum de fotos\u00bb txt_align=\u00bbcenter\u00bb add_button=\u00bbbottom\u00bb btn_title=\u00bbVer fotos\u00bb btn_color=\u00bbwarning\u00bb btn_align=\u00bbcenter\u00bb btn_link=\u00bburl:https%3A%2F%2Fmonta%C3%B1asdelaluna.es%2F%3Fdt_gallery%3Dalta-ruta-de-los-perdidos-1o-etapa-bujaruelo-oulettes-2|title:Alta%20Ruta%20de%20Los%20Perdidos.%201%C2%BA%20Parte%20de%20la%205%C2%BA%20Etapa%3A%20G%C3%B3riz-La%20Torre|target:_blank\u00bb css=\u00bb.vc_custom_1625786368005{background-color: #8bc4ed !important;}\u00bb]Puedes ver todas las fotos del relato y actividad en forma de presentaci\u00f3n o individuales pinchando aqui \u00a1No te las pierdas![\/vc_cta][\/vc_column][\/vc_row][vc_row][vc_column][vc_empty_space height=\u00bb60px\u00bb][\/vc_column][\/vc_row][vc_row][vc_column width=\u00bb1\/6&#8243;][\/vc_column][vc_column width=\u00bb1\/3&#8243;][vc_column_text]Tiempo en Bujaruelo[\/vc_column_text][vc_raw_html]JTNDaWZyYW1lJTIwc3JjJTNEJTIyaHR0cHMlM0ElMkYlMkZ3d3cubWV0ZW9ibHVlLmNvbSUyRmVzJTJGdGllbXBvJTJGd2lkZ2V0JTJGZGFpbHklMkY0Mi42OTVOLTAuMTA3RSUzRmRheXMlM0Q3JTI2dGVtcHVuaXQlM0RDRUxTSVVTJTI2d2luZHVuaXQlM0RLSUxPTUVURVJfUEVSX0hPVVIlMjZwaWN0b2ljb24lM0QxJTI2bWF4dGVtcGVyYXR1cmUlM0QxJTI2bWludGVtcGVyYXR1cmUlM0QxJTI2d2luZHNwZWVkJTNEMSUyNndpbmRndXN0JTNEMSUyNndpbmRkaXJlY3Rpb24lM0QxJTI2cHJlY2lwaXRhdGlvbiUzRDElMjZwcmVjaXBpdGF0aW9ucHJvYmFiaWxpdHklM0QxJTI2c3BvdCUzRDElMjZwcmVzc3VyZSUzRDElMjZsYXlvdXQlM0RsaWdodCUyMiUyMCUyMGZyYW1lYm9yZGVyJTNEJTIyMCUyMiUyMHNjcm9sbGluZyUzRCUyMk5PJTIyJTIwYWxsb3d0cmFuc3BhcmVuY3klM0QlMjJ0cnVlJTIyJTIwc3R5bGUlM0QlMjJ3aWR0aCUzQSUyMDM3OHB4JTNCaGVpZ2h0JTNBJTIwMzkxcHglMjIlM0UlM0MlMkZpZnJhbWUlM0UlM0NkaXYlM0UlM0MlMjEtLSUyMERPJTIwTk9UJTIwUkVNT1ZFJTIwVEhJUyUyMExJTkslMjAtLSUzRSUzQ2ElMjBocmVmJTNEJTIyaHR0cHMlM0ElMkYlMkZ3d3cubWV0ZW9ibHVlLmNvbSUyRmVzJTJGdGllbXBvJTJGcHJvbm9zdGljbyUyRnNlbWFuYSUyRjQyLjY5NU4tMC4xMDdFJTIyJTIwdGFyZ2V0JTNEJTIyX2JsYW5rJTIyJTNFbWV0ZW9ibHVlJTNDJTJGYSUzRSUzQyUyRmRpdiUzRQ==[\/vc_raw_html][\/vc_column][vc_column width=\u00bb1\/3&#8243;][vc_column_text]Tiempo en Oulettes[\/vc_column_text][vc_raw_html]JTNDaWZyYW1lJTIwc3JjJTNEJTIyaHR0cHMlM0ElMkYlMkZ3d3cubWV0ZW9ibHVlLmNvbSUyRmVzJTJGdGllbXBvJTJGd2lkZ2V0JTJGZGFpbHklMkY0Mi43OTNOLTAuMTQxRSUzRmRheXMlM0Q3JTI2dGVtcHVuaXQlM0RDRUxTSVVTJTI2d2luZHVuaXQlM0RLSUxPTUVURVJfUEVSX0hPVVIlMjZwaWN0b2ljb24lM0QxJTI2bWF4dGVtcGVyYXR1cmUlM0QxJTI2bWludGVtcGVyYXR1cmUlM0QxJTI2d2luZHNwZWVkJTNEMSUyNndpbmRndXN0JTNEMSUyNndpbmRkaXJlY3Rpb24lM0QxJTI2cHJlY2lwaXRhdGlvbiUzRDElMjZwcmVjaXBpdGF0aW9ucHJvYmFiaWxpdHklM0QxJTI2c3BvdCUzRDElMjZwcmVzc3VyZSUzRDElMjZsYXlvdXQlM0RsaWdodCUyMiUyMCUyMGZyYW1lYm9yZGVyJTNEJTIyMCUyMiUyMHNjcm9sbGluZyUzRCUyMk5PJTIyJTIwYWxsb3d0cmFuc3BhcmVuY3klM0QlMjJ0cnVlJTIyJTIwc3R5bGUlM0QlMjJ3aWR0aCUzQSUyMDM3OHB4JTNCaGVpZ2h0JTNBJTIwMzkxcHglMjIlM0UlM0MlMkZpZnJhbWUlM0UlM0NkaXYlM0UlM0MlMjEtLSUyMERPJTIwTk9UJTIwUkVNT1ZFJTIwVEhJUyUyMExJTkslMjAtLSUzRSUzQ2ElMjBocmVmJTNEJTIyaHR0cHMlM0ElMkYlMkZ3d3cubWV0ZW9ibHVlLmNvbSUyRmVzJTJGdGllbXBvJTJGcHJvbm9zdGljbyUyRnNlbWFuYSUyRjQyLjc5M04tMC4xNDFFJTIyJTIwdGFyZ2V0JTNEJTIyX2JsYW5rJTIyJTNFbWV0ZW9ibHVlJTNDJTJGYSUzRSUzQyUyRmRpdiUzRQ==[\/vc_raw_html][\/vc_column][vc_column width=\u00bb1\/6&#8243;][\/vc_column][\/vc_row]<\/p>\n","protected":false},"excerpt":{"rendered":"<p>[vc_row][vc_column][vc_column_text] &#8211; D\u00eda 2 de julio, jueves. Bujaruelo. Como dice Mario llegamos a mesa puesta sobre las 20:30 de la tarde al Refugio de Bujaruelo. Txell ya hace 20 minutos que nos espera. El Refugio est\u00e1 muy bien: la habitaci\u00f3n es para 4 con 2 literas y 1 ba\u00f1o. Solo dormimos Mario y yo, Txell&hellip;<\/p>\n","protected":false},"author":1,"featured_media":21896,"comment_status":"open","ping_status":"open","sticky":false,"template":"","format":"standard","meta":[],"categories":[75],"tags":[],"class_list":["post-21815","post","type-post","status-publish","format-standard","has-post-thumbnail","hentry","category-alta-ruta-perdidos","category-75","description-off"],"_links":{"self":[{"href":"https:\/\/www.monta\u00f1asdelaluna.es\/index.php?rest_route=\/wp\/v2\/posts\/21815","targetHints":{"allow":["GET"]}}],"collection":[{"href":"https:\/\/www.monta\u00f1asdelaluna.es\/index.php?rest_route=\/wp\/v2\/posts"}],"about":[{"href":"https:\/\/www.monta\u00f1asdelaluna.es\/index.php?rest_route=\/wp\/v2\/types\/post"}],"author":[{"embeddable":true,"href":"https:\/\/www.monta\u00f1asdelaluna.es\/index.php?rest_route=\/wp\/v2\/users\/1"}],"replies":[{"embeddable":true,"href":"https:\/\/www.monta\u00f1asdelaluna.es\/index.php?rest_route=%2Fwp%2Fv2%2Fcomments&post=21815"}],"version-history":[{"count":35,"href":"https:\/\/www.monta\u00f1asdelaluna.es\/index.php?rest_route=\/wp\/v2\/posts\/21815\/revisions"}],"predecessor-version":[{"id":50156,"href":"https:\/\/www.monta\u00f1asdelaluna.es\/index.php?rest_route=\/wp\/v2\/posts\/21815\/revisions\/50156"}],"wp:featuredmedia":[{"embeddable":true,"href":"https:\/\/www.monta\u00f1asdelaluna.es\/index.php?rest_route=\/wp\/v2\/media\/21896"}],"wp:attachment":[{"href":"https:\/\/www.monta\u00f1asdelaluna.es\/index.php?rest_route=%2Fwp%2Fv2%2Fmedia&parent=21815"}],"wp:term":[{"taxonomy":"category","embeddable":true,"href":"https:\/\/www.monta\u00f1asdelaluna.es\/index.php?rest_route=%2Fwp%2Fv2%2Fcategories&post=21815"},{"taxonomy":"post_tag","embeddable":true,"href":"https:\/\/www.monta\u00f1asdelaluna.es\/index.php?rest_route=%2Fwp%2Fv2%2Ftags&post=21815"}],"curies":[{"name":"wp","href":"https:\/\/api.w.org\/{rel}","templated":true}]}}