{"id":22060,"date":"2011-04-24T14:28:27","date_gmt":"2011-04-24T14:28:27","guid":{"rendered":"http:\/\/monta\u00f1asdelaluna.com\/?p=22060"},"modified":"2021-08-05T15:57:36","modified_gmt":"2021-08-05T15:57:36","slug":"serralada-litoral-ruta-prehistorica","status":"publish","type":"post","link":"https:\/\/www.monta\u00f1asdelaluna.es\/?p=22060","title":{"rendered":"Serralada Litoral. Ruta Prehist\u00f3rica"},"content":{"rendered":"<p>[vc_row][vc_column][vc_column_text]Sin devolver el libro de gu\u00eda por los Parques Naturales de Barcelona, vuelvo a mirar una ruta aut\u00e9ntica para realizar en el inhiesto parque y monta\u00f1as de la Serralada de Marina, la Serralada Litoral.<\/p>\n<p>Se unieron varios factores: el pico m\u00e1s alto de la sierra y lugar, dos rutas de las llamadas Rutas Prehist\u00f3ricas, y un paseo o trekking por los fabulosos campos entre Granollers y La Roca del Vall\u00e8s, que realmente me sorprendieron. Quer\u00eda acercarme en tren tambi\u00e9n, pero la estaci\u00f3n de tren m\u00e1s cercana a La Roca del Vall\u00e8s es la de Granollers Centre, que no est\u00e1 cerca que digamos. De nuevo aprovech\u00e9 el libro \u201cRutes de Patrimoni arquitect\u00f2nic. Xarxa de Parcs Naturals de la Diputaci\u00f3 de Barcelona\u201d para sacar la Ruta Prehist\u00f3rica que sal\u00eda de La Roca del Vall\u00e8s y bajar a la urbanizaci\u00f3n de La Pineda, enlazado con la subida al Tur\u00f3 de C\u00e9llecs.<\/p>\n<p>La ruta o rutas por la monta\u00f1a estaban claras; con estos 2 libros, en los cuales coincid\u00edan las rutas, era f\u00e1cil. Lo dificultoso ser\u00eda ir, por caminos, senderos e intentando no pasar por las orillas de las carreteras, de Granollers a La Roca del Vall\u00e8s, y vuelta por un sitio diferente. Como no ten\u00eda mapa de la zona, me hice de una libretilla con los guiones de los caminos, cruces&#8230; que ve\u00eda en los mapas y cartograf\u00eda que te proporciona internet, sobre todo la web de \u201cItineraris de la Xarxa de Parcs Naturals\u201d, google maps&#8230; rezando para que no me perdiera y fuera lo m\u00e1s f\u00e1cil posible.<\/p>\n<div id=\"attachment_21971\" style=\"width: 1034px\" class=\"wp-caption aligncenter\"><a class=\"dt-single-image\" href=\"https:\/\/www.monta\u00f1asdelaluna.es\/wp-content\/uploads\/2015\/10\/Serralada-Litoral.-Granollers-La-Roca.-24-01-2011-002.jpg\" data-dt-img-description=\"\"><img loading=\"lazy\" decoding=\"async\" aria-describedby=\"caption-attachment-21971\" class=\"wp-image-21971 size-large\" src=\"https:\/\/www.monta\u00f1asdelaluna.es\/wp-content\/uploads\/2015\/10\/Serralada-Litoral.-Granollers-La-Roca.-24-01-2011-002-1024x768.jpg\" alt=\"Pasando por el t\u00fanel bajo las v\u00edas\" width=\"1024\" height=\"768\" srcset=\"https:\/\/www.monta\u00f1asdelaluna.es\/wp-content\/uploads\/2015\/10\/Serralada-Litoral.-Granollers-La-Roca.-24-01-2011-002-1024x768.jpg 1024w, https:\/\/www.monta\u00f1asdelaluna.es\/wp-content\/uploads\/2015\/10\/Serralada-Litoral.-Granollers-La-Roca.-24-01-2011-002-300x225.jpg 300w, https:\/\/www.monta\u00f1asdelaluna.es\/wp-content\/uploads\/2015\/10\/Serralada-Litoral.-Granollers-La-Roca.-24-01-2011-002.jpg 1469w\" sizes=\"auto, (max-width: 1024px) 100vw, 1024px\" \/><\/a><p id=\"caption-attachment-21971\" class=\"wp-caption-text\">Pasando por el t\u00fanel bajo las v\u00edas<\/p><\/div>\n<div id=\"attachment_21975\" style=\"width: 1034px\" class=\"wp-caption aligncenter\"><a class=\"dt-single-image\" href=\"https:\/\/www.monta\u00f1asdelaluna.es\/wp-content\/uploads\/2015\/10\/Serralada-Litoral.-Granollers-La-Roca.-24-01-2011-010.jpg\" data-dt-img-description=\"\"><img loading=\"lazy\" decoding=\"async\" aria-describedby=\"caption-attachment-21975\" class=\"wp-image-21975 size-large\" src=\"https:\/\/www.monta\u00f1asdelaluna.es\/wp-content\/uploads\/2015\/10\/Serralada-Litoral.-Granollers-La-Roca.-24-01-2011-010-1024x768.jpg\" alt=\"Vi\u00f1edos y al fondo el Tur\u00f3 de Cellecs en la Serralada Litoral\" width=\"1024\" height=\"768\" srcset=\"https:\/\/www.monta\u00f1asdelaluna.es\/wp-content\/uploads\/2015\/10\/Serralada-Litoral.-Granollers-La-Roca.-24-01-2011-010-1024x768.jpg 1024w, https:\/\/www.monta\u00f1asdelaluna.es\/wp-content\/uploads\/2015\/10\/Serralada-Litoral.-Granollers-La-Roca.-24-01-2011-010-300x225.jpg 300w, https:\/\/www.monta\u00f1asdelaluna.es\/wp-content\/uploads\/2015\/10\/Serralada-Litoral.-Granollers-La-Roca.-24-01-2011-010.jpg 1469w\" sizes=\"auto, (max-width: 1024px) 100vw, 1024px\" \/><\/a><p id=\"caption-attachment-21975\" class=\"wp-caption-text\">Vi\u00f1edos y al fondo el Tur\u00f3 de Cellecs en la Serralada Litoral<\/p><\/div>\n<p>Pero ser\u00eda una ruta m\u00e1s esforzada de lo normal, y al estar tan cerca, en tiempo, de la \u00faltima en la Serralada de Marina, Anna decidi\u00f3 no venirse. \u00a1Y menos mal! Ya que tard\u00e9 unas 8 horas en total a un ritmo ligero, con lo que la paliza estaba asegurada.<\/p>\n<p>As\u00ed que el pasado domingo 24 de abril, Domingo de Resurrecci\u00f3n a finales de la Semana Santa, cog\u00ed el tren de nuevo en el Clot-Arag\u00f3, camino de Granollers. Explicaros paso a paso los cruces y caminos entre Granollers y La Roca del Vall\u00e8s de ida y vuelta, ser\u00eda demasiado largo&#8230; as\u00ed que contentaros con los agradables comentarios y la mirada fija en el mapa&#8230; \u00a1je, je!: pasando por el primer t\u00fanel que me encuentro bajo la v\u00eda del tren, me descubro al otro lado un campo verde, hermoso, precioso, con lomas con peque\u00f1os bosques, rincones y caminos de tierra que me recordaban a mi juventud en la huerta de la Vega Baja. Solo manchado, si se puede decir, por las obras del AVE y de la autopista a Francia. Poco a poco, me iba acercando a los verdes alrededores de una lejana y boscosa monta\u00f1a tric\u00e9fala: el Tur\u00f3 de C\u00e9llecs. Acerc\u00e1ndome a La Roca del Vall\u00e8s, bajando lomas y campos verdes con rojas amapolas, ten\u00eda que cruzar el R\u00edo Mogent. No pude cruzarlo por el lugar que pensaba, pasaba m\u00e1s agua de la que pensaba, aunque tampoco lo intent\u00e9, y decid\u00ed entrar a la urbanizaci\u00f3n inhiesta a La Roca del Vall\u00e8s y cruzar por un simp\u00e1tico puente de madera. Antes, por el recorrido me he encontrado una ruta a La Roca, justo pegada a la autopista, antes de cruzarla, pero como yo ya ten\u00eda mi propio recorrido currado, pues no iba a dejarlo \u00a1claro!<\/p>\n<div id=\"attachment_21981\" style=\"width: 1479px\" class=\"wp-caption aligncenter\"><a class=\"dt-single-image\" href=\"https:\/\/www.monta\u00f1asdelaluna.es\/wp-content\/uploads\/2015\/10\/Serralada-Litoral.-Granollers-La-Roca.-24-01-2011-029.jpg\" data-dt-img-description=\"\"><img loading=\"lazy\" decoding=\"async\" aria-describedby=\"caption-attachment-21981\" class=\"wp-image-21981 size-full\" src=\"https:\/\/www.monta\u00f1asdelaluna.es\/wp-content\/uploads\/2015\/10\/Serralada-Litoral.-Granollers-La-Roca.-24-01-2011-029.jpg\" alt=\"Tur\u00f3 de Cellecs al fondo\" width=\"1469\" height=\"1102\" srcset=\"https:\/\/www.monta\u00f1asdelaluna.es\/wp-content\/uploads\/2015\/10\/Serralada-Litoral.-Granollers-La-Roca.-24-01-2011-029.jpg 1469w, https:\/\/www.monta\u00f1asdelaluna.es\/wp-content\/uploads\/2015\/10\/Serralada-Litoral.-Granollers-La-Roca.-24-01-2011-029-300x225.jpg 300w, https:\/\/www.monta\u00f1asdelaluna.es\/wp-content\/uploads\/2015\/10\/Serralada-Litoral.-Granollers-La-Roca.-24-01-2011-029-1024x768.jpg 1024w\" sizes=\"auto, (max-width: 1469px) 100vw, 1469px\" \/><\/a><p id=\"caption-attachment-21981\" class=\"wp-caption-text\">Tur\u00f3 de Cellecs al fondo<\/p><\/div>\n<p>En La Roca del Vall\u00e8s dejo la libretilla y saco el libro de \u201cRutes de Patrimoni arquitect\u00f2nic. Xarxa de Parcs Naturals de la Diputaci\u00f3 de Barcelona\u201d. Me acerco al Ayuntamiento y comienzo a buscar las calles que dice la gu\u00eda. En cuanto consigo encontrar las calles de Las Camelies, Girasol, Montblanc y por fin Rocatomba me saca del amable y encantador pueblo con su castillo y rincones, para adentrarme en otro encantador, hermoso, frondoso y verde parque natural, el de la Serralada Litoral. Aqu\u00ed comienza la Ruta Prehist\u00f3rica, al menos la primera, con las se\u00f1ales de color rosa, que llegaran hasta Sant Bertomeu. El lugar es hermoso pero el camino me cansa, tanto camino; pienso que casi todo el recorrido ser\u00e1 por caminos&#8230; pero me equivocaba.<\/p>\n<p>Pasado Can Planes me encuentro con el Dolmen del mismo nombre, el primero de todos. No muy grande, como de juguete, pero de piedras pesadas y antiguas. M\u00e1s arriba en otro conjunto de rocas, un cartel me dice que es la Pedra de l\u2019Escorp\u00ed. Hay poca gente en la monta\u00f1a, un motorista con su hijo, un corredor, varios ciclistas perdidos y encontrados, un jinete que me pregunta a donde van los caminos&#8230; todos encontrados por separado como si fuera un cuento. Pero la monta\u00f1a est\u00e1 muy bella, a pesar de que el tiempo parece no querer acompa\u00f1ar, pero solo ser\u00e1 la sombra de una amenaza, con nubes grises e invasoras de cumbres.<\/p>\n<div id=\"attachment_21995\" style=\"width: 1034px\" class=\"wp-caption aligncenter\"><a class=\"dt-single-image\" href=\"https:\/\/www.monta\u00f1asdelaluna.es\/wp-content\/uploads\/2015\/10\/Serralada-Litoral.-Granollers-La-Roca.-24-01-2011-056.jpg\" data-dt-img-description=\"\"><img loading=\"lazy\" decoding=\"async\" aria-describedby=\"caption-attachment-21995\" class=\"wp-image-21995 size-large\" src=\"https:\/\/www.monta\u00f1asdelaluna.es\/wp-content\/uploads\/2015\/10\/Serralada-Litoral.-Granollers-La-Roca.-24-01-2011-056-1024x768.jpg\" alt=\"Atr\u00e1s queda el castillo de La Roca del Vall\u00e9s\" width=\"1024\" height=\"768\" srcset=\"https:\/\/www.monta\u00f1asdelaluna.es\/wp-content\/uploads\/2015\/10\/Serralada-Litoral.-Granollers-La-Roca.-24-01-2011-056-1024x768.jpg 1024w, https:\/\/www.monta\u00f1asdelaluna.es\/wp-content\/uploads\/2015\/10\/Serralada-Litoral.-Granollers-La-Roca.-24-01-2011-056-300x225.jpg 300w, https:\/\/www.monta\u00f1asdelaluna.es\/wp-content\/uploads\/2015\/10\/Serralada-Litoral.-Granollers-La-Roca.-24-01-2011-056.jpg 1469w\" sizes=\"auto, (max-width: 1024px) 100vw, 1024px\" \/><\/a><p id=\"caption-attachment-21995\" class=\"wp-caption-text\">Atr\u00e1s queda el castillo de La Roca del Vall\u00e9s<\/p><\/div>\n<div id=\"attachment_21999\" style=\"width: 1034px\" class=\"wp-caption aligncenter\"><a class=\"dt-single-image\" href=\"https:\/\/www.monta\u00f1asdelaluna.es\/wp-content\/uploads\/2015\/10\/Serralada-Litoral.-Granollers-La-Roca.-24-01-2011-066.jpg\" data-dt-img-description=\"\"><img loading=\"lazy\" decoding=\"async\" aria-describedby=\"caption-attachment-21999\" class=\"wp-image-21999 size-large\" src=\"https:\/\/www.monta\u00f1asdelaluna.es\/wp-content\/uploads\/2015\/10\/Serralada-Litoral.-Granollers-La-Roca.-24-01-2011-066-1024x768.jpg\" alt=\"Can Planes\" width=\"1024\" height=\"768\" srcset=\"https:\/\/www.monta\u00f1asdelaluna.es\/wp-content\/uploads\/2015\/10\/Serralada-Litoral.-Granollers-La-Roca.-24-01-2011-066-1024x768.jpg 1024w, https:\/\/www.monta\u00f1asdelaluna.es\/wp-content\/uploads\/2015\/10\/Serralada-Litoral.-Granollers-La-Roca.-24-01-2011-066-300x225.jpg 300w, https:\/\/www.monta\u00f1asdelaluna.es\/wp-content\/uploads\/2015\/10\/Serralada-Litoral.-Granollers-La-Roca.-24-01-2011-066.jpg 1469w\" sizes=\"auto, (max-width: 1024px) 100vw, 1024px\" \/><\/a><p id=\"caption-attachment-21999\" class=\"wp-caption-text\">Can Planes<\/p><\/div>\n<p>El camino sigue ahora, m\u00e1s arriba, las se\u00f1ales del G.R.-92 hacia la derecha, suroeste, buscado la cima y la ermita de Sant Bertomeu, que la encuentro al otro lado de la carretera que comunica \u00d2rrius con La Roca del Vall\u00e8s, en el paso del Coll de Sant Bertomeu. \u201c&#8230;un petit temple rural del segle XII.\u201d&#8230; me dice la gu\u00eda de Patrimoni Arquitect\u00f2nic. Es peque\u00f1a pero interesante y coquetona; pero no se puede entrar ni acercarnos a la puerta de la propia ermita al ser de propiedad privada, cerrada con cadenas y perros guardianes. Aqu\u00ed pueden llegar los coches y algunos hab\u00edan; domingueros o visitantes del lugar. Ahora termina una parte de la Ruta Prehist\u00f3rica y debemos encontrar el enlace con la siguiente, subiendo al cercano Tur\u00f3 de C\u00e9llecs.<\/p>\n<p>Una pista cercana a la ermita, metida entre los pinares, indicada con las se\u00f1ales azules que te llevan a la segunda Ruta Prehist\u00f3rica, y con una cadena cerrada en su comienzo ser\u00e1 la que nos suba a la parte m\u00e1s alta de la Serralada Litoral. Veo perfectamente hac\u00eda donde va la pendiente y en la parte que se quedar\u00e1 la cumbre, y decido salir de la pista y coger una senda ancha y deshecha por el agua que, hac\u00eda la derecha, me acortar\u00e1 recorrido. Salgo de nuevo a la pista y enseguida otra senda escondida, muy frondosa pero marcada, me vuelve a acortar camino y en seguida llego casi a los pies de la torre de vigilancia de incendios del Tur\u00f3 de Matar\u00f3 por la pista. Para subir al Tur\u00f3 de C\u00e9llecs hay que rodearlo y subirlo por su sur por una enmara\u00f1ada senda hasta su muy cercana cima. Est\u00e1 se\u00f1alada como \u201cPoblat ib\u00e8ric de C\u00e9llecs\u201d. Desde su cima no se ve nada, y casi imperceptibles las ruinas ib\u00e9ricas, por la altura de los arbustos, matorrales y \u00e1rboles bajos que hay en ella. Pero desde la pista, una ventana de roca, te deja libre la visualizaci\u00f3n para poder disfrutar de las magn\u00edficas vistas del Vall\u00e8s Oriental, del Montseny, de las ciudades incluidas en este recorrido (Granollers y La Roca) y sobre todo las hermosas laderas boscosas y frondosas de la propia Serralada Litoral. Magn\u00edfico.<\/p>\n<div id=\"attachment_22002\" style=\"width: 1034px\" class=\"wp-caption aligncenter\"><a class=\"dt-single-image\" href=\"https:\/\/www.monta\u00f1asdelaluna.es\/wp-content\/uploads\/2015\/10\/Serralada-Litoral.-Granollers-La-Roca.-24-01-2011-072.jpg\" data-dt-img-description=\"\"><img loading=\"lazy\" decoding=\"async\" aria-describedby=\"caption-attachment-22002\" class=\"wp-image-22002 size-large\" src=\"https:\/\/www.monta\u00f1asdelaluna.es\/wp-content\/uploads\/2015\/10\/Serralada-Litoral.-Granollers-La-Roca.-24-01-2011-072-1024x768.jpg\" alt=\"Dolmen de Can Planes\" width=\"1024\" height=\"768\" srcset=\"https:\/\/www.monta\u00f1asdelaluna.es\/wp-content\/uploads\/2015\/10\/Serralada-Litoral.-Granollers-La-Roca.-24-01-2011-072-1024x768.jpg 1024w, https:\/\/www.monta\u00f1asdelaluna.es\/wp-content\/uploads\/2015\/10\/Serralada-Litoral.-Granollers-La-Roca.-24-01-2011-072-300x225.jpg 300w, https:\/\/www.monta\u00f1asdelaluna.es\/wp-content\/uploads\/2015\/10\/Serralada-Litoral.-Granollers-La-Roca.-24-01-2011-072.jpg 1469w\" sizes=\"auto, (max-width: 1024px) 100vw, 1024px\" \/><\/a><p id=\"caption-attachment-22002\" class=\"wp-caption-text\">Dolmen de Can Planes<\/p><\/div>\n<div id=\"attachment_22013\" style=\"width: 1034px\" class=\"wp-caption aligncenter\"><a class=\"dt-single-image\" href=\"https:\/\/www.monta\u00f1asdelaluna.es\/wp-content\/uploads\/2015\/10\/Serralada-Litoral.-Granollers-La-Roca.-24-01-2011-090.jpg\" data-dt-img-description=\"\"><img loading=\"lazy\" decoding=\"async\" aria-describedby=\"caption-attachment-22013\" class=\"wp-image-22013 size-large\" src=\"https:\/\/www.monta\u00f1asdelaluna.es\/wp-content\/uploads\/2015\/10\/Serralada-Litoral.-Granollers-La-Roca.-24-01-2011-090-1024x768.jpg\" alt=\"Ermita de Sant Bertomeu de Cabanyes\" width=\"1024\" height=\"768\" srcset=\"https:\/\/www.monta\u00f1asdelaluna.es\/wp-content\/uploads\/2015\/10\/Serralada-Litoral.-Granollers-La-Roca.-24-01-2011-090-1024x768.jpg 1024w, https:\/\/www.monta\u00f1asdelaluna.es\/wp-content\/uploads\/2015\/10\/Serralada-Litoral.-Granollers-La-Roca.-24-01-2011-090-300x225.jpg 300w, https:\/\/www.monta\u00f1asdelaluna.es\/wp-content\/uploads\/2015\/10\/Serralada-Litoral.-Granollers-La-Roca.-24-01-2011-090.jpg 1469w\" sizes=\"auto, (max-width: 1024px) 100vw, 1024px\" \/><\/a><p id=\"caption-attachment-22013\" class=\"wp-caption-text\">Ermita de Sant Bertomeu de Cabanyes<\/p><\/div>\n<p>Almuerzo en esta cima, a 534 mts. de altura, sobre una roca que pudo hacer de muro en algunas de las casas \u00edberas, a las 13:00 horas, y t\u00e9rmino r\u00e1pido para comenzar la bajada y la segunda parte de la ruta, recorrido. Siguiendo la pista, o mejor dicho, desand\u00e1ndola, llego, salt\u00e1ndome uno de los atajos (el primero de subida) hasta una se\u00f1alizaci\u00f3n clave que te indica las direcciones, contrarias, de la Ruta Prehist\u00f3rica: la ruta rosa (que acabo de hacer) y Sant Bertomeu a la derecha, y la ruta azul a la izquierda. Sigo a la izquierda y el camino enseguida se convierte en senda; hermosa, encantadora, f\u00e1cil, que a veces est\u00e1 deshecha por la erosi\u00f3n de la fuerza del agua. Por suerte, esta ruta tambi\u00e9n est\u00e1 muy bien se\u00f1alizada.<\/p>\n<p>Me encuentro con gente que me pregunta, y yo respondo como si fuera un experto ge\u00f3grafo del lugar. Al poco tiempo me encuentro con la curiosa Cova del Moro, otro dolmen parecido al de Can Planes; lo \u00fanico que \u00e9ste tiene un Nacimiento en su interior. Muy cerca est\u00e1n las rocas de Plat del Rei o del Mol\u00ed: unas grandes rocas heridas y horadadas por la mano del hombre para sus quehaceres espirituales&#8230; digo yo. Me imagino al druida con sus paisanos haciendo alg\u00fan ritual como si fuera Panoramix en la Galia. Pero estos restos son algo m\u00e1s antiguos que esa \u00e9poca.<\/p>\n<div id=\"attachment_22021\" style=\"width: 1479px\" class=\"wp-caption aligncenter\"><a class=\"dt-single-image\" href=\"https:\/\/www.monta\u00f1asdelaluna.es\/wp-content\/uploads\/2015\/10\/Serralada-Litoral.-Granollers-La-Roca.-24-01-2011-112.jpg\" data-dt-img-description=\"\"><img loading=\"lazy\" decoding=\"async\" aria-describedby=\"caption-attachment-22021\" class=\"wp-image-22021 size-full\" src=\"https:\/\/www.monta\u00f1asdelaluna.es\/wp-content\/uploads\/2015\/10\/Serralada-Litoral.-Granollers-La-Roca.-24-01-2011-112.jpg\" alt=\"Desde el Tur\u00f3 de Cellecs: Tur\u00f3 de Matar\u00f3 y detr\u00e1s el Montseny\" width=\"1469\" height=\"1102\" srcset=\"https:\/\/www.monta\u00f1asdelaluna.es\/wp-content\/uploads\/2015\/10\/Serralada-Litoral.-Granollers-La-Roca.-24-01-2011-112.jpg 1469w, https:\/\/www.monta\u00f1asdelaluna.es\/wp-content\/uploads\/2015\/10\/Serralada-Litoral.-Granollers-La-Roca.-24-01-2011-112-300x225.jpg 300w, https:\/\/www.monta\u00f1asdelaluna.es\/wp-content\/uploads\/2015\/10\/Serralada-Litoral.-Granollers-La-Roca.-24-01-2011-112-1024x768.jpg 1024w\" sizes=\"auto, (max-width: 1469px) 100vw, 1469px\" \/><\/a><p id=\"caption-attachment-22021\" class=\"wp-caption-text\">Desde el Tur\u00f3 de Cellecs: Tur\u00f3 de Matar\u00f3 y detr\u00e1s el Montseny<\/p><\/div>\n<p>Sigo la senda que se convierte en camino y va dejando la fuerte la pendiente para ser m\u00e1s horizontal y suave. Comienza a hacer algo de calor. Antes de llegar a la urbanizaci\u00f3n de la Pineda o Can Gol, paro a ver otro resto prehist\u00f3rico: la Pedra de Les Creus. Una gran roca puesta sobre el suelo tambi\u00e9n rocoso, con se\u00f1ales parecidas a cruces taladradas con gran fuerza y profundidad en la dura roca gran\u00edtica. Interesante. Es un lugar de druidas, de rituales ancestrales, de restos y se\u00f1ales espirituales esparcidas por la monta\u00f1a, por aquellas monta\u00f1as&#8230; parece que de un momento a otro viajes en el tiempo y te topes con un altivo caballero medieval cabalgando con su corcel y su armadura, o con un alto druida de toga y barbas blancas con los brazos en cruz implorando a los esp\u00edritus de la Madre Tierra, de Gaia. Estremecedor.[\/vc_column_text][vc_separator][\/vc_column][\/vc_row][vc_row][vc_column][vc_empty_space][\/vc_column][\/vc_row][vc_row][vc_column][vc_video link=\u00bbhttps:\/\/vimeo.com\/22913390#t=0s\u00bb title=\u00bbSerralada Litoral. Ruta Prehist\u00f3rica\u00bb][\/vc_column][\/vc_row][vc_row][vc_column][vc_empty_space][\/vc_column][\/vc_row][vc_row][vc_column][vc_column_text]Sigo la pista, dejando al fondo el ya m\u00e1s alejado Tur\u00f3 de C\u00e9llecs, con su boscosa forma tric\u00e9fala de suaves perfiles. Me dejo los otros sitios de restos prehist\u00f3ricos sin ver&#8230; no por que no quisiera verlos, si no por que no los encontr\u00e9 \u00a1L\u00e1stima! Quer\u00eda ver al menos Roca Horadada, que parec\u00eda muy interesante y curiosa esta roca hueca. La pr\u00f3xima vez intentar\u00e9 estar m\u00e1s atento; ya que \u00e9stas est\u00e1n m\u00e1s alejadas del camino y no te encuentras con ellas mientras caminas. Ya en la urbanizaci\u00f3n sigo las indicaciones azules y bajo enseguida a la carretera BV-5001. Quiero dirigirme a las orillas del R\u00edo Mogent para cruzarlo en direcci\u00f3n a Granollers, y al cruzar la carretera, enseguida, encuentro un camino que baja, casi paralelo a la misma carretera. Ahora dejo la gu\u00eda del Patrimoni Arquitect\u00f3nic y saco de nuevo mi libreta. Seg\u00fan \u00e9sta ten\u00eda que haber seguido hasta la parte m\u00e1s baja de la urbanizaci\u00f3n, m\u00e1s al suroeste y, junto a una casa que queda en el kil\u00f3metro 22 de la carretera, cruzar el r\u00edo. Pero me desv\u00edo y sigo hac\u00eda el noreste, alej\u00e1ndome de mi recorrido, por campos y bancales verdes y hermosos entre el r\u00edo y la carretera. Otro camino me dirige a la orilla del r\u00edo, lo sigo y vuelvo hac\u00eda el suroeste, izquierda, siguiendo la orilla, r\u00edo abajo, del R\u00edo Mogent hasta encontrar el paso; y a la vez, sigo un recorrido de P.R. marcado con las se\u00f1ales amarillas y blancas. Las vistas hac\u00eda la urbanizaci\u00f3n, con el fondo del boscoso Tur\u00f3 de C\u00e9llecs y el intenso verdor de los campos llanos y apacibles, son encantadoras, pl\u00e1cidas, hermosas.<\/p>\n<div id=\"attachment_22027\" style=\"width: 1034px\" class=\"wp-caption aligncenter\"><a class=\"dt-single-image\" href=\"https:\/\/www.monta\u00f1asdelaluna.es\/wp-content\/uploads\/2015\/10\/Serralada-Litoral.-Granollers-La-Roca.-24-01-2011-122.jpg\" data-dt-img-description=\"\"><img loading=\"lazy\" decoding=\"async\" aria-describedby=\"caption-attachment-22027\" class=\"wp-image-22027 size-large\" src=\"https:\/\/www.monta\u00f1asdelaluna.es\/wp-content\/uploads\/2015\/10\/Serralada-Litoral.-Granollers-La-Roca.-24-01-2011-122-1024x768.jpg\" alt=\"Dolmen Cova del Moro\" width=\"1024\" height=\"768\" srcset=\"https:\/\/www.monta\u00f1asdelaluna.es\/wp-content\/uploads\/2015\/10\/Serralada-Litoral.-Granollers-La-Roca.-24-01-2011-122-1024x768.jpg 1024w, https:\/\/www.monta\u00f1asdelaluna.es\/wp-content\/uploads\/2015\/10\/Serralada-Litoral.-Granollers-La-Roca.-24-01-2011-122-300x225.jpg 300w, https:\/\/www.monta\u00f1asdelaluna.es\/wp-content\/uploads\/2015\/10\/Serralada-Litoral.-Granollers-La-Roca.-24-01-2011-122.jpg 1469w\" sizes=\"auto, (max-width: 1024px) 100vw, 1024px\" \/><\/a><p id=\"caption-attachment-22027\" class=\"wp-caption-text\">Dolmen Cova del Moro<\/p><\/div>\n<div id=\"attachment_22028\" style=\"width: 1034px\" class=\"wp-caption aligncenter\"><a class=\"dt-single-image\" href=\"https:\/\/www.monta\u00f1asdelaluna.es\/wp-content\/uploads\/2015\/10\/Serralada-Litoral.-Granollers-La-Roca.-24-01-2011-124.jpg\" data-dt-img-description=\"\"><img loading=\"lazy\" decoding=\"async\" aria-describedby=\"caption-attachment-22028\" class=\"wp-image-22028 size-large\" src=\"https:\/\/www.monta\u00f1asdelaluna.es\/wp-content\/uploads\/2015\/10\/Serralada-Litoral.-Granollers-La-Roca.-24-01-2011-124-1024x768.jpg\" alt=\"Plat del Rei\" width=\"1024\" height=\"768\" srcset=\"https:\/\/www.monta\u00f1asdelaluna.es\/wp-content\/uploads\/2015\/10\/Serralada-Litoral.-Granollers-La-Roca.-24-01-2011-124-1024x768.jpg 1024w, https:\/\/www.monta\u00f1asdelaluna.es\/wp-content\/uploads\/2015\/10\/Serralada-Litoral.-Granollers-La-Roca.-24-01-2011-124-300x225.jpg 300w, https:\/\/www.monta\u00f1asdelaluna.es\/wp-content\/uploads\/2015\/10\/Serralada-Litoral.-Granollers-La-Roca.-24-01-2011-124.jpg 1469w\" sizes=\"auto, (max-width: 1024px) 100vw, 1024px\" \/><\/a><p id=\"caption-attachment-22028\" class=\"wp-caption-text\">Plat del Rei<\/p><\/div>\n<p>Llego a la pasarela de cemento bajo la corriente del agua del R\u00edo Mogent que lo cruza. Parece que baja agua abundante, no s\u00e9 a qu\u00e9 profundidad. El puente m\u00e1s cercano est\u00e1 muy lejos. Los pies los tengo muy doloridos por que parece que estas zapatillas de monta\u00f1a me vienen peque\u00f1as si ando mucho con ellas, as\u00ed que&#8230; decido descalzarme, refrescarme los pies y cruzar el r\u00edo. No hay problema, a parte de lo resbaladizo del terreno mojado, el agua no llega ni a la mitad de la espinilla. Fresca y removida. Unos chavales de aspecto de Europa del este me siguen y les filmo, van con una ca\u00f1a de pescar, pero despu\u00e9s de hablar con ellos deciden volverse y volver a cruzarlo, dirigi\u00e9ndose a la monta\u00f1a. No saben como pasar el d\u00eda del domingo.<\/p>\n<p>Subo por un camino hac\u00eda Can Catafalc, cruzando otra carretera. Aqu\u00ed unos potrillos y caballos me saludan juguetones y curiosos. Es agradable que animen y saluden al caminante. De nuevo por los campos entre Granollers y La Roca, est\u00e1 vez algo m\u00e1s al sur. Bosquecillos y verdes bancales con el fondo del, cada vez m\u00e1s alejado y detr\u00e1s, Tur\u00f3 de C\u00e9llecs, y con la proximidad de la c\u00e1rcel de La Roca o de Quatre Camins, que rodear\u00e9 por el este sin cruzarme con ella. De Can Crist\u00f2fol a Can Mel\u00f3, volviendo a cruzar el AVE y la autopista. Esta vez he elegido una ruta de vuelta, que si se coge bien desde el principio, va directa pasando por verdes y preciosos lugares. De nuevo mis notas en mi cuaderno no me fallan y relatan punto a punto, sitio a sitio, por donde pasar, cruzar y ver.<\/p>\n<div id=\"attachment_22040\" style=\"width: 1034px\" class=\"wp-caption aligncenter\"><a class=\"dt-single-image\" href=\"https:\/\/www.monta\u00f1asdelaluna.es\/wp-content\/uploads\/2015\/10\/Serralada-Litoral.-Granollers-La-Roca.-24-01-2011-149.jpg\" data-dt-img-description=\"\"><img loading=\"lazy\" decoding=\"async\" aria-describedby=\"caption-attachment-22040\" class=\"wp-image-22040 size-large\" src=\"https:\/\/www.monta\u00f1asdelaluna.es\/wp-content\/uploads\/2015\/10\/Serralada-Litoral.-Granollers-La-Roca.-24-01-2011-149-1024x768.jpg\" alt=\"Cruzando el R\u00edo Mogent\" width=\"1024\" height=\"768\" srcset=\"https:\/\/www.monta\u00f1asdelaluna.es\/wp-content\/uploads\/2015\/10\/Serralada-Litoral.-Granollers-La-Roca.-24-01-2011-149-1024x768.jpg 1024w, https:\/\/www.monta\u00f1asdelaluna.es\/wp-content\/uploads\/2015\/10\/Serralada-Litoral.-Granollers-La-Roca.-24-01-2011-149-300x225.jpg 300w, https:\/\/www.monta\u00f1asdelaluna.es\/wp-content\/uploads\/2015\/10\/Serralada-Litoral.-Granollers-La-Roca.-24-01-2011-149.jpg 1469w\" sizes=\"auto, (max-width: 1024px) 100vw, 1024px\" \/><\/a><p id=\"caption-attachment-22040\" class=\"wp-caption-text\">Cruzando el R\u00edo Mogent<\/p><\/div>\n<div id=\"attachment_22046\" style=\"width: 1034px\" class=\"wp-caption aligncenter\"><a class=\"dt-single-image\" href=\"https:\/\/www.monta\u00f1asdelaluna.es\/wp-content\/uploads\/2015\/10\/Serralada-Litoral.-Granollers-La-Roca.-24-01-2011-164.jpg\" data-dt-img-description=\"\"><img loading=\"lazy\" decoding=\"async\" aria-describedby=\"caption-attachment-22046\" class=\"wp-image-22046 size-large\" src=\"https:\/\/www.monta\u00f1asdelaluna.es\/wp-content\/uploads\/2015\/10\/Serralada-Litoral.-Granollers-La-Roca.-24-01-2011-164-1024x768.jpg\" alt=\"Caballos de Can Catafalc, al fondo el Tur\u00f3 de Cellecs\" width=\"1024\" height=\"768\" srcset=\"https:\/\/www.monta\u00f1asdelaluna.es\/wp-content\/uploads\/2015\/10\/Serralada-Litoral.-Granollers-La-Roca.-24-01-2011-164-1024x768.jpg 1024w, https:\/\/www.monta\u00f1asdelaluna.es\/wp-content\/uploads\/2015\/10\/Serralada-Litoral.-Granollers-La-Roca.-24-01-2011-164-300x225.jpg 300w, https:\/\/www.monta\u00f1asdelaluna.es\/wp-content\/uploads\/2015\/10\/Serralada-Litoral.-Granollers-La-Roca.-24-01-2011-164.jpg 1469w\" sizes=\"auto, (max-width: 1024px) 100vw, 1024px\" \/><\/a><p id=\"caption-attachment-22046\" class=\"wp-caption-text\">Caballos de Can Catafalc, al fondo el Tur\u00f3 de Cellecs<\/p><\/div>\n<p>Justo al otro lado de la autopista est\u00e1 la v\u00eda del tren la cual seguir\u00e9, pasando por debajo, hac\u00eda Granollers, que por fin se v\u00e9 al fondo en el horizonte de un verd\u00edsimo bancal de joven trigo o cebada. Antes me he vuelto a cruzar con se\u00f1alizaciones de otras rutas, otros recorridos: Cam\u00ed de Can Rei, Ruta de Vallderiolf&#8230; pero yo sigo mis propios escritos, mis propios apuntes e indicaciones. Debo decir que todo fue muy bien, me indiqu\u00e9 perfectamente el recorrido que deber\u00eda de hacer de manera que fuera c\u00f3modo para mi, directo, entretenido y tocando en lo m\u00ednimo el asfalto y las poblaciones.<\/p>\n<p>Despu\u00e9s de ocho horas de marcha por campos, monta\u00f1as y monumentos megal\u00edticos, llego a la estaci\u00f3n de Granollers. Me ha gustado mucho explorar, aventurarme y andar por caminos, sendas marcadas para seguir el rastro de los hombres antiguos, y por caminos sin marcar, sin conocer, solitarios o habitados, perderme y encontrar otros caminos&#8230; quiz\u00e1s sea la met\u00e1fora de la Vida. Me ha encantado la ruta, actividad, los lugares, lo que he visto y sentido&#8230; frondosa, misteriosa y ancestral la Serralada Litoral.<\/p>\n<div id=\"attachment_22073\" style=\"width: 764px\" class=\"wp-caption aligncenter\"><a class=\"dt-single-image\" href=\"https:\/\/www.monta\u00f1asdelaluna.es\/wp-content\/uploads\/2011\/04\/granollers-la-roca.blog_.jpg\" data-dt-img-description=\"\"><img loading=\"lazy\" decoding=\"async\" aria-describedby=\"caption-attachment-22073\" class=\"wp-image-22073 size-full\" src=\"https:\/\/www.monta\u00f1asdelaluna.es\/wp-content\/uploads\/2011\/04\/granollers-la-roca.blog_.jpg\" alt=\"Croquis del recorrido por la Ruta Prehistorica de la Serralada Litoral\" width=\"754\" height=\"738\" srcset=\"https:\/\/www.monta\u00f1asdelaluna.es\/wp-content\/uploads\/2011\/04\/granollers-la-roca.blog_.jpg 754w, https:\/\/www.monta\u00f1asdelaluna.es\/wp-content\/uploads\/2011\/04\/granollers-la-roca.blog_-300x294.jpg 300w\" sizes=\"auto, (max-width: 754px) 100vw, 754px\" \/><\/a><p id=\"caption-attachment-22073\" class=\"wp-caption-text\">Croquis del recorrido por la Ruta Prehistorica de la Serralada Litoral<\/p><\/div>\n<p>[\/vc_column_text][\/vc_column][\/vc_row][vc_row][vc_column][vc_empty_space height=\u00bb60px\u00bb][\/vc_column][\/vc_row][vc_row][vc_column][vc_cta h2=\u00bbAlb\u00fam de fotos\u00bb txt_align=\u00bbcenter\u00bb add_button=\u00bbbottom\u00bb btn_title=\u00bbVer fotos\u00bb btn_color=\u00bbwarning\u00bb btn_align=\u00bbcenter\u00bb btn_link=\u00bburl:https%3A%2F%2Fmonta%C3%B1asdelaluna.es%2F%3Fdt_gallery%3Dserralada-litoral-ruta-prehistorica-2|title:Serralada%20Litoral.%20Ruta%20Prehist%C3%B3rica|target:_blank\u00bb css=\u00bb.vc_custom_1625848290131{background-color: #8bc4ed !important;}\u00bb]Puedes ver todas las fotos del relato y actividad en forma de presentaci\u00f3n o individuales pinchando aqui \u00a1No te las pierdas![\/vc_cta][\/vc_column][\/vc_row][vc_row][vc_column][vc_empty_space height=\u00bb60px\u00bb][\/vc_column][\/vc_row][vc_row][vc_column width=\u00bb1\/3&#8243;][\/vc_column][vc_column width=\u00bb1\/2&#8243;][vc_raw_html]JTNDaWZyYW1lJTIwc3JjJTNEJTIyaHR0cHMlM0ElMkYlMkZ3d3cubWV0ZW9ibHVlLmNvbSUyRmVzJTJGdGllbXBvJTJGd2lkZ2V0JTJGZGFpbHklMkZncmFub2xsZXJzX2VzcGElMjVjMyUyNWIxYV8zMTIxMTQ1JTNGZGF5cyUzRDclMjZ0ZW1wdW5pdCUzRENFTFNJVVMlMjZ3aW5kdW5pdCUzREtJTE9NRVRFUl9QRVJfSE9VUiUyNnBpY3RvaWNvbiUzRDElMjZtYXh0ZW1wZXJhdHVyZSUzRDElMjZtaW50ZW1wZXJhdHVyZSUzRDElMjZ3aW5kc3BlZWQlM0QxJTI2d2luZGd1c3QlM0QxJTI2d2luZGRpcmVjdGlvbiUzRDElMjZwcmVjaXBpdGF0aW9uJTNEMSUyNnByZWNpcGl0YXRpb25wcm9iYWJpbGl0eSUzRDElMjZzcG90JTNEMSUyNnByZXNzdXJlJTNEMSUyNmxheW91dCUzRGxpZ2h0JTIyJTIwJTIwZnJhbWVib3JkZXIlM0QlMjIwJTIyJTIwc2Nyb2xsaW5nJTNEJTIyTk8lMjIlMjBhbGxvd3RyYW5zcGFyZW5jeSUzRCUyMnRydWUlMjIlMjBzdHlsZSUzRCUyMndpZHRoJTNBJTIwMzc4cHglM0JoZWlnaHQlM0ElMjAzOTFweCUyMiUzRSUzQyUyRmlmcmFtZSUzRSUzQ2RpdiUzRSUzQyUyMS0tJTIwRE8lMjBOT1QlMjBSRU1PVkUlMjBUSElTJTIwTElOSyUyMC0tJTNFJTNDYSUyMGhyZWYlM0QlMjJodHRwcyUzQSUyRiUyRnd3dy5tZXRlb2JsdWUuY29tJTJGZXMlMkZ0aWVtcG8lMkZwcm9ub3N0aWNvJTJGc2VtYW5hJTJGZ3Jhbm9sbGVyc19lc3BhJTI1YzMlMjViMWFfMzEyMTE0NSUyMiUyMHRhcmdldCUzRCUyMl9ibGFuayUyMiUzRW1ldGVvYmx1ZSUzQyUyRmElM0UlM0MlMkZkaXYlM0U=[\/vc_raw_html][\/vc_column][vc_column width=\u00bb1\/5&#8243;][\/vc_column][\/vc_row]<\/p>\n","protected":false},"excerpt":{"rendered":"<p>[vc_row][vc_column][vc_column_text]Sin devolver el libro de gu\u00eda por los Parques Naturales de Barcelona, vuelvo a mirar una ruta aut\u00e9ntica para realizar en el inhiesto parque y monta\u00f1as de la Serralada de Marina, la Serralada Litoral. Se unieron varios factores: el pico m\u00e1s alto de la sierra y lugar, dos rutas de las llamadas Rutas Prehist\u00f3ricas, y&hellip;<\/p>\n","protected":false},"author":1,"featured_media":22027,"comment_status":"open","ping_status":"open","sticky":false,"template":"","format":"standard","meta":[],"categories":[72],"tags":[],"class_list":["post-22060","post","type-post","status-publish","format-standard","has-post-thumbnail","hentry","category-serralada-de-marina-y-litoral","category-72","description-off"],"_links":{"self":[{"href":"https:\/\/www.monta\u00f1asdelaluna.es\/index.php?rest_route=\/wp\/v2\/posts\/22060","targetHints":{"allow":["GET"]}}],"collection":[{"href":"https:\/\/www.monta\u00f1asdelaluna.es\/index.php?rest_route=\/wp\/v2\/posts"}],"about":[{"href":"https:\/\/www.monta\u00f1asdelaluna.es\/index.php?rest_route=\/wp\/v2\/types\/post"}],"author":[{"embeddable":true,"href":"https:\/\/www.monta\u00f1asdelaluna.es\/index.php?rest_route=\/wp\/v2\/users\/1"}],"replies":[{"embeddable":true,"href":"https:\/\/www.monta\u00f1asdelaluna.es\/index.php?rest_route=%2Fwp%2Fv2%2Fcomments&post=22060"}],"version-history":[{"count":19,"href":"https:\/\/www.monta\u00f1asdelaluna.es\/index.php?rest_route=\/wp\/v2\/posts\/22060\/revisions"}],"predecessor-version":[{"id":50199,"href":"https:\/\/www.monta\u00f1asdelaluna.es\/index.php?rest_route=\/wp\/v2\/posts\/22060\/revisions\/50199"}],"wp:featuredmedia":[{"embeddable":true,"href":"https:\/\/www.monta\u00f1asdelaluna.es\/index.php?rest_route=\/wp\/v2\/media\/22027"}],"wp:attachment":[{"href":"https:\/\/www.monta\u00f1asdelaluna.es\/index.php?rest_route=%2Fwp%2Fv2%2Fmedia&parent=22060"}],"wp:term":[{"taxonomy":"category","embeddable":true,"href":"https:\/\/www.monta\u00f1asdelaluna.es\/index.php?rest_route=%2Fwp%2Fv2%2Fcategories&post=22060"},{"taxonomy":"post_tag","embeddable":true,"href":"https:\/\/www.monta\u00f1asdelaluna.es\/index.php?rest_route=%2Fwp%2Fv2%2Ftags&post=22060"}],"curies":[{"name":"wp","href":"https:\/\/api.w.org\/{rel}","templated":true}]}}