{"id":22414,"date":"2011-10-01T12:01:28","date_gmt":"2011-10-01T12:01:28","guid":{"rendered":"http:\/\/monta\u00f1asdelaluna.com\/?p=22414"},"modified":"2021-08-07T19:00:06","modified_gmt":"2021-08-07T19:00:06","slug":"el-corredor-entre-brujas-y-santas","status":"publish","type":"post","link":"https:\/\/www.monta\u00f1asdelaluna.es\/?p=22414","title":{"rendered":"El Corredor. Entre Brujas y Santas"},"content":{"rendered":"<p>[vc_row][vc_column][vc_column_text]Aunque el t\u00edtulo original ser\u00eda \u201cRuta de las Brujas y las Santas\u201d, \u00e9ste queda mucho m\u00e1s expresivo. \u00bfPor qu\u00e9 Brujas y Santas?: el valle y lugar de Vallgorguina es famoso por sus leyendas, historias y an\u00e9cdotas de aquelarres y reuniones de brujas y brujos por los boscosos alrededores, llenos de misterios y magia con esos monumentos megal\u00edticos como el original Dolmen de Pedra Gentil. Y a la vez, el clero aprovech\u00f3 para imponer en el lugar el culto religioso cristiano ante lo pagano construyendo solitarios y desolados templos, ahora perdidos, entre la inmensidad del bosque como Santa Eulalia de Tapioles; que, queri\u00e9ndolo o no, han contribuido a propagar ese halo de misterio y esoterismo que rodea a estos lugares.<\/p>\n<p>El pasado s\u00e1bado 1 de octubre, junto con Enrique y las dos Annas, iniciamos el recorrido desde la Calle Champi\u00f1\u00f3n de Canad\u00e0 Park (lugar de partida y regreso de muchas excursiones en esta monta\u00f1a). Siguiendo el recorrido al rev\u00e9s explicado en Dolmen de Pedra Gentil en El Corredor, salimos por la calle de La Llanega Blanca en busca del Dolmen de Pedra Gentil y Santa Eulalia de Tapioles. Hace tiempo que no llueve en abundancia y el mes de octubre parece julio, pero el bosque y su vegetaci\u00f3n segu\u00edan teniendo una exuberancia y belleza \u00fanicas. La pista, como se explica en el otro relato, no tiene p\u00e9rdida si no nos equivocamos en los 2 o 3 cruces que tiene. El hecho es que debemos llegar hasta una construcci\u00f3n casi en ruinas, en medio de una loma boscosa, de la que anteriormente nos habr\u00e1 llamado la atenci\u00f3n el peculiar y fantasmag\u00f3rico campanario de Santa Eulalia de Tapioles.<\/p>\n<div id=\"attachment_22351\" style=\"width: 813px\" class=\"wp-caption aligncenter\"><a class=\"dt-single-image\" href=\"https:\/\/www.monta\u00f1asdelaluna.es\/wp-content\/uploads\/2015\/08\/0073.jpg\" data-dt-img-description=\"\"><img loading=\"lazy\" decoding=\"async\" aria-describedby=\"caption-attachment-22351\" class=\"wp-image-22351 size-full\" src=\"https:\/\/www.monta\u00f1asdelaluna.es\/wp-content\/uploads\/2015\/08\/0073.jpg\" alt=\"Llegando a Santa Eulalia de Tapioles\" width=\"803\" height=\"602\" srcset=\"https:\/\/www.monta\u00f1asdelaluna.es\/wp-content\/uploads\/2015\/08\/0073.jpg 803w, https:\/\/www.monta\u00f1asdelaluna.es\/wp-content\/uploads\/2015\/08\/0073-300x225.jpg 300w\" sizes=\"auto, (max-width: 803px) 100vw, 803px\" \/><\/a><p id=\"caption-attachment-22351\" class=\"wp-caption-text\">Llegando a Santa Eulalia de Tapioles<\/p><\/div>\n<p>Cerrada y con un peque\u00f1o cementerio junto a una especie de cripta con c\u00fapula de estilo \u00e1rabe, Santa Eulalia de Tapioles nos ofrece ese encanto, misterio e inc\u00f3modo misticismo que cualquier iglesia abandonada y medio arruinada nos puede transmitir en un lugar tan lleno de magia y energ\u00eda&#8230; \u00a1No me gustar\u00eda pasar una noche a solas entre esos muros carcomidos por el tiempo! Muy cerca y al otro lado de la pista que nos sube a El Corredor desde Vallgorguina, est\u00e1 el Dolmen de Pedra Gentil. Espectacular monumento megal\u00edtico emplazado en lo alto de un tur\u00f3 entre ra\u00edces que sobresalen entre la tierra y la roca, como nervios o conductos de energ\u00eda, de vida, en una extensa y macabra red que conecta el lugar con el bosque. Lugar de aquelarres y de viejas historias de brujas; la energ\u00eda del lugar as\u00ed nos lo dice. Almorzamos junto a las rocas empinadas que apoyan otra plana como si se tratara de una enorme mesa de sacrificios, altar o \u201cparab\u00f3lica\u201d para esos quehaceres m\u00e1gicos y naturales.<\/p>\n<p>Del Dolmen de Pedra Gentil ya nos adentramos por un recorrido desconocido. En lugar de coger la aburrida y aplastada pista hac\u00eda El Corredor que viene de Vallgorguina, nos aventuramos por otro camino hac\u00eda la izquierda y sureste, m\u00e1s resguardado entre el bosque, m\u00e1s apetecible de recorrer. No es el que tiene una cadena nada m\u00e1s bajar del dolmen, si no, el siguiente. \u00c9ste lo flanquean dos magn\u00edficos ejemplares de quejigo, uno haciendo como de efigie a la entrada del camino, y el m\u00e1s grande detr\u00e1s como intentando ocultarse, sin conseguirlo, entre la vegetaci\u00f3n \u00a1Magn\u00edficos!<\/p>\n<div id=\"attachment_22355\" style=\"width: 761px\" class=\"wp-caption aligncenter\"><a class=\"dt-single-image\" href=\"https:\/\/www.monta\u00f1asdelaluna.es\/wp-content\/uploads\/2015\/08\/010A.jpg\" data-dt-img-description=\"\"><img loading=\"lazy\" decoding=\"async\" aria-describedby=\"caption-attachment-22355\" class=\"wp-image-22355 size-full\" src=\"https:\/\/www.monta\u00f1asdelaluna.es\/wp-content\/uploads\/2015\/08\/010A.jpg\" alt=\"Subiendo al Dolmen de Pedra Gentil\" width=\"751\" height=\"563\" srcset=\"https:\/\/www.monta\u00f1asdelaluna.es\/wp-content\/uploads\/2015\/08\/010A.jpg 751w, https:\/\/www.monta\u00f1asdelaluna.es\/wp-content\/uploads\/2015\/08\/010A-300x225.jpg 300w\" sizes=\"auto, (max-width: 751px) 100vw, 751px\" \/><\/a><p id=\"caption-attachment-22355\" class=\"wp-caption-text\">Subiendo al Dolmen de Pedra Gentil<\/p><\/div>\n<div id=\"attachment_22361\" style=\"width: 761px\" class=\"wp-caption aligncenter\"><a class=\"dt-single-image\" href=\"https:\/\/www.monta\u00f1asdelaluna.es\/wp-content\/uploads\/2015\/08\/0153.jpg\" data-dt-img-description=\"\"><img loading=\"lazy\" decoding=\"async\" aria-describedby=\"caption-attachment-22361\" class=\"wp-image-22361 size-full\" src=\"https:\/\/www.monta\u00f1asdelaluna.es\/wp-content\/uploads\/2015\/08\/0153.jpg\" alt=\"Dolmen de Pedra Gentil\" width=\"751\" height=\"563\" srcset=\"https:\/\/www.monta\u00f1asdelaluna.es\/wp-content\/uploads\/2015\/08\/0153.jpg 751w, https:\/\/www.monta\u00f1asdelaluna.es\/wp-content\/uploads\/2015\/08\/0153-300x225.jpg 300w\" sizes=\"auto, (max-width: 751px) 100vw, 751px\" \/><\/a><p id=\"caption-attachment-22361\" class=\"wp-caption-text\">Dolmen de Pedra Gentil<\/p><\/div>\n<p>Este camino hace que perdamos altura acerc\u00e1ndonos a Vallgorguina, pero es muy preferible a la dura y aburrida pista. Enrique me dice que estamos bajando mucho y perdiendo altura; empiezo a sospechar que nos hemos equivocado justo cuando nos topamos con otra senda, casi paralela, oblicua, que a la derecha y hac\u00eda arriba se dirige al Santuario de El Corredor: es el esperado G.R.-92. A partir de aqu\u00ed seguiremos dicho recorrido hasta las mismas puertas del Santuario. El desnivel es m\u00e1s grande del que yo pensaba (desde que empezamos a pisar el G.R.-92 hasta El Corredor): desde unos 240 mts. hasta los 650 mts. del Santuario. Abajo se ven las casas de Vallgorguina, abarrancadas en la ladera boscosa; detr\u00e1s una inmensa mole redondeada y como alargada le cubre todo el horizonte, es la Sierra del Montnegre. Sierra que comparte con El Corredor este espl\u00e9ndido parque natural. Pongo mis ojos en esa peculiar monta\u00f1a para convertirla en uno de mis pr\u00f3ximos objetivos en mis andanzas monta\u00f1eras y aventureras por estos bosques.<\/p>\n<p>Pronto el sendero desemboca de nuevo en la angustiada pista, justo enfrente de una construcci\u00f3n y unos campos llanos de labranza frente a ellas: es Can Pradell de La Serra. Nos paramos a observar sus alrededores y descubrimos un mini estanque lleno de peces. Uno de ellos con la pancha como hinchada o inflada&#8230; \u00a1\u00a1uuuggghhh!! como un \u201cpez-mutante\u201d&#8230; \u00a1je, je! Ahora seguimos la pista, o nos adentramos en una senda, que desemboca en, otra vez la pista&#8230; y justo cuando vuelve a internarse en otra senda a la izquierda en medio de la vegetaci\u00f3n, a la derecha viene la pista que comienza en la parte m\u00e1s alta de Canad\u00e0 Park y que seguimos en el primer recorrido a este bello lugar: Conociendo El Corredor. Nos puede servir como \u201cv\u00eda de escape\u201d. A partir de entonces seguiremos las indicaciones de esta nombrada ruta, desde aqu\u00ed, en las cercan\u00edas de la mas\u00eda del Trull o Truy hasta el Santuario de El Corredor. Pongo Trull o Truy por que en los mapas viene como Trull pero junto a la casa en una hermosa encima, est\u00e1 colgado el met\u00e1lico cartel con las letras \u201cTruy\u201d. Y por fin, despu\u00e9s de esta conocida y corta senda, llegamos a dicho \u00e1rbol, a dicha mas\u00eda y a dichos campos allanados de labor.<\/p>\n<div id=\"attachment_22365\" style=\"width: 573px\" class=\"wp-caption aligncenter\"><a class=\"dt-single-image\" href=\"https:\/\/www.monta\u00f1asdelaluna.es\/wp-content\/uploads\/2015\/08\/0183.jpg\" data-dt-img-description=\"\"><img loading=\"lazy\" decoding=\"async\" aria-describedby=\"caption-attachment-22365\" class=\"wp-image-22365 size-full\" src=\"https:\/\/www.monta\u00f1asdelaluna.es\/wp-content\/uploads\/2015\/08\/0183.jpg\" alt=\"Sureras cerca del Dolmen de Pedra Gentil\" width=\"563\" height=\"751\" srcset=\"https:\/\/www.monta\u00f1asdelaluna.es\/wp-content\/uploads\/2015\/08\/0183.jpg 563w, https:\/\/www.monta\u00f1asdelaluna.es\/wp-content\/uploads\/2015\/08\/0183-225x300.jpg 225w\" sizes=\"auto, (max-width: 563px) 100vw, 563px\" \/><\/a><p id=\"caption-attachment-22365\" class=\"wp-caption-text\">Sureras cerca del Dolmen de Pedra Gentil<\/p><\/div>\n<div id=\"attachment_22375\" style=\"width: 761px\" class=\"wp-caption aligncenter\"><a class=\"dt-single-image\" href=\"https:\/\/www.monta\u00f1asdelaluna.es\/wp-content\/uploads\/2015\/08\/0253.jpg\" data-dt-img-description=\"\"><img loading=\"lazy\" decoding=\"async\" aria-describedby=\"caption-attachment-22375\" class=\"wp-image-22375 size-full\" src=\"https:\/\/www.monta\u00f1asdelaluna.es\/wp-content\/uploads\/2015\/08\/0253.jpg\" alt=\"Can Pradell de La Serra\" width=\"751\" height=\"563\" srcset=\"https:\/\/www.monta\u00f1asdelaluna.es\/wp-content\/uploads\/2015\/08\/0253.jpg 751w, https:\/\/www.monta\u00f1asdelaluna.es\/wp-content\/uploads\/2015\/08\/0253-300x225.jpg 300w\" sizes=\"auto, (max-width: 751px) 100vw, 751px\" \/><\/a><p id=\"caption-attachment-22375\" class=\"wp-caption-text\">Can Pradell de La Serra<\/p><\/div>\n<p>Seguimos por la horizontal y mon\u00f3tona pista buscando el \u201cperdido\u201d Dolmen del Trull por el lado izquierdo de la misma, nada m\u00e1s salir de las inmediaciones de la mas\u00eda, entre los matorrales y vegetaci\u00f3n, sin conseguirlo. Seg\u00fan el mapa tiene que estar por aqu\u00ed. Pero desisto; no veo se\u00f1alizaci\u00f3n ni nada que me lo indique, y decido no hacerle m\u00e1s caso y subir hac\u00eda El Corredor.<\/p>\n<p>Seguimos el G.R.-11 por la pista que de nuevo; entra en un sendero a la izquierda y vuelve a la pista ya sin dejarla hasta la misma cima de El Corredor. Se ha hecho m\u00e1s largo de lo esperado, y la subida con m\u00e1s desnivel de lo que parec\u00eda, pero ya estamos en las puertas del Santuario de El Corredor a unos 650 mts. de altura.<\/p>\n<p>Nos recibe con una extraordinaria concentraci\u00f3n de bicis de monta\u00f1a, de las que podemos contar por decenas. Vienen del Matagalls (Montseny) y bajan a la costa. Descansamos un poco. Bebemos agua y rellenamos las cantimploras. Anna quiere acortar el recorrido por que bajaremos m\u00e1s tarde de lo esperado y, mirando mi reci\u00e9n comprado mapa de alpina del parque natural de Montnegre Corredor, vislumbro otra ruta de bajada algo m\u00e1s directa a Canad\u00e0 Park sin pasar por los otros lugares que hab\u00eda planeado visitar con el nombre de esta ruta.<\/p>\n<div id=\"attachment_22389\" style=\"width: 761px\" class=\"wp-caption aligncenter\"><a class=\"dt-single-image\" href=\"https:\/\/www.monta\u00f1asdelaluna.es\/wp-content\/uploads\/2015\/08\/0363.jpg\" data-dt-img-description=\"\"><img loading=\"lazy\" decoding=\"async\" aria-describedby=\"caption-attachment-22389\" class=\"wp-image-22389 size-full\" src=\"https:\/\/www.monta\u00f1asdelaluna.es\/wp-content\/uploads\/2015\/08\/0363.jpg\" alt=\"Santuario del Corredor\" width=\"751\" height=\"476\" srcset=\"https:\/\/www.monta\u00f1asdelaluna.es\/wp-content\/uploads\/2015\/08\/0363.jpg 751w, https:\/\/www.monta\u00f1asdelaluna.es\/wp-content\/uploads\/2015\/08\/0363-300x190.jpg 300w\" sizes=\"auto, (max-width: 751px) 100vw, 751px\" \/><\/a><p id=\"caption-attachment-22389\" class=\"wp-caption-text\">Santuario del Corredor<\/p><\/div>\n<div id=\"attachment_22393\" style=\"width: 761px\" class=\"wp-caption aligncenter\"><a class=\"dt-single-image\" href=\"https:\/\/www.monta\u00f1asdelaluna.es\/wp-content\/uploads\/2015\/08\/039A.jpg\" data-dt-img-description=\"\"><img loading=\"lazy\" decoding=\"async\" aria-describedby=\"caption-attachment-22393\" class=\"wp-image-22393 size-full\" src=\"https:\/\/www.monta\u00f1asdelaluna.es\/wp-content\/uploads\/2015\/08\/039A.jpg\" alt=\"Santuario del Corredor\" width=\"751\" height=\"563\" srcset=\"https:\/\/www.monta\u00f1asdelaluna.es\/wp-content\/uploads\/2015\/08\/039A.jpg 751w, https:\/\/www.monta\u00f1asdelaluna.es\/wp-content\/uploads\/2015\/08\/039A-300x225.jpg 300w\" sizes=\"auto, (max-width: 751px) 100vw, 751px\" \/><\/a><p id=\"caption-attachment-22393\" class=\"wp-caption-text\">Santuario del Corredor<\/p><\/div>\n<p>La idea, que pod\u00e9is realizar sin problemas, era salir del Santuario de El Corredor por el recorrido se\u00f1alado hac\u00eda la izquierda en busca de la riera del Torrent del Sot del Fangar y un camino paralelo al mismo curso del torrente y en su fondo (como el recorrido pero al rev\u00e9s de Conociendo El Corredor) para disfrutar de la exuberancia de la vegetaci\u00f3n del vallecillo, sali\u00e9ndonos de las rutas se\u00f1alizadas del parque. \u00c9ste saldr\u00eda al \u00c1rea Recreativa del Corredor desde la que seguir\u00edamos, de nuevo, el G.R.-92 hac\u00eda el \u00e1rea de acampada y hasta toparnos de nuevo con la pista en el cruce con Ca l\u2019Arenes. Desde Ca l\u2019Arenes seguir\u00edamos el final del recorrido descrito en De la Serralada Litoral a El Corredor por el G.R.-92 hac\u00eda Canad\u00e0 Park pasando por el inolvidable Dolmen de Ca l\u2019Arenes&#8230; aunque desde la ruta se\u00f1alizada del parque, desde el mismo Santuario podemos llegar al Dolmen de Ca l\u2019Arenes sin necesidad de pasar por dicha mas\u00eda&#8230; a gusto del consumidor.<\/p>\n<p>El caso es que nos decidimos, acertadamente, el bajarnos directamente del Santuario a Canad\u00e0 Park. Para ello cogimos el camino se\u00f1alado del parque por la derecha, y en un cruce de caminos bien definido dejamos el recorrido se\u00f1alado del parque a la izquierda, y bajamos por el camino hac\u00eda la derecha, en busca de pasar bajo las l\u00edneas el\u00e9ctricas (las cuales pasamos dos veces bajo ellas). La pista no tiene p\u00e9rdida. Baja un desnivel considerable en poco tiempo con lo que la pendiente es evidente; con una direcci\u00f3n en general hac\u00eda el noroeste, en busca de Ca l\u2019Illa y su riera. \u00c9ste lugar forma ahora un vallecillo entre el macizo principal de El Corredor del que bajamos y la Serra d\u2019en Benet, tras la cual queda Canad\u00e0 Park.<\/p>\n<div id=\"attachment_22398\" style=\"width: 761px\" class=\"wp-caption aligncenter\"><a class=\"dt-single-image\" href=\"https:\/\/www.monta\u00f1asdelaluna.es\/wp-content\/uploads\/2015\/08\/0431.jpg\" data-dt-img-description=\"\"><img loading=\"lazy\" decoding=\"async\" aria-describedby=\"caption-attachment-22398\" class=\"wp-image-22398 size-full\" src=\"https:\/\/www.monta\u00f1asdelaluna.es\/wp-content\/uploads\/2015\/08\/0431.jpg\" alt=\"Pista en busca de l'Illa\" width=\"751\" height=\"563\" srcset=\"https:\/\/www.monta\u00f1asdelaluna.es\/wp-content\/uploads\/2015\/08\/0431.jpg 751w, https:\/\/www.monta\u00f1asdelaluna.es\/wp-content\/uploads\/2015\/08\/0431-300x225.jpg 300w\" sizes=\"auto, (max-width: 751px) 100vw, 751px\" \/><\/a><p id=\"caption-attachment-22398\" class=\"wp-caption-text\">Pista en busca de l&#8217;Illa<\/p><\/div>\n<div id=\"attachment_22402\" style=\"width: 761px\" class=\"wp-caption aligncenter\"><a class=\"dt-single-image\" href=\"https:\/\/www.monta\u00f1asdelaluna.es\/wp-content\/uploads\/2015\/08\/0451.jpg\" data-dt-img-description=\"\"><img loading=\"lazy\" decoding=\"async\" aria-describedby=\"caption-attachment-22402\" class=\"wp-image-22402 size-full\" src=\"https:\/\/www.monta\u00f1asdelaluna.es\/wp-content\/uploads\/2015\/08\/0451.jpg\" alt=\"En busca de l'Esgl\u00e8sia Vella o de Santa Maria\" width=\"751\" height=\"563\" srcset=\"https:\/\/www.monta\u00f1asdelaluna.es\/wp-content\/uploads\/2015\/08\/0451.jpg 751w, https:\/\/www.monta\u00f1asdelaluna.es\/wp-content\/uploads\/2015\/08\/0451-300x225.jpg 300w\" sizes=\"auto, (max-width: 751px) 100vw, 751px\" \/><\/a><p id=\"caption-attachment-22402\" class=\"wp-caption-text\">En busca de l&#8217;Esgl\u00e8sia Vella o de Santa Maria<\/p><\/div>\n<p>Antes de llegar a Ca l\u2019Illa desembocamos en otra pista junto a los campos de labranza de Ca l\u2019Illa. Debemos seguir valle abajo hac\u00eda el oeste suroeste, dejando los prados a nuestra derecha. Estamos ya en octubre pero el calor es a\u00fan fuerte y acusado, como si estuvi\u00e9ramos a finales de junio. Por suerte la marcha se hace llevadera, r\u00e1pida y sin contratiempos. Ya vemos la ordinaria construcci\u00f3n de Ca l\u2019Illa a la derecha. Desembocamos en otra pista (enlazando con la ruta De la Serralada Litoral a El Corredor por el G.R.-92) y seguimos la misma que nos lleva en poco tiempo a Ca l\u2019Illa hac\u00eda la derecha.<\/p>\n<p>No llegamos a pasar por la puerta de Ca l\u2019Illa, si no por abajo de su construcci\u00f3n siguiendo la pista. Ahora estamos en el trayecto final de la ruta De la Serralada Litoral a El Corredor por el G.R.-92&#8230; pero decid\u00ed ir por un sendero mejor y m\u00e1s vistoso que no por tanta pista aburrida, y m\u00e1s directo hac\u00eda l\u2019Esgl\u00e8sia Vella o de Santa Maria (la Ermita para los lugare\u00f1os) el \u00faltimo templo que nos quedar\u00eda por visitar: para ello, al poco tiempo de dejar atr\u00e1s Ca l\u2019Illa nos encontramos con un cruce. El camino que lo cruza est\u00e1 como abandonado; a la izquierda baja, a la derecha sube. Seguimos el de la derecha (que parece se lo coma el monte) pero enseguida se allana y sigue hac\u00eda la izquierda metido y convertido en una senda ancha, entre la exuberante y pl\u00e1cida vegetaci\u00f3n del lugar. Mucho m\u00e1s delicioso que andar por la ancha pista.<\/p>\n<p>Despu\u00e9s de deleitarnos por este bello recorrido, la senda-camino termina en otra pista ya muy cerca del \u00faltimo templo a visitar. Solo hay que seguir a la izquierda y enseguida llegamos a la esperada Esgl\u00e8sia Vella o de Santa Mar\u00eda, que queda a la derecha del camino escondida entre los hermosos pinos. De nuevo junto a la iglesia vieja, restaurada, de campanario firme y cementerio nuevo, acurrucada entre esos pinos enormes. \u00daltimo lugar pintoresco del recorrido. Ya solo queda bajar a Canad\u00e0 Park que est\u00e1 m\u00e1s cerca de lo que parece.<\/p>\n<div id=\"attachment_22403\" style=\"width: 761px\" class=\"wp-caption aligncenter\"><a class=\"dt-single-image\" href=\"https:\/\/www.monta\u00f1asdelaluna.es\/wp-content\/uploads\/2015\/08\/0461.jpg\" data-dt-img-description=\"\"><img loading=\"lazy\" decoding=\"async\" aria-describedby=\"caption-attachment-22403\" class=\"wp-image-22403 size-full\" src=\"https:\/\/www.monta\u00f1asdelaluna.es\/wp-content\/uploads\/2015\/08\/0461.jpg\" alt=\"l'Esgl\u00e8sia Vella o de Santa Maria\" width=\"751\" height=\"563\" srcset=\"https:\/\/www.monta\u00f1asdelaluna.es\/wp-content\/uploads\/2015\/08\/0461.jpg 751w, https:\/\/www.monta\u00f1asdelaluna.es\/wp-content\/uploads\/2015\/08\/0461-300x225.jpg 300w\" sizes=\"auto, (max-width: 751px) 100vw, 751px\" \/><\/a><p id=\"caption-attachment-22403\" class=\"wp-caption-text\">l&#8217;Esgl\u00e8sia Vella o de Santa Maria<\/p><\/div>\n<p>Debemos desandar el trayecto realizado hasta el mismo templo, y a tan solo unos 50 metros una escondida senda baja a nuestra izquierda metida entre estupendas y hermosas encinas, quejigos y frondosa vegetaci\u00f3n. La reconocida bella senda, hermosa por el rinc\u00f3n que atraviesa, debemos dejarla en otro cruce de sendas para ir a la derecha, y despu\u00e9s, junto a los restos de un casta\u00f1o medio muerto y podrido, bajar a la izquierda. En seguida, una vertiginosa, corta pero muy boscosa pendiente nos deja en el cruce de la Calle Champi\u00f1\u00f3n en Canad\u00e0 Park.<\/p>\n<p>Reaparecemos de nuevo en la urbanizaci\u00f3n como personas dejadas por la espesura del bosque, la magia del monte y la maravilla de la naturaleza, despu\u00e9s de haber sido abducidas por ellas durante 5 horas. Una dulce, sosegada y agradecida abstracci\u00f3n del mundo artificial y civilizado, para adentrarnos en la magia y naturaleza de estas Brujas y Santas.<\/p>\n<div id=\"attachment_22428\" style=\"width: 767px\" class=\"wp-caption aligncenter\"><a class=\"dt-single-image\" href=\"https:\/\/www.monta\u00f1asdelaluna.es\/wp-content\/uploads\/2011\/10\/mapa-del-recorrido.blog_.listo_.jpg\" data-dt-img-description=\"\"><img loading=\"lazy\" decoding=\"async\" aria-describedby=\"caption-attachment-22428\" class=\"wp-image-22428 size-full\" src=\"https:\/\/www.monta\u00f1asdelaluna.es\/wp-content\/uploads\/2011\/10\/mapa-del-recorrido.blog_.listo_.jpg\" alt=\"Croquis del recorrido por El Corredor. Punto rojo: punto de partida y regreso de la actividad. Punto verde: ubicaci\u00f3n aproximada del Dolmen de Ca l'Arenes. Rayas discontiuas verdes: Recorrido ideado en la ruta original. Raya continua azul: Recorrido realizado\" width=\"757\" height=\"875\" srcset=\"https:\/\/www.monta\u00f1asdelaluna.es\/wp-content\/uploads\/2011\/10\/mapa-del-recorrido.blog_.listo_.jpg 757w, https:\/\/www.monta\u00f1asdelaluna.es\/wp-content\/uploads\/2011\/10\/mapa-del-recorrido.blog_.listo_-260x300.jpg 260w\" sizes=\"auto, (max-width: 757px) 100vw, 757px\" \/><\/a><p id=\"caption-attachment-22428\" class=\"wp-caption-text\">Croquis del recorrido por El Corredor. Punto rojo: punto de partida y regreso de la actividad. Punto verde: ubicaci\u00f3n aproximada del Dolmen de Ca l&#8217;Arenes. Rayas discontiuas verdes: Recorrido ideado en la ruta original. Raya continua azul: Recorrido realizado<\/p><\/div>\n<p>[vc_separator][\/vc_column_text][\/vc_column][\/vc_row][vc_row][vc_column][vc_empty_space height=\u00bb60px\u00bb][\/vc_column][\/vc_row][vc_row][vc_column][vc_cta h2=\u00bb\u00c1lbum de fotos\u00bb txt_align=\u00bbcenter\u00bb add_button=\u00bbbottom\u00bb btn_title=\u00bbVer fotos\u00bb btn_color=\u00bbwarning\u00bb btn_align=\u00bbcenter\u00bb btn_link=\u00bburl:https%3A%2F%2Fmonta%C3%B1asdelaluna.es%2F%3Fdt_gallery%3Dprueba-9|title:El%20corredor.%20Entre%20Brujas%20y%20Santas|target:_blank\u00bb css=\u00bb.vc_custom_1625864403192{background-color: #8bc4ed !important;}\u00bb]Puedes ver todas las fotos del relato y actividad en forma de presentaci\u00f3n o individuales pinchando aqui \u00a1No te las pierdas![\/vc_cta][\/vc_column][\/vc_row][vc_row][vc_column][vc_empty_space height=\u00bb60px\u00bb][\/vc_column][\/vc_row][vc_row][vc_column width=\u00bb1\/3&#8243;][\/vc_column][vc_column width=\u00bb1\/2&#8243;][vc_raw_html]JTNDaWZyYW1lJTIwc3JjJTNEJTIyaHR0cHMlM0ElMkYlMkZ3d3cubWV0ZW9ibHVlLmNvbSUyRmVzJTJGdGllbXBvJTJGd2lkZ2V0JTJGZGFpbHklMkZ2aWxsYWxiYS1zYXNlcnJhX2VzcGElMjVjMyUyNWIxYV8zMTA1NTAzJTNGZGF5cyUzRDclMjZ0ZW1wdW5pdCUzRENFTFNJVVMlMjZ3aW5kdW5pdCUzREtJTE9NRVRFUl9QRVJfSE9VUiUyNnBpY3RvaWNvbiUzRDElMjZtYXh0ZW1wZXJhdHVyZSUzRDElMjZtaW50ZW1wZXJhdHVyZSUzRDElMjZ3aW5kc3BlZWQlM0QxJTI2d2luZGd1c3QlM0QxJTI2d2luZGRpcmVjdGlvbiUzRDElMjZwcmVjaXBpdGF0aW9uJTNEMSUyNnByZWNpcGl0YXRpb25wcm9iYWJpbGl0eSUzRDElMjZzcG90JTNEMSUyNnByZXNzdXJlJTNEMSUyNmxheW91dCUzRGxpZ2h0JTIyJTIwJTIwZnJhbWVib3JkZXIlM0QlMjIwJTIyJTIwc2Nyb2xsaW5nJTNEJTIyTk8lMjIlMjBhbGxvd3RyYW5zcGFyZW5jeSUzRCUyMnRydWUlMjIlMjBzdHlsZSUzRCUyMndpZHRoJTNBJTIwMzc4cHglM0JoZWlnaHQlM0ElMjAzOTFweCUyMiUzRSUzQyUyRmlmcmFtZSUzRSUzQ2RpdiUzRSUzQyUyMS0tJTIwRE8lMjBOT1QlMjBSRU1PVkUlMjBUSElTJTIwTElOSyUyMC0tJTNFJTNDYSUyMGhyZWYlM0QlMjJodHRwcyUzQSUyRiUyRnd3dy5tZXRlb2JsdWUuY29tJTJGZXMlMkZ0aWVtcG8lMkZwcm9ub3N0aWNvJTJGc2VtYW5hJTJGdmlsbGFsYmEtc2FzZXJyYV9lc3BhJTI1YzMlMjViMWFfMzEwNTUwMyUyMiUyMHRhcmdldCUzRCUyMl9ibGFuayUyMiUzRW1ldGVvYmx1ZSUzQyUyRmElM0UlM0MlMkZkaXYlM0U=[\/vc_raw_html][\/vc_column][vc_column width=\u00bb1\/5&#8243;][\/vc_column][\/vc_row]<\/p>\n","protected":false},"excerpt":{"rendered":"<p>[vc_row][vc_column][vc_column_text]Aunque el t\u00edtulo original ser\u00eda \u201cRuta de las Brujas y las Santas\u201d, \u00e9ste queda mucho m\u00e1s expresivo. \u00bfPor qu\u00e9 Brujas y Santas?: el valle y lugar de Vallgorguina es famoso por sus leyendas, historias y an\u00e9cdotas de aquelarres y reuniones de brujas y brujos por los boscosos alrededores, llenos de misterios y magia con esos&hellip;<\/p>\n","protected":false},"author":1,"featured_media":22354,"comment_status":"open","ping_status":"open","sticky":false,"template":"","format":"standard","meta":[],"categories":[45],"tags":[],"class_list":["post-22414","post","type-post","status-publish","format-standard","has-post-thumbnail","hentry","category-corredor-i-montnegre","category-45","description-off"],"_links":{"self":[{"href":"https:\/\/www.monta\u00f1asdelaluna.es\/index.php?rest_route=\/wp\/v2\/posts\/22414","targetHints":{"allow":["GET"]}}],"collection":[{"href":"https:\/\/www.monta\u00f1asdelaluna.es\/index.php?rest_route=\/wp\/v2\/posts"}],"about":[{"href":"https:\/\/www.monta\u00f1asdelaluna.es\/index.php?rest_route=\/wp\/v2\/types\/post"}],"author":[{"embeddable":true,"href":"https:\/\/www.monta\u00f1asdelaluna.es\/index.php?rest_route=\/wp\/v2\/users\/1"}],"replies":[{"embeddable":true,"href":"https:\/\/www.monta\u00f1asdelaluna.es\/index.php?rest_route=%2Fwp%2Fv2%2Fcomments&post=22414"}],"version-history":[{"count":20,"href":"https:\/\/www.monta\u00f1asdelaluna.es\/index.php?rest_route=\/wp\/v2\/posts\/22414\/revisions"}],"predecessor-version":[{"id":50225,"href":"https:\/\/www.monta\u00f1asdelaluna.es\/index.php?rest_route=\/wp\/v2\/posts\/22414\/revisions\/50225"}],"wp:featuredmedia":[{"embeddable":true,"href":"https:\/\/www.monta\u00f1asdelaluna.es\/index.php?rest_route=\/wp\/v2\/media\/22354"}],"wp:attachment":[{"href":"https:\/\/www.monta\u00f1asdelaluna.es\/index.php?rest_route=%2Fwp%2Fv2%2Fmedia&parent=22414"}],"wp:term":[{"taxonomy":"category","embeddable":true,"href":"https:\/\/www.monta\u00f1asdelaluna.es\/index.php?rest_route=%2Fwp%2Fv2%2Fcategories&post=22414"},{"taxonomy":"post_tag","embeddable":true,"href":"https:\/\/www.monta\u00f1asdelaluna.es\/index.php?rest_route=%2Fwp%2Fv2%2Ftags&post=22414"}],"curies":[{"name":"wp","href":"https:\/\/api.w.org\/{rel}","templated":true}]}}