{"id":22875,"date":"2013-11-10T09:15:20","date_gmt":"2013-11-10T09:15:20","guid":{"rendered":"http:\/\/monta\u00f1asdelaluna.com\/?p=22875"},"modified":"2021-08-11T12:43:30","modified_gmt":"2021-08-11T12:43:30","slug":"puig-de-lliurella-desde-castellfollit-de-la-roca","status":"publish","type":"post","link":"https:\/\/www.monta\u00f1asdelaluna.es\/?p=22875","title":{"rendered":"Puig de Lliurella desde Castellfollit de La Roca"},"content":{"rendered":"<p>[vc_row][vc_column][vc_column_text]Como cada oto\u00f1o, aprovecho para realizar alguna excursi\u00f3n y visitar la verde, boscosa y espectacular comarca de La Garrotxa: sus robledales, hayedos, casta\u00f1ares, volcanes, monta\u00f1as y escondidos rincones siempre hacen las delicias de cualquier amante de la Naturaleza y la Monta\u00f1a.<\/p>\n<p>Esta vez me acerco al sonado pueblo de Castellfollit de La Roca. Sonado y nombrado por la peculiaridad de su ubicaci\u00f3n sobre una enorme roca plana en su parte alta pero rodeada de paredes adornadas por perfectas, numerosas y hermosas columnas de basalto, prueba de los or\u00edgenes volc\u00e1nicos de esta tierra. Poblaci\u00f3n de casco medieval muy cercano a Olot.<\/p>\n<p>Y al sur de esta curiosa localidad aparece una loma muy boscosa y con pendiente suave y continuada que culmina en su parte m\u00e1s alta, en el Puig de Lliurella; 2 sendos templos de or\u00edgenes medievales se yerguen a cada punta del macizo, y los perdidos rincones de la Riera de Santal\u00f3, frondosos, pl\u00e1cidos y verdes, son algunas de las caracter\u00edsticas de este hermoso lugar. Nos podemos acercar desde Begud\u00e1, de hecho hay varias rutas que salen desde esta aldea, o como en esta ocasi\u00f3n, desde las mismas orillas del R\u00edo Fluvi\u00e1 y su pasarela bajo los basaltos de Castellfollit de La Roca.<\/p>\n<div id=\"attachment_22757\" style=\"width: 1700px\" class=\"wp-caption aligncenter\"><a class=\"dt-single-image\" href=\"https:\/\/www.monta\u00f1asdelaluna.es\/wp-content\/uploads\/2015\/10\/Puig-de-Lliurella-003.jpg\" data-dt-img-description=\"\"><img loading=\"lazy\" decoding=\"async\" aria-describedby=\"caption-attachment-22757\" class=\"wp-image-22757 size-full\" src=\"https:\/\/www.monta\u00f1asdelaluna.es\/wp-content\/uploads\/2015\/10\/Puig-de-Lliurella-003.jpg\" alt=\"Castellfollit de La Roca\" width=\"1690\" height=\"950\" srcset=\"https:\/\/www.monta\u00f1asdelaluna.es\/wp-content\/uploads\/2015\/10\/Puig-de-Lliurella-003.jpg 1690w, https:\/\/www.monta\u00f1asdelaluna.es\/wp-content\/uploads\/2015\/10\/Puig-de-Lliurella-003-300x169.jpg 300w, https:\/\/www.monta\u00f1asdelaluna.es\/wp-content\/uploads\/2015\/10\/Puig-de-Lliurella-003-1024x576.jpg 1024w\" sizes=\"auto, (max-width: 1690px) 100vw, 1690px\" \/><\/a><p id=\"caption-attachment-22757\" class=\"wp-caption-text\">Castellfollit de La Roca<\/p><\/div>\n<p>Nos acercamos hasta la curiosa construcci\u00f3n que llama el ICC Can Medill\u00f3. En su parte de arriba la antigua carretera principal que cruzaba la poblaci\u00f3n muy cercano al kil\u00f3metro 76, y al otro lado el R\u00edo Fluvi\u00e1 y una simp\u00e1tica pasarela de madera que lo cruza, muy cerca de una represa en el mismo r\u00edo bajo las perpendiculares paredes bas\u00e1lticas. Es por esta pasarela o desde este punto, donde comenzamos nuestra excusi\u00f3n que nos llevar\u00e1 a realizar un bonito recorrido por esta viva monta\u00f1a. Patricia de Girona y Fran de Barcelona me acompa\u00f1an esta vez. Yo les advierto (como muchas veces hago medio en broma y medio en serio) del peligro de perder el camino o recorrido planeado entre estos exuberantes bosques. Pero para ellos, esta caracter\u00edstica de la excursi\u00f3n, la improvisaci\u00f3n, la aventura, con sus descubrimientos y exploraciones, es lo que les atrae y hace interesante.<\/p>\n<p>Pasadas las 9 de la ma\u00f1ana atravesamos la cuca pasarela que cruza el Fluvi\u00e1 hac\u00eda la parte este de Castellfollit de La Roca, de sus paredes bas\u00e1lticas, acerc\u00e1ndonos a las laderas de este macizo del Puig de Lliurella. El d\u00eda es algo nublado, no demasiado fr\u00edo y nada h\u00famedo. Hace muchos d\u00edas que no llueve como lo deber\u00eda hacer en oto\u00f1o, y eso lo notaremos en la sequedad de los bosques del recorrido que haremos.<\/p>\n<div id=\"attachment_22756\" style=\"width: 1700px\" class=\"wp-caption aligncenter\"><a class=\"dt-single-image\" href=\"https:\/\/www.monta\u00f1asdelaluna.es\/wp-content\/uploads\/2015\/10\/Puig-de-Lliurella-001.jpg\" data-dt-img-description=\"\"><img loading=\"lazy\" decoding=\"async\" aria-describedby=\"caption-attachment-22756\" class=\"wp-image-22756 size-full\" src=\"https:\/\/www.monta\u00f1asdelaluna.es\/wp-content\/uploads\/2015\/10\/Puig-de-Lliurella-001.jpg\" alt=\"Cruzando la pasarela del R\u00edo Fluvi\u00e1\" width=\"1690\" height=\"950\" srcset=\"https:\/\/www.monta\u00f1asdelaluna.es\/wp-content\/uploads\/2015\/10\/Puig-de-Lliurella-001.jpg 1690w, https:\/\/www.monta\u00f1asdelaluna.es\/wp-content\/uploads\/2015\/10\/Puig-de-Lliurella-001-300x169.jpg 300w, https:\/\/www.monta\u00f1asdelaluna.es\/wp-content\/uploads\/2015\/10\/Puig-de-Lliurella-001-1024x576.jpg 1024w\" sizes=\"auto, (max-width: 1690px) 100vw, 1690px\" \/><\/a><p id=\"caption-attachment-22756\" class=\"wp-caption-text\">Cruzando la pasarela del R\u00edo Fluvi\u00e1<\/p><\/div>\n<div id=\"attachment_22762\" style=\"width: 1805px\" class=\"wp-caption aligncenter\"><a class=\"dt-single-image\" href=\"https:\/\/www.monta\u00f1asdelaluna.es\/wp-content\/uploads\/2015\/10\/Puig-de-Lliurella-017.jpg\" data-dt-img-description=\"\"><img loading=\"lazy\" decoding=\"async\" aria-describedby=\"caption-attachment-22762\" class=\"wp-image-22762 size-full\" src=\"https:\/\/www.monta\u00f1asdelaluna.es\/wp-content\/uploads\/2015\/10\/Puig-de-Lliurella-017.jpg\" alt=\"Boscos de Santal\u00f3\" width=\"1795\" height=\"1346\" srcset=\"https:\/\/www.monta\u00f1asdelaluna.es\/wp-content\/uploads\/2015\/10\/Puig-de-Lliurella-017.jpg 1795w, https:\/\/www.monta\u00f1asdelaluna.es\/wp-content\/uploads\/2015\/10\/Puig-de-Lliurella-017-300x225.jpg 300w, https:\/\/www.monta\u00f1asdelaluna.es\/wp-content\/uploads\/2015\/10\/Puig-de-Lliurella-017-1024x768.jpg 1024w\" sizes=\"auto, (max-width: 1795px) 100vw, 1795px\" \/><\/a><p id=\"caption-attachment-22762\" class=\"wp-caption-text\">Boscos de Santal\u00f3<\/p><\/div>\n<p>Al otro lado de la pasarela nos encontramos con el primer cartel. Seguiremos hac\u00eda el \u201cMirador Pla\u00e7a de l\u2019Ajuntament\u201d siguiendo la senda hac\u00eda el sur y junto al cauce seco pero verde del R\u00edo Toronell. Pasamos junto a algunos huertos, bancalillos, y dejamos el alto baluarte de las paredes bas\u00e1lticas rodeando Castellfollit de La Roca a la derecha. Llegamos a otro crucecillo: a la derecha un puentecillo sobre el R\u00edo Toronell, que se dirige al nombrado Mirador y a la alta poblaci\u00f3n, y a la izquierda unas rese\u00f1as que me son familiares y conocidas como puntos de parada en los recorridos descubiertos en el Wikiloc, y que tambi\u00e9n queremos visitar: La Devesa y las Baumes d\u2019En Caxurma. A partir de ahora siempre seguiremos las rese\u00f1as hac\u00eda estos dos lugares. \u00a1Menos mal que est\u00e1 marcado! Por suerte el recorrido hac\u00eda estos lugares est\u00e1n marcados y se\u00f1alados con marcas verdes, amarillas y peque\u00f1os y simp\u00e1ticos cartelitos de madera colgados de troncos de \u00e1rboles. Y menos mal por que la senda es irreconocible en muchos o casi todos los lugares por los que pasamos en esta parte del recorrido, al estar llena de hojarasca que hace imperceptible las huellas de que pase gente por aqu\u00ed\u2026 era uno de los \u201cmiedos\u201d que ten\u00eda y por el que nos pod\u00edamos \u201cperder\u201d.<\/p>\n<p>Seguimos una senda muy bien marcada que comienza a subir y a dejar atr\u00e1s los huertecillos y las vistas a la \u201cfortalecida\u201d Castellfollit de La Roca. Los numerosos y espl\u00e9ndidos helechos subidos a los murillos a cada lado de la sendilla en una parte de la misma, me llaman la atenci\u00f3n. M\u00e1s arriba derivamos en un camino, el cual seguimos a la derecha, y que \u00e9ste pasa por arriba de los t\u00faneles de Mont-Ros de la autov\u00eda que se dirige a Olot y que atraviesa las entra\u00f1as de la parte norte del macizo. Poco m\u00e1s arriba de las vistas hac\u00eda los t\u00faneles y la autov\u00eda, desaparece el camino y ya nos adentramos en la marcada senda entre los comienzos del verdadero y salvaje paisaje boscoso al que nos adentramos. Ahora mismo seguimos las f\u00e1ciles marcas amarillas; las cuales nos llevan a cruzar unas resbaladizas tablas sobre una especie de \u201cregaera\u201d.<\/p>\n<div id=\"attachment_22766\" style=\"width: 1034px\" class=\"wp-caption aligncenter\"><a class=\"dt-single-image\" href=\"https:\/\/www.monta\u00f1asdelaluna.es\/wp-content\/uploads\/2015\/10\/Puig-de-Lliurella-023.jpg\" data-dt-img-description=\"\"><img loading=\"lazy\" decoding=\"async\" aria-describedby=\"caption-attachment-22766\" class=\"wp-image-22766 size-large\" src=\"https:\/\/www.monta\u00f1asdelaluna.es\/wp-content\/uploads\/2015\/10\/Puig-de-Lliurella-023-1024x768.jpg\" alt=\"Camino de las Baumes d'En Caxurma\" width=\"1024\" height=\"768\" srcset=\"https:\/\/www.monta\u00f1asdelaluna.es\/wp-content\/uploads\/2015\/10\/Puig-de-Lliurella-023-1024x768.jpg 1024w, https:\/\/www.monta\u00f1asdelaluna.es\/wp-content\/uploads\/2015\/10\/Puig-de-Lliurella-023-300x225.jpg 300w, https:\/\/www.monta\u00f1asdelaluna.es\/wp-content\/uploads\/2015\/10\/Puig-de-Lliurella-023.jpg 1795w\" sizes=\"auto, (max-width: 1024px) 100vw, 1024px\" \/><\/a><p id=\"caption-attachment-22766\" class=\"wp-caption-text\">Camino de las Baumes d&#8217;En Caxurma<\/p><\/div>\n<p>Ya comienza a sorprenderme el bosque con \u00e1rboles de rivera (al estar pr\u00f3ximo la Riera de Santal\u00f3) mezclados con bosques frondosos de monta\u00f1a atl\u00e1ntica, y comienzo a hacer fotos y a disfrutar con el lugar y la actividad, con una sonrisa de oreja a oreja. Me doy cuenta de que el bosque es de robles, un magn\u00edfico robledal, que nos sorprender\u00e1 con todo su esplendor y magnificencia en las cercan\u00edas y alrededores de las Baumes. Hablando de Baumes, nos encontramos un cruce de sendas: uno a la derecha sigue horizontal hac\u00eda el cauce de la Riera de Santal\u00f3, con las marcas amarillas, y el otro a la izquierda que sube poco a poco por un bonito pasillo, siguiendo las se\u00f1as de un cartelito en el que pone \u201cBaumes\u201d y bajo el cual hay una cruz amarilla. Seguimos en direcci\u00f3n a las Baumes. \u201cA la vuelta saldremos por aqu\u00ed\u201d digo se\u00f1alando la otra senda con marcas amarillas.<\/p>\n<p>El lugar se asalvaja un poco m\u00e1s. El bosque aparece m\u00e1s espl\u00e9ndido y extraordinario, y la senda m\u00e1s retorcida e interesante bordeando grandes rocas gran\u00edticas (o eso parece) que de repente aparecen en medio de un seco pero frondoso y vivo bosque. Por suerte, las numerosas marcas (ahora verdes) nos gu\u00edan de tronco en tronco por este simp\u00e1tico y \u00e9pico terreno. Nos topamos con unas paredes en medio de la frondosa vegetaci\u00f3n. Nos preguntamos si son las Baumes. Pero parece que no. Nos hacemos fotos ya que la combinaci\u00f3n del paisaje con su verdor es hermoso y extraordinario. Fran nos hace de modelo y referencia entre tan precioso lugar.<\/p>\n<div id=\"attachment_22770\" style=\"width: 1034px\" class=\"wp-caption aligncenter\"><a class=\"dt-single-image\" href=\"https:\/\/www.monta\u00f1asdelaluna.es\/wp-content\/uploads\/2015\/10\/Puig-de-Lliurella-034.jpg\" data-dt-img-description=\"\"><img loading=\"lazy\" decoding=\"async\" aria-describedby=\"caption-attachment-22770\" class=\"wp-image-22770 size-large\" src=\"https:\/\/www.monta\u00f1asdelaluna.es\/wp-content\/uploads\/2015\/10\/Puig-de-Lliurella-034-1024x768.jpg\" alt=\"Paredes antes de las Baumes d'En Caxurma\" width=\"1024\" height=\"768\" srcset=\"https:\/\/www.monta\u00f1asdelaluna.es\/wp-content\/uploads\/2015\/10\/Puig-de-Lliurella-034-1024x768.jpg 1024w, https:\/\/www.monta\u00f1asdelaluna.es\/wp-content\/uploads\/2015\/10\/Puig-de-Lliurella-034-300x225.jpg 300w, https:\/\/www.monta\u00f1asdelaluna.es\/wp-content\/uploads\/2015\/10\/Puig-de-Lliurella-034.jpg 1795w\" sizes=\"auto, (max-width: 1024px) 100vw, 1024px\" \/><\/a><p id=\"caption-attachment-22770\" class=\"wp-caption-text\">Paredes antes de las Baumes d&#8217;En Caxurma<\/p><\/div>\n<div id=\"attachment_22777\" style=\"width: 1034px\" class=\"wp-caption aligncenter\"><a class=\"dt-single-image\" href=\"https:\/\/www.monta\u00f1asdelaluna.es\/wp-content\/uploads\/2015\/10\/Puig-de-Lliurella-056.jpg\" data-dt-img-description=\"\"><img loading=\"lazy\" decoding=\"async\" aria-describedby=\"caption-attachment-22777\" class=\"wp-image-22777 size-large\" src=\"https:\/\/www.monta\u00f1asdelaluna.es\/wp-content\/uploads\/2015\/10\/Puig-de-Lliurella-056-1024x768.jpg\" alt=\"Baumes d'En Caxurma\" width=\"1024\" height=\"768\" srcset=\"https:\/\/www.monta\u00f1asdelaluna.es\/wp-content\/uploads\/2015\/10\/Puig-de-Lliurella-056-1024x768.jpg 1024w, https:\/\/www.monta\u00f1asdelaluna.es\/wp-content\/uploads\/2015\/10\/Puig-de-Lliurella-056-300x225.jpg 300w, https:\/\/www.monta\u00f1asdelaluna.es\/wp-content\/uploads\/2015\/10\/Puig-de-Lliurella-056.jpg 1795w\" sizes=\"auto, (max-width: 1024px) 100vw, 1024px\" \/><\/a><p id=\"caption-attachment-22777\" class=\"wp-caption-text\">Baumes d&#8217;En Caxurma<\/p><\/div>\n<p>Seguimos por encima de estas paredes y nos paramos y acercamos a unos huecos entre grandes bloques de roca que a primera vista no representa lo que realmente es, si no te acercas y te adentras entre estos huecos. A la izquierda de la senda queda este sitio, al que nos internamos sorprendi\u00e9ndonos por el lugar encontrado: los bloques forman unas especies de cuevas, y la ca\u00edda ca\u00f3tica de los mismos hacen un laberinto de mini y grandes galer\u00edas, de pasillos y estancias curiosas con techos rocosos o salidas por huecos hac\u00eda el cielo y a la fronda que se asoma por ellos all\u00e1 arriba. Extraordinarios. Nos hacemos fotos y disfrutamos perdi\u00e9ndonos entre las oscuridades de sus profundidades y sus ventanas y puertas al bosque, durante un buen rato. Fotos y exploraci\u00f3n como si fu\u00e9ramos ni\u00f1os en un parque infantil. Fant\u00e1stico. \u00c9stas creo que son las Baumes; las Baumes d\u2019En Caxurma.<\/p>\n<div id=\"attachment_22780\" style=\"width: 1034px\" class=\"wp-caption aligncenter\"><a class=\"dt-single-image\" href=\"https:\/\/www.monta\u00f1asdelaluna.es\/wp-content\/uploads\/2015\/10\/Puig-de-Lliurella-065.jpg\" data-dt-img-description=\"\"><img loading=\"lazy\" decoding=\"async\" aria-describedby=\"caption-attachment-22780\" class=\"wp-image-22780 size-large\" src=\"https:\/\/www.monta\u00f1asdelaluna.es\/wp-content\/uploads\/2015\/10\/Puig-de-Lliurella-065-1024x768.jpg\" alt=\"Joaqu\u00edn en el interior de las Baumes d'En Caxurma\" width=\"1024\" height=\"768\" srcset=\"https:\/\/www.monta\u00f1asdelaluna.es\/wp-content\/uploads\/2015\/10\/Puig-de-Lliurella-065-1024x768.jpg 1024w, https:\/\/www.monta\u00f1asdelaluna.es\/wp-content\/uploads\/2015\/10\/Puig-de-Lliurella-065-300x225.jpg 300w, https:\/\/www.monta\u00f1asdelaluna.es\/wp-content\/uploads\/2015\/10\/Puig-de-Lliurella-065.jpg 1795w\" sizes=\"auto, (max-width: 1024px) 100vw, 1024px\" \/><\/a><p id=\"caption-attachment-22780\" class=\"wp-caption-text\">Joaqu\u00edn en el interior de las Baumes d&#8217;En Caxurma<\/p><\/div>\n<div id=\"attachment_22783\" style=\"width: 833px\" class=\"wp-caption aligncenter\"><a class=\"dt-single-image\" href=\"https:\/\/www.monta\u00f1asdelaluna.es\/wp-content\/uploads\/2015\/10\/Puig-de-Lliurella-074.jpg\" data-dt-img-description=\"\"><img loading=\"lazy\" decoding=\"async\" aria-describedby=\"caption-attachment-22783\" class=\"wp-image-22783 \" src=\"https:\/\/www.monta\u00f1asdelaluna.es\/wp-content\/uploads\/2015\/10\/Puig-de-Lliurella-074.jpg\" alt=\"Interior de las Baumes d'En Caxurma\" width=\"823\" height=\"1098\" srcset=\"https:\/\/www.monta\u00f1asdelaluna.es\/wp-content\/uploads\/2015\/10\/Puig-de-Lliurella-074.jpg 1346w, https:\/\/www.monta\u00f1asdelaluna.es\/wp-content\/uploads\/2015\/10\/Puig-de-Lliurella-074-225x300.jpg 225w, https:\/\/www.monta\u00f1asdelaluna.es\/wp-content\/uploads\/2015\/10\/Puig-de-Lliurella-074-768x1024.jpg 768w\" sizes=\"auto, (max-width: 823px) 100vw, 823px\" \/><\/a><p id=\"caption-attachment-22783\" class=\"wp-caption-text\">Interior de las Baumes d&#8217;En Caxurma<\/p><\/div>\n<p>Salimos de las extra\u00f1as cuevas formadas por el amontonamiento de bloques gran\u00edticos, algunos casi de formas geom\u00e9tricas perfectas, y seguimos por la senda dejada hac\u00eda La Devesa. Aqu\u00ed el robledal se magnifica: algunos de los ejemplares con los que nos encontramos son extraordinarios, grandes y hermosos. Me acuerdo de una frase de una peli \u00e9pica de fantas\u00eda, \u201calejaos de los robles viejos\u201d como si \u00e9stos, por su edad, albergaran una especie de magia que les pod\u00eda embaucar. Ahora el recorrido es m\u00e1s horizontal aunque seguimos subiendo levemente. El d\u00eda, a pesar de que no vemos abiertamente el cielo, sigue encapotado, pero sin caer una gota; pero de vez en cuando un rayo de sol dibuja con una pincelada de belleza dentro de un lienzo ya hermoso. Tambi\u00e9n est\u00e1 subiendo poco a poco la temperatura, haciendo que ello, junto con la sequedad de un terreno, no d\u00e9 muestra de que estemos en oto\u00f1o\u2026 menos por las hojas de algunos \u00e1rboles que s\u00ed est\u00e1n cambiando su color.<\/p>\n<p>Poco m\u00e1s arriba no debemos equivocarnos y ver otro cartelito que nos sale al paso en otro tronquito de otro roble: a la izquierda seguimos la senda, con sus marcas verdes, hac\u00eda La Devesa. Por que si seguimos la senda sin desviarnos, nos llevar\u00e1 hasta la mas\u00eda de Santal\u00f3. Esta senda bordea dicha mas\u00eda, la cual vemos algo las paredes de sus construcciones arriba a nuestra derecha entre los \u00e1rboles mientras seguimos y la vamos dejando atr\u00e1s. Despu\u00e9s de una subida algo empinada pero corta entre el magn\u00edfico bosque de Quercus, salimos a un camino transitable para veh\u00edculos. Seguimos hac\u00eda el norte e izquierda. Despu\u00e9s de una curva con su giro hac\u00eda el este, vemos entre los \u00e1rboles la construcci\u00f3n del sencillo templo de la Mare de D\u00e9u de La Devesa.<\/p>\n<div id=\"attachment_22793\" style=\"width: 1034px\" class=\"wp-caption aligncenter\"><a class=\"dt-single-image\" href=\"https:\/\/www.monta\u00f1asdelaluna.es\/wp-content\/uploads\/2015\/10\/Puig-de-Lliurella-098.jpg\" data-dt-img-description=\"\"><img loading=\"lazy\" decoding=\"async\" aria-describedby=\"caption-attachment-22793\" class=\"wp-image-22793 size-large\" src=\"https:\/\/www.monta\u00f1asdelaluna.es\/wp-content\/uploads\/2015\/10\/Puig-de-Lliurella-098-1024x768.jpg\" alt=\"Camino de La Davesa\" width=\"1024\" height=\"768\" srcset=\"https:\/\/www.monta\u00f1asdelaluna.es\/wp-content\/uploads\/2015\/10\/Puig-de-Lliurella-098-1024x768.jpg 1024w, https:\/\/www.monta\u00f1asdelaluna.es\/wp-content\/uploads\/2015\/10\/Puig-de-Lliurella-098-300x225.jpg 300w, https:\/\/www.monta\u00f1asdelaluna.es\/wp-content\/uploads\/2015\/10\/Puig-de-Lliurella-098.jpg 1795w\" sizes=\"auto, (max-width: 1024px) 100vw, 1024px\" \/><\/a><p id=\"caption-attachment-22793\" class=\"wp-caption-text\">Camino de La Davesa<\/p><\/div>\n<div id=\"attachment_22801\" style=\"width: 1034px\" class=\"wp-caption aligncenter\"><a class=\"dt-single-image\" href=\"https:\/\/www.monta\u00f1asdelaluna.es\/wp-content\/uploads\/2015\/10\/Puig-de-Lliurella-114.jpg\" data-dt-img-description=\"\"><img loading=\"lazy\" decoding=\"async\" aria-describedby=\"caption-attachment-22801\" class=\"wp-image-22801 size-large\" src=\"https:\/\/www.monta\u00f1asdelaluna.es\/wp-content\/uploads\/2015\/10\/Puig-de-Lliurella-114-1024x768.jpg\" alt=\"Iglesia de la Mare de D\u00e8u de La Davesa\" width=\"1024\" height=\"768\" srcset=\"https:\/\/www.monta\u00f1asdelaluna.es\/wp-content\/uploads\/2015\/10\/Puig-de-Lliurella-114-1024x768.jpg 1024w, https:\/\/www.monta\u00f1asdelaluna.es\/wp-content\/uploads\/2015\/10\/Puig-de-Lliurella-114-300x225.jpg 300w, https:\/\/www.monta\u00f1asdelaluna.es\/wp-content\/uploads\/2015\/10\/Puig-de-Lliurella-114.jpg 1795w\" sizes=\"auto, (max-width: 1024px) 100vw, 1024px\" \/><\/a><p id=\"caption-attachment-22801\" class=\"wp-caption-text\">Iglesia de la Mare de D\u00e8u de La Davesa<\/p><\/div>\n<p>Sencillo y simp\u00e1tico el templo que nos ofrece un murito para sentarnos y pararnos a almorzar. Fran saca una \u201cenorme\u201d barra de pan convertida en bocadillo que hace las risas del grupo en general. Conversaciones y la amistosa complicidad con el lugar y la actividad, impera en el grupo, mientras contentamos a nuestro hambre. Desde aqu\u00ed ya solo cabe subir al principal objetivo: el Puig Lliurella. Vemos unos carteles indicadores: Begud\u00e1, Els Angles, Castellfollit de La Roca. En un principio me equivoco y seguimos camino abajo en direcci\u00f3n este (Els Angles seg\u00fan el cartel), pero enseguida me doy cuenta de que no es por aqu\u00ed. Volvemos al pi\u00e9 de los carteles indicadores y, despu\u00e9s de examinar la zona comprobando que s\u00ed existe senda o camino que coger, seguimos en direcci\u00f3n oeste senda arriba (direcci\u00f3n Begud\u00e1). Ahora nos internamos por otra simp\u00e1tica senda entre encinas, Quercus, que m\u00e1s arriba se convertir\u00e1n en pinada. Ahora comenzamos a subir levemente. Realmente la direcci\u00f3n ten\u00eda que ser clara ya que el punto culminante del macizo, lugar al que quer\u00edamos subir, estaba hac\u00eda la derecha y oeste, hac\u00eda arriba, subiendo; y el otro camino comenzaba una bajada alej\u00e1ndose del coraz\u00f3n y parte m\u00e1s alta del macizo.<\/p>\n<div id=\"attachment_22807\" style=\"width: 1034px\" class=\"wp-caption aligncenter\"><a class=\"dt-single-image\" href=\"https:\/\/www.monta\u00f1asdelaluna.es\/wp-content\/uploads\/2015\/10\/Puig-de-Lliurella-120.jpg\" data-dt-img-description=\"\"><img loading=\"lazy\" decoding=\"async\" aria-describedby=\"caption-attachment-22807\" class=\"wp-image-22807 size-large\" src=\"https:\/\/www.monta\u00f1asdelaluna.es\/wp-content\/uploads\/2015\/10\/Puig-de-Lliurella-120-1024x768.jpg\" alt=\"Iglesia de la Mare de D\u00e8u de La Davesa\" width=\"1024\" height=\"768\" srcset=\"https:\/\/www.monta\u00f1asdelaluna.es\/wp-content\/uploads\/2015\/10\/Puig-de-Lliurella-120-1024x768.jpg 1024w, https:\/\/www.monta\u00f1asdelaluna.es\/wp-content\/uploads\/2015\/10\/Puig-de-Lliurella-120-300x225.jpg 300w, https:\/\/www.monta\u00f1asdelaluna.es\/wp-content\/uploads\/2015\/10\/Puig-de-Lliurella-120.jpg 1795w\" sizes=\"auto, (max-width: 1024px) 100vw, 1024px\" \/><\/a><p id=\"caption-attachment-22807\" class=\"wp-caption-text\">Iglesia de la Mare de D\u00e8u de La Davesa<\/p><\/div>\n<p>Atr\u00e1s y algo abajo dej\u00e1bamos el solitario templo de la Mare de D\u00e9u de La Devesa. No nos hemos encontrado a nadie por el momento; estos fabulosos bosques est\u00e1n deshabitados y est\u00e1n poco visitados\u2026 a pesar de que un olorcillo a brasas para cocinar ven\u00eda de Santal\u00f3 justo cuando lo circundamos antes de llegar a La Devesa. La senda que llevamos desemboca en una pista. Y de repente volvemos a ver las se\u00f1ales de marcas amarillas a un lado del camino, bajando a la derecha y norte. Nosotros seguiremos el camino hac\u00eda la izquierda y sur, casi subiendo poco a poco y sin marcas.<\/p>\n<p>Conversaciones m\u00e1gicas, temas fuera de lo com\u00fan pero entretenidos y animados, mientras caminamos por el camino buscando uno que parta por la derecha y arriba. Parece que hemos dejado, a medida que andamos, el camino que baja a Els Cellers. Pero no estoy seguro. Aparecen campos abiertos de antiguos bancales pero no veo ruina ni vieja construcci\u00f3n que lo delaten. M\u00e1s adelante, despu\u00e9s de algunas curvas y giros, admirando, cuando la floresta nos deja, la vecina y esplendida monta\u00f1a al sur del Puig de Lliurella (Sant Juli\u00e0 del Mont), encontramos un camino m\u00e1s maltrecho que el que llevamos con subida inmediata y algo empinada, que sale a nuestra derecha haci\u00e9ndonos realizar un giro de casi 180\u00ba.<\/p>\n<div id=\"attachment_22811\" style=\"width: 1034px\" class=\"wp-caption aligncenter\"><a class=\"dt-single-image\" href=\"https:\/\/www.monta\u00f1asdelaluna.es\/wp-content\/uploads\/2015\/10\/Puig-de-Lliurella-127.jpg\" data-dt-img-description=\"\"><img loading=\"lazy\" decoding=\"async\" aria-describedby=\"caption-attachment-22811\" class=\"wp-image-22811 size-large\" src=\"https:\/\/www.monta\u00f1asdelaluna.es\/wp-content\/uploads\/2015\/10\/Puig-de-Lliurella-127-1024x768.jpg\" alt=\"Camino olvidado que nos deja en la cima del Puig de Lliurella\" width=\"1024\" height=\"768\" srcset=\"https:\/\/www.monta\u00f1asdelaluna.es\/wp-content\/uploads\/2015\/10\/Puig-de-Lliurella-127-1024x768.jpg 1024w, https:\/\/www.monta\u00f1asdelaluna.es\/wp-content\/uploads\/2015\/10\/Puig-de-Lliurella-127-300x225.jpg 300w, https:\/\/www.monta\u00f1asdelaluna.es\/wp-content\/uploads\/2015\/10\/Puig-de-Lliurella-127.jpg 1795w\" sizes=\"auto, (max-width: 1024px) 100vw, 1024px\" \/><\/a><p id=\"caption-attachment-22811\" class=\"wp-caption-text\">Camino olvidado que nos deja en la cima del Puig de Lliurella<\/p><\/div>\n<div id=\"attachment_22814\" style=\"width: 1034px\" class=\"wp-caption aligncenter\"><a class=\"dt-single-image\" href=\"https:\/\/www.monta\u00f1asdelaluna.es\/wp-content\/uploads\/2015\/10\/Puig-de-Lliurella-132.jpg\" data-dt-img-description=\"\"><img loading=\"lazy\" decoding=\"async\" aria-describedby=\"caption-attachment-22814\" class=\"wp-image-22814 size-large\" src=\"https:\/\/www.monta\u00f1asdelaluna.es\/wp-content\/uploads\/2015\/10\/Puig-de-Lliurella-132-1024x768.jpg\" alt=\"Joaqu\u00edn en la cima del Puig de Lliurella (734 mts.)\" width=\"1024\" height=\"768\" srcset=\"https:\/\/www.monta\u00f1asdelaluna.es\/wp-content\/uploads\/2015\/10\/Puig-de-Lliurella-132-1024x768.jpg 1024w, https:\/\/www.monta\u00f1asdelaluna.es\/wp-content\/uploads\/2015\/10\/Puig-de-Lliurella-132-300x225.jpg 300w, https:\/\/www.monta\u00f1asdelaluna.es\/wp-content\/uploads\/2015\/10\/Puig-de-Lliurella-132.jpg 1795w\" sizes=\"auto, (max-width: 1024px) 100vw, 1024px\" \/><\/a><p id=\"caption-attachment-22814\" class=\"wp-caption-text\">Joaqu\u00edn en la cima del Puig de Lliurella (734 mts.)<\/p><\/div>\n<p>Seguimos este camino que tambi\u00e9n girar\u00e1 recorri\u00e9ndose la parte sur de la cima del Puig de Lliurella. El camino coge altura y al tiempo de observar como parece dejamos la parte alta a nuestra espalda derecha, aparece otro camino (o mejor dicho lo que fue un camino), maltrecho, lleno de hierbas y malezas pero transitable para el caminante, a la derecha y arriba que nos acercar\u00e1 hasta la cima del Puig de Lliurella. Aqu\u00ed la vegetaci\u00f3n ha cambiado: a la solana de la monta\u00f1a aparece solamente los encinares, otros Quercus y algunos otros altos pinos, sin la magnificencia boscosa encontrada entre las Baumes y La Devesa, del robledal. El camino llega un momento que deja de subir, se allana y sigue adelante en bajada siguiendo el perfil de la monta\u00f1a. Estamos en la parte m\u00e1s alta del Puig de Lliurella (734 mts.); aunque dicha cima queda a muy pocos metros a nuestra derecha, por la enmara\u00f1ada vegetaci\u00f3n del sotobosque, decidimos no acercarnos y tomar esta parte del camino como la cima de la monta\u00f1a\u2026 entre otras cosas el bosque la inunda por completo y no tendr\u00edamos vistas ni paisaje que disfrutar desde la cima de la monta\u00f1a, caracter\u00edstica importante en muchas ocasiones y en este tipo de recorridos como aliciente a la hora de subir los picos y puntos culminantes m\u00e1s altos.<\/p>\n<p>A partir de aqu\u00ed viene el l\u00edo. Despu\u00e9s de las fotos del lugar trat\u00e1ndolo como si fueran las fotos de cumbre. Tendr\u00edamos que seguir en direcci\u00f3n noroeste en busca del Collet de l\u2019Aulina, pero por un intransitable y frondoso monte a trav\u00e9s. No existe senda ni camino que desde la cima del Puig de Lliurella baje al Collet de l\u2019Aulina. Para mi hubiera sido de l\u00f3gica el que existiera dicha conexi\u00f3n\u2026 pero por lo que se ve, no hay manera posible. De forma que seguimos durante un tiempo el mismo camino que hab\u00edamos seguido para llegar a la cima del Puig de Lliurella pero esta vez hac\u00eda abajo, al otro lado, por la parte norte de umbr\u00eda. A pesar de lo dejado y abandonado as\u00ed como lo cubierto e invadido de vegetaci\u00f3n del camino, seguimos por \u00e9l como si de una senda ancha y olvidada se tratara. Sigue hac\u00eda el noreste, despu\u00e9s un giro hac\u00eda el oeste y seguidamente se llega a un punto en el que parece gira a la derecha, muy maltrecho y en bajada. Aqu\u00ed me dispongo a coger mi br\u00fajula y averiguar cual es la direcci\u00f3n que deber\u00edamos llevar (la noroeste). Pero me hace un extra\u00f1o: en un punto el norte me se\u00f1ala hac\u00eda el sur, y tres pasos m\u00e1s adelante, la aguja da un giro de 180\u00ba se\u00f1alando como ser\u00eda debido, el norte hac\u00eda el norte y sur hac\u00eda el sur. No debemos de olvidar que nos encontramos en terreno volc\u00e1nico y la magentita que puede haber oculta entre los minerales de las rocas volc\u00e1nicas pueden volver loca a la aguja de una br\u00fajula y por consiguiente a su propietario tambi\u00e9n, ya que las sombras, el sol y los perfiles de la monta\u00f1a (conoci\u00e9ndola por un mapa) no enga\u00f1an. Al final decido seguir el maltrecho camino (cada vez peor) hac\u00eda abajo y luego a la derecha y este.<\/p>\n<div id=\"attachment_22818\" style=\"width: 1034px\" class=\"wp-caption aligncenter\"><a class=\"dt-single-image\" href=\"https:\/\/www.monta\u00f1asdelaluna.es\/wp-content\/uploads\/2015\/10\/Puig-de-Lliurella-145.jpg\" data-dt-img-description=\"\"><img loading=\"lazy\" decoding=\"async\" aria-describedby=\"caption-attachment-22818\" class=\"wp-image-22818 size-large\" src=\"https:\/\/www.monta\u00f1asdelaluna.es\/wp-content\/uploads\/2015\/10\/Puig-de-Lliurella-145-1024x768.jpg\" alt=\"Camino del Collet de l'Aulina cruzando la Riera de Santal\u00f3\" width=\"1024\" height=\"768\" srcset=\"https:\/\/www.monta\u00f1asdelaluna.es\/wp-content\/uploads\/2015\/10\/Puig-de-Lliurella-145-1024x768.jpg 1024w, https:\/\/www.monta\u00f1asdelaluna.es\/wp-content\/uploads\/2015\/10\/Puig-de-Lliurella-145-300x225.jpg 300w, https:\/\/www.monta\u00f1asdelaluna.es\/wp-content\/uploads\/2015\/10\/Puig-de-Lliurella-145.jpg 1795w\" sizes=\"auto, (max-width: 1024px) 100vw, 1024px\" \/><\/a><p id=\"caption-attachment-22818\" class=\"wp-caption-text\">Camino del Collet de l&#8217;Aulina cruzando la Riera de Santal\u00f3<\/p><\/div>\n<div id=\"attachment_22823\" style=\"width: 1034px\" class=\"wp-caption aligncenter\"><a class=\"dt-single-image\" href=\"https:\/\/www.monta\u00f1asdelaluna.es\/wp-content\/uploads\/2015\/10\/Puig-de-Lliurella-159.jpg\" data-dt-img-description=\"\"><img loading=\"lazy\" decoding=\"async\" aria-describedby=\"caption-attachment-22823\" class=\"wp-image-22823 size-large\" src=\"https:\/\/www.monta\u00f1asdelaluna.es\/wp-content\/uploads\/2015\/10\/Puig-de-Lliurella-159-1024x768.jpg\" alt=\"Postes se\u00f1alizador en el Collet de l'Aulina\" width=\"1024\" height=\"768\" srcset=\"https:\/\/www.monta\u00f1asdelaluna.es\/wp-content\/uploads\/2015\/10\/Puig-de-Lliurella-159-1024x768.jpg 1024w, https:\/\/www.monta\u00f1asdelaluna.es\/wp-content\/uploads\/2015\/10\/Puig-de-Lliurella-159-300x225.jpg 300w, https:\/\/www.monta\u00f1asdelaluna.es\/wp-content\/uploads\/2015\/10\/Puig-de-Lliurella-159.jpg 1795w\" sizes=\"auto, (max-width: 1024px) 100vw, 1024px\" \/><\/a><p id=\"caption-attachment-22823\" class=\"wp-caption-text\">Postes se\u00f1alizador en el Collet de l&#8217;Aulina<\/p><\/div>\n<p>La vegetaci\u00f3n se cierra sobre el mismo. No es una senda o camino lo que seguimos, si no el rastro de lo que un d\u00eda fue, comido ahora por la monta\u00f1a. Debemos apartar la maleza para poder avanzar. Nos falta el \u201cmachete\u201d que se lleva en la selva para abrirnos paso. Se nota que volvemos a la parte norte y de umbr\u00eda de la monta\u00f1a, ya que la vegetaci\u00f3n es m\u00e1s abundante, selectiva y frondosa. Cruzamos lo que parece el antiguo cauce de un torrente o riera y al tiempo se aclara de vegetaci\u00f3n el camino y ya es m\u00e1s transitable\u2026 \u00a1Menos mal! Cre\u00eda que al final s\u00ed nos hab\u00edamos perdido. Pero me doy cuenta de que el camino gira y se dirige hac\u00eda el este, hac\u00eda la parte contrar\u00eda a la que deber\u00edamos ir (oeste, Collet de l\u2019Aulina) y al final, el camino se aclara y ya podemos decir que estamos en un camino, tiempo antes de desembocar en otro camino. Justamente desemboca en el camino que hab\u00edamos cogido hac\u00eda el norte despu\u00e9s de dejar la senda que ven\u00eda de La Devesa. Hemos dado una vuelta completa para parar otra\u00a0 vez en un punto del camino ya recorrido. Bueno\u2026 solo debemos seguir \u00e9ste hac\u00eda abajo (desand\u00e1ndolo) en direcci\u00f3n contraria a la que \u00edbamos antes en el mismo sitio, buscando el norte y las aquellas marcas amarillas que vimos cuando salimos de la senda que ven\u00eda de La Devesa\u2026 ya lo ten\u00eda solucionado para dirigirnos hac\u00eda el Collet de l\u2019Aulina y de aqu\u00ed a Mont-ros. Aunque el recorrido ser\u00eda algo m\u00e1s largo y enrevesado.<\/p>\n<div id=\"attachment_22824\" style=\"width: 1805px\" class=\"wp-caption aligncenter\"><a class=\"dt-single-image\" href=\"https:\/\/www.monta\u00f1asdelaluna.es\/wp-content\/uploads\/2015\/10\/Puig-de-Lliurella-162.jpg\" data-dt-img-description=\"\"><img loading=\"lazy\" decoding=\"async\" aria-describedby=\"caption-attachment-22824\" class=\"wp-image-22824 size-full\" src=\"https:\/\/www.monta\u00f1asdelaluna.es\/wp-content\/uploads\/2015\/10\/Puig-de-Lliurella-162.jpg\" alt=\"Camino de la Iglesia de la Mare de D\u00e8u de Mont-ros\" width=\"1795\" height=\"1346\" srcset=\"https:\/\/www.monta\u00f1asdelaluna.es\/wp-content\/uploads\/2015\/10\/Puig-de-Lliurella-162.jpg 1795w, https:\/\/www.monta\u00f1asdelaluna.es\/wp-content\/uploads\/2015\/10\/Puig-de-Lliurella-162-300x225.jpg 300w, https:\/\/www.monta\u00f1asdelaluna.es\/wp-content\/uploads\/2015\/10\/Puig-de-Lliurella-162-1024x768.jpg 1024w\" sizes=\"auto, (max-width: 1795px) 100vw, 1795px\" \/><\/a><p id=\"caption-attachment-22824\" class=\"wp-caption-text\">Camino de la Iglesia de la Mare de D\u00e8u de Mont-ros<\/p><\/div>\n<p>Llegamos al punto donde a la izquierda sale la senda que nos llevar\u00eda de nuevo a La Devesa, y pocos metros m\u00e1s adelante vemos a la izquierda del camino una marca amarilla marcada que se introduce en los espl\u00e9ndidos bosques en direcci\u00f3n noreste-este. Ahora seguiremos dichas marcas amarillas hac\u00eda la izquierda, y ahora si que no hay p\u00e9rdida. En una de las rutas subidas al Wikiloc pude ver que un excursionista segu\u00eda por este camino para dirigirse de La Devesa a Mont-ros\u2026 \u00a1Ya estamos en el buen camino!<\/p>\n<p>Esta magn\u00edfica y bien marcada senda nos introducir\u00e1 por un hermoso y sano bosque de hayas, un hayedo aqu\u00ed arriba. En la misma ladera pero m\u00e1s abajo, es un hermoso robledal. Bonito y m\u00e1gico. Excepcionales paisajes y rincones salen a nuestro encuentro en esta excepcional senda. Recorremos ahora otro de los lugares m\u00e1s boscosos y bellos del recorrido. Un hayedo excepcional, sano y vivo, a pesar de todo el tiempo que hace no llueve en este extra\u00f1o oto\u00f1o anormalmente c\u00e1lido y seco. Fotos, sonrisas y emoci\u00f3n al sentir la vida y hermosura del lugar. Incre\u00edble.<\/p>\n<div id=\"attachment_22826\" style=\"width: 1034px\" class=\"wp-caption aligncenter\"><a class=\"dt-single-image\" href=\"https:\/\/www.monta\u00f1asdelaluna.es\/wp-content\/uploads\/2015\/10\/Puig-de-Lliurella-166.jpg\" data-dt-img-description=\"\"><img loading=\"lazy\" decoding=\"async\" aria-describedby=\"caption-attachment-22826\" class=\"wp-image-22826 size-large\" src=\"https:\/\/www.monta\u00f1asdelaluna.es\/wp-content\/uploads\/2015\/10\/Puig-de-Lliurella-166-1024x768.jpg\" alt=\"Fran y Patri camino de la Iglesia de la Mare de D\u00e8u de Mont-ros\" width=\"1024\" height=\"768\" srcset=\"https:\/\/www.monta\u00f1asdelaluna.es\/wp-content\/uploads\/2015\/10\/Puig-de-Lliurella-166-1024x768.jpg 1024w, https:\/\/www.monta\u00f1asdelaluna.es\/wp-content\/uploads\/2015\/10\/Puig-de-Lliurella-166-300x225.jpg 300w, https:\/\/www.monta\u00f1asdelaluna.es\/wp-content\/uploads\/2015\/10\/Puig-de-Lliurella-166.jpg 1795w\" sizes=\"auto, (max-width: 1024px) 100vw, 1024px\" \/><\/a><p id=\"caption-attachment-22826\" class=\"wp-caption-text\">Fran y Patri camino de la Iglesia de la Mare de D\u00e8u de Mont-ros<\/p><\/div>\n<div id=\"attachment_22830\" style=\"width: 1034px\" class=\"wp-caption aligncenter\"><a class=\"dt-single-image\" href=\"https:\/\/www.monta\u00f1asdelaluna.es\/wp-content\/uploads\/2015\/10\/Puig-de-Lliurella-174.jpg\" data-dt-img-description=\"\"><img loading=\"lazy\" decoding=\"async\" aria-describedby=\"caption-attachment-22830\" class=\"wp-image-22830 size-large\" src=\"https:\/\/www.monta\u00f1asdelaluna.es\/wp-content\/uploads\/2015\/10\/Puig-de-Lliurella-174-1024x768.jpg\" alt=\"Iglesia de la Mare de D\u00e8u de Mont-ros\" width=\"1024\" height=\"768\" srcset=\"https:\/\/www.monta\u00f1asdelaluna.es\/wp-content\/uploads\/2015\/10\/Puig-de-Lliurella-174-1024x768.jpg 1024w, https:\/\/www.monta\u00f1asdelaluna.es\/wp-content\/uploads\/2015\/10\/Puig-de-Lliurella-174-300x225.jpg 300w, https:\/\/www.monta\u00f1asdelaluna.es\/wp-content\/uploads\/2015\/10\/Puig-de-Lliurella-174.jpg 1795w\" sizes=\"auto, (max-width: 1024px) 100vw, 1024px\" \/><\/a><p id=\"caption-attachment-22830\" class=\"wp-caption-text\">Iglesia de la Mare de D\u00e8u de Mont-ros<\/p><\/div>\n<p>Al cabo de un tiempo y sin darnos cuenta salimos a un peque\u00f1o claro con alta hierba amarilla, y un cartelito indicador. Estamos en el Collet de l\u2019Aulina. La senda y recorrido ha sido m\u00e1s o menos horizontal sin bajadas o subidas destacables, cruzando la parte algo m\u00e1s baja y norte de la ladera del Puig de Lliurella. Ahora en el colladito ya no est\u00e1bamos bajo el alcance del nombrado pico que lo hab\u00edamos dejado como a nuestra espalda.<\/p>\n<p>Seg\u00fan el cartel del Collet de l\u2019Aulina debemos seguir en direcci\u00f3n a Castellfollit de La Roca. No por que salga los nombres de los lugares que queremos visitar, si no por que lleva la misma direcci\u00f3n en la que se encuentran: Noroeste. Un camino sale a nuestra izquierda en bajada. Nosotros seguiremos recto sin bajar, por casi lo que ser\u00e1 la parte m\u00e1s alta de la loma, de la carena, que llaman Serra de Mont-ros, pero m\u00e1s tirando por la parte sur de la misma. Ahora es un pl\u00e1cido camino que sigue todo lo largo que es la misma carena. Sin pedida\u2026 pero ya no seguimos las marcas, es m\u00e1s, ya ni las busco.<\/p>\n<div id=\"attachment_22832\" style=\"width: 1034px\" class=\"wp-caption aligncenter\"><a class=\"dt-single-image\" href=\"https:\/\/www.monta\u00f1asdelaluna.es\/wp-content\/uploads\/2015\/10\/Puig-de-Lliurella-177.jpg\" data-dt-img-description=\"\"><img loading=\"lazy\" decoding=\"async\" aria-describedby=\"caption-attachment-22832\" class=\"wp-image-22832 size-large\" src=\"https:\/\/www.monta\u00f1asdelaluna.es\/wp-content\/uploads\/2015\/10\/Puig-de-Lliurella-177-1024x768.jpg\" alt=\"Fran, Patri y Joaqu\u00edn en la Iglesia de la Mare de D\u00e8u de Mont-ros\" width=\"1024\" height=\"768\" srcset=\"https:\/\/www.monta\u00f1asdelaluna.es\/wp-content\/uploads\/2015\/10\/Puig-de-Lliurella-177-1024x768.jpg 1024w, https:\/\/www.monta\u00f1asdelaluna.es\/wp-content\/uploads\/2015\/10\/Puig-de-Lliurella-177-300x225.jpg 300w, https:\/\/www.monta\u00f1asdelaluna.es\/wp-content\/uploads\/2015\/10\/Puig-de-Lliurella-177.jpg 1795w\" sizes=\"auto, (max-width: 1024px) 100vw, 1024px\" \/><\/a><p id=\"caption-attachment-22832\" class=\"wp-caption-text\">Fran, Patri y Joaqu\u00edn en la Iglesia de la Mare de D\u00e8u de Mont-ros<\/p><\/div>\n<p>El camino tambi\u00e9n cruza lugares con hermosos ejemplares de robles y Quercus. Seguimos el camino sin p\u00e9rdida. Pasamos sin darnos cuenta por el Coll Sesfages, y seguimos el camino hasta encontrarnos con un descampado libre de arboleda pero con abundante y alta hierba amarilla. Me figuro que es el Collet del Castell. Aqu\u00ed en lugar de seguir el mon\u00f3tono camino, nos desviamos a la derecha por una especie de sendero pisado en la alta hierba; y \u00e9ste se introduce en el bosque de nuevo girando a la izquierda, por una senda que nos llevar\u00e1, entre extraordinarios rincones del robledal, oscuros, frondosos, m\u00edsticos y hasta singulares, hasta de nuevo el camino, m\u00e1s arriba, ya muy cerca del templo de la Mare de D\u00e9u de Mont-ros, donde acaba el camino.<\/p>\n<p>El templo parece que lo est\u00e1n restaurando o intentando arreglar. No tiene techo. Nos adentramos y curioseamos entre sus muros. Fotos y charlas. Y seguimos sin ver a nadie por los alrededores. Desandamos el camino por la misma senda hasta la hierba alta del Collet del Castell. Aqu\u00ed, y seg\u00fan la gu\u00eda del Wikiloc que hab\u00eda visto, debe de haber una bajada al otro lado del prado, junto al bosque de la parte izquierda (seg\u00fan bajas del templo), y camino entre la alta hierba pisada hac\u00eda el lugar. Mi alegr\u00eda surge cuando encuentro un postecito con la marca amarilla que nos indica por donde ir. De nuevo nos internamos en el magn\u00edfico bosque y seguiremos esta senda bajo las marcas amarillas, en direcci\u00f3n al cauce de la Riera de Santal\u00f3, hac\u00eda el este. Estaremos volviendo al interior del mismo hayedo por el que pasamos, pero unos metros m\u00e1s abajo, para acercarnos a la nombrada riera.<\/p>\n<div id=\"attachment_22837\" style=\"width: 1034px\" class=\"wp-caption aligncenter\"><a class=\"dt-single-image\" href=\"https:\/\/www.monta\u00f1asdelaluna.es\/wp-content\/uploads\/2015\/10\/Puig-de-Lliurella-185.jpg\" data-dt-img-description=\"\"><img loading=\"lazy\" decoding=\"async\" aria-describedby=\"caption-attachment-22837\" class=\"wp-image-22837 size-large\" src=\"https:\/\/www.monta\u00f1asdelaluna.es\/wp-content\/uploads\/2015\/10\/Puig-de-Lliurella-185-1024x768.jpg\" alt=\"Camino de la Riera de Santal\u00f3. Acebo.\" width=\"1024\" height=\"768\" srcset=\"https:\/\/www.monta\u00f1asdelaluna.es\/wp-content\/uploads\/2015\/10\/Puig-de-Lliurella-185-1024x768.jpg 1024w, https:\/\/www.monta\u00f1asdelaluna.es\/wp-content\/uploads\/2015\/10\/Puig-de-Lliurella-185-300x225.jpg 300w, https:\/\/www.monta\u00f1asdelaluna.es\/wp-content\/uploads\/2015\/10\/Puig-de-Lliurella-185.jpg 1795w\" sizes=\"auto, (max-width: 1024px) 100vw, 1024px\" \/><\/a><p id=\"caption-attachment-22837\" class=\"wp-caption-text\">Camino de la Riera de Santal\u00f3. Acebo.<\/p><\/div>\n<div id=\"attachment_22841\" style=\"width: 831px\" class=\"wp-caption aligncenter\"><a class=\"dt-single-image\" href=\"https:\/\/www.monta\u00f1asdelaluna.es\/wp-content\/uploads\/2015\/10\/Puig-de-Lliurella-193.jpg\" data-dt-img-description=\"\"><img loading=\"lazy\" decoding=\"async\" aria-describedby=\"caption-attachment-22841\" class=\"wp-image-22841 \" src=\"https:\/\/www.monta\u00f1asdelaluna.es\/wp-content\/uploads\/2015\/10\/Puig-de-Lliurella-193.jpg\" alt=\"Bosques cercanos a la Riera de Santal\u00f3\" width=\"821\" height=\"1095\" srcset=\"https:\/\/www.monta\u00f1asdelaluna.es\/wp-content\/uploads\/2015\/10\/Puig-de-Lliurella-193.jpg 1346w, https:\/\/www.monta\u00f1asdelaluna.es\/wp-content\/uploads\/2015\/10\/Puig-de-Lliurella-193-225x300.jpg 225w, https:\/\/www.monta\u00f1asdelaluna.es\/wp-content\/uploads\/2015\/10\/Puig-de-Lliurella-193-768x1024.jpg 768w\" sizes=\"auto, (max-width: 821px) 100vw, 821px\" \/><\/a><p id=\"caption-attachment-22841\" class=\"wp-caption-text\">Bosques cercanos a la Riera de Santal\u00f3<\/p><\/div>\n<p>Ahora cruzamos por otro extraordinario rinc\u00f3n de este macizo: robles, hayas e incluso algunos altos pinos se entremezclan seg\u00fan la parte por la que pases de esta fabulosa y boscosa ladera. Hay una planta que nos llama mucho la atenci\u00f3n por su extraordinario color, viveza y salud: es el acebo. Por su forma cre\u00edamos que era mu\u00e9rdago, pero \u00e9ste es un par\u00e1sito que cuelga de los \u00e1rboles y el acebo es un matorral que sale de la tierra. Espl\u00e9ndido.<\/p>\n<p>Llegamos hasta el lecho seco de la Riera de Santal\u00f3, justo en lo que parece la Font de Santal\u00f3, por la poquilla agua que emanaba sin corriente del lugar. Un camino aparece a la izquierda y baja siguiendo paralelo la Riera de Santal\u00f3. Lo seguimos hac\u00eda abajo. De nuevo otro extraordinario pasaje con bosques de rivera, robledales\u2026 fant\u00e1stico. El cielo sigue nublado, ahora parece que m\u00e1s. Y la luz no es tan intensa, pero las sombras hacen un papel especial en este bosque misterioso, grandioso y magn\u00edfico.<\/p>\n<div id=\"attachment_22846\" style=\"width: 1034px\" class=\"wp-caption aligncenter\"><a class=\"dt-single-image\" href=\"https:\/\/www.monta\u00f1asdelaluna.es\/wp-content\/uploads\/2015\/10\/Puig-de-Lliurella-202.jpg\" data-dt-img-description=\"\"><img loading=\"lazy\" decoding=\"async\" aria-describedby=\"caption-attachment-22846\" class=\"wp-image-22846 size-large\" src=\"https:\/\/www.monta\u00f1asdelaluna.es\/wp-content\/uploads\/2015\/10\/Puig-de-Lliurella-202-1024x768.jpg\" alt=\"Bosques cercanos a la Riera de Santal\u00f3\" width=\"1024\" height=\"768\" srcset=\"https:\/\/www.monta\u00f1asdelaluna.es\/wp-content\/uploads\/2015\/10\/Puig-de-Lliurella-202-1024x768.jpg 1024w, https:\/\/www.monta\u00f1asdelaluna.es\/wp-content\/uploads\/2015\/10\/Puig-de-Lliurella-202-300x225.jpg 300w, https:\/\/www.monta\u00f1asdelaluna.es\/wp-content\/uploads\/2015\/10\/Puig-de-Lliurella-202.jpg 1795w\" sizes=\"auto, (max-width: 1024px) 100vw, 1024px\" \/><\/a><p id=\"caption-attachment-22846\" class=\"wp-caption-text\">Bosques cercanos a la Riera de Santal\u00f3<\/p><\/div>\n<p>Seguimos el camino sin p\u00e9rdida hac\u00eda abajo. Llega un momento en que el camino se separa del cauce de la riera siempre hac\u00eda abajo y norte, en direcci\u00f3n a El Bruguetar.<\/p>\n<p>Pasamos del mediod\u00eda y nos paramos a comer algo en un espacio sin \u00e1rboles junto al camino. El lugar sigue siendo extraordinario. Hago fotos, contamos historias\u2026 somos un gran grupo de 3. Despu\u00e9s de comer seguimos el camino hac\u00eda abajo. Tiempo despu\u00e9s el camino, en una curva, deja a la izquierda otro camino que nos acerca a la propia mas\u00eda de El Bruguetar\u2026 all\u00e1 al fondo vemos la casa. Justo en el cruce un enorme surer nos llama la atenci\u00f3n con toda su corteza sin tocarla.<\/p>\n<p>Giramos a la derecha y siempre seguimos las marcas amarillas. El camino est\u00e1 marcado por altos \u00e1rboles de rivera cuyas hojas secas ya invaden parte del mismo. Precioso. Nos topamos con una casa en ruinas invadida por matorrales y enredaderas, es El Pinyolet. Justo aqu\u00ed nos encontramos un cartelito que nos indica la direcci\u00f3n hac\u00eda las Baumes de nuevo, y una marca amarilla con giro. Debemos seguir esta direcci\u00f3n, a la derecha, girando de nuevo, hasta llegar a las ruinas de lo que fue la llamativa casa de Ca n\u2019Oliveres. Aqu\u00ed las marcas, casi sin parecerlo, est\u00e1n pegadas a los muros de sus ruinas, y casi que tenemos que esquivar sus contrafuertes para rodearla y bajar por el otro lado por un sendero que baja hasta, otra vez, el cauce de la Riera de Santal\u00f3. Admiramos las ruinas de la construcci\u00f3n: \u201cque buena casa hubiera sido esta\u201d.<\/p>\n<div id=\"attachment_22855\" style=\"width: 1034px\" class=\"wp-caption aligncenter\"><a class=\"dt-single-image\" href=\"https:\/\/www.monta\u00f1asdelaluna.es\/wp-content\/uploads\/2015\/10\/Puig-de-Lliurella-225.jpg\" data-dt-img-description=\"\"><img loading=\"lazy\" decoding=\"async\" aria-describedby=\"caption-attachment-22855\" class=\"wp-image-22855 size-large\" src=\"https:\/\/www.monta\u00f1asdelaluna.es\/wp-content\/uploads\/2015\/10\/Puig-de-Lliurella-225-1024x768.jpg\" alt=\"Camino de El Bruguetar\" width=\"1024\" height=\"768\" srcset=\"https:\/\/www.monta\u00f1asdelaluna.es\/wp-content\/uploads\/2015\/10\/Puig-de-Lliurella-225-1024x768.jpg 1024w, https:\/\/www.monta\u00f1asdelaluna.es\/wp-content\/uploads\/2015\/10\/Puig-de-Lliurella-225-300x225.jpg 300w, https:\/\/www.monta\u00f1asdelaluna.es\/wp-content\/uploads\/2015\/10\/Puig-de-Lliurella-225.jpg 1795w\" sizes=\"auto, (max-width: 1024px) 100vw, 1024px\" \/><\/a><p id=\"caption-attachment-22855\" class=\"wp-caption-text\">Camino de El Bruguetar<\/p><\/div>\n<div id=\"attachment_22857\" style=\"width: 1805px\" class=\"wp-caption aligncenter\"><a class=\"dt-single-image\" href=\"https:\/\/www.monta\u00f1asdelaluna.es\/wp-content\/uploads\/2015\/10\/Puig-de-Lliurella-228.jpg\" data-dt-img-description=\"\"><img loading=\"lazy\" decoding=\"async\" aria-describedby=\"caption-attachment-22857\" class=\"wp-image-22857 size-full\" src=\"https:\/\/www.monta\u00f1asdelaluna.es\/wp-content\/uploads\/2015\/10\/Puig-de-Lliurella-228.jpg\" alt=\"Bosques camino de El Bruguetar\" width=\"1795\" height=\"1346\" srcset=\"https:\/\/www.monta\u00f1asdelaluna.es\/wp-content\/uploads\/2015\/10\/Puig-de-Lliurella-228.jpg 1795w, https:\/\/www.monta\u00f1asdelaluna.es\/wp-content\/uploads\/2015\/10\/Puig-de-Lliurella-228-300x225.jpg 300w, https:\/\/www.monta\u00f1asdelaluna.es\/wp-content\/uploads\/2015\/10\/Puig-de-Lliurella-228-1024x768.jpg 1024w\" sizes=\"auto, (max-width: 1795px) 100vw, 1795px\" \/><\/a><p id=\"caption-attachment-22857\" class=\"wp-caption-text\">Bosques camino de El Bruguetar<\/p><\/div>\n<p>Ahora en una sensible bajada por la senda llagamos\u00a0 hasta el lecho de la Riera de Santal\u00f3. El lugar aqu\u00ed es especial: la arboleda y vegetaci\u00f3n junto con la fosa en la que est\u00e1 metida, impiden que la luz del sol llegue con fulgor, y las sombras y formas de las mismas dan un aspecto enigm\u00e1tico, m\u00edstico pero sano y vivo de los lares de la nombrada riera. Fant\u00e1stico.<\/p>\n<p>La cruzamos hac\u00eda el otro lado, la otra orilla, y remontamos otra senda que despu\u00e9s se horizontaliza. Siempre siguiendo las marcas amarillas. \u00c9stas nos dejan en el mismo cruce que estuvimos casi al principio de la marcha, en el que nos desviamos, bajo un letrerito, hac\u00eda las Baumes. Como ya dije cuando pasamos la primera vez: \u201cA la vuelta saldremos por aqu\u00ed\u201d&#8230; y as\u00ed ha sido.<\/p>\n<div id=\"attachment_22858\" style=\"width: 833px\" class=\"wp-caption aligncenter\"><a class=\"dt-single-image\" href=\"https:\/\/www.monta\u00f1asdelaluna.es\/wp-content\/uploads\/2015\/10\/Puig-de-Lliurella-230.jpg\" data-dt-img-description=\"\"><img loading=\"lazy\" decoding=\"async\" aria-describedby=\"caption-attachment-22858\" class=\"wp-image-22858 \" src=\"https:\/\/www.monta\u00f1asdelaluna.es\/wp-content\/uploads\/2015\/10\/Puig-de-Lliurella-230.jpg\" alt=\"Bosques camino de El Bruguetar\" width=\"823\" height=\"1098\" srcset=\"https:\/\/www.monta\u00f1asdelaluna.es\/wp-content\/uploads\/2015\/10\/Puig-de-Lliurella-230.jpg 1346w, https:\/\/www.monta\u00f1asdelaluna.es\/wp-content\/uploads\/2015\/10\/Puig-de-Lliurella-230-225x300.jpg 225w, https:\/\/www.monta\u00f1asdelaluna.es\/wp-content\/uploads\/2015\/10\/Puig-de-Lliurella-230-768x1024.jpg 768w\" sizes=\"auto, (max-width: 823px) 100vw, 823px\" \/><\/a><p id=\"caption-attachment-22858\" class=\"wp-caption-text\">Bosques camino de El Bruguetar<\/p><\/div>\n<div id=\"attachment_22865\" style=\"width: 832px\" class=\"wp-caption aligncenter\"><a class=\"dt-single-image\" href=\"https:\/\/www.monta\u00f1asdelaluna.es\/wp-content\/uploads\/2015\/10\/Puig-de-Lliurella-244.jpg\" data-dt-img-description=\"\"><img loading=\"lazy\" decoding=\"async\" aria-describedby=\"caption-attachment-22865\" class=\"wp-image-22865 \" src=\"https:\/\/www.monta\u00f1asdelaluna.es\/wp-content\/uploads\/2015\/10\/Puig-de-Lliurella-244.jpg\" alt=\"Ruinas de Ca n'Oliveres\" width=\"822\" height=\"1096\" srcset=\"https:\/\/www.monta\u00f1asdelaluna.es\/wp-content\/uploads\/2015\/10\/Puig-de-Lliurella-244.jpg 1346w, https:\/\/www.monta\u00f1asdelaluna.es\/wp-content\/uploads\/2015\/10\/Puig-de-Lliurella-244-225x300.jpg 225w, https:\/\/www.monta\u00f1asdelaluna.es\/wp-content\/uploads\/2015\/10\/Puig-de-Lliurella-244-768x1024.jpg 768w\" sizes=\"auto, (max-width: 822px) 100vw, 822px\" \/><\/a><p id=\"caption-attachment-22865\" class=\"wp-caption-text\">Ruinas de Ca n&#8217;Oliveres<\/p><\/div>\n<p>Solo nos queda seguir la senda y luego camino y despu\u00e9s senda, desandando todo lo realizado desde este punto, hasta las inmediaciones de Castellfollit de La Roca, llegando a la pasarela sobre el R\u00edo Fluvi\u00e1. Pero ahora de bajada, caminando hac\u00eda el norte. Nos paramos en el puente que sube a Castellfollit de La Roca; admiramos el paisaje que observamos desde su parte m\u00e1s alta, mirando hac\u00eda las laderas del Puig de Lliurella y los Boscos de Santal\u00f3. Hermoso. Toda una selva de verde y frondosa vegetaci\u00f3n se yergue entre las suaves lomas del macizo. Ya no me queda bater\u00eda para poder hacer fotos y esta vez no puedo inmortalizar el lugar, pero intentar\u00e9 que la foto que he realizado con mi retina, quede en mi memoria para siempre.<\/p>\n<p>Al final ha salido una actividad digna de repetir y perfilar en su recorrido. Con diferentes aspectos de los bosques h\u00famedos, atl\u00e1nticos de La Garrotxa, y con una soledad en todo el recorrido inusitada. Incre\u00edble. Es como estar dentro de un cuento \u00e9pico&#8230; solo nos faltaban los duendes y las hadas&#8230; quien sabe si ya las vimos. Una excursi\u00f3n muy recomendable y un lugar fant\u00e1stico.<\/p>\n<div id=\"attachment_22902\" style=\"width: 970px\" class=\"wp-caption aligncenter\"><a class=\"dt-single-image\" href=\"https:\/\/www.monta\u00f1asdelaluna.es\/wp-content\/uploads\/2013\/11\/PuigLliurella.croquis2.jpg\" data-dt-img-description=\"\"><img loading=\"lazy\" decoding=\"async\" aria-describedby=\"caption-attachment-22902\" class=\"wp-image-22902 size-full\" src=\"https:\/\/www.monta\u00f1asdelaluna.es\/wp-content\/uploads\/2013\/11\/PuigLliurella.croquis2.jpg\" alt=\"Croquis del recorrido de Castellfollit de La Roca al Puig de LLiurella. Punto amarillo: T\u00faneles de Mont-ros. Punto rojo: Baumes d\u2019En Caxurma.\" width=\"960\" height=\"762\" srcset=\"https:\/\/www.monta\u00f1asdelaluna.es\/wp-content\/uploads\/2013\/11\/PuigLliurella.croquis2.jpg 960w, https:\/\/www.monta\u00f1asdelaluna.es\/wp-content\/uploads\/2013\/11\/PuigLliurella.croquis2-300x238.jpg 300w\" sizes=\"auto, (max-width: 960px) 100vw, 960px\" \/><\/a><p id=\"caption-attachment-22902\" class=\"wp-caption-text\">Croquis del recorrido de Castellfollit de La Roca al Puig de LLiurella. Punto amarillo: T\u00faneles de Mont-ros. Punto rojo: Baumes d\u2019En Caxurma.<\/p><\/div>\n<p>[vc_separator][\/vc_column_text][\/vc_column][\/vc_row][vc_row][vc_column][vc_empty_space height=\u00bb60px\u00bb][\/vc_column][\/vc_row][vc_row][vc_column][vc_cta h2=\u00bb\u00c1lbum de fotos\u00bb txt_align=\u00bbcenter\u00bb add_button=\u00bbbottom\u00bb btn_title=\u00bbVer fotos\u00bb btn_color=\u00bbwarning\u00bb btn_align=\u00bbcenter\u00bb btn_link=\u00bburl:https%3A%2F%2Fmonta%C3%B1asdelaluna.es%2F%3Fdt_gallery%3Dpuig-de-lliurella-desde-castellfollit-de-la-roca|title:Puig%20de%20LLiurella%20desde%20Castellfollit%20de%20La%20Roca|target:_blank\u00bb css=\u00bb.vc_custom_1625868213104{background-color: #8bc4ed !important;}\u00bb]Puedes ver todas las fotos del relato y actividad en forma de presentaci\u00f3n o individuales pinchando aqui \u00a1No te las pierdas![\/vc_cta][\/vc_column][\/vc_row][vc_row][vc_column][vc_empty_space height=\u00bb60px\u00bb][\/vc_column][\/vc_row][vc_row][vc_column width=\u00bb1\/3&#8243;][\/vc_column][vc_column width=\u00bb1\/2&#8243;][vc_raw_html]JTNDaWZyYW1lJTIwc3JjJTNEJTIyaHR0cHMlM0ElMkYlMkZ3d3cubWV0ZW9ibHVlLmNvbSUyRmVzJTJGdGllbXBvJTJGd2lkZ2V0JTJGZGFpbHklMkZjYXN0ZWxsZm9sbGl0LWRlLWxhLXJvY2FfZXNwYSUyNWMzJTI1YjFhXzMxMjU4OTMlM0ZkYXlzJTNENyUyNnRlbXB1bml0JTNEQ0VMU0lVUyUyNndpbmR1bml0JTNES0lMT01FVEVSX1BFUl9IT1VSJTI2cGljdG9pY29uJTNEMSUyNm1heHRlbXBlcmF0dXJlJTNEMSUyNm1pbnRlbXBlcmF0dXJlJTNEMSUyNndpbmRzcGVlZCUzRDElMjZ3aW5kZ3VzdCUzRDElMjZ3aW5kZGlyZWN0aW9uJTNEMSUyNnByZWNpcGl0YXRpb24lM0QxJTI2cHJlY2lwaXRhdGlvbnByb2JhYmlsaXR5JTNEMSUyNnNwb3QlM0QxJTI2cHJlc3N1cmUlM0QxJTI2bGF5b3V0JTNEbGlnaHQlMjIlMjAlMjBmcmFtZWJvcmRlciUzRCUyMjAlMjIlMjBzY3JvbGxpbmclM0QlMjJOTyUyMiUyMGFsbG93dHJhbnNwYXJlbmN5JTNEJTIydHJ1ZSUyMiUyMHN0eWxlJTNEJTIyd2lkdGglM0ElMjAzNzhweCUzQmhlaWdodCUzQSUyMDM5MXB4JTIyJTNFJTNDJTJGaWZyYW1lJTNFJTNDZGl2JTNFJTNDJTIxLS0lMjBETyUyME5PVCUyMFJFTU9WRSUyMFRISVMlMjBMSU5LJTIwLS0lM0UlM0NhJTIwaHJlZiUzRCUyMmh0dHBzJTNBJTJGJTJGd3d3Lm1ldGVvYmx1ZS5jb20lMkZlcyUyRnRpZW1wbyUyRnByb25vc3RpY28lMkZzZW1hbmElMkZjYXN0ZWxsZm9sbGl0LWRlLWxhLXJvY2FfZXNwYSUyNWMzJTI1YjFhXzMxMjU4OTMlMjIlMjB0YXJnZXQlM0QlMjJfYmxhbmslMjIlM0VtZXRlb2JsdWUlM0MlMkZhJTNFJTNDJTJGZGl2JTNF[\/vc_raw_html][\/vc_column][vc_column width=\u00bb1\/5&#8243;][\/vc_column][\/vc_row]<\/p>\n","protected":false},"excerpt":{"rendered":"<p>[vc_row][vc_column][vc_column_text]Como cada oto\u00f1o, aprovecho para realizar alguna excursi\u00f3n y visitar la verde, boscosa y espectacular comarca de La Garrotxa: sus robledales, hayedos, casta\u00f1ares, volcanes, monta\u00f1as y escondidos rincones siempre hacen las delicias de cualquier amante de la Naturaleza y la Monta\u00f1a. Esta vez me acerco al sonado pueblo de Castellfollit de La Roca. Sonado y&hellip;<\/p>\n","protected":false},"author":1,"featured_media":22824,"comment_status":"open","ping_status":"open","sticky":false,"template":"","format":"standard","meta":[],"categories":[47],"tags":[],"class_list":["post-22875","post","type-post","status-publish","format-standard","has-post-thumbnail","hentry","category-la-garrotxa","category-47","description-off"],"_links":{"self":[{"href":"https:\/\/www.monta\u00f1asdelaluna.es\/index.php?rest_route=\/wp\/v2\/posts\/22875","targetHints":{"allow":["GET"]}}],"collection":[{"href":"https:\/\/www.monta\u00f1asdelaluna.es\/index.php?rest_route=\/wp\/v2\/posts"}],"about":[{"href":"https:\/\/www.monta\u00f1asdelaluna.es\/index.php?rest_route=\/wp\/v2\/types\/post"}],"author":[{"embeddable":true,"href":"https:\/\/www.monta\u00f1asdelaluna.es\/index.php?rest_route=\/wp\/v2\/users\/1"}],"replies":[{"embeddable":true,"href":"https:\/\/www.monta\u00f1asdelaluna.es\/index.php?rest_route=%2Fwp%2Fv2%2Fcomments&post=22875"}],"version-history":[{"count":34,"href":"https:\/\/www.monta\u00f1asdelaluna.es\/index.php?rest_route=\/wp\/v2\/posts\/22875\/revisions"}],"predecessor-version":[{"id":50245,"href":"https:\/\/www.monta\u00f1asdelaluna.es\/index.php?rest_route=\/wp\/v2\/posts\/22875\/revisions\/50245"}],"wp:featuredmedia":[{"embeddable":true,"href":"https:\/\/www.monta\u00f1asdelaluna.es\/index.php?rest_route=\/wp\/v2\/media\/22824"}],"wp:attachment":[{"href":"https:\/\/www.monta\u00f1asdelaluna.es\/index.php?rest_route=%2Fwp%2Fv2%2Fmedia&parent=22875"}],"wp:term":[{"taxonomy":"category","embeddable":true,"href":"https:\/\/www.monta\u00f1asdelaluna.es\/index.php?rest_route=%2Fwp%2Fv2%2Fcategories&post=22875"},{"taxonomy":"post_tag","embeddable":true,"href":"https:\/\/www.monta\u00f1asdelaluna.es\/index.php?rest_route=%2Fwp%2Fv2%2Ftags&post=22875"}],"curies":[{"name":"wp","href":"https:\/\/api.w.org\/{rel}","templated":true}]}}