{"id":23122,"date":"1994-09-14T10:22:58","date_gmt":"1994-09-14T10:22:58","guid":{"rendered":"http:\/\/monta\u00f1asdelaluna.com\/?p=23122"},"modified":"2021-08-01T08:51:27","modified_gmt":"2021-08-01T08:51:27","slug":"ordesa-el-paraiso-encontrado","status":"publish","type":"post","link":"https:\/\/www.monta\u00f1asdelaluna.es\/?p=23122","title":{"rendered":"Ordesa. El paraiso encontrado"},"content":{"rendered":"<p>[vc_row][vc_column][vc_column_text]Hab\u00eda o\u00eddo hablar mucho del Parque Nacional de Ordesa y Monte Perdido, sobre todo del Valle de Ordesa: sus bosques, sus paredes cortadas, sus cascadas, sus escondidos lugares tan bellos y de formas tan perfectas que la combinaci\u00f3n de tonas sus caracter\u00edsticas hac\u00edan del lugar un verdadero para\u00edso, el m\u00e1s bello de los Pirineos, el m\u00e1s visitado y el m\u00e1s pisado. Cuando lo vi por primera vez no me defraud\u00f3, es m\u00e1s, lo vi mas impresionante y bello de c\u00f3mo lo imaginaba.<\/p>\n<p>En el a\u00f1o mil novecientos noventa y cuatro en mi primer viaje monta\u00f1ero a los Pirineos, despu\u00e9s de bajar del Aneto y curiosear en Benasque decidimos acercarnos al Valle de Ordesa e intentar subir al Monte Perdido, el pico culminante del tercer macizo m\u00e1s alto de los Pirineos. Tambi\u00e9n, como en el Valle de Ordesa, hab\u00eda o\u00eddo hablar de Monte Perdido, de su refugio inhiesto de G\u00f3riz. Era como ir a visitar a una estrella de cine que siempre la ve\u00edas por la tele y ahora la ibas a ver en realidad, cara a cara, es m\u00e1s, si pod\u00edamos la \u00edbamos a conquistar.<\/p>\n<div id=\"attachment_36233\" style=\"width: 1034px\" class=\"wp-caption aligncenter\"><a class=\"dt-single-image\" href=\"https:\/\/www.monta\u00f1asdelaluna.es\/wp-content\/uploads\/2017\/04\/OrdesaPanticosa94-01-001.jpg\" data-dt-img-description=\"\"><img loading=\"lazy\" decoding=\"async\" aria-describedby=\"caption-attachment-36233\" class=\"wp-image-36233 size-large\" src=\"https:\/\/www.monta\u00f1asdelaluna.es\/wp-content\/uploads\/2017\/04\/OrdesaPanticosa94-01-001-1024x672.jpg\" alt=\"Circo de Carriata en la entrada al Valle de Ordesa\" width=\"1024\" height=\"672\" srcset=\"https:\/\/www.monta\u00f1asdelaluna.es\/wp-content\/uploads\/2017\/04\/OrdesaPanticosa94-01-001-1024x672.jpg 1024w, https:\/\/www.monta\u00f1asdelaluna.es\/wp-content\/uploads\/2017\/04\/OrdesaPanticosa94-01-001-300x197.jpg 300w, https:\/\/www.monta\u00f1asdelaluna.es\/wp-content\/uploads\/2017\/04\/OrdesaPanticosa94-01-001.jpg 1780w\" sizes=\"auto, (max-width: 1024px) 100vw, 1024px\" \/><\/a><p id=\"caption-attachment-36233\" class=\"wp-caption-text\">Circo de Carriata en la entrada al Valle de Ordesa<\/p><\/div>\n<div id=\"attachment_36238\" style=\"width: 1034px\" class=\"wp-caption aligncenter\"><a class=\"dt-single-image\" href=\"https:\/\/www.monta\u00f1asdelaluna.es\/wp-content\/uploads\/2017\/04\/OrdesaPanticosa94-06-001.jpg\" data-dt-img-description=\"\"><img loading=\"lazy\" decoding=\"async\" aria-describedby=\"caption-attachment-36238\" class=\"wp-image-36238 size-large\" src=\"https:\/\/www.monta\u00f1asdelaluna.es\/wp-content\/uploads\/2017\/04\/OrdesaPanticosa94-06-001-1024x665.jpg\" alt=\"Monte Perdido a la izquierda y el Soum de Ramond medio cubierto con la Torre de G\u00f3riz delante, a la derecha\" width=\"1024\" height=\"665\" srcset=\"https:\/\/www.monta\u00f1asdelaluna.es\/wp-content\/uploads\/2017\/04\/OrdesaPanticosa94-06-001-1024x665.jpg 1024w, https:\/\/www.monta\u00f1asdelaluna.es\/wp-content\/uploads\/2017\/04\/OrdesaPanticosa94-06-001-300x195.jpg 300w, https:\/\/www.monta\u00f1asdelaluna.es\/wp-content\/uploads\/2017\/04\/OrdesaPanticosa94-06-001.jpg 1784w\" sizes=\"auto, (max-width: 1024px) 100vw, 1024px\" \/><\/a><p id=\"caption-attachment-36238\" class=\"wp-caption-text\">Monte Perdido a la izquierda y el Soum de Ramond medio cubierto con la Torre de G\u00f3riz delante, a la derecha<\/p><\/div>\n<p>La distancia entre Benasque y Torla en coche por las carreteras pirenaicas era bastante larga y llegamos algo tarde al aparcamiento del Valle de Ordesa. Era septiembre, por tanto te dejaban aparcar en dicho aparcamiento al no existir los aglutinamientos y aglomeraciones de julio y agosto en que solo pod\u00edas subir al aparcamiento en autob\u00fas desde Torla y destinado espec\u00edficamente para eso.<\/p>\n<p>Cuando llegamos all\u00ed y sal\u00ed de la furgoneta vi a mi alrededor un valle de altas y escarpadas paredes formando peque\u00f1os y grandes circos bajo los cuales una exuberante vegetaci\u00f3n muy bien cuidada de confieras e incluso frondosas como el bosque de hayas, dominaban todas las laderas menos verticales. Las nubes segu\u00edan entorpeciendo la visi\u00f3n de las alturas de estos paredones tremendos tanto al norte como al sur; aunque menos frecuentes \u00e9stas no te molestaban para vislumbrar el valle, al contrario y como siempre le daba su toque encantador y enigm\u00e1tico. Era un gigantesco ca\u00f1\u00f3n excavado\u00a0 y formado hace miles de a\u00f1os por un glaciar inmenso que bajaba de G\u00f3riz y de Monte Perdido, con gigantescas y largas paredes en las dos laderas que se suavizaban y se llenaban de bosques tupidos y casi inaccesibles, y bellos, muy bellos y bien cuidados, casi intocables desde sus or\u00edgenes ancestrales. Est\u00e1bamos en un verdadero para\u00edso: los riachuelos bajaban y ca\u00edan en cascadas desde algunas paredes (Las Fajas) y sus r\u00edos forman riveras y cascadas como las de Cotatuero o Soaso que caen de las altas paredes a los llanos y suaves laderas del fondo del frondoso y verde Valle de Ordesa, culminados en el R\u00edo Arazas que recorre todo lo largo del valle de este a oeste. Era impresionante descubrir todas las caracter\u00edsticas, formas y formaciones de este valle en todas las medidas; geogr\u00e1ficas, biol\u00f3gicas, geol\u00f3gicas, human\u00edsticas e incluso hist\u00f3ricas. Si dios cre\u00f3 alguna vez el para\u00edso en la tierra, no ser\u00eda muy diferente el Ed\u00e9n del Valle de Ordesa.<\/p>\n<p>Arriba de nosotros el impresionante Circo de Carriata rodeado de un manto verde y boscoso ininterrumpido. Se hac\u00eda tarde, el trayecto hasta G\u00f3riz era algo larguico y estaba oscureciendo, deb\u00edamos prepararnos las mochilas y salir corriendo para poder llegar lo antes posible al refugio. As\u00ed pues partimos enseguida por el fondo del encantador y hermoso Valle de Ordesa.<\/p>\n<div id=\"attachment_36241\" style=\"width: 831px\" class=\"wp-caption aligncenter\"><a class=\"dt-single-image\" href=\"https:\/\/www.monta\u00f1asdelaluna.es\/wp-content\/uploads\/2017\/04\/OrdesaPanticosa94-09-001.jpg\" data-dt-img-description=\"\"><img loading=\"lazy\" decoding=\"async\" aria-describedby=\"caption-attachment-36241\" class=\"wp-image-36241 \" src=\"https:\/\/www.monta\u00f1asdelaluna.es\/wp-content\/uploads\/2017\/04\/OrdesaPanticosa94-09-001.jpg\" alt=\"Valle de Ordesa desde arriba del Circo de Soaso\" width=\"821\" height=\"1115\" srcset=\"https:\/\/www.monta\u00f1asdelaluna.es\/wp-content\/uploads\/2017\/04\/OrdesaPanticosa94-09-001.jpg 1315w, https:\/\/www.monta\u00f1asdelaluna.es\/wp-content\/uploads\/2017\/04\/OrdesaPanticosa94-09-001-221x300.jpg 221w, https:\/\/www.monta\u00f1asdelaluna.es\/wp-content\/uploads\/2017\/04\/OrdesaPanticosa94-09-001-754x1024.jpg 754w\" sizes=\"auto, (max-width: 821px) 100vw, 821px\" \/><\/a><p id=\"caption-attachment-36241\" class=\"wp-caption-text\">Valle de Ordesa desde arriba del Circo de Soaso<\/p><\/div>\n<div id=\"attachment_36243\" style=\"width: 831px\" class=\"wp-caption aligncenter\"><a class=\"dt-single-image\" href=\"https:\/\/www.monta\u00f1asdelaluna.es\/wp-content\/uploads\/2017\/04\/OrdesaPanticosa94-11-001.jpg\" data-dt-img-description=\"\"><img loading=\"lazy\" decoding=\"async\" aria-describedby=\"caption-attachment-36243\" class=\"wp-image-36243 \" src=\"https:\/\/www.monta\u00f1asdelaluna.es\/wp-content\/uploads\/2017\/04\/OrdesaPanticosa94-11-001.jpg\" alt=\"Paco S\u00e1nchez, Jes\u00fas And\u00fajar y Manolo Cano con el Valle de Ordesa detr\u00e1s\" width=\"821\" height=\"1253\" srcset=\"https:\/\/www.monta\u00f1asdelaluna.es\/wp-content\/uploads\/2017\/04\/OrdesaPanticosa94-11-001.jpg 1166w, https:\/\/www.monta\u00f1asdelaluna.es\/wp-content\/uploads\/2017\/04\/OrdesaPanticosa94-11-001-197x300.jpg 197w, https:\/\/www.monta\u00f1asdelaluna.es\/wp-content\/uploads\/2017\/04\/OrdesaPanticosa94-11-001-671x1024.jpg 671w\" sizes=\"auto, (max-width: 821px) 100vw, 821px\" \/><\/a><p id=\"caption-attachment-36243\" class=\"wp-caption-text\">Paco S\u00e1nchez, Jes\u00fas And\u00fajar y Manolo Cano con el Valle de Ordesa detr\u00e1s<\/p><\/div>\n<div id=\"attachment_36244\" style=\"width: 831px\" class=\"wp-caption aligncenter\"><a class=\"dt-single-image\" href=\"https:\/\/www.monta\u00f1asdelaluna.es\/wp-content\/uploads\/2017\/04\/OrdesaPanticosa94-12-001.jpg\" data-dt-img-description=\"\"><img loading=\"lazy\" decoding=\"async\" aria-describedby=\"caption-attachment-36244\" class=\"wp-image-36244 \" src=\"https:\/\/www.monta\u00f1asdelaluna.es\/wp-content\/uploads\/2017\/04\/OrdesaPanticosa94-12-001.jpg\" alt=\"Refugio de G\u00f3riz, 2.195 mts. arriba el Cilindro de Marbor\u00e9\" width=\"821\" height=\"1260\" srcset=\"https:\/\/www.monta\u00f1asdelaluna.es\/wp-content\/uploads\/2017\/04\/OrdesaPanticosa94-12-001.jpg 1164w, https:\/\/www.monta\u00f1asdelaluna.es\/wp-content\/uploads\/2017\/04\/OrdesaPanticosa94-12-001-196x300.jpg 196w, https:\/\/www.monta\u00f1asdelaluna.es\/wp-content\/uploads\/2017\/04\/OrdesaPanticosa94-12-001-667x1024.jpg 667w\" sizes=\"auto, (max-width: 821px) 100vw, 821px\" \/><\/a><p id=\"caption-attachment-36244\" class=\"wp-caption-text\">Refugio de G\u00f3riz, 2.195 mts. arriba el Cilindro de Marbor\u00e9<\/p><\/div>\n<p>El camino transcurr\u00eda entre el bosque y a medida que nos intern\u00e1bamos valle arriba la oscuridad nos iba engullendo. El bosque de hayas, aunque casi invisible por la oscuridad del atardecer y de la noche pr\u00f3xima, se nos habr\u00eda esplendoroso, tupido y cerrado como los hayedos bien conservados que incluso llegan a asustarte, a sentir miedo si te adentras en ellos, esperando que te salga de detr\u00e1s de un \u00e1rbol el temido \u201clobo feroz\u201d.<\/p>\n<p>Ya es noche cerrada, el tiempo empeora y hace m\u00e1s fr\u00edo, mientras ya hemos sacado las linternas frontales y parece que vemos caer peque\u00f1as bolitas s\u00f3lidas de lo que parecen peque\u00f1os copos de agua-nieve. Ya vamos por Gradas de Soaso, el camino ahora convertido en senda, sube por unas escaleras y unos pasillos encrespados junto al sonido de las peque\u00f1as cascadas del R\u00edo Arazas. Poco a poco a mi se me iba haciendo larga la marcha sin llegar a ning\u00fan lado y sin ver nada. Cano es el \u00fanico que se conoce el camino y reconoce que va a ser mejor pasar la noche en una caba\u00f1a de pastores que queda arriba del valle antes de llegar al Circo de Soaso. As\u00ed que nos ponemos otra vez en marcha y al cabo de una media hora llegamos a dicha caba\u00f1a. En el bosque de hayas nos encontramos con peque\u00f1as caba\u00f1itas de madera pero, estaban a poco tiempo del comienzo y a mucha distancia de G\u00f3riz. La caba\u00f1a eran dos estancias con dos puertas incomunicadas entre s\u00ed y que estaban ocupadas ya por tres personas en cada habitaci\u00f3n, en cada estancia. Decidimos repartirnos y meternos dos en cada habitaci\u00f3n. Yo dorm\u00ed con Paco S\u00e1nchez, el cual me despertaba y se enfadaba conmigo cada vez que me quedaba dormido, por que me dio por roncar al constiparme en la subida. En mitad de la noche algo ocurre en el cuarto de al lado; un fuerte golpe met\u00e1lico y una conversaciones de incertidumbre nos despiertan. Preguntamos que ha ocurrido y nos dicen que est\u00e1n bien, que se hab\u00eda ca\u00eddo la puerta met\u00e1lica de la entrada que estaba suelta. Jes\u00fas hab\u00eda encendido la linterna frontal y se hab\u00eda encontrado a Cano metido en el saco con las piernas en alto y algo encogidas sosteniendo la puerta que se le ven\u00eda encima. Debi\u00f3 de ser casi c\u00f3mica la imagen.<\/p>\n<div id=\"attachment_36248\" style=\"width: 1034px\" class=\"wp-caption aligncenter\"><a class=\"dt-single-image\" href=\"https:\/\/www.monta\u00f1asdelaluna.es\/wp-content\/uploads\/2017\/04\/OrdesaPanticosa94-16-001.jpg\" data-dt-img-description=\"\"><img loading=\"lazy\" decoding=\"async\" aria-describedby=\"caption-attachment-36248\" class=\"wp-image-36248 size-large\" src=\"https:\/\/www.monta\u00f1asdelaluna.es\/wp-content\/uploads\/2017\/04\/OrdesaPanticosa94-16-001-1024x665.jpg\" alt=\"Jes\u00fas, Manolo Cano y Paco en la habitaci\u00f3n Marbor\u00e9 del refugio\" width=\"1024\" height=\"665\" srcset=\"https:\/\/www.monta\u00f1asdelaluna.es\/wp-content\/uploads\/2017\/04\/OrdesaPanticosa94-16-001-1024x665.jpg 1024w, https:\/\/www.monta\u00f1asdelaluna.es\/wp-content\/uploads\/2017\/04\/OrdesaPanticosa94-16-001-300x195.jpg 300w, https:\/\/www.monta\u00f1asdelaluna.es\/wp-content\/uploads\/2017\/04\/OrdesaPanticosa94-16-001.jpg 1784w\" sizes=\"auto, (max-width: 1024px) 100vw, 1024px\" \/><\/a><p id=\"caption-attachment-36248\" class=\"wp-caption-text\">Jes\u00fas, Manolo Cano y Paco en la habitaci\u00f3n Marbor\u00e9 del refugio<\/p><\/div>\n<div id=\"attachment_36249\" style=\"width: 1034px\" class=\"wp-caption aligncenter\"><a class=\"dt-single-image\" href=\"https:\/\/www.monta\u00f1asdelaluna.es\/wp-content\/uploads\/2017\/04\/OrdesaPanticosa94-17-001.jpg\" data-dt-img-description=\"\"><img loading=\"lazy\" decoding=\"async\" aria-describedby=\"caption-attachment-36249\" class=\"wp-image-36249 size-large\" src=\"https:\/\/www.monta\u00f1asdelaluna.es\/wp-content\/uploads\/2017\/04\/OrdesaPanticosa94-17-001-1024x661.jpg\" alt=\"Paco, Jes\u00fas y Manolo Cano en el comerdor del refugio\" width=\"1024\" height=\"661\" srcset=\"https:\/\/www.monta\u00f1asdelaluna.es\/wp-content\/uploads\/2017\/04\/OrdesaPanticosa94-17-001-1024x661.jpg 1024w, https:\/\/www.monta\u00f1asdelaluna.es\/wp-content\/uploads\/2017\/04\/OrdesaPanticosa94-17-001-300x194.jpg 300w, https:\/\/www.monta\u00f1asdelaluna.es\/wp-content\/uploads\/2017\/04\/OrdesaPanticosa94-17-001.jpg 1792w\" sizes=\"auto, (max-width: 1024px) 100vw, 1024px\" \/><\/a><p id=\"caption-attachment-36249\" class=\"wp-caption-text\">Paco, Jes\u00fas y Manolo Cano en el comerdor del refugio<\/p><\/div>\n<div id=\"attachment_36251\" style=\"width: 832px\" class=\"wp-caption aligncenter\"><a class=\"dt-single-image\" href=\"https:\/\/www.monta\u00f1asdelaluna.es\/wp-content\/uploads\/2017\/04\/OrdesaPanticosa94-19-001.jpg\" data-dt-img-description=\"\"><img loading=\"lazy\" decoding=\"async\" aria-describedby=\"caption-attachment-36251\" class=\"wp-image-36251 \" src=\"https:\/\/www.monta\u00f1asdelaluna.es\/wp-content\/uploads\/2017\/04\/OrdesaPanticosa94-19-001.jpg\" alt=\"Bajando del Refugio de G\u00f3riz, arriba la Punta Tobacor\" width=\"822\" height=\"1276\" srcset=\"https:\/\/www.monta\u00f1asdelaluna.es\/wp-content\/uploads\/2017\/04\/OrdesaPanticosa94-19-001.jpg 1149w, https:\/\/www.monta\u00f1asdelaluna.es\/wp-content\/uploads\/2017\/04\/OrdesaPanticosa94-19-001-193x300.jpg 193w, https:\/\/www.monta\u00f1asdelaluna.es\/wp-content\/uploads\/2017\/04\/OrdesaPanticosa94-19-001-660x1024.jpg 660w\" sizes=\"auto, (max-width: 822px) 100vw, 822px\" \/><\/a><p id=\"caption-attachment-36251\" class=\"wp-caption-text\">Bajando del Refugio de G\u00f3riz, arriba la Punta Tobacor<\/p><\/div>\n<p>Amanece al otro d\u00eda y salimos de la caba\u00f1a para descubrir y contemplar lo que la oscuridad de la noche nos hab\u00eda negado: un verde prado rodeado de paredes lisas y abruptas a cada lado, perfectamente alineadas como si alguien con una cuchara hubiera hecho un surco en una blanda mantequilla. El bosque all\u00e1 abajo, abandonado cerca de la caba\u00f1a y un leve polvillo blanco de nieve adorna las fajas y partes m\u00e1s altas del valle. Un paisaje encantador y espectacular.<\/p>\n<p>Emprendemos la marcha por una verde planicie rodeada de paredes y bajo \u00e9stas, laderas que se van suavizando a medida que se encuentran con la planicie; surcada \u00e9sta por un manso r\u00edo Arazas. Al fondo las paredes se unen en forma de semic\u00edrculo cerrando el valle. Estamos en un perfecto valle con forma de artesa caracter\u00edstica de la erosi\u00f3n glaciar. No cuesta nada imaginar a un poderoso glaciar que llegaba hasta las m\u00e1s altas paredes hiriendo y modelando las blandas rocas calizas a lo largo de este Valle de Ordesa con su origen (o uno de sus or\u00edgenes) en las paredes en forma de semic\u00edrculo que cierran el valle: el Circo de Soaso.<\/p>\n<p>Arriba del circo y blanqueados con una fina capa de nieve reci\u00e9n ca\u00edda la noche anterior, el Monte Perdido y el Soum de Ramond con suaves pendientes entre algodonosas y veloces nubes. Delante del Soum de Ramond un peque\u00f1o (peque\u00f1o al lado de estos gigantes) farall\u00f3n, la Torre de G\u00f3riz; que aparece como una erupci\u00f3n del terreno entre sus suaves laderas.<\/p>\n<div id=\"attachment_36252\" style=\"width: 830px\" class=\"wp-caption aligncenter\"><a class=\"dt-single-image\" href=\"https:\/\/www.monta\u00f1asdelaluna.es\/wp-content\/uploads\/2017\/04\/OrdesaPanticosa94-20-001.jpg\" data-dt-img-description=\"\"><img loading=\"lazy\" decoding=\"async\" aria-describedby=\"caption-attachment-36252\" class=\"wp-image-36252 \" src=\"https:\/\/www.monta\u00f1asdelaluna.es\/wp-content\/uploads\/2017\/04\/OrdesaPanticosa94-20-001.jpg\" alt=\"Manolo Cano destrepando por las Clavijas de Soaso\" width=\"820\" height=\"1270\" srcset=\"https:\/\/www.monta\u00f1asdelaluna.es\/wp-content\/uploads\/2017\/04\/OrdesaPanticosa94-20-001.jpg 1153w, https:\/\/www.monta\u00f1asdelaluna.es\/wp-content\/uploads\/2017\/04\/OrdesaPanticosa94-20-001-194x300.jpg 194w, https:\/\/www.monta\u00f1asdelaluna.es\/wp-content\/uploads\/2017\/04\/OrdesaPanticosa94-20-001-661x1024.jpg 661w\" sizes=\"auto, (max-width: 820px) 100vw, 820px\" \/><\/a><p id=\"caption-attachment-36252\" class=\"wp-caption-text\">Manolo Cano destrepando por las Clavijas de Soaso<\/p><\/div>\n<div id=\"attachment_36253\" style=\"width: 831px\" class=\"wp-caption aligncenter\"><a class=\"dt-single-image\" href=\"https:\/\/www.monta\u00f1asdelaluna.es\/wp-content\/uploads\/2017\/04\/OrdesaPanticosa94-21-001.jpg\" data-dt-img-description=\"\"><img loading=\"lazy\" decoding=\"async\" aria-describedby=\"caption-attachment-36253\" class=\"wp-image-36253 \" src=\"https:\/\/www.monta\u00f1asdelaluna.es\/wp-content\/uploads\/2017\/04\/OrdesaPanticosa94-21-001.jpg\" alt=\"Manolo Cano destrepando por las Clavijas de Soaso\" width=\"821\" height=\"1257\" srcset=\"https:\/\/www.monta\u00f1asdelaluna.es\/wp-content\/uploads\/2017\/04\/OrdesaPanticosa94-21-001.jpg 1165w, https:\/\/www.monta\u00f1asdelaluna.es\/wp-content\/uploads\/2017\/04\/OrdesaPanticosa94-21-001-196x300.jpg 196w, https:\/\/www.monta\u00f1asdelaluna.es\/wp-content\/uploads\/2017\/04\/OrdesaPanticosa94-21-001-669x1024.jpg 669w\" sizes=\"auto, (max-width: 821px) 100vw, 821px\" \/><\/a><p id=\"caption-attachment-36253\" class=\"wp-caption-text\">Manolo Cano destrepando por las Clavijas de Soaso<\/p><\/div>\n<p>Acerc\u00e1ndonos a las paredes del centro del circo, el r\u00edo Arazas forma una bonita cascada al bajar de la zona de G\u00f3riz: la famosa Cola de Caballo. Justo casi encima de \u00e9sta una vertiginosa y empinada senda excavada en las paredes del circo; una cadena ayuda a superar este vertical paso: Son las Clavijas de Soaso. Sin miedo y con el mochil\u00f3n superamos este entretenido y fatigoso paso, y ya desde arriba de una de las paredes se nos abre el fabuloso Valle de Ordesa, bello, bonito, hermoso y espectacular. Un paisaje como pocos en los Pirineos o en cualquier otra cordillera europea.<\/p>\n<p>Ahora nos dirigimos al Refugio Delgado \u00dabeda o de G\u00f3riz, base para subir los m\u00e1s altos tresmiles del macizo: Cilindro de Marbor\u00e9, Monte Perdido, Soum de Ramond\u2026 Nuestro objetivo ser\u00eda el Monte Perdido. Antes de llegar vemos a un numeroso grupo de gente que baja al valle desde el refugio. La noche fue fr\u00eda, nev\u00f3 en G\u00f3riz y la gente llevaba la ropa, material de verano y no estaban preparados para ese fr\u00edo.<\/p>\n<div id=\"attachment_36254\" style=\"width: 1034px\" class=\"wp-caption aligncenter\"><a class=\"dt-single-image\" href=\"https:\/\/www.monta\u00f1asdelaluna.es\/wp-content\/uploads\/2017\/04\/OrdesaPanticosa94-22-001.jpg\" data-dt-img-description=\"\"><img loading=\"lazy\" decoding=\"async\" aria-describedby=\"caption-attachment-36254\" class=\"wp-image-36254 size-large\" src=\"https:\/\/www.monta\u00f1asdelaluna.es\/wp-content\/uploads\/2017\/04\/OrdesaPanticosa94-22-001-1024x661.jpg\" alt=\"Joaqu\u00edn, Paco y Jes\u00fas dejando atr\u00e1s el Circo de Soaso, y el lugar de las Clavijas de Soaso junto a la cueva del centro\" width=\"1024\" height=\"661\" srcset=\"https:\/\/www.monta\u00f1asdelaluna.es\/wp-content\/uploads\/2017\/04\/OrdesaPanticosa94-22-001-1024x661.jpg 1024w, https:\/\/www.monta\u00f1asdelaluna.es\/wp-content\/uploads\/2017\/04\/OrdesaPanticosa94-22-001-300x194.jpg 300w, https:\/\/www.monta\u00f1asdelaluna.es\/wp-content\/uploads\/2017\/04\/OrdesaPanticosa94-22-001.jpg 1786w\" sizes=\"auto, (max-width: 1024px) 100vw, 1024px\" \/><\/a><p id=\"caption-attachment-36254\" class=\"wp-caption-text\">Joaqu\u00edn, Paco y Jes\u00fas dejando atr\u00e1s el Circo de Soaso, y el lugar de las Clavijas de Soaso junto a la cueva del centro<\/p><\/div>\n<div id=\"attachment_36256\" style=\"width: 1034px\" class=\"wp-caption aligncenter\"><a class=\"dt-single-image\" href=\"https:\/\/www.monta\u00f1asdelaluna.es\/wp-content\/uploads\/2017\/04\/OrdesaPanticosa94-24-001.jpg\" data-dt-img-description=\"\"><img loading=\"lazy\" decoding=\"async\" aria-describedby=\"caption-attachment-36256\" class=\"wp-image-36256 size-large\" src=\"https:\/\/www.monta\u00f1asdelaluna.es\/wp-content\/uploads\/2017\/04\/OrdesaPanticosa94-24-001-1024x663.jpg\" alt=\"Jes\u00fas, Joaqu\u00edn y Manolo Cano en Gradas de Soaso en el R\u00edo Arazas\" width=\"1024\" height=\"663\" srcset=\"https:\/\/www.monta\u00f1asdelaluna.es\/wp-content\/uploads\/2017\/04\/OrdesaPanticosa94-24-001-1024x663.jpg 1024w, https:\/\/www.monta\u00f1asdelaluna.es\/wp-content\/uploads\/2017\/04\/OrdesaPanticosa94-24-001-300x194.jpg 300w, https:\/\/www.monta\u00f1asdelaluna.es\/wp-content\/uploads\/2017\/04\/OrdesaPanticosa94-24-001.jpg 1789w\" sizes=\"auto, (max-width: 1024px) 100vw, 1024px\" \/><\/a><p id=\"caption-attachment-36256\" class=\"wp-caption-text\">Jes\u00fas, Joaqu\u00edn y Manolo Cano en Gradas de Soaso en el R\u00edo Arazas<\/p><\/div>\n<p>Llegamos al refugio y nos acomodamos en \u00e9l. Es un refugio c\u00f3modo y acogedor si no vas en los meses centrales del verano que se abarrota de gente y es agobiante, incluso con el mismo n\u00famero de gente acampada en los alrededores. Por la tarde la nieve se derret\u00eda por el calor de un sol intermitente cuando se asomaba entre las nubes.<\/p>\n<p>Ilusionados con subir al otro d\u00eda Monte Perdido, la tercera monta\u00f1a m\u00e1s alta de los Pirineos y una de las m\u00e1s famosas y emblem\u00e1ticas de los mismos, pasamos el d\u00eda entre risas y juegos. Al otro d\u00eda el mal tiempo rodea G\u00f3riz y todo el macizo, llovizna y no parece que vaya a despejarse en todo el d\u00eda. Esperamos sin saber que hacer. El guarda comenta: \u201cEsto va a estar as\u00ed todo el d\u00eda, ya se ha acabado el verano\u201d. Hablamos entre nosotros. No nos atrevemos a subir con tan mal tiempo \u00bfpara qu\u00e9? y lo m\u00e1s seguro ser\u00eda que a mitad de subida tendr\u00edamos que darnos la vuelta. Est\u00e1 descartado Monte Perdido \u00bfQu\u00e9 hacemos? Decidimos volvernos y visitar otra parte de los Pirineos, Panticosa en el Valle de Tena, en los alrededores de los Picos del Infierno.<\/p>\n<div id=\"attachment_36257\" style=\"width: 832px\" class=\"wp-caption aligncenter\"><a class=\"dt-single-image\" href=\"https:\/\/www.monta\u00f1asdelaluna.es\/wp-content\/uploads\/2017\/04\/OrdesaPanticosa94-25-001.jpg\" data-dt-img-description=\"\"><img loading=\"lazy\" decoding=\"async\" aria-describedby=\"caption-attachment-36257\" class=\"wp-image-36257 \" src=\"https:\/\/www.monta\u00f1asdelaluna.es\/wp-content\/uploads\/2017\/04\/OrdesaPanticosa94-25-001.jpg\" alt=\"Bajando por el Valle de Ordesa\" width=\"822\" height=\"1268\" srcset=\"https:\/\/www.monta\u00f1asdelaluna.es\/wp-content\/uploads\/2017\/04\/OrdesaPanticosa94-25-001.jpg 1158w, https:\/\/www.monta\u00f1asdelaluna.es\/wp-content\/uploads\/2017\/04\/OrdesaPanticosa94-25-001-195x300.jpg 195w, https:\/\/www.monta\u00f1asdelaluna.es\/wp-content\/uploads\/2017\/04\/OrdesaPanticosa94-25-001-664x1024.jpg 664w\" sizes=\"auto, (max-width: 822px) 100vw, 822px\" \/><\/a><p id=\"caption-attachment-36257\" class=\"wp-caption-text\">Bajando por el Valle de Ordesa<\/p><\/div>\n<div id=\"attachment_36259\" style=\"width: 1034px\" class=\"wp-caption aligncenter\"><a class=\"dt-single-image\" href=\"https:\/\/www.monta\u00f1asdelaluna.es\/wp-content\/uploads\/2017\/04\/OrdesaPanticosa94-27-001.jpg\" data-dt-img-description=\"\"><img loading=\"lazy\" decoding=\"async\" aria-describedby=\"caption-attachment-36259\" class=\"wp-image-36259 size-large\" src=\"https:\/\/www.monta\u00f1asdelaluna.es\/wp-content\/uploads\/2017\/04\/OrdesaPanticosa94-27-001-1024x663.jpg\" alt=\"Circo de Cotatuero\" width=\"1024\" height=\"663\" srcset=\"https:\/\/www.monta\u00f1asdelaluna.es\/wp-content\/uploads\/2017\/04\/OrdesaPanticosa94-27-001-1024x663.jpg 1024w, https:\/\/www.monta\u00f1asdelaluna.es\/wp-content\/uploads\/2017\/04\/OrdesaPanticosa94-27-001-300x194.jpg 300w, https:\/\/www.monta\u00f1asdelaluna.es\/wp-content\/uploads\/2017\/04\/OrdesaPanticosa94-27-001.jpg 1786w\" sizes=\"auto, (max-width: 1024px) 100vw, 1024px\" \/><\/a><p id=\"caption-attachment-36259\" class=\"wp-caption-text\">Circo de Cotatuero<\/p><\/div>\n<p>Hacemos las mochilas, nos ponemos los chubasqueros, nos despedimos de G\u00f3riz y bajamos desandando el camino realizado ayer. Bajamos por las Clavijas de Soaso inmersos en una espesa niebla que hace m\u00e1s enigm\u00e1tico y emocionante el paso. Ya, bajo el Circo de Soaso y ya en la planicie herbosa de repente como si un gigante soplara a las nubes, se despeja y el cielo azul y claro aparece entre nosotros sin una t\u00edmida nube. De nuevo el \u201cesp\u00edritu\u201d de los Pirineos Nos hace una jugarreta mostr\u00e1ndonos lo que hubi\u00e9ramos conquistado esa ma\u00f1ana, el espl\u00e9ndido Monte Perdido. Ya no queremos subir, hemos decidido bajar y ya es demasiado tarde para volver y subir Monte Perdido; aunque el d\u00eda se ha quedado radiante e incre\u00edblemente despejado.<\/p>\n<p>Ahora de d\u00eda y con luz, recorremos el Valle de Ordesa fij\u00e1ndonos en los sitios y lugares que la noche no nos dej\u00f3 ver. As\u00ed disfrutamos de las \u201ccascaditas\u201d y escalones que hace el r\u00edo Arazas en Gradas de Soaso, el frondoso bosque de hayas y las fajas y paredes que rodean el boscoso y verde valle. Una muestra de ello es el famoso y encantador Circo de Cotatuero con su gran cascada en el centro. Es un paisaje que yo no llamar\u00eda alpino, sino m\u00e1s bien, pirenaico, propio y original de esta espl\u00e9ndida cordillera. En ning\u00fan otro sitio de Espa\u00f1a, Europa e incluso del mundo hay un valle y unos lugares como \u00e9stos; y su buena conservaci\u00f3n y futuro ser\u00e1 algo que nosotros deberemos y debemos preservar de ataques, especulaciones y actividades que puedan herir, degradar este lugar y estas monta\u00f1as tan bellas y \u00fanicas. Hay que recordar que \u201cno sabemos lo que tenemos hasta que lo perdemos\u201d; debemos conocer, disfrutar y respetar este valle para concienciarnos de lo que tenemos, de la joya que, sin saberlo, tenemos en el centro de los Pirineos.<\/p>\n<p>Texto sacado del art\u00edculo ANETO: EL RETO DEL PICO M\u00c1S ALTO DE LOS PIRINEOS escrito con el mismo t\u00edtulo en el n\u00famero 7 de la desaparecida revista Centro Verde del Centro Excursionista Almorad\u00ed, en noviembre de 1.994:<\/p>\n<p><span style=\"color: #ff0000;\">&#8230;<\/span><\/p>\n<p><span style=\"color: #ff0000;\">Despu\u00e9s de pasar por A\u00ednsa, Broto y Torla llegamos al aparcamiento, saliendo de all\u00ed a las 7 de la tarde en direcci\u00f3n al Refugio de G\u00f3riz. Puede que este valle est\u00e9 entre los 3 valles m\u00e1s bellos del Pirineo, si no es el m\u00e1s bello: vegetaci\u00f3n salvaje de hayas y todo tipo de pino alpino rodeado por dos bandas de paredes a cada lado del valle, formando verdaderos circos de antiguos y grandiosos glaciares como el de Carriata, Cotatuero y el de Soaso al que nos dirig\u00edamos.<\/span><\/p>\n<p><span style=\"color: #ff0000;\">\u00a0\u00a0\u00a0\u00a0\u00a0 En mitad de la marcha a G\u00f3riz nos call\u00f3 la noche, ca\u00eda aguanieve, las nubes abordaban las paredes de Soaso y tuvimos que guarecernos en una caba\u00f1a de pastores donde pasamos la peor noche del viaje junto con gente de Madrid y Gand\u00eda.<\/span><\/p>\n<p><span style=\"color: #ff0000;\">\u00a0\u00a0\u00a0\u00a0\u00a0 Al otro d\u00eda vimos que est\u00e1bamos en el centro del Circo de Soaso con las nubes rodeando Monte Perdido (3.355 mts.), el Soum de Ramond o Pico de A\u00f1isclo (3.254 mts.) y la peque\u00f1a, al lado de estas monta\u00f1as, Torre de G\u00f3riz (2.792 mts.). Para llegar a G\u00f3riz pasamos por las Clavijas de Soaso, unas cadenas en la pared del circo que te ayudan a subir, cerca de la cascada de Cola de Caballo. A las 11 de la ma\u00f1ana llegamos al Refugio de G\u00f3riz a 2.200 metros, donde nos pasamos el resto de la ma\u00f1ana y toda la tarde viendo toda una serie de aves, buitres, grajas e incluso un quebrantahuesos merodeaba entre Soaso y G\u00f3riz.<\/span><\/p>\n<p><span style=\"color: #ff0000;\">\u00a0\u00a0\u00a0\u00a0\u00a0 Al ma\u00f1ana siguiente del viernes pens\u00e1bamos subir al Monte Perdido, pero la lluvia y el mal tiempo nos lo impidi\u00f3. Al descartar la subida al Monte Perdido decidimos ir a Panticosa, al Valle de Tena, volviendo hasta el aparcamiento y cogiendo la furgoneta hacia Biescas.<\/span><\/p>\n<p><span style=\"color: #ff0000;\">&#8230;<\/span><\/p>\n<div id=\"attachment_43398\" style=\"width: 832px\" class=\"wp-caption aligncenter\"><a class=\"dt-single-image\" href=\"https:\/\/www.monta\u00f1asdelaluna.es\/wp-content\/uploads\/1994\/09\/centroverde-noviembre94-01-001.web_.jpg\" data-dt-img-description=\"\"><img loading=\"lazy\" decoding=\"async\" aria-describedby=\"caption-attachment-43398\" class=\"wp-image-43398 \" src=\"https:\/\/www.monta\u00f1asdelaluna.es\/wp-content\/uploads\/1994\/09\/centroverde-noviembre94-01-001.web_.jpg\" alt=\"Portada Centro Verde Noviembre 94\" width=\"822\" height=\"1173\" srcset=\"https:\/\/www.monta\u00f1asdelaluna.es\/wp-content\/uploads\/1994\/09\/centroverde-noviembre94-01-001.web_.jpg 1270w, https:\/\/www.monta\u00f1asdelaluna.es\/wp-content\/uploads\/1994\/09\/centroverde-noviembre94-01-001.web_-210x300.jpg 210w, https:\/\/www.monta\u00f1asdelaluna.es\/wp-content\/uploads\/1994\/09\/centroverde-noviembre94-01-001.web_-718x1024.jpg 718w\" sizes=\"auto, (max-width: 822px) 100vw, 822px\" \/><\/a><p id=\"caption-attachment-43398\" class=\"wp-caption-text\">Portada Centro Verde Noviembre 94<\/p><\/div>\n<div id=\"attachment_43399\" style=\"width: 833px\" class=\"wp-caption aligncenter\"><a class=\"dt-single-image\" href=\"https:\/\/www.monta\u00f1asdelaluna.es\/wp-content\/uploads\/1994\/09\/centroverde-noviembre94-02-001.web_.jpg\" data-dt-img-description=\"\"><img loading=\"lazy\" decoding=\"async\" aria-describedby=\"caption-attachment-43399\" class=\"wp-image-43399 \" src=\"https:\/\/www.monta\u00f1asdelaluna.es\/wp-content\/uploads\/1994\/09\/centroverde-noviembre94-02-001.web_.jpg\" alt=\"Centro Verde Noviembre 94, p\u00e1gina 6\" width=\"823\" height=\"1180\" srcset=\"https:\/\/www.monta\u00f1asdelaluna.es\/wp-content\/uploads\/1994\/09\/centroverde-noviembre94-02-001.web_.jpg 1231w, https:\/\/www.monta\u00f1asdelaluna.es\/wp-content\/uploads\/1994\/09\/centroverde-noviembre94-02-001.web_-209x300.jpg 209w, https:\/\/www.monta\u00f1asdelaluna.es\/wp-content\/uploads\/1994\/09\/centroverde-noviembre94-02-001.web_-714x1024.jpg 714w\" sizes=\"auto, (max-width: 823px) 100vw, 823px\" \/><\/a><p id=\"caption-attachment-43399\" class=\"wp-caption-text\">Centro Verde Noviembre 94, p\u00e1gina 6<\/p><\/div>\n<div id=\"attachment_43400\" style=\"width: 833px\" class=\"wp-caption aligncenter\"><a class=\"dt-single-image\" href=\"https:\/\/www.monta\u00f1asdelaluna.es\/wp-content\/uploads\/1994\/09\/centroverde-noviembre94-03-001.web_.jpg\" data-dt-img-description=\"\"><img loading=\"lazy\" decoding=\"async\" aria-describedby=\"caption-attachment-43400\" class=\"wp-image-43400 \" src=\"https:\/\/www.monta\u00f1asdelaluna.es\/wp-content\/uploads\/1994\/09\/centroverde-noviembre94-03-001.web_.jpg\" alt=\"Centro Verde Noviembre 94, p\u00e1gina 7\" width=\"823\" height=\"1204\" srcset=\"https:\/\/www.monta\u00f1asdelaluna.es\/wp-content\/uploads\/1994\/09\/centroverde-noviembre94-03-001.web_.jpg 1218w, https:\/\/www.monta\u00f1asdelaluna.es\/wp-content\/uploads\/1994\/09\/centroverde-noviembre94-03-001.web_-205x300.jpg 205w, https:\/\/www.monta\u00f1asdelaluna.es\/wp-content\/uploads\/1994\/09\/centroverde-noviembre94-03-001.web_-700x1024.jpg 700w\" sizes=\"auto, (max-width: 823px) 100vw, 823px\" \/><\/a><p id=\"caption-attachment-43400\" class=\"wp-caption-text\">Centro Verde Noviembre 94, p\u00e1gina 7<\/p><\/div>\n<div id=\"attachment_43403\" style=\"width: 832px\" class=\"wp-caption aligncenter\"><a class=\"dt-single-image\" href=\"https:\/\/www.monta\u00f1asdelaluna.es\/wp-content\/uploads\/1994\/09\/centroverde-noviembre94-06-001.web_.jpg\" data-dt-img-description=\"\"><img loading=\"lazy\" decoding=\"async\" aria-describedby=\"caption-attachment-43403\" class=\"wp-image-43403 \" src=\"https:\/\/www.monta\u00f1asdelaluna.es\/wp-content\/uploads\/1994\/09\/centroverde-noviembre94-06-001.web_.jpg\" alt=\"Centro Verde Noviembre 94, contraportada, p\u00e1gina 12\" width=\"822\" height=\"1156\" srcset=\"https:\/\/www.monta\u00f1asdelaluna.es\/wp-content\/uploads\/1994\/09\/centroverde-noviembre94-06-001.web_.jpg 1263w, https:\/\/www.monta\u00f1asdelaluna.es\/wp-content\/uploads\/1994\/09\/centroverde-noviembre94-06-001.web_-213x300.jpg 213w, https:\/\/www.monta\u00f1asdelaluna.es\/wp-content\/uploads\/1994\/09\/centroverde-noviembre94-06-001.web_-728x1024.jpg 728w\" sizes=\"auto, (max-width: 822px) 100vw, 822px\" \/><\/a><p id=\"caption-attachment-43403\" class=\"wp-caption-text\">Centro Verde Noviembre 94, contraportada, p\u00e1gina 12<\/p><\/div>\n<p>&nbsp;<\/p>\n<div id=\"attachment_23144\" style=\"width: 755px\" class=\"wp-caption aligncenter\"><a class=\"dt-single-image\" href=\"https:\/\/www.monta\u00f1asdelaluna.es\/wp-content\/uploads\/1994\/09\/mapa-de-Ordesa.blog_.jpg\" data-dt-img-description=\"\"><img loading=\"lazy\" decoding=\"async\" aria-describedby=\"caption-attachment-23144\" class=\"wp-image-23144 size-full\" src=\"https:\/\/www.monta\u00f1asdelaluna.es\/wp-content\/uploads\/1994\/09\/mapa-de-Ordesa.blog_.jpg\" alt=\"Croquis del recorrido por el Valle de Ordesa hasta G\u00f3riz\" width=\"745\" height=\"504\" srcset=\"https:\/\/www.monta\u00f1asdelaluna.es\/wp-content\/uploads\/1994\/09\/mapa-de-Ordesa.blog_.jpg 745w, https:\/\/www.monta\u00f1asdelaluna.es\/wp-content\/uploads\/1994\/09\/mapa-de-Ordesa.blog_-300x203.jpg 300w\" sizes=\"auto, (max-width: 745px) 100vw, 745px\" \/><\/a><p id=\"caption-attachment-23144\" class=\"wp-caption-text\">Croquis del recorrido por el Valle de Ordesa hasta G\u00f3riz<\/p><\/div>\n<p>[vc_separator][\/vc_column_text][\/vc_column][\/vc_row][vc_row][vc_column][vc_empty_space height=\u00bb60px\u00bb][\/vc_column][\/vc_row][vc_row][vc_column][vc_cta h2=\u00bb\u00c1lbum de fotos\u00bb txt_align=\u00bbcenter\u00bb add_button=\u00bbbottom\u00bb btn_title=\u00bbVer fotos\u00bb btn_color=\u00bbwarning\u00bb btn_align=\u00bbcenter\u00bb btn_link=\u00bburl:https%3A%2F%2Fmonta%C3%B1asdelaluna.es%2F%3Fdt_gallery%3Dordesa-el-paraiso-encontrado-3|title:Ordesa.%20El%20paraiso%20encontrado|target:_blank\u00bb css=\u00bb.vc_custom_1625753863602{background-color: #8bc4ed !important;}\u00bb]Puedes ver todas las fotos del relato y actividad en forma de presentaci\u00f3n o individuales pinchando aqui \u00a1No te las pierdas![\/vc_cta][\/vc_column][\/vc_row][vc_row][vc_column][vc_empty_space height=\u00bb60px\u00bb][\/vc_column][\/vc_row][vc_row][vc_column width=\u00bb1\/3&#8243;][\/vc_column][vc_column width=\u00bb1\/2&#8243;][vc_raw_html]JTNDaWZyYW1lJTIwc3JjJTNEJTIyaHR0cHMlM0ElMkYlMkZ3d3cubWV0ZW9ibHVlLmNvbSUyRmVzJTJGdGllbXBvJTJGd2lkZ2V0JTJGZGFpbHklMkZwYXJxdWUtbmFjaW9uYWwtZGUtb3JkZXNhX2VzcGElMjVjMyUyNWIxYV8zMTE0OTg5JTNGZGF5cyUzRDclMjZ0ZW1wdW5pdCUzRENFTFNJVVMlMjZ3aW5kdW5pdCUzREtJTE9NRVRFUl9QRVJfSE9VUiUyNnBpY3RvaWNvbiUzRDElMjZtYXh0ZW1wZXJhdHVyZSUzRDElMjZtaW50ZW1wZXJhdHVyZSUzRDElMjZ3aW5kc3BlZWQlM0QxJTI2d2luZGd1c3QlM0QxJTI2d2luZGRpcmVjdGlvbiUzRDElMjZwcmVjaXBpdGF0aW9uJTNEMSUyNnByZWNpcGl0YXRpb25wcm9iYWJpbGl0eSUzRDElMjZzcG90JTNEMSUyNnByZXNzdXJlJTNEMSUyNmxheW91dCUzRGxpZ2h0JTIyJTIwJTIwZnJhbWVib3JkZXIlM0QlMjIwJTIyJTIwc2Nyb2xsaW5nJTNEJTIyTk8lMjIlMjBhbGxvd3RyYW5zcGFyZW5jeSUzRCUyMnRydWUlMjIlMjBzdHlsZSUzRCUyMndpZHRoJTNBJTIwMzc4cHglM0JoZWlnaHQlM0ElMjAzOTFweCUyMiUzRSUzQyUyRmlmcmFtZSUzRSUzQ2RpdiUzRSUzQyUyMS0tJTIwRE8lMjBOT1QlMjBSRU1PVkUlMjBUSElTJTIwTElOSyUyMC0tJTNFJTNDYSUyMGhyZWYlM0QlMjJodHRwcyUzQSUyRiUyRnd3dy5tZXRlb2JsdWUuY29tJTJGZXMlMkZ0aWVtcG8lMkZwcm9ub3N0aWNvJTJGc2VtYW5hJTJGcGFycXVlLW5hY2lvbmFsLWRlLW9yZGVzYV9lc3BhJTI1YzMlMjViMWFfMzExNDk4OSUyMiUyMHRhcmdldCUzRCUyMl9ibGFuayUyMiUzRW1ldGVvYmx1ZSUzQyUyRmElM0UlM0MlMkZkaXYlM0U=[\/vc_raw_html][\/vc_column][vc_column width=\u00bb1\/5&#8243;][\/vc_column][\/vc_row]<\/p>\n","protected":false},"excerpt":{"rendered":"<p>[vc_row][vc_column][vc_column_text]Hab\u00eda o\u00eddo hablar mucho del Parque Nacional de Ordesa y Monte Perdido, sobre todo del Valle de Ordesa: sus bosques, sus paredes cortadas, sus cascadas, sus escondidos lugares tan bellos y de formas tan perfectas que la combinaci\u00f3n de tonas sus caracter\u00edsticas hac\u00edan del lugar un verdadero para\u00edso, el m\u00e1s bello de los Pirineos, el&hellip;<\/p>\n","protected":false},"author":1,"featured_media":36259,"comment_status":"open","ping_status":"open","sticky":false,"template":"","format":"standard","meta":[],"categories":[126],"tags":[],"class_list":["post-23122","post","type-post","status-publish","format-standard","has-post-thumbnail","hentry","category-valle-del-cinca","category-126","description-off"],"_links":{"self":[{"href":"https:\/\/www.monta\u00f1asdelaluna.es\/index.php?rest_route=\/wp\/v2\/posts\/23122","targetHints":{"allow":["GET"]}}],"collection":[{"href":"https:\/\/www.monta\u00f1asdelaluna.es\/index.php?rest_route=\/wp\/v2\/posts"}],"about":[{"href":"https:\/\/www.monta\u00f1asdelaluna.es\/index.php?rest_route=\/wp\/v2\/types\/post"}],"author":[{"embeddable":true,"href":"https:\/\/www.monta\u00f1asdelaluna.es\/index.php?rest_route=\/wp\/v2\/users\/1"}],"replies":[{"embeddable":true,"href":"https:\/\/www.monta\u00f1asdelaluna.es\/index.php?rest_route=%2Fwp%2Fv2%2Fcomments&post=23122"}],"version-history":[{"count":31,"href":"https:\/\/www.monta\u00f1asdelaluna.es\/index.php?rest_route=\/wp\/v2\/posts\/23122\/revisions"}],"predecessor-version":[{"id":50104,"href":"https:\/\/www.monta\u00f1asdelaluna.es\/index.php?rest_route=\/wp\/v2\/posts\/23122\/revisions\/50104"}],"wp:featuredmedia":[{"embeddable":true,"href":"https:\/\/www.monta\u00f1asdelaluna.es\/index.php?rest_route=\/wp\/v2\/media\/36259"}],"wp:attachment":[{"href":"https:\/\/www.monta\u00f1asdelaluna.es\/index.php?rest_route=%2Fwp%2Fv2%2Fmedia&parent=23122"}],"wp:term":[{"taxonomy":"category","embeddable":true,"href":"https:\/\/www.monta\u00f1asdelaluna.es\/index.php?rest_route=%2Fwp%2Fv2%2Fcategories&post=23122"},{"taxonomy":"post_tag","embeddable":true,"href":"https:\/\/www.monta\u00f1asdelaluna.es\/index.php?rest_route=%2Fwp%2Fv2%2Ftags&post=23122"}],"curies":[{"name":"wp","href":"https:\/\/api.w.org\/{rel}","templated":true}]}}