{"id":23167,"date":"1996-12-06T11:23:50","date_gmt":"1996-12-06T11:23:50","guid":{"rendered":"http:\/\/monta\u00f1asdelaluna.com\/?p=23167"},"modified":"2021-07-08T14:23:34","modified_gmt":"2021-07-08T14:23:34","slug":"ordesa-enamorado-del-invierno","status":"publish","type":"post","link":"https:\/\/www.monta\u00f1asdelaluna.es\/?p=23167","title":{"rendered":"Ordesa. Enamorado del invierno"},"content":{"rendered":"<p>[vc_row][vc_column][vc_column_text]&#8230;Dos a\u00f1os m\u00e1s tarde, en diciembre del noventa y seis, vuelvo al Valle de Ordesa, esta vez en invierno y con el Monte Perdido como objetivo. Jes\u00fas L\u00f3pez, Jos\u00e9 Manuel \u201cHenry\u201d, Fran de Albatera, Jos\u00e9 Vicente \u201cMon\u00edn\u201d y Juan Mart\u00ednez \u201cTripilla\u201d eran mis compa\u00f1eros esta vez.<\/p>\n<p>Al contrar\u00edo que en verano, en invierno no hay un alma en este, ahora, fr\u00edo valle. El tiempo, de nuevo, no acompa\u00f1a, estar\u00e1 nublado todo el puente y no sabremos si despejar\u00e1 alg\u00fan d\u00eda o nos dar\u00e1 la oportunidad de subir Monte Perdido. Nos ponemos el \u201ctraje\u201d de invierno y empezamos la subida normal hac\u00eda G\u00f3riz valle arriba.<\/p>\n<p>Ordesa en invierno es diferente, una fr\u00eda y desoladora belleza, blanca y gris de la nieve y de las nubes. Toda la magia, hermosura y espectacularidad del valle en verano se viste ahora de blanco y cambia sus tonos de colores pero sigue siendo igual de bello y hermoso con un aspecto diferente. Si acaso le da a\u00fan m\u00e1s un toque enigm\u00e1tico y misterioso. Te da la impresi\u00f3n de estar en un valle desconocido pero grandioso y de una belleza que te envuelve, y te preguntas y asombras el por que la gente no viene a verlo y deleitarse con sus hermosos bosques blanqueados y sus paredes y pe\u00f1ascos marrones oscuros alegrados por esa abundante, blanca nieve del invierno\u2026 desde luego son paisajes y vistas solo para algunos privilegiados que no les importa soportar y sufrir los rigores del fr\u00edo invierno.<\/p>\n<p>&nbsp;<\/p>\n<div id=\"attachment_42114\" style=\"width: 702px\" class=\"wp-caption aligncenter\"><a class=\"dt-single-image\" href=\"http:\/\/monta\u00f1asdelaluna.com\/wp-content\/uploads\/1996\/12\/saliendo-del-parking-de-ordesa.jpg\" data-dt-img-description=\"\"><img loading=\"lazy\" decoding=\"async\" aria-describedby=\"caption-attachment-42114\" class=\"wp-image-42114 size-large\" src=\"http:\/\/monta\u00f1asdelaluna.com\/wp-content\/uploads\/1996\/12\/saliendo-del-parking-de-ordesa-692x1024.jpg\" alt=\"OrdesaDiciembre96-3 001\" width=\"692\" height=\"1024\" srcset=\"https:\/\/www.monta\u00f1asdelaluna.es\/wp-content\/uploads\/1996\/12\/saliendo-del-parking-de-ordesa-692x1024.jpg 692w, https:\/\/www.monta\u00f1asdelaluna.es\/wp-content\/uploads\/1996\/12\/saliendo-del-parking-de-ordesa-203x300.jpg 203w, https:\/\/www.monta\u00f1asdelaluna.es\/wp-content\/uploads\/1996\/12\/saliendo-del-parking-de-ordesa.jpg 1198w\" sizes=\"auto, (max-width: 692px) 100vw, 692px\" \/><\/a><p id=\"caption-attachment-42114\" class=\"wp-caption-text\">Parking de Ordesa<\/p><\/div>\n<div id=\"attachment_42119\" style=\"width: 832px\" class=\"wp-caption aligncenter\"><a class=\"dt-single-image\" href=\"http:\/\/monta\u00f1asdelaluna.com\/wp-content\/uploads\/1996\/12\/jesus-y-juan-cerca-de-las-gradas-de-soaso.jpg\" data-dt-img-description=\"\"><img loading=\"lazy\" decoding=\"async\" aria-describedby=\"caption-attachment-42119\" class=\"wp-image-42119 \" src=\"http:\/\/monta\u00f1asdelaluna.com\/wp-content\/uploads\/1996\/12\/jesus-y-juan-cerca-de-las-gradas-de-soaso-1024x696.jpg\" alt=\"OrdesaDiciembre96-8 001\" width=\"822\" height=\"559\" srcset=\"https:\/\/www.monta\u00f1asdelaluna.es\/wp-content\/uploads\/1996\/12\/jesus-y-juan-cerca-de-las-gradas-de-soaso-1024x696.jpg 1024w, https:\/\/www.monta\u00f1asdelaluna.es\/wp-content\/uploads\/1996\/12\/jesus-y-juan-cerca-de-las-gradas-de-soaso-300x204.jpg 300w, https:\/\/www.monta\u00f1asdelaluna.es\/wp-content\/uploads\/1996\/12\/jesus-y-juan-cerca-de-las-gradas-de-soaso.jpg 1769w\" sizes=\"auto, (max-width: 822px) 100vw, 822px\" \/><\/a><p id=\"caption-attachment-42119\" class=\"wp-caption-text\">Delante Jes\u00fas y Juan en el Valle de Ordesa<\/p><\/div>\n<p>Camino arriba la nieve empezaba a llegarnos hasta la mitad de las pantorrillas, m\u00e1s arriba del tobillo. Mir\u00e1bamos hacia atr\u00e1s y el valle se abr\u00eda espl\u00e9ndido con ese toque blanco de la nieve que hace \u00fanica a cualquier monta\u00f1a y la hace m\u00e1s bella. All\u00e1 arriba la Punta Gallinero la ilumina algunos fugaces rayos de sol, y sus paredes rojizas y blancas de nieve adquieren una luminosidad y belleza sublime. M\u00e1s all\u00e1, el Tozal del Mallo, nos muestra su oscura pared triangular casi limpia de nieve y vertical, muy vertical, tambi\u00e9n de una belleza inmaculada por la nieve que le rodea por sus laderas y en su bosque a sus pies, bell\u00edsimo. Es como si el valle se blanqueara con una capa que lo llena todo y lo decora y embellece de forma especial como la blancura del traje de novia que resalta m\u00e1s a\u00fan la hermosura de la mujer que se va a casar.<\/p>\n<p>M\u00e1s arriba de Gradas de Soaso y cerca de su circo, la planicie aparece fr\u00eda, desoladora y un blanco da\u00f1ino, continuo, te ciega los ojos si no los proteges con las gafas de sol. Atr\u00e1s quedan los bosques grises, blancos y oscuros de Ordesa, y en sus fajas y paredes la nieve dibuja l\u00edneas, resaltes, pasillos y cornisas vertiginosas imposibles de capturar con el pincel de un pintor.<\/p>\n<p>Ya en las Clavijas la nieve facilita el acceso a las mismas y hace de barandilla, colch\u00f3n y sof\u00e1 en este camino de laderas tan empinadas. De repente a Fran se le cae una mochila que lleva de la mano y esta va cayendo y rodando toda la ladera hasta casi el r\u00edo desde las paredes de las Clavijas. No la llevaba cogida a la mochila de la espalda si no suelta en la mano, y en este paso se requieren las dos manos y los dos pies para cruzarlo. Un negativo para Fran. Por suerte otro monta\u00f1ero que empezaba la subida la recogi\u00f3 andando por la fatigosa nieve virgen, ya que ten\u00eda que salirse del sendero surcado en la nieve, y nos la devolvi\u00f3. Aqu\u00ed la nieve ya nos llegaba por encima de la rodilla. De vez en cuando algunos rallos de sol iluminaban esta parte de la subida, pero eran falsas esperanzas de una mejor\u00eda que nunca lleg\u00f3. Abajo quedaba la Cola de Caballo, ahora nevada y blanquecina por la espuma del agua y por la nieve que la rodeaba.<\/p>\n<div id=\"attachment_42117\" style=\"width: 1170px\" class=\"wp-caption aligncenter\"><a class=\"dt-single-image\" href=\"http:\/\/monta\u00f1asdelaluna.com\/wp-content\/uploads\/1996\/12\/arriba-la-punta-gallinero-sobre-el-valle-de-ordesa.jpg\" data-dt-img-description=\"\"><img loading=\"lazy\" decoding=\"async\" aria-describedby=\"caption-attachment-42117\" class=\"wp-image-42117 \" src=\"http:\/\/monta\u00f1asdelaluna.com\/wp-content\/uploads\/1996\/12\/arriba-la-punta-gallinero-sobre-el-valle-de-ordesa.jpg\" alt=\"OrdesaDiciembre96-6 001\" width=\"1160\" height=\"901\" srcset=\"https:\/\/www.monta\u00f1asdelaluna.es\/wp-content\/uploads\/1996\/12\/arriba-la-punta-gallinero-sobre-el-valle-de-ordesa.jpg 1673w, https:\/\/www.monta\u00f1asdelaluna.es\/wp-content\/uploads\/1996\/12\/arriba-la-punta-gallinero-sobre-el-valle-de-ordesa-300x233.jpg 300w, https:\/\/www.monta\u00f1asdelaluna.es\/wp-content\/uploads\/1996\/12\/arriba-la-punta-gallinero-sobre-el-valle-de-ordesa-1024x795.jpg 1024w\" sizes=\"auto, (max-width: 1160px) 100vw, 1160px\" \/><\/a><p id=\"caption-attachment-42117\" class=\"wp-caption-text\">La Punta Gallinero sobre el Valle de Ordesa<\/p><\/div>\n<p>Ya arriba de la pared del circo y de las Clavijas, miramos atr\u00e1s el valle que dejamos, blanco e inh\u00f3spito, fr\u00edo y hermoso bajo el fantasma de un sol que se entrev\u00e9 en las nubes altas y grises. Como la primera vez, me asombro de su belleza tintada ahora de blanco con esa bruma tambi\u00e9n blanquecina que se met\u00eda entre el bosque y los fondos oscuros del valle.<\/p>\n<p>Oscurec\u00eda dentro de la propia oscuridad del mal tiempo en el que est\u00e1bamos inmersos. No hab\u00eda huella hecha en la nieve hasta G\u00f3riz y uno de los guardas sali\u00f3 para indicarnos la subida de invierno hasta el refugio, supongo que m\u00e1s c\u00f3moda y con menos nieve, ya que ahora la nieve nos llegaba hasta la cintura, incluso m\u00e1s arriba. La marcha se relentiz\u00f3 y los monta\u00f1eros rezagados se unieron a una cola de unos treinta a cuarenta personas que sub\u00edamos a G\u00f3riz. Los primeros eran los que abr\u00edan huella en la abundante y bland\u00edsima nieve, pero dar dos pasos se hac\u00eda incre\u00edblemente fatigoso y desesperante. El cansancio era extremo en este intento de abrir huella en tan malas condiciones de nieve; de forma que nos turn\u00e1bamos para abrir huella. El primero al cansarse se quedaba en un lado descansando hasta que el final de la cola llegaba y se incorporaba al final de la misma como el \u00faltimo. El segundo segu\u00eda abriendo huella hasta que se cansaba y hac\u00eda lo mismo que el primero. As\u00ed, hasta que por fin, ya casi de noche, llegamos al Refugio de G\u00f3riz. Solo esa \u00faltima parte fue la m\u00e1s cansada y extenuante en toda la marcha. Fue lo que nos destroz\u00f3 f\u00edsica y an\u00edmicamente, aunque yo al otro d\u00eda me levant\u00e9 bien.<\/p>\n<p>Al llegar al refugio la comodidad y servicios del mismo nos pareci\u00f3 un lujo en este desierto blanco. Un monta\u00f1ero aragon\u00e9s la emprendi\u00f3 con otro que llevaba un gorro hongo de lana por que se hab\u00eda escaqueado de la fila y no hab\u00eda abierto huella cuando le tocaba. La rega\u00f1ina y la discusi\u00f3n fu\u00e9 hasta casi graciosa por la forma en como la llevaban. El aragon\u00e9s la emprend\u00eda a gritos y palabras necias con su acento \u201cma\u00f1o\u201d y el otro (creo que era madrile\u00f1o) al principio no le hac\u00eda caso, pero luego intentaba, vanamente, contestarle y contradecirle. No lleg\u00f3 la sangre al r\u00edo.<\/p>\n<div id=\"attachment_42116\" style=\"width: 830px\" class=\"wp-caption aligncenter\"><a class=\"dt-single-image\" href=\"http:\/\/monta\u00f1asdelaluna.com\/wp-content\/uploads\/1996\/12\/en-el-centro-al-fondo-el-tozal-del-mallo.jpg\" data-dt-img-description=\"\"><img loading=\"lazy\" decoding=\"async\" aria-describedby=\"caption-attachment-42116\" class=\"wp-image-42116 \" src=\"http:\/\/monta\u00f1asdelaluna.com\/wp-content\/uploads\/1996\/12\/en-el-centro-al-fondo-el-tozal-del-mallo-1024x698.jpg\" alt=\"OrdesaDiciembre96-5 002\" width=\"820\" height=\"559\" srcset=\"https:\/\/www.monta\u00f1asdelaluna.es\/wp-content\/uploads\/1996\/12\/en-el-centro-al-fondo-el-tozal-del-mallo-1024x698.jpg 1024w, https:\/\/www.monta\u00f1asdelaluna.es\/wp-content\/uploads\/1996\/12\/en-el-centro-al-fondo-el-tozal-del-mallo-300x205.jpg 300w, https:\/\/www.monta\u00f1asdelaluna.es\/wp-content\/uploads\/1996\/12\/en-el-centro-al-fondo-el-tozal-del-mallo.jpg 1763w\" sizes=\"auto, (max-width: 820px) 100vw, 820px\" \/><\/a><p id=\"caption-attachment-42116\" class=\"wp-caption-text\">Valle de Ordesa bajo la Punta Gallinero<\/p><\/div>\n<p>&nbsp;<\/p>\n<div id=\"attachment_42118\" style=\"width: 830px\" class=\"wp-caption aligncenter\"><a class=\"dt-single-image\" href=\"http:\/\/monta\u00f1asdelaluna.com\/wp-content\/uploads\/1996\/12\/vicente-cruzando-el-bosque-de-ordesa.jpg\" data-dt-img-description=\"\"><img loading=\"lazy\" decoding=\"async\" aria-describedby=\"caption-attachment-42118\" class=\"wp-image-42118 \" src=\"http:\/\/monta\u00f1asdelaluna.com\/wp-content\/uploads\/1996\/12\/vicente-cruzando-el-bosque-de-ordesa-1024x697.jpg\" alt=\"OrdesaDiciembre96-7 001\" width=\"820\" height=\"558\" srcset=\"https:\/\/www.monta\u00f1asdelaluna.es\/wp-content\/uploads\/1996\/12\/vicente-cruzando-el-bosque-de-ordesa-1024x697.jpg 1024w, https:\/\/www.monta\u00f1asdelaluna.es\/wp-content\/uploads\/1996\/12\/vicente-cruzando-el-bosque-de-ordesa-300x204.jpg 300w, https:\/\/www.monta\u00f1asdelaluna.es\/wp-content\/uploads\/1996\/12\/vicente-cruzando-el-bosque-de-ordesa.jpg 1762w\" sizes=\"auto, (max-width: 820px) 100vw, 820px\" \/><\/a><p id=\"caption-attachment-42118\" class=\"wp-caption-text\">Vicente en el bosque del Valle de Ordesa<\/p><\/div>\n<p>Ya metidos en nuestros calentitos sacos en las literas corridas de una de las habitaciones del refugio, saqu\u00e9 de mi cartera un pa\u00f1uelo de papel con el perfume que Sandra usaba. Anouk. Inspir\u00e9 y me empap\u00e9 con su agradable recuerdo y su fresca fragancia que hizo que brotara una c\u00e1lida sonrisa y una rom\u00e1ntica nostalgia. Hac\u00eda pocos meses que sal\u00eda con Sandra Ferr\u00e1ndez y ella comprend\u00eda, entend\u00eda y respetaba mi pasi\u00f3n por la monta\u00f1a; a la vez que intentaba acompa\u00f1arme en las salidas por Alicante. Era compaginar dos pasiones, dos amores, y en aquel momento la combinaci\u00f3n fue arm\u00f3nica y muy placentera. Nunca podr\u00e9 olvidar las sensaciones y sentimientos que surgieron en aquel valle nevado\u2026<\/p>\n<p>Al otro d\u00eda nos levantamos y el tiempo segu\u00eda igual de malo, no nevaba pero estaba totalmente cubierto, y a partir de unos tres mil metros o antes la ventisca podr\u00eda ser inevitable. Jos\u00e9 Manuel y Jes\u00fas se levantaron mal descansados y sin \u00e1nimo; decidieron bajarse a la caba\u00f1a de pastores bajo el Circo de Soaso con Juan que se uni\u00f3 a ellos. \u201cMonin\u201d, Fran y yo decidimos quedarnos otra noche en el solitario y vac\u00edo refugio (que gran diferencia al verano). Los tres decidimos hacer una marcha por los alrededores y acercarnos a Monte Perdido, y quien sabe, a lo mejor subirlo. Subimos algo, la nieve estaba muy blanda y era muy abundante, se hac\u00eda, en ocasiones, imposible caminar. La marcha se acort\u00f3 enseguida. Abajo en el fondo ve\u00edamos el impresionante ca\u00f1\u00f3n del Valle de Ordesa perfecto, como hecho adrede, hermoso y sorprendente a\u00fan en la lejan\u00eda. Por un momento vimos a tres personas subir la Punta Custodia, un pico de dos mil quinientos metros en uno de los extremos este del Valle de Ordesa; luego nos enteramos que eran el anteriormente nombrado monta\u00f1ero aragon\u00e9s, su hijo y un amigo.<\/p>\n<p>A mitad de la tarde ya est\u00e1bamos en el refugio y al poco rato llegaron este grupo de aragoneses. Entablamos amistad y conversaciones con ellos y con el guarda del refugio. Grandes conversaciones entre personas con algo muy grande y apasionante en com\u00fan: la monta\u00f1a.<\/p>\n<div id=\"attachment_42120\" style=\"width: 699px\" class=\"wp-caption aligncenter\"><a class=\"dt-single-image\" href=\"http:\/\/monta\u00f1asdelaluna.com\/wp-content\/uploads\/1996\/12\/delante-el-circo-de-soaso-arriba-la-torre-de-goriz.jpg\" data-dt-img-description=\"\"><img loading=\"lazy\" decoding=\"async\" aria-describedby=\"caption-attachment-42120\" class=\"wp-image-42120 size-large\" src=\"http:\/\/monta\u00f1asdelaluna.com\/wp-content\/uploads\/1996\/12\/delante-el-circo-de-soaso-arriba-la-torre-de-goriz-689x1024.jpg\" alt=\"OrdesaDiciembre96-9 001\" width=\"689\" height=\"1024\" srcset=\"https:\/\/www.monta\u00f1asdelaluna.es\/wp-content\/uploads\/1996\/12\/delante-el-circo-de-soaso-arriba-la-torre-de-goriz-689x1024.jpg 689w, https:\/\/www.monta\u00f1asdelaluna.es\/wp-content\/uploads\/1996\/12\/delante-el-circo-de-soaso-arriba-la-torre-de-goriz-202x300.jpg 202w, https:\/\/www.monta\u00f1asdelaluna.es\/wp-content\/uploads\/1996\/12\/delante-el-circo-de-soaso-arriba-la-torre-de-goriz.jpg 1192w\" sizes=\"auto, (max-width: 689px) 100vw, 689px\" \/><\/a><p id=\"caption-attachment-42120\" class=\"wp-caption-text\">Camino del Circo de Soaso<\/p><\/div>\n<p>&nbsp;<\/p>\n<div id=\"attachment_42125\" style=\"width: 701px\" class=\"wp-caption aligncenter\"><a class=\"dt-single-image\" href=\"http:\/\/monta\u00f1asdelaluna.com\/wp-content\/uploads\/1996\/12\/henry-y-jesus-en-las-clavijas-de-soaso.jpg\" data-dt-img-description=\"\"><img loading=\"lazy\" decoding=\"async\" aria-describedby=\"caption-attachment-42125\" class=\"wp-image-42125 size-large\" src=\"http:\/\/monta\u00f1asdelaluna.com\/wp-content\/uploads\/1996\/12\/henry-y-jesus-en-las-clavijas-de-soaso-691x1024.jpg\" alt=\"OrdesaDiciembre96-14 001\" width=\"691\" height=\"1024\" srcset=\"https:\/\/www.monta\u00f1asdelaluna.es\/wp-content\/uploads\/1996\/12\/henry-y-jesus-en-las-clavijas-de-soaso-691x1024.jpg 691w, https:\/\/www.monta\u00f1asdelaluna.es\/wp-content\/uploads\/1996\/12\/henry-y-jesus-en-las-clavijas-de-soaso-202x300.jpg 202w, https:\/\/www.monta\u00f1asdelaluna.es\/wp-content\/uploads\/1996\/12\/henry-y-jesus-en-las-clavijas-de-soaso.jpg 1198w\" sizes=\"auto, (max-width: 691px) 100vw, 691px\" \/><\/a><p id=\"caption-attachment-42125\" class=\"wp-caption-text\">Clavijas de Soaso<\/p><\/div>\n<p>&nbsp;<\/p>\n<div id=\"attachment_42124\" style=\"width: 700px\" class=\"wp-caption aligncenter\"><a class=\"dt-single-image\" href=\"http:\/\/monta\u00f1asdelaluna.com\/wp-content\/uploads\/1996\/12\/delante-vicente-subiendo-a-las-clavijas-de-soaso-detras-el-zig-zag-en-la-nieve-y-rio-arazas.jpg\" data-dt-img-description=\"\"><img loading=\"lazy\" decoding=\"async\" aria-describedby=\"caption-attachment-42124\" class=\"wp-image-42124 size-large\" src=\"http:\/\/monta\u00f1asdelaluna.com\/wp-content\/uploads\/1996\/12\/delante-vicente-subiendo-a-las-clavijas-de-soaso-detras-el-zig-zag-en-la-nieve-y-rio-arazas-690x1024.jpg\" alt=\"OrdesaDiciembre96-13 001\" width=\"690\" height=\"1024\" srcset=\"https:\/\/www.monta\u00f1asdelaluna.es\/wp-content\/uploads\/1996\/12\/delante-vicente-subiendo-a-las-clavijas-de-soaso-detras-el-zig-zag-en-la-nieve-y-rio-arazas-690x1024.jpg 690w, https:\/\/www.monta\u00f1asdelaluna.es\/wp-content\/uploads\/1996\/12\/delante-vicente-subiendo-a-las-clavijas-de-soaso-detras-el-zig-zag-en-la-nieve-y-rio-arazas-202x300.jpg 202w, https:\/\/www.monta\u00f1asdelaluna.es\/wp-content\/uploads\/1996\/12\/delante-vicente-subiendo-a-las-clavijas-de-soaso-detras-el-zig-zag-en-la-nieve-y-rio-arazas.jpg 1192w\" sizes=\"auto, (max-width: 690px) 100vw, 690px\" \/><\/a><p id=\"caption-attachment-42124\" class=\"wp-caption-text\">Vicente llegando a las Clavijas de Soaso<\/p><\/div>\n<p>Viendo que no pod\u00edamos hacer nada decidimos unirnos a los aragoneses que se dispon\u00edan a bajar hasta Torla por todo el nevado Valle de Ordesa. Nosotros nos quedar\u00edamos en la caba\u00f1a de pastores junto con nuestros compa\u00f1eros que ya estar\u00edan all\u00ed acampados. Ya era tarde cuando salimos de G\u00f3riz. M\u00e1s abajo dejamos el refugio entre la oscuridad de un atardecer invisible y el af\u00e1n de la blanca nieve de seguir iluminando la monta\u00f1a sin conseguir perdurar en su intento. Daba lugar a una visi\u00f3n misteriosa, lejana en tiempo y espacio, enigm\u00e1tica y casi tenebrosa, como aquel hotel perdido en la solitaria monta\u00f1a rodeada de nieve en la pel\u00edcula \u201cEl Resplandor\u201d. Hac\u00eda abajo, la tierra se abr\u00eda desde una peque\u00f1a grieta hasta transformarse en un gran ca\u00f1\u00f3n que era el Valle de Ordesa, y que nos iba a engullir sin remedio y sin saber que nos deparar\u00eda en el fondo de este temible valle; al menos esa era la impresi\u00f3n que daba en ese momento con la oscuridad del anochecer invernal.<\/p>\n<p>Enseguida llegamos a la caba\u00f1a de pastores cerca del inicio del bosque de Ordesa; all\u00ed pretend\u00edamos quedarnos y hacer noche, pero \u201cHenry\u201d, que ya ten\u00eda montada la tienda, dec\u00eda que estaba malo, que ten\u00eda mucho, mucho fr\u00edo y que lo pasar\u00eda muy mal esa noche si se quedaba all\u00ed. Nos increpaba, sin sentido, por habernos bajado cuando hab\u00edamos decidido quedarnos en el refugio. Si al final a \u00e9l le vino bien que baj\u00e1ramos por que as\u00ed desmontaron y los seis emprendimos la marcha valle abajo hasta el aparcamiento junto con los aragoneses. Ya era de noche, encendimos las linternas frontales y nos adentramos en la oscuridad del bosque de Ordesa. Una marcha nocturna siempre es emocionante en la monta\u00f1a, la noche le da otra vida, otro aspecto, otra realidad a la monta\u00f1a\u2026 es otro mundo; pero si lo haces en el Valle de Ordesa, nevado, sin nadie m\u00e1s que el susurro del r\u00edo Arazas, los ruidos de la noche en el bosque y tus pisadas y las de tus compa\u00f1eros\u2026 Inmersos en el bosque el aragon\u00e9s dijo que todos apag\u00e1ramos las linternas y que la blancura de la nieve en el suelo servir\u00eda para iluminarnos en el descenso. Nos sentimos como esos animales nocturnos que encienden su mirada al acecho de sus futuras presas. En ese momento me sent\u00ed como parte del bosque, de la naturaleza que me rodeaba. Me sent\u00ed enaltecido; muy bien, mi esp\u00edritu se alegraba y se hermanaba con la madre naturaleza. Me sent\u00ed como un animal salvaje recorriendo su territorio, y con \u00e1nimo y energ\u00eda suficiente para enfrentase a cualquier otro que se interpusiera en su camino. Me sent\u00ed grande, fuerte, lleno de vida. Me sent\u00ed m\u00e1s hombre y m\u00e1s vivo que cualquiera de los humanos que habitan en lo que ellos llaman civilizaci\u00f3n, ciudad, mundo urbano artificial y demagogo.<\/p>\n<div id=\"attachment_42126\" style=\"width: 1170px\" class=\"wp-caption aligncenter\"><a class=\"dt-single-image\" href=\"http:\/\/monta\u00f1asdelaluna.com\/wp-content\/uploads\/1996\/12\/valle-de-ordesa-desde-arriba-de-las-clavijas-de-soaso.jpg\" data-dt-img-description=\"\"><img loading=\"lazy\" decoding=\"async\" aria-describedby=\"caption-attachment-42126\" class=\"wp-image-42126 \" src=\"http:\/\/monta\u00f1asdelaluna.com\/wp-content\/uploads\/1996\/12\/valle-de-ordesa-desde-arriba-de-las-clavijas-de-soaso.jpg\" alt=\"OrdesaDiciembre96-15 001\" width=\"1160\" height=\"789\" srcset=\"https:\/\/www.monta\u00f1asdelaluna.es\/wp-content\/uploads\/1996\/12\/valle-de-ordesa-desde-arriba-de-las-clavijas-de-soaso.jpg 1765w, https:\/\/www.monta\u00f1asdelaluna.es\/wp-content\/uploads\/1996\/12\/valle-de-ordesa-desde-arriba-de-las-clavijas-de-soaso-300x204.jpg 300w, https:\/\/www.monta\u00f1asdelaluna.es\/wp-content\/uploads\/1996\/12\/valle-de-ordesa-desde-arriba-de-las-clavijas-de-soaso-1024x696.jpg 1024w\" sizes=\"auto, (max-width: 1160px) 100vw, 1160px\" \/><\/a><p id=\"caption-attachment-42126\" class=\"wp-caption-text\">Valle de Ordesa desde arriba de las Clavijas de Soaso<\/p><\/div>\n<p>Algunas veces me he sentido as\u00ed de bien conmigo mismo, con mi esp\u00edritu y con mi mente. Es como la transformaci\u00f3n del hombre en lobo, pero para convertirte en un ser superior en todos los sentidos y sin maldad, todo fuerza\u2026 Pero solamente he tenido estas sensaciones en la monta\u00f1a\u2026 \u00bfde verdad tendr\u00e1 magia la monta\u00f1a?<\/p>\n<div id=\"attachment_23144\" style=\"width: 755px\" class=\"wp-caption aligncenter\"><a class=\"dt-single-image\" href=\"http:\/\/monta\u00f1asdelaluna.com\/wp-content\/uploads\/1994\/09\/mapa-de-Ordesa.blog_.jpg\" data-dt-img-description=\"\"><img loading=\"lazy\" decoding=\"async\" aria-describedby=\"caption-attachment-23144\" class=\"wp-image-23144 size-full\" src=\"http:\/\/monta\u00f1asdelaluna.com\/wp-content\/uploads\/1994\/09\/mapa-de-Ordesa.blog_.jpg\" alt=\"mapa de Ordesa.blog\" width=\"745\" height=\"504\" srcset=\"https:\/\/www.monta\u00f1asdelaluna.es\/wp-content\/uploads\/1994\/09\/mapa-de-Ordesa.blog_.jpg 745w, https:\/\/www.monta\u00f1asdelaluna.es\/wp-content\/uploads\/1994\/09\/mapa-de-Ordesa.blog_-300x203.jpg 300w\" sizes=\"auto, (max-width: 745px) 100vw, 745px\" \/><\/a><p id=\"caption-attachment-23144\" class=\"wp-caption-text\">Croquis del recorrido por el Valle de Ordesa hasta el Refugio de G\u00f3riz<\/p><\/div>\n<p>[vc_separator][\/vc_column_text][\/vc_column][\/vc_row][vc_row][vc_column][vc_empty_space height=\u00bb60px\u00bb][\/vc_column][\/vc_row][vc_row][vc_column][vc_cta h2=\u00bb\u00c1lbum de fotos\u00bb txt_align=\u00bbcenter\u00bb add_button=\u00bbbottom\u00bb btn_title=\u00bbVer fotos\u00bb btn_color=\u00bbwarning\u00bb btn_align=\u00bbcenter\u00bb btn_link=\u00bburl:https%3A%2F%2Fmonta%C3%B1asdelaluna.es%2F%3Fdt_gallery%3Dprueba-6|title:Ordesa.%20Enamorado%20del%20invierno|target:_blank\u00bb css=\u00bb.vc_custom_1625754124048{background-color: #8bc4ed !important;}\u00bb]Puedes ver todas las fotos del relato y actividad en forma de presentaci\u00f3n o individuales pinchando aqui \u00a1No te las pierdas![\/vc_cta][\/vc_column][\/vc_row][vc_row][vc_column][vc_empty_space height=\u00bb60px\u00bb][\/vc_column][\/vc_row][vc_row][vc_column width=\u00bb1\/3&#8243;][\/vc_column][vc_column width=\u00bb1\/2&#8243;][vc_raw_html]JTNDaWZyYW1lJTIwc3JjJTNEJTIyaHR0cHMlM0ElMkYlMkZ3d3cubWV0ZW9ibHVlLmNvbSUyRmVzJTJGdGllbXBvJTJGd2lkZ2V0JTJGZGFpbHklMkZwYXJxdWUtbmFjaW9uYWwtZGUtb3JkZXNhX2VzcGElMjVjMyUyNWIxYV8zMTE0OTg5JTNGZGF5cyUzRDclMjZ0ZW1wdW5pdCUzRENFTFNJVVMlMjZ3aW5kdW5pdCUzREtJTE9NRVRFUl9QRVJfSE9VUiUyNnBpY3RvaWNvbiUzRDElMjZtYXh0ZW1wZXJhdHVyZSUzRDElMjZtaW50ZW1wZXJhdHVyZSUzRDElMjZ3aW5kc3BlZWQlM0QxJTI2d2luZGd1c3QlM0QxJTI2d2luZGRpcmVjdGlvbiUzRDElMjZwcmVjaXBpdGF0aW9uJTNEMSUyNnByZWNpcGl0YXRpb25wcm9iYWJpbGl0eSUzRDElMjZzcG90JTNEMSUyNnByZXNzdXJlJTNEMSUyNmxheW91dCUzRGxpZ2h0JTIyJTIwJTIwZnJhbWVib3JkZXIlM0QlMjIwJTIyJTIwc2Nyb2xsaW5nJTNEJTIyTk8lMjIlMjBhbGxvd3RyYW5zcGFyZW5jeSUzRCUyMnRydWUlMjIlMjBzdHlsZSUzRCUyMndpZHRoJTNBJTIwMzc4cHglM0JoZWlnaHQlM0ElMjAzOTFweCUyMiUzRSUzQyUyRmlmcmFtZSUzRSUzQ2RpdiUzRSUzQyUyMS0tJTIwRE8lMjBOT1QlMjBSRU1PVkUlMjBUSElTJTIwTElOSyUyMC0tJTNFJTNDYSUyMGhyZWYlM0QlMjJodHRwcyUzQSUyRiUyRnd3dy5tZXRlb2JsdWUuY29tJTJGZXMlMkZ0aWVtcG8lMkZwcm9ub3N0aWNvJTJGc2VtYW5hJTJGcGFycXVlLW5hY2lvbmFsLWRlLW9yZGVzYV9lc3BhJTI1YzMlMjViMWFfMzExNDk4OSUyMiUyMHRhcmdldCUzRCUyMl9ibGFuayUyMiUzRW1ldGVvYmx1ZSUzQyUyRmElM0UlM0MlMkZkaXYlM0U=[\/vc_raw_html][\/vc_column][vc_column width=\u00bb1\/5&#8243;][\/vc_column][\/vc_row]<\/p>\n","protected":false},"excerpt":{"rendered":"<p>[vc_row][vc_column][vc_column_text]&#8230;Dos a\u00f1os m\u00e1s tarde, en diciembre del noventa y seis, vuelvo al Valle de Ordesa, esta vez en invierno y con el Monte Perdido como objetivo. Jes\u00fas L\u00f3pez, Jos\u00e9 Manuel \u201cHenry\u201d, Fran de Albatera, Jos\u00e9 Vicente \u201cMon\u00edn\u201d y Juan Mart\u00ednez \u201cTripilla\u201d eran mis compa\u00f1eros esta vez. Al contrar\u00edo que en verano, en invierno no hay&hellip;<\/p>\n","protected":false},"author":1,"featured_media":42126,"comment_status":"open","ping_status":"open","sticky":false,"template":"","format":"standard","meta":[],"categories":[126],"tags":[],"class_list":["post-23167","post","type-post","status-publish","format-standard","has-post-thumbnail","hentry","category-valle-del-cinca","category-126","description-off"],"_links":{"self":[{"href":"https:\/\/www.monta\u00f1asdelaluna.es\/index.php?rest_route=\/wp\/v2\/posts\/23167","targetHints":{"allow":["GET"]}}],"collection":[{"href":"https:\/\/www.monta\u00f1asdelaluna.es\/index.php?rest_route=\/wp\/v2\/posts"}],"about":[{"href":"https:\/\/www.monta\u00f1asdelaluna.es\/index.php?rest_route=\/wp\/v2\/types\/post"}],"author":[{"embeddable":true,"href":"https:\/\/www.monta\u00f1asdelaluna.es\/index.php?rest_route=\/wp\/v2\/users\/1"}],"replies":[{"embeddable":true,"href":"https:\/\/www.monta\u00f1asdelaluna.es\/index.php?rest_route=%2Fwp%2Fv2%2Fcomments&post=23167"}],"version-history":[{"count":25,"href":"https:\/\/www.monta\u00f1asdelaluna.es\/index.php?rest_route=\/wp\/v2\/posts\/23167\/revisions"}],"predecessor-version":[{"id":49619,"href":"https:\/\/www.monta\u00f1asdelaluna.es\/index.php?rest_route=\/wp\/v2\/posts\/23167\/revisions\/49619"}],"wp:featuredmedia":[{"embeddable":true,"href":"https:\/\/www.monta\u00f1asdelaluna.es\/index.php?rest_route=\/wp\/v2\/media\/42126"}],"wp:attachment":[{"href":"https:\/\/www.monta\u00f1asdelaluna.es\/index.php?rest_route=%2Fwp%2Fv2%2Fmedia&parent=23167"}],"wp:term":[{"taxonomy":"category","embeddable":true,"href":"https:\/\/www.monta\u00f1asdelaluna.es\/index.php?rest_route=%2Fwp%2Fv2%2Fcategories&post=23167"},{"taxonomy":"post_tag","embeddable":true,"href":"https:\/\/www.monta\u00f1asdelaluna.es\/index.php?rest_route=%2Fwp%2Fv2%2Ftags&post=23167"}],"curies":[{"name":"wp","href":"https:\/\/api.w.org\/{rel}","templated":true}]}}