{"id":23313,"date":"2014-07-04T17:57:07","date_gmt":"2014-07-04T17:57:07","guid":{"rendered":"http:\/\/monta\u00f1asdelaluna.com\/?p=23313"},"modified":"2021-08-03T06:55:59","modified_gmt":"2021-08-03T06:55:59","slug":"4-de-julio-del-2-014-viernes-4o-etapa-pinet-vallferrera","status":"publish","type":"post","link":"https:\/\/www.monta\u00f1asdelaluna.es\/?p=23313","title":{"rendered":"4 de julio del 2.014, viernes. 4\u00ba Etapa: Pinet-Vallferrera"},"content":{"rendered":"<p>[vc_row][vc_column][vc_column_text]Otra vez el d\u00eda amanece incre\u00edble. Ni una nube. Un cielo azul limpio y brillante, y unas vistas impresionantes de todas las monta\u00f1as sin nubes. Salvo el espectacular Mar de Nubes que ha invadido la parte baja de los valles franceses \u00a1Hermoso, impresionante!<\/p>\n<p>En esta 4\u00ba etapa en lugar de hacer un subibaja continuo, ser\u00e1 una subida y despu\u00e9s una bajada: de 2.240 mts. del Refugio de Pinet, subir a 3.143 mts. de la Pica d\u2019Estats y bajar al lejano y bajo Refugio de Vallferrera a 1.905 mts. De Francia de nuevo a Catalu\u00f1a subiendo la monta\u00f1a m\u00e1s alta de Catalu\u00f1a y desde los Montes Malditos al Mediterr\u00e1neo.<\/p>\n<p>Mi ostentosa idea era subir al Montcalm (3.077 mts.) y\/o el Pic de Sotllo (3.073 mts.) y dejar la Pica que ya la ten\u00eda hecha de otro viaje \u00a1Ya veremos!<\/p>\n<div id=\"attachment_23199\" style=\"width: 1034px\" class=\"wp-caption aligncenter\"><a class=\"dt-single-image\" href=\"https:\/\/www.monta\u00f1asdelaluna.es\/wp-content\/uploads\/2015\/10\/PortaDelCel-399.jpg\" data-dt-img-description=\"\"><img loading=\"lazy\" decoding=\"async\" aria-describedby=\"caption-attachment-23199\" class=\"wp-image-23199 size-large\" src=\"https:\/\/www.monta\u00f1asdelaluna.es\/wp-content\/uploads\/2015\/10\/PortaDelCel-399-1024x768.jpg\" alt=\"Amanece en el Pirineo franc\u00e9s. Vistas desde Pinet\" width=\"1024\" height=\"768\" srcset=\"https:\/\/www.monta\u00f1asdelaluna.es\/wp-content\/uploads\/2015\/10\/PortaDelCel-399-1024x768.jpg 1024w, https:\/\/www.monta\u00f1asdelaluna.es\/wp-content\/uploads\/2015\/10\/PortaDelCel-399-300x225.jpg 300w, https:\/\/www.monta\u00f1asdelaluna.es\/wp-content\/uploads\/2015\/10\/PortaDelCel-399.jpg 1690w\" sizes=\"auto, (max-width: 1024px) 100vw, 1024px\" \/><\/a><p id=\"caption-attachment-23199\" class=\"wp-caption-text\">Amanece en el Pirineo franc\u00e9s. Vistas desde Pinet<\/p><\/div>\n<div id=\"attachment_23202\" style=\"width: 1034px\" class=\"wp-caption aligncenter\"><a class=\"dt-single-image\" href=\"https:\/\/www.monta\u00f1asdelaluna.es\/wp-content\/uploads\/2015\/10\/PortaDelCel-402.jpg\" data-dt-img-description=\"\"><img loading=\"lazy\" decoding=\"async\" aria-describedby=\"caption-attachment-23202\" class=\"wp-image-23202 size-large\" src=\"https:\/\/www.monta\u00f1asdelaluna.es\/wp-content\/uploads\/2015\/10\/PortaDelCel-402-1024x768.jpg\" alt=\"Refugio de Pinet\" width=\"1024\" height=\"768\" srcset=\"https:\/\/www.monta\u00f1asdelaluna.es\/wp-content\/uploads\/2015\/10\/PortaDelCel-402-1024x768.jpg 1024w, https:\/\/www.monta\u00f1asdelaluna.es\/wp-content\/uploads\/2015\/10\/PortaDelCel-402-300x225.jpg 300w, https:\/\/www.monta\u00f1asdelaluna.es\/wp-content\/uploads\/2015\/10\/PortaDelCel-402.jpg 1690w\" sizes=\"auto, (max-width: 1024px) 100vw, 1024px\" \/><\/a><p id=\"caption-attachment-23202\" class=\"wp-caption-text\">Refugio de Pinet<\/p><\/div>\n<p>Los franceses nos dejan el desayuno y no se levantan a despedirse. Siguen durmiendo habiendo preparado la noche anterior nuestro desayuno. Nos despertamos a las 06\u201900 horas, desayunamos a las 06\u201930 horas, y poco despu\u00e9s de las 07\u201900 horas, despu\u00e9s de rehacer las mochilas salimos en busca de las monta\u00f1as de La Pica.<\/p>\n<p>Salgo del refugio para admirar por ultima vez el paisaje, las vistas desde el balc\u00f3n que queda tras \u00e9l, y un incre\u00edble y hermoso Mar de Nubes cubr\u00eda todos los valles de los Pirineos franceses que ve\u00eda desde all\u00ed, y arriba una claridad y luz excepcional en el cielo, salvo por la aparici\u00f3n de las primeras nubes. Delante, las alturas de las monta\u00f1as de La Pica ya estaban cubiertas por nubes que parec\u00edan formadas al chocar el viento con sus cimas. Era optimista. El d\u00eda no pod\u00eda ser demasiado malo y seguro que tendr\u00eda la oportunidad de hacer algo interesante all\u00e1 arriba.<\/p>\n<div id=\"attachment_23204\" style=\"width: 1034px\" class=\"wp-caption aligncenter\"><a class=\"dt-single-image\" href=\"https:\/\/www.monta\u00f1asdelaluna.es\/wp-content\/uploads\/2015\/10\/PortaDelCel-408.jpg\" data-dt-img-description=\"\"><img loading=\"lazy\" decoding=\"async\" aria-describedby=\"caption-attachment-23204\" class=\"wp-image-23204 size-large\" src=\"https:\/\/www.monta\u00f1asdelaluna.es\/wp-content\/uploads\/2015\/10\/PortaDelCel-408-1024x768.jpg\" alt=\"Acerc\u00e1ndonos a la Valleta de Barz\" width=\"1024\" height=\"768\" srcset=\"https:\/\/www.monta\u00f1asdelaluna.es\/wp-content\/uploads\/2015\/10\/PortaDelCel-408-1024x768.jpg 1024w, https:\/\/www.monta\u00f1asdelaluna.es\/wp-content\/uploads\/2015\/10\/PortaDelCel-408-300x225.jpg 300w, https:\/\/www.monta\u00f1asdelaluna.es\/wp-content\/uploads\/2015\/10\/PortaDelCel-408.jpg 1690w\" sizes=\"auto, (max-width: 1024px) 100vw, 1024px\" \/><\/a><p id=\"caption-attachment-23204\" class=\"wp-caption-text\">Acerc\u00e1ndonos a la Valleta de Barz<\/p><\/div>\n<p>La ruta de subida a la Pica desde Pinet no pasa de nuevo por el cable que pas\u00e9 para llegar al refugio desde la canal. Pero hemos decidido ir todos juntos; Jordi, Adriana, Ra\u00fal, Marta y yo, en esta etapa, y como Ra\u00fal no lleva crampones decidimos ir por la ruta con neveros m\u00e1s asequibles. As\u00ed que los 5 salimos de Pinet en busca de la grieta y el cable de la pared que nos baja a la Valleta de Barz. La canal muy bien definida, limitada por paredes y vertientes verticales y de suave pendiente y ondulaci\u00f3n en el fondo. T\u00edpico de la erosi\u00f3n glacial. Incre\u00edble.<\/p>\n<p>Subimos por la canal hasta toparnos con el Estany d\u2019Estats. Mismo nombre pero diferente lago, rocas y lugar. Est\u00e1 medio helado y cubierto por la nieve. Es un paisaje espectacular. Desde la bajada a la canal del refugio todo el recorrido lo hacemos sobre la nieve, salvo pocos pasos sin nieve junto a los arroyos que caen poderosos, ruidosos y con abundante agua.<\/p>\n<p>Desde el Estang d\u2019Estats (2.415 mts.), al cual hemos llegado con poco desnivel, nos desviamos hac\u00eda la izquierda y este en busca de otra canal m\u00e1s empinada que nos subir\u00e1 hasta otras pendientes m\u00e1s horizontales y soleadas ya. Las nubes a\u00fan no nos tapan el reci\u00e9n sol naciente en este d\u00eda sobre la monta\u00f1a. No hace fr\u00edo.<\/p>\n<div id=\"attachment_23208\" style=\"width: 1700px\" class=\"wp-caption aligncenter\"><a class=\"dt-single-image\" href=\"https:\/\/www.monta\u00f1asdelaluna.es\/wp-content\/uploads\/2015\/10\/PortaDelCel-415.jpg\" data-dt-img-description=\"\"><img loading=\"lazy\" decoding=\"async\" aria-describedby=\"caption-attachment-23208\" class=\"wp-image-23208 size-full\" src=\"https:\/\/www.monta\u00f1asdelaluna.es\/wp-content\/uploads\/2015\/10\/PortaDelCel-415.jpg\" alt=\"Valleta de Barz\" width=\"1690\" height=\"1267\" srcset=\"https:\/\/www.monta\u00f1asdelaluna.es\/wp-content\/uploads\/2015\/10\/PortaDelCel-415.jpg 1690w, https:\/\/www.monta\u00f1asdelaluna.es\/wp-content\/uploads\/2015\/10\/PortaDelCel-415-300x225.jpg 300w, https:\/\/www.monta\u00f1asdelaluna.es\/wp-content\/uploads\/2015\/10\/PortaDelCel-415-1024x768.jpg 1024w\" sizes=\"auto, (max-width: 1690px) 100vw, 1690px\" \/><\/a><p id=\"caption-attachment-23208\" class=\"wp-caption-text\">Valleta de Barz<\/p><\/div>\n<div id=\"attachment_23210\" style=\"width: 1034px\" class=\"wp-caption aligncenter\"><a class=\"dt-single-image\" href=\"https:\/\/www.monta\u00f1asdelaluna.es\/wp-content\/uploads\/2015\/10\/PortaDelCel-419.jpg\" data-dt-img-description=\"\"><img loading=\"lazy\" decoding=\"async\" aria-describedby=\"caption-attachment-23210\" class=\"wp-image-23210 size-large\" src=\"https:\/\/www.monta\u00f1asdelaluna.es\/wp-content\/uploads\/2015\/10\/PortaDelCel-419-1024x768.jpg\" alt=\"Etang d'Estats\" width=\"1024\" height=\"768\" srcset=\"https:\/\/www.monta\u00f1asdelaluna.es\/wp-content\/uploads\/2015\/10\/PortaDelCel-419-1024x768.jpg 1024w, https:\/\/www.monta\u00f1asdelaluna.es\/wp-content\/uploads\/2015\/10\/PortaDelCel-419-300x225.jpg 300w, https:\/\/www.monta\u00f1asdelaluna.es\/wp-content\/uploads\/2015\/10\/PortaDelCel-419.jpg 1690w\" sizes=\"auto, (max-width: 1024px) 100vw, 1024px\" \/><\/a><p id=\"caption-attachment-23210\" class=\"wp-caption-text\">Etang d&#8217;Estats<\/p><\/div>\n<p>A nuestra izquierda y espalda dejamos otro lago que no tocaremos, el Estang de Montcalm. Y al subir un poco m\u00e1s, girando de nuevo al sur y arriba observamos las laderas y vertientes del Pic de Montcalm, uno de los 3.000 del macizo. Hay que seguir en esta direcci\u00f3n, mirando a esta monta\u00f1a, y a la vez dej\u00e1ndola a la izquierda hasta llegar al Coll de La Cometa (2.905 mts.)<\/p>\n<p>Llevamos muy buena marcha y subimos a buen paso, son las 09\u201900 horas y ya casi puedo tocar las cimas del macizo. El tiempo no acompa\u00f1a: detr\u00e1s nuestra las nubes se van uniendo amenazadoramente. No falta mucho para que todo se cierre y empiece a llover\u2026 o no. La verdad es que una mente cuidadosa hubiera intuido lo que se avecinaba y hubiera salido pronto hac\u00eda Vallferrera. Y es lo que hicieron las 2 parejas, de all\u00ed caminan hac\u00eda el Port de Sotllo, girando a la derecha. Pero yo decid\u00ed no pararme e intentarlo a buen ritmo antes de que la lluvia o tormenta llegara (si es que iba a llegar).<\/p>\n<p>Las nubes cubren y descubren a La Pica y al Pic de Verdaguer que asoman enfrente entre paredes, rocas y nieves; arriba el cielo oscuro, invisible por las nubes. La Pica parece factible, sin dificultad, solo hay que caminar y caminar hasta su cima rocosa.<\/p>\n<div id=\"attachment_23225\" style=\"width: 1034px\" class=\"wp-caption aligncenter\"><a class=\"dt-single-image\" href=\"https:\/\/www.monta\u00f1asdelaluna.es\/wp-content\/uploads\/2015\/10\/PortaDelCel-447.jpg\" data-dt-img-description=\"\"><img loading=\"lazy\" decoding=\"async\" aria-describedby=\"caption-attachment-23225\" class=\"wp-image-23225 size-large\" src=\"https:\/\/www.monta\u00f1asdelaluna.es\/wp-content\/uploads\/2015\/10\/PortaDelCel-447-1024x768.jpg\" alt=\"Subiedo al Coll de La Cometa\" width=\"1024\" height=\"768\" srcset=\"https:\/\/www.monta\u00f1asdelaluna.es\/wp-content\/uploads\/2015\/10\/PortaDelCel-447-1024x768.jpg 1024w, https:\/\/www.monta\u00f1asdelaluna.es\/wp-content\/uploads\/2015\/10\/PortaDelCel-447-300x225.jpg 300w, https:\/\/www.monta\u00f1asdelaluna.es\/wp-content\/uploads\/2015\/10\/PortaDelCel-447.jpg 1690w\" sizes=\"auto, (max-width: 1024px) 100vw, 1024px\" \/><\/a><p id=\"caption-attachment-23225\" class=\"wp-caption-text\">Subiedo al Coll de La Cometa<\/p><\/div>\n<div id=\"attachment_23230\" style=\"width: 1034px\" class=\"wp-caption aligncenter\"><a class=\"dt-single-image\" href=\"https:\/\/www.monta\u00f1asdelaluna.es\/wp-content\/uploads\/2015\/10\/PortaDelCel-453.jpg\" data-dt-img-description=\"\"><img loading=\"lazy\" decoding=\"async\" aria-describedby=\"caption-attachment-23230\" class=\"wp-image-23230 size-large\" src=\"https:\/\/www.monta\u00f1asdelaluna.es\/wp-content\/uploads\/2015\/10\/PortaDelCel-453-1024x768.jpg\" alt=\"Subiedo al Coll de La Cometa, arriba el Montcalm\" width=\"1024\" height=\"768\" srcset=\"https:\/\/www.monta\u00f1asdelaluna.es\/wp-content\/uploads\/2015\/10\/PortaDelCel-453-1024x768.jpg 1024w, https:\/\/www.monta\u00f1asdelaluna.es\/wp-content\/uploads\/2015\/10\/PortaDelCel-453-300x225.jpg 300w, https:\/\/www.monta\u00f1asdelaluna.es\/wp-content\/uploads\/2015\/10\/PortaDelCel-453.jpg 1690w\" sizes=\"auto, (max-width: 1024px) 100vw, 1024px\" \/><\/a><p id=\"caption-attachment-23230\" class=\"wp-caption-text\">Subiedo al Coll de La Cometa, arriba el Montcalm<\/p><\/div>\n<p>Dejo a las parejas que paran a tomar algo. Paso el Coll de La Cometa. Sigo unas huellas que me llevan a subir hasta un collado m\u00e1s arriba del de Riufred. El cual se queda cerca del Pic de Montcalm, el cual queda a mi espalda y a la izquierda. Desde el Coll de La Cometa se despiden mis nuevos compa\u00f1eros, mientras haciendo zigzag voy llegando al collado donde hay un gran hito de piedras. Ya estoy a 3.039 mts.<\/p>\n<p>Estoy solo en toda la monta\u00f1a. Est\u00e1 todo cubierto pero las nubes vienen y van, pero poco a poco se van quedando. Miro el GPS y dejo la mochila en el cruce entre la subida y la bajada de La Pica. De esta manera, a partir de este punto dejar\u00e9 de desandar el camino en la bajada y volver\u00e9 a coger un recorrido nuevo hac\u00eda el Port de Sotllo. Subo r\u00e1pido por el nevero hasta el collado entre La Pica y el Pic de Verdaguer, y a partir de aqu\u00ed, sin nieve pero sin quitarme los crampones giro a la izquierda para llegar a la cima de la Pica d\u2019Estats (3.143 mts.).<\/p>\n<div id=\"attachment_23248\" style=\"width: 1034px\" class=\"wp-caption aligncenter\"><a class=\"dt-single-image\" href=\"https:\/\/www.monta\u00f1asdelaluna.es\/wp-content\/uploads\/2015\/10\/PortaDelCel-480.jpg\" data-dt-img-description=\"\"><img loading=\"lazy\" decoding=\"async\" aria-describedby=\"caption-attachment-23248\" class=\"wp-image-23248 size-large\" src=\"https:\/\/www.monta\u00f1asdelaluna.es\/wp-content\/uploads\/2015\/10\/PortaDelCel-480-1024x768.jpg\" alt=\"Joaqu\u00edn y el Montcalm detr\u00e1s\" width=\"1024\" height=\"768\" srcset=\"https:\/\/www.monta\u00f1asdelaluna.es\/wp-content\/uploads\/2015\/10\/PortaDelCel-480-1024x768.jpg 1024w, https:\/\/www.monta\u00f1asdelaluna.es\/wp-content\/uploads\/2015\/10\/PortaDelCel-480-300x225.jpg 300w, https:\/\/www.monta\u00f1asdelaluna.es\/wp-content\/uploads\/2015\/10\/PortaDelCel-480.jpg 1690w\" sizes=\"auto, (max-width: 1024px) 100vw, 1024px\" \/><\/a><p id=\"caption-attachment-23248\" class=\"wp-caption-text\">Joaqu\u00edn y el Montcalm detr\u00e1s<\/p><\/div>\n<div id=\"attachment_23251\" style=\"width: 1034px\" class=\"wp-caption aligncenter\"><a class=\"dt-single-image\" href=\"https:\/\/www.monta\u00f1asdelaluna.es\/wp-content\/uploads\/2015\/10\/PortaDelCel-484.jpg\" data-dt-img-description=\"\"><img loading=\"lazy\" decoding=\"async\" aria-describedby=\"caption-attachment-23251\" class=\"wp-image-23251 size-large\" src=\"https:\/\/www.monta\u00f1asdelaluna.es\/wp-content\/uploads\/2015\/10\/PortaDelCel-484-1024x768.jpg\" alt=\"Joaqu\u00edn en la cima de La Pica d'Estats, 3.143 mts.\" width=\"1024\" height=\"768\" srcset=\"https:\/\/www.monta\u00f1asdelaluna.es\/wp-content\/uploads\/2015\/10\/PortaDelCel-484-1024x768.jpg 1024w, https:\/\/www.monta\u00f1asdelaluna.es\/wp-content\/uploads\/2015\/10\/PortaDelCel-484-300x225.jpg 300w, https:\/\/www.monta\u00f1asdelaluna.es\/wp-content\/uploads\/2015\/10\/PortaDelCel-484.jpg 1690w\" sizes=\"auto, (max-width: 1024px) 100vw, 1024px\" \/><\/a><p id=\"caption-attachment-23251\" class=\"wp-caption-text\">Joaqu\u00edn en la cima de La Pica d&#8217;Estats, 3.143 mts.<\/p><\/div>\n<p>Tengo poco tiempo. No estoy cansado y s\u00ed muy alegre por el \u00e9xito por llegar a la cima. Como est\u00e1 el tiempo descarto totalmente los dem\u00e1s picos y subo a La Pica por segunda vez por la curiosidad de \u201cfichar el pasaporte\u201d de la Porta del Cel. Pero no encuentro la pinza, como la encontr\u00e9 en Certasc\u00e1n. Miro y remiro. Entre las banderas, correas, obsequios, reliquias, agradecimientos, memorias\u2026 que los alpinistas dejan como s\u00edmbolo, agradecimiento, petici\u00f3n, promesas\u2026 como si fuera un Santuario milagroso religioso. Curioso.<\/p>\n<p>Me hago las fotos de cima. Al menos una prueba palpable. Y justo cuando decido desistir de buscar la pinza para clickar el \u201cpasaporte\u201d empiezan a caer lentamente bolitas de hielo \u00a1Nieve o granizo! Me doy mucha prisa y bajo corriendo del pico desandando el camino hasta la mochila mientras la granizada\/nevada aumenta. Despu\u00e9s agua-nieve. Con la mochila y el cortaviento puesto giro hac\u00eda el norte hasta acercarse al Coll de La Cometa y justo a pocos metros de llegar me vuelvo en un enorme nevero girando a la izquierda y oeste en busca del Port de Sotllo.<\/p>\n<p>Comienzo a escuchar los primeros truenos. Lejanos de momento. Cae agua-nieve, agua abundante pero no agobiante. Graniza algo. La senda, sin nieve, es clara; baja y gira la oeste. Y en los neveros sigo las huellas que han dejado mis compa\u00f1eros. No tiene p\u00e9rdida.<\/p>\n<div id=\"attachment_23255\" style=\"width: 1034px\" class=\"wp-caption aligncenter\"><a class=\"dt-single-image\" href=\"https:\/\/www.monta\u00f1asdelaluna.es\/wp-content\/uploads\/2015\/10\/PortaDelCel-492.jpg\" data-dt-img-description=\"\"><img loading=\"lazy\" decoding=\"async\" aria-describedby=\"caption-attachment-23255\" class=\"wp-image-23255 size-large\" src=\"https:\/\/www.monta\u00f1asdelaluna.es\/wp-content\/uploads\/2015\/10\/PortaDelCel-492-1024x768.jpg\" alt=\"Vistas hac\u00eda el Estany d'Estats desde arriba del Port de Sotllo\" width=\"1024\" height=\"768\" srcset=\"https:\/\/www.monta\u00f1asdelaluna.es\/wp-content\/uploads\/2015\/10\/PortaDelCel-492-1024x768.jpg 1024w, https:\/\/www.monta\u00f1asdelaluna.es\/wp-content\/uploads\/2015\/10\/PortaDelCel-492-300x225.jpg 300w, https:\/\/www.monta\u00f1asdelaluna.es\/wp-content\/uploads\/2015\/10\/PortaDelCel-492.jpg 1690w\" sizes=\"auto, (max-width: 1024px) 100vw, 1024px\" \/><\/a><p id=\"caption-attachment-23255\" class=\"wp-caption-text\">Vistas hac\u00eda el Estany d&#8217;Estats desde arriba del Port de Sotllo<\/p><\/div>\n<p>De repente un resplandor casi lo cubre todo delante de mis ojos. Como un flash gigantesco que en mil\u00e9simas de segundo te ciega sin ver el paisaje. Acto seguido un gigantesco y ensordecedor estruendo \u00a1Parece que se derrumba la monta\u00f1a! Un rayo ha ca\u00eddo tras m\u00eda y muy cerca. Casi que dir\u00eda en las rocas entre las ladera de La Pica y el Pic de Verdaguer. Me asusto. Estoy solo en la monta\u00f1a y la tormenta la tengo justo encima. Salgo lo m\u00e1s r\u00e1pido posible y que me deja la inclinaci\u00f3n del nevero hasta las cercan\u00edas del Port de Sotllo.<\/p>\n<p>Curiosamente las nubes se han elevado hac\u00eda la nube de tormenta, y bajo ella se despejan todos los 3.000 y picos del macizo. Incre\u00edble.<\/p>\n<p>Cerca del Port de Sotllo el nevero que sigo acaba en un cortado del mismo nevero y acaba en una ladera rocosa algo vertical. Las huellas acaban aqu\u00ed. El GPS sigue al otro lado del cortado, por la nieve que queda abajo del mismo. Bajar a \u00e9l ser\u00eda retroceder. Intento subir por el roquedo el cual parece tener una especie de sendilla entre las rocas y las piedras. Subo por aqu\u00ed. Me asomo al abismo a la derecha, viendo enfrente el espectacular y escarpado Port de Sotllo. Verdaderamente es una imagen alpina. Pero no me f\u00edo, ni encuentro el camino. Me despisto y vuelvo al nevero. En ese momento cae una granizada tremenda que llena toda la roca de peligroso y resbaladizo granizo. Hielo. \u00bfQu\u00e9 hago? Tardo un tiempo precioso en reaccionar y al final recuerdo aquella vez que sub\u00ed la Pica con Jes\u00fas, Eva, Quique\u2026 y que al llegar al Port de Sotllo a\u00fan tuvimos que subir algo mas trepando y casi destrepando por la pared que d\u00e1 al Pic de Verdaguer. Entonces con mucho cuidado, pisando roca mojada y granizo resbaladizo subo por la roca y piedras como si quisiera cabalgar sobre la cresta que sube al Pic de Verdaguer. Ya no graniza, ni llueve. El tiempo se calma. Y es entonces cuando subo por esta parte y cruzo a la otra vertiente, la sur, m\u00e1s empinada y escarpada. Por fin abajo, entre nubes, veo el Estany d\u2019Estats (\u00e9ste el de Catalu\u00f1a). Hermosa imagen y precioso paisaje. Desde lo alto de la cresta giro y debo bajar, por el lado espa\u00f1ol, al Port de Sotllo que queda a la derecha. Un peque\u00f1o \u201csalto\u201d o destrepe intr\u00e9pido y emocionante y ya estoy en el Port de Sotllo (2.874 mts.). Delante la bajada al Estany d\u2019Estats y el Pirineo espa\u00f1ol.<\/p>\n<div id=\"attachment_23259\" style=\"width: 1034px\" class=\"wp-caption aligncenter\"><a class=\"dt-single-image\" href=\"https:\/\/www.monta\u00f1asdelaluna.es\/wp-content\/uploads\/2015\/10\/PortaDelCel-497.jpg\" data-dt-img-description=\"\"><img loading=\"lazy\" decoding=\"async\" aria-describedby=\"caption-attachment-23259\" class=\"wp-image-23259 size-large\" src=\"https:\/\/www.monta\u00f1asdelaluna.es\/wp-content\/uploads\/2015\/10\/PortaDelCel-497-1024x768.jpg\" alt=\"Bajando del Port de Sotllo al Estany d'Estats\" width=\"1024\" height=\"768\" srcset=\"https:\/\/www.monta\u00f1asdelaluna.es\/wp-content\/uploads\/2015\/10\/PortaDelCel-497-1024x768.jpg 1024w, https:\/\/www.monta\u00f1asdelaluna.es\/wp-content\/uploads\/2015\/10\/PortaDelCel-497-300x225.jpg 300w, https:\/\/www.monta\u00f1asdelaluna.es\/wp-content\/uploads\/2015\/10\/PortaDelCel-497.jpg 1690w\" sizes=\"auto, (max-width: 1024px) 100vw, 1024px\" \/><\/a><p id=\"caption-attachment-23259\" class=\"wp-caption-text\">Bajando del Port de Sotllo al Estany d&#8217;Estats<\/p><\/div>\n<div id=\"attachment_23258\" style=\"width: 1034px\" class=\"wp-caption aligncenter\"><a class=\"dt-single-image\" href=\"https:\/\/www.monta\u00f1asdelaluna.es\/wp-content\/uploads\/2015\/10\/PortaDelCel-496.jpg\" data-dt-img-description=\"\"><img loading=\"lazy\" decoding=\"async\" aria-describedby=\"caption-attachment-23258\" class=\"wp-image-23258 size-large\" src=\"https:\/\/www.monta\u00f1asdelaluna.es\/wp-content\/uploads\/2015\/10\/PortaDelCel-496-1024x768.jpg\" alt=\"Joaqu\u00edn en el Port de Sotllo\" width=\"1024\" height=\"768\" srcset=\"https:\/\/www.monta\u00f1asdelaluna.es\/wp-content\/uploads\/2015\/10\/PortaDelCel-496-1024x768.jpg 1024w, https:\/\/www.monta\u00f1asdelaluna.es\/wp-content\/uploads\/2015\/10\/PortaDelCel-496-300x225.jpg 300w, https:\/\/www.monta\u00f1asdelaluna.es\/wp-content\/uploads\/2015\/10\/PortaDelCel-496.jpg 1690w\" sizes=\"auto, (max-width: 1024px) 100vw, 1024px\" \/><\/a><p id=\"caption-attachment-23258\" class=\"wp-caption-text\">Joaqu\u00edn en el Port de Sotllo<\/p><\/div>\n<p>Ahora la bajada es f\u00e1cil mientras chispea y parece que se despeja el tiempo. Un gran nevero hay desde el Port de Sotllo y el Estany d\u2019Estats, y una f\u00e1cil huella en el mismo que baja y que hay que seguir. Sin crampones ni problemas. El Estany d\u2019Estats aparece all\u00e1 abajo grande, en medio de un hermoso paisaje entre roca y neveros abundantes; es hermoso. Llego abajo hasta las orillas del lago. Aguas tranquilas, serenas y abundantes rodeadas de altas monta\u00f1as. En sus aguas intenta reflejarse las altas cimas de la Pica. Precioso.<\/p>\n<p>Bordeo solitario el Estany d\u2019Estats por la derecha seg\u00fan bajo. La senda con nieve e hitos es reconocible, y si me pierdo o despisto, en lugar de mirar el mapa, miro el GPS \u00a1A ver si lo pillo de una vez!<\/p>\n<p>Bajo junto al r\u00edo que sale del Estany d\u2019Estats. A partir del lago (2.465 mts.) ya va desapareciendo la nieve y los neveros que quedan espaciados por las laderas de las monta\u00f1as. Bajo por senda y alg\u00fan extra\u00f1o paso de destrepe, hasta que ya se hace visible, girando el valle levemente, el Estany de Sotllo, donde justo en sus orillas norte junto a una descuidada y sucia caba\u00f1a, me paro para comer que ya tengo hambre. Ya son las 14\u201900 horas. Antes he admirado como el r\u00edo se hund\u00eda en un curioso ca\u00f1\u00f3n, y como dejaba una palanca rota e inservible.<\/p>\n<div id=\"attachment_23266\" style=\"width: 1034px\" class=\"wp-caption aligncenter\"><a class=\"dt-single-image\" href=\"https:\/\/www.monta\u00f1asdelaluna.es\/wp-content\/uploads\/2015\/10\/PortaDelCel-507.jpg\" data-dt-img-description=\"\"><img loading=\"lazy\" decoding=\"async\" aria-describedby=\"caption-attachment-23266\" class=\"wp-image-23266 size-large\" src=\"https:\/\/www.monta\u00f1asdelaluna.es\/wp-content\/uploads\/2015\/10\/PortaDelCel-507-1024x768.jpg\" alt=\"Estany d'Estats bajo La Pica d'Estats, a la izquierda el Port de Sotllo\" width=\"1024\" height=\"768\" srcset=\"https:\/\/www.monta\u00f1asdelaluna.es\/wp-content\/uploads\/2015\/10\/PortaDelCel-507-1024x768.jpg 1024w, https:\/\/www.monta\u00f1asdelaluna.es\/wp-content\/uploads\/2015\/10\/PortaDelCel-507-300x225.jpg 300w, https:\/\/www.monta\u00f1asdelaluna.es\/wp-content\/uploads\/2015\/10\/PortaDelCel-507.jpg 1690w\" sizes=\"auto, (max-width: 1024px) 100vw, 1024px\" \/><\/a><p id=\"caption-attachment-23266\" class=\"wp-caption-text\">Estany d&#8217;Estats bajo La Pica d&#8217;Estats, a la izquierda el Port de Sotllo<\/p><\/div>\n<p>Abajo he espantado a unos sarrios que pastaban tranquilamente en las orillas del lago pensando que despu\u00e9s de las tormentas no habr\u00eda nadie ya en la monta\u00f1a\u2026 salvo alg\u00fan loco. Les hago fotos. He perdido la noci\u00f3n del tiempo, hasta ahora no quer\u00eda pensar en \u00e9l y solo caminar y subir monta\u00f1as, sin tiempo.<\/p>\n<p>Despu\u00e9s de comer vuelvo a la senda, ya que la caba\u00f1a queda algo a la izquierda de la misma y rodeo el Estany de Sotllo (2.350 mts.) tambi\u00e9n por la orilla derecha. Torrentes, riachuelos con mucha agua debo cruzar, y es inevitable mojarse las botas. No habr\u00e1 manera de que se sequen las botas desde ayer.<\/p>\n<div id=\"attachment_23264\" style=\"width: 1034px\" class=\"wp-caption aligncenter\"><a class=\"dt-single-image\" href=\"https:\/\/www.monta\u00f1asdelaluna.es\/wp-content\/uploads\/2015\/10\/PortaDelCel-505.jpg\" data-dt-img-description=\"\"><img loading=\"lazy\" decoding=\"async\" aria-describedby=\"caption-attachment-23264\" class=\"wp-image-23264 size-large\" src=\"https:\/\/www.monta\u00f1asdelaluna.es\/wp-content\/uploads\/2015\/10\/PortaDelCel-505-1024x768.jpg\" alt=\"Joaqu\u00edn en el Estany d'Estats\" width=\"1024\" height=\"768\" srcset=\"https:\/\/www.monta\u00f1asdelaluna.es\/wp-content\/uploads\/2015\/10\/PortaDelCel-505-1024x768.jpg 1024w, https:\/\/www.monta\u00f1asdelaluna.es\/wp-content\/uploads\/2015\/10\/PortaDelCel-505-300x225.jpg 300w, https:\/\/www.monta\u00f1asdelaluna.es\/wp-content\/uploads\/2015\/10\/PortaDelCel-505.jpg 1690w\" sizes=\"auto, (max-width: 1024px) 100vw, 1024px\" \/><\/a><p id=\"caption-attachment-23264\" class=\"wp-caption-text\">Joaqu\u00edn en el Estany d&#8217;Estats<\/p><\/div>\n<div id=\"attachment_23268\" style=\"width: 1034px\" class=\"wp-caption aligncenter\"><a class=\"dt-single-image\" href=\"https:\/\/www.monta\u00f1asdelaluna.es\/wp-content\/uploads\/2015\/10\/PortaDelCel-513.jpg\" data-dt-img-description=\"\"><img loading=\"lazy\" decoding=\"async\" aria-describedby=\"caption-attachment-23268\" class=\"wp-image-23268 size-large\" src=\"https:\/\/www.monta\u00f1asdelaluna.es\/wp-content\/uploads\/2015\/10\/PortaDelCel-513-1024x768.jpg\" alt=\"Estany de Sotllo\" width=\"1024\" height=\"768\" srcset=\"https:\/\/www.monta\u00f1asdelaluna.es\/wp-content\/uploads\/2015\/10\/PortaDelCel-513-1024x768.jpg 1024w, https:\/\/www.monta\u00f1asdelaluna.es\/wp-content\/uploads\/2015\/10\/PortaDelCel-513-300x225.jpg 300w, https:\/\/www.monta\u00f1asdelaluna.es\/wp-content\/uploads\/2015\/10\/PortaDelCel-513.jpg 1690w\" sizes=\"auto, (max-width: 1024px) 100vw, 1024px\" \/><\/a><p id=\"caption-attachment-23268\" class=\"wp-caption-text\">Estany de Sotllo<\/p><\/div>\n<p>Bajando por la f\u00e1cil y ancha senda y dejando el Estany de Sotllo detr\u00e1s, el r\u00edo que baja de ellos forma enormes, espectaculares y hermosas cascadas. Y tambi\u00e9n recorre planicies en el valle formando esas ramificaciones de brazos del mismo como los famosos de Aig\u00fcestortes entre sus verdes y h\u00famedas orillas. Precioso. Son los Plans de Sotllo y el Pla de La Socauba. Despu\u00e9s de las cascadas y los \u201cgorgs\u201d del Barranc de Sotllo, la senda cruza el r\u00edo por una palanca y sigue sin perder altura mientras \u00e9ste baja precipitadamente encaj\u00e1ndose entre vertientes verticales. Los pinos negros hace tiempo que han aparecido, a medida que la tierra se hace m\u00e1s factible para el bosque, a la vez que perdemos altura.<\/p>\n<p>La senda parece que se encarama a la monta\u00f1a mientras gira al sur al sureste y este en busca del Refugio de Vallferrera. De repente a la derecha el fondo del valle, a la vez que se cubre enfrente el hermoso, boscoso y encantador Vallferrera: es un para\u00edso de bosques, laderas, verdes prados con el Pla de Boet, Pla d\u2019Arcalis\u2026 en el fondo valle arriba, y bajo las alpinas y espectaculares, escarpadas y picudas crestas y picos como el Monteixo, salpicadas a\u00fan con neveros y pasado de los 2.900 mts. \u00a1Espectacular! \u00a1Incre\u00edblemente hermoso! No me canso de mirarlo, fotografiarlo, admirarlo y embelesarme con sus colores, frondosidades y formas \u00a1Fant\u00e1stico valle!<\/p>\n<div id=\"attachment_23272\" style=\"width: 1034px\" class=\"wp-caption aligncenter\"><a class=\"dt-single-image\" href=\"https:\/\/www.monta\u00f1asdelaluna.es\/wp-content\/uploads\/2015\/10\/PortaDelCel-523.jpg\" data-dt-img-description=\"\"><img loading=\"lazy\" decoding=\"async\" aria-describedby=\"caption-attachment-23272\" class=\"wp-image-23272 size-large\" src=\"https:\/\/www.monta\u00f1asdelaluna.es\/wp-content\/uploads\/2015\/10\/PortaDelCel-523-1024x768.jpg\" alt=\"Isards en el Estany de Sotllo\" width=\"1024\" height=\"768\" srcset=\"https:\/\/www.monta\u00f1asdelaluna.es\/wp-content\/uploads\/2015\/10\/PortaDelCel-523-1024x768.jpg 1024w, https:\/\/www.monta\u00f1asdelaluna.es\/wp-content\/uploads\/2015\/10\/PortaDelCel-523-300x225.jpg 300w, https:\/\/www.monta\u00f1asdelaluna.es\/wp-content\/uploads\/2015\/10\/PortaDelCel-523.jpg 1690w\" sizes=\"auto, (max-width: 1024px) 100vw, 1024px\" \/><\/a><p id=\"caption-attachment-23272\" class=\"wp-caption-text\">Isards en el Estany de Sotllo<\/p><\/div>\n<div id=\"attachment_23274\" style=\"width: 1034px\" class=\"wp-caption aligncenter\"><a class=\"dt-single-image\" href=\"https:\/\/www.monta\u00f1asdelaluna.es\/wp-content\/uploads\/2015\/10\/PortaDelCel-525.jpg\" data-dt-img-description=\"\"><img loading=\"lazy\" decoding=\"async\" aria-describedby=\"caption-attachment-23274\" class=\"wp-image-23274 size-large\" src=\"https:\/\/www.monta\u00f1asdelaluna.es\/wp-content\/uploads\/2015\/10\/PortaDelCel-525-1024x768.jpg\" alt=\"Estany de Sotllo\" width=\"1024\" height=\"768\" srcset=\"https:\/\/www.monta\u00f1asdelaluna.es\/wp-content\/uploads\/2015\/10\/PortaDelCel-525-1024x768.jpg 1024w, https:\/\/www.monta\u00f1asdelaluna.es\/wp-content\/uploads\/2015\/10\/PortaDelCel-525-300x225.jpg 300w, https:\/\/www.monta\u00f1asdelaluna.es\/wp-content\/uploads\/2015\/10\/PortaDelCel-525.jpg 1690w\" sizes=\"auto, (max-width: 1024px) 100vw, 1024px\" \/><\/a><p id=\"caption-attachment-23274\" class=\"wp-caption-text\">Estany de Sotllo<\/p><\/div>\n<p>La senda ha pasado por escarpados pasos, pero llevo buen ritmo y disfruto haciendo fotos, viendo como mejora el tiempo con la sola y \u00fanica compa\u00f1\u00eda del paisaje, de la monta\u00f1a, de los mismos Pirineos \u00a1Grandioso! Es f\u00e1cil seguirla. Y m\u00e1s cuando ya es la 3\u00ba vez que la piso. Pero es larga y casi eterna para llegar hasta el refugio. Verdaderamente el recorrido de la Pica a Vallferrera es muy largo.<\/p>\n<p>Carteles indicativos. Recorridos para subir a La Pica, por Canalbona, Areste\u2026 y despu\u00e9s de un cruce sobre un cordal en la monta\u00f1a, la bajada en zigzag, implacable, vertical y por dentro de un espeso bosque, escuchando las cascadas del Barranc d\u2019Areste, giro a la derecha y sur para llegar al Refugio de Vallferrera (1.905 mts.). Creo que es el \u00fanico refugio que solo lo ves cuando llegas a \u00e9l, escondido en la ladera sur boscosa e inclinada del Serrat d\u2019Areste.<\/p>\n<div id=\"attachment_23298\" style=\"width: 1700px\" class=\"wp-caption aligncenter\"><a class=\"dt-single-image\" href=\"https:\/\/www.monta\u00f1asdelaluna.es\/wp-content\/uploads\/2015\/10\/PortaDelCel-570.jpg\" data-dt-img-description=\"\"><img loading=\"lazy\" decoding=\"async\" aria-describedby=\"caption-attachment-23298\" class=\"wp-image-23298 size-full\" src=\"https:\/\/www.monta\u00f1asdelaluna.es\/wp-content\/uploads\/2015\/10\/PortaDelCel-570.jpg\" alt=\"Vallferrera\" width=\"1690\" height=\"950\" srcset=\"https:\/\/www.monta\u00f1asdelaluna.es\/wp-content\/uploads\/2015\/10\/PortaDelCel-570.jpg 1690w, https:\/\/www.monta\u00f1asdelaluna.es\/wp-content\/uploads\/2015\/10\/PortaDelCel-570-300x169.jpg 300w, https:\/\/www.monta\u00f1asdelaluna.es\/wp-content\/uploads\/2015\/10\/PortaDelCel-570-1024x576.jpg 1024w\" sizes=\"auto, (max-width: 1690px) 100vw, 1690px\" \/><\/a><p id=\"caption-attachment-23298\" class=\"wp-caption-text\">Vallferrera<\/p><\/div>\n<p>Felicitaciones y enhorabuenas de mis compa\u00f1eros, nuevos compa\u00f1eros, que est\u00e1n en la puerta del refugio haciendo tiempo. \u201cNo he encontrado el sello en la cima de La Pica\u201d les digo. Pero tengo la foto de cumbre. Justo son las 16:00 horas. El guarda del refugio no nos esperaba. Pensaba que despu\u00e9s del mal tiempo y lluvia de ayer, que desistir\u00edamos de seguir las etapas de la Porta del Cel. Es un gran t\u00edo y le estoy muy agradecido. Me dej\u00f3 el tel\u00e9fono de emergencias para llamar a Anna ya que esta vez no hab\u00eda ni Wifi ni tel\u00e9fono, ni cobertura\u2026 Y nos prepar\u00f3 una de las mejores cenas de todos los refugios.<\/p>\n<p>Recuerdo el refugio antes de la ampliaci\u00f3n, cuando estuvimos en el 2.004 o 2.005. Una peque\u00f1a y \u201cmaca\u201d casa, casi una caba\u00f1a. Ahora, la ampliaci\u00f3n visible para que se vea la diferencia entre la de antes y la de ahora, ha triplicado su capacidad a 60 plazas. Siendo el refugio con m\u00e1s plazas de todos.<\/p>\n<div id=\"attachment_23304\" style=\"width: 1700px\" class=\"wp-caption aligncenter\"><a class=\"dt-single-image\" href=\"https:\/\/www.monta\u00f1asdelaluna.es\/wp-content\/uploads\/2015\/10\/PortaDelCel-578.jpg\" data-dt-img-description=\"\"><img loading=\"lazy\" decoding=\"async\" aria-describedby=\"caption-attachment-23304\" class=\"wp-image-23304 size-full\" src=\"https:\/\/www.monta\u00f1asdelaluna.es\/wp-content\/uploads\/2015\/10\/PortaDelCel-578.jpg\" alt=\"Llegando al Refugio de Vallferrera\" width=\"1690\" height=\"1267\" srcset=\"https:\/\/www.monta\u00f1asdelaluna.es\/wp-content\/uploads\/2015\/10\/PortaDelCel-578.jpg 1690w, https:\/\/www.monta\u00f1asdelaluna.es\/wp-content\/uploads\/2015\/10\/PortaDelCel-578-300x225.jpg 300w, https:\/\/www.monta\u00f1asdelaluna.es\/wp-content\/uploads\/2015\/10\/PortaDelCel-578-1024x768.jpg 1024w\" sizes=\"auto, (max-width: 1690px) 100vw, 1690px\" \/><\/a><p id=\"caption-attachment-23304\" class=\"wp-caption-text\">Llegando al Refugio de Vallferrera<\/p><\/div>\n<div id=\"attachment_23305\" style=\"width: 1034px\" class=\"wp-caption aligncenter\"><a class=\"dt-single-image\" href=\"https:\/\/www.monta\u00f1asdelaluna.es\/wp-content\/uploads\/2015\/10\/PortaDelCel-579.jpg\" data-dt-img-description=\"\"><img loading=\"lazy\" decoding=\"async\" aria-describedby=\"caption-attachment-23305\" class=\"wp-image-23305 size-large\" src=\"https:\/\/www.monta\u00f1asdelaluna.es\/wp-content\/uploads\/2015\/10\/PortaDelCel-579-1024x768.jpg\" alt=\"Refugio de Vallferrera\" width=\"1024\" height=\"768\" srcset=\"https:\/\/www.monta\u00f1asdelaluna.es\/wp-content\/uploads\/2015\/10\/PortaDelCel-579-1024x768.jpg 1024w, https:\/\/www.monta\u00f1asdelaluna.es\/wp-content\/uploads\/2015\/10\/PortaDelCel-579-300x225.jpg 300w, https:\/\/www.monta\u00f1asdelaluna.es\/wp-content\/uploads\/2015\/10\/PortaDelCel-579.jpg 1690w\" sizes=\"auto, (max-width: 1024px) 100vw, 1024px\" \/><\/a><p id=\"caption-attachment-23305\" class=\"wp-caption-text\">Refugio de Vallferrera<\/p><\/div>\n<p>Intentamos dejar las cosas mojadas al sol. Al poco sol que sale entre los rincones del valle. Hoy no est\u00e1n tan mojadas como ayer, pero las botas m\u00edas no se secar\u00e1n. Estamos solos en el refugio por la tarde, pero el guarda nos dice que esta noche se llenar\u00e1. Pero al final no estuvimos tan agobiados ni est\u00e1 tan abarrotado como para molestarnos el sue\u00f1o.<\/p>\n<p>La cena tambi\u00e9n fant\u00e1stica; con butifarra y pisto sabroso en uno de sus platos.<\/p>\n<p>No he estirado y la etapa de hoy ha tenido una dureza razonable. Mala cosa para mis m\u00fasculos, ya que la etapa, \u00faltima etapa, de ma\u00f1ana, en la que volvemos a Tavasc\u00e1n (punto de origen de la traves\u00eda) ser\u00e1 la m\u00e1s larga en kil\u00f3metros y la que mayor desnivel bajemos seguido: desde la Roca Cigalera (2.668 mts.) hasta el mismo Tavasc\u00e1n a unos 1.135 mts., 1.500 metros de desnivel \u00a1Exagerado! Ya tengo las piernas, pies, m\u00fasculos machacados, cargados\u2026 \u00bfC\u00f3mo ir\u00e1 ma\u00f1ana?<\/p>\n<p><a class=\"dt-single-image\" href=\"https:\/\/www.monta\u00f1asdelaluna.es\/wp-content\/uploads\/2014\/07\/Pica.mapa_.1.blog_.jpg\" data-dt-img-description=\"\"><img loading=\"lazy\" decoding=\"async\" class=\"aligncenter wp-image-23327 size-full\" src=\"https:\/\/www.monta\u00f1asdelaluna.es\/wp-content\/uploads\/2014\/07\/Pica.mapa_.1.blog_.jpg\" alt=\"Croquis del recorrido Port de l\u2019Artiga-Refugio de Pinet\" width=\"751\" height=\"1261\" srcset=\"https:\/\/www.monta\u00f1asdelaluna.es\/wp-content\/uploads\/2014\/07\/Pica.mapa_.1.blog_.jpg 751w, https:\/\/www.monta\u00f1asdelaluna.es\/wp-content\/uploads\/2014\/07\/Pica.mapa_.1.blog_-179x300.jpg 179w, https:\/\/www.monta\u00f1asdelaluna.es\/wp-content\/uploads\/2014\/07\/Pica.mapa_.1.blog_-610x1024.jpg 610w\" sizes=\"auto, (max-width: 751px) 100vw, 751px\" \/><\/a><\/p>\n<div id=\"attachment_23328\" style=\"width: 761px\" class=\"wp-caption aligncenter\"><a class=\"dt-single-image\" href=\"https:\/\/www.monta\u00f1asdelaluna.es\/wp-content\/uploads\/2014\/07\/Pica.mapa_.2.blog_.jpg\" data-dt-img-description=\"\"><img loading=\"lazy\" decoding=\"async\" aria-describedby=\"caption-attachment-23328\" class=\"wp-image-23328 size-full\" src=\"https:\/\/www.monta\u00f1asdelaluna.es\/wp-content\/uploads\/2014\/07\/Pica.mapa_.2.blog_.jpg\" alt=\"Croquis del recorrido de la 4\u00ba Etapa: Pinet-Vallferrera\" width=\"751\" height=\"1153\" srcset=\"https:\/\/www.monta\u00f1asdelaluna.es\/wp-content\/uploads\/2014\/07\/Pica.mapa_.2.blog_.jpg 751w, https:\/\/www.monta\u00f1asdelaluna.es\/wp-content\/uploads\/2014\/07\/Pica.mapa_.2.blog_-195x300.jpg 195w, https:\/\/www.monta\u00f1asdelaluna.es\/wp-content\/uploads\/2014\/07\/Pica.mapa_.2.blog_-667x1024.jpg 667w\" sizes=\"auto, (max-width: 751px) 100vw, 751px\" \/><\/a><p id=\"caption-attachment-23328\" class=\"wp-caption-text\">Croquis del recorrido de la 4\u00ba Etapa: Pinet-Vallferrera<\/p><\/div>\n<p>[vc_separator][\/vc_column_text][\/vc_column][\/vc_row][vc_row][vc_column][vc_empty_space height=\u00bb60px\u00bb][\/vc_column][\/vc_row][vc_row][vc_column][vc_cta h2=\u00bb\u00c1lbum de fotos\u00bb txt_align=\u00bbcenter\u00bb add_button=\u00bbbottom\u00bb btn_title=\u00bbVer fotos\u00bb btn_color=\u00bbwarning\u00bb btn_align=\u00bbcenter\u00bb btn_link=\u00bburl:https%3A%2F%2Fmonta%C3%B1asdelaluna.es%2F%3Fdt_gallery%3Dporta-del-cel-4o-etapa-pinet-vallferrera-2|title:Porta%20del%20Cel.%204%C2%BA%20Etapa%3A%20Pinet-Vallferrera|target:_blank\u00bb css=\u00bb.vc_custom_1625786131806{background-color: #8bc4ed !important;}\u00bb]Puedes ver todas las fotos del relato y actividad en forma de presentaci\u00f3n o individuales pinchando aqui \u00a1No te las pierdas![\/vc_cta][\/vc_column][\/vc_row][vc_row][vc_column][vc_empty_space height=\u00bb60px\u00bb][\/vc_column][\/vc_row][vc_row][vc_column width=\u00bb1\/6&#8243;][\/vc_column][vc_column width=\u00bb1\/3&#8243;][vc_column_text]Tiempo en La Pica d&#8217;Estats[\/vc_column_text][vc_raw_html]JTNDaWZyYW1lJTIwc3JjJTNEJTIyaHR0cHMlM0ElMkYlMkZ3d3cubWV0ZW9ibHVlLmNvbSUyRmVzJTJGdGllbXBvJTJGd2lkZ2V0JTJGZGFpbHklMkY0Mi42NjdOMS4zOThFJTNGZGF5cyUzRDclMjZ0ZW1wdW5pdCUzRENFTFNJVVMlMjZ3aW5kdW5pdCUzREtJTE9NRVRFUl9QRVJfSE9VUiUyNnBpY3RvaWNvbiUzRDElMjZtYXh0ZW1wZXJhdHVyZSUzRDElMjZtaW50ZW1wZXJhdHVyZSUzRDElMjZ3aW5kc3BlZWQlM0QxJTI2d2luZGd1c3QlM0QxJTI2d2luZGRpcmVjdGlvbiUzRDElMjZwcmVjaXBpdGF0aW9uJTNEMSUyNnByZWNpcGl0YXRpb25wcm9iYWJpbGl0eSUzRDElMjZzcG90JTNEMSUyNnByZXNzdXJlJTNEMSUyNmxheW91dCUzRGxpZ2h0JTIyJTIwJTIwZnJhbWVib3JkZXIlM0QlMjIwJTIyJTIwc2Nyb2xsaW5nJTNEJTIyTk8lMjIlMjBhbGxvd3RyYW5zcGFyZW5jeSUzRCUyMnRydWUlMjIlMjBzdHlsZSUzRCUyMndpZHRoJTNBJTIwMzc4cHglM0JoZWlnaHQlM0ElMjAzOTFweCUyMiUzRSUzQyUyRmlmcmFtZSUzRSUzQ2RpdiUzRSUzQyUyMS0tJTIwRE8lMjBOT1QlMjBSRU1PVkUlMjBUSElTJTIwTElOSyUyMC0tJTNFJTNDYSUyMGhyZWYlM0QlMjJodHRwcyUzQSUyRiUyRnd3dy5tZXRlb2JsdWUuY29tJTJGZXMlMkZ0aWVtcG8lMkZwcm9ub3N0aWNvJTJGc2VtYW5hJTJGNDIuNjY3TjEuMzk4RSUyMiUyMHRhcmdldCUzRCUyMl9ibGFuayUyMiUzRW1ldGVvYmx1ZSUzQyUyRmElM0UlM0MlMkZkaXYlM0U=[\/vc_raw_html][\/vc_column][vc_column width=\u00bb1\/3&#8243;][vc_column_text]Tiempo en Vallferrera[\/vc_column_text][vc_raw_html]JTNDaWZyYW1lJTIwc3JjJTNEJTIyaHR0cHMlM0ElMkYlMkZ3d3cubWV0ZW9ibHVlLmNvbSUyRmVzJTJGdGllbXBvJTJGd2lkZ2V0JTJGZGFpbHklMkY0Mi42MjVOMS4zODhFJTNGZGF5cyUzRDclMjZ0ZW1wdW5pdCUzRENFTFNJVVMlMjZ3aW5kdW5pdCUzREtJTE9NRVRFUl9QRVJfSE9VUiUyNnBpY3RvaWNvbiUzRDElMjZtYXh0ZW1wZXJhdHVyZSUzRDElMjZtaW50ZW1wZXJhdHVyZSUzRDElMjZ3aW5kc3BlZWQlM0QxJTI2d2luZGd1c3QlM0QxJTI2d2luZGRpcmVjdGlvbiUzRDElMjZwcmVjaXBpdGF0aW9uJTNEMSUyNnByZWNpcGl0YXRpb25wcm9iYWJpbGl0eSUzRDElMjZzcG90JTNEMSUyNnByZXNzdXJlJTNEMSUyNmxheW91dCUzRGxpZ2h0JTIyJTIwJTIwZnJhbWVib3JkZXIlM0QlMjIwJTIyJTIwc2Nyb2xsaW5nJTNEJTIyTk8lMjIlMjBhbGxvd3RyYW5zcGFyZW5jeSUzRCUyMnRydWUlMjIlMjBzdHlsZSUzRCUyMndpZHRoJTNBJTIwMzc4cHglM0JoZWlnaHQlM0ElMjAzOTFweCUyMiUzRSUzQyUyRmlmcmFtZSUzRSUzQ2RpdiUzRSUzQyUyMS0tJTIwRE8lMjBOT1QlMjBSRU1PVkUlMjBUSElTJTIwTElOSyUyMC0tJTNFJTNDYSUyMGhyZWYlM0QlMjJodHRwcyUzQSUyRiUyRnd3dy5tZXRlb2JsdWUuY29tJTJGZXMlMkZ0aWVtcG8lMkZwcm9ub3N0aWNvJTJGc2VtYW5hJTJGNDIuNjI1TjEuMzg4RSUyMiUyMHRhcmdldCUzRCUyMl9ibGFuayUyMiUzRW1ldGVvYmx1ZSUzQyUyRmElM0UlM0MlMkZkaXYlM0U=[\/vc_raw_html][\/vc_column][vc_column width=\u00bb1\/6&#8243;][\/vc_column][\/vc_row]<\/p>\n","protected":false},"excerpt":{"rendered":"<p>[vc_row][vc_column][vc_column_text]Otra vez el d\u00eda amanece incre\u00edble. Ni una nube. Un cielo azul limpio y brillante, y unas vistas impresionantes de todas las monta\u00f1as sin nubes. Salvo el espectacular Mar de Nubes que ha invadido la parte baja de los valles franceses \u00a1Hermoso, impresionante! En esta 4\u00ba etapa en lugar de hacer un subibaja continuo, ser\u00e1&hellip;<\/p>\n","protected":false},"author":1,"featured_media":23298,"comment_status":"open","ping_status":"open","sticky":false,"template":"","format":"standard","meta":[],"categories":[71],"tags":[],"class_list":["post-23313","post","type-post","status-publish","format-standard","has-post-thumbnail","hentry","category-porta-del-cel","category-71","description-off"],"_links":{"self":[{"href":"https:\/\/www.monta\u00f1asdelaluna.es\/index.php?rest_route=\/wp\/v2\/posts\/23313","targetHints":{"allow":["GET"]}}],"collection":[{"href":"https:\/\/www.monta\u00f1asdelaluna.es\/index.php?rest_route=\/wp\/v2\/posts"}],"about":[{"href":"https:\/\/www.monta\u00f1asdelaluna.es\/index.php?rest_route=\/wp\/v2\/types\/post"}],"author":[{"embeddable":true,"href":"https:\/\/www.monta\u00f1asdelaluna.es\/index.php?rest_route=\/wp\/v2\/users\/1"}],"replies":[{"embeddable":true,"href":"https:\/\/www.monta\u00f1asdelaluna.es\/index.php?rest_route=%2Fwp%2Fv2%2Fcomments&post=23313"}],"version-history":[{"count":21,"href":"https:\/\/www.monta\u00f1asdelaluna.es\/index.php?rest_route=\/wp\/v2\/posts\/23313\/revisions"}],"predecessor-version":[{"id":50154,"href":"https:\/\/www.monta\u00f1asdelaluna.es\/index.php?rest_route=\/wp\/v2\/posts\/23313\/revisions\/50154"}],"wp:featuredmedia":[{"embeddable":true,"href":"https:\/\/www.monta\u00f1asdelaluna.es\/index.php?rest_route=\/wp\/v2\/media\/23298"}],"wp:attachment":[{"href":"https:\/\/www.monta\u00f1asdelaluna.es\/index.php?rest_route=%2Fwp%2Fv2%2Fmedia&parent=23313"}],"wp:term":[{"taxonomy":"category","embeddable":true,"href":"https:\/\/www.monta\u00f1asdelaluna.es\/index.php?rest_route=%2Fwp%2Fv2%2Fcategories&post=23313"},{"taxonomy":"post_tag","embeddable":true,"href":"https:\/\/www.monta\u00f1asdelaluna.es\/index.php?rest_route=%2Fwp%2Fv2%2Ftags&post=23313"}],"curies":[{"name":"wp","href":"https:\/\/api.w.org\/{rel}","templated":true}]}}