{"id":24138,"date":"2014-05-24T18:11:49","date_gmt":"2014-05-24T18:11:49","guid":{"rendered":"http:\/\/monta\u00f1asdelaluna.com\/?p=24138"},"modified":"2021-08-06T20:06:50","modified_gmt":"2021-08-06T20:06:50","slug":"la-grevolosa-y-el-moli-de-bracons","status":"publish","type":"post","link":"https:\/\/www.monta\u00f1asdelaluna.es\/?p=24138","title":{"rendered":"La Grevolosa y el Mol\u00ed de Bracons"},"content":{"rendered":"<p>[vc_row][vc_column][vc_column_text]Estaba esperando que llegara abril o mayo para poder hacer una visita a unos de los hayedos m\u00e1s famosos de Catalu\u00f1a: La Grevolosa. Y desde hace tiempo que oigo y leo sobre sus recorridos y lugares, y quiero organizar una excursi\u00f3n por la zona.<\/p>\n<p>Francesc Fabregat me dec\u00eda que si iba a La Grevolosa no dejara de visitar el Mol\u00ed de Bracons, muy cerca de la Collada de Bracons, puerto que separa y une La Garrotxa (Girona) con Osona (Barcelona) y famoso por los extraordinarios bosques, verdes espacios y alturas cercanas como el Puigsacalm.<\/p>\n<div id=\"attachment_23976\" style=\"width: 1034px\" class=\"wp-caption aligncenter\"><a class=\"dt-single-image\" href=\"https:\/\/www.monta\u00f1asdelaluna.es\/wp-content\/uploads\/2015\/10\/Grevolosa-020.jpg\" data-dt-img-description=\"\"><img loading=\"lazy\" decoding=\"async\" aria-describedby=\"caption-attachment-23976\" class=\"wp-image-23976 size-large\" src=\"https:\/\/www.monta\u00f1asdelaluna.es\/wp-content\/uploads\/2015\/10\/Grevolosa-020-1024x768.jpg\" alt=\"Camino de El G\u00fcel\" width=\"1024\" height=\"768\" srcset=\"https:\/\/www.monta\u00f1asdelaluna.es\/wp-content\/uploads\/2015\/10\/Grevolosa-020-1024x768.jpg 1024w, https:\/\/www.monta\u00f1asdelaluna.es\/wp-content\/uploads\/2015\/10\/Grevolosa-020-300x225.jpg 300w, https:\/\/www.monta\u00f1asdelaluna.es\/wp-content\/uploads\/2015\/10\/Grevolosa-020.jpg 1549w\" sizes=\"auto, (max-width: 1024px) 100vw, 1024px\" \/><\/a><p id=\"caption-attachment-23976\" class=\"wp-caption-text\">Camino de El G\u00fcel<\/p><\/div>\n<p>As\u00ed pues el pasado s\u00e1bado 24 de mayo y despu\u00e9s de mirar itinerarios en internet y hacerme un recorrido donde enlace el centro del Hayedo de La Grevolosa y El Mol\u00ed de Bracons, vuelve al hayedo por otro lado haciendo una visita completa con, incluso, subida a alguna altura, en el mapa Alpina de mi ordenador, salimos un buen grupo de Cuspidianos para hacer una actividad no demasiado larga ni mucho menos dificultosa, pero pasando y visitando lugares hermosos y muy bellos.<\/p>\n<p>C-17 en direcci\u00f3n Ripoll. Desv\u00edo en direcci\u00f3n Olot. Dejando la nueva carretera en la solitaria salida a Sant Andreu de La Vola, despu\u00e9s de pasar algunos t\u00faneles. Pasamos por arriba de la carretera justo cuando se vuelve a meter en otro t\u00fanel y nos salimos en la primera casa que nos queda a la izquierda. Es el restaurante Can Piguillem. Aqu\u00ed dejamos los coches. Es una ma\u00f1ana medio soleada que se pondr\u00e1 m\u00e1s tormentosa a lo largo que vaya avanzando el d\u00eda, pero esas cuatro gotas no nos estropear\u00e1 la actividad.<\/p>\n<div id=\"attachment_23975\" style=\"width: 1034px\" class=\"wp-caption aligncenter\"><a class=\"dt-single-image\" href=\"https:\/\/www.monta\u00f1asdelaluna.es\/wp-content\/uploads\/2015\/10\/Grevolosa-017.jpg\" data-dt-img-description=\"\"><img loading=\"lazy\" decoding=\"async\" aria-describedby=\"caption-attachment-23975\" class=\"wp-image-23975 size-large\" src=\"https:\/\/www.monta\u00f1asdelaluna.es\/wp-content\/uploads\/2015\/10\/Grevolosa-017-1024x768.jpg\" alt=\"Camino de El G\u00fcel\" width=\"1024\" height=\"768\" srcset=\"https:\/\/www.monta\u00f1asdelaluna.es\/wp-content\/uploads\/2015\/10\/Grevolosa-017-1024x768.jpg 1024w, https:\/\/www.monta\u00f1asdelaluna.es\/wp-content\/uploads\/2015\/10\/Grevolosa-017-300x225.jpg 300w, https:\/\/www.monta\u00f1asdelaluna.es\/wp-content\/uploads\/2015\/10\/Grevolosa-017.jpg 1549w\" sizes=\"auto, (max-width: 1024px) 100vw, 1024px\" \/><\/a><p id=\"caption-attachment-23975\" class=\"wp-caption-text\">Camino de El G\u00fcel<\/p><\/div>\n<div id=\"attachment_23980\" style=\"width: 1034px\" class=\"wp-caption aligncenter\"><a class=\"dt-single-image\" href=\"https:\/\/www.monta\u00f1asdelaluna.es\/wp-content\/uploads\/2015\/10\/Grevolosa-027.jpg\" data-dt-img-description=\"\"><img loading=\"lazy\" decoding=\"async\" aria-describedby=\"caption-attachment-23980\" class=\"wp-image-23980 size-large\" src=\"https:\/\/www.monta\u00f1asdelaluna.es\/wp-content\/uploads\/2015\/10\/Grevolosa-027-1024x768.jpg\" alt=\"Llegando a El G\u00fcel\" width=\"1024\" height=\"768\" srcset=\"https:\/\/www.monta\u00f1asdelaluna.es\/wp-content\/uploads\/2015\/10\/Grevolosa-027-1024x768.jpg 1024w, https:\/\/www.monta\u00f1asdelaluna.es\/wp-content\/uploads\/2015\/10\/Grevolosa-027-300x225.jpg 300w, https:\/\/www.monta\u00f1asdelaluna.es\/wp-content\/uploads\/2015\/10\/Grevolosa-027.jpg 1549w\" sizes=\"auto, (max-width: 1024px) 100vw, 1024px\" \/><\/a><p id=\"caption-attachment-23980\" class=\"wp-caption-text\">Llegando a El G\u00fcel<\/p><\/div>\n<p>Justo saliendo de Can Piguillem a la carreterilla, a la derecha, enseguida encontramos un camino que sube algo a la izquierda. Justo al principio del camino nos encontramos con un cartelito indicativo: \u201cCam\u00ed de Cabrera\u201d. Llevamos buena direcci\u00f3n. Este camino nos lleva hac\u00eda el este con algunas curvas y pocos desniveles. Nos acerca al Forn\u00e9s que sorprendentemente lleva una buena corriente de agua. A veces lo cruzaremos y otras lo evitaremos, pero seguiremos casi paralelo a su direcci\u00f3n en busca de El G\u00fcel, una mas\u00eda muy identificativa, casa rural, pegada al camino que debemos seguir. Antes nos hemos deleitado con el descubrimiento de una concavidad en forma de circo, de embudo, muy boscoso, muy frondoso y verde, sin cabida para otra cosa que no sea la magnificencia de la selva, en una monta\u00f1a cada vez que alz\u00e1bamos la vista y mir\u00e1bamos hac\u00eda el noreste casi norte. Impresionante. \u00a1All\u00e1 debemos ir! Les comento a mis compa\u00f1eros de camino. \u201cEs el circo de La Grevolosa\u201d.<\/p>\n<p>El camino no debe de tener p\u00e9rdida. No hay que salirse de \u00e9l, no desviarse por los otros pocos caminos que nos encontremos, sobre todo a nuestro lado izquierdo. Llegamos a un lugar con un cartel y otro poste indicativo: \u201cLa Grevolosa\u201d \u201cSant Nazari\u201d, hac\u00eda arriba, derecha y norte. No debemos seguir por ah\u00ed (ya que es la ruta de bajada) y seguimos el camino principal que segu\u00edamos sin dejarlo. Al poco tiempo pasamos por la mas\u00eda anteriormente mencionada: El G\u00fcel. El lugar y entorno es espectacular; desde casi que salimos de Can Piguillem y sobre todo por sus rincones, prados, bosques, verdor, arboledas y bosques en torno al Forn\u00e9s. Precioso paisaje.<\/p>\n<div id=\"attachment_23990\" style=\"width: 1034px\" class=\"wp-caption aligncenter\"><a class=\"dt-single-image\" href=\"https:\/\/www.monta\u00f1asdelaluna.es\/wp-content\/uploads\/2015\/10\/Grevolosa-046.jpg\" data-dt-img-description=\"\"><img loading=\"lazy\" decoding=\"async\" aria-describedby=\"caption-attachment-23990\" class=\"wp-image-23990 size-large\" src=\"https:\/\/www.monta\u00f1asdelaluna.es\/wp-content\/uploads\/2015\/10\/Grevolosa-046-1024x768.jpg\" alt=\"Vacas entre El G\u00fcel y El Prat de La Vola\" width=\"1024\" height=\"768\" srcset=\"https:\/\/www.monta\u00f1asdelaluna.es\/wp-content\/uploads\/2015\/10\/Grevolosa-046-1024x768.jpg 1024w, https:\/\/www.monta\u00f1asdelaluna.es\/wp-content\/uploads\/2015\/10\/Grevolosa-046-300x225.jpg 300w, https:\/\/www.monta\u00f1asdelaluna.es\/wp-content\/uploads\/2015\/10\/Grevolosa-046.jpg 1549w\" sizes=\"auto, (max-width: 1024px) 100vw, 1024px\" \/><\/a><p id=\"caption-attachment-23990\" class=\"wp-caption-text\">Vacas entre El G\u00fcel y El Prat de La Vola<\/p><\/div>\n<div id=\"attachment_23992\" style=\"width: 832px\" class=\"wp-caption aligncenter\"><a class=\"dt-single-image\" href=\"https:\/\/www.monta\u00f1asdelaluna.es\/wp-content\/uploads\/2015\/10\/Grevolosa-050.jpg\" data-dt-img-description=\"\"><img loading=\"lazy\" decoding=\"async\" aria-describedby=\"caption-attachment-23992\" class=\"wp-image-23992 \" src=\"https:\/\/www.monta\u00f1asdelaluna.es\/wp-content\/uploads\/2015\/10\/Grevolosa-050.jpg\" alt=\"Camino del Collet de La Cometa\" width=\"822\" height=\"1096\" srcset=\"https:\/\/www.monta\u00f1asdelaluna.es\/wp-content\/uploads\/2015\/10\/Grevolosa-050.jpg 1162w, https:\/\/www.monta\u00f1asdelaluna.es\/wp-content\/uploads\/2015\/10\/Grevolosa-050-225x300.jpg 225w, https:\/\/www.monta\u00f1asdelaluna.es\/wp-content\/uploads\/2015\/10\/Grevolosa-050-768x1024.jpg 768w\" sizes=\"auto, (max-width: 822px) 100vw, 822px\" \/><\/a><p id=\"caption-attachment-23992\" class=\"wp-caption-text\">Camino del Collet de La Cometa<\/p><\/div>\n<p>Acto seguido llegamos a un cruce (una vez pasado El G\u00fcel) en el que nos encontramos a un grupo nutrido de vacas arriba nuestro y del camino, y delante, casi invisible desde este cruce, la casa de El Prat de La Vola. Al cual no se puede llegar al haber una valla. Pero ya congregados en este cruce vemos otro poste indicador con cartelitos informativos de direcciones: nosotros seguiremos hac\u00eda la Collada de Bracons \u201cCam\u00ed de La Grevolosa\u201d. Entonces giramos a la izquierda y algo arriba, con otro giro de unos 150\u00ba por en medio de todas las vacas que casi nos cortan el paso. Dejamos entonces de seguir hac\u00eda el este (en general) para ahora seguir al norte y arriba; aqu\u00ed comenzaba la subida poco a poco hac\u00eda el impresionante circo del hayedo de La Grevolosa.<\/p>\n<p>A partir de aqu\u00ed y apartando las vacas, seguimos otro camino que enseguida gira algo hac\u00eda la derecha y norte para, poco a poco, internarnos en la espesa vegetaci\u00f3n, verde y frondosa de los indretos de La Grevolosa. Poco a poco los numerosos robles, cada vez m\u00e1s espectaculares y enormes, dejan paso a las frondosas, a las hayas. Pasamos por lo que llaman el Collet de La Cometa y a\u00fan el camino est\u00e1 despejado en su vertical, pero m\u00e1s adelante, justo antes y llegando a un cruce de recorridos, las hayas han cubierto el cielo y comienzan a darle un toque de exuberancia y selva viva al lugar. Ya casi se podr\u00eda decir que estamos en pleno hayedo de La Grevolosa.<\/p>\n<div id=\"attachment_23995\" style=\"width: 1034px\" class=\"wp-caption aligncenter\"><a class=\"dt-single-image\" href=\"https:\/\/www.monta\u00f1asdelaluna.es\/wp-content\/uploads\/2015\/10\/Grevolosa-054.jpg\" data-dt-img-description=\"\"><img loading=\"lazy\" decoding=\"async\" aria-describedby=\"caption-attachment-23995\" class=\"wp-image-23995 size-large\" src=\"https:\/\/www.monta\u00f1asdelaluna.es\/wp-content\/uploads\/2015\/10\/Grevolosa-054-1024x768.jpg\" alt=\"Camino del Collet de La Cometa\" width=\"1024\" height=\"768\" srcset=\"https:\/\/www.monta\u00f1asdelaluna.es\/wp-content\/uploads\/2015\/10\/Grevolosa-054-1024x768.jpg 1024w, https:\/\/www.monta\u00f1asdelaluna.es\/wp-content\/uploads\/2015\/10\/Grevolosa-054-300x225.jpg 300w, https:\/\/www.monta\u00f1asdelaluna.es\/wp-content\/uploads\/2015\/10\/Grevolosa-054.jpg 1549w\" sizes=\"auto, (max-width: 1024px) 100vw, 1024px\" \/><\/a><p id=\"caption-attachment-23995\" class=\"wp-caption-text\">Camino del Collet de La Cometa<\/p><\/div>\n<div id=\"attachment_23996\" style=\"width: 1559px\" class=\"wp-caption aligncenter\"><a class=\"dt-single-image\" href=\"https:\/\/www.monta\u00f1asdelaluna.es\/wp-content\/uploads\/2015\/10\/Grevolosa-058.jpg\" data-dt-img-description=\"\"><img loading=\"lazy\" decoding=\"async\" aria-describedby=\"caption-attachment-23996\" class=\"wp-image-23996 size-full\" src=\"https:\/\/www.monta\u00f1asdelaluna.es\/wp-content\/uploads\/2015\/10\/Grevolosa-058.jpg\" alt=\"Collet de La Cometa\" width=\"1549\" height=\"1162\" srcset=\"https:\/\/www.monta\u00f1asdelaluna.es\/wp-content\/uploads\/2015\/10\/Grevolosa-058.jpg 1549w, https:\/\/www.monta\u00f1asdelaluna.es\/wp-content\/uploads\/2015\/10\/Grevolosa-058-300x225.jpg 300w, https:\/\/www.monta\u00f1asdelaluna.es\/wp-content\/uploads\/2015\/10\/Grevolosa-058-1024x768.jpg 1024w\" sizes=\"auto, (max-width: 1549px) 100vw, 1549px\" \/><\/a><p id=\"caption-attachment-23996\" class=\"wp-caption-text\">Collet de La Cometa<\/p><\/div>\n<p>Justo en la curva del camino y junto al poste indicador de recorridos, paramos a almorzar. El hambre ya aprieta. El lugar comienza a ser incre\u00edble, con grandes y hermosos ejemplares. Fotos, descanso y almuerzo en un lugar encantador. El poste indicador nos dice \u00a0\u00a0 \u00a0que hac\u00eda la derecha subimos al Coll dels Llancers, y hac\u00eda la izquierda seguimos el f\u00e1cil camino, que seguir\u00e1 subiendo, hasta el coraz\u00f3n de La Grevolosa.<\/p>\n<p>Despu\u00e9s de llenar algo la panza, seguimos el recorrido hac\u00eda La Grevolosa. A partir de aqu\u00ed sigue la espectacularidad del hayedo, con magn\u00edficos ejemplares y bellos rincones. Ahora todo son hayas; en las laderas, junto al camino\u2026 nos adentramos al coraz\u00f3n del selv\u00e1tico circo de La Grevolosa que ve\u00edamos al fondo desde el camino. Hay casitas de madera para p\u00e1jaros que cuelgan de las ramas de notables ejemplares. Encantador.<\/p>\n<div id=\"attachment_23998\" style=\"width: 831px\" class=\"wp-caption aligncenter\"><a class=\"dt-single-image\" href=\"https:\/\/www.monta\u00f1asdelaluna.es\/wp-content\/uploads\/2015\/10\/Grevolosa-061.jpg\" data-dt-img-description=\"\"><img loading=\"lazy\" decoding=\"async\" aria-describedby=\"caption-attachment-23998\" class=\"wp-image-23998 \" src=\"https:\/\/www.monta\u00f1asdelaluna.es\/wp-content\/uploads\/2015\/10\/Grevolosa-061.jpg\" alt=\"Camino de La Grevolosa\" width=\"821\" height=\"1095\" srcset=\"https:\/\/www.monta\u00f1asdelaluna.es\/wp-content\/uploads\/2015\/10\/Grevolosa-061.jpg 1162w, https:\/\/www.monta\u00f1asdelaluna.es\/wp-content\/uploads\/2015\/10\/Grevolosa-061-225x300.jpg 225w, https:\/\/www.monta\u00f1asdelaluna.es\/wp-content\/uploads\/2015\/10\/Grevolosa-061-768x1024.jpg 768w\" sizes=\"auto, (max-width: 821px) 100vw, 821px\" \/><\/a><p id=\"caption-attachment-23998\" class=\"wp-caption-text\">Camino de La Grevolosa<\/p><\/div>\n<div id=\"attachment_24001\" style=\"width: 1559px\" class=\"wp-caption aligncenter\"><a class=\"dt-single-image\" href=\"https:\/\/www.monta\u00f1asdelaluna.es\/wp-content\/uploads\/2015\/10\/Grevolosa-068.jpg\" data-dt-img-description=\"\"><img loading=\"lazy\" decoding=\"async\" aria-describedby=\"caption-attachment-24001\" class=\"wp-image-24001 size-full\" src=\"https:\/\/www.monta\u00f1asdelaluna.es\/wp-content\/uploads\/2015\/10\/Grevolosa-068.jpg\" alt=\"Cruce en la entrada a La Grevolosa\" width=\"1549\" height=\"1162\" srcset=\"https:\/\/www.monta\u00f1asdelaluna.es\/wp-content\/uploads\/2015\/10\/Grevolosa-068.jpg 1549w, https:\/\/www.monta\u00f1asdelaluna.es\/wp-content\/uploads\/2015\/10\/Grevolosa-068-300x225.jpg 300w, https:\/\/www.monta\u00f1asdelaluna.es\/wp-content\/uploads\/2015\/10\/Grevolosa-068-1024x768.jpg 1024w\" sizes=\"auto, (max-width: 1549px) 100vw, 1549px\" \/><\/a><p id=\"caption-attachment-24001\" class=\"wp-caption-text\">Cruce en la entrada a La Grevolosa<\/p><\/div>\n<p>Seguimos el camino ahora m\u00e1s lleno de hojas secas que a\u00fan quedan, casi perpetuas, ca\u00eddas de las numerosas hayas este pasado oto\u00f1o. Y a la vez el hayedo se enaltece, se hace frondoso y grandioso con rincones y perfiles espectaculares, hermosos, casi m\u00edsticos\u2026 embelesado por el camino a seguir entre el magn\u00edfico hayedo, me quedo el \u00faltimo llegando a un lugar donde todo el grupo se ha parado. Sin saberlo est\u00e1n en el coraz\u00f3n de La Grevolosa, junto al chorrito de la casi invisible Font de La Grevolosa. \u201c\u00bfEsa es la fuente de La Grevolosa?\u201d Casi nadie del grupo no se hab\u00eda dado cuenta. Aqu\u00ed hace el camino una curva y gira como si, al seguirlo, quisiera salir del hayedo. Le hago una foto a un magn\u00edfico y viejo ejemplar antes de seguir al grupo hac\u00eda arriba. Es un bello y enorme tronco que ha hecho de modelo en muchas ocasiones cada vez que hemos puesto \u201cLa Grevolosa\u201d en internet. Espectacular.<\/p>\n<div id=\"attachment_24005\" style=\"width: 1034px\" class=\"wp-caption aligncenter\"><a class=\"dt-single-image\" href=\"https:\/\/www.monta\u00f1asdelaluna.es\/wp-content\/uploads\/2015\/10\/Grevolosa-075.jpg\" data-dt-img-description=\"\"><img loading=\"lazy\" decoding=\"async\" aria-describedby=\"caption-attachment-24005\" class=\"wp-image-24005 size-large\" src=\"https:\/\/www.monta\u00f1asdelaluna.es\/wp-content\/uploads\/2015\/10\/Grevolosa-075-1024x768.jpg\" alt=\"Hayedo de La Grevolosa\" width=\"1024\" height=\"768\" srcset=\"https:\/\/www.monta\u00f1asdelaluna.es\/wp-content\/uploads\/2015\/10\/Grevolosa-075-1024x768.jpg 1024w, https:\/\/www.monta\u00f1asdelaluna.es\/wp-content\/uploads\/2015\/10\/Grevolosa-075-300x225.jpg 300w, https:\/\/www.monta\u00f1asdelaluna.es\/wp-content\/uploads\/2015\/10\/Grevolosa-075.jpg 1549w\" sizes=\"auto, (max-width: 1024px) 100vw, 1024px\" \/><\/a><p id=\"caption-attachment-24005\" class=\"wp-caption-text\">Hayedo de La Grevolosa<\/p><\/div>\n<p>El grupo no quiere pararse demasiado tiempo para contemplar la belleza del lugar y prestar, con el silencio, atenci\u00f3n a la respiraci\u00f3n del bosque; y suben por la senda que sigue hac\u00eda arriba y norte, en zigzag al principio y algo m\u00e1s recta despu\u00e9s, para salvar el desnivel que hay desde el lugar (Font de La Grevolosa) hasta el Collet de La Grevolosa.<\/p>\n<div id=\"attachment_24014\" style=\"width: 1559px\" class=\"wp-caption aligncenter\"><a class=\"dt-single-image\" href=\"https:\/\/www.monta\u00f1asdelaluna.es\/wp-content\/uploads\/2015\/10\/Grevolosa-087.jpg\" data-dt-img-description=\"\"><img loading=\"lazy\" decoding=\"async\" aria-describedby=\"caption-attachment-24014\" class=\"wp-image-24014 size-full\" src=\"https:\/\/www.monta\u00f1asdelaluna.es\/wp-content\/uploads\/2015\/10\/Grevolosa-087.jpg\" alt=\"Hayedo de La Grevolosa\" width=\"1549\" height=\"1162\" srcset=\"https:\/\/www.monta\u00f1asdelaluna.es\/wp-content\/uploads\/2015\/10\/Grevolosa-087.jpg 1549w, https:\/\/www.monta\u00f1asdelaluna.es\/wp-content\/uploads\/2015\/10\/Grevolosa-087-300x225.jpg 300w, https:\/\/www.monta\u00f1asdelaluna.es\/wp-content\/uploads\/2015\/10\/Grevolosa-087-1024x768.jpg 1024w\" sizes=\"auto, (max-width: 1549px) 100vw, 1549px\" \/><\/a><p id=\"caption-attachment-24014\" class=\"wp-caption-text\">Hayedo de La Grevolosa<\/p><\/div>\n<div id=\"attachment_24016\" style=\"width: 831px\" class=\"wp-caption aligncenter\"><a class=\"dt-single-image\" href=\"https:\/\/www.monta\u00f1asdelaluna.es\/wp-content\/uploads\/2015\/10\/Grevolosa-089.jpg\" data-dt-img-description=\"\"><img loading=\"lazy\" decoding=\"async\" aria-describedby=\"caption-attachment-24016\" class=\"wp-image-24016 \" src=\"https:\/\/www.monta\u00f1asdelaluna.es\/wp-content\/uploads\/2015\/10\/Grevolosa-089.jpg\" alt=\"Hayedo de La Grevolosa\" width=\"821\" height=\"1095\" srcset=\"https:\/\/www.monta\u00f1asdelaluna.es\/wp-content\/uploads\/2015\/10\/Grevolosa-089.jpg 1162w, https:\/\/www.monta\u00f1asdelaluna.es\/wp-content\/uploads\/2015\/10\/Grevolosa-089-225x300.jpg 225w, https:\/\/www.monta\u00f1asdelaluna.es\/wp-content\/uploads\/2015\/10\/Grevolosa-089-768x1024.jpg 768w\" sizes=\"auto, (max-width: 821px) 100vw, 821px\" \/><\/a><p id=\"caption-attachment-24016\" class=\"wp-caption-text\">Hayedo de La Grevolosa<\/p><\/div>\n<p>Hay que seguir en direcci\u00f3n a la Collada de Bracons, seg\u00fan el cartel indicador, y la senda excava en el blando terreno entre las ra\u00edces de las hayas, nos sube por en medio del selv\u00e1tico hayedo, por una vertiente m\u00e1s vertical en busca de la parte m\u00e1s alta del circo y de la monta\u00f1a. El lugar sigue siendo m\u00e1gico, incre\u00edble, caminando entre las espectaculares hayas. Poco a poco la senda marcada con pintadas amarillas se va horizontalizando y ensanchando a medida que nos acercamos a las alturas del Collet de La Grevolosa. Risas y charlas son la nota predominante en el grupo. El tiempo nos sigue respetando y la actividad no es demasiado esforzada, no son desniveles fuertes pero suficientes para hacer una estupenda actividad.<\/p>\n<div id=\"attachment_24019\" style=\"width: 1559px\" class=\"wp-caption aligncenter\"><a class=\"dt-single-image\" href=\"https:\/\/www.monta\u00f1asdelaluna.es\/wp-content\/uploads\/2015\/10\/Grevolosa-096.jpg\" data-dt-img-description=\"\"><img loading=\"lazy\" decoding=\"async\" aria-describedby=\"caption-attachment-24019\" class=\"wp-image-24019 size-full\" src=\"https:\/\/www.monta\u00f1asdelaluna.es\/wp-content\/uploads\/2015\/10\/Grevolosa-096.jpg\" alt=\"Hayedo de La Grevolosa\" width=\"1549\" height=\"1162\" srcset=\"https:\/\/www.monta\u00f1asdelaluna.es\/wp-content\/uploads\/2015\/10\/Grevolosa-096.jpg 1549w, https:\/\/www.monta\u00f1asdelaluna.es\/wp-content\/uploads\/2015\/10\/Grevolosa-096-300x225.jpg 300w, https:\/\/www.monta\u00f1asdelaluna.es\/wp-content\/uploads\/2015\/10\/Grevolosa-096-1024x768.jpg 1024w\" sizes=\"auto, (max-width: 1549px) 100vw, 1549px\" \/><\/a><p id=\"caption-attachment-24019\" class=\"wp-caption-text\">Hayedo de La Grevolosa<\/p><\/div>\n<p>De repente la senda se despeja y se abre ante un pradillo en las alturas de la monta\u00f1a. Ya estamos en el Collet de La Grevolosa. Descanso y charla con otros excursionistas que descansan junto a un medio poste indicador de recorridos con carteles m\u00e1s peque\u00f1os. Veo que tenemos tiempo, no es que hayamos ido r\u00e1pido, es que el recorrido no es demasiado esforzado como para retrasarnos por nuestro esfuerzo. Y, despu\u00e9s de comentarlo con el resto del grupo, decido girar hac\u00eda el este y arriba, y subir a La Pastera como la costumbre que tengo de hacer una cima, un pico en cada excursi\u00f3n. Estamos a unos 1.143 mts. y debemos subir a 1.201 mts., que es la altura del pico m\u00e1s al oeste de la Sierra dels Llancers.<\/p>\n<p>Y es aqu\u00ed en esta bonita y encantadora subida a La Pastera cuando recuerdo aquello que me dec\u00edan sobre La Grevolosa: \u201clo bonito de La Grevolosa no es solo el lugar en s\u00ed, si no todo el hayedo y bosque que la rodea\u201d. Y bien raz\u00f3n que ten\u00edan: el hayedo sigue siendo precioso con ejemplares \u00fanicos, incre\u00edbles y muy sanos. El verdor abunda y la magia tambi\u00e9n en este lugar, en esta encantadora monta\u00f1a. La senda que sal\u00eda del Collet de La Grevolosa a la derecha, este y arriba, se interna casi escondida en direcci\u00f3n al Pla de La Grevolosa. Otro fant\u00e1stico lugar. Pero antes de llegar a dicho punto, giramos hac\u00eda la izquierda m\u00e1s arriba cogiendo el cordal cimero. Entonces solo nos quedar\u00e1 seguir hac\u00eda la izquierda, siempre en medio de un estupendo hayedo, hasta otro punto alzado en medio de la selva. Es notorio al llegar al lugar, pero nada, menos el propio perfil de cima, nos dice que es una cumbre. La Pastera (1.201 mts.).<\/p>\n<div id=\"attachment_24025\" style=\"width: 1559px\" class=\"wp-caption aligncenter\"><a class=\"dt-single-image\" href=\"https:\/\/www.monta\u00f1asdelaluna.es\/wp-content\/uploads\/2015\/10\/Grevolosa-104.jpg\" data-dt-img-description=\"\"><img loading=\"lazy\" decoding=\"async\" aria-describedby=\"caption-attachment-24025\" class=\"wp-image-24025 size-full\" src=\"https:\/\/www.monta\u00f1asdelaluna.es\/wp-content\/uploads\/2015\/10\/Grevolosa-104.jpg\" alt=\"Font de La Grevolosa\" width=\"1549\" height=\"1162\" srcset=\"https:\/\/www.monta\u00f1asdelaluna.es\/wp-content\/uploads\/2015\/10\/Grevolosa-104.jpg 1549w, https:\/\/www.monta\u00f1asdelaluna.es\/wp-content\/uploads\/2015\/10\/Grevolosa-104-300x225.jpg 300w, https:\/\/www.monta\u00f1asdelaluna.es\/wp-content\/uploads\/2015\/10\/Grevolosa-104-1024x768.jpg 1024w\" sizes=\"auto, (max-width: 1549px) 100vw, 1549px\" \/><\/a><p id=\"caption-attachment-24025\" class=\"wp-caption-text\">Font de La Grevolosa<\/p><\/div>\n<p>Otra linda parada. Fotos de grupo, de cima. Risas y muchas c\u00e1maras para retratarnos. Pero en las fotos no aparece la cima, solo nosotros y el inmenso hayedo. Fant\u00e1stico. Debemos seguir la ruta. Que no se nos haga tarde. Otra senda sale de la cima de La Pastera por casi el lado contrario al que hemos llegado, bajando en direcci\u00f3n oeste y volviendo al Collet de La Grevolosa, sitio del que hab\u00edamos salido para subir a esta cima.<\/p>\n<div id=\"attachment_24038\" style=\"width: 833px\" class=\"wp-caption aligncenter\"><a class=\"dt-single-image\" href=\"https:\/\/www.monta\u00f1asdelaluna.es\/wp-content\/uploads\/2015\/10\/Grevolosa-126.jpg\" data-dt-img-description=\"\"><img loading=\"lazy\" decoding=\"async\" aria-describedby=\"caption-attachment-24038\" class=\"wp-image-24038 \" src=\"https:\/\/www.monta\u00f1asdelaluna.es\/wp-content\/uploads\/2015\/10\/Grevolosa-126.jpg\" alt=\"Subida a La Pastera, delante Nuri y Anna\" width=\"823\" height=\"1097\" srcset=\"https:\/\/www.monta\u00f1asdelaluna.es\/wp-content\/uploads\/2015\/10\/Grevolosa-126.jpg 1162w, https:\/\/www.monta\u00f1asdelaluna.es\/wp-content\/uploads\/2015\/10\/Grevolosa-126-225x300.jpg 225w, https:\/\/www.monta\u00f1asdelaluna.es\/wp-content\/uploads\/2015\/10\/Grevolosa-126-768x1024.jpg 768w\" sizes=\"auto, (max-width: 823px) 100vw, 823px\" \/><\/a><p id=\"caption-attachment-24038\" class=\"wp-caption-text\">Subida a La Pastera, delante Nuri y Anna<\/p><\/div>\n<div id=\"attachment_24040\" style=\"width: 1559px\" class=\"wp-caption aligncenter\"><a class=\"dt-single-image\" href=\"https:\/\/www.monta\u00f1asdelaluna.es\/wp-content\/uploads\/2015\/10\/Grevolosa-128.jpg\" data-dt-img-description=\"\"><img loading=\"lazy\" decoding=\"async\" aria-describedby=\"caption-attachment-24040\" class=\"wp-image-24040 size-full\" src=\"https:\/\/www.monta\u00f1asdelaluna.es\/wp-content\/uploads\/2015\/10\/Grevolosa-128.jpg\" alt=\"Cima de La Pastera, 1.202 mts.\" width=\"1549\" height=\"871\" srcset=\"https:\/\/www.monta\u00f1asdelaluna.es\/wp-content\/uploads\/2015\/10\/Grevolosa-128.jpg 1549w, https:\/\/www.monta\u00f1asdelaluna.es\/wp-content\/uploads\/2015\/10\/Grevolosa-128-300x169.jpg 300w, https:\/\/www.monta\u00f1asdelaluna.es\/wp-content\/uploads\/2015\/10\/Grevolosa-128-1024x576.jpg 1024w\" sizes=\"auto, (max-width: 1549px) 100vw, 1549px\" \/><\/a><p id=\"caption-attachment-24040\" class=\"wp-caption-text\">Cima de La Pastera, 1.202 mts.<\/p><\/div>\n<p>Nos hemos topado con una valla que delimita terrenos de pastos. De esas que son de espino met\u00e1lico. Pero enseguida llegamos de nuevo, en mucho menos tiempo que en la subida, al Collet de La Grevolosa. Desde aqu\u00ed seguiremos un camino que se interna enfrente nuestro hac\u00eda el oeste y bajando un poco, por el frondoso hayedo de la loma norte que quedaba al oeste del circo de La Grevolosa. Lo que llaman la Baga de Les Eugues. Otro fascinante y magn\u00edfico hayedo en la ladera norte del lugar que mira hac\u00eda el Mol\u00ed y Refugi de Bracons. El Mol\u00ed de Bracons es nuestro siguiente objetivo. Haciendo caso a Francesc Fabregat pasaremos por el encantador rinc\u00f3n dentro de estos fabulosos lugares.<\/p>\n<p>El ancho camino parece que bordea la monta\u00f1a boscosa que queda entre el circo selv\u00e1tico de La Grevolosa y el Torrent de Bracons m\u00e1s al oeste. Gira hac\u00eda el sur y luego vuelve a girar hac\u00eda el norte, oeste, otra vez norte\u2026 haciendo curvas y descendiendo poco a poco a medida que se acerca al norte hac\u00eda el lugar de Bracons. La tremenda selva y extraordinario hayedo tambi\u00e9n en esta parte de la monta\u00f1a no nos deja ver m\u00e1s all\u00e1 de las frondosidades y hermosos ejemplares para poder observar que nos est\u00e1bamos acercando a Bracons. Solo cuando cruzamos el Torrent de Bracons por esta parte la m\u00e1s alta del mismo, algo seco y casi invisible, salimos de la espesura y podemos ver algo m\u00e1s de cielo y paisaje, adem\u00e1s justo aqu\u00ed giramos hac\u00eda el oeste por la ladera de enfrente a la que llev\u00e1bamos, en direcci\u00f3n a las construcciones de Bracons.<\/p>\n<div id=\"attachment_24045\" style=\"width: 1559px\" class=\"wp-caption aligncenter\"><a class=\"dt-single-image\" href=\"https:\/\/www.monta\u00f1asdelaluna.es\/wp-content\/uploads\/2015\/10\/Grevolosa-136.jpg\" data-dt-img-description=\"\"><img loading=\"lazy\" decoding=\"async\" aria-describedby=\"caption-attachment-24045\" class=\"wp-image-24045 size-full\" src=\"https:\/\/www.monta\u00f1asdelaluna.es\/wp-content\/uploads\/2015\/10\/Grevolosa-136.jpg\" alt=\"Bajando al Collet de La Grevolosa\" width=\"1549\" height=\"1162\" srcset=\"https:\/\/www.monta\u00f1asdelaluna.es\/wp-content\/uploads\/2015\/10\/Grevolosa-136.jpg 1549w, https:\/\/www.monta\u00f1asdelaluna.es\/wp-content\/uploads\/2015\/10\/Grevolosa-136-300x225.jpg 300w, https:\/\/www.monta\u00f1asdelaluna.es\/wp-content\/uploads\/2015\/10\/Grevolosa-136-1024x768.jpg 1024w\" sizes=\"auto, (max-width: 1549px) 100vw, 1549px\" \/><\/a><p id=\"caption-attachment-24045\" class=\"wp-caption-text\">Bajando al Collet de La Grevolosa<\/p><\/div>\n<p>As\u00ed pues el camino que transcurre casi paralelo pero por debajo a la carretera que sube o baja de la Collada de Bracons nos deriva en la misma casa o refugio de Bracons. Desde aqu\u00ed las vistas hac\u00eda la espl\u00e9ndida selva, hayedo por el que hemos andado, queda casi detr\u00e1s nuestro y hac\u00eda el sur, al otro lado del barranco, es impresionante: verdor e hipnotizante belleza, el bosque y su energ\u00eda. Cerca de Bracons los prados y los espacios abiertos son m\u00e1s numerosos, pero no quitan belleza ni hermosura al paisaje.<\/p>\n<p>La casa de Bracons nos llama la atenci\u00f3n. Nos paramos ante ella para observar sus viejos muros, sus formas antiguas, medio remodeladas, conservadas y medio derruidas a la vez. Una manguera que pierde agua como si fuera un aspersor hace de juego perfecto para el grupo.<\/p>\n<div id=\"attachment_24048\" style=\"width: 1034px\" class=\"wp-caption aligncenter\"><a class=\"dt-single-image\" href=\"https:\/\/www.monta\u00f1asdelaluna.es\/wp-content\/uploads\/2015\/10\/Grevolosa-142.jpg\" data-dt-img-description=\"\"><img loading=\"lazy\" decoding=\"async\" aria-describedby=\"caption-attachment-24048\" class=\"wp-image-24048 size-large\" src=\"https:\/\/www.monta\u00f1asdelaluna.es\/wp-content\/uploads\/2015\/10\/Grevolosa-142-1024x768.jpg\" alt=\"Bajando al Collet de La Grevolosa, delante Irene y Ana\" width=\"1024\" height=\"768\" srcset=\"https:\/\/www.monta\u00f1asdelaluna.es\/wp-content\/uploads\/2015\/10\/Grevolosa-142-1024x768.jpg 1024w, https:\/\/www.monta\u00f1asdelaluna.es\/wp-content\/uploads\/2015\/10\/Grevolosa-142-300x225.jpg 300w, https:\/\/www.monta\u00f1asdelaluna.es\/wp-content\/uploads\/2015\/10\/Grevolosa-142.jpg 1549w\" sizes=\"auto, (max-width: 1024px) 100vw, 1024px\" \/><\/a><p id=\"caption-attachment-24048\" class=\"wp-caption-text\">Bajando al Collet de La Grevolosa, delante Irene y Ana<\/p><\/div>\n<div id=\"attachment_24056\" style=\"width: 1559px\" class=\"wp-caption aligncenter\"><a class=\"dt-single-image\" href=\"https:\/\/www.monta\u00f1asdelaluna.es\/wp-content\/uploads\/2015\/10\/Grevolosa-147.jpg\" data-dt-img-description=\"\"><img loading=\"lazy\" decoding=\"async\" aria-describedby=\"caption-attachment-24056\" class=\"wp-image-24056 size-full\" src=\"https:\/\/www.monta\u00f1asdelaluna.es\/wp-content\/uploads\/2015\/10\/Grevolosa-147.jpg\" alt=\"Collet de La Grevolosa\" width=\"1549\" height=\"1162\" srcset=\"https:\/\/www.monta\u00f1asdelaluna.es\/wp-content\/uploads\/2015\/10\/Grevolosa-147.jpg 1549w, https:\/\/www.monta\u00f1asdelaluna.es\/wp-content\/uploads\/2015\/10\/Grevolosa-147-300x225.jpg 300w, https:\/\/www.monta\u00f1asdelaluna.es\/wp-content\/uploads\/2015\/10\/Grevolosa-147-1024x768.jpg 1024w\" sizes=\"auto, (max-width: 1549px) 100vw, 1549px\" \/><\/a><p id=\"caption-attachment-24056\" class=\"wp-caption-text\">Collet de La Grevolosa<\/p><\/div>\n<p>Bordeando por el sur la casa de Bracons y justo antes de comenzar a subir por la pista que comunica la casa con la carretera, a la izquierda, entre hierbas y un \u00e1rbol solitario con una enredadera casi seca rodeando su tronco, sale hac\u00eda abajo una sendilla que nos lleva hasta otra construcci\u00f3n al final de la misma y que se intuye entre la maleza y arboleda del lugar: es el esperado Mol\u00ed de Bracons.<\/p>\n<p>Es un lindo rinc\u00f3n y antigua, casi abandonada construcci\u00f3n junto a un arroyo que pasa por detr\u00e1s de la misma. El lugar es encantador. Ten\u00eda raz\u00f3n Francesc al aconsejar pasar por aqu\u00ed. Curioseamos el lugar. Saltamos el arroyo y miramos el lugar donde se encontrar\u00eda la rueda del molino\u2026 o puede ser que estuviera dentro, y pasara el riachuelo por dentro de la casa. Hay una puerta abierta y una estancia como si fuera un refugio vivaque, una casa de pastores. Verde, agua, tranquilidad y belleza es lo que se respira en el lugar\u2026 pero hay que tener cuidado con el alambre que hace de valla: est\u00e1 electrificado.<\/p>\n<div id=\"attachment_24065\" style=\"width: 1559px\" class=\"wp-caption aligncenter\"><a class=\"dt-single-image\" href=\"https:\/\/www.monta\u00f1asdelaluna.es\/wp-content\/uploads\/2015\/10\/Grevolosa-161.jpg\" data-dt-img-description=\"\"><img loading=\"lazy\" decoding=\"async\" aria-describedby=\"caption-attachment-24065\" class=\"wp-image-24065 size-full\" src=\"https:\/\/www.monta\u00f1asdelaluna.es\/wp-content\/uploads\/2015\/10\/Grevolosa-161.jpg\" alt=\"Hayedo de la Baga de Les Eugues\" width=\"1549\" height=\"1162\" srcset=\"https:\/\/www.monta\u00f1asdelaluna.es\/wp-content\/uploads\/2015\/10\/Grevolosa-161.jpg 1549w, https:\/\/www.monta\u00f1asdelaluna.es\/wp-content\/uploads\/2015\/10\/Grevolosa-161-300x225.jpg 300w, https:\/\/www.monta\u00f1asdelaluna.es\/wp-content\/uploads\/2015\/10\/Grevolosa-161-1024x768.jpg 1024w\" sizes=\"auto, (max-width: 1549px) 100vw, 1549px\" \/><\/a><p id=\"caption-attachment-24065\" class=\"wp-caption-text\">Hayedo de la Baga de Les Eugues<\/p><\/div>\n<p>Saltamos el arroyo para seguir al otro lado de la casa y hac\u00eda abajo, sur, por una senda invisible entre la verde y alta hierba. Esta vez no atravesamos bosques, si no que seguimos por los prados dejando a la izquierda el Torrent del Bracons y el fondo del vallecillo que nos recorremos ahora. La carretera va quedando arriba nuestro a la derecha. A\u00fan pareciendo que no caminamos por senda, s\u00ed seguimos el recorrido que nos llevar\u00e1 hasta un camino que viene de la carretera junto a un cartel que, indicando hac\u00eda el lugar de donde venimos, pondr\u00e1 \u201cMol\u00ed de Bracons\u201d. Atr\u00e1s habr\u00e1 quedado la encantadora construcci\u00f3n, el apacible lugar, el hermoso rinc\u00f3n\u2026 como en una escena de La Comarca en el Se\u00f1or de Los Anillos. Bello y magn\u00edfico a la vez.<\/p>\n<div id=\"attachment_24066\" style=\"width: 1559px\" class=\"wp-caption aligncenter\"><a class=\"dt-single-image\" href=\"https:\/\/www.monta\u00f1asdelaluna.es\/wp-content\/uploads\/2015\/10\/Grevolosa-164.jpg\" data-dt-img-description=\"\"><img loading=\"lazy\" decoding=\"async\" aria-describedby=\"caption-attachment-24066\" class=\"wp-image-24066 size-full\" src=\"https:\/\/www.monta\u00f1asdelaluna.es\/wp-content\/uploads\/2015\/10\/Grevolosa-164.jpg\" alt=\"Hayedo de la Baga de Les Eugues\" width=\"1549\" height=\"1162\" srcset=\"https:\/\/www.monta\u00f1asdelaluna.es\/wp-content\/uploads\/2015\/10\/Grevolosa-164.jpg 1549w, https:\/\/www.monta\u00f1asdelaluna.es\/wp-content\/uploads\/2015\/10\/Grevolosa-164-300x225.jpg 300w, https:\/\/www.monta\u00f1asdelaluna.es\/wp-content\/uploads\/2015\/10\/Grevolosa-164-1024x768.jpg 1024w\" sizes=\"auto, (max-width: 1549px) 100vw, 1549px\" \/><\/a><p id=\"caption-attachment-24066\" class=\"wp-caption-text\">Hayedo de la Baga de Les Eugues<\/p><\/div>\n<div id=\"attachment_24075\" style=\"width: 1034px\" class=\"wp-caption aligncenter\"><a class=\"dt-single-image\" href=\"https:\/\/www.monta\u00f1asdelaluna.es\/wp-content\/uploads\/2015\/10\/Grevolosa-179.jpg\" data-dt-img-description=\"\"><img loading=\"lazy\" decoding=\"async\" aria-describedby=\"caption-attachment-24075\" class=\"wp-image-24075 size-large\" src=\"https:\/\/www.monta\u00f1asdelaluna.es\/wp-content\/uploads\/2015\/10\/Grevolosa-179-1024x768.jpg\" alt=\"Bracons\" width=\"1024\" height=\"768\" srcset=\"https:\/\/www.monta\u00f1asdelaluna.es\/wp-content\/uploads\/2015\/10\/Grevolosa-179-1024x768.jpg 1024w, https:\/\/www.monta\u00f1asdelaluna.es\/wp-content\/uploads\/2015\/10\/Grevolosa-179-300x225.jpg 300w, https:\/\/www.monta\u00f1asdelaluna.es\/wp-content\/uploads\/2015\/10\/Grevolosa-179.jpg 1549w\" sizes=\"auto, (max-width: 1024px) 100vw, 1024px\" \/><\/a><p id=\"caption-attachment-24075\" class=\"wp-caption-text\">Bracons<\/p><\/div>\n<p>Debemos seguir el camino hac\u00eda el Torrent de Bracons cruz\u00e1ndolo; ahora con un gracioso curso de agua. Una cadena evita que los autom\u00f3viles circulen por aqu\u00ed. Una vez cruzado giramos hac\u00eda la derecha y sur, valle abajo, siguiendo paralelos al curso de Torrent de Bracons. La idea es volver a internarnos en el hayedo de La Grevolosa pero esta vez por el otro lado, hac\u00eda la Ermita de Sant Nazari.<\/p>\n<p>El camino no recorre lugares tan frondosos como los cruzados alrededor de La Grevolosa, pero tambi\u00e9n es bonito con algunos espacios para poder mirar parte del paisaje, el cielo, a\u00fan azul. Cruzamos alg\u00fan camino, pero nosotros seguimos hac\u00eda el sur por el principal. Pasamos junto alguna peque\u00f1a torre de tendido el\u00e9ctrico, y pronto hace como que gira hac\u00eda la izquierda y este, a la vez que coge algo de altura, pero el suave subibaja es la nota predominante en el terreno. Pero no gira hac\u00eda el este, para coger la direcci\u00f3n hac\u00eda la Ermita de Sant Nazari, si no que sigue como hac\u00eda el sur.<\/p>\n<div id=\"attachment_24082\" style=\"width: 1559px\" class=\"wp-caption aligncenter\"><a class=\"dt-single-image\" href=\"https:\/\/www.monta\u00f1asdelaluna.es\/wp-content\/uploads\/2015\/10\/Grevolosa-196.jpg\" data-dt-img-description=\"\"><img loading=\"lazy\" decoding=\"async\" aria-describedby=\"caption-attachment-24082\" class=\"wp-image-24082 size-full\" src=\"https:\/\/www.monta\u00f1asdelaluna.es\/wp-content\/uploads\/2015\/10\/Grevolosa-196.jpg\" alt=\"Mol\u00ed de Bracons\" width=\"1549\" height=\"1162\" srcset=\"https:\/\/www.monta\u00f1asdelaluna.es\/wp-content\/uploads\/2015\/10\/Grevolosa-196.jpg 1549w, https:\/\/www.monta\u00f1asdelaluna.es\/wp-content\/uploads\/2015\/10\/Grevolosa-196-300x225.jpg 300w, https:\/\/www.monta\u00f1asdelaluna.es\/wp-content\/uploads\/2015\/10\/Grevolosa-196-1024x768.jpg 1024w\" sizes=\"auto, (max-width: 1549px) 100vw, 1549px\" \/><\/a><p id=\"caption-attachment-24082\" class=\"wp-caption-text\">Mol\u00ed de Bracons<\/p><\/div>\n<p>Llega a una especie de collado. Ya estamos m\u00e1s adentro del fabuloso bosque pr\u00f3ximo a La Grevolosa, pero a\u00fan no aparecen las hayas y las frondosas; eso s\u00ed, las encinas, Quercus y pinos son m\u00e1s frondosos y espesos. Este es el llamado Collet de La Paia: hay un cruce de caminos y seguimos por el que sigue enfrente hac\u00eda abajo \u00a1Mal! El mapa desactualizado de Alpina que llevo en la pantalla de la c\u00e1mara fotografiado, me ha hecho una mala jugada. Mientras vamos bajando altura nos damos cuenta que no es la direcci\u00f3n de la ermita, que seguimos demasiado hac\u00eda el sur bajando mucha altura\u2026 debemos volver. Antes hemos visto un hito junto al camino poco antes de llegar a este cruce, a este Collet de La Paia. Tendr\u00edamos que seguir por aqu\u00ed. Y justo la senda a la izquierda y casi en subida dirigi\u00e9ndose hac\u00eda el este, es la buena que nos llevar\u00e1 por otros rincones hermosos y frondosos, hasta, no sin antes admirar alg\u00fan enorme ejemplar de roble, la Ermita de Sant Nazari. Nosotros al equivocarnos y desandar la pista hac\u00eda el Collet de La Paia, antes de llegar a \u00e9ste, nos encontramos con otra sendilla a la derecha y arriba, que enlazar\u00e1 con la senda buena antes nombrada que, sigui\u00e9ndola hac\u00eda el este y derecha, nos dejar\u00e1 en la nombrada ermita y lugar.<\/p>\n<div id=\"attachment_24088\" style=\"width: 1034px\" class=\"wp-caption aligncenter\"><a class=\"dt-single-image\" href=\"https:\/\/www.monta\u00f1asdelaluna.es\/wp-content\/uploads\/2015\/10\/Grevolosa-207.jpg\" data-dt-img-description=\"\"><img loading=\"lazy\" decoding=\"async\" aria-describedby=\"caption-attachment-24088\" class=\"wp-image-24088 size-large\" src=\"https:\/\/www.monta\u00f1asdelaluna.es\/wp-content\/uploads\/2015\/10\/Grevolosa-207-1024x768.jpg\" alt=\"Delante David dejando atr\u00e1s el Mol\u00ed de Bracons\" width=\"1024\" height=\"768\" srcset=\"https:\/\/www.monta\u00f1asdelaluna.es\/wp-content\/uploads\/2015\/10\/Grevolosa-207-1024x768.jpg 1024w, https:\/\/www.monta\u00f1asdelaluna.es\/wp-content\/uploads\/2015\/10\/Grevolosa-207-300x225.jpg 300w, https:\/\/www.monta\u00f1asdelaluna.es\/wp-content\/uploads\/2015\/10\/Grevolosa-207.jpg 1549w\" sizes=\"auto, (max-width: 1024px) 100vw, 1024px\" \/><\/a><p id=\"caption-attachment-24088\" class=\"wp-caption-text\">Delante David dejando atr\u00e1s el Mol\u00ed de Bracons<\/p><\/div>\n<div id=\"attachment_24098\" style=\"width: 1034px\" class=\"wp-caption aligncenter\"><a class=\"dt-single-image\" href=\"https:\/\/www.monta\u00f1asdelaluna.es\/wp-content\/uploads\/2015\/10\/Grevolosa-226.jpg\" data-dt-img-description=\"\"><img loading=\"lazy\" decoding=\"async\" aria-describedby=\"caption-attachment-24098\" class=\"wp-image-24098 size-large\" src=\"https:\/\/www.monta\u00f1asdelaluna.es\/wp-content\/uploads\/2015\/10\/Grevolosa-226-1024x768.jpg\" alt=\"Camino de Sant Nazari\" width=\"1024\" height=\"768\" srcset=\"https:\/\/www.monta\u00f1asdelaluna.es\/wp-content\/uploads\/2015\/10\/Grevolosa-226-1024x768.jpg 1024w, https:\/\/www.monta\u00f1asdelaluna.es\/wp-content\/uploads\/2015\/10\/Grevolosa-226-300x225.jpg 300w, https:\/\/www.monta\u00f1asdelaluna.es\/wp-content\/uploads\/2015\/10\/Grevolosa-226.jpg 1549w\" sizes=\"auto, (max-width: 1024px) 100vw, 1024px\" \/><\/a><p id=\"caption-attachment-24098\" class=\"wp-caption-text\">Camino de Sant Nazari<\/p><\/div>\n<p>Un simp\u00e1tico cartelito clavado en un tronco nos indica mediante una flecha y el nombre, que llevamos buena direcci\u00f3n hac\u00eda la Ermita de Sant Nazari. Antes de llegar el bosque se va ensombreciendo, al igual que el cielo, oscureciendo a medida que nos metemos y cambiamos al bosque de hayas y robles, que poco a poco se va pareciendo al de La Grevolosa, mientras nos acercamos al coraz\u00f3n de la misma pero esta vez por su parte oeste, como si le entr\u00e1ramos por la otra puerta que tiene desde el sur, desde Can Piguillem (por el camino que sal\u00eda desde el primer cartel que nos encontramos camino de El G\u00fcel).<\/p>\n<p>La Ermita de Sant Nazari es un templo o construcci\u00f3n restaurada, arreglada, en medio de un paraje id\u00edlico, precioso, especial, como es el hayedo de La Grevolosa. Tiene algunas mesas y bancos que aprovechamos para pararnos a descansar y comer; ya es mediod\u00eda. El tiempo ya parece que ha comenzado a cambiar y caen las primeras gotas, pero la sangre no llegar\u00e1 al r\u00edo. Nos ponemos los chubasqueros previsores de que para el d\u00eda de hoy hab\u00eda amenaza de lluvia, y ya est\u00e1. Risas y buen rollo en el grupo. Somos gente sana y nos llevamos bien, es muy importante para compartir buenos momentos y maravillosos lugares.<\/p>\n<div id=\"attachment_24103\" style=\"width: 1034px\" class=\"wp-caption aligncenter\"><a class=\"dt-single-image\" href=\"https:\/\/www.monta\u00f1asdelaluna.es\/wp-content\/uploads\/2015\/10\/Grevolosa-235.jpg\" data-dt-img-description=\"\"><img loading=\"lazy\" decoding=\"async\" aria-describedby=\"caption-attachment-24103\" class=\"wp-image-24103 size-large\" src=\"https:\/\/www.monta\u00f1asdelaluna.es\/wp-content\/uploads\/2015\/10\/Grevolosa-235-1024x768.jpg\" alt=\"Llegando a la Ermita de Sant Nazari\" width=\"1024\" height=\"768\" srcset=\"https:\/\/www.monta\u00f1asdelaluna.es\/wp-content\/uploads\/2015\/10\/Grevolosa-235-1024x768.jpg 1024w, https:\/\/www.monta\u00f1asdelaluna.es\/wp-content\/uploads\/2015\/10\/Grevolosa-235-300x225.jpg 300w, https:\/\/www.monta\u00f1asdelaluna.es\/wp-content\/uploads\/2015\/10\/Grevolosa-235.jpg 1549w\" sizes=\"auto, (max-width: 1024px) 100vw, 1024px\" \/><\/a><p id=\"caption-attachment-24103\" class=\"wp-caption-text\">Llegando a la Ermita de Sant Nazari<\/p><\/div>\n<div id=\"attachment_24112\" style=\"width: 1559px\" class=\"wp-caption aligncenter\"><a class=\"dt-single-image\" href=\"https:\/\/www.monta\u00f1asdelaluna.es\/wp-content\/uploads\/2015\/10\/Grevolosa-255.jpg\" data-dt-img-description=\"\"><img loading=\"lazy\" decoding=\"async\" aria-describedby=\"caption-attachment-24112\" class=\"wp-image-24112 size-full\" src=\"https:\/\/www.monta\u00f1asdelaluna.es\/wp-content\/uploads\/2015\/10\/Grevolosa-255.jpg\" alt=\"Hayedo de La Grevolosa\" width=\"1549\" height=\"1162\" srcset=\"https:\/\/www.monta\u00f1asdelaluna.es\/wp-content\/uploads\/2015\/10\/Grevolosa-255.jpg 1549w, https:\/\/www.monta\u00f1asdelaluna.es\/wp-content\/uploads\/2015\/10\/Grevolosa-255-300x225.jpg 300w, https:\/\/www.monta\u00f1asdelaluna.es\/wp-content\/uploads\/2015\/10\/Grevolosa-255-1024x768.jpg 1024w\" sizes=\"auto, (max-width: 1549px) 100vw, 1549px\" \/><\/a><p id=\"caption-attachment-24112\" class=\"wp-caption-text\">Hayedo de La Grevolosa<\/p><\/div>\n<p>Antes de partir del lugar, le doy la vuelta al templo. Otro grupito con ni\u00f1os se ha acoplado a la entrada del mismo, mirando al sur, nosotros est\u00e1bamos en la parte norte y de atr\u00e1s. Hago fotos. Ya est\u00e1 todo lo que ten\u00edamos que ver y visitar, ahora toca volver a los coches. Entonces salimos del lugar por un camino que sale hac\u00eda el norte, por detr\u00e1s del templo, y hac\u00eda la derecha subiendo algo. Pero enseguida el camino que parece que se va a internar de nuevo en el coraz\u00f3n de La Grevolosa, llega a un punto en que gira hac\u00eda la derecha y sur, bajando y como si pareciera que quisiera salir de la monta\u00f1a. Vemos un poste indicador y carteles se\u00f1alizadores: se puede bajar de Sant Nazari por una senda que sale justo desde su puerta principal, o bajar por el camino, que es lo que hemos elegido nosotros. Solo hay que seguir la direcci\u00f3n del parking. Para la pr\u00f3xima bajaremos por la senda.<\/p>\n<div id=\"attachment_24111\" style=\"width: 1559px\" class=\"wp-caption aligncenter\"><a class=\"dt-single-image\" href=\"https:\/\/www.monta\u00f1asdelaluna.es\/wp-content\/uploads\/2015\/10\/Grevolosa-254.jpg\" data-dt-img-description=\"\"><img loading=\"lazy\" decoding=\"async\" aria-describedby=\"caption-attachment-24111\" class=\"wp-image-24111 size-full\" src=\"https:\/\/www.monta\u00f1asdelaluna.es\/wp-content\/uploads\/2015\/10\/Grevolosa-254.jpg\" alt=\"Hayedo de La Grevolosa\" width=\"1549\" height=\"1162\" srcset=\"https:\/\/www.monta\u00f1asdelaluna.es\/wp-content\/uploads\/2015\/10\/Grevolosa-254.jpg 1549w, https:\/\/www.monta\u00f1asdelaluna.es\/wp-content\/uploads\/2015\/10\/Grevolosa-254-300x225.jpg 300w, https:\/\/www.monta\u00f1asdelaluna.es\/wp-content\/uploads\/2015\/10\/Grevolosa-254-1024x768.jpg 1024w\" sizes=\"auto, (max-width: 1549px) 100vw, 1549px\" \/><\/a><p id=\"caption-attachment-24111\" class=\"wp-caption-text\">Hayedo de La Grevolosa<\/p><\/div>\n<p>El camino tambi\u00e9n tiene rincones preciosos, espectaculares del mismo hayedo. Amplio y f\u00e1cil de seguir va bajando y pasando por umbr\u00edos y verdes lugares. Parece de cuento de hadas, de pel\u00edcula de Merl\u00edn, incre\u00edbles bosques y asombrosos ejemplares. Fotos del lugar, fotos admirando la belleza del bosque cerrado y h\u00famedo, fotos de los espectadores entre tal grandeza\u2026 incluso algunas de las chicas encuentran fresas silvestres que est\u00e1n muy buenas, naturales y salvajes, prueba de lo sano que est\u00e1 el hayedo.<\/p>\n<p>M\u00e1s abajo, mientras seguimos por el mismo camino sin desviarnos, el bosque comienza a cambiar, dejamos el monopolio del hayedo y ahora se va mezclando con robles, m\u00e1s abajo robles y Quercus desapareciendo la supremac\u00eda y la frondosidad del hayedo. Mientras el bosque se va despejando y nos deja ver la espectacularidad del paisaje: las boscosas o mejor dicho selv\u00e1ticas laderas del Puig d\u2019Eugassa, de la Sierra dels Llancers\u2026 asombroso. Ya no ha vuelto a caer ninguna gota a pesar de que el cielo sigue adornado por esas fotog\u00e9nicas nubes.<\/p>\n<div id=\"attachment_24116\" style=\"width: 832px\" class=\"wp-caption aligncenter\"><a class=\"dt-single-image\" href=\"https:\/\/www.monta\u00f1asdelaluna.es\/wp-content\/uploads\/2015\/10\/Grevolosa-263.jpg\" data-dt-img-description=\"\"><img loading=\"lazy\" decoding=\"async\" aria-describedby=\"caption-attachment-24116\" class=\"wp-image-24116 \" src=\"https:\/\/www.monta\u00f1asdelaluna.es\/wp-content\/uploads\/2015\/10\/Grevolosa-263.jpg\" alt=\"Hayedo de La Grevolosa\" width=\"822\" height=\"1096\" srcset=\"https:\/\/www.monta\u00f1asdelaluna.es\/wp-content\/uploads\/2015\/10\/Grevolosa-263.jpg 1162w, https:\/\/www.monta\u00f1asdelaluna.es\/wp-content\/uploads\/2015\/10\/Grevolosa-263-225x300.jpg 225w, https:\/\/www.monta\u00f1asdelaluna.es\/wp-content\/uploads\/2015\/10\/Grevolosa-263-768x1024.jpg 768w\" sizes=\"auto, (max-width: 822px) 100vw, 822px\" \/><\/a><p id=\"caption-attachment-24116\" class=\"wp-caption-text\">Hayedo de La Grevolosa<\/p><\/div>\n<div id=\"attachment_24117\" style=\"width: 1559px\" class=\"wp-caption aligncenter\"><a class=\"dt-single-image\" href=\"https:\/\/www.monta\u00f1asdelaluna.es\/wp-content\/uploads\/2015\/10\/Grevolosa-264.jpg\" data-dt-img-description=\"\"><img loading=\"lazy\" decoding=\"async\" aria-describedby=\"caption-attachment-24117\" class=\"wp-image-24117 size-full\" src=\"https:\/\/www.monta\u00f1asdelaluna.es\/wp-content\/uploads\/2015\/10\/Grevolosa-264.jpg\" alt=\"Hayedo de La Grevolosa\" width=\"1549\" height=\"1162\" srcset=\"https:\/\/www.monta\u00f1asdelaluna.es\/wp-content\/uploads\/2015\/10\/Grevolosa-264.jpg 1549w, https:\/\/www.monta\u00f1asdelaluna.es\/wp-content\/uploads\/2015\/10\/Grevolosa-264-300x225.jpg 300w, https:\/\/www.monta\u00f1asdelaluna.es\/wp-content\/uploads\/2015\/10\/Grevolosa-264-1024x768.jpg 1024w\" sizes=\"auto, (max-width: 1549px) 100vw, 1549px\" \/><\/a><p id=\"caption-attachment-24117\" class=\"wp-caption-text\">Hayedo de La Grevolosa<\/p><\/div>\n<p>Voy de los \u00faltimos, cerrando el grupo para que nadie se pierda. Y llego a un cruce y a una puerta de una valla que cierra el camino por el que bajamos, y \u00e9ste deriva en otro camino cementado y en unos aparcamientos. Aqu\u00ed me espera el resto del grupo. Estamos en el parking que se\u00f1alaba el cartel indicador al salir de Sant Nazari. Seguimos el camino cementado ahora, hac\u00eda el sur, con la misma direcci\u00f3n que llev\u00e1bamos, y enseguida salimos del entorno de La Grevolosa y Sierra dels Llancers para desembocar en el camino que viene de Can Piguillem, justo junto al cartel que anunciaba la entrada a La Grevolosa y que pasamos de largo esta ma\u00f1ana para llegar a El G\u00fcel.<\/p>\n<p>A partir de aqu\u00ed giramos a la derecha y oeste para desandar el camino de esta ma\u00f1ana para dirigirnos a Can Piguillem, donde est\u00e1 nuestro coche. Como al principio el camino hace curvas y gira, pasa junto al Forn\u00e9s o se aleja\u2026 Volvemos la vista atr\u00e1s y de nuevo aparece aquel circo de verdor y frondosidad al comienzo de aquella alargada y exuberante sierra: La Grevolosa \u00a1Espectacular! Justo antes de llegar a Can Piguillem acierto a descubrir una monta\u00f1a con antenas y una casa en su cima que asoma por detr\u00e1s del caser\u00f3n y restaurante al que nos dirigimos, es la cima de Bellmunt. Me recuerda cada vez que la adivino en lontananza el recorrido que hicimos hasta su cima.<\/p>\n<div id=\"attachment_24131\" style=\"width: 1559px\" class=\"wp-caption aligncenter\"><a class=\"dt-single-image\" href=\"https:\/\/www.monta\u00f1asdelaluna.es\/wp-content\/uploads\/2015\/10\/Grevolosa-290.jpg\" data-dt-img-description=\"\"><img loading=\"lazy\" decoding=\"async\" aria-describedby=\"caption-attachment-24131\" class=\"wp-image-24131 size-full\" src=\"https:\/\/www.monta\u00f1asdelaluna.es\/wp-content\/uploads\/2015\/10\/Grevolosa-290.jpg\" alt=\"Can Piguillem y al fondo Bellmunt\" width=\"1549\" height=\"1162\" srcset=\"https:\/\/www.monta\u00f1asdelaluna.es\/wp-content\/uploads\/2015\/10\/Grevolosa-290.jpg 1549w, https:\/\/www.monta\u00f1asdelaluna.es\/wp-content\/uploads\/2015\/10\/Grevolosa-290-300x225.jpg 300w, https:\/\/www.monta\u00f1asdelaluna.es\/wp-content\/uploads\/2015\/10\/Grevolosa-290-1024x768.jpg 1024w\" sizes=\"auto, (max-width: 1549px) 100vw, 1549px\" \/><\/a><p id=\"caption-attachment-24131\" class=\"wp-caption-text\">Can Piguillem y al fondo Bellmunt<\/p><\/div>\n<p>Una vez que llegamos al parking de Can Piguillem, donde tenemos el coche, decidimos acercarnos a un curioso bar de un \u201cviejo rockero\u201d en el grupo de casas pr\u00f3ximo al que llaman Palou, en el Ve\u00efnat de Dalt. Muy cerca de Can Piguillem, siguiendo la carreterilla asfaltada hac\u00eda la izquierda, y justo al cruzar la carretera que baja de la Collada de Bracons, seguimos por el camino de enfrente hasta que en pocos metros termina en dicha casa. Hay una encantadora terracita y el interior del barecillo est\u00e1 lleno de m\u00fasica rock y fotos con viejos rockeros. Curioso. Nos juntamos todos en la terracilla y es cuando comienza a llover y a caer la temperatura; justo lo celebramos con el meteoro que d\u00e1 vida a este fabuloso e incre\u00edble bosque. El lugar es asombroso y espectacular, y no solo el circo selv\u00e1tico de La Grevolosa, si no todos los alrededores boscosos y magn\u00edficos a lo largo de la Sierra dels Llancers y la Collada de Bracons\u2026 pero a\u00fan nos queda mucho por conocer y recorrer dentro de esta preciosa sierra y estas selvas de hayedos y robles. Hay que volver.<\/p>\n<div id=\"attachment_24140\" style=\"width: 749px\" class=\"wp-caption aligncenter\"><a class=\"dt-single-image\" href=\"https:\/\/www.monta\u00f1asdelaluna.es\/wp-content\/uploads\/2014\/05\/la-Grevolosa.croquis.blog_.jpg\" data-dt-img-description=\"\"><img loading=\"lazy\" decoding=\"async\" aria-describedby=\"caption-attachment-24140\" class=\"wp-image-24140 size-full\" src=\"https:\/\/www.monta\u00f1asdelaluna.es\/wp-content\/uploads\/2014\/05\/la-Grevolosa.croquis.blog_.jpg\" alt=\"Croquis del recorrido por La Grevolosa y el Mol\u00ed de Bracons\" width=\"739\" height=\"895\" srcset=\"https:\/\/www.monta\u00f1asdelaluna.es\/wp-content\/uploads\/2014\/05\/la-Grevolosa.croquis.blog_.jpg 739w, https:\/\/www.monta\u00f1asdelaluna.es\/wp-content\/uploads\/2014\/05\/la-Grevolosa.croquis.blog_-248x300.jpg 248w\" sizes=\"auto, (max-width: 739px) 100vw, 739px\" \/><\/a><p id=\"caption-attachment-24140\" class=\"wp-caption-text\">Croquis del recorrido por La Grevolosa y el Mol\u00ed de Bracons<\/p><\/div>\n<p>[vc_separator][\/vc_column_text][\/vc_column][\/vc_row][vc_row][vc_column][vc_empty_space height=\u00bb60px\u00bb][\/vc_column][\/vc_row][vc_row][vc_column][vc_cta h2=\u00bb\u00c1lbum de fotos\u00bb txt_align=\u00bbcenter\u00bb add_button=\u00bbbottom\u00bb btn_title=\u00bbVer fotos\u00bb btn_color=\u00bbwarning\u00bb btn_align=\u00bbcenter\u00bb btn_link=\u00bburl:https%3A%2F%2Fmonta%C3%B1asdelaluna.es%2F%3Fdt_gallery%3Dla-grevolosa-y-moli-de-bracons-1o-parte-can-piguillem-la-pastera-2|title:La%20Grevolosa%20y%20Mol%C3%AD%20de%20Bracons.%201%C2%BA%20Parte%3A%20Can%20Piguillem-La%20Pastera|target:_blank\u00bb css=\u00bb.vc_custom_1625849486616{background-color: #8bc4ed !important;}\u00bb]Puedes ver una 1\u00ba parte de las fotos del relato y actividad en forma de presentaci\u00f3n o individuales pinchando aqui \u00a1No te las pierdas![\/vc_cta][\/vc_column][\/vc_row][vc_row][vc_column][vc_empty_space][\/vc_column][\/vc_row][vc_row][vc_column][vc_cta h2=\u00bb\u00c1lbum de fotos\u00bb txt_align=\u00bbcenter\u00bb add_button=\u00bbbottom\u00bb btn_title=\u00bbVer fotos\u00bb btn_color=\u00bbwarning\u00bb btn_align=\u00bbcenter\u00bb btn_link=\u00bburl:https%3A%2F%2Fmonta%C3%B1asdelaluna.es%2F%3Fdt_gallery%3Dprueba-10|title:La%20Grevolosa%20y%20Mol%C3%AD%20de%20Bracons.%202%C2%BA%20Parte%3A%20La%20Pastera-Can%20Piguillem|target:_blank\u00bb css=\u00bb.vc_custom_1625849500738{background-color: #8bc4ed !important;}\u00bb]Puedes ver una 2\u00ba parte de las fotos del relato y actividad en forma de presentaci\u00f3n o individuales pinchando aqui \u00a1No te las pierdas![\/vc_cta][vc_empty_space][vc_cta h2=\u00bb\u00c1lbum de fotos\u00bb txt_align=\u00bbcenter\u00bb add_button=\u00bbbottom\u00bb btn_title=\u00bbVer fotos\u00bb btn_color=\u00bbwarning\u00bb btn_align=\u00bbcenter\u00bb btn_link=\u00bburl:https%3A%2F%2Fmonta%C3%B1asdelaluna.es%2F%3Fdt_gallery%3Dla-grevolosa-con-giovanni-y-familia-2|title:La%20Grevolosa%20con%20Giovanni%20y%20familia|target:_blank\u00bb css=\u00bb.vc_custom_1625849515350{background-color: #8bc4ed !important;}\u00bb]Puedes ver las fotos La Grevolosa con Giovanni y familia, realizadas el d\u00eda 17-noviembre-2.019, en forma de presentaci\u00f3n o individuales pinchando aqui \u00a1No te las pierdas![\/vc_cta][\/vc_column][\/vc_row][vc_row][vc_column][vc_empty_space height=\u00bb60px\u00bb][\/vc_column][\/vc_row][vc_row][vc_column width=\u00bb1\/3&#8243;][\/vc_column][vc_column width=\u00bb1\/2&#8243;][vc_column_text]Tiempo en La Grevolosa[\/vc_column_text][vc_raw_html]JTNDaWZyYW1lJTIwc3JjJTNEJTIyaHR0cHMlM0ElMkYlMkZ3d3cubWV0ZW9ibHVlLmNvbSUyRmVzJTJGdGllbXBvJTJGd2lkZ2V0JTJGZGFpbHklMkY0Mi4xMDNOMi4zNzZFJTNGZGF5cyUzRDclMjZ0ZW1wdW5pdCUzRENFTFNJVVMlMjZ3aW5kdW5pdCUzREtJTE9NRVRFUl9QRVJfSE9VUiUyNnBpY3RvaWNvbiUzRDElMjZtYXh0ZW1wZXJhdHVyZSUzRDElMjZtaW50ZW1wZXJhdHVyZSUzRDElMjZ3aW5kc3BlZWQlM0QxJTI2d2luZGd1c3QlM0QxJTI2d2luZGRpcmVjdGlvbiUzRDElMjZwcmVjaXBpdGF0aW9uJTNEMSUyNnByZWNpcGl0YXRpb25wcm9iYWJpbGl0eSUzRDElMjZzcG90JTNEMSUyNnByZXNzdXJlJTNEMSUyNmxheW91dCUzRGxpZ2h0JTIyJTIwJTIwZnJhbWVib3JkZXIlM0QlMjIwJTIyJTIwc2Nyb2xsaW5nJTNEJTIyTk8lMjIlMjBhbGxvd3RyYW5zcGFyZW5jeSUzRCUyMnRydWUlMjIlMjBzdHlsZSUzRCUyMndpZHRoJTNBJTIwMzc4cHglM0JoZWlnaHQlM0ElMjAzOTFweCUyMiUzRSUzQyUyRmlmcmFtZSUzRSUzQ2RpdiUzRSUzQyUyMS0tJTIwRE8lMjBOT1QlMjBSRU1PVkUlMjBUSElTJTIwTElOSyUyMC0tJTNFJTNDYSUyMGhyZWYlM0QlMjJodHRwcyUzQSUyRiUyRnd3dy5tZXRlb2JsdWUuY29tJTJGZXMlMkZ0aWVtcG8lMkZwcm9ub3N0aWNvJTJGc2VtYW5hJTJGNDIuMTAzTjIuMzc2RSUyMiUyMHRhcmdldCUzRCUyMl9ibGFuayUyMiUzRW1ldGVvYmx1ZSUzQyUyRmElM0UlM0MlMkZkaXYlM0U=[\/vc_raw_html][\/vc_column][vc_column width=\u00bb1\/5&#8243;][\/vc_column][\/vc_row][vc_row][vc_column][\/vc_column][\/vc_row]<\/p>\n","protected":false},"excerpt":{"rendered":"<p>[vc_row][vc_column][vc_column_text]Estaba esperando que llegara abril o mayo para poder hacer una visita a unos de los hayedos m\u00e1s famosos de Catalu\u00f1a: La Grevolosa. Y desde hace tiempo que oigo y leo sobre sus recorridos y lugares, y quiero organizar una excursi\u00f3n por la zona. Francesc Fabregat me dec\u00eda que si iba a La Grevolosa no&hellip;<\/p>\n","protected":false},"author":1,"featured_media":24019,"comment_status":"open","ping_status":"open","sticky":false,"template":"","format":"standard","meta":[],"categories":[74],"tags":[],"class_list":["post-24138","post","type-post","status-publish","format-standard","has-post-thumbnail","hentry","category-resto-de-barcelona","category-74","description-off"],"_links":{"self":[{"href":"https:\/\/www.monta\u00f1asdelaluna.es\/index.php?rest_route=\/wp\/v2\/posts\/24138","targetHints":{"allow":["GET"]}}],"collection":[{"href":"https:\/\/www.monta\u00f1asdelaluna.es\/index.php?rest_route=\/wp\/v2\/posts"}],"about":[{"href":"https:\/\/www.monta\u00f1asdelaluna.es\/index.php?rest_route=\/wp\/v2\/types\/post"}],"author":[{"embeddable":true,"href":"https:\/\/www.monta\u00f1asdelaluna.es\/index.php?rest_route=\/wp\/v2\/users\/1"}],"replies":[{"embeddable":true,"href":"https:\/\/www.monta\u00f1asdelaluna.es\/index.php?rest_route=%2Fwp%2Fv2%2Fcomments&post=24138"}],"version-history":[{"count":19,"href":"https:\/\/www.monta\u00f1asdelaluna.es\/index.php?rest_route=\/wp\/v2\/posts\/24138\/revisions"}],"predecessor-version":[{"id":50216,"href":"https:\/\/www.monta\u00f1asdelaluna.es\/index.php?rest_route=\/wp\/v2\/posts\/24138\/revisions\/50216"}],"wp:featuredmedia":[{"embeddable":true,"href":"https:\/\/www.monta\u00f1asdelaluna.es\/index.php?rest_route=\/wp\/v2\/media\/24019"}],"wp:attachment":[{"href":"https:\/\/www.monta\u00f1asdelaluna.es\/index.php?rest_route=%2Fwp%2Fv2%2Fmedia&parent=24138"}],"wp:term":[{"taxonomy":"category","embeddable":true,"href":"https:\/\/www.monta\u00f1asdelaluna.es\/index.php?rest_route=%2Fwp%2Fv2%2Fcategories&post=24138"},{"taxonomy":"post_tag","embeddable":true,"href":"https:\/\/www.monta\u00f1asdelaluna.es\/index.php?rest_route=%2Fwp%2Fv2%2Ftags&post=24138"}],"curies":[{"name":"wp","href":"https:\/\/api.w.org\/{rel}","templated":true}]}}