{"id":25139,"date":"2012-03-31T18:39:09","date_gmt":"2012-03-31T18:39:09","guid":{"rendered":"http:\/\/monta\u00f1asdelaluna.com\/?p=25139"},"modified":"2021-07-16T08:53:03","modified_gmt":"2021-07-16T08:53:03","slug":"pic-de-freser-2-835-mts","status":"publish","type":"post","link":"https:\/\/www.monta\u00f1asdelaluna.es\/?p=25139","title":{"rendered":"Pic de Freser (2.835 mts.)"},"content":{"rendered":"<p>[vc_row][vc_column][vc_column_text]La verdadera intenci\u00f3n de esta salida era hacer el Pic de l\u2019Infern (2.851 mts.) por el corredor de su cara norte, y al final terminamos realizando la subida al inhiesto Pic de Freser.<\/p>\n<p>Pocos \u00e9ramos, esta vez, los que particip\u00e1bamos, ya que una salida de alta monta\u00f1a y con la dificultad adquirida, no era santo de devoci\u00f3n de muchos cuspidianos. Paco, Toni, Radka, Alex y yo saldr\u00edamos pasadas las 10 de la ma\u00f1ana en direcci\u00f3n al Refugio de Ulldeter, las pistas de Vallter 2.000 y el Coll de a Marrana. Una ruta muy habitual y transitada por los monta\u00f1eros que visitan estos lugares pirenaicos. Le raz\u00f3n de salir tan tarde fue que Alex tuvo un peque\u00f1o problema dom\u00e9stico y retras\u00f3 la salida de Barcelona; pero de todas formas, una vez en el sitio, nos dimos cuenta que para realizar esta actividad ya hab\u00eda que levantarse muy, muy temprano; ya iba haciendo calor y la nieve estaba muy sopa a partir del mediod\u00eda.<\/p>\n<div id=\"attachment_25065\" style=\"width: 1034px\" class=\"wp-caption aligncenter\"><a class=\"dt-single-image\" href=\"https:\/\/www.monta\u00f1asdelaluna.es\/wp-content\/uploads\/2015\/11\/Pic-de-Freser.-31-03-12-001.jpg\" data-dt-img-description=\"\"><img loading=\"lazy\" decoding=\"async\" aria-describedby=\"caption-attachment-25065\" class=\"wp-image-25065 size-large\" src=\"https:\/\/www.monta\u00f1asdelaluna.es\/wp-content\/uploads\/2015\/11\/Pic-de-Freser.-31-03-12-001-1024x768.jpg\" alt=\"En la carretera a Vallter 2000, delante el Gra de Fajol Petit\" width=\"1024\" height=\"768\" srcset=\"https:\/\/www.monta\u00f1asdelaluna.es\/wp-content\/uploads\/2015\/11\/Pic-de-Freser.-31-03-12-001-1024x768.jpg 1024w, https:\/\/www.monta\u00f1asdelaluna.es\/wp-content\/uploads\/2015\/11\/Pic-de-Freser.-31-03-12-001-300x225.jpg 300w, https:\/\/www.monta\u00f1asdelaluna.es\/wp-content\/uploads\/2015\/11\/Pic-de-Freser.-31-03-12-001.jpg 1632w\" sizes=\"auto, (max-width: 1024px) 100vw, 1024px\" \/><\/a><p id=\"caption-attachment-25065\" class=\"wp-caption-text\">En la carretera a Vallter 2000, delante el Gra de Fajol Petit<\/p><\/div>\n<div id=\"attachment_25067\" style=\"width: 1034px\" class=\"wp-caption aligncenter\"><a class=\"dt-single-image\" href=\"https:\/\/www.monta\u00f1asdelaluna.es\/wp-content\/uploads\/2015\/11\/Pic-de-Freser.-31-03-12-004.jpg\" data-dt-img-description=\"\"><img loading=\"lazy\" decoding=\"async\" aria-describedby=\"caption-attachment-25067\" class=\"wp-image-25067 size-large\" src=\"https:\/\/www.monta\u00f1asdelaluna.es\/wp-content\/uploads\/2015\/11\/Pic-de-Freser.-31-03-12-004-1024x768.jpg\" alt=\"Delante el Gra de Fajol Petit\" width=\"1024\" height=\"768\" srcset=\"https:\/\/www.monta\u00f1asdelaluna.es\/wp-content\/uploads\/2015\/11\/Pic-de-Freser.-31-03-12-004-1024x768.jpg 1024w, https:\/\/www.monta\u00f1asdelaluna.es\/wp-content\/uploads\/2015\/11\/Pic-de-Freser.-31-03-12-004-300x225.jpg 300w, https:\/\/www.monta\u00f1asdelaluna.es\/wp-content\/uploads\/2015\/11\/Pic-de-Freser.-31-03-12-004.jpg 1632w\" sizes=\"auto, (max-width: 1024px) 100vw, 1024px\" \/><\/a><p id=\"caption-attachment-25067\" class=\"wp-caption-text\">Delante el Gra de Fajol Petit<\/p><\/div>\n<p>Cogiendo la senda que r\u00e1pidamente te lleva al Refugio de Ulldeter nos deleit\u00e1bamos con la impresionante vista del Gra de Fajol Petit: escarpado, puntiagudo y muy nevado, nos ofrec\u00eda un espect\u00e1culo contando sus numerosos corredores y hendiduras en la fisionom\u00eda de su perfil. Bello. Toni impone un paso ligero, r\u00e1pido pero necesario y formidable, y enseguida, por la pista de esqu\u00ed de Vallter 2000, doblando despu\u00e9s hac\u00eda la izquierda en direcci\u00f3n al amplio valle entre el Gra de Fajol y el Bastiments, llegamos al Coll de La Marrana. Antes tambi\u00e9n nos hemos deleitado con las vistas de diferentes \u00e1ngulos (a medida que sub\u00edamos) del Gra de Fajol: puntiagudo y alpino pico que se convierte en suave ladera empinada desde el Coll de La Marrana.<\/p>\n<p>Nos sorprendemos: hay mucha nieve, creemos que en todo el invierno no ha habido tanta nieve como ahora, el \u00faltimo d\u00eda de marzo; pero el d\u00eda es genial de sol (demasiado) y el paisaje nevado es espectacular, hermoso. Muchos han aprovechado para salir y recorrerse estas monta\u00f1as a pi\u00e9 o en esqu\u00eds, sobretodo en esqu\u00eds. En el Coll de La Marrana nos encontramos con otro cuspidiano que, como dec\u00edamos, ha aprovechado el d\u00eda para hacer una peque\u00f1a escapada en esqu\u00ed por estos altos valles suaves y alpinos. Su visi\u00f3n nos asombra y contrasta al verlo casi en ba\u00f1ador y con manga corta, los esqu\u00eds y la nieve; parec\u00eda m\u00e1s vestido para ir a la playa que a la nieve. Pero el sol es implacable, hace calor y agobia con su doble reflejo con la nieve. A\u00fan as\u00ed el d\u00eda es perfecto, y la nieve hasta ahora excelente.<\/p>\n<div id=\"attachment_25072\" style=\"width: 1034px\" class=\"wp-caption aligncenter\"><a class=\"dt-single-image\" href=\"https:\/\/www.monta\u00f1asdelaluna.es\/wp-content\/uploads\/2015\/11\/Pic-de-Freser.-31-03-12-011.jpg\" data-dt-img-description=\"\"><img loading=\"lazy\" decoding=\"async\" aria-describedby=\"caption-attachment-25072\" class=\"wp-image-25072 size-large\" src=\"https:\/\/www.monta\u00f1asdelaluna.es\/wp-content\/uploads\/2015\/11\/Pic-de-Freser.-31-03-12-011-1024x768.jpg\" alt=\"Desde el Refugio de Ulldeter, el Gra de Fajol\" width=\"1024\" height=\"768\" srcset=\"https:\/\/www.monta\u00f1asdelaluna.es\/wp-content\/uploads\/2015\/11\/Pic-de-Freser.-31-03-12-011-1024x768.jpg 1024w, https:\/\/www.monta\u00f1asdelaluna.es\/wp-content\/uploads\/2015\/11\/Pic-de-Freser.-31-03-12-011-300x225.jpg 300w, https:\/\/www.monta\u00f1asdelaluna.es\/wp-content\/uploads\/2015\/11\/Pic-de-Freser.-31-03-12-011.jpg 1632w\" sizes=\"auto, (max-width: 1024px) 100vw, 1024px\" \/><\/a><p id=\"caption-attachment-25072\" class=\"wp-caption-text\">Desde el Refugio de Ulldeter, el Gra de Fajol<\/p><\/div>\n<div id=\"attachment_25082\" style=\"width: 1034px\" class=\"wp-caption aligncenter\"><a class=\"dt-single-image\" href=\"https:\/\/www.monta\u00f1asdelaluna.es\/wp-content\/uploads\/2015\/11\/Pic-de-Freser.-31-03-12-034.b.jpg\" data-dt-img-description=\"\"><img loading=\"lazy\" decoding=\"async\" aria-describedby=\"caption-attachment-25082\" class=\"wp-image-25082 size-large\" src=\"https:\/\/www.monta\u00f1asdelaluna.es\/wp-content\/uploads\/2015\/11\/Pic-de-Freser.-31-03-12-034.b-1024x768.jpg\" alt=\"Marcha hacia el Pic de Freser\" width=\"1024\" height=\"768\" srcset=\"https:\/\/www.monta\u00f1asdelaluna.es\/wp-content\/uploads\/2015\/11\/Pic-de-Freser.-31-03-12-034.b-1024x768.jpg 1024w, https:\/\/www.monta\u00f1asdelaluna.es\/wp-content\/uploads\/2015\/11\/Pic-de-Freser.-31-03-12-034.b-300x225.jpg 300w, https:\/\/www.monta\u00f1asdelaluna.es\/wp-content\/uploads\/2015\/11\/Pic-de-Freser.-31-03-12-034.b.jpg 1632w\" sizes=\"auto, (max-width: 1024px) 100vw, 1024px\" \/><\/a><p id=\"caption-attachment-25082\" class=\"wp-caption-text\">Marcha hacia el Pic de Freser<\/p><\/div>\n<p>Pero es tarde para hacer la norte del Pic de l\u2019Infern. Al final decidimos acercarnos por otro collado y olvidar el corredor norte: pasar\u00edamos por debajo de los perfiles del Pic de Freser e Infern hac\u00eda el Portell, como si sigui\u00e9ramos el G.R.-11 hac\u00eda el Coll de La Vaca y Vall de Nuria, y en las proximidades de la Caba\u00f1a de Tirapits, subir a dicho colladito y de aqu\u00ed, hac\u00eda el este, por toda la magn\u00edfica cresta, al Infern. Parec\u00eda buena idea la ruta de Toni; as\u00ed que decidimos salir del Coll de La Marrana en direcci\u00f3n a les Fonts del Freser bajo el pico del mismo nombre: eran las laderas sur de nuestros objetivos. Equivocados, desde el Coll de La Marrana mir\u00e1bamos en direcci\u00f3n al Pic de l\u2019Infern, creyendo que lo que ten\u00edamos delante era dicho pico. Parec\u00eda altivo y abrupto como \u00e9l. Pero la sorpresa ser\u00eda notable m\u00e1s adelante.<\/p>\n<p>La nieve, bajando al vallecillo del Freser, ya comienza a estar m\u00e1s blanda; y delante nuestro un magn\u00edfico manto blanco, suave y espl\u00e9ndido, se interpon\u00eda a nuestro paso. Elegimos unas huellas que parece van m\u00e1s altas que el G.R. y se acercan m\u00e1s a las rocas y laderas de nuestros objetivos. Y es cuando en el transcurso de nuestro caminar, junto al observar este paisaje totalmente nevado, nos damos cuenta de la cantidad de nieve que hay. Solo Paco lleva raquetas, nosotros nos hundimos hasta m\u00e1s arriba de la rodilla en muchas ocasiones, y otras, cuando nos colamos en agujeros, hasta la cintura. Sufrimos al hundirnos, la nieve ahora est\u00e1 muy, muy blanda. Entre Toni y yo hacemos la huella (m\u00e1s Toni que yo) y el esfuerzo y cansancio de acent\u00faan por momentos. \u00a1Se me hab\u00eda olvidado lo que era abrir huella con nieve blanda!<\/p>\n<div id=\"attachment_25084\" style=\"width: 1034px\" class=\"wp-caption aligncenter\"><a class=\"dt-single-image\" href=\"https:\/\/www.monta\u00f1asdelaluna.es\/wp-content\/uploads\/2015\/11\/Pic-de-Freser.-31-03-12-040.jpg\" data-dt-img-description=\"\"><img loading=\"lazy\" decoding=\"async\" aria-describedby=\"caption-attachment-25084\" class=\"wp-image-25084 size-large\" src=\"https:\/\/www.monta\u00f1asdelaluna.es\/wp-content\/uploads\/2015\/11\/Pic-de-Freser.-31-03-12-040-1024x768.jpg\" alt=\"Radka, Alex, Paco y Toni camino del Pic de Freser\" width=\"1024\" height=\"768\" srcset=\"https:\/\/www.monta\u00f1asdelaluna.es\/wp-content\/uploads\/2015\/11\/Pic-de-Freser.-31-03-12-040-1024x768.jpg 1024w, https:\/\/www.monta\u00f1asdelaluna.es\/wp-content\/uploads\/2015\/11\/Pic-de-Freser.-31-03-12-040-300x225.jpg 300w, https:\/\/www.monta\u00f1asdelaluna.es\/wp-content\/uploads\/2015\/11\/Pic-de-Freser.-31-03-12-040.jpg 1632w\" sizes=\"auto, (max-width: 1024px) 100vw, 1024px\" \/><\/a><p id=\"caption-attachment-25084\" class=\"wp-caption-text\">Radka, Alex, Paco y Toni camino del Pic de Freser<\/p><\/div>\n<div id=\"attachment_25095\" style=\"width: 1034px\" class=\"wp-caption aligncenter\"><a class=\"dt-single-image\" href=\"https:\/\/www.monta\u00f1asdelaluna.es\/wp-content\/uploads\/2015\/11\/Pic-de-Freser.-31-03-12-062.jpg\" data-dt-img-description=\"\"><img loading=\"lazy\" decoding=\"async\" aria-describedby=\"caption-attachment-25095\" class=\"wp-image-25095 size-large\" src=\"https:\/\/www.monta\u00f1asdelaluna.es\/wp-content\/uploads\/2015\/11\/Pic-de-Freser.-31-03-12-062-1024x768.jpg\" alt=\"Subiendo por la Coma de l'Infern.\" width=\"1024\" height=\"768\" srcset=\"https:\/\/www.monta\u00f1asdelaluna.es\/wp-content\/uploads\/2015\/11\/Pic-de-Freser.-31-03-12-062-1024x768.jpg 1024w, https:\/\/www.monta\u00f1asdelaluna.es\/wp-content\/uploads\/2015\/11\/Pic-de-Freser.-31-03-12-062-300x225.jpg 300w, https:\/\/www.monta\u00f1asdelaluna.es\/wp-content\/uploads\/2015\/11\/Pic-de-Freser.-31-03-12-062.jpg 1632w\" sizes=\"auto, (max-width: 1024px) 100vw, 1024px\" \/><\/a><p id=\"caption-attachment-25095\" class=\"wp-caption-text\">Subiendo por la Coma de l&#8217;Infern.<\/p><\/div>\n<p>Vistas hac\u00eda el sur. El vallecillo del Freser y el imponente Balandrau con su impetuosa vertiente norte. Ahora doy cuenta de la fama y renombre de esta magn\u00edfica monta\u00f1a, a pesar de su modesta altitud: el Balandrau. Detr\u00e1s nuestro va quedando el Coll de La Marrana, la puntita sobre una suave loma aguda, que es el Gra de Fajol desde aqu\u00ed, y les Cims de La Coma de l\u2019Orri, Puig de Pastuira. Todo blanco, blanco. El sol comienza a calentar de lo lindo, hace calor y sudamos en esta lucha por hacernos hueco en la nieve. Hasta Paco se hunde con las raquetas. Pero al tiempo paramos en una calva de nieve, por donde vemos bajar a monta\u00f1eros. Son las dos del mediod\u00eda. Aqu\u00ed ser\u00e1 donde comeremos; justo en lo que llaman la Coma de l\u2019Infern.<\/p>\n<p>Hemos tardado mucho en llegar. El mal estado de la nieve nos ha hecho retrasarnos mucho y esforzarnos demasiado. Decidimos descartar tambi\u00e9n el llegar al Portell y, despu\u00e9s de comer tomar un poco de vino de la bota de Paco, comenzamos a subir por la susodicha coma en busca del collado entre el Pic de Freser y el Pic dels Gorgs. La subida es a veces empinada pero llevadera. Impresionantes fotos se hacen entre tanta majestuosidad.<\/p>\n<div id=\"attachment_25096\" style=\"width: 1034px\" class=\"wp-caption aligncenter\"><a class=\"dt-single-image\" href=\"https:\/\/www.monta\u00f1asdelaluna.es\/wp-content\/uploads\/2015\/11\/Pic-de-Freser.-31-03-12-063.jpg\" data-dt-img-description=\"\"><img loading=\"lazy\" decoding=\"async\" aria-describedby=\"caption-attachment-25096\" class=\"wp-image-25096 size-large\" src=\"https:\/\/www.monta\u00f1asdelaluna.es\/wp-content\/uploads\/2015\/11\/Pic-de-Freser.-31-03-12-063-1024x768.jpg\" alt=\"Radka, Alex y Toni bajo las inmediaciones del Pic de l'Infern\" width=\"1024\" height=\"768\" srcset=\"https:\/\/www.monta\u00f1asdelaluna.es\/wp-content\/uploads\/2015\/11\/Pic-de-Freser.-31-03-12-063-1024x768.jpg 1024w, https:\/\/www.monta\u00f1asdelaluna.es\/wp-content\/uploads\/2015\/11\/Pic-de-Freser.-31-03-12-063-300x225.jpg 300w, https:\/\/www.monta\u00f1asdelaluna.es\/wp-content\/uploads\/2015\/11\/Pic-de-Freser.-31-03-12-063.jpg 1632w\" sizes=\"auto, (max-width: 1024px) 100vw, 1024px\" \/><\/a><p id=\"caption-attachment-25096\" class=\"wp-caption-text\">Radka, Alex y Toni bajo las inmediaciones del Pic de l&#8217;Infern<\/p><\/div>\n<div id=\"attachment_25099\" style=\"width: 1034px\" class=\"wp-caption aligncenter\"><a class=\"dt-single-image\" href=\"https:\/\/www.monta\u00f1asdelaluna.es\/wp-content\/uploads\/2015\/11\/Pic-de-Freser.-31-03-12-071.jpg\" data-dt-img-description=\"\"><img loading=\"lazy\" decoding=\"async\" aria-describedby=\"caption-attachment-25099\" class=\"wp-image-25099 size-large\" src=\"https:\/\/www.monta\u00f1asdelaluna.es\/wp-content\/uploads\/2015\/11\/Pic-de-Freser.-31-03-12-071-1024x768.jpg\" alt=\"Collado entre el Pic de Freser (delante) y el Pic de l'Infern\" width=\"1024\" height=\"768\" srcset=\"https:\/\/www.monta\u00f1asdelaluna.es\/wp-content\/uploads\/2015\/11\/Pic-de-Freser.-31-03-12-071-1024x768.jpg 1024w, https:\/\/www.monta\u00f1asdelaluna.es\/wp-content\/uploads\/2015\/11\/Pic-de-Freser.-31-03-12-071-300x225.jpg 300w, https:\/\/www.monta\u00f1asdelaluna.es\/wp-content\/uploads\/2015\/11\/Pic-de-Freser.-31-03-12-071.jpg 1632w\" sizes=\"auto, (max-width: 1024px) 100vw, 1024px\" \/><\/a><p id=\"caption-attachment-25099\" class=\"wp-caption-text\">Collado entre el Pic de Freser (delante) y el Pic de l&#8217;Infern<\/p><\/div>\n<p>En no mucho tiempo llegamos al collado: el camino al Infierno es interesante, la senda en la nieve se acerca a paredones cimeros del Pic dels Gorgs, por un vertiginoso embudo. No est\u00e1 muy lejos ya. Al otro lado, la cresta f\u00e1cil al Pic de Freser; y enfrente el nevado y suave valle franc\u00e9s de las caras norte del Pic de l\u2019Infern, Bastiments, Pic de Freser&#8230; y detr\u00e1s la tierra hosca, oscura y casi tenebrosa francesa. Descansamos un poco. Pesamos en decidir si seguir hasta el cercano Pic de l\u2019Infern o volver en direcci\u00f3n al coche subiendo al Freser. Vemos el reloj; en el cielo comienza a aparecer algunas nubecillas \u201cpara hacer bonito\u201d, sobre todo hac\u00eda la parte oriental, y decidimos dejar, pese a nuestra desilusi\u00f3n, el Pic de l\u2019Infern para otra aventura y subir al cercano Pic de Freser.<\/p>\n<p>En muy poco tiempo y sin p\u00e9rdida giramos hac\u00eda el este por, al principio debajo de la cresta en la cara sur, y despu\u00e9s por la misma cima de la cresta, donde las cornisas y la temperatura del d\u00eda te hac\u00eda suponer una fragilidad de las mismas importante. \u201cHay que ponerse crampones\u201d. Parece que debemos pasar una placa de hielo, pero que al final es el color o mancha de la propia nieve, no es hielo. Sin problemas llegamos a la cima del Pic de Freser (2.835 mts.). Pens\u00e1bamos en la modestia del pico abrumado por la fama del Pic de l\u2019Infern, pero nos dimos cuenta que era una monta\u00f1a que bien merec\u00eda una visita o una jornada solo para ella tambi\u00e9n, a pesar de la cercan\u00eda del Infern. Una cumbre casi puntiaguda y una cara norte alucinante. Lo que parec\u00eda un Pirineo de suaves lomas y f\u00e1ciles pendientes, nos descubre ahora esos desconocidos o menos visibles rincones abruptos, escarpados y hermosos, de la alta monta\u00f1a pirenaica gironina. Fotos, celebraciones y enhorabuenas. Al final el Freser se convierte en un pico que nos ha sorprendido y no nos ha decepcionado. Hermano peque\u00f1o (no demasiado, pens\u00e1bamos que med\u00eda menos altura) del Infern, le hace sombra y quita visi\u00f3n y protagonismo desde el mismo Coll de La Marrana. Las vistas al Pirineo son excelentes: desde el mismo Canig\u00f3 hasta las monta\u00f1as andorranas al otro lado de La Cerdanya francesa.<\/p>\n<div id=\"attachment_25100\" style=\"width: 1034px\" class=\"wp-caption aligncenter\"><a class=\"dt-single-image\" href=\"https:\/\/www.monta\u00f1asdelaluna.es\/wp-content\/uploads\/2015\/11\/Pic-de-Freser.-31-03-12-074.jpg\" data-dt-img-description=\"\"><img loading=\"lazy\" decoding=\"async\" aria-describedby=\"caption-attachment-25100\" class=\"wp-image-25100 size-large\" src=\"https:\/\/www.monta\u00f1asdelaluna.es\/wp-content\/uploads\/2015\/11\/Pic-de-Freser.-31-03-12-074-1024x768.jpg\" alt=\"Subiendo al Pic de Freser\" width=\"1024\" height=\"768\" srcset=\"https:\/\/www.monta\u00f1asdelaluna.es\/wp-content\/uploads\/2015\/11\/Pic-de-Freser.-31-03-12-074-1024x768.jpg 1024w, https:\/\/www.monta\u00f1asdelaluna.es\/wp-content\/uploads\/2015\/11\/Pic-de-Freser.-31-03-12-074-300x225.jpg 300w, https:\/\/www.monta\u00f1asdelaluna.es\/wp-content\/uploads\/2015\/11\/Pic-de-Freser.-31-03-12-074.jpg 1632w\" sizes=\"auto, (max-width: 1024px) 100vw, 1024px\" \/><\/a><p id=\"caption-attachment-25100\" class=\"wp-caption-text\">Subiendo al Pic de Freser<\/p><\/div>\n<div id=\"attachment_25102\" style=\"width: 1034px\" class=\"wp-caption aligncenter\"><a class=\"dt-single-image\" href=\"https:\/\/www.monta\u00f1asdelaluna.es\/wp-content\/uploads\/2015\/11\/Pic-de-Freser.-31-03-12-077.jpg\" data-dt-img-description=\"\"><img loading=\"lazy\" decoding=\"async\" aria-describedby=\"caption-attachment-25102\" class=\"wp-image-25102 size-large\" src=\"https:\/\/www.monta\u00f1asdelaluna.es\/wp-content\/uploads\/2015\/11\/Pic-de-Freser.-31-03-12-077-1024x768.jpg\" alt=\"Llegando a la cima del Pic de Freser\" width=\"1024\" height=\"768\" srcset=\"https:\/\/www.monta\u00f1asdelaluna.es\/wp-content\/uploads\/2015\/11\/Pic-de-Freser.-31-03-12-077-1024x768.jpg 1024w, https:\/\/www.monta\u00f1asdelaluna.es\/wp-content\/uploads\/2015\/11\/Pic-de-Freser.-31-03-12-077-300x225.jpg 300w, https:\/\/www.monta\u00f1asdelaluna.es\/wp-content\/uploads\/2015\/11\/Pic-de-Freser.-31-03-12-077.jpg 1632w\" sizes=\"auto, (max-width: 1024px) 100vw, 1024px\" \/><\/a><p id=\"caption-attachment-25102\" class=\"wp-caption-text\">Llegando a la cima del Pic de Freser<\/p><\/div>\n<div id=\"attachment_25104\" style=\"width: 1034px\" class=\"wp-caption aligncenter\"><a class=\"dt-single-image\" href=\"https:\/\/www.monta\u00f1asdelaluna.es\/wp-content\/uploads\/2015\/11\/Pic-de-Freser.-31-03-12-081.jpg\" data-dt-img-description=\"\"><img loading=\"lazy\" decoding=\"async\" aria-describedby=\"caption-attachment-25104\" class=\"wp-image-25104 size-large\" src=\"https:\/\/www.monta\u00f1asdelaluna.es\/wp-content\/uploads\/2015\/11\/Pic-de-Freser.-31-03-12-081-1024x768.jpg\" alt=\"Cima del Pic de Freser, 2.835 mts.\" width=\"1024\" height=\"768\" srcset=\"https:\/\/www.monta\u00f1asdelaluna.es\/wp-content\/uploads\/2015\/11\/Pic-de-Freser.-31-03-12-081-1024x768.jpg 1024w, https:\/\/www.monta\u00f1asdelaluna.es\/wp-content\/uploads\/2015\/11\/Pic-de-Freser.-31-03-12-081-300x225.jpg 300w, https:\/\/www.monta\u00f1asdelaluna.es\/wp-content\/uploads\/2015\/11\/Pic-de-Freser.-31-03-12-081.jpg 1632w\" sizes=\"auto, (max-width: 1024px) 100vw, 1024px\" \/><\/a><p id=\"caption-attachment-25104\" class=\"wp-caption-text\">Cima del Pic de Freser, 2.835 mts.<\/p><\/div>\n<p>A\u00fan hay monta\u00f1eros solitarios que se atreven a estas horas y sin compa\u00f1\u00eda, a recorrerse estas monta\u00f1as blancas, solitarias, excepcionales. Mientras, nosotros comenzamos el descenso hac\u00eda el lado contrario, hac\u00eda Les Collades de Les Comes de Malinfern, por la vertical pero f\u00e1cil pendiente sureste del Pic de Freser. Admiramos el alto valle franc\u00e9s que forma el circo del Infern, Pic de Freser, Bastiments, Pic de Bacivers&#8230; y que coronan en su centro los Estanys de Comamitjana completamente nevados. Detr\u00e1s nuestro va quedando el perfil bic\u00e9falo del Pic de l\u2019Infern y Pic dels Gorgs, con sus suaves laderas empinadas, blancas, de abundante nieve, bajo los escarpes cercanos a sus cumbres. Pero oculta la cara norte del Infern no nos deja admirar lo que en un principio fue nuestro objetivo. Bellas y hermosas im\u00e1genes pirenaicas.[vc_separator][\/vc_column_text][\/vc_column][\/vc_row][vc_row][vc_column][vc_empty_space][\/vc_column][\/vc_row][vc_row][vc_column][vc_video link=\u00bbhttps:\/\/vimeo.com\/40325513#t=0s\u00bb][vc_empty_space][\/vc_column][\/vc_row][vc_row][vc_column][vc_column_text]Llegamos al collado principal de Malinfern \u00a1\u00bfSubimos el Bastiments?! Creo que ya est\u00e1 hecho todo el esfuerzo, la nieve sigue blanda, hay que abrir huella, hay que volver al coche, al Coll de La Marrana y ya es tarde. Con lo que decidimos dejarlo para otro espl\u00e9ndido d\u00eda monta\u00f1ero y volver ya de retirada, de vuelta. Intento coger una altura equitativa desde el collado de Malinfern y el de La Marrana para no perder altura. Voy abriendo huella en nieve virgen, a veces profunda a veces superficial. Pero lo mejor es la luz que ahora, al atardecer, deja un paisaje buc\u00f3lico, blanquecino y muy claro \u00a1Hermoso! Abajo el alto Valle de Freser con sus centinelas blancos y omnipresentes: Gra de Fajol, Pastuira y Balandrau, nos presentan un espect\u00e1culo soberbio, sosegado e inquieto a la vez, con el silencio de las monta\u00f1as y el respeto de la altura. Me fijo en el perfil norte del Balandrau, y me atrae su figura agreste y bella&#8230; \u00a1Huumm! \u201c\u00c9ste no se escapar\u00e1\u201d. Ya imagino ascensiones trepidantes por su agreste cara norte.<\/p>\n<div id=\"attachment_25105\" style=\"width: 1642px\" class=\"wp-caption aligncenter\"><a class=\"dt-single-image\" href=\"https:\/\/www.monta\u00f1asdelaluna.es\/wp-content\/uploads\/2015\/11\/Pic-de-Freser.-31-03-12-086.jpg\" data-dt-img-description=\"\"><img loading=\"lazy\" decoding=\"async\" aria-describedby=\"caption-attachment-25105\" class=\"wp-image-25105 size-full\" src=\"https:\/\/www.monta\u00f1asdelaluna.es\/wp-content\/uploads\/2015\/11\/Pic-de-Freser.-31-03-12-086.jpg\" alt=\"Pic de l'Infern desde el Pic de Freser\" width=\"1632\" height=\"1224\" srcset=\"https:\/\/www.monta\u00f1asdelaluna.es\/wp-content\/uploads\/2015\/11\/Pic-de-Freser.-31-03-12-086.jpg 1632w, https:\/\/www.monta\u00f1asdelaluna.es\/wp-content\/uploads\/2015\/11\/Pic-de-Freser.-31-03-12-086-300x225.jpg 300w, https:\/\/www.monta\u00f1asdelaluna.es\/wp-content\/uploads\/2015\/11\/Pic-de-Freser.-31-03-12-086-1024x768.jpg 1024w\" sizes=\"auto, (max-width: 1632px) 100vw, 1632px\" \/><\/a><p id=\"caption-attachment-25105\" class=\"wp-caption-text\">Pic de l&#8217;Infern desde el Pic de Freser<\/p><\/div>\n<p>Al tiempo los compa\u00f1eros se adelantan, y su imagen en medio de la abundante y blanca nieve en medio de la grandeza del lugar de suaves pendientes y escarpadas cimas, le dan un toque ant\u00e1rtico, polar, extraordinario. Aprovecho para hacer mil fotos y espero a Paco que poco a poco avanza entre la blanda nieve. El sol se impone con menor fuerza con el \u00edmpetu de acompa\u00f1arnos hasta su mismo ocaso; y mientras, nos muestra paisajes bellos, solitarios y grandiosos.<\/p>\n<p>Nos esperan sentados en el Coll de La Marrana. De nuevo al lugar de partida. Observamos a un grupo de j\u00f3venes que, con precario equipamiento y una precaria tienda del Decathl\u00f3n, se disponen a pasar una noche en la alta monta\u00f1a&#8230; Esperemos que no se levante el Torb o ma\u00f1ana volveremos a tener titulares de \u201cmonta\u00f1eros \u201cexpertos\u201d han tenido que ser rescatados&#8230;\u201d<\/p>\n<div id=\"attachment_25109\" style=\"width: 1034px\" class=\"wp-caption aligncenter\"><a class=\"dt-single-image\" href=\"https:\/\/www.monta\u00f1asdelaluna.es\/wp-content\/uploads\/2015\/11\/Pic-de-Freser.-31-03-12-093.jpg\" data-dt-img-description=\"\"><img loading=\"lazy\" decoding=\"async\" aria-describedby=\"caption-attachment-25109\" class=\"wp-image-25109 size-large\" src=\"https:\/\/www.monta\u00f1asdelaluna.es\/wp-content\/uploads\/2015\/11\/Pic-de-Freser.-31-03-12-093-1024x768.jpg\" alt=\"Delante Paco bajando del Pic de Freser, a la derecha el Pic de l'Infern\" width=\"1024\" height=\"768\" srcset=\"https:\/\/www.monta\u00f1asdelaluna.es\/wp-content\/uploads\/2015\/11\/Pic-de-Freser.-31-03-12-093-1024x768.jpg 1024w, https:\/\/www.monta\u00f1asdelaluna.es\/wp-content\/uploads\/2015\/11\/Pic-de-Freser.-31-03-12-093-300x225.jpg 300w, https:\/\/www.monta\u00f1asdelaluna.es\/wp-content\/uploads\/2015\/11\/Pic-de-Freser.-31-03-12-093.jpg 1632w\" sizes=\"auto, (max-width: 1024px) 100vw, 1024px\" \/><\/a><p id=\"caption-attachment-25109\" class=\"wp-caption-text\">Delante Paco bajando del Pic de Freser, a la derecha el Pic de l&#8217;Infern<\/p><\/div>\n<div id=\"attachment_25119\" style=\"width: 1034px\" class=\"wp-caption aligncenter\"><a class=\"dt-single-image\" href=\"https:\/\/www.monta\u00f1asdelaluna.es\/wp-content\/uploads\/2015\/11\/Pic-de-Freser.-31-03-12-108.jpg\" data-dt-img-description=\"\"><img loading=\"lazy\" decoding=\"async\" aria-describedby=\"caption-attachment-25119\" class=\"wp-image-25119 size-large\" src=\"https:\/\/www.monta\u00f1asdelaluna.es\/wp-content\/uploads\/2015\/11\/Pic-de-Freser.-31-03-12-108-1024x768.jpg\" alt=\"Alto Valle de Freser y Balandrau\" width=\"1024\" height=\"768\" srcset=\"https:\/\/www.monta\u00f1asdelaluna.es\/wp-content\/uploads\/2015\/11\/Pic-de-Freser.-31-03-12-108-1024x768.jpg 1024w, https:\/\/www.monta\u00f1asdelaluna.es\/wp-content\/uploads\/2015\/11\/Pic-de-Freser.-31-03-12-108-300x225.jpg 300w, https:\/\/www.monta\u00f1asdelaluna.es\/wp-content\/uploads\/2015\/11\/Pic-de-Freser.-31-03-12-108.jpg 1632w\" sizes=\"auto, (max-width: 1024px) 100vw, 1024px\" \/><\/a><p id=\"caption-attachment-25119\" class=\"wp-caption-text\">Alto Valle de Freser y Balandrau<\/p><\/div>\n<div id=\"attachment_25121\" style=\"width: 1034px\" class=\"wp-caption aligncenter\"><a class=\"dt-single-image\" href=\"https:\/\/www.monta\u00f1asdelaluna.es\/wp-content\/uploads\/2015\/11\/Pic-de-Freser.-31-03-12-110.jpg\" data-dt-img-description=\"\"><img loading=\"lazy\" decoding=\"async\" aria-describedby=\"caption-attachment-25121\" class=\"wp-image-25121 size-large\" src=\"https:\/\/www.monta\u00f1asdelaluna.es\/wp-content\/uploads\/2015\/11\/Pic-de-Freser.-31-03-12-110-1024x768.jpg\" alt=\"Llegando al Coll de La Marrana y Gra de Fajol\" width=\"1024\" height=\"768\" srcset=\"https:\/\/www.monta\u00f1asdelaluna.es\/wp-content\/uploads\/2015\/11\/Pic-de-Freser.-31-03-12-110-1024x768.jpg 1024w, https:\/\/www.monta\u00f1asdelaluna.es\/wp-content\/uploads\/2015\/11\/Pic-de-Freser.-31-03-12-110-300x225.jpg 300w, https:\/\/www.monta\u00f1asdelaluna.es\/wp-content\/uploads\/2015\/11\/Pic-de-Freser.-31-03-12-110.jpg 1632w\" sizes=\"auto, (max-width: 1024px) 100vw, 1024px\" \/><\/a><p id=\"caption-attachment-25121\" class=\"wp-caption-text\">Llegando al Coll de La Marrana y Gra de Fajol<\/p><\/div>\n<p>Caminando por fin por la pista de esqu\u00ed que nos mejora el paso sobre su dura nieve, hac\u00eda el Refugio de Ulldeter, nos ofrece la visi\u00f3n de los \u00faltimos rayos de sol tocando la cima del escapado Gra de Fajol Petit \u00a1Hermoso! El Pirineo nos muestra diferentes tonalidades, bellezas e im\u00e1genes, como si fueran muchas cordilleras en una, seg\u00fan vaya el paso del sol sobre el cielo azul y claro. Bello.<\/p>\n<div id=\"attachment_25130\" style=\"width: 1642px\" class=\"wp-caption aligncenter\"><a class=\"dt-single-image\" href=\"https:\/\/www.monta\u00f1asdelaluna.es\/wp-content\/uploads\/2015\/11\/Pic-de-Freser.-31-03-12-125.jpg\" data-dt-img-description=\"\"><img loading=\"lazy\" decoding=\"async\" aria-describedby=\"caption-attachment-25130\" class=\"wp-image-25130 size-full\" src=\"https:\/\/www.monta\u00f1asdelaluna.es\/wp-content\/uploads\/2015\/11\/Pic-de-Freser.-31-03-12-125.jpg\" alt=\"Delante el Gra de Fajol Petit\" width=\"1632\" height=\"1224\" srcset=\"https:\/\/www.monta\u00f1asdelaluna.es\/wp-content\/uploads\/2015\/11\/Pic-de-Freser.-31-03-12-125.jpg 1632w, https:\/\/www.monta\u00f1asdelaluna.es\/wp-content\/uploads\/2015\/11\/Pic-de-Freser.-31-03-12-125-300x225.jpg 300w, https:\/\/www.monta\u00f1asdelaluna.es\/wp-content\/uploads\/2015\/11\/Pic-de-Freser.-31-03-12-125-1024x768.jpg 1024w\" sizes=\"auto, (max-width: 1632px) 100vw, 1632px\" \/><\/a><p id=\"caption-attachment-25130\" class=\"wp-caption-text\">Delante el Gra de Fajol Petit<\/p><\/div>\n<p>Los \u00faltimos rayos del sol tocan el tejado del refugio y ya desaparecen cuando llegamos a \u00e9l. Ahora el camino es r\u00e1pido hacia la carretera, siguiendo la marcada senda y las indicaciones del G.R.-11, no hay p\u00e9rdida. Y antes de que se ponga el sol definitivamente, llegamos a los solitarios coches y a la solitaria carretera. Son m\u00e1s o menos las 18\u201930 horas. Ahora toca cambiarse, reponerse y refrescarse en el bar de Setcases. El d\u00eda ha sido incre\u00edble, la monta\u00f1a espl\u00e9ndida, hermosa y sorprendente, y la actividad muy provechosa y productiva. No nos ha defraudado el Pic de Freser; y nos ha mostrado un Pirineo alpino, desconocido para m\u00ed en esta parte: al otro lado de las suaves lomas, est\u00e1n las escarpadas paredes de rutas escondidas y grandiosas.<\/p>\n<div id=\"attachment_25142\" style=\"width: 767px\" class=\"wp-caption aligncenter\"><a class=\"dt-single-image\" href=\"https:\/\/www.monta\u00f1asdelaluna.es\/wp-content\/uploads\/2012\/03\/Pic-de-Freser.ruta_.jpg\" data-dt-img-description=\"\"><img loading=\"lazy\" decoding=\"async\" aria-describedby=\"caption-attachment-25142\" class=\"wp-image-25142 size-full\" src=\"https:\/\/www.monta\u00f1asdelaluna.es\/wp-content\/uploads\/2012\/03\/Pic-de-Freser.ruta_.jpg\" alt=\"Croquis de la ascensi\u00f3n al Pic de Freser\" width=\"757\" height=\"596\" srcset=\"https:\/\/www.monta\u00f1asdelaluna.es\/wp-content\/uploads\/2012\/03\/Pic-de-Freser.ruta_.jpg 757w, https:\/\/www.monta\u00f1asdelaluna.es\/wp-content\/uploads\/2012\/03\/Pic-de-Freser.ruta_-300x236.jpg 300w\" sizes=\"auto, (max-width: 757px) 100vw, 757px\" \/><\/a><p id=\"caption-attachment-25142\" class=\"wp-caption-text\">Croquis de la ascensi\u00f3n al Pic de Freser<\/p><\/div>\n<p>[\/vc_column_text][\/vc_column][\/vc_row][vc_row][vc_column][vc_empty_space height=\u00bb60px\u00bb][\/vc_column][\/vc_row][vc_row][vc_column][vc_cta h2=\u00bb\u00c1lbum de fotos\u00bb txt_align=\u00bbcenter\u00bb add_button=\u00bbbottom\u00bb btn_title=\u00bbVer fotos\u00bb btn_color=\u00bbwarning\u00bb btn_align=\u00bbcenter\u00bb btn_link=\u00bburl:https%3A%2F%2Fmonta%C3%B1asdelaluna.es%2F%3Fdt_gallery%3Dpic-de-freser-2-835-mts-2|title:Pic%20de%20l%E2%80%99Infern%20y%20Pic%20de%20Freser|target:_blank\u00bb css=\u00bb.vc_custom_1625730963999{background-color: #8bc4ed !important;}\u00bb]Puedes ver todas las fotos del relato y actividad en forma de presentaci\u00f3n o individuales pinchando aqui \u00a1No te las pierdas![\/vc_cta][\/vc_column][\/vc_row][vc_row][vc_column][vc_empty_space height=\u00bb60px\u00bb][\/vc_column][\/vc_row][vc_row][vc_column width=\u00bb1\/6&#8243;][\/vc_column][vc_column width=\u00bb1\/3&#8243;][vc_column_text]Tiempo en Pic de Freser[\/vc_column_text][vc_raw_html]JTNDaWZyYW1lJTIwc3JjJTNEJTIyaHR0cHMlM0ElMkYlMkZ3d3cubWV0ZW9ibHVlLmNvbSUyRmVzJTJGdGllbXBvJTJGd2lkZ2V0JTJGZGFpbHklMkY0Mi40MjNOMi4yMjFFJTNGZGF5cyUzRDclMjZ0ZW1wdW5pdCUzRENFTFNJVVMlMjZ3aW5kdW5pdCUzREtJTE9NRVRFUl9QRVJfSE9VUiUyNnBpY3RvaWNvbiUzRDElMjZtYXh0ZW1wZXJhdHVyZSUzRDElMjZtaW50ZW1wZXJhdHVyZSUzRDElMjZ3aW5kc3BlZWQlM0QxJTI2d2luZGd1c3QlM0QxJTI2d2luZGRpcmVjdGlvbiUzRDElMjZwcmVjaXBpdGF0aW9uJTNEMSUyNnByZWNpcGl0YXRpb25wcm9iYWJpbGl0eSUzRDElMjZzcG90JTNEMSUyNnByZXNzdXJlJTNEMSUyNmxheW91dCUzRGxpZ2h0JTIyJTIwJTIwZnJhbWVib3JkZXIlM0QlMjIwJTIyJTIwc2Nyb2xsaW5nJTNEJTIyTk8lMjIlMjBhbGxvd3RyYW5zcGFyZW5jeSUzRCUyMnRydWUlMjIlMjBzdHlsZSUzRCUyMndpZHRoJTNBJTIwMzc4cHglM0JoZWlnaHQlM0ElMjAzOTFweCUyMiUzRSUzQyUyRmlmcmFtZSUzRSUzQ2RpdiUzRSUzQyUyMS0tJTIwRE8lMjBOT1QlMjBSRU1PVkUlMjBUSElTJTIwTElOSyUyMC0tJTNFJTNDYSUyMGhyZWYlM0QlMjJodHRwcyUzQSUyRiUyRnd3dy5tZXRlb2JsdWUuY29tJTJGZXMlMkZ0aWVtcG8lMkZwcm9ub3N0aWNvJTJGc2VtYW5hJTJGNDIuNDIzTjIuMjIxRSUyMiUyMHRhcmdldCUzRCUyMl9ibGFuayUyMiUzRW1ldGVvYmx1ZSUzQyUyRmElM0UlM0MlMkZkaXYlM0U=[\/vc_raw_html][\/vc_column][vc_column width=\u00bb1\/3&#8243;][vc_column_text]Tiempo en Vallter 2.000[\/vc_column_text][vc_raw_html]JTNDaWZyYW1lJTIwc3JjJTNEJTIyaHR0cHMlM0ElMkYlMkZ3d3cubWV0ZW9ibHVlLmNvbSUyRmVzJTJGdGllbXBvJTJGd2lkZ2V0JTJGZGFpbHklMkY0Mi40MjdOMi4yNjRFJTNGZGF5cyUzRDclMjZ0ZW1wdW5pdCUzRENFTFNJVVMlMjZ3aW5kdW5pdCUzREtJTE9NRVRFUl9QRVJfSE9VUiUyNnBpY3RvaWNvbiUzRDElMjZtYXh0ZW1wZXJhdHVyZSUzRDElMjZtaW50ZW1wZXJhdHVyZSUzRDElMjZ3aW5kc3BlZWQlM0QxJTI2d2luZGd1c3QlM0QxJTI2d2luZGRpcmVjdGlvbiUzRDElMjZwcmVjaXBpdGF0aW9uJTNEMSUyNnByZWNpcGl0YXRpb25wcm9iYWJpbGl0eSUzRDElMjZzcG90JTNEMSUyNnByZXNzdXJlJTNEMSUyNmxheW91dCUzRGxpZ2h0JTIyJTIwJTIwZnJhbWVib3JkZXIlM0QlMjIwJTIyJTIwc2Nyb2xsaW5nJTNEJTIyTk8lMjIlMjBhbGxvd3RyYW5zcGFyZW5jeSUzRCUyMnRydWUlMjIlMjBzdHlsZSUzRCUyMndpZHRoJTNBJTIwMzc4cHglM0JoZWlnaHQlM0ElMjAzOTFweCUyMiUzRSUzQyUyRmlmcmFtZSUzRSUzQ2RpdiUzRSUzQyUyMS0tJTIwRE8lMjBOT1QlMjBSRU1PVkUlMjBUSElTJTIwTElOSyUyMC0tJTNFJTNDYSUyMGhyZWYlM0QlMjJodHRwcyUzQSUyRiUyRnd3dy5tZXRlb2JsdWUuY29tJTJGZXMlMkZ0aWVtcG8lMkZwcm9ub3N0aWNvJTJGc2VtYW5hJTJGNDIuNDI3TjIuMjY0RSUyMiUyMHRhcmdldCUzRCUyMl9ibGFuayUyMiUzRW1ldGVvYmx1ZSUzQyUyRmElM0UlM0MlMkZkaXYlM0U=[\/vc_raw_html][\/vc_column][vc_column width=\u00bb1\/6&#8243;][\/vc_column][\/vc_row]<\/p>\n","protected":false},"excerpt":{"rendered":"<p>[vc_row][vc_column][vc_column_text]La verdadera intenci\u00f3n de esta salida era hacer el Pic de l\u2019Infern (2.851 mts.) por el corredor de su cara norte, y al final terminamos realizando la subida al inhiesto Pic de Freser. Pocos \u00e9ramos, esta vez, los que particip\u00e1bamos, ya que una salida de alta monta\u00f1a y con la dificultad adquirida, no era santo&hellip;<\/p>\n","protected":false},"author":1,"featured_media":25109,"comment_status":"open","ping_status":"open","sticky":false,"template":"","format":"standard","meta":[],"categories":[129],"tags":[],"class_list":["post-25139","post","type-post","status-publish","format-standard","has-post-thumbnail","hentry","category-pirineo-oriental","category-129","description-off"],"_links":{"self":[{"href":"https:\/\/www.monta\u00f1asdelaluna.es\/index.php?rest_route=\/wp\/v2\/posts\/25139","targetHints":{"allow":["GET"]}}],"collection":[{"href":"https:\/\/www.monta\u00f1asdelaluna.es\/index.php?rest_route=\/wp\/v2\/posts"}],"about":[{"href":"https:\/\/www.monta\u00f1asdelaluna.es\/index.php?rest_route=\/wp\/v2\/types\/post"}],"author":[{"embeddable":true,"href":"https:\/\/www.monta\u00f1asdelaluna.es\/index.php?rest_route=\/wp\/v2\/users\/1"}],"replies":[{"embeddable":true,"href":"https:\/\/www.monta\u00f1asdelaluna.es\/index.php?rest_route=%2Fwp%2Fv2%2Fcomments&post=25139"}],"version-history":[{"count":10,"href":"https:\/\/www.monta\u00f1asdelaluna.es\/index.php?rest_route=\/wp\/v2\/posts\/25139\/revisions"}],"predecessor-version":[{"id":50050,"href":"https:\/\/www.monta\u00f1asdelaluna.es\/index.php?rest_route=\/wp\/v2\/posts\/25139\/revisions\/50050"}],"wp:featuredmedia":[{"embeddable":true,"href":"https:\/\/www.monta\u00f1asdelaluna.es\/index.php?rest_route=\/wp\/v2\/media\/25109"}],"wp:attachment":[{"href":"https:\/\/www.monta\u00f1asdelaluna.es\/index.php?rest_route=%2Fwp%2Fv2%2Fmedia&parent=25139"}],"wp:term":[{"taxonomy":"category","embeddable":true,"href":"https:\/\/www.monta\u00f1asdelaluna.es\/index.php?rest_route=%2Fwp%2Fv2%2Fcategories&post=25139"},{"taxonomy":"post_tag","embeddable":true,"href":"https:\/\/www.monta\u00f1asdelaluna.es\/index.php?rest_route=%2Fwp%2Fv2%2Ftags&post=25139"}],"curies":[{"name":"wp","href":"https:\/\/api.w.org\/{rel}","templated":true}]}}