{"id":25169,"date":"1999-08-01T11:50:51","date_gmt":"1999-08-01T11:50:51","guid":{"rendered":"http:\/\/monta\u00f1asdelaluna.com\/?p=25169"},"modified":"2021-07-08T14:26:46","modified_gmt":"2021-07-08T14:26:46","slug":"monte-perdido-la-montana-escondida","status":"publish","type":"post","link":"https:\/\/www.monta\u00f1asdelaluna.es\/?p=25169","title":{"rendered":"Monte Perdido. La monta\u00f1a escondida"},"content":{"rendered":"<p>[vc_row][vc_column][vc_column_text]Dicen que a la tercera va la vencida. Por ello en el verano del noventa y nueve Paco Mart\u00ednez me invit\u00f3 a irme con \u00e9l y con Jes\u00fas Andujar a Ordesa para subir a Monte Perdido. Yo no estaba preparado ni estaba en mis planes salir de viaje ese verano, es m\u00e1s, llevaba una temporada que no sal\u00eda asiduamente a la monta\u00f1a; pero bueno, me decid\u00ed y me apunt\u00e9 con ellos.<\/p>\n<p>El recorrido iba a ser el de siempre: subir por todo el Valle de Ordesa desde Torla y el aparcamiento hasta G\u00f3riz donde montar\u00edamos la tienda y nos servir\u00eda de base para la ascensi\u00f3n.<\/p>\n<p>Esta vez yo quer\u00eda variar. Hab\u00eda o\u00eddo hablar de la famosa Senda de Los Cazadores y suger\u00ed a mis dos compa\u00f1eros de recorrernos el valle por ese lugar. \u00c9stos como tampoco lo hab\u00edan hecho, accedieron. Llegamos ya a media tarde al aparcamiento de Ordesa con el autob\u00fas Torla-Ordesa. Se nos iba a hacer tarde y lo m\u00e1s seguro es que no lleg\u00e1ramos a G\u00f3riz ese d\u00eda. Cogimos la indicaci\u00f3n de Senda de Los Cazadores cruzando el r\u00edo Arazas casi desde el mismo aparcamiento, y enseguida la senda se empinaba y zigzagueaba de forma considerable. \u00cdbamos cargados con los mochilones y esa primera subida result\u00f3 muy agotadora, aparte que para empezar, llev\u00e1bamos un buen ritmo. Dicha subida llegaba hasta un balc\u00f3n de una de las fajas, con un desnivel considerable desde el fondo del valle hasta dicho balc\u00f3n. Por en medio del bosque de coniferas muy tupido y vertical de las laderas meridionales del valle.<\/p>\n<div id=\"attachment_42251\" style=\"width: 831px\" class=\"wp-caption aligncenter\"><a class=\"dt-single-image\" href=\"http:\/\/monta\u00f1asdelaluna.com\/wp-content\/uploads\/2020\/03\/jesus-joaquin-y-paco-en-el-mirador-de-calcilarruego.jpg\" data-dt-img-description=\"\"><img loading=\"lazy\" decoding=\"async\" aria-describedby=\"caption-attachment-42251\" class=\"wp-image-42251 \" src=\"http:\/\/monta\u00f1asdelaluna.com\/wp-content\/uploads\/2020\/03\/jesus-joaquin-y-paco-en-el-mirador-de-calcilarruego-1024x691.jpg\" alt=\"MontePerdido99-1 001\" width=\"821\" height=\"554\" srcset=\"https:\/\/www.monta\u00f1asdelaluna.es\/wp-content\/uploads\/2020\/03\/jesus-joaquin-y-paco-en-el-mirador-de-calcilarruego-1024x691.jpg 1024w, https:\/\/www.monta\u00f1asdelaluna.es\/wp-content\/uploads\/2020\/03\/jesus-joaquin-y-paco-en-el-mirador-de-calcilarruego-300x202.jpg 300w, https:\/\/www.monta\u00f1asdelaluna.es\/wp-content\/uploads\/2020\/03\/jesus-joaquin-y-paco-en-el-mirador-de-calcilarruego.jpg 1778w\" sizes=\"auto, (max-width: 821px) 100vw, 821px\" \/><\/a><p id=\"caption-attachment-42251\" class=\"wp-caption-text\">Jes\u00fas, Joaqu\u00edn y Paco en el Mirador de Calcilarruego<\/p><\/div>\n<p>Ya arriba llegamos a lo que llaman el Mirador Calcilarruego. Una magn\u00edfica plataforma con un refugio vivaque o caba\u00f1a con unas vistas impresionantes del centro y comienzo del Valle de Ordesa. Al coger altura ve\u00edas el valle perfectamente desde los fondos del mismo hasta las partes m\u00e1s altas de sus paredes, fajas y cimas. Es un mirador muy bello que te ofrec\u00eda una imagen del valle espectacular, alucinante y encantadora. Ve\u00edas toda la belleza y hermosura de todas las caracter\u00edsticas del valle (bosque, morfolog\u00eda, geograf\u00eda\u2026) desde un enclave perfecto y sobrecogedor, desde un vertiginoso resalte que serv\u00eda de balc\u00f3n con un desnivel de unos seiscientos metros desde el aparcamiento hasta dicho mirador, y de otros casi seiscientos metros desde la altura del mirador hasta las partes m\u00e1s altas por encima de las paredes que rodean el Valle de Ordesa y que ten\u00edamos enfrente. Est\u00e1bamos a unos dos mil novecientos metros. Justo enfrente, el valle se met\u00eda casi escondido hasta un gran circo de paredes y escarpes vertiginosos y de una belleza y frondosidad intacta y espectacular (como cada rinc\u00f3n de este valle): Es el Circo de Cotatuero; que desde las alturas y en su pared final una alta cascada baja hasta el fondo del valle coronando dicha imagen y engrandeciendo la vitalidad y fuerza de la visi\u00f3n. El espect\u00e1culo era soberbio. No s\u00e9 si habr\u00e1 lugar parecido a \u00e9ste. Yo a\u00fan no lo he visitado ni tengo conocimiento de lugares as\u00ed. Vale la pena acercarse y contemplar esta maravilla de la naturaleza y sorprendernos con las cosas que la Madre Tierra tiene escondidas y preparadas para nosotros.<\/p>\n<div id=\"attachment_25174\" style=\"width: 765px\" class=\"wp-caption aligncenter\"><a class=\"dt-single-image\" href=\"http:\/\/monta\u00f1asdelaluna.com\/wp-content\/uploads\/1999\/08\/1\u00ba-recorrido-Monte-Perdido.jpg\" data-dt-img-description=\"\"><img loading=\"lazy\" decoding=\"async\" aria-describedby=\"caption-attachment-25174\" class=\"wp-image-25174 size-full\" src=\"http:\/\/monta\u00f1asdelaluna.com\/wp-content\/uploads\/1999\/08\/1\u00ba-recorrido-Monte-Perdido.jpg\" alt=\"1\u00ba recorrido Monte Perdido\" width=\"755\" height=\"443\" srcset=\"https:\/\/www.monta\u00f1asdelaluna.es\/wp-content\/uploads\/1999\/08\/1\u00ba-recorrido-Monte-Perdido.jpg 755w, https:\/\/www.monta\u00f1asdelaluna.es\/wp-content\/uploads\/1999\/08\/1\u00ba-recorrido-Monte-Perdido-300x176.jpg 300w\" sizes=\"auto, (max-width: 755px) 100vw, 755px\" \/><\/a><p id=\"caption-attachment-25174\" class=\"wp-caption-text\">Croquis del recorrido de Torla al Mirador de Calcilarruego<\/p><\/div>\n<p>Pasamos la noche en este refugio para el otro d\u00eda solamente coger la senda y dirigirnos (ahora horizontalmente) por encima de las fajas hasta el final del valle, hasta el Circo de Soaso. La Senda de Los Cazadores al igual que el Mirador de Calcilarruego te ofrec\u00eda una vista espectacular, soberbia y encantadora del Valle de Ordesa, y el tiempo, aunque no despejado del todo, no imped\u00eda que el sol iluminara los bellos rincones de este valle. All\u00e1 al fondo, levantando la vista y por encima del Circo de Cotatuero un vasto corte en la monta\u00f1a, aunque lejano era apreciable sus dimensiones y grandeza, nos llama la atenci\u00f3n. Yo lo reconozco: es la Brecha de Rolando. Espectacular, altiva y enorme nos hace pensar en el \u201cgigante\u201d franc\u00e9s Rolando y en su espada, y en que dentro de unos d\u00edas deberemos cruzar esa puerta natural para pasar el lado franc\u00e9s y al Circo de Gavarni\u00e9. A medida que vamos recorriendo esta emocionante senda que cruza por la llamada Faja de Pelay, el paisaje va pasando tambi\u00e9n por nuestra mirada como una peque\u00f1a pantalla de cine que hace un giro para grabar, de ciento ochenta grados. All\u00e1, al final del valle, ya vislumbramos a nuestro gigante que intentaremos subir y conquistar como si de un gran reto se tratara: el Monte Perdido. Escoltado por sus dos centinelas a cada lado: el soberbio Cilindro de Marbor\u00e9, con sus verticalidades formidables y resaltadas, y el Soum de Ramond o Pico de A\u00f1isclo, con sus suaves laderas y su pico como sobre una mesa.<\/p>\n<p>La Senda de Los Cazadores termina (o empieza) casi en la entrada del mismo semic\u00edrculo que forma el Circo de Soaso, y desde aqu\u00ed ya cogemos la ruta normal de subida hasta el Refugio de G\u00f3riz. En este, ya conocido, recorrido, debo decir que me entr\u00f3 algo de diarrea. Ese molesto malestar que muchas veces nos ocurre en la monta\u00f1a y nos impide seguir disfrutando de la actividad. Por eso es bueno llevar algo para \u201censuciar\u201d la pureza de esta agua del Pirineo (gaseosa, pastillas potabilizadoras, tang\u2026) ya que nuestros cuerpos en un principio, parece ser, no est\u00e1n acostumbrados a esta agua pura y limpia. Tambi\u00e9n puede ser que un grupo de vacas est\u00e9n pastando r\u00edo arriba.<\/p>\n<p>Ya estamos en G\u00f3riz. La zona es un hervidero de gente y monta\u00f1eros: numerosas tiendas montadas ya alrededor del refugio, gente que sube de Ordesa, que baja de la Brecha, merodeando por el lugar, que se dirigen al Valle de A\u00f1isclo pasando bajo la Torre de G\u00f3riz&#8230; mucha gente, mucha actividad. La verdad es que G\u00f3riz en verano es uno (si no el que mas) de los refugios m\u00e1s visitados del Pirineo. Base y lugar de paso para muchas ascensiones y rutas del parque nacional. Portugueses, franceses&#8230; de muchos lugares y nacionalidades; es La Meca del pirine\u00edsmo.<\/p>\n<div id=\"attachment_25175\" style=\"width: 761px\" class=\"wp-caption aligncenter\"><a class=\"dt-single-image\" href=\"http:\/\/monta\u00f1asdelaluna.com\/wp-content\/uploads\/1999\/08\/2\u00ba-recorrido-Monte-Perdido.jpg\" data-dt-img-description=\"\"><img loading=\"lazy\" decoding=\"async\" aria-describedby=\"caption-attachment-25175\" class=\"wp-image-25175 size-full\" src=\"http:\/\/monta\u00f1asdelaluna.com\/wp-content\/uploads\/1999\/08\/2\u00ba-recorrido-Monte-Perdido.jpg\" alt=\"2\u00ba recorrido Monte Perdido\" width=\"751\" height=\"444\" srcset=\"https:\/\/www.monta\u00f1asdelaluna.es\/wp-content\/uploads\/1999\/08\/2\u00ba-recorrido-Monte-Perdido.jpg 751w, https:\/\/www.monta\u00f1asdelaluna.es\/wp-content\/uploads\/1999\/08\/2\u00ba-recorrido-Monte-Perdido-300x177.jpg 300w\" sizes=\"auto, (max-width: 751px) 100vw, 751px\" \/><\/a><p id=\"caption-attachment-25175\" class=\"wp-caption-text\">Croquis del recorrido del Mirador de Calcilarruego al Refugio de G\u00f3riz<\/p><\/div>\n<p>Nosotros montamos nuestra tienda en un lugar algo m\u00e1s alto que el refugio y algo alejado de \u00e9l, sobre una peque\u00f1a planicie. Pero las tiendas que est\u00e1n montadas y las que se est\u00e1n montando se extienden alrededor nuestro y del refugio, mucho m\u00e1s alejadas de nuestro igl\u00fa.<\/p>\n<p>Al otro d\u00eda, algo tarde (como siempre) nos levantamos con la intenci\u00f3n de subir Monte Perdido. Nada mas levantarnos vemos como algo mas abajo y cercano al refugio, unos guardas instan a los acampados a desmontar sus tiendas ya que est\u00e1 prohibido acampar hasta cierta altura en todo el parque nacional y solo dejan montar para pasar la noche. A nosotros no llega a vernos y por eso no desmontamos la tienda. \u00a1Tampoco vamos a estar tanto tiempo!<\/p>\n<p>Empezamos la subida siguiendo una senda (a veces trazada, otras siguiendo hitos) hacia las laderas suroeste de Monte Perdido. Llevamos una buena marcha. El tiempo es bueno, aunque no totalmente despejado. Las nubes pasan como un reba\u00f1o de ovejas all\u00e1 en lo alto del cielo.<\/p>\n<div id=\"attachment_42253\" style=\"width: 683px\" class=\"wp-caption aligncenter\"><a class=\"dt-single-image\" href=\"http:\/\/monta\u00f1asdelaluna.com\/wp-content\/uploads\/2020\/03\/monte-perdido-en-medio-la-escupidera.jpg\" data-dt-img-description=\"\"><img loading=\"lazy\" decoding=\"async\" aria-describedby=\"caption-attachment-42253\" class=\"wp-image-42253 size-large\" src=\"http:\/\/monta\u00f1asdelaluna.com\/wp-content\/uploads\/2020\/03\/monte-perdido-en-medio-la-escupidera-673x1024.jpg\" alt=\"MontePerdido99-3 001\" width=\"673\" height=\"1024\" srcset=\"https:\/\/www.monta\u00f1asdelaluna.es\/wp-content\/uploads\/2020\/03\/monte-perdido-en-medio-la-escupidera-673x1024.jpg 673w, https:\/\/www.monta\u00f1asdelaluna.es\/wp-content\/uploads\/2020\/03\/monte-perdido-en-medio-la-escupidera-197x300.jpg 197w, https:\/\/www.monta\u00f1asdelaluna.es\/wp-content\/uploads\/2020\/03\/monte-perdido-en-medio-la-escupidera.jpg 1195w\" sizes=\"auto, (max-width: 673px) 100vw, 673px\" \/><\/a><p id=\"caption-attachment-42253\" class=\"wp-caption-text\">Monte Perdido. En medio la escupidera<\/p><\/div>\n<p>La senda no es dif\u00edcil; pasa bajo paredes y se mete por un peque\u00f1o valle entre la mole de Monte Perdido y la del Cilindro. Subimos por peque\u00f1as cubetas que forman una gigantesca escalera y cruza lomas de roca viva y descubierta por la que tienes que casi trepar, pero sin ninguna dificultad, hasta la cubeta final donde se encuentra un peque\u00f1o ib\u00f3n: el Lago Helado de Monte Perdido. Aqu\u00ed una aparente infranqueable pared cierra este peque\u00f1o vallecillo entre Monte Perdido y el Cilindro por el que hemos subido. Ahora a nuestra izquierda est\u00e1 la subida al Cilindro de Marbor\u00e9 y a la derecha la subida a Monte Perdido; desde las orillas del Lago Helado, que no ten\u00eda nada de hielo. Llevamos una sola mochila que nos vamos turnando y pasando. Jes\u00fas Andujar se encuentra fuerte y en casi todo el recorrido se ha adelantado casi sin esperarnos (cosa muy mal en monta\u00f1a cuando vas con gente menos fuerte que t\u00fa).<\/p>\n<p>Empezamos la subida por una especie de canal abordada por un nevero amplio que se empinaba poco a poco a medida que sub\u00edas. La senda, muy bien trazada, iba por una crestecilla nada peligrosa a la derecha de este canal. M\u00e1s arriba el fr\u00edo empieza a notarse a pesar del calor desprendido por el esfuerzo de la subida. Al poco tiempo el terreno se empina m\u00e1s a\u00fan y cruzamos la famosa Escupidera de Monte Perdido; que es una zona que con nieve y al estar vertical te puedes resbalar, desliz\u00e1ndote como un tobog\u00e1n hac\u00eda abajo, de forma tal que sales despedido fuera del canal hac\u00eda un vac\u00edo mortal. Es como si Monte Perdido te \u201cescupiera\u201d fuera de sus dominios hac\u00eda una ca\u00edda mortal. Puede ser la parte m\u00e1s peligrosa de la subida pero no tiene ninguna complicaci\u00f3n.<\/p>\n<div id=\"attachment_42255\" style=\"width: 832px\" class=\"wp-caption aligncenter\"><a class=\"dt-single-image\" href=\"http:\/\/monta\u00f1asdelaluna.com\/wp-content\/uploads\/2020\/03\/joaquin-jesus-y-paco-en-la-cima-de-monte-perdido-3-355-mts.jpg\" data-dt-img-description=\"\"><img loading=\"lazy\" decoding=\"async\" aria-describedby=\"caption-attachment-42255\" class=\"wp-image-42255 \" src=\"http:\/\/monta\u00f1asdelaluna.com\/wp-content\/uploads\/2020\/03\/joaquin-jesus-y-paco-en-la-cima-de-monte-perdido-3-355-mts-1024x691.jpg\" alt=\"MontePerdido99-5 001\" width=\"822\" height=\"555\" srcset=\"https:\/\/www.monta\u00f1asdelaluna.es\/wp-content\/uploads\/2020\/03\/joaquin-jesus-y-paco-en-la-cima-de-monte-perdido-3-355-mts-1024x691.jpg 1024w, https:\/\/www.monta\u00f1asdelaluna.es\/wp-content\/uploads\/2020\/03\/joaquin-jesus-y-paco-en-la-cima-de-monte-perdido-3-355-mts-300x202.jpg 300w, https:\/\/www.monta\u00f1asdelaluna.es\/wp-content\/uploads\/2020\/03\/joaquin-jesus-y-paco-en-la-cima-de-monte-perdido-3-355-mts.jpg 1778w\" sizes=\"auto, (max-width: 822px) 100vw, 822px\" \/><\/a><p id=\"caption-attachment-42255\" class=\"wp-caption-text\">Joaqu\u00edn, Jes\u00fas y Paco en la cima de Monte Perdido, 3.355 mts.<\/p><\/div>\n<p>A nuestra izquierda un escarpe en el espol\u00f3n contrario de este canal culmina en el tremendamente escarpado y modesto Dedo de Monte Perdido. Visible desde muchos puntos del Pirineo que se observe a Monte Perdido. Sus verticales paredes le hacen parecer un perfecto castillo sin pasarela ni almenas intermedias, muy dif\u00edcil de asediar y casi sin posibilidad de conquistarlo. De hecho tiene la fama de ser el pico m\u00e1s dif\u00edcil de escalar de todo el Pirineo.<\/p>\n<p>Ya arriba la pendiente se suaviza y un extraordinario balc\u00f3n te deja ver, si te asomas, el impresionante glaciar de Monte Perdido, casi escondido en su cara norte noroeste, pero espectacular con sus grietas y seracs. Ya estamos en la cumbre. Por una suave pero helada, bajo las piedrecillas, ladera se sube al eje geod\u00e9sico de Monte Perdido. \u00a1Lo hemos conseguido! Es como si me quitara una espinita que tuviera clavada. \u00a1Ya estoy en la ansiada cumbre de Monte Perdido! Hace fr\u00edo, voy en pantal\u00f3n corto, me subo las calcetas hasta las rodillas, me pongo los guantes pero sigue haciendo fr\u00edo. Nos abrazamos y hacemos fotos. Estamos a tres mil trescientos cincuenta y cinco metros. Hemos dejado el Lago Helado a tres mil cincuenta metros y G\u00f3riz a menos de dos mil doscientos metros. Las nubes impiden que veamos enteramente el espectacular paisaje de los Pirineos desde uno de los mejores miradores y m\u00e1s alto de los mismos; pero de vez en cuando nos deja entrever algo.<\/p>\n<div id=\"attachment_42254\" style=\"width: 698px\" class=\"wp-caption aligncenter\"><a class=\"dt-single-image\" href=\"http:\/\/monta\u00f1asdelaluna.com\/wp-content\/uploads\/2020\/03\/joaquin-y-paco-bajando-del-monte-perdido-abajo-el-lago-helado-de-monte-perdido-y-arriba-el-cilindro.jpg\" data-dt-img-description=\"\"><img loading=\"lazy\" decoding=\"async\" aria-describedby=\"caption-attachment-42254\" class=\"wp-image-42254 size-large\" src=\"http:\/\/monta\u00f1asdelaluna.com\/wp-content\/uploads\/2020\/03\/joaquin-y-paco-bajando-del-monte-perdido-abajo-el-lago-helado-de-monte-perdido-y-arriba-el-cilindro-688x1024.jpg\" alt=\"MontePerdido99-4 001\" width=\"688\" height=\"1024\" srcset=\"https:\/\/www.monta\u00f1asdelaluna.es\/wp-content\/uploads\/2020\/03\/joaquin-y-paco-bajando-del-monte-perdido-abajo-el-lago-helado-de-monte-perdido-y-arriba-el-cilindro-688x1024.jpg 688w, https:\/\/www.monta\u00f1asdelaluna.es\/wp-content\/uploads\/2020\/03\/joaquin-y-paco-bajando-del-monte-perdido-abajo-el-lago-helado-de-monte-perdido-y-arriba-el-cilindro-201x300.jpg 201w, https:\/\/www.monta\u00f1asdelaluna.es\/wp-content\/uploads\/2020\/03\/joaquin-y-paco-bajando-del-monte-perdido-abajo-el-lago-helado-de-monte-perdido-y-arriba-el-cilindro.jpg 1198w\" sizes=\"auto, (max-width: 688px) 100vw, 688px\" \/><\/a><p id=\"caption-attachment-42254\" class=\"wp-caption-text\">Joaqu\u00edn y Paco bajando del Monte Perdido. Delante el Cilindro<\/p><\/div>\n<p>Hay que bajar. Seguimos el mismo camino de subida hasta el Lago Helado ahora para bajar. En frente nuestra, el robusto Cilindro de Marbor\u00e9 con sus impresionantes paredes que lo rodean y le dan esa forma caracter\u00edstica de infranqueable cilindro, salvo por su ladera sur suroeste menos escarpada. Hay mucha gente que sube y baja la monta\u00f1a, es una aut\u00e9ntica romer\u00eda monta\u00f1era. Monte Perdido es la monta\u00f1a m\u00e1s visitada de los Pirineos, si no, una de las que m\u00e1s se visita, por lo que representa: una monta\u00f1a emblem\u00e1tica, accesible y rodeada de un entorno (Valle de Ordesa, A\u00f1isclo, Pineta, Gavarni\u00e9&#8230;) paradis\u00edaco.<\/p>\n<p>Llegamos al Lago Helado. Hemos subido muy r\u00e1pido, en muy buen tiempo, unas dos horas y media aproximadamente, y ya que estamos en altura y con fuerzas, Paco comenta de subir el inhiesto Cilindro. No ponemos ninguna pega y decidimos subirlo tambi\u00e9n. Esta vez dejaremos la mochila escondida entre unas rocas a orillas del lago para subir sin peso.<\/p>\n<p>La subida al Cilindro tambi\u00e9n se hacia por una especie de canal, esta vez m\u00e1s estrecha y empinada que la de Monte Perdido. Por una senda terrosa llegamos a una especie de portill\u00f3n que da a la otra vertiente. Desde aqu\u00ed a la derecha seg\u00fan llegamos, una peque\u00f1a pared que da a la parte m\u00e1s alta del pico nos impide proseguir. \u00c9sta se puede salvar o bien por una grieta en la parte central con una trepa resguardada, o por otra parte m\u00e1s a la izquierda y m\u00e1s f\u00e1cil de trepar pero menos resguardado de una ca\u00edda m\u00e1s comprometida. Elegimos la trepa m\u00e1s f\u00e1cil que se hace en pocos metros. Una vez arriba solo hay que seguir la loma cimera (a veces con pasos de trepa, a veces algo a\u00e9rea) hasta su punto culminante, la parte m\u00e1s alta del Cilindro de Marbor\u00e9; solo treinta metros m\u00e1s bajo que su hermano mayor Monte Perdido.<\/p>\n<div id=\"attachment_42257\" style=\"width: 830px\" class=\"wp-caption aligncenter\"><a class=\"dt-single-image\" href=\"http:\/\/monta\u00f1asdelaluna.com\/wp-content\/uploads\/2020\/03\/jesus-joaquin-y-paco-en-la-cima-del-cilindro-de-marbore-3-325-mts.jpg\" data-dt-img-description=\"\"><img loading=\"lazy\" decoding=\"async\" aria-describedby=\"caption-attachment-42257\" class=\"wp-image-42257 \" src=\"http:\/\/monta\u00f1asdelaluna.com\/wp-content\/uploads\/2020\/03\/jesus-joaquin-y-paco-en-la-cima-del-cilindro-de-marbore-3-325-mts-1024x693.jpg\" alt=\"MontePerdido99-7 001\" width=\"820\" height=\"555\" srcset=\"https:\/\/www.monta\u00f1asdelaluna.es\/wp-content\/uploads\/2020\/03\/jesus-joaquin-y-paco-en-la-cima-del-cilindro-de-marbore-3-325-mts-1024x693.jpg 1024w, https:\/\/www.monta\u00f1asdelaluna.es\/wp-content\/uploads\/2020\/03\/jesus-joaquin-y-paco-en-la-cima-del-cilindro-de-marbore-3-325-mts-300x203.jpg 300w, https:\/\/www.monta\u00f1asdelaluna.es\/wp-content\/uploads\/2020\/03\/jesus-joaquin-y-paco-en-la-cima-del-cilindro-de-marbore-3-325-mts.jpg 1774w\" sizes=\"auto, (max-width: 820px) 100vw, 820px\" \/><\/a><p id=\"caption-attachment-42257\" class=\"wp-caption-text\">Jes\u00fas, Joaqu\u00edn y Paco en la cima del Cilindro de Marbor\u00e9, 3.325 mts<\/p><\/div>\n<p>El pico es m\u00e1s espectacular y encrespado que Monte Perdido por su escarpado perfil: una gran pared vertical de m\u00e1s de doscientos metros de altura en algunas zonas, y rode\u00e1ndolo en forma circular d\u00e1ndole esa forma de cilindro como si fuera el cors\u00e9 de una mujer de figura obesa. Solo salvable por su vertiente sur suroeste y noroeste que da a G\u00f3riz. Desde luego la subida es m\u00e1s entretenida y complicada\u00a0 que la de su hermano mayor Monte Perdido; m\u00e1s solitaria, menos visitada pero nada peligrosa. Es un bello pico que merece visitar y asomarse desde su cumbre al vac\u00edo atrayente de sus paredes, y deleitarse con una magn\u00edfica visi\u00f3n de Monte Perdido y sus perfiles que desde aqu\u00ed nos ofrece en un mirador privilegiado. L\u00e1stima que esa ma\u00f1ana las nubes se interpon\u00edan entre los dos gigantes, las dos Sorores, y no pudimos admirar tan hermoso paisaje. A pesar de todo, como en Monte Perdido, disfrutamos de las man\u00edas del tiempo en la alta monta\u00f1a y de sus habituales y acostumbradas pinceladas en el cielo y orograf\u00eda pirenaica.<\/p>\n<p>La bajada es por el mismo sitio, con atenci\u00f3n al destrepe primero de subida, para bajar al antes citado peque\u00f1o portill\u00f3n; pero sin ninguna complicaci\u00f3n. Ahora con una abrumadora visi\u00f3n de la subida a Monte Perdido mientras que bajamos por la empinada senda hasta el Lago Helado. Una vez aqu\u00ed recuperamos la mochila y desandamos el camino hasta G\u00f3riz. La bajada tambi\u00e9n es r\u00e1pida y a las tres de la tarde ya estamos tumbados en la fresca hierba junto a nuestra tienda. No es que quisi\u00e9ramos ir r\u00e1pido, simplemente era el paso que nos marcaban nuestras fuerzas.<\/p>\n<div id=\"attachment_25176\" style=\"width: 479px\" class=\"wp-caption aligncenter\"><a class=\"dt-single-image\" href=\"http:\/\/monta\u00f1asdelaluna.com\/wp-content\/uploads\/1999\/08\/3\u00ba-recorrido.-subida-a-Monte-Perdido.jpg\" data-dt-img-description=\"\"><img loading=\"lazy\" decoding=\"async\" aria-describedby=\"caption-attachment-25176\" class=\"wp-image-25176 size-full\" src=\"http:\/\/monta\u00f1asdelaluna.com\/wp-content\/uploads\/1999\/08\/3\u00ba-recorrido.-subida-a-Monte-Perdido.jpg\" alt=\"3\u00ba recorrido. subida a Monte Perdido\" width=\"469\" height=\"476\" srcset=\"https:\/\/www.monta\u00f1asdelaluna.es\/wp-content\/uploads\/1999\/08\/3\u00ba-recorrido.-subida-a-Monte-Perdido.jpg 469w, https:\/\/www.monta\u00f1asdelaluna.es\/wp-content\/uploads\/1999\/08\/3\u00ba-recorrido.-subida-a-Monte-Perdido-296x300.jpg 296w\" sizes=\"auto, (max-width: 469px) 100vw, 469px\" \/><\/a><p id=\"caption-attachment-25176\" class=\"wp-caption-text\">Croquis de las ascenciones a Monte Perdido y Cilindro de Marbor\u00e9<\/p><\/div>\n<p>Ya en la tienda Paco sugiri\u00f3 desmontar y acampar m\u00e1s arriba de G\u00f3riz en direcci\u00f3n a la Brecha de Rolando, pero preferimos quedarnos a descansar y gozar de algunos momentos de contemplaci\u00f3n, de fingida meditaci\u00f3n y disfrute del momento de \u00e9xito. G\u00f3riz segu\u00eda lleno de monta\u00f1eros aqu\u00ed y all\u00e1 que se iban, llegaban, desmontaban, acampaban&#8230; todo un fren\u00e9tico movimiento digno de los m\u00e1s visitados campamentos base. Frente a nosotros un monta\u00f1ero montaba la tienda junto con su novia, que para ella era la primera vez que hac\u00eda una marcha de monta\u00f1a y \u00e9l la estaba iniciando. \u201cPoco a poco; hasta aqu\u00ed est\u00e1 bien, no sea que se agobie&#8230;\u201d nos contestaba cuando le pregunt\u00e1bamos si iban a subir Monte Perdido o a hacer alguna otra marcha.[vc_separator][\/vc_column_text][\/vc_column][\/vc_row][vc_row][vc_column][vc_empty_space][\/vc_column][\/vc_row][vc_row][vc_column width=\u00bb1\/6&#8243;][\/vc_column][vc_column width=\u00bb1\/3&#8243;][vc_empty_space height=\u00bb24px\u00bb][vc_raw_html]JTNDaWZyYW1lJTIwc3JjJTNEJTIyaHR0cHMlM0ElMkYlMkZ3d3cubWV0ZW9ibHVlLmNvbSUyRmVzJTJGdGllbXBvJTJGd2lkZ2V0JTJGZGFpbHklMkZ0b3JsYV9lc3BhJTI1YzMlMjViMWFfMzEwNzkyMyUzRmRheXMlM0Q3JTI2dGVtcHVuaXQlM0RDRUxTSVVTJTI2d2luZHVuaXQlM0RLSUxPTUVURVJfUEVSX0hPVVIlMjZwaWN0b2ljb24lM0QxJTI2bWF4dGVtcGVyYXR1cmUlM0QxJTI2bWludGVtcGVyYXR1cmUlM0QxJTI2d2luZHNwZWVkJTNEMSUyNndpbmRndXN0JTNEMSUyNndpbmRkaXJlY3Rpb24lM0QxJTI2cHJlY2lwaXRhdGlvbiUzRDElMjZwcmVjaXBpdGF0aW9ucHJvYmFiaWxpdHklM0QxJTI2c3BvdCUzRDElMjZwcmVzc3VyZSUzRDElMjZsYXlvdXQlM0RsaWdodCUyMiUyMCUyMGZyYW1lYm9yZGVyJTNEJTIyMCUyMiUyMHNjcm9sbGluZyUzRCUyMk5PJTIyJTIwYWxsb3d0cmFuc3BhcmVuY3klM0QlMjJ0cnVlJTIyJTIwc3R5bGUlM0QlMjJ3aWR0aCUzQSUyMDM3OHB4JTNCaGVpZ2h0JTNBJTIwMzkxcHglMjIlM0UlM0MlMkZpZnJhbWUlM0UlM0NkaXYlM0UlM0MlMjEtLSUyMERPJTIwTk9UJTIwUkVNT1ZFJTIwVEhJUyUyMExJTkslMjAtLSUzRSUzQ2ElMjBocmVmJTNEJTIyaHR0cHMlM0ElMkYlMkZ3d3cubWV0ZW9ibHVlLmNvbSUyRmVzJTJGdGllbXBvJTJGcHJvbm9zdGljbyUyRnNlbWFuYSUyRnRvcmxhX2VzcGElMjVjMyUyNWIxYV8zMTA3OTIzJTIyJTIwdGFyZ2V0JTNEJTIyX2JsYW5rJTIyJTNFbWV0ZW9ibHVlJTNDJTJGYSUzRSUzQyUyRmRpdiUzRQ==[\/vc_raw_html][\/vc_column][vc_column width=\u00bb1\/3&#8243;][vc_column_text]Tiempo en Refugio de G\u00f3riz[\/vc_column_text][vc_raw_html]JTNDaWZyYW1lJTIwc3JjJTNEJTIyaHR0cHMlM0ElMkYlMkZ3d3cubWV0ZW9ibHVlLmNvbSUyRmVzJTJGdGllbXBvJTJGd2lkZ2V0JTJGZGFpbHklMkY0Mi42NjNOMC4wMTVFJTNGZGF5cyUzRDclMjZ0ZW1wdW5pdCUzRENFTFNJVVMlMjZ3aW5kdW5pdCUzREtJTE9NRVRFUl9QRVJfSE9VUiUyNnBpY3RvaWNvbiUzRDElMjZtYXh0ZW1wZXJhdHVyZSUzRDElMjZtaW50ZW1wZXJhdHVyZSUzRDElMjZ3aW5kc3BlZWQlM0QxJTI2d2luZGd1c3QlM0QxJTI2d2luZGRpcmVjdGlvbiUzRDElMjZwcmVjaXBpdGF0aW9uJTNEMSUyNnByZWNpcGl0YXRpb25wcm9iYWJpbGl0eSUzRDElMjZzcG90JTNEMSUyNnByZXNzdXJlJTNEMSUyNmxheW91dCUzRGxpZ2h0JTIyJTIwJTIwZnJhbWVib3JkZXIlM0QlMjIwJTIyJTIwc2Nyb2xsaW5nJTNEJTIyTk8lMjIlMjBhbGxvd3RyYW5zcGFyZW5jeSUzRCUyMnRydWUlMjIlMjBzdHlsZSUzRCUyMndpZHRoJTNBJTIwMzc4cHglM0JoZWlnaHQlM0ElMjAzOTFweCUyMiUzRSUzQyUyRmlmcmFtZSUzRSUzQ2RpdiUzRSUzQyUyMS0tJTIwRE8lMjBOT1QlMjBSRU1PVkUlMjBUSElTJTIwTElOSyUyMC0tJTNFJTNDYSUyMGhyZWYlM0QlMjJodHRwcyUzQSUyRiUyRnd3dy5tZXRlb2JsdWUuY29tJTJGZXMlMkZ0aWVtcG8lMkZwcm9ub3N0aWNvJTJGc2VtYW5hJTJGNDIuNjYzTjAuMDE1RSUyMiUyMHRhcmdldCUzRCUyMl9ibGFuayUyMiUzRW1ldGVvYmx1ZSUzQyUyRmElM0UlM0MlMkZkaXYlM0U=[\/vc_raw_html][\/vc_column][vc_column width=\u00bb1\/6&#8243;][\/vc_column][\/vc_row][vc_row][vc_column][vc_empty_space][\/vc_column][\/vc_row][vc_row][vc_column][vc_column_text]Al d\u00eda siguiente desmontamos y levantamos el campamento para dirigirnos a la Brecha de Rolando, paso y frontera entre Espa\u00f1a y Francia. Yo estaba ansioso por ver el impresionante Circo de Gavarni\u00e9 del que tanto hab\u00eda o\u00eddo hablar y visto en libros y revistas. Salimos de G\u00f3riz en direcci\u00f3n norte al principio, pero al poco tiempo cambiamos en direcci\u00f3n noroeste. Pasamos por verdes prados y peque\u00f1as charcas llenas de color y vida, por una senda con pocos desniveles que se fueron acentuando a medida que nos acerc\u00e1bamos al Cuello de Millaris. Una vez cruzado, la senda se encrespaba pasando por lugares escarpados bajo paredes y murallas de las vertientes sur de El Casco y Pico An\u00f3nimo. Bordeamos dichas vertientes y subimos fuertes pendientes en senderos zigzagueantes bajo moles de piedra y neveros. Y por fin al frente vemos la espectacular Brecha de Rolando. Es mucho m\u00e1s impresionante y soberbia de lo que cre\u00eda por lo que me hab\u00edan contado, le\u00eddo o visto en fotos: es un tajo impresionante y perfecto, cortado casi a medida, de forma rectangular de impresionantes, verticales y altas paredes. Realmente al verlo da la impresi\u00f3n de estar hecho adrede, por una espada gigantesca manejada por el gigante Rolando; ya que corta perceptiblemente el seguimiento de la monta\u00f1a como si de verdad le faltara un trozo. Pero de dimensiones enormes y gigantescas. Cuando te acercas y pasas por la Brecha un escalofr\u00edo y un estremecimiento sacuden tu coraz\u00f3n como si estuvieras cruzando la \u201cPuerta de La Esfinge\u201d, y miras arriba a cada parte de las altas paredes de la Brecha esperando a que dicha esfinge te fulmine con su mirada. Algo sobrecogedor y emocionante.<\/p>\n<div id=\"attachment_42258\" style=\"width: 832px\" class=\"wp-caption aligncenter\"><a class=\"dt-single-image\" href=\"http:\/\/monta\u00f1asdelaluna.com\/wp-content\/uploads\/2020\/03\/joaquin-y-jesus-llegando-a-la-brecha-de-rolando.jpg\" data-dt-img-description=\"\"><img loading=\"lazy\" decoding=\"async\" aria-describedby=\"caption-attachment-42258\" class=\"wp-image-42258 \" src=\"http:\/\/monta\u00f1asdelaluna.com\/wp-content\/uploads\/2020\/03\/joaquin-y-jesus-llegando-a-la-brecha-de-rolando-1024x690.jpg\" alt=\"MontePerdido99-8 001\" width=\"822\" height=\"554\" srcset=\"https:\/\/www.monta\u00f1asdelaluna.es\/wp-content\/uploads\/2020\/03\/joaquin-y-jesus-llegando-a-la-brecha-de-rolando-1024x690.jpg 1024w, https:\/\/www.monta\u00f1asdelaluna.es\/wp-content\/uploads\/2020\/03\/joaquin-y-jesus-llegando-a-la-brecha-de-rolando-300x202.jpg 300w, https:\/\/www.monta\u00f1asdelaluna.es\/wp-content\/uploads\/2020\/03\/joaquin-y-jesus-llegando-a-la-brecha-de-rolando.jpg 1783w\" sizes=\"auto, (max-width: 822px) 100vw, 822px\" \/><\/a><p id=\"caption-attachment-42258\" class=\"wp-caption-text\">Llegando a la Brecha de Rolando<\/p><\/div>\n<p>Pero antes de llegar, el camino pasa por una escalonada pared que hay que atravesar horizontalmente y que puede ponerte los pelos de punta. Ayudado por una cadena cogida a la pared por unas clavijas (como las de Soaso pero en horizontal). La ca\u00edda aqu\u00ed puede ser desastrosa, peligrosa, por eso llevamos atenci\u00f3n en poner los pies en los peque\u00f1\u00edsimos escalones (que en ocasiones solo te cabe medio pi\u00e9) y nos cogemos con firmeza a la cadena y a la pared. No es complicado, solo impresiona por el lugar por donde se cruza. La mochila hace que su peso desv\u00ede tu centro de gravedad y el desequilibrio puede ser fatal y f\u00e1cil que ocurra. Pero lo cruzamos sin complicaciones.<br \/>\nPoco tiempo despu\u00e9s de cruzar por dichas clavijas, llegamos al enorme hueco de la Brecha de Rolando. En todo el recorrido hay gente; es una ruta muy transitada. En la Brecha hay gente descansando, contemplando el gran tajo, lo recorrido y lo que falta por recorrer. Aqu\u00ed miramos el mapa. Una senda a la izquierda, seg\u00fan llegamos de G\u00f3riz, y por la parte espa\u00f1ola, sube, sorteando las paredes del Pic Bazillac, a la cumbre del (seg\u00fan dicen) pico de tres mil metros m\u00e1s f\u00e1cil del Pirineo: el Taill\u00f3n. Paco sugiere subirlo, ya que est\u00e1 escasamente a una hora de la Brecha. Dejamos las mochilas escondidas entre unas rocas en la misma Brecha y emprendemos la suave subida hac\u00eda el Taill\u00f3n sin peso para ir m\u00e1s c\u00f3modos.<\/p>\n<div id=\"attachment_42262\" style=\"width: 831px\" class=\"wp-caption aligncenter\"><a class=\"dt-single-image\" href=\"http:\/\/monta\u00f1asdelaluna.com\/wp-content\/uploads\/2020\/03\/paco-y-joaquin-haciendo-como-que-llegan-a-la-cima-del-taillon.jpg\" data-dt-img-description=\"\"><img loading=\"lazy\" decoding=\"async\" aria-describedby=\"caption-attachment-42262\" class=\"wp-image-42262 \" src=\"http:\/\/monta\u00f1asdelaluna.com\/wp-content\/uploads\/2020\/03\/paco-y-joaquin-haciendo-como-que-llegan-a-la-cima-del-taillon-1024x695.jpg\" alt=\"MontePerdido99-12 001\" width=\"821\" height=\"557\" srcset=\"https:\/\/www.monta\u00f1asdelaluna.es\/wp-content\/uploads\/2020\/03\/paco-y-joaquin-haciendo-como-que-llegan-a-la-cima-del-taillon-1024x695.jpg 1024w, https:\/\/www.monta\u00f1asdelaluna.es\/wp-content\/uploads\/2020\/03\/paco-y-joaquin-haciendo-como-que-llegan-a-la-cima-del-taillon-300x204.jpg 300w, https:\/\/www.monta\u00f1asdelaluna.es\/wp-content\/uploads\/2020\/03\/paco-y-joaquin-haciendo-como-que-llegan-a-la-cima-del-taillon.jpg 1770w\" sizes=\"auto, (max-width: 821px) 100vw, 821px\" \/><\/a><p id=\"caption-attachment-42262\" class=\"wp-caption-text\">Paco y Joaqu\u00edn llegando a la cima del Taill\u00f3n, 3.144 mts.<\/p><\/div>\n<div id=\"attachment_42259\" style=\"width: 695px\" class=\"wp-caption aligncenter\"><a class=\"dt-single-image\" href=\"http:\/\/monta\u00f1asdelaluna.com\/wp-content\/uploads\/2020\/03\/jesus-paco-y-joaquin-en-la-cima-del-taillon-3-144-mts.jpg\" data-dt-img-description=\"\"><img loading=\"lazy\" decoding=\"async\" aria-describedby=\"caption-attachment-42259\" class=\"wp-image-42259 size-large\" src=\"http:\/\/monta\u00f1asdelaluna.com\/wp-content\/uploads\/2020\/03\/jesus-paco-y-joaquin-en-la-cima-del-taillon-3-144-mts-685x1024.jpg\" alt=\"MontePerdido99-9 001\" width=\"685\" height=\"1024\" srcset=\"https:\/\/www.monta\u00f1asdelaluna.es\/wp-content\/uploads\/2020\/03\/jesus-paco-y-joaquin-en-la-cima-del-taillon-3-144-mts-685x1024.jpg 685w, https:\/\/www.monta\u00f1asdelaluna.es\/wp-content\/uploads\/2020\/03\/jesus-paco-y-joaquin-en-la-cima-del-taillon-3-144-mts-201x300.jpg 201w, https:\/\/www.monta\u00f1asdelaluna.es\/wp-content\/uploads\/2020\/03\/jesus-paco-y-joaquin-en-la-cima-del-taillon-3-144-mts.jpg 1195w\" sizes=\"auto, (max-width: 685px) 100vw, 685px\" \/><\/a><p id=\"caption-attachment-42259\" class=\"wp-caption-text\">Jes\u00fas, Paco y Joaqu\u00edn en la cima del Taill\u00f3n, 3.144 mts.<\/p><\/div>\n<p>El tiempo sigue con sus nubes con la impresi\u00f3n de que no despejar\u00e1 nunca, ya que durante todo el viaje nos han acompa\u00f1ado esas nubes a veces compactas y otras sueltas y dispersas que imped\u00edan una visi\u00f3n completa del paisaje. A este pico tambi\u00e9n sube mucha gente ya que no tiene ninguna complicaci\u00f3n, es un verdadero paseo. Ya en su cumbre alomada y suave hay muchos monta\u00f1eros y excursionistas que han subido a este f\u00e1cil pico.<\/p>\n<p>Al otro lado los Gabietos hincan sus puntas, algo m\u00e1s bajas que el Taill\u00f3n, en una espesa y blanca nube como ara\u00f1ando su blanquecino algod\u00f3n con sus, verdaderamente, puntiagudos y encrespados picos. M\u00e1s all\u00e1, las nubes nos hace dif\u00edcil la visi\u00f3n del resto de los Pirineos.<\/p>\n<p>No estamos mucho tiempo en su cumbre y despu\u00e9s de la foto de rigor bajamos de nuevo a la Brecha. Podemos observar, mientras bajamos, los perfiles de El Casco, apreciando perfectamente la forma caracter\u00edstica que le da el nombre. M\u00e1s all\u00e1 se muestran los perfiles oeste de El Cilindro y Monte Perdido, cubiertos totalmente aquel d\u00eda. Bordeamos las paredes sur del Pic Bazillac de nuevo y llegamos a la Brecha de Rolando para cruzarla y meternos en territorio franc\u00e9s.<\/p>\n<div id=\"attachment_42264\" style=\"width: 697px\" class=\"wp-caption aligncenter\"><a class=\"dt-single-image\" href=\"http:\/\/monta\u00f1asdelaluna.com\/wp-content\/uploads\/2020\/03\/bordeando-el-pic-bazillac.jpg\" data-dt-img-description=\"\"><img loading=\"lazy\" decoding=\"async\" aria-describedby=\"caption-attachment-42264\" class=\"wp-image-42264 size-large\" src=\"http:\/\/monta\u00f1asdelaluna.com\/wp-content\/uploads\/2020\/03\/bordeando-el-pic-bazillac-687x1024.jpg\" alt=\"MontePerdido99-14 001\" width=\"687\" height=\"1024\" srcset=\"https:\/\/www.monta\u00f1asdelaluna.es\/wp-content\/uploads\/2020\/03\/bordeando-el-pic-bazillac-687x1024.jpg 687w, https:\/\/www.monta\u00f1asdelaluna.es\/wp-content\/uploads\/2020\/03\/bordeando-el-pic-bazillac-201x300.jpg 201w, https:\/\/www.monta\u00f1asdelaluna.es\/wp-content\/uploads\/2020\/03\/bordeando-el-pic-bazillac.jpg 1195w\" sizes=\"auto, (max-width: 687px) 100vw, 687px\" \/><\/a><p id=\"caption-attachment-42264\" class=\"wp-caption-text\">Bordeando el Pic Bazillac<\/p><\/div>\n<p>Al otro lado de la Brecha las nubes lo cubren todo. No se ve nada. Desgraciadamente no podemos admirar desde esta parte, el magn\u00edfico e impresionante Circo de Gavarni\u00e9 con sus vertiginosas y altivas paredes con un desnivel de m\u00e1s de mil quinientos metros. Sus enormes cascadas con un salto espectacular hasta el fondo del Valle de Gavarni\u00e9. En otra ocasi\u00f3n volver\u00e9 nada m\u00e1s, entre otras cosas, para disfrutar y sumergirme en la belleza de este inmenso anfiteatro natural para llenarme con su espect\u00e1culo y hermosura.<\/p>\n<p>Despu\u00e9s una vertiginosa bajada cruzando un trozo del glaciar de la Brecha y por una senda especialmente empinada inmersos en una espesa y fr\u00eda niebla, llegamos al Refugio de Serradets o de La Brecha de Rolando. No demasiado grande pero estrat\u00e9gicamente construido en un lugar a una altura considerable en lo que debe ser un mirador excepcional del Circo de Gavarni\u00e9 y del Pirineo franc\u00e9s. Aunque nosotros no ve\u00edamos \u201cni papa\u201d con esta niebla. Permanecemos poco tiempo en el refugio. Compramos agua (a precio franc\u00e9s; caro) y bajamos en busca del Puerto de Bujaruelo o Gavarni\u00e9 con la intenci\u00f3n de bajar al Valle de Bujaruelo o del Ara, y pasar la noche en el camping de Bujaruelo.<\/p>\n<div id=\"attachment_42267\" style=\"width: 832px\" class=\"wp-caption aligncenter\"><a class=\"dt-single-image\" href=\"http:\/\/monta\u00f1asdelaluna.com\/wp-content\/uploads\/2020\/03\/joaquin-paco-y-jesus-en-el-refugio-de-serradets-2-587-mts.jpg\" data-dt-img-description=\"\"><img loading=\"lazy\" decoding=\"async\" aria-describedby=\"caption-attachment-42267\" class=\"wp-image-42267 \" src=\"http:\/\/monta\u00f1asdelaluna.com\/wp-content\/uploads\/2020\/03\/joaquin-paco-y-jesus-en-el-refugio-de-serradets-2-587-mts-1024x691.jpg\" alt=\"MontePerdido99-17 001\" width=\"822\" height=\"555\" srcset=\"https:\/\/www.monta\u00f1asdelaluna.es\/wp-content\/uploads\/2020\/03\/joaquin-paco-y-jesus-en-el-refugio-de-serradets-2-587-mts-1024x691.jpg 1024w, https:\/\/www.monta\u00f1asdelaluna.es\/wp-content\/uploads\/2020\/03\/joaquin-paco-y-jesus-en-el-refugio-de-serradets-2-587-mts-300x202.jpg 300w, https:\/\/www.monta\u00f1asdelaluna.es\/wp-content\/uploads\/2020\/03\/joaquin-paco-y-jesus-en-el-refugio-de-serradets-2-587-mts.jpg 1781w\" sizes=\"auto, (max-width: 822px) 100vw, 822px\" \/><\/a><p id=\"caption-attachment-42267\" class=\"wp-caption-text\">Joaqu\u00edn, Paco y Jes\u00fas en el Refugio de Serradets<\/p><\/div>\n<div id=\"attachment_42268\" style=\"width: 830px\" class=\"wp-caption aligncenter\"><a class=\"dt-single-image\" href=\"http:\/\/monta\u00f1asdelaluna.com\/wp-content\/uploads\/2020\/03\/refugio-de-serradets-2-587-mts.jpg\" data-dt-img-description=\"\"><img loading=\"lazy\" decoding=\"async\" aria-describedby=\"caption-attachment-42268\" class=\"wp-image-42268 \" src=\"http:\/\/monta\u00f1asdelaluna.com\/wp-content\/uploads\/2020\/03\/refugio-de-serradets-2-587-mts-1024x698.jpg\" alt=\"MontePerdido99-18 001\" width=\"820\" height=\"559\" srcset=\"https:\/\/www.monta\u00f1asdelaluna.es\/wp-content\/uploads\/2020\/03\/refugio-de-serradets-2-587-mts-1024x698.jpg 1024w, https:\/\/www.monta\u00f1asdelaluna.es\/wp-content\/uploads\/2020\/03\/refugio-de-serradets-2-587-mts-300x205.jpg 300w, https:\/\/www.monta\u00f1asdelaluna.es\/wp-content\/uploads\/2020\/03\/refugio-de-serradets-2-587-mts.jpg 1771w\" sizes=\"auto, (max-width: 820px) 100vw, 820px\" \/><\/a><p id=\"caption-attachment-42268\" class=\"wp-caption-text\">Refugio de Serradets<\/p><\/div>\n<p>La senda que va del Refugio de Serradets al Puerto de Bujaruelo es una autopista, est\u00e1 muy bien marcada y transitada. Hac\u00eda arriba deber\u00edamos ver las caras norte del Taill\u00f3n y Los Gabietos con sus glaciares, pero la espesa niebla nos sigue impidiendo ver las alturas y seguimos inmersos en ella. Cruzamos riachuelos y cascadillas que bajan de las laderas de estos picos. Y ya al cabo del tiempo y de seguir una senda ancha y muy usada, llegamos al Puerto de Bujaruelo o Gavarni\u00e9; otra vez frontera entre Espa\u00f1a y Francia, para entrar en Espa\u00f1a.<\/p>\n<p>Aqu\u00ed las nubes se quedan altas y se despeja de tres mil metros hac\u00eda abajo, de forma que podemos ver el Valle de Bujaruelo o de Ara despejado con los macizos que lo rodean del Tende\u00f1era y Mallarruego, entre otros, bajo una l\u00ednea de nubes sombr\u00edas. Atr\u00e1s, las nubes se quedan, tambi\u00e9n, en la parte francesa, tapando a\u00fan toda la magn\u00edfica vista hac\u00eda el Circo de Gavarni\u00e9. Ahora debemos bajar a este verde y bonito valle sin haber tenido la oportunidad de haber contemplado dicho circo, y a partir de aqu\u00ed otro valle y otros paisajes se abrir\u00e1n a nosotros en los espl\u00e9ndidos Pirineos.<\/p>\n<div id=\"attachment_42272\" style=\"width: 697px\" class=\"wp-caption aligncenter\"><a class=\"dt-single-image\" href=\"http:\/\/monta\u00f1asdelaluna.com\/wp-content\/uploads\/2020\/03\/jesus-y-joaquin-en-el-puerto-de-bujaruelo-2-270-mts.jpg\" data-dt-img-description=\"\"><img loading=\"lazy\" decoding=\"async\" aria-describedby=\"caption-attachment-42272\" class=\"wp-image-42272 size-large\" src=\"http:\/\/monta\u00f1asdelaluna.com\/wp-content\/uploads\/2020\/03\/jesus-y-joaquin-en-el-puerto-de-bujaruelo-2-270-mts-687x1024.jpg\" alt=\"MontePerdido99-22 001\" width=\"687\" height=\"1024\" srcset=\"https:\/\/www.monta\u00f1asdelaluna.es\/wp-content\/uploads\/2020\/03\/jesus-y-joaquin-en-el-puerto-de-bujaruelo-2-270-mts-687x1024.jpg 687w, https:\/\/www.monta\u00f1asdelaluna.es\/wp-content\/uploads\/2020\/03\/jesus-y-joaquin-en-el-puerto-de-bujaruelo-2-270-mts-201x300.jpg 201w, https:\/\/www.monta\u00f1asdelaluna.es\/wp-content\/uploads\/2020\/03\/jesus-y-joaquin-en-el-puerto-de-bujaruelo-2-270-mts.jpg 1195w\" sizes=\"auto, (max-width: 687px) 100vw, 687px\" \/><\/a><p id=\"caption-attachment-42272\" class=\"wp-caption-text\">Jes\u00fas y Joaqu\u00edn en el Puerto de Bujaruelo<\/p><\/div>\n<p>La bajada es sinuosa y constante, sin un respiro para la horizontalidad. Ahora el verdor de los prados altos, el calor y la calma inundan el valle a medida que bajamos. En frente nuestro, al otro lado de las laderas del Valle de Bujaruelo en las que nos encontr\u00e1bamos, un bonito y corto valle colgado de muestra ante nosotros con formas redondeadas y suaves, pero abruptas y escarpadas en sus cumbres. Es el Valle de Otal. Plagado de bosques y prados muy verdes que lo hacen hermoso y enigm\u00e1tico.<\/p>\n<p>Acerc\u00e1ndonos ya a Bujaruelo nos adentramos en el bosque que habita los alrededores y Paco, al darse la vuelta, para ver por donde segu\u00eda y verme la cara, me pregunta: \u201c\u00bfEstas cansado?\u201d Al rato le contesto: \u201cCansado no; m\u00e1s bien harto. \u00a1Harto de tanto andar!\u201d. Y efectivamente hab\u00edamos hecho una marcha algo larga con la subida a un tres mil. Muy completa y sobretodo, bonita (a pesar de las nubes).<\/p>\n<p>Ya estamos en Bujaruelo, en su camping. Despu\u00e9s de cruzar su magn\u00edfico y bien conservado puente rom\u00e1nico que cruza el R\u00edo Ara, volvemos a la civilizaci\u00f3n. Lo que ocurri\u00f3 aquella noche fue lo esperado despu\u00e9s de la alegr\u00eda de haber cumplido con \u00e9xito los objetivos, y de haber hecho tan buena actividad. Lo celebramos. Lo pasamos muy bien aquella noche. Es importante divertirse y pasar buenos ratos en compa\u00f1\u00eda de tus compa\u00f1eros de monta\u00f1a una vez que has realizado con \u00e9xito (o sin \u00e9l) una buena actividad monta\u00f1era. No es imprescindible ni obligado, pero as\u00ed los lazos de amistad\u00a0 compa\u00f1erismo se cierran m\u00e1s entorno a vosotros.<\/p>\n<div id=\"attachment_25177\" style=\"width: 769px\" class=\"wp-caption aligncenter\"><a class=\"dt-single-image\" href=\"http:\/\/monta\u00f1asdelaluna.com\/wp-content\/uploads\/1999\/08\/4\u00ba-recorrido-Taillon.jpg\" data-dt-img-description=\"\"><img loading=\"lazy\" decoding=\"async\" aria-describedby=\"caption-attachment-25177\" class=\"wp-image-25177 size-full\" src=\"http:\/\/monta\u00f1asdelaluna.com\/wp-content\/uploads\/1999\/08\/4\u00ba-recorrido-Taillon.jpg\" alt=\"4\u00ba recorrido Taillon\" width=\"759\" height=\"323\" srcset=\"https:\/\/www.monta\u00f1asdelaluna.es\/wp-content\/uploads\/1999\/08\/4\u00ba-recorrido-Taillon.jpg 759w, https:\/\/www.monta\u00f1asdelaluna.es\/wp-content\/uploads\/1999\/08\/4\u00ba-recorrido-Taillon-300x128.jpg 300w\" sizes=\"auto, (max-width: 759px) 100vw, 759px\" \/><\/a><p id=\"caption-attachment-25177\" class=\"wp-caption-text\">Croquis del recorrido de G\u00f3riz a Bujaruelo subiendo el Taill\u00f3n<\/p><\/div>\n<p>Al otro d\u00eda nos levantamos para finalizar el viaje. Solo hay dos horas de Bujaruelo a Torla por un camino por el que pasan los coches, valle abajo desembocando en la entrada al Valle de Ordesa, en el Valle de Broto. Es incre\u00edble que no tenga nada, nada de resaca despu\u00e9s de&#8230; la noche pasada. Lo siento por las personas que molestamos en el camping.<\/p>\n<p>En la bajada hac\u00eda Torla, las cascadas y riachuelos que bajaban al r\u00edo Ara inundaban al paisaje, las laderas, en todo un espect\u00e1culo de vida y agua. Fue una marcha tranquila y relajada de regreso a Torla y sin darnos cuenta, llegamos a Torla, donde dejamos el coche.<\/p>\n<div id=\"attachment_25178\" style=\"width: 405px\" class=\"wp-caption aligncenter\"><a class=\"dt-single-image\" href=\"http:\/\/monta\u00f1asdelaluna.com\/wp-content\/uploads\/1999\/08\/5\u00ba-recorrido-Torla.jpg\" data-dt-img-description=\"\"><img loading=\"lazy\" decoding=\"async\" aria-describedby=\"caption-attachment-25178\" class=\"wp-image-25178 size-full\" src=\"http:\/\/monta\u00f1asdelaluna.com\/wp-content\/uploads\/1999\/08\/5\u00ba-recorrido-Torla.jpg\" alt=\"5\u00ba recorrido Torla\" width=\"395\" height=\"1169\" srcset=\"https:\/\/www.monta\u00f1asdelaluna.es\/wp-content\/uploads\/1999\/08\/5\u00ba-recorrido-Torla.jpg 395w, https:\/\/www.monta\u00f1asdelaluna.es\/wp-content\/uploads\/1999\/08\/5\u00ba-recorrido-Torla-101x300.jpg 101w, https:\/\/www.monta\u00f1asdelaluna.es\/wp-content\/uploads\/1999\/08\/5\u00ba-recorrido-Torla-346x1024.jpg 346w\" sizes=\"auto, (max-width: 395px) 100vw, 395px\" \/><\/a><p id=\"caption-attachment-25178\" class=\"wp-caption-text\">Croquis del recorrido de Bujaruelo a Torla<\/p><\/div>\n<p>Desde Torla y con la visi\u00f3n del alto y boscoso Mondarruego, entrada y frontera entre el Valle de Ordesa y el de Bujaruelo, con sus enormes desniveles y paredes, despedimos estas hermosas monta\u00f1as y valles con la satisfacci\u00f3n de haber realizado una magn\u00edfica actividad.<\/p>\n<p>Realmente el Parque Nacional de Ordesa y Monte Perdido es uno de los lugares m\u00e1s espectaculares y bonitos de los Pirineos. Merece la pena recorrerse sus sendas, laderas y monta\u00f1as en un paisaje encantador y \u00fanico. Es importante cuidarlo, ya que la masificaci\u00f3n de gente, turistas, monta\u00f1eros y, en s\u00ed, visitantes, afecta de forma considerable al terreno y al paisaje. No debemos olvidar que estamos en lugares vulnerables y delicados, a pesar de sus grandiosos y aparentemente fuertes muros, paredes y laderas. Son lugares para recorrerlos y disfrutarlos siempre.<\/p>\n<div id=\"attachment_25179\" style=\"width: 751px\" class=\"wp-caption aligncenter\"><a class=\"dt-single-image\" href=\"http:\/\/monta\u00f1asdelaluna.com\/wp-content\/uploads\/1999\/08\/Parque-Nacinal-de-Ordesa.-Recorrido-total.jpg\" data-dt-img-description=\"\"><img loading=\"lazy\" decoding=\"async\" aria-describedby=\"caption-attachment-25179\" class=\"wp-image-25179 size-full\" src=\"http:\/\/monta\u00f1asdelaluna.com\/wp-content\/uploads\/1999\/08\/Parque-Nacinal-de-Ordesa.-Recorrido-total.jpg\" alt=\"Parque Nacinal de Ordesa. Recorrido total\" width=\"741\" height=\"482\" srcset=\"https:\/\/www.monta\u00f1asdelaluna.es\/wp-content\/uploads\/1999\/08\/Parque-Nacinal-de-Ordesa.-Recorrido-total.jpg 741w, https:\/\/www.monta\u00f1asdelaluna.es\/wp-content\/uploads\/1999\/08\/Parque-Nacinal-de-Ordesa.-Recorrido-total-300x195.jpg 300w\" sizes=\"auto, (max-width: 741px) 100vw, 741px\" \/><\/a><p id=\"caption-attachment-25179\" class=\"wp-caption-text\">Croquis del recorrido completo: Ordesa, Monte Perdido, Taill\u00f3n, Bujaruelo<\/p><\/div>\n<p>[\/vc_column_text][\/vc_column][\/vc_row][vc_row][vc_column][vc_empty_space height=\u00bb60px\u00bb][\/vc_column][\/vc_row][vc_row][vc_column][vc_cta h2=\u00bb\u00c1lbum de fotos\u00bb txt_align=\u00bbcenter\u00bb add_button=\u00bbbottom\u00bb btn_title=\u00bbVer fotos\u00bb btn_color=\u00bbwarning\u00bb btn_align=\u00bbcenter\u00bb btn_link=\u00bburl:https%3A%2F%2Fmonta%C3%B1asdelaluna.es%2F%3Fdt_gallery%3Dmonte-perdido-la-montana-escondida-3|title:Monte%20Perdido.%20La%20monta%C3%B1a%20escondida|target:_blank\u00bb css=\u00bb.vc_custom_1625754316169{background-color: #8bc4ed !important;}\u00bb]Puedes ver todas las fotos del relato y actividad en forma de presentaci\u00f3n o individuales pinchando aqui \u00a1No te las pierdas![\/vc_cta][\/vc_column][\/vc_row][vc_row][vc_column][vc_empty_space height=\u00bb60px\u00bb][\/vc_column][\/vc_row][vc_row][vc_column width=\u00bb1\/6&#8243;][\/vc_column][vc_column width=\u00bb1\/3&#8243;][vc_empty_space height=\u00bb24px\u00bb][vc_raw_html]JTNDaWZyYW1lJTIwc3JjJTNEJTIyaHR0cHMlM0ElMkYlMkZ3d3cubWV0ZW9ibHVlLmNvbSUyRmVzJTJGdGllbXBvJTJGd2lkZ2V0JTJGZGFpbHklMkZtb250ZS1wZXJkaWRvX2VzcGElMjVjMyUyNWIxYV8zMTEzNzc3JTNGZGF5cyUzRDclMjZ0ZW1wdW5pdCUzRENFTFNJVVMlMjZ3aW5kdW5pdCUzREtJTE9NRVRFUl9QRVJfSE9VUiUyNnBpY3RvaWNvbiUzRDElMjZtYXh0ZW1wZXJhdHVyZSUzRDElMjZtaW50ZW1wZXJhdHVyZSUzRDElMjZ3aW5kc3BlZWQlM0QxJTI2d2luZGd1c3QlM0QxJTI2d2luZGRpcmVjdGlvbiUzRDElMjZwcmVjaXBpdGF0aW9uJTNEMSUyNnByZWNpcGl0YXRpb25wcm9iYWJpbGl0eSUzRDElMjZzcG90JTNEMSUyNnByZXNzdXJlJTNEMSUyNmxheW91dCUzRGxpZ2h0JTIyJTIwJTIwZnJhbWVib3JkZXIlM0QlMjIwJTIyJTIwc2Nyb2xsaW5nJTNEJTIyTk8lMjIlMjBhbGxvd3RyYW5zcGFyZW5jeSUzRCUyMnRydWUlMjIlMjBzdHlsZSUzRCUyMndpZHRoJTNBJTIwMzc4cHglM0JoZWlnaHQlM0ElMjAzOTFweCUyMiUzRSUzQyUyRmlmcmFtZSUzRSUzQ2RpdiUzRSUzQyUyMS0tJTIwRE8lMjBOT1QlMjBSRU1PVkUlMjBUSElTJTIwTElOSyUyMC0tJTNFJTNDYSUyMGhyZWYlM0QlMjJodHRwcyUzQSUyRiUyRnd3dy5tZXRlb2JsdWUuY29tJTJGZXMlMkZ0aWVtcG8lMkZwcm9ub3N0aWNvJTJGc2VtYW5hJTJGbW9udGUtcGVyZGlkb19lc3BhJTI1YzMlMjViMWFfMzExMzc3NyUyMiUyMHRhcmdldCUzRCUyMl9ibGFuayUyMiUzRW1ldGVvYmx1ZSUzQyUyRmElM0UlM0MlMkZkaXYlM0U=[\/vc_raw_html][\/vc_column][vc_column width=\u00bb1\/3&#8243;][vc_column_text]Tiempo en Bujaruelo[\/vc_column_text][vc_raw_html]JTNDaWZyYW1lJTIwc3JjJTNEJTIyaHR0cHMlM0ElMkYlMkZ3d3cubWV0ZW9ibHVlLmNvbSUyRmVzJTJGdGllbXBvJTJGd2lkZ2V0JTJGZGFpbHklMkY0Mi42OTROLTAuMTA3RSUzRmRheXMlM0Q3JTI2dGVtcHVuaXQlM0RDRUxTSVVTJTI2d2luZHVuaXQlM0RLSUxPTUVURVJfUEVSX0hPVVIlMjZwaWN0b2ljb24lM0QxJTI2bWF4dGVtcGVyYXR1cmUlM0QxJTI2bWludGVtcGVyYXR1cmUlM0QxJTI2d2luZHNwZWVkJTNEMSUyNndpbmRndXN0JTNEMSUyNndpbmRkaXJlY3Rpb24lM0QxJTI2cHJlY2lwaXRhdGlvbiUzRDElMjZwcmVjaXBpdGF0aW9ucHJvYmFiaWxpdHklM0QxJTI2c3BvdCUzRDElMjZwcmVzc3VyZSUzRDElMjZsYXlvdXQlM0RsaWdodCUyMiUyMCUyMGZyYW1lYm9yZGVyJTNEJTIyMCUyMiUyMHNjcm9sbGluZyUzRCUyMk5PJTIyJTIwYWxsb3d0cmFuc3BhcmVuY3klM0QlMjJ0cnVlJTIyJTIwc3R5bGUlM0QlMjJ3aWR0aCUzQSUyMDM3OHB4JTNCaGVpZ2h0JTNBJTIwMzkxcHglMjIlM0UlM0MlMkZpZnJhbWUlM0UlM0NkaXYlM0UlM0MlMjEtLSUyMERPJTIwTk9UJTIwUkVNT1ZFJTIwVEhJUyUyMExJTkslMjAtLSUzRSUzQ2ElMjBocmVmJTNEJTIyaHR0cHMlM0ElMkYlMkZ3d3cubWV0ZW9ibHVlLmNvbSUyRmVzJTJGdGllbXBvJTJGcHJvbm9zdGljbyUyRnNlbWFuYSUyRjQyLjY5NE4tMC4xMDdFJTIyJTIwdGFyZ2V0JTNEJTIyX2JsYW5rJTIyJTNFbWV0ZW9ibHVlJTNDJTJGYSUzRSUzQyUyRmRpdiUzRQ==[\/vc_raw_html][\/vc_column][vc_column width=\u00bb1\/6&#8243;][\/vc_column][\/vc_row]<\/p>\n","protected":false},"excerpt":{"rendered":"<p>[vc_row][vc_column][vc_column_text]Dicen que a la tercera va la vencida. Por ello en el verano del noventa y nueve Paco Mart\u00ednez me invit\u00f3 a irme con \u00e9l y con Jes\u00fas Andujar a Ordesa para subir a Monte Perdido. Yo no estaba preparado ni estaba en mis planes salir de viaje ese verano, es m\u00e1s, llevaba una temporada&hellip;<\/p>\n","protected":false},"author":1,"featured_media":42251,"comment_status":"open","ping_status":"open","sticky":false,"template":"","format":"standard","meta":[],"categories":[126],"tags":[],"class_list":["post-25169","post","type-post","status-publish","format-standard","has-post-thumbnail","hentry","category-valle-del-cinca","category-126","description-off"],"_links":{"self":[{"href":"https:\/\/www.monta\u00f1asdelaluna.es\/index.php?rest_route=\/wp\/v2\/posts\/25169","targetHints":{"allow":["GET"]}}],"collection":[{"href":"https:\/\/www.monta\u00f1asdelaluna.es\/index.php?rest_route=\/wp\/v2\/posts"}],"about":[{"href":"https:\/\/www.monta\u00f1asdelaluna.es\/index.php?rest_route=\/wp\/v2\/types\/post"}],"author":[{"embeddable":true,"href":"https:\/\/www.monta\u00f1asdelaluna.es\/index.php?rest_route=\/wp\/v2\/users\/1"}],"replies":[{"embeddable":true,"href":"https:\/\/www.monta\u00f1asdelaluna.es\/index.php?rest_route=%2Fwp%2Fv2%2Fcomments&post=25169"}],"version-history":[{"count":9,"href":"https:\/\/www.monta\u00f1asdelaluna.es\/index.php?rest_route=\/wp\/v2\/posts\/25169\/revisions"}],"predecessor-version":[{"id":25172,"href":"https:\/\/www.monta\u00f1asdelaluna.es\/index.php?rest_route=\/wp\/v2\/posts\/25169\/revisions\/25172"}],"wp:featuredmedia":[{"embeddable":true,"href":"https:\/\/www.monta\u00f1asdelaluna.es\/index.php?rest_route=\/wp\/v2\/media\/42251"}],"wp:attachment":[{"href":"https:\/\/www.monta\u00f1asdelaluna.es\/index.php?rest_route=%2Fwp%2Fv2%2Fmedia&parent=25169"}],"wp:term":[{"taxonomy":"category","embeddable":true,"href":"https:\/\/www.monta\u00f1asdelaluna.es\/index.php?rest_route=%2Fwp%2Fv2%2Fcategories&post=25169"},{"taxonomy":"post_tag","embeddable":true,"href":"https:\/\/www.monta\u00f1asdelaluna.es\/index.php?rest_route=%2Fwp%2Fv2%2Ftags&post=25169"}],"curies":[{"name":"wp","href":"https:\/\/api.w.org\/{rel}","templated":true}]}}