{"id":25218,"date":"2014-07-05T14:52:47","date_gmt":"2014-07-05T14:52:47","guid":{"rendered":"http:\/\/monta\u00f1asdelaluna.com\/?p=25218"},"modified":"2021-08-03T07:03:44","modified_gmt":"2021-08-03T07:03:44","slug":"5-de-julio-del-2-014-sabado-5o-etapa-vallferrera-tavascan","status":"publish","type":"post","link":"https:\/\/www.monta\u00f1asdelaluna.es\/?p=25218","title":{"rendered":"5 de julio del 2.014, s\u00e1bado. 5\u00ba Etapa: Vallferrera-Tavasc\u00e1n"},"content":{"rendered":"<p>[vc_row][vc_column][vc_column_text]A pesar de la cantidad de gente esta noche en el refugio (mucha comparada con las anteriores noches), hemos dormido bien y holgados. Nos despertamos a eso de las 6 de la ma\u00f1ana para poder desayunar a las 6\u201930. Hay monta\u00f1eros que se han levantado a las 5. Supongo que ir\u00edan a subir la Pica d\u2019Estats, ya que dec\u00edan que hoy har\u00eda buen tiempo.<\/p>\n<p>Despu\u00e9s de ese desayuno pobre para lo que nos viene encima y com\u00fan en casi todos los refugio, nos preparamos y salimos del Refugio Vallferrera, no sin antes despedirme y agradecerle todo (la llamada a Anna) al guarda, el cual siempre me llamaba y recordaba mi nombre. Gracias.<\/p>\n<div id=\"attachment_25183\" style=\"width: 573px\" class=\"wp-caption aligncenter\"><a class=\"dt-single-image\" href=\"https:\/\/www.monta\u00f1asdelaluna.es\/wp-content\/uploads\/2015\/11\/P7050215.jpg\" data-dt-img-description=\"\"><img loading=\"lazy\" decoding=\"async\" aria-describedby=\"caption-attachment-25183\" class=\"wp-image-25183 size-full\" src=\"https:\/\/www.monta\u00f1asdelaluna.es\/wp-content\/uploads\/2015\/11\/P7050215.jpg\" alt=\"Refugio de Vallferrera\" width=\"563\" height=\"751\" srcset=\"https:\/\/www.monta\u00f1asdelaluna.es\/wp-content\/uploads\/2015\/11\/P7050215.jpg 563w, https:\/\/www.monta\u00f1asdelaluna.es\/wp-content\/uploads\/2015\/11\/P7050215-225x300.jpg 225w\" sizes=\"auto, (max-width: 563px) 100vw, 563px\" \/><\/a><p id=\"caption-attachment-25183\" class=\"wp-caption-text\">Refugio de Vallferrera<\/p><\/div>\n<p>Hace buen tiempo; pero con las t\u00edpicas nubes vespertinas de los Pirineos. No hace mucho fr\u00edo, quiz\u00e1s algo de fresco si vas en manga corta: \u201chay que salir con fr\u00edo\u201d. De nuevo decidimos salir los 5 juntos. Es nuestra \u00faltima etapa hasta Tavasc\u00e1n; y a la vez de las m\u00e1s durillas y de m\u00e1s kil\u00f3metros. Parece que debemos ir desde una punta del recorrido, hasta la otra. Desde las cimas de esta etapa podremos observar el recorrido por las diferentes etapas que quedaran al norte, noreste y este, desde el valle que sube a Graus y Noarre, Certasc\u00e1n y el macizo de la Pica por su parte norte y sur. Excepcional.<\/p>\n<p>Salimos del refugio por la ancha y empedrada senda normal de subida al mismo desde el aparcamiento de coches en la Vallferrera. Dejamos el sendero por el que bajamos atr\u00e1s y arriba, y ahora salimos hac\u00eda abajo, este y sur, en busca del caudaloso y ruidoso Barranc d\u2019Areste. Hermosos rincones. Fotos al bello fondo de la Vallferrera.<\/p>\n<div id=\"attachment_25212\" style=\"width: 580px\" class=\"wp-caption aligncenter\"><a class=\"dt-single-image\" href=\"https:\/\/www.monta\u00f1asdelaluna.es\/wp-content\/uploads\/2015\/11\/PortaDelCel-592.jpg\" data-dt-img-description=\"\"><img loading=\"lazy\" decoding=\"async\" aria-describedby=\"caption-attachment-25212\" class=\"wp-image-25212 size-full\" src=\"https:\/\/www.monta\u00f1asdelaluna.es\/wp-content\/uploads\/2015\/11\/PortaDelCel-592.jpg\" alt=\"Vallferrera\" width=\"570\" height=\"760\" srcset=\"https:\/\/www.monta\u00f1asdelaluna.es\/wp-content\/uploads\/2015\/11\/PortaDelCel-592.jpg 570w, https:\/\/www.monta\u00f1asdelaluna.es\/wp-content\/uploads\/2015\/11\/PortaDelCel-592-225x300.jpg 225w\" sizes=\"auto, (max-width: 570px) 100vw, 570px\" \/><\/a><p id=\"caption-attachment-25212\" class=\"wp-caption-text\">Vallferrera<\/p><\/div>\n<div id=\"attachment_25210\" style=\"width: 770px\" class=\"wp-caption aligncenter\"><a class=\"dt-single-image\" href=\"https:\/\/www.monta\u00f1asdelaluna.es\/wp-content\/uploads\/2015\/11\/PortaDelCel-590.jpg\" data-dt-img-description=\"\"><img loading=\"lazy\" decoding=\"async\" aria-describedby=\"caption-attachment-25210\" class=\"wp-image-25210 size-full\" src=\"https:\/\/www.monta\u00f1asdelaluna.es\/wp-content\/uploads\/2015\/11\/PortaDelCel-590.jpg\" alt=\"Vallferrera\" width=\"760\" height=\"570\" srcset=\"https:\/\/www.monta\u00f1asdelaluna.es\/wp-content\/uploads\/2015\/11\/PortaDelCel-590.jpg 760w, https:\/\/www.monta\u00f1asdelaluna.es\/wp-content\/uploads\/2015\/11\/PortaDelCel-590-300x225.jpg 300w\" sizes=\"auto, (max-width: 760px) 100vw, 760px\" \/><\/a><p id=\"caption-attachment-25210\" class=\"wp-caption-text\">Vallferrera<\/p><\/div>\n<p>Llegamos f\u00e1cilmente al Pont de Boet. Donde la pista aparece y algunos coches, supongo que del refugio, aparcados. Seguimos la pista valle abajo girando a la derecha y casi en direcci\u00f3n noroeste, paralelos al r\u00edo La Noguera de Vallferrera. M\u00e1s grande y caudaloso que el resto de r\u00edo cruzados. Debemos bajar altura con respecto al refugio, y acercarnos a los 1.710 mts. para luego volver a subir \u00a1Otra vez el subibaja! De momento vamos bajando.<\/p>\n<p>La pista pasa por un aparcamiento de coches; ya que m\u00e1s arriba una cadena impide el tr\u00e1nsito a \u00e9stos. Y enseguida otro aparcamiento debajo de \u00e9ste. Carteles se\u00f1alizadores. Hay que seguir en direcci\u00f3n al Refugio o Estany de Baborte. Al otro lado del aparcamiento bajamos por una sendilla que nos llevar\u00e1 hasta casi el lecho de La Noguera de Vallferrera. De momento inmersos en el c\u00e1lido y espectacular bosque del valle; verde y rodeado de agua por doquier.<\/p>\n<p>Abajo nos topamos con un puente que cruzamos que es casi como una \u201cpalanca\u201d que cruza los torrentes de alta monta\u00f1a, pero m\u00e1s grande y ancho, ya que abajo el r\u00edo es caudaloso y ancho. Un lugar precioso. Desde aqu\u00ed la senda gira y sigue bajando paralela al valle y a La Noguera de Vallferrera. Una senda que se interna en el bosque frondoso y verde, que no te deja ver los alrededores y resto de los lugares del espectacular valle de Vall Ferrera.<\/p>\n<div id=\"attachment_25186\" style=\"width: 761px\" class=\"wp-caption aligncenter\"><a class=\"dt-single-image\" href=\"https:\/\/www.monta\u00f1asdelaluna.es\/wp-content\/uploads\/2015\/11\/P7050231.jpg\" data-dt-img-description=\"\"><img loading=\"lazy\" decoding=\"async\" aria-describedby=\"caption-attachment-25186\" class=\"wp-image-25186 size-full\" src=\"https:\/\/www.monta\u00f1asdelaluna.es\/wp-content\/uploads\/2015\/11\/P7050231.jpg\" alt=\"Llegando a la Caba\u00f1a de Bassello\" width=\"751\" height=\"563\" srcset=\"https:\/\/www.monta\u00f1asdelaluna.es\/wp-content\/uploads\/2015\/11\/P7050231.jpg 751w, https:\/\/www.monta\u00f1asdelaluna.es\/wp-content\/uploads\/2015\/11\/P7050231-300x225.jpg 300w\" sizes=\"auto, (max-width: 751px) 100vw, 751px\" \/><\/a><p id=\"caption-attachment-25186\" class=\"wp-caption-text\">Llegando a la Caba\u00f1a de Bassello<\/p><\/div>\n<p>Un poco de subibaja y al final unos carteles informativos nos dir\u00e1n que debemos girar hac\u00eda el norte y derecha, y a partir de aqu\u00ed la senda comienza a empinarse y subir, y no dejar\u00e1 de hacerlo hasta llegar a las orillas el Estany de Baborte.<\/p>\n<p>Un prado y una caba\u00f1a. Me acerco curioso a ella. He salido del bosque. Es la Caba\u00f1a de Basello. El tiempo sigue bueno aunque con algunas nubes que van apareciendo para hacer bonito. Nos internamos ahora, aunque a las otras dos parejas les llevo una distancia, en el valle del Barranco de Baborte. A nuestra espalda dejamos el bello valle de Vall Ferrera. Poco a poco a medida que cojo altura, se empinan el Monteixo y los altos picos de casi 2.900 mts. van dejando ver sus prados de altura, rocoso, neveros\u2026 sobre un valle verd\u00edsimo de diferentes colores y tipos de bosques, sanos y espectaculares. Asombroso.<\/p>\n<div id=\"attachment_25187\" style=\"width: 761px\" class=\"wp-caption aligncenter\"><a class=\"dt-single-image\" href=\"https:\/\/www.monta\u00f1asdelaluna.es\/wp-content\/uploads\/2015\/11\/P7050232.jpg\" data-dt-img-description=\"\"><img loading=\"lazy\" decoding=\"async\" aria-describedby=\"caption-attachment-25187\" class=\"wp-image-25187 size-full\" src=\"https:\/\/www.monta\u00f1asdelaluna.es\/wp-content\/uploads\/2015\/11\/P7050232.jpg\" alt=\"Caba\u00f1a de Bassello\" width=\"751\" height=\"563\" srcset=\"https:\/\/www.monta\u00f1asdelaluna.es\/wp-content\/uploads\/2015\/11\/P7050232.jpg 751w, https:\/\/www.monta\u00f1asdelaluna.es\/wp-content\/uploads\/2015\/11\/P7050232-300x225.jpg 300w\" sizes=\"auto, (max-width: 751px) 100vw, 751px\" \/><\/a><p id=\"caption-attachment-25187\" class=\"wp-caption-text\">Caba\u00f1a de Bassello<\/p><\/div>\n<p>Pierdo a veces la senda. Cruzo \u00e1rboles ca\u00eddos y terrenos arrasados por aludes o desprendimientos, y esto parece que ha desviado en ocasiones las se\u00f1ales del mismo recorrido o senda. Pero al final la encuentro. A la izquierda aparece una cascada en el mismo Barranco de Baborte, se\u00f1al de que el terreno se escarpa, empina. Veo una especie de balc\u00f3n de roca all\u00e1 arriba que cierra el valle. T\u00edpico de las erosiones glaciares donde estos balcones empinados y abarrancados, esconde al otro lado o arriba de ellos, planicies o lagos de origen glaciar.<\/p>\n<p>Vuelvo a salir del bosque y ahora la senda, que no ha dejado de subir, parece que intenta allanarse cruzando terreno con poca vegetaci\u00f3n para llegar al balc\u00f3n antes nombrado. Detr\u00e1s m\u00edo all\u00e1 abajo, van subiendo las parejas y un numeroso grupo de monta\u00f1eros que antes no hab\u00eda visto. Mi intenci\u00f3n es parar en el balc\u00f3n para comer algo y descansar, ya que habr\u00e9 realizado el desnivel y subida seguida, m\u00e1s fuerte y larga de la etapa.<\/p>\n<div id=\"attachment_25188\" style=\"width: 761px\" class=\"wp-caption aligncenter\"><a class=\"dt-single-image\" href=\"https:\/\/www.monta\u00f1asdelaluna.es\/wp-content\/uploads\/2015\/11\/P7050244.jpg\" data-dt-img-description=\"\"><img loading=\"lazy\" decoding=\"async\" aria-describedby=\"caption-attachment-25188\" class=\"wp-image-25188 size-full\" src=\"https:\/\/www.monta\u00f1asdelaluna.es\/wp-content\/uploads\/2015\/11\/P7050244.jpg\" alt=\"Estany de Baborte\" width=\"751\" height=\"563\" srcset=\"https:\/\/www.monta\u00f1asdelaluna.es\/wp-content\/uploads\/2015\/11\/P7050244.jpg 751w, https:\/\/www.monta\u00f1asdelaluna.es\/wp-content\/uploads\/2015\/11\/P7050244-300x225.jpg 300w\" sizes=\"auto, (max-width: 751px) 100vw, 751px\" \/><\/a><p id=\"caption-attachment-25188\" class=\"wp-caption-text\">Estany de Baborte<\/p><\/div>\n<p>Llego al balc\u00f3n y me encuentro enfrente m\u00eda con otro excepcional y nuevo paisaje de alta monta\u00f1a, bello y espectacular: el Estany de Baborte y los altos picos alpinos de Baborte con su circo, y a la derecha e izquierda cerrando el paisaje el Pic de Pedres Blanques y Tres Pics respectivamente. Ya no hay \u00e1rboles; solo praderas rocas y algo de hierba. Los neveros tambi\u00e9n abundan en el circo, estoy a m\u00e1s de 2.300 mts. de altura. Me siento y me dispongo a sacar la poca comida que tenga, mientras dejo algo de mi ropa a secar, y observo como se acerca Jordi y Adriana.<\/p>\n<p>No puedo hacer fotos. Ya no tengo bater\u00eda en la c\u00e1mara. Pero mientras descanso, espero a Marta y Ra\u00fal para ver si nos hacemos fotos. Llega Jordi y Adriana. Comen algo, se hacen fotos y al poco tiempo siguen casi sin pararse un buen rato a descansar. Despu\u00e9s llega el grupo numeroso de monta\u00f1eros de edad mediana. Van a subir el Pic de Baborte. Se paran aqu\u00ed para admirar y hacerse fotos con el Estany de Baborte que, ciertamente, es muy fotog\u00e9nico y hermoso. Paisaje pl\u00e1cido de alta monta\u00f1a. Al poco tiempo llega, Marta y Ra\u00fal. Ra\u00fal est\u00e1 cansado. No est\u00e1 al 100%. Descanso. Fotos con el fondo del lago y sigo camino adelante. Atr\u00e1s dejo las vistas del valle de Vall Ferrera. Ya no lo volver\u00e9 a admirar; pero s\u00ed sus altos picos como el Monteixo, que asoman al otro lado del mismo y sobre \u00e9l.<\/p>\n<div id=\"attachment_25189\" style=\"width: 761px\" class=\"wp-caption aligncenter\"><a class=\"dt-single-image\" href=\"https:\/\/www.monta\u00f1asdelaluna.es\/wp-content\/uploads\/2015\/11\/P7050259.jpg\" data-dt-img-description=\"\"><img loading=\"lazy\" decoding=\"async\" aria-describedby=\"caption-attachment-25189\" class=\"wp-image-25189 size-full\" src=\"https:\/\/www.monta\u00f1asdelaluna.es\/wp-content\/uploads\/2015\/11\/P7050259.jpg\" alt=\"Subiendo al Coll de Sellente\" width=\"751\" height=\"563\" srcset=\"https:\/\/www.monta\u00f1asdelaluna.es\/wp-content\/uploads\/2015\/11\/P7050259.jpg 751w, https:\/\/www.monta\u00f1asdelaluna.es\/wp-content\/uploads\/2015\/11\/P7050259-300x225.jpg 300w\" sizes=\"auto, (max-width: 751px) 100vw, 751px\" \/><\/a><p id=\"caption-attachment-25189\" class=\"wp-caption-text\">Subiendo al Coll de Sellente<\/p><\/div>\n<p>La senda baja del balc\u00f3n como en direcci\u00f3n a las orillas del lago por roca y grandes piedras. Una vez cerca de sus orillas giramos a la derecha casi tocando las aguas del mismo, en direcci\u00f3n a una peque\u00f1a construcci\u00f3n met\u00e1lica de color naranja fosforita: es el refugio vivaque de Baborte casi a 2.400 mts. de altura.<\/p>\n<p>Caminando vuelvo a coger y adelantar a Jordi y Adriana. Paso el Refugio de Baborte y volvemos a girar para asolar la subida al Coll de Sellente, que queda un poco a la izquierda. Muy f\u00e1cilmente reconocible por la suavidad de sus laderas entre los picos del Circo de Baborte en su norte y derecha, y el Tres Pics al sur e izquierda.<\/p>\n<p>M\u00e1s arriba del Refugio de Baborte y en direcci\u00f3n al Pic de Baborte hay un sinf\u00edn de lagunillas y lagos escondidos y ocultos al recorrido de la Porta del Cel. Bordeo algunas charcas en direcci\u00f3n oeste, suroeste y enseguida me enfilo por las suaves pero casi empinadas laderas que nos llevan, entre neveros y pedregales, hasta lo m\u00e1s alto del Coll de Sellente a 2.488 mts. Antes me he topado con un grupo de j\u00f3venes adolescentes que no s\u00e9 de donde viene y que, con una lenta marcha, bajan del collado hac\u00eda Baborte: \u201c\u00bfCuantos sois?\u201d, \u201c32\u201d. Me paro en la f\u00e1cil subida para dejarlos pasar. Chicos y chicas j\u00f3venes iniciados al monta\u00f1ismo, excursionismo. Siempre me asombra y me alegra ver a la juventud haciendo traves\u00edas en la monta\u00f1a, tan en grupo, tan alegres y felices\u2026 La monta\u00f1a es incre\u00edble.<\/p>\n<div id=\"attachment_25223\" style=\"width: 1092px\" class=\"wp-caption aligncenter\"><a class=\"dt-single-image\" href=\"https:\/\/www.monta\u00f1asdelaluna.es\/wp-content\/uploads\/2014\/07\/Tavascan.mapa_.croquis.3.jpg\" data-dt-img-description=\"\"><img loading=\"lazy\" decoding=\"async\" aria-describedby=\"caption-attachment-25223\" class=\"wp-image-25223 size-full\" src=\"https:\/\/www.monta\u00f1asdelaluna.es\/wp-content\/uploads\/2014\/07\/Tavascan.mapa_.croquis.3.jpg\" alt=\"Croquis del recorrido de Vallferrera al Coll de Sellente\" width=\"1082\" height=\"1723\" srcset=\"https:\/\/www.monta\u00f1asdelaluna.es\/wp-content\/uploads\/2014\/07\/Tavascan.mapa_.croquis.3.jpg 1082w, https:\/\/www.monta\u00f1asdelaluna.es\/wp-content\/uploads\/2014\/07\/Tavascan.mapa_.croquis.3-188x300.jpg 188w, https:\/\/www.monta\u00f1asdelaluna.es\/wp-content\/uploads\/2014\/07\/Tavascan.mapa_.croquis.3-643x1024.jpg 643w\" sizes=\"auto, (max-width: 1082px) 100vw, 1082px\" \/><\/a><p id=\"caption-attachment-25223\" class=\"wp-caption-text\">Croquis del recorrido de Vallferrera al Coll de Sellente<\/p><\/div>\n<p>El tiempo a\u00fan nos respeta; pero las nubes abundan y cubren ahora si, ahora no, las picudas y rocosas cimas cercanas del Pirineo. Me paro a admirar el paisaje. Observo como las parejas se topan con el numeroso grupo de jovencitos. El anterior grupo supongo que habr\u00e1n girado hac\u00eda el Pic de Baborte hac\u00eda la derecha y este, noreste. Y enseguida sigo en busca de otro collado. Me dec\u00eda Jordi que la subida a este collado era empinada y algo vertical: es el Coll de La Llaguna. Entonces bajo por el valle siguiente en direcci\u00f3n noroeste, y al tiempo veo como se abre un peque\u00f1o, escarpado y escondido vallecillo a la izquierda, algo m\u00e1s abajo, que es el que nos llevar\u00e1 a dicho collado.<\/p>\n<p>Bajo por el valle por una senda bien marcada. El viento arreciaba en el collado y era fresco, no se puede estar mucho tiempo parado sin abrigarte. De vez en cuando voy observando el vallecillo a la izquierda que se va abriendo y mostrando sus perfiles y posibles caminos, a medida que voy bajando altura. Detr\u00e1s m\u00edo ya veo bajar a Jordi y Adriana en la distancia. No logro dar con el desv\u00edo que me lleve hac\u00eda el vallecillo que sube al Coll de La Llaguna, y me topo con un poste de cartel se\u00f1alizadores de recorridos. Miro el GPS. He bajado demasiado. Vuelvo a caminar subiendo algo hac\u00eda la izquierda y oeste. Pierdo un pel\u00edn de tiempo en recuperar el recorrido del GPS. (Que aqu\u00ed no est\u00e1 muy o nada marcada) y enseguida, entre neveros y zonas invadidas por morrenas de piedras y grandes rocas sueltas, sigo en direcci\u00f3n al Coll de La Llaguna comenzando a subir poco a poco entrando en el vallecillo. Los hitos de piedra me ayudar\u00e1n a seguir el supuesto camino, el recorrido oculto. Detr\u00e1s m\u00eda veo que casi me van cogiendo Ra\u00fal y Marta. Jordi y Adriana han decidido seguir el valle anterior hac\u00eda abajo y norte hasta el Pla de Boavi. Para desde aqu\u00ed seguir por la pista, todo el fondo del Valle de Lladorre, hasta Tavasc\u00e1n. Dice que se ahorran una hora de recorrido que si se hace por el camino de la Porta del Cel; el llegar a Tavasc\u00e1n.<\/p>\n<div id=\"attachment_25191\" style=\"width: 761px\" class=\"wp-caption aligncenter\"><a class=\"dt-single-image\" href=\"https:\/\/www.monta\u00f1asdelaluna.es\/wp-content\/uploads\/2015\/11\/P7050281.jpg\" data-dt-img-description=\"\"><img loading=\"lazy\" decoding=\"async\" aria-describedby=\"caption-attachment-25191\" class=\"wp-image-25191 size-full\" src=\"https:\/\/www.monta\u00f1asdelaluna.es\/wp-content\/uploads\/2015\/11\/P7050281.jpg\" alt=\"Joaqu\u00edn en el Coll de La Llaguna\" width=\"751\" height=\"563\" srcset=\"https:\/\/www.monta\u00f1asdelaluna.es\/wp-content\/uploads\/2015\/11\/P7050281.jpg 751w, https:\/\/www.monta\u00f1asdelaluna.es\/wp-content\/uploads\/2015\/11\/P7050281-300x225.jpg 300w\" sizes=\"auto, (max-width: 751px) 100vw, 751px\" \/><\/a><p id=\"caption-attachment-25191\" class=\"wp-caption-text\">Joaqu\u00edn en el Coll de La Llaguna<\/p><\/div>\n<div id=\"attachment_25192\" style=\"width: 761px\" class=\"wp-caption aligncenter\"><a class=\"dt-single-image\" href=\"https:\/\/www.monta\u00f1asdelaluna.es\/wp-content\/uploads\/2015\/11\/P7050286.jpg\" data-dt-img-description=\"\"><img loading=\"lazy\" decoding=\"async\" aria-describedby=\"caption-attachment-25192\" class=\"wp-image-25192 size-full\" src=\"https:\/\/www.monta\u00f1asdelaluna.es\/wp-content\/uploads\/2015\/11\/P7050286.jpg\" alt=\"Recorrido hac\u00eda la Collada de La Rivera desde la Roca Cigalera\" width=\"751\" height=\"563\" srcset=\"https:\/\/www.monta\u00f1asdelaluna.es\/wp-content\/uploads\/2015\/11\/P7050286.jpg 751w, https:\/\/www.monta\u00f1asdelaluna.es\/wp-content\/uploads\/2015\/11\/P7050286-300x225.jpg 300w\" sizes=\"auto, (max-width: 751px) 100vw, 751px\" \/><\/a><p id=\"caption-attachment-25192\" class=\"wp-caption-text\">Recorrido hac\u00eda la Collada de La Rivera desde la Roca Cigalera<\/p><\/div>\n<p>Siguiendo los hitos voy subiendo poco a poco por el escabroso fondo del vallecillo. All\u00e1 arriba veo las laderas inclinadas y onduladas del Coll de La Llaguna. Pero si sigues los hitos, el camino te lleva algo m\u00e1s descansadamente y en zigzag hasta la allanada cima del Coll de La Llaguna (2.596 mts.). Hay que abrigarse; me pongo el cortavientos aunque el fr\u00edo y viento es m\u00e1s intenso para que la funci\u00f3n de la prenda sea m\u00e1s efectiva\u2026 y m\u00e1s sudado. Lo primero que me impresiona al llegar aqu\u00ed y casi subiendo los \u00faltimos metros, son las incre\u00edbles y espectaculares vistas e im\u00e1genes que se quedan tras m\u00eda y hac\u00eda el este: el altivo macizo de la Pica d\u2019Estats (con esta cubierta por una nube) y el Pic de Baborte. Estoy a 2.600 metros y se nota la altitud del lugar como para convertirse en un mirador soberbio, impresionante. Destaca tambi\u00e9n el alto Pic de Sotllo que desde aqu\u00ed tiene un perfil altivo y magn\u00edfico, libre de nubes, dominando las picudas cumbres a su izquierda y norte, y el empinado Pic de Baborte algo m\u00e1s bajo y delante de \u00e9l. Asombroso. Mirando al lado contrario una extensa meseta y un gran nevero. Hac\u00eda el noroeste quedan las cimas m\u00e1s altas del lugar, pero no son mucho m\u00e1s altos de donde me encuentro ahora.<\/p>\n<p>Llegan Marta y Ra\u00fal. Admiramos el paisaje. Nos hacemos fotos; les hago fotos. Las vistas as\u00ed lo merecen. Al poco tiempo seguimos camino por la plana meseta hac\u00eda la cima o punto m\u00e1s alto del lugar y que a la vez es punto de referencia en La Porta del Cel: La Roca Cigalera. 15 minutos nos dice un cartel ca\u00eddo en el suelo, que tardaremos en llegar al pico. Y 3\u201930 horas en llegar a Tavasc\u00e1n por la Caba\u00f1a de Bold\u00eds. Es la 1 del mediod\u00eda; llevamos buena marcha y ya no subiremos m\u00e1s en lo que queda de d\u00eda.<\/p>\n<div id=\"attachment_25197\" style=\"width: 761px\" class=\"wp-caption aligncenter\"><a class=\"dt-single-image\" href=\"https:\/\/www.monta\u00f1asdelaluna.es\/wp-content\/uploads\/2015\/11\/P7050296.jpg\" data-dt-img-description=\"\"><img loading=\"lazy\" decoding=\"async\" aria-describedby=\"caption-attachment-25197\" class=\"wp-image-25197 size-full\" src=\"https:\/\/www.monta\u00f1asdelaluna.es\/wp-content\/uploads\/2015\/11\/P7050296.jpg\" alt=\"Ra\u00fal y Joaqu\u00edn en la cima de La Roca Cigalera, 2.668 mts.\" width=\"751\" height=\"563\" srcset=\"https:\/\/www.monta\u00f1asdelaluna.es\/wp-content\/uploads\/2015\/11\/P7050296.jpg 751w, https:\/\/www.monta\u00f1asdelaluna.es\/wp-content\/uploads\/2015\/11\/P7050296-300x225.jpg 300w\" sizes=\"auto, (max-width: 751px) 100vw, 751px\" \/><\/a><p id=\"caption-attachment-25197\" class=\"wp-caption-text\">Ra\u00fal y Joaqu\u00edn en la cima de La Roca Cigalera, 2.668 mts.<\/p><\/div>\n<div id=\"attachment_25198\" style=\"width: 761px\" class=\"wp-caption aligncenter\"><a class=\"dt-single-image\" href=\"https:\/\/www.monta\u00f1asdelaluna.es\/wp-content\/uploads\/2015\/11\/P7050301.jpg\" data-dt-img-description=\"\"><img loading=\"lazy\" decoding=\"async\" aria-describedby=\"caption-attachment-25198\" class=\"wp-image-25198 size-full\" src=\"https:\/\/www.monta\u00f1asdelaluna.es\/wp-content\/uploads\/2015\/11\/P7050301.jpg\" alt=\"Joaqu\u00edn Terr\u00e9s en la cima de La Roca Cigalera, 2.668 mts.\" width=\"751\" height=\"563\" srcset=\"https:\/\/www.monta\u00f1asdelaluna.es\/wp-content\/uploads\/2015\/11\/P7050301.jpg 751w, https:\/\/www.monta\u00f1asdelaluna.es\/wp-content\/uploads\/2015\/11\/P7050301-300x225.jpg 300w\" sizes=\"auto, (max-width: 751px) 100vw, 751px\" \/><\/a><p id=\"caption-attachment-25198\" class=\"wp-caption-text\">Joaqu\u00edn Terr\u00e9s en la cima de La Roca Cigalera, 2.668 mts.<\/p><\/div>\n<p>De repente hay cobertura en los m\u00f3viles. Mensajes y llamadas cerca de la Roca Cigalera. Despu\u00e9s de caminar por la allanada cima llegamos a un mont\u00f3n de piedras que cortan en un espeluznante barranco o pared en su cara norte. Es la Roca Cigalera (2.668 mts.). Ahora tenemos unas vistas hac\u00eda el norte excepcionales: realmente casi todo lo recorrido en la Porta Cel, ya que el macizo de la Pica sigue quedando a la derecha y este, con su parte sur y norte francesa, pero de forma sorprendente nos asombramos al descubrir la alta zona de Certasc\u00e1n: el Pic de Certasc\u00e1n y el enorme Estany de Certasc\u00e1n que, a pesar de su distancia, se vislumbra perfectamente. Incre\u00edble y extraordinario.<\/p>\n<p>Comemos bajo la Roca Cigalera, ya que el fr\u00edo y molesto viento, arrecia en la cumbre y llana cima de la misma meseta, mirando hac\u00eda los puntos recorridos en la 2\u00ba Etapa de La Porta del Cel: el nublado o descubierto Pic de Certasc\u00e1n rodeado de sus agrestes picos, colgados e neveros y la excepcional masa de agua que es el Estany de Certasc\u00e1n. Despu\u00e9s de comerme la ensaladilla en lata que me dio el guarda del Refugio de Pinet como pic-nic, acompa\u00f1ado con la pareja de Vitoria, salimos por toda la meseta cimera, larga y amplia, hac\u00eda el oeste, hac\u00eda la Collada de la Ribera o Bolv\u00eds, bajando suavemente de altura.<\/p>\n<div id=\"attachment_25194\" style=\"width: 761px\" class=\"wp-caption aligncenter\"><a class=\"dt-single-image\" href=\"https:\/\/www.monta\u00f1asdelaluna.es\/wp-content\/uploads\/2015\/11\/P7050288.jpg\" data-dt-img-description=\"\"><img loading=\"lazy\" decoding=\"async\" aria-describedby=\"caption-attachment-25194\" class=\"wp-image-25194 size-full\" src=\"https:\/\/www.monta\u00f1asdelaluna.es\/wp-content\/uploads\/2015\/11\/P7050288.jpg\" alt=\"Estany de Certascan en el centro\" width=\"751\" height=\"563\" srcset=\"https:\/\/www.monta\u00f1asdelaluna.es\/wp-content\/uploads\/2015\/11\/P7050288.jpg 751w, https:\/\/www.monta\u00f1asdelaluna.es\/wp-content\/uploads\/2015\/11\/P7050288-300x225.jpg 300w\" sizes=\"auto, (max-width: 751px) 100vw, 751px\" \/><\/a><p id=\"caption-attachment-25194\" class=\"wp-caption-text\">Estany de Certascan en el centro<\/p><\/div>\n<div id=\"attachment_25195\" style=\"width: 761px\" class=\"wp-caption aligncenter\"><a class=\"dt-single-image\" href=\"https:\/\/www.monta\u00f1asdelaluna.es\/wp-content\/uploads\/2015\/11\/P7050289.jpg\" data-dt-img-description=\"\"><img loading=\"lazy\" decoding=\"async\" aria-describedby=\"caption-attachment-25195\" class=\"wp-image-25195 size-full\" src=\"https:\/\/www.monta\u00f1asdelaluna.es\/wp-content\/uploads\/2015\/11\/P7050289.jpg\" alt=\"Delante el Pic de Baborte, detr\u00e1s el Pic de Sotllo y cubierto la Pica d'Estats\" width=\"751\" height=\"563\" srcset=\"https:\/\/www.monta\u00f1asdelaluna.es\/wp-content\/uploads\/2015\/11\/P7050289.jpg 751w, https:\/\/www.monta\u00f1asdelaluna.es\/wp-content\/uploads\/2015\/11\/P7050289-300x225.jpg 300w\" sizes=\"auto, (max-width: 751px) 100vw, 751px\" \/><\/a><p id=\"caption-attachment-25195\" class=\"wp-caption-text\">Delante el Pic de Baborte, detr\u00e1s el Pic de Sotllo y cubierto la Pica d&#8217;Estats<\/p><\/div>\n<p>Algunos buitres nos rodean y sobrevuelan mientras f\u00e1cilmente llegamos a la Collada de la Ribera (2.455 mts.). Aqu\u00ed giramos hac\u00eda la derecha y noroeste en busca de los verdes prader\u00edos y del bosque que se asoma en un rinc\u00f3n al fondo de este vallecillo que se abre entre las estribaciones del Cap de Montarenyo al sur y Pica Estela al norte. Las nubes inundan algunas partes del Pirineo, como en las inmediaciones y faldas del Mont-Roig, pero por suerte nos han respetado con su lluvia en este d\u00eda y nos han ofrecido un paisaje pirenaico bello y caracter\u00edstico.<\/p>\n<p>A partir de aqu\u00ed y sobre todo poco m\u00e1s adelante, la bajada es brutal: si contamos desde la cima de la Roca Cigalera hasta nuestro objetivo Tavasc\u00e1n, el desnivel a salvar ronda los 1.500 mts., todos de bajada. Exagerado. Bajamos de la Collada de La Ribera a un prader\u00edo donde advertimos el nacimiento de un riachuelo: La Ribera de Bold\u00eds, que acompa\u00f1aremos por bonitos lugares durante cierto tiempo.<\/p>\n<div id=\"attachment_25222\" style=\"width: 1071px\" class=\"wp-caption aligncenter\"><a class=\"dt-single-image\" href=\"https:\/\/www.monta\u00f1asdelaluna.es\/wp-content\/uploads\/2014\/07\/Tavascan.mapa_.croquis.2.jpg\" data-dt-img-description=\"\"><img loading=\"lazy\" decoding=\"async\" aria-describedby=\"caption-attachment-25222\" class=\"wp-image-25222 size-full\" src=\"https:\/\/www.monta\u00f1asdelaluna.es\/wp-content\/uploads\/2014\/07\/Tavascan.mapa_.croquis.2.jpg\" alt=\"Croquis del recorrido del Coll de La Llaguna hasta vallecillo de Bolv\u00eds\" width=\"1061\" height=\"1719\" srcset=\"https:\/\/www.monta\u00f1asdelaluna.es\/wp-content\/uploads\/2014\/07\/Tavascan.mapa_.croquis.2.jpg 1061w, https:\/\/www.monta\u00f1asdelaluna.es\/wp-content\/uploads\/2014\/07\/Tavascan.mapa_.croquis.2-185x300.jpg 185w, https:\/\/www.monta\u00f1asdelaluna.es\/wp-content\/uploads\/2014\/07\/Tavascan.mapa_.croquis.2-632x1024.jpg 632w\" sizes=\"auto, (max-width: 1061px) 100vw, 1061px\" \/><\/a><p id=\"caption-attachment-25222\" class=\"wp-caption-text\">Croquis del recorrido del Coll de La Llaguna hasta vallecillo de Bolv\u00eds<\/p><\/div>\n<p>Entre los prados la senda no parece clara, pero s\u00ed la direcci\u00f3n y recorrido: hac\u00eda el fondo del valle. Siguiendo el riachuelo llega un momento que me desv\u00edo hac\u00eda la izquierda en direcci\u00f3n hac\u00eda una extra\u00f1a y peque\u00f1a construcci\u00f3n hecha con grandes piedras: la Caba\u00f1a de Bolv\u00eds que en el mapa Alpina es de La Ribera. Est\u00e1 en un pl\u00e1cido pleateu, llano, verde y lleno de nervios del riachuelo que va cogiendo fuerza y amplitud. Llegan detr\u00e1s de mi Marta y Ra\u00fal se paran conmigo en la caba\u00f1a buscada. Clickeo el \u201cpasaporte\u201d y despu\u00e9s de un leve descanso, seguimos el descenso.<\/p>\n<p>La senda seguir\u00e1 paralela a la Ribera de Bolv\u00eds (meti\u00e9ndonos en ella en una ocasi\u00f3n) y m\u00e1s abajo giraremos a la izquierda y oeste, dejando el r\u00edo a nuestra espalda y siguiendo, ahora s\u00ed y ya desde hace rato, por una senda muy bien definida.<\/p>\n<div id=\"attachment_25201\" style=\"width: 761px\" class=\"wp-caption aligncenter\"><a class=\"dt-single-image\" href=\"https:\/\/www.monta\u00f1asdelaluna.es\/wp-content\/uploads\/2015\/11\/P7050317.jpg\" data-dt-img-description=\"\"><img loading=\"lazy\" decoding=\"async\" aria-describedby=\"caption-attachment-25201\" class=\"wp-image-25201 size-full\" src=\"https:\/\/www.monta\u00f1asdelaluna.es\/wp-content\/uploads\/2015\/11\/P7050317.jpg\" alt=\"Joaqu\u00edn y Ra\u00fal en la Caba\u00f1a de Bolv\u00eds\" width=\"751\" height=\"563\" srcset=\"https:\/\/www.monta\u00f1asdelaluna.es\/wp-content\/uploads\/2015\/11\/P7050317.jpg 751w, https:\/\/www.monta\u00f1asdelaluna.es\/wp-content\/uploads\/2015\/11\/P7050317-300x225.jpg 300w\" sizes=\"auto, (max-width: 751px) 100vw, 751px\" \/><\/a><p id=\"caption-attachment-25201\" class=\"wp-caption-text\">Joaqu\u00edn y Ra\u00fal en la Caba\u00f1a de Bolv\u00eds<\/p><\/div>\n<div id=\"attachment_25202\" style=\"width: 573px\" class=\"wp-caption aligncenter\"><a class=\"dt-single-image\" href=\"https:\/\/www.monta\u00f1asdelaluna.es\/wp-content\/uploads\/2015\/11\/P7050319.jpg\" data-dt-img-description=\"\"><img loading=\"lazy\" decoding=\"async\" aria-describedby=\"caption-attachment-25202\" class=\"wp-image-25202 size-full\" src=\"https:\/\/www.monta\u00f1asdelaluna.es\/wp-content\/uploads\/2015\/11\/P7050319.jpg\" alt=\"Ribera de Bolv\u00eds\" width=\"563\" height=\"751\" srcset=\"https:\/\/www.monta\u00f1asdelaluna.es\/wp-content\/uploads\/2015\/11\/P7050319.jpg 563w, https:\/\/www.monta\u00f1asdelaluna.es\/wp-content\/uploads\/2015\/11\/P7050319-225x300.jpg 225w\" sizes=\"auto, (max-width: 563px) 100vw, 563px\" \/><\/a><p id=\"caption-attachment-25202\" class=\"wp-caption-text\">Ribera de Bolv\u00eds<\/p><\/div>\n<p>Ahora esta larga senda, este largo recorrido se har\u00e1 casi eterno hasta llegar a la poblaci\u00f3n de Tavasc\u00e1n donde acabar\u00e1 la \u00faltima etapa de La Porta del Cel: comenzamos intern\u00e1ndonos por un bosque del resistente pino negro, m\u00e1s abajo encontraremos abetos, y m\u00e1s abajo hayas y robles. Magn\u00edfico recorrido por los extractos de un bosque pirenaico. Tambi\u00e9n atravesaremos preciosos rincones surcados por riachuelos y regatas, con verdes y frondosas plantas. Tambi\u00e9n notaremos como la senda sigue horizontal en ocasiones y otras baja casi vertical en zigzag con un desnivel apreciable. Recorre toda la alta y enorme ladera vertical que queda al sur de Tavasc\u00e1n, y a menudo entre los espacios abiertos mirando hac\u00eda al fondo de valle descubrimos dicho pueblo all\u00e1 abajo, muy peque\u00f1o, pero, irrealmente, casi al alcance de la mano. Extraordinario. Otra son las vistas: mientras que bajamos por la ladera y nos internamos en el Valle de Lladorre, el paisaje pirenaico cambia dr\u00e1sticamente de los fr\u00edas laderas pedregosas, escarpadas y nivosas, a las laderas empinadas de prados, luego bosques, y m\u00e1s abajo en las profundidades del encajado valle, las construcciones del hombre como casas, caminos y la poblaci\u00f3n de Tavasc\u00e1n. Asombroso.<\/p>\n<p>Llega un momento que parece que dejemos Tavasc\u00e1n a la espalda y nos topamos con la visi\u00f3n de otras peque\u00f1as poblaciones del valle: Aineto, Lleret\u2026 A partir de aqu\u00ed tenemos la hermosa visi\u00f3n del encajonado valle que sube a Graus y Noarre desde Tavasc\u00e1n, y recuerdo la 1\u00ba y f\u00e1cil etapa en la que me recorro el hermoso, boscoso y pl\u00e1cido valle. El recorrido gira justo junto a las que parecen las ruinas de la Borda del Castell (casas deshabitadas) y seguimos hac\u00eda el norte por el G.R.-11 buscando Tavasc\u00e1n a poco m\u00e1s de 30 minutos bajando. Vamos los 3 juntos, aunque yo me adelanta en ocasiones, en algunos tramos les espero para bajar juntos.<\/p>\n<div id=\"attachment_25205\" style=\"width: 573px\" class=\"wp-caption aligncenter\"><a class=\"dt-single-image\" href=\"https:\/\/www.monta\u00f1asdelaluna.es\/wp-content\/uploads\/2015\/11\/P7050329.jpg\" data-dt-img-description=\"\"><img loading=\"lazy\" decoding=\"async\" aria-describedby=\"caption-attachment-25205\" class=\"wp-image-25205 size-full\" src=\"https:\/\/www.monta\u00f1asdelaluna.es\/wp-content\/uploads\/2015\/11\/P7050329.jpg\" alt=\"Bajada a Tavasc\u00e1n\" width=\"563\" height=\"751\" srcset=\"https:\/\/www.monta\u00f1asdelaluna.es\/wp-content\/uploads\/2015\/11\/P7050329.jpg 563w, https:\/\/www.monta\u00f1asdelaluna.es\/wp-content\/uploads\/2015\/11\/P7050329-225x300.jpg 225w\" sizes=\"auto, (max-width: 563px) 100vw, 563px\" \/><\/a><p id=\"caption-attachment-25205\" class=\"wp-caption-text\">Bajada a Tavasc\u00e1n<\/p><\/div>\n<div id=\"attachment_25206\" style=\"width: 761px\" class=\"wp-caption aligncenter\"><a class=\"dt-single-image\" href=\"https:\/\/www.monta\u00f1asdelaluna.es\/wp-content\/uploads\/2015\/11\/P7050334.jpg\" data-dt-img-description=\"\"><img loading=\"lazy\" decoding=\"async\" aria-describedby=\"caption-attachment-25206\" class=\"wp-image-25206 size-full\" src=\"https:\/\/www.monta\u00f1asdelaluna.es\/wp-content\/uploads\/2015\/11\/P7050334.jpg\" alt=\"Llegando a Tavasc\u00e1n, arriba el valle del mismo nombre que lleva a Graus\" width=\"751\" height=\"563\" srcset=\"https:\/\/www.monta\u00f1asdelaluna.es\/wp-content\/uploads\/2015\/11\/P7050334.jpg 751w, https:\/\/www.monta\u00f1asdelaluna.es\/wp-content\/uploads\/2015\/11\/P7050334-300x225.jpg 300w\" sizes=\"auto, (max-width: 751px) 100vw, 751px\" \/><\/a><p id=\"caption-attachment-25206\" class=\"wp-caption-text\">Llegando a Tavasc\u00e1n, arriba el valle del mismo nombre que lleva a Graus<\/p><\/div>\n<p>Despu\u00e9s de atravesar y bajar mucho desnivel por un bosque de hayas y robles separados por el G.R.-11, las rodillas ya las tengo hinchadas y tocadas, llegamos hasta las inmediaciones de Tavasc\u00e1n, entrando por su parte sur. Cruzamos su puente y nos paramos alegres en la carretera, camino o calle principal de la poblaci\u00f3n bajo la iglesia.<\/p>\n<div id=\"attachment_25221\" style=\"width: 1095px\" class=\"wp-caption aligncenter\"><a class=\"dt-single-image\" href=\"https:\/\/www.monta\u00f1asdelaluna.es\/wp-content\/uploads\/2014\/07\/Tavascan.mapa_.croquis.1.jpg\" data-dt-img-description=\"\"><img loading=\"lazy\" decoding=\"async\" aria-describedby=\"caption-attachment-25221\" class=\"wp-image-25221 size-full\" src=\"https:\/\/www.monta\u00f1asdelaluna.es\/wp-content\/uploads\/2014\/07\/Tavascan.mapa_.croquis.1.jpg\" alt=\"Croquis del recorrido desde La Caba\u00f1a de Bolv\u00eds hasta Tavasc\u00e1n. Punto Rojo: Caba\u00f1a de Bolv\u00eds.\" width=\"1085\" height=\"1725\" srcset=\"https:\/\/www.monta\u00f1asdelaluna.es\/wp-content\/uploads\/2014\/07\/Tavascan.mapa_.croquis.1.jpg 1085w, https:\/\/www.monta\u00f1asdelaluna.es\/wp-content\/uploads\/2014\/07\/Tavascan.mapa_.croquis.1-189x300.jpg 189w, https:\/\/www.monta\u00f1asdelaluna.es\/wp-content\/uploads\/2014\/07\/Tavascan.mapa_.croquis.1-644x1024.jpg 644w\" sizes=\"auto, (max-width: 1085px) 100vw, 1085px\" \/><\/a><p id=\"caption-attachment-25221\" class=\"wp-caption-text\">Croquis del recorrido desde La Caba\u00f1a de Bolv\u00eds hasta Tavasc\u00e1n. Punto Rojo: Caba\u00f1a de Bolv\u00eds.<\/p><\/div>\n<p>Se nota el calor aqu\u00ed abajo y el quemar del sol, comparado con lo pasado en altura. Nos encontramos con Jordi y Adriana que hace 45 minutos han llegado desde Pla de Boavi, y nos vamos los 5 a tomar una merecida cerveza para celebrar el \u00e9xito de la extraordinaria e incre\u00edble traves\u00eda de La Porta del Cel. Luego tengo que subir a Graus a devolver el salvador GPS, muy recomendable, y despu\u00e9s a casa. Son alrededor de las 16\u201915 horas. Hemos estado dentro de tiempo y una marcha de lujo. \u201cAhora entiendo por que ibas tan r\u00e1pido\u201d- me dice Jordi -\u201cno te parabas a hacer fotos\u201d.<\/p>\n<div id=\"attachment_25208\" style=\"width: 761px\" class=\"wp-caption aligncenter\"><a class=\"dt-single-image\" href=\"https:\/\/www.monta\u00f1asdelaluna.es\/wp-content\/uploads\/2015\/11\/P7050342.jpg\" data-dt-img-description=\"\"><img loading=\"lazy\" decoding=\"async\" aria-describedby=\"caption-attachment-25208\" class=\"wp-image-25208 size-full\" src=\"https:\/\/www.monta\u00f1asdelaluna.es\/wp-content\/uploads\/2015\/11\/P7050342.jpg\" alt=\"Ra\u00fal, Marta, Joaqu\u00edn Terr\u00e9s, Jordi y Adriana en Tavasc\u00e1n\" width=\"751\" height=\"563\" srcset=\"https:\/\/www.monta\u00f1asdelaluna.es\/wp-content\/uploads\/2015\/11\/P7050342.jpg 751w, https:\/\/www.monta\u00f1asdelaluna.es\/wp-content\/uploads\/2015\/11\/P7050342-300x225.jpg 300w\" sizes=\"auto, (max-width: 751px) 100vw, 751px\" \/><\/a><p id=\"caption-attachment-25208\" class=\"wp-caption-text\">Ra\u00fal, Marta, Joaqu\u00edn Terr\u00e9s, Jordi y Adriana en Tavasc\u00e1n<\/p><\/div>\n<p>Al final una experiencia digna de recordar, con buena compa\u00f1\u00eda a pesar de mis intentos por hacerla en solitario al principio (los caminos est\u00e1n para compartirlos). Hermoso, extraordinarios y asombrosos lugares pirenaicos de alta monta\u00f1a, abruptos, escarpados, soberbios, bellos\u2026 espectaculares. Muy recomendada, pero para aquellos monta\u00f1eros con experiencia que se preparan y la preparan. Impresionante.<\/p>\n<div id=\"attachment_25224\" style=\"width: 3239px\" class=\"wp-caption aligncenter\"><a class=\"dt-single-image\" href=\"https:\/\/www.monta\u00f1asdelaluna.es\/wp-content\/uploads\/2014\/07\/Tavascan.mapa_.croquis.jpg\" data-dt-img-description=\"\"><img loading=\"lazy\" decoding=\"async\" aria-describedby=\"caption-attachment-25224\" class=\"wp-image-25224 size-full\" src=\"https:\/\/www.monta\u00f1asdelaluna.es\/wp-content\/uploads\/2014\/07\/Tavascan.mapa_.croquis.jpg\" alt=\"Croquis del recorrido completo de la 5\u00ba etapa de la Porta del Cel\" width=\"3229\" height=\"1725\" srcset=\"https:\/\/www.monta\u00f1asdelaluna.es\/wp-content\/uploads\/2014\/07\/Tavascan.mapa_.croquis.jpg 3229w, https:\/\/www.monta\u00f1asdelaluna.es\/wp-content\/uploads\/2014\/07\/Tavascan.mapa_.croquis-300x160.jpg 300w, https:\/\/www.monta\u00f1asdelaluna.es\/wp-content\/uploads\/2014\/07\/Tavascan.mapa_.croquis-1024x547.jpg 1024w\" sizes=\"auto, (max-width: 3229px) 100vw, 3229px\" \/><\/a><p id=\"caption-attachment-25224\" class=\"wp-caption-text\">Croquis del recorrido completo de la 5\u00ba etapa de la Porta del Cel<\/p><\/div>\n<p>[vc_separator][vc_empty_space][\/vc_column_text][vc_empty_space height=\u00bb60px\u00bb][\/vc_column][\/vc_row][vc_row][vc_column][vc_cta h2=\u00bb\u00c1lbum de fotos\u00bb txt_align=\u00bbcenter\u00bb add_button=\u00bbbottom\u00bb btn_title=\u00bbVer fotos\u00bb btn_color=\u00bbwarning\u00bb btn_align=\u00bbcenter\u00bb btn_link=\u00bburl:https%3A%2F%2Fmonta%C3%B1asdelaluna.es%2F%3Fdt_gallery%3Dporta-del-cel-5o-etapa-vallferrera-tavascan-2|title:Porta%20del%20Cel.%205%C2%BA%20Etapa%3A%20Vallferrera-Tavasc%C3%A1n|target:_blank\u00bb css=\u00bb.vc_custom_1625786254024{background-color: #8bc4ed !important;}\u00bb]Puedes ver todas las fotos del relato y actividad en forma de presentaci\u00f3n o individuales pinchando aqui \u00a1No te las pierdas![\/vc_cta][\/vc_column][\/vc_row][vc_row][vc_column][vc_empty_space height=\u00bb60px\u00bb][\/vc_column][\/vc_row][vc_row][vc_column width=\u00bb1\/6&#8243;][\/vc_column][vc_column width=\u00bb1\/3&#8243;][vc_column_text]Tiempo en Vallferrera[\/vc_column_text][vc_raw_html]JTNDaWZyYW1lJTIwc3JjJTNEJTIyaHR0cHMlM0ElMkYlMkZ3d3cubWV0ZW9ibHVlLmNvbSUyRmVzJTJGdGllbXBvJTJGd2lkZ2V0JTJGZGFpbHklMkY0Mi42M04xLjM5RSUzRmRheXMlM0Q3JTI2dGVtcHVuaXQlM0RDRUxTSVVTJTI2d2luZHVuaXQlM0RLSUxPTUVURVJfUEVSX0hPVVIlMjZwaWN0b2ljb24lM0QxJTI2bWF4dGVtcGVyYXR1cmUlM0QxJTI2bWludGVtcGVyYXR1cmUlM0QxJTI2d2luZHNwZWVkJTNEMSUyNndpbmRndXN0JTNEMSUyNndpbmRkaXJlY3Rpb24lM0QxJTI2cHJlY2lwaXRhdGlvbiUzRDElMjZwcmVjaXBpdGF0aW9ucHJvYmFiaWxpdHklM0QxJTI2c3BvdCUzRDElMjZwcmVzc3VyZSUzRDElMjZsYXlvdXQlM0RsaWdodCUyMiUyMCUyMGZyYW1lYm9yZGVyJTNEJTIyMCUyMiUyMHNjcm9sbGluZyUzRCUyMk5PJTIyJTIwYWxsb3d0cmFuc3BhcmVuY3klM0QlMjJ0cnVlJTIyJTIwc3R5bGUlM0QlMjJ3aWR0aCUzQSUyMDM3OHB4JTNCaGVpZ2h0JTNBJTIwMzkxcHglMjIlM0UlM0MlMkZpZnJhbWUlM0UlM0NkaXYlM0UlM0MlMjEtLSUyMERPJTIwTk9UJTIwUkVNT1ZFJTIwVEhJUyUyMExJTkslMjAtLSUzRSUzQ2ElMjBocmVmJTNEJTIyaHR0cHMlM0ElMkYlMkZ3d3cubWV0ZW9ibHVlLmNvbSUyRmVzJTJGdGllbXBvJTJGcHJvbm9zdGljbyUyRnNlbWFuYSUyRjQyLjYzTjEuMzlFJTIyJTIwdGFyZ2V0JTNEJTIyX2JsYW5rJTIyJTNFbWV0ZW9ibHVlJTNDJTJGYSUzRSUzQyUyRmRpdiUzRQ==[\/vc_raw_html][\/vc_column][vc_column width=\u00bb1\/3&#8243;][vc_empty_space height=\u00bb24px\u00bb][vc_raw_html]JTNDaWZyYW1lJTIwc3JjJTNEJTIyaHR0cHMlM0ElMkYlMkZ3d3cubWV0ZW9ibHVlLmNvbSUyRmVzJTJGdGllbXBvJTJGd2lkZ2V0JTJGZGFpbHklMkZ0YXZhc2Nhbl9lc3BhJTI1YzMlMjViMWFfNzc5ODY3NCUzRmRheXMlM0Q3JTI2dGVtcHVuaXQlM0RDRUxTSVVTJTI2d2luZHVuaXQlM0RLSUxPTUVURVJfUEVSX0hPVVIlMjZwaWN0b2ljb24lM0QxJTI2bWF4dGVtcGVyYXR1cmUlM0QxJTI2bWludGVtcGVyYXR1cmUlM0QxJTI2d2luZHNwZWVkJTNEMSUyNndpbmRndXN0JTNEMSUyNndpbmRkaXJlY3Rpb24lM0QxJTI2cHJlY2lwaXRhdGlvbiUzRDElMjZwcmVjaXBpdGF0aW9ucHJvYmFiaWxpdHklM0QxJTI2c3BvdCUzRDElMjZwcmVzc3VyZSUzRDElMjZsYXlvdXQlM0RsaWdodCUyMiUyMCUyMGZyYW1lYm9yZGVyJTNEJTIyMCUyMiUyMHNjcm9sbGluZyUzRCUyMk5PJTIyJTIwYWxsb3d0cmFuc3BhcmVuY3klM0QlMjJ0cnVlJTIyJTIwc3R5bGUlM0QlMjJ3aWR0aCUzQSUyMDM3OHB4JTNCaGVpZ2h0JTNBJTIwMzkxcHglMjIlM0UlM0MlMkZpZnJhbWUlM0UlM0NkaXYlM0UlM0MlMjEtLSUyMERPJTIwTk9UJTIwUkVNT1ZFJTIwVEhJUyUyMExJTkslMjAtLSUzRSUzQ2ElMjBocmVmJTNEJTIyaHR0cHMlM0ElMkYlMkZ3d3cubWV0ZW9ibHVlLmNvbSUyRmVzJTJGdGllbXBvJTJGcHJvbm9zdGljbyUyRnNlbWFuYSUyRnRhdmFzY2FuX2VzcGElMjVjMyUyNWIxYV83Nzk4Njc0JTIyJTIwdGFyZ2V0JTNEJTIyX2JsYW5rJTIyJTNFbWV0ZW9ibHVlJTNDJTJGYSUzRSUzQyUyRmRpdiUzRQ==[\/vc_raw_html][\/vc_column][vc_column width=\u00bb1\/6&#8243;][\/vc_column][\/vc_row]<\/p>\n","protected":false},"excerpt":{"rendered":"<p>[vc_row][vc_column][vc_column_text]A pesar de la cantidad de gente esta noche en el refugio (mucha comparada con las anteriores noches), hemos dormido bien y holgados. Nos despertamos a eso de las 6 de la ma\u00f1ana para poder desayunar a las 6\u201930. Hay monta\u00f1eros que se han levantado a las 5. Supongo que ir\u00edan a subir la Pica&hellip;<\/p>\n","protected":false},"author":1,"featured_media":25191,"comment_status":"open","ping_status":"open","sticky":false,"template":"","format":"standard","meta":[],"categories":[71],"tags":[],"class_list":["post-25218","post","type-post","status-publish","format-standard","has-post-thumbnail","hentry","category-porta-del-cel","category-71","description-off"],"_links":{"self":[{"href":"https:\/\/www.monta\u00f1asdelaluna.es\/index.php?rest_route=\/wp\/v2\/posts\/25218","targetHints":{"allow":["GET"]}}],"collection":[{"href":"https:\/\/www.monta\u00f1asdelaluna.es\/index.php?rest_route=\/wp\/v2\/posts"}],"about":[{"href":"https:\/\/www.monta\u00f1asdelaluna.es\/index.php?rest_route=\/wp\/v2\/types\/post"}],"author":[{"embeddable":true,"href":"https:\/\/www.monta\u00f1asdelaluna.es\/index.php?rest_route=\/wp\/v2\/users\/1"}],"replies":[{"embeddable":true,"href":"https:\/\/www.monta\u00f1asdelaluna.es\/index.php?rest_route=%2Fwp%2Fv2%2Fcomments&post=25218"}],"version-history":[{"count":16,"href":"https:\/\/www.monta\u00f1asdelaluna.es\/index.php?rest_route=\/wp\/v2\/posts\/25218\/revisions"}],"predecessor-version":[{"id":50155,"href":"https:\/\/www.monta\u00f1asdelaluna.es\/index.php?rest_route=\/wp\/v2\/posts\/25218\/revisions\/50155"}],"wp:featuredmedia":[{"embeddable":true,"href":"https:\/\/www.monta\u00f1asdelaluna.es\/index.php?rest_route=\/wp\/v2\/media\/25191"}],"wp:attachment":[{"href":"https:\/\/www.monta\u00f1asdelaluna.es\/index.php?rest_route=%2Fwp%2Fv2%2Fmedia&parent=25218"}],"wp:term":[{"taxonomy":"category","embeddable":true,"href":"https:\/\/www.monta\u00f1asdelaluna.es\/index.php?rest_route=%2Fwp%2Fv2%2Fcategories&post=25218"},{"taxonomy":"post_tag","embeddable":true,"href":"https:\/\/www.monta\u00f1asdelaluna.es\/index.php?rest_route=%2Fwp%2Fv2%2Ftags&post=25218"}],"curies":[{"name":"wp","href":"https:\/\/api.w.org\/{rel}","templated":true}]}}