{"id":25326,"date":"2013-02-24T22:13:22","date_gmt":"2013-02-24T22:13:22","guid":{"rendered":"http:\/\/monta\u00f1asdelaluna.com\/?p=25326"},"modified":"2021-08-04T06:56:19","modified_gmt":"2021-08-04T06:56:19","slug":"collserola-valles-de-les-feixes","status":"publish","type":"post","link":"https:\/\/www.monta\u00f1asdelaluna.es\/?p=25326","title":{"rendered":"Collserola. Valles de Les Feixes"},"content":{"rendered":"<p>[vc_row][vc_column][vc_column_text]Ya hac\u00eda tiempo que me atra\u00eda visitar el valle de Collserola m\u00e1s al noreste de la sierra; ya que gracias al libro de Rutes de Patrimoni Arquitect\u00f2nic de la Xarxa de Parcs Naturals de la Diputaci\u00f3 de Barcelona, que me regal\u00f3 mi compa\u00f1ero Jes\u00fas Santana, descubr\u00ed los rincones y antiguas construcciones entre los valles de Can Codina, Can Cat\u00e1&#8230; con las Iglesias de Sant Iscle de les Feixes y Santa Maria de Les Feixes. Emblem\u00e1ticas construcciones y hermosos rincones que le han dado nombre a este recorrido.<\/p>\n<p>Con lo que despu\u00e9s de idear un recorrido circular desde la misma parada de metro de Mundet en Barcelona, salimos el pasado domingo 24 de febrero repitiendo el recorrido de la primera ruta que realic\u00e9 en Collserola; de Barcelona a Cerdanyola del Vall\u00e8s: <a href=\"https:\/\/www.monta\u00f1asdelaluna.es\/?p=16297\" target=\"_blank\" rel=\"noopener\">Collserola. El pulm\u00f3n de Barcelona. <\/a>Pero en esta ocasi\u00f3n ten\u00edamos una sorprendente diferencia con respecto a esta u otras rutas por Collserola, y era la nieve ca\u00edda hace pocos d\u00edas. El blanco meteoro le dio un m\u00e1gico y especial v\u00edvido colorido y fr\u00eda salud a estos hermosos bosques y rincones de la sierra.<\/p>\n<div id=\"attachment_25238\" style=\"width: 1034px\" class=\"wp-caption aligncenter\"><a class=\"dt-single-image\" href=\"https:\/\/www.monta\u00f1asdelaluna.es\/wp-content\/uploads\/2015\/11\/Collserola.-Valles-de-Les-Feixes-002.jpg\" data-dt-img-description=\"\"><img loading=\"lazy\" decoding=\"async\" aria-describedby=\"caption-attachment-25238\" class=\"wp-image-25238 size-large\" src=\"https:\/\/www.monta\u00f1asdelaluna.es\/wp-content\/uploads\/2015\/11\/Collserola.-Valles-de-Les-Feixes-002-1024x768.jpg\" alt=\"Mundet. Nieve en Barcelona\" width=\"1024\" height=\"768\" srcset=\"https:\/\/www.monta\u00f1asdelaluna.es\/wp-content\/uploads\/2015\/11\/Collserola.-Valles-de-Les-Feixes-002-1024x768.jpg 1024w, https:\/\/www.monta\u00f1asdelaluna.es\/wp-content\/uploads\/2015\/11\/Collserola.-Valles-de-Les-Feixes-002-300x225.jpg 300w, https:\/\/www.monta\u00f1asdelaluna.es\/wp-content\/uploads\/2015\/11\/Collserola.-Valles-de-Les-Feixes-002.jpg 1795w\" sizes=\"auto, (max-width: 1024px) 100vw, 1024px\" \/><\/a><p id=\"caption-attachment-25238\" class=\"wp-caption-text\">Mundet. Nieve en Barcelona<\/p><\/div>\n<div id=\"attachment_25246\" style=\"width: 1034px\" class=\"wp-caption aligncenter\"><a class=\"dt-single-image\" href=\"https:\/\/www.monta\u00f1asdelaluna.es\/wp-content\/uploads\/2015\/11\/Collserola.-Valles-de-Les-Feixes-018.jpg\" data-dt-img-description=\"\"><img loading=\"lazy\" decoding=\"async\" aria-describedby=\"caption-attachment-25246\" class=\"wp-image-25246 size-large\" src=\"https:\/\/www.monta\u00f1asdelaluna.es\/wp-content\/uploads\/2015\/11\/Collserola.-Valles-de-Les-Feixes-018-1024x768.jpg\" alt=\"Anna y Raquel saliendo a la pista cimera\" width=\"1024\" height=\"768\" srcset=\"https:\/\/www.monta\u00f1asdelaluna.es\/wp-content\/uploads\/2015\/11\/Collserola.-Valles-de-Les-Feixes-018-1024x768.jpg 1024w, https:\/\/www.monta\u00f1asdelaluna.es\/wp-content\/uploads\/2015\/11\/Collserola.-Valles-de-Les-Feixes-018-300x225.jpg 300w, https:\/\/www.monta\u00f1asdelaluna.es\/wp-content\/uploads\/2015\/11\/Collserola.-Valles-de-Les-Feixes-018.jpg 1795w\" sizes=\"auto, (max-width: 1024px) 100vw, 1024px\" \/><\/a><p id=\"caption-attachment-25246\" class=\"wp-caption-text\">Anna y Raquel saliendo a la pista cimera<\/p><\/div>\n<p>Ya por el Carrer de l\u2019Harmon\u00eca ve\u00edamos los restos de la nieve acumulada en los espacios verdes bajo aquellas torres de edificios trillizos. Y ya al final de la calle y al comienzo de las laderas boscosas de la sierra, no nos dejar\u00eda de sorprender con sus formas y blancos adornos. Sorprendentemente se hac\u00eda bella y exultante de magia la senda que nos dejaba, desde La Font de La Meca, en la pista cimera de la sierra.<\/p>\n<p>Desde aqu\u00ed, subimos al Tur\u00f3 de La Magarola o del Maltall, excelente mirador hac\u00eda Barcelona de la sierra, a 429 mts. de altitud, donde paramos a almorzar. Mucho movimiento en la sierra. Los ciclistas aprovechan las cinceladas que la nieve le d\u00e1 a los oscuros y sanos bosques, para recorrerse sus caminos y sendas. Es raro no toparse con nadie por los diferentes recorridos de Collserola.<\/p>\n<div id=\"attachment_25249\" style=\"width: 1034px\" class=\"wp-caption aligncenter\"><a class=\"dt-single-image\" href=\"https:\/\/www.monta\u00f1asdelaluna.es\/wp-content\/uploads\/2015\/11\/Collserola.-Valles-de-Les-Feixes-022.jpg\" data-dt-img-description=\"\"><img loading=\"lazy\" decoding=\"async\" aria-describedby=\"caption-attachment-25249\" class=\"wp-image-25249 size-large\" src=\"https:\/\/www.monta\u00f1asdelaluna.es\/wp-content\/uploads\/2015\/11\/Collserola.-Valles-de-Les-Feixes-022-1024x768.jpg\" alt=\"Anna y Raquel en el Tur\u00f3 de La Magarola, 429 mts.\" width=\"1024\" height=\"768\" srcset=\"https:\/\/www.monta\u00f1asdelaluna.es\/wp-content\/uploads\/2015\/11\/Collserola.-Valles-de-Les-Feixes-022-1024x768.jpg 1024w, https:\/\/www.monta\u00f1asdelaluna.es\/wp-content\/uploads\/2015\/11\/Collserola.-Valles-de-Les-Feixes-022-300x225.jpg 300w, https:\/\/www.monta\u00f1asdelaluna.es\/wp-content\/uploads\/2015\/11\/Collserola.-Valles-de-Les-Feixes-022.jpg 1795w\" sizes=\"auto, (max-width: 1024px) 100vw, 1024px\" \/><\/a><p id=\"caption-attachment-25249\" class=\"wp-caption-text\">Anna y Raquel en el Tur\u00f3 de La Magarola, 429 mts.<\/p><\/div>\n<div id=\"attachment_25253\" style=\"width: 1034px\" class=\"wp-caption aligncenter\"><a class=\"dt-single-image\" href=\"https:\/\/www.monta\u00f1asdelaluna.es\/wp-content\/uploads\/2015\/11\/Collserola.-Valles-de-Les-Feixes-029.jpg\" data-dt-img-description=\"\"><img loading=\"lazy\" decoding=\"async\" aria-describedby=\"caption-attachment-25253\" class=\"wp-image-25253 size-large\" src=\"https:\/\/www.monta\u00f1asdelaluna.es\/wp-content\/uploads\/2015\/11\/Collserola.-Valles-de-Les-Feixes-029-1024x768.jpg\" alt=\"Sendas bajando del Tur\u00f3 de La Magarola\" width=\"1024\" height=\"768\" srcset=\"https:\/\/www.monta\u00f1asdelaluna.es\/wp-content\/uploads\/2015\/11\/Collserola.-Valles-de-Les-Feixes-029-1024x768.jpg 1024w, https:\/\/www.monta\u00f1asdelaluna.es\/wp-content\/uploads\/2015\/11\/Collserola.-Valles-de-Les-Feixes-029-300x225.jpg 300w, https:\/\/www.monta\u00f1asdelaluna.es\/wp-content\/uploads\/2015\/11\/Collserola.-Valles-de-Les-Feixes-029.jpg 1795w\" sizes=\"auto, (max-width: 1024px) 100vw, 1024px\" \/><\/a><p id=\"caption-attachment-25253\" class=\"wp-caption-text\">Sendas bajando del Tur\u00f3 de La Magarola<\/p><\/div>\n<p>Desde el Tur\u00f3 de La Magarola quer\u00eda acerarme al Tur\u00f3 de Valldaura, coronado por aquella peculiar torre de vigilancia de incendios, pero a la bajada cogimos el G.R.-6 en lugar del G.R.-92, pensando que era el que nos llevar\u00eda hasta su cima, pero \u00e9ste nos bajaba por toda la ladera de umbr\u00eda hac\u00eda el oeste-noroeste, en direcci\u00f3n contraria al Tur\u00f3 de Valldaura. Con lo que al final, segu\u00ed el mismo recorrido que en <a href=\"https:\/\/monta\u00f1asdelaluna.es\/2011\/02\/20\/collsereola-el-pulmon-de-barcelona\/\" target=\"_blank\" rel=\"noopener\">Collserola. El pulm\u00f3n de Barcelona.<\/a> Pero el hecho es que cruzar aquellas sendas tan frondosas, verdes y estupendas, ahora tocadas por el fr\u00edo y blanco manto nival, le hac\u00eda m\u00e1s bello y emotivo, especial, con lo que fue un acierto bajar por aqu\u00ed.<\/p>\n<p>Al final de los mismos senderos, un camino. Seguir el camino hac\u00eda la derecha, dejando el G.R.-6, hasta la carretera Barcelona-Cerdanyola. Y por aqu\u00ed seguir la misma hac\u00eda el Portell de Valldaura, hac\u00eda la derecha, en direcci\u00f3n Barcelona. Los rincones nevados daban un toque diferente y bello a un lugar y rincones, ya de por s\u00ed hermosos de frondosa y sana vegetaci\u00f3n. Est\u00e1bamos disfrutando como ni\u00f1os.<\/p>\n<div id=\"attachment_25257\" style=\"width: 833px\" class=\"wp-caption aligncenter\"><a class=\"dt-single-image\" href=\"https:\/\/www.monta\u00f1asdelaluna.es\/wp-content\/uploads\/2015\/11\/Collserola.-Valles-de-Les-Feixes-034.jpg\" data-dt-img-description=\"\"><img loading=\"lazy\" decoding=\"async\" aria-describedby=\"caption-attachment-25257\" class=\"wp-image-25257 \" src=\"https:\/\/www.monta\u00f1asdelaluna.es\/wp-content\/uploads\/2015\/11\/Collserola.-Valles-de-Les-Feixes-034.jpg\" alt=\"Sendas bajando del Tur\u00f3 de La Magarola\" width=\"823\" height=\"1097\" srcset=\"https:\/\/www.monta\u00f1asdelaluna.es\/wp-content\/uploads\/2015\/11\/Collserola.-Valles-de-Les-Feixes-034.jpg 1346w, https:\/\/www.monta\u00f1asdelaluna.es\/wp-content\/uploads\/2015\/11\/Collserola.-Valles-de-Les-Feixes-034-225x300.jpg 225w, https:\/\/www.monta\u00f1asdelaluna.es\/wp-content\/uploads\/2015\/11\/Collserola.-Valles-de-Les-Feixes-034-768x1024.jpg 768w\" sizes=\"auto, (max-width: 823px) 100vw, 823px\" \/><\/a><p id=\"caption-attachment-25257\" class=\"wp-caption-text\">Sendas bajando del Tur\u00f3 de La Magarola<\/p><\/div>\n<div id=\"attachment_25268\" style=\"width: 1034px\" class=\"wp-caption aligncenter\"><a class=\"dt-single-image\" href=\"https:\/\/www.monta\u00f1asdelaluna.es\/wp-content\/uploads\/2015\/11\/Collserola.-Valles-de-Les-Feixes-050.jpg\" data-dt-img-description=\"\"><img loading=\"lazy\" decoding=\"async\" aria-describedby=\"caption-attachment-25268\" class=\"wp-image-25268 size-large\" src=\"https:\/\/www.monta\u00f1asdelaluna.es\/wp-content\/uploads\/2015\/11\/Collserola.-Valles-de-Les-Feixes-050-1024x768.jpg\" alt=\"Anna y Raquel camino de la Font dels Ca\u00e7adors\" width=\"1024\" height=\"768\" srcset=\"https:\/\/www.monta\u00f1asdelaluna.es\/wp-content\/uploads\/2015\/11\/Collserola.-Valles-de-Les-Feixes-050-1024x768.jpg 1024w, https:\/\/www.monta\u00f1asdelaluna.es\/wp-content\/uploads\/2015\/11\/Collserola.-Valles-de-Les-Feixes-050-300x225.jpg 300w, https:\/\/www.monta\u00f1asdelaluna.es\/wp-content\/uploads\/2015\/11\/Collserola.-Valles-de-Les-Feixes-050.jpg 1795w\" sizes=\"auto, (max-width: 1024px) 100vw, 1024px\" \/><\/a><p id=\"caption-attachment-25268\" class=\"wp-caption-text\">Anna y Raquel camino de la Font dels Ca\u00e7adors<\/p><\/div>\n<p>Antes de llegar al Portell de Valldaura, el restaurante con su parking a la izquierda, y el camino con sus indicaciones, hac\u00eda la Font dels Ca\u00e7adors, hac\u00eda Can Cerd\u00e1. Antes hemos pasado el camino se\u00f1alado a la Font del Geroni, que ni me atrev\u00ed a sondear. El camino que baja a Can Cerd\u00e1 lo encontramos esta vez despejado. Y detr\u00e1s nuestro al otro lado del valle, la majestuosa construcci\u00f3n de Can Valldaura apostada en la cima de su carena.<\/p>\n<p>De Can Cerd\u00e1 seguimos a Can Coll. Aqu\u00ed con menos nieve, al bajar de altitud. Justo pasado un rinc\u00f3n de Quercus majestuoso que queda a la derecha del camino, llegamos a la planicie, junto a la carretera de Barcelona-Cerdanyola, del \u00c1rea Recreativa de Can Coll. Nada m\u00e1s pasar el puentecillo sobre el Torrent de Can Cerd\u00e1, hay que seguir el camino que sale hac\u00eda la derecha alej\u00e1ndose de la carretera. Si seguimos el borde de la carretera o por el interior del parking y nos paramos al otro lado de las barbacoas del lugar, nos toparemos con indicaciones para subir al Puig de La Guardia y a la urbanizaci\u00f3n de Montflorit. Podr\u00eda ser otro bonito recorrido, pero la idea es seguir las orillas del Torrent de Can Codina, intern\u00e1ndonos en su bello vallecillo, siguiendo las indicaciones del G.R.-173. Por ello debemos seguir el camino anteriormente se\u00f1alado, y despu\u00e9s seguir por otro a la derecha, en un cruce bajo las se\u00f1alizaciones de carteles caracter\u00edsticos: Can Codina. Aqu\u00ed ya dejamos de seguir la ruta recorrida en <a href=\"https:\/\/www.monta\u00f1asdelaluna.es\/?p=16297\" target=\"_blank\" rel=\"noopener\">Collserola. El pulm\u00f3n de Barcelona<\/a>, y ahora caminamos por lugares nuevos para mi, que a\u00fan no he recorrido.<\/p>\n<div id=\"attachment_25271\" style=\"width: 1034px\" class=\"wp-caption aligncenter\"><a class=\"dt-single-image\" href=\"https:\/\/www.monta\u00f1asdelaluna.es\/wp-content\/uploads\/2015\/11\/Collserola.-Valles-de-Les-Feixes-056.jpg\" data-dt-img-description=\"\"><img loading=\"lazy\" decoding=\"async\" aria-describedby=\"caption-attachment-25271\" class=\"wp-image-25271 size-large\" src=\"https:\/\/www.monta\u00f1asdelaluna.es\/wp-content\/uploads\/2015\/11\/Collserola.-Valles-de-Les-Feixes-056-1024x768.jpg\" alt=\"Can Cerd\u00e0\" width=\"1024\" height=\"768\" srcset=\"https:\/\/www.monta\u00f1asdelaluna.es\/wp-content\/uploads\/2015\/11\/Collserola.-Valles-de-Les-Feixes-056-1024x768.jpg 1024w, https:\/\/www.monta\u00f1asdelaluna.es\/wp-content\/uploads\/2015\/11\/Collserola.-Valles-de-Les-Feixes-056-300x225.jpg 300w, https:\/\/www.monta\u00f1asdelaluna.es\/wp-content\/uploads\/2015\/11\/Collserola.-Valles-de-Les-Feixes-056.jpg 1795w\" sizes=\"auto, (max-width: 1024px) 100vw, 1024px\" \/><\/a><p id=\"caption-attachment-25271\" class=\"wp-caption-text\">Can Cerd\u00e0<\/p><\/div>\n<div id=\"attachment_25274\" style=\"width: 1034px\" class=\"wp-caption aligncenter\"><a class=\"dt-single-image\" href=\"https:\/\/www.monta\u00f1asdelaluna.es\/wp-content\/uploads\/2015\/11\/Collserola.-Valles-de-Les-Feixes-059.jpg\" data-dt-img-description=\"\"><img loading=\"lazy\" decoding=\"async\" aria-describedby=\"caption-attachment-25274\" class=\"wp-image-25274 size-large\" src=\"https:\/\/www.monta\u00f1asdelaluna.es\/wp-content\/uploads\/2015\/11\/Collserola.-Valles-de-Les-Feixes-059-1024x768.jpg\" alt=\"Bajando a Can Coll\" width=\"1024\" height=\"768\" srcset=\"https:\/\/www.monta\u00f1asdelaluna.es\/wp-content\/uploads\/2015\/11\/Collserola.-Valles-de-Les-Feixes-059-1024x768.jpg 1024w, https:\/\/www.monta\u00f1asdelaluna.es\/wp-content\/uploads\/2015\/11\/Collserola.-Valles-de-Les-Feixes-059-300x225.jpg 300w, https:\/\/www.monta\u00f1asdelaluna.es\/wp-content\/uploads\/2015\/11\/Collserola.-Valles-de-Les-Feixes-059.jpg 1795w\" sizes=\"auto, (max-width: 1024px) 100vw, 1024px\" \/><\/a><p id=\"caption-attachment-25274\" class=\"wp-caption-text\">Bajando a Can Coll<\/p><\/div>\n<p>Ya ha aparecido la gente: corredores, turistas, domingueros, barbaqueros, excursionistas, ciclistas&#8230; el lugar bulle de actividad. Seguimos por el camino sin perder de vista las marcas de G.R.-173 por un camino transitado, junto a la corriente del Torrent de Can Codina. No hay p\u00e9rdida. Ahora cambiamos la direcci\u00f3n de norte a este. Y nos internamos entre prodigiosas quercus, \u00e1rboles y bosques fant\u00e1sticos, en rincones especiales y hermosos como los que riega la transparente agua del Torrent de Can Codina. Encantador.<\/p>\n<p>Al tiempo, me paro en un cruce donde aparece un cartel indicador de recorridos; hac\u00eda la izquierda veo: \u201cPuig de La Guardia\/Urbanitzaci\u00f3 de Montflorit\u201d y si seguimos recto \u201c&#8230;Can Cat\u00e1\u201d, siguiendo el G.R.-173. Err\u00f3neamente nos desviamos hac\u00eda la izquierda, hac\u00eda el Puig de La Guardia, pensando que atravesar\u00edamos para dirigirnos a Can Canaletes y Santa Maria de Les Feixes; pero la simp\u00e1tica, estrecha y frondosa senda cambia de direcci\u00f3n, al contrario que la que deber\u00edamos llevar. Me percato y retrocedemos a tiempo para volver al cruce y seguir a la izquierda hac\u00eda Can Cat\u00e1.<\/p>\n<div id=\"attachment_25277\" style=\"width: 1805px\" class=\"wp-caption aligncenter\"><a class=\"dt-single-image\" href=\"https:\/\/www.monta\u00f1asdelaluna.es\/wp-content\/uploads\/2015\/11\/Collserola.-Valles-de-Les-Feixes-065.jpg\" data-dt-img-description=\"\"><img loading=\"lazy\" decoding=\"async\" aria-describedby=\"caption-attachment-25277\" class=\"wp-image-25277 size-full\" src=\"https:\/\/www.monta\u00f1asdelaluna.es\/wp-content\/uploads\/2015\/11\/Collserola.-Valles-de-Les-Feixes-065.jpg\" alt=\"Bosques cerca de Can Coll\" width=\"1795\" height=\"1346\" srcset=\"https:\/\/www.monta\u00f1asdelaluna.es\/wp-content\/uploads\/2015\/11\/Collserola.-Valles-de-Les-Feixes-065.jpg 1795w, https:\/\/www.monta\u00f1asdelaluna.es\/wp-content\/uploads\/2015\/11\/Collserola.-Valles-de-Les-Feixes-065-300x225.jpg 300w, https:\/\/www.monta\u00f1asdelaluna.es\/wp-content\/uploads\/2015\/11\/Collserola.-Valles-de-Les-Feixes-065-1024x768.jpg 1024w\" sizes=\"auto, (max-width: 1795px) 100vw, 1795px\" \/><\/a><p id=\"caption-attachment-25277\" class=\"wp-caption-text\">Bosques cerca de Can Coll<\/p><\/div>\n<div id=\"attachment_25281\" style=\"width: 1034px\" class=\"wp-caption aligncenter\"><a class=\"dt-single-image\" href=\"https:\/\/www.monta\u00f1asdelaluna.es\/wp-content\/uploads\/2015\/11\/Collserola.-Valles-de-Les-Feixes-072.jpg\" data-dt-img-description=\"\"><img loading=\"lazy\" decoding=\"async\" aria-describedby=\"caption-attachment-25281\" class=\"wp-image-25281 size-large\" src=\"https:\/\/www.monta\u00f1asdelaluna.es\/wp-content\/uploads\/2015\/11\/Collserola.-Valles-de-Les-Feixes-072-1024x768.jpg\" alt=\"Anna y Raquel camino de Can Codina\" width=\"1024\" height=\"768\" srcset=\"https:\/\/www.monta\u00f1asdelaluna.es\/wp-content\/uploads\/2015\/11\/Collserola.-Valles-de-Les-Feixes-072-1024x768.jpg 1024w, https:\/\/www.monta\u00f1asdelaluna.es\/wp-content\/uploads\/2015\/11\/Collserola.-Valles-de-Les-Feixes-072-300x225.jpg 300w, https:\/\/www.monta\u00f1asdelaluna.es\/wp-content\/uploads\/2015\/11\/Collserola.-Valles-de-Les-Feixes-072.jpg 1795w\" sizes=\"auto, (max-width: 1024px) 100vw, 1024px\" \/><\/a><p id=\"caption-attachment-25281\" class=\"wp-caption-text\">Anna y Raquel camino de Can Codina<\/p><\/div>\n<div id=\"attachment_25286\" style=\"width: 1034px\" class=\"wp-caption aligncenter\"><a class=\"dt-single-image\" href=\"https:\/\/www.monta\u00f1asdelaluna.es\/wp-content\/uploads\/2015\/11\/Collserola.-Valles-de-Les-Feixes-081.jpg\" data-dt-img-description=\"\"><img loading=\"lazy\" decoding=\"async\" aria-describedby=\"caption-attachment-25286\" class=\"wp-image-25286 size-large\" src=\"https:\/\/www.monta\u00f1asdelaluna.es\/wp-content\/uploads\/2015\/11\/Collserola.-Valles-de-Les-Feixes-081-1024x768.jpg\" alt=\"Can Codina\" width=\"1024\" height=\"768\" srcset=\"https:\/\/www.monta\u00f1asdelaluna.es\/wp-content\/uploads\/2015\/11\/Collserola.-Valles-de-Les-Feixes-081-1024x768.jpg 1024w, https:\/\/www.monta\u00f1asdelaluna.es\/wp-content\/uploads\/2015\/11\/Collserola.-Valles-de-Les-Feixes-081-300x225.jpg 300w, https:\/\/www.monta\u00f1asdelaluna.es\/wp-content\/uploads\/2015\/11\/Collserola.-Valles-de-Les-Feixes-081.jpg 1795w\" sizes=\"auto, (max-width: 1024px) 100vw, 1024px\" \/><\/a><p id=\"caption-attachment-25286\" class=\"wp-caption-text\">Can Codina<\/p><\/div>\n<p>Poco tiempo despu\u00e9s, campos, verdes bancales a nuestra izquierda, algo de nieve en la sombra, y una mas\u00eda al otro lado de los mismos: Can Codina. Volvemos a internarnos en los bosques, m\u00e1s claros aqu\u00ed, aunque sorprendidos por alg\u00fan tronco \u201cgigante\u201d, y al poco tiempo salimos a otro cruce se\u00f1alizado: hac\u00eda la derecha y sur, Can Cat\u00e1, Sant Iscle, hac\u00eda el norte e izquierda, Can Canaletes y Santa Maria de Les Feixes. Seguimos hac\u00eda el norte para visitar la Ermita\/Iglesia de Santa Mar\u00eda de Les Feixes o de Cerdanyola, uno de mis objetivos en esta ruta, y despu\u00e9s deberemos volver sobre nuestros pasos hasta el cruce para seguir hac\u00eda Can Cat\u00e1, Sant Iscle de Les Feixes&#8230; Seguimos por los bien marcados G.R.s: hac\u00eda el norte seguir\u00edamos por el G.R.-173, y cerca de Can Cat\u00e1 seguiremos por el G.R.-92, hac\u00eda el sur y cima, de nuevo, de la sierra.<\/p>\n<p>Linda y encantadora vemos en medio de un verde bancal y con el fondo de los edificios de Cerdanyola, los cuales hacen un curioso, nada feo a mi parecer, contraste, el sencillo y modesto templo de Santa Maria de Les Feixes. Pero cerca de Can Canaletes nos topamos con una verja, valla en el camino que nos llevar\u00eda hasta su puerta&#8230; \u00a1Privado!, \u00a1No se puede entrar! Rabia y frustraci\u00f3n, desilusi\u00f3n&#8230; parece bonita en la distancia, y en un entorno de \u201chuerta\u201d.<\/p>\n<div id=\"attachment_25289\" style=\"width: 1034px\" class=\"wp-caption aligncenter\"><a class=\"dt-single-image\" href=\"https:\/\/www.monta\u00f1asdelaluna.es\/wp-content\/uploads\/2015\/11\/Collserola.-Valles-de-Les-Feixes-090.jpg\" data-dt-img-description=\"\"><img loading=\"lazy\" decoding=\"async\" aria-describedby=\"caption-attachment-25289\" class=\"wp-image-25289 size-large\" src=\"https:\/\/www.monta\u00f1asdelaluna.es\/wp-content\/uploads\/2015\/11\/Collserola.-Valles-de-Les-Feixes-090-1024x768.jpg\" alt=\"Santa Mar\u00eda de Les Feixes, detr\u00e1s Cerdanyola del Vall\u00e9s\" width=\"1024\" height=\"768\" srcset=\"https:\/\/www.monta\u00f1asdelaluna.es\/wp-content\/uploads\/2015\/11\/Collserola.-Valles-de-Les-Feixes-090-1024x768.jpg 1024w, https:\/\/www.monta\u00f1asdelaluna.es\/wp-content\/uploads\/2015\/11\/Collserola.-Valles-de-Les-Feixes-090-300x225.jpg 300w, https:\/\/www.monta\u00f1asdelaluna.es\/wp-content\/uploads\/2015\/11\/Collserola.-Valles-de-Les-Feixes-090.jpg 1795w\" sizes=\"auto, (max-width: 1024px) 100vw, 1024px\" \/><\/a><p id=\"caption-attachment-25289\" class=\"wp-caption-text\">Santa Mar\u00eda de Les Feixes, detr\u00e1s Cerdanyola del Vall\u00e9s<\/p><\/div>\n<p>Desandamos el camino hasta el cruce se\u00f1alado anteriormente. No vemos Can Canaletes, y dejamos atr\u00e1s otro cruce a Can Codina. A la derecha dejamos el camino que viene de Can Coll (de donde ven\u00edamos) y ahora seguimos recto, hac\u00eda el sur, intern\u00e1ndonos de nuevo en Collserola y en el valle del Torrent de San Iscle, otro valle de Les Feixes&#8230; Al poco tiempo nos topamos con un muro y una puerta verjada, y casi la visi\u00f3n de la fachada de la fabulosa casa de Can Cat\u00e1 de lado. Tambi\u00e9n es propiedad privada, y nuestras miradas no van m\u00e1s all\u00e1 de la puerta entreabierta del muro de la casa. Curiosa y escondida.<\/p>\n<p>Seguidamente otra construcci\u00f3n en el fondo del valle y pegada al camino, a nuestra izquierda mientras subimos, nos sorprende, aunque algo escondido por fabulosos \u00e1rboles de rivera: Sant Iscle de Les Feixes. A malas penas vemos el campanario y la fachada de Can Magre&#8230; \u00a1\u00a1Privado!! \u00a1Otra vez nos topamos con la propiedad privada! Aunque seg\u00fan la gu\u00eda Rutes de Patrimoni Arquitect\u00f2nic de la Xarxa de Parcs Naturals de la Diputaci\u00f3 de Barcelona: \u201cEs tracta d\u2019un temple rom\u00e0nic del segle XII&#8230; es pot visitar el tercer diumenge de cada mes\u201d&#8230; Hoy es el cuarto domingo de febrero \u00a1\u00a1Casi!!<\/p>\n<div id=\"attachment_25292\" style=\"width: 1034px\" class=\"wp-caption aligncenter\"><a class=\"dt-single-image\" href=\"https:\/\/www.monta\u00f1asdelaluna.es\/wp-content\/uploads\/2015\/11\/Collserola.-Valles-de-Les-Feixes-095.jpg\" data-dt-img-description=\"\"><img loading=\"lazy\" decoding=\"async\" aria-describedby=\"caption-attachment-25292\" class=\"wp-image-25292 size-large\" src=\"https:\/\/www.monta\u00f1asdelaluna.es\/wp-content\/uploads\/2015\/11\/Collserola.-Valles-de-Les-Feixes-095-1024x768.jpg\" alt=\"Sant Iscle de les Feixes y Can Magre\" width=\"1024\" height=\"768\" srcset=\"https:\/\/www.monta\u00f1asdelaluna.es\/wp-content\/uploads\/2015\/11\/Collserola.-Valles-de-Les-Feixes-095-1024x768.jpg 1024w, https:\/\/www.monta\u00f1asdelaluna.es\/wp-content\/uploads\/2015\/11\/Collserola.-Valles-de-Les-Feixes-095-300x225.jpg 300w, https:\/\/www.monta\u00f1asdelaluna.es\/wp-content\/uploads\/2015\/11\/Collserola.-Valles-de-Les-Feixes-095.jpg 1795w\" sizes=\"auto, (max-width: 1024px) 100vw, 1024px\" \/><\/a><p id=\"caption-attachment-25292\" class=\"wp-caption-text\">Sant Iscle de les Feixes y Can Magre<\/p><\/div>\n<div id=\"attachment_25296\" style=\"width: 1034px\" class=\"wp-caption aligncenter\"><a class=\"dt-single-image\" href=\"https:\/\/www.monta\u00f1asdelaluna.es\/wp-content\/uploads\/2015\/11\/Collserola.-Valles-de-Les-Feixes-102.jpg\" data-dt-img-description=\"\"><img loading=\"lazy\" decoding=\"async\" aria-describedby=\"caption-attachment-25296\" class=\"wp-image-25296 size-large\" src=\"https:\/\/www.monta\u00f1asdelaluna.es\/wp-content\/uploads\/2015\/11\/Collserola.-Valles-de-Les-Feixes-102-1024x768.jpg\" alt=\"Camino de Can LLoses\" width=\"1024\" height=\"768\" srcset=\"https:\/\/www.monta\u00f1asdelaluna.es\/wp-content\/uploads\/2015\/11\/Collserola.-Valles-de-Les-Feixes-102-1024x768.jpg 1024w, https:\/\/www.monta\u00f1asdelaluna.es\/wp-content\/uploads\/2015\/11\/Collserola.-Valles-de-Les-Feixes-102-300x225.jpg 300w, https:\/\/www.monta\u00f1asdelaluna.es\/wp-content\/uploads\/2015\/11\/Collserola.-Valles-de-Les-Feixes-102.jpg 1795w\" sizes=\"auto, (max-width: 1024px) 100vw, 1024px\" \/><\/a><p id=\"caption-attachment-25296\" class=\"wp-caption-text\">Camino de Can LLoses<\/p><\/div>\n<p>De nuevo desilusionado seguimos el camino valle arriba, y al poco tiempo, encontramos una bajada a la izquierda y un puentecillo sobre el Torrent de Sant Iscle que nos lleva a otra mas\u00eda: Can Ferm\u00ed. Paramos a comer aqu\u00ed, sentados en el mismo puente. Desde Can Ferm\u00ed se puede admirar, entre la abundante vegetaci\u00f3n, las construcciones de Sant Iscle de Les Feixes y Can Magre. En medio de verdes y vivos prados. Una imagen embelesadora.<\/p>\n<p>Reanudamos la marcha. Siempre siguiendo el G.R.-92 valle arriba en busca de Can Lloses. Poco a poco subimos altura y vemos como dejamos Can Lloses y el verde fondo del valle, abajo. La pista es ancha y mon\u00f3tona, aburrida; pero la vegetaci\u00f3n, el bosque, los \u00e1rboles son hermosos y solemnes en ocasiones. Se asoman al camino como gendarmes en una escarpada cresta. De repente el G.R. deja la pista principal del fondo del valle, y se desv\u00eda hac\u00eda la derecha, ladera arriba y casi en zigzag, para coger la cima del cordal. \u201cAntiguamente\u201d el G.R. pasaba por abajo.<\/p>\n<div id=\"attachment_25302\" style=\"width: 830px\" class=\"wp-caption aligncenter\"><a class=\"dt-single-image\" href=\"https:\/\/www.monta\u00f1asdelaluna.es\/wp-content\/uploads\/2015\/11\/Collserola.-Valles-de-Les-Feixes-114.jpg\" data-dt-img-description=\"\"><img loading=\"lazy\" decoding=\"async\" aria-describedby=\"caption-attachment-25302\" class=\"wp-image-25302 \" src=\"https:\/\/www.monta\u00f1asdelaluna.es\/wp-content\/uploads\/2015\/11\/Collserola.-Valles-de-Les-Feixes-114.jpg\" alt=\"Subiendo al Tur\u00f3 d'en Fotja\" width=\"820\" height=\"1093\" srcset=\"https:\/\/www.monta\u00f1asdelaluna.es\/wp-content\/uploads\/2015\/11\/Collserola.-Valles-de-Les-Feixes-114.jpg 1346w, https:\/\/www.monta\u00f1asdelaluna.es\/wp-content\/uploads\/2015\/11\/Collserola.-Valles-de-Les-Feixes-114-225x300.jpg 225w, https:\/\/www.monta\u00f1asdelaluna.es\/wp-content\/uploads\/2015\/11\/Collserola.-Valles-de-Les-Feixes-114-768x1024.jpg 768w\" sizes=\"auto, (max-width: 820px) 100vw, 820px\" \/><\/a><p id=\"caption-attachment-25302\" class=\"wp-caption-text\">Subiendo al Tur\u00f3 d&#8217;en Fotja<\/p><\/div>\n<p>No hay que dejar de seguir el G.R. Arriba, en la cima de la carena, del cordal, junto a una gran torre de electricidad, nos encontramos con un cruce: desde aqu\u00ed podemos llegar a Can Cerd\u00e1, interesante. Pero seguimos hac\u00eda el sur y arriba en busca de la cima de la sierra, hac\u00eda el Portell de Valldaura. Aparece de nuevo la nieve. Otra vez ese blanco y fr\u00edo meteoro nos brinda con su blanca elegancia en las oscuridades de las frondosidades de la sierra. Magn\u00edfico.<\/p>\n<p>El d\u00eda hab\u00eda salido muy bueno; de sol y fresco. Pero ahora unas nubes altas ensombrec\u00edan la sorpresiva subida hac\u00eda la cima de la sierra. Otro cruce: debemos dejar la direcci\u00f3n del G.R.-92 que se dirige hac\u00eda el este, para subir e internarnos en el Tur\u00f3 d\u2019en Fotja. Otra espesa senda que recorre la abundante vegetaci\u00f3n adornada por la inmaculada nieve y que, casi pasa por su cima (349 mts.), nos lleva al otro lado, hac\u00eda el oeste (volvemos a cambiar nuestra direcci\u00f3n) en busca del Portell de Valldaura en las cercan\u00edas del Tur\u00f3 de Valldaura&#8230; aunque la sorpresa es que la vegetaci\u00f3n deja paso a unas casas y a un restaurante (Asador Casa Juaco) abarrotado de coches y gente \u00a1Volvemos a la civilizaci\u00f3n!<\/p>\n<div id=\"attachment_25305\" style=\"width: 1034px\" class=\"wp-caption aligncenter\"><a class=\"dt-single-image\" href=\"https:\/\/www.monta\u00f1asdelaluna.es\/wp-content\/uploads\/2015\/11\/Collserola.-Valles-de-Les-Feixes-117.jpg\" data-dt-img-description=\"\"><img loading=\"lazy\" decoding=\"async\" aria-describedby=\"caption-attachment-25305\" class=\"wp-image-25305 size-large\" src=\"https:\/\/www.monta\u00f1asdelaluna.es\/wp-content\/uploads\/2015\/11\/Collserola.-Valles-de-Les-Feixes-117-1024x768.jpg\" alt=\"Senda en el Tur\u00f3 d'en Fotja, 349 mts.\" width=\"1024\" height=\"768\" srcset=\"https:\/\/www.monta\u00f1asdelaluna.es\/wp-content\/uploads\/2015\/11\/Collserola.-Valles-de-Les-Feixes-117-1024x768.jpg 1024w, https:\/\/www.monta\u00f1asdelaluna.es\/wp-content\/uploads\/2015\/11\/Collserola.-Valles-de-Les-Feixes-117-300x225.jpg 300w, https:\/\/www.monta\u00f1asdelaluna.es\/wp-content\/uploads\/2015\/11\/Collserola.-Valles-de-Les-Feixes-117.jpg 1795w\" sizes=\"auto, (max-width: 1024px) 100vw, 1024px\" \/><\/a><p id=\"caption-attachment-25305\" class=\"wp-caption-text\">Senda en el Tur\u00f3 d&#8217;en Fotja, 349 mts.<\/p><\/div>\n<div id=\"attachment_25309\" style=\"width: 1034px\" class=\"wp-caption aligncenter\"><a class=\"dt-single-image\" href=\"https:\/\/www.monta\u00f1asdelaluna.es\/wp-content\/uploads\/2015\/11\/Collserola.-Valles-de-Les-Feixes-125.jpg\" data-dt-img-description=\"\"><img loading=\"lazy\" decoding=\"async\" aria-describedby=\"caption-attachment-25309\" class=\"wp-image-25309 size-large\" src=\"https:\/\/www.monta\u00f1asdelaluna.es\/wp-content\/uploads\/2015\/11\/Collserola.-Valles-de-Les-Feixes-125-1024x768.jpg\" alt=\"Tur\u00f3 de Valldaura\" width=\"1024\" height=\"768\" srcset=\"https:\/\/www.monta\u00f1asdelaluna.es\/wp-content\/uploads\/2015\/11\/Collserola.-Valles-de-Les-Feixes-125-1024x768.jpg 1024w, https:\/\/www.monta\u00f1asdelaluna.es\/wp-content\/uploads\/2015\/11\/Collserola.-Valles-de-Les-Feixes-125-300x225.jpg 300w, https:\/\/www.monta\u00f1asdelaluna.es\/wp-content\/uploads\/2015\/11\/Collserola.-Valles-de-Les-Feixes-125.jpg 1795w\" sizes=\"auto, (max-width: 1024px) 100vw, 1024px\" \/><\/a><p id=\"caption-attachment-25309\" class=\"wp-caption-text\">Tur\u00f3 de Valldaura<\/p><\/div>\n<p>Seguimos el camino hac\u00eda el oeste que seguir\u00e1 paralelo a la carretera Barcelona-Cerdanyola, al otro lado de unas casas; hasta que desemboque en el Portell o Coll de Valldaura. Justo antes de dicho collado, otro cartelito: hay que seguir hac\u00eda la Carretera de La Rabassada\/Passeig de Les Aig\u00fces. Y pasamos por el simp\u00e1tico puente que atraviesa por arriba dicha carretera y nos deja en las faldas del Tur\u00f3 de Valldaura, bajo su reconocida torre de vigilancia de incendios. Es un pico curioso y llamativo, ya que hace como un cono casi perfecto y frondoso.<\/p>\n<p>Justo al otro lado del puente y bajo el Tur\u00f3 de Valldaura, otro cruce se\u00f1alizado. Esta vez no s\u00e9 muy bien por donde seguir, y miro el libro que saqu\u00e9 de la biblioteca Sof\u00eda Barat \u201cCollserola entre el mar i el cel\u201d de Ediciones Desnivel, que nos indica por donde bajar hac\u00eda el Parque del Laberinto (ya en Barcelona) por el Castell Fort\u00ed. Aqu\u00ed nos indica que debemos seguir la pista hac\u00eda la Carretera de La Rabassada\/Passeig de Les Aig\u00fces, que bordea el Tur\u00f3 de Valldaura por sus laderas sur, mirando a la ciudad de Barcelona. Dichas laderas albergan a\u00fan esos \u201ccharcos\u201d de nieve que contrastan con la visi\u00f3n al fondo de la urbe. Genial.<\/p>\n<div id=\"attachment_25312\" style=\"width: 1034px\" class=\"wp-caption aligncenter\"><a class=\"dt-single-image\" href=\"https:\/\/www.monta\u00f1asdelaluna.es\/wp-content\/uploads\/2015\/11\/Collserola.-Valles-de-Les-Feixes-131.jpg\" data-dt-img-description=\"\"><img loading=\"lazy\" decoding=\"async\" aria-describedby=\"caption-attachment-25312\" class=\"wp-image-25312 size-large\" src=\"https:\/\/www.monta\u00f1asdelaluna.es\/wp-content\/uploads\/2015\/11\/Collserola.-Valles-de-Les-Feixes-131-1024x768.jpg\" alt=\"Anna, Raquel y detr\u00e1s queda el Tur\u00f3 de Valldaura\" width=\"1024\" height=\"768\" srcset=\"https:\/\/www.monta\u00f1asdelaluna.es\/wp-content\/uploads\/2015\/11\/Collserola.-Valles-de-Les-Feixes-131-1024x768.jpg 1024w, https:\/\/www.monta\u00f1asdelaluna.es\/wp-content\/uploads\/2015\/11\/Collserola.-Valles-de-Les-Feixes-131-300x225.jpg 300w, https:\/\/www.monta\u00f1asdelaluna.es\/wp-content\/uploads\/2015\/11\/Collserola.-Valles-de-Les-Feixes-131.jpg 1795w\" sizes=\"auto, (max-width: 1024px) 100vw, 1024px\" \/><\/a><p id=\"caption-attachment-25312\" class=\"wp-caption-text\">Anna, Raquel y detr\u00e1s queda el Tur\u00f3 de Valldaura<\/p><\/div>\n<div id=\"attachment_25314\" style=\"width: 1034px\" class=\"wp-caption aligncenter\"><a class=\"dt-single-image\" href=\"https:\/\/www.monta\u00f1asdelaluna.es\/wp-content\/uploads\/2015\/11\/Collserola.-Valles-de-Les-Feixes-137.jpg\" data-dt-img-description=\"\"><img loading=\"lazy\" decoding=\"async\" aria-describedby=\"caption-attachment-25314\" class=\"wp-image-25314 size-large\" src=\"https:\/\/www.monta\u00f1asdelaluna.es\/wp-content\/uploads\/2015\/11\/Collserola.-Valles-de-Les-Feixes-137-1024x768.jpg\" alt=\"Bajada a Castell Fort\u00ed\" width=\"1024\" height=\"768\" srcset=\"https:\/\/www.monta\u00f1asdelaluna.es\/wp-content\/uploads\/2015\/11\/Collserola.-Valles-de-Les-Feixes-137-1024x768.jpg 1024w, https:\/\/www.monta\u00f1asdelaluna.es\/wp-content\/uploads\/2015\/11\/Collserola.-Valles-de-Les-Feixes-137-300x225.jpg 300w, https:\/\/www.monta\u00f1asdelaluna.es\/wp-content\/uploads\/2015\/11\/Collserola.-Valles-de-Les-Feixes-137.jpg 1795w\" sizes=\"auto, (max-width: 1024px) 100vw, 1024px\" \/><\/a><p id=\"caption-attachment-25314\" class=\"wp-caption-text\">Bajada a Castell Fort\u00ed<\/p><\/div>\n<p>En la primera curva no, en la segunda; en la parte m\u00e1s al sur de la pista (ya que luego gira como si volviera a la cima de la sierra), justo en su \u00e1ngulo, un sedero sale hac\u00eda al izquierda y abajo, en busca de otra torre de electricidad. Y en cinco pasos otro cruce se\u00f1alizado. Ahora est\u00e1 claro: \u201cCastell Fort\u00ed\/Parc del Laberint\u201d. Con lo que la senda hace un giro hac\u00eda la izquierda y norte, noreste, para seguidamente girar de nuevo hac\u00eda la derecha y este cogiendo todo el cordal cimero hac\u00eda abajo, en direcci\u00f3n a la ciudad. La senda no tiene p\u00e9rdida. Est\u00e1 marcada con las se\u00f1ales del G.R.-6. Tambi\u00e9n pasa por lugares de frondosos quercus. Fabulosa Collserola con rincones llenos de vida por doquier.<\/p>\n<p>Hay que estar atentos, y entre la espesura del bosque, vemos, antes de una ligera bajada del sendero marcado, otra senda semi escondida que sale por la izquierda en busca del Castell Fort\u00ed. Nos acercamos para visitarlo. No se muy bien la historia de estas ruinas, masacradas por el vandalismo grafitero, pero no tienen mucho tiempo. Supongo que herencia de la Guerra Civil. Vestigios de la nieve ca\u00edda se esparcen entre sus ruinas; como para darle color al desastre. Aprovechamos para \u201cir al ba\u00f1o\u201d. Ya parece que atardece. Las sombras que proporciona la poca luz y de las nubes hacen que parezca que llegamos al ocaso del d\u00eda. Otra mirada a la ciudad de Barcelona, \u00a1Ya estamos ah\u00ed!<\/p>\n<div id=\"attachment_25316\" style=\"width: 1034px\" class=\"wp-caption aligncenter\"><a class=\"dt-single-image\" href=\"https:\/\/www.monta\u00f1asdelaluna.es\/wp-content\/uploads\/2015\/11\/Collserola.-Valles-de-Les-Feixes-139.jpg\" data-dt-img-description=\"\"><img loading=\"lazy\" decoding=\"async\" aria-describedby=\"caption-attachment-25316\" class=\"wp-image-25316 size-large\" src=\"https:\/\/www.monta\u00f1asdelaluna.es\/wp-content\/uploads\/2015\/11\/Collserola.-Valles-de-Les-Feixes-139-1024x768.jpg\" alt=\"Castell Fort\u00ed\" width=\"1024\" height=\"768\" srcset=\"https:\/\/www.monta\u00f1asdelaluna.es\/wp-content\/uploads\/2015\/11\/Collserola.-Valles-de-Les-Feixes-139-1024x768.jpg 1024w, https:\/\/www.monta\u00f1asdelaluna.es\/wp-content\/uploads\/2015\/11\/Collserola.-Valles-de-Les-Feixes-139-300x225.jpg 300w, https:\/\/www.monta\u00f1asdelaluna.es\/wp-content\/uploads\/2015\/11\/Collserola.-Valles-de-Les-Feixes-139.jpg 1795w\" sizes=\"auto, (max-width: 1024px) 100vw, 1024px\" \/><\/a><p id=\"caption-attachment-25316\" class=\"wp-caption-text\">Castell Fort\u00ed<\/p><\/div>\n<div id=\"attachment_25317\" style=\"width: 1034px\" class=\"wp-caption aligncenter\"><a class=\"dt-single-image\" href=\"https:\/\/www.monta\u00f1asdelaluna.es\/wp-content\/uploads\/2015\/11\/Collserola.-Valles-de-Les-Feixes-141.jpg\" data-dt-img-description=\"\"><img loading=\"lazy\" decoding=\"async\" aria-describedby=\"caption-attachment-25317\" class=\"wp-image-25317 size-large\" src=\"https:\/\/www.monta\u00f1asdelaluna.es\/wp-content\/uploads\/2015\/11\/Collserola.-Valles-de-Les-Feixes-141-1024x768.jpg\" alt=\"Vistas a Barcelona desde Castell Fort\u00ed\" width=\"1024\" height=\"768\" srcset=\"https:\/\/www.monta\u00f1asdelaluna.es\/wp-content\/uploads\/2015\/11\/Collserola.-Valles-de-Les-Feixes-141-1024x768.jpg 1024w, https:\/\/www.monta\u00f1asdelaluna.es\/wp-content\/uploads\/2015\/11\/Collserola.-Valles-de-Les-Feixes-141-300x225.jpg 300w, https:\/\/www.monta\u00f1asdelaluna.es\/wp-content\/uploads\/2015\/11\/Collserola.-Valles-de-Les-Feixes-141.jpg 1795w\" sizes=\"auto, (max-width: 1024px) 100vw, 1024px\" \/><\/a><p id=\"caption-attachment-25317\" class=\"wp-caption-text\">Vistas a Barcelona desde Castell Fort\u00ed<\/p><\/div>\n<p>Dejamos el Castell Fort\u00ed y desandamos la senda para llegar a la principal. De aqu\u00ed seguimos la misma hac\u00eda abajo, en direcci\u00f3n a la ciudad, y enseguida nos topamos con la primera valla de las primeras casas de Barcelona. \u201cCollserola entre el mar i el cel\u201d explica muy bien la bajada y las descripciones de lo que nos podemos encontrar: seguimos la valla hac\u00eda la izquierda, despu\u00e9s un giro a la derecha, noroeste, como si volvi\u00e9ramos a la sierra, y una vez cerca del fondo del valle o en un lugar donde se haga f\u00e1cil el giro, hac\u00eda el sureste&#8230; ya llegamos a las calles asfaltadas y perimetrales de Barcelona: carrer Germans Desvalls. A la derecha nos va quedando el Parque del Laberinto, con la que dicha entrada nos toparemos y el \u00faltimo cartel se\u00f1alizador del G.R. De la puerta del Parque del Laberinto a las cercan\u00edas del Velodrom d\u2019Horta, y de aqu\u00ed, paralelos a la Ronda de Dalt llegamos a nuestro lugar de inicio: la parada de metro de Mundet.<\/p>\n<div id=\"attachment_25322\" style=\"width: 1034px\" class=\"wp-caption aligncenter\"><a class=\"dt-single-image\" href=\"https:\/\/www.monta\u00f1asdelaluna.es\/wp-content\/uploads\/2015\/11\/Collserola.-Valles-de-Les-Feixes-152.jpg\" data-dt-img-description=\"\"><img loading=\"lazy\" decoding=\"async\" aria-describedby=\"caption-attachment-25322\" class=\"wp-image-25322 size-large\" src=\"https:\/\/www.monta\u00f1asdelaluna.es\/wp-content\/uploads\/2015\/11\/Collserola.-Valles-de-Les-Feixes-152-1024x768.jpg\" alt=\"Entrada al Parque del Laberinto en Barcelona\" width=\"1024\" height=\"768\" srcset=\"https:\/\/www.monta\u00f1asdelaluna.es\/wp-content\/uploads\/2015\/11\/Collserola.-Valles-de-Les-Feixes-152-1024x768.jpg 1024w, https:\/\/www.monta\u00f1asdelaluna.es\/wp-content\/uploads\/2015\/11\/Collserola.-Valles-de-Les-Feixes-152-300x225.jpg 300w, https:\/\/www.monta\u00f1asdelaluna.es\/wp-content\/uploads\/2015\/11\/Collserola.-Valles-de-Les-Feixes-152.jpg 1795w\" sizes=\"auto, (max-width: 1024px) 100vw, 1024px\" \/><\/a><p id=\"caption-attachment-25322\" class=\"wp-caption-text\">Entrada al Parque del Laberinto en Barcelona<\/p><\/div>\n<p>Han sido unas 7 horas de marcha, tranquila y entretenida por lugares conocidos y desconocidos de Collserola; en la que la nieve ha jugado un papel encantador y m\u00e1gico en el recorrido. \u00a1L\u00e1stima! no poder admirar de m\u00e1s de cerca las construcciones del valle de Les Feixes&#8230; pero ya sab\u00e9is que est\u00e1n all\u00ed, como parte de un recorrido, camino, ruta&#8230;<\/p>\n<div id=\"attachment_25328\" style=\"width: 765px\" class=\"wp-caption aligncenter\"><a class=\"dt-single-image\" href=\"https:\/\/www.monta\u00f1asdelaluna.es\/wp-content\/uploads\/2013\/02\/Valles-de-Les-Feixes.croquis.blog_.jpg\" data-dt-img-description=\"\"><img loading=\"lazy\" decoding=\"async\" aria-describedby=\"caption-attachment-25328\" class=\"wp-image-25328 size-full\" src=\"https:\/\/www.monta\u00f1asdelaluna.es\/wp-content\/uploads\/2013\/02\/Valles-de-Les-Feixes.croquis.blog_.jpg\" alt=\"Croquis del recorrido por los Valles de Les Feixes en Collserola\" width=\"755\" height=\"1648\" srcset=\"https:\/\/www.monta\u00f1asdelaluna.es\/wp-content\/uploads\/2013\/02\/Valles-de-Les-Feixes.croquis.blog_.jpg 755w, https:\/\/www.monta\u00f1asdelaluna.es\/wp-content\/uploads\/2013\/02\/Valles-de-Les-Feixes.croquis.blog_-137x300.jpg 137w, https:\/\/www.monta\u00f1asdelaluna.es\/wp-content\/uploads\/2013\/02\/Valles-de-Les-Feixes.croquis.blog_-469x1024.jpg 469w\" sizes=\"auto, (max-width: 755px) 100vw, 755px\" \/><\/a><p id=\"caption-attachment-25328\" class=\"wp-caption-text\">Croquis del recorrido por los Valles de Les Feixes en Collserola<\/p><\/div>\n<p>[vc_separator][\/vc_column_text][\/vc_column][\/vc_row][vc_row][vc_column][vc_empty_space height=\u00bb60px\u00bb][\/vc_column][\/vc_row][vc_row][vc_column][vc_cta h2=\u00bb\u00c1lbum de fotos\u00bb txt_align=\u00bbcenter\u00bb add_button=\u00bbbottom\u00bb btn_title=\u00bbVer fotos\u00bb btn_color=\u00bbwarning\u00bb btn_align=\u00bbcenter\u00bb btn_link=\u00bburl:https%3A%2F%2Fmonta%C3%B1asdelaluna.es%2F%3Fdt_gallery%3Dcollserola-valles-de-les-feixes-2|title:Collserola.%20Valles%20de%20Les%20Feixes|target:_blank\u00bb css=\u00bb.vc_custom_1625815596786{background-color: #8bc4ed !important;}\u00bb]Puedes ver todas las fotos del relato y actividad en forma de presentaci\u00f3n o individuales pinchando aqui \u00a1No te las pierdas![\/vc_cta][\/vc_column][\/vc_row][vc_row][vc_column][vc_empty_space height=\u00bb60px\u00bb][\/vc_column][\/vc_row][vc_row][vc_column width=\u00bb1\/6&#8243;][\/vc_column][vc_column width=\u00bb1\/3&#8243;][vc_raw_html]JTNDaWZyYW1lJTIwc3JjJTNEJTIyaHR0cHMlM0ElMkYlMkZ3d3cubWV0ZW9ibHVlLmNvbSUyRmVzJTJGdGllbXBvJTJGd2lkZ2V0JTJGZGFpbHklMkZiYXJjZWxvbmFfZXNwYSUyNWMzJTI1YjFhXzMxMjg3NjAlM0ZkYXlzJTNENyUyNnRlbXB1bml0JTNEQ0VMU0lVUyUyNndpbmR1bml0JTNES0lMT01FVEVSX1BFUl9IT1VSJTI2cGljdG9pY29uJTNEMSUyNm1heHRlbXBlcmF0dXJlJTNEMSUyNm1pbnRlbXBlcmF0dXJlJTNEMSUyNndpbmRzcGVlZCUzRDElMjZ3aW5kZ3VzdCUzRDElMjZ3aW5kZGlyZWN0aW9uJTNEMSUyNnByZWNpcGl0YXRpb24lM0QxJTI2cHJlY2lwaXRhdGlvbnByb2JhYmlsaXR5JTNEMSUyNnNwb3QlM0QxJTI2cHJlc3N1cmUlM0QxJTI2bGF5b3V0JTNEbGlnaHQlMjIlMjAlMjBmcmFtZWJvcmRlciUzRCUyMjAlMjIlMjBzY3JvbGxpbmclM0QlMjJOTyUyMiUyMGFsbG93dHJhbnNwYXJlbmN5JTNEJTIydHJ1ZSUyMiUyMHN0eWxlJTNEJTIyd2lkdGglM0ElMjAzNzhweCUzQmhlaWdodCUzQSUyMDM5MXB4JTIyJTNFJTNDJTJGaWZyYW1lJTNFJTNDZGl2JTNFJTNDJTIxLS0lMjBETyUyME5PVCUyMFJFTU9WRSUyMFRISVMlMjBMSU5LJTIwLS0lM0UlM0NhJTIwaHJlZiUzRCUyMmh0dHBzJTNBJTJGJTJGd3d3Lm1ldGVvYmx1ZS5jb20lMkZlcyUyRnRpZW1wbyUyRnByb25vc3RpY28lMkZzZW1hbmElMkZiYXJjZWxvbmFfZXNwYSUyNWMzJTI1YjFhXzMxMjg3NjAlMjIlMjB0YXJnZXQlM0QlMjJfYmxhbmslMjIlM0VtZXRlb2JsdWUlM0MlMkZhJTNFJTNDJTJGZGl2JTNF[\/vc_raw_html][\/vc_column][vc_column width=\u00bb1\/3&#8243;][vc_raw_html]JTNDaWZyYW1lJTIwc3JjJTNEJTIyaHR0cHMlM0ElMkYlMkZ3d3cubWV0ZW9ibHVlLmNvbSUyRmVzJTJGdGllbXBvJTJGd2lkZ2V0JTJGZGFpbHklMkZjZXJkYW55b2xhLWRlbC12YWxsJTI1YzMlMjVhOHNfZXNwYSUyNWMzJTI1YjFhXzMxMDk0MDIlM0ZkYXlzJTNENyUyNnRlbXB1bml0JTNEQ0VMU0lVUyUyNndpbmR1bml0JTNES0lMT01FVEVSX1BFUl9IT1VSJTI2cGljdG9pY29uJTNEMSUyNm1heHRlbXBlcmF0dXJlJTNEMSUyNm1pbnRlbXBlcmF0dXJlJTNEMSUyNndpbmRzcGVlZCUzRDElMjZ3aW5kZ3VzdCUzRDElMjZ3aW5kZGlyZWN0aW9uJTNEMSUyNnByZWNpcGl0YXRpb24lM0QxJTI2cHJlY2lwaXRhdGlvbnByb2JhYmlsaXR5JTNEMSUyNnNwb3QlM0QxJTI2cHJlc3N1cmUlM0QxJTI2bGF5b3V0JTNEbGlnaHQlMjIlMjAlMjBmcmFtZWJvcmRlciUzRCUyMjAlMjIlMjBzY3JvbGxpbmclM0QlMjJOTyUyMiUyMGFsbG93dHJhbnNwYXJlbmN5JTNEJTIydHJ1ZSUyMiUyMHN0eWxlJTNEJTIyd2lkdGglM0ElMjAzNzhweCUzQmhlaWdodCUzQSUyMDM5MXB4JTIyJTNFJTNDJTJGaWZyYW1lJTNFJTNDZGl2JTNFJTNDJTIxLS0lMjBETyUyME5PVCUyMFJFTU9WRSUyMFRISVMlMjBMSU5LJTIwLS0lM0UlM0NhJTIwaHJlZiUzRCUyMmh0dHBzJTNBJTJGJTJGd3d3Lm1ldGVvYmx1ZS5jb20lMkZlcyUyRnRpZW1wbyUyRnByb25vc3RpY28lMkZzZW1hbmElMkZjZXJkYW55b2xhLWRlbC12YWxsJTI1YzMlMjVhOHNfZXNwYSUyNWMzJTI1YjFhXzMxMDk0MDIlMjIlMjB0YXJnZXQlM0QlMjJfYmxhbmslMjIlM0VtZXRlb2JsdWUlM0MlMkZhJTNFJTNDJTJGZGl2JTNF[\/vc_raw_html][\/vc_column][vc_column width=\u00bb1\/6&#8243;][\/vc_column][\/vc_row]<\/p>\n","protected":false},"excerpt":{"rendered":"<p>[vc_row][vc_column][vc_column_text]Ya hac\u00eda tiempo que me atra\u00eda visitar el valle de Collserola m\u00e1s al noreste de la sierra; ya que gracias al libro de Rutes de Patrimoni Arquitect\u00f2nic de la Xarxa de Parcs Naturals de la Diputaci\u00f3 de Barcelona, que me regal\u00f3 mi compa\u00f1ero Jes\u00fas Santana, descubr\u00ed los rincones y antiguas construcciones entre los valles de&hellip;<\/p>\n","protected":false},"author":1,"featured_media":25281,"comment_status":"open","ping_status":"open","sticky":false,"template":"","format":"standard","meta":[],"categories":[49],"tags":[],"class_list":["post-25326","post","type-post","status-publish","format-standard","has-post-thumbnail","hentry","category-collserola","category-49","description-off"],"_links":{"self":[{"href":"https:\/\/www.monta\u00f1asdelaluna.es\/index.php?rest_route=\/wp\/v2\/posts\/25326","targetHints":{"allow":["GET"]}}],"collection":[{"href":"https:\/\/www.monta\u00f1asdelaluna.es\/index.php?rest_route=\/wp\/v2\/posts"}],"about":[{"href":"https:\/\/www.monta\u00f1asdelaluna.es\/index.php?rest_route=\/wp\/v2\/types\/post"}],"author":[{"embeddable":true,"href":"https:\/\/www.monta\u00f1asdelaluna.es\/index.php?rest_route=\/wp\/v2\/users\/1"}],"replies":[{"embeddable":true,"href":"https:\/\/www.monta\u00f1asdelaluna.es\/index.php?rest_route=%2Fwp%2Fv2%2Fcomments&post=25326"}],"version-history":[{"count":9,"href":"https:\/\/www.monta\u00f1asdelaluna.es\/index.php?rest_route=\/wp\/v2\/posts\/25326\/revisions"}],"predecessor-version":[{"id":50172,"href":"https:\/\/www.monta\u00f1asdelaluna.es\/index.php?rest_route=\/wp\/v2\/posts\/25326\/revisions\/50172"}],"wp:featuredmedia":[{"embeddable":true,"href":"https:\/\/www.monta\u00f1asdelaluna.es\/index.php?rest_route=\/wp\/v2\/media\/25281"}],"wp:attachment":[{"href":"https:\/\/www.monta\u00f1asdelaluna.es\/index.php?rest_route=%2Fwp%2Fv2%2Fmedia&parent=25326"}],"wp:term":[{"taxonomy":"category","embeddable":true,"href":"https:\/\/www.monta\u00f1asdelaluna.es\/index.php?rest_route=%2Fwp%2Fv2%2Fcategories&post=25326"},{"taxonomy":"post_tag","embeddable":true,"href":"https:\/\/www.monta\u00f1asdelaluna.es\/index.php?rest_route=%2Fwp%2Fv2%2Ftags&post=25326"}],"curies":[{"name":"wp","href":"https:\/\/api.w.org\/{rel}","templated":true}]}}