{"id":25618,"date":"2004-08-01T07:49:10","date_gmt":"2004-08-01T07:49:10","guid":{"rendered":"http:\/\/monta\u00f1asdelaluna.com\/?p=25618"},"modified":"2021-08-01T18:29:33","modified_gmt":"2021-08-01T18:29:33","slug":"panticosa-y-los-picos-del-infierno","status":"publish","type":"post","link":"https:\/\/www.monta\u00f1asdelaluna.es\/?p=25618","title":{"rendered":"Panticosa y los Picos del Infierno"},"content":{"rendered":"<p>[vc_row][vc_column][vc_column_text]Hace escasamente un mes desde que escribo estas l\u00edneas, y despu\u00e9s de diez a\u00f1os de haber ido a Panticosa, vuelvo a ir con la intenci\u00f3n de subir los Picos del Infierno. Estamos en agosto de dos mil cuatro. Realmente este verano no ten\u00eda intenci\u00f3n de irme a ninguna monta\u00f1a despu\u00e9s del viaje a Rusia del a\u00f1o pasado, por motivos personales y econ\u00f3micos prefer\u00eda pasar el verano sin salir. Pero realmente un viaje como este no es ning\u00fan gasto exagerado y aparte te aparta de la rutina y te \u201ccarga las pilas\u201d como m\u00ednimo, aparte de m\u00e1s cosas. Adem\u00e1s iban a ir dos compa\u00f1eros que ya conoc\u00eda de monta\u00f1as subidas: Paco Mart\u00ednez y Jes\u00fas Calvo. Y Adem\u00e1s el sitio escogido, los Picos del Infierno, me llamaba la atenci\u00f3n, me atra\u00edan; no solo por el nombre sino por que ya hab\u00eda estado en Panticosa y me ilusionaba volver.<\/p>\n<p>Yo en un principio no iba a ir. Hab\u00eda rechazado el irme con otra gente a hacer el Aneto y Monte Perdido que ya los hab\u00eda hecho; pero Paco y Jes\u00fas me \u201cpincharon\u201d para que fuera con ellos, y yo para estas cosas soy muy f\u00e1cil de convencer, aparte iba a ir con buena y ya conocida gente en el \u00e1mbito personal y monta\u00f1ero. As\u00ed pues \u00a1A por los Infiernos!<\/p>\n<p>Al mediod\u00eda llegamos a Ba\u00f1os de Panticosa; en estas fechas el turismo abarrotaba el parking de coches y las pocas calles, tiendas y terrazas del balneario. Despu\u00e9s de comprar pan in Panticosa (m\u00e1s abajo) y de comprar un mapa decidimos subir hasta los Ibones o Lagos Azules que se encuentran justo bajo los Infiernos y ya sab\u00edamos por Jes\u00fas Andujar, que ya hab\u00eda estado all\u00ed, que eran el campamento base ideal para subirlos, y hab\u00eda una zona de acampada extraordinaria.<\/p>\n<div id=\"attachment_44762\" style=\"width: 1034px\" class=\"wp-caption aligncenter\"><a class=\"dt-single-image\" href=\"https:\/\/www.monta\u00f1asdelaluna.es\/wp-content\/uploads\/2004\/08\/joaquin-y-paco-subiendo-a-bachimana-con-el-valle-de-panticosa-detras.jpg\" data-dt-img-description=\"\"><img loading=\"lazy\" decoding=\"async\" aria-describedby=\"caption-attachment-44762\" class=\"wp-image-44762 size-large\" src=\"https:\/\/www.monta\u00f1asdelaluna.es\/wp-content\/uploads\/2004\/08\/joaquin-y-paco-subiendo-a-bachimana-con-el-valle-de-panticosa-detras-1024x678.jpg\" alt=\"Joaqu\u00edn y Paco subiendo a Bachima\u00f1a con el Valle de Panticosa detr\u00e1s\" width=\"1024\" height=\"678\" srcset=\"https:\/\/www.monta\u00f1asdelaluna.es\/wp-content\/uploads\/2004\/08\/joaquin-y-paco-subiendo-a-bachimana-con-el-valle-de-panticosa-detras-1024x678.jpg 1024w, https:\/\/www.monta\u00f1asdelaluna.es\/wp-content\/uploads\/2004\/08\/joaquin-y-paco-subiendo-a-bachimana-con-el-valle-de-panticosa-detras-300x199.jpg 300w, https:\/\/www.monta\u00f1asdelaluna.es\/wp-content\/uploads\/2004\/08\/joaquin-y-paco-subiendo-a-bachimana-con-el-valle-de-panticosa-detras.jpg 1848w\" sizes=\"auto, (max-width: 1024px) 100vw, 1024px\" \/><\/a><p id=\"caption-attachment-44762\" class=\"wp-caption-text\">Joaqu\u00edn y Paco subiendo a Bachima\u00f1a con el Valle de Panticosa detr\u00e1s<\/p><\/div>\n<div id=\"attachment_44764\" style=\"width: 1034px\" class=\"wp-caption aligncenter\"><a class=\"dt-single-image\" href=\"https:\/\/www.monta\u00f1asdelaluna.es\/wp-content\/uploads\/2004\/08\/joaquin-en-el-centro-y-jesus-a-la-derecha-junto-al-ibon-de-bachimana-inferior.jpg\" data-dt-img-description=\"\"><img loading=\"lazy\" decoding=\"async\" aria-describedby=\"caption-attachment-44764\" class=\"wp-image-44764 size-large\" src=\"https:\/\/www.monta\u00f1asdelaluna.es\/wp-content\/uploads\/2004\/08\/joaquin-en-el-centro-y-jesus-a-la-derecha-junto-al-ibon-de-bachimana-inferior-1024x681.jpg\" alt=\"Joaqu\u00edn en el centro y Jes\u00fas a la derecha junto al Ib\u00f3n de Bachima\u00f1a Inferior\" width=\"1024\" height=\"681\" srcset=\"https:\/\/www.monta\u00f1asdelaluna.es\/wp-content\/uploads\/2004\/08\/joaquin-en-el-centro-y-jesus-a-la-derecha-junto-al-ibon-de-bachimana-inferior-1024x681.jpg 1024w, https:\/\/www.monta\u00f1asdelaluna.es\/wp-content\/uploads\/2004\/08\/joaquin-en-el-centro-y-jesus-a-la-derecha-junto-al-ibon-de-bachimana-inferior-300x199.jpg 300w, https:\/\/www.monta\u00f1asdelaluna.es\/wp-content\/uploads\/2004\/08\/joaquin-en-el-centro-y-jesus-a-la-derecha-junto-al-ibon-de-bachimana-inferior.jpg 1843w\" sizes=\"auto, (max-width: 1024px) 100vw, 1024px\" \/><\/a><p id=\"caption-attachment-44764\" class=\"wp-caption-text\">Joaqu\u00edn en el centro y Jes\u00fas a la derecha junto al Ib\u00f3n de Bachima\u00f1a Inferior<\/p><\/div>\n<p>Vimos que todo el Balneario (o casi todo) estaba en obras: construyendo grandes y nuevos hoteles, restaurando los viejos y adecentando un poco el lugar. El turismo de balnearios y hoteles de monta\u00f1a se est\u00e1 acrecentando, espero que no se aglutinen ni conviertan la monta\u00f1a en una gran urbanizaci\u00f3n, roturando, destrozando y afe\u00e1ndola. Espero que estas obras sean con sentido y respeten el entorno que al fin y al cabo es su fuente de riqueza.<\/p>\n<p>No sab\u00edamos donde empezaba la subida a los lagos, donde coger la senda, as\u00ed que nos adelantamos hasta el bonito Refugio Casa de Piedra. \u00a1Que recuerdos me tra\u00eda nada m\u00e1s ver el refugio!, estaba igual que hace diez a\u00f1os, tan acogedor y encantador como aquel de entonces. L\u00e1stima que al final no pasamos ninguna noche all\u00ed, me hubiera hecho ilusi\u00f3n volver a dormir en aquellas literas y de comer en aquel comedor. Bueno, siempre me quedar\u00e1n esos recuerdos. Entr\u00e9 en el refugio y le pregunt\u00e9 al guarda. \u201cDetr\u00e1s de esa obra a la derecha\u201d. Y empezamos la subida.<\/p>\n<div id=\"attachment_44769\" style=\"width: 1034px\" class=\"wp-caption aligncenter\"><a class=\"dt-single-image\" href=\"https:\/\/www.monta\u00f1asdelaluna.es\/wp-content\/uploads\/2004\/08\/saliendo-del-antiguo-refugio-del-ibon-de-bachimana-inferior-a-la-izquierda-angel-de-verde-paco-y-a-la-derecha-jesus.jpg\" data-dt-img-description=\"\"><img loading=\"lazy\" decoding=\"async\" aria-describedby=\"caption-attachment-44769\" class=\"wp-image-44769 size-large\" src=\"https:\/\/www.monta\u00f1asdelaluna.es\/wp-content\/uploads\/2004\/08\/saliendo-del-antiguo-refugio-del-ibon-de-bachimana-inferior-a-la-izquierda-angel-de-verde-paco-y-a-la-derecha-jesus-1024x679.jpg\" alt=\"Saliendo del antiguo refugio del Ib\u00f3n de Bachima\u00f1a Inferior, a la izquierda \u00c1ngel, de verde Paco y a la derecha Jes\u00fas\" width=\"1024\" height=\"679\" srcset=\"https:\/\/www.monta\u00f1asdelaluna.es\/wp-content\/uploads\/2004\/08\/saliendo-del-antiguo-refugio-del-ibon-de-bachimana-inferior-a-la-izquierda-angel-de-verde-paco-y-a-la-derecha-jesus-1024x679.jpg 1024w, https:\/\/www.monta\u00f1asdelaluna.es\/wp-content\/uploads\/2004\/08\/saliendo-del-antiguo-refugio-del-ibon-de-bachimana-inferior-a-la-izquierda-angel-de-verde-paco-y-a-la-derecha-jesus-300x199.jpg 300w, https:\/\/www.monta\u00f1asdelaluna.es\/wp-content\/uploads\/2004\/08\/saliendo-del-antiguo-refugio-del-ibon-de-bachimana-inferior-a-la-izquierda-angel-de-verde-paco-y-a-la-derecha-jesus.jpg 1837w\" sizes=\"auto, (max-width: 1024px) 100vw, 1024px\" \/><\/a><p id=\"caption-attachment-44769\" class=\"wp-caption-text\">Saliendo del antiguo refugio del Ib\u00f3n de Bachima\u00f1a Inferior, a la izquierda \u00c1ngel, de verde Paco y a la derecha Jes\u00fas<\/p><\/div>\n<div id=\"attachment_44774\" style=\"width: 1034px\" class=\"wp-caption aligncenter\"><a class=\"dt-single-image\" href=\"https:\/\/www.monta\u00f1asdelaluna.es\/wp-content\/uploads\/2004\/08\/un-grupo-cruzando-por-el-g-r-11-cerca-del-ibon-de-bachimana-superior.jpg\" data-dt-img-description=\"\"><img loading=\"lazy\" decoding=\"async\" aria-describedby=\"caption-attachment-44774\" class=\"wp-image-44774 size-large\" src=\"https:\/\/www.monta\u00f1asdelaluna.es\/wp-content\/uploads\/2004\/08\/un-grupo-cruzando-por-el-g-r-11-cerca-del-ibon-de-bachimana-superior-1024x680.jpg\" alt=\"Un grupo cruzando por el G.R.-11 cerca del Ib\u00f3n de Bachima\u00f1a Superior\" width=\"1024\" height=\"680\" srcset=\"https:\/\/www.monta\u00f1asdelaluna.es\/wp-content\/uploads\/2004\/08\/un-grupo-cruzando-por-el-g-r-11-cerca-del-ibon-de-bachimana-superior-1024x680.jpg 1024w, https:\/\/www.monta\u00f1asdelaluna.es\/wp-content\/uploads\/2004\/08\/un-grupo-cruzando-por-el-g-r-11-cerca-del-ibon-de-bachimana-superior-300x199.jpg 300w, https:\/\/www.monta\u00f1asdelaluna.es\/wp-content\/uploads\/2004\/08\/un-grupo-cruzando-por-el-g-r-11-cerca-del-ibon-de-bachimana-superior.jpg 1837w\" sizes=\"auto, (max-width: 1024px) 100vw, 1024px\" \/><\/a><p id=\"caption-attachment-44774\" class=\"wp-caption-text\">Un grupo cruzando por el G.R.-11 cerca del Ib\u00f3n de Bachima\u00f1a Superior<\/p><\/div>\n<p>La senda, al principio empinada, sigue la ribera del r\u00edo que baja de los numerosos lagos de arriba. Cascadas y pinares son la nota predominante en este principio de la subida, y los miradores te muestran el bonito rinc\u00f3n de los Ba\u00f1os de Panticosa all\u00e1 abajo, rodeado de hermosos bosques, fuertes pendientes, junto al Lago de Ba\u00f1os. Hac\u00eda el oeste, all\u00e1 arriba, los bellos Argualas y Garmo Negro rodeado por algunos neveros, que les dan un toque de grandeza. Luchan contra el mal tiempo para ense\u00f1arnos sus mejores perfiles. M\u00e1s arriba, ya no se ve Ba\u00f1os, pero los elegantes tres v\u00e9rtices del Pico Foratula limitan al sur el alto valle de Panticosa sobre el Balneario, rodeado tambi\u00e9n de una bonita cobertura vegetal y unos perfiles escarpados y atrayentes.<\/p>\n<p>Antes de llegar al primero de los ibones, una pared surcada por cascadas forma la magn\u00edfica muralla antecesora a la cubeta glacial. Aqu\u00ed la senda zigzaguea y se empina a su izquierda para llegar arriba de esta pared. Me adelanto. Dejo atr\u00e1s a no mucha distancia a Paco y Jes\u00fas. Por fin llego a las orillas del primer ib\u00f3n despu\u00e9s del Lago de Ba\u00f1os: el Ib\u00f3n Bajo de Bachima\u00f1a. Miro hac\u00eda atr\u00e1s y no los veo, les espero. Hay monta\u00f1eros tumbados en la hierba entre grandes rocas gran\u00edticas. Al final de este ib\u00f3n una presa y un fuerte chorro de agua bajo ella, me dicen que al otro lado debe de haber otro lago. El paisaje a esta altura ha cambiado: el bosque desaparece y las laderas aparecen m\u00e1s suaves con la roca desnuda de vegetaci\u00f3n. Hace fresco, me abrigo pero mis compa\u00f1eros, extra\u00f1amente siguen sin aparecer \u00a1No pueden tardar tanto!, \u00a1que raro!<\/p>\n<div id=\"attachment_44776\" style=\"width: 831px\" class=\"wp-caption aligncenter\"><a class=\"dt-single-image\" href=\"https:\/\/www.monta\u00f1asdelaluna.es\/wp-content\/uploads\/2004\/08\/joaquin-y-jesus-junto-al-ibon-azul-alto-bajo-el-pico-de-piedrafita.jpg\" data-dt-img-description=\"\"><img loading=\"lazy\" decoding=\"async\" aria-describedby=\"caption-attachment-44776\" class=\"wp-image-44776 \" src=\"https:\/\/www.monta\u00f1asdelaluna.es\/wp-content\/uploads\/2004\/08\/joaquin-y-jesus-junto-al-ibon-azul-alto-bajo-el-pico-de-piedrafita.jpg\" alt=\"Joaqu\u00edn y Jes\u00fas junto al Ib\u00f3n Azul Alto bajo el Pico de Piedrafita\" width=\"821\" height=\"1219\" srcset=\"https:\/\/www.monta\u00f1asdelaluna.es\/wp-content\/uploads\/2004\/08\/joaquin-y-jesus-junto-al-ibon-azul-alto-bajo-el-pico-de-piedrafita.jpg 1237w, https:\/\/www.monta\u00f1asdelaluna.es\/wp-content\/uploads\/2004\/08\/joaquin-y-jesus-junto-al-ibon-azul-alto-bajo-el-pico-de-piedrafita-202x300.jpg 202w, https:\/\/www.monta\u00f1asdelaluna.es\/wp-content\/uploads\/2004\/08\/joaquin-y-jesus-junto-al-ibon-azul-alto-bajo-el-pico-de-piedrafita-690x1024.jpg 690w\" sizes=\"auto, (max-width: 821px) 100vw, 821px\" \/><\/a><p id=\"caption-attachment-44776\" class=\"wp-caption-text\">Joaqu\u00edn y Jes\u00fas junto al Ib\u00f3n Azul Alto bajo el Pico de Piedrafita<\/p><\/div>\n<div id=\"attachment_44789\" style=\"width: 1034px\" class=\"wp-caption aligncenter\"><a class=\"dt-single-image\" href=\"https:\/\/www.monta\u00f1asdelaluna.es\/wp-content\/uploads\/2004\/08\/vistas-desde-el-cuello-del-infierno-o-collado-de-tebarray-a-2-722-mts-abajo-en-el-centro-el-ibon-de-bachimana-superior.jpg\" data-dt-img-description=\"\"><img loading=\"lazy\" decoding=\"async\" aria-describedby=\"caption-attachment-44789\" class=\"wp-image-44789 size-large\" src=\"https:\/\/www.monta\u00f1asdelaluna.es\/wp-content\/uploads\/2004\/08\/vistas-desde-el-cuello-del-infierno-o-collado-de-tebarray-a-2-722-mts-abajo-en-el-centro-el-ibon-de-bachimana-superior-1024x682.jpg\" alt=\"Vistas desde el Cuello del Infierno o Collado de Tebarray, a 2.722 mts., abajo en el centro el Ib\u00f3n de Bachima\u00f1a Superior\" width=\"1024\" height=\"682\" srcset=\"https:\/\/www.monta\u00f1asdelaluna.es\/wp-content\/uploads\/2004\/08\/vistas-desde-el-cuello-del-infierno-o-collado-de-tebarray-a-2-722-mts-abajo-en-el-centro-el-ibon-de-bachimana-superior-1024x682.jpg 1024w, https:\/\/www.monta\u00f1asdelaluna.es\/wp-content\/uploads\/2004\/08\/vistas-desde-el-cuello-del-infierno-o-collado-de-tebarray-a-2-722-mts-abajo-en-el-centro-el-ibon-de-bachimana-superior-300x200.jpg 300w, https:\/\/www.monta\u00f1asdelaluna.es\/wp-content\/uploads\/2004\/08\/vistas-desde-el-cuello-del-infierno-o-collado-de-tebarray-a-2-722-mts-abajo-en-el-centro-el-ibon-de-bachimana-superior.jpg 1831w\" sizes=\"auto, (max-width: 1024px) 100vw, 1024px\" \/><\/a><p id=\"caption-attachment-44789\" class=\"wp-caption-text\">Vistas desde el Cuello del Infierno o Collado de Tebarray, a 2.722 mts., abajo en el centro el Ib\u00f3n de Bachima\u00f1a Superior<\/p><\/div>\n<p>Al cabo de un tiempo veo a Jes\u00fas y detr\u00e1s de \u00e9l a Paco que se aproximan por la senda. Intentan hablarme, decirme algo pero a\u00fan est\u00e1n lejos y no les oigo bien. Cuando ya por fin est\u00e1n junto a mi veo que Paco tiene la nariz ensangrentada. Me explican que Paco iba andando bien por la senda y al pisar una laja lisa, resbala y no le da tiempo a sacar las manos de los tirantes de la mochila y aterriza sobre otra piedra (tambi\u00e9n lisa, por suerte) con la nariz y las rodillas. El golpe ha sido fuerte. No se ha roto la nariz de milagro. Se le ve aturdido, perdido. Le duele la nariz, las rodillas, en las que lleva unas heridas y moratones. Nos pide de pasar la noche aqu\u00ed ya que no sabe como se levantar\u00e1 ma\u00f1ana y ahora es demasiado seguir adelante para \u00e9l despu\u00e9s del fuerte golpe. Al otro lado del ib\u00f3n hay una casa, un refugio y nos dirigimos a \u00e9l. Otro monta\u00f1ero que pasaba junto a ellos le pregunta exclamando: \u00a1\u00bftoda esa sangre era tuya?! Ya que hab\u00eda pasado por el lugar del accidente y hab\u00eda visto una gran mancha de sangre. \u00a1El tortazo debi\u00f3 de ser soberbio!<\/p>\n<p>Casi me imagino a Paco cay\u00e9ndose, y la graciosa escena me provoca una tenue sonrisa que luego acabar\u00eda en una risa. \u00a1Debi\u00f3 de ser tan c\u00f3mico!<\/p>\n<p>Cruzamos la peque\u00f1a presa, y al otro lado del ib\u00f3n unas caba\u00f1as abandonadas pero algo cuidadas nos servir\u00edan para pasar la noche. La segunda caba\u00f1a estaba bien y nos alojamos en la habitaci\u00f3n de en medio. All\u00ed conocimos a \u00c1ngel de Bilbao, un vagabundo monta\u00f1ero con el que entablamos una interesante amistad con unas conversaciones de aventuras e historias vividas en las monta\u00f1as y en Sudam\u00e9rica. Todo un personaje. Tambi\u00e9n una joven monta\u00f1era (tambi\u00e9n vasca, \u00a1como no!) que estaba haciendo el GR-11 en solitario algunas semanas, pas\u00f3 con nosotros la noche en la austera caba\u00f1a. Otra pareja con una ni\u00f1a peque\u00f1a se quedaron en la casa primera; \u00e9stos, esta vez, eran de Zaragoza. Pasamos una buena noche. El lugar era c\u00f3modo, para estar en la monta\u00f1a.<\/p>\n<div id=\"attachment_44792\" style=\"width: 831px\" class=\"wp-caption aligncenter\"><a class=\"dt-single-image\" href=\"https:\/\/www.monta\u00f1asdelaluna.es\/wp-content\/uploads\/2004\/08\/joaquin-y-jesus-subiendo-al-infierno-occidental-viniendo-del-cuello-del-infierno-o-collado-de-tebarray-en-el-centro-con-el-ibon-de-tebarray-abajo-detras-el-balaitous-con-la-cresta-costerillou-a-su-d.jpg\" data-dt-img-description=\"\"><img loading=\"lazy\" decoding=\"async\" aria-describedby=\"caption-attachment-44792\" class=\"wp-image-44792 \" src=\"https:\/\/www.monta\u00f1asdelaluna.es\/wp-content\/uploads\/2004\/08\/joaquin-y-jesus-subiendo-al-infierno-occidental-viniendo-del-cuello-del-infierno-o-collado-de-tebarray-en-el-centro-con-el-ibon-de-tebarray-abajo-detras-el-balaitous-con-la-cresta-costerillou-a-su-d.jpg\" alt=\"Joaqu\u00edn y Jes\u00fas subiendo al Infierno Occidental viniendo del Cuello del Infierno o Collado de Tebarray en el centro, con el Ib\u00f3n de Tebarray abajo, detr\u00e1s el Bala\u00eftous con la Cresta Costerillou a su derecha acabada en el Pico Cristal en el centro\" width=\"821\" height=\"1216\" srcset=\"https:\/\/www.monta\u00f1asdelaluna.es\/wp-content\/uploads\/2004\/08\/joaquin-y-jesus-subiendo-al-infierno-occidental-viniendo-del-cuello-del-infierno-o-collado-de-tebarray-en-el-centro-con-el-ibon-de-tebarray-abajo-detras-el-balaitous-con-la-cresta-costerillou-a-su-d.jpg 1234w, https:\/\/www.monta\u00f1asdelaluna.es\/wp-content\/uploads\/2004\/08\/joaquin-y-jesus-subiendo-al-infierno-occidental-viniendo-del-cuello-del-infierno-o-collado-de-tebarray-en-el-centro-con-el-ibon-de-tebarray-abajo-detras-el-balaitous-con-la-cresta-costerillou-a-su-d-203x300.jpg 203w, https:\/\/www.monta\u00f1asdelaluna.es\/wp-content\/uploads\/2004\/08\/joaquin-y-jesus-subiendo-al-infierno-occidental-viniendo-del-cuello-del-infierno-o-collado-de-tebarray-en-el-centro-con-el-ibon-de-tebarray-abajo-detras-el-balaitous-con-la-cresta-costerillou-a-su-d-692x1024.jpg 692w\" sizes=\"auto, (max-width: 821px) 100vw, 821px\" \/><\/a><p id=\"caption-attachment-44792\" class=\"wp-caption-text\">Joaqu\u00edn y Jes\u00fas subiendo al Infierno Occidental viniendo del Cuello del Infierno o Collado de Tebarray en el centro, con el Ib\u00f3n de Tebarray abajo, detr\u00e1s el Bala\u00eftous con la Cresta Costerillou a su derecha acabada en el Pico Cristal en el centro<\/p><\/div>\n<div id=\"attachment_44795\" style=\"width: 831px\" class=\"wp-caption aligncenter\"><a class=\"dt-single-image\" href=\"https:\/\/www.monta\u00f1asdelaluna.es\/wp-content\/uploads\/2004\/08\/un-grupo-subiendo-al-infierno-occidental.jpg\" data-dt-img-description=\"\"><img loading=\"lazy\" decoding=\"async\" aria-describedby=\"caption-attachment-44795\" class=\"wp-image-44795 \" src=\"https:\/\/www.monta\u00f1asdelaluna.es\/wp-content\/uploads\/2004\/08\/un-grupo-subiendo-al-infierno-occidental.jpg\" alt=\"Un grupo subiendo al Infierno Occidental\" width=\"821\" height=\"1227\" srcset=\"https:\/\/www.monta\u00f1asdelaluna.es\/wp-content\/uploads\/2004\/08\/un-grupo-subiendo-al-infierno-occidental.jpg 1232w, https:\/\/www.monta\u00f1asdelaluna.es\/wp-content\/uploads\/2004\/08\/un-grupo-subiendo-al-infierno-occidental-201x300.jpg 201w, https:\/\/www.monta\u00f1asdelaluna.es\/wp-content\/uploads\/2004\/08\/un-grupo-subiendo-al-infierno-occidental-686x1024.jpg 686w\" sizes=\"auto, (max-width: 821px) 100vw, 821px\" \/><\/a><p id=\"caption-attachment-44795\" class=\"wp-caption-text\">Un grupo subiendo al Infierno Occidental<\/p><\/div>\n<p>Al otro d\u00eda sigue el mal tiempo. Las nubes y nieblas cubren los alrededores de las caba\u00f1as y el ib\u00f3n, y en ocasiones no ves a cincuenta metros. Aunque a medida que desayunamos y pasa el tiempo, la atm\u00f3sfera se va despejando pero sin abrirse del todo. Paco parece que est\u00e1 mejor. No le duele nada ya, aunque parece que tiene la cara hinchada alrededor de la nariz. As\u00ed pues a media ma\u00f1ana partimos hac\u00eda los Ibones Azules o Lagos Azules. Nos despedimos de la gente e invitamos a \u00c1ngel a que nos visite alg\u00fan d\u00eda all\u00e1 arriba.<\/p>\n<p>Volvemos a coger la senda dejada y empezamos a bordear el Ib\u00f3n Bajo de Bachima\u00f1a, despu\u00e9s el grande y algo m\u00e1s alto Ib\u00f3n de Bachima\u00f1a. La senda es c\u00f3moda y ancha, propia del GR. A medida que subimos nos entretienen las conversaciones, opiniones y discrepancias en animados y mansos debates sobre la vida y la monta\u00f1a, compaginado con un bonito paisaje a orillas del Ib\u00f3n Alto de Bachima\u00f1a. Dejamos el mismo ib\u00f3n y cambiamos la orientaci\u00f3n hac\u00eda el oeste, subiendo a los cercanos Ibones Azules. M\u00e1s arriba, un numeroso grupo de escolares y monitores siguen valle abajo cruz\u00e1ndose con nosotros. El GR-11 de Respomuso a Panticosa es muy transitado.<\/p>\n<p>A poco rato llegamos la primero de los Ibones Azules mas considerables. Una peque\u00f1a caba\u00f1a met\u00e1lica y unos cuantos huecos para acampar flanquean la orilla de esta laguna. El agua es muy limpia y transparente, y te dan unas enormes ganas de quitarte la ropa y zambullirte en sus apacibles aguas. Lo \u00fanico que nos frena es lo fr\u00eda que est\u00e1 el agua y con el d\u00eda nublado y fresco se quitan las ganas de ba\u00f1arte.<\/p>\n<div id=\"attachment_44797\" style=\"width: 1860px\" class=\"wp-caption aligncenter\"><a class=\"dt-single-image\" href=\"https:\/\/www.monta\u00f1asdelaluna.es\/wp-content\/uploads\/2004\/08\/desde-la-cima-del-infierno-occidental-3-075-mts-se-observa-la-cresta-sobre-la-marmolada-el-infierno-central-a-la-derecha-y-el-oriental-a-la-izquierda.jpg\" data-dt-img-description=\"\"><img loading=\"lazy\" decoding=\"async\" aria-describedby=\"caption-attachment-44797\" class=\"wp-image-44797 size-full\" src=\"https:\/\/www.monta\u00f1asdelaluna.es\/wp-content\/uploads\/2004\/08\/desde-la-cima-del-infierno-occidental-3-075-mts-se-observa-la-cresta-sobre-la-marmolada-el-infierno-central-a-la-derecha-y-el-oriental-a-la-izquierda.jpg\" alt=\"Desde la cima del Infierno Occidental, 3.075 mts., se observa la cresta sobre la Marmolada, el Infierno Central a la derecha y el Oriental a la izquierda\" width=\"1850\" height=\"1278\" srcset=\"https:\/\/www.monta\u00f1asdelaluna.es\/wp-content\/uploads\/2004\/08\/desde-la-cima-del-infierno-occidental-3-075-mts-se-observa-la-cresta-sobre-la-marmolada-el-infierno-central-a-la-derecha-y-el-oriental-a-la-izquierda.jpg 1850w, https:\/\/www.monta\u00f1asdelaluna.es\/wp-content\/uploads\/2004\/08\/desde-la-cima-del-infierno-occidental-3-075-mts-se-observa-la-cresta-sobre-la-marmolada-el-infierno-central-a-la-derecha-y-el-oriental-a-la-izquierda-300x207.jpg 300w, https:\/\/www.monta\u00f1asdelaluna.es\/wp-content\/uploads\/2004\/08\/desde-la-cima-del-infierno-occidental-3-075-mts-se-observa-la-cresta-sobre-la-marmolada-el-infierno-central-a-la-derecha-y-el-oriental-a-la-izquierda-1024x707.jpg 1024w\" sizes=\"auto, (max-width: 1850px) 100vw, 1850px\" \/><\/a><p id=\"caption-attachment-44797\" class=\"wp-caption-text\">Desde la cima del Infierno Occidental, 3.075 mts., se observa la cresta sobre la Marmolada, el Infierno Central a la derecha y el Oriental a la izquierda<\/p><\/div>\n<p>Poco m\u00e1s arriba y casi seguidos otro Ib\u00f3n Azul. \u00c9ste est\u00e1 flanqueado al oeste y noroeste por monta\u00f1as agrestes y encrespadas que rozan los tres mil metros y, como no, por los Picos del Infierno. El d\u00eda a\u00fan est\u00e1 nublado y dichas nubes cubren el macizo, lo cual nos impide ver sus cumbres, y a la vez le dan un aspecto m\u00e1s paradigm\u00e1tico, misterioso y enigm\u00e1tico \u00a1\u00bfQu\u00e9 esconder\u00e1n las nubes?! \u00a1\u00bfQu\u00e9 habr\u00e1 tras ellas?!<\/p>\n<p>En unos prados muy verdes, al otro lado del ib\u00f3n, acampamos; algo en alto con respecto a la orilla del lago pero desde donde se divisan todas sus dimensiones, bajo el Pico de Piedrafita. Acampamos en un lugar ideal junto a una baliza nival. El sitio es hermoso: rodeado por abundantes neveros, paredes y circos glaciares grandiosos, picos abruptos, puntiagudos y soberbios, crestas afiladas (como la que bajaba de los Arnales); hac\u00eda el este y al fondo del valle m\u00e1s picos puntiagudos y lisas pendientes modeladas por los antiguos hielos, fr\u00edos de otras \u00e9pocas&#8230; y un macizo entre otros, el espectacular macizo del Vignemale, sobresaliendo entre todas las monta\u00f1as como una gran fortaleza infranqueable, altiva y soberbia as\u00ed como grandiosa y hermosa. Un espect\u00e1culo maravilloso. Est\u00e1bamos en el para\u00edso, en nuestro para\u00edso monta\u00f1ero.<\/p>\n<p>Por la tarde no tenemos nada que hacer. Decidimos aproximarnos al Cuello del Infierno, punto de partida hac\u00eda los Picos del Infierno. Cruzamos numerosos y amplios neveros, la vista atr\u00e1s se ampliaba y engrandec\u00eda a medida que sub\u00edamos, pero el tiempo segu\u00eda medio nublado y el sol acariciaba de vez en cuando los lagos de abajo d\u00e1ndoles un color oscuro y apacible contrastado con el color claro de las rocas.<\/p>\n<div id=\"attachment_44800\" style=\"width: 1034px\" class=\"wp-caption aligncenter\"><a class=\"dt-single-image\" href=\"https:\/\/www.monta\u00f1asdelaluna.es\/wp-content\/uploads\/2004\/08\/delante-jesus-y-joaquin-en-la-cresta-de-los-infiernos-dejando-atras-la-cima-del-infierno-occidental-detras-a-la-izquierda-el-pic-du-midi-d-ossau.jpg\" data-dt-img-description=\"\"><img loading=\"lazy\" decoding=\"async\" aria-describedby=\"caption-attachment-44800\" class=\"wp-image-44800 size-large\" src=\"https:\/\/www.monta\u00f1asdelaluna.es\/wp-content\/uploads\/2004\/08\/delante-jesus-y-joaquin-en-la-cresta-de-los-infiernos-dejando-atras-la-cima-del-infierno-occidental-detras-a-la-izquierda-el-pic-du-midi-d-ossau-1024x681.jpg\" alt=\"Delante Jes\u00fas y Joaqu\u00edn en la cresta de los Infiernos, dejando atr\u00e1s la cima del Infierno Occidental. Detr\u00e1s a la izquierda el Pic du Midi d'Ossau\" width=\"1024\" height=\"681\" srcset=\"https:\/\/www.monta\u00f1asdelaluna.es\/wp-content\/uploads\/2004\/08\/delante-jesus-y-joaquin-en-la-cresta-de-los-infiernos-dejando-atras-la-cima-del-infierno-occidental-detras-a-la-izquierda-el-pic-du-midi-d-ossau-1024x681.jpg 1024w, https:\/\/www.monta\u00f1asdelaluna.es\/wp-content\/uploads\/2004\/08\/delante-jesus-y-joaquin-en-la-cresta-de-los-infiernos-dejando-atras-la-cima-del-infierno-occidental-detras-a-la-izquierda-el-pic-du-midi-d-ossau-300x199.jpg 300w, https:\/\/www.monta\u00f1asdelaluna.es\/wp-content\/uploads\/2004\/08\/delante-jesus-y-joaquin-en-la-cresta-de-los-infiernos-dejando-atras-la-cima-del-infierno-occidental-detras-a-la-izquierda-el-pic-du-midi-d-ossau.jpg 1846w\" sizes=\"auto, (max-width: 1024px) 100vw, 1024px\" \/><\/a><p id=\"caption-attachment-44800\" class=\"wp-caption-text\">Delante Jes\u00fas y Joaqu\u00edn en la cresta de los Infiernos, dejando atr\u00e1s la cima del Infierno Occidental. Detr\u00e1s a la izquierda el Pic du Midi d&#8217;Ossau<\/p><\/div>\n<div id=\"attachment_44802\" style=\"width: 1034px\" class=\"wp-caption aligncenter\"><a class=\"dt-single-image\" href=\"https:\/\/www.monta\u00f1asdelaluna.es\/wp-content\/uploads\/2004\/08\/delante-jesus-y-joaquin-llegando-al-infierno-central-dejando-atras-la-cima-del-infierno-occidental.jpg\" data-dt-img-description=\"\"><img loading=\"lazy\" decoding=\"async\" aria-describedby=\"caption-attachment-44802\" class=\"wp-image-44802 size-large\" src=\"https:\/\/www.monta\u00f1asdelaluna.es\/wp-content\/uploads\/2004\/08\/delante-jesus-y-joaquin-llegando-al-infierno-central-dejando-atras-la-cima-del-infierno-occidental-1024x679.jpg\" alt=\"Delante Jes\u00fas y Joaqu\u00edn llegando al Infierno Central, dejando atr\u00e1s la cima del Infierno Occidental\" width=\"1024\" height=\"679\" srcset=\"https:\/\/www.monta\u00f1asdelaluna.es\/wp-content\/uploads\/2004\/08\/delante-jesus-y-joaquin-llegando-al-infierno-central-dejando-atras-la-cima-del-infierno-occidental-1024x679.jpg 1024w, https:\/\/www.monta\u00f1asdelaluna.es\/wp-content\/uploads\/2004\/08\/delante-jesus-y-joaquin-llegando-al-infierno-central-dejando-atras-la-cima-del-infierno-occidental-300x199.jpg 300w, https:\/\/www.monta\u00f1asdelaluna.es\/wp-content\/uploads\/2004\/08\/delante-jesus-y-joaquin-llegando-al-infierno-central-dejando-atras-la-cima-del-infierno-occidental.jpg 1841w\" sizes=\"auto, (max-width: 1024px) 100vw, 1024px\" \/><\/a><p id=\"caption-attachment-44802\" class=\"wp-caption-text\">Delante Jes\u00fas y Joaqu\u00edn llegando al Infierno Central, dejando atr\u00e1s la cima del Infierno Occidental<\/p><\/div>\n<p>Antes de llegar al Cuello del Infierno, decidimos dejarlo y acercarnos a una morrena de derrubios, tierra y piedras sueltas para observar m\u00e1s de cerca el m\u00e1s grande de los dos peque\u00f1os glaciares pirenaicos del Infierno. Es espectacular poder sentarse a la altura de un bonito e interesante sistema de hielos agrietados, vivos y atrayentes bajo las paredes de los Picos del Infierno; y m\u00e1s a\u00fan cuando piensas que esa \u201cpeque\u00f1a\u201d lengua de hielo viviente est\u00e1 en peligro de extinci\u00f3n, va desapareciendo con el paso de los a\u00f1os&#8230; Nos quedamos sentados un buen rato oteando con los prism\u00e1ticos las formas de sus pendientes, grietas, rimayas, sus blancos neveros que cubren sus azules y grises hielos. Absorto contemplo todo el espect\u00e1culo. Hablamos, conversamos sobre glaciolog\u00eda y geolog\u00eda. Somos aventureros en medio de un mundo que nos muestra su vejez, su antig\u00fcedad y su historia a trav\u00e9s de las l\u00edneas de sus manos (grietas, sinclinales, circos, crestas, morrenas, ibones&#8230;). Somos observadores. Contemplo la vida de las monta\u00f1as; nos sentimos parte de su historia, de sus formas, de su vida. Una sensaci\u00f3n grandiosa y hermosa \u00a1As\u00ed es la monta\u00f1a!<\/p>\n<p>Atardeciendo los colores cambian en esta gran pantalla, escena del gran espect\u00e1culo de los Pirineos, d\u00e1ndole un toque encantador y sosegado. Las nubes tambi\u00e9n oscurecen las monta\u00f1as, pero el sol parece iluminar \u00fanicamente a la gran fortaleza del Pirineo, el Vignemale, con sus cumbres m\u00e1s altas ara\u00f1ando las nubes m\u00e1s altas que se apartan ante tanta fuerza y enormidad. El ib\u00f3n de aguas azules y transparentes cambia su color; plateado, brillante, resplandeciente y hermosos a pesar de la oscuridad que le rodea. Parece que estemos en un paisaje de cuentos de hadas, pero las maravillas de la naturaleza superan la ficci\u00f3n y nos vemos inmersos en un para\u00edso de aguas plateadas y monta\u00f1as resplandecientes y doradas. Antes de que el sol se extinguiera tras las monta\u00f1as en esta parte del mundo, las nubes empezaban a desvanecerse entorno a los Picos del Infierno, para que antes de que llegara la oscuridad de la noche pudi\u00e9ramos admirar sus formas y perfiles: cabe destacar una banda rocosa de color distinta a la habitual en este macizo rojizo, ferruginoso, te\u00f1ido de un gris oscuro de algunas pizarras metam\u00f3rficas, contrastado con el gris claro, casi blanquecino, que recorre la cresta que desde el Infierno Occidental llega al Infierno Central y que sigue al otro lado del mismo. De materiales tan diferentes como extra\u00f1amente configurados en una misma monta\u00f1a.<\/p>\n<div id=\"attachment_44803\" style=\"width: 1034px\" class=\"wp-caption aligncenter\"><a class=\"dt-single-image\" href=\"https:\/\/www.monta\u00f1asdelaluna.es\/wp-content\/uploads\/2004\/08\/de-izquierda-a-derecha-jesus-joaquin-y-paco-en-la-cima-del-infierno-central-3-083-mts.jpg\" data-dt-img-description=\"\"><img loading=\"lazy\" decoding=\"async\" aria-describedby=\"caption-attachment-44803\" class=\"wp-image-44803 size-large\" src=\"https:\/\/www.monta\u00f1asdelaluna.es\/wp-content\/uploads\/2004\/08\/de-izquierda-a-derecha-jesus-joaquin-y-paco-en-la-cima-del-infierno-central-3-083-mts-1024x679.jpg\" alt=\"De izquierda a derecha: Jes\u00fas, Joaqu\u00edn y Paco en la cima del Infierno Central, 3.083 mts.\" width=\"1024\" height=\"679\" srcset=\"https:\/\/www.monta\u00f1asdelaluna.es\/wp-content\/uploads\/2004\/08\/de-izquierda-a-derecha-jesus-joaquin-y-paco-en-la-cima-del-infierno-central-3-083-mts-1024x679.jpg 1024w, https:\/\/www.monta\u00f1asdelaluna.es\/wp-content\/uploads\/2004\/08\/de-izquierda-a-derecha-jesus-joaquin-y-paco-en-la-cima-del-infierno-central-3-083-mts-300x199.jpg 300w, https:\/\/www.monta\u00f1asdelaluna.es\/wp-content\/uploads\/2004\/08\/de-izquierda-a-derecha-jesus-joaquin-y-paco-en-la-cima-del-infierno-central-3-083-mts.jpg 1836w\" sizes=\"auto, (max-width: 1024px) 100vw, 1024px\" \/><\/a><p id=\"caption-attachment-44803\" class=\"wp-caption-text\">De izquierda a derecha: Jes\u00fas, Joaqu\u00edn y Paco en la cima del Infierno Central, 3.083 mts.<\/p><\/div>\n<div id=\"attachment_44805\" style=\"width: 1848px\" class=\"wp-caption aligncenter\"><a class=\"dt-single-image\" href=\"https:\/\/www.monta\u00f1asdelaluna.es\/wp-content\/uploads\/2004\/08\/jesus-y-paco-en-la-cima-del-infierno-oriental-3-079-mts-detras-el-o-penon-a-la-izquierda-y-el-pico-de-los-batanes-a-la-derecha-al-fondo-mas-alto-el-vignemale.jpg\" data-dt-img-description=\"\"><img loading=\"lazy\" decoding=\"async\" aria-describedby=\"caption-attachment-44805\" class=\"wp-image-44805 size-full\" src=\"https:\/\/www.monta\u00f1asdelaluna.es\/wp-content\/uploads\/2004\/08\/jesus-y-paco-en-la-cima-del-infierno-oriental-3-079-mts-detras-el-o-penon-a-la-izquierda-y-el-pico-de-los-batanes-a-la-derecha-al-fondo-mas-alto-el-vignemale.jpg\" alt=\"Jes\u00fas y Paco en la cima del Infierno Oriental, 3.079 mts., detr\u00e1s el O Pe\u00f1\u00f3n a la izquierda y el Pico de Los Batanes a la derecha, al fondo m\u00e1s alto El Vignemale\" width=\"1838\" height=\"1218\" srcset=\"https:\/\/www.monta\u00f1asdelaluna.es\/wp-content\/uploads\/2004\/08\/jesus-y-paco-en-la-cima-del-infierno-oriental-3-079-mts-detras-el-o-penon-a-la-izquierda-y-el-pico-de-los-batanes-a-la-derecha-al-fondo-mas-alto-el-vignemale.jpg 1838w, https:\/\/www.monta\u00f1asdelaluna.es\/wp-content\/uploads\/2004\/08\/jesus-y-paco-en-la-cima-del-infierno-oriental-3-079-mts-detras-el-o-penon-a-la-izquierda-y-el-pico-de-los-batanes-a-la-derecha-al-fondo-mas-alto-el-vignemale-300x199.jpg 300w, https:\/\/www.monta\u00f1asdelaluna.es\/wp-content\/uploads\/2004\/08\/jesus-y-paco-en-la-cima-del-infierno-oriental-3-079-mts-detras-el-o-penon-a-la-izquierda-y-el-pico-de-los-batanes-a-la-derecha-al-fondo-mas-alto-el-vignemale-1024x679.jpg 1024w\" sizes=\"auto, (max-width: 1838px) 100vw, 1838px\" \/><\/a><p id=\"caption-attachment-44805\" class=\"wp-caption-text\">Jes\u00fas y Paco en la cima del Infierno Oriental, 3.079 mts., detr\u00e1s el O Pe\u00f1\u00f3n a la izquierda y el Pico de Los Batanes a la derecha, al fondo m\u00e1s alto El Vignemale<\/p><\/div>\n<p>Parec\u00eda que durante la noche despejar\u00eda y al despertarnos al otro d\u00eda comprobamos que no era as\u00ed, de todas formas las nubes no eran tan abundantes, m\u00e1s bien escasas por la zona del macizo que nosotros nos propon\u00edamos abordar. As\u00ed pues, emprendimos la marcha de subida que seguimos ayer en direcci\u00f3n al Cuello del Infierno; cruzando los mismos neveros y las mismas pisadas. Ya en \u00e9l, un paisaje de ibones y puntiagudas cumbres salpican el horizonte hac\u00eda el este: Ib\u00f3n Alto de Bachima\u00f1a, Ib\u00f3n Bajo de Bramatuero entre otros, los picos de Aratille&#8230;<\/p>\n<p>Desde el Cuello del Infierno una senda bien marcada hac\u00eda el sur e izquierda del mismo collado, es la que sube a los tres Picos del Infierno. Ya subiendo, bajo esta senda, el redondo y bonito as\u00ed como alto y descarnado Ib\u00f3n de Tebarray. Se vislumbra la senda del GR-11 que bordea su parte alta y cruza a otro valle en direcci\u00f3n a Respomuso, base del imponente y bello murall\u00f3n del Bala\u00eftous y Frondella; que por cierto, iban asom\u00e1ndose por el norte a medida que ascend\u00edamos por esta ladera pedregosa, empinada y llena de bloques desgajados y diseminados hasta las mismas orillas del Ib\u00f3n de Tebarray. Al otro lado del ib\u00f3n, el c\u00f3nico y elegante Pico de Tebarray nos da una imagen que nos recuerda a un volc\u00e1n, y observamos a un\u00a0 peque\u00f1o grupo de monta\u00f1eros que se dirigen y se acercan a su cumbre. Desde all\u00ed debe de ser un mirador extraordinario tanto hac\u00eda el macizo de los Picos del Infierno como hac\u00eda al Bala\u00eftous y Frondella. Paco lo ve y nos dice que al bajar o ma\u00f1ana podr\u00edamos subirlo. Ya veremos.<\/p>\n<div id=\"attachment_44807\" style=\"width: 1846px\" class=\"wp-caption aligncenter\"><a class=\"dt-single-image\" href=\"https:\/\/www.monta\u00f1asdelaluna.es\/wp-content\/uploads\/2004\/08\/el-mas-alto-el-balaitous-con-los-picos-de-la-frondella-a-su-izquierda-y-la-cresta-costerillou-a-su-derecha.jpg\" data-dt-img-description=\"\"><img loading=\"lazy\" decoding=\"async\" aria-describedby=\"caption-attachment-44807\" class=\"wp-image-44807 size-full\" src=\"https:\/\/www.monta\u00f1asdelaluna.es\/wp-content\/uploads\/2004\/08\/el-mas-alto-el-balaitous-con-los-picos-de-la-frondella-a-su-izquierda-y-la-cresta-costerillou-a-su-derecha.jpg\" alt=\"El m\u00e1s alto el Bala\u00eftous, con los Picos de La Frondella a su izquierda y la Cresta Costerillou a su derecha\" width=\"1836\" height=\"1220\" srcset=\"https:\/\/www.monta\u00f1asdelaluna.es\/wp-content\/uploads\/2004\/08\/el-mas-alto-el-balaitous-con-los-picos-de-la-frondella-a-su-izquierda-y-la-cresta-costerillou-a-su-derecha.jpg 1836w, https:\/\/www.monta\u00f1asdelaluna.es\/wp-content\/uploads\/2004\/08\/el-mas-alto-el-balaitous-con-los-picos-de-la-frondella-a-su-izquierda-y-la-cresta-costerillou-a-su-derecha-300x199.jpg 300w, https:\/\/www.monta\u00f1asdelaluna.es\/wp-content\/uploads\/2004\/08\/el-mas-alto-el-balaitous-con-los-picos-de-la-frondella-a-su-izquierda-y-la-cresta-costerillou-a-su-derecha-1024x680.jpg 1024w\" sizes=\"auto, (max-width: 1836px) 100vw, 1836px\" \/><\/a><p id=\"caption-attachment-44807\" class=\"wp-caption-text\">El m\u00e1s alto el Bala\u00eftous, con los Picos de La Frondella a su izquierda y la Cresta Costerillou a su derecha<\/p><\/div>\n<p>Ahora la subida se hace casi vertical, flanqueando por estrechas sendas, paredes que bajan de una peque\u00f1a cresta hasta un peque\u00f1o portill\u00f3n por el que cruzamos a la ladera oeste del macizo; m\u00e1s bien del Pico Occidental del Infierno. Abajo, el Ib\u00f3n de Tebarray parece un gigantesco cr\u00e1ter inundado de agua y rodeado por pendientes de roca y piedras sueltas rojizas y grises oscuras. Atr\u00e1s el magn\u00edfico Bala\u00eftous intenta darnos su perfil m\u00e1s elegante salpicado de neveros, crestas, espolones e infranqueables paredes. Es un gigantesco murall\u00f3n formado entre \u00e9ste y el Frondella, con el mismo Bala\u00eftous como centro de dicho murall\u00f3n, haciendo las funciones de torre vig\u00eda, de homenaje en una grandiosa fortaleza. Es frontera con Francia en la vertiente septentrional de los Pirineos. Parece que el pa\u00eds estar\u00eda bien guardado si los invasores tuvieran que atravesar la puerta que flanquea el Bala\u00eftous.<\/p>\n<p>Hab\u00edamos o\u00eddo hablar algo de la subida a los Infiernos (parece una contradicci\u00f3n, subir al Infierno). Jes\u00fas Andujar ya los hab\u00eda subido a\u00f1os atr\u00e1s y tambi\u00e9n \u00c1ngel de Bilbao nos hab\u00eda dicho que hab\u00eda alg\u00fan paso algo complicado, pero al llegar a este peque\u00f1o portill\u00f3n y ver la bicolor pared noreste de los Infiernos, nos preguntamos: \u201c\u00bfCu\u00e1l es la subida?\u201d. No ve\u00edamos senda ni pasos apreciables en esta pared y pens\u00e1bamos que se subir\u00eda por la cresta. Pero cual fue nuestra sorpresa al ver gente al otro lado de dicha pared, en otro portill\u00f3n. Hab\u00eda que atravesar la pared en oblicuo, transversalmente justo por la linde de los dos tipos diferente de roca; con trepas, destrepes, pasos aireados, ca\u00eddas de decenas de metros&#8230; vamos, una subida poco apta para principiantes, gente que sufra de v\u00e9rtigo y poco acostumbrados a este tipo de vertiginosas subidas. Una vez metido en el recorrido, s\u00ed ve\u00edas los pasos y ruta a seguir, se\u00f1alada por hitos y por que eran los \u00fanicos lugares, casi horizontales, para cruzar en lo que era la estrecha (a veces inexistente senda). A veces me daba por pensar: \u201c\u00a1Luego hay que bajar por aqu\u00ed!, ya veremos como bajamos. Bueno, ahora hay que subir, despu\u00e9s ya veremos\u201d.<\/p>\n<div id=\"attachment_44808\" style=\"width: 2800px\" class=\"wp-caption aligncenter\"><a class=\"dt-single-image\" href=\"https:\/\/www.monta\u00f1asdelaluna.es\/wp-content\/uploads\/2004\/08\/en-el-centro-arriba-el-mas-alto-el-vignemale-delante-de-este-el-o-penon-o-pena-de-los-xuans-a-la-izquierda-y-el-pico-de-los-batanes-a-la-derecha-en-el-centro-abajo-izquierda-los-ibones-de-bachiman.jpg\" data-dt-img-description=\"\"><img loading=\"lazy\" decoding=\"async\" aria-describedby=\"caption-attachment-44808\" class=\"wp-image-44808 size-full\" src=\"https:\/\/www.monta\u00f1asdelaluna.es\/wp-content\/uploads\/2004\/08\/en-el-centro-arriba-el-mas-alto-el-vignemale-delante-de-este-el-o-penon-o-pena-de-los-xuans-a-la-izquierda-y-el-pico-de-los-batanes-a-la-derecha-en-el-centro-abajo-izquierda-los-ibones-de-bachiman.jpg\" alt=\"En el centro arriba el m\u00e1s alto, El Vignemale, delante de \u00e9ste el O Pe\u00f1\u00f3n o Pe\u00f1a de Los Xuans a la izquierda y el Pico de Los Batanes a la derecha, en el centro. Abajo izquierda los Ibones de Bachima\u00f1a Superior y el Gramatuero o Bramatuero Bajo, en el centro el Ib\u00f3n de Labaza y a la derecha el Ib\u00f3n de Brazato\" width=\"2790\" height=\"1057\" srcset=\"https:\/\/www.monta\u00f1asdelaluna.es\/wp-content\/uploads\/2004\/08\/en-el-centro-arriba-el-mas-alto-el-vignemale-delante-de-este-el-o-penon-o-pena-de-los-xuans-a-la-izquierda-y-el-pico-de-los-batanes-a-la-derecha-en-el-centro-abajo-izquierda-los-ibones-de-bachiman.jpg 2790w, https:\/\/www.monta\u00f1asdelaluna.es\/wp-content\/uploads\/2004\/08\/en-el-centro-arriba-el-mas-alto-el-vignemale-delante-de-este-el-o-penon-o-pena-de-los-xuans-a-la-izquierda-y-el-pico-de-los-batanes-a-la-derecha-en-el-centro-abajo-izquierda-los-ibones-de-bachiman-300x114.jpg 300w, https:\/\/www.monta\u00f1asdelaluna.es\/wp-content\/uploads\/2004\/08\/en-el-centro-arriba-el-mas-alto-el-vignemale-delante-de-este-el-o-penon-o-pena-de-los-xuans-a-la-izquierda-y-el-pico-de-los-batanes-a-la-derecha-en-el-centro-abajo-izquierda-los-ibones-de-bachiman-1024x388.jpg 1024w\" sizes=\"auto, (max-width: 2790px) 100vw, 2790px\" \/><\/a><p id=\"caption-attachment-44808\" class=\"wp-caption-text\">En el centro arriba el m\u00e1s alto, El Vignemale, delante de \u00e9ste el O Pe\u00f1\u00f3n o Pe\u00f1a de Los Xuans a la izquierda y el Pico de Los Batanes a la derecha, en el centro. Abajo izquierda los Ibones de Bachima\u00f1a Superior y el Gramatuero o Bramatuero Bajo, en el centro el Ib\u00f3n de Labaza y a la derecha el Ib\u00f3n de Brazato<\/p><\/div>\n<p>M\u00e1s monta\u00f1eros como nosotros sub\u00edan a los Picos del Infierno y una peque\u00f1a fila se hab\u00eda formado en el \u00fanico lugar de subida. Muchos de ellos no hab\u00edan subido nunca a estas monta\u00f1as, como nosotros; otros bajaban y nos iban orientando por el camino a seguir. El d\u00eda no estaba despejado totalmente, las nubes cubr\u00edan intermitentemente el cielo pirenaico a medida que se formaban, pasaban y se deshac\u00edan en esta atm\u00f3sfera limpia y fresca.<\/p>\n<p>Por fin llegamos al otro portill\u00f3n y ahora ante nosotros la (tambi\u00e9n bicolor) pared oeste de los Infiernos. Pod\u00edamos ver la cresta somital y a alguna persona pase\u00e1ndose por ella como un funambulista en un cable en el centro de un circo. Alguien nos dijo que si el viento era muy fuerte en la cumbre se har\u00eda imposible y peligroso cruzar por dicha cresta. Cosa rid\u00edcula, por que m\u00e1s adelante, al adentrarnos en la cresta, vimos que era totalmente factible y ancha en su mayor\u00eda; con alg\u00fan paso aireado pero algo normal en alta monta\u00f1a. Deb\u00edamos seguir. Alg\u00fan monta\u00f1ero dej\u00f3 aqu\u00ed su mochila y Paco tambi\u00e9n lo hizo ya que en el tramo siguiente segu\u00eda la trepa por un terreno de roca deshecha, muy fracturada y algo peligroso en los agarres (te podr\u00edas quedar con m\u00e1s de una piedra de la pared en la mano) pero en general no era tan vertical, aunque llena de guijarros y piedrecillas rojizas arrancadas de las desgajadas rocas. Al contrar\u00edo que el otro tipo de roca m\u00e1s blanquecina, resistente a la erosi\u00f3n, lisa y con agarres fiables. Una parec\u00eda estar cortada con miles de cortes de espadas y hachas, y la otra amaestrada y perfilada con alguna paleta plana.<\/p>\n<div id=\"attachment_44809\" style=\"width: 1791px\" class=\"wp-caption aligncenter\"><a class=\"dt-single-image\" href=\"https:\/\/www.monta\u00f1asdelaluna.es\/wp-content\/uploads\/2004\/08\/los-ibones-de-izquieda-a-derecha-y-de-abajo-a-arriba-ibon-azul-alto-ibon-azul-bajo-ibon-de-bachimana-superior-e-ibon-de-gramatuero-o-bramatuero-bajo.jpg\" data-dt-img-description=\"\"><img loading=\"lazy\" decoding=\"async\" aria-describedby=\"caption-attachment-44809\" class=\"wp-image-44809 size-full\" src=\"https:\/\/www.monta\u00f1asdelaluna.es\/wp-content\/uploads\/2004\/08\/los-ibones-de-izquieda-a-derecha-y-de-abajo-a-arriba-ibon-azul-alto-ibon-azul-bajo-ibon-de-bachimana-superior-e-ibon-de-gramatuero-o-bramatuero-bajo.jpg\" alt=\"Los ibones de izquieda a derecha y de abajo a arriba: Ib\u00f3n Azul Alto, Ib\u00f3n Azul Bajo, Ib\u00f3n de Bachima\u00f1a Superior e Ib\u00f3n de Gramatuero o Bramatuero Bajo\" width=\"1781\" height=\"1535\" srcset=\"https:\/\/www.monta\u00f1asdelaluna.es\/wp-content\/uploads\/2004\/08\/los-ibones-de-izquieda-a-derecha-y-de-abajo-a-arriba-ibon-azul-alto-ibon-azul-bajo-ibon-de-bachimana-superior-e-ibon-de-gramatuero-o-bramatuero-bajo.jpg 1781w, https:\/\/www.monta\u00f1asdelaluna.es\/wp-content\/uploads\/2004\/08\/los-ibones-de-izquieda-a-derecha-y-de-abajo-a-arriba-ibon-azul-alto-ibon-azul-bajo-ibon-de-bachimana-superior-e-ibon-de-gramatuero-o-bramatuero-bajo-300x259.jpg 300w, https:\/\/www.monta\u00f1asdelaluna.es\/wp-content\/uploads\/2004\/08\/los-ibones-de-izquieda-a-derecha-y-de-abajo-a-arriba-ibon-azul-alto-ibon-azul-bajo-ibon-de-bachimana-superior-e-ibon-de-gramatuero-o-bramatuero-bajo-1024x883.jpg 1024w\" sizes=\"auto, (max-width: 1781px) 100vw, 1781px\" \/><\/a><p id=\"caption-attachment-44809\" class=\"wp-caption-text\">Los ibones de izquieda a derecha y de abajo a arriba: Ib\u00f3n Azul Alto, Ib\u00f3n Azul Bajo, Ib\u00f3n de Bachima\u00f1a Superior e Ib\u00f3n de Gramatuero o Bramatuero Bajo<\/p><\/div>\n<p>M\u00e1s arriba por fin llegamos al primero de los tres Picos del Infierno, el Pico Occidental a tres mil setenta y tres metros. Solo menos de diez metros hay de diferencias altitudinales entre los tres picos.<\/p>\n<p>Un peque\u00f1o hito de piedras indicaba el punto culminante del pico. Paco nos esperaba, ya que se hab\u00eda adelantado desde el \u00faltimo portill\u00f3n. Hac\u00eda el suroeste, los otros dos Picos del Infierno, m\u00e1s juntos, separados del Occidental por la antes citada cresta somital. Rodeadas por pendientes y paredes verticales, y por escarpes sobre todo en el Pico Oriental. Hac\u00eda el norte el majestuoso macizo del Bala\u00eftous-Frondella en todo su esplendor y belleza, ahora con toda la amplia visi\u00f3n que ofrece la altura de este punto.<\/p>\n<p>Dejamos, despu\u00e9s de fotografiar y disfrutar la cumbre, el Pico del Infierno Occidental, recorriendo la cresta hac\u00eda el central. Sin ninguna dificultad resaltante (peores pasos hab\u00eda en las trepadas anteriores), llegamos a \u00e9ste donde m\u00e1s monta\u00f1eros descansaban y disfrutaban del gozo de haber subido a lo m\u00e1s alto de los Infiernos, a tres mil ochenta y dos metros. Atr\u00e1s, el Pico Occidental sobresal\u00eda escarpado con vertientes dif\u00edciles y casi verticales que te hac\u00edan pensar: \u201c\u00a1\u00bfPor donde lo hemos subido?!\u201d. Una mirada hacia el sur te ofrec\u00eda una hermosa vista del Garmo Negro y los Ibones de Pondiellos salpicados de neveros que se resist\u00edan a derretirse bajo el candente sol del verano. Despu\u00e9s de la foto de cumbre el inhiesto Pico Oriental (solamente separados por una brecha entre ambos) se alcanzaba bajando algo y subiendo medio trepando, medio por un corredor terroso bastante empinado. Es preferible trepar por la vertiente sur (la menos abrupta) de este pico de tres mil setenta y seis metros de altitud. Justo en la esquina entre el Central y el Oriental, las paredes terminaban en el, ayer visitado, Glaciar de Los Infiernos (es curioso que haya hielo en el Infierno). Tan formidable y atractivo como fr\u00e1gil y hermoso con sus grietas y formas heladas.<\/p>\n<div id=\"attachment_44810\" style=\"width: 1034px\" class=\"wp-caption aligncenter\"><a class=\"dt-single-image\" href=\"https:\/\/www.monta\u00f1asdelaluna.es\/wp-content\/uploads\/2004\/08\/joaquin-en-la-cima-del-infierno-occidental-3-075-mts-con-el-pic-du-midi-d-ossau-al-fondo.jpg\" data-dt-img-description=\"\"><img loading=\"lazy\" decoding=\"async\" aria-describedby=\"caption-attachment-44810\" class=\"wp-image-44810 size-large\" src=\"https:\/\/www.monta\u00f1asdelaluna.es\/wp-content\/uploads\/2004\/08\/joaquin-en-la-cima-del-infierno-occidental-3-075-mts-con-el-pic-du-midi-d-ossau-al-fondo-1024x682.jpg\" alt=\"Joaqu\u00edn en la cima del Infierno Occidental, 3.075 mts. con el Pic du Midi d'Ossau al fondo\" width=\"1024\" height=\"682\" srcset=\"https:\/\/www.monta\u00f1asdelaluna.es\/wp-content\/uploads\/2004\/08\/joaquin-en-la-cima-del-infierno-occidental-3-075-mts-con-el-pic-du-midi-d-ossau-al-fondo-1024x682.jpg 1024w, https:\/\/www.monta\u00f1asdelaluna.es\/wp-content\/uploads\/2004\/08\/joaquin-en-la-cima-del-infierno-occidental-3-075-mts-con-el-pic-du-midi-d-ossau-al-fondo-300x200.jpg 300w, https:\/\/www.monta\u00f1asdelaluna.es\/wp-content\/uploads\/2004\/08\/joaquin-en-la-cima-del-infierno-occidental-3-075-mts-con-el-pic-du-midi-d-ossau-al-fondo.jpg 1834w\" sizes=\"auto, (max-width: 1024px) 100vw, 1024px\" \/><\/a><p id=\"caption-attachment-44810\" class=\"wp-caption-text\">Joaqu\u00edn en la cima del Infierno Occidental, 3.075 mts. con el Pic du Midi d&#8217;Ossau al fondo<\/p><\/div>\n<div id=\"attachment_44812\" style=\"width: 831px\" class=\"wp-caption aligncenter\"><a class=\"dt-single-image\" href=\"https:\/\/www.monta\u00f1asdelaluna.es\/wp-content\/uploads\/2004\/08\/bajando-del-infierno-occidental-al-fondo-queda-el-pico-de-tebarray-delante-y-arriba-detras-el-balaitous-el-mas-alto-con-la-cresta-costerillou-a-su-derecha.jpg\" data-dt-img-description=\"\"><img loading=\"lazy\" decoding=\"async\" aria-describedby=\"caption-attachment-44812\" class=\"wp-image-44812 \" src=\"https:\/\/www.monta\u00f1asdelaluna.es\/wp-content\/uploads\/2004\/08\/bajando-del-infierno-occidental-al-fondo-queda-el-pico-de-tebarray-delante-y-arriba-detras-el-balaitous-el-mas-alto-con-la-cresta-costerillou-a-su-derecha.jpg\" alt=\"Bajando del Infierno Occidental, al fondo queda el Pico de Tebarray delante y arriba detr\u00e1s el Bala\u00eftous el m\u00e1s alto con la Cresta Costerillou a su derecha\" width=\"821\" height=\"1220\" srcset=\"https:\/\/www.monta\u00f1asdelaluna.es\/wp-content\/uploads\/2004\/08\/bajando-del-infierno-occidental-al-fondo-queda-el-pico-de-tebarray-delante-y-arriba-detras-el-balaitous-el-mas-alto-con-la-cresta-costerillou-a-su-derecha.jpg 1232w, https:\/\/www.monta\u00f1asdelaluna.es\/wp-content\/uploads\/2004\/08\/bajando-del-infierno-occidental-al-fondo-queda-el-pico-de-tebarray-delante-y-arriba-detras-el-balaitous-el-mas-alto-con-la-cresta-costerillou-a-su-derecha-202x300.jpg 202w, https:\/\/www.monta\u00f1asdelaluna.es\/wp-content\/uploads\/2004\/08\/bajando-del-infierno-occidental-al-fondo-queda-el-pico-de-tebarray-delante-y-arriba-detras-el-balaitous-el-mas-alto-con-la-cresta-costerillou-a-su-derecha-689x1024.jpg 689w\" sizes=\"auto, (max-width: 821px) 100vw, 821px\" \/><\/a><p id=\"caption-attachment-44812\" class=\"wp-caption-text\">Bajando del Infierno Occidental, al fondo queda el Pico de Tebarray delante y arriba detr\u00e1s el Bala\u00eftous el m\u00e1s alto con la Cresta Costerillou a su derecha<\/p><\/div>\n<p>Desde que llegamos al primero de los picos y sobre todo desde este Oriental, el imponente Vignemale reinaba en todo el recorrido con sus vertiginosos perfiles y paredes con muchos cientos de metros de desnivel. Era imposible alejar la vista del mismo cada vez que mir\u00e1bamos hac\u00eda el este, ya que su belleza y grandiosidad destacaba y sobresal\u00eda sobre los ibones, picos, crestas y monta\u00f1as circundantes. Es impresionante la vista y formas de esta incre\u00edble monta\u00f1a, se\u00f1ora y dominadora sobre todas las dem\u00e1s. M\u00e1s atr\u00e1s y hac\u00eda el sureste, el lejano y tambi\u00e9n impresionante Circo de Gavarni\u00e9 lo coronaba una franja nubosa que te imped\u00eda ver sus m\u00e1s altas cumbres, desde los Gaietos hasta los Astazous. Hac\u00eda el oeste, los macizos del Collarada, Pala de Ip y Pe\u00f1a Telera, ofrec\u00edan otro enorme murall\u00f3n que cerraba el lado opuesto del Valle de Tena.<\/p>\n<p>El regreso lo hicimos desandando el recorrido hecho. El desconocimiento del macizo nos hizo descartar otra bajada alternativa a la subida. Al llegar de nuevo al Pico del Infierno Occidental, ten\u00edamos al frente y noroeste el tambi\u00e9n encrespado y sobresaliente Pic du Midi d\u2019Ossau. Esta gran monta\u00f1a, ya en el Pirineo franc\u00e9s, con su forma de solitario volc\u00e1n desgarrado, desgajado y desmantelado en sus vertientes y paredes, nos hace pensar en lo infranqueable y bella que debe de ser su subida. No se desperdiciar\u00edan fotos si se hacen con el fondo de esta m\u00edtica monta\u00f1a.<\/p>\n<div id=\"attachment_44813\" style=\"width: 1034px\" class=\"wp-caption aligncenter\"><a class=\"dt-single-image\" href=\"https:\/\/www.monta\u00f1asdelaluna.es\/wp-content\/uploads\/2004\/08\/bajando-del-cuello-del-infierno-o-collado-de-tebarray-2-722-mts-abajo-parte-del-ibon-azul-alto-en-el-centro-el-ibon-de-bachimana-superior-y-arriba-el-ibon-de-bramatuero-o-gramatuero-bajo-a-la-der.jpg\" data-dt-img-description=\"\"><img loading=\"lazy\" decoding=\"async\" aria-describedby=\"caption-attachment-44813\" class=\"wp-image-44813 size-large\" src=\"https:\/\/www.monta\u00f1asdelaluna.es\/wp-content\/uploads\/2004\/08\/bajando-del-cuello-del-infierno-o-collado-de-tebarray-2-722-mts-abajo-parte-del-ibon-azul-alto-en-el-centro-el-ibon-de-bachimana-superior-y-arriba-el-ibon-de-bramatuero-o-gramatuero-bajo-a-la-der-1024x680.jpg\" alt=\"Bajando del Cuello del Infierno o Collado de Tebarray, 2.722 mts., abajo parte del Ib\u00f3n Azul Alto, en el centro el Ib\u00f3n de Bachima\u00f1a Superior y arriba el Ib\u00f3n de Bramatuero o Gramatuero bajo. A la derecha centro el O Pe\u00f1\u00f3n o Pe\u00f1a de Los Xuans justo con El Vignemale detr\u00e1s, y el Pico de Los Batanes a la derecha\" width=\"1024\" height=\"680\" srcset=\"https:\/\/www.monta\u00f1asdelaluna.es\/wp-content\/uploads\/2004\/08\/bajando-del-cuello-del-infierno-o-collado-de-tebarray-2-722-mts-abajo-parte-del-ibon-azul-alto-en-el-centro-el-ibon-de-bachimana-superior-y-arriba-el-ibon-de-bramatuero-o-gramatuero-bajo-a-la-der-1024x680.jpg 1024w, https:\/\/www.monta\u00f1asdelaluna.es\/wp-content\/uploads\/2004\/08\/bajando-del-cuello-del-infierno-o-collado-de-tebarray-2-722-mts-abajo-parte-del-ibon-azul-alto-en-el-centro-el-ibon-de-bachimana-superior-y-arriba-el-ibon-de-bramatuero-o-gramatuero-bajo-a-la-der-300x199.jpg 300w, https:\/\/www.monta\u00f1asdelaluna.es\/wp-content\/uploads\/2004\/08\/bajando-del-cuello-del-infierno-o-collado-de-tebarray-2-722-mts-abajo-parte-del-ibon-azul-alto-en-el-centro-el-ibon-de-bachimana-superior-y-arriba-el-ibon-de-bramatuero-o-gramatuero-bajo-a-la-der.jpg 1836w\" sizes=\"auto, (max-width: 1024px) 100vw, 1024px\" \/><\/a><p id=\"caption-attachment-44813\" class=\"wp-caption-text\">Bajando del Cuello del Infierno o Collado de Tebarray, 2.722 mts., abajo parte del Ib\u00f3n Azul Alto, en el centro el Ib\u00f3n de Bachima\u00f1a Superior y arriba el Ib\u00f3n de Bramatuero o Gramatuero bajo. A la derecha centro el O Pe\u00f1\u00f3n o Pe\u00f1a de Los Xuans justo con El Vignemale detr\u00e1s, y el Pico de Los Batanes a la derecha<\/p><\/div>\n<div id=\"attachment_44815\" style=\"width: 1034px\" class=\"wp-caption aligncenter\"><a class=\"dt-single-image\" href=\"https:\/\/www.monta\u00f1asdelaluna.es\/wp-content\/uploads\/2004\/08\/acampados-arriba-del-ibon-azul-alto-detras-en-el-centro-el-o-penon-o-pena-de-los-xuans-a-la-derecha-el-pico-de-los-batanes-y-al-fondo-izquierda-el-vignemale.jpg\" data-dt-img-description=\"\"><img loading=\"lazy\" decoding=\"async\" aria-describedby=\"caption-attachment-44815\" class=\"wp-image-44815 size-large\" src=\"https:\/\/www.monta\u00f1asdelaluna.es\/wp-content\/uploads\/2004\/08\/acampados-arriba-del-ibon-azul-alto-detras-en-el-centro-el-o-penon-o-pena-de-los-xuans-a-la-derecha-el-pico-de-los-batanes-y-al-fondo-izquierda-el-vignemale-1024x677.jpg\" alt=\"Acampados arriba del Ib\u00f3n Azul Alto, detr\u00e1s en el centro el O Pe\u00f1\u00f3n o Pe\u00f1a de Los Xuans, a la derecha el Pico de Los Batanes y al fondo izquierda El Vignemale\" width=\"1024\" height=\"677\" srcset=\"https:\/\/www.monta\u00f1asdelaluna.es\/wp-content\/uploads\/2004\/08\/acampados-arriba-del-ibon-azul-alto-detras-en-el-centro-el-o-penon-o-pena-de-los-xuans-a-la-derecha-el-pico-de-los-batanes-y-al-fondo-izquierda-el-vignemale-1024x677.jpg 1024w, https:\/\/www.monta\u00f1asdelaluna.es\/wp-content\/uploads\/2004\/08\/acampados-arriba-del-ibon-azul-alto-detras-en-el-centro-el-o-penon-o-pena-de-los-xuans-a-la-derecha-el-pico-de-los-batanes-y-al-fondo-izquierda-el-vignemale-300x198.jpg 300w, https:\/\/www.monta\u00f1asdelaluna.es\/wp-content\/uploads\/2004\/08\/acampados-arriba-del-ibon-azul-alto-detras-en-el-centro-el-o-penon-o-pena-de-los-xuans-a-la-derecha-el-pico-de-los-batanes-y-al-fondo-izquierda-el-vignemale.jpg 1840w\" sizes=\"auto, (max-width: 1024px) 100vw, 1024px\" \/><\/a><p id=\"caption-attachment-44815\" class=\"wp-caption-text\">Acampados arriba del Ib\u00f3n Azul Alto, detr\u00e1s en el centro el O Pe\u00f1\u00f3n o Pe\u00f1a de Los Xuans, a la derecha el Pico de Los Batanes y al fondo izquierda El Vignemale<\/p><\/div>\n<p>Bajamos por el mismo sitio de subida. Por la vertiginosa y emocionante ruta de subida, poniendo especial cuidado (como siempre) en donde pon\u00eda los pies y manos para bajar. Alg\u00fan paso que otro hizo pararme y pensar en como lo iba a cruzar. No era peligroso (para un monta\u00f1ero, escalador) pero hab\u00eda que poner atenci\u00f3n. Una ca\u00edda aqu\u00ed, aparte de irremediable, podr\u00eda ser fatal. M\u00e1s abajo y una vez franqueados y cruzados los \u201centretenidos\u201d pasos de la vertiente noroeste, ya en la vertiente norte (m\u00e1s suave) el Ib\u00f3n de Tebarray segu\u00eda all\u00ed, quieto, imperecedero, rudo y eterno con sus aguas tranquilas pero profundas y misteriosas. Comimos algo en el Cuello del Infierno, intent\u00e1ndonos resguardar del fuerte viento del suroeste que soplaba a rachas molestas y fr\u00edas.<\/p>\n<p>El d\u00eda se iba aclarando, las nubes eran m\u00e1s peque\u00f1as, escasas y esparcidas, y al mediod\u00eda las monta\u00f1as del Pirineo resplandec\u00edan sobre los azules oscuros de ibones y lagos encajados entre ellas.<\/p>\n<p>Ya en nuestra rosada oscura-granate, brillante y llamativa tienda (que se ve\u00eda desde los m\u00e1s alto de Los Infiernos; resaltaba un punto granate entre el verdor y gris gran\u00edtico de las laderas circundantes), un grupo de sarrios bajaban a las prader\u00edas y aguas del ib\u00f3n al final de la tarde para alimentarse y refrescarse, como cada tarde. Las marmotas (esos rollizos roedores) nos saludaban y espetaban al adentrarnos en sus territorios chillando con su caracter\u00edstico sonido. Esa tarde \u00c1ngel subi\u00f3 a visitarnos. Acababa la tarde con una buena actividad realizada y con 3 tresmiles en el bolsillo.<\/p>\n<div id=\"attachment_44817\" style=\"width: 1034px\" class=\"wp-caption aligncenter\"><a class=\"dt-single-image\" href=\"https:\/\/www.monta\u00f1asdelaluna.es\/wp-content\/uploads\/2004\/08\/de-izquierda-a-derecha-jesus-calvo-joaquin-y-paco-martinez-dentro-de-la-tienda-acampados-arriba-del-ibon-azul-alto.jpg\" data-dt-img-description=\"\"><img loading=\"lazy\" decoding=\"async\" aria-describedby=\"caption-attachment-44817\" class=\"wp-image-44817 size-large\" src=\"https:\/\/www.monta\u00f1asdelaluna.es\/wp-content\/uploads\/2004\/08\/de-izquierda-a-derecha-jesus-calvo-joaquin-y-paco-martinez-dentro-de-la-tienda-acampados-arriba-del-ibon-azul-alto-1024x681.jpg\" alt=\"De izquierda a derecha: Jes\u00fas Calvo, Joaqu\u00edn y Paco Mart\u00ednez dentro de la tienda acampados arriba del Ib\u00f3n Azul Alto\" width=\"1024\" height=\"681\" srcset=\"https:\/\/www.monta\u00f1asdelaluna.es\/wp-content\/uploads\/2004\/08\/de-izquierda-a-derecha-jesus-calvo-joaquin-y-paco-martinez-dentro-de-la-tienda-acampados-arriba-del-ibon-azul-alto-1024x681.jpg 1024w, https:\/\/www.monta\u00f1asdelaluna.es\/wp-content\/uploads\/2004\/08\/de-izquierda-a-derecha-jesus-calvo-joaquin-y-paco-martinez-dentro-de-la-tienda-acampados-arriba-del-ibon-azul-alto-300x199.jpg 300w, https:\/\/www.monta\u00f1asdelaluna.es\/wp-content\/uploads\/2004\/08\/de-izquierda-a-derecha-jesus-calvo-joaquin-y-paco-martinez-dentro-de-la-tienda-acampados-arriba-del-ibon-azul-alto.jpg 1837w\" sizes=\"auto, (max-width: 1024px) 100vw, 1024px\" \/><\/a><p id=\"caption-attachment-44817\" class=\"wp-caption-text\">De izquierda a derecha: Jes\u00fas Calvo, Joaqu\u00edn y Paco Mart\u00ednez dentro de la tienda acampados arriba del Ib\u00f3n Azul Alto<\/p><\/div>\n<p>M\u00e1s tarde, un grupo de tres personas sub\u00edan con intenciones de acampar en \u201cnuestra\u201d laguna. Acamparon algo m\u00e1s abajo de nosotros, a orillas casi del ib\u00f3n. Una de las dos chicas (al ver que nosotros no baj\u00e1bamos para dar la bienvenida a nuestros vecinos) subi\u00f3 para entablar conversiones con nosotros y a informarse de la subida (que nunca hab\u00edan realizado) a los Infiernos. A mi me dio un baj\u00f3n y solo quer\u00eda dormir y descansar, nada de cenar, ni hablar, ni pensar.<\/p>\n<p>Al otro d\u00eda emprendimos un alegre descenso desandando el camino de subida. Aunque la tarde anterior hab\u00eda quedado despejada de nubes y de mal tiempo, ahora las nubes bajas hacia el este, imped\u00edan ver las monta\u00f1as a media altura. Poco a poco \u00edbamos sorteando los ibones, bonitos y encajados en una marcha tranquila y amena. Atr\u00e1s quedaban los Infiernos con sus rocas de diferente color como una gigantesca cicatriz en la mejilla de una linda dama, que en vez de afearla, la hace m\u00e1s enigm\u00e1tica y atractiva.<\/p>\n<p>Pronto llegamos al refugio del Ib\u00f3n Bajo de Bachima\u00f1a. All\u00ed nos esperaba \u00c1ngel para comer juntos y despedirnos de nuestro viaje por los Pirineos. Paco se adelantaba y en solitario conversaba con nuestro extra\u00f1o amigo. Entre otras cosas, Paco le pregunt\u00f3: \u201c\u00bfPor qu\u00e9 est\u00e1s aqu\u00ed? \u00bfNo tienes trabajo ni familia&#8230;?\u201d. \u201c-All\u00ed abajo soy un vagabundo, aqu\u00ed soy un monta\u00f1ero\u201d. \u201c\u00bfCu\u00e1nto tiempo te vas a quedar? \u00bfVas a quedarte a vivir aqu\u00ed&#8230;?\u201d. \u201c- &#8230;Aqu\u00ed no he venido a vivir, sino a morir\u201d.<\/p>\n<div id=\"attachment_44823\" style=\"width: 833px\" class=\"wp-caption aligncenter\"><a class=\"dt-single-image\" href=\"https:\/\/www.monta\u00f1asdelaluna.es\/wp-content\/uploads\/2004\/08\/bajando-al-valle-de-panticosa-arriba-el-pico-foratula.jpg\" data-dt-img-description=\"\"><img loading=\"lazy\" decoding=\"async\" aria-describedby=\"caption-attachment-44823\" class=\"wp-image-44823 \" src=\"https:\/\/www.monta\u00f1asdelaluna.es\/wp-content\/uploads\/2004\/08\/bajando-al-valle-de-panticosa-arriba-el-pico-foratula.jpg\" alt=\"Bajando al Valle de Panticosa, arriba el Pico For\u00e1tula\" width=\"823\" height=\"1223\" srcset=\"https:\/\/www.monta\u00f1asdelaluna.es\/wp-content\/uploads\/2004\/08\/bajando-al-valle-de-panticosa-arriba-el-pico-foratula.jpg 1228w, https:\/\/www.monta\u00f1asdelaluna.es\/wp-content\/uploads\/2004\/08\/bajando-al-valle-de-panticosa-arriba-el-pico-foratula-202x300.jpg 202w, https:\/\/www.monta\u00f1asdelaluna.es\/wp-content\/uploads\/2004\/08\/bajando-al-valle-de-panticosa-arriba-el-pico-foratula-689x1024.jpg 689w\" sizes=\"auto, (max-width: 823px) 100vw, 823px\" \/><\/a><p id=\"caption-attachment-44823\" class=\"wp-caption-text\">Bajando al Valle de Panticosa, arriba el Pico For\u00e1tula<\/p><\/div>\n<div id=\"attachment_44825\" style=\"width: 831px\" class=\"wp-caption aligncenter\"><a class=\"dt-single-image\" href=\"https:\/\/www.monta\u00f1asdelaluna.es\/wp-content\/uploads\/2004\/08\/llegando-al-balneario-e-ibon-de-panticosa.jpg\" data-dt-img-description=\"\"><img loading=\"lazy\" decoding=\"async\" aria-describedby=\"caption-attachment-44825\" class=\"wp-image-44825 \" src=\"https:\/\/www.monta\u00f1asdelaluna.es\/wp-content\/uploads\/2004\/08\/llegando-al-balneario-e-ibon-de-panticosa.jpg\" alt=\"Llegando al Balneario e Ib\u00f3n de Panticosa\" width=\"821\" height=\"1226\" srcset=\"https:\/\/www.monta\u00f1asdelaluna.es\/wp-content\/uploads\/2004\/08\/llegando-al-balneario-e-ibon-de-panticosa.jpg 1226w, https:\/\/www.monta\u00f1asdelaluna.es\/wp-content\/uploads\/2004\/08\/llegando-al-balneario-e-ibon-de-panticosa-201x300.jpg 201w, https:\/\/www.monta\u00f1asdelaluna.es\/wp-content\/uploads\/2004\/08\/llegando-al-balneario-e-ibon-de-panticosa-686x1024.jpg 686w\" sizes=\"auto, (max-width: 821px) 100vw, 821px\" \/><\/a><p id=\"caption-attachment-44825\" class=\"wp-caption-text\">Llegando al Balneario e Ib\u00f3n de Panticosa<\/p><\/div>\n<p>Despu\u00e9s de comer nos despedimos de \u00c1ngel y le deseamos suerte, a la vez que tambi\u00e9n le dimos algo de comida. Bajando al boscoso Valle de Panticosa, el Pico For\u00e1tula nos saludaba de nuevo y nos preguntaba que tal la ascensi\u00f3n. Ya casi en los Ba\u00f1os, la calidez del d\u00eda ya soleado hac\u00eda pararnos para ver correr la fresca y refrescante agua que bajaba por el torrente formando cascadas, remansos, puentes de roca&#8230; en un lugar realmente bonito y agradable (quitando los ruidos, polvo, maquinaria y muchedumbre que hab\u00eda en Ba\u00f1os de Panticosa).<\/p>\n<p>A pesar de todo es un lugar recomendado para disfrutar de la alta monta\u00f1a, del sosiego, la tranquilidad y de los placeres del balneario.<\/p>\n<div id=\"attachment_25620\" style=\"width: 1060px\" class=\"wp-caption aligncenter\"><a class=\"dt-single-image\" href=\"https:\/\/www.monta\u00f1asdelaluna.es\/wp-content\/uploads\/2004\/08\/panticosa-picos-del-infierno.web_.jpg\" data-dt-img-description=\"\"><img loading=\"lazy\" decoding=\"async\" aria-describedby=\"caption-attachment-25620\" class=\"wp-image-25620 size-full\" src=\"https:\/\/www.monta\u00f1asdelaluna.es\/wp-content\/uploads\/2004\/08\/panticosa-picos-del-infierno.web_.jpg\" alt=\"Croquis subida a Los Infiernos desde Panticosa e Ibones Azules\" width=\"1050\" height=\"1026\" srcset=\"https:\/\/www.monta\u00f1asdelaluna.es\/wp-content\/uploads\/2004\/08\/panticosa-picos-del-infierno.web_.jpg 1050w, https:\/\/www.monta\u00f1asdelaluna.es\/wp-content\/uploads\/2004\/08\/panticosa-picos-del-infierno.web_-300x293.jpg 300w, https:\/\/www.monta\u00f1asdelaluna.es\/wp-content\/uploads\/2004\/08\/panticosa-picos-del-infierno.web_-1024x1001.jpg 1024w\" sizes=\"auto, (max-width: 1050px) 100vw, 1050px\" \/><\/a><p id=\"caption-attachment-25620\" class=\"wp-caption-text\">Croquis subida a Los Infiernos desde Panticosa e Ibones Azules<\/p><\/div>\n<p>[vc_separator][\/vc_column_text][\/vc_column][\/vc_row][vc_row][vc_column][vc_empty_space height=\u00bb60px\u00bb][\/vc_column][\/vc_row][vc_row][vc_column][vc_cta h2=\u00bb\u00c1lbum de fotos\u00bb txt_align=\u00bbcenter\u00bb add_button=\u00bbbottom\u00bb btn_title=\u00bbVer fotos\u00bb btn_color=\u00bbwarning\u00bb btn_align=\u00bbcenter\u00bb btn_link=\u00bburl:https%3A%2F%2Fmonta%C3%B1asdelaluna.es%2F%3Fdt_gallery%3Dpanticosa-y-los-picos-del-infierno-2|title:Panticosa%20y%20los%20Picos%20del%20Infierno|target:_blank\u00bb css=\u00bb.vc_custom_1625773294478{background-color: #8bc4ed !important;}\u00bb]Puedes ver todas las fotos del relato y actividad en forma de presentaci\u00f3n o individuales pinchando aqui \u00a1No te las pierdas![\/vc_cta][\/vc_column][\/vc_row][vc_row][vc_column][vc_empty_space height=\u00bb60px\u00bb][\/vc_column][\/vc_row][vc_row][vc_column width=\u00bb1\/6&#8243;][\/vc_column][vc_column width=\u00bb1\/3&#8243;][vc_empty_space height=\u00bb24px\u00bb][vc_raw_html]JTNDaWZyYW1lJTIwc3JjJTNEJTIyaHR0cHMlM0ElMkYlMkZ3d3cubWV0ZW9ibHVlLmNvbSUyRmVzJTJGdGllbXBvJTJGd2lkZ2V0JTJGZGFpbHklMkZiYSUyNWMzJTI1YjFvcy1kZS1wYW50aWNvc2FfZXNwYSUyNWMzJTI1YjFhXzMxMjg4NzIlM0ZkYXlzJTNENyUyNnRlbXB1bml0JTNEQ0VMU0lVUyUyNndpbmR1bml0JTNES0lMT01FVEVSX1BFUl9IT1VSJTI2cGljdG9pY29uJTNEMSUyNm1heHRlbXBlcmF0dXJlJTNEMSUyNm1pbnRlbXBlcmF0dXJlJTNEMSUyNndpbmRzcGVlZCUzRDElMjZ3aW5kZ3VzdCUzRDElMjZ3aW5kZGlyZWN0aW9uJTNEMSUyNnByZWNpcGl0YXRpb24lM0QxJTI2cHJlY2lwaXRhdGlvbnByb2JhYmlsaXR5JTNEMSUyNnNwb3QlM0QxJTI2cHJlc3N1cmUlM0QxJTI2bGF5b3V0JTNEbGlnaHQlMjIlMjAlMjBmcmFtZWJvcmRlciUzRCUyMjAlMjIlMjBzY3JvbGxpbmclM0QlMjJOTyUyMiUyMGFsbG93dHJhbnNwYXJlbmN5JTNEJTIydHJ1ZSUyMiUyMHN0eWxlJTNEJTIyd2lkdGglM0ElMjAzNzhweCUzQmhlaWdodCUzQSUyMDM5MXB4JTIyJTNFJTNDJTJGaWZyYW1lJTNFJTNDZGl2JTNFJTNDJTIxLS0lMjBETyUyME5PVCUyMFJFTU9WRSUyMFRISVMlMjBMSU5LJTIwLS0lM0UlM0NhJTIwaHJlZiUzRCUyMmh0dHBzJTNBJTJGJTJGd3d3Lm1ldGVvYmx1ZS5jb20lMkZlcyUyRnRpZW1wbyUyRnByb25vc3RpY28lMkZzZW1hbmElMkZiYSUyNWMzJTI1YjFvcy1kZS1wYW50aWNvc2FfZXNwYSUyNWMzJTI1YjFhXzMxMjg4NzIlMjIlMjB0YXJnZXQlM0QlMjJfYmxhbmslMjIlM0VtZXRlb2JsdWUlM0MlMkZhJTNFJTNDJTJGZGl2JTNF[\/vc_raw_html][\/vc_column][vc_column width=\u00bb1\/3&#8243;][vc_column_text]Tiempo Picos del Infierno[\/vc_column_text][vc_raw_html]JTNDaWZyYW1lJTIwc3JjJTNEJTIyaHR0cHMlM0ElMkYlMkZ3d3cubWV0ZW9ibHVlLmNvbSUyRmVzJTJGdGllbXBvJTJGd2lkZ2V0JTJGZGFpbHklMkY0Mi43ODFOLTAuMjU5RSUzRmRheXMlM0Q3JTI2dGVtcHVuaXQlM0RDRUxTSVVTJTI2d2luZHVuaXQlM0RLSUxPTUVURVJfUEVSX0hPVVIlMjZwaWN0b2ljb24lM0QxJTI2bWF4dGVtcGVyYXR1cmUlM0QxJTI2bWludGVtcGVyYXR1cmUlM0QxJTI2d2luZHNwZWVkJTNEMSUyNndpbmRndXN0JTNEMSUyNndpbmRkaXJlY3Rpb24lM0QxJTI2cHJlY2lwaXRhdGlvbiUzRDElMjZwcmVjaXBpdGF0aW9ucHJvYmFiaWxpdHklM0QxJTI2c3BvdCUzRDElMjZwcmVzc3VyZSUzRDElMjZsYXlvdXQlM0RsaWdodCUyMiUyMCUyMGZyYW1lYm9yZGVyJTNEJTIyMCUyMiUyMHNjcm9sbGluZyUzRCUyMk5PJTIyJTIwYWxsb3d0cmFuc3BhcmVuY3klM0QlMjJ0cnVlJTIyJTIwc3R5bGUlM0QlMjJ3aWR0aCUzQSUyMDM3OHB4JTNCaGVpZ2h0JTNBJTIwMzkxcHglMjIlM0UlM0MlMkZpZnJhbWUlM0UlM0NkaXYlM0UlM0MlMjEtLSUyMERPJTIwTk9UJTIwUkVNT1ZFJTIwVEhJUyUyMExJTkslMjAtLSUzRSUzQ2ElMjBocmVmJTNEJTIyaHR0cHMlM0ElMkYlMkZ3d3cubWV0ZW9ibHVlLmNvbSUyRmVzJTJGdGllbXBvJTJGcHJvbm9zdGljbyUyRnNlbWFuYSUyRjQyLjc4MU4tMC4yNTlFJTIyJTIwdGFyZ2V0JTNEJTIyX2JsYW5rJTIyJTNFbWV0ZW9ibHVlJTNDJTJGYSUzRSUzQyUyRmRpdiUzRQ==[\/vc_raw_html][\/vc_column][vc_column width=\u00bb1\/6&#8243;][\/vc_column][\/vc_row]<\/p>\n","protected":false},"excerpt":{"rendered":"<p>[vc_row][vc_column][vc_column_text]Hace escasamente un mes desde que escribo estas l\u00edneas, y despu\u00e9s de diez a\u00f1os de haber ido a Panticosa, vuelvo a ir con la intenci\u00f3n de subir los Picos del Infierno. Estamos en agosto de dos mil cuatro. Realmente este verano no ten\u00eda intenci\u00f3n de irme a ninguna monta\u00f1a despu\u00e9s del viaje a Rusia del&hellip;<\/p>\n","protected":false},"author":1,"featured_media":44797,"comment_status":"open","ping_status":"open","sticky":false,"template":"","format":"standard","meta":[],"categories":[127],"tags":[],"class_list":["post-25618","post","type-post","status-publish","format-standard","has-post-thumbnail","hentry","category-pirineo-central-atlantico","category-127","description-off"],"_links":{"self":[{"href":"https:\/\/www.monta\u00f1asdelaluna.es\/index.php?rest_route=\/wp\/v2\/posts\/25618","targetHints":{"allow":["GET"]}}],"collection":[{"href":"https:\/\/www.monta\u00f1asdelaluna.es\/index.php?rest_route=\/wp\/v2\/posts"}],"about":[{"href":"https:\/\/www.monta\u00f1asdelaluna.es\/index.php?rest_route=\/wp\/v2\/types\/post"}],"author":[{"embeddable":true,"href":"https:\/\/www.monta\u00f1asdelaluna.es\/index.php?rest_route=\/wp\/v2\/users\/1"}],"replies":[{"embeddable":true,"href":"https:\/\/www.monta\u00f1asdelaluna.es\/index.php?rest_route=%2Fwp%2Fv2%2Fcomments&post=25618"}],"version-history":[{"count":9,"href":"https:\/\/www.monta\u00f1asdelaluna.es\/index.php?rest_route=\/wp\/v2\/posts\/25618\/revisions"}],"predecessor-version":[{"id":50121,"href":"https:\/\/www.monta\u00f1asdelaluna.es\/index.php?rest_route=\/wp\/v2\/posts\/25618\/revisions\/50121"}],"wp:featuredmedia":[{"embeddable":true,"href":"https:\/\/www.monta\u00f1asdelaluna.es\/index.php?rest_route=\/wp\/v2\/media\/44797"}],"wp:attachment":[{"href":"https:\/\/www.monta\u00f1asdelaluna.es\/index.php?rest_route=%2Fwp%2Fv2%2Fmedia&parent=25618"}],"wp:term":[{"taxonomy":"category","embeddable":true,"href":"https:\/\/www.monta\u00f1asdelaluna.es\/index.php?rest_route=%2Fwp%2Fv2%2Fcategories&post=25618"},{"taxonomy":"post_tag","embeddable":true,"href":"https:\/\/www.monta\u00f1asdelaluna.es\/index.php?rest_route=%2Fwp%2Fv2%2Ftags&post=25618"}],"curies":[{"name":"wp","href":"https:\/\/api.w.org\/{rel}","templated":true}]}}