{"id":25752,"date":"2012-03-24T12:17:07","date_gmt":"2012-03-24T12:17:07","guid":{"rendered":"http:\/\/monta\u00f1asdelaluna.com\/?p=25752"},"modified":"2021-08-17T12:29:51","modified_gmt":"2021-08-17T12:29:51","slug":"santuario-y-sierra-de-cabrera","status":"publish","type":"post","link":"https:\/\/www.monta\u00f1asdelaluna.es\/?p=25752","title":{"rendered":"Santuario y Sierra de Cabrera"},"content":{"rendered":"<p>[vc_row][vc_column][vc_column_text]Esta vez Kike nos preparaba una excursi\u00f3n por un lugar desconocido por m\u00ed. Sacado del \u201cwikiloc\u201d la actividad se internaba por la Sierra de Cabrera visitando su Santuario, desde la poblaci\u00f3n de Cantonigr\u00f2s. La zona, dentro de lo que llaman la Vall de Sau (con su famoso pantano) y el Collsacabra, se encuentra a caballo entre las comarcas de La Garrotxa y l\u2019Anoia, entre Girona y Barcelona; haciendo, precisamente esta sierra, de frontera.<\/p>\n<p>Muchos amigos Cuspidianos se apuntaron, y mucha m\u00e1s gente invitada y no tan invitada. Siendo un hito en la participaci\u00f3n del evento en C\u00faspidis: 28 cuspidianos y otros tantos m\u00e1s. Desentendimientos aparte, la jornada se presentaba prometedora, con un sol y un d\u00eda radiante, la tierra, por fin, empapada por las lluvias pasadas y con el objetivo de conocer y maravillarnos con otro hermoso rinc\u00f3n de la monta\u00f1a catalana.<\/p>\n<div id=\"attachment_25628\" style=\"width: 1838px\" class=\"wp-caption aligncenter\"><a class=\"dt-single-image\" href=\"https:\/\/www.monta\u00f1asdelaluna.es\/wp-content\/uploads\/2015\/12\/Sierra-de-Cabrera.-24-03-12-002.jpg\" data-dt-img-description=\"\"><img loading=\"lazy\" decoding=\"async\" aria-describedby=\"caption-attachment-25628\" class=\"wp-image-25628 size-full\" src=\"https:\/\/www.monta\u00f1asdelaluna.es\/wp-content\/uploads\/2015\/12\/Sierra-de-Cabrera.-24-03-12-002.jpg\" alt=\"Sierra de Cabrera\" width=\"1828\" height=\"1371\" srcset=\"https:\/\/www.monta\u00f1asdelaluna.es\/wp-content\/uploads\/2015\/12\/Sierra-de-Cabrera.-24-03-12-002.jpg 1828w, https:\/\/www.monta\u00f1asdelaluna.es\/wp-content\/uploads\/2015\/12\/Sierra-de-Cabrera.-24-03-12-002-300x225.jpg 300w, https:\/\/www.monta\u00f1asdelaluna.es\/wp-content\/uploads\/2015\/12\/Sierra-de-Cabrera.-24-03-12-002-1024x768.jpg 1024w\" sizes=\"auto, (max-width: 1828px) 100vw, 1828px\" \/><\/a><p id=\"caption-attachment-25628\" class=\"wp-caption-text\">Sierra de Cabrera<\/p><\/div>\n<p>Con lo que&#8230; el pasado 24 de marzo salimos en busca del Restaurante Punti a la entrada de Cantonigr\u00f2s, donde quedamos para iniciar la actividad. Esperas, alg\u00fan caf\u00e9 con leche y pa amb tomaquet. Kike, desesperado esperando al resto de la gente, decide comenzar la marcha despu\u00e9s de una hora pasada del horario previsto. Con lo que&#8230; m\u00e1s de 30 personas nos deslizamos por la orilla de la carretera, en fila, en busca del puente que cruza la Riera de d\u2019A\u00edats. Enfrente, mientras esper\u00e1bamos, una sierra de tierra gris azulada y muy cortada, como si de un trozo de tarta se tratara, se levantaba al norte. Es la Sierra de Cabrera. Los colores verdes, gris\u00e1ceos \u201cclaroscuros\u201d, le dan un aspecto majestuoso. A la izquierda una aguja y otra pe\u00f1a cortada (un trozo de tarta m\u00e1s peque\u00f1o), algo m\u00e1s alejados, l\u2019Agullola de La Tuta y el Cabrera (donde se encuentra el santuario) nos indica que el paisaje que nos vamos a encontrar va a ser memorable, espl\u00e9ndido y hermoso.<\/p>\n<p>Dejando al Mol\u00ed de l\u2019Alsina (robusta construcci\u00f3n) a la izquierda, nos adentramos, despu\u00e9s de cruzar el puente de la carretera, hac\u00eda la derecha y hac\u00eda el este, noreste, por un camino transitable hac\u00eda las cortadas paredes de la Sierra de Cabrera, por la parte del Puig d\u2019A\u00edats. Una de las peculiariedades del evento era pasar por un santuario, el de la Mare de D\u00e9u de Cabrera. Uno de los cientos o miles repartidos por las monta\u00f1as catalanas, casi m\u00e1s por veneraci\u00f3n al lugar el cual se ubican que por devoci\u00f3n religiosa. Coincidimos amigos cuspidianos de las primeras salidas que hac\u00eda meses no nos ve\u00edamos, los habituales y participantes nuevos; el ambiente es formidable, como siempre, entre los cuspidianos. Mientras caminamos por el camino hac\u00eda esa meseta gris azulada, dejando otro camino a la derecha, cerca de Caselles, que quedaba arriba a la izquierda y comenzado a subir un poquillo de altura.<\/p>\n<div id=\"attachment_25633\" style=\"width: 1034px\" class=\"wp-caption aligncenter\"><a class=\"dt-single-image\" href=\"https:\/\/www.monta\u00f1asdelaluna.es\/wp-content\/uploads\/2015\/12\/Sierra-de-Cabrera.-24-03-12-011.jpg\" data-dt-img-description=\"\"><img loading=\"lazy\" decoding=\"async\" aria-describedby=\"caption-attachment-25633\" class=\"wp-image-25633 size-large\" src=\"https:\/\/www.monta\u00f1asdelaluna.es\/wp-content\/uploads\/2015\/12\/Sierra-de-Cabrera.-24-03-12-011-1024x768.jpg\" alt=\"Camino de la Sierra de Cabrera a la izquierda Caselles\" width=\"1024\" height=\"768\" srcset=\"https:\/\/www.monta\u00f1asdelaluna.es\/wp-content\/uploads\/2015\/12\/Sierra-de-Cabrera.-24-03-12-011-1024x768.jpg 1024w, https:\/\/www.monta\u00f1asdelaluna.es\/wp-content\/uploads\/2015\/12\/Sierra-de-Cabrera.-24-03-12-011-300x225.jpg 300w, https:\/\/www.monta\u00f1asdelaluna.es\/wp-content\/uploads\/2015\/12\/Sierra-de-Cabrera.-24-03-12-011.jpg 1828w\" sizes=\"auto, (max-width: 1024px) 100vw, 1024px\" \/><\/a><p id=\"caption-attachment-25633\" class=\"wp-caption-text\">Camino de la Sierra de Cabrera a la izquierda Caselles<\/p><\/div>\n<div id=\"attachment_25641\" style=\"width: 1034px\" class=\"wp-caption aligncenter\"><a class=\"dt-single-image\" href=\"https:\/\/www.monta\u00f1asdelaluna.es\/wp-content\/uploads\/2015\/12\/Sierra-de-Cabrera.-24-03-12-032.jpg\" data-dt-img-description=\"\"><img loading=\"lazy\" decoding=\"async\" aria-describedby=\"caption-attachment-25641\" class=\"wp-image-25641 size-large\" src=\"https:\/\/www.monta\u00f1asdelaluna.es\/wp-content\/uploads\/2015\/12\/Sierra-de-Cabrera.-24-03-12-032-1024x768.jpg\" alt=\"Camino de Aiats\" width=\"1024\" height=\"768\" srcset=\"https:\/\/www.monta\u00f1asdelaluna.es\/wp-content\/uploads\/2015\/12\/Sierra-de-Cabrera.-24-03-12-032-1024x768.jpg 1024w, https:\/\/www.monta\u00f1asdelaluna.es\/wp-content\/uploads\/2015\/12\/Sierra-de-Cabrera.-24-03-12-032-300x225.jpg 300w, https:\/\/www.monta\u00f1asdelaluna.es\/wp-content\/uploads\/2015\/12\/Sierra-de-Cabrera.-24-03-12-032.jpg 1828w\" sizes=\"auto, (max-width: 1024px) 100vw, 1024px\" \/><\/a><p id=\"caption-attachment-25641\" class=\"wp-caption-text\">Camino de Aiats<\/p><\/div>\n<p>El camino gira hac\u00eda el norte. Como si fuera hac\u00eda la confluencia de ese gigantesco trozo de tarta y la carena que comenzaba en Caselles y se nos queda a la izquierda. Pronto en un cruce vemos el letrero: \u201cEspai Natural Protegit del Collsacabra\u201d; y seguimos por el camino detr\u00e1s del cartel para internarnos en tan espectacular lugar. No paro de hacer fotos, el lugar es muy bello y \u00fanico, y solo es el principio. M\u00e1s adelante nos paramos en otro cruce. Tenemos noticias del resto de la gente que quer\u00eda venirse con nosotros y decidimos esperarles. Cuando llegan, otros tantos, tomamos el camino de la derecha hac\u00eda una enorme mas\u00eda, ubicada bajo las faldas de la gris\u00e1cea sierra, con el nombre de A\u00edats. Ya nos vamos acercando y hago fotos del numeroso grupo que se ha formado: al final hay gente preparada y no tanto, gente que piensa que vamos a hacer un paseo por la monta\u00f1a y otros que vienen a hacer monta\u00f1a&#8230; a ver como sale esto. A la izquierda de la enorme casona, donde gallos y gallinas nos saludan con su asustadizo coclear, sale otro desfigurado camino, el cual, por detr\u00e1s de la construcci\u00f3n, sube y se interna en el bosque convirti\u00e9ndose de repente en senda.<\/p>\n<div id=\"attachment_25644\" style=\"width: 1034px\" class=\"wp-caption aligncenter\"><a class=\"dt-single-image\" href=\"https:\/\/www.monta\u00f1asdelaluna.es\/wp-content\/uploads\/2015\/12\/Sierra-de-Cabrera.-24-03-12-037.jpg\" data-dt-img-description=\"\"><img loading=\"lazy\" decoding=\"async\" aria-describedby=\"caption-attachment-25644\" class=\"wp-image-25644 size-large\" src=\"https:\/\/www.monta\u00f1asdelaluna.es\/wp-content\/uploads\/2015\/12\/Sierra-de-Cabrera.-24-03-12-037-1024x768.jpg\" alt=\"Salimos por detr\u00e1s de Aiats\" width=\"1024\" height=\"768\" srcset=\"https:\/\/www.monta\u00f1asdelaluna.es\/wp-content\/uploads\/2015\/12\/Sierra-de-Cabrera.-24-03-12-037-1024x768.jpg 1024w, https:\/\/www.monta\u00f1asdelaluna.es\/wp-content\/uploads\/2015\/12\/Sierra-de-Cabrera.-24-03-12-037-300x225.jpg 300w, https:\/\/www.monta\u00f1asdelaluna.es\/wp-content\/uploads\/2015\/12\/Sierra-de-Cabrera.-24-03-12-037.jpg 1828w\" sizes=\"auto, (max-width: 1024px) 100vw, 1024px\" \/><\/a><p id=\"caption-attachment-25644\" class=\"wp-caption-text\">Salimos por detr\u00e1s de Aiats<\/p><\/div>\n<p>Ahora comienza la verdadera subida a la Sierra de Cabrera. Somos tantos subiendo por una \u00fanica, desgastada, empinada y estrecha senda, que las colas y las esperas se hacen com\u00fan en esta primera subida. Parecemos un ej\u00e9rcito invadiendo un territorio&#8230; salvo que algunos se lo toman con m\u00e1s calma. Al final, despu\u00e9s de escalones y pasos resbaladizos en pendientes escabrosas, llegamos a la loma cimera de la carena por la que estamos siguiendo para llegar a la cumbre de la sierra. Y aqu\u00ed una agujita de roca, nos hace contornearla por la derecha para llegar a un pasillo de roca, muy ancho pero espectacular junto a una pared, que nos sube, en poco tiempo, a la loma principal de la sierra. El balc\u00f3n nos ofrece una vista y una imagen preciosa: parte de los Pirineos nevados con la Sierra del Cad\u00ed y Pedraforca muy reconocibles, y m\u00e1s delante el cimero santuario de Bellmunt y su cortante cresta, entre otros lugares&#8230; hermoso paisaje. La gente sube y sube, como si no termin\u00e1ramos de llegar todos al lugar; a la vez hay otra gente, familias, que suben por su cuenta, parece una sierra muy visitada. Pronto, entre hayedos magn\u00edficos, en una pendiente m\u00e1s suave, y entre la conversaci\u00f3n con Piki llegamos a un claro pasando grandes \u00e1rboles pr\u00e1cticamente en la cima de la sierra y junto a las cercan\u00edas de otra gran construcci\u00f3n, mas\u00eda abandonada, con uno de sus muros en el suelo: estamos en las cercan\u00edas del Pla d\u2019A\u00edats. Aqu\u00ed, los menos acostumbrados a estos esfuerzos monta\u00f1eros, deciden sentarse a descansar sin apelar al gu\u00eda y organizador. Pero en poco tiempo debemos seguir hasta uno de los espectaculares v\u00e9rtices de la sierra, objetivo de la actividad, mirador excepcional.<\/p>\n<div id=\"attachment_25655\" style=\"width: 1034px\" class=\"wp-caption aligncenter\"><a class=\"dt-single-image\" href=\"https:\/\/www.monta\u00f1asdelaluna.es\/wp-content\/uploads\/2015\/12\/Sierra-de-Cabrera.-24-03-12-062.jpg\" data-dt-img-description=\"\"><img loading=\"lazy\" decoding=\"async\" aria-describedby=\"caption-attachment-25655\" class=\"wp-image-25655 size-large\" src=\"https:\/\/www.monta\u00f1asdelaluna.es\/wp-content\/uploads\/2015\/12\/Sierra-de-Cabrera.-24-03-12-062-1024x768.jpg\" alt=\"Pasillo de subida\" width=\"1024\" height=\"768\" srcset=\"https:\/\/www.monta\u00f1asdelaluna.es\/wp-content\/uploads\/2015\/12\/Sierra-de-Cabrera.-24-03-12-062-1024x768.jpg 1024w, https:\/\/www.monta\u00f1asdelaluna.es\/wp-content\/uploads\/2015\/12\/Sierra-de-Cabrera.-24-03-12-062-300x225.jpg 300w, https:\/\/www.monta\u00f1asdelaluna.es\/wp-content\/uploads\/2015\/12\/Sierra-de-Cabrera.-24-03-12-062.jpg 1828w\" sizes=\"auto, (max-width: 1024px) 100vw, 1024px\" \/><\/a><p id=\"caption-attachment-25655\" class=\"wp-caption-text\">Pasillo de subida<\/p><\/div>\n<div id=\"attachment_25658\" style=\"width: 1034px\" class=\"wp-caption aligncenter\"><a class=\"dt-single-image\" href=\"https:\/\/www.monta\u00f1asdelaluna.es\/wp-content\/uploads\/2015\/12\/Sierra-de-Cabrera.-24-03-12-067.jpg\" data-dt-img-description=\"\"><img loading=\"lazy\" decoding=\"async\" aria-describedby=\"caption-attachment-25658\" class=\"wp-image-25658 size-large\" src=\"https:\/\/www.monta\u00f1asdelaluna.es\/wp-content\/uploads\/2015\/12\/Sierra-de-Cabrera.-24-03-12-067-1024x768.jpg\" alt=\"Descanso en el Pla d'Aiats\" width=\"1024\" height=\"768\" srcset=\"https:\/\/www.monta\u00f1asdelaluna.es\/wp-content\/uploads\/2015\/12\/Sierra-de-Cabrera.-24-03-12-067-1024x768.jpg 1024w, https:\/\/www.monta\u00f1asdelaluna.es\/wp-content\/uploads\/2015\/12\/Sierra-de-Cabrera.-24-03-12-067-300x225.jpg 300w, https:\/\/www.monta\u00f1asdelaluna.es\/wp-content\/uploads\/2015\/12\/Sierra-de-Cabrera.-24-03-12-067.jpg 1828w\" sizes=\"auto, (max-width: 1024px) 100vw, 1024px\" \/><\/a><p id=\"caption-attachment-25658\" class=\"wp-caption-text\">Descanso en el Pla d&#8217;Aiats<\/p><\/div>\n<p>Subiendo poco m\u00e1s hasta que la monta\u00f1a se allana y por una se\u00f1alada senda, hac\u00eda la derecha y al sureste, nos lleva en poco tiempo hasta donde termina la monta\u00f1a y comienza el cielo. Estamos justo arriba de las paredes que antes ve\u00edamos desde abajo. Muy cerca de uno de los v\u00e9rtices de la sierra: el Puig d\u2019A\u00edats de m\u00e1s de 1.300 mts. que no subiremos. El paisaje y el lugar son excepcionales, espectaculares, no dejo de o\u00edr palabras de asombro; fotos, reflexiones, maravilla de la naturaleza&#8230; la allanada cima de la sierra termina, hac\u00eda el este en un precipicio de gran altitud sobre el valle y lugar de Sau y Collsacabra. Las vistas extraordinarias. Paredes de roca gris\u00e1ceo-azulada perfectamente cortada y con gran desnivel, forman un impresionante balc\u00f3n, una ventana sin paredes al cielo azul y a la verde tierra&#8230; al infinito. Muy hermoso.<\/p>\n<div id=\"attachment_25663\" style=\"width: 1836px\" class=\"wp-caption aligncenter\"><a class=\"dt-single-image\" href=\"http:\/\/monta\u00f1asdelaluna.com\/wp-content\/uploads\/2015\/12\/Sierra-de-Cabrera.-24-03-12-074.b.jpg\" data-dt-img-description=\"\"><img loading=\"lazy\" decoding=\"async\" aria-describedby=\"caption-attachment-25663\" class=\"wp-image-25663 size-full\" src=\"https:\/\/www.monta\u00f1asdelaluna.es\/wp-content\/uploads\/2015\/12\/Sierra-de-Cabrera.-24-03-12-074.b.jpg\" alt=\"Mirador cerca del Puig d'Aiats\" width=\"1826\" height=\"548\" srcset=\"https:\/\/www.monta\u00f1asdelaluna.es\/wp-content\/uploads\/2015\/12\/Sierra-de-Cabrera.-24-03-12-074.b.jpg 1826w, https:\/\/www.monta\u00f1asdelaluna.es\/wp-content\/uploads\/2015\/12\/Sierra-de-Cabrera.-24-03-12-074.b-300x90.jpg 300w, https:\/\/www.monta\u00f1asdelaluna.es\/wp-content\/uploads\/2015\/12\/Sierra-de-Cabrera.-24-03-12-074.b-1024x307.jpg 1024w\" sizes=\"auto, (max-width: 1826px) 100vw, 1826px\" \/><\/a><p id=\"caption-attachment-25663\" class=\"wp-caption-text\">Mirador cerca del Puig d&#8217;Aiats<\/p><\/div>\n<div id=\"attachment_25667\" style=\"width: 1838px\" class=\"wp-caption aligncenter\"><a class=\"dt-single-image\" href=\"https:\/\/www.monta\u00f1asdelaluna.es\/wp-content\/uploads\/2015\/12\/Sierra-de-Cabrera.-24-03-12-080.jpg\" data-dt-img-description=\"\"><img loading=\"lazy\" decoding=\"async\" aria-describedby=\"caption-attachment-25667\" class=\"wp-image-25667 size-full\" src=\"https:\/\/www.monta\u00f1asdelaluna.es\/wp-content\/uploads\/2015\/12\/Sierra-de-Cabrera.-24-03-12-080.jpg\" alt=\"Vistas hacia el Collsacabra\" width=\"1828\" height=\"1371\" srcset=\"https:\/\/www.monta\u00f1asdelaluna.es\/wp-content\/uploads\/2015\/12\/Sierra-de-Cabrera.-24-03-12-080.jpg 1828w, https:\/\/www.monta\u00f1asdelaluna.es\/wp-content\/uploads\/2015\/12\/Sierra-de-Cabrera.-24-03-12-080-300x225.jpg 300w, https:\/\/www.monta\u00f1asdelaluna.es\/wp-content\/uploads\/2015\/12\/Sierra-de-Cabrera.-24-03-12-080-1024x768.jpg 1024w\" sizes=\"auto, (max-width: 1828px) 100vw, 1828px\" \/><\/a><p id=\"caption-attachment-25667\" class=\"wp-caption-text\">Vistas hacia el Collsacabra<\/p><\/div>\n<p>Pero despu\u00e9s de asombrarnos con la primera maravilla de la Sierra de Cabrera, debemos seguir hac\u00eda adelante. Desandamos la senda y dejamos la casa medio en ruinas (por donde salimos desde abajo) a la izquierda, andando por la allanada cima de la sierra, por el que llaman el Pla d\u2019A\u00edats, en una senda muy bien marcada en el terreno. Ahora todos, Cuspidianos y no Cuspidianos, caminamos en busca del Coll del Bram, no sin antes atravesar un magn\u00edfico y siempre bello hayedo. Se han creado varios grupos, cada uno a su ritmo, pero en ninguno falta la saludable charla monta\u00f1era, que nos pone a todos al d\u00eda de c\u00f3mo est\u00e1 el mundo. En medio del hayedo, la senda comienza a bajar y perder altura. Dejamos la allanada cima para acercarnos al Coll del Bram. No hay que subirse por los terrenos pedregosos de esta roca, la caracter\u00edstica de la misma, creo que es la sedimentaria marga, es que se deshace, se erosiona, se fractura muy r\u00e1pidamente, y te puedes dar m\u00e1s de un resbal\u00f3n intentando andar por ella. A la vez forma azuladas, grises y semides\u00e9rticas c\u00e1rcavas, y en otras ocasiones extraordinarios escarpes, conjuntamente con la roca caliza, como en esta bella Sierra de Cabrera.<\/p>\n<p>Despu\u00e9s de una media p\u00e9rdida de la senda por aquellos que entienden m\u00e1s de asfalto que de piedras, llegamos al Coll del Bram. Cruce de sendas. Seguimos hac\u00eda el norte y enseguida el Coll de Cabrera, donde un camino y alg\u00fan coche aparcado nos se\u00f1ala su accesibilidad. Antes, hemos pasado por resbaladizos roqueros inclinados y por sendas angostas, frondosas con espacios y rincones hermosos; viendo entre las delgadas hayas el perfil de una encrespada roca rodeada de paredes casi inaccesibles. Espectacular. La gente va llegando casi a cuenta gotas. Kike debe de estar desesperado, cada grupo lleva su ritmo, su marcha y su ley. Parados en dicho collado observamos la espectacular pared del pe\u00f1asco sobre el que se asienta el santuario. M\u00e1s que pe\u00f1asco es un trozo de sierra, cortado por sus\u00a0 vertientes por paredes o fuertes pendientes boscosas&#8230; es otro \u201ctrocito\u201d de tarta, espectacular y magn\u00edfico. Unas escaleras en la roca y un camino a seguir marcado en la misma roca. Decidimos subir por ah\u00ed con la peculiaridad de parecer estar andando por la roca inclinada. Hay una valla \u201cquitamiedos\u201d, un desnivel y esfuerzo apreciables, un paisaje espectacular y un pasillito excavado en la roca. Arriba ya se va llaneando; dejamos las dif\u00edciles pendientes atr\u00e1s. Las vistas se ampl\u00edan y son incre\u00edbles; y poco m\u00e1s all\u00e1 una antigua construcci\u00f3n, un colorido campanario y unos altos \u00e1rboles sin hojas: nos acercamos al Santuario de la Mare de D\u00e8u de Cabrera.<\/p>\n<div id=\"attachment_25678\" style=\"width: 1034px\" class=\"wp-caption aligncenter\"><a class=\"dt-single-image\" href=\"https:\/\/www.monta\u00f1asdelaluna.es\/wp-content\/uploads\/2015\/12\/Sierra-de-Cabrera.-24-03-12-101.jpg\" data-dt-img-description=\"\"><img loading=\"lazy\" decoding=\"async\" aria-describedby=\"caption-attachment-25678\" class=\"wp-image-25678 size-large\" src=\"https:\/\/www.monta\u00f1asdelaluna.es\/wp-content\/uploads\/2015\/12\/Sierra-de-Cabrera.-24-03-12-101-1024x768.jpg\" alt=\"Camino hacia el Santuario de Cabrera, atravesando hayedos\" width=\"1024\" height=\"768\" srcset=\"https:\/\/www.monta\u00f1asdelaluna.es\/wp-content\/uploads\/2015\/12\/Sierra-de-Cabrera.-24-03-12-101-1024x768.jpg 1024w, https:\/\/www.monta\u00f1asdelaluna.es\/wp-content\/uploads\/2015\/12\/Sierra-de-Cabrera.-24-03-12-101-300x225.jpg 300w, https:\/\/www.monta\u00f1asdelaluna.es\/wp-content\/uploads\/2015\/12\/Sierra-de-Cabrera.-24-03-12-101.jpg 1828w\" sizes=\"auto, (max-width: 1024px) 100vw, 1024px\" \/><\/a><p id=\"caption-attachment-25678\" class=\"wp-caption-text\">Camino hacia el Santuario de Cabrera, atravesando hayedos<\/p><\/div>\n<div id=\"attachment_25684\" style=\"width: 1034px\" class=\"wp-caption aligncenter\"><a class=\"dt-single-image\" href=\"https:\/\/www.monta\u00f1asdelaluna.es\/wp-content\/uploads\/2015\/12\/Sierra-de-Cabrera.-24-03-12-113.jpg\" data-dt-img-description=\"\"><img loading=\"lazy\" decoding=\"async\" aria-describedby=\"caption-attachment-25684\" class=\"wp-image-25684 size-large\" src=\"https:\/\/www.monta\u00f1asdelaluna.es\/wp-content\/uploads\/2015\/12\/Sierra-de-Cabrera.-24-03-12-113-1024x768.jpg\" alt=\"Subida al Santuario de Cabrera\" width=\"1024\" height=\"768\" srcset=\"https:\/\/www.monta\u00f1asdelaluna.es\/wp-content\/uploads\/2015\/12\/Sierra-de-Cabrera.-24-03-12-113-1024x768.jpg 1024w, https:\/\/www.monta\u00f1asdelaluna.es\/wp-content\/uploads\/2015\/12\/Sierra-de-Cabrera.-24-03-12-113-300x225.jpg 300w, https:\/\/www.monta\u00f1asdelaluna.es\/wp-content\/uploads\/2015\/12\/Sierra-de-Cabrera.-24-03-12-113.jpg 1828w\" sizes=\"auto, (max-width: 1024px) 100vw, 1024px\" \/><\/a><p id=\"caption-attachment-25684\" class=\"wp-caption-text\">Subida al Santuario de Cabrera<\/p><\/div>\n<div id=\"attachment_25690\" style=\"width: 833px\" class=\"wp-caption aligncenter\"><a class=\"dt-single-image\" href=\"https:\/\/www.monta\u00f1asdelaluna.es\/wp-content\/uploads\/2015\/12\/Sierra-de-Cabrera.-24-03-12-122.jpg\" data-dt-img-description=\"\"><img loading=\"lazy\" decoding=\"async\" aria-describedby=\"caption-attachment-25690\" class=\"wp-image-25690 \" src=\"https:\/\/www.monta\u00f1asdelaluna.es\/wp-content\/uploads\/2015\/12\/Sierra-de-Cabrera.-24-03-12-122.jpg\" alt=\"Subida al Santuario de Cabrera, delante Anna\" width=\"823\" height=\"1097\" srcset=\"https:\/\/www.monta\u00f1asdelaluna.es\/wp-content\/uploads\/2015\/12\/Sierra-de-Cabrera.-24-03-12-122.jpg 1371w, https:\/\/www.monta\u00f1asdelaluna.es\/wp-content\/uploads\/2015\/12\/Sierra-de-Cabrera.-24-03-12-122-225x300.jpg 225w, https:\/\/www.monta\u00f1asdelaluna.es\/wp-content\/uploads\/2015\/12\/Sierra-de-Cabrera.-24-03-12-122-768x1024.jpg 768w\" sizes=\"auto, (max-width: 823px) 100vw, 823px\" \/><\/a><p id=\"caption-attachment-25690\" class=\"wp-caption-text\">Subida al Santuario de Cabrera, delante Anna<\/p><\/div>\n<p>Le damos la vuelta al edificio, amplio edificio, y nos paramos ante su puerta y su \u201crector\u00eda\u201d (nuevo nombre para un bar). Hay bancos, lugar para esparcirse y m\u00e1s gente que disfruta con el medieval lugar. Es encantador. Hermoso a su manera; como cualquier edificio antiguo perdido en la escarpada monta\u00f1a. Decidimos apartarnos un poco del lugar, los Cuspidianos, para comer en la misma cima de la roca, en la misma cima de la sierra, donde un eje geod\u00e9sico y un se\u00f1alizador mirador, nos indican lo m\u00e1s alto del lugar (menos el cercano Cap del Pla del Prat a 1.312 mts.): estamos en el pico con el mismo nombre de la sierra y santuario: Cabrera; a 1.306 mts. de altitud. Para llegar a \u00e9l hay que cruzar un anchote pasillo cimero y llano de roca; por el que se asoman fuertes y vertiginosas vertientes a cada lado. Una baranda met\u00e1lica se\u00f1ala el lugar de un mirador; donde se observa ese Pirineo nevado, Sierra del Cad\u00ed, Pedraforca y otras que a\u00fan no he aprendido. Delante Bellmunt, peque\u00f1a visi\u00f3n ahora desde aqu\u00ed, pero encrespado y reconocible por su santuario encaramado a la escarpada cumbre. Hermoso paisaje del Prepirineo barcelon\u00e9s y giron\u00e9s.<\/p>\n<div id=\"attachment_25694\" style=\"width: 1838px\" class=\"wp-caption aligncenter\"><a class=\"dt-single-image\" href=\"https:\/\/www.monta\u00f1asdelaluna.es\/wp-content\/uploads\/2015\/12\/Sierra-de-Cabrera.-24-03-12-128.jpg\" data-dt-img-description=\"\"><img loading=\"lazy\" decoding=\"async\" aria-describedby=\"caption-attachment-25694\" class=\"wp-image-25694 size-full\" src=\"https:\/\/www.monta\u00f1asdelaluna.es\/wp-content\/uploads\/2015\/12\/Sierra-de-Cabrera.-24-03-12-128.jpg\" alt=\"Santuario de Cabrera\" width=\"1828\" height=\"1371\" srcset=\"https:\/\/www.monta\u00f1asdelaluna.es\/wp-content\/uploads\/2015\/12\/Sierra-de-Cabrera.-24-03-12-128.jpg 1828w, https:\/\/www.monta\u00f1asdelaluna.es\/wp-content\/uploads\/2015\/12\/Sierra-de-Cabrera.-24-03-12-128-300x225.jpg 300w, https:\/\/www.monta\u00f1asdelaluna.es\/wp-content\/uploads\/2015\/12\/Sierra-de-Cabrera.-24-03-12-128-1024x768.jpg 1024w\" sizes=\"auto, (max-width: 1828px) 100vw, 1828px\" \/><\/a><p id=\"caption-attachment-25694\" class=\"wp-caption-text\">Santuario de Cabrera<\/p><\/div>\n<div id=\"attachment_25698\" style=\"width: 1034px\" class=\"wp-caption aligncenter\"><a class=\"dt-single-image\" href=\"https:\/\/www.monta\u00f1asdelaluna.es\/wp-content\/uploads\/2015\/12\/Sierra-de-Cabrera.-24-03-12-133.jpg\" data-dt-img-description=\"\"><img loading=\"lazy\" decoding=\"async\" aria-describedby=\"caption-attachment-25698\" class=\"wp-image-25698 size-large\" src=\"https:\/\/www.monta\u00f1asdelaluna.es\/wp-content\/uploads\/2015\/12\/Sierra-de-Cabrera.-24-03-12-133-1024x768.jpg\" alt=\"Camino del Cabrera\" width=\"1024\" height=\"768\" srcset=\"https:\/\/www.monta\u00f1asdelaluna.es\/wp-content\/uploads\/2015\/12\/Sierra-de-Cabrera.-24-03-12-133-1024x768.jpg 1024w, https:\/\/www.monta\u00f1asdelaluna.es\/wp-content\/uploads\/2015\/12\/Sierra-de-Cabrera.-24-03-12-133-300x225.jpg 300w, https:\/\/www.monta\u00f1asdelaluna.es\/wp-content\/uploads\/2015\/12\/Sierra-de-Cabrera.-24-03-12-133.jpg 1828w\" sizes=\"auto, (max-width: 1024px) 100vw, 1024px\" \/><\/a><p id=\"caption-attachment-25698\" class=\"wp-caption-text\">Camino del Cabrera<\/p><\/div>\n<p>Una placa nos se\u00f1ala las monta\u00f1as de alrededor: las nevadas Puigmal, Bastiments, Pic de l\u2019Infern, Canig\u00f3&#8230; en el Pirineo, por ejemplo. Y justo al norte la espectacular barrera que forma la monstruosa pared de la vertiente sur del Puigsacalm \u00a1Espectacular! Nunca me hubiera imaginado que el Puigsacalm tuviera esta elegante, monstruosa y majestuosa figura. Preciosa. Un paisaje y vistas de locura; preciosas, bellas&#8230; Comemos, descansamos y nos abstraemos con el momento de cima, de foto, risas y amistad.<\/p>\n<div id=\"attachment_25702\" style=\"width: 794px\" class=\"wp-caption aligncenter\"><a class=\"dt-single-image\" href=\"https:\/\/www.monta\u00f1asdelaluna.es\/wp-content\/uploads\/2015\/12\/Sierra-de-Cabrera.-24-03-12-136.d.jpg\" data-dt-img-description=\"\"><img loading=\"lazy\" decoding=\"async\" aria-describedby=\"caption-attachment-25702\" class=\"wp-image-25702 size-full\" src=\"https:\/\/www.monta\u00f1asdelaluna.es\/wp-content\/uploads\/2015\/12\/Sierra-de-Cabrera.-24-03-12-136.d.jpg\" alt=\"Cima del Cabrera, 1.306 mts.\" width=\"784\" height=\"588\" srcset=\"https:\/\/www.monta\u00f1asdelaluna.es\/wp-content\/uploads\/2015\/12\/Sierra-de-Cabrera.-24-03-12-136.d.jpg 784w, https:\/\/www.monta\u00f1asdelaluna.es\/wp-content\/uploads\/2015\/12\/Sierra-de-Cabrera.-24-03-12-136.d-300x225.jpg 300w\" sizes=\"auto, (max-width: 784px) 100vw, 784px\" \/><\/a><p id=\"caption-attachment-25702\" class=\"wp-caption-text\">Cima del Cabrera, 1.306 mts.<\/p><\/div>\n<div id=\"attachment_25705\" style=\"width: 1838px\" class=\"wp-caption aligncenter\"><a class=\"dt-single-image\" href=\"https:\/\/www.monta\u00f1asdelaluna.es\/wp-content\/uploads\/2015\/12\/Sierra-de-Cabrera.-24-03-12-142.jpg\" data-dt-img-description=\"\"><img loading=\"lazy\" decoding=\"async\" aria-describedby=\"caption-attachment-25705\" class=\"wp-image-25705 size-full\" src=\"https:\/\/www.monta\u00f1asdelaluna.es\/wp-content\/uploads\/2015\/12\/Sierra-de-Cabrera.-24-03-12-142.jpg\" alt=\"Sierra y Santuario de Cabrera\" width=\"1828\" height=\"1371\" srcset=\"https:\/\/www.monta\u00f1asdelaluna.es\/wp-content\/uploads\/2015\/12\/Sierra-de-Cabrera.-24-03-12-142.jpg 1828w, https:\/\/www.monta\u00f1asdelaluna.es\/wp-content\/uploads\/2015\/12\/Sierra-de-Cabrera.-24-03-12-142-300x225.jpg 300w, https:\/\/www.monta\u00f1asdelaluna.es\/wp-content\/uploads\/2015\/12\/Sierra-de-Cabrera.-24-03-12-142-1024x768.jpg 1024w\" sizes=\"auto, (max-width: 1828px) 100vw, 1828px\" \/><\/a><p id=\"caption-attachment-25705\" class=\"wp-caption-text\">Sierra y Santuario de Cabrera<\/p><\/div>\n<p>Debemos partir. Kike, en vista de lo visto, decide volver ya al coche, pero por otro camino haciendo una circular. De todas formas ya pasa del mediod\u00eda y a\u00fan debemos recoger al \u201creba\u00f1o\u201d: las ovejas Cuspidianas y las agregadas. Pero a la bajada, LLuis, que se conoce el hermoso lugar, nos har\u00e1 pasar por una senda donde se encuentras unas simas, \u201cescletxas\u201d, grietas profundas en la roca. Bajamos del Santuario volviendo a \u00e9l, y dirigi\u00e9ndonos hac\u00eda otro camino m\u00e1s ancho, que por el que subimos, bordeando la boscosa vertiente este del Cabrera. Antes una mirada a la propia sierra: hermoso perfiles, angulosos y boscosos que la marga ha dado a esta sierra con un toque original y \u00fanico: como si fueran, repito, trozos de una tarta de manzana. Y sus hayedos y rincones, hermosos y vivos, le dan un toque de colorido a la gris\u00e1cea tierra.<\/p>\n<div id=\"attachment_25707\" style=\"width: 1034px\" class=\"wp-caption aligncenter\"><a class=\"dt-single-image\" href=\"https:\/\/www.monta\u00f1asdelaluna.es\/wp-content\/uploads\/2015\/12\/Sierra-de-Cabrera.-24-03-12-144.jpg\" data-dt-img-description=\"\"><img loading=\"lazy\" decoding=\"async\" aria-describedby=\"caption-attachment-25707\" class=\"wp-image-25707 size-large\" src=\"https:\/\/www.monta\u00f1asdelaluna.es\/wp-content\/uploads\/2015\/12\/Sierra-de-Cabrera.-24-03-12-144-1024x768.jpg\" alt=\"Volvemos al Santuario de Cabrera\" width=\"1024\" height=\"768\" srcset=\"https:\/\/www.monta\u00f1asdelaluna.es\/wp-content\/uploads\/2015\/12\/Sierra-de-Cabrera.-24-03-12-144-1024x768.jpg 1024w, https:\/\/www.monta\u00f1asdelaluna.es\/wp-content\/uploads\/2015\/12\/Sierra-de-Cabrera.-24-03-12-144-300x225.jpg 300w, https:\/\/www.monta\u00f1asdelaluna.es\/wp-content\/uploads\/2015\/12\/Sierra-de-Cabrera.-24-03-12-144.jpg 1828w\" sizes=\"auto, (max-width: 1024px) 100vw, 1024px\" \/><\/a><p id=\"caption-attachment-25707\" class=\"wp-caption-text\">Volvemos al Santuario de Cabrera<\/p><\/div>\n<div id=\"attachment_25711\" style=\"width: 1838px\" class=\"wp-caption aligncenter\"><a class=\"dt-single-image\" href=\"https:\/\/www.monta\u00f1asdelaluna.es\/wp-content\/uploads\/2015\/12\/Sierra-de-Cabrera.-24-03-12-149.jpg\" data-dt-img-description=\"\"><img loading=\"lazy\" decoding=\"async\" aria-describedby=\"caption-attachment-25711\" class=\"wp-image-25711 size-full\" src=\"https:\/\/www.monta\u00f1asdelaluna.es\/wp-content\/uploads\/2015\/12\/Sierra-de-Cabrera.-24-03-12-149.jpg\" alt=\"Santuario de Cabrera\" width=\"1828\" height=\"1371\" srcset=\"https:\/\/www.monta\u00f1asdelaluna.es\/wp-content\/uploads\/2015\/12\/Sierra-de-Cabrera.-24-03-12-149.jpg 1828w, https:\/\/www.monta\u00f1asdelaluna.es\/wp-content\/uploads\/2015\/12\/Sierra-de-Cabrera.-24-03-12-149-300x225.jpg 300w, https:\/\/www.monta\u00f1asdelaluna.es\/wp-content\/uploads\/2015\/12\/Sierra-de-Cabrera.-24-03-12-149-1024x768.jpg 1024w\" sizes=\"auto, (max-width: 1828px) 100vw, 1828px\" \/><\/a><p id=\"caption-attachment-25711\" class=\"wp-caption-text\">Santuario de Cabrera<\/p><\/div>\n<div id=\"attachment_25716\" style=\"width: 1034px\" class=\"wp-caption aligncenter\"><a class=\"dt-single-image\" href=\"https:\/\/www.monta\u00f1asdelaluna.es\/wp-content\/uploads\/2015\/12\/Sierra-de-Cabrera.-24-03-12-161.jpg\" data-dt-img-description=\"\"><img loading=\"lazy\" decoding=\"async\" aria-describedby=\"caption-attachment-25716\" class=\"wp-image-25716 size-large\" src=\"https:\/\/www.monta\u00f1asdelaluna.es\/wp-content\/uploads\/2015\/12\/Sierra-de-Cabrera.-24-03-12-161-1024x768.jpg\" alt=\"Camino del Coll de Bram\" width=\"1024\" height=\"768\" srcset=\"https:\/\/www.monta\u00f1asdelaluna.es\/wp-content\/uploads\/2015\/12\/Sierra-de-Cabrera.-24-03-12-161-1024x768.jpg 1024w, https:\/\/www.monta\u00f1asdelaluna.es\/wp-content\/uploads\/2015\/12\/Sierra-de-Cabrera.-24-03-12-161-300x225.jpg 300w, https:\/\/www.monta\u00f1asdelaluna.es\/wp-content\/uploads\/2015\/12\/Sierra-de-Cabrera.-24-03-12-161.jpg 1828w\" sizes=\"auto, (max-width: 1024px) 100vw, 1024px\" \/><\/a><p id=\"caption-attachment-25716\" class=\"wp-caption-text\">Camino del Coll de Bram<\/p><\/div>\n<p>Volvemos al Coll del Bram, desandado la senda; que no es el Coll de Cabrera a donde llegaban los coches y caminos, pero ambos muy pr\u00f3ximos. Y desde aqu\u00ed, entre la espesura, cogemos a la derecha y hac\u00eda abajo, una senda en direcci\u00f3n al vallecillo por el que entramos al lugar. Enseguida un cruce de sendas donde Kike hace de \u201cguardi\u00e1n\u201d para que los nuestros no se despisten, ya que cogeremos la senda de la derecha, hac\u00eda la cima de la carena, para visitar las simas. Metidos entre la exuberante vegetaci\u00f3n, hayas y dem\u00e1s verde, llegamos enseguida a las escondidas grietas. Lluis, de gu\u00eda, nos hace pasar por el interior de una. Le sigue otra m\u00e1s estrecha, pero ya la vemos al salir de la primera. Despu\u00e9s nos quiere ense\u00f1ar la espectacular formaci\u00f3n rocosa de la cima de la carena. La cuerda que, desde el pe\u00f1asco de Cabrera, llega hasta la Agullola de La Tuta.<\/p>\n<div id=\"attachment_25721\" style=\"width: 831px\" class=\"wp-caption aligncenter\"><a class=\"dt-single-image\" href=\"https:\/\/www.monta\u00f1asdelaluna.es\/wp-content\/uploads\/2015\/12\/Sierra-de-Cabrera.-24-03-12-167.jpg\" data-dt-img-description=\"\"><img loading=\"lazy\" decoding=\"async\" aria-describedby=\"caption-attachment-25721\" class=\"wp-image-25721 \" src=\"https:\/\/www.monta\u00f1asdelaluna.es\/wp-content\/uploads\/2015\/12\/Sierra-de-Cabrera.-24-03-12-167.jpg\" alt=\"&quot;Escletxes&quot;, simas, de camino a la Agullola de La Tuta\" width=\"821\" height=\"1095\" srcset=\"https:\/\/www.monta\u00f1asdelaluna.es\/wp-content\/uploads\/2015\/12\/Sierra-de-Cabrera.-24-03-12-167.jpg 1371w, https:\/\/www.monta\u00f1asdelaluna.es\/wp-content\/uploads\/2015\/12\/Sierra-de-Cabrera.-24-03-12-167-225x300.jpg 225w, https:\/\/www.monta\u00f1asdelaluna.es\/wp-content\/uploads\/2015\/12\/Sierra-de-Cabrera.-24-03-12-167-768x1024.jpg 768w\" sizes=\"auto, (max-width: 821px) 100vw, 821px\" \/><\/a><p id=\"caption-attachment-25721\" class=\"wp-caption-text\">\u00abEscletxes\u00bb, simas, de camino a la Agullola de La Tuta<\/p><\/div>\n<div id=\"attachment_25725\" style=\"width: 1838px\" class=\"wp-caption aligncenter\"><a class=\"dt-single-image\" href=\"https:\/\/www.monta\u00f1asdelaluna.es\/wp-content\/uploads\/2015\/12\/Sierra-de-Cabrera.-24-03-12-178.jpg\" data-dt-img-description=\"\"><img loading=\"lazy\" decoding=\"async\" aria-describedby=\"caption-attachment-25725\" class=\"wp-image-25725 size-full\" src=\"https:\/\/www.monta\u00f1asdelaluna.es\/wp-content\/uploads\/2015\/12\/Sierra-de-Cabrera.-24-03-12-178.jpg\" alt=\"Camino a la Agullola de La Tuta. A la derecha dicha aguja.\" width=\"1828\" height=\"1371\" srcset=\"https:\/\/www.monta\u00f1asdelaluna.es\/wp-content\/uploads\/2015\/12\/Sierra-de-Cabrera.-24-03-12-178.jpg 1828w, https:\/\/www.monta\u00f1asdelaluna.es\/wp-content\/uploads\/2015\/12\/Sierra-de-Cabrera.-24-03-12-178-300x225.jpg 300w, https:\/\/www.monta\u00f1asdelaluna.es\/wp-content\/uploads\/2015\/12\/Sierra-de-Cabrera.-24-03-12-178-1024x768.jpg 1024w\" sizes=\"auto, (max-width: 1828px) 100vw, 1828px\" \/><\/a><p id=\"caption-attachment-25725\" class=\"wp-caption-text\">Camino a la Agullola de La Tuta. A la derecha dicha aguja.<\/p><\/div>\n<p>Un pasillo de roca entre la vegetaci\u00f3n se levanta a ambos lados de la cuerda. Al principio tapada y agobiada por dicha vegetaci\u00f3n y despu\u00e9s, cuando est\u00e1 m\u00e1s cerca de la Agullola de La Tuta, se eleva sobre la vegetaci\u00f3n, casi vertiginosa y espl\u00e9ndida. Mirando hac\u00eda atr\u00e1s nos sorprende una imagen espectacular e impresionante del enorme pe\u00f1asco sobre el que se asienta el santuario y el pico Cabrera. Le hago fotos desde mil \u00e1ngulos. Precioso. Seguimos andando por el curioso e impresionante pasillo en direcci\u00f3n a la aguja mencionada anteriormente, que se insin\u00faa entre el manto verde gris\u00e1ceo de vegetaci\u00f3n, como un punto de la carena, del cordal. El recorrido ahora es sublime, hermoso al tener las dos vertientes del cordal, verdes y espaciosas, a la vista. Llanuras verdes, montes boscosos, espacios abiertos, lindos, amables&#8230; Pasamos junto a otra grieta, esta vez en un lado descubierto del pasillo-cresta. LLuis ya decide volver, no sin pasar, algunos de nosotros, por el corto vientre de esta formaci\u00f3n calc\u00e1rea, rocosa, curiosa.<\/p>\n<p>Lluis nos dice que no podemos seguir la carena, el pasillo de roca, que se acaba y la monta\u00f1a se hace intransitable antes de llegar a la Agullola de La Tuta. Por lo que decidimos volver, desandando el camino hasta el \u00faltimo cruce de sendas. El desv\u00edo para admirar la monta\u00f1a desde estos puntos ha merecido la pena. Muy bello. Ahora, en la senda principal de bajada hac\u00eda A\u00edats o Caselles, la que sal\u00eda del Coll del Bram, la seguimos convirti\u00e9ndose luego en camino m\u00e1s abajo. Camino suave en el cruce con el cartel se\u00f1alizador, hac\u00eda A\u00edats. Los agregados no decidieron seguirnos por la \u201caventurilla de las escletxes\u201d, y ya casi se encontraban en Cantonigr\u00f2s. Los rezagados cogimos a los compa\u00f1eros, y todos los cuspidianos nos reunimos para caminar juntos, entre charlas, risas y simpat\u00eda; desandando el tranquilo camino, hac\u00eda Cantonigr\u00f2s.<\/p>\n<div id=\"attachment_25736\" style=\"width: 1034px\" class=\"wp-caption aligncenter\"><a class=\"dt-single-image\" href=\"https:\/\/www.monta\u00f1asdelaluna.es\/wp-content\/uploads\/2015\/12\/Sierra-de-Cabrera.-24-03-12-207.jpg\" data-dt-img-description=\"\"><img loading=\"lazy\" decoding=\"async\" aria-describedby=\"caption-attachment-25736\" class=\"wp-image-25736 size-large\" src=\"https:\/\/www.monta\u00f1asdelaluna.es\/wp-content\/uploads\/2015\/12\/Sierra-de-Cabrera.-24-03-12-207-1024x768.jpg\" alt=\"Atr\u00e1s va quedando la Sierra de Cabrera\" width=\"1024\" height=\"768\" srcset=\"https:\/\/www.monta\u00f1asdelaluna.es\/wp-content\/uploads\/2015\/12\/Sierra-de-Cabrera.-24-03-12-207-1024x768.jpg 1024w, https:\/\/www.monta\u00f1asdelaluna.es\/wp-content\/uploads\/2015\/12\/Sierra-de-Cabrera.-24-03-12-207-300x225.jpg 300w, https:\/\/www.monta\u00f1asdelaluna.es\/wp-content\/uploads\/2015\/12\/Sierra-de-Cabrera.-24-03-12-207.jpg 1828w\" sizes=\"auto, (max-width: 1024px) 100vw, 1024px\" \/><\/a><p id=\"caption-attachment-25736\" class=\"wp-caption-text\">Atr\u00e1s va quedando la Sierra de Cabrera<\/p><\/div>\n<p>Pero aqu\u00ed no acab\u00f3 la actividad: en Cantonigr\u00f2s decidimos visitar La Foradada. Un espectacular y enorme agujero en la pared de roca que protege el lecho el Torrent de La Rotllada; junto a un alto salto de agua del mismo, desde las turbulencias de su corriente a la calma del lecho en el que cae. Muy bonito. Cogimos la calle que, junto al Restaurante Punti, se dirige hac\u00eda Cantonigr\u00f2s, pero m\u00e1s hac\u00eda su campo de f\u00fatbol. Y justo sorteando o rodeando dicho campo de f\u00fatbol, un camino, medio se\u00f1alado y medio empedrado por la roca del suelo, nos lleva al encantador lugar.<\/p>\n<div id=\"attachment_25742\" style=\"width: 1838px\" class=\"wp-caption aligncenter\"><a class=\"dt-single-image\" href=\"https:\/\/www.monta\u00f1asdelaluna.es\/wp-content\/uploads\/2015\/12\/Sierra-de-Cabrera.-24-03-12-218.jpg\" data-dt-img-description=\"\"><img loading=\"lazy\" decoding=\"async\" aria-describedby=\"caption-attachment-25742\" class=\"wp-image-25742 size-full\" src=\"https:\/\/www.monta\u00f1asdelaluna.es\/wp-content\/uploads\/2015\/12\/Sierra-de-Cabrera.-24-03-12-218.jpg\" alt=\"La Foradada\" width=\"1828\" height=\"1371\" srcset=\"https:\/\/www.monta\u00f1asdelaluna.es\/wp-content\/uploads\/2015\/12\/Sierra-de-Cabrera.-24-03-12-218.jpg 1828w, https:\/\/www.monta\u00f1asdelaluna.es\/wp-content\/uploads\/2015\/12\/Sierra-de-Cabrera.-24-03-12-218-300x225.jpg 300w, https:\/\/www.monta\u00f1asdelaluna.es\/wp-content\/uploads\/2015\/12\/Sierra-de-Cabrera.-24-03-12-218-1024x768.jpg 1024w\" sizes=\"auto, (max-width: 1828px) 100vw, 1828px\" \/><\/a><p id=\"caption-attachment-25742\" class=\"wp-caption-text\">La Foradada<\/p><\/div>\n<div id=\"attachment_25741\" style=\"width: 1034px\" class=\"wp-caption aligncenter\"><a class=\"dt-single-image\" href=\"https:\/\/www.monta\u00f1asdelaluna.es\/wp-content\/uploads\/2015\/12\/Sierra-de-Cabrera.-24-03-12-216.jpg\" data-dt-img-description=\"\"><img loading=\"lazy\" decoding=\"async\" aria-describedby=\"caption-attachment-25741\" class=\"wp-image-25741 size-large\" src=\"https:\/\/www.monta\u00f1asdelaluna.es\/wp-content\/uploads\/2015\/12\/Sierra-de-Cabrera.-24-03-12-216-1024x768.jpg\" alt=\"Anna y Joaqu\u00edn en La Foradada\" width=\"1024\" height=\"768\" srcset=\"https:\/\/www.monta\u00f1asdelaluna.es\/wp-content\/uploads\/2015\/12\/Sierra-de-Cabrera.-24-03-12-216-1024x768.jpg 1024w, https:\/\/www.monta\u00f1asdelaluna.es\/wp-content\/uploads\/2015\/12\/Sierra-de-Cabrera.-24-03-12-216-300x225.jpg 300w, https:\/\/www.monta\u00f1asdelaluna.es\/wp-content\/uploads\/2015\/12\/Sierra-de-Cabrera.-24-03-12-216.jpg 1828w\" sizes=\"auto, (max-width: 1024px) 100vw, 1024px\" \/><\/a><p id=\"caption-attachment-25741\" class=\"wp-caption-text\">Anna y Joaqu\u00edn en La Foradada<\/p><\/div>\n<p>Menos de una hora tardamos; y el camino baja altura para acercarse al lecho del frondoso r\u00edo. De nuevo exuberante vegetaci\u00f3n y el sonido de la ca\u00edda del agua que poco a poco va llenando el lugar. Una senda, hac\u00eda la izquierda, cambiando de direcci\u00f3n a la derecha y hac\u00eda abajo siempre, nos deja en el estupendo y casi paradis\u00edaco rinc\u00f3n de La Foradada. Es un lugar muy visitado y hermoso. Ni\u00f1os juegan y corren por las orillas del torrente, y tiran piedras al remanso de agua que se forma bajo la cascada. Radka y Alex deciden verlo de cerca. Le dan la vuelta a la roca para adentrarse en su enorme \u201cforat\u201d por detr\u00e1s. Desde all\u00ed se acercan a la cascada para maravillarse con su frescor y ca\u00edda de agua. Un lugar que me record\u00f3 a otro, pero sin \u201cforat\u201d, en mi lejana tierra alicantina: l\u2019Encant\u00e0, cerca de Planes Catamarruch y Margarida. Recuerdos me sobrevienen de las monta\u00f1as y vida en mi tierra; dulce melancol\u00eda ante la bella imagen del agua correr, saltando desde la monta\u00f1a.<\/p>\n<div id=\"attachment_25746\" style=\"width: 1034px\" class=\"wp-caption aligncenter\"><a class=\"dt-single-image\" href=\"https:\/\/www.monta\u00f1asdelaluna.es\/wp-content\/uploads\/2015\/12\/Sierra-de-Cabrera.-24-03-12-224.jpg\" data-dt-img-description=\"\"><img loading=\"lazy\" decoding=\"async\" aria-describedby=\"caption-attachment-25746\" class=\"wp-image-25746 size-large\" src=\"https:\/\/www.monta\u00f1asdelaluna.es\/wp-content\/uploads\/2015\/12\/Sierra-de-Cabrera.-24-03-12-224-1024x768.jpg\" alt=\"La Foradada\" width=\"1024\" height=\"768\" srcset=\"https:\/\/www.monta\u00f1asdelaluna.es\/wp-content\/uploads\/2015\/12\/Sierra-de-Cabrera.-24-03-12-224-1024x768.jpg 1024w, https:\/\/www.monta\u00f1asdelaluna.es\/wp-content\/uploads\/2015\/12\/Sierra-de-Cabrera.-24-03-12-224-300x225.jpg 300w, https:\/\/www.monta\u00f1asdelaluna.es\/wp-content\/uploads\/2015\/12\/Sierra-de-Cabrera.-24-03-12-224.jpg 1828w\" sizes=\"auto, (max-width: 1024px) 100vw, 1024px\" \/><\/a><p id=\"caption-attachment-25746\" class=\"wp-caption-text\">La Foradada<\/p><\/div>\n<p>La vuelta al pueblo, al Restaurante Punti y a los coches, lo haremos desandando el camino. Ha sido un d\u00eda muy completo de monta\u00f1a y rincones m\u00e1gicos y especiales. De vida floresta y agua. Hermosos y bellos lugares abruptos, suaves y encantadores. Merece la pena visitarlos y quedarse con un bonito recuerdo del pasado y del presente, con ese buen sabor de boca&#8230; puede que sean m\u00e1gicas y encantadas estas monta\u00f1as.<\/p>\n<div id=\"attachment_25754\" style=\"width: 761px\" class=\"wp-caption aligncenter\"><a class=\"dt-single-image\" href=\"https:\/\/www.monta\u00f1asdelaluna.es\/wp-content\/uploads\/2012\/03\/sierra-de-cabrera.mapa_.blog_.jpg\" data-dt-img-description=\"\"><img loading=\"lazy\" decoding=\"async\" aria-describedby=\"caption-attachment-25754\" class=\"wp-image-25754 size-full\" src=\"https:\/\/www.monta\u00f1asdelaluna.es\/wp-content\/uploads\/2012\/03\/sierra-de-cabrera.mapa_.blog_.jpg\" alt=\"Croquis del recorrido por el Santuario y Sierra de Cabrera desde Cantonigr\u00f2s\" width=\"751\" height=\"987\" srcset=\"https:\/\/www.monta\u00f1asdelaluna.es\/wp-content\/uploads\/2012\/03\/sierra-de-cabrera.mapa_.blog_.jpg 751w, https:\/\/www.monta\u00f1asdelaluna.es\/wp-content\/uploads\/2012\/03\/sierra-de-cabrera.mapa_.blog_-228x300.jpg 228w\" sizes=\"auto, (max-width: 751px) 100vw, 751px\" \/><\/a><p id=\"caption-attachment-25754\" class=\"wp-caption-text\">Croquis del recorrido por el Santuario y Sierra de Cabrera desde Cantonigr\u00f2s<\/p><\/div>\n<p>[vc_separator][\/vc_column_text][\/vc_column][\/vc_row][vc_row][vc_column][vc_empty_space height=\u00bb60px\u00bb][\/vc_column][\/vc_row][vc_row][vc_column][vc_cta h2=\u00bb\u00c1lbum de fotos\u00bb txt_align=\u00bbcenter\u00bb add_button=\u00bbbottom\u00bb btn_title=\u00bbVer fotos\u00bb btn_color=\u00bbwarning\u00bb btn_align=\u00bbcenter\u00bb btn_link=\u00bburl:https%3A%2F%2Fmonta%C3%B1asdelaluna.es%2F%3Fdt_gallery%3Dsantuario-y-sierra-de-cabrera-2|title:Santuario%20y%20Sierra%20de%20Cabrera|target:_blank\u00bb css=\u00bb.vc_custom_1625991050398{background-color: #8bc4ed !important;}\u00bb]Puedes ver todas las fotos del relato y actividad en forma de presentaci\u00f3n o individuales pinchando aqui \u00a1No te las pierdas![\/vc_cta][\/vc_column][\/vc_row][vc_row][vc_column][vc_empty_space height=\u00bb60px\u00bb][\/vc_column][\/vc_row][vc_row][vc_column width=\u00bb1\/3&#8243;][\/vc_column][vc_column width=\u00bb1\/2&#8243;][vc_column_text]Tiempo en Santuario de Cabrera[\/vc_column_text][vc_raw_html]JTNDaWZyYW1lJTIwc3JjJTNEJTIyaHR0cHMlM0ElMkYlMkZ3d3cubWV0ZW9ibHVlLmNvbSUyRmVzJTJGdGllbXBvJTJGd2lkZ2V0JTJGZGFpbHklMkY0Mi4wNzNOMi40MDhFJTNGZGF5cyUzRDclMjZ0ZW1wdW5pdCUzRENFTFNJVVMlMjZ3aW5kdW5pdCUzREtJTE9NRVRFUl9QRVJfSE9VUiUyNnBpY3RvaWNvbiUzRDElMjZtYXh0ZW1wZXJhdHVyZSUzRDElMjZtaW50ZW1wZXJhdHVyZSUzRDElMjZ3aW5kc3BlZWQlM0QxJTI2d2luZGd1c3QlM0QxJTI2d2luZGRpcmVjdGlvbiUzRDElMjZwcmVjaXBpdGF0aW9uJTNEMSUyNnByZWNpcGl0YXRpb25wcm9iYWJpbGl0eSUzRDElMjZzcG90JTNEMSUyNnByZXNzdXJlJTNEMSUyNmxheW91dCUzRGxpZ2h0JTIyJTIwJTIwZnJhbWVib3JkZXIlM0QlMjIwJTIyJTIwc2Nyb2xsaW5nJTNEJTIyTk8lMjIlMjBhbGxvd3RyYW5zcGFyZW5jeSUzRCUyMnRydWUlMjIlMjBzdHlsZSUzRCUyMndpZHRoJTNBJTIwMzc4cHglM0JoZWlnaHQlM0ElMjAzOTFweCUyMiUzRSUzQyUyRmlmcmFtZSUzRSUzQ2RpdiUzRSUzQyUyMS0tJTIwRE8lMjBOT1QlMjBSRU1PVkUlMjBUSElTJTIwTElOSyUyMC0tJTNFJTNDYSUyMGhyZWYlM0QlMjJodHRwcyUzQSUyRiUyRnd3dy5tZXRlb2JsdWUuY29tJTJGZXMlMkZ0aWVtcG8lMkZwcm9ub3N0aWNvJTJGc2VtYW5hJTJGNDIuMDczTjIuNDA4RSUyMiUyMHRhcmdldCUzRCUyMl9ibGFuayUyMiUzRW1ldGVvYmx1ZSUzQyUyRmElM0UlM0MlMkZkaXYlM0U=[\/vc_raw_html][\/vc_column][vc_column width=\u00bb1\/5&#8243;][\/vc_column][\/vc_row]<\/p>\n","protected":false},"excerpt":{"rendered":"<p>[vc_row][vc_column][vc_column_text]Esta vez Kike nos preparaba una excursi\u00f3n por un lugar desconocido por m\u00ed. Sacado del \u201cwikiloc\u201d la actividad se internaba por la Sierra de Cabrera visitando su Santuario, desde la poblaci\u00f3n de Cantonigr\u00f2s. La zona, dentro de lo que llaman la Vall de Sau (con su famoso pantano) y el Collsacabra, se encuentra a caballo&hellip;<\/p>\n","protected":false},"author":1,"featured_media":25699,"comment_status":"open","ping_status":"open","sticky":false,"template":"","format":"standard","meta":[],"categories":[120],"tags":[],"class_list":["post-25752","post","type-post","status-publish","format-standard","has-post-thumbnail","hentry","category-collsacabra-i-guilleries","category-120","description-off"],"_links":{"self":[{"href":"https:\/\/www.monta\u00f1asdelaluna.es\/index.php?rest_route=\/wp\/v2\/posts\/25752","targetHints":{"allow":["GET"]}}],"collection":[{"href":"https:\/\/www.monta\u00f1asdelaluna.es\/index.php?rest_route=\/wp\/v2\/posts"}],"about":[{"href":"https:\/\/www.monta\u00f1asdelaluna.es\/index.php?rest_route=\/wp\/v2\/types\/post"}],"author":[{"embeddable":true,"href":"https:\/\/www.monta\u00f1asdelaluna.es\/index.php?rest_route=\/wp\/v2\/users\/1"}],"replies":[{"embeddable":true,"href":"https:\/\/www.monta\u00f1asdelaluna.es\/index.php?rest_route=%2Fwp%2Fv2%2Fcomments&post=25752"}],"version-history":[{"count":12,"href":"https:\/\/www.monta\u00f1asdelaluna.es\/index.php?rest_route=\/wp\/v2\/posts\/25752\/revisions"}],"predecessor-version":[{"id":50294,"href":"https:\/\/www.monta\u00f1asdelaluna.es\/index.php?rest_route=\/wp\/v2\/posts\/25752\/revisions\/50294"}],"wp:featuredmedia":[{"embeddable":true,"href":"https:\/\/www.monta\u00f1asdelaluna.es\/index.php?rest_route=\/wp\/v2\/media\/25699"}],"wp:attachment":[{"href":"https:\/\/www.monta\u00f1asdelaluna.es\/index.php?rest_route=%2Fwp%2Fv2%2Fmedia&parent=25752"}],"wp:term":[{"taxonomy":"category","embeddable":true,"href":"https:\/\/www.monta\u00f1asdelaluna.es\/index.php?rest_route=%2Fwp%2Fv2%2Fcategories&post=25752"},{"taxonomy":"post_tag","embeddable":true,"href":"https:\/\/www.monta\u00f1asdelaluna.es\/index.php?rest_route=%2Fwp%2Fv2%2Ftags&post=25752"}],"curies":[{"name":"wp","href":"https:\/\/api.w.org\/{rel}","templated":true}]}}