{"id":25825,"date":"2012-01-14T20:06:22","date_gmt":"2012-01-14T20:06:22","guid":{"rendered":"http:\/\/monta\u00f1asdelaluna.com\/?p=25825"},"modified":"2021-07-16T08:46:40","modified_gmt":"2021-07-16T08:46:40","slug":"gra-de-fajol","status":"publish","type":"post","link":"https:\/\/www.monta\u00f1asdelaluna.es\/?p=25825","title":{"rendered":"Gra de Fajol"},"content":{"rendered":"<p>[vc_row][vc_column][vc_column_text]Ya ten\u00eda ganas de visitar de nuevo el Pirineo. Y sobre todo el desconocido, para mi, Pirineo de Girona. Aprovechando la invitaci\u00f3n de unos amigos monta\u00f1eros de Barcelona y Tiana, David y Gonzalo, me apunto a lo que parece ser una interesante actividad: subir un corredor de nieve en el Gra de Fajol. En un principio le pido a David que no sea excesivo el nivel t\u00e9cnico de la escalada, ya que mi desentreno y falta de \u201calta monta\u00f1a\u201d en estos meses han hecho mella en mi. El plan es subir por la Canal Estreta; un corredor del inhiesto pico Gra de Fajol Petit.<\/p>\n<p>El pasado s\u00e1bado 14 partimos los tres monta\u00f1eros, muy temprano, en busca del Pirineo, su nieve y su belleza. La idea es subir a lo m\u00e1s alto de la Vall del Ter, donde est\u00e1 la estaci\u00f3n de esqu\u00ed del mismo nombre, Vallter 2.000, y el famoso Refugio de Ulldeter.<\/p>\n<div id=\"attachment_25764\" style=\"width: 1034px\" class=\"wp-caption aligncenter\"><a class=\"dt-single-image\" href=\"https:\/\/www.monta\u00f1asdelaluna.es\/wp-content\/uploads\/2015\/12\/Gra-de-Fajol.-14-01-12-001.jpg\" data-dt-img-description=\"\"><img loading=\"lazy\" decoding=\"async\" aria-describedby=\"caption-attachment-25764\" class=\"wp-image-25764 size-large\" src=\"https:\/\/www.monta\u00f1asdelaluna.es\/wp-content\/uploads\/2015\/12\/Gra-de-Fajol.-14-01-12-001-1024x768.jpg\" alt=\"La luna sobre el Gra de Fajol\" width=\"1024\" height=\"768\" srcset=\"https:\/\/www.monta\u00f1asdelaluna.es\/wp-content\/uploads\/2015\/12\/Gra-de-Fajol.-14-01-12-001-1024x768.jpg 1024w, https:\/\/www.monta\u00f1asdelaluna.es\/wp-content\/uploads\/2015\/12\/Gra-de-Fajol.-14-01-12-001-300x225.jpg 300w, https:\/\/www.monta\u00f1asdelaluna.es\/wp-content\/uploads\/2015\/12\/Gra-de-Fajol.-14-01-12-001.jpg 1632w\" sizes=\"auto, (max-width: 1024px) 100vw, 1024px\" \/><\/a><p id=\"caption-attachment-25764\" class=\"wp-caption-text\">La luna sobre el Gra de Fajol<\/p><\/div>\n<div id=\"attachment_25767\" style=\"width: 1034px\" class=\"wp-caption aligncenter\"><a class=\"dt-single-image\" href=\"https:\/\/www.monta\u00f1asdelaluna.es\/wp-content\/uploads\/2015\/12\/Gra-de-Fajol.-14-01-12-004.jpg\" data-dt-img-description=\"\"><img loading=\"lazy\" decoding=\"async\" aria-describedby=\"caption-attachment-25767\" class=\"wp-image-25767 size-large\" src=\"https:\/\/www.monta\u00f1asdelaluna.es\/wp-content\/uploads\/2015\/12\/Gra-de-Fajol.-14-01-12-004-1024x768.jpg\" alt=\"Arriba el Gra de Fajol Petit\" width=\"1024\" height=\"768\" srcset=\"https:\/\/www.monta\u00f1asdelaluna.es\/wp-content\/uploads\/2015\/12\/Gra-de-Fajol.-14-01-12-004-1024x768.jpg 1024w, https:\/\/www.monta\u00f1asdelaluna.es\/wp-content\/uploads\/2015\/12\/Gra-de-Fajol.-14-01-12-004-300x225.jpg 300w, https:\/\/www.monta\u00f1asdelaluna.es\/wp-content\/uploads\/2015\/12\/Gra-de-Fajol.-14-01-12-004.jpg 1632w\" sizes=\"auto, (max-width: 1024px) 100vw, 1024px\" \/><\/a><p id=\"caption-attachment-25767\" class=\"wp-caption-text\">Arriba el Gra de Fajol Petit<\/p><\/div>\n<p>En poco m\u00e1s de 2 horas llegamos al punto en el que dejamos el coche y sale la senda hac\u00eda Ulldeter y al Gra de Fajol, poco antes de llegar al punto m\u00e1s alto de la carretera en Vallter 2.000. \u00a1Es incre\u00edble lo cerca que est\u00e1 este Pirineo de Barcelona!&#8230; y la buena comunicaci\u00f3n que tiene.<\/p>\n<p>Un nuevo paisaje de alta monta\u00f1a se abr\u00eda ante mis ojos, una nueva roca, una nueva actividad, unos nuevos compa\u00f1eros&#8230; A la vez que el sol comenzaba a tocar la cima del en\u00e9rgico y escarpado Gra de Fajol, la luna se posaba en su puntiaguda cumbre, con una imagen buc\u00f3lica y encantadora. No ha nevado desde hace muchos d\u00edas, casi meses, y por ello no hay tanta nieve en estas alturas pirenaicas.<\/p>\n<div id=\"attachment_25768\" style=\"width: 1034px\" class=\"wp-caption aligncenter\"><a class=\"dt-single-image\" href=\"https:\/\/www.monta\u00f1asdelaluna.es\/wp-content\/uploads\/2015\/12\/Gra-de-Fajol.-14-01-12-006.jpg\" data-dt-img-description=\"\"><img loading=\"lazy\" decoding=\"async\" aria-describedby=\"caption-attachment-25768\" class=\"wp-image-25768 size-large\" src=\"https:\/\/www.monta\u00f1asdelaluna.es\/wp-content\/uploads\/2015\/12\/Gra-de-Fajol.-14-01-12-006-1024x768.jpg\" alt=\"Por las pistas de esqu\u00ed de Vallter\" width=\"1024\" height=\"768\" srcset=\"https:\/\/www.monta\u00f1asdelaluna.es\/wp-content\/uploads\/2015\/12\/Gra-de-Fajol.-14-01-12-006-1024x768.jpg 1024w, https:\/\/www.monta\u00f1asdelaluna.es\/wp-content\/uploads\/2015\/12\/Gra-de-Fajol.-14-01-12-006-300x225.jpg 300w, https:\/\/www.monta\u00f1asdelaluna.es\/wp-content\/uploads\/2015\/12\/Gra-de-Fajol.-14-01-12-006.jpg 1632w\" sizes=\"auto, (max-width: 1024px) 100vw, 1024px\" \/><\/a><p id=\"caption-attachment-25768\" class=\"wp-caption-text\">Por las pistas de esqu\u00ed de Vallter<\/p><\/div>\n<p>Poco despu\u00e9s de las 08:00 de la ma\u00f1ana salimos en busca de la cercana falda y cara norte del Gra de Fajol Petit. El camino es corto ya que es una zona muy pr\u00f3xima a la carretera&#8230; por ello y por ser la zona en la que se encuentran m\u00e1s de la mitad de todos los corredores de nieve y hielo de todo el Pirineo oriental (m\u00e1s que en el Cad\u00ed, me atrever\u00eda a decir), es un hervidero de alpinistas catalanes que se api\u00f1an a pie de v\u00eda pidiendo su turno para comenzar y efectuar la subida por tan escarpados lugares. Y hoy, por el buen d\u00eda que nos har\u00eda, lo iba a comprobar&#8230; el overbooking iba a ser notable en estos corredores. E incluso, por el propio estado de la poca nieve y la aparici\u00f3n de roca y hielo en algunos corredores m\u00e1s t\u00e9cnicos, todos los \u201cescaladores de corredores\u201d nos agolp\u00e1bamos en los pocos que nos pod\u00edamos recorrer sin problemas.<\/p>\n<div id=\"attachment_25827\" style=\"width: 790px\" class=\"wp-caption aligncenter\"><a class=\"dt-single-image\" href=\"https:\/\/www.monta\u00f1asdelaluna.es\/wp-content\/uploads\/2012\/01\/croquis-GraFajol.jpg\" data-dt-img-description=\"\"><img loading=\"lazy\" decoding=\"async\" aria-describedby=\"caption-attachment-25827\" class=\"wp-image-25827 size-full\" src=\"https:\/\/www.monta\u00f1asdelaluna.es\/wp-content\/uploads\/2012\/01\/croquis-GraFajol.jpg\" alt=\"Vias y corredores en la cara norte del Gra de Fajol Petit\" width=\"780\" height=\"341\" srcset=\"https:\/\/www.monta\u00f1asdelaluna.es\/wp-content\/uploads\/2012\/01\/croquis-GraFajol.jpg 780w, https:\/\/www.monta\u00f1asdelaluna.es\/wp-content\/uploads\/2012\/01\/croquis-GraFajol-300x131.jpg 300w\" sizes=\"auto, (max-width: 780px) 100vw, 780px\" \/><\/a><p id=\"caption-attachment-25827\" class=\"wp-caption-text\">Vias y corredores en la cara norte del Gra de Fajol Petit<\/p><\/div>\n<p>Despu\u00e9s de cruzar el helado r\u00edo Ter, una pista de la estaci\u00f3n de esqu\u00ed y andar por la helada y no muy abundante nieve. Llegamos al pi\u00e9 del corredor para equiparnos, ponernos el arn\u00e9s, mosquetones, crampones, casco&#8230; coger los piolets, cuerdas&#8230; Ya vemos a los primeros alpinistas que est\u00e1n superando, con dificultades, el primer resalte del corredor, y a otros que se aproximan \u201caudaces\u201d, por ello nos damos prisa e iniciamos la subida hasta la pared y la peque\u00f1a cascada de hielo del primer resalte, antes que el resto de los monta\u00f1eros nos quiten \u201cla vez\u201d&#8230; \u00a1A la cola! La Canal Estreta, en condiciones normales de nieve, no tiene complicaciones m\u00e1s all\u00e1 de ser una escalada por el interior de un corredor de 220 metros, con 4 resaltes, dos de ellos con mixto de III a IV\u00ba, y una inclinaci\u00f3n m\u00e1xima de 60\u00ba \u00a1Una gozada para los alpinistas!<\/p>\n<div id=\"attachment_25772\" style=\"width: 1034px\" class=\"wp-caption aligncenter\"><a class=\"dt-single-image\" href=\"https:\/\/www.monta\u00f1asdelaluna.es\/wp-content\/uploads\/2015\/12\/Gra-de-Fajol.-14-01-12-015.jpg\" data-dt-img-description=\"\"><img loading=\"lazy\" decoding=\"async\" aria-describedby=\"caption-attachment-25772\" class=\"wp-image-25772 size-large\" src=\"https:\/\/www.monta\u00f1asdelaluna.es\/wp-content\/uploads\/2015\/12\/Gra-de-Fajol.-14-01-12-015-1024x768.jpg\" alt=\"La Canal Estreta\" width=\"1024\" height=\"768\" srcset=\"https:\/\/www.monta\u00f1asdelaluna.es\/wp-content\/uploads\/2015\/12\/Gra-de-Fajol.-14-01-12-015-1024x768.jpg 1024w, https:\/\/www.monta\u00f1asdelaluna.es\/wp-content\/uploads\/2015\/12\/Gra-de-Fajol.-14-01-12-015-300x225.jpg 300w, https:\/\/www.monta\u00f1asdelaluna.es\/wp-content\/uploads\/2015\/12\/Gra-de-Fajol.-14-01-12-015.jpg 1632w\" sizes=\"auto, (max-width: 1024px) 100vw, 1024px\" \/><\/a><p id=\"caption-attachment-25772\" class=\"wp-caption-text\">La Canal Estreta<\/p><\/div>\n<div id=\"attachment_25777\" style=\"width: 830px\" class=\"wp-caption aligncenter\"><a class=\"dt-single-image\" href=\"https:\/\/www.monta\u00f1asdelaluna.es\/wp-content\/uploads\/2015\/12\/Gra-de-Fajol.-14-01-12-022.jpg\" data-dt-img-description=\"\"><img loading=\"lazy\" decoding=\"async\" aria-describedby=\"caption-attachment-25777\" class=\"wp-image-25777 \" src=\"https:\/\/www.monta\u00f1asdelaluna.es\/wp-content\/uploads\/2015\/12\/Gra-de-Fajol.-14-01-12-022.jpg\" alt=\"Otro grupo intenta La Canal Estreta\" width=\"820\" height=\"1093\" srcset=\"https:\/\/www.monta\u00f1asdelaluna.es\/wp-content\/uploads\/2015\/12\/Gra-de-Fajol.-14-01-12-022.jpg 1224w, https:\/\/www.monta\u00f1asdelaluna.es\/wp-content\/uploads\/2015\/12\/Gra-de-Fajol.-14-01-12-022-225x300.jpg 225w, https:\/\/www.monta\u00f1asdelaluna.es\/wp-content\/uploads\/2015\/12\/Gra-de-Fajol.-14-01-12-022-768x1024.jpg 768w\" sizes=\"auto, (max-width: 820px) 100vw, 820px\" \/><\/a><p id=\"caption-attachment-25777\" class=\"wp-caption-text\">Otro grupo intenta La Canal Estreta<\/p><\/div>\n<p>Despu\u00e9s de varios intentos David se desespera al no poder superar el primer resalte. Hay cola. Y ni Gonzalo y mucho menos yo, queremos intentarlo. El peque\u00f1o escal\u00f3n helado se resiste hoy a ser escalado por nosotros. Nos retiramos hac\u00eda otro corredor m\u00e1s asequible y f\u00e1cil, y mientras bajamos vemos como la siguiente cordada que nos esperaba, s\u00ed pueden superarlo con exagerados estiramientos y contorsiones de las extremidades.<\/p>\n<p>Bajamos al pi\u00e9 del corredor y rodeando las rocosas faldas del Gra de Fajol Petit, con la vista del hermano mayor (el Gra de Fajol) delante, seguimos caminando hasta una zona menos escarpada pero empinada y nevada. Nos encontramos con m\u00e1s monta\u00f1eros. Equipados o sin equipar, con el \u201ctraje b\u00e1sico\u201d de alta monta\u00f1a, que suben por el mismo lugar que nosotros; muy pr\u00f3ximo a la Canal Occidental. No hace falta aqu\u00ed que nos encordemos, pero no hay que quitarse el casco: la poca nieve m\u00e1s arriba no coge bien las piedras y pedruscos sueltos con los que nos encontramos, y uno de ellos me pasa casi rozando, empujado por otras cordadas. Sin m\u00e1s dificultad llegamos a la parte m\u00e1s alta, en la cuerda que une el Gra de Fajol Petit del Gran. El paisaje se va abriendo. No he parado de hacer fotos y grabar im\u00e1genes&#8230; todos estos rincones son nuevos para m\u00ed.<\/p>\n<div id=\"attachment_25778\" style=\"width: 831px\" class=\"wp-caption aligncenter\"><a class=\"dt-single-image\" href=\"https:\/\/www.monta\u00f1asdelaluna.es\/wp-content\/uploads\/2015\/12\/Gra-de-Fajol.-14-01-12-024.jpg\" data-dt-img-description=\"\"><img loading=\"lazy\" decoding=\"async\" aria-describedby=\"caption-attachment-25778\" class=\"wp-image-25778 \" src=\"https:\/\/www.monta\u00f1asdelaluna.es\/wp-content\/uploads\/2015\/12\/Gra-de-Fajol.-14-01-12-024.jpg\" alt=\"La Canal Estreta mirando hac\u00eda el valle\" width=\"821\" height=\"1095\" srcset=\"https:\/\/www.monta\u00f1asdelaluna.es\/wp-content\/uploads\/2015\/12\/Gra-de-Fajol.-14-01-12-024.jpg 1224w, https:\/\/www.monta\u00f1asdelaluna.es\/wp-content\/uploads\/2015\/12\/Gra-de-Fajol.-14-01-12-024-225x300.jpg 225w, https:\/\/www.monta\u00f1asdelaluna.es\/wp-content\/uploads\/2015\/12\/Gra-de-Fajol.-14-01-12-024-768x1024.jpg 768w\" sizes=\"auto, (max-width: 821px) 100vw, 821px\" \/><\/a><p id=\"caption-attachment-25778\" class=\"wp-caption-text\">La Canal Estreta mirando hac\u00eda el valle<\/p><\/div>\n<div id=\"attachment_25782\" style=\"width: 1034px\" class=\"wp-caption aligncenter\"><a class=\"dt-single-image\" href=\"https:\/\/www.monta\u00f1asdelaluna.es\/wp-content\/uploads\/2015\/12\/Gra-de-Fajol.-14-01-12-029.jpg\" data-dt-img-description=\"\"><img loading=\"lazy\" decoding=\"async\" aria-describedby=\"caption-attachment-25782\" class=\"wp-image-25782 size-large\" src=\"https:\/\/www.monta\u00f1asdelaluna.es\/wp-content\/uploads\/2015\/12\/Gra-de-Fajol.-14-01-12-029-1024x768.jpg\" alt=\"Subiremos hacia la izquierda, delante el Gra de Fajol\" width=\"1024\" height=\"768\" srcset=\"https:\/\/www.monta\u00f1asdelaluna.es\/wp-content\/uploads\/2015\/12\/Gra-de-Fajol.-14-01-12-029-1024x768.jpg 1024w, https:\/\/www.monta\u00f1asdelaluna.es\/wp-content\/uploads\/2015\/12\/Gra-de-Fajol.-14-01-12-029-300x225.jpg 300w, https:\/\/www.monta\u00f1asdelaluna.es\/wp-content\/uploads\/2015\/12\/Gra-de-Fajol.-14-01-12-029.jpg 1632w\" sizes=\"auto, (max-width: 1024px) 100vw, 1024px\" \/><\/a><p id=\"caption-attachment-25782\" class=\"wp-caption-text\">Subiremos hacia la izquierda, delante el Gra de Fajol<\/p><\/div>\n<p>Aqu\u00ed paramos a quitarnos ropa y a almorzar bajo un tibio sol que agradecemos. El d\u00eda es espectacular; m\u00e1s bien parece primavera que invierno. A nuestra izquierda ha quedado la pr\u00f3xima cima del Gra de Fajol Petit, del que bajan esos monta\u00f1eros que han optado por subirla por sus numerosos y emocionantes corredores y canales, o por \u00e9sta, su v\u00eda normal. Hac\u00eda nuestra derecha la loma, algo empinada m\u00e1s arriba, que nos sube, entre rocosos pero f\u00e1ciles escarpes rocosos, hasta la cumbre del Gra de Fajol. Terminamos de almorzar hablando con otra pareja de monta\u00f1eros sobre los efectos de las diferentes y aut\u00f3ctonas drogas (de plantas naturales) que hay en los diferentes pa\u00edses de Sudam\u00e9rica, y del resto del mundo.<\/p>\n<div id=\"attachment_25783\" style=\"width: 1034px\" class=\"wp-caption aligncenter\"><a class=\"dt-single-image\" href=\"https:\/\/www.monta\u00f1asdelaluna.es\/wp-content\/uploads\/2015\/12\/Gra-de-Fajol.-14-01-12-030.jpg\" data-dt-img-description=\"\"><img loading=\"lazy\" decoding=\"async\" aria-describedby=\"caption-attachment-25783\" class=\"wp-image-25783 size-large\" src=\"https:\/\/www.monta\u00f1asdelaluna.es\/wp-content\/uploads\/2015\/12\/Gra-de-Fajol.-14-01-12-030-1024x768.jpg\" alt=\"Subida inclinada\" width=\"1024\" height=\"768\" srcset=\"https:\/\/www.monta\u00f1asdelaluna.es\/wp-content\/uploads\/2015\/12\/Gra-de-Fajol.-14-01-12-030-1024x768.jpg 1024w, https:\/\/www.monta\u00f1asdelaluna.es\/wp-content\/uploads\/2015\/12\/Gra-de-Fajol.-14-01-12-030-300x225.jpg 300w, https:\/\/www.monta\u00f1asdelaluna.es\/wp-content\/uploads\/2015\/12\/Gra-de-Fajol.-14-01-12-030.jpg 1632w\" sizes=\"auto, (max-width: 1024px) 100vw, 1024px\" \/><\/a><p id=\"caption-attachment-25783\" class=\"wp-caption-text\">Subida inclinada<\/p><\/div>\n<div id=\"attachment_25789\" style=\"width: 1034px\" class=\"wp-caption aligncenter\"><a class=\"dt-single-image\" href=\"https:\/\/www.monta\u00f1asdelaluna.es\/wp-content\/uploads\/2015\/12\/Gra-de-Fajol.-14-01-12-037.jpg\" data-dt-img-description=\"\"><img loading=\"lazy\" decoding=\"async\" aria-describedby=\"caption-attachment-25789\" class=\"wp-image-25789 size-large\" src=\"https:\/\/www.monta\u00f1asdelaluna.es\/wp-content\/uploads\/2015\/12\/Gra-de-Fajol.-14-01-12-037-1024x768.jpg\" alt=\"Descanso antes de subir al Gra de Fajol\" width=\"1024\" height=\"768\" srcset=\"https:\/\/www.monta\u00f1asdelaluna.es\/wp-content\/uploads\/2015\/12\/Gra-de-Fajol.-14-01-12-037-1024x768.jpg 1024w, https:\/\/www.monta\u00f1asdelaluna.es\/wp-content\/uploads\/2015\/12\/Gra-de-Fajol.-14-01-12-037-300x225.jpg 300w, https:\/\/www.monta\u00f1asdelaluna.es\/wp-content\/uploads\/2015\/12\/Gra-de-Fajol.-14-01-12-037.jpg 1632w\" sizes=\"auto, (max-width: 1024px) 100vw, 1024px\" \/><\/a><p id=\"caption-attachment-25789\" class=\"wp-caption-text\">Descanso antes de subir al Gra de Fajol<\/p><\/div>\n<p>La vista del Gra del Fajol desde aqu\u00ed es espectacular: mientras caminamos hac\u00eda sus inmediaciones y subimos por sus faldas, observamos mejor su escarpada cara noreste, con esas paredes rojizas, esas pendientes de v\u00e9rtigo en las que de vez en cuando se oye un martillo y un traquetear&#8230; los Fajol est\u00e1n siendo \u201cinvadidos\u201d por todos lados por monta\u00f1eros atrevidos y habilidosos que no encuentran que dichas vertientes est\u00e9n llenas de obst\u00e1culos, si no de retos y desaf\u00edos.[vc_separator][\/vc_column_text][\/vc_column][\/vc_row][vc_row][vc_column][vc_empty_space][\/vc_column][\/vc_row][vc_row][vc_column][vc_video link=\u00bbhttps:\/\/vimeo.com\/35101675#t=0s\u00bb title=\u00bbGra de Fajol\u00bb][\/vc_column][\/vc_row][vc_row][vc_column][vc_empty_space][\/vc_column][\/vc_row][vc_row][vc_column][vc_column_text]Sin p\u00e9rdida ni demora llegamos a la blanca cima del Gra de Fajol, a 2.708 metros de altura. Nos paramos para admirar el paisaje y celebrar la actividad realizada. Me asombro y maravillo. De nuevo, y con peligro de ser redundante, me fascino ante un nuevo paisaje para mi: no hace viento y no demasiado fr\u00edo, e intento adivinar, a la vez que pregunto a mis compa\u00f1eros que ya se conocen el lugar casi como si hubieran nacido all\u00ed, por las monta\u00f1as y valles que diviso: hac\u00eda le norte el Bastiments, Pic de La Dona, Coma de l\u2019Orri hac\u00eda el sur, Pic de l\u2019Infern al noreste&#8230; hac\u00eda el oeste se adivina casi al final de este macizo de nieve y alturas el Puigmal, con sus anchas, suaves y altas vertientes, el m\u00e1s alto de la regi\u00f3n, y hac\u00eda el este otro macizo individualizado y nevado ya metido en territorio franc\u00e9s: el del Canig\u00f3&#8230; todo en un d\u00eda claro, espl\u00e9ndido, casi echo adrede para darme la bienvenida a este hermoso rinc\u00f3n de los Pirineos.<\/p>\n<div id=\"attachment_25795\" style=\"width: 1034px\" class=\"wp-caption aligncenter\"><a class=\"dt-single-image\" href=\"https:\/\/www.monta\u00f1asdelaluna.es\/wp-content\/uploads\/2015\/12\/Gra-de-Fajol.-14-01-12-046.jpg\" data-dt-img-description=\"\"><img loading=\"lazy\" decoding=\"async\" aria-describedby=\"caption-attachment-25795\" class=\"wp-image-25795 size-large\" src=\"https:\/\/www.monta\u00f1asdelaluna.es\/wp-content\/uploads\/2015\/12\/Gra-de-Fajol.-14-01-12-046-1024x768.jpg\" alt=\"Llegando a la cima del Gra de Fajol\" width=\"1024\" height=\"768\" srcset=\"https:\/\/www.monta\u00f1asdelaluna.es\/wp-content\/uploads\/2015\/12\/Gra-de-Fajol.-14-01-12-046-1024x768.jpg 1024w, https:\/\/www.monta\u00f1asdelaluna.es\/wp-content\/uploads\/2015\/12\/Gra-de-Fajol.-14-01-12-046-300x225.jpg 300w, https:\/\/www.monta\u00f1asdelaluna.es\/wp-content\/uploads\/2015\/12\/Gra-de-Fajol.-14-01-12-046.jpg 1632w\" sizes=\"auto, (max-width: 1024px) 100vw, 1024px\" \/><\/a><p id=\"caption-attachment-25795\" class=\"wp-caption-text\">Llegando a la cima del Gra de Fajol<\/p><\/div>\n<div id=\"attachment_25797\" style=\"width: 1034px\" class=\"wp-caption aligncenter\"><a class=\"dt-single-image\" href=\"https:\/\/www.monta\u00f1asdelaluna.es\/wp-content\/uploads\/2015\/12\/Gra-de-Fajol.-14-01-12-049.jpg\" data-dt-img-description=\"\"><img loading=\"lazy\" decoding=\"async\" aria-describedby=\"caption-attachment-25797\" class=\"wp-image-25797 size-large\" src=\"https:\/\/www.monta\u00f1asdelaluna.es\/wp-content\/uploads\/2015\/12\/Gra-de-Fajol.-14-01-12-049-1024x768.jpg\" alt=\"David y gonzalo en la cima del Gra de Fajol, 2.708 mts.\" width=\"1024\" height=\"768\" srcset=\"https:\/\/www.monta\u00f1asdelaluna.es\/wp-content\/uploads\/2015\/12\/Gra-de-Fajol.-14-01-12-049-1024x768.jpg 1024w, https:\/\/www.monta\u00f1asdelaluna.es\/wp-content\/uploads\/2015\/12\/Gra-de-Fajol.-14-01-12-049-300x225.jpg 300w, https:\/\/www.monta\u00f1asdelaluna.es\/wp-content\/uploads\/2015\/12\/Gra-de-Fajol.-14-01-12-049.jpg 1632w\" sizes=\"auto, (max-width: 1024px) 100vw, 1024px\" \/><\/a><p id=\"caption-attachment-25797\" class=\"wp-caption-text\">David y gonzalo en la cima del Gra de Fajol, 2.708 mts.<\/p><\/div>\n<p>Bajamos por la v\u00eda normal y f\u00e1cil del Gra de Fajol, hac\u00eda el Coll de La Marrana. Lugar de encuentro de esquiadores de fondo, de fuera pistas, alpinos&#8230; bajo las suaves y blancas vertientes del Bastiments. Aqu\u00ed ya bajamos tranquilamente por las solitarias pistas de Vallter 2.000 y por lo que ser\u00eda el G.R.-11 hac\u00eda el Refugio de Ulldeter. De nuevo sin p\u00e9rdida, f\u00e1cil, cogiendo el fondo del valle hac\u00eda el este. Poco a poco, al bajar hac\u00eda el refugio, vamos descubriendo los perfiles del triangular Gra de Fajol Petit, con sus corredores, escarpes y cara norte siempre en sombra que hace las delicias de los escaladores alpinistas con sus 25 corredores o v\u00edas diferentes. Vamos bajando y acerc\u00e1ndonos como si volvi\u00e9ramos a su falda. En Ulldeter nos quitamos los crampones, la nieve hasta entonces durilla, muy buena; el buen tiempo de estos meses ha hecho bajar su espesor y endurecerla. Y siguiendo la helada senda del G.R. sin p\u00e9rdida alguna, acompa\u00f1ado por otros monta\u00f1eros de los muchos que han decidido venir hasta este valle para realizar alguna actividad, bajamos llegando sobre las 3 de la tarde de nuevo al coche&#8230; no sin antes haberme ca\u00eddo dos veces por los temerarios resbalones por culpa del hielo vivo en medio de la senda \u00a1M\u00e1s peligroso que la subida a la monta\u00f1a en s\u00ed!<\/p>\n<div id=\"attachment_25802\" style=\"width: 1034px\" class=\"wp-caption aligncenter\"><a class=\"dt-single-image\" href=\"https:\/\/www.monta\u00f1asdelaluna.es\/wp-content\/uploads\/2015\/12\/Gra-de-Fajol.-14-01-12-059.jpg\" data-dt-img-description=\"\"><img loading=\"lazy\" decoding=\"async\" aria-describedby=\"caption-attachment-25802\" class=\"wp-image-25802 size-large\" src=\"https:\/\/www.monta\u00f1asdelaluna.es\/wp-content\/uploads\/2015\/12\/Gra-de-Fajol.-14-01-12-059-1024x768.jpg\" alt=\"Bajada del Gra de Fajol al Coll de La Marrana. Al fondo el Puigmal\" width=\"1024\" height=\"768\" srcset=\"https:\/\/www.monta\u00f1asdelaluna.es\/wp-content\/uploads\/2015\/12\/Gra-de-Fajol.-14-01-12-059-1024x768.jpg 1024w, https:\/\/www.monta\u00f1asdelaluna.es\/wp-content\/uploads\/2015\/12\/Gra-de-Fajol.-14-01-12-059-300x225.jpg 300w, https:\/\/www.monta\u00f1asdelaluna.es\/wp-content\/uploads\/2015\/12\/Gra-de-Fajol.-14-01-12-059.jpg 1632w\" sizes=\"auto, (max-width: 1024px) 100vw, 1024px\" \/><\/a><p id=\"caption-attachment-25802\" class=\"wp-caption-text\">Bajada del Gra de Fajol al Coll de La Marrana. Al fondo el Puigmal<\/p><\/div>\n<div id=\"attachment_25805\" style=\"width: 1034px\" class=\"wp-caption aligncenter\"><a class=\"dt-single-image\" href=\"https:\/\/www.monta\u00f1asdelaluna.es\/wp-content\/uploads\/2015\/12\/Gra-de-Fajol.-14-01-12-064.jpg\" data-dt-img-description=\"\"><img loading=\"lazy\" decoding=\"async\" aria-describedby=\"caption-attachment-25805\" class=\"wp-image-25805 size-large\" src=\"https:\/\/www.monta\u00f1asdelaluna.es\/wp-content\/uploads\/2015\/12\/Gra-de-Fajol.-14-01-12-064-1024x768.jpg\" alt=\"David y Gonzalo en el Coll de La Marrana\" width=\"1024\" height=\"768\" srcset=\"https:\/\/www.monta\u00f1asdelaluna.es\/wp-content\/uploads\/2015\/12\/Gra-de-Fajol.-14-01-12-064-1024x768.jpg 1024w, https:\/\/www.monta\u00f1asdelaluna.es\/wp-content\/uploads\/2015\/12\/Gra-de-Fajol.-14-01-12-064-300x225.jpg 300w, https:\/\/www.monta\u00f1asdelaluna.es\/wp-content\/uploads\/2015\/12\/Gra-de-Fajol.-14-01-12-064.jpg 1632w\" sizes=\"auto, (max-width: 1024px) 100vw, 1024px\" \/><\/a><p id=\"caption-attachment-25805\" class=\"wp-caption-text\">David y Gonzalo en el Coll de La Marrana<\/p><\/div>\n<div id=\"attachment_25813\" style=\"width: 761px\" class=\"wp-caption aligncenter\"><a class=\"dt-single-image\" href=\"https:\/\/www.monta\u00f1asdelaluna.es\/wp-content\/uploads\/2015\/12\/Gra-de-Fajol.-14-01-12-072Subida.jpg\" data-dt-img-description=\"\"><img loading=\"lazy\" decoding=\"async\" aria-describedby=\"caption-attachment-25813\" class=\"wp-image-25813 size-full\" src=\"https:\/\/www.monta\u00f1asdelaluna.es\/wp-content\/uploads\/2015\/12\/Gra-de-Fajol.-14-01-12-072Subida.jpg\" alt=\"En Negro: intentona por La Canal Estreta. En Rojo: ascensi\u00f3n realizada.\" width=\"751\" height=\"563\" srcset=\"https:\/\/www.monta\u00f1asdelaluna.es\/wp-content\/uploads\/2015\/12\/Gra-de-Fajol.-14-01-12-072Subida.jpg 751w, https:\/\/www.monta\u00f1asdelaluna.es\/wp-content\/uploads\/2015\/12\/Gra-de-Fajol.-14-01-12-072Subida-300x225.jpg 300w\" sizes=\"auto, (max-width: 751px) 100vw, 751px\" \/><\/a><p id=\"caption-attachment-25813\" class=\"wp-caption-text\">En Negro: intentona por La Canal Estreta. En Rojo: ascensi\u00f3n realizada.<\/p><\/div>\n<p>Terminamos la actividad comiendo en Camprodom. El fr\u00edo ha invadido los valles y ha disminuido en las monta\u00f1as&#8230; es la \u201cinversi\u00f3n t\u00e9rmica\u201d: la vez el buen tiempo invade las alturas y la niebla las mesetas. Celebramos la actividad, y prometemos volver a estos rincones para disfrutar de la alta monta\u00f1a pirenaica; por las bellas comarcas de Girona&#8230; un nuevo paisaje, un nuevo terreno que explorar, descubrir, aprender y maravillarse.<\/p>\n<div id=\"attachment_25828\" style=\"width: 664px\" class=\"wp-caption aligncenter\"><a class=\"dt-single-image\" href=\"https:\/\/www.monta\u00f1asdelaluna.es\/wp-content\/uploads\/2012\/01\/Gra-de-Fajol.mapa_.jpg\" data-dt-img-description=\"\"><img loading=\"lazy\" decoding=\"async\" aria-describedby=\"caption-attachment-25828\" class=\"wp-image-25828 size-full\" src=\"https:\/\/www.monta\u00f1asdelaluna.es\/wp-content\/uploads\/2012\/01\/Gra-de-Fajol.mapa_.jpg\" alt=\"Croquis de la ascensi\u00f3n al Gra de Fajol. Punto Rojo: Comienzo de La Canal Estreta.\" width=\"654\" height=\"560\" srcset=\"https:\/\/www.monta\u00f1asdelaluna.es\/wp-content\/uploads\/2012\/01\/Gra-de-Fajol.mapa_.jpg 654w, https:\/\/www.monta\u00f1asdelaluna.es\/wp-content\/uploads\/2012\/01\/Gra-de-Fajol.mapa_-300x257.jpg 300w\" sizes=\"auto, (max-width: 654px) 100vw, 654px\" \/><\/a><p id=\"caption-attachment-25828\" class=\"wp-caption-text\">Croquis de la ascensi\u00f3n al Gra de Fajol. Punto Rojo: Comienzo de La Canal Estreta.<\/p><\/div>\n<p>[\/vc_column_text][\/vc_column][\/vc_row][vc_row][vc_column][vc_empty_space height=\u00bb60px\u00bb][\/vc_column][\/vc_row][vc_row][vc_column][vc_cta h2=\u00bb\u00c1lbum de fotos\u00bb txt_align=\u00bbcenter\u00bb add_button=\u00bbbottom\u00bb btn_title=\u00bbVer fotos\u00bb btn_color=\u00bbwarning\u00bb btn_align=\u00bbcenter\u00bb btn_link=\u00bburl:https%3A%2F%2Fmonta%C3%B1asdelaluna.es%2F%3Fdt_gallery%3Dgra-de-fajol|title:Gra%20de%20Fajol|target:_blank\u00bb css=\u00bb.vc_custom_1625730895707{background-color: #8bc4ed !important;}\u00bb]Puedes ver todas las fotos del relato y actividad en forma de presentaci\u00f3n o individuales pinchando aqui \u00a1No te las pierdas![\/vc_cta][\/vc_column][\/vc_row][vc_row][vc_column][vc_empty_space height=\u00bb60px\u00bb][\/vc_column][\/vc_row][vc_row][vc_column width=\u00bb1\/3&#8243;][\/vc_column][vc_column width=\u00bb1\/2&#8243;][vc_column_text]Tiempo en Gra de Fajol[\/vc_column_text][vc_raw_html]JTNDaWZyYW1lJTIwc3JjJTNEJTIyaHR0cHMlM0ElMkYlMkZ3d3cubWV0ZW9ibHVlLmNvbSUyRmVzJTJGdGllbXBvJTJGd2lkZ2V0JTJGZGFpbHklMkY0Mi40MTVOMi4yNDhFJTNGZGF5cyUzRDclMjZ0ZW1wdW5pdCUzRENFTFNJVVMlMjZ3aW5kdW5pdCUzREtJTE9NRVRFUl9QRVJfSE9VUiUyNnBpY3RvaWNvbiUzRDElMjZtYXh0ZW1wZXJhdHVyZSUzRDElMjZtaW50ZW1wZXJhdHVyZSUzRDElMjZ3aW5kc3BlZWQlM0QxJTI2d2luZGd1c3QlM0QxJTI2d2luZGRpcmVjdGlvbiUzRDElMjZwcmVjaXBpdGF0aW9uJTNEMSUyNnByZWNpcGl0YXRpb25wcm9iYWJpbGl0eSUzRDElMjZzcG90JTNEMSUyNnByZXNzdXJlJTNEMSUyNmxheW91dCUzRGxpZ2h0JTIyJTIwJTIwZnJhbWVib3JkZXIlM0QlMjIwJTIyJTIwc2Nyb2xsaW5nJTNEJTIyTk8lMjIlMjBhbGxvd3RyYW5zcGFyZW5jeSUzRCUyMnRydWUlMjIlMjBzdHlsZSUzRCUyMndpZHRoJTNBJTIwMzc4cHglM0JoZWlnaHQlM0ElMjAzOTFweCUyMiUzRSUzQyUyRmlmcmFtZSUzRSUzQ2RpdiUzRSUzQyUyMS0tJTIwRE8lMjBOT1QlMjBSRU1PVkUlMjBUSElTJTIwTElOSyUyMC0tJTNFJTNDYSUyMGhyZWYlM0QlMjJodHRwcyUzQSUyRiUyRnd3dy5tZXRlb2JsdWUuY29tJTJGZXMlMkZ0aWVtcG8lMkZwcm9ub3N0aWNvJTJGc2VtYW5hJTJGNDIuNDE1TjIuMjQ4RSUyMiUyMHRhcmdldCUzRCUyMl9ibGFuayUyMiUzRW1ldGVvYmx1ZSUzQyUyRmElM0UlM0MlMkZkaXYlM0U=[\/vc_raw_html][\/vc_column][vc_column width=\u00bb1\/5&#8243;][\/vc_column][\/vc_row]<\/p>\n","protected":false},"excerpt":{"rendered":"<p>[vc_row][vc_column][vc_column_text]Ya ten\u00eda ganas de visitar de nuevo el Pirineo. Y sobre todo el desconocido, para mi, Pirineo de Girona. Aprovechando la invitaci\u00f3n de unos amigos monta\u00f1eros de Barcelona y Tiana, David y Gonzalo, me apunto a lo que parece ser una interesante actividad: subir un corredor de nieve en el Gra de Fajol. En un&hellip;<\/p>\n","protected":false},"author":1,"featured_media":25768,"comment_status":"open","ping_status":"open","sticky":false,"template":"","format":"standard","meta":[],"categories":[129],"tags":[],"class_list":["post-25825","post","type-post","status-publish","format-standard","has-post-thumbnail","hentry","category-pirineo-oriental","category-129","description-off"],"_links":{"self":[{"href":"https:\/\/www.monta\u00f1asdelaluna.es\/index.php?rest_route=\/wp\/v2\/posts\/25825","targetHints":{"allow":["GET"]}}],"collection":[{"href":"https:\/\/www.monta\u00f1asdelaluna.es\/index.php?rest_route=\/wp\/v2\/posts"}],"about":[{"href":"https:\/\/www.monta\u00f1asdelaluna.es\/index.php?rest_route=\/wp\/v2\/types\/post"}],"author":[{"embeddable":true,"href":"https:\/\/www.monta\u00f1asdelaluna.es\/index.php?rest_route=\/wp\/v2\/users\/1"}],"replies":[{"embeddable":true,"href":"https:\/\/www.monta\u00f1asdelaluna.es\/index.php?rest_route=%2Fwp%2Fv2%2Fcomments&post=25825"}],"version-history":[{"count":8,"href":"https:\/\/www.monta\u00f1asdelaluna.es\/index.php?rest_route=\/wp\/v2\/posts\/25825\/revisions"}],"predecessor-version":[{"id":50048,"href":"https:\/\/www.monta\u00f1asdelaluna.es\/index.php?rest_route=\/wp\/v2\/posts\/25825\/revisions\/50048"}],"wp:featuredmedia":[{"embeddable":true,"href":"https:\/\/www.monta\u00f1asdelaluna.es\/index.php?rest_route=\/wp\/v2\/media\/25768"}],"wp:attachment":[{"href":"https:\/\/www.monta\u00f1asdelaluna.es\/index.php?rest_route=%2Fwp%2Fv2%2Fmedia&parent=25825"}],"wp:term":[{"taxonomy":"category","embeddable":true,"href":"https:\/\/www.monta\u00f1asdelaluna.es\/index.php?rest_route=%2Fwp%2Fv2%2Fcategories&post=25825"},{"taxonomy":"post_tag","embeddable":true,"href":"https:\/\/www.monta\u00f1asdelaluna.es\/index.php?rest_route=%2Fwp%2Fv2%2Ftags&post=25825"}],"curies":[{"name":"wp","href":"https:\/\/api.w.org\/{rel}","templated":true}]}}