{"id":26052,"date":"2011-05-01T15:31:29","date_gmt":"2011-05-01T15:31:29","guid":{"rendered":"http:\/\/monta\u00f1asdelaluna.com\/?p=26052"},"modified":"2021-08-05T16:02:33","modified_gmt":"2021-08-05T16:02:33","slug":"subida-al-turo-den-galceran-desde-tiana","status":"publish","type":"post","link":"https:\/\/www.monta\u00f1asdelaluna.es\/?p=26052","title":{"rendered":"Subida al Tur\u00f3 d&#8217;en Galceran desde Tiana"},"content":{"rendered":"<p>[vc_row][vc_column][vc_column_text]Al d\u00eda siguiente de ir a La Mola, qued\u00e9 con David Roig para hacer alguna salida por las inmediaciones de su pueblo, de una sola ma\u00f1ana.<\/p>\n<p>Como a mi me hab\u00eda quedado por subir el Tur\u00f3 d\u2019en Galcer\u00e1n despu\u00e9s de la \u00faltima vez que estuve en la Serralada de Marina con Anna. Decidimos hacer una corta pero r\u00e1pida y esforzada ruta a dicho pico desde casi la puerta de la casa de David.<\/p>\n<div id=\"attachment_26019\" style=\"width: 1034px\" class=\"wp-caption aligncenter\"><a class=\"dt-single-image\" href=\"https:\/\/www.monta\u00f1asdelaluna.es\/wp-content\/uploads\/2016\/01\/Tur\u00f3-den-Galcer\u00e1n-desde-Tiana.-1-5-2.011-010.jpg\" data-dt-img-description=\"\"><img loading=\"lazy\" decoding=\"async\" aria-describedby=\"caption-attachment-26019\" class=\"wp-image-26019 size-large\" src=\"https:\/\/www.monta\u00f1asdelaluna.es\/wp-content\/uploads\/2016\/01\/Tur\u00f3-den-Galcer\u00e1n-desde-Tiana.-1-5-2.011-010-1024x768.jpg\" alt=\"Rac\u00f3 de Pedres i Rajoles d'en Pere Salarich\" width=\"1024\" height=\"768\" srcset=\"https:\/\/www.monta\u00f1asdelaluna.es\/wp-content\/uploads\/2016\/01\/Tur\u00f3-den-Galcer\u00e1n-desde-Tiana.-1-5-2.011-010-1024x768.jpg 1024w, https:\/\/www.monta\u00f1asdelaluna.es\/wp-content\/uploads\/2016\/01\/Tur\u00f3-den-Galcer\u00e1n-desde-Tiana.-1-5-2.011-010-300x225.jpg 300w, https:\/\/www.monta\u00f1asdelaluna.es\/wp-content\/uploads\/2016\/01\/Tur\u00f3-den-Galcer\u00e1n-desde-Tiana.-1-5-2.011-010.jpg 1632w\" sizes=\"auto, (max-width: 1024px) 100vw, 1024px\" \/><\/a><p id=\"caption-attachment-26019\" class=\"wp-caption-text\">Rac\u00f3 de Pedres i Rajoles d&#8217;en Pere Salarich<\/p><\/div>\n<div id=\"attachment_26023\" style=\"width: 1034px\" class=\"wp-caption aligncenter\"><a class=\"dt-single-image\" href=\"https:\/\/www.monta\u00f1asdelaluna.es\/wp-content\/uploads\/2016\/01\/Tur\u00f3-den-Galcer\u00e1n-desde-Tiana.-1-5-2.011-020.jpg\" data-dt-img-description=\"\"><img loading=\"lazy\" decoding=\"async\" aria-describedby=\"caption-attachment-26023\" class=\"wp-image-26023 size-large\" src=\"https:\/\/www.monta\u00f1asdelaluna.es\/wp-content\/uploads\/2016\/01\/Tur\u00f3-den-Galcer\u00e1n-desde-Tiana.-1-5-2.011-020-1024x768.jpg\" alt=\"Torre de la Ermita de la Mare de Deu de l'Alegr\u00eda\" width=\"1024\" height=\"768\" srcset=\"https:\/\/www.monta\u00f1asdelaluna.es\/wp-content\/uploads\/2016\/01\/Tur\u00f3-den-Galcer\u00e1n-desde-Tiana.-1-5-2.011-020-1024x768.jpg 1024w, https:\/\/www.monta\u00f1asdelaluna.es\/wp-content\/uploads\/2016\/01\/Tur\u00f3-den-Galcer\u00e1n-desde-Tiana.-1-5-2.011-020-300x225.jpg 300w, https:\/\/www.monta\u00f1asdelaluna.es\/wp-content\/uploads\/2016\/01\/Tur\u00f3-den-Galcer\u00e1n-desde-Tiana.-1-5-2.011-020.jpg 1632w\" sizes=\"auto, (max-width: 1024px) 100vw, 1024px\" \/><\/a><p id=\"caption-attachment-26023\" class=\"wp-caption-text\">Torre de la Ermita de la Mare de Deu de l&#8217;Alegr\u00eda<\/p><\/div>\n<p>Despu\u00e9s de acercarme en tren a Montgat, y de recogerme David en su coche, r\u00e1pidamente aparcamos y comenzamos a andar recorri\u00e9ndonos las calles de Tiana. Lo primero con lo que nos cruzamos es con una especie de parque con una cruz y enfrente, al otro lado del Passeig de La Vilesa, una simp\u00e1tica fuente, antigua o descuidada, que como su propio nombre indica (Font del Ronxo) es de agua buena para el ri\u00f1\u00f3n. Aunque lo m\u00e1s curioso es el azulejo de debajo, con una especie de \u201cproverbio catal\u00e1n\u201d y el dibujo de un hombre bebiendo \u00bfvino?<\/p>\n<p>Entre el carrer de Matas y el del Marques de Monistrol, llegamos a la plaza donde se encuentra el Ayuntamiento de la localidad. Siguiendo por una calle, enfrente de \u00e9ste, a la derecha, pasamos por el Rac\u00f3 de Pedres i Rajoles d\u2019en Pere Salarich. Es la calle Lola Anglada, y los mosaicos, en las paredes situadas como en un hueco de la calle junto a otra fuente, son de inspiraci\u00f3n gaudiana. Construidas en los a\u00f1os en que, gracias a Gaud\u00ed, los mosaicos de azulejos de colores a trozos o rotos, hac\u00edan las delicias de la imaginaci\u00f3n de la gente. Curioso rinc\u00f3n.<\/p>\n<div id=\"attachment_26024\" style=\"width: 1034px\" class=\"wp-caption aligncenter\"><a class=\"dt-single-image\" href=\"https:\/\/www.monta\u00f1asdelaluna.es\/wp-content\/uploads\/2016\/01\/Tur\u00f3-den-Galcer\u00e1n-desde-Tiana.-1-5-2.011-021.jpg\" data-dt-img-description=\"\"><img loading=\"lazy\" decoding=\"async\" aria-describedby=\"caption-attachment-26024\" class=\"wp-image-26024 size-large\" src=\"https:\/\/www.monta\u00f1asdelaluna.es\/wp-content\/uploads\/2016\/01\/Tur\u00f3-den-Galcer\u00e1n-desde-Tiana.-1-5-2.011-021-1024x768.jpg\" alt=\"Comenzamos la subida al Tur\u00f3 d'en Galcer\u00e1n\" width=\"1024\" height=\"768\" srcset=\"https:\/\/www.monta\u00f1asdelaluna.es\/wp-content\/uploads\/2016\/01\/Tur\u00f3-den-Galcer\u00e1n-desde-Tiana.-1-5-2.011-021-1024x768.jpg 1024w, https:\/\/www.monta\u00f1asdelaluna.es\/wp-content\/uploads\/2016\/01\/Tur\u00f3-den-Galcer\u00e1n-desde-Tiana.-1-5-2.011-021-300x225.jpg 300w, https:\/\/www.monta\u00f1asdelaluna.es\/wp-content\/uploads\/2016\/01\/Tur\u00f3-den-Galcer\u00e1n-desde-Tiana.-1-5-2.011-021.jpg 1632w\" sizes=\"auto, (max-width: 1024px) 100vw, 1024px\" \/><\/a><p id=\"caption-attachment-26024\" class=\"wp-caption-text\">Comenzamos la subida al Tur\u00f3 d&#8217;en Galcer\u00e1n<\/p><\/div>\n<div id=\"attachment_26029\" style=\"width: 1034px\" class=\"wp-caption aligncenter\"><a class=\"dt-single-image\" href=\"https:\/\/www.monta\u00f1asdelaluna.es\/wp-content\/uploads\/2016\/01\/Tur\u00f3-den-Galcer\u00e1n-desde-Tiana.-1-5-2.011-034.jpg\" data-dt-img-description=\"\"><img loading=\"lazy\" decoding=\"async\" aria-describedby=\"caption-attachment-26029\" class=\"wp-image-26029 size-large\" src=\"https:\/\/www.monta\u00f1asdelaluna.es\/wp-content\/uploads\/2016\/01\/Tur\u00f3-den-Galcer\u00e1n-desde-Tiana.-1-5-2.011-034-1024x768.jpg\" alt=\"Al fondo la torre de vigilancia de incendios de la cima del Tur\u00f3 d'en Galcer\u00e1n\" width=\"1024\" height=\"768\" srcset=\"https:\/\/www.monta\u00f1asdelaluna.es\/wp-content\/uploads\/2016\/01\/Tur\u00f3-den-Galcer\u00e1n-desde-Tiana.-1-5-2.011-034-1024x768.jpg 1024w, https:\/\/www.monta\u00f1asdelaluna.es\/wp-content\/uploads\/2016\/01\/Tur\u00f3-den-Galcer\u00e1n-desde-Tiana.-1-5-2.011-034-300x225.jpg 300w, https:\/\/www.monta\u00f1asdelaluna.es\/wp-content\/uploads\/2016\/01\/Tur\u00f3-den-Galcer\u00e1n-desde-Tiana.-1-5-2.011-034.jpg 1632w\" sizes=\"auto, (max-width: 1024px) 100vw, 1024px\" \/><\/a><p id=\"caption-attachment-26029\" class=\"wp-caption-text\">Al fondo la torre de vigilancia de incendios de la cima del Tur\u00f3 d&#8217;en Galcer\u00e1n<\/p><\/div>\n<p>M\u00e1s arriba, por el final de la calle Mare de Deu del Carme y de La Riera d\u2019en Font, nos encontramos con un no muy antiguo lavadero y su ca\u00f1o de agua rodeado por estos adornos gaudianos. Ya estamos saliendo de Tiana con el objetivo de pasar junto a la Ermita de La Mare de Deu de la Alegr\u00eda. Es un edificio que a primera vista parece tosco y sin adornos ni gloria por fuera. Pero que desde la lejan\u00eda su torre aparece como una expectante vig\u00eda de estos dominios. Aqu\u00ed recogemos agua de su fuente y ya nos disponemos a internarnos en la monta\u00f1a, en los caminos empinados y saturados de numerosas mountain bikes con las que nos encontraremos.<\/p>\n<p>Junto al viejo cementerio, con un nombre en lat\u00edn, pasa un camino por su derecha. Nosotros nos internaremos a la derecha de este camino, por entre medio de algunos pinos, hasta derivar en otro viejo, desgastado y tortuoso camino de herradura. Tambi\u00e9n a la izquierda de otro camino que pasa por una mas\u00eda cercana. Ahora, sin saberlo yo, segu\u00edamos un itinerario descrito en la web del Parque de la Serralada de Marina. Pero durar\u00eda poco ya que dicho itinerario (El Roncar) cambia de direcci\u00f3n hac\u00eda la derecha, Noreste, y nosotros seguiremos el empinado camino hac\u00eda el Norte; como si busc\u00e1ramos la directa al Tur\u00f3 d\u2019en Galcer\u00e1n. No hay p\u00e9rdida&#8230; es el camino m\u00e1s empinado y directo hac\u00eda esa, ahora peque\u00f1a, torre de vigilancia de incendios incrustada, justamente, en lo m\u00e1s alto de la monta\u00f1a escogida. Pasamos tambi\u00e9n, por laderas devastadas por incendios, descubriendo en algunos lados del camino, esas reconocidas plantas, tan abundantes en algunas monta\u00f1as alicantinas: la aliaga; tan extra\u00f1a en estas latitudes y climas.<\/p>\n<div id=\"attachment_26032\" style=\"width: 1034px\" class=\"wp-caption aligncenter\"><a class=\"dt-single-image\" href=\"https:\/\/www.monta\u00f1asdelaluna.es\/wp-content\/uploads\/2016\/01\/Tur\u00f3-den-Galcer\u00e1n-desde-Tiana.-1-5-2.011-041.jpg\" data-dt-img-description=\"\"><img loading=\"lazy\" decoding=\"async\" aria-describedby=\"caption-attachment-26032\" class=\"wp-image-26032 size-large\" src=\"https:\/\/www.monta\u00f1asdelaluna.es\/wp-content\/uploads\/2016\/01\/Tur\u00f3-den-Galcer\u00e1n-desde-Tiana.-1-5-2.011-041-1024x768.jpg\" alt=\"Senda al Tur\u00f3 d'en Galcer\u00e1n\" width=\"1024\" height=\"768\" srcset=\"https:\/\/www.monta\u00f1asdelaluna.es\/wp-content\/uploads\/2016\/01\/Tur\u00f3-den-Galcer\u00e1n-desde-Tiana.-1-5-2.011-041-1024x768.jpg 1024w, https:\/\/www.monta\u00f1asdelaluna.es\/wp-content\/uploads\/2016\/01\/Tur\u00f3-den-Galcer\u00e1n-desde-Tiana.-1-5-2.011-041-300x225.jpg 300w, https:\/\/www.monta\u00f1asdelaluna.es\/wp-content\/uploads\/2016\/01\/Tur\u00f3-den-Galcer\u00e1n-desde-Tiana.-1-5-2.011-041.jpg 1632w\" sizes=\"auto, (max-width: 1024px) 100vw, 1024px\" \/><\/a><p id=\"caption-attachment-26032\" class=\"wp-caption-text\">Senda al Tur\u00f3 d&#8217;en Galcer\u00e1n<\/p><\/div>\n<p>Llegamos a una especie de collado bajo nuestro pico. Unos grandes pinos, testigos mudos y sobresalientes de la supervivencia frente al fuego, nos dan una simp\u00e1tica y hermosa bienvenida. Y como no, decenas de ciclistas se siguen agolpando por lo caminos y sendas que transitamos. Un cruce de pistas en pleno collado; nosotros cogemos una especie de senda en la ladera de enfrente; que en zigzag, por un extra\u00f1o vi\u00f1edo, llega hasta la cima del Tur\u00f3 d\u2019en Galcer\u00e1n&#8230; \u00a1Hasta en esta maltrecha senda nos atropellaban los ciclistas!<\/p>\n<div id=\"attachment_26033\" style=\"width: 1034px\" class=\"wp-caption aligncenter\"><a class=\"dt-single-image\" href=\"https:\/\/www.monta\u00f1asdelaluna.es\/wp-content\/uploads\/2016\/01\/Tur\u00f3-den-Galcer\u00e1n-desde-Tiana.-1-5-2.011-043.jpg\" data-dt-img-description=\"\"><img loading=\"lazy\" decoding=\"async\" aria-describedby=\"caption-attachment-26033\" class=\"wp-image-26033 size-large\" src=\"https:\/\/www.monta\u00f1asdelaluna.es\/wp-content\/uploads\/2016\/01\/Tur\u00f3-den-Galcer\u00e1n-desde-Tiana.-1-5-2.011-043-1024x768.jpg\" alt=\"David llegando a la cima del Tur\u00f3 d'en Galcer\u00e1n\" width=\"1024\" height=\"768\" srcset=\"https:\/\/www.monta\u00f1asdelaluna.es\/wp-content\/uploads\/2016\/01\/Tur\u00f3-den-Galcer\u00e1n-desde-Tiana.-1-5-2.011-043-1024x768.jpg 1024w, https:\/\/www.monta\u00f1asdelaluna.es\/wp-content\/uploads\/2016\/01\/Tur\u00f3-den-Galcer\u00e1n-desde-Tiana.-1-5-2.011-043-300x225.jpg 300w, https:\/\/www.monta\u00f1asdelaluna.es\/wp-content\/uploads\/2016\/01\/Tur\u00f3-den-Galcer\u00e1n-desde-Tiana.-1-5-2.011-043.jpg 1632w\" sizes=\"auto, (max-width: 1024px) 100vw, 1024px\" \/><\/a><p id=\"caption-attachment-26033\" class=\"wp-caption-text\">David llegando a la cima del Tur\u00f3 d&#8217;en Galcer\u00e1n<\/p><\/div>\n<div id=\"attachment_26034\" style=\"width: 1034px\" class=\"wp-caption aligncenter\"><a class=\"dt-single-image\" href=\"https:\/\/www.monta\u00f1asdelaluna.es\/wp-content\/uploads\/2016\/01\/Tur\u00f3-den-Galcer\u00e1n-desde-Tiana.-1-5-2.011-046.jpg\" data-dt-img-description=\"\"><img loading=\"lazy\" decoding=\"async\" aria-describedby=\"caption-attachment-26034\" class=\"wp-image-26034 size-large\" src=\"https:\/\/www.monta\u00f1asdelaluna.es\/wp-content\/uploads\/2016\/01\/Tur\u00f3-den-Galcer\u00e1n-desde-Tiana.-1-5-2.011-046-1024x768.jpg\" alt=\"David y Joaqu\u00edn en la cima del Tur\u00f3 d'en Galcer\u00e1n, 485 mts.\" width=\"1024\" height=\"768\" srcset=\"https:\/\/www.monta\u00f1asdelaluna.es\/wp-content\/uploads\/2016\/01\/Tur\u00f3-den-Galcer\u00e1n-desde-Tiana.-1-5-2.011-046-1024x768.jpg 1024w, https:\/\/www.monta\u00f1asdelaluna.es\/wp-content\/uploads\/2016\/01\/Tur\u00f3-den-Galcer\u00e1n-desde-Tiana.-1-5-2.011-046-300x225.jpg 300w, https:\/\/www.monta\u00f1asdelaluna.es\/wp-content\/uploads\/2016\/01\/Tur\u00f3-den-Galcer\u00e1n-desde-Tiana.-1-5-2.011-046.jpg 1632w\" sizes=\"auto, (max-width: 1024px) 100vw, 1024px\" \/><\/a><p id=\"caption-attachment-26034\" class=\"wp-caption-text\">David y Joaqu\u00edn en la cima del Tur\u00f3 d&#8217;en Galcer\u00e1n, 485 mts.<\/p><\/div>\n<p>Y por fin llegamos a la base de la torre de vigilancia de incendios, el Tur\u00f3 d\u2019en Galcer\u00e1n, a 485 mts. de altura. Comienzo a reconocer ciertas monta\u00f1as por las que pas\u00e9 haciendo aquella extra\u00f1a circular por la Serralada de Marina: otra torre de vigilancia de incendios rodeada de enormes postes de alta tensi\u00f3n, es La Coscollada, le sigue el P\u00ed Candeler a un lado y la Muntanya de l\u2019Amig\u00f2 al otro. Las vistas hac\u00eda la costa no son buenas, hay mucha neblina, oscura y gris. Hac\u00eda el otro lado y en direcci\u00f3n Este, David me ense\u00f1a la monta\u00f1a coronada por el pico Sant Mat\u00e9u, algo m\u00e1s alta que \u00e9sta. Me despert\u00f3 el sentido de la aventura, de descubrir y conquistar esa, para mi, nueva monta\u00f1a. Nos contamos las pericias por las monta\u00f1as, almorzamos y decidimos bajar desandando parte del camino.<\/p>\n<p>Me parece imposible que este vi\u00f1edo, por el que transcurre la zigzagueante senda, est\u00e9 en uso; pero parece ser que, coment\u00e1ndolo con David, si est\u00e1 en producci\u00f3n. Delante, al otro lado de los vi\u00f1edos, un monte especialmente boscoso mirando hac\u00eda Alella y sus urbanizaciones; debi\u00f3 de haberse salvado de esos pavorosos incendios que asolaron el lugar hace a\u00f1os. David me dice que bajaremos por lo m\u00e1s alto de este monte, que llaman Els Ginestells, y seguiremos la vieja ruta que hace a\u00f1os no se recorre llamada de Les Nou Pins, hasta bajar de nuevo a Tiana. Seg\u00fan seguimos la marcha, dejamos el simp\u00e1tico collado, cruce de caminos, con sus elegantes y altivos pinos, y comenzamos la subida al frondoso, con exuberante matorral, monte de Els Ginestells. David me cuenta que en este cordal de la serran\u00eda la llamaban de los nueve pinos por que hab\u00eda nueve grandes pinos en l\u00ednea por toda la ladera reconocibles desde la lejan\u00eda. Pero los incendios acabaron con ellos, y ahora sus enormes y reconocidos troncos se reparten, inertes, tumbados, muertos y calcinados, por las laderas de dicho cordal \u00a1Una pena!<\/p>\n<div id=\"attachment_26035\" style=\"width: 1034px\" class=\"wp-caption aligncenter\"><a class=\"dt-single-image\" href=\"https:\/\/www.monta\u00f1asdelaluna.es\/wp-content\/uploads\/2016\/01\/Tur\u00f3-den-Galcer\u00e1n-desde-Tiana.-1-5-2.011-048.jpg\" data-dt-img-description=\"\"><img loading=\"lazy\" decoding=\"async\" aria-describedby=\"caption-attachment-26035\" class=\"wp-image-26035 size-large\" src=\"https:\/\/www.monta\u00f1asdelaluna.es\/wp-content\/uploads\/2016\/01\/Tur\u00f3-den-Galcer\u00e1n-desde-Tiana.-1-5-2.011-048-1024x768.jpg\" alt=\"Bajando del Tur\u00f3 d'en Galcer\u00e1n\" width=\"1024\" height=\"768\" srcset=\"https:\/\/www.monta\u00f1asdelaluna.es\/wp-content\/uploads\/2016\/01\/Tur\u00f3-den-Galcer\u00e1n-desde-Tiana.-1-5-2.011-048-1024x768.jpg 1024w, https:\/\/www.monta\u00f1asdelaluna.es\/wp-content\/uploads\/2016\/01\/Tur\u00f3-den-Galcer\u00e1n-desde-Tiana.-1-5-2.011-048-300x225.jpg 300w, https:\/\/www.monta\u00f1asdelaluna.es\/wp-content\/uploads\/2016\/01\/Tur\u00f3-den-Galcer\u00e1n-desde-Tiana.-1-5-2.011-048.jpg 1632w\" sizes=\"auto, (max-width: 1024px) 100vw, 1024px\" \/><\/a><p id=\"caption-attachment-26035\" class=\"wp-caption-text\">Bajando del Tur\u00f3 d&#8217;en Galcer\u00e1n<\/p><\/div>\n<p>Atr\u00e1s queda el Tur\u00f3 d\u2019en Galcer\u00e1n que comienza a invadirle la baja niebla que traen los h\u00famedos vientos mar\u00edtimos. Pronto desaparece a nuestra vista. Seguimos bajando por lo m\u00e1s alto de este cordal sin dejar que la niebla nos alcance, y bajo ella comenzamos a vislumbrar con una visi\u00f3n m\u00e1s clara Tiana y las poblaciones de la costa pr\u00f3xima: Montgat, Badalona, El Masnou&#8230; Las urbanizaciones se nos acercan por la izquierda mientras bajamos, y pronto aparecemos en un verde prado con reconocibles s\u00edntomas paisaj\u00edsticos de haber sido tocado por incendios, y a la vez con manchas o partes con bosques intactos. Al fin y al cabo un lugar bonito. Son las cercan\u00edas del Tur\u00f3 del Bess\u00f3 seguido de El Rocar. Volvemos a toparnos por el recorrido del parque natural denominado, como al monte mismo, El Rocar, y lo seguimos.<\/p>\n<div id=\"attachment_26041\" style=\"width: 1034px\" class=\"wp-caption aligncenter\"><a class=\"dt-single-image\" href=\"https:\/\/www.monta\u00f1asdelaluna.es\/wp-content\/uploads\/2016\/01\/Tur\u00f3-den-Galcer\u00e1n-desde-Tiana.-1-5-2.011-073.jpg\" data-dt-img-description=\"\"><img loading=\"lazy\" decoding=\"async\" aria-describedby=\"caption-attachment-26041\" class=\"wp-image-26041 size-large\" src=\"https:\/\/www.monta\u00f1asdelaluna.es\/wp-content\/uploads\/2016\/01\/Tur\u00f3-den-Galcer\u00e1n-desde-Tiana.-1-5-2.011-073-1024x768.jpg\" alt=\"Camino de Tiana\" width=\"1024\" height=\"768\" srcset=\"https:\/\/www.monta\u00f1asdelaluna.es\/wp-content\/uploads\/2016\/01\/Tur\u00f3-den-Galcer\u00e1n-desde-Tiana.-1-5-2.011-073-1024x768.jpg 1024w, https:\/\/www.monta\u00f1asdelaluna.es\/wp-content\/uploads\/2016\/01\/Tur\u00f3-den-Galcer\u00e1n-desde-Tiana.-1-5-2.011-073-300x225.jpg 300w, https:\/\/www.monta\u00f1asdelaluna.es\/wp-content\/uploads\/2016\/01\/Tur\u00f3-den-Galcer\u00e1n-desde-Tiana.-1-5-2.011-073.jpg 1632w\" sizes=\"auto, (max-width: 1024px) 100vw, 1024px\" \/><\/a><p id=\"caption-attachment-26041\" class=\"wp-caption-text\">Camino de Tiana<\/p><\/div>\n<div id=\"attachment_26043\" style=\"width: 1034px\" class=\"wp-caption aligncenter\"><a class=\"dt-single-image\" href=\"https:\/\/www.monta\u00f1asdelaluna.es\/wp-content\/uploads\/2016\/01\/Tur\u00f3-den-Galcer\u00e1n-desde-Tiana.-1-5-2.011-078.jpg\" data-dt-img-description=\"\"><img loading=\"lazy\" decoding=\"async\" aria-describedby=\"caption-attachment-26043\" class=\"wp-image-26043 size-large\" src=\"https:\/\/www.monta\u00f1asdelaluna.es\/wp-content\/uploads\/2016\/01\/Tur\u00f3-den-Galcer\u00e1n-desde-Tiana.-1-5-2.011-078-1024x768.jpg\" alt=\"Delante David bajando de El Rocar a Tiana\" width=\"1024\" height=\"768\" srcset=\"https:\/\/www.monta\u00f1asdelaluna.es\/wp-content\/uploads\/2016\/01\/Tur\u00f3-den-Galcer\u00e1n-desde-Tiana.-1-5-2.011-078-1024x768.jpg 1024w, https:\/\/www.monta\u00f1asdelaluna.es\/wp-content\/uploads\/2016\/01\/Tur\u00f3-den-Galcer\u00e1n-desde-Tiana.-1-5-2.011-078-300x225.jpg 300w, https:\/\/www.monta\u00f1asdelaluna.es\/wp-content\/uploads\/2016\/01\/Tur\u00f3-den-Galcer\u00e1n-desde-Tiana.-1-5-2.011-078.jpg 1632w\" sizes=\"auto, (max-width: 1024px) 100vw, 1024px\" \/><\/a><p id=\"caption-attachment-26043\" class=\"wp-caption-text\">Delante David bajando de El Rocar a Tiana<\/p><\/div>\n<p>Ante nosotros aparece ya m\u00e1s cercano Tiana, y ya, casi en la misma parte m\u00e1s alta de El Rocar, optamos por dejar el recorrido y seguir hac\u00eda la derecha en direcci\u00f3n Oeste, Suroeste a las cercan\u00edas del pueblo. Un amigo corredor perdido se ha unido a nosotros buscando el camino que le devuelva a su lugar de partida; y nos acompa\u00f1ar\u00e1 hasta el mismo Tiana. Ahora por un saludable bosque con desconcertantes rocas gran\u00edticas, bajamos hasta toparnos con una valla. Seguimos a la derecha y bajando llegamos a un camino junto al bosque, a la izquierda de unos postes de la luz. El camino es muy bonito; \u00e1rboles verdes y llamativos nos cautivan. Y ya llegamos a la civilizaci\u00f3n pisando la estrecha carretera que viene de Montsol\u00eds, pegada a Tiana y cruzando el Torrent dels Grills.<\/p>\n<div id=\"attachment_26046\" style=\"width: 831px\" class=\"wp-caption aligncenter\"><a class=\"dt-single-image\" href=\"https:\/\/www.monta\u00f1asdelaluna.es\/wp-content\/uploads\/2016\/01\/Tur\u00f3-den-Galcer\u00e1n-desde-Tiana.-1-5-2.011-083.jpg\" data-dt-img-description=\"\"><img loading=\"lazy\" decoding=\"async\" aria-describedby=\"caption-attachment-26046\" class=\"wp-image-26046 \" src=\"https:\/\/www.monta\u00f1asdelaluna.es\/wp-content\/uploads\/2016\/01\/Tur\u00f3-den-Galcer\u00e1n-desde-Tiana.-1-5-2.011-083.jpg\" alt=\"Llegando a Tiana\" width=\"821\" height=\"1095\" srcset=\"https:\/\/www.monta\u00f1asdelaluna.es\/wp-content\/uploads\/2016\/01\/Tur\u00f3-den-Galcer\u00e1n-desde-Tiana.-1-5-2.011-083.jpg 1224w, https:\/\/www.monta\u00f1asdelaluna.es\/wp-content\/uploads\/2016\/01\/Tur\u00f3-den-Galcer\u00e1n-desde-Tiana.-1-5-2.011-083-225x300.jpg 225w, https:\/\/www.monta\u00f1asdelaluna.es\/wp-content\/uploads\/2016\/01\/Tur\u00f3-den-Galcer\u00e1n-desde-Tiana.-1-5-2.011-083-768x1024.jpg 768w\" sizes=\"auto, (max-width: 821px) 100vw, 821px\" \/><\/a><p id=\"caption-attachment-26046\" class=\"wp-caption-text\">Llegando a Tiana<\/p><\/div>\n<p>Por el carrer de Sant Gaiet\u00e0 seguimos dentro de Tiana hasta el punto de partida: la Font del Ronxo. Despu\u00e9s una cervecita en Montgat en una soleada terraza junto a la estaci\u00f3n de tren celebrando el d\u00eda de monta\u00f1a compartido con David y con esta bella tierra catalana, e imaginando nuevas y grandes rutas por estas monta\u00f1as ins\u00f3litas.<\/p>\n<div id=\"attachment_26053\" style=\"width: 762px\" class=\"wp-caption aligncenter\"><a class=\"dt-single-image\" href=\"https:\/\/www.monta\u00f1asdelaluna.es\/wp-content\/uploads\/2016\/01\/Tiana-Tur\u00f3-den-Galceran.blog_.jpg\" data-dt-img-description=\"\"><img loading=\"lazy\" decoding=\"async\" aria-describedby=\"caption-attachment-26053\" class=\"wp-image-26053 size-full\" src=\"https:\/\/www.monta\u00f1asdelaluna.es\/wp-content\/uploads\/2016\/01\/Tiana-Tur\u00f3-den-Galceran.blog_.jpg\" alt=\"Croquis de la ascensi\u00f3n al Tur\u00f3 d'en Galceran desde Tiana\" width=\"752\" height=\"742\" srcset=\"https:\/\/www.monta\u00f1asdelaluna.es\/wp-content\/uploads\/2016\/01\/Tiana-Tur\u00f3-den-Galceran.blog_.jpg 752w, https:\/\/www.monta\u00f1asdelaluna.es\/wp-content\/uploads\/2016\/01\/Tiana-Tur\u00f3-den-Galceran.blog_-300x296.jpg 300w\" sizes=\"auto, (max-width: 752px) 100vw, 752px\" \/><\/a><p id=\"caption-attachment-26053\" class=\"wp-caption-text\">Croquis de la ascensi\u00f3n al Tur\u00f3 d&#8217;en Galceran desde Tiana<\/p><\/div>\n<p>[vc_separator][\/vc_column_text][\/vc_column][\/vc_row][vc_row][vc_column][vc_empty_space height=\u00bb60px\u00bb][\/vc_column][\/vc_row][vc_row][vc_column][vc_cta h2=\u00bb\u00c1lbum de fotos\u00bb txt_align=\u00bbcenter\u00bb add_button=\u00bbbottom\u00bb btn_title=\u00bbVer fotos\u00bb btn_color=\u00bbwarning\u00bb btn_align=\u00bbcenter\u00bb btn_link=\u00bburl:https%3A%2F%2Fmonta%C3%B1asdelaluna.es%2F%3Fdt_gallery%3Dsubida-al-turo-den-galceran-desde-tiana|title:Subida%20al%20Tur%C3%B3%20d%E2%80%99en%20Galceran%20desde%20Tiana|target:_blank\u00bb css=\u00bb.vc_custom_1625848375294{background-color: #8bc4ed !important;}\u00bb]Puedes ver todas las fotos del relato y actividad en forma de presentaci\u00f3n o individuales pinchando aqui \u00a1No te las pierdas![\/vc_cta][\/vc_column][\/vc_row][vc_row][vc_column][vc_empty_space height=\u00bb60px\u00bb][\/vc_column][\/vc_row][vc_row][vc_column width=\u00bb1\/3&#8243;][\/vc_column][vc_column width=\u00bb1\/2&#8243;][vc_raw_html]JTNDaWZyYW1lJTIwc3JjJTNEJTIyaHR0cHMlM0ElMkYlMkZ3d3cubWV0ZW9ibHVlLmNvbSUyRmVzJTJGdGllbXBvJTJGd2lkZ2V0JTJGZGFpbHklMkZ0aWFuYV9lc3BhJTI1YzMlMjViMWFfMzEwODExMCUzRmRheXMlM0Q3JTI2dGVtcHVuaXQlM0RDRUxTSVVTJTI2d2luZHVuaXQlM0RLSUxPTUVURVJfUEVSX0hPVVIlMjZwaWN0b2ljb24lM0QxJTI2bWF4dGVtcGVyYXR1cmUlM0QxJTI2bWludGVtcGVyYXR1cmUlM0QxJTI2d2luZHNwZWVkJTNEMSUyNndpbmRndXN0JTNEMSUyNndpbmRkaXJlY3Rpb24lM0QxJTI2cHJlY2lwaXRhdGlvbiUzRDElMjZwcmVjaXBpdGF0aW9ucHJvYmFiaWxpdHklM0QxJTI2c3BvdCUzRDElMjZwcmVzc3VyZSUzRDElMjZsYXlvdXQlM0RsaWdodCUyMiUyMCUyMGZyYW1lYm9yZGVyJTNEJTIyMCUyMiUyMHNjcm9sbGluZyUzRCUyMk5PJTIyJTIwYWxsb3d0cmFuc3BhcmVuY3klM0QlMjJ0cnVlJTIyJTIwc3R5bGUlM0QlMjJ3aWR0aCUzQSUyMDM3OHB4JTNCaGVpZ2h0JTNBJTIwMzkxcHglMjIlM0UlM0MlMkZpZnJhbWUlM0UlM0NkaXYlM0UlM0MlMjEtLSUyMERPJTIwTk9UJTIwUkVNT1ZFJTIwVEhJUyUyMExJTkslMjAtLSUzRSUzQ2ElMjBocmVmJTNEJTIyaHR0cHMlM0ElMkYlMkZ3d3cubWV0ZW9ibHVlLmNvbSUyRmVzJTJGdGllbXBvJTJGcHJvbm9zdGljbyUyRnNlbWFuYSUyRnRpYW5hX2VzcGElMjVjMyUyNWIxYV8zMTA4MTEwJTIyJTIwdGFyZ2V0JTNEJTIyX2JsYW5rJTIyJTNFbWV0ZW9ibHVlJTNDJTJGYSUzRSUzQyUyRmRpdiUzRQ==[\/vc_raw_html][\/vc_column][vc_column width=\u00bb1\/5&#8243;][\/vc_column][\/vc_row]<\/p>\n","protected":false},"excerpt":{"rendered":"<p>[vc_row][vc_column][vc_column_text]Al d\u00eda siguiente de ir a La Mola, qued\u00e9 con David Roig para hacer alguna salida por las inmediaciones de su pueblo, de una sola ma\u00f1ana. Como a mi me hab\u00eda quedado por subir el Tur\u00f3 d\u2019en Galcer\u00e1n despu\u00e9s de la \u00faltima vez que estuve en la Serralada de Marina con Anna. Decidimos hacer una&hellip;<\/p>\n","protected":false},"author":1,"featured_media":26029,"comment_status":"open","ping_status":"open","sticky":false,"template":"","format":"standard","meta":[],"categories":[72],"tags":[],"class_list":["post-26052","post","type-post","status-publish","format-standard","has-post-thumbnail","hentry","category-serralada-de-marina-y-litoral","category-72","description-off"],"_links":{"self":[{"href":"https:\/\/www.monta\u00f1asdelaluna.es\/index.php?rest_route=\/wp\/v2\/posts\/26052","targetHints":{"allow":["GET"]}}],"collection":[{"href":"https:\/\/www.monta\u00f1asdelaluna.es\/index.php?rest_route=\/wp\/v2\/posts"}],"about":[{"href":"https:\/\/www.monta\u00f1asdelaluna.es\/index.php?rest_route=\/wp\/v2\/types\/post"}],"author":[{"embeddable":true,"href":"https:\/\/www.monta\u00f1asdelaluna.es\/index.php?rest_route=\/wp\/v2\/users\/1"}],"replies":[{"embeddable":true,"href":"https:\/\/www.monta\u00f1asdelaluna.es\/index.php?rest_route=%2Fwp%2Fv2%2Fcomments&post=26052"}],"version-history":[{"count":6,"href":"https:\/\/www.monta\u00f1asdelaluna.es\/index.php?rest_route=\/wp\/v2\/posts\/26052\/revisions"}],"predecessor-version":[{"id":50200,"href":"https:\/\/www.monta\u00f1asdelaluna.es\/index.php?rest_route=\/wp\/v2\/posts\/26052\/revisions\/50200"}],"wp:featuredmedia":[{"embeddable":true,"href":"https:\/\/www.monta\u00f1asdelaluna.es\/index.php?rest_route=\/wp\/v2\/media\/26029"}],"wp:attachment":[{"href":"https:\/\/www.monta\u00f1asdelaluna.es\/index.php?rest_route=%2Fwp%2Fv2%2Fmedia&parent=26052"}],"wp:term":[{"taxonomy":"category","embeddable":true,"href":"https:\/\/www.monta\u00f1asdelaluna.es\/index.php?rest_route=%2Fwp%2Fv2%2Fcategories&post=26052"},{"taxonomy":"post_tag","embeddable":true,"href":"https:\/\/www.monta\u00f1asdelaluna.es\/index.php?rest_route=%2Fwp%2Fv2%2Ftags&post=26052"}],"curies":[{"name":"wp","href":"https:\/\/api.w.org\/{rel}","templated":true}]}}