{"id":26199,"date":"2007-04-20T18:09:00","date_gmt":"2007-04-20T18:09:00","guid":{"rendered":"http:\/\/monta\u00f1asdelaluna.com\/?p=26199"},"modified":"2021-07-14T16:20:25","modified_gmt":"2021-07-14T16:20:25","slug":"organizando-la-expedicion-a-bolivia","status":"publish","type":"post","link":"https:\/\/www.monta\u00f1asdelaluna.es\/?p=26199","title":{"rendered":"Organizando la expedici\u00f3n a Bolivia"},"content":{"rendered":"<p>La preparaci\u00f3n del viaje no iba a ser tan complicada como la de Rusia, la del C\u00e1ucaso y Elbrus en el a\u00f1o dos mil tres. Si la expedici\u00f3n, viaje a Ecuador fue algo sencillo, a la preparaci\u00f3n desde Espa\u00f1a me refiero, la de Bolivia fue incluso m\u00e1s f\u00e1cil y sencilla. Primero por que, conociendo la experiencia de mis compa\u00f1eros por los Andes en sus distintos viajes, no hac\u00eda falta contratar nada desde Espa\u00f1a, solo las primeras o primera noche de hotel y los vuelos de avi\u00f3n, el resto ya lo miras, lo comparas y contratas en el mismo pa\u00eds, en Bolivia. Segundo porque al final fuimos un grupo numeroso, con gente y compa\u00f1eros con m\u00e1s o menos experiencia en este tipo de expediciones, pero la suficiente para cumplir los objetivos con \u00e9xito y con las menores complicaciones; as\u00ed que cada uno se encarg\u00f3 de una cosa, un trabajo para la realizaci\u00f3n del viaje. Yo decid\u00ed buscar vuelo, avi\u00f3n, y me dirig\u00ed a mis buenos y peculiares amigos de Viajes Ecuador de Almorad\u00ed, Jos\u00e9 Antonio y To\u00f1i. Ballester se ocup\u00f3 de mirar hoteles de La Paz para quedarnos. Javi junto con Ballester idearon las actividades: donde ir, que monta\u00f1as subir y que visitar; siempre cosas ideadas y no planeadas ni contratadas, ya que all\u00ed ser\u00e1 donde busc\u00e1ramos y contrat\u00e1ramos.<\/p>\n<div id=\"attachment_26206\" style=\"width: 919px\" class=\"wp-caption aligncenter\"><a class=\"dt-single-image\" href=\"https:\/\/www.monta\u00f1asdelaluna.es\/wp-content\/uploads\/2016\/01\/MAPbolivia2.jpg\" data-dt-img-description=\"\"><img loading=\"lazy\" decoding=\"async\" aria-describedby=\"caption-attachment-26206\" class=\"wp-image-26206 size-full\" src=\"https:\/\/www.monta\u00f1asdelaluna.es\/wp-content\/uploads\/2016\/01\/MAPbolivia2.jpg\" alt=\"Mapa f\u00edsico de Bolivia\" width=\"909\" height=\"958\" srcset=\"https:\/\/www.monta\u00f1asdelaluna.es\/wp-content\/uploads\/2016\/01\/MAPbolivia2.jpg 909w, https:\/\/www.monta\u00f1asdelaluna.es\/wp-content\/uploads\/2016\/01\/MAPbolivia2-285x300.jpg 285w\" sizes=\"auto, (max-width: 909px) 100vw, 909px\" \/><\/a><p id=\"caption-attachment-26206\" class=\"wp-caption-text\">Mapa f\u00edsico de Bolivia<\/p><\/div>\n<p>Ya que iba a Bolivia quer\u00eda hacerme el \u201ch\u00e9roe\u201d como en Ecuador e intentar subir las dos cumbres m\u00e1s altas de all\u00ed. Conoc\u00eda al Illimani. La que yo cre\u00eda era la monta\u00f1a m\u00e1s alta del pa\u00eds. Tambi\u00e9n me sonaba el Ancohuma y el Illamp\u00fa. Y como no, desde hace pocos a\u00f1os el Huayna Potos\u00ed. Pero no conoc\u00eda el Sajama, el Nevado Sajama; o al menos no me sonaba o recordaba como si ya la conociera de anteriores comentarios, mapamundis, art\u00edculos o de cualquier otra informaci\u00f3n. Siempre sale el Illimani como la monta\u00f1a m\u00e1s importante y mal calificada como la m\u00e1s alta de Bolivia; o simplemente al ser la mayor altura que se nombra en Bolivia cre\u00eda, creemos que es la m\u00e1s alta. Pero no. No s\u00e9 si fueron Javi o Quique o ambos, los que me ense\u00f1aron la realidad de las monta\u00f1as m\u00e1s altas de Bolivia. El olvidado Sajama, antiguo estratovolc\u00e1n como lo era el Chimborazo en Ecuador, pero con una forma m\u00e1s c\u00f3nica y parecida a la de un volc\u00e1n que el ecuatoriano, es la monta\u00f1a m\u00e1s alta de Bolivia. Seis mil quinientos cuarenta y dos metros es la altura del Sajama, ochenta metros m\u00e1s alta que el famoso Illimani. \u201cEs la decimo tercera monta\u00f1a m\u00e1s alta de toda la Cordillera Andina\u201d, dec\u00eda Quique; frase que me impacto en su momento pensando que no era un seis mil m\u00e1s de los Andes, si no, una de las monta\u00f1as m\u00e1s altas de toda Am\u00e9rica. Una vez aprendida esta lecci\u00f3n de geograf\u00eda, asimilar la sorpresa de encontrarme con una monta\u00f1a m\u00e1s alta que el Illimani en Bolivia e insertarla en los ficheros del disco duro de mi mente para programarme y tenerla en cuenta\u2026 fue cuando estuve con mi compa\u00f1ero de andanzas andinas y acompa\u00f1ante de turismo burocr\u00e1tico, Jes\u00fas Santana, para decirle que si en Ecuador el a\u00f1o anterior hab\u00edamos podido subir sus dos monta\u00f1as m\u00e1s altas, este a\u00f1o en Bolivia tambi\u00e9n lo har\u00edamos. Sorprendido y como sin palabras pero reaccionando a los pocos minutos, horas, d\u00edas, Jes\u00fas se fue haciendo a la idea, al objetivo y al gran reto de subir al Illimani y al Sajama en esta expedici\u00f3n a Bolivia.<\/p>\n<div id=\"attachment_26207\" style=\"width: 618px\" class=\"wp-caption aligncenter\"><a class=\"dt-single-image\" href=\"https:\/\/www.monta\u00f1asdelaluna.es\/wp-content\/uploads\/2016\/01\/proillimani.jpg\" data-dt-img-description=\"\"><img loading=\"lazy\" decoding=\"async\" aria-describedby=\"caption-attachment-26207\" class=\"wp-image-26207 size-full\" src=\"https:\/\/www.monta\u00f1asdelaluna.es\/wp-content\/uploads\/2016\/01\/proillimani.jpg\" alt=\"El Nevado Illimani\" width=\"608\" height=\"456\" srcset=\"https:\/\/www.monta\u00f1asdelaluna.es\/wp-content\/uploads\/2016\/01\/proillimani.jpg 608w, https:\/\/www.monta\u00f1asdelaluna.es\/wp-content\/uploads\/2016\/01\/proillimani-300x225.jpg 300w\" sizes=\"auto, (max-width: 608px) 100vw, 608px\" \/><\/a><p id=\"caption-attachment-26207\" class=\"wp-caption-text\">El Nevado Illimani<\/p><\/div>\n<p>Quiz\u00e1s grandes energ\u00edas, ganas de grandes retos y de conseguir gigantescos objetivos ten\u00eda cuando le propuse, casi afirmando por \u00e9l, a mi compa\u00f1ero Jes\u00fas, el subir esos dos gigantes de hielo, viento y fr\u00edo. Tambi\u00e9n quiz\u00e1s y sin saberlo hasta ahora que escribo estas l\u00edneas, esas energ\u00edas se fueron perdiendo, disminuyendo, menguando a medida que me introduc\u00eda en la relaci\u00f3n con Mar\u00eda. Ya gastaba demasiada energ\u00eda para afrontar los envistes\u2026\u00a0 de forma que la ilusi\u00f3n, impaciencia y alegr\u00eda por el viaje, por subir esas dos maravillas de los Andes, no fueron las mismas desde que decid\u00ed y convenc\u00ed a Jes\u00fas en subirlas, que pocos d\u00edas antes del viaje.<\/p>\n<div id=\"attachment_26212\" style=\"width: 1514px\" class=\"wp-caption aligncenter\"><a class=\"dt-single-image\" href=\"https:\/\/www.monta\u00f1asdelaluna.es\/wp-content\/uploads\/2007\/04\/cordillera-real-southern-section-with-roads.jpg\" data-dt-img-description=\"\"><img loading=\"lazy\" decoding=\"async\" aria-describedby=\"caption-attachment-26212\" class=\"wp-image-26212 size-full\" src=\"https:\/\/www.monta\u00f1asdelaluna.es\/wp-content\/uploads\/2007\/04\/cordillera-real-southern-section-with-roads.jpg\" alt=\"Mapa de la Cordillera Real con La Paz\" width=\"1504\" height=\"1064\" srcset=\"https:\/\/www.monta\u00f1asdelaluna.es\/wp-content\/uploads\/2007\/04\/cordillera-real-southern-section-with-roads.jpg 1504w, https:\/\/www.monta\u00f1asdelaluna.es\/wp-content\/uploads\/2007\/04\/cordillera-real-southern-section-with-roads-300x212.jpg 300w, https:\/\/www.monta\u00f1asdelaluna.es\/wp-content\/uploads\/2007\/04\/cordillera-real-southern-section-with-roads-1024x724.jpg 1024w\" sizes=\"auto, (max-width: 1504px) 100vw, 1504px\" \/><\/a><p id=\"caption-attachment-26212\" class=\"wp-caption-text\">Mapa de la Cordillera Real con La Paz<\/p><\/div>\n<p>Poco a poco cada uno de los participantes o futuros participantes de esta emocionante expedici\u00f3n, iban sacando documentaci\u00f3n por internet de las monta\u00f1as andinas con sus recorridos y subidas, descripciones y noticias. En aquel entonces algo se estaba gestando en el cielo de Sudam\u00e9rica: El Ni\u00f1o. Javi empez\u00f3 a traer informaci\u00f3n sobre los efectos del cambio clim\u00e1tico denominado El Ni\u00f1o en Sudam\u00e9rica de los posteriores a\u00f1os. Todo esto fue al ver las impactantes im\u00e1genes y noticias de gigantescas inundaciones en la zona de Trinidad, en la selva amaz\u00f3nica boliviana. En otros lugares de Sudam\u00e9rica tambi\u00e9n empezaban a notar los efectos del cambio o alteraci\u00f3n del clima en Sudam\u00e9rica de El Ni\u00f1o; que no necesariamente tendr\u00eda que ser inundaciones, si no sequ\u00edas y otros extremos clim\u00e1ticos. Javi, nuestro querido \u201cagorero\u201d del grupo, empez\u00f3 a hablar de El Ni\u00f1o, de sus efectos devastadores de las malas o inexistentes infraestructuras en Bolivia con la imposibilidad de \u201cescapar\u201d de las posibles cat\u00e1strofes, y m\u00e1s\u2026 Lleg\u00f3 a meternos algo de miedo y excesiva precauci\u00f3n (la misma precauci\u00f3n que tendr\u00e1 una persona que no fuera monta\u00f1era, o sea, la normal) y antes de ver peligrar la expedici\u00f3n, ya que lleg\u00f3 a hacerme pensar el no ir, decidimos analizar y hablar del tema: nos sentamos una noche en el local del Centro y empezamos a sacar informaci\u00f3n y conclusiones que los meteor\u00f3logos no sabr\u00edan decirnos. Examinamos como afectaba o afect\u00f3 el cambio clim\u00e1tico de El Ni\u00f1o en las grandes monta\u00f1as en los anteriores periodos. En algunas monta\u00f1as y lugares, en la minor\u00eda, la temperatura media subi\u00f3 un grado, en otras, en las cuales estaban las que nos interesaban, el resto, la gran mayor\u00eda, la temperatura media hab\u00eda bajado de tres a cinco grados. Con lo cual llegamos a la conclusi\u00f3n que El Ni\u00f1o afectaba a las altas monta\u00f1as andinas bolivianas baj\u00e1ndoles la temperatura media en dos grados. Eso quer\u00eda decir m\u00e1s fr\u00edo de lo habitual. Aunque la diferencia entre la media habitual y la afectada por la de El Ni\u00f1o sean muy peque\u00f1as, casi inapreciables, los extremos podr\u00edan ser importantes\u2026 quiz\u00e1s eso es algo que supimos en su momento, pero lo que no podr\u00edamos llegar a suponer era hasta qu\u00e9 extremo podr\u00eda llegar la temperatura. No hablaban de sequ\u00edas, ni inundaciones, ni cat\u00e1strofes o cambios significativos a parte de la temperatura en la zona de las monta\u00f1as. Con lo cual como hubiera pensado cualquier alpinista que conoce las normas y reglas del hielo, glaciares en la alta monta\u00f1a, vi que al bajar la temperatura proporcionaba m\u00e1s estabilidad a los glaciares, puentes de nieve\u2026 mejores condiciones para subir cualquier gran monta\u00f1a. Con que convenc\u00ed a Javi de que El Ni\u00f1o realmente nos favorec\u00eda en vez de perjudicaros en las subidas y objetivos monta\u00f1eros. Al final sal\u00ed m\u00e1s convencido de ir a Bolivia y Javi dej\u00f3 de hablar de los efectos de El Ni\u00f1o en Sudam\u00e9rica. Las mismas lluvias torrenciales que ca\u00edan, arrasaban e inundaban Trinidad, pod\u00edan favorecer el que hiciera m\u00e1s fr\u00edo en las monta\u00f1as asegur\u00e1ndonos la progresi\u00f3n con menor peligrosidad para llegar a sus cumbres. Zanjamos el tema de El Ni\u00f1o y ya no se volvi\u00f3 a hablar de \u00e9l, salvo por las noticias e informaci\u00f3n de sus efectos en Sudam\u00e9rica que segu\u00eda saliendo en televisi\u00f3n, menos veces ya.<\/p>\n<div id=\"attachment_26202\" style=\"width: 1777px\" class=\"wp-caption aligncenter\"><a class=\"dt-single-image\" href=\"https:\/\/www.monta\u00f1asdelaluna.es\/wp-content\/uploads\/2016\/01\/CondoririHuayna.jpg\" data-dt-img-description=\"\"><img loading=\"lazy\" decoding=\"async\" aria-describedby=\"caption-attachment-26202\" class=\"wp-image-26202 size-full\" src=\"https:\/\/www.monta\u00f1asdelaluna.es\/wp-content\/uploads\/2016\/01\/CondoririHuayna.jpg\" alt=\"Cordillera Real con los Condoriri y Huayna Potosi\" width=\"1767\" height=\"836\" srcset=\"https:\/\/www.monta\u00f1asdelaluna.es\/wp-content\/uploads\/2016\/01\/CondoririHuayna.jpg 1767w, https:\/\/www.monta\u00f1asdelaluna.es\/wp-content\/uploads\/2016\/01\/CondoririHuayna-300x142.jpg 300w, https:\/\/www.monta\u00f1asdelaluna.es\/wp-content\/uploads\/2016\/01\/CondoririHuayna-1024x484.jpg 1024w\" sizes=\"auto, (max-width: 1767px) 100vw, 1767px\" \/><\/a><p id=\"caption-attachment-26202\" class=\"wp-caption-text\">Cordillera Real con los Condoriri y Huayna Potosi<\/p><\/div>\n<p>Gracias a este \u201cdescubrimiento\u201d fui m\u00e1s consciente de lo peligros\u00edsimo o imposible que eran o empezaban a ser el subir las grandes monta\u00f1as andinas. En a\u00f1os siguientes o posteriores advert\u00edan de su peligrosidad y hasta incluso las cerraban en toda esa temporada, como les ha ocurrido al Huascar\u00e1n y Alpamayo en Per\u00fa en ciertos veranos. As\u00ed que\u2026 habr\u00e1 que visitar Sudam\u00e9rica cuando est\u00e9 El Ni\u00f1o. Parece una contrariedad \u00bfno?<\/p>\n<p>Conforme pasaba el tiempo y se acercaba la fecha de embarcar hac\u00eda la aventura, cada encargado de un tema tra\u00eda sus informes, investigaciones y noticias\u2026 o sea, sacado de internet. Ballester fue el que m\u00e1s informaci\u00f3n sac\u00f3 y el que m\u00e1s interesado estaba en las distintas aventuras y lugares por visitar y hacer. Sac\u00f3 informaci\u00f3n muy \u00fatil sobre las monta\u00f1as que pretend\u00edamos visitar y subir: el Huayna Potos\u00ed, Illimani, Sajama, Condoriri\u2026 de distintas y completas webs. Sobre todo sac\u00f3 de varias webs informaci\u00f3n muy detallada del Sajama, ese \u201cgigante desconocido boliviano\u201d. Gracias a estas p\u00e1ginas ten\u00edamos informaci\u00f3n muy detallada y t\u00e9cnica de las subidas, caracter\u00edsticas y descripci\u00f3n de estas monta\u00f1as. Fuimos a Bolivia muy preparados en cuanto a la informaci\u00f3n que requer\u00edamos, esto nos ayudo mucho a saber donde nos met\u00edamos. Un lugar elegido por Ballester para visitar e incluso para aclimatar y empezar a subir grandes monta\u00f1as, fue el macizo de Los Condoriri. No conoc\u00eda Los Condoriri, solo por vagas visiones y lecturas de alg\u00fan Desnivel en alguno de sus art\u00edculos. Ballester nos pas\u00f3 informes y p\u00e1ginas del Cabeza de C\u00f3ndor y el bello y puntiagudo Peque\u00f1o Alpamayo. En otros art\u00edculos de la revista Desnivel sal\u00edan varias v\u00edas, recorridos y subidas a diferentes picos de este hermoso y alpino macizo de Los Condoriri: la Pir\u00e1mide Blanca, el Ala Derecha e Izquierda, Pico Austria, Aguja Negra\u2026 pero era este elegante, altivo e incre\u00edble Peque\u00f1o Alpamayo el que nos cautiv\u00f3 y cautiv\u00f3 a Ballester. El Cabeza de C\u00f3ndor no habr\u00eda que despreciarlo: es el pico m\u00e1s alto del macizo, de ascensi\u00f3n interesante y dif\u00edcil por su v\u00eda m\u00e1s asequible, imperioso y poderoso, adorado y custodiado por sus alas que lo rodean a cada lado. Aunque obsesionado y abstra\u00eddo del resto por el Illimani y Sajama, no pens\u00e9 hasta que punto llegar\u00eda a ser tan extraordinario este desconocido pico para m\u00ed.<\/p>\n<div id=\"attachment_26200\" style=\"width: 1545px\" class=\"wp-caption aligncenter\"><a class=\"dt-single-image\" href=\"https:\/\/www.monta\u00f1asdelaluna.es\/wp-content\/uploads\/2016\/01\/20070108095102_1088486327.jpg\" data-dt-img-description=\"\"><img loading=\"lazy\" decoding=\"async\" aria-describedby=\"caption-attachment-26200\" class=\"wp-image-26200 size-full\" src=\"https:\/\/www.monta\u00f1asdelaluna.es\/wp-content\/uploads\/2016\/01\/20070108095102_1088486327.jpg\" alt=\"Rutas de escalada en Los Condoriri\" width=\"1535\" height=\"618\" srcset=\"https:\/\/www.monta\u00f1asdelaluna.es\/wp-content\/uploads\/2016\/01\/20070108095102_1088486327.jpg 1535w, https:\/\/www.monta\u00f1asdelaluna.es\/wp-content\/uploads\/2016\/01\/20070108095102_1088486327-300x121.jpg 300w, https:\/\/www.monta\u00f1asdelaluna.es\/wp-content\/uploads\/2016\/01\/20070108095102_1088486327-1024x412.jpg 1024w\" sizes=\"auto, (max-width: 1535px) 100vw, 1535px\" \/><\/a><p id=\"caption-attachment-26200\" class=\"wp-caption-text\">Rutas de escalada en Los Condoriri<\/p><\/div>\n<p>Precios y estancias en hoteles de La Paz y en la selva boliviana. Varios hoteles se barajaban para que cupi\u00e9ramos todos. Y una incre\u00edble, bella, ex\u00f3tica y m\u00e1gica parte de la selva amaz\u00f3nica se hac\u00eda imprescindible visitar: el impresionante, espectacular y gigantesco Parque Nacional Madidi. El parque con mayor biodiversidad del mundo; eso ya nos dec\u00eda que deb\u00edamos visitarlo y que seguro \u00edbamos a descubrir y vivir una aventura y experiencia inolvidable\u2026 la verdad es que todo en este viaje, en esta expedici\u00f3n, todo conduc\u00eda a que iba a ser un tiempo inolvidable y fabuloso. Al final se pudo reservar la primera noche en La Paz en el famoso Hotel Rosario. Famoso por que era del que hablaban los otros compa\u00f1eros que ya hab\u00edan visitado Bolivia y hospedado en dicho hotel. Nos dec\u00edan que era el mejor hotel para hospedarse en La Paz para gente como nosotros, claro. Solo sab\u00edamos de \u00e9l por lo que dec\u00edan y comentaban nuestros amigos; y por lo que ellos hablaban parec\u00eda ser un lugar encantador. Enclavado en la Avenida Illamp\u00fa, que nada m\u00e1s por el nombre de su direcci\u00f3n ya merec\u00eda un especial inter\u00e9s, quedaba muy cerca del centro \u201cm\u00e1gico\u201d de La Paz; del mercado de las brujas y todos los otros mercados que lo rodeaban o estaban cerca en las calles pr\u00f3ximas. Un enclave verdaderamente singular y excepcional en esa parte de La Paz. Desgraciadamente solo quedaba esa noche para poder acoger a todos los que \u00edbamos a ir en la \u201cprimera tanda\u201d de llegada a La Paz. Despu\u00e9s nos ir\u00edamos al Hotel Calacoto, en la otra punta de la ciudad. Un nombre hasta ahora desconocido para todos.<\/p>\n<div id=\"attachment_26208\" style=\"width: 1781px\" class=\"wp-caption aligncenter\"><a class=\"dt-single-image\" href=\"https:\/\/www.monta\u00f1asdelaluna.es\/wp-content\/uploads\/2016\/01\/Titicaca.jpg\" data-dt-img-description=\"\"><img loading=\"lazy\" decoding=\"async\" aria-describedby=\"caption-attachment-26208\" class=\"wp-image-26208 size-full\" src=\"https:\/\/www.monta\u00f1asdelaluna.es\/wp-content\/uploads\/2016\/01\/Titicaca.jpg\" alt=\"Detalle del Titicaca con la Isla del Sol, Isla de La Luna, Copacabana y Estrecho de Tiquina\" width=\"1771\" height=\"835\" srcset=\"https:\/\/www.monta\u00f1asdelaluna.es\/wp-content\/uploads\/2016\/01\/Titicaca.jpg 1771w, https:\/\/www.monta\u00f1asdelaluna.es\/wp-content\/uploads\/2016\/01\/Titicaca-300x141.jpg 300w, https:\/\/www.monta\u00f1asdelaluna.es\/wp-content\/uploads\/2016\/01\/Titicaca-1024x483.jpg 1024w\" sizes=\"auto, (max-width: 1771px) 100vw, 1771px\" \/><\/a><p id=\"caption-attachment-26208\" class=\"wp-caption-text\">Detalle del Titicaca con la Isla del Sol, Isla de La Luna, Copacabana y Estrecho de Tiquina<\/p><\/div>\n<p>Del vuelo me iba a ocupar yo. Como no, y como en mis anteriores viajes y expediciones consult\u00e9 con mis buenos amigos, antes nombrados, Jos\u00e9 Antonio y To\u00f1i de Viajes Ecuador. Escoger un vuelo directo de Madrid a La Paz era muy dif\u00edcil o mejor dicho, imposible. Sencillamente no exist\u00eda ning\u00fan vuelo directo a La Paz. A la vez hab\u00edan muy pocas compa\u00f1\u00edas de vuelo que volaran a Bolivia. En aquel entonces, finales de febrero, marzo, hab\u00edan tres compa\u00f1\u00edas que lo hac\u00edan. La compa\u00f1\u00eda con precios m\u00e1s baratos fue la escogida, pero por alguna raz\u00f3n no les dejaba el sistema o programa de reservas ocupar plazas en esa compa\u00f1\u00eda. Para que fuera lo m\u00e1s barato posible deb\u00edamos coger la fecha de ida en un mes (julio) y la de vuelta al mes siguiente (agosto). Si cog\u00edamos un mes natural o fechas dentro de un mismo mes, el precio se disparaba. Sin poder contratar vuelo con esta compa\u00f1\u00eda, y sin saber por qu\u00e9 el programa nos lo negaba, decidimos probar con la siguiente m\u00e1s barata: Aerosur. Pero nos dimos cuenta que Aerosur no volaba directamente a La Paz, si no que hac\u00eda escala en Santa Cruz de La Sierra, y en su aeropuerto Viru Viru. Nunca hab\u00edamos o\u00eddo hablar de este aeropuerto, y las siglas que aparec\u00edan en el programa de reservas eran de las m\u00e1s extra\u00f1as: VVI, Viru Viru. Me parec\u00eda un nombre africano o de otro lugar muy distinto, pero no lo asociaba con Bolivia. Al poco de investigar entendimos que era el nombre del aeropuerto de Santa Cruz de La Sierra. Me parec\u00eda incre\u00edble que esta poblaci\u00f3n fuera m\u00e1s importante que La Paz para que, antes de llegar a La Paz, parase, hiciese escala aqu\u00ed. Yo supuse intentando razonar de la forma m\u00e1s l\u00f3gica y simple, que lo hac\u00eda por proximidad, ya que desde Madrid parec\u00eda que se pasaba antes en l\u00ednea recta, por Santa Cruz de La Sierra que por La Paz; La Paz quedaba algo m\u00e1s alejada. A la vuelta de la expedici\u00f3n, de regreso a Espa\u00f1a, nos dimos cuenta de el por qu\u00e9.<\/p>\n<p>Al final decidimos las fechas del veinte de julio al veinte de agosto como el tiempo que dedicar\u00edamos a realizar esta expedici\u00f3n, este incre\u00edble viaje. Como al final fuimos muchos, cada uno escog\u00eda unas fechas de ida como de vuelta; y al final nos coordinamos todos para poder participar de las actividades en com\u00fan. Ballester no le daba demasiada confianza las gestiones de mis amigos de Viajes Ecuador, y estuvo buscando por internet precios de vuelos a Bolivia, aunque al final cogi\u00f3 el mismo vuelo que el nuestro.<\/p>\n<div id=\"attachment_26201\" style=\"width: 798px\" class=\"wp-caption aligncenter\"><a class=\"dt-single-image\" href=\"https:\/\/www.monta\u00f1asdelaluna.es\/wp-content\/uploads\/2016\/01\/amazonas.jpg\" data-dt-img-description=\"\"><img loading=\"lazy\" decoding=\"async\" aria-describedby=\"caption-attachment-26201\" class=\"wp-image-26201 size-full\" src=\"https:\/\/www.monta\u00f1asdelaluna.es\/wp-content\/uploads\/2016\/01\/amazonas.jpg\" alt=\"Selva Amaz\u00f3nica\" width=\"788\" height=\"528\" srcset=\"https:\/\/www.monta\u00f1asdelaluna.es\/wp-content\/uploads\/2016\/01\/amazonas.jpg 788w, https:\/\/www.monta\u00f1asdelaluna.es\/wp-content\/uploads\/2016\/01\/amazonas-300x201.jpg 300w\" sizes=\"auto, (max-width: 788px) 100vw, 788px\" \/><\/a><p id=\"caption-attachment-26201\" class=\"wp-caption-text\">Selva Amaz\u00f3nica<\/p><\/div>\n<p>Paco Mart\u00ednez quiso ir a Bolivia tambi\u00e9n. Vio la gran expedici\u00f3n que est\u00e1bamos formando. Supo de los gigantescos objetivos que nos pusimos, Illimani y Sajama; y decidi\u00f3 o intent\u00f3 adelantarse. Quiz\u00e1s no con la mala intenci\u00f3n de hacer lo que nosotros quer\u00edamos hacer antes que nosotros, por envidia o absurda e incomprensible competici\u00f3n\u2026 pero era lo que parec\u00eda. Seg\u00fan \u00e9l, la idea de subir las dos monta\u00f1as m\u00e1s altas de Bolivia, era de \u00e9l antes que nuestra. \u00c9l no hac\u00eda expediciones ni viajes multitudinarios; ni quer\u00eda manejarse o manejar con tanta gente; de forma que adelant\u00f3 su expedici\u00f3n en solitario (no sin antes intentar convencer a unos pocos y otros para que se fueran con \u00e9l) a Bolivia. Casualmente y con otra agencia de viajes contrat\u00f3 el vuelo con aquella compa\u00f1\u00eda a\u00e9rea, de vuelos baratos, que no nos dejaba el programa reservar. Antes de junio esta compa\u00f1\u00eda cerr\u00f3, quebr\u00f3, y Paco tuvo que buscar otra compa\u00f1\u00eda, otro vuelo, y volver a pagarlo. Esa era la raz\u00f3n por la cual no nos dejaba el sistema de reservas acceder a las plazas de los vuelos de esta compa\u00f1\u00eda. Ya corr\u00edan rumores de quiebra. Al final, seg\u00fan dec\u00eda Paco, le iban a devolver el dinero que le pag\u00f3 a la compa\u00f1\u00eda que quebr\u00f3, pero sigui\u00f3 adelantando el vuelo para regresar antes que nosotros fu\u00e9ramos. Y no contar\u00eda esto si no fuera porque lo que le ocurri\u00f3 a \u00e9ste en La Paz: los estragos y desequilibrios del clima a causa de El Ni\u00f1o hizo que cayera una importante nevada en La Paz; pero no en la parte de la ciudad que est\u00e1 a media y baja altura (3.600-3.400 mts.) si no en El Alto, en el barrio m\u00e1s pobre y a m\u00e1s altura de la ciudad, a cuatro mil, cuatro mil cincuenta metros de altura. Ello colaps\u00f3 la \u00fanica salida de La Paz, por carretera a casi el resto del pa\u00eds. La Paz no tiene quitanieves, ni camiones de sal, ni dispositivos de seguridad y alerta ante estas condiciones climatol\u00f3gicas, con lo cual solo cab\u00eda esperar a que se derritiera el hielo o la nieve. Bolivia es un pa\u00eds pobre, no tiene infraestructuras para estos imprevistos climatol\u00f3gicos, si no se puede salir de La Paz, pues no se sale. Con lo cual Paco estuvo d\u00edas sin poder salir de La Paz, y sin poder conseguir sus objetivos, nuestros objetivos. Harto de no poder hacer nada, adelant\u00f3 el vuelo a Espa\u00f1a, y en cuanto pudieron despegar aviones del aeropuerto de El Alto de La Paz, cogi\u00f3 uno para regresar.<\/p>\n<p>\u00bfCastigo por intentar arrebatarnos con premeditaci\u00f3n lo que, por m\u00e9ritos e ilusiones se nos deb\u00eda de conceder a nosotros? Qui\u00e9n sabe. La vida te da sorpresas. Aunque no nos importaba que \u00e9l pretendiera adelant\u00e1rsenos; solo que lo ve\u00eda como un acto infantil (si ese era su motivo real) o de prepotencia como \u201cantes de que lo hag\u00e1is vosotros lo hago yo\u2026 \u00a1Y mejor, en solitario!\u201d. No me resultaba una competencia sana ni simp\u00e1tica por parte de \u00e9l; pero eso era problema suyo, nosotros seguir\u00edamos adelante hiciera lo que hiciera Paco.<\/p>\n<div id=\"attachment_26204\" style=\"width: 1782px\" class=\"wp-caption aligncenter\"><a class=\"dt-single-image\" href=\"https:\/\/www.monta\u00f1asdelaluna.es\/wp-content\/uploads\/2016\/01\/Illimani.jpg\" data-dt-img-description=\"\"><img loading=\"lazy\" decoding=\"async\" aria-describedby=\"caption-attachment-26204\" class=\"wp-image-26204 size-full\" src=\"https:\/\/www.monta\u00f1asdelaluna.es\/wp-content\/uploads\/2016\/01\/Illimani.jpg\" alt=\"Nevado Illimani\" width=\"1772\" height=\"840\" srcset=\"https:\/\/www.monta\u00f1asdelaluna.es\/wp-content\/uploads\/2016\/01\/Illimani.jpg 1772w, https:\/\/www.monta\u00f1asdelaluna.es\/wp-content\/uploads\/2016\/01\/Illimani-300x142.jpg 300w, https:\/\/www.monta\u00f1asdelaluna.es\/wp-content\/uploads\/2016\/01\/Illimani-1024x485.jpg 1024w\" sizes=\"auto, (max-width: 1772px) 100vw, 1772px\" \/><\/a><p id=\"caption-attachment-26204\" class=\"wp-caption-text\">Nevado Illimani<\/p><\/div>\n<p>A David le preocup\u00f3. Paco no hab\u00eda podido hacer nada, no hab\u00eda podido salir de La Paz\u2026 \u00bfY si nos ocurr\u00eda lo mismo a nosotros? La idea realmente asustaba por que f\u00e1cilmente pod\u00eda volver a suceder, El Ni\u00f1o segu\u00eda ah\u00ed. Pero no ten\u00eda que darse necesariamente las mismas condiciones cuando nosotros estuvi\u00e9ramos all\u00ed, es m\u00e1s, yo alent\u00e9 a David: \u201cSi ya ha pasado, a nosotros no nos pasar\u00e1\u201d. Le dec\u00eda tranquilamente a David, seguro de seguir mi intuici\u00f3n, mi presentimiento, de que a nosotros no nos iba a ocurrir lo mismo que a Paco.<\/p>\n<p>Otra extra\u00f1a incertidumbre a\u00f1adida a la expedici\u00f3n que resultaba m\u00e1s expectante y emocionante de lo que a primera vista podr\u00eda haber sido. Los pros y los contras se amontonaban en un saco cada vez m\u00e1s profundo a medida que se acercaba el veinte de julio, el momento de coger el avi\u00f3n hac\u00eda Bolivia. Incertidumbre que hac\u00eda el viaje m\u00e1s vivo, m\u00e1s latente, m\u00e1s ansioso por el qu\u00e9 pasar\u00e1, qu\u00e9 ocurrir\u00e1, que a la vez se hac\u00eda cargarte por una especie de tensi\u00f3n, de ansiedad e inseguridad ante lo incierto, lo incontrolado, lo puramente desconocido en una tierra casi desconocida. Nunca mejor dicho era como \u201cir a la aventura\u201d en la propia aventura en s\u00ed, en la que ya se hab\u00eda convertido esta expedici\u00f3n antes, incluso, de llegar a pisar Bolivia.<\/p>\n<div id=\"attachment_26203\" style=\"width: 1780px\" class=\"wp-caption aligncenter\"><a class=\"dt-single-image\" href=\"https:\/\/www.monta\u00f1asdelaluna.es\/wp-content\/uploads\/2016\/01\/Huayna.jpg\" data-dt-img-description=\"\"><img loading=\"lazy\" decoding=\"async\" aria-describedby=\"caption-attachment-26203\" class=\"wp-image-26203 size-full\" src=\"https:\/\/www.monta\u00f1asdelaluna.es\/wp-content\/uploads\/2016\/01\/Huayna.jpg\" alt=\"Huayna Potosi\" width=\"1770\" height=\"835\" srcset=\"https:\/\/www.monta\u00f1asdelaluna.es\/wp-content\/uploads\/2016\/01\/Huayna.jpg 1770w, https:\/\/www.monta\u00f1asdelaluna.es\/wp-content\/uploads\/2016\/01\/Huayna-300x142.jpg 300w, https:\/\/www.monta\u00f1asdelaluna.es\/wp-content\/uploads\/2016\/01\/Huayna-1024x483.jpg 1024w\" sizes=\"auto, (max-width: 1770px) 100vw, 1770px\" \/><\/a><p id=\"caption-attachment-26203\" class=\"wp-caption-text\">Huayna Potosi<\/p><\/div>\n<p>Por fin ya lo ten\u00edamos todo preparado, todo visto, todo estudiado\u2026 se acercaba el momento, el d\u00eda. Cont\u00e1bamos los d\u00edas, las horas\u2026 A pesar de tener visionados paisajes, monta\u00f1as, ciudades, selvas, cordilleras\u2026 sab\u00edamos que lo incontrolable, lo imprescindible, lo inesperado podr\u00eda sorprendernos en cualquier momento, en cualquier actividad, en cualquier lugar. Hab\u00edan muchos condicionantes para que esta expedici\u00f3n se convirtiera en una autentica aventura, pero no una aventura de riesgo, de peligro o de agitaci\u00f3n, si no una aventura de lo inesperado, de lo sorprendente, de lo espont\u00e1neo, pero tambi\u00e9n de lo fascinante, incre\u00edble e inolvidable. Trece \u00edbamos a ser los compa\u00f1eros totales. Nos unimos casi todos los compa\u00f1eros que sol\u00edamos salir de expedici\u00f3n, de viaje en verano en estos \u00faltimos a\u00f1os. Al contrario que la expedici\u00f3n del a\u00f1o anterior, a la que solo fuimos Jes\u00fas Santana y yo, esta vez grandes compa\u00f1eros y monta\u00f1eros \u00edbamos a compartir esta tremenda experiencia. Nombrar sus cualidades, virtudes, fallos o forma de ser no va a hacer falta, solo sus nombres y ese peque\u00f1o trocito de vida vivida en Bolivia ese mes conmigo: Enrique Segura, Infi Huedo, Javier Berenguer, Zaida Huertas, Carmen Ruiz, Eduardo Rodes, Gemma Bail\u00e9n, J. Antonio Ballester, David Soriano, Sara Lorenzo, Trino Mar\u00edn y mi fiel, paciente y gran amigo, compa\u00f1ero de grandes monta\u00f1as, Jes\u00fas Santana. Por primera vez nos \u00edbamos a juntar un buen grupo de amigos, compa\u00f1eros en una tierra m\u00e1gica, en unas bellas y maravillosas monta\u00f1as, en una selva hermosa, m\u00e1gica y sosegada. A\u00fan mientras escribo estas l\u00edneas en este folio en blanco, esta noche bajo un recuerdo alegre y fascinante, en este febrero inusual despu\u00e9s de dos a\u00f1os y medio de aquel viaje; siento que fue una de las experiencias, vivencias y aventuras que m\u00e1s me han impactado, se\u00f1alado y marcado. A\u00fan con los vuelcos de mi cabeza, con mis alegr\u00edas, mis penurias, ni conciencia e inconsciencia\u2026 el viaje, ese mes que pasamos en Bolivia fue una de las aventuras m\u00e1s excepcionales que he vivido hasta ahora. Pero seguro que no ser\u00e1 la \u00fanica.<\/p>\n<div id=\"attachment_26205\" style=\"width: 1643px\" class=\"wp-caption aligncenter\"><a class=\"dt-single-image\" href=\"https:\/\/www.monta\u00f1asdelaluna.es\/wp-content\/uploads\/2016\/01\/La-Paz.web_.jpg\" data-dt-img-description=\"LEAD Technologies Inc. V1.01\"><img loading=\"lazy\" decoding=\"async\" aria-describedby=\"caption-attachment-26205\" class=\"wp-image-26205 size-full\" src=\"https:\/\/www.monta\u00f1asdelaluna.es\/wp-content\/uploads\/2016\/01\/La-Paz.web_.jpg\" alt=\"La Paz con el Illimani al fondo\" width=\"1633\" height=\"1076\" srcset=\"https:\/\/www.monta\u00f1asdelaluna.es\/wp-content\/uploads\/2016\/01\/La-Paz.web_.jpg 1633w, https:\/\/www.monta\u00f1asdelaluna.es\/wp-content\/uploads\/2016\/01\/La-Paz.web_-300x198.jpg 300w, https:\/\/www.monta\u00f1asdelaluna.es\/wp-content\/uploads\/2016\/01\/La-Paz.web_-1024x675.jpg 1024w\" sizes=\"auto, (max-width: 1633px) 100vw, 1633px\" \/><\/a><p id=\"caption-attachment-26205\" class=\"wp-caption-text\">La Paz con el Illimani al fondo<\/p><\/div>\n<p>De repente ese sue\u00f1o lejano, imposible, fant\u00e1stico e incre\u00edble, se iba a hacer realidad. El esp\u00edritu reprimido, empeque\u00f1ecido, asustado iba a despertar con esta \u201c\u00faltima acci\u00f3n\u201d, este \u00faltimo y primer Sue\u00f1o de ese letargo, de ese duermevela, de ese castigo y c\u00e1rcel. Como el ave f\u00e9nix iba a resurgir de unas cenizas sucias, negras y degeneradas, una bella ave, libre, hermosa, resplandeciente y regenerada. Iba a unir lo f\u00edsico con lo metaf\u00edsico, lo m\u00e1gico con lo mundano, la monta\u00f1a con la selva, lo ancestral con lo actual, la amistad con la inmortalidad\u2026 Lo m\u00e1s dif\u00edcil iba a hacerse realidad; unir esos dos mundos en uno solo, en un solo viaje, en un solo eterno e imperecedero mes, tiempo, espacio. No era ese sue\u00f1o de ni\u00f1o el que se iba a hacer m\u00e1s que real, era el sue\u00f1o de muchos, las aventuras imposibles de cada uno, el despertar al mundo, a esos \u201ctres mundos\u201d\u00a0 que la Cruz Andina representa, a esa uni\u00f3n del cuerpo y el alma, de la raz\u00f3n y el esp\u00edritu, de la conciencia y la magia\u2026 \u00bfQu\u00e9 m\u00e1s le puedo pedir a la vida? No hay nada por encima de este estado de realizaci\u00f3n, de equilibrio, de sentirse completo\u2026 en paz; tan dif\u00edcil de encontrar y tan f\u00e1cil de perder\u2026 gris, blanco, verde, azul son los colores de Bolivia.<\/p>\n<p>Para refrescarme mejor mi memoria le he pedido prestado ese peque\u00f1o diario de viaje, ese <strong>5\u00e9 quadern de viatge<\/strong> a mi gran amigo, monta\u00f1ero y compa\u00f1ero de esas gigantescas y fr\u00edas monta\u00f1as, de esos viajes inolvidables a todos los confines del mundo, Jes\u00fas Santana. Escrito in situ, me ayudar\u00e9 de \u00e9l para contaros este viaje, esta fant\u00e1stica expedici\u00f3n. Prometo llevarme la pr\u00f3xima vez mi propio cuaderno, agenda, diario de viaje\u2026 \u00bfSer\u00e1 en Per\u00fa?<\/p>\n<p>Espero que os guste y sint\u00e1is el leerlo, como m\u00ednimo, la mitad de lo que yo sent\u00ed al vivirlo. Todo es posible en este mundo, mientras existan los sue\u00f1os y tengamos fe, ilusi\u00f3n de vivir, de disfrutar y de ser feliz.[vc_separator]<\/p>\n","protected":false},"excerpt":{"rendered":"<p>La preparaci\u00f3n del viaje no iba a ser tan complicada como la de Rusia, la del C\u00e1ucaso y Elbrus en el a\u00f1o dos mil tres. Si la expedici\u00f3n, viaje a Ecuador fue algo sencillo, a la preparaci\u00f3n desde Espa\u00f1a me refiero, la de Bolivia fue incluso m\u00e1s f\u00e1cil y sencilla. Primero por que, conociendo la&hellip;<\/p>\n","protected":false},"author":1,"featured_media":26205,"comment_status":"open","ping_status":"open","sticky":false,"template":"","format":"standard","meta":[],"categories":[34],"tags":[],"class_list":["post-26199","post","type-post","status-publish","format-standard","has-post-thumbnail","hentry","category-bolivia","category-34","description-off"],"_links":{"self":[{"href":"https:\/\/www.monta\u00f1asdelaluna.es\/index.php?rest_route=\/wp\/v2\/posts\/26199","targetHints":{"allow":["GET"]}}],"collection":[{"href":"https:\/\/www.monta\u00f1asdelaluna.es\/index.php?rest_route=\/wp\/v2\/posts"}],"about":[{"href":"https:\/\/www.monta\u00f1asdelaluna.es\/index.php?rest_route=\/wp\/v2\/types\/post"}],"author":[{"embeddable":true,"href":"https:\/\/www.monta\u00f1asdelaluna.es\/index.php?rest_route=\/wp\/v2\/users\/1"}],"replies":[{"embeddable":true,"href":"https:\/\/www.monta\u00f1asdelaluna.es\/index.php?rest_route=%2Fwp%2Fv2%2Fcomments&post=26199"}],"version-history":[{"count":11,"href":"https:\/\/www.monta\u00f1asdelaluna.es\/index.php?rest_route=\/wp\/v2\/posts\/26199\/revisions"}],"predecessor-version":[{"id":49967,"href":"https:\/\/www.monta\u00f1asdelaluna.es\/index.php?rest_route=\/wp\/v2\/posts\/26199\/revisions\/49967"}],"wp:featuredmedia":[{"embeddable":true,"href":"https:\/\/www.monta\u00f1asdelaluna.es\/index.php?rest_route=\/wp\/v2\/media\/26205"}],"wp:attachment":[{"href":"https:\/\/www.monta\u00f1asdelaluna.es\/index.php?rest_route=%2Fwp%2Fv2%2Fmedia&parent=26199"}],"wp:term":[{"taxonomy":"category","embeddable":true,"href":"https:\/\/www.monta\u00f1asdelaluna.es\/index.php?rest_route=%2Fwp%2Fv2%2Fcategories&post=26199"},{"taxonomy":"post_tag","embeddable":true,"href":"https:\/\/www.monta\u00f1asdelaluna.es\/index.php?rest_route=%2Fwp%2Fv2%2Ftags&post=26199"}],"curies":[{"name":"wp","href":"https:\/\/api.w.org\/{rel}","templated":true}]}}