{"id":26354,"date":"2012-01-21T13:15:20","date_gmt":"2012-01-21T13:15:20","guid":{"rendered":"http:\/\/monta\u00f1asdelaluna.com\/?p=26354"},"modified":"2021-08-13T07:06:30","modified_gmt":"2021-08-13T07:06:30","slug":"alrededores-de-arbucies","status":"publish","type":"post","link":"https:\/\/www.monta\u00f1asdelaluna.es\/?p=26354","title":{"rendered":"Alrededores de Arb\u00facies"},"content":{"rendered":"<p>[vc_row][vc_column][vc_column_text]Despu\u00e9s de recorrer diferentes sitios de la Sierra del Montseny, decid\u00ed que el siguiente lugar ser\u00edan los alrededores del Castillo de Montsoriu, cerca de Arb\u00facies.<br \/>\nDespu\u00e9s de estudiar mapas y mirar rutas conclu\u00ed en hacer un recorrido que uniera las fortificaciones de las inmediaciones o cercanas a la poblaci\u00f3n, junto con un bonito recorrido por sus bosques, sobre todo, de casta\u00f1os&#8230; pero antes de hacer nada seguro, deb\u00eda ir a explorar la zona, ya que, a pesar de lo muy bien que est\u00e1n se\u00f1alados los itinerarios y recorridos por el parque natural, y de hecho utilizar\u00eda parte de sus trayectos en mi ruta, fuera de los se\u00f1alizado, podr\u00eda convertirse en un laberinto de caminos, senderos, caminos de herradura&#8230; los cuales ni hasta el mejor mapa sabe descifrarte. Y es m\u00e1s o menos lo que pas\u00f3.<\/p>\n<p>Los objetivos (por as\u00ed llamarlo) ser\u00eda el Castillo de Montsoriu, la Torre de Montfort y el Casta\u00f1ar del Gavatx (al menos sus cercan\u00edas). Varios puntos de enlace entre rutas hab\u00eda que examinar y estudiar in situ; as\u00ed que Anna y yo, nos dispusimos ha realizar una excursi\u00f3n saliendo de Arb\u00facies, circular, siguiendo el P.R.-204 Arb\u00facies-Santa Fe, desvi\u00e1ndonos hac\u00eda Fontdellops, Tur\u00f3 de Montfort, y ya bajar, acerc\u00e1ndonos al camino elegido que nos llevar\u00eda hasta las inmediaciones del Castillo de Montsoriu (para otra excursi\u00f3n), hac\u00eda El Repl\u00e1, enlazar con el P.R.-201 Arb\u00facies-Montsoriu, ya de vuelta a Arb\u00facies&#8230; el pasado 21 de enero.<\/p>\n<div id=\"attachment_26275\" style=\"width: 1034px\" class=\"wp-caption aligncenter\"><a class=\"dt-single-image\" href=\"https:\/\/www.monta\u00f1asdelaluna.es\/wp-content\/uploads\/2016\/01\/Bosques-de-Arb\u00facies.-21-01-12-006.jpg\" data-dt-img-description=\"\"><img loading=\"lazy\" decoding=\"async\" aria-describedby=\"caption-attachment-26275\" class=\"wp-image-26275 size-large\" src=\"https:\/\/www.monta\u00f1asdelaluna.es\/wp-content\/uploads\/2016\/01\/Bosques-de-Arb\u00facies.-21-01-12-006-1024x768.jpg\" alt=\"Bosques de los alrededores\" width=\"1024\" height=\"768\" srcset=\"https:\/\/www.monta\u00f1asdelaluna.es\/wp-content\/uploads\/2016\/01\/Bosques-de-Arb\u00facies.-21-01-12-006-1024x768.jpg 1024w, https:\/\/www.monta\u00f1asdelaluna.es\/wp-content\/uploads\/2016\/01\/Bosques-de-Arb\u00facies.-21-01-12-006-300x225.jpg 300w, https:\/\/www.monta\u00f1asdelaluna.es\/wp-content\/uploads\/2016\/01\/Bosques-de-Arb\u00facies.-21-01-12-006.jpg 1795w\" sizes=\"auto, (max-width: 1024px) 100vw, 1024px\" \/><\/a><p id=\"caption-attachment-26275\" class=\"wp-caption-text\">Bosques de los alrededores<\/p><\/div>\n<div id=\"attachment_26279\" style=\"width: 1805px\" class=\"wp-caption aligncenter\"><a class=\"dt-single-image\" href=\"https:\/\/www.monta\u00f1asdelaluna.es\/wp-content\/uploads\/2016\/01\/Bosques-de-Arb\u00facies.-21-01-12-012.jpg\" data-dt-img-description=\"\"><img loading=\"lazy\" decoding=\"async\" aria-describedby=\"caption-attachment-26279\" class=\"wp-image-26279 size-full\" src=\"https:\/\/www.monta\u00f1asdelaluna.es\/wp-content\/uploads\/2016\/01\/Bosques-de-Arb\u00facies.-21-01-12-012.jpg\" alt=\"Bosques de sureres\" width=\"1795\" height=\"1346\" srcset=\"https:\/\/www.monta\u00f1asdelaluna.es\/wp-content\/uploads\/2016\/01\/Bosques-de-Arb\u00facies.-21-01-12-012.jpg 1795w, https:\/\/www.monta\u00f1asdelaluna.es\/wp-content\/uploads\/2016\/01\/Bosques-de-Arb\u00facies.-21-01-12-012-300x225.jpg 300w, https:\/\/www.monta\u00f1asdelaluna.es\/wp-content\/uploads\/2016\/01\/Bosques-de-Arb\u00facies.-21-01-12-012-1024x768.jpg 1024w\" sizes=\"auto, (max-width: 1795px) 100vw, 1795px\" \/><\/a><p id=\"caption-attachment-26279\" class=\"wp-caption-text\">Bosques de sureres<\/p><\/div>\n<p>Para empezar no llegamos a encontrar la salida del pueblo hac\u00eda dichos itinerarios, ya que ambos P.R. (201 y 204) comienzan en el mismo punto. Muy cerca de encontrar la calle en cuesti\u00f3n y sus se\u00f1alizaciones, una se\u00f1ora (que no conoce las se\u00f1alizaciones de los P.R., lo m\u00e1s seguro) nos dice que la subida es m\u00e1s, por en medio de las casas de la calle Dom\u00e8nec Refart y hace que nos alejemos m\u00e1s de punto de partida original. Por suerte y viendo el viejo mapa del Montseny, seguimos, ya en la ladera boscosa de la monta\u00f1a, una senda a la izquierda y arriba que nos deriva en la se\u00f1alizada P.R.-204. Para la pr\u00f3xima, si no se quiere salir del centro del pueblo, la \u00faltima calle del mismo hac\u00eda las nombradas rutas es la de Travessera Montseny. Una callecilla corta y medio escondida que termina en las mismas laderas de huertecillos, chalets y frondosidades de la monta\u00f1a.<\/p>\n<p>Es muy f\u00e1cil ahora seguir las se\u00f1alizaciones del P.R.-204. Por en medio de bosques de sureres y subiendo por el cordal de una loma de la monta\u00f1a. Aqu\u00ed ya comienza a impresionarte el bosque de los alrededores de Arb\u00facies, sin ni si quiera haber llegado a sus asombrosos casta\u00f1ares. Llega un momento en que el P.R. se desv\u00eda hac\u00eda la derecha por una pista o calle asfaltada. Yo, por mi af\u00e1n de tocar en lo m\u00e1s m\u00ednimo terreno artificial, descubro antiguas se\u00f1ales en los \u00e1rboles y nos disponemos a seguir una senda en medio de un camino casi abandonado, al otro lado de una verja cerrada y un inquisidor cartelito de \u201cpropiedad particular, prohibido el paso\u201d&#8230; no saltamos la puerta enverjada, la rodeamos por la izquierda. En un claro de este camino sin utilizar descubrimos arriba y enfrente nuestro las fronteras altitudinales del Montseny: un bonito y escarpado perfil de Les Agudes que le dan un aspecto fiero y encantador a la imagen. Algunos hilillos de nieve asolan en los escondidos rincones de sus paredes, y la monta\u00f1a parece m\u00e1s magn\u00edfica y enorme. A nuestra izquierda, al otro lado del valle y ensombrecido por el sol de cara, la suave y sublime silueta del Tur\u00f3 de Montfort, por el cual pasaremos en esta aventurera ruta. Hermoso.<\/p>\n<div id=\"attachment_26281\" style=\"width: 1034px\" class=\"wp-caption aligncenter\"><a class=\"dt-single-image\" href=\"https:\/\/www.monta\u00f1asdelaluna.es\/wp-content\/uploads\/2016\/01\/Bosques-de-Arb\u00facies.-21-01-12-015.jpg\" data-dt-img-description=\"\"><img loading=\"lazy\" decoding=\"async\" aria-describedby=\"caption-attachment-26281\" class=\"wp-image-26281 size-large\" src=\"https:\/\/www.monta\u00f1asdelaluna.es\/wp-content\/uploads\/2016\/01\/Bosques-de-Arb\u00facies.-21-01-12-015-1024x768.jpg\" alt=\"Camino de Camp d'en Pla. Al fondo Les Agudes\" width=\"1024\" height=\"768\" srcset=\"https:\/\/www.monta\u00f1asdelaluna.es\/wp-content\/uploads\/2016\/01\/Bosques-de-Arb\u00facies.-21-01-12-015-1024x768.jpg 1024w, https:\/\/www.monta\u00f1asdelaluna.es\/wp-content\/uploads\/2016\/01\/Bosques-de-Arb\u00facies.-21-01-12-015-300x225.jpg 300w, https:\/\/www.monta\u00f1asdelaluna.es\/wp-content\/uploads\/2016\/01\/Bosques-de-Arb\u00facies.-21-01-12-015.jpg 1795w\" sizes=\"auto, (max-width: 1024px) 100vw, 1024px\" \/><\/a><p id=\"caption-attachment-26281\" class=\"wp-caption-text\">Camino de Camp d&#8217;en Pla. Al fondo Les Agudes<\/p><\/div>\n<p>Pronto el camino abandonado termina y subimos unos metros en busca de un colladito y de nuevo giramos hac\u00eda la izquierda, buscando lo m\u00e1s lato de la loma. Nos encontramos con un ciclista perdido que a su vez ha perdido a sus compa\u00f1eros. Gritos de \u201cJaume, Jaume&#8230;\u201d asolan las solitarias laderas boscosas del Montseny. Pronto otro cruce, escogemos el camino de enfrente a la derecha que, a su vez, es comienzo de una simp\u00e1tica senda (a su izquierda) descubierta gracias a las viejas marcas de pintura en algunos de los \u00e1rboles, se\u00f1alando el antiguo recorrido de una ruta, seguramente la que sube a Santa Fe. Seguimos esta sendilla por en medio del bosque, ahora hay m\u00e1s pinos, y en seguida deriva en la se\u00f1alizada (se ven los postes muy bien) P.R.-204, y que seguiremos hac\u00eda la izquierda, en direcci\u00f3n siempre Santa Fe.<\/p>\n<div id=\"attachment_26285\" style=\"width: 1034px\" class=\"wp-caption aligncenter\"><a class=\"dt-single-image\" href=\"https:\/\/www.monta\u00f1asdelaluna.es\/wp-content\/uploads\/2016\/01\/Bosques-de-Arb\u00facies.-21-01-12-024.jpg\" data-dt-img-description=\"\"><img loading=\"lazy\" decoding=\"async\" aria-describedby=\"caption-attachment-26285\" class=\"wp-image-26285 size-large\" src=\"https:\/\/www.monta\u00f1asdelaluna.es\/wp-content\/uploads\/2016\/01\/Bosques-de-Arb\u00facies.-21-01-12-024-1024x768.jpg\" alt=\"Bosques en torno al Tur\u00f3 d'en Pistola. Al fondo Joaqu\u00edn\" width=\"1024\" height=\"768\" srcset=\"https:\/\/www.monta\u00f1asdelaluna.es\/wp-content\/uploads\/2016\/01\/Bosques-de-Arb\u00facies.-21-01-12-024-1024x768.jpg 1024w, https:\/\/www.monta\u00f1asdelaluna.es\/wp-content\/uploads\/2016\/01\/Bosques-de-Arb\u00facies.-21-01-12-024-300x225.jpg 300w, https:\/\/www.monta\u00f1asdelaluna.es\/wp-content\/uploads\/2016\/01\/Bosques-de-Arb\u00facies.-21-01-12-024.jpg 1795w\" sizes=\"auto, (max-width: 1024px) 100vw, 1024px\" \/><\/a><p id=\"caption-attachment-26285\" class=\"wp-caption-text\">Bosques en torno al Tur\u00f3 d&#8217;en Pistola. Al fondo Joaqu\u00edn<\/p><\/div>\n<div id=\"attachment_26286\" style=\"width: 1805px\" class=\"wp-caption aligncenter\"><a class=\"dt-single-image\" href=\"https:\/\/www.monta\u00f1asdelaluna.es\/wp-content\/uploads\/2016\/01\/Bosques-de-Arb\u00facies.-21-01-12-026.jpg\" data-dt-img-description=\"\"><img loading=\"lazy\" decoding=\"async\" aria-describedby=\"caption-attachment-26286\" class=\"wp-image-26286 size-full\" src=\"https:\/\/www.monta\u00f1asdelaluna.es\/wp-content\/uploads\/2016\/01\/Bosques-de-Arb\u00facies.-21-01-12-026.jpg\" alt=\"Bosques en torno al Tur\u00f3 d'en Pistola\" width=\"1795\" height=\"1346\" srcset=\"https:\/\/www.monta\u00f1asdelaluna.es\/wp-content\/uploads\/2016\/01\/Bosques-de-Arb\u00facies.-21-01-12-026.jpg 1795w, https:\/\/www.monta\u00f1asdelaluna.es\/wp-content\/uploads\/2016\/01\/Bosques-de-Arb\u00facies.-21-01-12-026-300x225.jpg 300w, https:\/\/www.monta\u00f1asdelaluna.es\/wp-content\/uploads\/2016\/01\/Bosques-de-Arb\u00facies.-21-01-12-026-1024x768.jpg 1024w\" sizes=\"auto, (max-width: 1795px) 100vw, 1795px\" \/><\/a><p id=\"caption-attachment-26286\" class=\"wp-caption-text\">Bosques en torno al Tur\u00f3 d&#8217;en Pistola<\/p><\/div>\n<p>Nos encontramos con un par de cazadores (disfrazados hasta las orejas como tal) aburridos que nos anteceden, en busca del coche artos de no encontrar nada. La senda es bonita ahora: por las laderas este y boscosas del Tur\u00f3 d\u2019en Pistola (que no subimos), donde las sureres se disputan su supremac\u00eda ante unos pinos altos y dominantes. Encantador. Poco a poco el valle se va cerrando y cogiendo altura en una especie de circo boscoso y frondoso, en el medio del cual, se encuentra Fontdellops. Seguimos el P.R. junto a unos campos de cultivos en alto, dejando el bosque a la derecha: es el Camp d\u2019en Pla; cerca de la casa rural del mismo nombre y de la mas\u00eda Can Pla, que por cierto, nos dirigiremos hac\u00eda ella. Despu\u00e9s de una corta senda dominada por cuatro altivos pinos, debemos dejar el itinerario del P.R. (que se aleja hac\u00eda la derecha) y seguir un camino a la izquierda y m\u00e1s o menos llano, hac\u00eda Can Pla.<\/p>\n<p>Ahora debemos seguir mi intuici\u00f3n, recuerdos de lo visto y estudiado, y el viejo y rehabilitado mapa del Montseny (encontrado en el Tur\u00f3 de l\u2019Home) para proseguir la aventura hac\u00eda Fontdellops, el pr\u00f3ximo objetivo \u00a1\u00a1A ver como salimos de \u00e9sta!!<\/p>\n<div id=\"attachment_26289\" style=\"width: 1034px\" class=\"wp-caption aligncenter\"><a class=\"dt-single-image\" href=\"https:\/\/www.monta\u00f1asdelaluna.es\/wp-content\/uploads\/2016\/01\/Bosques-de-Arb\u00facies.-21-01-12-029.jpg\" data-dt-img-description=\"\"><img loading=\"lazy\" decoding=\"async\" aria-describedby=\"caption-attachment-26289\" class=\"wp-image-26289 size-large\" src=\"https:\/\/www.monta\u00f1asdelaluna.es\/wp-content\/uploads\/2016\/01\/Bosques-de-Arb\u00facies.-21-01-12-029-1024x768.jpg\" alt=\"Anna en Camp d'en Pla\" width=\"1024\" height=\"768\" srcset=\"https:\/\/www.monta\u00f1asdelaluna.es\/wp-content\/uploads\/2016\/01\/Bosques-de-Arb\u00facies.-21-01-12-029-1024x768.jpg 1024w, https:\/\/www.monta\u00f1asdelaluna.es\/wp-content\/uploads\/2016\/01\/Bosques-de-Arb\u00facies.-21-01-12-029-300x225.jpg 300w, https:\/\/www.monta\u00f1asdelaluna.es\/wp-content\/uploads\/2016\/01\/Bosques-de-Arb\u00facies.-21-01-12-029.jpg 1795w\" sizes=\"auto, (max-width: 1024px) 100vw, 1024px\" \/><\/a><p id=\"caption-attachment-26289\" class=\"wp-caption-text\">Anna en Camp d&#8217;en Pla<\/p><\/div>\n<div id=\"attachment_26291\" style=\"width: 1034px\" class=\"wp-caption aligncenter\"><a class=\"dt-single-image\" href=\"https:\/\/www.monta\u00f1asdelaluna.es\/wp-content\/uploads\/2016\/01\/Bosques-de-Arb\u00facies.-21-01-12-033.jpg\" data-dt-img-description=\"\"><img loading=\"lazy\" decoding=\"async\" aria-describedby=\"caption-attachment-26291\" class=\"wp-image-26291 size-large\" src=\"https:\/\/www.monta\u00f1asdelaluna.es\/wp-content\/uploads\/2016\/01\/Bosques-de-Arb\u00facies.-21-01-12-033-1024x768.jpg\" alt=\"Pasando junto a Can Pla (del Ve\u00efnat)\" width=\"1024\" height=\"768\" srcset=\"https:\/\/www.monta\u00f1asdelaluna.es\/wp-content\/uploads\/2016\/01\/Bosques-de-Arb\u00facies.-21-01-12-033-1024x768.jpg 1024w, https:\/\/www.monta\u00f1asdelaluna.es\/wp-content\/uploads\/2016\/01\/Bosques-de-Arb\u00facies.-21-01-12-033-300x225.jpg 300w, https:\/\/www.monta\u00f1asdelaluna.es\/wp-content\/uploads\/2016\/01\/Bosques-de-Arb\u00facies.-21-01-12-033.jpg 1795w\" sizes=\"auto, (max-width: 1024px) 100vw, 1024px\" \/><\/a><p id=\"caption-attachment-26291\" class=\"wp-caption-text\">Pasando junto a Can Pla (del Ve\u00efnat)<\/p><\/div>\n<p>Seguimos la pista o camino que pasa por en medio de las casas de Can Pla. No internamos ahora por grandioso y bellos bosques de casta\u00f1os: pelados y como muertos, delgados \u00e1rboles se enfilan hac\u00eda el cielo mientras sus enormes hojas marrones siguen llenando, en ocasiones, el suelo del camino y el terreno del bosque; algunos peludos frutos quedan en la tierra, a merced de insectos, herb\u00edvoros y otros animalillos del bosque&#8230; pero la visi\u00f3n es m\u00e1s encantadora y melanc\u00f3lica, bella, que fantasmag\u00f3rica y l\u00fagubre. Por suerte el d\u00eda acompa\u00f1a en el recorrido, a pesar de que la sombra de la monta\u00f1a nos enga\u00f1a con sus juegos de luces, y el disfrute es total. En seguida un camino de herradura a la derecha y hac\u00eda arriba (direcci\u00f3n este) desemboca pronto en el que me interesa seguir, m\u00e1s principal hac\u00eda la derecha y arriba (direcci\u00f3n oeste). Aqu\u00ed ser\u00e1 la parte m\u00e1s empinada, o casi, de la excursi\u00f3n cogiendo el zigzag de las pistas, caminos, sendas y monte a trav\u00e9s hasta el camino horizontal (casi de bajada) que nos lleve a Fontdellops. Siguiendo ahora las indicaciones de mi viejo mapa (no actualizado) dejamos un camino a la derecha que se dirige hac\u00eda la Font dels Senglars, y cogemos otro que sale justamente en una curva de unos 90\u00ba hac\u00eda arriba y derecha (direcci\u00f3n norte). Si hubi\u00e9ramos seguido, el camino terminar\u00eda en Can Pere Vidal; mas\u00eda que vislumbrar\u00edamos escondida entre las frondosidades da la pinada, algo m\u00e1s abajo del camino que seguimos ahora. Cabe decir que en un nuevo mapa de alpina, \u00e9ste camino (el que he cogido ahora) muere enseguida, pero sin embargo, en el mapa que sigo me sube zigzagueando un desnivel importante, hasta el camino que se dirige a Fontdellops&#8230; \u00a1Hay que hacerles caso a los mapas actuales!<\/p>\n<div id=\"attachment_26293\" style=\"width: 1034px\" class=\"wp-caption aligncenter\"><a class=\"dt-single-image\" href=\"https:\/\/www.monta\u00f1asdelaluna.es\/wp-content\/uploads\/2016\/01\/Bosques-de-Arb\u00facies.-21-01-12-036.jpg\" data-dt-img-description=\"\"><img loading=\"lazy\" decoding=\"async\" aria-describedby=\"caption-attachment-26293\" class=\"wp-image-26293 size-large\" src=\"https:\/\/www.monta\u00f1asdelaluna.es\/wp-content\/uploads\/2016\/01\/Bosques-de-Arb\u00facies.-21-01-12-036-1024x768.jpg\" alt=\"Bosques y casta\u00f1ares del Ve\u00efnat de Fran\u00e7a\" width=\"1024\" height=\"768\" srcset=\"https:\/\/www.monta\u00f1asdelaluna.es\/wp-content\/uploads\/2016\/01\/Bosques-de-Arb\u00facies.-21-01-12-036-1024x768.jpg 1024w, https:\/\/www.monta\u00f1asdelaluna.es\/wp-content\/uploads\/2016\/01\/Bosques-de-Arb\u00facies.-21-01-12-036-300x225.jpg 300w, https:\/\/www.monta\u00f1asdelaluna.es\/wp-content\/uploads\/2016\/01\/Bosques-de-Arb\u00facies.-21-01-12-036.jpg 1795w\" sizes=\"auto, (max-width: 1024px) 100vw, 1024px\" \/><\/a><p id=\"caption-attachment-26293\" class=\"wp-caption-text\">Bosques y casta\u00f1ares del Ve\u00efnat de Fran\u00e7a<\/p><\/div>\n<p>Para nuestra sorpresa el camino, despu\u00e9s de subir varios tramos, termina en la nada. Mientras que en mi mapa sigue. Muy pr\u00f3ximo oigo el correr del agua de una fuente; y nos acercamos a ella por monte a trav\u00e9s casi, casi&#8230; \u00c9sta fuente (que queda a la derecha del finalizado camino) s\u00ed est\u00e1 se\u00f1alizada en mi mapa y en un mapa actualizado. De aqu\u00ed subimos completamente en vertical, monte a trav\u00e9s y muy empinado, hasta otro \u201cdesconocido camino\u201d (no est\u00e1 en un mapa actualizado y no s\u00e9 diferenciarlo en el del ICC) que nos llevar\u00e1, hac\u00eda la izquierda (direcci\u00f3n norte) hasta que se tope con una riera por el que baja un simp\u00e1tico y alegre torrente de agua. El lugar es fabuloso y muy bonito, con ese suelo corrompido por la putrefacci\u00f3n de las marrones casi p\u00e1lidas hojas ca\u00eddas hace meses, y esos sanos y altivos \u00e1rboles que guardan y alojan en silencio el ruidoso e hipnotizador sonido del agua al deslizarse por entre las piedras y las ra\u00edces. Encantador rinc\u00f3n. Justo al otro lado del torrente, en la ladera de enfrente pero muy cercana, aparece un camino que va haciendo curvas. \u00c9ste no aparece en mi mapa por lo que desconf\u00edo \u00a1\u00a1\u00a1Error!!! Despu\u00e9s averiguo, en los mapas ICC y Alpina actualizados, que este camino me llevar\u00eda hac\u00eda arriba al cruce con el que nos dirige a Fontdellops, y hac\u00eda abajo a Can Pirotillo.<\/p>\n<div id=\"attachment_26295\" style=\"width: 1034px\" class=\"wp-caption aligncenter\"><a class=\"dt-single-image\" href=\"https:\/\/www.monta\u00f1asdelaluna.es\/wp-content\/uploads\/2016\/01\/Bosques-de-Arb\u00facies.-21-01-12-039.jpg\" data-dt-img-description=\"\"><img loading=\"lazy\" decoding=\"async\" aria-describedby=\"caption-attachment-26295\" class=\"wp-image-26295 size-large\" src=\"https:\/\/www.monta\u00f1asdelaluna.es\/wp-content\/uploads\/2016\/01\/Bosques-de-Arb\u00facies.-21-01-12-039-1024x768.jpg\" alt=\"Bosques y casta\u00f1ares del Ve\u00efnat de Fran\u00e7a\" width=\"1024\" height=\"768\" srcset=\"https:\/\/www.monta\u00f1asdelaluna.es\/wp-content\/uploads\/2016\/01\/Bosques-de-Arb\u00facies.-21-01-12-039-1024x768.jpg 1024w, https:\/\/www.monta\u00f1asdelaluna.es\/wp-content\/uploads\/2016\/01\/Bosques-de-Arb\u00facies.-21-01-12-039-300x225.jpg 300w, https:\/\/www.monta\u00f1asdelaluna.es\/wp-content\/uploads\/2016\/01\/Bosques-de-Arb\u00facies.-21-01-12-039.jpg 1795w\" sizes=\"auto, (max-width: 1024px) 100vw, 1024px\" \/><\/a><p id=\"caption-attachment-26295\" class=\"wp-caption-text\">Bosques y casta\u00f1ares del Ve\u00efnat de Fran\u00e7a<\/p><\/div>\n<div id=\"attachment_26299\" style=\"width: 831px\" class=\"wp-caption aligncenter\"><a class=\"dt-single-image\" href=\"https:\/\/www.monta\u00f1asdelaluna.es\/wp-content\/uploads\/2016\/01\/Bosques-de-Arb\u00facies.-21-01-12-048.jpg\" data-dt-img-description=\"\"><img loading=\"lazy\" decoding=\"async\" aria-describedby=\"caption-attachment-26299\" class=\"wp-image-26299 \" src=\"https:\/\/www.monta\u00f1asdelaluna.es\/wp-content\/uploads\/2016\/01\/Bosques-de-Arb\u00facies.-21-01-12-048.jpg\" alt=\"Bosques y casta\u00f1ares del Ve\u00efnat de Fran\u00e7a\" width=\"821\" height=\"1095\" srcset=\"https:\/\/www.monta\u00f1asdelaluna.es\/wp-content\/uploads\/2016\/01\/Bosques-de-Arb\u00facies.-21-01-12-048.jpg 1346w, https:\/\/www.monta\u00f1asdelaluna.es\/wp-content\/uploads\/2016\/01\/Bosques-de-Arb\u00facies.-21-01-12-048-225x300.jpg 225w, https:\/\/www.monta\u00f1asdelaluna.es\/wp-content\/uploads\/2016\/01\/Bosques-de-Arb\u00facies.-21-01-12-048-768x1024.jpg 768w\" sizes=\"auto, (max-width: 821px) 100vw, 821px\" \/><\/a><p id=\"caption-attachment-26299\" class=\"wp-caption-text\">Bosques y casta\u00f1ares del Ve\u00efnat de Fran\u00e7a<\/p><\/div>\n<p>Siguiendo ciegamente las indicaciones de mi mapa, seguimos monte a trav\u00e9s por el linde y rivera de esta riera hac\u00eda arriba en busca del camino que nos lleva a Fontdellops. Al poco tiempo nos topamos con otro camino que se aleja de la dulce riera. Lo cogemos y nos deriva en otro que hac\u00eda la izquierda vuelve a acercarse a la corriente del torrente. Empleamos mucho tiempo en este baile de caminos que van y vienen&#8230; seguimos de nuevo la riera campo a trav\u00e9s y hac\u00eda arriba esperando, de nuevo, el encuentro delicioso con ese camino principal que nos lleve a Fontdellops. Anna se comienza a desesperar pero proseguimos incansablemente \u00a1Tambi\u00e9n tiene su encanto \u00bfno?! De nuevo otro desgastado camino. No parece el principal. Lo seguimos hac\u00eda la izquierda y sur-sureste por que \u00e9ste si cruza el encantador torrente. Ahora la geograf\u00eda a cambiado: de las empinadas laderas a una especie de terreno que poco a poco se va aplanando y escondiendo a nuestros ojos; el bosque sigue omnipresente, grandioso&#8230; Cruzamos la riera y hay que elegir entre un camino, siempre desgastados y llenos de matorrales, entre el que va hac\u00eda abajo izquierda o el que va hac\u00eda arriba derecha \u00a1No hay que perder altura! y como no nos hemos topado con el que va a Fontdellops que est\u00e1 a m\u00e1s altura y debemos cruzarnos con \u00e9l&#8230; pues el de arriba. En poco tiempo \u00e9ste desemboca o nos damos cuenta en el siguiente cruce, que es el camino bueno que se dirige a Fontdellops; al ser horizontal, cruzar la ladera hac\u00eda el sureste y al comprobar como otro ramal de este camino baja hac\u00eda Can Pirotillo (camino que no existe en mi viejo mapa) y es el que vimos al otro lado de la riera la primera vez que nos topemos con ella. Reconoceremos que vamos bien por que pasaremos, en el mismo cruce, junto a un grueso y llamativo tronco de un gran \u00e1rbol \u00a1Por fin vamos por buen camino!<\/p>\n<p>Hemos cruzado la zona que llaman el Ve\u00efnat de Fran\u00e7a, en el que el laberinto de caminos inutilizados, sendas deshechas y laderas empinadas sin salida, se mezcla con un bosque casta\u00f1ar, pinar y sureres exclusivo, magn\u00edfico y encantador. Si veis mucho l\u00edo&#8230; no hacerme mucho caso y seguir vuestro instinto: siempre hac\u00eda arriba, pegado a la riera o cerca de ella hasta que ve\u00e1is un camino al otro lado de ella o que la cruce.<\/p>\n<div id=\"attachment_26300\" style=\"width: 1034px\" class=\"wp-caption aligncenter\"><a class=\"dt-single-image\" href=\"https:\/\/www.monta\u00f1asdelaluna.es\/wp-content\/uploads\/2016\/01\/Bosques-de-Arb\u00facies.-21-01-12-053.jpg\" data-dt-img-description=\"\"><img loading=\"lazy\" decoding=\"async\" aria-describedby=\"caption-attachment-26300\" class=\"wp-image-26300 size-large\" src=\"https:\/\/www.monta\u00f1asdelaluna.es\/wp-content\/uploads\/2016\/01\/Bosques-de-Arb\u00facies.-21-01-12-053-1024x768.jpg\" alt=\"Arroyo en medio de los bosques y casta\u00f1ares del Ve\u00efnat de Fran\u00e7a\" width=\"1024\" height=\"768\" srcset=\"https:\/\/www.monta\u00f1asdelaluna.es\/wp-content\/uploads\/2016\/01\/Bosques-de-Arb\u00facies.-21-01-12-053-1024x768.jpg 1024w, https:\/\/www.monta\u00f1asdelaluna.es\/wp-content\/uploads\/2016\/01\/Bosques-de-Arb\u00facies.-21-01-12-053-300x225.jpg 300w, https:\/\/www.monta\u00f1asdelaluna.es\/wp-content\/uploads\/2016\/01\/Bosques-de-Arb\u00facies.-21-01-12-053.jpg 1795w\" sizes=\"auto, (max-width: 1024px) 100vw, 1024px\" \/><\/a><p id=\"caption-attachment-26300\" class=\"wp-caption-text\">Arroyo en medio de los bosques y casta\u00f1ares del Ve\u00efnat de Fran\u00e7a<\/p><\/div>\n<div id=\"attachment_26305\" style=\"width: 1805px\" class=\"wp-caption aligncenter\"><a class=\"dt-single-image\" href=\"https:\/\/www.monta\u00f1asdelaluna.es\/wp-content\/uploads\/2016\/01\/Bosques-de-Arb\u00facies.-21-01-12-062.jpg\" data-dt-img-description=\"\"><img loading=\"lazy\" decoding=\"async\" aria-describedby=\"caption-attachment-26305\" class=\"wp-image-26305 size-full\" src=\"https:\/\/www.monta\u00f1asdelaluna.es\/wp-content\/uploads\/2016\/01\/Bosques-de-Arb\u00facies.-21-01-12-062.jpg\" alt=\"Tur\u00f3 de Montfort en el centro\" width=\"1795\" height=\"1346\" srcset=\"https:\/\/www.monta\u00f1asdelaluna.es\/wp-content\/uploads\/2016\/01\/Bosques-de-Arb\u00facies.-21-01-12-062.jpg 1795w, https:\/\/www.monta\u00f1asdelaluna.es\/wp-content\/uploads\/2016\/01\/Bosques-de-Arb\u00facies.-21-01-12-062-300x225.jpg 300w, https:\/\/www.monta\u00f1asdelaluna.es\/wp-content\/uploads\/2016\/01\/Bosques-de-Arb\u00facies.-21-01-12-062-1024x768.jpg 1024w\" sizes=\"auto, (max-width: 1795px) 100vw, 1795px\" \/><\/a><p id=\"caption-attachment-26305\" class=\"wp-caption-text\">Tur\u00f3 de Montfort en el centro<\/p><\/div>\n<p>Ya de camino a Fontdellops el recorrido baja altura. Justo en el punto en que cogemos \u00e9ste camino al cruzar la riera \u201csi nombre\u201d, es el punto m\u00e1s alto de la excursi\u00f3n a poco m\u00e1s de 750 mts. Ahora caminamos pl\u00e1cidamente por el cierto camino en el que cruzamos el Sot de Les Mines y el Sot dels Descasadors o de l\u2019Escala. Rieras como la anterior que donan sus aguas a la Riera del Pont Cremat, y \u00e9sta a su vez a la de Arb\u00facies. Fuentes del Montseny, donde no para de emanar agua. Desde aqu\u00ed vemos mucho mejor la figura c\u00f3nica, perfecta y frondosa del Tur\u00f3 de Montfort. Hermoso. Ya por fin llegamos a los letreros que nos indican el lugar de Fontdellops: una especie de mas\u00eda rehabilitada como casa de turismo rural. El lugar es id\u00f3neo y encantador.<\/p>\n<p>Buscamos un lugar soleado para parar a comer, ya que la sombra de la monta\u00f1a es fr\u00eda y oscura. Seguimos pues el camino, sin ninguna dificultad, hac\u00eda el faro en el que se convierte el Tur\u00f3 de Montfort para guiarnos hasta \u00e9l. Justo en el siguiente cruce, con un camino que viene del otro lado de la ladera, paramos tranquilamente a comer. Como os habr\u00e9is podido figurar no nos hemos encontrado con nadie. Es una zona algo escondida, perdida pero encantadora y de hermosos bosques.<\/p>\n<div id=\"attachment_26306\" style=\"width: 1034px\" class=\"wp-caption aligncenter\"><a class=\"dt-single-image\" href=\"https:\/\/www.monta\u00f1asdelaluna.es\/wp-content\/uploads\/2016\/01\/Bosques-de-Arb\u00facies.-21-01-12-065.jpg\" data-dt-img-description=\"\"><img loading=\"lazy\" decoding=\"async\" aria-describedby=\"caption-attachment-26306\" class=\"wp-image-26306 size-large\" src=\"https:\/\/www.monta\u00f1asdelaluna.es\/wp-content\/uploads\/2016\/01\/Bosques-de-Arb\u00facies.-21-01-12-065-1024x768.jpg\" alt=\"Cruce a Fontdellops\" width=\"1024\" height=\"768\" srcset=\"https:\/\/www.monta\u00f1asdelaluna.es\/wp-content\/uploads\/2016\/01\/Bosques-de-Arb\u00facies.-21-01-12-065-1024x768.jpg 1024w, https:\/\/www.monta\u00f1asdelaluna.es\/wp-content\/uploads\/2016\/01\/Bosques-de-Arb\u00facies.-21-01-12-065-300x225.jpg 300w, https:\/\/www.monta\u00f1asdelaluna.es\/wp-content\/uploads\/2016\/01\/Bosques-de-Arb\u00facies.-21-01-12-065.jpg 1795w\" sizes=\"auto, (max-width: 1024px) 100vw, 1024px\" \/><\/a><p id=\"caption-attachment-26306\" class=\"wp-caption-text\">Cruce a Fontdellops<\/p><\/div>\n<p>Acercarnos al Tur\u00f3 de Montfort, donde se supone quedan las ruinas de una torre medieval en su cima, era f\u00e1cil; pero el mapa no dibujaba ning\u00fan camino que llegara hasta ella. En el siguiente cruce seguimos por la senda, enfrente, que pasa por la parte m\u00e1s alta de la loma. Bien marcada y transitada; incrustada en medio de un frondoso y pelado bosque de casta\u00f1as que invaden la mayor\u00eda de las laderas del tur\u00f3. Llegamos a otro cruce. Esta vez son dos caminos que, cada uno por un lado del tur\u00f3, lo rodean para volver a encontrarse al otro lado. Elijo el camino de la izquierda, la del norte del tur\u00f3, ya que coge m\u00e1s altura y es m\u00e1s probable que de sus lindes salga una senda de subida a la cima. Aqu\u00ed el bosque de casta\u00f1os es espectacular, joven pero con muchos ejemplares amontonados. En un punto del camino las hojas secas se tragan mis botas, por la cantidad que a\u00fan queda. Yo miro hac\u00eda el lado derecho del camino todo el tiempo para ver si descubro ese caminillo, esa senda que nos suba a su cumbre&#8230; hasta que ya cruzamos su sombra y justo al otro lado, despu\u00e9s de perder toda esperanza de encontrarla, una pareja de edad con su perro negro nos dice, al preguntarle interesado por el camino que sube a la cima del tur\u00f3, que est\u00e1 justo aqu\u00ed muy cerca. Y as\u00ed era, pocos metros despu\u00e9s un poste se\u00f1alizador y un camino a nuestra derecha que se dirige al tur\u00f3: \u201cTorre de Montfort\u201d \u00a1Lo encontramos! Lo \u00fanico es que ahora debemos darle otra vuelta por la otra vertiente (casi como desandado el camino) para subir a su cima.<\/p>\n<div id=\"attachment_26310\" style=\"width: 1805px\" class=\"wp-caption aligncenter\"><a class=\"dt-single-image\" href=\"https:\/\/www.monta\u00f1asdelaluna.es\/wp-content\/uploads\/2016\/01\/Bosques-de-Arb\u00facies.-21-01-12-073.jpg\" data-dt-img-description=\"\"><img loading=\"lazy\" decoding=\"async\" aria-describedby=\"caption-attachment-26310\" class=\"wp-image-26310 size-full\" src=\"https:\/\/www.monta\u00f1asdelaluna.es\/wp-content\/uploads\/2016\/01\/Bosques-de-Arb\u00facies.-21-01-12-073.jpg\" alt=\"El Tur\u00f3 de Montfort entre los casta\u00f1os\" width=\"1795\" height=\"1346\" srcset=\"https:\/\/www.monta\u00f1asdelaluna.es\/wp-content\/uploads\/2016\/01\/Bosques-de-Arb\u00facies.-21-01-12-073.jpg 1795w, https:\/\/www.monta\u00f1asdelaluna.es\/wp-content\/uploads\/2016\/01\/Bosques-de-Arb\u00facies.-21-01-12-073-300x225.jpg 300w, https:\/\/www.monta\u00f1asdelaluna.es\/wp-content\/uploads\/2016\/01\/Bosques-de-Arb\u00facies.-21-01-12-073-1024x768.jpg 1024w\" sizes=\"auto, (max-width: 1795px) 100vw, 1795px\" \/><\/a><p id=\"caption-attachment-26310\" class=\"wp-caption-text\">El Tur\u00f3 de Montfort entre los casta\u00f1os<\/p><\/div>\n<div id=\"attachment_26312\" style=\"width: 1034px\" class=\"wp-caption aligncenter\"><a class=\"dt-single-image\" href=\"https:\/\/www.monta\u00f1asdelaluna.es\/wp-content\/uploads\/2016\/01\/Bosques-de-Arb\u00facies.-21-01-12-079.jpg\" data-dt-img-description=\"\"><img loading=\"lazy\" decoding=\"async\" aria-describedby=\"caption-attachment-26312\" class=\"wp-image-26312 size-large\" src=\"https:\/\/www.monta\u00f1asdelaluna.es\/wp-content\/uploads\/2016\/01\/Bosques-de-Arb\u00facies.-21-01-12-079-1024x768.jpg\" alt=\"Subiendo al Tur\u00f3 de Montfort\" width=\"1024\" height=\"768\" srcset=\"https:\/\/www.monta\u00f1asdelaluna.es\/wp-content\/uploads\/2016\/01\/Bosques-de-Arb\u00facies.-21-01-12-079-1024x768.jpg 1024w, https:\/\/www.monta\u00f1asdelaluna.es\/wp-content\/uploads\/2016\/01\/Bosques-de-Arb\u00facies.-21-01-12-079-300x225.jpg 300w, https:\/\/www.monta\u00f1asdelaluna.es\/wp-content\/uploads\/2016\/01\/Bosques-de-Arb\u00facies.-21-01-12-079.jpg 1795w\" sizes=\"auto, (max-width: 1024px) 100vw, 1024px\" \/><\/a><p id=\"caption-attachment-26312\" class=\"wp-caption-text\">Subiendo al Tur\u00f3 de Montfort<\/p><\/div>\n<p>El camino termina en un cartel que anuncia la rehabilitaci\u00f3n de la torre y en una senda que se empina hasta la cima, justo mirando a la ladera del Fontdellops; por donde ve\u00edamos. La vuelta al tur\u00f3 es casi completa. Como si estuvi\u00e9ramos subiendo por un tornillo gigante. Las vistas en esta subida son sublimes: todo el macizo del Montseny, ensombrecido por la luz del bajo sol, coronado por las escarpadas Les Agudes y abrigado por un mato de espesura, verdor y bosques inmensos. Espectacular.<\/p>\n<p>Ya estamos en la cima del Tur\u00f3 de Montfort (742 mts.) y, efectivamente, las ruinas en rehabilitaci\u00f3n de la Torre de Montfort. Circular de gruesos muros con base m\u00e1s ancha y cuadrada es la torre. En el cartel informativo nos explica su historia, edad, curiosidades, y vemos que, a finales del S. XII y mediados del XIII fue una torre de guardia para el cercano Castillo de Montsoriu, el cual, efectivamente, se divisa perfectamente desde la cima si miras hac\u00eda el sureste. Espectacular. La primera vez que vemos el Castillo de Montsoriu en toda la excursi\u00f3n, y es el objetivo de mi exploraci\u00f3n, pero no llegaremos hasta \u00e9l, se ve lejos a\u00fan. Lo dejaremos para la pr\u00f3xima, y que esta ruta no se haga tan larga una vez conocido el camino.<\/p>\n<div id=\"attachment_26314\" style=\"width: 1034px\" class=\"wp-caption aligncenter\"><a class=\"dt-single-image\" href=\"https:\/\/www.monta\u00f1asdelaluna.es\/wp-content\/uploads\/2016\/01\/Bosques-de-Arb\u00facies.-21-01-12-081.jpg\" data-dt-img-description=\"\"><img loading=\"lazy\" decoding=\"async\" aria-describedby=\"caption-attachment-26314\" class=\"wp-image-26314 size-large\" src=\"https:\/\/www.monta\u00f1asdelaluna.es\/wp-content\/uploads\/2016\/01\/Bosques-de-Arb\u00facies.-21-01-12-081-1024x768.jpg\" alt=\"Cumbre y torre del Tur\u00f3 de Montfort, 742 mts.\" width=\"1024\" height=\"768\" srcset=\"https:\/\/www.monta\u00f1asdelaluna.es\/wp-content\/uploads\/2016\/01\/Bosques-de-Arb\u00facies.-21-01-12-081-1024x768.jpg 1024w, https:\/\/www.monta\u00f1asdelaluna.es\/wp-content\/uploads\/2016\/01\/Bosques-de-Arb\u00facies.-21-01-12-081-300x225.jpg 300w, https:\/\/www.monta\u00f1asdelaluna.es\/wp-content\/uploads\/2016\/01\/Bosques-de-Arb\u00facies.-21-01-12-081.jpg 1795w\" sizes=\"auto, (max-width: 1024px) 100vw, 1024px\" \/><\/a><p id=\"caption-attachment-26314\" class=\"wp-caption-text\">Cumbre y torre del Tur\u00f3 de Montfort, 742 mts.<\/p><\/div>\n<div id=\"attachment_26320\" style=\"width: 1034px\" class=\"wp-caption aligncenter\"><a class=\"dt-single-image\" href=\"https:\/\/www.monta\u00f1asdelaluna.es\/wp-content\/uploads\/2016\/01\/Bosques-de-Arb\u00facies.-21-01-12-092.jpg\" data-dt-img-description=\"\"><img loading=\"lazy\" decoding=\"async\" aria-describedby=\"caption-attachment-26320\" class=\"wp-image-26320 size-large\" src=\"https:\/\/www.monta\u00f1asdelaluna.es\/wp-content\/uploads\/2016\/01\/Bosques-de-Arb\u00facies.-21-01-12-092-1024x768.jpg\" alt=\"Cumbre y torre del Tur\u00f3 de Montfort, 742 mts.\" width=\"1024\" height=\"768\" srcset=\"https:\/\/www.monta\u00f1asdelaluna.es\/wp-content\/uploads\/2016\/01\/Bosques-de-Arb\u00facies.-21-01-12-092-1024x768.jpg 1024w, https:\/\/www.monta\u00f1asdelaluna.es\/wp-content\/uploads\/2016\/01\/Bosques-de-Arb\u00facies.-21-01-12-092-300x225.jpg 300w, https:\/\/www.monta\u00f1asdelaluna.es\/wp-content\/uploads\/2016\/01\/Bosques-de-Arb\u00facies.-21-01-12-092.jpg 1795w\" sizes=\"auto, (max-width: 1024px) 100vw, 1024px\" \/><\/a><p id=\"caption-attachment-26320\" class=\"wp-caption-text\">Cumbre y torre del Tur\u00f3 de Montfort, 742 mts.<\/p><\/div>\n<p>Bajamos del Tur\u00f3 de Montfort por el mismo sitio. Dando la vuelta hasta de nuevo el cruce de caminos y el poste se\u00f1alizador, en la parte este del monte. Seguimos el camino entre casta\u00f1os y hermosa vegetaci\u00f3n. La idea es ahora pasar por la mas\u00eda de la Casanova del Torrent, y seg\u00fan el mapa que llevaba, as\u00ed hubi\u00e9ramos llegado si no estuviera obsoleto. Entre \u201cplantaciones\u201d de pinos exageradamente juntos, los cuales no dejan pasar la luz del sol al suelo, de tal frondosidad y ramaje, paramos creyendo que \u00edbamos por buen camino, en un cruce muy cerca de unas modernas construcciones \u00a1Sorpresa! Justo en el cruce un poste se\u00f1alizador del G.R.-83 (Matar\u00f3-El Canig\u00f3) y unas indicaciones muy claras para bajar a Arb\u00facies. Yo me acerco a las construcciones pensando que es la anteriormente nombrada Casanova del Torrent&#8230; pero lo que no sab\u00eda es que estaba equivocado (hasta que no llego a casa y miro los mapas no lo descubro), realmente estaba en Sant Climent y el famoso \u201chotel fantasma\u201d que pararon sus obras por ser ilegales dentro del P.N. del Montseny. Estudiamos y observamos el esqueleto \u201cforrado\u201d de la construcci\u00f3n. Realmente es una construcci\u00f3n bonita y acogedora, que queda muy bien con el paisaje&#8230; pero no tiene nada, o casi nada, de la original y antigua construcci\u00f3n. Pensando que iba por el buen camino que el mapa \u201cme marcaba\u201d, seguimos por la pista-camino que pasa por su misma puerta hac\u00eda el sur; en busca del enlace con el camino que se acercara al Coll de Castellar y al Castillo de Montsoriu&#8230; mientras ya baj\u00e1bamos a Arb\u00facies.<\/p>\n<p>Anna quer\u00eda bajar directamente por el G.R.-83 ya que estaba muy bien marcado. Y, si llegados a este punto quer\u00e9is volver a Arb\u00facies, lo m\u00e1s id\u00f3neo y mejor es seguir las se\u00f1ales de dicho G.R. hac\u00eda la localidad \u00a1No hay p\u00e9rdida!<\/p>\n<div id=\"attachment_26325\" style=\"width: 1034px\" class=\"wp-caption aligncenter\"><a class=\"dt-single-image\" href=\"https:\/\/www.monta\u00f1asdelaluna.es\/wp-content\/uploads\/2016\/01\/Bosques-de-Arb\u00facies.-21-01-12-100.jpg\" data-dt-img-description=\"\"><img loading=\"lazy\" decoding=\"async\" aria-describedby=\"caption-attachment-26325\" class=\"wp-image-26325 size-large\" src=\"https:\/\/www.monta\u00f1asdelaluna.es\/wp-content\/uploads\/2016\/01\/Bosques-de-Arb\u00facies.-21-01-12-100-1024x768.jpg\" alt=\"Santcliment\" width=\"1024\" height=\"768\" srcset=\"https:\/\/www.monta\u00f1asdelaluna.es\/wp-content\/uploads\/2016\/01\/Bosques-de-Arb\u00facies.-21-01-12-100-1024x768.jpg 1024w, https:\/\/www.monta\u00f1asdelaluna.es\/wp-content\/uploads\/2016\/01\/Bosques-de-Arb\u00facies.-21-01-12-100-300x225.jpg 300w, https:\/\/www.monta\u00f1asdelaluna.es\/wp-content\/uploads\/2016\/01\/Bosques-de-Arb\u00facies.-21-01-12-100.jpg 1795w\" sizes=\"auto, (max-width: 1024px) 100vw, 1024px\" \/><\/a><p id=\"caption-attachment-26325\" class=\"wp-caption-text\">Santcliment<\/p><\/div>\n<div id=\"attachment_26326\" style=\"width: 1034px\" class=\"wp-caption aligncenter\"><a class=\"dt-single-image\" href=\"https:\/\/www.monta\u00f1asdelaluna.es\/wp-content\/uploads\/2016\/01\/Bosques-de-Arb\u00facies.-21-01-12-101.jpg\" data-dt-img-description=\"\"><img loading=\"lazy\" decoding=\"async\" aria-describedby=\"caption-attachment-26326\" class=\"wp-image-26326 size-large\" src=\"https:\/\/www.monta\u00f1asdelaluna.es\/wp-content\/uploads\/2016\/01\/Bosques-de-Arb\u00facies.-21-01-12-101-1024x768.jpg\" alt=\"Bosques entre Santcliment y Fogueres de Montsoriu. Camp Fondo, Camp Nou...\" width=\"1024\" height=\"768\" srcset=\"https:\/\/www.monta\u00f1asdelaluna.es\/wp-content\/uploads\/2016\/01\/Bosques-de-Arb\u00facies.-21-01-12-101-1024x768.jpg 1024w, https:\/\/www.monta\u00f1asdelaluna.es\/wp-content\/uploads\/2016\/01\/Bosques-de-Arb\u00facies.-21-01-12-101-300x225.jpg 300w, https:\/\/www.monta\u00f1asdelaluna.es\/wp-content\/uploads\/2016\/01\/Bosques-de-Arb\u00facies.-21-01-12-101.jpg 1795w\" sizes=\"auto, (max-width: 1024px) 100vw, 1024px\" \/><\/a><p id=\"caption-attachment-26326\" class=\"wp-caption-text\">Bosques entre Santcliment y Fogueres de Montsoriu. Camp Fondo, Camp Nou&#8230;<\/p><\/div>\n<p>Pero a mi me quedaba a\u00fan por descubrir, por encontrar, ese enlace con el camino hac\u00eda Montsoriu. Seguimos dicha pista principal, qued\u00e1ndose un hermoso prado a nuestra derecha. Despu\u00e9s cambiamos de direcci\u00f3n hac\u00eda el este pasando en medio de campos talados de pinos&#8230; en el que algunos aprovechaban para recoger la le\u00f1a ca\u00edda y despreciaba, que no se hab\u00eda cogido. La pista no tiene p\u00e9rdida, es la principal, a pesar de que era la equivocada, \u00a1je, je, je!&#8230; Pronto, dejando cruces con otros caminos a derecha y sobre todo a izquierda, pasamos a la vertiente este, boscosa, de la monta\u00f1a. Enfrente el valle de la Riera de Arb\u00facies y una cantera, la Pedrera Magan. Al poco tiempo llegamos al asfalto, el camino se asfalta y aparecen casas&#8230; \u00a1Esto no es! \u00a1No deber\u00edamos pasar por aqu\u00ed! Miro el mapa y veo mi equivocaci\u00f3n. Estamos m\u00e1s hac\u00eda el sur y m\u00e1s alejados de Arb\u00facies, casi en los lindes de la urbanizaci\u00f3n Fogueres de Montsoriu.<\/p>\n<p>Reconozco mi error pero encuentro la soluci\u00f3n: coger cualquier camino que vaya hac\u00eda el norte de los que nos hemos topado a la izquierda, en al bajada a este sitio. Y entre caminos y cruces llegaremos al principal que quer\u00eda llegar yo en un principio&#8230; \u00a1\u00a1Aqu\u00ed vino el l\u00edo!!<\/p>\n<div id=\"attachment_26330\" style=\"width: 1034px\" class=\"wp-caption aligncenter\"><a class=\"dt-single-image\" href=\"https:\/\/www.monta\u00f1asdelaluna.es\/wp-content\/uploads\/2016\/01\/Bosques-de-Arb\u00facies.-21-01-12-108.jpg\" data-dt-img-description=\"\"><img loading=\"lazy\" decoding=\"async\" aria-describedby=\"caption-attachment-26330\" class=\"wp-image-26330 size-large\" src=\"https:\/\/www.monta\u00f1asdelaluna.es\/wp-content\/uploads\/2016\/01\/Bosques-de-Arb\u00facies.-21-01-12-108-1024x768.jpg\" alt=\"El Repl\u00e1\" width=\"1024\" height=\"768\" srcset=\"https:\/\/www.monta\u00f1asdelaluna.es\/wp-content\/uploads\/2016\/01\/Bosques-de-Arb\u00facies.-21-01-12-108-1024x768.jpg 1024w, https:\/\/www.monta\u00f1asdelaluna.es\/wp-content\/uploads\/2016\/01\/Bosques-de-Arb\u00facies.-21-01-12-108-300x225.jpg 300w, https:\/\/www.monta\u00f1asdelaluna.es\/wp-content\/uploads\/2016\/01\/Bosques-de-Arb\u00facies.-21-01-12-108.jpg 1795w\" sizes=\"auto, (max-width: 1024px) 100vw, 1024px\" \/><\/a><p id=\"caption-attachment-26330\" class=\"wp-caption-text\">El Repl\u00e1<\/p><\/div>\n<div id=\"attachment_26331\" style=\"width: 1034px\" class=\"wp-caption aligncenter\"><a class=\"dt-single-image\" href=\"https:\/\/www.monta\u00f1asdelaluna.es\/wp-content\/uploads\/2016\/01\/Bosques-de-Arb\u00facies.-21-01-12-110.jpg\" data-dt-img-description=\"\"><img loading=\"lazy\" decoding=\"async\" aria-describedby=\"caption-attachment-26331\" class=\"wp-image-26331 size-large\" src=\"https:\/\/www.monta\u00f1asdelaluna.es\/wp-content\/uploads\/2016\/01\/Bosques-de-Arb\u00facies.-21-01-12-110-1024x768.jpg\" alt=\"Ya se ve Arb\u00facies\" width=\"1024\" height=\"768\" srcset=\"https:\/\/www.monta\u00f1asdelaluna.es\/wp-content\/uploads\/2016\/01\/Bosques-de-Arb\u00facies.-21-01-12-110-1024x768.jpg 1024w, https:\/\/www.monta\u00f1asdelaluna.es\/wp-content\/uploads\/2016\/01\/Bosques-de-Arb\u00facies.-21-01-12-110-300x225.jpg 300w, https:\/\/www.monta\u00f1asdelaluna.es\/wp-content\/uploads\/2016\/01\/Bosques-de-Arb\u00facies.-21-01-12-110.jpg 1795w\" sizes=\"auto, (max-width: 1024px) 100vw, 1024px\" \/><\/a><p id=\"caption-attachment-26331\" class=\"wp-caption-text\">Ya se ve Arb\u00facies<\/p><\/div>\n<p>Es casi dif\u00edcil decir que caminos cogimos, si hac\u00eda la derecha, la izquierda&#8230; intentando ir siempre hac\u00eda abajo y hac\u00eda el norte, en busca de Arb\u00facies, siguiendo la intuici\u00f3n y las, ahora desconfiadas, indicaciones del viejo mapa. De hecho, mirando ahora el mapa del ICC y el actualizado de Alpina, sigo sin ver en ellos por donde pas\u00e9, a\u00fan siendo los caminos indicados correctamente. El caso es que, al llegar a un punto, cruce o desembocadura con un camino m\u00e1s principal: hac\u00eda la izquierda y norte sub\u00eda, y hac\u00eda la derecha y sur bajaba; la indecisi\u00f3n me aflig\u00eda&#8230; ya era tarde y Anna estaba muy enfadada por, seg\u00fan ella, haberme perdido de nuevo. Al final mi indignaci\u00f3n con el momento hizo que tomara una decisi\u00f3n a la ligera pero razonable: \u201c\u00a1\u00bfPor qu\u00e9 coges ese camino y no otro?!\u201d me grito Anna rabiosa \u201c\u00a1Pues por que este va hac\u00eda abajo!\u201d le repliqu\u00e9 yo, no muy convencido de mi razonamiento. Pero as\u00ed fue: acert\u00e9 y cogimos el camino principal (que en un principio hubiera cogido para ver el enlace con el que se aproximaba a Montsoriu). Ya que al poco tiempo hac\u00eda un giro en la ladera de la boscosa monta\u00f1a hac\u00eda el norte (direcci\u00f3n Arb\u00facies) y segu\u00eda bajando.[\/vc_column_text][vc_empty_space][vc_video link=\u00bbhttps:\/\/vimeo.com\/35650053#t=0s\u00bb title=\u00bbAlrededores de Arb\u00facies\u00bb][vc_empty_space][vc_column_text]Ya iba atardeciendo y la sombra de la monta\u00f1a hac\u00eda que no pudiera hacer fotos fabulosas pero s\u00ed sombr\u00edas y estremecedoras. El camino era el correcto. Bajaba y segu\u00eda direcci\u00f3n norte; segu\u00eda las formas del relieve de la ladera boscosa y siempre mirando en direcci\u00f3n Arb\u00facies. Miro hac\u00eda atr\u00e1s en un momento y descubro el magn\u00edfico y majestuoso Castillo de Montsoriu, altivo coronando su monte, y pienso: \u201c&#8230;en otro momento llegaremos hasta el pi\u00e9 de tus murallas y te asediaremos con admiraci\u00f3n\u201d. El atardecer es el c\u00f3mplice perfecto para que salgan de sus escondrijos esos animales salvajes escondidos durante el d\u00eda, y un magn\u00edfico ejemplar de jabal\u00ed cruza delante de m\u00ed, a escasos 15 metros, pasando de un lado al otro del camino. Me quedo parado observ\u00e1ndolo para no espantarlo y llamo por lo bajinis a Anna que no se cree lo que veo.<\/p>\n<div id=\"attachment_26332\" style=\"width: 1034px\" class=\"wp-caption aligncenter\"><a class=\"dt-single-image\" href=\"https:\/\/www.monta\u00f1asdelaluna.es\/wp-content\/uploads\/2016\/01\/Bosques-de-Arb\u00facies.-21-01-12-111.jpg\" data-dt-img-description=\"\"><img loading=\"lazy\" decoding=\"async\" aria-describedby=\"caption-attachment-26332\" class=\"wp-image-26332 size-large\" src=\"https:\/\/www.monta\u00f1asdelaluna.es\/wp-content\/uploads\/2016\/01\/Bosques-de-Arb\u00facies.-21-01-12-111-1024x768.jpg\" alt=\"Bosques camino de El Morer\" width=\"1024\" height=\"768\" srcset=\"https:\/\/www.monta\u00f1asdelaluna.es\/wp-content\/uploads\/2016\/01\/Bosques-de-Arb\u00facies.-21-01-12-111-1024x768.jpg 1024w, https:\/\/www.monta\u00f1asdelaluna.es\/wp-content\/uploads\/2016\/01\/Bosques-de-Arb\u00facies.-21-01-12-111-300x225.jpg 300w, https:\/\/www.monta\u00f1asdelaluna.es\/wp-content\/uploads\/2016\/01\/Bosques-de-Arb\u00facies.-21-01-12-111.jpg 1795w\" sizes=\"auto, (max-width: 1024px) 100vw, 1024px\" \/><\/a><p id=\"caption-attachment-26332\" class=\"wp-caption-text\">Bosques camino de El Morer<\/p><\/div>\n<div id=\"attachment_26335\" style=\"width: 1034px\" class=\"wp-caption aligncenter\"><a class=\"dt-single-image\" href=\"https:\/\/www.monta\u00f1asdelaluna.es\/wp-content\/uploads\/2016\/01\/Bosques-de-Arb\u00facies.-21-01-12-114.jpg\" data-dt-img-description=\"\"><img loading=\"lazy\" decoding=\"async\" aria-describedby=\"caption-attachment-26335\" class=\"wp-image-26335 size-large\" src=\"https:\/\/www.monta\u00f1asdelaluna.es\/wp-content\/uploads\/2016\/01\/Bosques-de-Arb\u00facies.-21-01-12-114-1024x768.jpg\" alt=\"El Morer\" width=\"1024\" height=\"768\" srcset=\"https:\/\/www.monta\u00f1asdelaluna.es\/wp-content\/uploads\/2016\/01\/Bosques-de-Arb\u00facies.-21-01-12-114-1024x768.jpg 1024w, https:\/\/www.monta\u00f1asdelaluna.es\/wp-content\/uploads\/2016\/01\/Bosques-de-Arb\u00facies.-21-01-12-114-300x225.jpg 300w, https:\/\/www.monta\u00f1asdelaluna.es\/wp-content\/uploads\/2016\/01\/Bosques-de-Arb\u00facies.-21-01-12-114.jpg 1795w\" sizes=\"auto, (max-width: 1024px) 100vw, 1024px\" \/><\/a><p id=\"caption-attachment-26335\" class=\"wp-caption-text\">El Morer<\/p><\/div>\n<p>M\u00e1s abajo el camino se suaviza con la suavidad del fondo del valle y otro camino con los postes se\u00f1alizadores de P.R. se cruzan desde nuestra derecha. Es el P.R.-201 que viene del Castillo de Montsoriu \u00a1Perfecto! Ya no hay duda; vamos correct\u00edsimamente bien&#8230; pero Arb\u00facies a\u00fan queda lejos, pero eso no se lo digo a Anna. Estamos en el lugar que llaman Esquei Blanc; muy cerca de la mas\u00eda de El Repl\u00e1 o El Morer del Repl\u00e1. Un respiro con vistas al pueblo de Arb\u00facies en el camino de entrada a dicha mas\u00eda. Ahora todo es f\u00e1cil y, probablemente sin p\u00e9rdida, solo hay que seguir los postes del P.R. A pocos metros un cruce: la se\u00f1alizaci\u00f3n me despista y el nombre del cartel indicador de carretera de \u201cEl Morer\u201d me suena&#8230; creo que el P.R. pasa por all\u00ed o en la gu\u00eda web de Itineraris de la Xarxa de Parcs Naturals habla del lugar. As\u00ed que decido encaminarme hac\u00eda el lugar. La peque\u00f1a pista sube algo y empiezo a extra\u00f1arme, pero no desisto en seguir ya que est\u00e1 muy cerca la magn\u00edfica construcci\u00f3n de El Morer. Que bonita mas\u00eda y que encantador lugar en la que est\u00e1 ubicada&#8230; sencillamente hermoso. L\u00e1stima que el sol no nos deje admirarla con su luz. Me paro delante de ella como buscando referencias para seguir el P.R., pero no encuentro. Una mujer sale de la mas\u00eda y me indica que por all\u00ed no pasa el P.R., que mucha gente se equivoca. Llega Anna y la se\u00f1ora nos indica por donde seguir hasta la senda de camino a Arb\u00facies, pasando por entre las vetustas construcciones de blancas fachadas y amplios ventanales; con esa humeante chimenea que le da un aspecto acogedor, buc\u00f3lico, lindo&#8230; Ahora s\u00ed, por prados de hierba amarilla, muerta por las fr\u00edas noches, muy cerca de El Morer pero hac\u00eda abajo, llegamos a la senda y de nuevo a los postes se\u00f1alizadores del P.R.<\/p>\n<div id=\"attachment_26340\" style=\"width: 1805px\" class=\"wp-caption aligncenter\"><a class=\"dt-single-image\" href=\"https:\/\/www.monta\u00f1asdelaluna.es\/wp-content\/uploads\/2016\/01\/Bosques-de-Arb\u00facies.-21-01-12-124.jpg\" data-dt-img-description=\"\"><img loading=\"lazy\" decoding=\"async\" aria-describedby=\"caption-attachment-26340\" class=\"wp-image-26340 size-full\" src=\"https:\/\/www.monta\u00f1asdelaluna.es\/wp-content\/uploads\/2016\/01\/Bosques-de-Arb\u00facies.-21-01-12-124.jpg\" alt=\"Cruzando la Riera del Pont Cremat\" width=\"1795\" height=\"1346\" srcset=\"https:\/\/www.monta\u00f1asdelaluna.es\/wp-content\/uploads\/2016\/01\/Bosques-de-Arb\u00facies.-21-01-12-124.jpg 1795w, https:\/\/www.monta\u00f1asdelaluna.es\/wp-content\/uploads\/2016\/01\/Bosques-de-Arb\u00facies.-21-01-12-124-300x225.jpg 300w, https:\/\/www.monta\u00f1asdelaluna.es\/wp-content\/uploads\/2016\/01\/Bosques-de-Arb\u00facies.-21-01-12-124-1024x768.jpg 1024w\" sizes=\"auto, (max-width: 1795px) 100vw, 1795px\" \/><\/a><p id=\"caption-attachment-26340\" class=\"wp-caption-text\">Cruzando la Riera del Pont Cremat<\/p><\/div>\n<div id=\"attachment_26343\" style=\"width: 1034px\" class=\"wp-caption aligncenter\"><a class=\"dt-single-image\" href=\"https:\/\/www.monta\u00f1asdelaluna.es\/wp-content\/uploads\/2016\/01\/Bosques-de-Arb\u00facies.-21-01-12-129.jpg\" data-dt-img-description=\"\"><img loading=\"lazy\" decoding=\"async\" aria-describedby=\"caption-attachment-26343\" class=\"wp-image-26343 size-large\" src=\"https:\/\/www.monta\u00f1asdelaluna.es\/wp-content\/uploads\/2016\/01\/Bosques-de-Arb\u00facies.-21-01-12-129-1024x768.jpg\" alt=\"Riera del Pont Cremat\" width=\"1024\" height=\"768\" srcset=\"https:\/\/www.monta\u00f1asdelaluna.es\/wp-content\/uploads\/2016\/01\/Bosques-de-Arb\u00facies.-21-01-12-129-1024x768.jpg 1024w, https:\/\/www.monta\u00f1asdelaluna.es\/wp-content\/uploads\/2016\/01\/Bosques-de-Arb\u00facies.-21-01-12-129-300x225.jpg 300w, https:\/\/www.monta\u00f1asdelaluna.es\/wp-content\/uploads\/2016\/01\/Bosques-de-Arb\u00facies.-21-01-12-129.jpg 1795w\" sizes=\"auto, (max-width: 1024px) 100vw, 1024px\" \/><\/a><p id=\"caption-attachment-26343\" class=\"wp-caption-text\">Riera del Pont Cremat<\/p><\/div>\n<p>Enseguida nos internamos entre la arboleda dejando esos prados de hierba amarilla y vemos que el P.R. se une al G.R.-83 que dejamos cerca de Sant Climent, y acto seguido nos internamos en uno de los lugares m\u00e1s encantadores del recorrido: la Riera del Pont Cremat. Bajamos a las orillas del riachuelo colmado de altos y hermoso \u00e1rboles de rivera. El rumor del agua, la soledad y ese tono de luz m\u00e1gica que da el atardecer, junto con el verdor y la vida que fluye en este lugar, lo convierten en m\u00e1gico, bello, encantador. Cruzamos la riera y volvemos a subir el lado opuesto de su mota siempre por el sendero muy bien marcado, ahora por las marcas del G.R. y P.R. a la vez. Rocas, piedras cubiertas por l\u00edquenes y musgo verde, vivo, el suelo atestado de hojas secas, marrones, amarillas, y el horizonte marcado, cubierto por ese ramaje de \u00e1rboles amables, sanos, en\u00e9rgicos; sureres con la \u201cpiel arrancada\u201d, rojizos, contrastando con el color del resto de su corteza. Sublime. Y al fondo, en un claro ya cerca de la civilizaci\u00f3n, de Arb\u00facies, las alturas del Montseny, las inmensas laderas de oscuros y densos bosques, maravilla entre maravillas que se hace un hueco en este trocito de cielo, en este apartado del Mundo. Hermoso.<\/p>\n<div id=\"attachment_26347\" style=\"width: 1034px\" class=\"wp-caption aligncenter\"><a class=\"dt-single-image\" href=\"https:\/\/www.monta\u00f1asdelaluna.es\/wp-content\/uploads\/2016\/01\/Bosques-de-Arb\u00facies.-21-01-12-133.jpg\" data-dt-img-description=\"\"><img loading=\"lazy\" decoding=\"async\" aria-describedby=\"caption-attachment-26347\" class=\"wp-image-26347 size-large\" src=\"https:\/\/www.monta\u00f1asdelaluna.es\/wp-content\/uploads\/2016\/01\/Bosques-de-Arb\u00facies.-21-01-12-133-1024x768.jpg\" alt=\"Anna cruzando el bosque de sureres acerc\u00e1ndonos a Arb\u00facies\" width=\"1024\" height=\"768\" srcset=\"https:\/\/www.monta\u00f1asdelaluna.es\/wp-content\/uploads\/2016\/01\/Bosques-de-Arb\u00facies.-21-01-12-133-1024x768.jpg 1024w, https:\/\/www.monta\u00f1asdelaluna.es\/wp-content\/uploads\/2016\/01\/Bosques-de-Arb\u00facies.-21-01-12-133-300x225.jpg 300w, https:\/\/www.monta\u00f1asdelaluna.es\/wp-content\/uploads\/2016\/01\/Bosques-de-Arb\u00facies.-21-01-12-133.jpg 1795w\" sizes=\"auto, (max-width: 1024px) 100vw, 1024px\" \/><\/a><p id=\"caption-attachment-26347\" class=\"wp-caption-text\">Anna cruzando el bosque de sureres acerc\u00e1ndonos a Arb\u00facies<\/p><\/div>\n<p>Volvemos a cruzar otra riera con agua: El Torrent del Miny\u00f3. Ya muy cerca del pueblo, las casas y los campos explotados agr\u00edcolas o no, van invadiendo el paisaje. Ni\u00f1os peque\u00f1os con mini bicicletas y con sus mini cascos; ya hemos encontrado a la desaparecida gente. Pasamos junto a muros y vallas de casas, y despu\u00e9s de un extra\u00f1o pasillo excavado en la tierra, aparecemos en el camino asfaltado, cementado, que baja hasta la calle Travessera Montseny, hasta Arb\u00facies. Todo muy bien se\u00f1alizado. Marcas de G.R. y P.R. y alguna m\u00e1s, en los postes, que no reconozco y podr\u00edan ser para las moutain bikes. La calle, la salida de la monta\u00f1a, est\u00e1 pegada a la otra calle donde la se\u00f1ora nos dec\u00eda que por aqu\u00ed no era&#8230; \u00a1Ya era raro que me equivocara! \u00a1je, je, je!<\/p>\n<div id=\"attachment_26348\" style=\"width: 1034px\" class=\"wp-caption aligncenter\"><a class=\"dt-single-image\" href=\"https:\/\/www.monta\u00f1asdelaluna.es\/wp-content\/uploads\/2016\/01\/Bosques-de-Arb\u00facies.-21-01-12-134.jpg\" data-dt-img-description=\"\"><img loading=\"lazy\" decoding=\"async\" aria-describedby=\"caption-attachment-26348\" class=\"wp-image-26348 size-large\" src=\"https:\/\/www.monta\u00f1asdelaluna.es\/wp-content\/uploads\/2016\/01\/Bosques-de-Arb\u00facies.-21-01-12-134-1024x768.jpg\" alt=\"Atardece en el Montseny coronado por Les Agudes\" width=\"1024\" height=\"768\" srcset=\"https:\/\/www.monta\u00f1asdelaluna.es\/wp-content\/uploads\/2016\/01\/Bosques-de-Arb\u00facies.-21-01-12-134-1024x768.jpg 1024w, https:\/\/www.monta\u00f1asdelaluna.es\/wp-content\/uploads\/2016\/01\/Bosques-de-Arb\u00facies.-21-01-12-134-300x225.jpg 300w, https:\/\/www.monta\u00f1asdelaluna.es\/wp-content\/uploads\/2016\/01\/Bosques-de-Arb\u00facies.-21-01-12-134.jpg 1795w\" sizes=\"auto, (max-width: 1024px) 100vw, 1024px\" \/><\/a><p id=\"caption-attachment-26348\" class=\"wp-caption-text\">Atardece en el Montseny coronado por Les Agudes<\/p><\/div>\n<div id=\"attachment_26350\" style=\"width: 1034px\" class=\"wp-caption aligncenter\"><a class=\"dt-single-image\" href=\"https:\/\/www.monta\u00f1asdelaluna.es\/wp-content\/uploads\/2016\/01\/Bosques-de-Arb\u00facies.-21-01-12-140.jpg\" data-dt-img-description=\"\"><img loading=\"lazy\" decoding=\"async\" aria-describedby=\"caption-attachment-26350\" class=\"wp-image-26350 size-large\" src=\"https:\/\/www.monta\u00f1asdelaluna.es\/wp-content\/uploads\/2016\/01\/Bosques-de-Arb\u00facies.-21-01-12-140-1024x768.jpg\" alt=\"Llegando a Arb\u00facies\" width=\"1024\" height=\"768\" srcset=\"https:\/\/www.monta\u00f1asdelaluna.es\/wp-content\/uploads\/2016\/01\/Bosques-de-Arb\u00facies.-21-01-12-140-1024x768.jpg 1024w, https:\/\/www.monta\u00f1asdelaluna.es\/wp-content\/uploads\/2016\/01\/Bosques-de-Arb\u00facies.-21-01-12-140-300x225.jpg 300w, https:\/\/www.monta\u00f1asdelaluna.es\/wp-content\/uploads\/2016\/01\/Bosques-de-Arb\u00facies.-21-01-12-140.jpg 1795w\" sizes=\"auto, (max-width: 1024px) 100vw, 1024px\" \/><\/a><p id=\"caption-attachment-26350\" class=\"wp-caption-text\">Llegando a Arb\u00facies<\/p><\/div>\n<p>A pesar de las incertidumbres, dudas y decisiones in extremis que una buena exploraci\u00f3n en un lugar desconocido, con bosques tan cerrados y extensos (casi normal perderse sin gu\u00eda, sin conocer), el lugar merece la pena. Perderse, encontrarse, disfrutar, admirar las distintas formas del Montseny y sus diferentes y majestuosos bosques; su soledad, su inquietud, su magia&#8230; su extraordinaria belleza. Volveremos; y lo haremos enlazando la ruta hasta el hist\u00f3rico e impresionante Castillo de Montsoriu&#8230; no me lo perder\u00eda por nada.<\/p>\n<div id=\"attachment_26356\" style=\"width: 766px\" class=\"wp-caption aligncenter\"><a class=\"dt-single-image\" href=\"https:\/\/www.monta\u00f1asdelaluna.es\/wp-content\/uploads\/2012\/01\/mapa-arb\u00facies.2.croquis.jpg\" data-dt-img-description=\"\"><img loading=\"lazy\" decoding=\"async\" aria-describedby=\"caption-attachment-26356\" class=\"wp-image-26356 size-full\" src=\"https:\/\/www.monta\u00f1asdelaluna.es\/wp-content\/uploads\/2012\/01\/mapa-arb\u00facies.2.croquis.jpg\" alt=\"Croquis del recorrido por los alrededores de Arb\u00facies\" width=\"756\" height=\"1087\" srcset=\"https:\/\/www.monta\u00f1asdelaluna.es\/wp-content\/uploads\/2012\/01\/mapa-arb\u00facies.2.croquis.jpg 756w, https:\/\/www.monta\u00f1asdelaluna.es\/wp-content\/uploads\/2012\/01\/mapa-arb\u00facies.2.croquis-209x300.jpg 209w, https:\/\/www.monta\u00f1asdelaluna.es\/wp-content\/uploads\/2012\/01\/mapa-arb\u00facies.2.croquis-712x1024.jpg 712w\" sizes=\"auto, (max-width: 756px) 100vw, 756px\" \/><\/a><p id=\"caption-attachment-26356\" class=\"wp-caption-text\">Croquis del recorrido por los alrededores de Arb\u00facies<\/p><\/div>\n<p>[\/vc_column_text][\/vc_column][\/vc_row][vc_row][vc_column][vc_empty_space height=\u00bb60px\u00bb][\/vc_column][\/vc_row][vc_row][vc_column][vc_cta h2=\u00bb\u00c1lbum de fotos\u00bb txt_align=\u00bbcenter\u00bb add_button=\u00bbbottom\u00bb btn_title=\u00bbVer fotos\u00bb btn_color=\u00bbwarning\u00bb btn_align=\u00bbcenter\u00bb btn_link=\u00bburl:https%3A%2F%2Fmonta%C3%B1asdelaluna.es%2F%3Fdt_gallery%3Dalrededores-de-arbucies-2|title:Alrededores%20de%20Arb%C3%B9cies|target:_blank\u00bb css=\u00bb.vc_custom_1625910902479{background-color: #8bc4ed !important;}\u00bb]Puedes ver todas las fotos del relato y actividad en forma de presentaci\u00f3n o individuales pinchando aqui \u00a1No te las pierdas![\/vc_cta][\/vc_column][\/vc_row][vc_row][vc_column][vc_empty_space height=\u00bb60px\u00bb][\/vc_column][\/vc_row][vc_row][vc_column width=\u00bb1\/3&#8243;][\/vc_column][vc_column width=\u00bb1\/2&#8243;][vc_raw_html]JTNDaWZyYW1lJTIwc3JjJTNEJTIyaHR0cHMlM0ElMkYlMkZ3d3cubWV0ZW9ibHVlLmNvbSUyRmVzJTJGdGllbXBvJTJGd2lkZ2V0JTJGZGFpbHklMkZhcmIlMjVjMyUyNWJhY2llc19lc3BhJTI1YzMlMjViMWFfMzEyOTc5MSUzRmdlb2xvYyUzRGZpeGVkJTI2ZGF5cyUzRDclMjZ0ZW1wdW5pdCUzRENFTFNJVVMlMjZ3aW5kdW5pdCUzREtJTE9NRVRFUl9QRVJfSE9VUiUyNmNvbG91cmVkJTNEY29sb3VyZWQlMjZwaWN0b2ljb24lM0QxJTI2bWF4dGVtcGVyYXR1cmUlM0QxJTI2bWludGVtcGVyYXR1cmUlM0QxJTI2d2luZHNwZWVkJTNEMSUyNndpbmRndXN0JTNEMSUyNndpbmRkaXJlY3Rpb24lM0QxJTI2cHJlY2lwaXRhdGlvbiUzRDElMjZwcmVjaXBpdGF0aW9ucHJvYmFiaWxpdHklM0QxJTI2c3BvdCUzRDElMjZwcmVzc3VyZSUzRDElMjZsYXlvdXQlM0RsaWdodCUyMiUyMCUyMGZyYW1lYm9yZGVyJTNEJTIyMCUyMiUyMHNjcm9sbGluZyUzRCUyMk5PJTIyJTIwYWxsb3d0cmFuc3BhcmVuY3klM0QlMjJ0cnVlJTIyJTIwc3R5bGUlM0QlMjJ3aWR0aCUzQSUyMDM3OHB4JTNCaGVpZ2h0JTNBJTIwNDAxcHglMjIlM0UlM0MlMkZpZnJhbWUlM0UlM0NkaXYlM0UlM0MlMjEtLSUyMERPJTIwTk9UJTIwUkVNT1ZFJTIwVEhJUyUyMExJTkslMjAtLSUzRSUzQ2ElMjBocmVmJTNEJTIyaHR0cHMlM0ElMkYlMkZ3d3cubWV0ZW9ibHVlLmNvbSUyRmVzJTJGdGllbXBvJTJGcHJvbm9zdGljbyUyRnNlbWFuYSUyRmFyYiUyNWMzJTI1YmFjaWVzX2VzcGElMjVjMyUyNWIxYV8zMTI5NzkxJTIyJTIwdGFyZ2V0JTNEJTIyX2JsYW5rJTIyJTNFbWV0ZW9ibHVlJTNDJTJGYSUzRSUzQyUyRmRpdiUzRQ==[\/vc_raw_html][\/vc_column][vc_column width=\u00bb1\/5&#8243;][\/vc_column][\/vc_row]<\/p>\n","protected":false},"excerpt":{"rendered":"<p>[vc_row][vc_column][vc_column_text]Despu\u00e9s de recorrer diferentes sitios de la Sierra del Montseny, decid\u00ed que el siguiente lugar ser\u00edan los alrededores del Castillo de Montsoriu, cerca de Arb\u00facies. Despu\u00e9s de estudiar mapas y mirar rutas conclu\u00ed en hacer un recorrido que uniera las fortificaciones de las inmediaciones o cercanas a la poblaci\u00f3n, junto con un bonito recorrido por&hellip;<\/p>\n","protected":false},"author":1,"featured_media":26305,"comment_status":"open","ping_status":"open","sticky":false,"template":"","format":"standard","meta":[],"categories":[131],"tags":[],"class_list":["post-26354","post","type-post","status-publish","format-standard","has-post-thumbnail","hentry","category-turo-de-lhome","category-131","description-off"],"_links":{"self":[{"href":"https:\/\/www.monta\u00f1asdelaluna.es\/index.php?rest_route=\/wp\/v2\/posts\/26354","targetHints":{"allow":["GET"]}}],"collection":[{"href":"https:\/\/www.monta\u00f1asdelaluna.es\/index.php?rest_route=\/wp\/v2\/posts"}],"about":[{"href":"https:\/\/www.monta\u00f1asdelaluna.es\/index.php?rest_route=\/wp\/v2\/types\/post"}],"author":[{"embeddable":true,"href":"https:\/\/www.monta\u00f1asdelaluna.es\/index.php?rest_route=\/wp\/v2\/users\/1"}],"replies":[{"embeddable":true,"href":"https:\/\/www.monta\u00f1asdelaluna.es\/index.php?rest_route=%2Fwp%2Fv2%2Fcomments&post=26354"}],"version-history":[{"count":10,"href":"https:\/\/www.monta\u00f1asdelaluna.es\/index.php?rest_route=\/wp\/v2\/posts\/26354\/revisions"}],"predecessor-version":[{"id":50260,"href":"https:\/\/www.monta\u00f1asdelaluna.es\/index.php?rest_route=\/wp\/v2\/posts\/26354\/revisions\/50260"}],"wp:featuredmedia":[{"embeddable":true,"href":"https:\/\/www.monta\u00f1asdelaluna.es\/index.php?rest_route=\/wp\/v2\/media\/26305"}],"wp:attachment":[{"href":"https:\/\/www.monta\u00f1asdelaluna.es\/index.php?rest_route=%2Fwp%2Fv2%2Fmedia&parent=26354"}],"wp:term":[{"taxonomy":"category","embeddable":true,"href":"https:\/\/www.monta\u00f1asdelaluna.es\/index.php?rest_route=%2Fwp%2Fv2%2Fcategories&post=26354"},{"taxonomy":"post_tag","embeddable":true,"href":"https:\/\/www.monta\u00f1asdelaluna.es\/index.php?rest_route=%2Fwp%2Fv2%2Ftags&post=26354"}],"curies":[{"name":"wp","href":"https:\/\/api.w.org\/{rel}","templated":true}]}}