{"id":27489,"date":"2015-09-05T08:08:20","date_gmt":"2015-09-05T08:08:20","guid":{"rendered":"http:\/\/monta\u00f1asdelaluna.com\/?p=27489"},"modified":"2021-08-01T11:00:34","modified_gmt":"2021-08-01T11:00:34","slug":"la-munia","status":"publish","type":"post","link":"https:\/\/www.monta\u00f1asdelaluna.es\/?p=27489","title":{"rendered":"La Munia"},"content":{"rendered":"<p>[vc_row][vc_column][vc_column_text]Ten\u00edamos que decidir a qu\u00e9 monta\u00f1a del Pirineo quer\u00edamos ir este pasado mes de septiembre. Con Francesc se barajan dos posibilidades: La Munia, monta\u00f1a que sali\u00f3 de alguna conversaci\u00f3n y de alguien que ten\u00eda intenci\u00f3n de subirla y entonces nos llam\u00f3 la atenci\u00f3n, y la otra era la cresta de Las Argualas desde Panticosa, haza\u00f1a con la que so\u00f1aba Francesc cumplirla en poco tiempo.<\/p>\n<p>Al final nos decidimos por La Munia, ya que la Cresta de Las Argualas comprende m\u00e1s desnivel y esfuerzo, a la vez que tiempo en hacerla, si salimos desde Casa de Piedra o desde el nuevo refugio de Bachima\u00f1a. Con lo que al final optamos por la subida a este desconocido (para m\u00ed) tres mil de los Pirineos oscenses, frontera con Francia y cima culminante del macizo que lleva su mismo nombre.<\/p>\n<div id=\"attachment_27296\" style=\"width: 1034px\" class=\"wp-caption aligncenter\"><a class=\"dt-single-image\" href=\"https:\/\/www.monta\u00f1asdelaluna.es\/wp-content\/uploads\/2016\/01\/LaMunia2015-019.jpg\" data-dt-img-description=\"\"><img loading=\"lazy\" decoding=\"async\" aria-describedby=\"caption-attachment-27296\" class=\"wp-image-27296 size-large\" src=\"https:\/\/www.monta\u00f1asdelaluna.es\/wp-content\/uploads\/2016\/01\/LaMunia2015-019-1024x768.jpg\" alt=\"Barranco y cascada de Petramula\" width=\"1024\" height=\"768\" srcset=\"https:\/\/www.monta\u00f1asdelaluna.es\/wp-content\/uploads\/2016\/01\/LaMunia2015-019-1024x768.jpg 1024w, https:\/\/www.monta\u00f1asdelaluna.es\/wp-content\/uploads\/2016\/01\/LaMunia2015-019-300x225.jpg 300w, https:\/\/www.monta\u00f1asdelaluna.es\/wp-content\/uploads\/2016\/01\/LaMunia2015-019.jpg 1690w\" sizes=\"auto, (max-width: 1024px) 100vw, 1024px\" \/><\/a><p id=\"caption-attachment-27296\" class=\"wp-caption-text\">Barranco y cascada de Petramula<\/p><\/div>\n<div id=\"attachment_27304\" style=\"width: 1034px\" class=\"wp-caption aligncenter\"><a class=\"dt-single-image\" href=\"https:\/\/www.monta\u00f1asdelaluna.es\/wp-content\/uploads\/2016\/01\/LaMunia2015-029.jpg\" data-dt-img-description=\"\"><img loading=\"lazy\" decoding=\"async\" aria-describedby=\"caption-attachment-27304\" class=\"wp-image-27304 size-large\" src=\"https:\/\/www.monta\u00f1asdelaluna.es\/wp-content\/uploads\/2016\/01\/LaMunia2015-029-1024x768.jpg\" alt=\"Pico Comodoto detr\u00e1s en la subida\" width=\"1024\" height=\"768\" srcset=\"https:\/\/www.monta\u00f1asdelaluna.es\/wp-content\/uploads\/2016\/01\/LaMunia2015-029-1024x768.jpg 1024w, https:\/\/www.monta\u00f1asdelaluna.es\/wp-content\/uploads\/2016\/01\/LaMunia2015-029-300x225.jpg 300w, https:\/\/www.monta\u00f1asdelaluna.es\/wp-content\/uploads\/2016\/01\/LaMunia2015-029.jpg 1690w\" sizes=\"auto, (max-width: 1024px) 100vw, 1024px\" \/><\/a><p id=\"caption-attachment-27304\" class=\"wp-caption-text\">Pico Comodoto detr\u00e1s en la subida<\/p><\/div>\n<p>La Munia es un macizo que he pisado en algunas ocasiones, pero en ninguna de ellas para conquistar o ascender sus cimas m\u00e1s altas. Los Llanos y Refugio de Lalarri ya los concia de varias ocasiones invernales en las que nos dispon\u00edamos atacar el Balc\u00f3n de Pineta para acercarnos al Perdido, y acab\u00e1bamos en esta zona del este del macizo de La Munia y al noreste del Valle de Pineta\u2026 incluso en una de estas escaramuzas pirenaicas llegamos a subir el Sobrestiva o Punta del G\u00fcerto; un piquito de poco m\u00e1s de dos mil quinientos metros entre Lalarri y el Refugio de La Estiva, monta\u00f1a arriba.<\/p>\n<p>En esta ocasi\u00f3n la idea era subir por la pista de Parz\u00e1n y Chisag\u00fc\u00e9s (Arriba de Bielsa, Valle de Bielsa) hasta donde pudi\u00e9ramos dejar el coche, y subir con mochilones, tiendas y dem\u00e1s para pasar la noche en los bonitos Lagos de Lalarri, alias de La Munia. Desde aqu\u00ed y a esta altura (m\u00e1s de dos mil quinientos metros) atacar por la cresta oeste y Paso del Gato la imponente mole de La Munia\u2026 aunque en un principio mi idea era intentar montar el campamento antes del Collado de Las Puertas (que da paso al circo encajonado donde est\u00e1n las lagunas) para de esta manera poder a\u00f1adir, en la ruta de ascensiones, el pico Robi\u00f1era, que queda justo al sur de La Munia\u2026 \u00bfQu\u00e9 haremos al final? El tiempo y la situaci\u00f3n nos lo dir\u00e1.<\/p>\n<div id=\"attachment_27310\" style=\"width: 1034px\" class=\"wp-caption aligncenter\"><a class=\"dt-single-image\" href=\"https:\/\/www.monta\u00f1asdelaluna.es\/wp-content\/uploads\/2016\/01\/LaMunia2015-039.jpg\" data-dt-img-description=\"\"><img loading=\"lazy\" decoding=\"async\" aria-describedby=\"caption-attachment-27310\" class=\"wp-image-27310 size-large\" src=\"https:\/\/www.monta\u00f1asdelaluna.es\/wp-content\/uploads\/2016\/01\/LaMunia2015-039-1024x768.jpg\" alt=\"Delante el Robi\u00f1era medio cubierto\" width=\"1024\" height=\"768\" srcset=\"https:\/\/www.monta\u00f1asdelaluna.es\/wp-content\/uploads\/2016\/01\/LaMunia2015-039-1024x768.jpg 1024w, https:\/\/www.monta\u00f1asdelaluna.es\/wp-content\/uploads\/2016\/01\/LaMunia2015-039-300x225.jpg 300w, https:\/\/www.monta\u00f1asdelaluna.es\/wp-content\/uploads\/2016\/01\/LaMunia2015-039.jpg 1690w\" sizes=\"auto, (max-width: 1024px) 100vw, 1024px\" \/><\/a><p id=\"caption-attachment-27310\" class=\"wp-caption-text\">Delante el Robi\u00f1era medio cubierto<\/p><\/div>\n<div id=\"attachment_27320\" style=\"width: 1034px\" class=\"wp-caption aligncenter\"><a class=\"dt-single-image\" href=\"https:\/\/www.monta\u00f1asdelaluna.es\/wp-content\/uploads\/2016\/01\/LaMunia2015-051.jpg\" data-dt-img-description=\"\"><img loading=\"lazy\" decoding=\"async\" aria-describedby=\"caption-attachment-27320\" class=\"wp-image-27320 size-large\" src=\"https:\/\/www.monta\u00f1asdelaluna.es\/wp-content\/uploads\/2016\/01\/LaMunia2015-051-1024x768.jpg\" alt=\"Bajando a los Ibones de Lalarri\" width=\"1024\" height=\"768\" srcset=\"https:\/\/www.monta\u00f1asdelaluna.es\/wp-content\/uploads\/2016\/01\/LaMunia2015-051-1024x768.jpg 1024w, https:\/\/www.monta\u00f1asdelaluna.es\/wp-content\/uploads\/2016\/01\/LaMunia2015-051-300x225.jpg 300w\" sizes=\"auto, (max-width: 1024px) 100vw, 1024px\" \/><\/a><p id=\"caption-attachment-27320\" class=\"wp-caption-text\">Bajando a los Ibones de Lalarri<\/p><\/div>\n<p>Entonces el pasado s\u00e1bado 5 de septiembre salimos de Barcelona en busca del Pirineo de Huesca, del Valle de Bielsa, Chisag\u00fc\u00e9s y el formidable pico de La Munia. \u00cdbamos un buen grupo. M\u00e1s de diez chicos y chicas con ganas de aventura y de hacer esta imponente cima. Viendo el buen tiempo que nos pod\u00eda hacer y por comodidad y quiz\u00e1s rememorar aquellas aventuras y tiempos en el que desafi\u00e1bamos el fr\u00edo y a las duras condiciones de la alta monta\u00f1a, tuve la idea de hacer un vivac con mi buen saco de plumas de Diamir. Uno de los compa\u00f1eros, Antonio Farre de Lleida me acompa\u00f1ar\u00eda, el resto montar\u00edan las tiendas en el \u201cCampo Base\u201d.<\/p>\n<p>Ya subimos con el todoterreno de Josep Gallem\u00ed por la maltrecha pista que sube hasta Petramula desde Chisag\u00fc\u00e9s. En las \u00faltimas rampas, la pista est\u00e1 destrozada y casi solo se puede subir con un susodicho todoterreno\u2026 y con el cochecillo de Antonio Farre; el cual vemos que en alguna ocasi\u00f3n en lugar de avanzar pista arriba, resbala y tiende a descender peligrosamente por la misma por culpa de la gravilla y piedras sueltas en la pendiente. Nuestro coche est\u00e1 justo detr\u00e1s del suyo, y paramos, expectantes todos los pasajeros del mismo hasta que observamos que por fin avanza hasta el aparcamiento de Petramula. No hay m\u00e1s coches que los nuestros. Hemos tenido que quitar una valla antes, junto a unas bordas al borde del camino, pero por fin ya se acaba la aproximaci\u00f3n en coche; ahora toca el mochil\u00f3n y a caminar, ascender, en busca del Collado de La Puerta y el macizo de La Munia que queda justo al norte.<\/p>\n<div id=\"attachment_27332\" style=\"width: 1034px\" class=\"wp-caption aligncenter\"><a class=\"dt-single-image\" href=\"https:\/\/www.monta\u00f1asdelaluna.es\/wp-content\/uploads\/2016\/01\/LaMunia2015-067.jpg\" data-dt-img-description=\"\"><img loading=\"lazy\" decoding=\"async\" aria-describedby=\"caption-attachment-27332\" class=\"wp-image-27332 size-large\" src=\"https:\/\/www.monta\u00f1asdelaluna.es\/wp-content\/uploads\/2016\/01\/LaMunia2015-067-1024x768.jpg\" alt=\"Campamento en la orilla norte del ib\u00f3n m\u00e1s al norte de Lalarri\" width=\"1024\" height=\"768\" srcset=\"https:\/\/www.monta\u00f1asdelaluna.es\/wp-content\/uploads\/2016\/01\/LaMunia2015-067-1024x768.jpg 1024w, https:\/\/www.monta\u00f1asdelaluna.es\/wp-content\/uploads\/2016\/01\/LaMunia2015-067-300x225.jpg 300w, https:\/\/www.monta\u00f1asdelaluna.es\/wp-content\/uploads\/2016\/01\/LaMunia2015-067.jpg 1690w\" sizes=\"auto, (max-width: 1024px) 100vw, 1024px\" \/><\/a><p id=\"caption-attachment-27332\" class=\"wp-caption-text\">Campamento en la orilla norte del ib\u00f3n m\u00e1s al norte de Lalarri<\/p><\/div>\n<div id=\"attachment_27336\" style=\"width: 1034px\" class=\"wp-caption aligncenter\"><a class=\"dt-single-image\" href=\"https:\/\/www.monta\u00f1asdelaluna.es\/wp-content\/uploads\/2016\/01\/LaMunia2015-074.jpg\" data-dt-img-description=\"\"><img loading=\"lazy\" decoding=\"async\" aria-describedby=\"caption-attachment-27336\" class=\"wp-image-27336 size-large\" src=\"https:\/\/www.monta\u00f1asdelaluna.es\/wp-content\/uploads\/2016\/01\/LaMunia2015-074-1024x768.jpg\" alt=\"Campamento montado, al fondo el Chinipro medio cubierto\" width=\"1024\" height=\"768\" srcset=\"https:\/\/www.monta\u00f1asdelaluna.es\/wp-content\/uploads\/2016\/01\/LaMunia2015-074-1024x768.jpg 1024w, https:\/\/www.monta\u00f1asdelaluna.es\/wp-content\/uploads\/2016\/01\/LaMunia2015-074-300x225.jpg 300w, https:\/\/www.monta\u00f1asdelaluna.es\/wp-content\/uploads\/2016\/01\/LaMunia2015-074.jpg 1690w\" sizes=\"auto, (max-width: 1024px) 100vw, 1024px\" \/><\/a><p id=\"caption-attachment-27336\" class=\"wp-caption-text\">Campamento montado, al fondo el Chinipro medio cubierto<\/p><\/div>\n<p>Las nubecillas abordan las alturas cuando emprendemos la marcha hac\u00eda nuestro destino. En la misma curva del camino que sigue, no se para en Petramula, hay un cartelito (el \u00fanico con el que nos toparemos) y que nos indica la direcci\u00f3n y senda a escoger: directos a La Munia y sus lagos. Atr\u00e1s va quedando el bello Valle de Chisag\u00fc\u00e9s; paralelo al de Pineta pero m\u00e1s al norte. Las nubes, como siempre en el Pirineo, dan su pincelada de color puro y algodonoso al cielo de la tarde. La senda al principio no es empinada, recorre en direcci\u00f3n noroeste, en direcci\u00f3n a las laderas de la monta\u00f1a, invisible para nosotros ahora, que queremos conquistar. Pero al cabo de poco tiempo y justo antes de comenzar a calentarte por la marcha, la senda se empina y hace zigzags dejando a la derecha una magn\u00edfica cascada del Barranco de Petramula que baja desde el mismo CHinipro. Es como si fu\u00e9ramos en direcci\u00f3n a ella, pero antes de llegar seguimos subiendo por su izquierda llegando a sobrepasarla de altura. Poco despu\u00e9s la senda, que no pierde subida, gira hac\u00eda la derecha y noreste en busca de las altas laderas del Barranco de La Puerta, el mismo que nace en el collado al que queremos ir. El desnivel y esfuerzo aqu\u00ed es muy apreciable. Se sube mucho muy r\u00e1pido: salimos de poco m\u00e1s de 1.900 metros y hay que llegar a los 2.533 del Collado de La Puerta. Observamos como algunas sendas por encima de la cascada acaban o nacen en la que llevamos nosotros ahora, \u00e9stas vienen de la zona de La Estiva.<\/p>\n<p>A medidas que subimos por esta empinada seda que no da tregua, va enalteci\u00e9ndose y a la vez qued\u00e1ndose m\u00e1s atr\u00e1s y bajo, el pico Comodoto, puntiagudo y magn\u00edfico: una verdadera pared piramidal cortada casi a pico. M\u00e1s arriba y antes de ocultarnos entre las nubladas laderas del Barranco de La Puerta, descubrimos mirando atr\u00e1s nuestro y un poco m\u00e1s hacia el este, el magn\u00edfico murall\u00f3n de la Sierra de Las Tucas en el Valle de Pineta; soberbio, impresionante\u2026 pero dura poco su visi\u00f3n: entre las nubes que cubren sus cimas y que nos estamos introduciendo en el antes nombrado barranco, y llegando al collado, desaparece tal hermosa imagen.<\/p>\n<div id=\"attachment_27349\" style=\"width: 1034px\" class=\"wp-caption aligncenter\"><a class=\"dt-single-image\" href=\"https:\/\/www.monta\u00f1asdelaluna.es\/wp-content\/uploads\/2016\/02\/LaMunia2015-005.jpg\" data-dt-img-description=\"\"><img loading=\"lazy\" decoding=\"async\" aria-describedby=\"caption-attachment-27349\" class=\"wp-image-27349 size-large\" src=\"https:\/\/www.monta\u00f1asdelaluna.es\/wp-content\/uploads\/2016\/02\/LaMunia2015-005-1024x768.jpg\" alt=\"Atr\u00e1s va quedando los Ibones de Lalarri y el Chinipro\" width=\"1024\" height=\"768\" srcset=\"https:\/\/www.monta\u00f1asdelaluna.es\/wp-content\/uploads\/2016\/02\/LaMunia2015-005-1024x768.jpg 1024w, https:\/\/www.monta\u00f1asdelaluna.es\/wp-content\/uploads\/2016\/02\/LaMunia2015-005-300x225.jpg 300w, https:\/\/www.monta\u00f1asdelaluna.es\/wp-content\/uploads\/2016\/02\/LaMunia2015-005.jpg 1690w\" sizes=\"auto, (max-width: 1024px) 100vw, 1024px\" \/><\/a><p id=\"caption-attachment-27349\" class=\"wp-caption-text\">Atr\u00e1s va quedando los Ibones de Lalarri y el Chinipro<\/p><\/div>\n<div id=\"attachment_27351\" style=\"width: 1034px\" class=\"wp-caption aligncenter\"><a class=\"dt-single-image\" href=\"https:\/\/www.monta\u00f1asdelaluna.es\/wp-content\/uploads\/2016\/02\/LaMunia2015-008.jpg\" data-dt-img-description=\"\"><img loading=\"lazy\" decoding=\"async\" aria-describedby=\"caption-attachment-27351\" class=\"wp-image-27351 size-large\" src=\"https:\/\/www.monta\u00f1asdelaluna.es\/wp-content\/uploads\/2016\/02\/LaMunia2015-008-1024x768.jpg\" alt=\"Delante Paco y Antonio, atr\u00e1s los Ibones de Lalarri y el Chinipro\" width=\"1024\" height=\"768\" srcset=\"https:\/\/www.monta\u00f1asdelaluna.es\/wp-content\/uploads\/2016\/02\/LaMunia2015-008-1024x768.jpg 1024w, https:\/\/www.monta\u00f1asdelaluna.es\/wp-content\/uploads\/2016\/02\/LaMunia2015-008-300x225.jpg 300w, https:\/\/www.monta\u00f1asdelaluna.es\/wp-content\/uploads\/2016\/02\/LaMunia2015-008.jpg 1690w\" sizes=\"auto, (max-width: 1024px) 100vw, 1024px\" \/><\/a><p id=\"caption-attachment-27351\" class=\"wp-caption-text\">Delante Paco y Antonio, atr\u00e1s los Ibones de Lalarri y el Chinipro<\/p><\/div>\n<p>Mientras seguimos subiendo ahora por una seda menos empinada, el Robi\u00f1era intenta despejarse mostr\u00e1ndonos, entre cortinas de nubes que vienen y van, su porte m\u00e1s agreste, magn\u00edfico y abrupto \u00a1No es un paseo subir a este pico! Realmente es escarpado. Por fin vemos el Collado de La Puerta y bajo \u00e9ste, algunos metros antes de llegar, una planicie en mitad del fondo del barranco. Paramos la \u201ccomitiva\u201d, tenemos que hablar de lo que vamos a hacer: la idea primera y m\u00e1s audaz era hacer La Munia y el Robi\u00f1era tambi\u00e9n. Seg\u00fan el mapa de Alpina hay tanto una subida a \u00e9ste pico desde este punto (que la vemos in situ ahora, y la controlamos) y otra subida que sale en mitad de la misma subida entre los lagos y la Collada es Ibons o de La Munia, con lo cual se pod\u00eda enlazar el recorrido y hacer este pico tambi\u00e9n. Pero para una mejor log\u00edstica en dicha actividad, lo mejor hubiera sido acampar aqu\u00ed mismo\u2026 pero el lugar no era el ideal\u2026<\/p>\n<p>Es por ello que al final decidimos seguir adelante y acampar en el lugar donde siempre acampa la gente quiere atacar a La Munia: en las orillas m\u00e1s al norte del lago m\u00e1s al norte de Lalarri (Ibones de La Munia). Enseguida abordamos el Collado de La Puerta (2.533 mts.) y como si se tratara de abrir una verdadera puerta y ver otro paisaje, otro espect\u00e1culo, nos adentramos en un extra\u00f1o pero bello circo culminado en su centro y fondo por un enrome ib\u00f3n: son Los Ibones de Lalarri. Delante, al fondo casi tapado por los escarpes oeste del Robi\u00f1era, el alargado (desde aqu\u00ed) pico de La Munia: una muralla de colores rojizos, gris\u00e1ceos, nada est\u00e9ticos desde aqu\u00ed. A la izquierda y bajando por la cresta de La Munia, justo enfrente al otro lado de los ibones, el Collado de La Munia o Es Ibons, muy bien definido y perfilado. Pero al fin y al cabo, gracias a las aguas tranquilas, extensas y de un color plateado oscuro de los ibones, el lugar se hace hermoso. Realmente solo vemos el ib\u00f3n m\u00e1s al sur de los dos, el otro debemos caminar algo m\u00e1s para encontrarnos con \u00e9l. Pero solo los separa un istmo de roca madre, y una simp\u00e1tica cascadita.<\/p>\n<div id=\"attachment_27355\" style=\"width: 1034px\" class=\"wp-caption aligncenter\"><a class=\"dt-single-image\" href=\"https:\/\/www.monta\u00f1asdelaluna.es\/wp-content\/uploads\/2016\/02\/LaMunia2015-015.jpg\" data-dt-img-description=\"\"><img loading=\"lazy\" decoding=\"async\" aria-describedby=\"caption-attachment-27355\" class=\"wp-image-27355 size-large\" src=\"https:\/\/www.monta\u00f1asdelaluna.es\/wp-content\/uploads\/2016\/02\/LaMunia2015-015-1024x768.jpg\" alt=\"Delante Josep, Paco y Antonio, atr\u00e1s los Ibones de Lalarri y el Chinipro\" width=\"1024\" height=\"768\" srcset=\"https:\/\/www.monta\u00f1asdelaluna.es\/wp-content\/uploads\/2016\/02\/LaMunia2015-015-1024x768.jpg 1024w, https:\/\/www.monta\u00f1asdelaluna.es\/wp-content\/uploads\/2016\/02\/LaMunia2015-015-300x225.jpg 300w, https:\/\/www.monta\u00f1asdelaluna.es\/wp-content\/uploads\/2016\/02\/LaMunia2015-015.jpg 1690w\" sizes=\"auto, (max-width: 1024px) 100vw, 1024px\" \/><\/a><p id=\"caption-attachment-27355\" class=\"wp-caption-text\">Delante Josep, Paco y Antonio, atr\u00e1s los Ibones de Lalarri y el Chinipro<\/p><\/div>\n<div id=\"attachment_27357\" style=\"width: 1034px\" class=\"wp-caption aligncenter\"><a class=\"dt-single-image\" href=\"https:\/\/www.monta\u00f1asdelaluna.es\/wp-content\/uploads\/2016\/02\/LaMunia2015-018.jpg\" data-dt-img-description=\"\"><img loading=\"lazy\" decoding=\"async\" aria-describedby=\"caption-attachment-27357\" class=\"wp-image-27357 size-large\" src=\"https:\/\/www.monta\u00f1asdelaluna.es\/wp-content\/uploads\/2016\/02\/LaMunia2015-018-1024x768.jpg\" alt=\"Delante Josep y detr\u00e1s el Robi\u00f1era\" width=\"1024\" height=\"768\" srcset=\"https:\/\/www.monta\u00f1asdelaluna.es\/wp-content\/uploads\/2016\/02\/LaMunia2015-018-1024x768.jpg 1024w, https:\/\/www.monta\u00f1asdelaluna.es\/wp-content\/uploads\/2016\/02\/LaMunia2015-018-300x225.jpg 300w, https:\/\/www.monta\u00f1asdelaluna.es\/wp-content\/uploads\/2016\/02\/LaMunia2015-018.jpg 1690w\" sizes=\"auto, (max-width: 1024px) 100vw, 1024px\" \/><\/a><p id=\"caption-attachment-27357\" class=\"wp-caption-text\">Delante Josep y detr\u00e1s el Robi\u00f1era<\/p><\/div>\n<p>Ahora lo que queda de camino, es tranquilo y casi llano. Estamos altos, a unos 2.500 metros de altitud. La senda bordea acerc\u00e1ndose mucho a las orillas de este primer ib\u00f3n, hac\u00eda la derecha, bajos los escarpes del Robi\u00f1era. Enseguida llegamos al segundo ib\u00f3n siguiendo la misma senda. Y justo al otro lado del mismo, en la orilla m\u00e1s verde, llana, apetecible y cercana a las laderas de La Munia, montamos el campamento. Estamos a unos 2.537 mts. Al final el lugar es encantador: las nubes juegan con los escarpes, paredes y rocas de los picos y laderas de las monta\u00f1as que nos rodean, haciendo su juego de luces, sombras y dibujos en el cielo con una mano de fondo rocoso. Excepcional. Y todas las im\u00e1genes las protagonizan los formidables ibones, aunque ahora desde aqu\u00ed solo vemos el ib\u00f3n en cuya orilla hemos acampado y montado el campamento.<\/p>\n<p>Al otro lado del ib\u00f3n, un murall\u00f3n con forma redondeada que juega con el ir y venir de las nubes: es el CHinipro. Y justo detr\u00e1s nuestro el sol comienza a iluminar solamente la punta m\u00e1s sobresaliente de La Munia. Como si de un rojizo pastel faro se tratara, nos indica hasta donde debemos llegar ma\u00f1ana. Todo un desaf\u00edo por una cresta descarnada con ninguna dificultad (t\u00e9cnica) menos el Pas del Gat, pero con su aireada y l\u00f3gica temeridad de subirla en medio de precipicios y mortales vertientes. \u00danica. Impresionante. La miro y la remiro. A pesar de su extra\u00f1a belleza, me atrae.<\/p>\n<div id=\"attachment_27364\" style=\"width: 1034px\" class=\"wp-caption aligncenter\"><a class=\"dt-single-image\" href=\"https:\/\/www.monta\u00f1asdelaluna.es\/wp-content\/uploads\/2016\/02\/LaMunia2015-030.jpg\" data-dt-img-description=\"\"><img loading=\"lazy\" decoding=\"async\" aria-describedby=\"caption-attachment-27364\" class=\"wp-image-27364 size-large\" src=\"https:\/\/www.monta\u00f1asdelaluna.es\/wp-content\/uploads\/2016\/02\/LaMunia2015-030-1024x768.jpg\" alt=\"Subiendo por la cresta oeste de La Munia\" width=\"1024\" height=\"768\" srcset=\"https:\/\/www.monta\u00f1asdelaluna.es\/wp-content\/uploads\/2016\/02\/LaMunia2015-030-1024x768.jpg 1024w, https:\/\/www.monta\u00f1asdelaluna.es\/wp-content\/uploads\/2016\/02\/LaMunia2015-030-300x225.jpg 300w, https:\/\/www.monta\u00f1asdelaluna.es\/wp-content\/uploads\/2016\/02\/LaMunia2015-030.jpg 1690w\" sizes=\"auto, (max-width: 1024px) 100vw, 1024px\" \/><\/a><p id=\"caption-attachment-27364\" class=\"wp-caption-text\">Subiendo por la cresta oeste de La Munia<\/p><\/div>\n<div id=\"attachment_27368\" style=\"width: 1034px\" class=\"wp-caption aligncenter\"><a class=\"dt-single-image\" href=\"https:\/\/www.monta\u00f1asdelaluna.es\/wp-content\/uploads\/2016\/02\/LaMunia2015-034.jpg\" data-dt-img-description=\"\"><img loading=\"lazy\" decoding=\"async\" aria-describedby=\"caption-attachment-27368\" class=\"wp-image-27368 size-large\" src=\"https:\/\/www.monta\u00f1asdelaluna.es\/wp-content\/uploads\/2016\/02\/LaMunia2015-034-1024x768.jpg\" alt=\"Subiendo por la cresta oeste de La Munia\" width=\"1024\" height=\"768\" srcset=\"https:\/\/www.monta\u00f1asdelaluna.es\/wp-content\/uploads\/2016\/02\/LaMunia2015-034-1024x768.jpg 1024w, https:\/\/www.monta\u00f1asdelaluna.es\/wp-content\/uploads\/2016\/02\/LaMunia2015-034-300x225.jpg 300w, https:\/\/www.monta\u00f1asdelaluna.es\/wp-content\/uploads\/2016\/02\/LaMunia2015-034.jpg 1690w\" sizes=\"auto, (max-width: 1024px) 100vw, 1024px\" \/><\/a><p id=\"caption-attachment-27368\" class=\"wp-caption-text\">Subiendo por la cresta oeste de La Munia<\/p><\/div>\n<p>La noche ser\u00e1 fr\u00eda. Ma\u00f1ana hay que levantarse temprano\u2026 hay un tresmil que conquistar. Pero en mi saco y con mi funda de vivac llego a agobiarme por el calor y encierro claustrof\u00f3bico; dejo que pase el aire frio, helado de la noche. Antonio (junto a m\u00ed en un murito de piedras) miramos las estrellas hasta dormirnos \u00a1\u00a1Es todo un espect\u00e1culo!!&#8230; \u00a1UNA FUGAZ! Como no pasar una noche bajo el cielo descubierto del Pirineo y no ver una Estrella Fugaz, imposible. Pido un deseo\u2026 \u00bfse cumplir\u00e1? Las fugaces del Pirineo son muy buenas y afectivas, siempre cumplen tus deseos. Bona nit.<\/p>\n<p>Al d\u00eda siguiente se despierta un d\u00eda excepcional, tal y como hab\u00eda sido la noche. La gente se va despertando poco a poco entre una temperatura algo por debajo de 0 grados. Y cuando los rayos del sol ya hace minutos que rozan la cumbre del CHinipro emprendemos la subida por detr\u00e1s del campamento hac\u00eda el Collado de La Munia o Es Ibons. A nuestra espalda dejamos los ibones y all\u00e1 abajo cada vez m\u00e1s lejano y peque\u00f1o las tiendas del campamento en las orillas de este segundo ib\u00f3n. No hay ni una nube. El d\u00eda parece ser\u00e1 perfecto, muy soleado, aunque ha amanecido frio.<\/p>\n<div id=\"attachment_27373\" style=\"width: 1700px\" class=\"wp-caption aligncenter\"><a class=\"dt-single-image\" href=\"https:\/\/www.monta\u00f1asdelaluna.es\/wp-content\/uploads\/2016\/02\/LaMunia2015-039.jpg\" data-dt-img-description=\"\"><img loading=\"lazy\" decoding=\"async\" aria-describedby=\"caption-attachment-27373\" class=\"wp-image-27373 size-full\" src=\"https:\/\/www.monta\u00f1asdelaluna.es\/wp-content\/uploads\/2016\/02\/LaMunia2015-039.jpg\" alt=\"Monte Perdido\" width=\"1690\" height=\"1267\" srcset=\"https:\/\/www.monta\u00f1asdelaluna.es\/wp-content\/uploads\/2016\/02\/LaMunia2015-039.jpg 1690w, https:\/\/www.monta\u00f1asdelaluna.es\/wp-content\/uploads\/2016\/02\/LaMunia2015-039-300x225.jpg 300w, https:\/\/www.monta\u00f1asdelaluna.es\/wp-content\/uploads\/2016\/02\/LaMunia2015-039-1024x768.jpg 1024w\" sizes=\"auto, (max-width: 1690px) 100vw, 1690px\" \/><\/a><p id=\"caption-attachment-27373\" class=\"wp-caption-text\">Monte Perdido<\/p><\/div>\n<div id=\"attachment_27374\" style=\"width: 1700px\" class=\"wp-caption aligncenter\"><a class=\"dt-single-image\" href=\"https:\/\/www.monta\u00f1asdelaluna.es\/wp-content\/uploads\/2016\/02\/LaMunia2015-040.jpg\" data-dt-img-description=\"\"><img loading=\"lazy\" decoding=\"async\" aria-describedby=\"caption-attachment-27374\" class=\"wp-image-27374 size-full\" src=\"https:\/\/www.monta\u00f1asdelaluna.es\/wp-content\/uploads\/2016\/02\/LaMunia2015-040.jpg\" alt=\"Cilindro de Marbor\u00e9\" width=\"1690\" height=\"1267\" srcset=\"https:\/\/www.monta\u00f1asdelaluna.es\/wp-content\/uploads\/2016\/02\/LaMunia2015-040.jpg 1690w, https:\/\/www.monta\u00f1asdelaluna.es\/wp-content\/uploads\/2016\/02\/LaMunia2015-040-300x225.jpg 300w, https:\/\/www.monta\u00f1asdelaluna.es\/wp-content\/uploads\/2016\/02\/LaMunia2015-040-1024x768.jpg 1024w\" sizes=\"auto, (max-width: 1690px) 100vw, 1690px\" \/><\/a><p id=\"caption-attachment-27374\" class=\"wp-caption-text\">Cilindro de Marbor\u00e9<\/p><\/div>\n<p>La senda no tiene p\u00e9rdida. Est\u00e1 muy marcada y es f\u00e1cil de seguir mientras subimos altura y surcamos las pedregosas y rocosas laderas de La Munia. De vez en cuando miro hacia la derecha como intentando encontrar la senda que sale en el mapa Alpina y te lleva hasta los escarpes del Robi\u00f1era. Pero no hay manera. No llego a verla, no la encuentro\u2026 \u00bfde verdad existir\u00e1 dicha senda? De mientras el paisaje se va abriendo y agrandando: la visi\u00f3n protagonizada por los lagos es impresionante, hermosa y \u00fanica. De repente aparece unas monta\u00f1as nevadas y colmadas de hielos: es el Soum de Ramond y Monte Perdido que se asoman por unos instantes hac\u00eda el este. El Robi\u00f1era aparece como un verdadero pico alpino, escarpado, infranqueable, altivo y soberbio. Muy llamativo y hermoso. No veo manera de subirlo desde este lado. Menos mal que no llegamos a acampar en su base antes del Collado de la Puerta.<\/p>\n<p>Ya estamos en el Collado de La Munia o Es Ibons a m\u00e1s de 2.850 mts. de altura. Desde aqu\u00ed ya preciamos y admiramos la cara norte, cortada y espectacular de La Munia y su enorme circo ya cayendo hac\u00eda Francia. Impresionante. De aqu\u00ed solo tenemos que coger la cresta de la misma e ir en busca de su cima hac\u00eda el este. El recorrido es bastante intuitivo y resulta muy entretenido. No hay demasiados puntos expuestos pero no hay descanso en las peque\u00f1as trepadas, peque\u00f1as chimeneas y pendientes muy empinadas, rocosas o por terrenos pedregosos siempre escarpados pero no imposibles. Hay que seguir los hitos y no habr\u00e1 dificultad\u2026 eso s\u00ed, la subida con tanta gente en cola (nosotros) se hace larga, fatigosa pero divertida.<\/p>\n<div id=\"attachment_27375\" style=\"width: 831px\" class=\"wp-caption aligncenter\"><a class=\"dt-single-image\" href=\"https:\/\/www.monta\u00f1asdelaluna.es\/wp-content\/uploads\/2016\/02\/LaMunia2015-041.jpg\" data-dt-img-description=\"\"><img loading=\"lazy\" decoding=\"async\" aria-describedby=\"caption-attachment-27375\" class=\"wp-image-27375 \" src=\"https:\/\/www.monta\u00f1asdelaluna.es\/wp-content\/uploads\/2016\/02\/LaMunia2015-041.jpg\" alt=\"Llegando al Pas del Gat. Detr\u00e1s el Robi\u00f1era\" width=\"821\" height=\"1095\" srcset=\"https:\/\/www.monta\u00f1asdelaluna.es\/wp-content\/uploads\/2016\/02\/LaMunia2015-041.jpg 1267w, https:\/\/www.monta\u00f1asdelaluna.es\/wp-content\/uploads\/2016\/02\/LaMunia2015-041-225x300.jpg 225w, https:\/\/www.monta\u00f1asdelaluna.es\/wp-content\/uploads\/2016\/02\/LaMunia2015-041-768x1024.jpg 768w\" sizes=\"auto, (max-width: 821px) 100vw, 821px\" \/><\/a><p id=\"caption-attachment-27375\" class=\"wp-caption-text\">Llegando al Pas del Gat. Detr\u00e1s el Robi\u00f1era<\/p><\/div>\n<div id=\"attachment_27377\" style=\"width: 1034px\" class=\"wp-caption aligncenter\"><a class=\"dt-single-image\" href=\"https:\/\/www.monta\u00f1asdelaluna.es\/wp-content\/uploads\/2016\/02\/LaMunia2015-045.jpg\" data-dt-img-description=\"\"><img loading=\"lazy\" decoding=\"async\" aria-describedby=\"caption-attachment-27377\" class=\"wp-image-27377 size-large\" src=\"https:\/\/www.monta\u00f1asdelaluna.es\/wp-content\/uploads\/2016\/02\/LaMunia2015-045-1024x768.jpg\" alt=\"Francesc y Dani en el Pas del Gat\" width=\"1024\" height=\"768\" srcset=\"https:\/\/www.monta\u00f1asdelaluna.es\/wp-content\/uploads\/2016\/02\/LaMunia2015-045-1024x768.jpg 1024w, https:\/\/www.monta\u00f1asdelaluna.es\/wp-content\/uploads\/2016\/02\/LaMunia2015-045-300x225.jpg 300w, https:\/\/www.monta\u00f1asdelaluna.es\/wp-content\/uploads\/2016\/02\/LaMunia2015-045.jpg 1690w\" sizes=\"auto, (max-width: 1024px) 100vw, 1024px\" \/><\/a><p id=\"caption-attachment-27377\" class=\"wp-caption-text\">Francesc y Dani en el Pas del Gat<\/p><\/div>\n<p>En un momento de la cresta que ya parece has subido mucha altura, te das la vuelta al contrario de la escarpada roca y aparece todo el macizo del Monte Perdido con esa poca nieve ca\u00edda a principios de este mes, y sus glaciares colgantes\u2026 en un d\u00eda tan claro, despejado y soleado como este \u00a1Alucinante! Uno de los mejores miradores del Pirineo y sobre todo hac\u00eda las norte de Las 3 Sorores. Hermoso.<\/p>\n<p>Despu\u00e9s de una f\u00e1cil chimenea siguiendo los hitos, llegamos a una roca y enfrente una pared corta pero m\u00e1s lisa de lo habitual y ya recorrido, con un cordino o maroma fina colgando por en medio de ella. Un ondulada grieta la recorre transversalmente siendo la \u00fanica parte a la que te puedes coger y superar: estamos en el Pas del Gat (II+\/III). Algunos lo superamos sin cogernos al cordino, solo con sinuosas t\u00e9cnica de escalada, como Francesc, superamos este punto. El resto cogen con fuerza el cordino y se apoyan los pies en la lisa y resbaladiza roca, por entre la grieta. Al final, si tienes algo de pr\u00e1ctica, es f\u00e1cil, entretenido y hasta divertido. Estamos un tiempo para pasarlo, ya que lo vamos haciendo uno a uno; no hay espacio para pasarlo de m\u00e1s de uno en uno. Antes que nosotros una pareja de franceses pasan delante con su\u00a0 propia cuerda y nos ense\u00f1an un poco el \u201ccamino\u201d y donde poner los pies. Creo que ninguno de nosotros ha subido La Munia por aqu\u00ed, y si lo ha hecho o no se acuerda o hace mucho de ello. No es peligroso pero s\u00ed parece expuesto (sin serlo demasiado), las vistas y perfiles circundantes de la monta\u00f1a pueden impresionar.<\/p>\n<div id=\"attachment_27386\" style=\"width: 1034px\" class=\"wp-caption aligncenter\"><a class=\"dt-single-image\" href=\"https:\/\/www.monta\u00f1asdelaluna.es\/wp-content\/uploads\/2016\/02\/LaMunia2015-060.jpg\" data-dt-img-description=\"\"><img loading=\"lazy\" decoding=\"async\" aria-describedby=\"caption-attachment-27386\" class=\"wp-image-27386 size-large\" src=\"https:\/\/www.monta\u00f1asdelaluna.es\/wp-content\/uploads\/2016\/02\/LaMunia2015-060-1024x768.jpg\" alt=\"Joaqu\u00edn cerca de la cima de La Munia\" width=\"1024\" height=\"768\" srcset=\"https:\/\/www.monta\u00f1asdelaluna.es\/wp-content\/uploads\/2016\/02\/LaMunia2015-060-1024x768.jpg 1024w, https:\/\/www.monta\u00f1asdelaluna.es\/wp-content\/uploads\/2016\/02\/LaMunia2015-060-300x225.jpg 300w, https:\/\/www.monta\u00f1asdelaluna.es\/wp-content\/uploads\/2016\/02\/LaMunia2015-060.jpg 1690w\" sizes=\"auto, (max-width: 1024px) 100vw, 1024px\" \/><\/a><p id=\"caption-attachment-27386\" class=\"wp-caption-text\">Joaqu\u00edn cerca de la cima de La Munia<\/p><\/div>\n<div id=\"attachment_27388\" style=\"width: 1034px\" class=\"wp-caption aligncenter\"><a class=\"dt-single-image\" href=\"https:\/\/www.monta\u00f1asdelaluna.es\/wp-content\/uploads\/2016\/02\/LaMunia2015-066.jpg\" data-dt-img-description=\"\"><img loading=\"lazy\" decoding=\"async\" aria-describedby=\"caption-attachment-27388\" class=\"wp-image-27388 size-large\" src=\"https:\/\/www.monta\u00f1asdelaluna.es\/wp-content\/uploads\/2016\/02\/LaMunia2015-066-1024x768.jpg\" alt=\"Delante Txell en el cresta cimera de La Munia\" width=\"1024\" height=\"768\" srcset=\"https:\/\/www.monta\u00f1asdelaluna.es\/wp-content\/uploads\/2016\/02\/LaMunia2015-066-1024x768.jpg 1024w, https:\/\/www.monta\u00f1asdelaluna.es\/wp-content\/uploads\/2016\/02\/LaMunia2015-066-300x225.jpg 300w, https:\/\/www.monta\u00f1asdelaluna.es\/wp-content\/uploads\/2016\/02\/LaMunia2015-066.jpg 1690w\" sizes=\"auto, (max-width: 1024px) 100vw, 1024px\" \/><\/a><p id=\"caption-attachment-27388\" class=\"wp-caption-text\">Delante Txell en el cresta cimera de La Munia<\/p><\/div>\n<p>Poco a poco vamos llegando a la parte de la cresta m\u00e1s cimera, pensando que ya estamos llegando al pico. Pero \u00a1que v\u00e1! Aun nos queda cresta cimera y un buen trecho hasta el eje geod\u00e9sico y cumbre de La Munia. Es un pico como alargado y encrestado por este lado. Parece que su cresta no llegue nunca a la cima. Pero las vistas e im\u00e1genes mientras trepamos y nos descolgamos por la entretenida pero f\u00e1cil cresta cimera, son impresionantes, magn\u00edficas. El d\u00eda es un lujo, id\u00edlico. La escasa nieve sigue qued\u00e1ndose en las laderas norte escarpadas, d\u00e1ndole un aspecto m\u00e1s alpino, formidable.<\/p>\n<p>Ya vemos la cercana cima. Atr\u00e1s queda un paisaje de locura: el Robi\u00f1era altivo, impresionante m\u00e1s detr\u00e1s y alejado ahora, las lagunas medio escondidas pero dando una pincelada m\u00e1gica, espl\u00e9ndida, sin igual a este paisaje pirenaico, y m\u00e1s detr\u00e1s la Sierra de Las Tucas, Las 3 Sorores, soberbias, grandiosas, impresionantes, muy altivas desde aqu\u00ed y muy bellas tambi\u00e9n. Me acuerdo cuando hicimos la Traves\u00eda de la <a href=\"https:\/\/www.monta\u00f1asdelaluna.es\/?page_id=21817\" target=\"_blank\" rel=\"noopener\">Alta Ruta de Los Perdidos <\/a>y entre la ruta 3 y la 4 observ\u00e1bamos, admir\u00e1bamos los perfiles de La Munia desde el Balc\u00f3n de Pineta, Collado A\u00f1isclo, \u201ccomo se debe de ver todo el macizo del Monte Perdido desde all\u00ed\u201d, y efectivamente mis pensamientos eran m\u00e1s que acertados.<\/p>\n<div id=\"attachment_27389\" style=\"width: 831px\" class=\"wp-caption aligncenter\"><a class=\"dt-single-image\" href=\"https:\/\/www.monta\u00f1asdelaluna.es\/wp-content\/uploads\/2016\/02\/LaMunia2015-067.jpg\" data-dt-img-description=\"\"><img loading=\"lazy\" decoding=\"async\" aria-describedby=\"caption-attachment-27389\" class=\"wp-image-27389 \" src=\"https:\/\/www.monta\u00f1asdelaluna.es\/wp-content\/uploads\/2016\/02\/LaMunia2015-067.jpg\" alt=\"Cresta cimera de La Munia\" width=\"821\" height=\"1095\" srcset=\"https:\/\/www.monta\u00f1asdelaluna.es\/wp-content\/uploads\/2016\/02\/LaMunia2015-067.jpg 1267w, https:\/\/www.monta\u00f1asdelaluna.es\/wp-content\/uploads\/2016\/02\/LaMunia2015-067-225x300.jpg 225w, https:\/\/www.monta\u00f1asdelaluna.es\/wp-content\/uploads\/2016\/02\/LaMunia2015-067-768x1024.jpg 768w\" sizes=\"auto, (max-width: 821px) 100vw, 821px\" \/><\/a><p id=\"caption-attachment-27389\" class=\"wp-caption-text\">Cresta cimera de La Munia<\/p><\/div>\n<div id=\"attachment_27390\" style=\"width: 1700px\" class=\"wp-caption aligncenter\"><a class=\"dt-single-image\" href=\"https:\/\/www.monta\u00f1asdelaluna.es\/wp-content\/uploads\/2016\/02\/LaMunia2015-068.jpg\" data-dt-img-description=\"\"><img loading=\"lazy\" decoding=\"async\" aria-describedby=\"caption-attachment-27390\" class=\"wp-image-27390 size-full\" src=\"https:\/\/www.monta\u00f1asdelaluna.es\/wp-content\/uploads\/2016\/02\/LaMunia2015-068.jpg\" alt=\"Txell en la cresta cimera de La Munia. Abajo los Ibones de Lalarri y Chinipro\" width=\"1690\" height=\"1267\" srcset=\"https:\/\/www.monta\u00f1asdelaluna.es\/wp-content\/uploads\/2016\/02\/LaMunia2015-068.jpg 1690w, https:\/\/www.monta\u00f1asdelaluna.es\/wp-content\/uploads\/2016\/02\/LaMunia2015-068-300x225.jpg 300w, https:\/\/www.monta\u00f1asdelaluna.es\/wp-content\/uploads\/2016\/02\/LaMunia2015-068-1024x768.jpg 1024w\" sizes=\"auto, (max-width: 1690px) 100vw, 1690px\" \/><\/a><p id=\"caption-attachment-27390\" class=\"wp-caption-text\">Txell en la cresta cimera de La Munia. Abajo los Ibones de Lalarri y Chinipro<\/p><\/div>\n<p>Y por f\u00edn, despu\u00e9s de muchas fotos en la cresta con el fondo del Perdido, del Cilindro\u2026 llegamos a la esperada altura de 3.134 mts., la cumbre de La Munia. Fotos y almuerzo en la cumbre. Objetivo conseguido. Las vistas hac\u00eda el resto del macizo perfilando el circo por el noreste: Peque\u00f1a Munia, Sierra Morena, Troumouse\u2026 tambi\u00e9n es impresionante. Incluso hace un d\u00eda tan buen que llego a divisar lejanos macizos hac\u00eda el oeste: Posets, Perdiguero, Bachimala, e incluso perfectamente el Maladeta y Aneto\u2026 \u00a1Impresionante! Y el d\u00eda sigue tan bueno, tan soleado, tan magn\u00edfico\u2026 \u00a1Hay que celebrarlo! \u00bfC\u00f3mo? Haciendo alg\u00fan tresmil m\u00e1s\u2026<\/p>\n<p>As\u00ed que encabezados por Francesc bajamos por la cresta contraria a la que hemos subido de La Munia, la oeste, en busca de la f\u00e1cil cima de la Peque\u00f1a Munia. Aparecen m\u00e1s monta\u00f1eros que por detr\u00e1s nuestro y delante van llegando a la cima de La Munia. \u00c9stos \u00faltimos vienen de hacer la traves\u00eda cl\u00e1sica del macizo, y es hacer toda la cresta de los tresmiles desde el Pic Heid. La cresta por este lado es m\u00e1s f\u00e1cil. Enseguida entre peque\u00f1os resaltes y escarpadas pendientes llegamos a la Peque\u00f1a Munia (3.099 mts.). Desde aqu\u00ed la cresta cimera desaparece para convertirse en una extensa loma suave y pedregosa cortada hac\u00eda la izquierda y norte por el Circo de Troumouse, que desciende en busca del Collado de La Munia (otro) que queda justo entre \u00e9ste \u00faltimo pico y el Sierra Morena. Es un collado muy plano y apacible. Incluso hay unas piedras en circulo para hacer un vivac aqu\u00ed; id\u00edlico.<\/p>\n<div id=\"attachment_36712\" style=\"width: 1700px\" class=\"wp-caption aligncenter\"><a class=\"dt-single-image\" href=\"https:\/\/www.monta\u00f1asdelaluna.es\/wp-content\/uploads\/2015\/09\/LaMunia2015-074.jpg\" data-dt-img-description=\"\"><img loading=\"lazy\" decoding=\"async\" aria-describedby=\"caption-attachment-36712\" class=\"wp-image-36712 size-full\" src=\"https:\/\/www.monta\u00f1asdelaluna.es\/wp-content\/uploads\/2015\/09\/LaMunia2015-074.jpg\" alt=\"Francesc, Txell, Josep, Rosa en la cresta cimera de La Munia. Detr\u00e1s el Robe\u00f1era y al fondo la Sierra de Las Tucas\" width=\"1690\" height=\"1267\" srcset=\"https:\/\/www.monta\u00f1asdelaluna.es\/wp-content\/uploads\/2015\/09\/LaMunia2015-074.jpg 1690w, https:\/\/www.monta\u00f1asdelaluna.es\/wp-content\/uploads\/2015\/09\/LaMunia2015-074-300x225.jpg 300w, https:\/\/www.monta\u00f1asdelaluna.es\/wp-content\/uploads\/2015\/09\/LaMunia2015-074-1024x768.jpg 1024w\" sizes=\"auto, (max-width: 1690px) 100vw, 1690px\" \/><\/a><p id=\"caption-attachment-36712\" class=\"wp-caption-text\">Francesc, Txell, Josep, Rosa en la cresta cimera de La Munia. Detr\u00e1s el Robe\u00f1era y al fondo la Sierra de Las Tucas<\/p><\/div>\n<div id=\"attachment_27402\" style=\"width: 1034px\" class=\"wp-caption aligncenter\"><a class=\"dt-single-image\" href=\"https:\/\/www.monta\u00f1asdelaluna.es\/wp-content\/uploads\/2016\/02\/LaMunia2015-080.jpg\" data-dt-img-description=\"\"><img loading=\"lazy\" decoding=\"async\" aria-describedby=\"caption-attachment-27402\" class=\"wp-image-27402 size-large\" src=\"https:\/\/www.monta\u00f1asdelaluna.es\/wp-content\/uploads\/2016\/02\/LaMunia2015-080-1024x768.jpg\" alt=\"Cumbre de La Munia, 3.134 mts.\" width=\"1024\" height=\"768\" srcset=\"https:\/\/www.monta\u00f1asdelaluna.es\/wp-content\/uploads\/2016\/02\/LaMunia2015-080-1024x768.jpg 1024w, https:\/\/www.monta\u00f1asdelaluna.es\/wp-content\/uploads\/2016\/02\/LaMunia2015-080-300x225.jpg 300w, https:\/\/www.monta\u00f1asdelaluna.es\/wp-content\/uploads\/2016\/02\/LaMunia2015-080.jpg 1690w\" sizes=\"auto, (max-width: 1024px) 100vw, 1024px\" \/><\/a><p id=\"caption-attachment-27402\" class=\"wp-caption-text\">Cumbre de La Munia, 3.134 mts.<\/p><\/div>\n<p>Alcanzar la cima del Sierra Morena es f\u00e1cil: se presenta como una alargada loma de gigantesco dinosaurio, de suave cima y loma cimera pero de escarpados y cortadas pendientes. No hay dificultad y enseguida lo abordamos. Tranquilamente. Las vistas hac\u00eda el Pirineo franc\u00e9s son de aquellas que te dejan sosegado, tranquilo, entra\u00f1ables y simp\u00e1ticas, con un mar de nubes y el juego de \u00e9stas a baja altura con los escarpes, espolones y crestas de las monta\u00f1as que desaparecen all\u00e1 abajo bajo \u00e9stas, encantador, nost\u00e1lgico, pero a la vez hermoso, precioso\u2026 y el d\u00eda que no nos d\u00e1 tregua con su sol y su buena visibilidad en altura. Envidiable.<\/p>\n<p>Subimos la f\u00e1cil loma hasta la cima del Sierra Morena (3.093 mts.). a partir de aqu\u00ed hay un importante cortado casi insalvable para bajar y hacer el inhiesto pico, el Troumouse. Parece como si hubieran querido cortar la monta\u00f1a por la mitad con una gigantesca hacha y hayan separado los dos picos que casi se miran el uno al otro como ech\u00e1ndose de menos. Curioso. Atr\u00e1s nuestro queda toda la espectacular pared y cara norte de La Munia con el toque de las primeras nieves y \u00faltimas del verano. Hermoso e impresionante a la vez. Esta roca granita hace dibujos, figuras con curvas y suaves cortes, estratos, como si una mano gigante hubiera arrugado la roca y la hubiera moldeado. Caracter\u00edstica de las rocas \u00edgneas, estrujadas y empujadas por la orogenia alpina. Curioso. Hermoso.<\/p>\n<div id=\"attachment_27408\" style=\"width: 1700px\" class=\"wp-caption aligncenter\"><a class=\"dt-single-image\" href=\"https:\/\/www.monta\u00f1asdelaluna.es\/wp-content\/uploads\/2016\/02\/LaMunia2015-095.jpg\" data-dt-img-description=\"\"><img loading=\"lazy\" decoding=\"async\" aria-describedby=\"caption-attachment-27408\" class=\"wp-image-27408 size-full\" src=\"https:\/\/www.monta\u00f1asdelaluna.es\/wp-content\/uploads\/2016\/02\/LaMunia2015-095.jpg\" alt=\"Vistas hacia el Pirineo franc\u00e9s\" width=\"1690\" height=\"950\" srcset=\"https:\/\/www.monta\u00f1asdelaluna.es\/wp-content\/uploads\/2016\/02\/LaMunia2015-095.jpg 1690w, https:\/\/www.monta\u00f1asdelaluna.es\/wp-content\/uploads\/2016\/02\/LaMunia2015-095-300x169.jpg 300w, https:\/\/www.monta\u00f1asdelaluna.es\/wp-content\/uploads\/2016\/02\/LaMunia2015-095-1024x576.jpg 1024w\" sizes=\"auto, (max-width: 1690px) 100vw, 1690px\" \/><\/a><p id=\"caption-attachment-27408\" class=\"wp-caption-text\">Vistas hacia el Pirineo franc\u00e9s<\/p><\/div>\n<div id=\"attachment_27412\" style=\"width: 1700px\" class=\"wp-caption aligncenter\"><a class=\"dt-single-image\" href=\"https:\/\/www.monta\u00f1asdelaluna.es\/wp-content\/uploads\/2016\/02\/LaMunia2015-102.jpg\" data-dt-img-description=\"\"><img loading=\"lazy\" decoding=\"async\" aria-describedby=\"caption-attachment-27412\" class=\"wp-image-27412 size-full\" src=\"https:\/\/www.monta\u00f1asdelaluna.es\/wp-content\/uploads\/2016\/02\/LaMunia2015-102.jpg\" alt=\"De izquierda a derecha: Soum de Ramond, Monte Perdido, Cilindro y Marbor\u00e9\" width=\"1690\" height=\"950\" srcset=\"https:\/\/www.monta\u00f1asdelaluna.es\/wp-content\/uploads\/2016\/02\/LaMunia2015-102.jpg 1690w, https:\/\/www.monta\u00f1asdelaluna.es\/wp-content\/uploads\/2016\/02\/LaMunia2015-102-300x169.jpg 300w, https:\/\/www.monta\u00f1asdelaluna.es\/wp-content\/uploads\/2016\/02\/LaMunia2015-102-1024x576.jpg 1024w\" sizes=\"auto, (max-width: 1690px) 100vw, 1690px\" \/><\/a><p id=\"caption-attachment-27412\" class=\"wp-caption-text\">De izquierda a derecha: Soum de Ramond, Monte Perdido, Cilindro y Marbor\u00e9<\/p><\/div>\n<div id=\"attachment_27413\" style=\"width: 1700px\" class=\"wp-caption aligncenter\"><a class=\"dt-single-image\" href=\"https:\/\/www.monta\u00f1asdelaluna.es\/wp-content\/uploads\/2016\/02\/LaMunia2015-103.jpg\" data-dt-img-description=\"\"><img loading=\"lazy\" decoding=\"async\" aria-describedby=\"caption-attachment-27413\" class=\"wp-image-27413 size-full\" src=\"https:\/\/www.monta\u00f1asdelaluna.es\/wp-content\/uploads\/2016\/02\/LaMunia2015-103.jpg\" alt=\"En el centro el Posets con Las Espadas a su derecha. Al fondo izquierda el Aneto y Pico Maldito\" width=\"1690\" height=\"950\" srcset=\"https:\/\/www.monta\u00f1asdelaluna.es\/wp-content\/uploads\/2016\/02\/LaMunia2015-103.jpg 1690w, https:\/\/www.monta\u00f1asdelaluna.es\/wp-content\/uploads\/2016\/02\/LaMunia2015-103-300x169.jpg 300w, https:\/\/www.monta\u00f1asdelaluna.es\/wp-content\/uploads\/2016\/02\/LaMunia2015-103-1024x576.jpg 1024w\" sizes=\"auto, (max-width: 1690px) 100vw, 1690px\" \/><\/a><p id=\"caption-attachment-27413\" class=\"wp-caption-text\">En el centro el Posets con Las Espadas a su derecha. Al fondo izquierda el Aneto y Pico Maldito<\/p><\/div>\n<p>Vemos como otros monta\u00f1eros llegan a la cima del Troumouse por el lado espa\u00f1ol. No creemos que quieran cruzar hac\u00eda el Sierra Morena. Ya es hora de volver. Fotos y m\u00e1s fotos. La Canon me deja a veces s\u00ed y a veces no hacer magn\u00edficas fotos\u2026 \u00bfQu\u00e9 le pasar\u00e1? La bater\u00eda se agota enseguida. \u201cHumedad me dijeron los t\u00e9cnicos de Canon\u2026\u201d. La vuelta es deshaciendo el camino. No hay otra manera. Debemos volver a subir a la Peque\u00f1a Munia, La Munia y bajar por la cresta de subida, desandado o destrepando (mejor dicho) el Pas del Gat. No hay problema. Vamos all\u00e1.<\/p>\n<div id=\"attachment_27422\" style=\"width: 1700px\" class=\"wp-caption aligncenter\"><a class=\"dt-single-image\" href=\"https:\/\/www.monta\u00f1asdelaluna.es\/wp-content\/uploads\/2016\/02\/LaMunia2015-115.jpg\" data-dt-img-description=\"\"><img loading=\"lazy\" decoding=\"async\" aria-describedby=\"caption-attachment-27422\" class=\"wp-image-27422 size-full\" src=\"https:\/\/www.monta\u00f1asdelaluna.es\/wp-content\/uploads\/2016\/02\/LaMunia2015-115.jpg\" alt=\"Llegando a la Peque\u00f1a Munia\" width=\"1690\" height=\"1267\" srcset=\"https:\/\/www.monta\u00f1asdelaluna.es\/wp-content\/uploads\/2016\/02\/LaMunia2015-115.jpg 1690w, https:\/\/www.monta\u00f1asdelaluna.es\/wp-content\/uploads\/2016\/02\/LaMunia2015-115-300x225.jpg 300w, https:\/\/www.monta\u00f1asdelaluna.es\/wp-content\/uploads\/2016\/02\/LaMunia2015-115-1024x768.jpg 1024w\" sizes=\"auto, (max-width: 1690px) 100vw, 1690px\" \/><\/a><p id=\"caption-attachment-27422\" class=\"wp-caption-text\">Llegando a la Peque\u00f1a Munia<\/p><\/div>\n<p>Los que no han querido esperarnos nos esperan a\u00fan en la cima de La Munia, y ahora todos juntos y reunidos, emprendemos el descenso. Algunas nubecillas han aparecido en el macizo del Monte Perdido: nos tapan el Soum de Ramond y la cima del Perdido, el Cilindro sigue mostr\u00e1ndose elegante y entero. Fant\u00e1stico. La verdad es que desde este incre\u00edble mirador al Pirineo, las monta\u00f1as que rodean a Monte Perdido y al propio Perdido, se muestran impresionantes, de postal, de cuento, hermosas, altivas\u2026 \u00bfme repito mucho? El paisaje vivido creo que as\u00ed lo vale.<\/p>\n<div id=\"attachment_27427\" style=\"width: 1034px\" class=\"wp-caption aligncenter\"><a class=\"dt-single-image\" href=\"https:\/\/www.monta\u00f1asdelaluna.es\/wp-content\/uploads\/2016\/02\/LaMunia2015-125.jpg\" data-dt-img-description=\"\"><img loading=\"lazy\" decoding=\"async\" aria-describedby=\"caption-attachment-27427\" class=\"wp-image-27427 size-large\" src=\"https:\/\/www.monta\u00f1asdelaluna.es\/wp-content\/uploads\/2016\/02\/LaMunia2015-125-1024x768.jpg\" alt=\"Cima de la Peque\u00f1a Munia, 3.099 mts.\" width=\"1024\" height=\"768\" srcset=\"https:\/\/www.monta\u00f1asdelaluna.es\/wp-content\/uploads\/2016\/02\/LaMunia2015-125-1024x768.jpg 1024w, https:\/\/www.monta\u00f1asdelaluna.es\/wp-content\/uploads\/2016\/02\/LaMunia2015-125-300x225.jpg 300w, https:\/\/www.monta\u00f1asdelaluna.es\/wp-content\/uploads\/2016\/02\/LaMunia2015-125.jpg 1690w\" sizes=\"auto, (max-width: 1024px) 100vw, 1024px\" \/><\/a><p id=\"caption-attachment-27427\" class=\"wp-caption-text\">Cima de la Peque\u00f1a Munia, 3.099 mts.<\/p><\/div>\n<div id=\"attachment_27432\" style=\"width: 831px\" class=\"wp-caption aligncenter\"><a class=\"dt-single-image\" href=\"https:\/\/www.monta\u00f1asdelaluna.es\/wp-content\/uploads\/2016\/02\/LaMunia2015-131.jpg\" data-dt-img-description=\"\"><img loading=\"lazy\" decoding=\"async\" aria-describedby=\"caption-attachment-27432\" class=\"wp-image-27432 \" src=\"https:\/\/www.monta\u00f1asdelaluna.es\/wp-content\/uploads\/2016\/02\/LaMunia2015-131.jpg\" alt=\"Bajando de la Peque\u00f1a Munia, delante en el centro el Sierra Morena, detr\u00e1s a la derecha el Troumouse y a la izquierda el Pic Heid\" width=\"821\" height=\"1095\" srcset=\"https:\/\/www.monta\u00f1asdelaluna.es\/wp-content\/uploads\/2016\/02\/LaMunia2015-131.jpg 1267w, https:\/\/www.monta\u00f1asdelaluna.es\/wp-content\/uploads\/2016\/02\/LaMunia2015-131-225x300.jpg 225w, https:\/\/www.monta\u00f1asdelaluna.es\/wp-content\/uploads\/2016\/02\/LaMunia2015-131-768x1024.jpg 768w\" sizes=\"auto, (max-width: 821px) 100vw, 821px\" \/><\/a><p id=\"caption-attachment-27432\" class=\"wp-caption-text\">Bajando de la Peque\u00f1a Munia, delante en el centro el Sierra Morena, detr\u00e1s a la derecha el Troumouse y a la izquierda el Pic Heid<\/p><\/div>\n<p>La bajada por la cresta sigue siendo interesante, con esos escarpes, pendientes de v\u00e9rtigo que deben evitar un mal paso, un traspi\u00e9, que puede ser fatal, pero sin v\u00e9rtigo no es dif\u00edcil. Normal. A veces piensas \u201c\u00bfpor aqu\u00ed hemos subido?\u201d intentando dar sentido a un extra\u00f1o paso, a una cresta o laja de roja aireada en la misma cresta\u2026 pues casi que s\u00ed, por aqu\u00ed hemos subido\u2026 \u201c\u00a1No tirar piedras!\u201d Peligro asegurado. Llegamos al Pas del Gat. Francesc, Josep Gallem\u00ed\u2026 y yo vamos los m\u00e1s rezagados bajando. Al ver la bajada intentamos ayudar a los de menos experiencia preparando otra cuerda para bajarlos asegurados, casi en rappel. La espera a veces desespera y me lanzo a bajar a pelo. No hay problema. Buenos pasos en la grieta transversal metiendo pu\u00f1os, manos, pies y equilibrando el peso, se baja enseguida. Nos quedamos mirando como baja el resto atados al cordino que asegura Francesc. El tiempo pasa. Somos muchos y el paso es delicado para los que no tienen costumbre o confianza.<\/p>\n<div id=\"attachment_27438\" style=\"width: 1034px\" class=\"wp-caption aligncenter\"><a class=\"dt-single-image\" href=\"https:\/\/www.monta\u00f1asdelaluna.es\/wp-content\/uploads\/2016\/02\/LaMunia2015-138.jpg\" data-dt-img-description=\"\"><img loading=\"lazy\" decoding=\"async\" aria-describedby=\"caption-attachment-27438\" class=\"wp-image-27438 size-large\" src=\"https:\/\/www.monta\u00f1asdelaluna.es\/wp-content\/uploads\/2016\/02\/LaMunia2015-138-1024x768.jpg\" alt=\"Abajo queda el Collado de La Munia y arriba la Peque\u00f1a Munia y La Munia en el centro\" width=\"1024\" height=\"768\" srcset=\"https:\/\/www.monta\u00f1asdelaluna.es\/wp-content\/uploads\/2016\/02\/LaMunia2015-138-1024x768.jpg 1024w, https:\/\/www.monta\u00f1asdelaluna.es\/wp-content\/uploads\/2016\/02\/LaMunia2015-138-300x225.jpg 300w, https:\/\/www.monta\u00f1asdelaluna.es\/wp-content\/uploads\/2016\/02\/LaMunia2015-138.jpg 1690w\" sizes=\"auto, (max-width: 1024px) 100vw, 1024px\" \/><\/a><p id=\"caption-attachment-27438\" class=\"wp-caption-text\">Abajo queda el Collado de La Munia y arriba la Peque\u00f1a Munia y La Munia en el centro<\/p><\/div>\n<div id=\"attachment_36716\" style=\"width: 1700px\" class=\"wp-caption aligncenter\"><a class=\"dt-single-image\" href=\"https:\/\/www.monta\u00f1asdelaluna.es\/wp-content\/uploads\/2015\/09\/LaMunia2015_178.jpg\" data-dt-img-description=\"\"><img loading=\"lazy\" decoding=\"async\" aria-describedby=\"caption-attachment-36716\" class=\"wp-image-36716 size-full\" src=\"https:\/\/www.monta\u00f1asdelaluna.es\/wp-content\/uploads\/2015\/09\/LaMunia2015_178.jpg\" alt=\"Bajando a los Ibones de LaLarri\" width=\"1690\" height=\"1267\" srcset=\"https:\/\/www.monta\u00f1asdelaluna.es\/wp-content\/uploads\/2015\/09\/LaMunia2015_178.jpg 1690w, https:\/\/www.monta\u00f1asdelaluna.es\/wp-content\/uploads\/2015\/09\/LaMunia2015_178-300x225.jpg 300w, https:\/\/www.monta\u00f1asdelaluna.es\/wp-content\/uploads\/2015\/09\/LaMunia2015_178-1024x768.jpg 1024w\" sizes=\"auto, (max-width: 1690px) 100vw, 1690px\" \/><\/a><p id=\"caption-attachment-36716\" class=\"wp-caption-text\">Bajando a los Ibones de LaLarri<\/p><\/div>\n<p>Un tr\u00edo de franceses de edad avanzada llegan ahora para iniciar la subida por el Pas del Gat. \u201c\u00a1\u00bfD\u00f3nde van a estas horas?! Se les har\u00e1 de noche\u201d. Pero tienen ilusi\u00f3n por subir y avanzar. Atasco y dar la vez en este paso. Aunque al final todos pasamos alegremente\u2026 pero a\u00fan hay que bajar y desmontar el campamento. Desandamos los entretenidos pasos de la cresta. No se puede ir demasiado r\u00e1pido. Hago fotos. El paisaje es hermoso. Las nubes comienzan a inundar las alturas pero solo dan toque de belleza al cielo surcado de picudos grises y marrones.<\/p>\n<p>Una vez llegamos al Collado de La Munia o es Ibons, seguimos desandando el camino, la senda f\u00e1cil y de bajada r\u00e1pida en busca de las orillas del Ib\u00f3n de Lalarri. Desde este collado y sin molestar el sol vespertino, esta vertiente y cresta de La Munia aparece magn\u00edfica, solmene e imponente. A veces parece mentira encontrar caminos, subida por estos escarpados lugares. El resto del Circo de Troumouse con el resto de tresmiles, ya comienza a desaparecer, como un espejismo, entre las nubes bajas. Desmontamos el campamento. Yo solo tengo que guardarme el saco y listo. Una vez listos seguimos desandado el camino de ayer. La misma senda, el mismo recorrido pero al rev\u00e9s. No hay p\u00e9rdida. Pero ahora las vistas y las fotos que salen parecen ser diferentes, pero siempre espectaculares. La bajada del Collado de La Puerta a Petramula con el piramidal pico Comodoto, la cascada y el fondo verde y boscoso del Valle de Chisag\u00fc\u00e9s como vistas, es inmejorable. Precioso. Parece que las nubes quieren invadir todo el cielo al final\u2026 espero que no nos llueva para cambiarnos en los coches.<\/p>\n<div id=\"attachment_36718\" style=\"width: 1034px\" class=\"wp-caption aligncenter\"><a class=\"dt-single-image\" href=\"https:\/\/www.monta\u00f1asdelaluna.es\/wp-content\/uploads\/2015\/09\/LaMunia2015_184.jpg\" data-dt-img-description=\"\"><img loading=\"lazy\" decoding=\"async\" aria-describedby=\"caption-attachment-36718\" class=\"wp-image-36718 size-large\" src=\"https:\/\/www.monta\u00f1asdelaluna.es\/wp-content\/uploads\/2015\/09\/LaMunia2015_184-1024x768.jpg\" alt=\"Camino del Collado de La Puerta (al fondo)\" width=\"1024\" height=\"768\" srcset=\"https:\/\/www.monta\u00f1asdelaluna.es\/wp-content\/uploads\/2015\/09\/LaMunia2015_184-1024x768.jpg 1024w, https:\/\/www.monta\u00f1asdelaluna.es\/wp-content\/uploads\/2015\/09\/LaMunia2015_184-300x225.jpg 300w, https:\/\/www.monta\u00f1asdelaluna.es\/wp-content\/uploads\/2015\/09\/LaMunia2015_184.jpg 1690w\" sizes=\"auto, (max-width: 1024px) 100vw, 1024px\" \/><\/a><p id=\"caption-attachment-36718\" class=\"wp-caption-text\">Camino del Collado de La Puerta (al fondo)<\/p><\/div>\n<p>&nbsp;<\/p>\n<p>Ya es mitad de tarde. Otro largo viaje hasta Barcelona desde el Pirineo. Esta vez no conduzco. Pero con la alegr\u00eda y satisfacci\u00f3n de haber subido uno de los picos emblem\u00e1ticos y a la vez no muy visitados de m\u00e1s de tresmil metros del Pirineo central. Ha merecido la pena. Es un lugar magn\u00edfico, hermoso aunque fr\u00edo, las orillas de los Ibones de Lalarri, y la ascensi\u00f3n es emocionante, entretenida y preciosa. Es un gran pico este La Munia\u2026 l\u00e1stima no haberlo subido antes. Excepcional.<\/p>\n<div id=\"attachment_27491\" style=\"width: 910px\" class=\"wp-caption aligncenter\"><a class=\"dt-single-image\" href=\"https:\/\/www.monta\u00f1asdelaluna.es\/wp-content\/uploads\/2015\/09\/La-Munia1.croquis.jpg\" data-dt-img-description=\"\"><img loading=\"lazy\" decoding=\"async\" aria-describedby=\"caption-attachment-27491\" class=\"wp-image-27491 size-full\" src=\"https:\/\/www.monta\u00f1asdelaluna.es\/wp-content\/uploads\/2015\/09\/La-Munia1.croquis.jpg\" alt=\"Croquis de la ascensi\u00f3n a La Munia. Punto Rojo: Parking de Petramula. Punto Amarillo: Campamento junto al ib\u00f3n. Correcciones del mapa y relato: Collado de La Munia = Collada es Ibons; Lagos de La Munia = Ibones de Lalarri.\" width=\"900\" height=\"1064\" srcset=\"https:\/\/www.monta\u00f1asdelaluna.es\/wp-content\/uploads\/2015\/09\/La-Munia1.croquis.jpg 900w, https:\/\/www.monta\u00f1asdelaluna.es\/wp-content\/uploads\/2015\/09\/La-Munia1.croquis-254x300.jpg 254w, https:\/\/www.monta\u00f1asdelaluna.es\/wp-content\/uploads\/2015\/09\/La-Munia1.croquis-866x1024.jpg 866w\" sizes=\"auto, (max-width: 900px) 100vw, 900px\" \/><\/a><p id=\"caption-attachment-27491\" class=\"wp-caption-text\">Croquis de la ascensi\u00f3n a La Munia. Punto Rojo: Parking de Petramula. Punto Amarillo: Campamento junto al ib\u00f3n. Correcciones del mapa y relato: Collado de La Munia = Collada es Ibons; Lagos de La Munia = Ibones de Lalarri.<\/p><\/div>\n<p>[vc_separator][\/vc_column_text][\/vc_column][\/vc_row][vc_row][vc_column][vc_empty_space height=\u00bb60px\u00bb][\/vc_column][\/vc_row][vc_row][vc_column][vc_cta h2=\u00bb\u00c1lbum de fotos\u00bb txt_align=\u00bbcenter\u00bb add_button=\u00bbbottom\u00bb btn_title=\u00bbVer fotos\u00bb btn_color=\u00bbwarning\u00bb btn_align=\u00bbcenter\u00bb btn_link=\u00bburl:https%3A%2F%2Fmonta%C3%B1asdelaluna.es%2F%3Fdt_gallery%3Dla-munia-subida-a-los-ibones-de-lalarri|title:La%20Munia.%20Subida%20a%20los%20Ibones%20de%20Lalarri|target:_blank\u00bb css=\u00bb.vc_custom_1625772789375{background-color: #8bc4ed !important;}\u00bb]Puedes ver las fotos del d\u00eda 5 del relato y actividad en forma de presentaci\u00f3n o individuales pinchando aqui \u00a1No te las pierdas![\/vc_cta][\/vc_column][\/vc_row][vc_row][vc_column][vc_empty_space][\/vc_column][\/vc_row][vc_row][vc_column][vc_cta h2=\u00bb\u00c1lbum de fotos\u00bb txt_align=\u00bbcenter\u00bb add_button=\u00bbbottom\u00bb btn_title=\u00bbVer fotos\u00bb btn_color=\u00bbwarning\u00bb btn_align=\u00bbcenter\u00bb btn_link=\u00bburl:https%3A%2F%2Fmonta%C3%B1asdelaluna.es%2F%3Fdt_gallery%3Dla-munia-2|title:La%20Munia|target:_blank\u00bb css=\u00bb.vc_custom_1625772807843{background-color: #8bc4ed !important;}\u00bb]Puedes ver las fotos del d\u00eda 6 del relato y actividad en forma de presentaci\u00f3n o individuales pinchando aqui \u00a1No te las pierdas![\/vc_cta][\/vc_column][\/vc_row][vc_row][vc_column][vc_empty_space height=\u00bb60px\u00bb][\/vc_column][\/vc_row][vc_row][vc_column width=\u00bb1\/3&#8243;][\/vc_column][vc_column width=\u00bb1\/2&#8243;][vc_raw_html]JTNDaWZyYW1lJTIwc3JjJTNEJTIyaHR0cHMlM0ElMkYlMkZ3d3cubWV0ZW9ibHVlLmNvbSUyRmVzJTJGdGllbXBvJTJGd2lkZ2V0JTJGZGFpbHklMkZsYS1tdW5pYV9lc3BhJTI1YzMlMjViMWFfMjk5MTE5MiUzRmdlb2xvYyUzRGZpeGVkJTI2ZGF5cyUzRDclMjZ0ZW1wdW5pdCUzRENFTFNJVVMlMjZ3aW5kdW5pdCUzREtJTE9NRVRFUl9QRVJfSE9VUiUyNmNvbG91cmVkJTNEY29sb3VyZWQlMjZwaWN0b2ljb24lM0QxJTI2bWF4dGVtcGVyYXR1cmUlM0QxJTI2bWludGVtcGVyYXR1cmUlM0QxJTI2d2luZHNwZWVkJTNEMSUyNndpbmRndXN0JTNEMSUyNndpbmRkaXJlY3Rpb24lM0QxJTI2cHJlY2lwaXRhdGlvbiUzRDElMjZwcmVjaXBpdGF0aW9ucHJvYmFiaWxpdHklM0QxJTI2c3BvdCUzRDElMjZwcmVzc3VyZSUzRDElMjZsYXlvdXQlM0RsaWdodCUyMiUyMCUyMGZyYW1lYm9yZGVyJTNEJTIyMCUyMiUyMHNjcm9sbGluZyUzRCUyMk5PJTIyJTIwYWxsb3d0cmFuc3BhcmVuY3klM0QlMjJ0cnVlJTIyJTIwc2FuZGJveCUzRCUyMmFsbG93LXNhbWUtb3JpZ2luJTIwYWxsb3ctc2NyaXB0cyUyMGFsbG93LXBvcHVwcyUyMiUyMHN0eWxlJTNEJTIyd2lkdGglM0ElMjAzNzhweCUzQmhlaWdodCUzQSUyMDQxMXB4JTIyJTNFJTNDJTJGaWZyYW1lJTNFJTNDZGl2JTNFJTNDJTIxLS0lMjBETyUyME5PVCUyMFJFTU9WRSUyMFRISVMlMjBMSU5LJTIwLS0lM0UlM0NhJTIwaHJlZiUzRCUyMmh0dHBzJTNBJTJGJTJGd3d3Lm1ldGVvYmx1ZS5jb20lMkZlcyUyRnRpZW1wbyUyRnByb25vc3RpY28lMkZzZW1hbmElMkZsYS1tdW5pYV9lc3BhJTI1YzMlMjViMWFfMjk5MTE5MiUzRnV0bV9zb3VyY2UlM0R3ZWF0aGVyX3dpZGdldCUyNnV0bV9tZWRpdW0lM0RsaW5rdXMlMjZ1dG1fY29udGVudCUzRGRhaWx5JTI2dXRtX2NhbXBhaWduJTNEV2VhdGhlciUyNTJCV2lkZ2V0JTIyJTIwdGFyZ2V0JTNEJTIyX2JsYW5rJTIyJTNFbWV0ZW9ibHVlJTNDJTJGYSUzRSUzQyUyRmRpdiUzRQ==[\/vc_raw_html][\/vc_column][vc_column width=\u00bb1\/5&#8243;][\/vc_column][\/vc_row]<\/p>\n","protected":false},"excerpt":{"rendered":"<p>[vc_row][vc_column][vc_column_text]Ten\u00edamos que decidir a qu\u00e9 monta\u00f1a del Pirineo quer\u00edamos ir este pasado mes de septiembre. Con Francesc se barajan dos posibilidades: La Munia, monta\u00f1a que sali\u00f3 de alguna conversaci\u00f3n y de alguien que ten\u00eda intenci\u00f3n de subirla y entonces nos llam\u00f3 la atenci\u00f3n, y la otra era la cresta de Las Argualas desde Panticosa, haza\u00f1a&hellip;<\/p>\n","protected":false},"author":1,"featured_media":36708,"comment_status":"open","ping_status":"open","sticky":false,"template":"","format":"standard","meta":[],"categories":[126],"tags":[],"class_list":["post-27489","post","type-post","status-publish","format-standard","has-post-thumbnail","hentry","category-valle-del-cinca","category-126","description-off"],"_links":{"self":[{"href":"https:\/\/www.monta\u00f1asdelaluna.es\/index.php?rest_route=\/wp\/v2\/posts\/27489","targetHints":{"allow":["GET"]}}],"collection":[{"href":"https:\/\/www.monta\u00f1asdelaluna.es\/index.php?rest_route=\/wp\/v2\/posts"}],"about":[{"href":"https:\/\/www.monta\u00f1asdelaluna.es\/index.php?rest_route=\/wp\/v2\/types\/post"}],"author":[{"embeddable":true,"href":"https:\/\/www.monta\u00f1asdelaluna.es\/index.php?rest_route=\/wp\/v2\/users\/1"}],"replies":[{"embeddable":true,"href":"https:\/\/www.monta\u00f1asdelaluna.es\/index.php?rest_route=%2Fwp%2Fv2%2Fcomments&post=27489"}],"version-history":[{"count":13,"href":"https:\/\/www.monta\u00f1asdelaluna.es\/index.php?rest_route=\/wp\/v2\/posts\/27489\/revisions"}],"predecessor-version":[{"id":50116,"href":"https:\/\/www.monta\u00f1asdelaluna.es\/index.php?rest_route=\/wp\/v2\/posts\/27489\/revisions\/50116"}],"wp:featuredmedia":[{"embeddable":true,"href":"https:\/\/www.monta\u00f1asdelaluna.es\/index.php?rest_route=\/wp\/v2\/media\/36708"}],"wp:attachment":[{"href":"https:\/\/www.monta\u00f1asdelaluna.es\/index.php?rest_route=%2Fwp%2Fv2%2Fmedia&parent=27489"}],"wp:term":[{"taxonomy":"category","embeddable":true,"href":"https:\/\/www.monta\u00f1asdelaluna.es\/index.php?rest_route=%2Fwp%2Fv2%2Fcategories&post=27489"},{"taxonomy":"post_tag","embeddable":true,"href":"https:\/\/www.monta\u00f1asdelaluna.es\/index.php?rest_route=%2Fwp%2Fv2%2Ftags&post=27489"}],"curies":[{"name":"wp","href":"https:\/\/api.w.org\/{rel}","templated":true}]}}