{"id":27548,"date":"1995-08-07T21:57:41","date_gmt":"1995-08-07T21:57:41","guid":{"rendered":"http:\/\/monta\u00f1asdelaluna.com\/?p=27548"},"modified":"2021-07-08T14:21:59","modified_gmt":"2021-07-08T14:21:59","slug":"vignemale-un-monumento-a-la-naturaleza-petrea","status":"publish","type":"post","link":"https:\/\/www.monta\u00f1asdelaluna.es\/?p=27548","title":{"rendered":"Vignemale, un monumento a la naturaleza p\u00e9trea"},"content":{"rendered":"<p>[vc_row][vc_column][vc_column_text]En la frontera entre Francia y Espa\u00f1a (y m\u00e1s franc\u00e9s que espa\u00f1ol) se encuentra el magn\u00edfico y espectacular macizo del Vignemale. Es la catedral de los Pirineos, posiblemente el macizo m\u00e1s alpino y atrayente de los mismos. Un alto faro entre un mar de olas encrestadas y puntiagudas, sobresaliente y destacado monumento entre las monta\u00f1as de alrededor y distinguido con sus innegables y reconocidas formas y perfiles en la lejan\u00eda. Un verdadero conjunto de arquitectura p\u00e9trea, de hielos, crestas, picos y vertiginosas vertientes rodeadas de abismos tan profundos y espectaculares como perfectos, hermosos y \u00fanicos. No imagin\u00e9 lo que me encontrar\u00eda cuando me invitaron a visitar el reino del Vignemale. Lamentablemente solo he tenido ocasi\u00f3n de recorrerlo una sola vez.<\/p>\n<p>Llegamos a Torla. Me da la impresi\u00f3n de que volvemos a Ordesa con la visi\u00f3n del magn\u00edfico Circo de Carriata rodeado de frondosos bosques, pero en el Puente de Los Navarros girar\u00edamos a la izquierda hac\u00eda el Valle de Bujaruelo o de Ara. Este agosto de mil novecientos noventa y cinco, creo que hab\u00edamos planeado ir a Picos de Europa, pero el viaje anterior que hab\u00eda hecho Pepe D\u00edaz con Eduardo Rodes y Manolet al Vignemale, hab\u00edan despertado la curiosidad y la atracci\u00f3n de esta monta\u00f1a a la mayor\u00eda de los compa\u00f1eros que \u00edbamos.<\/p>\n<div id=\"attachment_27497\" style=\"width: 831px\" class=\"wp-caption aligncenter\"><a class=\"dt-single-image\" href=\"http:\/\/monta\u00f1asdelaluna.com\/wp-content\/uploads\/2016\/02\/Vignemale1-001.jpg\" data-dt-img-description=\"\"><img loading=\"lazy\" decoding=\"async\" aria-describedby=\"caption-attachment-27497\" class=\"wp-image-27497 \" src=\"http:\/\/monta\u00f1asdelaluna.com\/wp-content\/uploads\/2016\/02\/Vignemale1-001.jpg\" alt=\"Saliendo de Torla en busca de Bujaruelo. Delante el Circo de Carriata en Ordesa\" width=\"821\" height=\"1273\" srcset=\"https:\/\/www.monta\u00f1asdelaluna.es\/wp-content\/uploads\/2016\/02\/Vignemale1-001.jpg 1200w, https:\/\/www.monta\u00f1asdelaluna.es\/wp-content\/uploads\/2016\/02\/Vignemale1-001-194x300.jpg 194w, https:\/\/www.monta\u00f1asdelaluna.es\/wp-content\/uploads\/2016\/02\/Vignemale1-001-661x1024.jpg 661w\" sizes=\"auto, (max-width: 821px) 100vw, 821px\" \/><\/a><p id=\"caption-attachment-27497\" class=\"wp-caption-text\">Saliendo de Torla en busca de Bujaruelo. Delante el Circo de Carriata en Ordesa<\/p><\/div>\n<p>Paco Mart\u00ednez, Esteban Parres, Manolo Hurtado, Jos\u00e9 Manuel \u201cHenry\u201d, Manolo Cano, Mariano D\u00edaz, Jes\u00fas Calvo y yo ser\u00edamos esta vez los expedicionarios que descubrir\u00edamos para nosotros una nueva monta\u00f1a, un nuevo macizo, una nueva aventura. Llamar\u00edamos o ser\u00eda conocido este inolvidable viaje como \u201cExpedici\u00f3n ga\u00f1\u00e1n noventa y cinco\u201d; por las historias que contaba Cano sobre como encontraron (o les encontr\u00f3 a ellos) un pastor de las monta\u00f1as del Atlas en Marruecos cuando \u00e9stos se perdieron al hacerse de noche mientras sub\u00edan por aquella cordillera africana.<\/p>\n<p>Ya, algo tarde, despu\u00e9s del mediod\u00eda, sal\u00edamos de las afueras de Torla en direcci\u00f3n al camping de Bujaruelo. El recorrido por este hermoso valle, aunque no tan espectacular como su vecino y cercano Ordesa, esconde vueltas y revueltas junto a un r\u00edo algo caudaloso rodeado de bosques y cascadas que bajan del Mondarruego. La pista por la que seguimos, es recorrida por numerosos coches que bajan y suben de Bujaruelo y nos da una imagen artificial que contrasta con aquellos bellos paisajes y rincones. Aunque pronto nos sumergir\u00edamos en la, casi, soledad de la monta\u00f1a, sin coches, humos, ruidos ni medios artificiales.<\/p>\n<p>A las pocas horas llegamos a Bujaruelo y pedimos montar dos tiendas. Hemos tenido un fallo con las tiendas que hemos tra\u00eddo: una de ellas, en la que yo pasar\u00eda la noche, es de dos y medio, y debemos dormir cuatro. \u00a1\u00bfC\u00f3mo nos las arreglaremos?! Yo tengo la idea de dormir dos con la cabeza en la puerta, y los otros dos con los pies en la puerta; dos al derecho y dos al rev\u00e9s, alternados. No convence mucho a mis compa\u00f1eros pero no veo otra soluci\u00f3n. Intentamos probar e intentamos dormir. Tenemos los pies (aunque metidos en los sacos) de nuestros compa\u00f1eros en la cara y el hedor que emana atraviesa los tejidos de sus sacos y se hace notar. Al cabo de poco tiempo se hace insoportable. No podemos movernos y eso a mi (que no paro de moverme mientras me duermo) me angustia. Ninguno podemos realmente dormir pero nadie se atreve a salir. Al final, Manolo Hurtado, no aguanta m\u00e1s y decide salirse fuera y dormir lo que queda de noche al raso. A partir de entonces era como un desahogo, una liberaci\u00f3n, como un descanso y pudimos dormir placidamente. Desde luego no pasamos fr\u00edo esa noche, y seguro que Manolo Hurtado durmi\u00f3 m\u00e1s suelto, menos apretado, aunque con algo m\u00e1s de fresco, que dentro de la tienda.<\/p>\n<div id=\"attachment_27550\" style=\"width: 405px\" class=\"wp-caption aligncenter\"><a class=\"dt-single-image\" href=\"http:\/\/monta\u00f1asdelaluna.com\/wp-content\/uploads\/1995\/08\/1\u00ba-recorrdio-Vignemale.jpg\" data-dt-img-description=\"\"><img loading=\"lazy\" decoding=\"async\" aria-describedby=\"caption-attachment-27550\" class=\"wp-image-27550 size-full\" src=\"http:\/\/monta\u00f1asdelaluna.com\/wp-content\/uploads\/1995\/08\/1\u00ba-recorrdio-Vignemale.jpg\" alt=\"1\u00ba recorrdio Vignemale\" width=\"395\" height=\"1169\" srcset=\"https:\/\/www.monta\u00f1asdelaluna.es\/wp-content\/uploads\/1995\/08\/1\u00ba-recorrdio-Vignemale.jpg 395w, https:\/\/www.monta\u00f1asdelaluna.es\/wp-content\/uploads\/1995\/08\/1\u00ba-recorrdio-Vignemale-101x300.jpg 101w, https:\/\/www.monta\u00f1asdelaluna.es\/wp-content\/uploads\/1995\/08\/1\u00ba-recorrdio-Vignemale-346x1024.jpg 346w\" sizes=\"auto, (max-width: 395px) 100vw, 395px\" \/><\/a><p id=\"caption-attachment-27550\" class=\"wp-caption-text\">Croquis del recorrido del 1\u00ba d\u00eda: Torla-Bujaruelo<\/p><\/div>\n<p>&nbsp;<\/p>\n<p>Al otro d\u00eda recogimos y empezamos a planear con un mapa en la mano el camino hac\u00eda el Vall\u00e9e d\u2019Ossoue, puerta de entrada al Vignemale. Hab\u00eda que cruzar al lado franc\u00e9s de los Pirineos y el Puerto de Bujaruelo o Gavarni\u00e9 era uno de los pasos m\u00e1s f\u00e1ciles, conocido y transitado hac\u00eda este pa\u00eds. Pero hab\u00eda que dirigirse mucho hac\u00eda el este, nordeste. Pepe D\u00edaz y su grupo siguieron valle arriba hasta el Puerto de los Mulos o el Puerto de Espa\u00f1a para cruzar al Vall\u00e9e de Gaube, que queda justo al norte del macizo despu\u00e9s de haberlo rodeado por su sur y oeste. Un rodeo bastante grande (aunque de subida normal al Vignemale desde Espa\u00f1a), pensaba yo, cuando se pod\u00eda cruzar al Vall\u00e9e d\u2019Ossoue que quedaba m\u00e1s cerca, al este del macizo. Nosotros ahora nos encontr\u00e1bamos al sur del Vignemale en l\u00ednea recta.<\/p>\n<p>Vimos un paso que nos acercaba lo m\u00e1ximo al Vall\u00e9e d\u2019Ossoue: el Puerto de Bernatuero, con su peque\u00f1o pero alto Ib\u00f3n de Bernatuero a casi dos mil trescientos metros de altitud. Preguntamos al due\u00f1o o uno de los encargados del camping que nos afirm\u00f3 que se pod\u00eda ir al Vignemale por ese paso. No era muy transitado ni utilizado pero su recorrido estaba marcado en el mapa. Al otro lado el peque\u00f1o Vall\u00e9e de La Canau nos dejar\u00eda directamente en el Vall\u00e9e d\u2019Ossoue.<\/p>\n<div id=\"attachment_27498\" style=\"width: 832px\" class=\"wp-caption aligncenter\"><a class=\"dt-single-image\" href=\"http:\/\/monta\u00f1asdelaluna.com\/wp-content\/uploads\/2016\/02\/Vignemale2-001.jpg\" data-dt-img-description=\"\"><img loading=\"lazy\" decoding=\"async\" aria-describedby=\"caption-attachment-27498\" class=\"wp-image-27498 \" src=\"http:\/\/monta\u00f1asdelaluna.com\/wp-content\/uploads\/2016\/02\/Vignemale2-001.jpg\" alt=\"Puente rom\u00e1nico en Bujaruelo\" width=\"822\" height=\"1278\" srcset=\"https:\/\/www.monta\u00f1asdelaluna.es\/wp-content\/uploads\/2016\/02\/Vignemale2-001.jpg 1208w, https:\/\/www.monta\u00f1asdelaluna.es\/wp-content\/uploads\/2016\/02\/Vignemale2-001-193x300.jpg 193w, https:\/\/www.monta\u00f1asdelaluna.es\/wp-content\/uploads\/2016\/02\/Vignemale2-001-659x1024.jpg 659w\" sizes=\"auto, (max-width: 822px) 100vw, 822px\" \/><\/a><p id=\"caption-attachment-27498\" class=\"wp-caption-text\">Puente rom\u00e1nico en Bujaruelo<\/p><\/div>\n<p>Con el visto bueno del hombre consultado del camping, y con el de algunos de mis compa\u00f1eros m\u00e1s dirigentes (el m\u00edo incluido). Part\u00edamos en un d\u00eda radiante, soleado cruzando el bien conservado puente rom\u00e1nico de Bujaruelo sobre el r\u00edo Ara, por el camino a Gavarni\u00e9.<\/p>\n<p>Mientras sub\u00edamos un peque\u00f1o bosque nos escond\u00eda y abrumaba con su espesura y frondosidad, y m\u00e1s arriba, una vez dejado el camino del Puerto de Bujaruelo y dirigirnos hac\u00eda el norte, al de Bernatuero, los prados de una larga hierba amarilla-verdosa agostada por el sol del verano en la ladera sur de solana de la monta\u00f1a, nos ofrec\u00eda otro paisaje m\u00e1s extenso y amplio. Nada agobiante y claustrof\u00f3bico como en el interior del bosque, sino inmenso y abierto en medio del espacio infinito de las alturas en las monta\u00f1as.<\/p>\n<p>Paco Mart\u00ednez me preguntaba: \u201c\u00bfPor qu\u00e9 te traes los crampones?, con el calor que hace no creo que vayan a hacer falta\u201d, \u201cAl Pirineo hay que venir con ellos por que se puede cruzar nieve vieja, helada o glaciares. Y en el Vignemale est\u00e1 el Glaciar d\u2019Ossoue. Hay que estar preparado por si acaso, nunca se sabe&#8230; \u201c.<\/p>\n<p>La subida hac\u00eda el Puerto de Bernatuero se hac\u00eda pesada y larga, me daba la impresi\u00f3n de estar subiendo m\u00e1s alto de lo necesario. Me estaba cansando y me costaba subir, no me hab\u00eda preparado lo suficiente para este viaje, o al menos eso es lo que deduje en aquel momento. Nunca hab\u00eda echo un viaje de estas caracter\u00edsticas; con las tiendas acuestas, la comida y ropa para casi una semana. En mi antigua e incomoda mochila de hierros no me cab\u00edan tantas cosas, as\u00ed que \u201cEl Rojo\u201d, Toni Andreu, me dej\u00f3 su mochila de traves\u00eda que a mi me pareci\u00f3 enorme, espaciosa y c\u00f3moda. Me hizo un grande y necesario papel.<\/p>\n<div id=\"attachment_27500\" style=\"width: 831px\" class=\"wp-caption aligncenter\"><a class=\"dt-single-image\" href=\"http:\/\/monta\u00f1asdelaluna.com\/wp-content\/uploads\/2016\/02\/Vignemale4-001.jpg\" data-dt-img-description=\"\"><img loading=\"lazy\" decoding=\"async\" aria-describedby=\"caption-attachment-27500\" class=\"wp-image-27500 \" src=\"http:\/\/monta\u00f1asdelaluna.com\/wp-content\/uploads\/2016\/02\/Vignemale4-001-1024x670.jpg\" alt=\"Nos pasamos del Ib\u00f3n de Bernatuero\" width=\"821\" height=\"537\" srcset=\"https:\/\/www.monta\u00f1asdelaluna.es\/wp-content\/uploads\/2016\/02\/Vignemale4-001-1024x670.jpg 1024w, https:\/\/www.monta\u00f1asdelaluna.es\/wp-content\/uploads\/2016\/02\/Vignemale4-001-300x196.jpg 300w, https:\/\/www.monta\u00f1asdelaluna.es\/wp-content\/uploads\/2016\/02\/Vignemale4-001.jpg 1819w\" sizes=\"auto, (max-width: 821px) 100vw, 821px\" \/><\/a><p id=\"caption-attachment-27500\" class=\"wp-caption-text\">Nos pasamos del Ib\u00f3n de Bernatuero<\/p><\/div>\n<p>Ya muy arriba, mis compa\u00f1eros pararon, y cuando llegu\u00e9 yo al punto donde ellos estaban, contempl\u00e9 desde las alturas, all\u00e1 abajo, el famoso Ib\u00f3n de Bernatuero, por el que hab\u00eda que pasar. Hab\u00edamos, finalmente, subido m\u00e1s de la cuenta. M\u00e1s abajo, mientras sub\u00edamos, hab\u00edamos perdido la estrecha senda e \u00edbamos monte a trav\u00e9s. \u00a1Ya dec\u00eda yo que era muy larga esta subida!<\/p>\n<p>Las nubes empezaban a abordar los Pirineos y all\u00e1 al fondo ve\u00edamos por primera vez el impresionante y medio cubierto macizo del Vignemale. Las luces y las sombras inundaban aquellas agrestes monta\u00f1as, aquellas fortalezas p\u00e9treas.<\/p>\n<p>Ya en la parte francesa, en la cara norte de los Pirineos baj\u00e1bamos al Vall\u00e9e de La Canau. Un valle suave, c\u00f3modo y verde (como eran los valles encarados al norte en los Pirineos) surcado por el riachuelo Lourdes que nos llevar\u00eda al Vall\u00e9e d\u2019Ossoue que a su vez nos dejar\u00eda en las puertas del Vignemale. Esta vez la marcha se hace amena hablando y andando por una suave senda, valle abajo, con Jes\u00fas Calvo, que es profesor de geograf\u00eda, y junto con Paco Mart\u00ednez. Habl\u00e1bamos de geograf\u00eda, biolog\u00eda y aspectos de este valle y de los Pirineos en general. M\u00e1s adelante, una bandada de buitres, bajaban y sobrevolaban una res muerta en medio del valle muy cerca de donde pas\u00e1bamos, y el chillido de alerta de una marmota asomada en el saliente de un risco, informaba que unos extra\u00f1os (nosotros o los buitres) invad\u00edan su territorio. En esa parte del Pirineo las marmotas abundaban realmente, aunque yo era la primera vez que ve\u00eda una. Era emocionante estar sumido en medio de la naturaleza y ser un mero observador ante el discurrir de la vida. Es algo intenso lo que sientes, muy distinto a estar en tu casa aburrido viendo la tele o metido en un tumulto de la ciudad. Te sientes parte de la naturaleza, de la vida, de la monta\u00f1a, y tu esp\u00edritu, tu cuerpo se sienten fuertes, regenerados, llenos de vitalidad. El hombre vuelve a sus or\u00edgenes, a su verdadero ser, a su verdadera identidad.<\/p>\n<p>Casi en la terminaci\u00f3n de este peque\u00f1o y simp\u00e1tico valle, y en la proximidad del oblicuo Vall\u00e9e d\u2019Ossoue que se abr\u00eda ante nosotros, estaba la peque\u00f1a caba\u00f1a o Refugio de Lourdes. Una peque\u00f1a casita que a\u00fan no estaba terminada y segu\u00edan enluciendo, en la que paramos a comer, descansar y reponer fuerzas. Parec\u00eda que el tiempo empeoraba, se cubr\u00eda m\u00e1s el cielo pero no llegaba a caer nada. Las conversaciones, risas y chistes adornaban la sobremesa.<\/p>\n<div id=\"attachment_27501\" style=\"width: 831px\" class=\"wp-caption aligncenter\"><a class=\"dt-single-image\" href=\"http:\/\/monta\u00f1asdelaluna.com\/wp-content\/uploads\/2016\/02\/Vignemale5-001.jpg\" data-dt-img-description=\"\"><img loading=\"lazy\" decoding=\"async\" aria-describedby=\"caption-attachment-27501\" class=\"wp-image-27501 \" src=\"http:\/\/monta\u00f1asdelaluna.com\/wp-content\/uploads\/2016\/02\/Vignemale5-001.jpg\" alt=\"Descanso en la Caba\u00f1a de Lourdes en la Vall\u00e9e d'Ossoue\" width=\"821\" height=\"1277\" srcset=\"https:\/\/www.monta\u00f1asdelaluna.es\/wp-content\/uploads\/2016\/02\/Vignemale5-001.jpg 1161w, https:\/\/www.monta\u00f1asdelaluna.es\/wp-content\/uploads\/2016\/02\/Vignemale5-001-193x300.jpg 193w, https:\/\/www.monta\u00f1asdelaluna.es\/wp-content\/uploads\/2016\/02\/Vignemale5-001-658x1024.jpg 658w\" sizes=\"auto, (max-width: 821px) 100vw, 821px\" \/><\/a><p id=\"caption-attachment-27501\" class=\"wp-caption-text\">Descanso en la Caba\u00f1a de Lourdes en la Vall\u00e9e d&#8217;Ossoue<\/p><\/div>\n<p>Despu\u00e9s de comer debemos seguir la marcha. El Vall\u00e9e d\u2019Ossoue es amplio, bonito y verde; cubierto de coloreadas y hermosas flores. All\u00e1 al fondo, en el principio del valle, una enorme barrera, un murall\u00f3n lo cierra hac\u00eda el noroeste. Es una especie de circo coronado por el Vignemale, sobre todo los picos Petit Vignemale y Punta CHausenque rodeados en sus laderas por una masa blanquecina y alargada: el Glaciar d\u2019Ossoue. El segundo glaciar m\u00e1s extenso de los Pirineos despu\u00e9s del Glaciar del Aneto. Dicho glaciar se ve\u00eda peque\u00f1o y fr\u00e1gil desde aqu\u00ed, a\u00fan no se apreciaban sus dimensiones reales, ni su original belleza.<\/p>\n<p>El valle por el que camin\u00e1bamos era amplio y ancho, rodeado al norte por unas monta\u00f1as escarpadas y repletas de paredes, y hac\u00eda el sur por suaves pendientes que se iban empinando y encrespando a medida que se acercaban al Vignemale. El fondo es plano pero surcado por peque\u00f1os montecillos de suaves pendientes; antiguas morrenas y excavaciones del gigantesco glaciar que hace cientos de a\u00f1os horadaba el Vall\u00e9e d\u2019Ossoue terminando en el, tambi\u00e9n gigantesco, glaciar de Gavarni\u00e9 en el valle del mismo nombre. Hoy d\u00eda, el \u00fanico reducto, testigo mudo de aquellos tiempos en los que los hielos reinaban en los Pirineos, es el Glaciar d\u2019Ossoue. Es en lo que se ha reducido aquel gigantesco glaciar. Est\u00e1bamos, pues, cruzando un magn\u00edfico ejemplo de valle glaciar; tan atractivo como amplio. Es un verdadero paisaje de alta monta\u00f1a.<\/p>\n<p>Por fin llegamos a los pies del macizo del Vignemale. Sus laderas son verticales, muy empinadas, altas y casi interminables (me parecieron a m\u00ed). Justo cuando la bien marcada senda dejaba la horizontabilidad para adentrarse en los terrenos abruptos y verticales que, no daban tregua a lo horizontal. Una magn\u00edfica y bella cascada nos anuncia la entrada en al territorio del Vignemale, como una esfinge que guarda la puerta a la inexpugnable y altiva ciudad-fortaleza del Vignemale.<\/p>\n<div id=\"attachment_27502\" style=\"width: 823px\" class=\"wp-caption aligncenter\"><a class=\"dt-single-image\" href=\"http:\/\/monta\u00f1asdelaluna.com\/wp-content\/uploads\/2016\/02\/Vignemale6-001.jpg\" data-dt-img-description=\"\"><img loading=\"lazy\" decoding=\"async\" aria-describedby=\"caption-attachment-27502\" class=\"wp-image-27502 \" src=\"http:\/\/monta\u00f1asdelaluna.com\/wp-content\/uploads\/2016\/02\/Vignemale6-001-1024x671.jpg\" alt=\"Vall\u00e9e d'Ossoue, arriba el Vignemale\" width=\"813\" height=\"533\" srcset=\"https:\/\/www.monta\u00f1asdelaluna.es\/wp-content\/uploads\/2016\/02\/Vignemale6-001-1024x671.jpg 1024w, https:\/\/www.monta\u00f1asdelaluna.es\/wp-content\/uploads\/2016\/02\/Vignemale6-001-300x196.jpg 300w, https:\/\/www.monta\u00f1asdelaluna.es\/wp-content\/uploads\/2016\/02\/Vignemale6-001.jpg 1817w\" sizes=\"auto, (max-width: 813px) 100vw, 813px\" \/><\/a><p id=\"caption-attachment-27502\" class=\"wp-caption-text\">Vall\u00e9e d&#8217;Ossoue, arriba el Vignemale<\/p><\/div>\n<p>La senda discurre como encajada en un profundo y vertical barranco. Intentando subir y coger altura, el desnivel que deb\u00edamos superar era considerable desde el fondo del valle hasta el Refugio de Baysselance, que era el lugar propuesto como base para las diferentes subidas o subida al Gran Vignemale o Pique Longue. \u00c9ste se encontraba a m\u00e1s de dos mil seiscientos metros y la subida a \u00e9l desde Ossoue era especialmente pesada, esforzada y muy empinada en ocasiones, aunque la senda era una \u201cautopista\u201d. La senda es el GR Transpirenaico franc\u00e9s y estaba muy bien marcada y era ancha. Por los lugares de umbr\u00eda que recorr\u00eda cruzamos alg\u00fan nevero de nieve vieja que se conservaba muy bien a pesar de la baja altura a la que estaba, por encontrarse en una zona muy resguardada y de laderas casi verticales que imped\u00edan la radiaci\u00f3n solar durante mucho tiempo.<\/p>\n<p>La subida era fuerte. El peso de la mochila se hac\u00eda notar sensiblemente y de nuevo mis fuerzas fallaban y me costaba mucho subir. La fuerte inclinaci\u00f3n de la senda no se suaviza mucho, solo en pocas ocasiones. Al cabo de un rato mis piernas y mis m\u00fasculos notaron el esfuerzo y poco a poco un dolor que se iba haciendo cada vez m\u00e1s fuerte por debajo de mi muslo derecho, imped\u00eda que pudiera subir con firmeza y ligereza; es m\u00e1s, el dolor y sufrimiento eran angustiosos al cabo de un rato. Mi aductor no aguant\u00f3 m\u00e1s el esfuerzo y se sobrecarg\u00f3 terriblemente.<\/p>\n<div id=\"attachment_27504\" style=\"width: 831px\" class=\"wp-caption aligncenter\"><a class=\"dt-single-image\" href=\"http:\/\/monta\u00f1asdelaluna.com\/wp-content\/uploads\/2016\/02\/Vignemale8-001.jpg\" data-dt-img-description=\"\"><img loading=\"lazy\" decoding=\"async\" aria-describedby=\"caption-attachment-27504\" class=\"wp-image-27504 \" src=\"http:\/\/monta\u00f1asdelaluna.com\/wp-content\/uploads\/2016\/02\/Vignemale8-001.jpg\" alt=\"Grutas de Bellevue bajo el Petit Vignemale\" width=\"821\" height=\"1273\" srcset=\"https:\/\/www.monta\u00f1asdelaluna.es\/wp-content\/uploads\/2016\/02\/Vignemale8-001.jpg 1167w, https:\/\/www.monta\u00f1asdelaluna.es\/wp-content\/uploads\/2016\/02\/Vignemale8-001-194x300.jpg 194w, https:\/\/www.monta\u00f1asdelaluna.es\/wp-content\/uploads\/2016\/02\/Vignemale8-001-661x1024.jpg 661w\" sizes=\"auto, (max-width: 821px) 100vw, 821px\" \/><\/a><p id=\"caption-attachment-27504\" class=\"wp-caption-text\">Grutas de Bellevue bajo el Petit Vignemale<\/p><\/div>\n<p>Se notaba que \u00edbamos cogiendo altura y al pasar por una pared con tres grutas excavadas, al frente el Petit Vignemale y la Espalda de la Punta CHausenque parec\u00edan asomarse sobre la lineal capa de nieve que ten\u00edan debajo, que era el Glaciar d\u2019Ossoue (que desde esta perspectiva no se observaba su grandeza) y estas mucho m\u00e1s cerca y al alcance de la mano que desde m\u00e1s abajo. All\u00ed decidimos parar y pasar la primera noche en el Vignemale al comprobar que el Refugio de Baysselance estaba completo y no cab\u00eda nadie m\u00e1s. Poco m\u00e1s abajo, algunas tiendas estaban plantadas en los muy pocos terrenos horizontales que hab\u00eda cerca de la senda. Unos compatriotas nuestros estaban alojados en alguna de ellas, y pregunt\u00e1ndoles nos dice que iban a irse esa misma tarde con lo cual aprovechamos para ocupar dos de las tres Grottes de Bellevue.<\/p>\n<p>Est\u00e1bamos a unos dos mil quinientos metros. El sol brillaba calentando la superficie de las paredes donde estaban excavadas las grutas. Paco me tuvo que dar un fuerte masaje en mi aductor y gast\u00e9 la mitad del tubo de thrombocil que llevaba \u201cHenry\u201d. No fue instant\u00e1neo pero poco a poco se me fue calmando el dolor, aunque d\u00eda y medio despu\u00e9s a\u00fan no estaba recuperado totalmente.<\/p>\n<div id=\"attachment_27551\" style=\"width: 758px\" class=\"wp-caption aligncenter\"><a class=\"dt-single-image\" href=\"http:\/\/monta\u00f1asdelaluna.com\/wp-content\/uploads\/1995\/08\/2\u00ba-recorrido-Vigenmale.jpg\" data-dt-img-description=\"\"><img loading=\"lazy\" decoding=\"async\" aria-describedby=\"caption-attachment-27551\" class=\"wp-image-27551 size-full\" src=\"http:\/\/monta\u00f1asdelaluna.com\/wp-content\/uploads\/1995\/08\/2\u00ba-recorrido-Vigenmale.jpg\" alt=\"2\u00ba recorrido Vigenmale\" width=\"748\" height=\"1871\" srcset=\"https:\/\/www.monta\u00f1asdelaluna.es\/wp-content\/uploads\/1995\/08\/2\u00ba-recorrido-Vigenmale.jpg 748w, https:\/\/www.monta\u00f1asdelaluna.es\/wp-content\/uploads\/1995\/08\/2\u00ba-recorrido-Vigenmale-120x300.jpg 120w, https:\/\/www.monta\u00f1asdelaluna.es\/wp-content\/uploads\/1995\/08\/2\u00ba-recorrido-Vigenmale-409x1024.jpg 409w\" sizes=\"auto, (max-width: 748px) 100vw, 748px\" \/><\/a><p id=\"caption-attachment-27551\" class=\"wp-caption-text\">Croquis del recorrido del 2\u00ba d\u00eda: Bujaruelo-Grutas de Bellevue\/Bayssellance<\/p><\/div>\n<p>La noche fue fatal. La cueva que me toc\u00f3 junto con \u201cHenry\u201d, Jes\u00fas Calvo y Manolo Hurtado era muy h\u00fameda, profunda y con el suelo muy incomodo. No dorm\u00ed ni descans\u00e9 nada bien. Deseaba que se hiciera enseguida de d\u00eda para levantarme de aquel tortuoso lugar. Los otros compa\u00f1eros cogieron la gruta central, m\u00e1s peque\u00f1a pero acogedora y con mejor suelo, sin nada de humedad.<\/p>\n<p>Al otro d\u00eda amanece y me doy cuenta de que estamos en un magn\u00edfico mirador: abajo todo el Vall\u00e9e d\u2019Ossoue y al fondo el macizo del Marbor\u00e9, parte del Circo de Gavarni\u00e9, el Casco, la Brecha de Rolando, el Taill\u00f3n y los Gabietos sobresaliendo entre los picos cercanos y m\u00e1s bajos. Quedan all\u00e1 al fondo, como un reino distinto, un lugar lejano y distante, y a la vez cercano y conocido.<\/p>\n<p>Siguiendo los pasos de Pepe D\u00edaz, deb\u00edamos subir al Petit Vignemale (el pico m\u00e1s bajo de los tres miles del macizo), para luego bajar por una cresta, un nevero y\u00a0 llegar a la base del Gran Vignemale para, trepando, subirlo. El tiempo no era muy bueno. Las nubes inundaban y abordaban algunas monta\u00f1as. Claros y nubes (m\u00e1s nubes que claros) era la nota dominante. Para llegar a la cumbre del Petit Vignemale hab\u00eda que subir a Baysselance y de all\u00ed a la Hourquette d\u2019Ossoue; el magn\u00edfico collado que une el Vall\u00e9e de Gaube y el d\u2019Ossoue, y desde el cual se maravillan tus ojos al contemplar con todo su esplendor, grandiosidad y belleza las enormes paredes y vertientes heladas de las caras norte del macizo. Aunque cuando nosotros llegamos, despu\u00e9s de pasar por el refugio y cruzar algunos neveros, las nubes cubr\u00edan la parte alta de estas impresionantes y enormes paredes. A\u00fan as\u00ed la emoci\u00f3n y la impresi\u00f3n son sobresalientes, y me qued\u00e9 boquiabierto ante tanta belleza y grandiosidad. Con sus glaciares colgados de las pocas cornisas entre las paredes, y sus corredores helados y vertiginosos, largos, altos y verticales como el famoso Couloir de Gaube que, aunque no lo ve\u00edamos desde ese lugar, sab\u00edamos que se encontraba all\u00ed y nos lo imagin\u00e1bamos entre esas gigantescas paredes.<\/p>\n<div id=\"attachment_27507\" style=\"width: 827px\" class=\"wp-caption aligncenter\"><a class=\"dt-single-image\" href=\"http:\/\/monta\u00f1asdelaluna.com\/wp-content\/uploads\/2016\/02\/Vignemale10-001.jpg\" data-dt-img-description=\"\"><img loading=\"lazy\" decoding=\"async\" aria-describedby=\"caption-attachment-27507\" class=\"wp-image-27507 \" src=\"http:\/\/monta\u00f1asdelaluna.com\/wp-content\/uploads\/2016\/02\/Vignemale10-001-1024x668.jpg\" alt=\"Delante Mariano subiendo a la Hourquette d'Ossoue\" width=\"817\" height=\"533\" srcset=\"https:\/\/www.monta\u00f1asdelaluna.es\/wp-content\/uploads\/2016\/02\/Vignemale10-001-1024x668.jpg 1024w, https:\/\/www.monta\u00f1asdelaluna.es\/wp-content\/uploads\/2016\/02\/Vignemale10-001-300x196.jpg 300w, https:\/\/www.monta\u00f1asdelaluna.es\/wp-content\/uploads\/2016\/02\/Vignemale10-001.jpg 1778w\" sizes=\"auto, (max-width: 817px) 100vw, 817px\" \/><\/a><p id=\"caption-attachment-27507\" class=\"wp-caption-text\">Delante Mariano subiendo a la Hourquette d&#8217;Ossoue<\/p><\/div>\n<div id=\"attachment_27511\" style=\"width: 825px\" class=\"wp-caption aligncenter\"><a class=\"dt-single-image\" href=\"http:\/\/monta\u00f1asdelaluna.com\/wp-content\/uploads\/2016\/02\/Vignemale14-001.jpg\" data-dt-img-description=\"\"><img loading=\"lazy\" decoding=\"async\" aria-describedby=\"caption-attachment-27511\" class=\"wp-image-27511 \" src=\"http:\/\/monta\u00f1asdelaluna.com\/wp-content\/uploads\/2016\/02\/Vignemale14-001-1024x665.jpg\" alt=\"Cima del Petit Vignemale, 3.032 mts.\" width=\"815\" height=\"529\" srcset=\"https:\/\/www.monta\u00f1asdelaluna.es\/wp-content\/uploads\/2016\/02\/Vignemale14-001-1024x665.jpg 1024w, https:\/\/www.monta\u00f1asdelaluna.es\/wp-content\/uploads\/2016\/02\/Vignemale14-001-300x195.jpg 300w, https:\/\/www.monta\u00f1asdelaluna.es\/wp-content\/uploads\/2016\/02\/Vignemale14-001.jpg 1802w\" sizes=\"auto, (max-width: 815px) 100vw, 815px\" \/><\/a><p id=\"caption-attachment-27511\" class=\"wp-caption-text\">Cima del Petit Vignemale, 3.032 mts.<\/p><\/div>\n<p>Las nubes cubr\u00edan parte de la subida al Petit Vignemale pero la senda y el recorrido estaba claro. Yo me iba quedando el \u00faltimo, ya que mi cuerpo a\u00fan no se hab\u00eda recuperado del esfuerzo y sufrimiento de ayer. A medida que sub\u00eda y antes de que me abordaran las nubes, ve\u00eda como se iba quedando Baysselance all\u00e1 abajo, en una magn\u00edfica cubeta glaciar rodeado de vertientes y picos pedregosos, agrestes y algo nevados. Daba la impresi\u00f3n de estar en un lugar remoto, ins\u00f3lito y extra\u00f1o, pero a la vez atrayente, enigm\u00e1tico y hermoso.<\/p>\n<p>M\u00e1s monta\u00f1eros me acompa\u00f1aban en la subida. Son unas monta\u00f1as muy visitadas. Ya entre la niebla y cansado llego a la cumbre del pico. Todos mis compa\u00f1eros (menos Jes\u00fas Calvo que, tambi\u00e9n cansado despu\u00e9s de la paliza de ayer, se hab\u00eda quedado hoy descansando en las grutas) ya estaban arriba junto con otros monta\u00f1eros que hab\u00edan subido. Estamos a tres mil treinta y dos metros. El pico es un gran pe\u00f1asco y la subida a \u00e9l desde la Hourquette d\u2019Ossoue es f\u00e1cil y nada peligrosa.<\/p>\n<p>Me sorprendo cuando observo que \u00e9stos discuten por seguir o no la cresta hac\u00eda el Grand Vignemale. Las nubes lo invaden todo y no se ve nada. No conocemos la cresta que parece baja por el otro lado del pico, y no sabemos los pasos que tiene, y no lo podemos ver por la niebla. Lo l\u00f3gico es no seguir y bajar para no meternos en un berenjenal. No lo sabemos pero podr\u00edamos meternos en alguna situaci\u00f3n en la cresta en la que no podr\u00edamos ni seguir ni retroceder. Por ello, la mayor\u00eda, decide no seguir. Yo opino lo mismo. \u201cHenry\u201d quer\u00eda seguir. \u201c\u00a1Tu es que est\u00e1s hecho un rambo!\u201d. Lleg\u00f3 a decirle Paco que no se corta un pelo. Indignado y resignado tubo que bajarse con nosotros despu\u00e9s de hacernos las fotos de rigor y de hablar con&#8230; \u201cHola, \u00bfsois espa\u00f1oles?\u201d. Pregunta Paco a unos monta\u00f1eros que tambi\u00e9n est\u00e1n all\u00ed en la cumbre. Como era un pico franc\u00e9s y la mayor\u00eda de estos monta\u00f1eros eran franceses, Paco les hizo esa pregunta. \u201cVascos\u201d, contestaron. \u00a1Est\u00e1bamos tan lejos de nuestra tierra!, pero a pocos metros de nuestro pa\u00eds.<\/p>\n<div id=\"attachment_27510\" style=\"width: 827px\" class=\"wp-caption aligncenter\"><a class=\"dt-single-image\" href=\"http:\/\/monta\u00f1asdelaluna.com\/wp-content\/uploads\/2016\/02\/Vignemale13-001.jpg\" data-dt-img-description=\"\"><img loading=\"lazy\" decoding=\"async\" aria-describedby=\"caption-attachment-27510\" class=\"wp-image-27510 \" src=\"http:\/\/monta\u00f1asdelaluna.com\/wp-content\/uploads\/2016\/02\/Vignemale13-001-1024x668.jpg\" alt=\"Vistas hacia el Refugio de Bayssellance\" width=\"817\" height=\"533\" srcset=\"https:\/\/www.monta\u00f1asdelaluna.es\/wp-content\/uploads\/2016\/02\/Vignemale13-001-1024x668.jpg 1024w, https:\/\/www.monta\u00f1asdelaluna.es\/wp-content\/uploads\/2016\/02\/Vignemale13-001-300x196.jpg 300w, https:\/\/www.monta\u00f1asdelaluna.es\/wp-content\/uploads\/2016\/02\/Vignemale13-001.jpg 1820w\" sizes=\"auto, (max-width: 817px) 100vw, 817px\" \/><\/a><p id=\"caption-attachment-27510\" class=\"wp-caption-text\">Vistas hacia el Refugio de Bayssellance<\/p><\/div>\n<div id=\"attachment_27513\" style=\"width: 831px\" class=\"wp-caption aligncenter\"><a class=\"dt-single-image\" href=\"http:\/\/monta\u00f1asdelaluna.com\/wp-content\/uploads\/2016\/02\/Vignemale16-001.jpg\" data-dt-img-description=\"\"><img loading=\"lazy\" decoding=\"async\" aria-describedby=\"caption-attachment-27513\" class=\"wp-image-27513 \" src=\"http:\/\/monta\u00f1asdelaluna.com\/wp-content\/uploads\/2016\/02\/Vignemale16-001-1024x666.jpg\" alt=\"Refugio de Bayssellance\" width=\"821\" height=\"534\" srcset=\"https:\/\/www.monta\u00f1asdelaluna.es\/wp-content\/uploads\/2016\/02\/Vignemale16-001-1024x666.jpg 1024w, https:\/\/www.monta\u00f1asdelaluna.es\/wp-content\/uploads\/2016\/02\/Vignemale16-001-300x195.jpg 300w, https:\/\/www.monta\u00f1asdelaluna.es\/wp-content\/uploads\/2016\/02\/Vignemale16-001.jpg 1802w\" sizes=\"auto, (max-width: 821px) 100vw, 821px\" \/><\/a><p id=\"caption-attachment-27513\" class=\"wp-caption-text\">Refugio de Bayssellance<\/p><\/div>\n<p>En la bajada las nubes segu\u00edan impidiendo que nuestra visibilidad fuera buena. Hac\u00eda el oeste, en direcci\u00f3n al Vall\u00e9e de Gaube, los precipicios se abr\u00edan con un invisible abismo disimulado por las nubes y nieblas. \u00a1Menos mal que no llov\u00eda!<\/p>\n<p>Paramos en las puertas del refugio con tejado cil\u00edndrico para ver si nos pod\u00edamos quedar alguna noche. \u00a1Nada! Ni \u201cde co\u00f1a\u201d. Era imposible. Estaba lleno a reventar y no era muy grande. Paco se indigna con los franceses que nos tratan como \u201ctercermundistas\u201d, al menos los guardas, con desprecio y reservas. Como represalia les roba una manta que se baja a las grutas.<\/p>\n<p>En la bajada a las Grutas de Bellevue me di cuenta de las grandezas de los alrededores, no solamente de las monta\u00f1as del Vignemale. El macizo que quedaba al norte tambi\u00e9n era de picos encrespados, puntiagudos, de paredes verticales y cortadas que le daban una singular belleza. Todo lo que miraras alrededor eran catedrales p\u00e9treas, fortalezas altivas inexpugnables con formas alpinas y formidables. Como el Pic de La Sede, que casi llegaba a los tres mil metros. Una pir\u00e1mide de pedregosas y nivosas laderas y abruptas e inaccesibles paredes.<\/p>\n<p>Ya en las grutas el sol intentaba imponerse esa tarde. Como meros espectadores, observadores de lo cotidiano y normal, vemos bajar y subir numerosos grupos de monta\u00f1eros y monta\u00f1eras. \u201c\u00a1All\u00e9, all\u00e9, all\u00e9&#8230;!\u201d. Gritaba una veterana monta\u00f1era a su grupo de chicas j\u00f3venes que bajaban corriendo tras ella. En la puerta de la gruta central cuelgo mi toalla del torero y el toro con un claro \u201cEspa\u00f1a\u201d sobre ellos. Como bandera de nuestra \u201cExpedici\u00f3n ga\u00f1\u00e1n\u201d, y como si quisi\u00e9ramos dar a entender que aquello era \u201cterritorio espa\u00f1ol\u201d. Las paredes junto a las entradas a las grutas se convirtieron en un improvisado tendedero y todas aquellas ropas se tend\u00edan al sol para intentar secarse. \u201cHenry\u201d descubri\u00f3 que en el refugio, al menos, si que le vend\u00edan vino tinto (m\u00e1s caro de lo habitual, claro) y subi\u00f3 para bajarse algunas botellas para comer. As\u00ed el vino, las risas y el buen rollo predominaba en aquel rinc\u00f3n del Vignemale. Por un momento \u201cHenry\u201d dej\u00f3 aquel \u201csaco de muesli\u201d para comer una buena comida a lo espa\u00f1ol.<\/p>\n<div id=\"attachment_27515\" style=\"width: 1171px\" class=\"wp-caption aligncenter\"><a class=\"dt-single-image\" href=\"http:\/\/monta\u00f1asdelaluna.com\/wp-content\/uploads\/2016\/02\/Vignemale18-001.jpg\" data-dt-img-description=\"\"><img loading=\"lazy\" decoding=\"async\" aria-describedby=\"caption-attachment-27515\" class=\"wp-image-27515 \" src=\"http:\/\/monta\u00f1asdelaluna.com\/wp-content\/uploads\/2016\/02\/Vignemale18-001.jpg\" alt=\"Pic de Labas\" width=\"1161\" height=\"758\" srcset=\"https:\/\/www.monta\u00f1asdelaluna.es\/wp-content\/uploads\/2016\/02\/Vignemale18-001.jpg 1822w, https:\/\/www.monta\u00f1asdelaluna.es\/wp-content\/uploads\/2016\/02\/Vignemale18-001-300x196.jpg 300w, https:\/\/www.monta\u00f1asdelaluna.es\/wp-content\/uploads\/2016\/02\/Vignemale18-001-1024x668.jpg 1024w\" sizes=\"auto, (max-width: 1161px) 100vw, 1161px\" \/><\/a><p id=\"caption-attachment-27515\" class=\"wp-caption-text\">Pic de Labas<\/p><\/div>\n<p>Despu\u00e9s de la noche tan mala pasada, \u201cHenry\u201d y Jes\u00fas deciden montar una de las tiendas en un peque\u00f1\u00edsimo rellano de la contigua ladera, que a penas dejaba espacio en sus verticales, pedregosas y lisas laderas, para colocar nada horizontalmente. No quer\u00edan volver a pasar una noche en ninguna de aquellas cuevas artificiales, a pesar de que la m\u00e1s alta hab\u00eda sido desalojada ya por la pareja de monta\u00f1eros que la habitaban. Manolo Hurtado y yo no tuvimos reparo en acomodarnos en \u00e9sta \u00faltima. Era mucho mejor que la otra, hab\u00eda paja o hierba seca que la hac\u00edan m\u00e1s acogedora, y espacio m\u00e1s que suficiente para los dos.<\/p>\n<p>Despu\u00e9s de caer el atardecer la cena no se hizo esperar. A \u201cHenry\u201d le gust\u00f3 el vino de Bayssellance y subi\u00f3 a por cuatro botellas m\u00e1s. El tiempo parec\u00eda darnos una falsa tregua ya que parec\u00eda que se avecinaba una tormenta entre la calma de la atm\u00f3sfera. Pero no pasaba nada, no nos mojar\u00edamos dentro de las grutas y la tienda. Aunque despu\u00e9s nos enteramos que esas grutas eran peligrosas si te quedabas dentro con tormenta, ya que atra\u00edan a los rayos que se internaban en ellas por conductos, grietas y agujeros.<\/p>\n<p>La cena fue muy bien. En la gruta central el sitio era ideal para juntarnos y estar c\u00f3modos cenando. Cada uno sacaba lo que llevaba y lo compart\u00edamos, junto con esos grandes panes redondos que Paco reparti\u00f3 a cada uno. Y botella de vino va, botella de vino viene. Risas. Charlas amenas y entretenidas. Manolo Cano imita el baile de Toni de Los Alba, que ese verano hab\u00eda actuado en las fiestas de Almorad\u00ed&#8230; una saludable y buena juerga. Me gust\u00f3. Me lo pas\u00e9 realmente bien. La verdad es que los monta\u00f1eros saben como pas\u00e1rselo bien en los lugares m\u00e1s ins\u00f3litos.<\/p>\n<p>Se hab\u00eda gastado el agua y hab\u00eda que ir a por m\u00e1s. Manolo Cano me mand\u00f3 al riachuelo que bajaba del mismo Glaciar d\u2019Ossoue para llenar las cantimploras. \u00c9ste estaba en la ladera pedregosa y de fuerte pendiente. No se ve\u00eda desde las grutas pero no estaba muy lejos. Con todo mi \u00e1nimo y alegr\u00eda (ayudado por el tintorro) recojo las cantimploras y con mis \u201cchanclas trepadoras\u201d me dirijo al arroyo que cae con fuerza por la pendiente.<\/p>\n<div id=\"attachment_27516\" style=\"width: 822px\" class=\"wp-caption aligncenter\"><a class=\"dt-single-image\" href=\"http:\/\/monta\u00f1asdelaluna.com\/wp-content\/uploads\/2016\/02\/Vignemale19-001.jpg\" data-dt-img-description=\"\"><img loading=\"lazy\" decoding=\"async\" aria-describedby=\"caption-attachment-27516\" class=\"wp-image-27516 \" src=\"http:\/\/monta\u00f1asdelaluna.com\/wp-content\/uploads\/2016\/02\/Vignemale19-001-1024x667.jpg\" alt=\"Grutas de Bellevue\" width=\"812\" height=\"529\" srcset=\"https:\/\/www.monta\u00f1asdelaluna.es\/wp-content\/uploads\/2016\/02\/Vignemale19-001-1024x667.jpg 1024w, https:\/\/www.monta\u00f1asdelaluna.es\/wp-content\/uploads\/2016\/02\/Vignemale19-001-300x195.jpg 300w, https:\/\/www.monta\u00f1asdelaluna.es\/wp-content\/uploads\/2016\/02\/Vignemale19-001.jpg 1822w\" sizes=\"auto, (max-width: 812px) 100vw, 812px\" \/><\/a><p id=\"caption-attachment-27516\" class=\"wp-caption-text\">Grutas de Bellevue<\/p><\/div>\n<p>A lo lejos, mientras me acerco al riachuelo y me alejo de las grutas, entre la penumbra del atardecer y con una extra\u00f1a luz en el paisaje, observo como desde la zona de Gavarni\u00e9-Monte Perdido se prepara una tormenta que r\u00e1pidamente llegar\u00eda u ocupar\u00eda tambi\u00e9n al Vignemale. Los rayos se ve\u00edan aparecer como espadas estruendosas que el cielo enviaba resplandecientes y devastadoras para castigar a la tierra. Por la altura a la que me encontraba, el espect\u00e1culo lo ten\u00eda casi en frente, a la altura de mis ojos; y entre el silencio (solamente interrumpido por el sonido del arroyo) se pod\u00eda o\u00edr los aut\u00e9nticos bramidos de estos rel\u00e1mpagos; m\u00e1s cercanos y lejanos. Algunos incluso ca\u00edan cerca de donde me encontraba, por el Vall\u00e9e d\u2019Ossoue (cercano, comparado que ve\u00eda los de Gavarni\u00e9) y toda la monta\u00f1a se iluminaba como un gigantesco foco que solo funciona d\u00e9cimas de segundo. Me iluminaba la ladera en la que me encontraba y me infund\u00eda valor, fuerza, firmeza, bienestar&#8230; mi cuerpo y mi alma unidos se regocijaban de energ\u00eda y templanza al sentir como, en medio de aquella soledad, la naturaleza me ofrec\u00eda, en uno de los paisajes m\u00e1s bellos y magn\u00edficos, una de sus demostraciones m\u00e1s espectaculares de energ\u00eda, poder y vida. La tormenta.<\/p>\n<p>Me sent\u00eda parte de aquella fuerza, de aquella energ\u00eda, de aquella comuni\u00f3n entre cielo y tierra. De aquel baile de la naturaleza con todos sus elementos. Por momentos me pareci\u00f3 estar solo en el mundo, como si no existiera nadie m\u00e1s que yo y la Madre Tierra. Estaba rodeado por el Esp\u00edritu de Gaia y me sent\u00eda, entre otras sensaciones y emociones buenas y agradables, el hombre m\u00e1s privilegiado del mundo. No ten\u00eda miedo; todo lo contrar\u00edo. Y no me hubiera importado, en esos momentos, el haber estado solo en el mundo; por que no estaba realmente solo. Las fuerzas y representaciones m\u00e1s aut\u00e9nticas de la naturaleza, me acompa\u00f1aban. Me sent\u00eda en una libertad plena, fuera de las ataduras del hombre civilizado, de los quehaceres a los que el ser humano se ha impuesto a lo largo de su existencia. No ten\u00eda ataduras artificiales. Solo quer\u00eda llenar las cantimploras de agua para poder beber. Todo lo dem\u00e1s hab\u00eda desaparecido, por momentos, de mi cabeza; y me di cuenta de cual era la magia que rodea a la monta\u00f1a; de lo que realmente vale la pena en la vida, y de lo hermoso y maravilloso que era todo aquello que estaba sintiendo. Fue algo fant\u00e1stico que hasta ahora no llegu\u00e9 a sentir tan intensamente en la monta\u00f1a. Fue algo incre\u00edble, sensacional.<\/p>\n<div id=\"attachment_27517\" style=\"width: 828px\" class=\"wp-caption aligncenter\"><a class=\"dt-single-image\" href=\"http:\/\/monta\u00f1asdelaluna.com\/wp-content\/uploads\/2016\/02\/Vignemale20-001.jpg\" data-dt-img-description=\"\"><img loading=\"lazy\" decoding=\"async\" aria-describedby=\"caption-attachment-27517\" class=\"wp-image-27517\" src=\"http:\/\/monta\u00f1asdelaluna.com\/wp-content\/uploads\/2016\/02\/Vignemale20-001-1024x665.jpg\" alt=\"Esteban, Cano, Paco y Mariano en las Grutas de Bellevue\" width=\"818\" height=\"531\" srcset=\"https:\/\/www.monta\u00f1asdelaluna.es\/wp-content\/uploads\/2016\/02\/Vignemale20-001-1024x665.jpg 1024w, https:\/\/www.monta\u00f1asdelaluna.es\/wp-content\/uploads\/2016\/02\/Vignemale20-001-300x195.jpg 300w, https:\/\/www.monta\u00f1asdelaluna.es\/wp-content\/uploads\/2016\/02\/Vignemale20-001.jpg 1821w\" sizes=\"auto, (max-width: 818px) 100vw, 818px\" \/><\/a><p id=\"caption-attachment-27517\" class=\"wp-caption-text\">Esteban, Cano, Paco y Mariano en las Grutas de Bellevue<\/p><\/div>\n<p>Bueno. Deb\u00eda al final volver a las grutas con el agua y desand\u00e9 el camino. No sin parar de vez en cuando a observar el espect\u00e1culo de los numerosos rayos que ca\u00edan e iluminaban el cielo y la monta\u00f1a donde aparec\u00edan.<br \/>\nMis compa\u00f1eros ya estaban prepar\u00e1ndose para acostarse cada uno en su gruta o tienda. La tormenta invadi\u00f3 todo el cielo del Pirineo al fin, como si un manto gris\u00e1ceo oscuro cubriera o guardara estas monta\u00f1as, y las primeras gotitas empezaban a caer.<\/p>\n<p>Yo en mi gruta nueva me acurruqu\u00e9 en mi saco acomodando parte del lugar donde iba a dormir. La diferencia de una gruta a otra era considerable, estaba mucho m\u00e1s c\u00f3modo, adem\u00e1s la gruta era grande y suficiente para Manolo Hurtado y para m\u00ed. Poco a poco la oscuridad total y plena invadi\u00f3 la cueva. Deba la mismo que cerraras o abrieras los ojos, ve\u00edas la misma oscuridad (eso es algo muy dif\u00edcil de vivir en tu casa, en tu pueblo, en tu ciudad). Y me dorm\u00ed, realmente, muy pl\u00e1cido, feliz, y reconfortado.<\/p>\n<div id=\"attachment_27554\" style=\"width: 758px\" class=\"wp-caption aligncenter\"><a class=\"dt-single-image\" href=\"http:\/\/monta\u00f1asdelaluna.com\/wp-content\/uploads\/1995\/08\/3\u00ba-recorrido-Vignemale.jpg\" data-dt-img-description=\"\"><img loading=\"lazy\" decoding=\"async\" aria-describedby=\"caption-attachment-27554\" class=\"wp-image-27554 size-full\" src=\"http:\/\/monta\u00f1asdelaluna.com\/wp-content\/uploads\/1995\/08\/3\u00ba-recorrido-Vignemale.jpg\" alt=\"3\u00ba recorrido Vignemale\" width=\"748\" height=\"698\" srcset=\"https:\/\/www.monta\u00f1asdelaluna.es\/wp-content\/uploads\/1995\/08\/3\u00ba-recorrido-Vignemale.jpg 748w, https:\/\/www.monta\u00f1asdelaluna.es\/wp-content\/uploads\/1995\/08\/3\u00ba-recorrido-Vignemale-300x280.jpg 300w\" sizes=\"auto, (max-width: 748px) 100vw, 748px\" \/><\/a><p id=\"caption-attachment-27554\" class=\"wp-caption-text\">Croquis del recorrido del 2\u00ba d\u00eda: Grutas de Bellevue-Petit Vignemale<\/p><\/div>\n<p>Al otro d\u00eda, el d\u00eda segu\u00eda malo, nublado, con algo de lluvia. La lluvia de aquella noche (de la cual ni me enter\u00e9) se hab\u00eda colado por grietas y rendijas, y hab\u00eda ca\u00eddo en forma de gotera a todos en la gruta central; en la tienda de fuera tambi\u00e9n les hab\u00eda entrado agua y viento y hab\u00edan dormido mal. Incluso mi compa\u00f1ero de gruta, Manolo Hurtado, hab\u00eda dormido mal por que tambi\u00e9n le hab\u00eda ca\u00eddo agua de alguna gotera. Pues yo hab\u00eda dormido muy bien, no me hab\u00eda enterado de la lluvia ni de la tormenta.<\/p>\n<p>Despu\u00e9s de desayunar deb\u00edamos decidir lo que \u00edbamos a hacer hoy. Quer\u00edamos subir al Grand Vignemale por la ruta normal, por todo el Glaciar d\u2019Ossoue que ten\u00edamos en frente, arriba de nosotros. Finalmente decidimos subir hasta donde pudi\u00e9ramos si la lluvia y el tiempo nos dejaban. Una lluvia intermitente y poco intensa era lo que predominaba en aquel cielo cargado de nubes que invad\u00edan y escond\u00edan el macizo del Pic de La Sede y el del Vignemale; pero a\u00fan as\u00ed nos dirigimos hac\u00eda arriba en busca del glaciar. Quien sabe, el tiempo pod\u00eda mejorar y subir c\u00f3modamente, o empeorar y tener que bajarnos corriendo. Subimos todos excepto Jes\u00fas Calvo que se dirigir\u00eda ese d\u00eda al Petit Vignemale, m\u00e1s f\u00e1cil para \u00e9l, menos sufrido.<\/p>\n<p>Emprendemos la marcha con los chubasqueros y cubre mochilas puesto y en poco tiempo llegamos a la, ahora si, gran masa, enorme, de hielo azul gris\u00e1ceo, retocado por manchas de nieve, del espectacular Glaciar d\u2019Ossoue.<\/p>\n<p>Hemos recorrido una zona de rocas sueltas, pedregosas y roca lisa. Vestigios de la erosi\u00f3n que originaba el glaciar antiguamente cuando era m\u00e1s grande y bajaba a menos altura. El tiempo parece que quiere empeorar y la llovizna arrecia.<\/p>\n<div id=\"attachment_27520\" style=\"width: 825px\" class=\"wp-caption aligncenter\"><a class=\"dt-single-image\" href=\"http:\/\/monta\u00f1asdelaluna.com\/wp-content\/uploads\/2016\/02\/Vignemale23-001.jpg\" data-dt-img-description=\"\"><img loading=\"lazy\" decoding=\"async\" aria-describedby=\"caption-attachment-27520\" class=\"wp-image-27520 \" src=\"http:\/\/monta\u00f1asdelaluna.com\/wp-content\/uploads\/2016\/02\/Vignemale23-001-1024x666.jpg\" alt=\"Nos quedamos al pi\u00e9 del Glaciar d'Ossoue\" width=\"815\" height=\"530\" srcset=\"https:\/\/www.monta\u00f1asdelaluna.es\/wp-content\/uploads\/2016\/02\/Vignemale23-001-1024x666.jpg 1024w, https:\/\/www.monta\u00f1asdelaluna.es\/wp-content\/uploads\/2016\/02\/Vignemale23-001-300x195.jpg 300w, https:\/\/www.monta\u00f1asdelaluna.es\/wp-content\/uploads\/2016\/02\/Vignemale23-001.jpg 1807w\" sizes=\"auto, (max-width: 815px) 100vw, 815px\" \/><\/a><p id=\"caption-attachment-27520\" class=\"wp-caption-text\">Nos quedamos al pi\u00e9 del Glaciar d&#8217;Ossoue<\/p><\/div>\n<p>Al pie del impresionante glaciar se nos presenta un impedimento. La nieve no cubre totalmente el camino que cruza el glaciar, ya abierto por huellas de anteriores subidas. Hay una parte en la que hay que pisar hielo vivo y duro, y ser\u00eda imposible si no fuera con crampones para poder pisar el hielo sin resbalarse. Cano camina un trozo para comprobar como est\u00e1 esa parte del recorrido. Vuelve. Nada. Imposible cruzarlo sin crampones; te arriesgas a una ca\u00edda segura y a un deslizamiento glaciar abajo imparable; y muy cerca de donde est\u00e1bamos las grietas afloraban, se abr\u00edan. M\u00e1s arriba un grupo de monta\u00f1eros ya estaban cruzando esa parte del glaciar con crampones, claro. Y en lo m\u00e1s alto de la loma suave y enorme del Glaciar d\u2019Ossoue, sus grietas transversales, me dicen que es un ser vivo, que se mueve, siente y se transforma.<\/p>\n<p>\u00a1\u00bfQu\u00e9 hacer?! No se puede cruzar el glaciar. Ahora se acuerda Paco Mart\u00ednez de lo que le dije los primeros d\u00edas&#8230; solo yo me he subido los crampones y solo yo podr\u00eda cruzar tranquilamente el glaciar. Mi astucia y precauci\u00f3n me recompensan con una incre\u00edble y jam\u00e1s vivida experiencia, gracias a que me sub\u00ed los crampones.<\/p>\n<p>Una r\u00e1pida decisi\u00f3n al cabo de un corto tiempo al pie del infranqueable glaciar. Deciden hacer la \u201cruta de los tres miles\u201d del macizo del Vignemale. Esto es subir pico tras pico a lo largo del circo que guarda al glaciar, sin tocar \u00e9ste, por toda la cresta de dicho circo, desde un lado casi al otro.<\/p>\n<p>El Macizo del Vignemale forma un circo con los brazos paralelos algo m\u00e1s largos. En medio de este circo todo est\u00e1 cubierto de hielo, una enorme masa de hielo que es el Glaciar d\u2019Ossoue. Para llegar al Grand Vignemale hab\u00eda que empezar por un brazo, hacer toda la curva del circo, y antes de empezar el otro brazo se llegaba a dicho pico. Se sub\u00edan cuatro tres miles sin contar la Pique Longue o Grand Vignemale, y el recorrido pasaba por crestas muy a\u00e9reas, pasos terror\u00edficos y algo peligrosos, y por pendientes y terrenos espectaculares.<\/p>\n<div id=\"attachment_27522\" style=\"width: 833px\" class=\"wp-caption aligncenter\"><a class=\"dt-single-image\" href=\"http:\/\/monta\u00f1asdelaluna.com\/wp-content\/uploads\/2016\/02\/Vignemale25-002.jpg\" data-dt-img-description=\"\"><img loading=\"lazy\" decoding=\"async\" aria-describedby=\"caption-attachment-27522\" class=\"wp-image-27522 \" src=\"http:\/\/monta\u00f1asdelaluna.com\/wp-content\/uploads\/2016\/02\/Vignemale25-002-1024x666.jpg\" alt=\"Subiendo por la Cresta del Montferrat\" width=\"823\" height=\"535\" srcset=\"https:\/\/www.monta\u00f1asdelaluna.es\/wp-content\/uploads\/2016\/02\/Vignemale25-002-1024x666.jpg 1024w, https:\/\/www.monta\u00f1asdelaluna.es\/wp-content\/uploads\/2016\/02\/Vignemale25-002-300x195.jpg 300w, https:\/\/www.monta\u00f1asdelaluna.es\/wp-content\/uploads\/2016\/02\/Vignemale25-002.jpg 1803w\" sizes=\"auto, (max-width: 823px) 100vw, 823px\" \/><\/a><p id=\"caption-attachment-27522\" class=\"wp-caption-text\">Subiendo por la Cresta del Montferrat<\/p><\/div>\n<p>Justo cuando mis seis compa\u00f1eros part\u00edan hac\u00eda la cresta o espol\u00f3n de subida al primero de los tres miles, el Montferrat, para iniciar esta tremenda y espectacular \u201cruta de los tres miles\u201d, el tiempo empezaba a mejorar, una se\u00f1al de buen augurio para el \u00e9xito de la jornada. Las nubes se levantaban en el macizo del Pic de La Sede. El glaciar se ve despejado y yo me dispongo a cruzarlo en solitario. \u201c\u00bfNo te vienes con nosotros&#8230;?\u201d. \u201cYa que me he tra\u00eddo los crampones, voy a utilizarlos\u201d. Le digo a Paco Mart\u00ednez. Observo que suben por dicho espol\u00f3n, de roca lisa y empinada al otro lado de los hielos y neveros terminales del glaciar. Entonces emprendo la subida en solitario por el bello y formidable Glaciar d\u2019Ossoue.<\/p>\n<p>La suavidad el glaciar, poco a poco, empieza a endurecerse y a empinarse sus palas nevadas por las que ando. Cada cierto tiempo me paro para disfrutar de la soledad inmensa de andar por en medio del glaciar. Las vistas son impresionantes, magn\u00edficas. All\u00e1 abajo est\u00e1 el Vall\u00e9e d\u2019Ossoue, veo todo su recorrido, su embalse, su verdor&#8230; y toda la geograf\u00eda de valles, monta\u00f1as y morfolog\u00eda de estos Pirineos. Es incre\u00edble el paisaje.<\/p>\n<p>Estoy solo en medio del glaciar. Miro hac\u00eda el Montferrat para ver si distingo a mis compa\u00f1eros pero no llego a verlos. All\u00e1 abajo, despu\u00e9s del comienzo del glaciar, aparecen dos figuras de dos monta\u00f1eros que se acercan. Yo sigo parando y disfrutando de estas sensaciones que el andar por un glaciar en solitario te produce. Es fant\u00e1stico. Me imagino ser un antiguo explorador que visita por primera vez estos lugares, v\u00edrgenes, en los que nadie ha estado nunca; y la sensaci\u00f3n de ser la primera vez que me recorro un lugar tan bello, inh\u00f3spito y espectacular como \u00e9ste, deja atr\u00e1s sensaciones y emociones terrenales, a nivel del mar, abrumadas por ser artificiales y rutinarias en un mundo humanizado y civilizado.<\/p>\n<div id=\"attachment_27525\" style=\"width: 830px\" class=\"wp-caption aligncenter\"><a class=\"dt-single-image\" href=\"http:\/\/monta\u00f1asdelaluna.com\/wp-content\/uploads\/2016\/02\/Vignemale28-002.jpg\" data-dt-img-description=\"\"><img loading=\"lazy\" decoding=\"async\" aria-describedby=\"caption-attachment-27525\" class=\"wp-image-27525 \" src=\"http:\/\/monta\u00f1asdelaluna.com\/wp-content\/uploads\/2016\/02\/Vignemale28-002-1024x669.jpg\" alt=\"Al fondo el Circo de Gavarnie con Monte Perdido la punta m\u00e1s alta, la Brecha de Rolando y Taill\u00f3n a la derecha\" width=\"820\" height=\"536\" srcset=\"https:\/\/www.monta\u00f1asdelaluna.es\/wp-content\/uploads\/2016\/02\/Vignemale28-002-1024x669.jpg 1024w, https:\/\/www.monta\u00f1asdelaluna.es\/wp-content\/uploads\/2016\/02\/Vignemale28-002-300x196.jpg 300w, https:\/\/www.monta\u00f1asdelaluna.es\/wp-content\/uploads\/2016\/02\/Vignemale28-002.jpg 1802w\" sizes=\"auto, (max-width: 820px) 100vw, 820px\" \/><\/a><p id=\"caption-attachment-27525\" class=\"wp-caption-text\">Al fondo el Circo de Gavarnie con Monte Perdido la punta m\u00e1s alta, la Brecha de Rolando y Taill\u00f3n a la derecha<\/p><\/div>\n<p>Poco m\u00e1s arriba me meto en pleno \u201cplateau\u201d (como llamar\u00edan los franceses) del glaciar. Estoy rodeado, ahora si, por la corona de picos que sobrepasan los tres mil metros en este alto y formidable circo. El tiempo mejora algo m\u00e1s, aunque las nubes vienen y van, y el sol aparece en pocas ocasiones. De todas formas le da un aspecto m\u00e1s alpino y espectacular. All\u00e1 al fondo, el incre\u00edble macizo de Gavarni\u00e9-Monte Perdido, se alza espl\u00e9ndido, espectacular con su formidable y gigantesco circo colmado de neveros; destacando sus picos m\u00e1s altos, Monte Perdido y Cilindro de Marbor\u00e9 como dos suaves agujas que ara\u00f1an el cielo y que, como si de un volc\u00e1n se tratase y una fumarola escupiese humo, una \u00fanica nube sale desde las mismas cimas de estos altos picos. M\u00e1s arriba las nubes altas y grises encapotan un cielo que nos va dando una tregua y da una pincelada gris, oscura a este lienzo pirenaico. En el centro del glaciar, el hielo vivo cruzado por grietas horizontales y algunas transversales le da un aspecto estremecedor, de fragilidad y de belleza helada a la vez. Alrededor, la nieve baja de las faldas de los picos que lo rodean: Montferrat, Pico Central, Cerbillonar por la izquierda, y el Pic du Clot de La Hount, Grand Vignemale, Pit\u00f3n Carr\u00e9, Punta CHausenque y Petit (Peque\u00f1o) Vignemale a la derecha.<\/p>\n<p>Ahora la senda trazada en la nieve se va acercando a una de las paredes de los picos. Es la desgajada pared del Grand Vignemale que se asoma a la vertiente del glaciar. Los dos monta\u00f1eros que se ve\u00edan en la lejan\u00eda, se est\u00e1n acercando ahora. Yo me sigo parando para disfrutar del paisaje, del momento, y me tomo la subida con tranquilidad. \u00a1Para qu\u00e9 prisas!, si le llevo ventaja a mis compa\u00f1eros. Por cierto \u00bfPor qu\u00e9 pico ir\u00e1n?<\/p>\n<p>Las pisadas ya han llegado a la rocosa y cuarteada pared del Grand Vignemale. Me detengo y observo la trepada por las faldas del pico, no me parece muy dif\u00edcil, nada dif\u00edcil. Est\u00e1 inclinada pero tiene muchos agarres y salientes. Sigo observando y veo que otro grupo de pisadas dejan la pared en el mismo punto y se dirigen al collado entre el pico Cerbillonar y el Pic du Clot de La Hount. Intento ver por donde van mis compa\u00f1eros, pero sigo sin verlos, no los distingo por la corona de tres miles y no s\u00e9 por donde van.<\/p>\n<div id=\"attachment_27524\" style=\"width: 1173px\" class=\"wp-caption aligncenter\"><a class=\"dt-single-image\" href=\"http:\/\/monta\u00f1asdelaluna.com\/wp-content\/uploads\/2016\/02\/Vignemale27-001.jpg\" data-dt-img-description=\"\"><img loading=\"lazy\" decoding=\"async\" aria-describedby=\"caption-attachment-27524\" class=\"wp-image-27524 \" src=\"http:\/\/monta\u00f1asdelaluna.com\/wp-content\/uploads\/2016\/02\/Vignemale27-001.jpg\" alt=\"Subida en solitario por el Glaciar d'Ossoue, en el centro el Montferrat\" width=\"1163\" height=\"774\" srcset=\"https:\/\/www.monta\u00f1asdelaluna.es\/wp-content\/uploads\/2016\/02\/Vignemale27-001.jpg 1808w, https:\/\/www.monta\u00f1asdelaluna.es\/wp-content\/uploads\/2016\/02\/Vignemale27-001-300x200.jpg 300w, https:\/\/www.monta\u00f1asdelaluna.es\/wp-content\/uploads\/2016\/02\/Vignemale27-001-1024x681.jpg 1024w\" sizes=\"auto, (max-width: 1163px) 100vw, 1163px\" \/><\/a><p id=\"caption-attachment-27524\" class=\"wp-caption-text\">Subida en solitario por el Glaciar d&#8217;Ossoue, en el centro el Montferrat<\/p><\/div>\n<p>Me decido. La subida debe de ser \u00e9sta, trepando hasta un punto en la cresta cerca de la cumbre del alto pico. Empiezo a quitarme los crampones de correa que tan buen papel me han hecho; entonces los dos monta\u00f1eros que me persegu\u00edan se re\u00fanen conmigo en la base del pico. Van encordados, con los piolets en las manos y parece que van preparados. Son franceses, y el de delante, el que va primero me dice algo en franc\u00e9s. \u201cI don\u2019t understund\u201d. Entonces me pregunta en ingl\u00e9s cual es el camino para subir el Grand Vignemale. Yo le respondo en ingles lo que s\u00e9. \u201cI think the way is this\u201d; se\u00f1alando la trepa. El franc\u00e9s me ha entendido pero no lo ve claro. Mira confuso a un lado, a otro la pared resquebrajada&#8230; al cabo de corto tiempo decide seguir por las huellas en la nieve hac\u00eda el collado anteriormente citado, y su compa\u00f1ero, encordado, le sigue. \u201cOrgua\u00e1\u201d. Yo no desisto en mi decisi\u00f3n de subir por aqu\u00ed. Paso de calentarme la cabeza en ir a inspeccionar otro lugar para poder subir. Creo que es factible y que ir\u00e1 directamente a la cima del pico. As\u00ed pues empiezo mi solitaria trepada al Grand Vignemale.<\/p>\n<p>La escalada es f\u00e1cil y entretenida. A veces algo a\u00e9rea y poco peligrosa por el mal estado de la roca que se deshace nada mas tocarla, y hay que tener cuidado en donde se ponen las manos y los pies. La verdad es que es r\u00e1pida y me recreo a medida que voy subiendo saboreando el momento de soledad, plenitud y sobre todo por este momento de monta\u00f1a lleno de emociones y sensaciones.<\/p>\n<p>En una parada en la subida, al poco tiempo de comenzar, oigo unas voces detr\u00e1s m\u00eda, inconfundibles: \u201cEsto es como Abanilla-Crevillente&#8230; hay que subir a todos los picos&#8230;\u201d. Era la clara y franca voz de Paco Mart\u00ednez. Entonces me volv\u00ed y observ\u00e9 como un grupo de gente, monta\u00f1eros, bajaban del Cerbillonar hac\u00eda el collado entre \u00e9ste y el Pic du Clot de La Hount. Eran mis compa\u00f1eros que por fin ten\u00eda noticias de ellos. Me alegr\u00e9 y a la vez me sorprend\u00ed al o\u00edr aquella frase; seguramente ante la pregunta de que por que deb\u00edan subir todos los picos si se pod\u00edan bordear alguno de ellos. \u00a1Este Paco, como siempre, tan afanado en la monta\u00f1a!<\/p>\n<p>Al poco tiempo llego a la cresta desde la cual me asom\u00e9 con v\u00e9rtigo y miedo a los incre\u00edbles abismos de la vertiente norte del Vignemale. Realmente unas paredes de unos ochocientos metros de desnivel (o m\u00e1s), verticales, lisas, infranqueables, terror\u00edficas. En una amplia longitud que ostentan los picos desde el Petit Vignemale al Pic du Clot de La Hount, salpicados de glaciares y corredores helados. Debo seguir por la cresta hasta el pico que quedaba a corta distancia. No me asom\u00e9 demasiado por la vertiente norte, no me acostumbraba a sentir ese cosquilleo en la barriga cada vez que miraba. Era una especie de temor, v\u00e9rtigo y asombro.<\/p>\n<div id=\"attachment_27526\" style=\"width: 830px\" class=\"wp-caption aligncenter\"><a class=\"dt-single-image\" href=\"http:\/\/monta\u00f1asdelaluna.com\/wp-content\/uploads\/2016\/02\/Vignemale29-001.jpg\" data-dt-img-description=\"\"><img loading=\"lazy\" decoding=\"async\" aria-describedby=\"caption-attachment-27526\" class=\"wp-image-27526 \" src=\"http:\/\/monta\u00f1asdelaluna.com\/wp-content\/uploads\/2016\/02\/Vignemale29-001-1024x659.jpg\" alt=\"Pique Longue o Gran Vignemale\" width=\"820\" height=\"528\" srcset=\"https:\/\/www.monta\u00f1asdelaluna.es\/wp-content\/uploads\/2016\/02\/Vignemale29-001-1024x659.jpg 1024w, https:\/\/www.monta\u00f1asdelaluna.es\/wp-content\/uploads\/2016\/02\/Vignemale29-001-300x193.jpg 300w, https:\/\/www.monta\u00f1asdelaluna.es\/wp-content\/uploads\/2016\/02\/Vignemale29-001.jpg 1816w\" sizes=\"auto, (max-width: 820px) 100vw, 820px\" \/><\/a><p id=\"caption-attachment-27526\" class=\"wp-caption-text\">Pique Longue o Gran Vignemale<\/p><\/div>\n<p>Por fin llego al pico m\u00e1s alto del macizo. Estoy en el Grand Vignemale o Pique Longue a tres mil doscientos noventa y ocho metros de altitud; a tan solo dos metros de los tres mil trescientos. No hab\u00eda nadie arriba, estaba solo. El tiempo se despejaba y el cielo azul se iba abriendo y descubriendo sobre el macizo. El paisaje era espectacular. Pocas veces he tenido el placer de disfrutar de semejante espect\u00e1culo, de semejantes im\u00e1genes a m\u00ed alrededor, abajo o al frente&#8230; de semejantes emociones y sentimientos vividos y compartidos entre mi solitaria alma y el esp\u00edritu de la monta\u00f1a, en un lugar incre\u00edble y majestuoso.<\/p>\n<p>El Pic du Clot de La Hount quedaba tras m\u00eda y observ\u00e9 como mis compa\u00f1eros ya bajaban de \u00e9l. Cog\u00edan la cresta que se dirig\u00eda al \u00faltimo de su \u201cruta de los tres miles\u201d, al Grand Vignemale, donde me encontraba yo solo con el eje geod\u00e9sico que se\u00f1ala la altura m\u00e1xima. Las vistas hac\u00eda Baysselance, Hourquette d\u2019Ossoue, Petit Vignemale y al macizo que quedaba detr\u00e1s del Pic de La Sede, eran espectaculares, incre\u00edbles: crestas vertiginosas, picos rodeados de escarpadas vertientes, paredes, espolones&#8230; rodeados de anchos valles, altos de suaves pendientes y laderas manchadas con neveros grandes y peque\u00f1os, que le daban un toque encantador a esta demostraci\u00f3n de vigor y fuerza p\u00e9trea, a estos lugares tan inh\u00f3spitos como bellos, a este para\u00edso del alto Pirineo&#8230;<\/p>\n<p>Al fondo, hac\u00eda el este, pude admirar una parte de los Pirineos que desconoc\u00eda y me atra\u00eda: El Bala\u00eftous, ese Cervino del Pirineo (seg\u00fan de donde se observe), alto, encrespado y puntiagudo; los Picos del Infierno con su caracter\u00edstica diferencia de colores en sus rocas, ya al fondo la torre vig\u00eda del Pirineo Occidental, el Pic du Midi d\u2019Ossau; alejada como una verdadera fortaleza vertical e infranqueable.<\/p>\n<div id=\"attachment_27527\" style=\"width: 1170px\" class=\"wp-caption aligncenter\"><a class=\"dt-single-image\" href=\"http:\/\/monta\u00f1asdelaluna.com\/wp-content\/uploads\/2016\/02\/Vignemale30-001.jpg\" data-dt-img-description=\"\"><img loading=\"lazy\" decoding=\"async\" aria-describedby=\"caption-attachment-27527\" class=\"wp-image-27527 \" src=\"http:\/\/monta\u00f1asdelaluna.com\/wp-content\/uploads\/2016\/02\/Vignemale30-001.jpg\" alt=\"Desde la cima de la Pique Longue: a la derecha la Punta Chausenquem, bajo \u00e9sta el Petit Vignemale, Hourquette d'Ossoue y zona de Bayssellance a la izquierda\" width=\"1160\" height=\"752\" srcset=\"https:\/\/www.monta\u00f1asdelaluna.es\/wp-content\/uploads\/2016\/02\/Vignemale30-001.jpg 1807w, https:\/\/www.monta\u00f1asdelaluna.es\/wp-content\/uploads\/2016\/02\/Vignemale30-001-300x195.jpg 300w, https:\/\/www.monta\u00f1asdelaluna.es\/wp-content\/uploads\/2016\/02\/Vignemale30-001-1024x664.jpg 1024w\" sizes=\"auto, (max-width: 1160px) 100vw, 1160px\" \/><\/a><p id=\"caption-attachment-27527\" class=\"wp-caption-text\">Desde la cima de la Pique Longue: a la derecha la Punta Chausenquem, bajo \u00e9sta el Petit Vignemale, Hourquette d&#8217;Ossoue y zona de Bayssellance a la izquierda<\/p><\/div>\n<p>Espl\u00e9ndido paisaje el que disfrutaba y con tiempo para, a parte de fotografiarlo con la c\u00e1mara de mi comuni\u00f3n, con la m\u00e1s perfecta de las lentes, mi retina, y la m\u00e1s perfecta de las memorias, mi mente. Abajo, en el glaciar, observ\u00e9, como si fueran hormiguitas que suben por una gran hoja de platanero, varios grupos de monta\u00f1eros surcando el mismo camino en la nieve que anteriormente hab\u00eda recorrido yo; y perfectamente el Glaciar d\u2019Ossoue enteramente con todo su esplendor, formas, grietas, hielos, rimayas; y el juego que las sombras y los rayos del sol reflejados en su blanca nieve o gris p\u00e1lido hielo, hac\u00eda en su superficie ayudados por blancas y algodonosas nubes.<br \/>\nAl rato mis compa\u00f1eros llegaban a la cumbre y se reun\u00edan conmigo, justo el mal tiempo y las grandes nubes empezaban a ganar terreno. Abrazos, enhorabuenas, fotos de rigor, \u00a1\u00bfC\u00f3mo ha ido todo?!, \u00a1\u00bfC\u00f3mo te ha ido?!&#8230; Pasamos un corto rato. Disfrutamos del \u00e9xito, de la alegr\u00eda de estar en la cima m\u00e1s alta del Vignemale, uno de los macizos y monta\u00f1as m\u00e1s espectaculares del Pirineo.<\/p>\n<p>El viento arreciaba, se pod\u00eda decir que no ven\u00eda muy templado, m\u00e1s bien g\u00e9lido y tempestuoso. Las nubes empezaban a rodearnos y amenazaban con engullirnos si no baj\u00e1bamos pronto de all\u00ed. Por ello \u201cHenry\u201d nos anim\u00f3 a bajar apresuradamente, con el nerviosismo y desasosiego que le caracterizan. Decidimos bajar destrepando por donde yo hab\u00eda subido hasta los l\u00edmites del glaciar, y una vez all\u00ed desandar mi camino.<\/p>\n<p>El destrepe se hizo sin problemas, casi por el mismo sitio por el que hab\u00eda subido yo. Uno a uno \u00edbamos bajando poniendo cuidado en donde pon\u00edamos los pies y las manos, a veces de cara a la pared y otras de espalda a ella. \u201c\u00a1\u00bfTu has subido por aqu\u00ed&#8230;?!\u201d. Me preguntaba extra\u00f1ado y sorprendido Manolo Hurtado. La verdad, no lo ve\u00eda tan imponente ni peligroso. Pero a \u00e9l le parec\u00eda una proeza subir por aquella desgajada y destrozada pared solo, con el \u00fanico apoyo de uno mismo. La verdad, me pareci\u00f3 que exageraba.<\/p>\n<div id=\"attachment_27529\" style=\"width: 832px\" class=\"wp-caption aligncenter\"><a class=\"dt-single-image\" href=\"http:\/\/monta\u00f1asdelaluna.com\/wp-content\/uploads\/2016\/02\/Vignemale32-001.jpg\" data-dt-img-description=\"\"><img loading=\"lazy\" decoding=\"async\" aria-describedby=\"caption-attachment-27529\" class=\"wp-image-27529 \" src=\"http:\/\/monta\u00f1asdelaluna.com\/wp-content\/uploads\/2016\/02\/Vignemale32-001-1024x664.jpg\" alt=\"Glaciar d'Ossoue\" width=\"822\" height=\"533\" srcset=\"https:\/\/www.monta\u00f1asdelaluna.es\/wp-content\/uploads\/2016\/02\/Vignemale32-001-1024x664.jpg 1024w, https:\/\/www.monta\u00f1asdelaluna.es\/wp-content\/uploads\/2016\/02\/Vignemale32-001-300x194.jpg 300w, https:\/\/www.monta\u00f1asdelaluna.es\/wp-content\/uploads\/2016\/02\/Vignemale32-001.jpg 1804w\" sizes=\"auto, (max-width: 822px) 100vw, 822px\" \/><\/a><p id=\"caption-attachment-27529\" class=\"wp-caption-text\">Glaciar d&#8217;Ossoue<\/p><\/div>\n<div id=\"attachment_27531\" style=\"width: 831px\" class=\"wp-caption aligncenter\"><a class=\"dt-single-image\" href=\"http:\/\/monta\u00f1asdelaluna.com\/wp-content\/uploads\/2016\/02\/Vignemale34-002.jpg\" data-dt-img-description=\"\"><img loading=\"lazy\" decoding=\"async\" aria-describedby=\"caption-attachment-27531\" class=\"wp-image-27531 \" src=\"http:\/\/monta\u00f1asdelaluna.com\/wp-content\/uploads\/2016\/02\/Vignemale34-002-1024x665.jpg\" alt=\"Cano, Mariano, Joaqu\u00edn, &quot;Henry&quot;, Monolo y Esteban en la cima de la Pique Longue, 3.298 mts.\" width=\"821\" height=\"533\" srcset=\"https:\/\/www.monta\u00f1asdelaluna.es\/wp-content\/uploads\/2016\/02\/Vignemale34-002-1024x665.jpg 1024w, https:\/\/www.monta\u00f1asdelaluna.es\/wp-content\/uploads\/2016\/02\/Vignemale34-002-300x195.jpg 300w, https:\/\/www.monta\u00f1asdelaluna.es\/wp-content\/uploads\/2016\/02\/Vignemale34-002.jpg 1807w\" sizes=\"auto, (max-width: 821px) 100vw, 821px\" \/><\/a><p id=\"caption-attachment-27531\" class=\"wp-caption-text\">Cano, Mariano, Joaqu\u00edn, \u00abHenry\u00bb, Monolo y Esteban en la cima de la Pique Longue, 3.298 mts.<\/p><\/div>\n<p>Ya bajo la pared y en el mismo punto donde dej\u00e9 el nevero del glaciar y empec\u00e9 a trepar, me par\u00e9 para ponerme mis buenos pero laboriosos crampones de correa. Aunque al final, solidariz\u00e1ndome con mis compa\u00f1eros, decid\u00ed no pon\u00e9rmelos. Mientras, \u00e9stos, se adelantaban para pararse algo m\u00e1s abajo cerca de la salida y parte m\u00e1s alta del Couloir de Gaube para hacerse algunas fotos con la magn\u00edfica vista del puntiagudo y espectacular Pit\u00f3n Carr\u00e9, y m\u00e1s detr\u00e1s la Punta CHausenque que mostraban unos perfiles impresionantes , en\u00e9rgicos y asombrosos; parec\u00edan verdaderos hitos que desafiaban las leyes de la gravedad, desafiando los contornos en los que se encontraban los abismos de la cara norte, vertical y grandiosa del macizo del Vignemale; o por los blancos y suaves neveros del Glaciar d\u2019Ossoue que adornaban sus faldas antes de que se empinaran y oscurecieran por el color de sus piedras sueltas y desgajadas, y de su roca gran\u00edtica. El macizo del Vignemale sigue impresion\u00e1ndonos, sus picos, glaciares, lugares&#8230; no para de asombrarnos con sus perfiles y formas.<\/p>\n<p>Me re\u00fano con mis compa\u00f1eros y seguimos bajando glaciar abajo. Pasamos por sitios en los que el glaciar deja ver su hielo m\u00e1s puro y resbaladizo, y es inevitable cruzar estos pasos. Con saltos controlados, pasos largos y con mucho cuidado salvamos el obst\u00e1culo. Llevamos un cordino para asegurarnos de alguna forma en pasos y recorridos peligrosos, pero al final entre cambio de opiniones, objeciones y consejos decidimos no usarlo; aunque lo hayamos sacado con esa intenci\u00f3n. Yo, el peligro que ve\u00eda entonces en ese paso no era el que te pudieras resbalar (si no llevabas crampones) si no, en que en el salto o sorteando el hielo un falso o d\u00e9bil puente de nieve se pod\u00eda hundir bajo tus pies, y caerte irremediablemente en una estrecha pero profunda y peligrosa grieta del glaciar. Entonces el ir cogido o atado al cordino podr\u00eda asegurarte, algo m\u00e1s, el evitar colarte si llegara a ocurrir. Y esto es algo que les pasar\u00eda a los que llevaran crampones como a los que no.<\/p>\n<p>Casi al final del glaciar la nieve desaparec\u00eda y hab\u00eda que cruzarlo por una zona de hielo vivo y muy resbaladizo. La zona de hielo que deb\u00edamos recorrer no eran tres o cuatro pasos, sino varios metros con algo de inclinaci\u00f3n. Era el lugar que hab\u00eda echado atr\u00e1s a mis compa\u00f1eros para subir por el glaciar, o sea, que est\u00e1bamos al final ya pr\u00e1cticamente. \u00bfQu\u00e9 hacer? \u00bfQue podemos hacer? El debate estaba abierto. Buscar otro paso con nieve; cruzarlo atados al cordino&#8230; Mientras habl\u00e1bamos, pens\u00e1bamos y debat\u00edamos llegaron la pareja de franceses con los que hab\u00eda hablado en la base del pico. Ellos llevan otro cordino e iban atados (la verdad es que a ellos no los vi en la cumbre, ni a los numerosos grupos que sub\u00edan por el glaciar, cuando ya me encontraba en la cima esperando a mis compa\u00f1eros). Entonces surgi\u00f3 la idea de que \u00e9stos nos ayudaran: juntamos su cuerda y la nuestra; uno de ellos se puso delante y el otro detr\u00e1s de la corada para afianzar una posible ca\u00edda o resbal\u00f3n de la misma. Ellos, claro est\u00e1, llevaban crampones y piolet, yo le dej\u00e9 un cramp\u00f3n a uno, y el piolet a otro de mis compa\u00f1eros y me qued\u00e9 con un solo cramp\u00f3n, para que as\u00ed, al menos, tuvi\u00e9ramos aunque sea, un solo punto de apoyo o seguridad; junto con ir agarrado de la mano, como un pasamanos, a las dos cuerdas. Y as\u00ed reiniciamos de nuevo la marcha.<\/p>\n<div id=\"attachment_27533\" style=\"width: 1172px\" class=\"wp-caption aligncenter\"><a class=\"dt-single-image\" href=\"http:\/\/monta\u00f1asdelaluna.com\/wp-content\/uploads\/2016\/02\/Vignemale36-001.jpg\" data-dt-img-description=\"\"><img loading=\"lazy\" decoding=\"async\" aria-describedby=\"caption-attachment-27533\" class=\"wp-image-27533 \" src=\"http:\/\/monta\u00f1asdelaluna.com\/wp-content\/uploads\/2016\/02\/Vignemale36-001.jpg\" alt=\"Manolo, Cano, &quot;Henry&quot;, Esteban y Paco delante del Pit\u00f3n Carr\u00e9 y Punta CHausenque.\" width=\"1162\" height=\"757\" srcset=\"https:\/\/www.monta\u00f1asdelaluna.es\/wp-content\/uploads\/2016\/02\/Vignemale36-001.jpg 1823w, https:\/\/www.monta\u00f1asdelaluna.es\/wp-content\/uploads\/2016\/02\/Vignemale36-001-300x195.jpg 300w, https:\/\/www.monta\u00f1asdelaluna.es\/wp-content\/uploads\/2016\/02\/Vignemale36-001-1024x667.jpg 1024w\" sizes=\"auto, (max-width: 1162px) 100vw, 1162px\" \/><\/a><p id=\"caption-attachment-27533\" class=\"wp-caption-text\">Manolo, Cano, \u00abHenry\u00bb, Esteban y Paco delante del Pit\u00f3n Carr\u00e9 y Punta CHausenque.<\/p><\/div>\n<p>&nbsp;<\/p>\n<p>En el centro del hielo \u201cHenry\u201d resbala y cae agarrado a las cuerdas que lo paran para que no se deslice glaciar abajo. \u00c9ste se levanta y reanuda la marcha sin la mayor consecuencia. Paco le dice: \u201c\u00a1Ahora que ya estamos en el final te caes!\u201d. Iba detr\u00e1s de \u00e9l y cuando Paco pis\u00f3 en el mismo sitio, resbal\u00f3 igual que \u201cHenry\u201d. \u201c\u00a1Joder! le digo a \u201cHenry\u201d que se cae al final ya, voy, y me caigo igual que \u00e9l\u201d. En ocasiones es mejor no hablar, sobre todo cuando tienes que pasar por el mismo sitio que tu compa\u00f1ero y lo est\u00e1s siguiendo, por que, aunque lo veas, te puede ocurrir lo mismo \u00a1\u00a1je, je!! La verdad es que todos resbalamos en el mismo sitio aunque algunos no cayeron. Entre tirones y ca\u00eddas, nuestro compa\u00f1ero y amigo franc\u00e9s de atr\u00e1s, se clav\u00f3 el piolet en su bota de piel haci\u00e9ndole un peque\u00f1o agujero. Esteban que iba delante m\u00eda y yo delante del monta\u00f1ero franc\u00e9s, se vuelve d\u00e1ndose cuenta de lo ocurrido y le pregunta si est\u00e1 bien y si se ha hecho algo en el pie. \u00c9ste le dice por gestos que no pasa nada, que todo va bien y no se ha hecho nada.<\/p>\n<p>Cuando por fin llegamos al otro nevero al final del recorrido glaciar, decidimos inmortalizar el momento haci\u00e9ndonos unas fotos. Abajo, en tierra firme, nos desped\u00edamos de nuestros amigos agradeci\u00e9ndoles la ayuda prestada. En sus caras se notaba una pizca de iron\u00eda, entusiasmo y alegr\u00eda, como si estuvieran pensando: \u201cEstos espa\u00f1oles est\u00e1n locos\u201d.<\/p>\n<p>R\u00e1pidamente llegamos a nuestra roquera y agradecida base, las Grutas de Bellevue. El cielo se encapotaba de nuevo y las nubes ya cubr\u00edan las cimas de los altos picos del Vignemale pero no amenazaba lluvia. En \u201cnuestras cuevas\u201d (parec\u00eda que ya eran nuestras despu\u00e9s de pasar tres d\u00edas en ellas) Jes\u00fas Calvo ya hab\u00eda bajado del Petit Vignemale y nos intercambiamos experiencias. Despu\u00e9s de comer y celebrar el \u00e9xito de coronar el Grand Vignemale y mis compa\u00f1eros, la mitad de la corona de tres miles del Vignemale tambi\u00e9n, decidimos bajarnos e ir adelantando camino. No nos va a dar tiempo a ir al Circo de Gavarni\u00e9, cruzar la Brecha de Rolando y bajar a Ordesa (como en un principio se plane\u00f3) as\u00ed que seguiremos por el Vall\u00e9e d\u2019Ossoue y haremos noche en el Refugio de Lourdes que fue donde paramos a comer a la ida cuando salimos de Bujaruelo.<\/p>\n<div id=\"attachment_27534\" style=\"width: 831px\" class=\"wp-caption aligncenter\"><a class=\"dt-single-image\" href=\"http:\/\/monta\u00f1asdelaluna.com\/wp-content\/uploads\/2016\/02\/Vignemale37-001.jpg\" data-dt-img-description=\"\"><img loading=\"lazy\" decoding=\"async\" aria-describedby=\"caption-attachment-27534\" class=\"wp-image-27534 \" src=\"http:\/\/monta\u00f1asdelaluna.com\/wp-content\/uploads\/2016\/02\/Vignemale37-001.jpg\" alt=\"Bajando por el Glaciar d'Ossoue\" width=\"821\" height=\"1257\" srcset=\"https:\/\/www.monta\u00f1asdelaluna.es\/wp-content\/uploads\/2016\/02\/Vignemale37-001.jpg 1180w, https:\/\/www.monta\u00f1asdelaluna.es\/wp-content\/uploads\/2016\/02\/Vignemale37-001-196x300.jpg 196w, https:\/\/www.monta\u00f1asdelaluna.es\/wp-content\/uploads\/2016\/02\/Vignemale37-001-669x1024.jpg 669w\" sizes=\"auto, (max-width: 821px) 100vw, 821px\" \/><\/a><p id=\"caption-attachment-27534\" class=\"wp-caption-text\">Bajando por el Glaciar d&#8217;Ossoue<\/p><\/div>\n<p>Hacemos nuestras mochilas y empezamos la bajada por la misma senda por la que hab\u00edamos subido. Ahora mirando hac\u00eda abajo se observaba la fuerte pendiente y el gran desnivel que salvaba la senda. A veces excavada en la roca, a veces se adher\u00eda a las laderas de la monta\u00f1a en forma de zigzag o como una l\u00ednea que corta el barranco por el que baja el R\u00edo des Oulettes.<\/p>\n<p>Ya abajo, la excepcional cascada del r\u00edo que baja del mismo Glaciar d\u2019Ossoue, nos indicaba que ya hab\u00edan terminado las fuertes pendientes y laderas empinadas, y que el valle se presentaba suave y casi horizontal en su fondo. Era la misma puerta que hab\u00edamos atravesado para entrar en el Macizo del Vignemale, la utiliz\u00e1bamos ahora para salir. Como todo buen monta\u00f1ero, nosotros nos baj\u00e1bamos la basura hasta el primer contenedor. No dejamos o intentamos no dejar rastro material o artificial de nuestra presencia o estancia en la monta\u00f1a. Bajado una de las bolsas de basura que llevaban las botellas de vino vac\u00edas, se rompe cay\u00e9ndose una botella y rompi\u00e9ndose \u00e9sta. Intentamos recoger los vidrios de la tierra, cuando Paco Mart\u00ednez dijo algo parecido a esto: \u201cD\u00e9jalo ah\u00ed, no lo recojas. Esto es Francia, que se lo queden los franceses&#8230;\u201d. A lo que yo pens\u00e9 indignado (pocas cosas suelo decir, y suelo ser un conformista en muchas otras, pero esta vez me hab\u00eda tocado la moral y mi amor por la naturaleza) contest\u00e1ndole al poco rato: \u201cEsto no es ni Francia ni Espa\u00f1a, son los Pirineos, no importa en que pa\u00eds se encuentre&#8230;\u201d. Manolo Cano me dio la raz\u00f3n y ayud\u00f3 a limpiar la senda de vidrios que intentamos dejar lo m\u00e1s limpia posible.<br \/>\nEl transcurso de la marcha por el fondo del valle se hac\u00eda suave y tranquila. La senda se agrandaba y se convert\u00eda en camino. Dej\u00e1bamos atr\u00e1s a nuestra espalda el Vignemale, como un objetivo cumplido del que ya pas\u00e1bamos p\u00e1gina. Como una aventura ya vivida que estamos rumiando y encajando en nuestra mente para luego contar. Desde luego fue la m\u00e1s grande aventura, viaje, experiencias y emociones que yo hab\u00eda vivido hasta ahora. Y despu\u00e9s casi de diez a\u00f1os recuerdo aquellos momentos con alegr\u00eda, nostalgia, melancol\u00eda y entusiasmo a la vez&#8230; aunque estas emociones han sido superadas en otros lugares, nunca olvidar\u00e9 lo que llegu\u00e9 a vivir all\u00ed, las experiencias que tuve y los sentimientos que afloraron en el Vignemale.<\/p>\n<div id=\"attachment_27535\" style=\"width: 831px\" class=\"wp-caption aligncenter\"><a class=\"dt-single-image\" href=\"http:\/\/monta\u00f1asdelaluna.com\/wp-content\/uploads\/2016\/02\/Vignemale38-001.jpg\" data-dt-img-description=\"\"><img loading=\"lazy\" decoding=\"async\" aria-describedby=\"caption-attachment-27535\" class=\"wp-image-27535 \" src=\"http:\/\/monta\u00f1asdelaluna.com\/wp-content\/uploads\/2016\/02\/Vignemale38-001-1024x662.jpg\" alt=\"&quot;Encordados&quot; en el Glaciar d'Ossoue\" width=\"821\" height=\"531\" srcset=\"https:\/\/www.monta\u00f1asdelaluna.es\/wp-content\/uploads\/2016\/02\/Vignemale38-001-1024x662.jpg 1024w, https:\/\/www.monta\u00f1asdelaluna.es\/wp-content\/uploads\/2016\/02\/Vignemale38-001-300x194.jpg 300w, https:\/\/www.monta\u00f1asdelaluna.es\/wp-content\/uploads\/2016\/02\/Vignemale38-001.jpg 1804w\" sizes=\"auto, (max-width: 821px) 100vw, 821px\" \/><\/a><p id=\"caption-attachment-27535\" class=\"wp-caption-text\">\u00abEncordados\u00bb en el Glaciar d&#8217;Ossoue<\/p><\/div>\n<p>Junto al peque\u00f1o embalse que se encuentra en el centro del valle, descansamos un rato con la pl\u00e1cida visi\u00f3n de unas aguas calmadas, transparentes y limpias que reflejan la belleza y grandiosidad del Vignemale al fondo. De aqu\u00ed a la Caba\u00f1a de Lourdes no hay mucho. Una marcha ligera y entretenida por el verde y floreado Vall\u00e9e d\u2019Ossoue.<\/p>\n<p>La Caba\u00f1a de Lourdes es un peque\u00f1o refugio que lo estaban terminando de construir, en la que cab\u00edan poca gente pero en la que unas peque\u00f1as literas y un suelo limpio intentaban acomodar y mejorar su estancia pero sin llegar a ser realmente acogedor. La noche pas\u00f3 durmiendo casi c\u00f3modamente (creo que no tanto como en la \u00faltima cueva de las Grutas de Bellevue, ya que me toc\u00f3 dormir en el suelo) pero soportando el insoportable ruido de algunos fuertes ronquidos de alguno de mis compa\u00f1eros que tanto me molestan para dormir.<\/p>\n<div id=\"attachment_27555\" style=\"width: 757px\" class=\"wp-caption aligncenter\"><a class=\"dt-single-image\" href=\"http:\/\/monta\u00f1asdelaluna.com\/wp-content\/uploads\/1995\/08\/4\u00ba-recorrido-vignemale.jpg\" data-dt-img-description=\"\"><img loading=\"lazy\" decoding=\"async\" aria-describedby=\"caption-attachment-27555\" class=\"wp-image-27555 size-full\" src=\"http:\/\/monta\u00f1asdelaluna.com\/wp-content\/uploads\/1995\/08\/4\u00ba-recorrido-vignemale.jpg\" alt=\"4\u00ba recorrido vignemale\" width=\"747\" height=\"547\" srcset=\"https:\/\/www.monta\u00f1asdelaluna.es\/wp-content\/uploads\/1995\/08\/4\u00ba-recorrido-vignemale.jpg 747w, https:\/\/www.monta\u00f1asdelaluna.es\/wp-content\/uploads\/1995\/08\/4\u00ba-recorrido-vignemale-300x220.jpg 300w\" sizes=\"auto, (max-width: 747px) 100vw, 747px\" \/><\/a><p id=\"caption-attachment-27555\" class=\"wp-caption-text\">Croquis del recorrido del 4\u00ba d\u00eda: Grutas de Bellevue-Grand Vignemale-Caba\u00f1a de Lourdes. Linea Verde: ruta seguida por el grupo menos Joaqu\u00edn en la subida a los picos.<\/p><\/div>\n<p>Al otro d\u00eda solo nos quedaba recorrer el Vall\u00e9e de La Canau, valle arriba. Ese peque\u00f1o y verde corredor que une el Vall\u00e9e d\u2019Ossoue con el Valle de Bujaruelo o de Ara, Francia con Espa\u00f1a, por el Puerto de Bernatuero. El d\u00eda parece bueno por la ma\u00f1ana. El sol nos picar\u00e1 a partir de media ma\u00f1ana y el calor ser\u00e1 notable. Este a\u00f1o mil novecientos noventa y cinco pas\u00f3 a la historia por su invierno tan templado, seco y casi veraniego en el Mediterr\u00e1neo. Aunque los grandes neveros en el Vignemale segu\u00edan aguantando la normal temperatura de los Pirineos en verano.<\/p>\n<p>Ahora el paso del Puerto de Bernatuero era f\u00e1cil de encontrar; y al otro lado de una vertical loma se hallaba el perfecto c\u00edrculo del Ib\u00f3n de Bernatuero, hundido en el fondo de lo que parec\u00eda un gran cr\u00e1ter. Paramos en las orillas del mismo a almorzar y descansar, incluso nos atrevimos a darnos un chapuz\u00f3n en las (aunque parezca mentira) g\u00e9lidas aguas del ib\u00f3n. A unos dos mil trescientos metros de altitud, yo solo me atrev\u00ed a mojarme hasta las rodillas. Era incre\u00edble. No hab\u00eda nadie en aquel paradis\u00edaco lugar excepto nosotros. Parec\u00eda que el mundo fuera enorme y solitario. Los Pirineos parec\u00edan monumentales y gigantescos, aunque despu\u00e9s de la haza\u00f1a realizada en el Vignemale me parec\u00edan como una bella y hermosa \u201cgiganta\u201d dominada y domesticada&#8230; \u00a1\u00bfhasta cuando?! Hasta el pr\u00f3ximo viaje a los Pirineos en el que nos planteemos otro reto, otra cumbre, otra aventura.<\/p>\n<p>Algunos compa\u00f1eros nuestros hab\u00edan aprovechado el descanso en el ib\u00f3n y la m\u00e1xima altura del recorrido de hoy, para subir al inhiesto Pico de Bernatuara, de algo m\u00e1s de dos mil setecientos metros de altitud. \u00a1Son unas aut\u00e9nticas \u201cm\u00e1quinas\u201d esta gente!<\/p>\n<div id=\"attachment_27537\" style=\"width: 830px\" class=\"wp-caption aligncenter\"><a class=\"dt-single-image\" href=\"http:\/\/monta\u00f1asdelaluna.com\/wp-content\/uploads\/2016\/02\/Vignemale40.jpg\" data-dt-img-description=\"\"><img loading=\"lazy\" decoding=\"async\" aria-describedby=\"caption-attachment-27537\" class=\"wp-image-27537 \" src=\"http:\/\/monta\u00f1asdelaluna.com\/wp-content\/uploads\/2016\/02\/Vignemale40-1024x664.jpg\" alt=\"Bajando al Vall\u00e9e d'Ossoue\" width=\"820\" height=\"532\" srcset=\"https:\/\/www.monta\u00f1asdelaluna.es\/wp-content\/uploads\/2016\/02\/Vignemale40-1024x664.jpg 1024w, https:\/\/www.monta\u00f1asdelaluna.es\/wp-content\/uploads\/2016\/02\/Vignemale40-300x195.jpg 300w, https:\/\/www.monta\u00f1asdelaluna.es\/wp-content\/uploads\/2016\/02\/Vignemale40.jpg 1820w\" sizes=\"auto, (max-width: 820px) 100vw, 820px\" \/><\/a><p id=\"caption-attachment-27537\" class=\"wp-caption-text\">Bajando al Vall\u00e9e d&#8217;Ossoue<\/p><\/div>\n<p>Est\u00e1bamos muy a gusto pero deb\u00edamos marcharnos, seguir la senda y bajar a Bujaruelo dejando atr\u00e1s las transparentes y limpias aguas del rec\u00f3ndito Ib\u00f3n de Bernatuero, cuyas tranquilas y frescas aguas reflejaban como un gigantesco espejo el limpio, claro, cielo de los Pirineos, y sus verdes y bellas monta\u00f1as.<\/p>\n<p>Poco m\u00e1s abajo llegamos r\u00e1pidamente a Bujaruelo. El lugar rebosa de gente, turistas y personas que pasan all\u00ed el d\u00eda o una semana, pagando en el camping y presumiendo que est\u00e1n en plena naturaleza. Para nosotros acabamos de llegar a la civilizaci\u00f3n. A los coches, el ruido, el griter\u00edo, la muchedumbre, las colas, esperas, aglomeraciones&#8230;<\/p>\n<p>Pasamos junto al bien conservado y antiguo puente rom\u00e1nico sobre el r\u00edo Ara y a orillas del mismo. Dejamos las mochilas y tirados sobre la verde y fresca hierba nos sentimos h\u00e9roes, guerreros rodeados por gente de a pie, ciudadanos de la gran urbe que son los Pirineos, con sus murallas para protegerlos y nosotros como sus guardianes para defenderlos.<\/p>\n<p>Esta vez, picado por el atrevimiento y osad\u00eda de mis compa\u00f1eros en el ib\u00f3n y por el molesto sol del mediod\u00eda, me acapuzo y me ba\u00f1o en las limpias y fr\u00edas aguas del r\u00edo Ara para refrescarme del sudor y sofocante calor. El agua helada te revitaliza y despierta tus sentidos pero no conviene estar mucho tiempo inmerso en ella. Salgo nuevo y casi tiritando, pero el sol me ayuda ahora a recuperar mi calor perdido.<\/p>\n<p>De Bujaruelo a Torla nos queda a penas dos horas de marcha. Ahora por camino y carretera la civilizaci\u00f3n y la humanizaci\u00f3n van rode\u00e1ndonos, y nosotros volvemos como animales salvajes al mundo domesticado y sumiso que un buen d\u00eda dejamos.<\/p>\n<div id=\"attachment_27539\" style=\"width: 831px\" class=\"wp-caption aligncenter\"><a class=\"dt-single-image\" href=\"http:\/\/monta\u00f1asdelaluna.com\/wp-content\/uploads\/2016\/02\/Vignemale42-001.jpg\" data-dt-img-description=\"\"><img loading=\"lazy\" decoding=\"async\" aria-describedby=\"caption-attachment-27539\" class=\"wp-image-27539 \" src=\"http:\/\/monta\u00f1asdelaluna.com\/wp-content\/uploads\/2016\/02\/Vignemale42-001.jpg\" alt=\"Joaqu\u00edn junto a la cascada baj el macizo del Vignemale\" width=\"821\" height=\"1274\" srcset=\"https:\/\/www.monta\u00f1asdelaluna.es\/wp-content\/uploads\/2016\/02\/Vignemale42-001.jpg 1161w, https:\/\/www.monta\u00f1asdelaluna.es\/wp-content\/uploads\/2016\/02\/Vignemale42-001-193x300.jpg 193w, https:\/\/www.monta\u00f1asdelaluna.es\/wp-content\/uploads\/2016\/02\/Vignemale42-001-660x1024.jpg 660w\" sizes=\"auto, (max-width: 821px) 100vw, 821px\" \/><\/a><p id=\"caption-attachment-27539\" class=\"wp-caption-text\">Joaqu\u00edn junto a la cascada baj el macizo del Vignemale<\/p><\/div>\n<p>Aunque no he vuelto a ir, el Macizo del Vignemale me cautiv\u00f3. Aparte de la espectacular monta\u00f1a y el paisaje en s\u00ed, fue el estupendo viaje que realic\u00e9 con unos compa\u00f1eros excepcionales; las emociones y sentimientos que afloraron entonces y las situaciones y vivencias que se quedaron impresas en mi alma de monta\u00f1ero. La \u201cexpedici\u00f3n ga\u00f1\u00e1n 95\u201d fue un gran \u00e9xito que se traslad\u00f3, durante mucho tiempo, a mi vida cotidiana, anim\u00e1ndome y radiando energ\u00eda y fuerza. Nunca olvidar\u00e9 este viaje. Sus recuerdos tendr\u00e1n siempre un rinc\u00f3n en mi coraz\u00f3n.<\/p>\n<p>Relato sacado del art\u00edculo RUTA DE LOS TRESMILES EN EL VIGNEMALE escrito con el mismo t\u00edtulo en el n\u00famero 11 de la desaparecida revista Centro Verde del Centro Excursionista Almorad\u00ed, en diciembre de 1.995:<br \/>\n<span style=\"color: #ff0000;\"> \u201cEl Vignemale que Henry Russel consideraba su feudo particular, es, sin duda, una de las monta\u00f1as y uno de los macizos m\u00e1s impresionantes de todo el Pirineo. Su glaciar, aun no siendo de los mayores, est\u00e1 rodeado por un rosario de picos que desde el Peque\u00f1o Vignemale hasta el Montferrat, constituyen las siete perlas de esta real diadema. Es de sobre conocido que Russel hizo excavar grutas (la del Para\u00edso, la de Las Damas y la de Bellvue) en la roca para servir de abrigo y que tambi\u00e9n hizo levantar una pir\u00e1mide de 2 mts. de altura (que la siguiente tormenta se encarg\u00f3 de demoler) a fin de que \u201csu\u201d Vignemale alcanzase los 3.300 mts. de altitud\u201d.<\/span><br \/>\n<span style=\"color: #ff0000;\">Juan Buyse<\/span><br \/>\n<span style=\"color: #ff0000;\">\u201cLos Tresmiles del Pirineo\u201d<\/span><\/p>\n<p><span style=\"color: #ff0000;\">\u00a0\u00a0\u00a0\u00a0\u00a0 Con esta introducci\u00f3n empiezo a contar lo que fue el viaje al Pirineo del pasado agosto. El objetivo fue hacer la cumbre del Gran Vignemale o Pique Longue, la mayor altura del Macizo del Vignemale. La salida se hizo desde el aparcamiento del Hotel Ordesa a pocos kil\u00f3metros de Torla, para coger carretera arriba camino de Ordesa empezando una traves\u00eda tan bella como esforzada y, a veces, dificultosa.<\/span><\/p>\n<div id=\"attachment_27540\" style=\"width: 831px\" class=\"wp-caption aligncenter\"><a class=\"dt-single-image\" href=\"http:\/\/monta\u00f1asdelaluna.com\/wp-content\/uploads\/2016\/02\/Vignemale43.jpg\" data-dt-img-description=\"\"><img loading=\"lazy\" decoding=\"async\" aria-describedby=\"caption-attachment-27540\" class=\"wp-image-27540 \" src=\"http:\/\/monta\u00f1asdelaluna.com\/wp-content\/uploads\/2016\/02\/Vignemale43-1024x667.jpg\" alt=\"Joaqu\u00edn en el Ib\u00f3n de Bernatuero\" width=\"821\" height=\"535\" srcset=\"https:\/\/www.monta\u00f1asdelaluna.es\/wp-content\/uploads\/2016\/02\/Vignemale43-1024x667.jpg 1024w, https:\/\/www.monta\u00f1asdelaluna.es\/wp-content\/uploads\/2016\/02\/Vignemale43-300x195.jpg 300w, https:\/\/www.monta\u00f1asdelaluna.es\/wp-content\/uploads\/2016\/02\/Vignemale43.jpg 1800w\" sizes=\"auto, (max-width: 821px) 100vw, 821px\" \/><\/a><p id=\"caption-attachment-27540\" class=\"wp-caption-text\">Joaqu\u00edn en el Ib\u00f3n de Bernatuero<\/p><\/div>\n<p><span style=\"color: #ff0000;\">\u00a0\u00a0\u00a0\u00a0\u00a0 Era lunes 7 por la tarde cuando salimos al encuentro del Vignemale. Camino de Ordesa y una vez cruzado el Puente de Los Navarros que sortea el R\u00edo Ara seguimos por la pista forestal que sigue a lo largo del Valle de Bujaruelo, justo detr\u00e1s del Valle de Ordesa. Ya no ve\u00edamos el Circo de Carriata y sus escarpadas paredes, ni el alto Mondarruego; ahora est\u00e1bamos metidos en el bonito y boscoso Valle de Bujaruelo en busca de su camping para pasar esta noche. La nota negativa la pusieron los innumerables coches que sub\u00edan o bajaban de dicho camping, sin respetar, como siempre, las diferencias entre los que and\u00e1bamos y los motorizados, \u201canimales que rug\u00edan deseosos de encontrar su meta mientras escup\u00edan gotas de aceite discretamente y echaban humo a discreci\u00f3n\u201d. Tambi\u00e9n acompa\u00f1ados de unas corrientes de alta tensi\u00f3n, \u201clianas que temblaban de miedo desde las alturas de esas torres de aspecto antinatural\u201d. Anocheciendo llegamos al camping de Bujaruelo donde hicimos noche; all\u00e1 arriba se ve\u00eda el a\u00fan desconocido pico de Bernatuara, punto de referencia para cruzar a la vertiente francesa.<\/span><\/p>\n<p><span style=\"color: #ff0000;\">\u00a0\u00a0\u00a0\u00a0\u00a0 El martes 8 se hizo la marcha m\u00e1s larga, la de aproximaci\u00f3n al Vignemale. Se sali\u00f3 de Bujaruelo por la senda que va a Gavarnie por el Puerto de Bujaruelo o Gavarnie. La senda recorr\u00eda lugares de umbr\u00eda del Valle de Bujaruelo; al poco tiempo dejamos esa senda para coger otra hacia el puerto de Bernatuero por prados de alta hierba. Quiz\u00e1 una indicaci\u00f3n equivocada nos hizo subir 200 mts. m\u00e1s arriba del puerto, abajo quedaba el Ib\u00f3n de Bernatuero y el Puerto a 2.336 mts.; atr\u00e1s quedaba el boscoso Valle de Bujaruelo, delante el Pirineo franc\u00e9s y el peque\u00f1o Vall\u00e9e de La Canau. Valle abajo las marmotas iban notando nuestra presencia sin espantarse. Al final de este peque\u00f1o valle estaba el peque\u00f1o refugio de Lourdes a 2.018 mts., donde paramos a comer, al fondo, entre las nubes rasantes, se entreve\u00eda el Macizo del Vignemale. Siguiendo la senda, esta vez por el Vall\u00e9e d\u2019Ossoue, pasamos junto al embalse del mismo nombre en el R\u00edo des Oulettes, r\u00edo que ha podido desfigurar la forma en U de la erosi\u00f3n glaciar de este valle. Al cabo de un tiempo la horizontalidad del valle cambiaba a una verticalidad de fuerte pendiente. Entre cascadas y neveros segu\u00edamos senda arriba en busca del alto Refugio de Bayssellance. En medio de espesas nieblas y a una media hora de dicho refugio paramos junto a unas cuevas labradas por el hombre (grutas nombradas en la introducci\u00f3n). All\u00ed pasar\u00edamos la noche ya que nos enteramos de que el refugio estaba completo hasta mediados de agosto; unas cuevas algo profundas y h\u00famedas, y otra seca y peque\u00f1a.<\/span><\/p>\n<p><span style=\"color: #ff0000;\">\u00a0\u00a0\u00a0\u00a0\u00a0 Al otro d\u00eda, mi\u00e9rcoles 9, se intent\u00f3 la subida al Gran Vignemale o Pique Longue, sin embargo, por unas indicaciones algo incomprendidas o mal utilizadas se sigui\u00f3 senda arriba hacia el refugio. M\u00e1s arriba de la Hourquette d\u2019Ossoue se ve\u00edan, aunque nubladas, las paredes y caras norte del Petit Vignemale (Peque\u00f1o), Punta Chausenque y Gran Vignemale. Senda arriba llegamos al poco tiempo, al primer y m\u00e1s bajo \u201cTresmil\u201d del macizo, el Petit Vignemale (3.032 mts.). las nubes lo abordan todo, la visibilidad era muy poca y junto con el desconocimiento de la cresta que lleva al Gran Vignemale desistimos de seguir adelante y volvimos al refugio. El Refugio de Bayssellance a 2.651 mts. es el refugio guardado a m\u00e1s altura del Pirineo, y uno en los que m\u00e1s caro est\u00e1 el vino. De nuevo en \u201cnuestras\u201d cuevas pasamos la tarde cada uno a su manera, descansando sobre todo. Mientras en frente de nosotros el Macizo de Gavarnie-Monte Perdido nos mostraba el monstruoso circo y entre las nubes, unas veces uno y otras otro, los Picos del Gabieto, Taill\u00f3n, Brecha de Rolando, El Casco, La Torre, Los Picos de La Cascada, El Marbor\u00e9 y los Astazou; y arriba de nosotros las vertientes del Petit Vignemale, Espalda y Punta Chausenque, y el Glaciar d\u2019Ossoue colgado como un peque\u00f1o nevero.<\/span><\/p>\n<div id=\"attachment_27541\" style=\"width: 831px\" class=\"wp-caption aligncenter\"><a class=\"dt-single-image\" href=\"http:\/\/monta\u00f1asdelaluna.com\/wp-content\/uploads\/2016\/02\/Vignemale44-001.jpg\" data-dt-img-description=\"\"><img loading=\"lazy\" decoding=\"async\" aria-describedby=\"caption-attachment-27541\" class=\"wp-image-27541 \" src=\"http:\/\/monta\u00f1asdelaluna.com\/wp-content\/uploads\/2016\/02\/Vignemale44-001.jpg\" alt=\"Delante Mariano saliendo del Ib\u00f3n de Bernatuero\" width=\"821\" height=\"1275\" srcset=\"https:\/\/www.monta\u00f1asdelaluna.es\/wp-content\/uploads\/2016\/02\/Vignemale44-001.jpg 1149w, https:\/\/www.monta\u00f1asdelaluna.es\/wp-content\/uploads\/2016\/02\/Vignemale44-001-193x300.jpg 193w, https:\/\/www.monta\u00f1asdelaluna.es\/wp-content\/uploads\/2016\/02\/Vignemale44-001-660x1024.jpg 660w\" sizes=\"auto, (max-width: 821px) 100vw, 821px\" \/><\/a><p id=\"caption-attachment-27541\" class=\"wp-caption-text\">Delante Mariano saliendo del Ib\u00f3n de Bernatuero<\/p><\/div>\n<p><span style=\"color: #ff0000;\">\u00a0\u00a0\u00a0\u00a0\u00a0 Jueves 10 fue el d\u00eda decisivo para hacer el Gran Vignemale. Partimos temprano de las grutas por la senda que dejamos nada m\u00e1s comenzar para coger a la izquierda la subida \u201cnormal\u201d al Gran Vignemale. Subimos por lisas rocas que el glaciar antiguamente puli\u00f3. El tiempo no acompa\u00f1a en la subida, al llegar a la cola del glaciar incluso ca\u00eda agua-nieve. En el glaciar no todo el camino era nieve, uno de los primeros pasos era de hielo descubierto y hac\u00eda falta llevar los crampones puestos para cruzarlo. De los 7 que \u00edbamos solo yo llevaba crampones, as\u00ed pues se decidi\u00f3 ir por la cresta del circo, \u201cla ruta de los tresmiles\u201d para llegar al Gran Vignemale sin pasar por el glaciar. Yo decid\u00ed atravesar el glaciar solo, puesto de crampones, polainas y con el piolet en la mano empec\u00e9 a cruzar las pendientes de hielo y nieve del Glaciar d\u2019Ossoue, el segundo glaciar m\u00e1s extenso del Pirineo, por detr\u00e1s del del Aneto. A medida que ascend\u00eda ve\u00eda como los otros tres monta\u00f1eros sub\u00edan el Montferrat (3.219 mts.), Pico Central (3.235 mts.), Cerbillona (3.247 mts.). Llegando a la base del Gran Vignemale, ellos bajaban del Cerbillona y llegando a la solitaria cima del Gran Vignemale o Pique Longue, ellos hac\u00edan el siguiente pico inhiesto al Gran Vignemale, el Pic Du Clot de La Hount (3.289 mts.). Al poco tiempo terminaba la afanosa, dificultosa y temerosa cresta de los tresmiles en el Gran Vignemale a 3.298 mts., una espectacular haza\u00f1a que pude contemplar desde el fondo del glaciar. Todos reunidos en la cumbre del Gran Vignemale, todos los montes que nuestra vista alcanzaba estaban m\u00e1s debajo de nosotros, menos el lejano Monte Perdido y Cilindro de Marbor\u00e9.<\/span><\/p>\n<p><span style=\"color: #ff0000;\">\u00a0\u00a0\u00a0\u00a0\u00a0 Todos bajamos por el glaciar admirando el Couloir de Gaube, una especie de espectacular collado y balc\u00f3n a la vez entre el Pit\u00f3n Carr\u00e9 y el Gran Vignemale. Pero no todos los peligros hab\u00edan pasado; el paso de hielo del glaciar necesitaba una especial atenci\u00f3n por el peligro de resbalarse y salir despedido o encajarse en una grieta del mismo. Por suerte unos franceses, que no paraban de decirnos que est\u00e1bamos locos, nos ayudaron a pasar juntando su cuerda y la nuestra, y todos los patinajes quedaron en un peque\u00f1o susto. <\/span><\/p>\n<p><span style=\"color: #ff0000;\">\u00a0\u00a0\u00a0\u00a0\u00a0 Despu\u00e9s de comer en las grutas, en la tarde de este d\u00eda y todo el viernes 11 hicimos el mismo recorrido para volver a Torla. \u201cSin pedir disculpas ni dar gracias a los dioses por haber subido a su alta morada, y haber disfrutado con sus magn\u00edficas vistas, sin haber traqueado en la puerta de piedra en mitad de subida a la Pique Longue\u201d.<\/span><\/p>\n<p><span style=\"color: #ff0000;\">\u00a0\u00a0\u00a0\u00a0\u00a0 Este viaje lo hice junto con Paco Mart\u00ednez, Esteban Parres, Manolo Cano, Manolo Hurtado, Mariano D\u00edaz, Jos\u00e9 Manuel Ferr\u00e1ndez (\u201cHenry\u201d) y Jes\u00fas. Mi enhorabuena a estos \u201cga\u00f1anes\u201d del Pirineo por esta magn\u00edfica aventura.<\/span><\/p>\n<div id=\"attachment_43531\" style=\"width: 830px\" class=\"wp-caption aligncenter\"><a class=\"dt-single-image\" href=\"http:\/\/monta\u00f1asdelaluna.com\/wp-content\/uploads\/1995\/08\/CentroVerde-diciembre95-01-001.web_.jpg\" data-dt-img-description=\"\"><img loading=\"lazy\" decoding=\"async\" aria-describedby=\"caption-attachment-43531\" class=\"wp-image-43531 \" src=\"http:\/\/monta\u00f1asdelaluna.com\/wp-content\/uploads\/1995\/08\/CentroVerde-diciembre95-01-001.web_.jpg\" alt=\"CentroVerde diciembre95 01 001.web\" width=\"820\" height=\"1178\" srcset=\"https:\/\/www.monta\u00f1asdelaluna.es\/wp-content\/uploads\/1995\/08\/CentroVerde-diciembre95-01-001.web_.jpg 1292w, https:\/\/www.monta\u00f1asdelaluna.es\/wp-content\/uploads\/1995\/08\/CentroVerde-diciembre95-01-001.web_-209x300.jpg 209w, https:\/\/www.monta\u00f1asdelaluna.es\/wp-content\/uploads\/1995\/08\/CentroVerde-diciembre95-01-001.web_-713x1024.jpg 713w\" sizes=\"auto, (max-width: 820px) 100vw, 820px\" \/><\/a><p id=\"caption-attachment-43531\" class=\"wp-caption-text\">Portada Centro Verde Diciembre 95<\/p><\/div>\n<div id=\"attachment_43533\" style=\"width: 832px\" class=\"wp-caption aligncenter\"><a class=\"dt-single-image\" href=\"http:\/\/monta\u00f1asdelaluna.com\/wp-content\/uploads\/1995\/08\/CentroVerde-diciembre95-02-001.web_1.jpg\" data-dt-img-description=\"\"><img loading=\"lazy\" decoding=\"async\" aria-describedby=\"caption-attachment-43533\" class=\"wp-image-43533 \" src=\"http:\/\/monta\u00f1asdelaluna.com\/wp-content\/uploads\/1995\/08\/CentroVerde-diciembre95-02-001.web_1.jpg\" alt=\"CentroVerde diciembre95 02 001.web\" width=\"822\" height=\"1148\" srcset=\"https:\/\/www.monta\u00f1asdelaluna.es\/wp-content\/uploads\/1995\/08\/CentroVerde-diciembre95-02-001.web_1.jpg 1290w, https:\/\/www.monta\u00f1asdelaluna.es\/wp-content\/uploads\/1995\/08\/CentroVerde-diciembre95-02-001.web_1-215x300.jpg 215w, https:\/\/www.monta\u00f1asdelaluna.es\/wp-content\/uploads\/1995\/08\/CentroVerde-diciembre95-02-001.web_1-733x1024.jpg 733w\" sizes=\"auto, (max-width: 822px) 100vw, 822px\" \/><\/a><p id=\"caption-attachment-43533\" class=\"wp-caption-text\">Centro Verde Diciembre 95, p\u00e1gina 6<\/p><\/div>\n<div id=\"attachment_43534\" style=\"width: 831px\" class=\"wp-caption aligncenter\"><a class=\"dt-single-image\" href=\"http:\/\/monta\u00f1asdelaluna.com\/wp-content\/uploads\/1995\/08\/CentroVerde-diciembre95-03-001.web_.jpg\" data-dt-img-description=\"\"><img loading=\"lazy\" decoding=\"async\" aria-describedby=\"caption-attachment-43534\" class=\"wp-image-43534 \" src=\"http:\/\/monta\u00f1asdelaluna.com\/wp-content\/uploads\/1995\/08\/CentroVerde-diciembre95-03-001.web_.jpg\" alt=\"CentroVerde diciembre95 03 001.web\" width=\"821\" height=\"573\" srcset=\"https:\/\/www.monta\u00f1asdelaluna.es\/wp-content\/uploads\/1995\/08\/CentroVerde-diciembre95-03-001.web_.jpg 1856w, https:\/\/www.monta\u00f1asdelaluna.es\/wp-content\/uploads\/1995\/08\/CentroVerde-diciembre95-03-001.web_-300x209.jpg 300w, https:\/\/www.monta\u00f1asdelaluna.es\/wp-content\/uploads\/1995\/08\/CentroVerde-diciembre95-03-001.web_-1024x714.jpg 1024w\" sizes=\"auto, (max-width: 821px) 100vw, 821px\" \/><\/a><p id=\"caption-attachment-43534\" class=\"wp-caption-text\">Centro Verde Diciembre 95, Suplemento p\u00e1gina 6<\/p><\/div>\n<div id=\"attachment_43535\" style=\"width: 831px\" class=\"wp-caption aligncenter\"><a class=\"dt-single-image\" href=\"http:\/\/monta\u00f1asdelaluna.com\/wp-content\/uploads\/1995\/08\/CentroVerde-diciembre95-04-002.web_.jpg\" data-dt-img-description=\"\"><img loading=\"lazy\" decoding=\"async\" aria-describedby=\"caption-attachment-43535\" class=\"wp-image-43535 \" src=\"http:\/\/monta\u00f1asdelaluna.com\/wp-content\/uploads\/1995\/08\/CentroVerde-diciembre95-04-002.web_.jpg\" alt=\"CentroVerde diciembre95 04 002.web\" width=\"821\" height=\"1161\" srcset=\"https:\/\/www.monta\u00f1asdelaluna.es\/wp-content\/uploads\/1995\/08\/CentroVerde-diciembre95-04-002.web_.jpg 1274w, https:\/\/www.monta\u00f1asdelaluna.es\/wp-content\/uploads\/1995\/08\/CentroVerde-diciembre95-04-002.web_-212x300.jpg 212w, https:\/\/www.monta\u00f1asdelaluna.es\/wp-content\/uploads\/1995\/08\/CentroVerde-diciembre95-04-002.web_-724x1024.jpg 724w\" sizes=\"auto, (max-width: 821px) 100vw, 821px\" \/><\/a><p id=\"caption-attachment-43535\" class=\"wp-caption-text\">Centro Verde Diciembre 95, suplemento p\u00e1gina 6<\/p><\/div>\n<div id=\"attachment_43536\" style=\"width: 831px\" class=\"wp-caption aligncenter\"><a class=\"dt-single-image\" href=\"http:\/\/monta\u00f1asdelaluna.com\/wp-content\/uploads\/1995\/08\/CentroVerde-diciembre95-05-001.web_.jpg\" data-dt-img-description=\"\"><img loading=\"lazy\" decoding=\"async\" aria-describedby=\"caption-attachment-43536\" class=\"wp-image-43536 \" src=\"http:\/\/monta\u00f1asdelaluna.com\/wp-content\/uploads\/1995\/08\/CentroVerde-diciembre95-05-001.web_.jpg\" alt=\"CentroVerde diciembre95 05 001.web\" width=\"821\" height=\"1195\" srcset=\"https:\/\/www.monta\u00f1asdelaluna.es\/wp-content\/uploads\/1995\/08\/CentroVerde-diciembre95-05-001.web_.jpg 1271w, https:\/\/www.monta\u00f1asdelaluna.es\/wp-content\/uploads\/1995\/08\/CentroVerde-diciembre95-05-001.web_-206x300.jpg 206w, https:\/\/www.monta\u00f1asdelaluna.es\/wp-content\/uploads\/1995\/08\/CentroVerde-diciembre95-05-001.web_-704x1024.jpg 704w\" sizes=\"auto, (max-width: 821px) 100vw, 821px\" \/><\/a><p id=\"caption-attachment-43536\" class=\"wp-caption-text\">Centro Verde Diciembre 95, p\u00e1gina 7<\/p><\/div>\n<div id=\"attachment_43537\" style=\"width: 831px\" class=\"wp-caption aligncenter\"><a class=\"dt-single-image\" href=\"http:\/\/monta\u00f1asdelaluna.com\/wp-content\/uploads\/1995\/08\/CentroVerde-diciembre95-pag.12-001.web_.jpg\" data-dt-img-description=\"\"><img loading=\"lazy\" decoding=\"async\" aria-describedby=\"caption-attachment-43537\" class=\"wp-image-43537 \" src=\"http:\/\/monta\u00f1asdelaluna.com\/wp-content\/uploads\/1995\/08\/CentroVerde-diciembre95-pag.12-001.web_.jpg\" alt=\"CentroVerde diciembre95-pag.12 001.web\" width=\"821\" height=\"1165\" srcset=\"https:\/\/www.monta\u00f1asdelaluna.es\/wp-content\/uploads\/1995\/08\/CentroVerde-diciembre95-pag.12-001.web_.jpg 1292w, https:\/\/www.monta\u00f1asdelaluna.es\/wp-content\/uploads\/1995\/08\/CentroVerde-diciembre95-pag.12-001.web_-211x300.jpg 211w, https:\/\/www.monta\u00f1asdelaluna.es\/wp-content\/uploads\/1995\/08\/CentroVerde-diciembre95-pag.12-001.web_-721x1024.jpg 721w\" sizes=\"auto, (max-width: 821px) 100vw, 821px\" \/><\/a><p id=\"caption-attachment-43537\" class=\"wp-caption-text\">Centro Verde Diciembre 95, Contraportada p\u00e1gina 12<\/p><\/div>\n<p>&nbsp;<\/p>\n<div id=\"attachment_27556\" style=\"width: 733px\" class=\"wp-caption aligncenter\"><a class=\"dt-single-image\" href=\"http:\/\/monta\u00f1asdelaluna.com\/wp-content\/uploads\/1995\/08\/5\u00ba-recorrido-Vignemale.jpg\" data-dt-img-description=\"\"><img loading=\"lazy\" decoding=\"async\" aria-describedby=\"caption-attachment-27556\" class=\"wp-image-27556 size-full\" src=\"http:\/\/monta\u00f1asdelaluna.com\/wp-content\/uploads\/1995\/08\/5\u00ba-recorrido-Vignemale.jpg\" alt=\"5\u00ba recorrido Vignemale\" width=\"723\" height=\"2629\" srcset=\"https:\/\/www.monta\u00f1asdelaluna.es\/wp-content\/uploads\/1995\/08\/5\u00ba-recorrido-Vignemale.jpg 723w, https:\/\/www.monta\u00f1asdelaluna.es\/wp-content\/uploads\/1995\/08\/5\u00ba-recorrido-Vignemale-282x1024.jpg 282w\" sizes=\"auto, (max-width: 723px) 100vw, 723px\" \/><\/a><p id=\"caption-attachment-27556\" class=\"wp-caption-text\">Croquis del recorrido del 5\u00ba d\u00eda: Caba\u00f1a de Lourdes-Torla. Linea Verde: subida de Mariano y Esteban al pico junto al Ib\u00f3n de Bernatuara<\/p><\/div>\n<p>[vc_separator][\/vc_column_text][\/vc_column][\/vc_row][vc_row][vc_column][vc_empty_space height=\u00bb60px\u00bb][\/vc_column][\/vc_row][vc_row][vc_column][vc_cta h2=\u00bb\u00c1lbum de fotos\u00bb txt_align=\u00bbcenter\u00bb add_button=\u00bbbottom\u00bb btn_title=\u00bbVer fotos\u00bb btn_color=\u00bbwarning\u00bb btn_align=\u00bbcenter\u00bb btn_link=\u00bburl:https%3A%2F%2Fmonta%C3%B1asdelaluna.es%2F%3Fdt_gallery%3Dvignemale-un-monumento-a-la-naturaleza-petrea-2|title:Vignemale%2C%20un%20monumento%20a%20la%20naturaleza%20p%C3%A9trea|target:_blank\u00bb css=\u00bb.vc_custom_1625754029246{background-color: #8bc4ed !important;}\u00bb]Puedes ver todas las fotos del relato y actividad en forma de presentaci\u00f3n o individuales pinchando aqui \u00a1No te las pierdas![\/vc_cta][\/vc_column][\/vc_row][vc_row][vc_column][vc_empty_space height=\u00bb60px\u00bb][\/vc_column][\/vc_row][vc_row][vc_column width=\u00bb1\/6&#8243;][\/vc_column][vc_column width=\u00bb1\/3&#8243;][vc_raw_html]JTNDaWZyYW1lJTIwc3JjJTNEJTIyaHR0cHMlM0ElMkYlMkZ3d3cubWV0ZW9ibHVlLmNvbSUyRmVzJTJGdGllbXBvJTJGd2lkZ2V0JTJGZGFpbHklMkZ0b3JsYV9lc3BhJTI1YzMlMjViMWFfMzEwNzkyMyUzRmdlb2xvYyUzRGZpeGVkJTI2ZGF5cyUzRDclMjZ0ZW1wdW5pdCUzRENFTFNJVVMlMjZ3aW5kdW5pdCUzREtJTE9NRVRFUl9QRVJfSE9VUiUyNmNvbG91cmVkJTNEY29sb3VyZWQlMjZwaWN0b2ljb24lM0QxJTI2bWF4dGVtcGVyYXR1cmUlM0QxJTI2bWludGVtcGVyYXR1cmUlM0QxJTI2d2luZHNwZWVkJTNEMSUyNndpbmRndXN0JTNEMSUyNndpbmRkaXJlY3Rpb24lM0QxJTI2cHJlY2lwaXRhdGlvbiUzRDElMjZwcmVjaXBpdGF0aW9ucHJvYmFiaWxpdHklM0QxJTI2c3BvdCUzRDElMjZwcmVzc3VyZSUzRDElMjZsYXlvdXQlM0RsaWdodCUyMiUyMCUyMGZyYW1lYm9yZGVyJTNEJTIyMCUyMiUyMHNjcm9sbGluZyUzRCUyMk5PJTIyJTIwYWxsb3d0cmFuc3BhcmVuY3klM0QlMjJ0cnVlJTIyJTIwc2FuZGJveCUzRCUyMmFsbG93LXNhbWUtb3JpZ2luJTIwYWxsb3ctc2NyaXB0cyUyMGFsbG93LXBvcHVwcyUyMiUyMHN0eWxlJTNEJTIyd2lkdGglM0ElMjAzNzhweCUzQmhlaWdodCUzQSUyMDQxMXB4JTIyJTNFJTNDJTJGaWZyYW1lJTNFJTNDZGl2JTNFJTNDJTIxLS0lMjBETyUyME5PVCUyMFJFTU9WRSUyMFRISVMlMjBMSU5LJTIwLS0lM0UlM0NhJTIwaHJlZiUzRCUyMmh0dHBzJTNBJTJGJTJGd3d3Lm1ldGVvYmx1ZS5jb20lMkZlcyUyRnRpZW1wbyUyRnByb25vc3RpY28lMkZzZW1hbmElMkZ0b3JsYV9lc3BhJTI1YzMlMjViMWFfMzEwNzkyMyUzRnV0bV9zb3VyY2UlM0R3ZWF0aGVyX3dpZGdldCUyNnV0bV9tZWRpdW0lM0RsaW5rdXMlMjZ1dG1fY29udGVudCUzRGRhaWx5JTI2dXRtX2NhbXBhaWduJTNEV2VhdGhlciUyNTJCV2lkZ2V0JTIyJTIwdGFyZ2V0JTNEJTIyX2JsYW5rJTIyJTNFbWV0ZW9ibHVlJTNDJTJGYSUzRSUzQyUyRmRpdiUzRQ==[\/vc_raw_html][\/vc_column][vc_column width=\u00bb1\/3&#8243;][vc_raw_html]JTNDaWZyYW1lJTIwc3JjJTNEJTIyaHR0cHMlM0ElMkYlMkZ3d3cubWV0ZW9ibHVlLmNvbSUyRmVzJTJGdGllbXBvJTJGd2lkZ2V0JTJGZGFpbHklMkZwaWNvLWRlLXZpZ25lbWFsZV9lc3BhJTI1YzMlMjViMWFfMzEwNTk3NyUzRmdlb2xvYyUzRGZpeGVkJTI2ZGF5cyUzRDclMjZ0ZW1wdW5pdCUzRENFTFNJVVMlMjZ3aW5kdW5pdCUzREtJTE9NRVRFUl9QRVJfSE9VUiUyNmNvbG91cmVkJTNEY29sb3VyZWQlMjZwaWN0b2ljb24lM0QxJTI2bWF4dGVtcGVyYXR1cmUlM0QxJTI2bWludGVtcGVyYXR1cmUlM0QxJTI2d2luZHNwZWVkJTNEMSUyNndpbmRndXN0JTNEMSUyNndpbmRkaXJlY3Rpb24lM0QxJTI2cHJlY2lwaXRhdGlvbiUzRDElMjZwcmVjaXBpdGF0aW9ucHJvYmFiaWxpdHklM0QxJTI2c3BvdCUzRDElMjZwcmVzc3VyZSUzRDElMjZsYXlvdXQlM0RsaWdodCUyMiUyMCUyMGZyYW1lYm9yZGVyJTNEJTIyMCUyMiUyMHNjcm9sbGluZyUzRCUyMk5PJTIyJTIwYWxsb3d0cmFuc3BhcmVuY3klM0QlMjJ0cnVlJTIyJTIwc2FuZGJveCUzRCUyMmFsbG93LXNhbWUtb3JpZ2luJTIwYWxsb3ctc2NyaXB0cyUyMGFsbG93LXBvcHVwcyUyMiUyMHN0eWxlJTNEJTIyd2lkdGglM0ElMjAzNzhweCUzQmhlaWdodCUzQSUyMDQxMXB4JTIyJTNFJTNDJTJGaWZyYW1lJTNFJTNDZGl2JTNFJTNDJTIxLS0lMjBETyUyME5PVCUyMFJFTU9WRSUyMFRISVMlMjBMSU5LJTIwLS0lM0UlM0NhJTIwaHJlZiUzRCUyMmh0dHBzJTNBJTJGJTJGd3d3Lm1ldGVvYmx1ZS5jb20lMkZlcyUyRnRpZW1wbyUyRnByb25vc3RpY28lMkZzZW1hbmElMkZwaWNvLWRlLXZpZ25lbWFsZV9lc3BhJTI1YzMlMjViMWFfMzEwNTk3NyUzRnV0bV9zb3VyY2UlM0R3ZWF0aGVyX3dpZGdldCUyNnV0bV9tZWRpdW0lM0RsaW5rdXMlMjZ1dG1fY29udGVudCUzRGRhaWx5JTI2dXRtX2NhbXBhaWduJTNEV2VhdGhlciUyNTJCV2lkZ2V0JTIyJTIwdGFyZ2V0JTNEJTIyX2JsYW5rJTIyJTNFbWV0ZW9ibHVlJTNDJTJGYSUzRSUzQyUyRmRpdiUzRQ==[\/vc_raw_html][\/vc_column][vc_column width=\u00bb1\/6&#8243;][\/vc_column][\/vc_row]<\/p>\n","protected":false},"excerpt":{"rendered":"<p>[vc_row][vc_column][vc_column_text]En la frontera entre Francia y Espa\u00f1a (y m\u00e1s franc\u00e9s que espa\u00f1ol) se encuentra el magn\u00edfico y espectacular macizo del Vignemale. Es la catedral de los Pirineos, posiblemente el macizo m\u00e1s alpino y atrayente de los mismos. Un alto faro entre un mar de olas encrestadas y puntiagudas, sobresaliente y destacado monumento entre las monta\u00f1as&hellip;<\/p>\n","protected":false},"author":1,"featured_media":27533,"comment_status":"open","ping_status":"open","sticky":false,"template":"","format":"standard","meta":[],"categories":[126],"tags":[],"class_list":["post-27548","post","type-post","status-publish","format-standard","has-post-thumbnail","hentry","category-valle-del-cinca","category-126","description-off"],"_links":{"self":[{"href":"https:\/\/www.monta\u00f1asdelaluna.es\/index.php?rest_route=\/wp\/v2\/posts\/27548","targetHints":{"allow":["GET"]}}],"collection":[{"href":"https:\/\/www.monta\u00f1asdelaluna.es\/index.php?rest_route=\/wp\/v2\/posts"}],"about":[{"href":"https:\/\/www.monta\u00f1asdelaluna.es\/index.php?rest_route=\/wp\/v2\/types\/post"}],"author":[{"embeddable":true,"href":"https:\/\/www.monta\u00f1asdelaluna.es\/index.php?rest_route=\/wp\/v2\/users\/1"}],"replies":[{"embeddable":true,"href":"https:\/\/www.monta\u00f1asdelaluna.es\/index.php?rest_route=%2Fwp%2Fv2%2Fcomments&post=27548"}],"version-history":[{"count":14,"href":"https:\/\/www.monta\u00f1asdelaluna.es\/index.php?rest_route=\/wp\/v2\/posts\/27548\/revisions"}],"predecessor-version":[{"id":27561,"href":"https:\/\/www.monta\u00f1asdelaluna.es\/index.php?rest_route=\/wp\/v2\/posts\/27548\/revisions\/27561"}],"wp:featuredmedia":[{"embeddable":true,"href":"https:\/\/www.monta\u00f1asdelaluna.es\/index.php?rest_route=\/wp\/v2\/media\/27533"}],"wp:attachment":[{"href":"https:\/\/www.monta\u00f1asdelaluna.es\/index.php?rest_route=%2Fwp%2Fv2%2Fmedia&parent=27548"}],"wp:term":[{"taxonomy":"category","embeddable":true,"href":"https:\/\/www.monta\u00f1asdelaluna.es\/index.php?rest_route=%2Fwp%2Fv2%2Fcategories&post=27548"},{"taxonomy":"post_tag","embeddable":true,"href":"https:\/\/www.monta\u00f1asdelaluna.es\/index.php?rest_route=%2Fwp%2Fv2%2Ftags&post=27548"}],"curies":[{"name":"wp","href":"https:\/\/api.w.org\/{rel}","templated":true}]}}