{"id":27590,"date":"2000-12-06T17:43:48","date_gmt":"2000-12-06T17:43:48","guid":{"rendered":"http:\/\/monta\u00f1asdelaluna.com\/?p=27590"},"modified":"2021-08-01T08:55:57","modified_gmt":"2021-08-01T08:55:57","slug":"valle-de-pineta-un-circo-imposible","status":"publish","type":"post","link":"https:\/\/www.monta\u00f1asdelaluna.es\/?p=27590","title":{"rendered":"Valle de Pineta. Un circo imposible"},"content":{"rendered":"<p>[vc_row][vc_column][vc_column_text]El Valle de Pineta al igual que el Valle de Gista\u00edn son lugares que me atra\u00edan sin conocerlos. Solamente por su forma y dibujo en el mapa cartogr\u00e1fico hac\u00eda que me imaginara una geograf\u00eda interesante y atrayente. En el caso del Valle de Pineta ve\u00eda un profundo, ancho y largo corredor rodeado, sobre todo en su sur, oeste y noroeste, por unas l\u00edneas de desnivel muy juntas que hac\u00edan imaginar unas incre\u00edbles pendientes verticales e infranqueables, de fuerte inclinaci\u00f3n en toda su altura y que se extend\u00edan a lo largo de todo el valle. Y era sobre todo su parte noroeste con las caras norte del famoso Monte Perdido, Cilindro de Marbor\u00e9 y Soum de Ramond o Pico de A\u00f1isclo, con sus escarpes, glaciares y alturas lo que lo hac\u00edan m\u00e1s interesante. Y en su final, el gran Circo de Pineta con su forma de semic\u00edrculo, gobernado en sus dos flancos por grandes picos (uno de ellos el Monte Perdido) y que te lleva a uno de los (seg\u00fan dice) miradores m\u00e1s bellos del Pirineo (al menos s\u00ed, uno de los m\u00e1s altos) el Balc\u00f3n de Pineta. Aunque no es tan espectacular como su hermano mayor el Circo de Gavarni\u00e9 por sus dimensiones, formas, desniveles&#8230; s\u00ed que se le podr\u00eda calificar con una formaci\u00f3n geol\u00f3gica semblante, ya que est\u00e1n formados en el mismo macizo calc\u00e1reo (de la misma roca caliza) y por gigantescos y laboriosos glaciares.<\/p>\n<p>Aunque nada tiene que envidiar el Circo de Pineta al de Gavarni\u00e9, ya que \u00e9ste \u00faltimo no tiene el gigantesco murall\u00f3n de Monte Perdido-Sierra de Las Tucas que definen a este Valle de Pineta por su belleza y magnificencia.<\/p>\n<p>Es por esto que convenc\u00ed a mis compa\u00f1eros de monta\u00f1a para que en diciembre del a\u00f1o dos mil nos acerc\u00e1ramos al Valle de Pineta para subir al Monte Perdido por esta vertiente. Gonzalo Ruiz, Miguel \u00c1ngel Sala, Gabriel L\u00f3pez, Pepe D\u00edaz, Jes\u00fas Andujar y yo alquilamos una furgoneta para acercarnos a este valle. Desde Bielsa sale una carretera que surca todo este impresionante valle y termina en el Parador Nacional de Monte Perdido. Enclavado en un lugar verdaderamente privilegiado bajo el Circo de Pineta y las vertientes de Monte Perdido en los l\u00edmites este del Parque Nacional de Ordesa y Monte Perdido. Antes de llegar se encuentra el Refugio de Ronatiza o de Pineta, cerca de las orillas del r\u00edo Cinca que nace en este valle y en este circo. Es de construcci\u00f3n moderna y muy bien emplazado con una buena distribuci\u00f3n. Es realmente acogedor (dentro de lo que cabe), un verdadero hotel monta\u00f1ero.<\/p>\n<div id=\"attachment_27568\" style=\"width: 1034px\" class=\"wp-caption aligncenter\"><a class=\"dt-single-image\" href=\"https:\/\/www.monta\u00f1asdelaluna.es\/wp-content\/uploads\/2016\/03\/Pineta1-001.jpg\" data-dt-img-description=\"\"><img loading=\"lazy\" decoding=\"async\" aria-describedby=\"caption-attachment-27568\" class=\"wp-image-27568 size-large\" src=\"https:\/\/www.monta\u00f1asdelaluna.es\/wp-content\/uploads\/2016\/03\/Pineta1-001-1024x696.jpg\" alt=\"Refugio de Pineta o Ronatiza\" width=\"1024\" height=\"696\" srcset=\"https:\/\/www.monta\u00f1asdelaluna.es\/wp-content\/uploads\/2016\/03\/Pineta1-001-1024x696.jpg 1024w, https:\/\/www.monta\u00f1asdelaluna.es\/wp-content\/uploads\/2016\/03\/Pineta1-001-300x204.jpg 300w, https:\/\/www.monta\u00f1asdelaluna.es\/wp-content\/uploads\/2016\/03\/Pineta1-001.jpg 1813w\" sizes=\"auto, (max-width: 1024px) 100vw, 1024px\" \/><\/a><p id=\"caption-attachment-27568\" class=\"wp-caption-text\">Refugio de Pineta o Ronatiza<\/p><\/div>\n<p>Al otro d\u00eda nos levantamos y pudimos admirar el Valle de Pineta, ya que llegamos el d\u00eda anterior de noche. Este oto\u00f1o la nieve hab\u00eda ca\u00eddo muy pronto y a mitad de estaci\u00f3n, la bonanza del tiempo hizo que se derritiera gran parte de ella, sobre todo en el fondo del valle. La nieve la pod\u00edas encontrar en cantidades considerables a partir de mil novecientos a dos mil metros. Ante nosotros el magn\u00edfico e impresionante murall\u00f3n de la Sierra de Las Tucas-Monte Perdido. Tan alto e infranqueable como grandioso y bello. Era realmente una espectacular muralla de formas contiguas y lineales con abundantes bosquecillos en sus faldas menos verticales y accesibles para los \u00e1rboles.<\/p>\n<p>El tiempo no era bueno. Estaba nublado y a partir de dos mil-dos mil cien metros el fr\u00edo viento soplaba a menos de cero grados. De todas formas observamos como estaba el panorama y nos aconsejaron no subir al Balc\u00f3n de Pineta por el Circo de Pineta; nos sugirieron otro recorrido menos comprometido (nada peligroso, dir\u00eda yo) hac\u00eda la parte contrar\u00eda del macizo de Monte Perdido, hac\u00eda el macizo de La Munia que quedaba al noreste y este del valle. Vimos el mapa y decidimos aproximarnos a una caba\u00f1a que est\u00e1 en las faldas de dicho macizo: la caba\u00f1a de La Larri. Que se encuentra al empezar los Llanos de La Larri.<\/p>\n<p>Como en la parte de arriba la nieve era abundante y conociendo como se carga el Pirineo de nieve en invierno, decidimos alquilar unas raquetas en alg\u00fan punto de la carretera del Valle de Bielsa.<\/p>\n<p>Una vez preparados y equipados con lo necesario decidimos emprender la marcha. Es por la tarde, ya que esa ma\u00f1ana la hemos dedicado a recopilar informaci\u00f3n, material y a curiosear con la indecisi\u00f3n de no saber que hacer en un principio y asumiendo que, de entrada, deb\u00edamos olvidarnos de Monte Perdido y de su altiva figura y cara norte. Realmente ni el tiempo ni las condiciones eran propicias para semejante empresa. Por detr\u00e1s del Parador Nacional de Turismo de Monte Perdido (una casona de aspecto serio y recio, con sus soportales y gruesos muros) y de la Ermita de Nuestra Se\u00f1ora de Pineta cogemos la senda que te deja, por un bosquecillo de frondosas y grandes hayas, pino silvestre y pino negro, h\u00famedo y exuberante, en los Llanos de La Larri. Poco antes de llegar a la Caba\u00f1a de La Larri, una pista cruza la ladera por aquellos contornos. Esta senda forma parte del GR-11 transpirenaico que va del cant\u00e1brico al mediterr\u00e1neo visitando los valles, monta\u00f1as y lugares m\u00e1s emblem\u00e1ticos del Pirineo espa\u00f1ol.<\/p>\n<div id=\"attachment_27570\" style=\"width: 1034px\" class=\"wp-caption aligncenter\"><a class=\"dt-single-image\" href=\"https:\/\/www.monta\u00f1asdelaluna.es\/wp-content\/uploads\/2016\/03\/Pineta3-001.jpg\" data-dt-img-description=\"\"><img loading=\"lazy\" decoding=\"async\" aria-describedby=\"caption-attachment-27570\" class=\"wp-image-27570 size-large\" src=\"https:\/\/www.monta\u00f1asdelaluna.es\/wp-content\/uploads\/2016\/03\/Pineta3-001-1024x698.jpg\" alt=\"Caba\u00f1a de Lalarri\" width=\"1024\" height=\"698\" srcset=\"https:\/\/www.monta\u00f1asdelaluna.es\/wp-content\/uploads\/2016\/03\/Pineta3-001-1024x698.jpg 1024w, https:\/\/www.monta\u00f1asdelaluna.es\/wp-content\/uploads\/2016\/03\/Pineta3-001-300x205.jpg 300w, https:\/\/www.monta\u00f1asdelaluna.es\/wp-content\/uploads\/2016\/03\/Pineta3-001.jpg 1814w\" sizes=\"auto, (max-width: 1024px) 100vw, 1024px\" \/><\/a><p id=\"caption-attachment-27570\" class=\"wp-caption-text\">Caba\u00f1a de Lalarri<\/p><\/div>\n<p>No mucho tiempo despu\u00e9s, la orograf\u00eda se suaviza y detr\u00e1s de una peque\u00f1a loma vemos dicha caba\u00f1a. Detr\u00e1s de ella una extensi\u00f3n llana cerrada por una muralla en forma semicircular salpicadas de cascadas y riachuelos. Tiene forma y es un circo glaciar, aunque en los mapas no venga su nombre, o bien por que no tiene o por que no le han dado importancia. La nieve empieza a unos metros algo m\u00e1s arriba de nosotros y la vista desde all\u00ed, tanto como al macizo de La Munia como al del Monte Perdido al otro lado del valle, son amplias y bellas. Aunque el mal tiempo segu\u00eda sin dejarnos ver las cumbres libres de nieblas y nubes de ambos macizos. Ahora la vista hac\u00eda la enorme muralla de la Sierra de Las Tucas se apreciaba con mayor esplendor y mejor visi\u00f3n. Hac\u00eda el sur, dicha sierra, se perd\u00eda casi en la lejan\u00eda con unas vertientes colmadas de balcones, repisas y formas variadas en sus empinadas y largas laderas, a veces agrestes y otras m\u00e1s suaves y onduladas, pero todo espectacular y seguido formando un grandioso y largo murall\u00f3n de bosque, piedra y nieve.<\/p>\n<p>Estamos en la caba\u00f1a de La Larri. Una casita con dos estancias separadas por una pared con puertas diferentes al exterior y no comunicadas; con un establo exterior para guardar al reba\u00f1o. Una parte estaba muy poco habitable y sucia, la otra, con una puerta de hierro de dos alas, estaba m\u00e1s limpia. Otros compa\u00f1eros monta\u00f1eros de Barcelona y Cornell\u00e1, \u201cla ciudad de donde eran Estopa\u201d (no paraba de decirnos uno de ellos, a\u00f1adiendo que eran casi vecinos suyos, o algo as\u00ed) compart\u00edan la caba\u00f1a con nosotros. Entre ellos un chico especialmente fuerte al que sus otros compa\u00f1eros no paraban de repetir que se estaba entrenando para subir el Aconcagua ese invierno, como una gran proeza y esfuerzo. Algo que ahora considero como una gran monta\u00f1a m\u00e1s entre todas, sin necesidad de sentir ni orgullo, ni prepotencia, ni pedanter\u00eda por ir all\u00ed y conseguir su cumbre. Pero que para ellos era una heroicidad casi imposible de hacer, y supongo que para mi no supon\u00eda un trato ni mejor ni peor que cualquier otro monta\u00f1ero.<\/p>\n<p>Al otro d\u00eda nos levantamos tarde (como siempre) y escudri\u00f1ando el mapa decidimos \u201clevantar el campamento\u201d y subir hasta la Caba\u00f1a de La Estiva. En Ronatiza nos hab\u00edan indicado que all\u00ed tambi\u00e9n se pod\u00eda pasar la noche, aunque la caba\u00f1a estaba peor que la de La Larri. El tiempo segu\u00eda encapotado pero parec\u00eda que las nubes se hab\u00edan levantado algo m\u00e1s, ya que la Sierra de Las Tucas-Monte Perdido se ve\u00edan m\u00e1s claros, al igual que las inmediaciones de La Munia en su macizo&#8230; menos en las cumbres.<\/p>\n<div id=\"attachment_27572\" style=\"width: 1034px\" class=\"wp-caption aligncenter\"><a class=\"dt-single-image\" href=\"https:\/\/www.monta\u00f1asdelaluna.es\/wp-content\/uploads\/2016\/03\/Pineta5-001.jpg\" data-dt-img-description=\"\"><img loading=\"lazy\" decoding=\"async\" aria-describedby=\"caption-attachment-27572\" class=\"wp-image-27572 size-large\" src=\"https:\/\/www.monta\u00f1asdelaluna.es\/wp-content\/uploads\/2016\/03\/Pineta5-001-1024x683.jpg\" alt=\"Gabi, Pepe, Gonzalo, Joaqu\u00edn, Jes\u00fas y Miguel \u00c1ngel en la Caba\u00f1a de Lalarri\" width=\"1024\" height=\"683\" srcset=\"https:\/\/www.monta\u00f1asdelaluna.es\/wp-content\/uploads\/2016\/03\/Pineta5-001-1024x683.jpg 1024w, https:\/\/www.monta\u00f1asdelaluna.es\/wp-content\/uploads\/2016\/03\/Pineta5-001-300x200.jpg 300w, https:\/\/www.monta\u00f1asdelaluna.es\/wp-content\/uploads\/2016\/03\/Pineta5-001.jpg 1807w\" sizes=\"auto, (max-width: 1024px) 100vw, 1024px\" \/><\/a><p id=\"caption-attachment-27572\" class=\"wp-caption-text\">Gabi, Pepe, Gonzalo, Joaqu\u00edn, Jes\u00fas y Miguel \u00c1ngel en la Caba\u00f1a de Lalarri<\/p><\/div>\n<div id=\"attachment_27574\" style=\"width: 831px\" class=\"wp-caption aligncenter\"><a class=\"dt-single-image\" href=\"https:\/\/www.monta\u00f1asdelaluna.es\/wp-content\/uploads\/2016\/03\/Pineta7-001.jpg\" data-dt-img-description=\"\"><img loading=\"lazy\" decoding=\"async\" aria-describedby=\"caption-attachment-27574\" class=\"wp-image-27574 \" src=\"https:\/\/www.monta\u00f1asdelaluna.es\/wp-content\/uploads\/2016\/03\/Pineta7-001.jpg\" alt=\"Joaqu\u00edn preparado para subir a La Estiva\" width=\"821\" height=\"1244\" srcset=\"https:\/\/www.monta\u00f1asdelaluna.es\/wp-content\/uploads\/2016\/03\/Pineta7-001.jpg 1201w, https:\/\/www.monta\u00f1asdelaluna.es\/wp-content\/uploads\/2016\/03\/Pineta7-001-198x300.jpg 198w, https:\/\/www.monta\u00f1asdelaluna.es\/wp-content\/uploads\/2016\/03\/Pineta7-001-676x1024.jpg 676w\" sizes=\"auto, (max-width: 821px) 100vw, 821px\" \/><\/a><p id=\"caption-attachment-27574\" class=\"wp-caption-text\">Joaqu\u00edn preparado para subir a La Estiva<\/p><\/div>\n<p>Preparados y equipados con las mochilas, raquetas y las tiendas-igl\u00fa, emprendemos la marcha siguiendo el sendero del GR-11. Enseguida nos internamos en un bosquecillo con unas suaves pendientes y algo m\u00e1s arriba la nieve hac\u00eda acto de presencia. Ya en la cima de esta ladera, la vegetaci\u00f3n desaparece y la abundante nieve es la nota predominante. Extensas laderas de blanca y fr\u00eda nieve se abr\u00edan bajo el Sobrestiva. Nos pusimos las raquetas aunque la nieve estaba algo dura, de forma que en ocasiones no llegabas a hundirte clav\u00e1ndose a penas las peque\u00f1as puntas de las raquetas bajo mis suelas. Realmente la nieve no estaba en buenas condiciones: debajo de la costra dura y quebradiza hab\u00eda nieve muy blanda e inestable. El fr\u00edo viento helaba la nieve superficial mientras que a la de abajo no le hab\u00eda dado tiempo a compactarse. El resultado son los peligrosos aludes de placa que ocasiona el corte y peso de dicha nieve dura al deslizarse sobre la blanda como un tobog\u00e1n en laderas algo inclinadas. Por ello nos hab\u00edan aconsejado no ir por laderas inclinadas y seguir por lo alto de las lomas o crestas.<\/p>\n<p>De repente me doy cuenta de que el paisaje ha cambiado tal que parece que estemos en otro mundo. Abajo, el verdor, el bosque, el agua, la tierra; y aqu\u00ed arriba el fr\u00edo, las nubes, la nieve, la soledad, los altos picos&#8230; Al cabo de un tiempo a m\u00ed ya me pesa la mochila y veo al fondo, en la inmensidad de las blancas e infinitas laderas de nieve, una solitaria y peque\u00f1a casita con tejado puntiagudo en medio de esta solitaria parte del mundo. No hay nadie aqu\u00ed arriba. Abr\u00edamos huella y no nos topar\u00edamos con nadie hasta volver de nuevo a la Caba\u00f1a de La Larri.<\/p>\n<p>Por fin llego a esta linda pero casi desmantelada caba\u00f1ita. No est\u00e1 en muy buen estado, hay agujeros en el techo, mucha mierda de los reba\u00f1os en el interior en el suelo&#8230; as\u00ed que solo nos queda montar nuestras dos tiendas en el pesebre cubierto de nieve, pero abrigado de vientos, bajo un porche en un lateral de la caba\u00f1ita. El tiempo parece que quiere abrirse y mejorar, las nubes se disipan entorno al Pic Blanc y al Pic de Felqueral, y un cielo azul aparece anunciando una pausa del mal tiempo. El paisaje es soberbio, muy bello, y casi me hace recordar las andanzas de aquellos monta\u00f1eros que se atreven a atravesar el hielo patag\u00f3nico.<\/p>\n<div id=\"attachment_27576\" style=\"width: 1825px\" class=\"wp-caption aligncenter\"><a class=\"dt-single-image\" href=\"https:\/\/www.monta\u00f1asdelaluna.es\/wp-content\/uploads\/2016\/03\/Pineta9-001.jpg\" data-dt-img-description=\"\"><img loading=\"lazy\" decoding=\"async\" aria-describedby=\"caption-attachment-27576\" class=\"wp-image-27576 size-full\" src=\"https:\/\/www.monta\u00f1asdelaluna.es\/wp-content\/uploads\/2016\/03\/Pineta9-001.jpg\" alt=\"Caba\u00f1a de La Estiva, al fondo derecha el Pico La Capilla (Pic Blanc del relato)\" width=\"1815\" height=\"1226\" srcset=\"https:\/\/www.monta\u00f1asdelaluna.es\/wp-content\/uploads\/2016\/03\/Pineta9-001.jpg 1815w, https:\/\/www.monta\u00f1asdelaluna.es\/wp-content\/uploads\/2016\/03\/Pineta9-001-300x203.jpg 300w, https:\/\/www.monta\u00f1asdelaluna.es\/wp-content\/uploads\/2016\/03\/Pineta9-001-1024x692.jpg 1024w\" sizes=\"auto, (max-width: 1815px) 100vw, 1815px\" \/><\/a><p id=\"caption-attachment-27576\" class=\"wp-caption-text\">Caba\u00f1a de La Estiva, al fondo derecha el Pico La Capilla (Pic Blanc del relato)<\/p><\/div>\n<p>A la hora de la cena nos reunimos en el interior de la caba\u00f1a. Una destartalada escalera de madera nos sub\u00eda a un sostre de tablas de maderas que ocupa la mayor parte del espacio de la caba\u00f1a. Imaginamos que el pastor utilizaba esa parte del refugio para dormir y habitar, y que abajo guardaba el reba\u00f1o resguardado de la lluvia y de las inclemencias del tiempo; quiz\u00e1s, antiguamente, tambi\u00e9n de sus depredadores, lobos, o incluso osos. La cena es incre\u00edble: Pepe D\u00edaz prepar\u00f3 una ensalada de pasta con salchich\u00f3n, queso, tomate y aceite, deliciosa que me llen\u00f3 y gust\u00f3 tanto que desde entonces intent\u00e9 repetir en mis siguientes salidas a la monta\u00f1a.<\/p>\n<p>Despu\u00e9s de la infusi\u00f3n o caf\u00e9, salimos fuera ya atardeciendo. Vemos como, entre la poca luz que ya queda, casi est\u00e1n despejados los gigantes a los que, primeramente, ven\u00edamos a recorrer y visitar: Monte Perdido, Cilindro de Marbor\u00e9 y Soum de Ramond. \u00c9stos aparecen sobre nosotros majestuosos y enigm\u00e1ticos al no desvelarnos sus perfiles enteramente y ocultarlos a intervalos por el hacer y deshacer de las peque\u00f1as nubes que los cubren. Maravilloso. Sus vertiginosas vertientes nevadas esconden, entre rocas y paredes, aquel glaciar fraccionado, grandioso y mitol\u00f3gico tan ansiado por mis ojos. Pens\u00e1bamos que era un s\u00edntoma de mejor\u00eda y probablemente durante la noche despejar\u00eda, y al otro d\u00eda tendr\u00edamos buen tiempo para la jornada de subida.<\/p>\n<p>Ya de noche, nos metimos todos en una de las tiendas y empezamos a jugar al \u201cmichigan\u201d con un par de dados. La emoci\u00f3n, gritos y alegr\u00eda contrastaban con la fr\u00eda, oscura y silenciosa noche pirenaica.<\/p>\n<div id=\"attachment_27580\" style=\"width: 1034px\" class=\"wp-caption aligncenter\"><a class=\"dt-single-image\" href=\"https:\/\/www.monta\u00f1asdelaluna.es\/wp-content\/uploads\/2016\/03\/Pineta13-002.jpg\" data-dt-img-description=\"\"><img loading=\"lazy\" decoding=\"async\" aria-describedby=\"caption-attachment-27580\" class=\"wp-image-27580 size-large\" src=\"https:\/\/www.monta\u00f1asdelaluna.es\/wp-content\/uploads\/2016\/03\/Pineta13-002-1024x685.jpg\" alt=\"Atardecer con el macizo de Monte Perdido y Balc\u00f3n de Pineta detr\u00e1s, sentado Miguel \u00c1ngel\" width=\"1024\" height=\"685\" srcset=\"https:\/\/www.monta\u00f1asdelaluna.es\/wp-content\/uploads\/2016\/03\/Pineta13-002-1024x685.jpg 1024w, https:\/\/www.monta\u00f1asdelaluna.es\/wp-content\/uploads\/2016\/03\/Pineta13-002-300x201.jpg 300w, https:\/\/www.monta\u00f1asdelaluna.es\/wp-content\/uploads\/2016\/03\/Pineta13-002.jpg 1801w\" sizes=\"auto, (max-width: 1024px) 100vw, 1024px\" \/><\/a><p id=\"caption-attachment-27580\" class=\"wp-caption-text\">Atardecer con el macizo de Monte Perdido y Balc\u00f3n de Pineta detr\u00e1s, sentado Miguel \u00c1ngel<\/p><\/div>\n<div id=\"attachment_27578\" style=\"width: 1034px\" class=\"wp-caption aligncenter\"><a class=\"dt-single-image\" href=\"https:\/\/www.monta\u00f1asdelaluna.es\/wp-content\/uploads\/2016\/03\/Pineta11-001.jpg\" data-dt-img-description=\"\"><img loading=\"lazy\" decoding=\"async\" aria-describedby=\"caption-attachment-27578\" class=\"wp-image-27578 size-large\" src=\"https:\/\/www.monta\u00f1asdelaluna.es\/wp-content\/uploads\/2016\/03\/Pineta11-001-1024x692.jpg\" alt=\"Joaqu\u00edn, Gabi, Pepe, Miguel \u00c1ngel, Gonzalo y Jes\u00fas en la Caba\u00f1a de La Estiva\" width=\"1024\" height=\"692\" srcset=\"https:\/\/www.monta\u00f1asdelaluna.es\/wp-content\/uploads\/2016\/03\/Pineta11-001-1024x692.jpg 1024w, https:\/\/www.monta\u00f1asdelaluna.es\/wp-content\/uploads\/2016\/03\/Pineta11-001-300x203.jpg 300w, https:\/\/www.monta\u00f1asdelaluna.es\/wp-content\/uploads\/2016\/03\/Pineta11-001.jpg 1806w\" sizes=\"auto, (max-width: 1024px) 100vw, 1024px\" \/><\/a><p id=\"caption-attachment-27578\" class=\"wp-caption-text\">Joaqu\u00edn, Gabi, Pepe, Miguel \u00c1ngel, Gonzalo y Jes\u00fas en la Caba\u00f1a de La Estiva<\/p><\/div>\n<p>Amanece. La claridad atraviesa el doble techo de la tienda. Quiero levantarme corriendo para poder fotografiar el amanecer, que como siempre, no me defraudar\u00e1 en la alta monta\u00f1a. Entre nubes blanco rojizas y oscuras, y un cielo con distintos tonos de azul, del azul m\u00e1s claro al m\u00e1s oscuro, el Pico de Pineta, Pic de Felqueral y Pic Blanc iluminados totalmente por los brillantes y luminosos rayos del amanecer, aparec\u00edan rodeados de oscuridad y nieve azulada ensalzando m\u00e1s a\u00fan la espectacular, agreste y bella monta\u00f1a pirenaica. Todo un para\u00edso, todo un espect\u00e1culo que solo puede verse durante unos minutos, en un determinado lugar y en unas determinadas condiciones. Realmente cre\u00ed ser una persona privilegiada por poder disfrutar de algo tan incre\u00edble y hermoso, y que parezca, en ese preciso momento, que sea el \u00fanico al que se lo ofrecen. El \u00fanico en un gran teatro al que se le sube el tel\u00f3n para mostrarle la mayor obra arquitect\u00f3nica de la naturaleza&#8230; belleza, grandiosidad&#8230; de nuevo, maravilloso.<\/p>\n<p>Las nubes han vuelto a aparecer. El tiempo no ha mejorado del todo pero el sol intentaba abrirse paso entre c\u00famulo y c\u00famulo. Decidimos salir y subir hac\u00eda el Sobrestiva, CHinipro y quiz\u00e1s el Robi\u00f1era siguiendo el cordal y la cresta cimera.<\/p>\n<p>Las primeras pendientes son muy empinadas pero la nieve, en su mayor\u00eda, est\u00e1 dura y nos ponemos los crampones desde la misma caba\u00f1a. Los rayos del sol iluminan onduladas pendientes de abundante nieve all\u00e1 abajo junto a la caba\u00f1a de La Estiva. Detr\u00e1s el Valle de Pineta aparece surcado por neblinas y nubes bajas como un cortado enorme y rectil\u00edneo sin nieve y oscuro rodeado de vertientes blancas, claras y nevadas.<\/p>\n<p>M\u00e1s arriba el tiempo en vez de aclararse se encapota m\u00e1s, se cierran m\u00e1s las nubes, y el esfuerzo y cansancio hacen que se disgregue el grupo entre los m\u00e1s fuertes y los m\u00e1s tocados por el cansancio como yo.<\/p>\n<div id=\"attachment_27579\" style=\"width: 1818px\" class=\"wp-caption aligncenter\"><a class=\"dt-single-image\" href=\"https:\/\/www.monta\u00f1asdelaluna.es\/wp-content\/uploads\/2016\/03\/Pineta12-001.jpg\" data-dt-img-description=\"\"><img loading=\"lazy\" decoding=\"async\" aria-describedby=\"caption-attachment-27579\" class=\"wp-image-27579 size-full\" src=\"https:\/\/www.monta\u00f1asdelaluna.es\/wp-content\/uploads\/2016\/03\/Pineta12-001.jpg\" alt=\"Amanece en el Pico de Pineta y Pico Gari\u00e9n (Pic de Felqueral en el relato), a la izquierda y Pico La Capilla (Pic Blanc del relato) a la derecha\" width=\"1808\" height=\"1235\" srcset=\"https:\/\/www.monta\u00f1asdelaluna.es\/wp-content\/uploads\/2016\/03\/Pineta12-001.jpg 1808w, https:\/\/www.monta\u00f1asdelaluna.es\/wp-content\/uploads\/2016\/03\/Pineta12-001-300x205.jpg 300w, https:\/\/www.monta\u00f1asdelaluna.es\/wp-content\/uploads\/2016\/03\/Pineta12-001-1024x699.jpg 1024w\" sizes=\"auto, (max-width: 1808px) 100vw, 1808px\" \/><\/a><p id=\"caption-attachment-27579\" class=\"wp-caption-text\">Amanece en el Pico de Pineta y Pico Gari\u00e9n (Pic de Felqueral en el relato), a la izquierda y Pico La Capilla (Pic Blanc del relato) a la derecha<\/p><\/div>\n<p>Casi llegando al pico o a la altura del Sobrestima, nos top\u00e1bamos con los primeros compa\u00f1eros que bajaban de \u00e9ste. El tiempo est\u00e1 muy mal, las nubes no dejan ver el seguimiento del recorrido hac\u00eda el CHinipro y la cresta, a partir del Sobrestiva aparece distorsionada, agreste y espectacular. Pepe me comenta que opta por no seguir, el desconocimiento de dicha cresta y las malas condiciones le hacen desistir de seguir adelante. Todos los dem\u00e1s pensamos y decidimos lo mismo; solo llegaremos al hito principal de la cumbre del Sobrestiva y bajaremos a la Caba\u00f1a de La Estiva desandando el camino.<\/p>\n<p>Solo un peque\u00f1o paso de cramp\u00f3n queda para llegar a esta cima. No es un paso complicado pero si emocionante y vertical. Le da su toque de adrenalina a esta peculiar subida. Una vez arriba, la t\u00edpica foto, con el fondo hac\u00eda el escondido y nublado macizo de Monte Perdido. \u00a1L\u00e1stima! Las vistas desde all\u00ed en un d\u00eda despejado deben de ser impresionantes. Miguel \u00c1ngel y yo llegamos los \u00faltimos pero no esperamos m\u00e1s y emprendemos la bajada enseguida. El fr\u00edo y el mal tiempo hacen que desconfiemos de la estabilidad del momento, no sea que nos cubran las nubes, empiece a nevar y no veamos la huella de vuelta.<\/p>\n<div id=\"attachment_27581\" style=\"width: 1034px\" class=\"wp-caption aligncenter\"><a class=\"dt-single-image\" href=\"https:\/\/www.monta\u00f1asdelaluna.es\/wp-content\/uploads\/2016\/03\/Pineta14-001.jpg\" data-dt-img-description=\"\"><img loading=\"lazy\" decoding=\"async\" aria-describedby=\"caption-attachment-27581\" class=\"wp-image-27581 size-large\" src=\"https:\/\/www.monta\u00f1asdelaluna.es\/wp-content\/uploads\/2016\/03\/Pineta14-001-1024x681.jpg\" alt=\"Joaqu\u00edn subiendo al Sobrestiva o Punta del G\u00fcerto\" width=\"1024\" height=\"681\" srcset=\"https:\/\/www.monta\u00f1asdelaluna.es\/wp-content\/uploads\/2016\/03\/Pineta14-001-1024x681.jpg 1024w, https:\/\/www.monta\u00f1asdelaluna.es\/wp-content\/uploads\/2016\/03\/Pineta14-001-300x199.jpg 300w, https:\/\/www.monta\u00f1asdelaluna.es\/wp-content\/uploads\/2016\/03\/Pineta14-001.jpg 1808w\" sizes=\"auto, (max-width: 1024px) 100vw, 1024px\" \/><\/a><p id=\"caption-attachment-27581\" class=\"wp-caption-text\">Joaqu\u00edn subiendo al Sobrestiva o Punta del G\u00fcerto<\/p><\/div>\n<p>Una vez en la caba\u00f1a decidimos recoger y volver para dormir en el refugio de abajo, en La Larri. La mayor\u00eda de las veces mis compa\u00f1eros cuando no pueden realizar una actividad por las condiciones atmosf\u00e9ricas o externas ajenas al grupo, no entienden que hacen en un lugar en el que no pueden hacer nada, sin embargo es importante saber disfrutar del paisaje, del momento, con el hecho de, solamente, sentarte en la nieve y observar el paso del tiempo con un fondo de pantalla bell\u00edsimo e inh\u00f3spito a la vez, y pensar en la vida, en lo insulsa, mon\u00f3tona y poco emocionante que ser\u00eda sin esos peque\u00f1os ratos en la monta\u00f1a, en el para\u00edso. Quiz\u00e1s sea que yo soy un rom\u00e1ntico perdido apasionado por la monta\u00f1a, y la nostalgia y melancol\u00eda monta\u00f1era superan a las ganas de bajar a la civilizaci\u00f3n, a las prisas, preocupaciones, rutina&#8230; Quiz\u00e1s est\u00e9 algo loco; pero creo que es la locura m\u00e1s sana y natural que conozco.<\/p>\n<p>Otra vez el mochil\u00f3n a cuestas y camino de la Caba\u00f1a de La Larri. La bajada se hace m\u00e1s amena y corta, y en relativo poco tiempo. Ya en la Caba\u00f1a de La Larri, los catalanes segu\u00edan all\u00ed. El que iba a subir el Aconcagua ven\u00eda de los lejanos Lagos de La Munia, prepar\u00e1ndose y entren\u00e1ndose; y el de Cornell\u00e1 segu\u00eda hablando de los Estopa.<\/p>\n<div id=\"attachment_27582\" style=\"width: 1034px\" class=\"wp-caption aligncenter\"><a class=\"dt-single-image\" href=\"https:\/\/www.monta\u00f1asdelaluna.es\/wp-content\/uploads\/2016\/03\/Pineta15-001.jpg\" data-dt-img-description=\"\"><img loading=\"lazy\" decoding=\"async\" aria-describedby=\"caption-attachment-27582\" class=\"wp-image-27582 size-large\" src=\"https:\/\/www.monta\u00f1asdelaluna.es\/wp-content\/uploads\/2016\/03\/Pineta15-001-1024x702.jpg\" alt=\"Subiendo al Sobrestiva o Punta del G\u00fcerto, abajo el Valle de Pineta\" width=\"1024\" height=\"702\" srcset=\"https:\/\/www.monta\u00f1asdelaluna.es\/wp-content\/uploads\/2016\/03\/Pineta15-001-1024x702.jpg 1024w, https:\/\/www.monta\u00f1asdelaluna.es\/wp-content\/uploads\/2016\/03\/Pineta15-001-300x206.jpg 300w, https:\/\/www.monta\u00f1asdelaluna.es\/wp-content\/uploads\/2016\/03\/Pineta15-001.jpg 1823w\" sizes=\"auto, (max-width: 1024px) 100vw, 1024px\" \/><\/a><p id=\"caption-attachment-27582\" class=\"wp-caption-text\">Subiendo al Sobrestiva o Punta del G\u00fcerto, abajo el Valle de Pineta<\/p><\/div>\n<p>Una pareja se hab\u00eda unido a nuestro grupo para pasar la noche con nosotros. Eran un padre y su joven hijo de Zaragoza. Bajaban con el catal\u00e1n de los Lagos de La Munia. Parec\u00edan cansados pero llevaban buen material; estaban preparados para la alta monta\u00f1a. Mientras nosotros prepar\u00e1bamos la cena y cen\u00e1bamos, \u00e9stos se hab\u00edan cambiado de peto, pantal\u00f3n, chaqueta y ropa de abrigo; se hab\u00edan metido el saco hasta la cintura y se sentaron en el suelo con la espalda apoyada en la pared sin mediar palabra ni entre ellos ni con nosotros. Al cabo de un tiempo nosotros nos dispon\u00edamos a jugar al \u201cmichigan\u201d de despu\u00e9s de la cena y antes de dormirnos el padre le dec\u00eda al hijo si ya preparaban la cena; entonces sacaron unos utensilios de cocina y hornillo muy pr\u00e1cticos y t\u00e9cnicos, de alta monta\u00f1a me parec\u00edan a mi&#8230; y caros. Nunca volv\u00ed a ver un ritual o costumbre como aquella. No tiene nada de especial o extra\u00f1o, pero les recuerdo a los dos en medio de la penumbra del atardecer, cerca de la puerta del refugio, sentados observ\u00e1ndonos y dormitando. Fue una an\u00e9cdota curiosa que me llam\u00f3 la atenci\u00f3n. No se mostraban muy sociables, quiz\u00e1s por culpa del cansancio, y parec\u00edan que viv\u00edan en un mundo aparte del nuestro, como si fueran extra\u00f1os habitantes de otro planeta que ven\u00edan de visita&#8230; Digo esto por que ni si quiera los extranjeros que he visto, del pa\u00eds que fuera, ten\u00edan costumbres o acciones tan curiosas como para que se me hubieran quedado tan grabadas en el recuerdo.<\/p>\n<div id=\"attachment_27583\" style=\"width: 1034px\" class=\"wp-caption aligncenter\"><a class=\"dt-single-image\" href=\"https:\/\/www.monta\u00f1asdelaluna.es\/wp-content\/uploads\/2016\/03\/Pineta16-001.jpg\" data-dt-img-description=\"\"><img loading=\"lazy\" decoding=\"async\" aria-describedby=\"caption-attachment-27583\" class=\"wp-image-27583 size-large\" src=\"https:\/\/www.monta\u00f1asdelaluna.es\/wp-content\/uploads\/2016\/03\/Pineta16-001-1024x689.jpg\" alt=\"Joaqu\u00edn en la Sobrestiva o Punta del G\u00fcerto, 2.541 mts.\" width=\"1024\" height=\"689\" srcset=\"https:\/\/www.monta\u00f1asdelaluna.es\/wp-content\/uploads\/2016\/03\/Pineta16-001-1024x689.jpg 1024w, https:\/\/www.monta\u00f1asdelaluna.es\/wp-content\/uploads\/2016\/03\/Pineta16-001-300x202.jpg 300w, https:\/\/www.monta\u00f1asdelaluna.es\/wp-content\/uploads\/2016\/03\/Pineta16-001.jpg 1822w\" sizes=\"auto, (max-width: 1024px) 100vw, 1024px\" \/><\/a><p id=\"caption-attachment-27583\" class=\"wp-caption-text\">Joaqu\u00edn en la Sobrestiva o Punta del G\u00fcerto, 2.541 mts.<\/p><\/div>\n<p>Al otro d\u00eda bajamos directos al coche aparcado en el Parador Nacional de Monte Perdido. El mal tiempo y las suaves temperaturas, ahora en el fondo del valle, hab\u00edan impedido, ni siquiera, poder ver con toda su majestuosidad y belleza al gigante en el centro de Las Tres Sopores, la cara norte de Monte Perdido. Pero el valle me encant\u00f3 y decid\u00ed volver alg\u00fan otro a\u00f1o e intentar de nuevo la subida al Balc\u00f3n de Pineta y a Monte Perdido por esta vertiente. Realmente es un valle que despierta en m\u00ed una fascinaci\u00f3n especial.<\/p>\n<div id=\"attachment_27592\" style=\"width: 750px\" class=\"wp-caption aligncenter\"><a class=\"dt-single-image\" href=\"https:\/\/www.monta\u00f1asdelaluna.es\/wp-content\/uploads\/2000\/12\/Pineta-1\u00ba-a\u00f1o.jpg\" data-dt-img-description=\"\"><img loading=\"lazy\" decoding=\"async\" aria-describedby=\"caption-attachment-27592\" class=\"wp-image-27592 size-full\" src=\"https:\/\/www.monta\u00f1asdelaluna.es\/wp-content\/uploads\/2000\/12\/Pineta-1\u00ba-a\u00f1o.jpg\" alt=\"Croquis del recorrido entre Lalarri, Estiva y Sobrestiva\" width=\"740\" height=\"678\" srcset=\"https:\/\/www.monta\u00f1asdelaluna.es\/wp-content\/uploads\/2000\/12\/Pineta-1\u00ba-a\u00f1o.jpg 740w, https:\/\/www.monta\u00f1asdelaluna.es\/wp-content\/uploads\/2000\/12\/Pineta-1\u00ba-a\u00f1o-300x275.jpg 300w\" sizes=\"auto, (max-width: 740px) 100vw, 740px\" \/><\/a><p id=\"caption-attachment-27592\" class=\"wp-caption-text\">Croquis del recorrido entre Lalarri, Estiva y Sobrestiva<\/p><\/div>\n<p>[vc_separator][\/vc_column_text][\/vc_column][\/vc_row][vc_row][vc_column][vc_empty_space height=\u00bb60px\u00bb][\/vc_column][\/vc_row][vc_row][vc_column][vc_cta h2=\u00bb\u00c1lbum de fotos\u00bb txt_align=\u00bbcenter\u00bb add_button=\u00bbbottom\u00bb btn_title=\u00bbVer fotos\u00bb btn_color=\u00bbwarning\u00bb btn_align=\u00bbcenter\u00bb btn_link=\u00bburl:https%3A%2F%2Fmonta%C3%B1asdelaluna.es%2F%3Fdt_gallery%3Dvalle-de-pineta-un-circo-imposible-2|title:Valle%20de%20Pineta.%20Un%20circo%20imposible|target:_blank\u00bb css=\u00bb.vc_custom_1625754409585{background-color: #8bc4ed !important;}\u00bb]Puedes ver todas las fotos del relato y actividad en forma de presentaci\u00f3n o individuales pinchando aqui \u00a1No te las pierdas![\/vc_cta][\/vc_column][\/vc_row][vc_row][vc_column][vc_empty_space height=\u00bb60px\u00bb][\/vc_column][\/vc_row][vc_row][vc_column width=\u00bb1\/6&#8243;][\/vc_column][vc_column width=\u00bb1\/3&#8243;][vc_column_text]Tiempo en Refugio de Pineta[\/vc_column_text][vc_raw_html]JTNDaWZyYW1lJTIwc3JjJTNEJTIyaHR0cHMlM0ElMkYlMkZ3d3cubWV0ZW9ibHVlLmNvbSUyRmVzJTJGdGllbXBvJTJGd2lkZ2V0JTJGZGFpbHklMkY0Mi42NjZOMC4xMDJFJTNGZ2VvbG9jJTNEZml4ZWQlMjZkYXlzJTNENyUyNnRlbXB1bml0JTNEQ0VMU0lVUyUyNndpbmR1bml0JTNES0lMT01FVEVSX1BFUl9IT1VSJTI2Y29sb3VyZWQlM0Rjb2xvdXJlZCUyNnBpY3RvaWNvbiUzRDElMjZtYXh0ZW1wZXJhdHVyZSUzRDElMjZtaW50ZW1wZXJhdHVyZSUzRDElMjZ3aW5kc3BlZWQlM0QxJTI2d2luZGd1c3QlM0QxJTI2d2luZGRpcmVjdGlvbiUzRDElMjZwcmVjaXBpdGF0aW9uJTNEMSUyNnByZWNpcGl0YXRpb25wcm9iYWJpbGl0eSUzRDElMjZzcG90JTNEMSUyNnByZXNzdXJlJTNEMSUyNmxheW91dCUzRGxpZ2h0JTIyJTIwJTIwZnJhbWVib3JkZXIlM0QlMjIwJTIyJTIwc2Nyb2xsaW5nJTNEJTIyTk8lMjIlMjBhbGxvd3RyYW5zcGFyZW5jeSUzRCUyMnRydWUlMjIlMjBzYW5kYm94JTNEJTIyYWxsb3ctc2FtZS1vcmlnaW4lMjBhbGxvdy1zY3JpcHRzJTIwYWxsb3ctcG9wdXBzJTIyJTIwc3R5bGUlM0QlMjJ3aWR0aCUzQSUyMDM3OHB4JTNCaGVpZ2h0JTNBJTIwNDExcHglMjIlM0UlM0MlMkZpZnJhbWUlM0UlM0NkaXYlM0UlM0MlMjEtLSUyMERPJTIwTk9UJTIwUkVNT1ZFJTIwVEhJUyUyMExJTkslMjAtLSUzRSUzQ2ElMjBocmVmJTNEJTIyaHR0cHMlM0ElMkYlMkZ3d3cubWV0ZW9ibHVlLmNvbSUyRmVzJTJGdGllbXBvJTJGcHJvbm9zdGljbyUyRnNlbWFuYSUyRjQyLjY2Nk4wLjEwMkUlM0Z1dG1fc291cmNlJTNEd2VhdGhlcl93aWRnZXQlMjZ1dG1fbWVkaXVtJTNEbGlua3VzJTI2dXRtX2NvbnRlbnQlM0RkYWlseSUyNnV0bV9jYW1wYWlnbiUzRFdlYXRoZXIlMjUyQldpZGdldCUyMiUyMHRhcmdldCUzRCUyMl9ibGFuayUyMiUzRW1ldGVvYmx1ZSUzQyUyRmElM0UlM0MlMkZkaXYlM0U=[\/vc_raw_html][\/vc_column][vc_column width=\u00bb1\/3&#8243;][vc_column_text]Tiempo en Sobrestiva[\/vc_column_text][vc_raw_html]JTNDaWZyYW1lJTIwc3JjJTNEJTIyaHR0cHMlM0ElMkYlMkZ3d3cubWV0ZW9ibHVlLmNvbSUyRmVzJTJGdGllbXBvJTJGd2lkZ2V0JTJGZGFpbHklMkY0Mi42OU4wLjExRSUzRmdlb2xvYyUzRGZpeGVkJTI2ZGF5cyUzRDclMjZ0ZW1wdW5pdCUzRENFTFNJVVMlMjZ3aW5kdW5pdCUzREtJTE9NRVRFUl9QRVJfSE9VUiUyNmNvbG91cmVkJTNEY29sb3VyZWQlMjZwaWN0b2ljb24lM0QxJTI2bWF4dGVtcGVyYXR1cmUlM0QxJTI2bWludGVtcGVyYXR1cmUlM0QxJTI2d2luZHNwZWVkJTNEMSUyNndpbmRndXN0JTNEMSUyNndpbmRkaXJlY3Rpb24lM0QxJTI2cHJlY2lwaXRhdGlvbiUzRDElMjZwcmVjaXBpdGF0aW9ucHJvYmFiaWxpdHklM0QxJTI2c3BvdCUzRDElMjZwcmVzc3VyZSUzRDElMjZsYXlvdXQlM0RsaWdodCUyMiUyMCUyMGZyYW1lYm9yZGVyJTNEJTIyMCUyMiUyMHNjcm9sbGluZyUzRCUyMk5PJTIyJTIwYWxsb3d0cmFuc3BhcmVuY3klM0QlMjJ0cnVlJTIyJTIwc2FuZGJveCUzRCUyMmFsbG93LXNhbWUtb3JpZ2luJTIwYWxsb3ctc2NyaXB0cyUyMGFsbG93LXBvcHVwcyUyMiUyMHN0eWxlJTNEJTIyd2lkdGglM0ElMjAzNzhweCUzQmhlaWdodCUzQSUyMDQxMXB4JTIyJTNFJTNDJTJGaWZyYW1lJTNFJTNDZGl2JTNFJTNDJTIxLS0lMjBETyUyME5PVCUyMFJFTU9WRSUyMFRISVMlMjBMSU5LJTIwLS0lM0UlM0NhJTIwaHJlZiUzRCUyMmh0dHBzJTNBJTJGJTJGd3d3Lm1ldGVvYmx1ZS5jb20lMkZlcyUyRnRpZW1wbyUyRnByb25vc3RpY28lMkZzZW1hbmElMkY0Mi42OU4wLjExRSUzRnV0bV9zb3VyY2UlM0R3ZWF0aGVyX3dpZGdldCUyNnV0bV9tZWRpdW0lM0RsaW5rdXMlMjZ1dG1fY29udGVudCUzRGRhaWx5JTI2dXRtX2NhbXBhaWduJTNEV2VhdGhlciUyNTJCV2lkZ2V0JTIyJTIwdGFyZ2V0JTNEJTIyX2JsYW5rJTIyJTNFbWV0ZW9ibHVlJTNDJTJGYSUzRSUzQyUyRmRpdiUzRQ==[\/vc_raw_html][\/vc_column][vc_column width=\u00bb1\/6&#8243;][\/vc_column][\/vc_row]<\/p>\n","protected":false},"excerpt":{"rendered":"<p>[vc_row][vc_column][vc_column_text]El Valle de Pineta al igual que el Valle de Gista\u00edn son lugares que me atra\u00edan sin conocerlos. Solamente por su forma y dibujo en el mapa cartogr\u00e1fico hac\u00eda que me imaginara una geograf\u00eda interesante y atrayente. En el caso del Valle de Pineta ve\u00eda un profundo, ancho y largo corredor rodeado, sobre todo en&hellip;<\/p>\n","protected":false},"author":1,"featured_media":27579,"comment_status":"open","ping_status":"open","sticky":false,"template":"","format":"standard","meta":[],"categories":[126],"tags":[],"class_list":["post-27590","post","type-post","status-publish","format-standard","has-post-thumbnail","hentry","category-valle-del-cinca","category-126","description-off"],"_links":{"self":[{"href":"https:\/\/www.monta\u00f1asdelaluna.es\/index.php?rest_route=\/wp\/v2\/posts\/27590","targetHints":{"allow":["GET"]}}],"collection":[{"href":"https:\/\/www.monta\u00f1asdelaluna.es\/index.php?rest_route=\/wp\/v2\/posts"}],"about":[{"href":"https:\/\/www.monta\u00f1asdelaluna.es\/index.php?rest_route=\/wp\/v2\/types\/post"}],"author":[{"embeddable":true,"href":"https:\/\/www.monta\u00f1asdelaluna.es\/index.php?rest_route=\/wp\/v2\/users\/1"}],"replies":[{"embeddable":true,"href":"https:\/\/www.monta\u00f1asdelaluna.es\/index.php?rest_route=%2Fwp%2Fv2%2Fcomments&post=27590"}],"version-history":[{"count":9,"href":"https:\/\/www.monta\u00f1asdelaluna.es\/index.php?rest_route=\/wp\/v2\/posts\/27590\/revisions"}],"predecessor-version":[{"id":50106,"href":"https:\/\/www.monta\u00f1asdelaluna.es\/index.php?rest_route=\/wp\/v2\/posts\/27590\/revisions\/50106"}],"wp:featuredmedia":[{"embeddable":true,"href":"https:\/\/www.monta\u00f1asdelaluna.es\/index.php?rest_route=\/wp\/v2\/media\/27579"}],"wp:attachment":[{"href":"https:\/\/www.monta\u00f1asdelaluna.es\/index.php?rest_route=%2Fwp%2Fv2%2Fmedia&parent=27590"}],"wp:term":[{"taxonomy":"category","embeddable":true,"href":"https:\/\/www.monta\u00f1asdelaluna.es\/index.php?rest_route=%2Fwp%2Fv2%2Fcategories&post=27590"},{"taxonomy":"post_tag","embeddable":true,"href":"https:\/\/www.monta\u00f1asdelaluna.es\/index.php?rest_route=%2Fwp%2Fv2%2Ftags&post=27590"}],"curies":[{"name":"wp","href":"https:\/\/api.w.org\/{rel}","templated":true}]}}